{"id":5675,"date":"2025-01-26T13:25:20","date_gmt":"2025-01-26T18:25:20","guid":{"rendered":"https:\/\/tuguia.combarranquilla.co\/Revista\/?p=5675"},"modified":"2025-05-14T14:11:54","modified_gmt":"2025-05-14T19:11:54","slug":"energias-renovables-la-clave-para-un-futuro-sostenible","status":"publish","type":"post","link":"https:\/\/tuguia.combarranquilla.co\/Revista\/energias-renovables-la-clave-para-un-futuro-sostenible\/","title":{"rendered":"Energ\u00edas renovables: La clave para un futuro sostenible."},"content":{"rendered":"\n<p>En el <strong>D\u00eda Mundial de la Educaci\u00f3n Ambiental y la Energ\u00eda Limpia<\/strong>, queremos reflexionar sobre la importancia de estas alternativas para garantizar un futuro m\u00e1s sostenible. Desde <strong>Imagenia<\/strong>, te invitamos a aprender, explorar y sumergirte en el fascinante mundo de las energ\u00edas renovables.<\/p>\n\n\n\n<h2 class=\"wp-block-heading has-medium-font-size\"><strong>\u00bfPor qu\u00e9 son tan relevantes las energ\u00edas limpias?<\/strong><\/h2>\n\n\n\n<p>Las energ\u00edas renovables son esenciales porque nos ayudan a reducir el impacto ambiental generado por el uso de combustibles f\u00f3siles, como el carb\u00f3n y el petr\u00f3leo. Estas fuentes de energ\u00eda, adem\u00e1s de ser amigables con el medio ambiente, son inagotables, lo que las convierte en una soluci\u00f3n viable y sostenible a largo plazo.<\/p>\n\n\n\n<p>Desde tiempos antiguos, los seres humanos han utilizado fuentes naturales de energ\u00eda: el viento para navegar, el agua para mover molinos y el Sol para secar alimentos. Sin embargo, con la <strong>Revoluci\u00f3n Industrial<\/strong>, el incremento de la demanda energ\u00e9tica y el consecuente impacto ambiental impulsaron la b\u00fasqueda de alternativas m\u00e1s limpias.<\/p>\n\n\n\n<p><\/p>\n\n\n\n<p>La <strong>crisis del petr\u00f3leo<\/strong> y la creciente preocupaci\u00f3n por el cambio clim\u00e1tico llevaron a la creaci\u00f3n de acuerdos internacionales como el <strong>Protocolo de Kioto en 1997<\/strong>, que marc\u00f3 un hito en la promoci\u00f3n de energ\u00edas renovables. Estas tecnolog\u00edas han evolucionado enormemente, y hoy en d\u00eda contamos con sistemas m\u00e1s eficientes y accesibles.<\/p>\n\n\n\n<p>En <strong>Imagenia<\/strong>, hemos dedicado un espacio interactivo para que puedas aprender m\u00e1s sobre estas fuentes de energ\u00eda:<\/p>\n\n\n\n<ul class=\"wp-block-list\">\n<li><strong>Energ\u00eda solar<\/strong>: Captura la luz del Sol a trav\u00e9s de paneles solares, transform\u00e1ndola en electricidad de manera eficiente y sostenible.<\/li>\n\n\n\n<li><strong>Energ\u00eda e\u00f3lica<\/strong>: Utiliza la fuerza del viento para generar energ\u00eda el\u00e9ctrica, inspir\u00e1ndose en las t\u00e9cnicas que nuestros antepasados usaban para navegar o mover molinos.<\/li>\n\n\n\n<li><strong>Energ\u00eda hidr\u00e1ulica<\/strong>: Aprovecha el movimiento del agua para producir energ\u00eda limpia y eficiente.<\/li>\n\n\n\n<li><strong>Energ\u00eda biomasa<\/strong>: Se obtiene de la combusti\u00f3n de materia org\u00e1nica, transform\u00e1ndola en una fuente natural de energ\u00eda con diversas aplicaciones.<\/li>\n<\/ul>\n\n\n\n<h2 class=\"wp-block-heading has-medium-font-size\"><strong>Un espacio para aprender y descubrir<\/strong><\/h2>\n\n\n\n<p>En <strong>Imagenia<\/strong>, exploramos no solo el funcionamiento de estas energ\u00edas, sino tambi\u00e9n c\u00f3mo se aplican en nuestra vida diaria y por qu\u00e9 son tan importantes para el futuro de la humanidad.<\/p>\n\n\n\n<p>\u00bfQu\u00e9 est\u00e1s esperando para descubrir c\u00f3mo las energ\u00edas renovables est\u00e1n cambiando el mundo? Te esperamos en <strong>Imagenia,<\/strong> donde aprender\u00e1s de manera divertida y educativa sobre las energ\u00edas que impulsar\u00e1n el futuro de nuestro planeta.<\/p>\n\n\n\n<p>\ud83d\uddd3\ufe0f <strong>Funciones disponibles<\/strong>: Todos los viernes y s\u00e1bados.<br>\ud83d\uddfa\ufe0f <strong>Ubicaci\u00f3n<\/strong>: Unidad Boston, Combarranquilla.<\/p>\n\n\n\n<p><\/p>\n","protected":false},"excerpt":{"rendered":"<p>En el D\u00eda Mundial de la Educaci\u00f3n Ambiental y la Energ\u00eda Limpia, queremos reflexionar sobre la importancia de estas alternativas para garantizar un futuro m\u00e1s sostenible. Desde Imagenia, te invitamos a aprender, explorar y sumergirte en el fascinante mundo de las energ\u00edas renovables. \u00bfPor qu\u00e9 son tan relevantes las energ\u00edas limpias? Las energ\u00edas renovables son [&hellip;]<\/p>\n","protected":false},"author":2,"featured_media":5677,"comment_status":"open","ping_status":"open","sticky":false,"template":"","format":"standard","meta":{"inline_featured_image":false,"footnotes":""},"categories":[4],"tags":[],"class_list":["post-5675","post","type-post","status-publish","format-standard","has-post-thumbnail","hentry","category-ciencia-y-cultura"],"yoast_head":"<!-- This site is optimized with the Yoast SEO plugin v27.4 - https:\/\/yoast.com\/product\/yoast-seo-wordpress\/ -->\n<title>Energ\u00edas renovables: La clave para un futuro sostenible. - Tu Gu\u00eda<\/title>\n<meta name=\"robots\" content=\"index, follow, max-snippet:-1, max-image-preview:large, max-video-preview:-1\" \/>\n<link rel=\"canonical\" href=\"https:\/\/tuguia.combarranquilla.co\/Revista\/energias-renovables-la-clave-para-un-futuro-sostenible\/\" \/>\n<meta property=\"og:locale\" content=\"es_ES\" \/>\n<meta property=\"og:type\" content=\"article\" \/>\n<meta property=\"og:title\" content=\"Energ\u00edas renovables: La clave para un futuro sostenible. - Tu Gu\u00eda\" \/>\n<meta property=\"og:description\" content=\"En el D\u00eda Mundial de la Educaci\u00f3n Ambiental y la Energ\u00eda Limpia, queremos reflexionar sobre la importancia de estas alternativas para garantizar un futuro m\u00e1s sostenible. Desde Imagenia, te invitamos a aprender, explorar y sumergirte en el fascinante mundo de las energ\u00edas renovables. \u00bfPor qu\u00e9 son tan relevantes las energ\u00edas limpias? Las energ\u00edas renovables son [&hellip;]\" \/>\n<meta property=\"og:url\" content=\"https:\/\/tuguia.combarranquilla.co\/Revista\/energias-renovables-la-clave-para-un-futuro-sostenible\/\" \/>\n<meta property=\"og:site_name\" content=\"Tu Gu\u00eda\" \/>\n<meta property=\"article:published_time\" content=\"2025-01-26T18:25:20+00:00\" \/>\n<meta property=\"article:modified_time\" content=\"2025-05-14T19:11:54+00:00\" \/>\n<meta property=\"og:image\" content=\"https:\/\/tuguia.combarranquilla.co\/Revista\/wp-content\/uploads\/2025\/01\/male-hand-holding-earth-glass-bulb-scaled.jpg\" \/>\n\t<meta property=\"og:image:width\" content=\"2560\" \/>\n\t<meta property=\"og:image:height\" content=\"1707\" \/>\n\t<meta property=\"og:image:type\" content=\"image\/jpeg\" \/>\n<meta name=\"author\" content=\"Comunicaciones Combarranquilla\" \/>\n<meta name=\"twitter:card\" content=\"summary_large_image\" \/>\n<meta name=\"twitter:label1\" content=\"Escrito por\" \/>\n\t<meta name=\"twitter:data1\" content=\"Comunicaciones Combarranquilla\" \/>\n\t<meta name=\"twitter:label2\" content=\"Tiempo de lectura\" \/>\n\t<meta name=\"twitter:data2\" content=\"2 minutos\" \/>\n<script type=\"application\/ld+json\" class=\"yoast-schema-graph\">{\"@context\":\"https:\\\/\\\/schema.org\",\"@graph\":[{\"@type\":\"Article\",\"@id\":\"https:\\\/\\\/tuguia.combarranquilla.co\\\/Revista\\\/energias-renovables-la-clave-para-un-futuro-sostenible\\\/#article\",\"isPartOf\":{\"@id\":\"https:\\\/\\\/tuguia.combarranquilla.co\\\/Revista\\\/energias-renovables-la-clave-para-un-futuro-sostenible\\\/\"},\"author\":{\"name\":\"Comunicaciones Combarranquilla\",\"@id\":\"https:\\\/\\\/tuguia.combarranquilla.co\\\/Revista\\\/#\\\/schema\\\/person\\\/c2c396a77170bd1d5f8ba73294eb0d10\"},\"headline\":\"Energ\u00edas renovables: La clave para un futuro sostenible.\",\"datePublished\":\"2025-01-26T18:25:20+00:00\",\"dateModified\":\"2025-05-14T19:11:54+00:00\",\"mainEntityOfPage\":{\"@id\":\"https:\\\/\\\/tuguia.combarranquilla.co\\\/Revista\\\/energias-renovables-la-clave-para-un-futuro-sostenible\\\/\"},\"wordCount\":449,\"commentCount\":0,\"publisher\":{\"@id\":\"https:\\\/\\\/tuguia.combarranquilla.co\\\/Revista\\\/#organization\"},\"image\":{\"@id\":\"https:\\\/\\\/tuguia.combarranquilla.co\\\/Revista\\\/energias-renovables-la-clave-para-un-futuro-sostenible\\\/#primaryimage\"},\"thumbnailUrl\":\"https:\\\/\\\/tuguia.combarranquilla.co\\\/Revista\\\/wp-content\\\/uploads\\\/2025\\\/01\\\/male-hand-holding-earth-glass-bulb-scaled.jpg\",\"articleSection\":[\"CIENCIA Y CULTURA\"],\"inLanguage\":\"es-CO\",\"potentialAction\":[{\"@type\":\"CommentAction\",\"name\":\"Comment\",\"target\":[\"https:\\\/\\\/tuguia.combarranquilla.co\\\/Revista\\\/energias-renovables-la-clave-para-un-futuro-sostenible\\\/#respond\"]}]},{\"@type\":\"WebPage\",\"@id\":\"https:\\\/\\\/tuguia.combarranquilla.co\\\/Revista\\\/energias-renovables-la-clave-para-un-futuro-sostenible\\\/\",\"url\":\"https:\\\/\\\/tuguia.combarranquilla.co\\\/Revista\\\/energias-renovables-la-clave-para-un-futuro-sostenible\\\/\",\"name\":\"Energ\u00edas renovables: La clave para un futuro sostenible. - Tu Gu\u00eda\",\"isPartOf\":{\"@id\":\"https:\\\/\\\/tuguia.combarranquilla.co\\\/Revista\\\/#website\"},\"primaryImageOfPage\":{\"@id\":\"https:\\\/\\\/tuguia.combarranquilla.co\\\/Revista\\\/energias-renovables-la-clave-para-un-futuro-sostenible\\\/#primaryimage\"},\"image\":{\"@id\":\"https:\\\/\\\/tuguia.combarranquilla.co\\\/Revista\\\/energias-renovables-la-clave-para-un-futuro-sostenible\\\/#primaryimage\"},\"thumbnailUrl\":\"https:\\\/\\\/tuguia.combarranquilla.co\\\/Revista\\\/wp-content\\\/uploads\\\/2025\\\/01\\\/male-hand-holding-earth-glass-bulb-scaled.jpg\",\"datePublished\":\"2025-01-26T18:25:20+00:00\",\"dateModified\":\"2025-05-14T19:11:54+00:00\",\"breadcrumb\":{\"@id\":\"https:\\\/\\\/tuguia.combarranquilla.co\\\/Revista\\\/energias-renovables-la-clave-para-un-futuro-sostenible\\\/#breadcrumb\"},\"inLanguage\":\"es-CO\",\"potentialAction\":[{\"@type\":\"ReadAction\",\"target\":[\"https:\\\/\\\/tuguia.combarranquilla.co\\\/Revista\\\/energias-renovables-la-clave-para-un-futuro-sostenible\\\/\"]}]},{\"@type\":\"ImageObject\",\"inLanguage\":\"es-CO\",\"@id\":\"https:\\\/\\\/tuguia.combarranquilla.co\\\/Revista\\\/energias-renovables-la-clave-para-un-futuro-sostenible\\\/#primaryimage\",\"url\":\"https:\\\/\\\/tuguia.combarranquilla.co\\\/Revista\\\/wp-content\\\/uploads\\\/2025\\\/01\\\/male-hand-holding-earth-glass-bulb-scaled.jpg\",\"contentUrl\":\"https:\\\/\\\/tuguia.combarranquilla.co\\\/Revista\\\/wp-content\\\/uploads\\\/2025\\\/01\\\/male-hand-holding-earth-glass-bulb-scaled.jpg\",\"width\":2560,\"height\":1707},{\"@type\":\"BreadcrumbList\",\"@id\":\"https:\\\/\\\/tuguia.combarranquilla.co\\\/Revista\\\/energias-renovables-la-clave-para-un-futuro-sostenible\\\/#breadcrumb\",\"itemListElement\":[{\"@type\":\"ListItem\",\"position\":1,\"name\":\"Inicio\",\"item\":\"https:\\\/\\\/tuguia.combarranquilla.co\\\/Revista\\\/\"},{\"@type\":\"ListItem\",\"position\":2,\"name\":\"Energ\u00edas renovables: La clave para un futuro sostenible.\"}]},{\"@type\":\"WebSite\",\"@id\":\"https:\\\/\\\/tuguia.combarranquilla.co\\\/Revista\\\/#website\",\"url\":\"https:\\\/\\\/tuguia.combarranquilla.co\\\/Revista\\\/\",\"name\":\"Tu Gu\u00eda\",\"description\":\"La revista donde lo tienes todo.\",\"publisher\":{\"@id\":\"https:\\\/\\\/tuguia.combarranquilla.co\\\/Revista\\\/#organization\"},\"alternateName\":\"Tu Gu\u00eda Combarranquilla\",\"potentialAction\":[{\"@type\":\"SearchAction\",\"target\":{\"@type\":\"EntryPoint\",\"urlTemplate\":\"https:\\\/\\\/tuguia.combarranquilla.co\\\/Revista\\\/?s={search_term_string}\"},\"query-input\":{\"@type\":\"PropertyValueSpecification\",\"valueRequired\":true,\"valueName\":\"search_term_string\"}}],\"inLanguage\":\"es-CO\"},{\"@type\":\"Organization\",\"@id\":\"https:\\\/\\\/tuguia.combarranquilla.co\\\/Revista\\\/#organization\",\"name\":\"Tu Gu\u00eda Combarranquilla\",\"url\":\"https:\\\/\\\/tuguia.combarranquilla.co\\\/Revista\\\/\",\"logo\":{\"@type\":\"ImageObject\",\"inLanguage\":\"es-CO\",\"@id\":\"https:\\\/\\\/tuguia.combarranquilla.co\\\/Revista\\\/#\\\/schema\\\/logo\\\/image\\\/\",\"url\":\"https:\\\/\\\/tuguia.combarranquilla.co\\\/Revista\\\/wp-content\\\/uploads\\\/2022\\\/02\\\/logo-guia-combarranquilla.svg\",\"contentUrl\":\"https:\\\/\\\/tuguia.combarranquilla.co\\\/Revista\\\/wp-content\\\/uploads\\\/2022\\\/02\\\/logo-guia-combarranquilla.svg\",\"caption\":\"Tu Gu\u00eda Combarranquilla\"},\"image\":{\"@id\":\"https:\\\/\\\/tuguia.combarranquilla.co\\\/Revista\\\/#\\\/schema\\\/logo\\\/image\\\/\"}},{\"@type\":\"Person\",\"@id\":\"https:\\\/\\\/tuguia.combarranquilla.co\\\/Revista\\\/#\\\/schema\\\/person\\\/c2c396a77170bd1d5f8ba73294eb0d10\",\"name\":\"Comunicaciones Combarranquilla\",\"image\":{\"@type\":\"ImageObject\",\"inLanguage\":\"es-CO\",\"@id\":\"https:\\\/\\\/tuguia.combarranquilla.co\\\/Revista\\\/wp-content\\\/uploads\\\/2025\\\/05\\\/ABC-Al-Rojo-Logo-96x96.jpg\",\"url\":\"https:\\\/\\\/tuguia.combarranquilla.co\\\/Revista\\\/wp-content\\\/uploads\\\/2025\\\/05\\\/ABC-Al-Rojo-Logo-96x96.jpg\",\"contentUrl\":\"https:\\\/\\\/tuguia.combarranquilla.co\\\/Revista\\\/wp-content\\\/uploads\\\/2025\\\/05\\\/ABC-Al-Rojo-Logo-96x96.jpg\",\"caption\":\"Comunicaciones Combarranquilla\"},\"sameAs\":[\"https:\\\/\\\/www.combarranquilla.co\"],\"url\":\"https:\\\/\\\/tuguia.combarranquilla.co\\\/Revista\\\/author\\\/comunicaciones\\\/\"}]}<\/script>\n<!-- \/ Yoast SEO plugin. -->","yoast_head_json":{"title":"Energ\u00edas renovables: La clave para un futuro sostenible. - Tu Gu\u00eda","robots":{"index":"index","follow":"follow","max-snippet":"max-snippet:-1","max-image-preview":"max-image-preview:large","max-video-preview":"max-video-preview:-1"},"canonical":"https:\/\/tuguia.combarranquilla.co\/Revista\/energias-renovables-la-clave-para-un-futuro-sostenible\/","og_locale":"es_ES","og_type":"article","og_title":"Energ\u00edas renovables: La clave para un futuro sostenible. - Tu Gu\u00eda","og_description":"En el D\u00eda Mundial de la Educaci\u00f3n Ambiental y la Energ\u00eda Limpia, queremos reflexionar sobre la importancia de estas alternativas para garantizar un futuro m\u00e1s sostenible. Desde Imagenia, te invitamos a aprender, explorar y sumergirte en el fascinante mundo de las energ\u00edas renovables. \u00bfPor qu\u00e9 son tan relevantes las energ\u00edas limpias? Las energ\u00edas renovables son [&hellip;]","og_url":"https:\/\/tuguia.combarranquilla.co\/Revista\/energias-renovables-la-clave-para-un-futuro-sostenible\/","og_site_name":"Tu Gu\u00eda","article_published_time":"2025-01-26T18:25:20+00:00","article_modified_time":"2025-05-14T19:11:54+00:00","og_image":[{"width":2560,"height":1707,"url":"https:\/\/tuguia.combarranquilla.co\/Revista\/wp-content\/uploads\/2025\/01\/male-hand-holding-earth-glass-bulb-scaled.jpg","type":"image\/jpeg"}],"author":"Comunicaciones Combarranquilla","twitter_card":"summary_large_image","twitter_misc":{"Escrito por":"Comunicaciones Combarranquilla","Tiempo de lectura":"2 minutos"},"schema":{"@context":"https:\/\/schema.org","@graph":[{"@type":"Article","@id":"https:\/\/tuguia.combarranquilla.co\/Revista\/energias-renovables-la-clave-para-un-futuro-sostenible\/#article","isPartOf":{"@id":"https:\/\/tuguia.combarranquilla.co\/Revista\/energias-renovables-la-clave-para-un-futuro-sostenible\/"},"author":{"name":"Comunicaciones Combarranquilla","@id":"https:\/\/tuguia.combarranquilla.co\/Revista\/#\/schema\/person\/c2c396a77170bd1d5f8ba73294eb0d10"},"headline":"Energ\u00edas renovables: La clave para un futuro sostenible.","datePublished":"2025-01-26T18:25:20+00:00","dateModified":"2025-05-14T19:11:54+00:00","mainEntityOfPage":{"@id":"https:\/\/tuguia.combarranquilla.co\/Revista\/energias-renovables-la-clave-para-un-futuro-sostenible\/"},"wordCount":449,"commentCount":0,"publisher":{"@id":"https:\/\/tuguia.combarranquilla.co\/Revista\/#organization"},"image":{"@id":"https:\/\/tuguia.combarranquilla.co\/Revista\/energias-renovables-la-clave-para-un-futuro-sostenible\/#primaryimage"},"thumbnailUrl":"https:\/\/tuguia.combarranquilla.co\/Revista\/wp-content\/uploads\/2025\/01\/male-hand-holding-earth-glass-bulb-scaled.jpg","articleSection":["CIENCIA Y CULTURA"],"inLanguage":"es-CO","potentialAction":[{"@type":"CommentAction","name":"Comment","target":["https:\/\/tuguia.combarranquilla.co\/Revista\/energias-renovables-la-clave-para-un-futuro-sostenible\/#respond"]}]},{"@type":"WebPage","@id":"https:\/\/tuguia.combarranquilla.co\/Revista\/energias-renovables-la-clave-para-un-futuro-sostenible\/","url":"https:\/\/tuguia.combarranquilla.co\/Revista\/energias-renovables-la-clave-para-un-futuro-sostenible\/","name":"Energ\u00edas renovables: La clave para un futuro sostenible. - Tu Gu\u00eda","isPartOf":{"@id":"https:\/\/tuguia.combarranquilla.co\/Revista\/#website"},"primaryImageOfPage":{"@id":"https:\/\/tuguia.combarranquilla.co\/Revista\/energias-renovables-la-clave-para-un-futuro-sostenible\/#primaryimage"},"image":{"@id":"https:\/\/tuguia.combarranquilla.co\/Revista\/energias-renovables-la-clave-para-un-futuro-sostenible\/#primaryimage"},"thumbnailUrl":"https:\/\/tuguia.combarranquilla.co\/Revista\/wp-content\/uploads\/2025\/01\/male-hand-holding-earth-glass-bulb-scaled.jpg","datePublished":"2025-01-26T18:25:20+00:00","dateModified":"2025-05-14T19:11:54+00:00","breadcrumb":{"@id":"https:\/\/tuguia.combarranquilla.co\/Revista\/energias-renovables-la-clave-para-un-futuro-sostenible\/#breadcrumb"},"inLanguage":"es-CO","potentialAction":[{"@type":"ReadAction","target":["https:\/\/tuguia.combarranquilla.co\/Revista\/energias-renovables-la-clave-para-un-futuro-sostenible\/"]}]},{"@type":"ImageObject","inLanguage":"es-CO","@id":"https:\/\/tuguia.combarranquilla.co\/Revista\/energias-renovables-la-clave-para-un-futuro-sostenible\/#primaryimage","url":"https:\/\/tuguia.combarranquilla.co\/Revista\/wp-content\/uploads\/2025\/01\/male-hand-holding-earth-glass-bulb-scaled.jpg","contentUrl":"https:\/\/tuguia.combarranquilla.co\/Revista\/wp-content\/uploads\/2025\/01\/male-hand-holding-earth-glass-bulb-scaled.jpg","width":2560,"height":1707},{"@type":"BreadcrumbList","@id":"https:\/\/tuguia.combarranquilla.co\/Revista\/energias-renovables-la-clave-para-un-futuro-sostenible\/#breadcrumb","itemListElement":[{"@type":"ListItem","position":1,"name":"Inicio","item":"https:\/\/tuguia.combarranquilla.co\/Revista\/"},{"@type":"ListItem","position":2,"name":"Energ\u00edas renovables: La clave para un futuro sostenible."}]},{"@type":"WebSite","@id":"https:\/\/tuguia.combarranquilla.co\/Revista\/#website","url":"https:\/\/tuguia.combarranquilla.co\/Revista\/","name":"Tu Gu\u00eda","description":"La revista donde lo tienes todo.","publisher":{"@id":"https:\/\/tuguia.combarranquilla.co\/Revista\/#organization"},"alternateName":"Tu Gu\u00eda Combarranquilla","potentialAction":[{"@type":"SearchAction","target":{"@type":"EntryPoint","urlTemplate":"https:\/\/tuguia.combarranquilla.co\/Revista\/?s={search_term_string}"},"query-input":{"@type":"PropertyValueSpecification","valueRequired":true,"valueName":"search_term_string"}}],"inLanguage":"es-CO"},{"@type":"Organization","@id":"https:\/\/tuguia.combarranquilla.co\/Revista\/#organization","name":"Tu Gu\u00eda Combarranquilla","url":"https:\/\/tuguia.combarranquilla.co\/Revista\/","logo":{"@type":"ImageObject","inLanguage":"es-CO","@id":"https:\/\/tuguia.combarranquilla.co\/Revista\/#\/schema\/logo\/image\/","url":"https:\/\/tuguia.combarranquilla.co\/Revista\/wp-content\/uploads\/2022\/02\/logo-guia-combarranquilla.svg","contentUrl":"https:\/\/tuguia.combarranquilla.co\/Revista\/wp-content\/uploads\/2022\/02\/logo-guia-combarranquilla.svg","caption":"Tu Gu\u00eda Combarranquilla"},"image":{"@id":"https:\/\/tuguia.combarranquilla.co\/Revista\/#\/schema\/logo\/image\/"}},{"@type":"Person","@id":"https:\/\/tuguia.combarranquilla.co\/Revista\/#\/schema\/person\/c2c396a77170bd1d5f8ba73294eb0d10","name":"Comunicaciones Combarranquilla","image":{"@type":"ImageObject","inLanguage":"es-CO","@id":"https:\/\/tuguia.combarranquilla.co\/Revista\/wp-content\/uploads\/2025\/05\/ABC-Al-Rojo-Logo-96x96.jpg","url":"https:\/\/tuguia.combarranquilla.co\/Revista\/wp-content\/uploads\/2025\/05\/ABC-Al-Rojo-Logo-96x96.jpg","contentUrl":"https:\/\/tuguia.combarranquilla.co\/Revista\/wp-content\/uploads\/2025\/05\/ABC-Al-Rojo-Logo-96x96.jpg","caption":"Comunicaciones Combarranquilla"},"sameAs":["https:\/\/www.combarranquilla.co"],"url":"https:\/\/tuguia.combarranquilla.co\/Revista\/author\/comunicaciones\/"}]}},"_links":{"self":[{"href":"https:\/\/tuguia.combarranquilla.co\/Revista\/wp-json\/wp\/v2\/posts\/5675","targetHints":{"allow":["GET"]}}],"collection":[{"href":"https:\/\/tuguia.combarranquilla.co\/Revista\/wp-json\/wp\/v2\/posts"}],"about":[{"href":"https:\/\/tuguia.combarranquilla.co\/Revista\/wp-json\/wp\/v2\/types\/post"}],"author":[{"embeddable":true,"href":"https:\/\/tuguia.combarranquilla.co\/Revista\/wp-json\/wp\/v2\/users\/2"}],"replies":[{"embeddable":true,"href":"https:\/\/tuguia.combarranquilla.co\/Revista\/wp-json\/wp\/v2\/comments?post=5675"}],"version-history":[{"count":3,"href":"https:\/\/tuguia.combarranquilla.co\/Revista\/wp-json\/wp\/v2\/posts\/5675\/revisions"}],"predecessor-version":[{"id":6360,"href":"https:\/\/tuguia.combarranquilla.co\/Revista\/wp-json\/wp\/v2\/posts\/5675\/revisions\/6360"}],"wp:featuredmedia":[{"embeddable":true,"href":"https:\/\/tuguia.combarranquilla.co\/Revista\/wp-json\/wp\/v2\/media\/5677"}],"wp:attachment":[{"href":"https:\/\/tuguia.combarranquilla.co\/Revista\/wp-json\/wp\/v2\/media?parent=5675"}],"wp:term":[{"taxonomy":"category","embeddable":true,"href":"https:\/\/tuguia.combarranquilla.co\/Revista\/wp-json\/wp\/v2\/categories?post=5675"},{"taxonomy":"post_tag","embeddable":true,"href":"https:\/\/tuguia.combarranquilla.co\/Revista\/wp-json\/wp\/v2\/tags?post=5675"}],"curies":[{"name":"wp","href":"https:\/\/api.w.org\/{rel}","templated":true}]}}