{"id":5678,"date":"2025-02-10T15:54:30","date_gmt":"2025-02-10T20:54:30","guid":{"rendered":"https:\/\/tuguia.combarranquilla.co\/Revista\/?p=5678"},"modified":"2025-03-17T08:37:26","modified_gmt":"2025-03-17T13:37:26","slug":"desde-combarranquilla-nos-unimos-al-dia-internacional-de-la-mujer-y-la-nina-en-la-ciencia","status":"publish","type":"post","link":"https:\/\/tuguia.combarranquilla.co\/Revista\/desde-combarranquilla-nos-unimos-al-dia-internacional-de-la-mujer-y-la-nina-en-la-ciencia\/","title":{"rendered":"Desde Combarranquilla, nos unimos al D\u00eda Internacional de la Mujer y la Ni\u00f1a en la Ciencia"},"content":{"rendered":"\n<p>Cada 11 de febrero, el mundo conmemora el <strong>D\u00eda Internacional de la Mujer y la Ni\u00f1a en la Ciencia<\/strong>, una fecha proclamada por la <strong>Organizaci\u00f3n de las Naciones Unidas (ONU) en 2015<\/strong> con el prop\u00f3sito de impulsar la participaci\u00f3n femenina en la ciencia y la tecnolog\u00eda, cerrando as\u00ed la brecha de g\u00e9nero en estos campos.<\/p>\n\n\n\n<p>A lo largo de la historia, las mujeres han realizado aportes fundamentales en disciplinas como la medicina, la f\u00edsica y la tecnolog\u00eda. Sin embargo, su labor ha sido invisibilizada en muchas ocasiones, e incluso sus descubrimientos fueron acreditados a hombres en \u00e9pocas en las que su rol en la sociedad era minimizado.<\/p>\n\n\n\n<p>Garantizar la igualdad de oportunidades y el empoderamiento de mujeres y ni\u00f1as en la ciencia no solo contribuye al desarrollo econ\u00f3mico global, sino que tambi\u00e9n impulsa el cumplimiento de los <strong>Objetivos de Desarrollo Sostenible de la Agenda 2030<\/strong>. Es por ello que la Asamblea General de la ONU estableci\u00f3 esta conmemoraci\u00f3n, reconociendo el papel esencial de las mujeres en la comunidad cient\u00edfica y promoviendo su acceso a la educaci\u00f3n, la capacitaci\u00f3n y la investigaci\u00f3n en \u00e1reas clave como la ciencia, la tecnolog\u00eda, la ingenier\u00eda y las matem\u00e1ticas (<strong>STEM<\/strong>).<\/p>\n\n\n\n<p>Desde el <strong>Planetario Combarranquilla e Imagenia<\/strong>, queremos resaltar el talento y la pasi\u00f3n de mujeres y ni\u00f1as que est\u00e1n dejando huella en la ciencia desde nuestra regi\u00f3n.<\/p>\n\n\n\n<p><strong>Juanita Estrada: Una joven promesa en la ciencia<\/strong><\/p>\n\n\n\n<p>Desde muy peque\u00f1a, Juanita Estrada ha sentido una profunda curiosidad por el mundo que la rodea. Su pasi\u00f3n por las ciencias y las \u00e1reas STEM naci\u00f3 de su constante necesidad de cuestionar el porqu\u00e9 de las cosas, usando la duda como herramienta para formular nuevas preguntas, investigar y explorar. Desde temprana edad, ha visitado el <strong>Planetario de Combarranquilla<\/strong>, un lugar que ha despertado a\u00fan m\u00e1s su inter\u00e9s por el universo, la astronom\u00eda y la ciencia, inspir\u00e1ndola a seguir un camino en la investigaci\u00f3n y la innovaci\u00f3n.<\/p>\n\n\n\n<p>A su corta edad, ya ha formado parte de programas como <strong>She Is Astronaut<\/strong> y <strong>Space Academic Camp<\/strong>, experiencias que han fortalecido su inter\u00e9s por la innovaci\u00f3n y la investigaci\u00f3n cient\u00edfica. Actualmente, se encuentra en proceso de postulaci\u00f3n a universidades donde espera estudiar <strong>Ingenier\u00eda El\u00e9ctrica<\/strong>, la carrera de sus sue\u00f1os, que le permitir\u00e1 desarrollar y perfeccionar su <strong>prototipo de patente<\/strong>: un dispositivo electromagn\u00e9tico dise\u00f1ado para prevenir infartos del miocardio.<\/p>\n\n\n\n<p>Juanita no solo sue\u00f1a con hacer historia en la ciencia, sino tambi\u00e9n con inspirar a m\u00e1s ni\u00f1as a unirse a la comunidad cient\u00edfica. Su meta es que m\u00e1s mujeres encuentren en la ciencia un camino para transformar el mundo y generar un impacto positivo en la sociedad.<\/p>\n\n\n\n<figure class=\"wp-block-embed is-type-video is-provider-youtube wp-block-embed-youtube wp-embed-aspect-16-9 wp-has-aspect-ratio\"><div class=\"wp-block-embed__wrapper\">\n<iframe title=\"Juanita Estrada: Una joven promesa en la ciencia\" width=\"640\" height=\"360\" data-src=\"https:\/\/www.youtube.com\/embed\/VS8oqROyHkY?feature=oembed&#038;enablejsapi=1&#038;origin=https:\/\/tuguia.combarranquilla.co\" frameborder=\"0\" allow=\"accelerometer; autoplay; clipboard-write; encrypted-media; gyroscope; picture-in-picture; web-share\" referrerpolicy=\"strict-origin-when-cross-origin\" allowfullscreen src=\"data:image\/svg+xml;base64,PHN2ZyB3aWR0aD0iMSIgaGVpZ2h0PSIxIiB4bWxucz0iaHR0cDovL3d3dy53My5vcmcvMjAwMC9zdmciPjwvc3ZnPg==\" class=\"lazyload\" data-load-mode=\"1\"><\/iframe>\n<\/div><\/figure>\n\n\n\n<p><strong>Dra. Diana Padilla-Rueda: Una vida entre la f\u00edsica, la qu\u00edmica y la pasi\u00f3n por la ciencia<\/strong><\/p>\n\n\n\n<p>El camino de la Dra. <strong>Diana Padilla<\/strong> en la ciencia ha sido un viaje fascinante entre la f\u00edsica y la qu\u00edmica, disciplinas en las que ha encontrado su prop\u00f3sito y pasi\u00f3n.<\/p>\n\n\n\n<p>Su formaci\u00f3n comenz\u00f3 con un <strong>pregrado en F\u00edsica<\/strong>, especializ\u00e1ndose en <strong>espectroscop\u00eda<\/strong>. Posteriormente, realiz\u00f3 una <strong>maestr\u00eda en f\u00edsica <\/strong>trabajando en el \u00e1rea de <strong>quimiometr\u00eda<\/strong> y, casi por accidente, se inscribi\u00f3 en un <strong>DEA (Diploma de Estudios Avanzados)<\/strong> en <strong>deposici\u00f3n por l\u00e1ser pulsado<\/strong>, lo que marc\u00f3 el inicio de un camino m\u00e1s profundo en la investigaci\u00f3n cient\u00edfica.<\/p>\n\n\n\n<p>Su <strong>doctorado en quimil\u00e1ser<\/strong> se enfoc\u00f3 en el desarrollo de t\u00e9cnicas de <strong>deposici\u00f3n por l\u00e1ser pulsado<\/strong> para la detecci\u00f3n de <strong>di\u00f3xido de nitr\u00f3geno (NO\u2082)<\/strong>, un campo clave en la seguridad y la tecnolog\u00eda de sensores. M\u00e1s adelante, continu\u00f3 con un <strong>posdoctorado en l\u00e1seres y su interacci\u00f3n con la materia<\/strong>, ampliando su conocimiento en estas \u00e1reas de vanguardia.<\/p>\n\n\n\n<p>Actualmente, la Dra. Padilla combina su labor como <strong>investigadora en la Universidad del Atl\u00e1ntico<\/strong> con su pasi\u00f3n por la ense\u00f1anza y la investigaci\u00f3n. Para ella, la ciencia es una fuente inagotable de emoci\u00f3n: <em>&#8220;Se basa en la emoci\u00f3n de entender algo por primera vez y ense\u00f1\u00e1rselo al mundo&#8221;<\/em>.<\/p>\n\n\n\n<p>Su historia es un reflejo del compromiso y la curiosidad que impulsa a los cient\u00edficos a expandir los l\u00edmites del conocimiento. A trav\u00e9s de su trabajo, inspira a nuevas generaciones a explorar el universo de la ciencia con la misma pasi\u00f3n que ha marcado su carrera.<\/p>\n\n\n\n<figure class=\"wp-block-embed is-type-video is-provider-youtube wp-block-embed-youtube wp-embed-aspect-16-9 wp-has-aspect-ratio\"><div class=\"wp-block-embed__wrapper\">\n<iframe title=\"Dra. Diana Padilla Rueda: Una vida entre la f\u00edsica, la qu\u00edmica y la pasi\u00f3n por la ciencia\" width=\"640\" height=\"360\" data-src=\"https:\/\/www.youtube.com\/embed\/8_BQU_Yoehw?feature=oembed&#038;enablejsapi=1&#038;origin=https:\/\/tuguia.combarranquilla.co\" frameborder=\"0\" allow=\"accelerometer; autoplay; clipboard-write; encrypted-media; gyroscope; picture-in-picture; web-share\" referrerpolicy=\"strict-origin-when-cross-origin\" allowfullscreen src=\"data:image\/svg+xml;base64,PHN2ZyB3aWR0aD0iMSIgaGVpZ2h0PSIxIiB4bWxucz0iaHR0cDovL3d3dy53My5vcmcvMjAwMC9zdmciPjwvc3ZnPg==\" class=\"lazyload\" data-load-mode=\"1\"><\/iframe>\n<\/div><\/figure>\n\n\n\n<p><\/p>\n\n\n\n<p><strong>El periodismo cient\u00edfico: Un puente entre el conocimiento y la sociedad<\/strong><\/p>\n\n\n\n<p>La ciencia avanza constantemente, cambiando nuestra comprensi\u00f3n del mundo y mejorando la vida de las personas. Sin embargo, para que estos avances tengan un verdadero impacto, es esencial que lleguen al p\u00fablico de manera clara y accesible. Aqu\u00ed es donde el <strong>periodismo cient\u00edfico<\/strong> juega un papel fundamental.<\/p>\n\n\n\n<p>Los periodistas especializados en ciencia traducen descubrimientos complejos en relatos comprensibles, conectando a la audiencia con la innovaci\u00f3n y el conocimiento. Su labor no solo informa, sino que tambi\u00e9n despierta la curiosidad, combate la desinformaci\u00f3n y fomenta el pensamiento cr\u00edtico.<\/p>\n\n\n\n<p>Hist\u00f3ricamente, la divulgaci\u00f3n cient\u00edfica ha estado dominada por figuras masculinas, pero cada vez m\u00e1s mujeres han logrado posicionarse en este campo, demostrando que la comunicaci\u00f3n del conocimiento no tiene g\u00e9nero. A trav\u00e9s de su trabajo, han logrado inspirar a nuevas generaciones de ni\u00f1as y j\u00f3venes a interesarse por la ciencia, rompiendo estereotipos y ampliando las oportunidades en un \u00e1mbito que durante mucho tiempo estuvo restringido.<\/p>\n\n\n\n<p><strong>\u00c1ngela Posada-Swafford: Una voz colombiana que acerca la ciencia al mundo<\/strong><\/p>\n\n\n\n<p>Una de las figuras m\u00e1s destacadas en este campo es <strong>\u00c1ngela Posada-Swafford<\/strong>, reconocida como la primera periodista cient\u00edfica de Colombia. Con una formaci\u00f3n en literatura y periodismo, y una especializaci\u00f3n en el MIT, ha dedicado su carrera a contar historias sobre ciencia, exploraci\u00f3n y tecnolog\u00eda.<\/p>\n\n\n\n<p>Ha sido parte de expediciones en algunos de los lugares m\u00e1s extremos del planeta, desde el \u00c1rtico hasta las profundidades del oc\u00e9ano, cubriendo temas como astronom\u00eda, biolog\u00eda marina y exploraci\u00f3n espacial. Su capacidad para narrar la ciencia de forma apasionante ha inspirado a miles de personas a interesarse por el conocimiento.<\/p>\n\n\n\n<p>Adem\u00e1s, es autora de la serie <strong>&#8220;Los Aventureros de la Ciencia&#8221;<\/strong>, una colecci\u00f3n de libros que acerca la ciencia a ni\u00f1os y j\u00f3venes, despertando su curiosidad y motiv\u00e1ndolos a explorar el mundo.<\/p>\n\n\n\n<p>A trav\u00e9s de su trabajo, \u00c1ngela Posada-Swafford demuestra que la ciencia es una historia fascinante que merece ser contada. Como ella misma dice: <em>&#8220;No necesitas ser cient\u00edfico para hacer preguntas y maravillarte con el universo&#8221;<\/em>.<\/p>\n\n\n\n<figure class=\"wp-block-embed is-type-video is-provider-youtube wp-block-embed-youtube wp-embed-aspect-4-3 wp-has-aspect-ratio\"><div class=\"wp-block-embed__wrapper\">\n<iframe title=\"\u00c1ngela Posada-Swafford: Una voz colombiana que acerca la ciencia al mundo\" width=\"640\" height=\"360\" data-src=\"https:\/\/www.youtube.com\/embed\/LvPoHUkDcKQ?feature=oembed&#038;enablejsapi=1&#038;origin=https:\/\/tuguia.combarranquilla.co\" frameborder=\"0\" allow=\"accelerometer; autoplay; clipboard-write; encrypted-media; gyroscope; picture-in-picture; web-share\" referrerpolicy=\"strict-origin-when-cross-origin\" allowfullscreen src=\"data:image\/svg+xml;base64,PHN2ZyB3aWR0aD0iMSIgaGVpZ2h0PSIxIiB4bWxucz0iaHR0cDovL3d3dy53My5vcmcvMjAwMC9zdmciPjwvc3ZnPg==\" class=\"lazyload\" data-load-mode=\"1\"><\/iframe>\n<\/div><\/figure>\n\n\n\n<p>La divulgaci\u00f3n cient\u00edfica sin duda, es un pilar fundamental para el desarrollo de la sociedad. Como bien dec\u00eda Carl Sagan, <em>&#8220;Vivimos en una sociedad profundamente dependiente de la ciencia y la tecnolog\u00eda, pero en la que muy pocas personas comprenden realmente c\u00f3mo funcionan.&#8221;<\/em> Por eso, espacios como los museos, los planetarios y las redes de divulgaci\u00f3n son esenciales para acercarnos al conocimiento, despertar la curiosidad y motivar a nuevas generaciones de ni\u00f1os y ni\u00f1as a ser cient\u00edficos y exploradores del universo.<\/p>\n\n\n\n<p>Por eso, desde el <strong>Planetario Combarranquilla e Imagenia<\/strong>, seguiremos trabajando por la divulgaci\u00f3n cient\u00edfica y por acercar la ciencia a m\u00e1s personas, inspirando el pensamiento cr\u00edtico, la creatividad y el asombro por el cosmos. <\/p>\n\n\n\n<p><\/p>\n","protected":false},"excerpt":{"rendered":"<p>Cada 11 de febrero, el mundo conmemora el D\u00eda Internacional de la Mujer y la Ni\u00f1a en la Ciencia, una fecha proclamada por la Organizaci\u00f3n de las Naciones Unidas (ONU) en 2015 con el prop\u00f3sito de impulsar la participaci\u00f3n femenina en la ciencia y la tecnolog\u00eda, cerrando as\u00ed la brecha de g\u00e9nero en estos campos. [&hellip;]<\/p>\n","protected":false},"author":3,"featured_media":5695,"comment_status":"open","ping_status":"open","sticky":false,"template":"","format":"standard","meta":{"inline_featured_image":false,"footnotes":""},"categories":[4],"tags":[],"class_list":["post-5678","post","type-post","status-publish","format-standard","has-post-thumbnail","hentry","category-ciencia-y-cultura"],"yoast_head":"<!-- This site is optimized with the Yoast SEO plugin v27.4 - https:\/\/yoast.com\/product\/yoast-seo-wordpress\/ -->\n<title>Desde Combarranquilla, nos unimos al D\u00eda Internacional de la Mujer y la Ni\u00f1a en la Ciencia - Tu Gu\u00eda<\/title>\n<meta name=\"robots\" content=\"index, follow, max-snippet:-1, max-image-preview:large, max-video-preview:-1\" \/>\n<link rel=\"canonical\" href=\"https:\/\/tuguia.combarranquilla.co\/Revista\/desde-combarranquilla-nos-unimos-al-dia-internacional-de-la-mujer-y-la-nina-en-la-ciencia\/\" \/>\n<meta property=\"og:locale\" content=\"es_ES\" \/>\n<meta property=\"og:type\" content=\"article\" \/>\n<meta property=\"og:title\" content=\"Desde Combarranquilla, nos unimos al D\u00eda Internacional de la Mujer y la Ni\u00f1a en la Ciencia - Tu Gu\u00eda\" \/>\n<meta property=\"og:description\" content=\"Cada 11 de febrero, el mundo conmemora el D\u00eda Internacional de la Mujer y la Ni\u00f1a en la Ciencia, una fecha proclamada por la Organizaci\u00f3n de las Naciones Unidas (ONU) en 2015 con el prop\u00f3sito de impulsar la participaci\u00f3n femenina en la ciencia y la tecnolog\u00eda, cerrando as\u00ed la brecha de g\u00e9nero en estos campos. [&hellip;]\" \/>\n<meta property=\"og:url\" content=\"https:\/\/tuguia.combarranquilla.co\/Revista\/desde-combarranquilla-nos-unimos-al-dia-internacional-de-la-mujer-y-la-nina-en-la-ciencia\/\" \/>\n<meta property=\"og:site_name\" content=\"Tu Gu\u00eda\" \/>\n<meta property=\"article:published_time\" content=\"2025-02-10T20:54:30+00:00\" \/>\n<meta property=\"article:modified_time\" content=\"2025-03-17T13:37:26+00:00\" \/>\n<meta property=\"og:image\" content=\"https:\/\/tuguia.combarranquilla.co\/Revista\/wp-content\/uploads\/2025\/02\/Mesa-de-trabajo-1-2.png\" \/>\n\t<meta property=\"og:image:width\" content=\"1921\" \/>\n\t<meta property=\"og:image:height\" content=\"1081\" \/>\n\t<meta property=\"og:image:type\" content=\"image\/png\" \/>\n<meta name=\"author\" content=\"Planetario Combarranquilla\" \/>\n<meta name=\"twitter:card\" content=\"summary_large_image\" \/>\n<meta name=\"twitter:label1\" content=\"Escrito por\" \/>\n\t<meta name=\"twitter:data1\" content=\"Planetario Combarranquilla\" \/>\n\t<meta name=\"twitter:label2\" content=\"Tiempo de lectura\" \/>\n\t<meta name=\"twitter:data2\" content=\"6 minutos\" \/>\n<script type=\"application\/ld+json\" class=\"yoast-schema-graph\">{\"@context\":\"https:\\\/\\\/schema.org\",\"@graph\":[{\"@type\":\"Article\",\"@id\":\"https:\\\/\\\/tuguia.combarranquilla.co\\\/Revista\\\/desde-combarranquilla-nos-unimos-al-dia-internacional-de-la-mujer-y-la-nina-en-la-ciencia\\\/#article\",\"isPartOf\":{\"@id\":\"https:\\\/\\\/tuguia.combarranquilla.co\\\/Revista\\\/desde-combarranquilla-nos-unimos-al-dia-internacional-de-la-mujer-y-la-nina-en-la-ciencia\\\/\"},\"author\":{\"name\":\"Planetario Combarranquilla\",\"@id\":\"https:\\\/\\\/tuguia.combarranquilla.co\\\/Revista\\\/#\\\/schema\\\/person\\\/dfacca4b8219e57377c45d1e37a9cc8d\"},\"headline\":\"Desde Combarranquilla, nos unimos al D\u00eda Internacional de la Mujer y la Ni\u00f1a en la Ciencia\",\"datePublished\":\"2025-02-10T20:54:30+00:00\",\"dateModified\":\"2025-03-17T13:37:26+00:00\",\"mainEntityOfPage\":{\"@id\":\"https:\\\/\\\/tuguia.combarranquilla.co\\\/Revista\\\/desde-combarranquilla-nos-unimos-al-dia-internacional-de-la-mujer-y-la-nina-en-la-ciencia\\\/\"},\"wordCount\":1313,\"commentCount\":0,\"publisher\":{\"@id\":\"https:\\\/\\\/tuguia.combarranquilla.co\\\/Revista\\\/#organization\"},\"image\":{\"@id\":\"https:\\\/\\\/tuguia.combarranquilla.co\\\/Revista\\\/desde-combarranquilla-nos-unimos-al-dia-internacional-de-la-mujer-y-la-nina-en-la-ciencia\\\/#primaryimage\"},\"thumbnailUrl\":\"https:\\\/\\\/tuguia.combarranquilla.co\\\/Revista\\\/wp-content\\\/uploads\\\/2025\\\/02\\\/Mesa-de-trabajo-1-2.png\",\"articleSection\":[\"CIENCIA Y CULTURA\"],\"inLanguage\":\"es-CO\",\"potentialAction\":[{\"@type\":\"CommentAction\",\"name\":\"Comment\",\"target\":[\"https:\\\/\\\/tuguia.combarranquilla.co\\\/Revista\\\/desde-combarranquilla-nos-unimos-al-dia-internacional-de-la-mujer-y-la-nina-en-la-ciencia\\\/#respond\"]}]},{\"@type\":\"WebPage\",\"@id\":\"https:\\\/\\\/tuguia.combarranquilla.co\\\/Revista\\\/desde-combarranquilla-nos-unimos-al-dia-internacional-de-la-mujer-y-la-nina-en-la-ciencia\\\/\",\"url\":\"https:\\\/\\\/tuguia.combarranquilla.co\\\/Revista\\\/desde-combarranquilla-nos-unimos-al-dia-internacional-de-la-mujer-y-la-nina-en-la-ciencia\\\/\",\"name\":\"Desde Combarranquilla, nos unimos al D\u00eda Internacional de la Mujer y la Ni\u00f1a en la Ciencia - Tu Gu\u00eda\",\"isPartOf\":{\"@id\":\"https:\\\/\\\/tuguia.combarranquilla.co\\\/Revista\\\/#website\"},\"primaryImageOfPage\":{\"@id\":\"https:\\\/\\\/tuguia.combarranquilla.co\\\/Revista\\\/desde-combarranquilla-nos-unimos-al-dia-internacional-de-la-mujer-y-la-nina-en-la-ciencia\\\/#primaryimage\"},\"image\":{\"@id\":\"https:\\\/\\\/tuguia.combarranquilla.co\\\/Revista\\\/desde-combarranquilla-nos-unimos-al-dia-internacional-de-la-mujer-y-la-nina-en-la-ciencia\\\/#primaryimage\"},\"thumbnailUrl\":\"https:\\\/\\\/tuguia.combarranquilla.co\\\/Revista\\\/wp-content\\\/uploads\\\/2025\\\/02\\\/Mesa-de-trabajo-1-2.png\",\"datePublished\":\"2025-02-10T20:54:30+00:00\",\"dateModified\":\"2025-03-17T13:37:26+00:00\",\"breadcrumb\":{\"@id\":\"https:\\\/\\\/tuguia.combarranquilla.co\\\/Revista\\\/desde-combarranquilla-nos-unimos-al-dia-internacional-de-la-mujer-y-la-nina-en-la-ciencia\\\/#breadcrumb\"},\"inLanguage\":\"es-CO\",\"potentialAction\":[{\"@type\":\"ReadAction\",\"target\":[\"https:\\\/\\\/tuguia.combarranquilla.co\\\/Revista\\\/desde-combarranquilla-nos-unimos-al-dia-internacional-de-la-mujer-y-la-nina-en-la-ciencia\\\/\"]}]},{\"@type\":\"ImageObject\",\"inLanguage\":\"es-CO\",\"@id\":\"https:\\\/\\\/tuguia.combarranquilla.co\\\/Revista\\\/desde-combarranquilla-nos-unimos-al-dia-internacional-de-la-mujer-y-la-nina-en-la-ciencia\\\/#primaryimage\",\"url\":\"https:\\\/\\\/tuguia.combarranquilla.co\\\/Revista\\\/wp-content\\\/uploads\\\/2025\\\/02\\\/Mesa-de-trabajo-1-2.png\",\"contentUrl\":\"https:\\\/\\\/tuguia.combarranquilla.co\\\/Revista\\\/wp-content\\\/uploads\\\/2025\\\/02\\\/Mesa-de-trabajo-1-2.png\",\"width\":1921,\"height\":1081},{\"@type\":\"BreadcrumbList\",\"@id\":\"https:\\\/\\\/tuguia.combarranquilla.co\\\/Revista\\\/desde-combarranquilla-nos-unimos-al-dia-internacional-de-la-mujer-y-la-nina-en-la-ciencia\\\/#breadcrumb\",\"itemListElement\":[{\"@type\":\"ListItem\",\"position\":1,\"name\":\"Inicio\",\"item\":\"https:\\\/\\\/tuguia.combarranquilla.co\\\/Revista\\\/\"},{\"@type\":\"ListItem\",\"position\":2,\"name\":\"Desde Combarranquilla, nos unimos al D\u00eda Internacional de la Mujer y la Ni\u00f1a en la Ciencia\"}]},{\"@type\":\"WebSite\",\"@id\":\"https:\\\/\\\/tuguia.combarranquilla.co\\\/Revista\\\/#website\",\"url\":\"https:\\\/\\\/tuguia.combarranquilla.co\\\/Revista\\\/\",\"name\":\"Tu Gu\u00eda\",\"description\":\"La revista donde lo tienes todo.\",\"publisher\":{\"@id\":\"https:\\\/\\\/tuguia.combarranquilla.co\\\/Revista\\\/#organization\"},\"alternateName\":\"Tu Gu\u00eda Combarranquilla\",\"potentialAction\":[{\"@type\":\"SearchAction\",\"target\":{\"@type\":\"EntryPoint\",\"urlTemplate\":\"https:\\\/\\\/tuguia.combarranquilla.co\\\/Revista\\\/?s={search_term_string}\"},\"query-input\":{\"@type\":\"PropertyValueSpecification\",\"valueRequired\":true,\"valueName\":\"search_term_string\"}}],\"inLanguage\":\"es-CO\"},{\"@type\":\"Organization\",\"@id\":\"https:\\\/\\\/tuguia.combarranquilla.co\\\/Revista\\\/#organization\",\"name\":\"Tu Gu\u00eda Combarranquilla\",\"url\":\"https:\\\/\\\/tuguia.combarranquilla.co\\\/Revista\\\/\",\"logo\":{\"@type\":\"ImageObject\",\"inLanguage\":\"es-CO\",\"@id\":\"https:\\\/\\\/tuguia.combarranquilla.co\\\/Revista\\\/#\\\/schema\\\/logo\\\/image\\\/\",\"url\":\"https:\\\/\\\/tuguia.combarranquilla.co\\\/Revista\\\/wp-content\\\/uploads\\\/2022\\\/02\\\/logo-guia-combarranquilla.svg\",\"contentUrl\":\"https:\\\/\\\/tuguia.combarranquilla.co\\\/Revista\\\/wp-content\\\/uploads\\\/2022\\\/02\\\/logo-guia-combarranquilla.svg\",\"caption\":\"Tu Gu\u00eda Combarranquilla\"},\"image\":{\"@id\":\"https:\\\/\\\/tuguia.combarranquilla.co\\\/Revista\\\/#\\\/schema\\\/logo\\\/image\\\/\"}},{\"@type\":\"Person\",\"@id\":\"https:\\\/\\\/tuguia.combarranquilla.co\\\/Revista\\\/#\\\/schema\\\/person\\\/dfacca4b8219e57377c45d1e37a9cc8d\",\"name\":\"Planetario Combarranquilla\",\"image\":{\"@type\":\"ImageObject\",\"inLanguage\":\"es-CO\",\"@id\":\"https:\\\/\\\/tuguia.combarranquilla.co\\\/Revista\\\/wp-content\\\/uploads\\\/2025\\\/03\\\/cropped-1@3x-96x96.png\",\"url\":\"https:\\\/\\\/tuguia.combarranquilla.co\\\/Revista\\\/wp-content\\\/uploads\\\/2025\\\/03\\\/cropped-1@3x-96x96.png\",\"contentUrl\":\"https:\\\/\\\/tuguia.combarranquilla.co\\\/Revista\\\/wp-content\\\/uploads\\\/2025\\\/03\\\/cropped-1@3x-96x96.png\",\"caption\":\"Planetario Combarranquilla\"},\"url\":\"https:\\\/\\\/tuguia.combarranquilla.co\\\/Revista\\\/author\\\/planetario\\\/\"}]}<\/script>\n<!-- \/ Yoast SEO plugin. -->","yoast_head_json":{"title":"Desde Combarranquilla, nos unimos al D\u00eda Internacional de la Mujer y la Ni\u00f1a en la Ciencia - Tu Gu\u00eda","robots":{"index":"index","follow":"follow","max-snippet":"max-snippet:-1","max-image-preview":"max-image-preview:large","max-video-preview":"max-video-preview:-1"},"canonical":"https:\/\/tuguia.combarranquilla.co\/Revista\/desde-combarranquilla-nos-unimos-al-dia-internacional-de-la-mujer-y-la-nina-en-la-ciencia\/","og_locale":"es_ES","og_type":"article","og_title":"Desde Combarranquilla, nos unimos al D\u00eda Internacional de la Mujer y la Ni\u00f1a en la Ciencia - Tu Gu\u00eda","og_description":"Cada 11 de febrero, el mundo conmemora el D\u00eda Internacional de la Mujer y la Ni\u00f1a en la Ciencia, una fecha proclamada por la Organizaci\u00f3n de las Naciones Unidas (ONU) en 2015 con el prop\u00f3sito de impulsar la participaci\u00f3n femenina en la ciencia y la tecnolog\u00eda, cerrando as\u00ed la brecha de g\u00e9nero en estos campos. [&hellip;]","og_url":"https:\/\/tuguia.combarranquilla.co\/Revista\/desde-combarranquilla-nos-unimos-al-dia-internacional-de-la-mujer-y-la-nina-en-la-ciencia\/","og_site_name":"Tu Gu\u00eda","article_published_time":"2025-02-10T20:54:30+00:00","article_modified_time":"2025-03-17T13:37:26+00:00","og_image":[{"width":1921,"height":1081,"url":"https:\/\/tuguia.combarranquilla.co\/Revista\/wp-content\/uploads\/2025\/02\/Mesa-de-trabajo-1-2.png","type":"image\/png"}],"author":"Planetario Combarranquilla","twitter_card":"summary_large_image","twitter_misc":{"Escrito por":"Planetario Combarranquilla","Tiempo de lectura":"6 minutos"},"schema":{"@context":"https:\/\/schema.org","@graph":[{"@type":"Article","@id":"https:\/\/tuguia.combarranquilla.co\/Revista\/desde-combarranquilla-nos-unimos-al-dia-internacional-de-la-mujer-y-la-nina-en-la-ciencia\/#article","isPartOf":{"@id":"https:\/\/tuguia.combarranquilla.co\/Revista\/desde-combarranquilla-nos-unimos-al-dia-internacional-de-la-mujer-y-la-nina-en-la-ciencia\/"},"author":{"name":"Planetario Combarranquilla","@id":"https:\/\/tuguia.combarranquilla.co\/Revista\/#\/schema\/person\/dfacca4b8219e57377c45d1e37a9cc8d"},"headline":"Desde Combarranquilla, nos unimos al D\u00eda Internacional de la Mujer y la Ni\u00f1a en la Ciencia","datePublished":"2025-02-10T20:54:30+00:00","dateModified":"2025-03-17T13:37:26+00:00","mainEntityOfPage":{"@id":"https:\/\/tuguia.combarranquilla.co\/Revista\/desde-combarranquilla-nos-unimos-al-dia-internacional-de-la-mujer-y-la-nina-en-la-ciencia\/"},"wordCount":1313,"commentCount":0,"publisher":{"@id":"https:\/\/tuguia.combarranquilla.co\/Revista\/#organization"},"image":{"@id":"https:\/\/tuguia.combarranquilla.co\/Revista\/desde-combarranquilla-nos-unimos-al-dia-internacional-de-la-mujer-y-la-nina-en-la-ciencia\/#primaryimage"},"thumbnailUrl":"https:\/\/tuguia.combarranquilla.co\/Revista\/wp-content\/uploads\/2025\/02\/Mesa-de-trabajo-1-2.png","articleSection":["CIENCIA Y CULTURA"],"inLanguage":"es-CO","potentialAction":[{"@type":"CommentAction","name":"Comment","target":["https:\/\/tuguia.combarranquilla.co\/Revista\/desde-combarranquilla-nos-unimos-al-dia-internacional-de-la-mujer-y-la-nina-en-la-ciencia\/#respond"]}]},{"@type":"WebPage","@id":"https:\/\/tuguia.combarranquilla.co\/Revista\/desde-combarranquilla-nos-unimos-al-dia-internacional-de-la-mujer-y-la-nina-en-la-ciencia\/","url":"https:\/\/tuguia.combarranquilla.co\/Revista\/desde-combarranquilla-nos-unimos-al-dia-internacional-de-la-mujer-y-la-nina-en-la-ciencia\/","name":"Desde Combarranquilla, nos unimos al D\u00eda Internacional de la Mujer y la Ni\u00f1a en la Ciencia - Tu Gu\u00eda","isPartOf":{"@id":"https:\/\/tuguia.combarranquilla.co\/Revista\/#website"},"primaryImageOfPage":{"@id":"https:\/\/tuguia.combarranquilla.co\/Revista\/desde-combarranquilla-nos-unimos-al-dia-internacional-de-la-mujer-y-la-nina-en-la-ciencia\/#primaryimage"},"image":{"@id":"https:\/\/tuguia.combarranquilla.co\/Revista\/desde-combarranquilla-nos-unimos-al-dia-internacional-de-la-mujer-y-la-nina-en-la-ciencia\/#primaryimage"},"thumbnailUrl":"https:\/\/tuguia.combarranquilla.co\/Revista\/wp-content\/uploads\/2025\/02\/Mesa-de-trabajo-1-2.png","datePublished":"2025-02-10T20:54:30+00:00","dateModified":"2025-03-17T13:37:26+00:00","breadcrumb":{"@id":"https:\/\/tuguia.combarranquilla.co\/Revista\/desde-combarranquilla-nos-unimos-al-dia-internacional-de-la-mujer-y-la-nina-en-la-ciencia\/#breadcrumb"},"inLanguage":"es-CO","potentialAction":[{"@type":"ReadAction","target":["https:\/\/tuguia.combarranquilla.co\/Revista\/desde-combarranquilla-nos-unimos-al-dia-internacional-de-la-mujer-y-la-nina-en-la-ciencia\/"]}]},{"@type":"ImageObject","inLanguage":"es-CO","@id":"https:\/\/tuguia.combarranquilla.co\/Revista\/desde-combarranquilla-nos-unimos-al-dia-internacional-de-la-mujer-y-la-nina-en-la-ciencia\/#primaryimage","url":"https:\/\/tuguia.combarranquilla.co\/Revista\/wp-content\/uploads\/2025\/02\/Mesa-de-trabajo-1-2.png","contentUrl":"https:\/\/tuguia.combarranquilla.co\/Revista\/wp-content\/uploads\/2025\/02\/Mesa-de-trabajo-1-2.png","width":1921,"height":1081},{"@type":"BreadcrumbList","@id":"https:\/\/tuguia.combarranquilla.co\/Revista\/desde-combarranquilla-nos-unimos-al-dia-internacional-de-la-mujer-y-la-nina-en-la-ciencia\/#breadcrumb","itemListElement":[{"@type":"ListItem","position":1,"name":"Inicio","item":"https:\/\/tuguia.combarranquilla.co\/Revista\/"},{"@type":"ListItem","position":2,"name":"Desde Combarranquilla, nos unimos al D\u00eda Internacional de la Mujer y la Ni\u00f1a en la Ciencia"}]},{"@type":"WebSite","@id":"https:\/\/tuguia.combarranquilla.co\/Revista\/#website","url":"https:\/\/tuguia.combarranquilla.co\/Revista\/","name":"Tu Gu\u00eda","description":"La revista donde lo tienes todo.","publisher":{"@id":"https:\/\/tuguia.combarranquilla.co\/Revista\/#organization"},"alternateName":"Tu Gu\u00eda Combarranquilla","potentialAction":[{"@type":"SearchAction","target":{"@type":"EntryPoint","urlTemplate":"https:\/\/tuguia.combarranquilla.co\/Revista\/?s={search_term_string}"},"query-input":{"@type":"PropertyValueSpecification","valueRequired":true,"valueName":"search_term_string"}}],"inLanguage":"es-CO"},{"@type":"Organization","@id":"https:\/\/tuguia.combarranquilla.co\/Revista\/#organization","name":"Tu Gu\u00eda Combarranquilla","url":"https:\/\/tuguia.combarranquilla.co\/Revista\/","logo":{"@type":"ImageObject","inLanguage":"es-CO","@id":"https:\/\/tuguia.combarranquilla.co\/Revista\/#\/schema\/logo\/image\/","url":"https:\/\/tuguia.combarranquilla.co\/Revista\/wp-content\/uploads\/2022\/02\/logo-guia-combarranquilla.svg","contentUrl":"https:\/\/tuguia.combarranquilla.co\/Revista\/wp-content\/uploads\/2022\/02\/logo-guia-combarranquilla.svg","caption":"Tu Gu\u00eda Combarranquilla"},"image":{"@id":"https:\/\/tuguia.combarranquilla.co\/Revista\/#\/schema\/logo\/image\/"}},{"@type":"Person","@id":"https:\/\/tuguia.combarranquilla.co\/Revista\/#\/schema\/person\/dfacca4b8219e57377c45d1e37a9cc8d","name":"Planetario Combarranquilla","image":{"@type":"ImageObject","inLanguage":"es-CO","@id":"https:\/\/tuguia.combarranquilla.co\/Revista\/wp-content\/uploads\/2025\/03\/cropped-1@3x-96x96.png","url":"https:\/\/tuguia.combarranquilla.co\/Revista\/wp-content\/uploads\/2025\/03\/cropped-1@3x-96x96.png","contentUrl":"https:\/\/tuguia.combarranquilla.co\/Revista\/wp-content\/uploads\/2025\/03\/cropped-1@3x-96x96.png","caption":"Planetario Combarranquilla"},"url":"https:\/\/tuguia.combarranquilla.co\/Revista\/author\/planetario\/"}]}},"_links":{"self":[{"href":"https:\/\/tuguia.combarranquilla.co\/Revista\/wp-json\/wp\/v2\/posts\/5678","targetHints":{"allow":["GET"]}}],"collection":[{"href":"https:\/\/tuguia.combarranquilla.co\/Revista\/wp-json\/wp\/v2\/posts"}],"about":[{"href":"https:\/\/tuguia.combarranquilla.co\/Revista\/wp-json\/wp\/v2\/types\/post"}],"author":[{"embeddable":true,"href":"https:\/\/tuguia.combarranquilla.co\/Revista\/wp-json\/wp\/v2\/users\/3"}],"replies":[{"embeddable":true,"href":"https:\/\/tuguia.combarranquilla.co\/Revista\/wp-json\/wp\/v2\/comments?post=5678"}],"version-history":[{"count":20,"href":"https:\/\/tuguia.combarranquilla.co\/Revista\/wp-json\/wp\/v2\/posts\/5678\/revisions"}],"predecessor-version":[{"id":5713,"href":"https:\/\/tuguia.combarranquilla.co\/Revista\/wp-json\/wp\/v2\/posts\/5678\/revisions\/5713"}],"wp:featuredmedia":[{"embeddable":true,"href":"https:\/\/tuguia.combarranquilla.co\/Revista\/wp-json\/wp\/v2\/media\/5695"}],"wp:attachment":[{"href":"https:\/\/tuguia.combarranquilla.co\/Revista\/wp-json\/wp\/v2\/media?parent=5678"}],"wp:term":[{"taxonomy":"category","embeddable":true,"href":"https:\/\/tuguia.combarranquilla.co\/Revista\/wp-json\/wp\/v2\/categories?post=5678"},{"taxonomy":"post_tag","embeddable":true,"href":"https:\/\/tuguia.combarranquilla.co\/Revista\/wp-json\/wp\/v2\/tags?post=5678"}],"curies":[{"name":"wp","href":"https:\/\/api.w.org\/{rel}","templated":true}]}}