{"id":5725,"date":"2025-02-18T13:43:43","date_gmt":"2025-02-18T18:43:43","guid":{"rendered":"https:\/\/tuguia.combarranquilla.co\/Revista\/?p=5725"},"modified":"2025-02-18T13:44:47","modified_gmt":"2025-02-18T18:44:47","slug":"mas-de-50-mipymes-asistieron-a-la-1-convocatoria-2025-del-programa-crecemos-contigo","status":"publish","type":"post","link":"https:\/\/tuguia.combarranquilla.co\/Revista\/mas-de-50-mipymes-asistieron-a-la-1-convocatoria-2025-del-programa-crecemos-contigo\/","title":{"rendered":"M\u00e1s de 50 MiPymes asistieron a la 1\u00b0 Convocatoria 2025 del Programa Crecemos Contigo"},"content":{"rendered":"\n<p>Hoy llevamos a cabo un evento clave para el crecimiento de las MiPymes del departamento, una convocatoria liderada por el programa Crecemos Contigo de Combarranquilla que busca impulsar el desarrollo empresarial a trav\u00e9s de asesor\u00edas especializadas, consultor\u00edas y oportunidades de negocio.<\/p>\n\n\n\n<p>\u201cEn el Programa de Fomento y Desarrollo Empresarial, Crecemos Contigo, brindamos acompa\u00f1amiento en \u00e1reas fundamentales como marketing, innovaci\u00f3n, finanzas y log\u00edstica, con el objetivo de fortalecer la competitividad y sostenibilidad de cada negocio. Una vez que sean parte del programa, podr\u00e1n acceder a m\u00faltiples beneficios que les permitir\u00e1 fortalecer sus conexiones estrat\u00e9gicas con otras empresas y potenciales aliados comerciales\u201d, se\u00f1al\u00f3 Sandra Salgado, l\u00edder del programa.<\/p>\n\n\n<div class=\"wp-block-image\">\n<figure class=\"aligncenter size-large\"><img decoding=\"async\" width=\"1024\" height=\"682\" data-src=\"https:\/\/tuguia.combarranquilla.co\/Revista\/wp-content\/uploads\/2025\/02\/WhatsApp-Image-2025-02-18-at-1.20.58-PM-2-1024x682.jpeg\" alt=\"\" class=\"wp-image-5727 lazyload\" data-srcset=\"https:\/\/tuguia.combarranquilla.co\/Revista\/wp-content\/uploads\/2025\/02\/WhatsApp-Image-2025-02-18-at-1.20.58-PM-2-1024x682.jpeg 1024w, https:\/\/tuguia.combarranquilla.co\/Revista\/wp-content\/uploads\/2025\/02\/WhatsApp-Image-2025-02-18-at-1.20.58-PM-2-300x200.jpeg 300w, https:\/\/tuguia.combarranquilla.co\/Revista\/wp-content\/uploads\/2025\/02\/WhatsApp-Image-2025-02-18-at-1.20.58-PM-2-768x512.jpeg 768w, https:\/\/tuguia.combarranquilla.co\/Revista\/wp-content\/uploads\/2025\/02\/WhatsApp-Image-2025-02-18-at-1.20.58-PM-2-1536x1023.jpeg 1536w, https:\/\/tuguia.combarranquilla.co\/Revista\/wp-content\/uploads\/2025\/02\/WhatsApp-Image-2025-02-18-at-1.20.58-PM-2.jpeg 1600w\" data-sizes=\"(max-width: 1024px) 100vw, 1024px\" src=\"data:image\/svg+xml;base64,PHN2ZyB3aWR0aD0iMSIgaGVpZ2h0PSIxIiB4bWxucz0iaHR0cDovL3d3dy53My5vcmcvMjAwMC9zdmciPjwvc3ZnPg==\" style=\"--smush-placeholder-width: 1024px; --smush-placeholder-aspect-ratio: 1024\/682;\" \/><\/figure><\/div>\n\n\n<p>Durante la jornada se destacaron varios puntos claves, como:<\/p>\n\n\n\n<ol class=\"wp-block-list\">\n<li>\u00bfQu\u00e9 es Crecemos Contigo?<\/li>\n\n\n\n<li>\u00bfCu\u00e1les son los beneficios exclusivos para las empresas afiliadas?<\/li>\n\n\n\n<li>\u00bfCu\u00e1les son las nuevas alianzas?<\/li>\n\n\n\n<li>\u00bfQu\u00e9 requisitos deben cumplir las MiPymes para ser parte del programa?<\/li>\n<\/ol>\n\n\n\n<figure class=\"wp-block-image size-large\"><img decoding=\"async\" width=\"1024\" height=\"682\" data-src=\"https:\/\/tuguia.combarranquilla.co\/Revista\/wp-content\/uploads\/2025\/02\/WhatsApp-Image-2025-02-18-at-1.20.55-PM-1024x682.jpeg\" alt=\"\" class=\"wp-image-5728 lazyload\" data-srcset=\"https:\/\/tuguia.combarranquilla.co\/Revista\/wp-content\/uploads\/2025\/02\/WhatsApp-Image-2025-02-18-at-1.20.55-PM-1024x682.jpeg 1024w, https:\/\/tuguia.combarranquilla.co\/Revista\/wp-content\/uploads\/2025\/02\/WhatsApp-Image-2025-02-18-at-1.20.55-PM-300x200.jpeg 300w, https:\/\/tuguia.combarranquilla.co\/Revista\/wp-content\/uploads\/2025\/02\/WhatsApp-Image-2025-02-18-at-1.20.55-PM-768x512.jpeg 768w, https:\/\/tuguia.combarranquilla.co\/Revista\/wp-content\/uploads\/2025\/02\/WhatsApp-Image-2025-02-18-at-1.20.55-PM-1536x1023.jpeg 1536w, https:\/\/tuguia.combarranquilla.co\/Revista\/wp-content\/uploads\/2025\/02\/WhatsApp-Image-2025-02-18-at-1.20.55-PM.jpeg 1600w\" data-sizes=\"(max-width: 1024px) 100vw, 1024px\" src=\"data:image\/svg+xml;base64,PHN2ZyB3aWR0aD0iMSIgaGVpZ2h0PSIxIiB4bWxucz0iaHR0cDovL3d3dy53My5vcmcvMjAwMC9zdmciPjwvc3ZnPg==\" style=\"--smush-placeholder-width: 1024px; --smush-placeholder-aspect-ratio: 1024\/682;\" \/><\/figure>\n\n\n\n<p>\u201cEstamos satisfechos de estar aqu\u00ed como firma consultora apoyando este programa de Crecemos Contigo. Vamos a dedicarle 40 horas a las empresas con consultor\u00edas de calidad, las cuales tendr\u00e1n una certificaci\u00f3n a las empresas que se vinculen. Es una gran oportunidad que ofrece Combarranquilla para fortalecer algunos de los procesos organizacionales que te permitir\u00e1n crecer de manera sostenible\u201d, afirm\u00f3 Sim\u00f3n Bol\u00edvar, director del Icontec.<\/p>\n\n\n\n<p>Esta primera convocatoria del a\u00f1o representa una oportunidad invaluable para que las empresas en busca de crecimiento se posicionen en el mercado empresarial, accediendo a recursos y conocimientos que les permitir\u00e1n alcanzar nuevos niveles de \u00e9xito. \u201cHoy hacemos apertura de nuestra convocatoria del 2025. Este es un programa que est\u00e1 dise\u00f1ado para nuestras empresas afiliadas. Los invitamos a que se inscriban y a que conozcan nuestros servicios de asesor\u00edas especializadas y personalizadas solo para ustedes\u201d, indic\u00f3 Sandra.<\/p>\n\n\n<div class=\"wp-block-image\">\n<figure class=\"aligncenter size-large\"><img decoding=\"async\" width=\"1024\" height=\"682\" data-src=\"https:\/\/tuguia.combarranquilla.co\/Revista\/wp-content\/uploads\/2025\/02\/WhatsApp-Image-2025-02-18-at-1.20.56-PM-1-1024x682.jpeg\" alt=\"\" class=\"wp-image-5729 lazyload\" data-srcset=\"https:\/\/tuguia.combarranquilla.co\/Revista\/wp-content\/uploads\/2025\/02\/WhatsApp-Image-2025-02-18-at-1.20.56-PM-1-1024x682.jpeg 1024w, https:\/\/tuguia.combarranquilla.co\/Revista\/wp-content\/uploads\/2025\/02\/WhatsApp-Image-2025-02-18-at-1.20.56-PM-1-300x200.jpeg 300w, https:\/\/tuguia.combarranquilla.co\/Revista\/wp-content\/uploads\/2025\/02\/WhatsApp-Image-2025-02-18-at-1.20.56-PM-1-768x512.jpeg 768w, https:\/\/tuguia.combarranquilla.co\/Revista\/wp-content\/uploads\/2025\/02\/WhatsApp-Image-2025-02-18-at-1.20.56-PM-1-1536x1023.jpeg 1536w, https:\/\/tuguia.combarranquilla.co\/Revista\/wp-content\/uploads\/2025\/02\/WhatsApp-Image-2025-02-18-at-1.20.56-PM-1.jpeg 1600w\" data-sizes=\"(max-width: 1024px) 100vw, 1024px\" src=\"data:image\/svg+xml;base64,PHN2ZyB3aWR0aD0iMSIgaGVpZ2h0PSIxIiB4bWxucz0iaHR0cDovL3d3dy53My5vcmcvMjAwMC9zdmciPjwvc3ZnPg==\" style=\"--smush-placeholder-width: 1024px; --smush-placeholder-aspect-ratio: 1024\/682;\" \/><\/figure><\/div>\n\n\n<p>Si eres una MiPyme interesada en ser parte de este programa, te invitamos a sumarte a esta iniciativa y dar el siguiente paso hacia el crecimiento de tu negocio.<\/p>\n\n\n\n<p>\u00a1Cont\u00e1ctanos! 3160232622<\/p>\n","protected":false},"excerpt":{"rendered":"<p>Hoy llevamos a cabo un evento clave para el crecimiento de las MiPymes del departamento, una convocatoria liderada por el programa Crecemos Contigo de Combarranquilla que busca impulsar el desarrollo empresarial a trav\u00e9s de asesor\u00edas especializadas, consultor\u00edas y oportunidades de negocio. \u201cEn el Programa de Fomento y Desarrollo Empresarial, Crecemos Contigo, brindamos acompa\u00f1amiento en \u00e1reas [&hellip;]<\/p>\n","protected":false},"author":2,"featured_media":5726,"comment_status":"open","ping_status":"open","sticky":false,"template":"","format":"standard","meta":{"inline_featured_image":false,"footnotes":""},"categories":[6],"tags":[],"class_list":["post-5725","post","type-post","status-publish","format-standard","has-post-thumbnail","hentry","category-empleabilidad"],"yoast_head":"<!-- This site is optimized with the Yoast SEO plugin v27.4 - https:\/\/yoast.com\/product\/yoast-seo-wordpress\/ -->\n<title>M\u00e1s de 50 MiPymes asistieron a la 1\u00b0 Convocatoria 2025 del Programa Crecemos Contigo - Tu Gu\u00eda<\/title>\n<meta name=\"robots\" content=\"index, follow, max-snippet:-1, max-image-preview:large, max-video-preview:-1\" \/>\n<link rel=\"canonical\" href=\"https:\/\/tuguia.combarranquilla.co\/Revista\/mas-de-50-mipymes-asistieron-a-la-1-convocatoria-2025-del-programa-crecemos-contigo\/\" \/>\n<meta property=\"og:locale\" content=\"es_ES\" \/>\n<meta property=\"og:type\" content=\"article\" \/>\n<meta property=\"og:title\" content=\"M\u00e1s de 50 MiPymes asistieron a la 1\u00b0 Convocatoria 2025 del Programa Crecemos Contigo - Tu Gu\u00eda\" \/>\n<meta property=\"og:description\" content=\"Hoy llevamos a cabo un evento clave para el crecimiento de las MiPymes del departamento, una convocatoria liderada por el programa Crecemos Contigo de Combarranquilla que busca impulsar el desarrollo empresarial a trav\u00e9s de asesor\u00edas especializadas, consultor\u00edas y oportunidades de negocio. \u201cEn el Programa de Fomento y Desarrollo Empresarial, Crecemos Contigo, brindamos acompa\u00f1amiento en \u00e1reas [&hellip;]\" \/>\n<meta property=\"og:url\" content=\"https:\/\/tuguia.combarranquilla.co\/Revista\/mas-de-50-mipymes-asistieron-a-la-1-convocatoria-2025-del-programa-crecemos-contigo\/\" \/>\n<meta property=\"og:site_name\" content=\"Tu Gu\u00eda\" \/>\n<meta property=\"article:published_time\" content=\"2025-02-18T18:43:43+00:00\" \/>\n<meta property=\"article:modified_time\" content=\"2025-02-18T18:44:47+00:00\" \/>\n<meta property=\"og:image\" content=\"https:\/\/tuguia.combarranquilla.co\/Revista\/wp-content\/uploads\/2025\/02\/WhatsApp-Image-2025-02-18-at-1.20.57-PM-1.jpeg\" \/>\n\t<meta property=\"og:image:width\" content=\"1600\" \/>\n\t<meta property=\"og:image:height\" content=\"1066\" \/>\n\t<meta property=\"og:image:type\" content=\"image\/jpeg\" \/>\n<meta name=\"author\" content=\"Comunicaciones Combarranquilla\" \/>\n<meta name=\"twitter:card\" content=\"summary_large_image\" \/>\n<meta name=\"twitter:label1\" content=\"Escrito por\" \/>\n\t<meta name=\"twitter:data1\" content=\"Comunicaciones Combarranquilla\" \/>\n\t<meta name=\"twitter:label2\" content=\"Tiempo de lectura\" \/>\n\t<meta name=\"twitter:data2\" content=\"3 minutos\" \/>\n<script type=\"application\/ld+json\" class=\"yoast-schema-graph\">{\"@context\":\"https:\\\/\\\/schema.org\",\"@graph\":[{\"@type\":\"Article\",\"@id\":\"https:\\\/\\\/tuguia.combarranquilla.co\\\/Revista\\\/mas-de-50-mipymes-asistieron-a-la-1-convocatoria-2025-del-programa-crecemos-contigo\\\/#article\",\"isPartOf\":{\"@id\":\"https:\\\/\\\/tuguia.combarranquilla.co\\\/Revista\\\/mas-de-50-mipymes-asistieron-a-la-1-convocatoria-2025-del-programa-crecemos-contigo\\\/\"},\"author\":{\"name\":\"Comunicaciones Combarranquilla\",\"@id\":\"https:\\\/\\\/tuguia.combarranquilla.co\\\/Revista\\\/#\\\/schema\\\/person\\\/c2c396a77170bd1d5f8ba73294eb0d10\"},\"headline\":\"M\u00e1s de 50 MiPymes asistieron a la 1\u00b0 Convocatoria 2025 del Programa Crecemos Contigo\",\"datePublished\":\"2025-02-18T18:43:43+00:00\",\"dateModified\":\"2025-02-18T18:44:47+00:00\",\"mainEntityOfPage\":{\"@id\":\"https:\\\/\\\/tuguia.combarranquilla.co\\\/Revista\\\/mas-de-50-mipymes-asistieron-a-la-1-convocatoria-2025-del-programa-crecemos-contigo\\\/\"},\"wordCount\":349,\"commentCount\":0,\"publisher\":{\"@id\":\"https:\\\/\\\/tuguia.combarranquilla.co\\\/Revista\\\/#organization\"},\"image\":{\"@id\":\"https:\\\/\\\/tuguia.combarranquilla.co\\\/Revista\\\/mas-de-50-mipymes-asistieron-a-la-1-convocatoria-2025-del-programa-crecemos-contigo\\\/#primaryimage\"},\"thumbnailUrl\":\"https:\\\/\\\/tuguia.combarranquilla.co\\\/Revista\\\/wp-content\\\/uploads\\\/2025\\\/02\\\/WhatsApp-Image-2025-02-18-at-1.20.57-PM-1.jpeg\",\"articleSection\":[\"EMPLEABILIDAD\"],\"inLanguage\":\"es-CO\",\"potentialAction\":[{\"@type\":\"CommentAction\",\"name\":\"Comment\",\"target\":[\"https:\\\/\\\/tuguia.combarranquilla.co\\\/Revista\\\/mas-de-50-mipymes-asistieron-a-la-1-convocatoria-2025-del-programa-crecemos-contigo\\\/#respond\"]}]},{\"@type\":\"WebPage\",\"@id\":\"https:\\\/\\\/tuguia.combarranquilla.co\\\/Revista\\\/mas-de-50-mipymes-asistieron-a-la-1-convocatoria-2025-del-programa-crecemos-contigo\\\/\",\"url\":\"https:\\\/\\\/tuguia.combarranquilla.co\\\/Revista\\\/mas-de-50-mipymes-asistieron-a-la-1-convocatoria-2025-del-programa-crecemos-contigo\\\/\",\"name\":\"M\u00e1s de 50 MiPymes asistieron a la 1\u00b0 Convocatoria 2025 del Programa Crecemos Contigo - Tu Gu\u00eda\",\"isPartOf\":{\"@id\":\"https:\\\/\\\/tuguia.combarranquilla.co\\\/Revista\\\/#website\"},\"primaryImageOfPage\":{\"@id\":\"https:\\\/\\\/tuguia.combarranquilla.co\\\/Revista\\\/mas-de-50-mipymes-asistieron-a-la-1-convocatoria-2025-del-programa-crecemos-contigo\\\/#primaryimage\"},\"image\":{\"@id\":\"https:\\\/\\\/tuguia.combarranquilla.co\\\/Revista\\\/mas-de-50-mipymes-asistieron-a-la-1-convocatoria-2025-del-programa-crecemos-contigo\\\/#primaryimage\"},\"thumbnailUrl\":\"https:\\\/\\\/tuguia.combarranquilla.co\\\/Revista\\\/wp-content\\\/uploads\\\/2025\\\/02\\\/WhatsApp-Image-2025-02-18-at-1.20.57-PM-1.jpeg\",\"datePublished\":\"2025-02-18T18:43:43+00:00\",\"dateModified\":\"2025-02-18T18:44:47+00:00\",\"breadcrumb\":{\"@id\":\"https:\\\/\\\/tuguia.combarranquilla.co\\\/Revista\\\/mas-de-50-mipymes-asistieron-a-la-1-convocatoria-2025-del-programa-crecemos-contigo\\\/#breadcrumb\"},\"inLanguage\":\"es-CO\",\"potentialAction\":[{\"@type\":\"ReadAction\",\"target\":[\"https:\\\/\\\/tuguia.combarranquilla.co\\\/Revista\\\/mas-de-50-mipymes-asistieron-a-la-1-convocatoria-2025-del-programa-crecemos-contigo\\\/\"]}]},{\"@type\":\"ImageObject\",\"inLanguage\":\"es-CO\",\"@id\":\"https:\\\/\\\/tuguia.combarranquilla.co\\\/Revista\\\/mas-de-50-mipymes-asistieron-a-la-1-convocatoria-2025-del-programa-crecemos-contigo\\\/#primaryimage\",\"url\":\"https:\\\/\\\/tuguia.combarranquilla.co\\\/Revista\\\/wp-content\\\/uploads\\\/2025\\\/02\\\/WhatsApp-Image-2025-02-18-at-1.20.57-PM-1.jpeg\",\"contentUrl\":\"https:\\\/\\\/tuguia.combarranquilla.co\\\/Revista\\\/wp-content\\\/uploads\\\/2025\\\/02\\\/WhatsApp-Image-2025-02-18-at-1.20.57-PM-1.jpeg\",\"width\":1600,\"height\":1066},{\"@type\":\"BreadcrumbList\",\"@id\":\"https:\\\/\\\/tuguia.combarranquilla.co\\\/Revista\\\/mas-de-50-mipymes-asistieron-a-la-1-convocatoria-2025-del-programa-crecemos-contigo\\\/#breadcrumb\",\"itemListElement\":[{\"@type\":\"ListItem\",\"position\":1,\"name\":\"Inicio\",\"item\":\"https:\\\/\\\/tuguia.combarranquilla.co\\\/Revista\\\/\"},{\"@type\":\"ListItem\",\"position\":2,\"name\":\"M\u00e1s de 50 MiPymes asistieron a la 1\u00b0 Convocatoria 2025 del Programa Crecemos Contigo\"}]},{\"@type\":\"WebSite\",\"@id\":\"https:\\\/\\\/tuguia.combarranquilla.co\\\/Revista\\\/#website\",\"url\":\"https:\\\/\\\/tuguia.combarranquilla.co\\\/Revista\\\/\",\"name\":\"Tu Gu\u00eda\",\"description\":\"La revista donde lo tienes todo.\",\"publisher\":{\"@id\":\"https:\\\/\\\/tuguia.combarranquilla.co\\\/Revista\\\/#organization\"},\"alternateName\":\"Tu Gu\u00eda Combarranquilla\",\"potentialAction\":[{\"@type\":\"SearchAction\",\"target\":{\"@type\":\"EntryPoint\",\"urlTemplate\":\"https:\\\/\\\/tuguia.combarranquilla.co\\\/Revista\\\/?s={search_term_string}\"},\"query-input\":{\"@type\":\"PropertyValueSpecification\",\"valueRequired\":true,\"valueName\":\"search_term_string\"}}],\"inLanguage\":\"es-CO\"},{\"@type\":\"Organization\",\"@id\":\"https:\\\/\\\/tuguia.combarranquilla.co\\\/Revista\\\/#organization\",\"name\":\"Tu Gu\u00eda Combarranquilla\",\"url\":\"https:\\\/\\\/tuguia.combarranquilla.co\\\/Revista\\\/\",\"logo\":{\"@type\":\"ImageObject\",\"inLanguage\":\"es-CO\",\"@id\":\"https:\\\/\\\/tuguia.combarranquilla.co\\\/Revista\\\/#\\\/schema\\\/logo\\\/image\\\/\",\"url\":\"https:\\\/\\\/tuguia.combarranquilla.co\\\/Revista\\\/wp-content\\\/uploads\\\/2022\\\/02\\\/logo-guia-combarranquilla.svg\",\"contentUrl\":\"https:\\\/\\\/tuguia.combarranquilla.co\\\/Revista\\\/wp-content\\\/uploads\\\/2022\\\/02\\\/logo-guia-combarranquilla.svg\",\"caption\":\"Tu Gu\u00eda Combarranquilla\"},\"image\":{\"@id\":\"https:\\\/\\\/tuguia.combarranquilla.co\\\/Revista\\\/#\\\/schema\\\/logo\\\/image\\\/\"}},{\"@type\":\"Person\",\"@id\":\"https:\\\/\\\/tuguia.combarranquilla.co\\\/Revista\\\/#\\\/schema\\\/person\\\/c2c396a77170bd1d5f8ba73294eb0d10\",\"name\":\"Comunicaciones Combarranquilla\",\"image\":{\"@type\":\"ImageObject\",\"inLanguage\":\"es-CO\",\"@id\":\"https:\\\/\\\/tuguia.combarranquilla.co\\\/Revista\\\/wp-content\\\/uploads\\\/2025\\\/05\\\/ABC-Al-Rojo-Logo-96x96.jpg\",\"url\":\"https:\\\/\\\/tuguia.combarranquilla.co\\\/Revista\\\/wp-content\\\/uploads\\\/2025\\\/05\\\/ABC-Al-Rojo-Logo-96x96.jpg\",\"contentUrl\":\"https:\\\/\\\/tuguia.combarranquilla.co\\\/Revista\\\/wp-content\\\/uploads\\\/2025\\\/05\\\/ABC-Al-Rojo-Logo-96x96.jpg\",\"caption\":\"Comunicaciones Combarranquilla\"},\"sameAs\":[\"https:\\\/\\\/www.combarranquilla.co\"],\"url\":\"https:\\\/\\\/tuguia.combarranquilla.co\\\/Revista\\\/author\\\/comunicaciones\\\/\"}]}<\/script>\n<!-- \/ Yoast SEO plugin. -->","yoast_head_json":{"title":"M\u00e1s de 50 MiPymes asistieron a la 1\u00b0 Convocatoria 2025 del Programa Crecemos Contigo - Tu Gu\u00eda","robots":{"index":"index","follow":"follow","max-snippet":"max-snippet:-1","max-image-preview":"max-image-preview:large","max-video-preview":"max-video-preview:-1"},"canonical":"https:\/\/tuguia.combarranquilla.co\/Revista\/mas-de-50-mipymes-asistieron-a-la-1-convocatoria-2025-del-programa-crecemos-contigo\/","og_locale":"es_ES","og_type":"article","og_title":"M\u00e1s de 50 MiPymes asistieron a la 1\u00b0 Convocatoria 2025 del Programa Crecemos Contigo - Tu Gu\u00eda","og_description":"Hoy llevamos a cabo un evento clave para el crecimiento de las MiPymes del departamento, una convocatoria liderada por el programa Crecemos Contigo de Combarranquilla que busca impulsar el desarrollo empresarial a trav\u00e9s de asesor\u00edas especializadas, consultor\u00edas y oportunidades de negocio. \u201cEn el Programa de Fomento y Desarrollo Empresarial, Crecemos Contigo, brindamos acompa\u00f1amiento en \u00e1reas [&hellip;]","og_url":"https:\/\/tuguia.combarranquilla.co\/Revista\/mas-de-50-mipymes-asistieron-a-la-1-convocatoria-2025-del-programa-crecemos-contigo\/","og_site_name":"Tu Gu\u00eda","article_published_time":"2025-02-18T18:43:43+00:00","article_modified_time":"2025-02-18T18:44:47+00:00","og_image":[{"width":1600,"height":1066,"url":"https:\/\/tuguia.combarranquilla.co\/Revista\/wp-content\/uploads\/2025\/02\/WhatsApp-Image-2025-02-18-at-1.20.57-PM-1.jpeg","type":"image\/jpeg"}],"author":"Comunicaciones Combarranquilla","twitter_card":"summary_large_image","twitter_misc":{"Escrito por":"Comunicaciones Combarranquilla","Tiempo de lectura":"3 minutos"},"schema":{"@context":"https:\/\/schema.org","@graph":[{"@type":"Article","@id":"https:\/\/tuguia.combarranquilla.co\/Revista\/mas-de-50-mipymes-asistieron-a-la-1-convocatoria-2025-del-programa-crecemos-contigo\/#article","isPartOf":{"@id":"https:\/\/tuguia.combarranquilla.co\/Revista\/mas-de-50-mipymes-asistieron-a-la-1-convocatoria-2025-del-programa-crecemos-contigo\/"},"author":{"name":"Comunicaciones Combarranquilla","@id":"https:\/\/tuguia.combarranquilla.co\/Revista\/#\/schema\/person\/c2c396a77170bd1d5f8ba73294eb0d10"},"headline":"M\u00e1s de 50 MiPymes asistieron a la 1\u00b0 Convocatoria 2025 del Programa Crecemos Contigo","datePublished":"2025-02-18T18:43:43+00:00","dateModified":"2025-02-18T18:44:47+00:00","mainEntityOfPage":{"@id":"https:\/\/tuguia.combarranquilla.co\/Revista\/mas-de-50-mipymes-asistieron-a-la-1-convocatoria-2025-del-programa-crecemos-contigo\/"},"wordCount":349,"commentCount":0,"publisher":{"@id":"https:\/\/tuguia.combarranquilla.co\/Revista\/#organization"},"image":{"@id":"https:\/\/tuguia.combarranquilla.co\/Revista\/mas-de-50-mipymes-asistieron-a-la-1-convocatoria-2025-del-programa-crecemos-contigo\/#primaryimage"},"thumbnailUrl":"https:\/\/tuguia.combarranquilla.co\/Revista\/wp-content\/uploads\/2025\/02\/WhatsApp-Image-2025-02-18-at-1.20.57-PM-1.jpeg","articleSection":["EMPLEABILIDAD"],"inLanguage":"es-CO","potentialAction":[{"@type":"CommentAction","name":"Comment","target":["https:\/\/tuguia.combarranquilla.co\/Revista\/mas-de-50-mipymes-asistieron-a-la-1-convocatoria-2025-del-programa-crecemos-contigo\/#respond"]}]},{"@type":"WebPage","@id":"https:\/\/tuguia.combarranquilla.co\/Revista\/mas-de-50-mipymes-asistieron-a-la-1-convocatoria-2025-del-programa-crecemos-contigo\/","url":"https:\/\/tuguia.combarranquilla.co\/Revista\/mas-de-50-mipymes-asistieron-a-la-1-convocatoria-2025-del-programa-crecemos-contigo\/","name":"M\u00e1s de 50 MiPymes asistieron a la 1\u00b0 Convocatoria 2025 del Programa Crecemos Contigo - Tu Gu\u00eda","isPartOf":{"@id":"https:\/\/tuguia.combarranquilla.co\/Revista\/#website"},"primaryImageOfPage":{"@id":"https:\/\/tuguia.combarranquilla.co\/Revista\/mas-de-50-mipymes-asistieron-a-la-1-convocatoria-2025-del-programa-crecemos-contigo\/#primaryimage"},"image":{"@id":"https:\/\/tuguia.combarranquilla.co\/Revista\/mas-de-50-mipymes-asistieron-a-la-1-convocatoria-2025-del-programa-crecemos-contigo\/#primaryimage"},"thumbnailUrl":"https:\/\/tuguia.combarranquilla.co\/Revista\/wp-content\/uploads\/2025\/02\/WhatsApp-Image-2025-02-18-at-1.20.57-PM-1.jpeg","datePublished":"2025-02-18T18:43:43+00:00","dateModified":"2025-02-18T18:44:47+00:00","breadcrumb":{"@id":"https:\/\/tuguia.combarranquilla.co\/Revista\/mas-de-50-mipymes-asistieron-a-la-1-convocatoria-2025-del-programa-crecemos-contigo\/#breadcrumb"},"inLanguage":"es-CO","potentialAction":[{"@type":"ReadAction","target":["https:\/\/tuguia.combarranquilla.co\/Revista\/mas-de-50-mipymes-asistieron-a-la-1-convocatoria-2025-del-programa-crecemos-contigo\/"]}]},{"@type":"ImageObject","inLanguage":"es-CO","@id":"https:\/\/tuguia.combarranquilla.co\/Revista\/mas-de-50-mipymes-asistieron-a-la-1-convocatoria-2025-del-programa-crecemos-contigo\/#primaryimage","url":"https:\/\/tuguia.combarranquilla.co\/Revista\/wp-content\/uploads\/2025\/02\/WhatsApp-Image-2025-02-18-at-1.20.57-PM-1.jpeg","contentUrl":"https:\/\/tuguia.combarranquilla.co\/Revista\/wp-content\/uploads\/2025\/02\/WhatsApp-Image-2025-02-18-at-1.20.57-PM-1.jpeg","width":1600,"height":1066},{"@type":"BreadcrumbList","@id":"https:\/\/tuguia.combarranquilla.co\/Revista\/mas-de-50-mipymes-asistieron-a-la-1-convocatoria-2025-del-programa-crecemos-contigo\/#breadcrumb","itemListElement":[{"@type":"ListItem","position":1,"name":"Inicio","item":"https:\/\/tuguia.combarranquilla.co\/Revista\/"},{"@type":"ListItem","position":2,"name":"M\u00e1s de 50 MiPymes asistieron a la 1\u00b0 Convocatoria 2025 del Programa Crecemos Contigo"}]},{"@type":"WebSite","@id":"https:\/\/tuguia.combarranquilla.co\/Revista\/#website","url":"https:\/\/tuguia.combarranquilla.co\/Revista\/","name":"Tu Gu\u00eda","description":"La revista donde lo tienes todo.","publisher":{"@id":"https:\/\/tuguia.combarranquilla.co\/Revista\/#organization"},"alternateName":"Tu Gu\u00eda Combarranquilla","potentialAction":[{"@type":"SearchAction","target":{"@type":"EntryPoint","urlTemplate":"https:\/\/tuguia.combarranquilla.co\/Revista\/?s={search_term_string}"},"query-input":{"@type":"PropertyValueSpecification","valueRequired":true,"valueName":"search_term_string"}}],"inLanguage":"es-CO"},{"@type":"Organization","@id":"https:\/\/tuguia.combarranquilla.co\/Revista\/#organization","name":"Tu Gu\u00eda Combarranquilla","url":"https:\/\/tuguia.combarranquilla.co\/Revista\/","logo":{"@type":"ImageObject","inLanguage":"es-CO","@id":"https:\/\/tuguia.combarranquilla.co\/Revista\/#\/schema\/logo\/image\/","url":"https:\/\/tuguia.combarranquilla.co\/Revista\/wp-content\/uploads\/2022\/02\/logo-guia-combarranquilla.svg","contentUrl":"https:\/\/tuguia.combarranquilla.co\/Revista\/wp-content\/uploads\/2022\/02\/logo-guia-combarranquilla.svg","caption":"Tu Gu\u00eda Combarranquilla"},"image":{"@id":"https:\/\/tuguia.combarranquilla.co\/Revista\/#\/schema\/logo\/image\/"}},{"@type":"Person","@id":"https:\/\/tuguia.combarranquilla.co\/Revista\/#\/schema\/person\/c2c396a77170bd1d5f8ba73294eb0d10","name":"Comunicaciones Combarranquilla","image":{"@type":"ImageObject","inLanguage":"es-CO","@id":"https:\/\/tuguia.combarranquilla.co\/Revista\/wp-content\/uploads\/2025\/05\/ABC-Al-Rojo-Logo-96x96.jpg","url":"https:\/\/tuguia.combarranquilla.co\/Revista\/wp-content\/uploads\/2025\/05\/ABC-Al-Rojo-Logo-96x96.jpg","contentUrl":"https:\/\/tuguia.combarranquilla.co\/Revista\/wp-content\/uploads\/2025\/05\/ABC-Al-Rojo-Logo-96x96.jpg","caption":"Comunicaciones Combarranquilla"},"sameAs":["https:\/\/www.combarranquilla.co"],"url":"https:\/\/tuguia.combarranquilla.co\/Revista\/author\/comunicaciones\/"}]}},"_links":{"self":[{"href":"https:\/\/tuguia.combarranquilla.co\/Revista\/wp-json\/wp\/v2\/posts\/5725","targetHints":{"allow":["GET"]}}],"collection":[{"href":"https:\/\/tuguia.combarranquilla.co\/Revista\/wp-json\/wp\/v2\/posts"}],"about":[{"href":"https:\/\/tuguia.combarranquilla.co\/Revista\/wp-json\/wp\/v2\/types\/post"}],"author":[{"embeddable":true,"href":"https:\/\/tuguia.combarranquilla.co\/Revista\/wp-json\/wp\/v2\/users\/2"}],"replies":[{"embeddable":true,"href":"https:\/\/tuguia.combarranquilla.co\/Revista\/wp-json\/wp\/v2\/comments?post=5725"}],"version-history":[{"count":1,"href":"https:\/\/tuguia.combarranquilla.co\/Revista\/wp-json\/wp\/v2\/posts\/5725\/revisions"}],"predecessor-version":[{"id":5730,"href":"https:\/\/tuguia.combarranquilla.co\/Revista\/wp-json\/wp\/v2\/posts\/5725\/revisions\/5730"}],"wp:featuredmedia":[{"embeddable":true,"href":"https:\/\/tuguia.combarranquilla.co\/Revista\/wp-json\/wp\/v2\/media\/5726"}],"wp:attachment":[{"href":"https:\/\/tuguia.combarranquilla.co\/Revista\/wp-json\/wp\/v2\/media?parent=5725"}],"wp:term":[{"taxonomy":"category","embeddable":true,"href":"https:\/\/tuguia.combarranquilla.co\/Revista\/wp-json\/wp\/v2\/categories?post=5725"},{"taxonomy":"post_tag","embeddable":true,"href":"https:\/\/tuguia.combarranquilla.co\/Revista\/wp-json\/wp\/v2\/tags?post=5725"}],"curies":[{"name":"wp","href":"https:\/\/api.w.org\/{rel}","templated":true}]}}