{"id":5741,"date":"2025-02-04T09:08:10","date_gmt":"2025-02-04T14:08:10","guid":{"rendered":"https:\/\/tuguia.combarranquilla.co\/Revista\/?p=5741"},"modified":"2025-02-26T16:13:28","modified_gmt":"2025-02-26T21:13:28","slug":"en-barranquilla-se-baila-asi-y-vive-la-bacaneria-de-la-tradicion-y-cultura-del-carnaval-2025","status":"publish","type":"post","link":"https:\/\/tuguia.combarranquilla.co\/Revista\/en-barranquilla-se-baila-asi-y-vive-la-bacaneria-de-la-tradicion-y-cultura-del-carnaval-2025\/","title":{"rendered":"En Barranquilla Se Baila As\u00ed y vive la bacaner\u00eda de la tradici\u00f3n y cultura del Carnaval 2025"},"content":{"rendered":"\n<p>Barranquilla est\u00e1 lista para recibir a personas de todo el pa\u00eds para disfrutar el folclor del Carnaval de la ciudad en su versi\u00f3n 2025. La Guacherna ser\u00e1 el pr\u00f3ximo 21 de febrero, el cu\u00e1l es uno de los eventos que abren firme las festividades en \u2018La Arenosa\u2019, tierra de cumbia, espuma, maicena y fantas\u00eda para quienes gozan mientras viven el carnaval. \u00bfEstar\u00e1s por estos d\u00edas en la ciudad? Desde Combarranquilla te indicamos qu\u00e9 puedes hacer y a d\u00f3nde ir en estas fiestas.<\/p>\n\n\n\n<p><strong>Guacherna<\/strong><strong><\/strong><\/p>\n\n\n\n<p>Con la Guacherna en Carnaval, los barranquilleros ya hacen cuenta regresiva a la Batalla de Flores. Las comparsas comenzar\u00e1n su recorrido en la Carrera 44 desde la Calle 70 y finalizar\u00e1 en la Calle 48 con Carrera 54. Un margen importante para que los \u2018curramberos\u2019 disfruten del mejor\u00a0 baile de cada una de las comparsas que se encuentran inscritas en el desfile. Un momento cumbre para mostrarle al mundo c\u00f3mo se baila en Barranquilla.<\/p>\n\n\n\n<p><strong>Batalla de Flores &#8211; 1 Marzo<\/strong><strong><\/strong><\/p>\n\n\n\n<p>Con m\u00e1s de 120 a\u00f1os de historia, la <strong>Batalla de Flores<\/strong> es el evento m\u00e1s importante del Carnaval de Barranquilla. El General <strong>Heriberto Vengoechea<\/strong> cre\u00f3 la alegr\u00eda m\u00e1s grande para \u2018La Arenosa\u2019 en 1903 y fue para marcar la finalizaci\u00f3n de la Guerra de los mil d\u00edas. Este \u00faltimo acontecimiento fue el que ubic\u00f3 a Barranquilla en la historia del mundo. De igual manera, este desfile se caracteriza por el relacionamiento cultural entre reinas, m\u00fasica, bailes, danzas, artes esc\u00e9nicas y artes pl\u00e1sticas, definiendo una identidad para la ciudad y su folclor. Este evento se desarrollar\u00e1 el s\u00e1bado 1 de marzo en la V\u00eda 40 y 18 carrozas junto a las distintas comparsas ser\u00e1n las encargadas de animar a sus asistentes.<\/p>\n\n\n\n<p>Adem\u00e1s de la Batalla de Flores, el 1 de marzo tambi\u00e9n se realizar\u00e1 <strong>el desfile Rey Momo <\/strong>en la Calle 17 y dar\u00e1 inicio a las 2:00 p.m, de igual manera se realizar\u00e1 una nueva edici\u00f3n de<strong> Baila La Calle<\/strong> con su noche de orquestas, el evento dar\u00e1 inicio a las 5:00 p.m en la par vial Cra 50. Finalizando los eventos de este s\u00e1bado, se encuentra el <strong>Metroconcierto <\/strong>en el estadio Romelio Mart\u00ednez y que empezar\u00e1 a las 6:00 p.m.<\/p>\n\n\n\n<p><strong>Gran parada de Tradici\u00f3n &#8211; 2 de marzo<\/strong><strong><\/strong><\/p>\n\n\n\n<p>La <strong>Gran Parada de Tradici\u00f3n<\/strong> del Carnaval de Barranquilla dar\u00e1 inicio a las 12:00 M. Este desfile se realizar\u00e1 por la v\u00eda 40 y es el segundo evento de mayor renombre en fechas festivas en \u2018La Arenosa\u2019.&nbsp; Una hora m\u00e1s tarde, comenzar\u00e1 en la v\u00eda 40 <strong>La Gran parada de Comparsas. <\/strong>A las 5:00 p.m hay dos eventos en simult\u00e1neo en la ciudad. El primero es el <strong>Encuentro de comedias 3<\/strong>, el cu\u00e1l se llevar\u00e1 a cabo en el Parque Olaya, mientras que como se menciona, a esa misma hora dar\u00e1 inicio el segundo d\u00eda de <strong>Baila la calle <\/strong>con su nueva noche de orquestas. Las festividades del s\u00e1bado concluir\u00e1n con el <strong>Festival de Letan\u00edas<\/strong> en Barrio Abajo, el cu\u00e1l iniciar\u00e1 a las 7:00 p.m.<\/p>\n\n\n\n<p><strong>Lunes 3 y martes 4 de marzo<\/strong><strong><\/strong><\/p>\n\n\n\n<p>El \u00fanico evento programado para el lunes 3 de marzo es el <strong>Encuentro de Comedias 4<\/strong>. Este se realizar\u00e1 en el Parque Almendra a las 5:00 p.m.<\/p>\n\n\n\n<p>Por su parte, el <strong>Desfile de Joselito<\/strong>, se desarrollar\u00e1 con normalidad en la carrera 54. La hora a iniciar ser\u00eda a las 3:00 p.m y con este, se dar\u00eda por conclu\u00eddo el luto de los barranquilleros por la muerte de Joselito Carnaval.<\/p>\n\n\n\n<p>Esta agenda estar\u00e1 acompa\u00f1ada de dos fechas importantes. <strong>El 19 y 20 de febrero <\/strong>llega la embajadora de Barranquilla y Colombia en el mundo, la cantante <strong>Shakira <\/strong>dar\u00e1 dos presentaciones en el estadio Metropolitano de la ciudad. All\u00ed se reencontrar\u00e1 con su p\u00fablico despu\u00e9s de muchos a\u00f1os sin cantar en su tierra. <strong>Las Mujeres Ya No Lloran Tour<\/strong> pinta a ser uno de los eventos m\u00e1s emocionantes de Barranquilla y Colombia en este 2025. La \u2018Loba\u2019 llegar\u00e1 a su pa\u00eds natal, iniciando sus presentaciones en Barranquilla para luego continuar en Medell\u00edn y Bogot\u00e1.<\/p>\n","protected":false},"excerpt":{"rendered":"<p>Barranquilla est\u00e1 lista para recibir a personas de todo el pa\u00eds para disfrutar el folclor del Carnaval de la ciudad en su versi\u00f3n 2025. La Guacherna ser\u00e1 el pr\u00f3ximo 21 de febrero, el cu\u00e1l es uno de los eventos que abren firme las festividades en \u2018La Arenosa\u2019, tierra de cumbia, espuma, maicena y fantas\u00eda para [&hellip;]<\/p>\n","protected":false},"author":2,"featured_media":5756,"comment_status":"open","ping_status":"open","sticky":false,"template":"","format":"standard","meta":{"inline_featured_image":false,"footnotes":""},"categories":[1],"tags":[],"class_list":["post-5741","post","type-post","status-publish","format-standard","has-post-thumbnail","hentry","category-entretenimiento"],"yoast_head":"<!-- This site is optimized with the Yoast SEO plugin v27.4 - https:\/\/yoast.com\/product\/yoast-seo-wordpress\/ -->\n<title>En Barranquilla Se Baila As\u00ed y vive la bacaner\u00eda de la tradici\u00f3n y cultura del Carnaval 2025 - Tu Gu\u00eda<\/title>\n<meta name=\"robots\" content=\"index, follow, max-snippet:-1, max-image-preview:large, max-video-preview:-1\" \/>\n<link rel=\"canonical\" href=\"https:\/\/tuguia.combarranquilla.co\/Revista\/en-barranquilla-se-baila-asi-y-vive-la-bacaneria-de-la-tradicion-y-cultura-del-carnaval-2025\/\" \/>\n<meta property=\"og:locale\" content=\"es_ES\" \/>\n<meta property=\"og:type\" content=\"article\" \/>\n<meta property=\"og:title\" content=\"En Barranquilla Se Baila As\u00ed y vive la bacaner\u00eda de la tradici\u00f3n y cultura del Carnaval 2025 - Tu Gu\u00eda\" \/>\n<meta property=\"og:description\" content=\"Barranquilla est\u00e1 lista para recibir a personas de todo el pa\u00eds para disfrutar el folclor del Carnaval de la ciudad en su versi\u00f3n 2025. La Guacherna ser\u00e1 el pr\u00f3ximo 21 de febrero, el cu\u00e1l es uno de los eventos que abren firme las festividades en \u2018La Arenosa\u2019, tierra de cumbia, espuma, maicena y fantas\u00eda para [&hellip;]\" \/>\n<meta property=\"og:url\" content=\"https:\/\/tuguia.combarranquilla.co\/Revista\/en-barranquilla-se-baila-asi-y-vive-la-bacaneria-de-la-tradicion-y-cultura-del-carnaval-2025\/\" \/>\n<meta property=\"og:site_name\" content=\"Tu Gu\u00eda\" \/>\n<meta property=\"article:published_time\" content=\"2025-02-04T14:08:10+00:00\" \/>\n<meta property=\"article:modified_time\" content=\"2025-02-26T21:13:28+00:00\" \/>\n<meta property=\"og:image\" content=\"https:\/\/tuguia.combarranquilla.co\/Revista\/wp-content\/uploads\/2025\/02\/DSC02101-scaled.jpg\" \/>\n\t<meta property=\"og:image:width\" content=\"2560\" \/>\n\t<meta property=\"og:image:height\" content=\"1707\" \/>\n\t<meta property=\"og:image:type\" content=\"image\/jpeg\" \/>\n<meta name=\"author\" content=\"Comunicaciones Combarranquilla\" \/>\n<meta name=\"twitter:card\" content=\"summary_large_image\" \/>\n<meta name=\"twitter:label1\" content=\"Escrito por\" \/>\n\t<meta name=\"twitter:data1\" content=\"Comunicaciones Combarranquilla\" \/>\n\t<meta name=\"twitter:label2\" content=\"Tiempo de lectura\" \/>\n\t<meta name=\"twitter:data2\" content=\"4 minutos\" \/>\n<script type=\"application\/ld+json\" class=\"yoast-schema-graph\">{\"@context\":\"https:\\\/\\\/schema.org\",\"@graph\":[{\"@type\":\"Article\",\"@id\":\"https:\\\/\\\/tuguia.combarranquilla.co\\\/Revista\\\/en-barranquilla-se-baila-asi-y-vive-la-bacaneria-de-la-tradicion-y-cultura-del-carnaval-2025\\\/#article\",\"isPartOf\":{\"@id\":\"https:\\\/\\\/tuguia.combarranquilla.co\\\/Revista\\\/en-barranquilla-se-baila-asi-y-vive-la-bacaneria-de-la-tradicion-y-cultura-del-carnaval-2025\\\/\"},\"author\":{\"name\":\"Comunicaciones Combarranquilla\",\"@id\":\"https:\\\/\\\/tuguia.combarranquilla.co\\\/Revista\\\/#\\\/schema\\\/person\\\/c2c396a77170bd1d5f8ba73294eb0d10\"},\"headline\":\"En Barranquilla Se Baila As\u00ed y vive la bacaner\u00eda de la tradici\u00f3n y cultura del Carnaval 2025\",\"datePublished\":\"2025-02-04T14:08:10+00:00\",\"dateModified\":\"2025-02-26T21:13:28+00:00\",\"mainEntityOfPage\":{\"@id\":\"https:\\\/\\\/tuguia.combarranquilla.co\\\/Revista\\\/en-barranquilla-se-baila-asi-y-vive-la-bacaneria-de-la-tradicion-y-cultura-del-carnaval-2025\\\/\"},\"wordCount\":707,\"commentCount\":0,\"publisher\":{\"@id\":\"https:\\\/\\\/tuguia.combarranquilla.co\\\/Revista\\\/#organization\"},\"image\":{\"@id\":\"https:\\\/\\\/tuguia.combarranquilla.co\\\/Revista\\\/en-barranquilla-se-baila-asi-y-vive-la-bacaneria-de-la-tradicion-y-cultura-del-carnaval-2025\\\/#primaryimage\"},\"thumbnailUrl\":\"https:\\\/\\\/tuguia.combarranquilla.co\\\/Revista\\\/wp-content\\\/uploads\\\/2025\\\/02\\\/DSC02101-scaled.jpg\",\"articleSection\":[\"ENTRETENIMIENTO\"],\"inLanguage\":\"es-CO\",\"potentialAction\":[{\"@type\":\"CommentAction\",\"name\":\"Comment\",\"target\":[\"https:\\\/\\\/tuguia.combarranquilla.co\\\/Revista\\\/en-barranquilla-se-baila-asi-y-vive-la-bacaneria-de-la-tradicion-y-cultura-del-carnaval-2025\\\/#respond\"]}]},{\"@type\":\"WebPage\",\"@id\":\"https:\\\/\\\/tuguia.combarranquilla.co\\\/Revista\\\/en-barranquilla-se-baila-asi-y-vive-la-bacaneria-de-la-tradicion-y-cultura-del-carnaval-2025\\\/\",\"url\":\"https:\\\/\\\/tuguia.combarranquilla.co\\\/Revista\\\/en-barranquilla-se-baila-asi-y-vive-la-bacaneria-de-la-tradicion-y-cultura-del-carnaval-2025\\\/\",\"name\":\"En Barranquilla Se Baila As\u00ed y vive la bacaner\u00eda de la tradici\u00f3n y cultura del Carnaval 2025 - Tu Gu\u00eda\",\"isPartOf\":{\"@id\":\"https:\\\/\\\/tuguia.combarranquilla.co\\\/Revista\\\/#website\"},\"primaryImageOfPage\":{\"@id\":\"https:\\\/\\\/tuguia.combarranquilla.co\\\/Revista\\\/en-barranquilla-se-baila-asi-y-vive-la-bacaneria-de-la-tradicion-y-cultura-del-carnaval-2025\\\/#primaryimage\"},\"image\":{\"@id\":\"https:\\\/\\\/tuguia.combarranquilla.co\\\/Revista\\\/en-barranquilla-se-baila-asi-y-vive-la-bacaneria-de-la-tradicion-y-cultura-del-carnaval-2025\\\/#primaryimage\"},\"thumbnailUrl\":\"https:\\\/\\\/tuguia.combarranquilla.co\\\/Revista\\\/wp-content\\\/uploads\\\/2025\\\/02\\\/DSC02101-scaled.jpg\",\"datePublished\":\"2025-02-04T14:08:10+00:00\",\"dateModified\":\"2025-02-26T21:13:28+00:00\",\"breadcrumb\":{\"@id\":\"https:\\\/\\\/tuguia.combarranquilla.co\\\/Revista\\\/en-barranquilla-se-baila-asi-y-vive-la-bacaneria-de-la-tradicion-y-cultura-del-carnaval-2025\\\/#breadcrumb\"},\"inLanguage\":\"es-CO\",\"potentialAction\":[{\"@type\":\"ReadAction\",\"target\":[\"https:\\\/\\\/tuguia.combarranquilla.co\\\/Revista\\\/en-barranquilla-se-baila-asi-y-vive-la-bacaneria-de-la-tradicion-y-cultura-del-carnaval-2025\\\/\"]}]},{\"@type\":\"ImageObject\",\"inLanguage\":\"es-CO\",\"@id\":\"https:\\\/\\\/tuguia.combarranquilla.co\\\/Revista\\\/en-barranquilla-se-baila-asi-y-vive-la-bacaneria-de-la-tradicion-y-cultura-del-carnaval-2025\\\/#primaryimage\",\"url\":\"https:\\\/\\\/tuguia.combarranquilla.co\\\/Revista\\\/wp-content\\\/uploads\\\/2025\\\/02\\\/DSC02101-scaled.jpg\",\"contentUrl\":\"https:\\\/\\\/tuguia.combarranquilla.co\\\/Revista\\\/wp-content\\\/uploads\\\/2025\\\/02\\\/DSC02101-scaled.jpg\",\"width\":2560,\"height\":1707},{\"@type\":\"BreadcrumbList\",\"@id\":\"https:\\\/\\\/tuguia.combarranquilla.co\\\/Revista\\\/en-barranquilla-se-baila-asi-y-vive-la-bacaneria-de-la-tradicion-y-cultura-del-carnaval-2025\\\/#breadcrumb\",\"itemListElement\":[{\"@type\":\"ListItem\",\"position\":1,\"name\":\"Inicio\",\"item\":\"https:\\\/\\\/tuguia.combarranquilla.co\\\/Revista\\\/\"},{\"@type\":\"ListItem\",\"position\":2,\"name\":\"En Barranquilla Se Baila As\u00ed y vive la bacaner\u00eda de la tradici\u00f3n y cultura del Carnaval 2025\"}]},{\"@type\":\"WebSite\",\"@id\":\"https:\\\/\\\/tuguia.combarranquilla.co\\\/Revista\\\/#website\",\"url\":\"https:\\\/\\\/tuguia.combarranquilla.co\\\/Revista\\\/\",\"name\":\"Tu Gu\u00eda\",\"description\":\"La revista donde lo tienes todo.\",\"publisher\":{\"@id\":\"https:\\\/\\\/tuguia.combarranquilla.co\\\/Revista\\\/#organization\"},\"alternateName\":\"Tu Gu\u00eda Combarranquilla\",\"potentialAction\":[{\"@type\":\"SearchAction\",\"target\":{\"@type\":\"EntryPoint\",\"urlTemplate\":\"https:\\\/\\\/tuguia.combarranquilla.co\\\/Revista\\\/?s={search_term_string}\"},\"query-input\":{\"@type\":\"PropertyValueSpecification\",\"valueRequired\":true,\"valueName\":\"search_term_string\"}}],\"inLanguage\":\"es-CO\"},{\"@type\":\"Organization\",\"@id\":\"https:\\\/\\\/tuguia.combarranquilla.co\\\/Revista\\\/#organization\",\"name\":\"Tu Gu\u00eda Combarranquilla\",\"url\":\"https:\\\/\\\/tuguia.combarranquilla.co\\\/Revista\\\/\",\"logo\":{\"@type\":\"ImageObject\",\"inLanguage\":\"es-CO\",\"@id\":\"https:\\\/\\\/tuguia.combarranquilla.co\\\/Revista\\\/#\\\/schema\\\/logo\\\/image\\\/\",\"url\":\"https:\\\/\\\/tuguia.combarranquilla.co\\\/Revista\\\/wp-content\\\/uploads\\\/2022\\\/02\\\/logo-guia-combarranquilla.svg\",\"contentUrl\":\"https:\\\/\\\/tuguia.combarranquilla.co\\\/Revista\\\/wp-content\\\/uploads\\\/2022\\\/02\\\/logo-guia-combarranquilla.svg\",\"caption\":\"Tu Gu\u00eda Combarranquilla\"},\"image\":{\"@id\":\"https:\\\/\\\/tuguia.combarranquilla.co\\\/Revista\\\/#\\\/schema\\\/logo\\\/image\\\/\"}},{\"@type\":\"Person\",\"@id\":\"https:\\\/\\\/tuguia.combarranquilla.co\\\/Revista\\\/#\\\/schema\\\/person\\\/c2c396a77170bd1d5f8ba73294eb0d10\",\"name\":\"Comunicaciones Combarranquilla\",\"image\":{\"@type\":\"ImageObject\",\"inLanguage\":\"es-CO\",\"@id\":\"https:\\\/\\\/tuguia.combarranquilla.co\\\/Revista\\\/wp-content\\\/uploads\\\/2025\\\/05\\\/ABC-Al-Rojo-Logo-96x96.jpg\",\"url\":\"https:\\\/\\\/tuguia.combarranquilla.co\\\/Revista\\\/wp-content\\\/uploads\\\/2025\\\/05\\\/ABC-Al-Rojo-Logo-96x96.jpg\",\"contentUrl\":\"https:\\\/\\\/tuguia.combarranquilla.co\\\/Revista\\\/wp-content\\\/uploads\\\/2025\\\/05\\\/ABC-Al-Rojo-Logo-96x96.jpg\",\"caption\":\"Comunicaciones Combarranquilla\"},\"sameAs\":[\"https:\\\/\\\/www.combarranquilla.co\"],\"url\":\"https:\\\/\\\/tuguia.combarranquilla.co\\\/Revista\\\/author\\\/comunicaciones\\\/\"}]}<\/script>\n<!-- \/ Yoast SEO plugin. -->","yoast_head_json":{"title":"En Barranquilla Se Baila As\u00ed y vive la bacaner\u00eda de la tradici\u00f3n y cultura del Carnaval 2025 - Tu Gu\u00eda","robots":{"index":"index","follow":"follow","max-snippet":"max-snippet:-1","max-image-preview":"max-image-preview:large","max-video-preview":"max-video-preview:-1"},"canonical":"https:\/\/tuguia.combarranquilla.co\/Revista\/en-barranquilla-se-baila-asi-y-vive-la-bacaneria-de-la-tradicion-y-cultura-del-carnaval-2025\/","og_locale":"es_ES","og_type":"article","og_title":"En Barranquilla Se Baila As\u00ed y vive la bacaner\u00eda de la tradici\u00f3n y cultura del Carnaval 2025 - Tu Gu\u00eda","og_description":"Barranquilla est\u00e1 lista para recibir a personas de todo el pa\u00eds para disfrutar el folclor del Carnaval de la ciudad en su versi\u00f3n 2025. La Guacherna ser\u00e1 el pr\u00f3ximo 21 de febrero, el cu\u00e1l es uno de los eventos que abren firme las festividades en \u2018La Arenosa\u2019, tierra de cumbia, espuma, maicena y fantas\u00eda para [&hellip;]","og_url":"https:\/\/tuguia.combarranquilla.co\/Revista\/en-barranquilla-se-baila-asi-y-vive-la-bacaneria-de-la-tradicion-y-cultura-del-carnaval-2025\/","og_site_name":"Tu Gu\u00eda","article_published_time":"2025-02-04T14:08:10+00:00","article_modified_time":"2025-02-26T21:13:28+00:00","og_image":[{"width":2560,"height":1707,"url":"https:\/\/tuguia.combarranquilla.co\/Revista\/wp-content\/uploads\/2025\/02\/DSC02101-scaled.jpg","type":"image\/jpeg"}],"author":"Comunicaciones Combarranquilla","twitter_card":"summary_large_image","twitter_misc":{"Escrito por":"Comunicaciones Combarranquilla","Tiempo de lectura":"4 minutos"},"schema":{"@context":"https:\/\/schema.org","@graph":[{"@type":"Article","@id":"https:\/\/tuguia.combarranquilla.co\/Revista\/en-barranquilla-se-baila-asi-y-vive-la-bacaneria-de-la-tradicion-y-cultura-del-carnaval-2025\/#article","isPartOf":{"@id":"https:\/\/tuguia.combarranquilla.co\/Revista\/en-barranquilla-se-baila-asi-y-vive-la-bacaneria-de-la-tradicion-y-cultura-del-carnaval-2025\/"},"author":{"name":"Comunicaciones Combarranquilla","@id":"https:\/\/tuguia.combarranquilla.co\/Revista\/#\/schema\/person\/c2c396a77170bd1d5f8ba73294eb0d10"},"headline":"En Barranquilla Se Baila As\u00ed y vive la bacaner\u00eda de la tradici\u00f3n y cultura del Carnaval 2025","datePublished":"2025-02-04T14:08:10+00:00","dateModified":"2025-02-26T21:13:28+00:00","mainEntityOfPage":{"@id":"https:\/\/tuguia.combarranquilla.co\/Revista\/en-barranquilla-se-baila-asi-y-vive-la-bacaneria-de-la-tradicion-y-cultura-del-carnaval-2025\/"},"wordCount":707,"commentCount":0,"publisher":{"@id":"https:\/\/tuguia.combarranquilla.co\/Revista\/#organization"},"image":{"@id":"https:\/\/tuguia.combarranquilla.co\/Revista\/en-barranquilla-se-baila-asi-y-vive-la-bacaneria-de-la-tradicion-y-cultura-del-carnaval-2025\/#primaryimage"},"thumbnailUrl":"https:\/\/tuguia.combarranquilla.co\/Revista\/wp-content\/uploads\/2025\/02\/DSC02101-scaled.jpg","articleSection":["ENTRETENIMIENTO"],"inLanguage":"es-CO","potentialAction":[{"@type":"CommentAction","name":"Comment","target":["https:\/\/tuguia.combarranquilla.co\/Revista\/en-barranquilla-se-baila-asi-y-vive-la-bacaneria-de-la-tradicion-y-cultura-del-carnaval-2025\/#respond"]}]},{"@type":"WebPage","@id":"https:\/\/tuguia.combarranquilla.co\/Revista\/en-barranquilla-se-baila-asi-y-vive-la-bacaneria-de-la-tradicion-y-cultura-del-carnaval-2025\/","url":"https:\/\/tuguia.combarranquilla.co\/Revista\/en-barranquilla-se-baila-asi-y-vive-la-bacaneria-de-la-tradicion-y-cultura-del-carnaval-2025\/","name":"En Barranquilla Se Baila As\u00ed y vive la bacaner\u00eda de la tradici\u00f3n y cultura del Carnaval 2025 - Tu Gu\u00eda","isPartOf":{"@id":"https:\/\/tuguia.combarranquilla.co\/Revista\/#website"},"primaryImageOfPage":{"@id":"https:\/\/tuguia.combarranquilla.co\/Revista\/en-barranquilla-se-baila-asi-y-vive-la-bacaneria-de-la-tradicion-y-cultura-del-carnaval-2025\/#primaryimage"},"image":{"@id":"https:\/\/tuguia.combarranquilla.co\/Revista\/en-barranquilla-se-baila-asi-y-vive-la-bacaneria-de-la-tradicion-y-cultura-del-carnaval-2025\/#primaryimage"},"thumbnailUrl":"https:\/\/tuguia.combarranquilla.co\/Revista\/wp-content\/uploads\/2025\/02\/DSC02101-scaled.jpg","datePublished":"2025-02-04T14:08:10+00:00","dateModified":"2025-02-26T21:13:28+00:00","breadcrumb":{"@id":"https:\/\/tuguia.combarranquilla.co\/Revista\/en-barranquilla-se-baila-asi-y-vive-la-bacaneria-de-la-tradicion-y-cultura-del-carnaval-2025\/#breadcrumb"},"inLanguage":"es-CO","potentialAction":[{"@type":"ReadAction","target":["https:\/\/tuguia.combarranquilla.co\/Revista\/en-barranquilla-se-baila-asi-y-vive-la-bacaneria-de-la-tradicion-y-cultura-del-carnaval-2025\/"]}]},{"@type":"ImageObject","inLanguage":"es-CO","@id":"https:\/\/tuguia.combarranquilla.co\/Revista\/en-barranquilla-se-baila-asi-y-vive-la-bacaneria-de-la-tradicion-y-cultura-del-carnaval-2025\/#primaryimage","url":"https:\/\/tuguia.combarranquilla.co\/Revista\/wp-content\/uploads\/2025\/02\/DSC02101-scaled.jpg","contentUrl":"https:\/\/tuguia.combarranquilla.co\/Revista\/wp-content\/uploads\/2025\/02\/DSC02101-scaled.jpg","width":2560,"height":1707},{"@type":"BreadcrumbList","@id":"https:\/\/tuguia.combarranquilla.co\/Revista\/en-barranquilla-se-baila-asi-y-vive-la-bacaneria-de-la-tradicion-y-cultura-del-carnaval-2025\/#breadcrumb","itemListElement":[{"@type":"ListItem","position":1,"name":"Inicio","item":"https:\/\/tuguia.combarranquilla.co\/Revista\/"},{"@type":"ListItem","position":2,"name":"En Barranquilla Se Baila As\u00ed y vive la bacaner\u00eda de la tradici\u00f3n y cultura del Carnaval 2025"}]},{"@type":"WebSite","@id":"https:\/\/tuguia.combarranquilla.co\/Revista\/#website","url":"https:\/\/tuguia.combarranquilla.co\/Revista\/","name":"Tu Gu\u00eda","description":"La revista donde lo tienes todo.","publisher":{"@id":"https:\/\/tuguia.combarranquilla.co\/Revista\/#organization"},"alternateName":"Tu Gu\u00eda Combarranquilla","potentialAction":[{"@type":"SearchAction","target":{"@type":"EntryPoint","urlTemplate":"https:\/\/tuguia.combarranquilla.co\/Revista\/?s={search_term_string}"},"query-input":{"@type":"PropertyValueSpecification","valueRequired":true,"valueName":"search_term_string"}}],"inLanguage":"es-CO"},{"@type":"Organization","@id":"https:\/\/tuguia.combarranquilla.co\/Revista\/#organization","name":"Tu Gu\u00eda Combarranquilla","url":"https:\/\/tuguia.combarranquilla.co\/Revista\/","logo":{"@type":"ImageObject","inLanguage":"es-CO","@id":"https:\/\/tuguia.combarranquilla.co\/Revista\/#\/schema\/logo\/image\/","url":"https:\/\/tuguia.combarranquilla.co\/Revista\/wp-content\/uploads\/2022\/02\/logo-guia-combarranquilla.svg","contentUrl":"https:\/\/tuguia.combarranquilla.co\/Revista\/wp-content\/uploads\/2022\/02\/logo-guia-combarranquilla.svg","caption":"Tu Gu\u00eda Combarranquilla"},"image":{"@id":"https:\/\/tuguia.combarranquilla.co\/Revista\/#\/schema\/logo\/image\/"}},{"@type":"Person","@id":"https:\/\/tuguia.combarranquilla.co\/Revista\/#\/schema\/person\/c2c396a77170bd1d5f8ba73294eb0d10","name":"Comunicaciones Combarranquilla","image":{"@type":"ImageObject","inLanguage":"es-CO","@id":"https:\/\/tuguia.combarranquilla.co\/Revista\/wp-content\/uploads\/2025\/05\/ABC-Al-Rojo-Logo-96x96.jpg","url":"https:\/\/tuguia.combarranquilla.co\/Revista\/wp-content\/uploads\/2025\/05\/ABC-Al-Rojo-Logo-96x96.jpg","contentUrl":"https:\/\/tuguia.combarranquilla.co\/Revista\/wp-content\/uploads\/2025\/05\/ABC-Al-Rojo-Logo-96x96.jpg","caption":"Comunicaciones Combarranquilla"},"sameAs":["https:\/\/www.combarranquilla.co"],"url":"https:\/\/tuguia.combarranquilla.co\/Revista\/author\/comunicaciones\/"}]}},"_links":{"self":[{"href":"https:\/\/tuguia.combarranquilla.co\/Revista\/wp-json\/wp\/v2\/posts\/5741","targetHints":{"allow":["GET"]}}],"collection":[{"href":"https:\/\/tuguia.combarranquilla.co\/Revista\/wp-json\/wp\/v2\/posts"}],"about":[{"href":"https:\/\/tuguia.combarranquilla.co\/Revista\/wp-json\/wp\/v2\/types\/post"}],"author":[{"embeddable":true,"href":"https:\/\/tuguia.combarranquilla.co\/Revista\/wp-json\/wp\/v2\/users\/2"}],"replies":[{"embeddable":true,"href":"https:\/\/tuguia.combarranquilla.co\/Revista\/wp-json\/wp\/v2\/comments?post=5741"}],"version-history":[{"count":1,"href":"https:\/\/tuguia.combarranquilla.co\/Revista\/wp-json\/wp\/v2\/posts\/5741\/revisions"}],"predecessor-version":[{"id":5757,"href":"https:\/\/tuguia.combarranquilla.co\/Revista\/wp-json\/wp\/v2\/posts\/5741\/revisions\/5757"}],"wp:featuredmedia":[{"embeddable":true,"href":"https:\/\/tuguia.combarranquilla.co\/Revista\/wp-json\/wp\/v2\/media\/5756"}],"wp:attachment":[{"href":"https:\/\/tuguia.combarranquilla.co\/Revista\/wp-json\/wp\/v2\/media?parent=5741"}],"wp:term":[{"taxonomy":"category","embeddable":true,"href":"https:\/\/tuguia.combarranquilla.co\/Revista\/wp-json\/wp\/v2\/categories?post=5741"},{"taxonomy":"post_tag","embeddable":true,"href":"https:\/\/tuguia.combarranquilla.co\/Revista\/wp-json\/wp\/v2\/tags?post=5741"}],"curies":[{"name":"wp","href":"https:\/\/api.w.org\/{rel}","templated":true}]}}