{"id":5748,"date":"2025-02-06T14:38:41","date_gmt":"2025-02-06T19:38:41","guid":{"rendered":"https:\/\/tuguia.combarranquilla.co\/Revista\/?p=5748"},"modified":"2025-02-26T15:23:10","modified_gmt":"2025-02-26T20:23:10","slug":"deliciosos-y-autenticos-sabores-un-viaje-por-la-gastronomia-caribena","status":"publish","type":"post","link":"https:\/\/tuguia.combarranquilla.co\/Revista\/deliciosos-y-autenticos-sabores-un-viaje-por-la-gastronomia-caribena\/","title":{"rendered":"Deliciosos y aut\u00e9nticos sabores: Un viaje por la gastronom\u00eda caribe\u00f1a"},"content":{"rendered":"\n<p>La gastronom\u00eda de la Regi\u00f3n Caribe es el reflejo de una combinaci\u00f3n de variados ingredientes. Cada plato es una manifestaci\u00f3n de su historia, su gente y su identidad cultural. Cada bocado se destaca por los sabores intensos y los colores vibrantes que la convierten en una de las gastronom\u00edas m\u00e1s aut\u00e9nticas de Colombia.<\/p>\n\n\n\n<p>Se destaca por tener ra\u00edces en la cultura ind\u00edgena, africana y espa\u00f1ola; en donde cada bocado invita a que tu paladar tenga una experiencia sensorial inolvidable. &nbsp;Asimismo, no deja de ser una fiesta de deliciosos y aut\u00e9nticos sabores, que evocan la esencia tropical del Caribe Colombiano.<\/p>\n\n\n<div class=\"wp-block-image\">\n<figure class=\"aligncenter size-large\"><img decoding=\"async\" width=\"1024\" height=\"576\" data-src=\"https:\/\/tuguia.combarranquilla.co\/Revista\/wp-content\/uploads\/2025\/02\/Imagen_AI4-1024x576.png\" alt=\"\" class=\"wp-image-5752 lazyload\" data-srcset=\"https:\/\/tuguia.combarranquilla.co\/Revista\/wp-content\/uploads\/2025\/02\/Imagen_AI4-1024x576.png 1024w, https:\/\/tuguia.combarranquilla.co\/Revista\/wp-content\/uploads\/2025\/02\/Imagen_AI4-300x169.png 300w, https:\/\/tuguia.combarranquilla.co\/Revista\/wp-content\/uploads\/2025\/02\/Imagen_AI4-768x432.png 768w, https:\/\/tuguia.combarranquilla.co\/Revista\/wp-content\/uploads\/2025\/02\/Imagen_AI4.png 1280w\" data-sizes=\"(max-width: 1024px) 100vw, 1024px\" src=\"data:image\/svg+xml;base64,PHN2ZyB3aWR0aD0iMSIgaGVpZ2h0PSIxIiB4bWxucz0iaHR0cDovL3d3dy53My5vcmcvMjAwMC9zdmciPjwvc3ZnPg==\" style=\"--smush-placeholder-width: 1024px; --smush-placeholder-aspect-ratio: 1024\/576;\" \/><\/figure><\/div>\n\n\n<h2 class=\"wp-block-heading\"><strong>Platos T\u00edpicos y Emblem\u00e1ticos de la Regi\u00f3n Caribe<\/strong><\/h2>\n\n\n\n<ul class=\"wp-block-list\">\n<li><strong>Arroz con coco, pescado, patacones y ensalada de aguacate<\/strong><\/li>\n<\/ul>\n\n\n\n<p>Un cl\u00e1sico de la gastronom\u00eda del Caribe que representa la esencia de la comida coste\u00f1a.<\/p>\n\n\n\n<ul class=\"wp-block-list\">\n<li><strong>Fritos<\/strong><\/li>\n<\/ul>\n\n\n\n<p>Comida t\u00edpica caribe\u00f1a, con rellenos muy jugosos de carne o pollo con guiso y queso.<\/p>\n\n\n\n<ul class=\"wp-block-list\">\n<li><strong>Butifarras<\/strong><\/li>\n<\/ul>\n\n\n\n<p>Deliciosas bolitas de carne de cerdo sazonadas con ajo, un icono de la comida coste\u00f1a infaltable en celebraciones.<\/p>\n\n\n\n<ul class=\"wp-block-list\">\n<li><strong>Arroz Coste\u00f1o<\/strong><\/li>\n<\/ul>\n\n\n\n<p>Apastelado con delicioso guiso, mezcla de carnes con verduras y saz\u00f3n t\u00edpica de la regi\u00f3n caribe.<\/p>\n\n\n\n<ul class=\"wp-block-list\">\n<li><strong>Cocadas<\/strong><\/li>\n<\/ul>\n\n\n\n<p>Dulce emblem\u00e1tico de la Regi\u00f3n Caribe, hechas a base de coco rallado, az\u00facar y leche, representan la riqueza y la dulzura de la cocina caribe\u00f1a.<\/p>\n\n\n\n<ul class=\"wp-block-list\">\n<li><strong>Sancocho<\/strong><\/li>\n<\/ul>\n\n\n\n<p>Deliciosa sopa con variedad de verduras, dependiendo del lugar de la Regi\u00f3n Caribe en donde se prepara, se puede encontrar sancocho de costilla o de gallina, entre otros.<\/p>\n\n\n\n<ul class=\"wp-block-list\">\n<li><strong>Cayeye<\/strong><\/li>\n<\/ul>\n\n\n\n<p>Hecho con pl\u00e1tano verde cocido, con el cual se hace un pur\u00e9; y se acompa\u00f1a con guiso y suero coste\u00f1o.<\/p>\n\n\n\n<ul class=\"wp-block-list\">\n<li><strong>Bollos<\/strong><\/li>\n<\/ul>\n\n\n\n<p>Comida t\u00edpica caribe\u00f1a, hechos a base de ma\u00edz, yuca o pl\u00e1tano envueltos en hojas de ca\u00f1a.<\/p>\n\n\n\n<p>La gastronom\u00eda de la Regi\u00f3n Caribe es una manifestaci\u00f3n de la diversidad cultural. M\u00e1s que una simple comida, la cocina del caribe cuenta una historia de tradici\u00f3n y amor por los ingredientes caribe\u00f1os. Asimismo, es el reflejo de una Regi\u00f3n que ha sabido fusionar los diferentes sabores de sus ra\u00edces. Probar la gastronom\u00eda del Caribe es viajar a trav\u00e9s de sus paisajes, sentir la calidad de su gente y experimentar la alegr\u00eda que se vive en cada mesa.<\/p>\n\n\n\n<h2 class=\"wp-block-heading\"><strong>El Caribe en cada bocado: Un festival de sabores, tradici\u00f3n y alegr\u00eda<\/strong><\/h2>\n\n\n\n<figure class=\"wp-block-gallery has-nested-images columns-default is-cropped wp-block-gallery-1 is-layout-flex wp-block-gallery-is-layout-flex\">\n<figure class=\"wp-block-image size-large\"><img decoding=\"async\" width=\"819\" height=\"1024\" data-id=\"5750\" data-src=\"https:\/\/tuguia.combarranquilla.co\/Revista\/wp-content\/uploads\/2025\/02\/festival-de-comida-caribena-2-1-819x1024.jpg\" alt=\"\" class=\"wp-image-5750 lazyload\" data-srcset=\"https:\/\/tuguia.combarranquilla.co\/Revista\/wp-content\/uploads\/2025\/02\/festival-de-comida-caribena-2-1-819x1024.jpg 819w, https:\/\/tuguia.combarranquilla.co\/Revista\/wp-content\/uploads\/2025\/02\/festival-de-comida-caribena-2-1-240x300.jpg 240w, https:\/\/tuguia.combarranquilla.co\/Revista\/wp-content\/uploads\/2025\/02\/festival-de-comida-caribena-2-1-768x960.jpg 768w, https:\/\/tuguia.combarranquilla.co\/Revista\/wp-content\/uploads\/2025\/02\/festival-de-comida-caribena-2-1-1229x1536.jpg 1229w, https:\/\/tuguia.combarranquilla.co\/Revista\/wp-content\/uploads\/2025\/02\/festival-de-comida-caribena-2-1-1638x2048.jpg 1638w, https:\/\/tuguia.combarranquilla.co\/Revista\/wp-content\/uploads\/2025\/02\/festival-de-comida-caribena-2-1-scaled.jpg 2048w\" data-sizes=\"(max-width: 819px) 100vw, 819px\" src=\"data:image\/svg+xml;base64,PHN2ZyB3aWR0aD0iMSIgaGVpZ2h0PSIxIiB4bWxucz0iaHR0cDovL3d3dy53My5vcmcvMjAwMC9zdmciPjwvc3ZnPg==\" style=\"--smush-placeholder-width: 819px; --smush-placeholder-aspect-ratio: 819\/1024;\" \/><\/figure>\n<\/figure>\n\n\n\n<p><strong>\u00bfCu\u00e1ndo?<\/strong><br>Del 13 al 16 de febrero<\/p>\n\n\n\n<p><strong>\u00bfD\u00f3nde?<\/strong><br>Restaurante Mirador Del R\u00edo<br>Unidad Country, Tercer Piso<br>Calle 76#57-61<\/p>\n\n\n\n<p><strong>\u00bfA qu\u00e9 hora?<\/strong><br>De 12:00 m. a 3:00\u00a0 p.m.<\/p>\n\n\n\n<h2 class=\"wp-block-heading\"><strong>Una explosi\u00f3n de sabores en cada plato y en cada bocado: Conoce la carta de nuestro festival<\/strong><\/h2>\n\n\n\n<figure class=\"wp-block-image size-large\"><img decoding=\"async\" width=\"791\" height=\"1024\" data-src=\"https:\/\/tuguia.combarranquilla.co\/Revista\/wp-content\/uploads\/2025\/02\/WhatsApp-Image-2025-02-26-at-3.19.58-PM-791x1024.jpeg\" alt=\"\" class=\"wp-image-5754 lazyload\" data-srcset=\"https:\/\/tuguia.combarranquilla.co\/Revista\/wp-content\/uploads\/2025\/02\/WhatsApp-Image-2025-02-26-at-3.19.58-PM-791x1024.jpeg 791w, https:\/\/tuguia.combarranquilla.co\/Revista\/wp-content\/uploads\/2025\/02\/WhatsApp-Image-2025-02-26-at-3.19.58-PM-232x300.jpeg 232w, https:\/\/tuguia.combarranquilla.co\/Revista\/wp-content\/uploads\/2025\/02\/WhatsApp-Image-2025-02-26-at-3.19.58-PM-768x994.jpeg 768w, https:\/\/tuguia.combarranquilla.co\/Revista\/wp-content\/uploads\/2025\/02\/WhatsApp-Image-2025-02-26-at-3.19.58-PM-1187x1536.jpeg 1187w, https:\/\/tuguia.combarranquilla.co\/Revista\/wp-content\/uploads\/2025\/02\/WhatsApp-Image-2025-02-26-at-3.19.58-PM.jpeg 1236w\" data-sizes=\"(max-width: 791px) 100vw, 791px\" src=\"data:image\/svg+xml;base64,PHN2ZyB3aWR0aD0iMSIgaGVpZ2h0PSIxIiB4bWxucz0iaHR0cDovL3d3dy53My5vcmcvMjAwMC9zdmciPjwvc3ZnPg==\" style=\"--smush-placeholder-width: 791px; --smush-placeholder-aspect-ratio: 791\/1024;\" \/><\/figure>\n\n\n\n<h1 class=\"wp-block-heading\">Referencias<\/h1>\n\n\n\n<p><em>https:\/\/regionesnaturalescolombia.com\/caribe\/comida-tipica-de-la-region-caribe\/<\/em>. (s.f.). Obtenido de Regiones Naturales.<br><em>https:\/\/www.cafeconcolombia.com\/gastronomia\/gastronomia-del-caribe-colombiano-un-mar-de-sabores<\/em>. (s.f.). Obtenido de Caf\u00e9 con Colombia.<\/p>\n","protected":false},"excerpt":{"rendered":"<p>La gastronom\u00eda de la Regi\u00f3n Caribe es el reflejo de una combinaci\u00f3n de variados ingredientes. Cada plato es una manifestaci\u00f3n de su historia, su gente y su identidad cultural. Cada bocado se destaca por los sabores intensos y los colores vibrantes que la convierten en una de las gastronom\u00edas m\u00e1s aut\u00e9nticas de Colombia. Se destaca [&hellip;]<\/p>\n","protected":false},"author":2,"featured_media":5751,"comment_status":"open","ping_status":"open","sticky":false,"template":"","format":"standard","meta":{"inline_featured_image":false,"footnotes":""},"categories":[3],"tags":[],"class_list":["post-5748","post","type-post","status-publish","format-standard","has-post-thumbnail","hentry","category-mirador-gastronomico"],"yoast_head":"<!-- This site is optimized with the Yoast SEO plugin v27.4 - https:\/\/yoast.com\/product\/yoast-seo-wordpress\/ -->\n<title>Deliciosos y aut\u00e9nticos sabores: Un viaje por la gastronom\u00eda caribe\u00f1a - Tu Gu\u00eda<\/title>\n<meta name=\"robots\" content=\"index, follow, max-snippet:-1, max-image-preview:large, max-video-preview:-1\" \/>\n<link rel=\"canonical\" href=\"https:\/\/tuguia.combarranquilla.co\/Revista\/deliciosos-y-autenticos-sabores-un-viaje-por-la-gastronomia-caribena\/\" \/>\n<meta property=\"og:locale\" content=\"es_ES\" \/>\n<meta property=\"og:type\" content=\"article\" \/>\n<meta property=\"og:title\" content=\"Deliciosos y aut\u00e9nticos sabores: Un viaje por la gastronom\u00eda caribe\u00f1a - Tu Gu\u00eda\" \/>\n<meta property=\"og:description\" content=\"La gastronom\u00eda de la Regi\u00f3n Caribe es el reflejo de una combinaci\u00f3n de variados ingredientes. Cada plato es una manifestaci\u00f3n de su historia, su gente y su identidad cultural. Cada bocado se destaca por los sabores intensos y los colores vibrantes que la convierten en una de las gastronom\u00edas m\u00e1s aut\u00e9nticas de Colombia. Se destaca [&hellip;]\" \/>\n<meta property=\"og:url\" content=\"https:\/\/tuguia.combarranquilla.co\/Revista\/deliciosos-y-autenticos-sabores-un-viaje-por-la-gastronomia-caribena\/\" \/>\n<meta property=\"og:site_name\" content=\"Tu Gu\u00eda\" \/>\n<meta property=\"article:published_time\" content=\"2025-02-06T19:38:41+00:00\" \/>\n<meta property=\"article:modified_time\" content=\"2025-02-26T20:23:10+00:00\" \/>\n<meta property=\"og:image\" content=\"https:\/\/tuguia.combarranquilla.co\/Revista\/wp-content\/uploads\/2025\/02\/Imagen_AI3.png\" \/>\n\t<meta property=\"og:image:width\" content=\"1024\" \/>\n\t<meta property=\"og:image:height\" content=\"576\" \/>\n\t<meta property=\"og:image:type\" content=\"image\/png\" \/>\n<meta name=\"author\" content=\"Comunicaciones Combarranquilla\" \/>\n<meta name=\"twitter:card\" content=\"summary_large_image\" \/>\n<meta name=\"twitter:label1\" content=\"Escrito por\" \/>\n\t<meta name=\"twitter:data1\" content=\"Comunicaciones Combarranquilla\" \/>\n\t<meta name=\"twitter:label2\" content=\"Tiempo de lectura\" \/>\n\t<meta name=\"twitter:data2\" content=\"3 minutos\" \/>\n<script type=\"application\/ld+json\" class=\"yoast-schema-graph\">{\"@context\":\"https:\\\/\\\/schema.org\",\"@graph\":[{\"@type\":\"Article\",\"@id\":\"https:\\\/\\\/tuguia.combarranquilla.co\\\/Revista\\\/deliciosos-y-autenticos-sabores-un-viaje-por-la-gastronomia-caribena\\\/#article\",\"isPartOf\":{\"@id\":\"https:\\\/\\\/tuguia.combarranquilla.co\\\/Revista\\\/deliciosos-y-autenticos-sabores-un-viaje-por-la-gastronomia-caribena\\\/\"},\"author\":{\"name\":\"Comunicaciones Combarranquilla\",\"@id\":\"https:\\\/\\\/tuguia.combarranquilla.co\\\/Revista\\\/#\\\/schema\\\/person\\\/c2c396a77170bd1d5f8ba73294eb0d10\"},\"headline\":\"Deliciosos y aut\u00e9nticos sabores: Un viaje por la gastronom\u00eda caribe\u00f1a\",\"datePublished\":\"2025-02-06T19:38:41+00:00\",\"dateModified\":\"2025-02-26T20:23:10+00:00\",\"mainEntityOfPage\":{\"@id\":\"https:\\\/\\\/tuguia.combarranquilla.co\\\/Revista\\\/deliciosos-y-autenticos-sabores-un-viaje-por-la-gastronomia-caribena\\\/\"},\"wordCount\":499,\"commentCount\":0,\"publisher\":{\"@id\":\"https:\\\/\\\/tuguia.combarranquilla.co\\\/Revista\\\/#organization\"},\"image\":{\"@id\":\"https:\\\/\\\/tuguia.combarranquilla.co\\\/Revista\\\/deliciosos-y-autenticos-sabores-un-viaje-por-la-gastronomia-caribena\\\/#primaryimage\"},\"thumbnailUrl\":\"https:\\\/\\\/tuguia.combarranquilla.co\\\/Revista\\\/wp-content\\\/uploads\\\/2025\\\/02\\\/Imagen_AI3.png\",\"articleSection\":[\"MIRADOR GASTRON\u00d3MICO\"],\"inLanguage\":\"es-CO\",\"potentialAction\":[{\"@type\":\"CommentAction\",\"name\":\"Comment\",\"target\":[\"https:\\\/\\\/tuguia.combarranquilla.co\\\/Revista\\\/deliciosos-y-autenticos-sabores-un-viaje-por-la-gastronomia-caribena\\\/#respond\"]}]},{\"@type\":\"WebPage\",\"@id\":\"https:\\\/\\\/tuguia.combarranquilla.co\\\/Revista\\\/deliciosos-y-autenticos-sabores-un-viaje-por-la-gastronomia-caribena\\\/\",\"url\":\"https:\\\/\\\/tuguia.combarranquilla.co\\\/Revista\\\/deliciosos-y-autenticos-sabores-un-viaje-por-la-gastronomia-caribena\\\/\",\"name\":\"Deliciosos y aut\u00e9nticos sabores: Un viaje por la gastronom\u00eda caribe\u00f1a - Tu Gu\u00eda\",\"isPartOf\":{\"@id\":\"https:\\\/\\\/tuguia.combarranquilla.co\\\/Revista\\\/#website\"},\"primaryImageOfPage\":{\"@id\":\"https:\\\/\\\/tuguia.combarranquilla.co\\\/Revista\\\/deliciosos-y-autenticos-sabores-un-viaje-por-la-gastronomia-caribena\\\/#primaryimage\"},\"image\":{\"@id\":\"https:\\\/\\\/tuguia.combarranquilla.co\\\/Revista\\\/deliciosos-y-autenticos-sabores-un-viaje-por-la-gastronomia-caribena\\\/#primaryimage\"},\"thumbnailUrl\":\"https:\\\/\\\/tuguia.combarranquilla.co\\\/Revista\\\/wp-content\\\/uploads\\\/2025\\\/02\\\/Imagen_AI3.png\",\"datePublished\":\"2025-02-06T19:38:41+00:00\",\"dateModified\":\"2025-02-26T20:23:10+00:00\",\"breadcrumb\":{\"@id\":\"https:\\\/\\\/tuguia.combarranquilla.co\\\/Revista\\\/deliciosos-y-autenticos-sabores-un-viaje-por-la-gastronomia-caribena\\\/#breadcrumb\"},\"inLanguage\":\"es-CO\",\"potentialAction\":[{\"@type\":\"ReadAction\",\"target\":[\"https:\\\/\\\/tuguia.combarranquilla.co\\\/Revista\\\/deliciosos-y-autenticos-sabores-un-viaje-por-la-gastronomia-caribena\\\/\"]}]},{\"@type\":\"ImageObject\",\"inLanguage\":\"es-CO\",\"@id\":\"https:\\\/\\\/tuguia.combarranquilla.co\\\/Revista\\\/deliciosos-y-autenticos-sabores-un-viaje-por-la-gastronomia-caribena\\\/#primaryimage\",\"url\":\"https:\\\/\\\/tuguia.combarranquilla.co\\\/Revista\\\/wp-content\\\/uploads\\\/2025\\\/02\\\/Imagen_AI3.png\",\"contentUrl\":\"https:\\\/\\\/tuguia.combarranquilla.co\\\/Revista\\\/wp-content\\\/uploads\\\/2025\\\/02\\\/Imagen_AI3.png\",\"width\":1024,\"height\":576},{\"@type\":\"BreadcrumbList\",\"@id\":\"https:\\\/\\\/tuguia.combarranquilla.co\\\/Revista\\\/deliciosos-y-autenticos-sabores-un-viaje-por-la-gastronomia-caribena\\\/#breadcrumb\",\"itemListElement\":[{\"@type\":\"ListItem\",\"position\":1,\"name\":\"Inicio\",\"item\":\"https:\\\/\\\/tuguia.combarranquilla.co\\\/Revista\\\/\"},{\"@type\":\"ListItem\",\"position\":2,\"name\":\"Deliciosos y aut\u00e9nticos sabores: Un viaje por la gastronom\u00eda caribe\u00f1a\"}]},{\"@type\":\"WebSite\",\"@id\":\"https:\\\/\\\/tuguia.combarranquilla.co\\\/Revista\\\/#website\",\"url\":\"https:\\\/\\\/tuguia.combarranquilla.co\\\/Revista\\\/\",\"name\":\"Tu Gu\u00eda\",\"description\":\"La revista donde lo tienes todo.\",\"publisher\":{\"@id\":\"https:\\\/\\\/tuguia.combarranquilla.co\\\/Revista\\\/#organization\"},\"alternateName\":\"Tu Gu\u00eda Combarranquilla\",\"potentialAction\":[{\"@type\":\"SearchAction\",\"target\":{\"@type\":\"EntryPoint\",\"urlTemplate\":\"https:\\\/\\\/tuguia.combarranquilla.co\\\/Revista\\\/?s={search_term_string}\"},\"query-input\":{\"@type\":\"PropertyValueSpecification\",\"valueRequired\":true,\"valueName\":\"search_term_string\"}}],\"inLanguage\":\"es-CO\"},{\"@type\":\"Organization\",\"@id\":\"https:\\\/\\\/tuguia.combarranquilla.co\\\/Revista\\\/#organization\",\"name\":\"Tu Gu\u00eda Combarranquilla\",\"url\":\"https:\\\/\\\/tuguia.combarranquilla.co\\\/Revista\\\/\",\"logo\":{\"@type\":\"ImageObject\",\"inLanguage\":\"es-CO\",\"@id\":\"https:\\\/\\\/tuguia.combarranquilla.co\\\/Revista\\\/#\\\/schema\\\/logo\\\/image\\\/\",\"url\":\"https:\\\/\\\/tuguia.combarranquilla.co\\\/Revista\\\/wp-content\\\/uploads\\\/2022\\\/02\\\/logo-guia-combarranquilla.svg\",\"contentUrl\":\"https:\\\/\\\/tuguia.combarranquilla.co\\\/Revista\\\/wp-content\\\/uploads\\\/2022\\\/02\\\/logo-guia-combarranquilla.svg\",\"caption\":\"Tu Gu\u00eda Combarranquilla\"},\"image\":{\"@id\":\"https:\\\/\\\/tuguia.combarranquilla.co\\\/Revista\\\/#\\\/schema\\\/logo\\\/image\\\/\"}},{\"@type\":\"Person\",\"@id\":\"https:\\\/\\\/tuguia.combarranquilla.co\\\/Revista\\\/#\\\/schema\\\/person\\\/c2c396a77170bd1d5f8ba73294eb0d10\",\"name\":\"Comunicaciones Combarranquilla\",\"image\":{\"@type\":\"ImageObject\",\"inLanguage\":\"es-CO\",\"@id\":\"https:\\\/\\\/tuguia.combarranquilla.co\\\/Revista\\\/wp-content\\\/uploads\\\/2025\\\/05\\\/ABC-Al-Rojo-Logo-96x96.jpg\",\"url\":\"https:\\\/\\\/tuguia.combarranquilla.co\\\/Revista\\\/wp-content\\\/uploads\\\/2025\\\/05\\\/ABC-Al-Rojo-Logo-96x96.jpg\",\"contentUrl\":\"https:\\\/\\\/tuguia.combarranquilla.co\\\/Revista\\\/wp-content\\\/uploads\\\/2025\\\/05\\\/ABC-Al-Rojo-Logo-96x96.jpg\",\"caption\":\"Comunicaciones Combarranquilla\"},\"sameAs\":[\"https:\\\/\\\/www.combarranquilla.co\"],\"url\":\"https:\\\/\\\/tuguia.combarranquilla.co\\\/Revista\\\/author\\\/comunicaciones\\\/\"}]}<\/script>\n<!-- \/ Yoast SEO plugin. -->","yoast_head_json":{"title":"Deliciosos y aut\u00e9nticos sabores: Un viaje por la gastronom\u00eda caribe\u00f1a - Tu Gu\u00eda","robots":{"index":"index","follow":"follow","max-snippet":"max-snippet:-1","max-image-preview":"max-image-preview:large","max-video-preview":"max-video-preview:-1"},"canonical":"https:\/\/tuguia.combarranquilla.co\/Revista\/deliciosos-y-autenticos-sabores-un-viaje-por-la-gastronomia-caribena\/","og_locale":"es_ES","og_type":"article","og_title":"Deliciosos y aut\u00e9nticos sabores: Un viaje por la gastronom\u00eda caribe\u00f1a - Tu Gu\u00eda","og_description":"La gastronom\u00eda de la Regi\u00f3n Caribe es el reflejo de una combinaci\u00f3n de variados ingredientes. Cada plato es una manifestaci\u00f3n de su historia, su gente y su identidad cultural. Cada bocado se destaca por los sabores intensos y los colores vibrantes que la convierten en una de las gastronom\u00edas m\u00e1s aut\u00e9nticas de Colombia. Se destaca [&hellip;]","og_url":"https:\/\/tuguia.combarranquilla.co\/Revista\/deliciosos-y-autenticos-sabores-un-viaje-por-la-gastronomia-caribena\/","og_site_name":"Tu Gu\u00eda","article_published_time":"2025-02-06T19:38:41+00:00","article_modified_time":"2025-02-26T20:23:10+00:00","og_image":[{"width":1024,"height":576,"url":"https:\/\/tuguia.combarranquilla.co\/Revista\/wp-content\/uploads\/2025\/02\/Imagen_AI3.png","type":"image\/png"}],"author":"Comunicaciones Combarranquilla","twitter_card":"summary_large_image","twitter_misc":{"Escrito por":"Comunicaciones Combarranquilla","Tiempo de lectura":"3 minutos"},"schema":{"@context":"https:\/\/schema.org","@graph":[{"@type":"Article","@id":"https:\/\/tuguia.combarranquilla.co\/Revista\/deliciosos-y-autenticos-sabores-un-viaje-por-la-gastronomia-caribena\/#article","isPartOf":{"@id":"https:\/\/tuguia.combarranquilla.co\/Revista\/deliciosos-y-autenticos-sabores-un-viaje-por-la-gastronomia-caribena\/"},"author":{"name":"Comunicaciones Combarranquilla","@id":"https:\/\/tuguia.combarranquilla.co\/Revista\/#\/schema\/person\/c2c396a77170bd1d5f8ba73294eb0d10"},"headline":"Deliciosos y aut\u00e9nticos sabores: Un viaje por la gastronom\u00eda caribe\u00f1a","datePublished":"2025-02-06T19:38:41+00:00","dateModified":"2025-02-26T20:23:10+00:00","mainEntityOfPage":{"@id":"https:\/\/tuguia.combarranquilla.co\/Revista\/deliciosos-y-autenticos-sabores-un-viaje-por-la-gastronomia-caribena\/"},"wordCount":499,"commentCount":0,"publisher":{"@id":"https:\/\/tuguia.combarranquilla.co\/Revista\/#organization"},"image":{"@id":"https:\/\/tuguia.combarranquilla.co\/Revista\/deliciosos-y-autenticos-sabores-un-viaje-por-la-gastronomia-caribena\/#primaryimage"},"thumbnailUrl":"https:\/\/tuguia.combarranquilla.co\/Revista\/wp-content\/uploads\/2025\/02\/Imagen_AI3.png","articleSection":["MIRADOR GASTRON\u00d3MICO"],"inLanguage":"es-CO","potentialAction":[{"@type":"CommentAction","name":"Comment","target":["https:\/\/tuguia.combarranquilla.co\/Revista\/deliciosos-y-autenticos-sabores-un-viaje-por-la-gastronomia-caribena\/#respond"]}]},{"@type":"WebPage","@id":"https:\/\/tuguia.combarranquilla.co\/Revista\/deliciosos-y-autenticos-sabores-un-viaje-por-la-gastronomia-caribena\/","url":"https:\/\/tuguia.combarranquilla.co\/Revista\/deliciosos-y-autenticos-sabores-un-viaje-por-la-gastronomia-caribena\/","name":"Deliciosos y aut\u00e9nticos sabores: Un viaje por la gastronom\u00eda caribe\u00f1a - Tu Gu\u00eda","isPartOf":{"@id":"https:\/\/tuguia.combarranquilla.co\/Revista\/#website"},"primaryImageOfPage":{"@id":"https:\/\/tuguia.combarranquilla.co\/Revista\/deliciosos-y-autenticos-sabores-un-viaje-por-la-gastronomia-caribena\/#primaryimage"},"image":{"@id":"https:\/\/tuguia.combarranquilla.co\/Revista\/deliciosos-y-autenticos-sabores-un-viaje-por-la-gastronomia-caribena\/#primaryimage"},"thumbnailUrl":"https:\/\/tuguia.combarranquilla.co\/Revista\/wp-content\/uploads\/2025\/02\/Imagen_AI3.png","datePublished":"2025-02-06T19:38:41+00:00","dateModified":"2025-02-26T20:23:10+00:00","breadcrumb":{"@id":"https:\/\/tuguia.combarranquilla.co\/Revista\/deliciosos-y-autenticos-sabores-un-viaje-por-la-gastronomia-caribena\/#breadcrumb"},"inLanguage":"es-CO","potentialAction":[{"@type":"ReadAction","target":["https:\/\/tuguia.combarranquilla.co\/Revista\/deliciosos-y-autenticos-sabores-un-viaje-por-la-gastronomia-caribena\/"]}]},{"@type":"ImageObject","inLanguage":"es-CO","@id":"https:\/\/tuguia.combarranquilla.co\/Revista\/deliciosos-y-autenticos-sabores-un-viaje-por-la-gastronomia-caribena\/#primaryimage","url":"https:\/\/tuguia.combarranquilla.co\/Revista\/wp-content\/uploads\/2025\/02\/Imagen_AI3.png","contentUrl":"https:\/\/tuguia.combarranquilla.co\/Revista\/wp-content\/uploads\/2025\/02\/Imagen_AI3.png","width":1024,"height":576},{"@type":"BreadcrumbList","@id":"https:\/\/tuguia.combarranquilla.co\/Revista\/deliciosos-y-autenticos-sabores-un-viaje-por-la-gastronomia-caribena\/#breadcrumb","itemListElement":[{"@type":"ListItem","position":1,"name":"Inicio","item":"https:\/\/tuguia.combarranquilla.co\/Revista\/"},{"@type":"ListItem","position":2,"name":"Deliciosos y aut\u00e9nticos sabores: Un viaje por la gastronom\u00eda caribe\u00f1a"}]},{"@type":"WebSite","@id":"https:\/\/tuguia.combarranquilla.co\/Revista\/#website","url":"https:\/\/tuguia.combarranquilla.co\/Revista\/","name":"Tu Gu\u00eda","description":"La revista donde lo tienes todo.","publisher":{"@id":"https:\/\/tuguia.combarranquilla.co\/Revista\/#organization"},"alternateName":"Tu Gu\u00eda Combarranquilla","potentialAction":[{"@type":"SearchAction","target":{"@type":"EntryPoint","urlTemplate":"https:\/\/tuguia.combarranquilla.co\/Revista\/?s={search_term_string}"},"query-input":{"@type":"PropertyValueSpecification","valueRequired":true,"valueName":"search_term_string"}}],"inLanguage":"es-CO"},{"@type":"Organization","@id":"https:\/\/tuguia.combarranquilla.co\/Revista\/#organization","name":"Tu Gu\u00eda Combarranquilla","url":"https:\/\/tuguia.combarranquilla.co\/Revista\/","logo":{"@type":"ImageObject","inLanguage":"es-CO","@id":"https:\/\/tuguia.combarranquilla.co\/Revista\/#\/schema\/logo\/image\/","url":"https:\/\/tuguia.combarranquilla.co\/Revista\/wp-content\/uploads\/2022\/02\/logo-guia-combarranquilla.svg","contentUrl":"https:\/\/tuguia.combarranquilla.co\/Revista\/wp-content\/uploads\/2022\/02\/logo-guia-combarranquilla.svg","caption":"Tu Gu\u00eda Combarranquilla"},"image":{"@id":"https:\/\/tuguia.combarranquilla.co\/Revista\/#\/schema\/logo\/image\/"}},{"@type":"Person","@id":"https:\/\/tuguia.combarranquilla.co\/Revista\/#\/schema\/person\/c2c396a77170bd1d5f8ba73294eb0d10","name":"Comunicaciones Combarranquilla","image":{"@type":"ImageObject","inLanguage":"es-CO","@id":"https:\/\/tuguia.combarranquilla.co\/Revista\/wp-content\/uploads\/2025\/05\/ABC-Al-Rojo-Logo-96x96.jpg","url":"https:\/\/tuguia.combarranquilla.co\/Revista\/wp-content\/uploads\/2025\/05\/ABC-Al-Rojo-Logo-96x96.jpg","contentUrl":"https:\/\/tuguia.combarranquilla.co\/Revista\/wp-content\/uploads\/2025\/05\/ABC-Al-Rojo-Logo-96x96.jpg","caption":"Comunicaciones Combarranquilla"},"sameAs":["https:\/\/www.combarranquilla.co"],"url":"https:\/\/tuguia.combarranquilla.co\/Revista\/author\/comunicaciones\/"}]}},"_links":{"self":[{"href":"https:\/\/tuguia.combarranquilla.co\/Revista\/wp-json\/wp\/v2\/posts\/5748","targetHints":{"allow":["GET"]}}],"collection":[{"href":"https:\/\/tuguia.combarranquilla.co\/Revista\/wp-json\/wp\/v2\/posts"}],"about":[{"href":"https:\/\/tuguia.combarranquilla.co\/Revista\/wp-json\/wp\/v2\/types\/post"}],"author":[{"embeddable":true,"href":"https:\/\/tuguia.combarranquilla.co\/Revista\/wp-json\/wp\/v2\/users\/2"}],"replies":[{"embeddable":true,"href":"https:\/\/tuguia.combarranquilla.co\/Revista\/wp-json\/wp\/v2\/comments?post=5748"}],"version-history":[{"count":2,"href":"https:\/\/tuguia.combarranquilla.co\/Revista\/wp-json\/wp\/v2\/posts\/5748\/revisions"}],"predecessor-version":[{"id":5755,"href":"https:\/\/tuguia.combarranquilla.co\/Revista\/wp-json\/wp\/v2\/posts\/5748\/revisions\/5755"}],"wp:featuredmedia":[{"embeddable":true,"href":"https:\/\/tuguia.combarranquilla.co\/Revista\/wp-json\/wp\/v2\/media\/5751"}],"wp:attachment":[{"href":"https:\/\/tuguia.combarranquilla.co\/Revista\/wp-json\/wp\/v2\/media?parent=5748"}],"wp:term":[{"taxonomy":"category","embeddable":true,"href":"https:\/\/tuguia.combarranquilla.co\/Revista\/wp-json\/wp\/v2\/categories?post=5748"},{"taxonomy":"post_tag","embeddable":true,"href":"https:\/\/tuguia.combarranquilla.co\/Revista\/wp-json\/wp\/v2\/tags?post=5748"}],"curies":[{"name":"wp","href":"https:\/\/api.w.org\/{rel}","templated":true}]}}