{"id":5758,"date":"2025-03-05T16:33:42","date_gmt":"2025-03-05T21:33:42","guid":{"rendered":"https:\/\/tuguia.combarranquilla.co\/Revista\/?p=5758"},"modified":"2025-03-14T11:55:58","modified_gmt":"2025-03-14T16:55:58","slug":"un-evento-astronomico-imperdible-el-eclipse-total-de-luna-2025","status":"publish","type":"post","link":"https:\/\/tuguia.combarranquilla.co\/Revista\/un-evento-astronomico-imperdible-el-eclipse-total-de-luna-2025\/","title":{"rendered":"Un evento astron\u00f3mico imperdible: El eclipse total de Luna 2025"},"content":{"rendered":"\n<p>Para el amanecer del 14 de marzo, <strong>el Sol, la Tierra y la Luna nos ofrecer\u00e1n un verdadero espect\u00e1culo <\/strong>en el cielo. Se sincronizan en un ballet c\u00f3smico cuyo resultado es la ocurrencia de un eclipse total de Luna que se puede ver a simple vista, y que no reviste peligro al observarlo.<\/p>\n\n\n\n<p>Para que se produzca un eclipse lunar, es necesario, en primer lugar, <strong>que la Luna se encuentre en su fase llena y, adem\u00e1s, que el Sol, la Tierra y la Luna est\u00e9n alineados.<\/strong><\/p>\n\n\n\n<p>La Tierra, al ser un cuerpo esf\u00e9rico, proyecta un cono de sombra en el espacio con un tama\u00f1o de <strong>4.607 km.<\/strong> Dado que el radio de la Luna es de <strong>1.736,6 km,<\/strong> el radio de la sombra terrestre es aproximadamente 2,653 veces el radio de la Luna, lo que significa que casi caben tres lunas dentro de la sombra de la Tierra.<\/p>\n\n\n\n<figure class=\"wp-block-image alignwide size-large\"><img decoding=\"async\" width=\"1024\" height=\"587\" data-src=\"https:\/\/tuguia.combarranquilla.co\/Revista\/wp-content\/uploads\/2025\/03\/Eclipse-Lunar-Total-1024x587.png\" alt=\"\" class=\"wp-image-5766 lazyload\" data-srcset=\"https:\/\/tuguia.combarranquilla.co\/Revista\/wp-content\/uploads\/2025\/03\/Eclipse-Lunar-Total-1024x587.png 1024w, https:\/\/tuguia.combarranquilla.co\/Revista\/wp-content\/uploads\/2025\/03\/Eclipse-Lunar-Total-300x172.png 300w, https:\/\/tuguia.combarranquilla.co\/Revista\/wp-content\/uploads\/2025\/03\/Eclipse-Lunar-Total-768x441.png 768w, https:\/\/tuguia.combarranquilla.co\/Revista\/wp-content\/uploads\/2025\/03\/Eclipse-Lunar-Total-1536x881.png 1536w, https:\/\/tuguia.combarranquilla.co\/Revista\/wp-content\/uploads\/2025\/03\/Eclipse-Lunar-Total.png 1963w\" data-sizes=\"(max-width: 1024px) 100vw, 1024px\" src=\"data:image\/svg+xml;base64,PHN2ZyB3aWR0aD0iMSIgaGVpZ2h0PSIxIiB4bWxucz0iaHR0cDovL3d3dy53My5vcmcvMjAwMC9zdmciPjwvc3ZnPg==\" style=\"--smush-placeholder-width: 1024px; --smush-placeholder-aspect-ratio: 1024\/587;\" \/><figcaption class=\"wp-element-caption\"><em>Esquema de un eclipse Lunar. <\/em>Combarranquilla.<\/figcaption><\/figure>\n\n\n\n<p>Es preciso mencionar que la sombra de la Tierra est\u00e1 formada por la Umbra y la penumbra. La umbra corresponde a la parte central m\u00e1s oscura, mientras que la penumbra hace referencia a la parte exterior y clara de la sombra.<\/p>\n\n\n\n<p><strong>\u00bfPor qu\u00e9 se ve roja la Luna?<\/strong><\/p>\n\n\n\n<p>Durante un eclipse lunar, <strong>la Luna atraviesa la sombra terrestre <\/strong>y, en lugar de desaparecer, sigue siendo visible a simple vista. Esto ocurre porque la atm\u00f3sfera de la Tierra desv\u00eda la luz solar e ilumina indirectamente la superficie lunar.<\/p>\n\n\n<div class=\"wp-block-image\">\n<figure class=\"aligncenter size-large is-resized\"><img decoding=\"async\" width=\"1024\" height=\"683\" data-src=\"https:\/\/tuguia.combarranquilla.co\/Revista\/wp-content\/uploads\/2025\/03\/LUNA-ROJA-1024x683.jpg\" alt=\"\" class=\"wp-image-5769 lazyload\" style=\"--smush-placeholder-width: 1024px; --smush-placeholder-aspect-ratio: 1024\/683;width:840px;height:auto\" data-srcset=\"https:\/\/tuguia.combarranquilla.co\/Revista\/wp-content\/uploads\/2025\/03\/LUNA-ROJA-1024x683.jpg 1024w, https:\/\/tuguia.combarranquilla.co\/Revista\/wp-content\/uploads\/2025\/03\/LUNA-ROJA-300x200.jpg 300w, https:\/\/tuguia.combarranquilla.co\/Revista\/wp-content\/uploads\/2025\/03\/LUNA-ROJA-768x512.jpg 768w, https:\/\/tuguia.combarranquilla.co\/Revista\/wp-content\/uploads\/2025\/03\/LUNA-ROJA-1536x1024.jpg 1536w, https:\/\/tuguia.combarranquilla.co\/Revista\/wp-content\/uploads\/2025\/03\/LUNA-ROJA-2048x1365.jpg 2048w\" data-sizes=\"(max-width: 1024px) 100vw, 1024px\" src=\"data:image\/svg+xml;base64,PHN2ZyB3aWR0aD0iMSIgaGVpZ2h0PSIxIiB4bWxucz0iaHR0cDovL3d3dy53My5vcmcvMjAwMC9zdmciPjwvc3ZnPg==\" \/><figcaption class=\"wp-element-caption\"><em>Toma de un eclipse total de Luna. Fuente: Freepik.<\/em><\/figcaption><\/figure><\/div>\n\n\n<p>Cuando la luz del Sol atraviesa la atm\u00f3sfera terrestre, parte de ella (los colores con longitudes de onda m\u00e1s cortas) se dispersa y se filtra, mientras que el resto (colores con longitudes de onda m\u00e1s largas, como el naranja y el rojo) logra atravesarla. <strong>Esta luz se refracta nuevamente hacia la superficie de la Luna completamente eclipsada, ilumin\u00e1ndola con un resplandor naranja rojizo.<\/strong><\/p>\n\n\n\n<p>Es como si todos los amaneceres y atardeceres del mundo se proyectaran sobre la Luna.<\/p>\n\n\n\n<p><strong>\u00bfPor qu\u00e9 no hay eclipses todos los meses?<\/strong><\/p>\n\n\n\n<figure class=\"wp-block-image size-full\"><img decoding=\"async\" width=\"1963\" height=\"1127\" data-src=\"https:\/\/tuguia.combarranquilla.co\/Revista\/wp-content\/uploads\/2025\/03\/Nodos-lunares.png\" alt=\"\" class=\"wp-image-5778 lazyload\" data-srcset=\"https:\/\/tuguia.combarranquilla.co\/Revista\/wp-content\/uploads\/2025\/03\/Nodos-lunares.png 1963w, https:\/\/tuguia.combarranquilla.co\/Revista\/wp-content\/uploads\/2025\/03\/Nodos-lunares-300x172.png 300w, https:\/\/tuguia.combarranquilla.co\/Revista\/wp-content\/uploads\/2025\/03\/Nodos-lunares-1024x588.png 1024w, https:\/\/tuguia.combarranquilla.co\/Revista\/wp-content\/uploads\/2025\/03\/Nodos-lunares-768x441.png 768w, https:\/\/tuguia.combarranquilla.co\/Revista\/wp-content\/uploads\/2025\/03\/Nodos-lunares-1536x882.png 1536w\" data-sizes=\"(max-width: 1963px) 100vw, 1963px\" src=\"data:image\/svg+xml;base64,PHN2ZyB3aWR0aD0iMSIgaGVpZ2h0PSIxIiB4bWxucz0iaHR0cDovL3d3dy53My5vcmcvMjAwMC9zdmciPjwvc3ZnPg==\" style=\"--smush-placeholder-width: 1963px; --smush-placeholder-aspect-ratio: 1963\/1127;\" \/><figcaption class=\"wp-element-caption\">Nodos lunares, donde la luna cruza el plano orbital de la Tierra. Cr\u00e9ditos Time and date.com<\/figcaption><\/figure>\n\n\n\n<p>Cada mes tenemos fases de Luna llena, sin embargo, no siempre hay eclipses totales de Luna. Esto se debe a que el plano de<strong> la \u00f3rbita lunar alrededor de la Tierra est\u00e1 inclinado en un \u00e1ngulo de 5\u00b0 <\/strong>con respecto al plano orbital de la Tierra alrededor del Sol, conocido como la ecl\u00edptica.<\/p>\n\n\n\n<p>Los puntos donde se cruzan estos dos planos se denominan <strong>nodos lunares<\/strong>. Los eclipses lunares ocurren cuando la Luna llena est\u00e1 cerca de uno de estos nodos.<\/p>\n\n\n\n<p><strong>Cronolog\u00eda Eclipse Total de Luna en Colombia<\/strong><\/p>\n\n\n\n<p>Para Barranquilla y toda Colombia, el inicio del eclipse total de Luna<strong> ser\u00e1 el 13 de marzo a las 10:57 p.m. <\/strong>con la fase penumbral. No obstante, esta fase no es perceptible a simple vista.<\/p>\n\n\n\n<ul class=\"wp-block-list\">\n<li><strong>12:09 a.m. (14 de marzo):<\/strong> Inicio del eclipse parcial. La Luna entra en contacto con la umbra de la sombra terrestre y comienza a oscurecerse. <\/li>\n<\/ul>\n\n\n\n<ul class=\"wp-block-list\">\n<li><strong>1:26 a.m.:<\/strong> Inicio del eclipse total. La Luna entra completamente en la umbra de la Tierra y se torna de color rojo.<\/li>\n<\/ul>\n\n\n\n<ul class=\"wp-block-list\">\n<li><strong>1:58 a.m.:<\/strong> Momento m\u00e1ximo del eclipse.<\/li>\n<\/ul>\n\n\n\n<ul class=\"wp-block-list\">\n<li><strong>2:31 a.m.:<\/strong> Fin de la fase total del eclipse.<\/li>\n<\/ul>\n\n\n\n<p><strong>Observa el Eclipse Total de Luna en el Planetario de Combarranquilla<\/strong><\/p>\n\n\n\n<p>El Planetario de Combarranquilla tendr\u00e1 una variada programaci\u00f3n para la observaci\u00f3n del eclipse, que incluir\u00e1 conferencias, talleres, proyecciones audiovisuales y observaci\u00f3n a trav\u00e9s de telescopios.<\/p>\n\n\n\n<p>\ud83d\udccd <strong>Lugar:<\/strong> Tercer piso, Parqueadero Unidad Boston Combarranquilla \u2013 Cra. 43 No. 63B-107<br>\ud83d\udcc5 <strong>Hora:<\/strong> 10:30 p.m. (13 de marzo) \u2013 2:30 a.m. (14 de marzo)<\/p>\n\n\n\n<p>\ud83d\udcde(605) 3225049 &#8211; Opci\u00f3n 3. <br>\ud83c\udf9f\ufe0f <strong>Cupos limitados:<\/strong> Adquiere tus entradas con anticipaci\u00f3n. <\/p>\n\n\n\n<p><\/p>\n\n\n\n<p><\/p>\n\n\n\n<p><\/p>\n\n\n\n<p><\/p>\n","protected":false},"excerpt":{"rendered":"<p>Para el amanecer del 14 de marzo, el Sol, la Tierra y la Luna nos ofrecer\u00e1n un verdadero espect\u00e1culo en el cielo. Se sincronizan en un ballet c\u00f3smico cuyo resultado es la ocurrencia de un eclipse total de Luna que se puede ver a simple vista, y que no reviste peligro al observarlo. Para que [&hellip;]<\/p>\n","protected":false},"author":3,"featured_media":5760,"comment_status":"open","ping_status":"open","sticky":false,"template":"","format":"standard","meta":{"inline_featured_image":false,"footnotes":""},"categories":[4],"tags":[],"class_list":["post-5758","post","type-post","status-publish","format-standard","has-post-thumbnail","hentry","category-ciencia-y-cultura"],"yoast_head":"<!-- This site is optimized with the Yoast SEO plugin v27.4 - https:\/\/yoast.com\/product\/yoast-seo-wordpress\/ -->\n<title>Un evento astron\u00f3mico imperdible: El eclipse total de Luna 2025 - Tu Gu\u00eda<\/title>\n<meta name=\"robots\" content=\"index, follow, max-snippet:-1, max-image-preview:large, max-video-preview:-1\" \/>\n<link rel=\"canonical\" href=\"https:\/\/tuguia.combarranquilla.co\/Revista\/un-evento-astronomico-imperdible-el-eclipse-total-de-luna-2025\/\" \/>\n<meta property=\"og:locale\" content=\"es_ES\" \/>\n<meta property=\"og:type\" content=\"article\" \/>\n<meta property=\"og:title\" content=\"Un evento astron\u00f3mico imperdible: El eclipse total de Luna 2025 - Tu Gu\u00eda\" \/>\n<meta property=\"og:description\" content=\"Para el amanecer del 14 de marzo, el Sol, la Tierra y la Luna nos ofrecer\u00e1n un verdadero espect\u00e1culo en el cielo. Se sincronizan en un ballet c\u00f3smico cuyo resultado es la ocurrencia de un eclipse total de Luna que se puede ver a simple vista, y que no reviste peligro al observarlo. Para que [&hellip;]\" \/>\n<meta property=\"og:url\" content=\"https:\/\/tuguia.combarranquilla.co\/Revista\/un-evento-astronomico-imperdible-el-eclipse-total-de-luna-2025\/\" \/>\n<meta property=\"og:site_name\" content=\"Tu Gu\u00eda\" \/>\n<meta property=\"article:published_time\" content=\"2025-03-05T21:33:42+00:00\" \/>\n<meta property=\"article:modified_time\" content=\"2025-03-14T16:55:58+00:00\" \/>\n<meta property=\"og:image\" content=\"https:\/\/tuguia.combarranquilla.co\/Revista\/wp-content\/uploads\/2025\/03\/Mesa-de-trabajo-1.png\" \/>\n\t<meta property=\"og:image:width\" content=\"1920\" \/>\n\t<meta property=\"og:image:height\" content=\"1080\" \/>\n\t<meta property=\"og:image:type\" content=\"image\/png\" \/>\n<meta name=\"author\" content=\"Planetario Combarranquilla\" \/>\n<meta name=\"twitter:card\" content=\"summary_large_image\" \/>\n<meta name=\"twitter:label1\" content=\"Escrito por\" \/>\n\t<meta name=\"twitter:data1\" content=\"Planetario Combarranquilla\" \/>\n\t<meta name=\"twitter:label2\" content=\"Tiempo de lectura\" \/>\n\t<meta name=\"twitter:data2\" content=\"4 minutos\" \/>\n<script type=\"application\/ld+json\" class=\"yoast-schema-graph\">{\"@context\":\"https:\\\/\\\/schema.org\",\"@graph\":[{\"@type\":\"Article\",\"@id\":\"https:\\\/\\\/tuguia.combarranquilla.co\\\/Revista\\\/un-evento-astronomico-imperdible-el-eclipse-total-de-luna-2025\\\/#article\",\"isPartOf\":{\"@id\":\"https:\\\/\\\/tuguia.combarranquilla.co\\\/Revista\\\/un-evento-astronomico-imperdible-el-eclipse-total-de-luna-2025\\\/\"},\"author\":{\"name\":\"Planetario Combarranquilla\",\"@id\":\"https:\\\/\\\/tuguia.combarranquilla.co\\\/Revista\\\/#\\\/schema\\\/person\\\/dfacca4b8219e57377c45d1e37a9cc8d\"},\"headline\":\"Un evento astron\u00f3mico imperdible: El eclipse total de Luna 2025\",\"datePublished\":\"2025-03-05T21:33:42+00:00\",\"dateModified\":\"2025-03-14T16:55:58+00:00\",\"mainEntityOfPage\":{\"@id\":\"https:\\\/\\\/tuguia.combarranquilla.co\\\/Revista\\\/un-evento-astronomico-imperdible-el-eclipse-total-de-luna-2025\\\/\"},\"wordCount\":628,\"commentCount\":0,\"publisher\":{\"@id\":\"https:\\\/\\\/tuguia.combarranquilla.co\\\/Revista\\\/#organization\"},\"image\":{\"@id\":\"https:\\\/\\\/tuguia.combarranquilla.co\\\/Revista\\\/un-evento-astronomico-imperdible-el-eclipse-total-de-luna-2025\\\/#primaryimage\"},\"thumbnailUrl\":\"https:\\\/\\\/tuguia.combarranquilla.co\\\/Revista\\\/wp-content\\\/uploads\\\/2025\\\/03\\\/Mesa-de-trabajo-1.png\",\"articleSection\":[\"CIENCIA Y CULTURA\"],\"inLanguage\":\"es-CO\",\"potentialAction\":[{\"@type\":\"CommentAction\",\"name\":\"Comment\",\"target\":[\"https:\\\/\\\/tuguia.combarranquilla.co\\\/Revista\\\/un-evento-astronomico-imperdible-el-eclipse-total-de-luna-2025\\\/#respond\"]}]},{\"@type\":\"WebPage\",\"@id\":\"https:\\\/\\\/tuguia.combarranquilla.co\\\/Revista\\\/un-evento-astronomico-imperdible-el-eclipse-total-de-luna-2025\\\/\",\"url\":\"https:\\\/\\\/tuguia.combarranquilla.co\\\/Revista\\\/un-evento-astronomico-imperdible-el-eclipse-total-de-luna-2025\\\/\",\"name\":\"Un evento astron\u00f3mico imperdible: El eclipse total de Luna 2025 - Tu Gu\u00eda\",\"isPartOf\":{\"@id\":\"https:\\\/\\\/tuguia.combarranquilla.co\\\/Revista\\\/#website\"},\"primaryImageOfPage\":{\"@id\":\"https:\\\/\\\/tuguia.combarranquilla.co\\\/Revista\\\/un-evento-astronomico-imperdible-el-eclipse-total-de-luna-2025\\\/#primaryimage\"},\"image\":{\"@id\":\"https:\\\/\\\/tuguia.combarranquilla.co\\\/Revista\\\/un-evento-astronomico-imperdible-el-eclipse-total-de-luna-2025\\\/#primaryimage\"},\"thumbnailUrl\":\"https:\\\/\\\/tuguia.combarranquilla.co\\\/Revista\\\/wp-content\\\/uploads\\\/2025\\\/03\\\/Mesa-de-trabajo-1.png\",\"datePublished\":\"2025-03-05T21:33:42+00:00\",\"dateModified\":\"2025-03-14T16:55:58+00:00\",\"breadcrumb\":{\"@id\":\"https:\\\/\\\/tuguia.combarranquilla.co\\\/Revista\\\/un-evento-astronomico-imperdible-el-eclipse-total-de-luna-2025\\\/#breadcrumb\"},\"inLanguage\":\"es-CO\",\"potentialAction\":[{\"@type\":\"ReadAction\",\"target\":[\"https:\\\/\\\/tuguia.combarranquilla.co\\\/Revista\\\/un-evento-astronomico-imperdible-el-eclipse-total-de-luna-2025\\\/\"]}]},{\"@type\":\"ImageObject\",\"inLanguage\":\"es-CO\",\"@id\":\"https:\\\/\\\/tuguia.combarranquilla.co\\\/Revista\\\/un-evento-astronomico-imperdible-el-eclipse-total-de-luna-2025\\\/#primaryimage\",\"url\":\"https:\\\/\\\/tuguia.combarranquilla.co\\\/Revista\\\/wp-content\\\/uploads\\\/2025\\\/03\\\/Mesa-de-trabajo-1.png\",\"contentUrl\":\"https:\\\/\\\/tuguia.combarranquilla.co\\\/Revista\\\/wp-content\\\/uploads\\\/2025\\\/03\\\/Mesa-de-trabajo-1.png\",\"width\":1920,\"height\":1080},{\"@type\":\"BreadcrumbList\",\"@id\":\"https:\\\/\\\/tuguia.combarranquilla.co\\\/Revista\\\/un-evento-astronomico-imperdible-el-eclipse-total-de-luna-2025\\\/#breadcrumb\",\"itemListElement\":[{\"@type\":\"ListItem\",\"position\":1,\"name\":\"Inicio\",\"item\":\"https:\\\/\\\/tuguia.combarranquilla.co\\\/Revista\\\/\"},{\"@type\":\"ListItem\",\"position\":2,\"name\":\"Un evento astron\u00f3mico imperdible: El eclipse total de Luna 2025\"}]},{\"@type\":\"WebSite\",\"@id\":\"https:\\\/\\\/tuguia.combarranquilla.co\\\/Revista\\\/#website\",\"url\":\"https:\\\/\\\/tuguia.combarranquilla.co\\\/Revista\\\/\",\"name\":\"Tu Gu\u00eda\",\"description\":\"La revista donde lo tienes todo.\",\"publisher\":{\"@id\":\"https:\\\/\\\/tuguia.combarranquilla.co\\\/Revista\\\/#organization\"},\"alternateName\":\"Tu Gu\u00eda Combarranquilla\",\"potentialAction\":[{\"@type\":\"SearchAction\",\"target\":{\"@type\":\"EntryPoint\",\"urlTemplate\":\"https:\\\/\\\/tuguia.combarranquilla.co\\\/Revista\\\/?s={search_term_string}\"},\"query-input\":{\"@type\":\"PropertyValueSpecification\",\"valueRequired\":true,\"valueName\":\"search_term_string\"}}],\"inLanguage\":\"es-CO\"},{\"@type\":\"Organization\",\"@id\":\"https:\\\/\\\/tuguia.combarranquilla.co\\\/Revista\\\/#organization\",\"name\":\"Tu Gu\u00eda Combarranquilla\",\"url\":\"https:\\\/\\\/tuguia.combarranquilla.co\\\/Revista\\\/\",\"logo\":{\"@type\":\"ImageObject\",\"inLanguage\":\"es-CO\",\"@id\":\"https:\\\/\\\/tuguia.combarranquilla.co\\\/Revista\\\/#\\\/schema\\\/logo\\\/image\\\/\",\"url\":\"https:\\\/\\\/tuguia.combarranquilla.co\\\/Revista\\\/wp-content\\\/uploads\\\/2022\\\/02\\\/logo-guia-combarranquilla.svg\",\"contentUrl\":\"https:\\\/\\\/tuguia.combarranquilla.co\\\/Revista\\\/wp-content\\\/uploads\\\/2022\\\/02\\\/logo-guia-combarranquilla.svg\",\"caption\":\"Tu Gu\u00eda Combarranquilla\"},\"image\":{\"@id\":\"https:\\\/\\\/tuguia.combarranquilla.co\\\/Revista\\\/#\\\/schema\\\/logo\\\/image\\\/\"}},{\"@type\":\"Person\",\"@id\":\"https:\\\/\\\/tuguia.combarranquilla.co\\\/Revista\\\/#\\\/schema\\\/person\\\/dfacca4b8219e57377c45d1e37a9cc8d\",\"name\":\"Planetario Combarranquilla\",\"image\":{\"@type\":\"ImageObject\",\"inLanguage\":\"es-CO\",\"@id\":\"https:\\\/\\\/tuguia.combarranquilla.co\\\/Revista\\\/wp-content\\\/uploads\\\/2025\\\/03\\\/cropped-1@3x-96x96.png\",\"url\":\"https:\\\/\\\/tuguia.combarranquilla.co\\\/Revista\\\/wp-content\\\/uploads\\\/2025\\\/03\\\/cropped-1@3x-96x96.png\",\"contentUrl\":\"https:\\\/\\\/tuguia.combarranquilla.co\\\/Revista\\\/wp-content\\\/uploads\\\/2025\\\/03\\\/cropped-1@3x-96x96.png\",\"caption\":\"Planetario Combarranquilla\"},\"url\":\"https:\\\/\\\/tuguia.combarranquilla.co\\\/Revista\\\/author\\\/planetario\\\/\"}]}<\/script>\n<!-- \/ Yoast SEO plugin. -->","yoast_head_json":{"title":"Un evento astron\u00f3mico imperdible: El eclipse total de Luna 2025 - Tu Gu\u00eda","robots":{"index":"index","follow":"follow","max-snippet":"max-snippet:-1","max-image-preview":"max-image-preview:large","max-video-preview":"max-video-preview:-1"},"canonical":"https:\/\/tuguia.combarranquilla.co\/Revista\/un-evento-astronomico-imperdible-el-eclipse-total-de-luna-2025\/","og_locale":"es_ES","og_type":"article","og_title":"Un evento astron\u00f3mico imperdible: El eclipse total de Luna 2025 - Tu Gu\u00eda","og_description":"Para el amanecer del 14 de marzo, el Sol, la Tierra y la Luna nos ofrecer\u00e1n un verdadero espect\u00e1culo en el cielo. Se sincronizan en un ballet c\u00f3smico cuyo resultado es la ocurrencia de un eclipse total de Luna que se puede ver a simple vista, y que no reviste peligro al observarlo. Para que [&hellip;]","og_url":"https:\/\/tuguia.combarranquilla.co\/Revista\/un-evento-astronomico-imperdible-el-eclipse-total-de-luna-2025\/","og_site_name":"Tu Gu\u00eda","article_published_time":"2025-03-05T21:33:42+00:00","article_modified_time":"2025-03-14T16:55:58+00:00","og_image":[{"width":1920,"height":1080,"url":"https:\/\/tuguia.combarranquilla.co\/Revista\/wp-content\/uploads\/2025\/03\/Mesa-de-trabajo-1.png","type":"image\/png"}],"author":"Planetario Combarranquilla","twitter_card":"summary_large_image","twitter_misc":{"Escrito por":"Planetario Combarranquilla","Tiempo de lectura":"4 minutos"},"schema":{"@context":"https:\/\/schema.org","@graph":[{"@type":"Article","@id":"https:\/\/tuguia.combarranquilla.co\/Revista\/un-evento-astronomico-imperdible-el-eclipse-total-de-luna-2025\/#article","isPartOf":{"@id":"https:\/\/tuguia.combarranquilla.co\/Revista\/un-evento-astronomico-imperdible-el-eclipse-total-de-luna-2025\/"},"author":{"name":"Planetario Combarranquilla","@id":"https:\/\/tuguia.combarranquilla.co\/Revista\/#\/schema\/person\/dfacca4b8219e57377c45d1e37a9cc8d"},"headline":"Un evento astron\u00f3mico imperdible: El eclipse total de Luna 2025","datePublished":"2025-03-05T21:33:42+00:00","dateModified":"2025-03-14T16:55:58+00:00","mainEntityOfPage":{"@id":"https:\/\/tuguia.combarranquilla.co\/Revista\/un-evento-astronomico-imperdible-el-eclipse-total-de-luna-2025\/"},"wordCount":628,"commentCount":0,"publisher":{"@id":"https:\/\/tuguia.combarranquilla.co\/Revista\/#organization"},"image":{"@id":"https:\/\/tuguia.combarranquilla.co\/Revista\/un-evento-astronomico-imperdible-el-eclipse-total-de-luna-2025\/#primaryimage"},"thumbnailUrl":"https:\/\/tuguia.combarranquilla.co\/Revista\/wp-content\/uploads\/2025\/03\/Mesa-de-trabajo-1.png","articleSection":["CIENCIA Y CULTURA"],"inLanguage":"es-CO","potentialAction":[{"@type":"CommentAction","name":"Comment","target":["https:\/\/tuguia.combarranquilla.co\/Revista\/un-evento-astronomico-imperdible-el-eclipse-total-de-luna-2025\/#respond"]}]},{"@type":"WebPage","@id":"https:\/\/tuguia.combarranquilla.co\/Revista\/un-evento-astronomico-imperdible-el-eclipse-total-de-luna-2025\/","url":"https:\/\/tuguia.combarranquilla.co\/Revista\/un-evento-astronomico-imperdible-el-eclipse-total-de-luna-2025\/","name":"Un evento astron\u00f3mico imperdible: El eclipse total de Luna 2025 - Tu Gu\u00eda","isPartOf":{"@id":"https:\/\/tuguia.combarranquilla.co\/Revista\/#website"},"primaryImageOfPage":{"@id":"https:\/\/tuguia.combarranquilla.co\/Revista\/un-evento-astronomico-imperdible-el-eclipse-total-de-luna-2025\/#primaryimage"},"image":{"@id":"https:\/\/tuguia.combarranquilla.co\/Revista\/un-evento-astronomico-imperdible-el-eclipse-total-de-luna-2025\/#primaryimage"},"thumbnailUrl":"https:\/\/tuguia.combarranquilla.co\/Revista\/wp-content\/uploads\/2025\/03\/Mesa-de-trabajo-1.png","datePublished":"2025-03-05T21:33:42+00:00","dateModified":"2025-03-14T16:55:58+00:00","breadcrumb":{"@id":"https:\/\/tuguia.combarranquilla.co\/Revista\/un-evento-astronomico-imperdible-el-eclipse-total-de-luna-2025\/#breadcrumb"},"inLanguage":"es-CO","potentialAction":[{"@type":"ReadAction","target":["https:\/\/tuguia.combarranquilla.co\/Revista\/un-evento-astronomico-imperdible-el-eclipse-total-de-luna-2025\/"]}]},{"@type":"ImageObject","inLanguage":"es-CO","@id":"https:\/\/tuguia.combarranquilla.co\/Revista\/un-evento-astronomico-imperdible-el-eclipse-total-de-luna-2025\/#primaryimage","url":"https:\/\/tuguia.combarranquilla.co\/Revista\/wp-content\/uploads\/2025\/03\/Mesa-de-trabajo-1.png","contentUrl":"https:\/\/tuguia.combarranquilla.co\/Revista\/wp-content\/uploads\/2025\/03\/Mesa-de-trabajo-1.png","width":1920,"height":1080},{"@type":"BreadcrumbList","@id":"https:\/\/tuguia.combarranquilla.co\/Revista\/un-evento-astronomico-imperdible-el-eclipse-total-de-luna-2025\/#breadcrumb","itemListElement":[{"@type":"ListItem","position":1,"name":"Inicio","item":"https:\/\/tuguia.combarranquilla.co\/Revista\/"},{"@type":"ListItem","position":2,"name":"Un evento astron\u00f3mico imperdible: El eclipse total de Luna 2025"}]},{"@type":"WebSite","@id":"https:\/\/tuguia.combarranquilla.co\/Revista\/#website","url":"https:\/\/tuguia.combarranquilla.co\/Revista\/","name":"Tu Gu\u00eda","description":"La revista donde lo tienes todo.","publisher":{"@id":"https:\/\/tuguia.combarranquilla.co\/Revista\/#organization"},"alternateName":"Tu Gu\u00eda Combarranquilla","potentialAction":[{"@type":"SearchAction","target":{"@type":"EntryPoint","urlTemplate":"https:\/\/tuguia.combarranquilla.co\/Revista\/?s={search_term_string}"},"query-input":{"@type":"PropertyValueSpecification","valueRequired":true,"valueName":"search_term_string"}}],"inLanguage":"es-CO"},{"@type":"Organization","@id":"https:\/\/tuguia.combarranquilla.co\/Revista\/#organization","name":"Tu Gu\u00eda Combarranquilla","url":"https:\/\/tuguia.combarranquilla.co\/Revista\/","logo":{"@type":"ImageObject","inLanguage":"es-CO","@id":"https:\/\/tuguia.combarranquilla.co\/Revista\/#\/schema\/logo\/image\/","url":"https:\/\/tuguia.combarranquilla.co\/Revista\/wp-content\/uploads\/2022\/02\/logo-guia-combarranquilla.svg","contentUrl":"https:\/\/tuguia.combarranquilla.co\/Revista\/wp-content\/uploads\/2022\/02\/logo-guia-combarranquilla.svg","caption":"Tu Gu\u00eda Combarranquilla"},"image":{"@id":"https:\/\/tuguia.combarranquilla.co\/Revista\/#\/schema\/logo\/image\/"}},{"@type":"Person","@id":"https:\/\/tuguia.combarranquilla.co\/Revista\/#\/schema\/person\/dfacca4b8219e57377c45d1e37a9cc8d","name":"Planetario Combarranquilla","image":{"@type":"ImageObject","inLanguage":"es-CO","@id":"https:\/\/tuguia.combarranquilla.co\/Revista\/wp-content\/uploads\/2025\/03\/cropped-1@3x-96x96.png","url":"https:\/\/tuguia.combarranquilla.co\/Revista\/wp-content\/uploads\/2025\/03\/cropped-1@3x-96x96.png","contentUrl":"https:\/\/tuguia.combarranquilla.co\/Revista\/wp-content\/uploads\/2025\/03\/cropped-1@3x-96x96.png","caption":"Planetario Combarranquilla"},"url":"https:\/\/tuguia.combarranquilla.co\/Revista\/author\/planetario\/"}]}},"_links":{"self":[{"href":"https:\/\/tuguia.combarranquilla.co\/Revista\/wp-json\/wp\/v2\/posts\/5758","targetHints":{"allow":["GET"]}}],"collection":[{"href":"https:\/\/tuguia.combarranquilla.co\/Revista\/wp-json\/wp\/v2\/posts"}],"about":[{"href":"https:\/\/tuguia.combarranquilla.co\/Revista\/wp-json\/wp\/v2\/types\/post"}],"author":[{"embeddable":true,"href":"https:\/\/tuguia.combarranquilla.co\/Revista\/wp-json\/wp\/v2\/users\/3"}],"replies":[{"embeddable":true,"href":"https:\/\/tuguia.combarranquilla.co\/Revista\/wp-json\/wp\/v2\/comments?post=5758"}],"version-history":[{"count":16,"href":"https:\/\/tuguia.combarranquilla.co\/Revista\/wp-json\/wp\/v2\/posts\/5758\/revisions"}],"predecessor-version":[{"id":5789,"href":"https:\/\/tuguia.combarranquilla.co\/Revista\/wp-json\/wp\/v2\/posts\/5758\/revisions\/5789"}],"wp:featuredmedia":[{"embeddable":true,"href":"https:\/\/tuguia.combarranquilla.co\/Revista\/wp-json\/wp\/v2\/media\/5760"}],"wp:attachment":[{"href":"https:\/\/tuguia.combarranquilla.co\/Revista\/wp-json\/wp\/v2\/media?parent=5758"}],"wp:term":[{"taxonomy":"category","embeddable":true,"href":"https:\/\/tuguia.combarranquilla.co\/Revista\/wp-json\/wp\/v2\/categories?post=5758"},{"taxonomy":"post_tag","embeddable":true,"href":"https:\/\/tuguia.combarranquilla.co\/Revista\/wp-json\/wp\/v2\/tags?post=5758"}],"curies":[{"name":"wp","href":"https:\/\/api.w.org\/{rel}","templated":true}]}}