{"id":5790,"date":"2025-03-17T09:21:46","date_gmt":"2025-03-17T14:21:46","guid":{"rendered":"https:\/\/tuguia.combarranquilla.co\/Revista\/?p=5790"},"modified":"2025-03-17T14:33:35","modified_gmt":"2025-03-17T19:33:35","slug":"asi-se-vivio-el-eclipse-total-de-luna-en-el-planetario-combarranquilla","status":"publish","type":"post","link":"https:\/\/tuguia.combarranquilla.co\/Revista\/asi-se-vivio-el-eclipse-total-de-luna-en-el-planetario-combarranquilla\/","title":{"rendered":"As\u00ed se vivi\u00f3 el Eclipse Total de Luna en el Planetario Combarranquilla"},"content":{"rendered":"\n<p>La madrugada del 14 de marzo estuvo cargada de expectativa en el Planetario Combarranquilla. M<strong>\u00e1s de 150 personas se dieron cita en la denominada &#8220;Terraza Astron\u00f3mica&#8221;, <\/strong>ubicada en el tercer piso del parqueadero de la Unidad Boston, para presenciar un evento inolvidable:<strong> un eclipse total de Luna.<\/strong> Desde temprano, los asistentes comenzaron a llegar, algunos con telescopios, binoculares y c\u00e1maras en mano, listos para capturar cada instante de este fen\u00f3meno astron\u00f3mico.<\/p>\n\n\n\n<p>Antes del gran espect\u00e1culo, los presentes disfrutaron de conferencias sobre el eclipse, donde expertos explicaron su origen, las fases del evento y su importancia en el estudio de la astronom\u00eda. Los telescopios <strong>Castor y Pollux,<\/strong> testigos de m\u00faltiples eventos astron\u00f3micos en el planetario, estaban listos para brindar una visi\u00f3n privilegiada de la Luna.<\/p>\n\n\n\n<figure class=\"wp-block-image size-large\"><img decoding=\"async\" width=\"1024\" height=\"768\" data-src=\"https:\/\/tuguia.combarranquilla.co\/Revista\/wp-content\/uploads\/2025\/03\/IMG_9786-1024x768.jpg\" alt=\"\" class=\"wp-image-5807 lazyload\" data-srcset=\"https:\/\/tuguia.combarranquilla.co\/Revista\/wp-content\/uploads\/2025\/03\/IMG_9786-1024x768.jpg 1024w, https:\/\/tuguia.combarranquilla.co\/Revista\/wp-content\/uploads\/2025\/03\/IMG_9786-300x225.jpg 300w, https:\/\/tuguia.combarranquilla.co\/Revista\/wp-content\/uploads\/2025\/03\/IMG_9786-768x576.jpg 768w, https:\/\/tuguia.combarranquilla.co\/Revista\/wp-content\/uploads\/2025\/03\/IMG_9786-1536x1152.jpg 1536w, https:\/\/tuguia.combarranquilla.co\/Revista\/wp-content\/uploads\/2025\/03\/IMG_9786-2048x1536.jpg 2048w\" data-sizes=\"(max-width: 1024px) 100vw, 1024px\" src=\"data:image\/svg+xml;base64,PHN2ZyB3aWR0aD0iMSIgaGVpZ2h0PSIxIiB4bWxucz0iaHR0cDovL3d3dy53My5vcmcvMjAwMC9zdmciPjwvc3ZnPg==\" style=\"--smush-placeholder-width: 1024px; --smush-placeholder-aspect-ratio: 1024\/768;\" \/><\/figure>\n\n\n\n<p>\u201cHace m\u00e1s de 20 a\u00f1os que no ven\u00eda a este lugar y como estuve viviendo fuera del pa\u00eds, regresar me trajo muchos recuerdos\u201d, coment\u00f3 Diego Robayo, uno de los asistentes. \u201cQuer\u00eda darme este espacio con mi mam\u00e1 y disfrutar de la Luna roja. Hace m\u00e1s de diez a\u00f1os que no ve\u00eda un eclipse de Luna y este momento era perfecto para hacerlo\u201d.<\/p>\n\n\n\n<p>A las 12:09 a.m., la fase parcial del eclipse dio inicio. <strong>Lentamente, la Luna comenz\u00f3 a te\u00f1irse de sombras, marcando el comienzo del evento. <\/strong>A la 1:26 a.m., la emoci\u00f3n se apoder\u00f3 del p\u00fablico cuando la Luna qued\u00f3 completamente sumergida en la umbra de la Tierra, adoptando un intenso tono rojizo.<\/p>\n\n\n\n<p>\u201cNo me lo imaginaba tan impresionante\u201d, expres\u00f3 Alejandra Cepeda, una joven de 16 a\u00f1os y egresada de la Escuela Normal Superior La Hacienda. \u201cHab\u00eda visto un eclipse de Sol antes, pero esta experiencia fue incre\u00edble, no solo por presenciar el eclipse, sino por aplicar todo lo que aprendimos en la escuela y compartir el conocimiento con los dem\u00e1s. Agradezco a Combarranquilla y al Planetario por brindarnos esta oportunidad de vivirlo en persona\u201d.<\/p>\n\n\n\n<blockquote class=\"wp-block-quote is-layout-flow wp-block-quote-is-layout-flow\">\n<p><strong> \u201cLa astronom\u00eda es una ciencia que apasiona y tiene un gran poder de convocatoria. Nos permite hablar del cosmos, de la ciencia y su impacto en nuestra vida diaria. Adem\u00e1s, fomenta el inter\u00e9s por las vocaciones cient\u00edficas y aporta al desarrollo del conocimiento en la sociedad\u201d.<\/strong><\/p>\n<\/blockquote>\n\n\n\n<p>Para Orlando M\u00e9ndez, coordinador del Planetario, eventos como este son una oportunidad invaluable para la divulgaci\u00f3n cient\u00edfica: \u201cLa astronom\u00eda es una ciencia que apasiona y tiene un gran poder de convocatoria. Nos permite hablar del cosmos, de la ciencia y su impacto en nuestra vida diaria. Adem\u00e1s, fomenta el inter\u00e9s por las vocaciones cient\u00edficas y aporta al desarrollo del conocimiento en la sociedad\u201d.<\/p>\n\n\n\n<figure class=\"wp-block-image size-large\"><img decoding=\"async\" width=\"1024\" height=\"768\" data-src=\"https:\/\/tuguia.combarranquilla.co\/Revista\/wp-content\/uploads\/2025\/03\/IMG_9805-1024x768.jpg\" alt=\"\" class=\"wp-image-5818 lazyload\" data-srcset=\"https:\/\/tuguia.combarranquilla.co\/Revista\/wp-content\/uploads\/2025\/03\/IMG_9805-1024x768.jpg 1024w, https:\/\/tuguia.combarranquilla.co\/Revista\/wp-content\/uploads\/2025\/03\/IMG_9805-300x225.jpg 300w, https:\/\/tuguia.combarranquilla.co\/Revista\/wp-content\/uploads\/2025\/03\/IMG_9805-768x576.jpg 768w, https:\/\/tuguia.combarranquilla.co\/Revista\/wp-content\/uploads\/2025\/03\/IMG_9805-1536x1152.jpg 1536w, https:\/\/tuguia.combarranquilla.co\/Revista\/wp-content\/uploads\/2025\/03\/IMG_9805-2048x1536.jpg 2048w\" data-sizes=\"(max-width: 1024px) 100vw, 1024px\" src=\"data:image\/svg+xml;base64,PHN2ZyB3aWR0aD0iMSIgaGVpZ2h0PSIxIiB4bWxucz0iaHR0cDovL3d3dy53My5vcmcvMjAwMC9zdmciPjwvc3ZnPg==\" style=\"--smush-placeholder-width: 1024px; --smush-placeholder-aspect-ratio: 1024\/768;\" \/><\/figure>\n\n\n\n<p>El impacto educativo de este tipo de eventos fue resaltado por el docente Alex Vanegas, coordinador del programa de astronom\u00eda Betelgeuse ENSH:<strong> \u201cEstos momentos permiten a los estudiantes abrir la mente, explorar, analizar y despertar la curiosidad. <\/strong>No es lo mismo leer sobre astronom\u00eda en un libro que ver un eclipse en vivo y manipular un telescopio. Esta experiencia los marca y puede despertar en ellos el inter\u00e9s por las ciencias astron\u00f3micas\u201d.<\/p>\n\n\n\n<p>La fase total concluy\u00f3 a las 2:31 a.m., dando paso al regreso de la Luna a su brillo habitual. <strong>Poco a poco, la sombra de la Tierra se disip\u00f3 y el sat\u00e9lite volvi\u00f3 a iluminar la noche. <\/strong>Los asistentes, a\u00fan maravillados, comenzaron a despedirse, llevando consigo im\u00e1genes, recuerdos y una renovada admiraci\u00f3n por el universo.<\/p>\n\n\n\n<p>El eclipse total de Luna no solo dej\u00f3 una huella en quienes lo presenciaron, sino que reafirm\u00f3 la importancia de la divulgaci\u00f3n cient\u00edfica y el papel del Planetario como un espacio de encuentro para la exploraci\u00f3n del cosmos. M\u00e1s all\u00e1 de los datos y la ciencia, fue una noche de conexi\u00f3n, aprendizaje y asombro ante la inmensidad del universo.<\/p>\n","protected":false},"excerpt":{"rendered":"<p>La madrugada del 14 de marzo estuvo cargada de expectativa en el Planetario Combarranquilla. M\u00e1s de 150 personas se dieron cita en la denominada &#8220;Terraza Astron\u00f3mica&#8221;, ubicada en el tercer piso del parqueadero de la Unidad Boston, para presenciar un evento inolvidable: un eclipse total de Luna. Desde temprano, los asistentes comenzaron a llegar, algunos [&hellip;]<\/p>\n","protected":false},"author":3,"featured_media":5819,"comment_status":"open","ping_status":"open","sticky":false,"template":"","format":"standard","meta":{"inline_featured_image":false,"footnotes":""},"categories":[4],"tags":[],"class_list":["post-5790","post","type-post","status-publish","format-standard","has-post-thumbnail","hentry","category-ciencia-y-cultura"],"yoast_head":"<!-- This site is optimized with the Yoast SEO plugin v27.4 - https:\/\/yoast.com\/product\/yoast-seo-wordpress\/ -->\n<title>As\u00ed se vivi\u00f3 el Eclipse Total de Luna en el Planetario Combarranquilla - Tu Gu\u00eda<\/title>\n<meta name=\"robots\" content=\"index, follow, max-snippet:-1, max-image-preview:large, max-video-preview:-1\" \/>\n<link rel=\"canonical\" href=\"https:\/\/tuguia.combarranquilla.co\/Revista\/asi-se-vivio-el-eclipse-total-de-luna-en-el-planetario-combarranquilla\/\" \/>\n<meta property=\"og:locale\" content=\"es_ES\" \/>\n<meta property=\"og:type\" content=\"article\" \/>\n<meta property=\"og:title\" content=\"As\u00ed se vivi\u00f3 el Eclipse Total de Luna en el Planetario Combarranquilla - Tu Gu\u00eda\" \/>\n<meta property=\"og:description\" content=\"La madrugada del 14 de marzo estuvo cargada de expectativa en el Planetario Combarranquilla. M\u00e1s de 150 personas se dieron cita en la denominada &#8220;Terraza Astron\u00f3mica&#8221;, ubicada en el tercer piso del parqueadero de la Unidad Boston, para presenciar un evento inolvidable: un eclipse total de Luna. Desde temprano, los asistentes comenzaron a llegar, algunos [&hellip;]\" \/>\n<meta property=\"og:url\" content=\"https:\/\/tuguia.combarranquilla.co\/Revista\/asi-se-vivio-el-eclipse-total-de-luna-en-el-planetario-combarranquilla\/\" \/>\n<meta property=\"og:site_name\" content=\"Tu Gu\u00eda\" \/>\n<meta property=\"article:published_time\" content=\"2025-03-17T14:21:46+00:00\" \/>\n<meta property=\"article:modified_time\" content=\"2025-03-17T19:33:35+00:00\" \/>\n<meta property=\"og:image\" content=\"https:\/\/tuguia.combarranquilla.co\/Revista\/wp-content\/uploads\/2025\/03\/IMG_9913.jpg\" \/>\n\t<meta property=\"og:image:width\" content=\"1200\" \/>\n\t<meta property=\"og:image:height\" content=\"630\" \/>\n\t<meta property=\"og:image:type\" content=\"image\/jpeg\" \/>\n<meta name=\"author\" content=\"Planetario Combarranquilla\" \/>\n<meta name=\"twitter:card\" content=\"summary_large_image\" \/>\n<meta name=\"twitter:label1\" content=\"Escrito por\" \/>\n\t<meta name=\"twitter:data1\" content=\"Planetario Combarranquilla\" \/>\n\t<meta name=\"twitter:label2\" content=\"Tiempo de lectura\" \/>\n\t<meta name=\"twitter:data2\" content=\"4 minutos\" \/>\n<script type=\"application\/ld+json\" class=\"yoast-schema-graph\">{\"@context\":\"https:\\\/\\\/schema.org\",\"@graph\":[{\"@type\":\"Article\",\"@id\":\"https:\\\/\\\/tuguia.combarranquilla.co\\\/Revista\\\/asi-se-vivio-el-eclipse-total-de-luna-en-el-planetario-combarranquilla\\\/#article\",\"isPartOf\":{\"@id\":\"https:\\\/\\\/tuguia.combarranquilla.co\\\/Revista\\\/asi-se-vivio-el-eclipse-total-de-luna-en-el-planetario-combarranquilla\\\/\"},\"author\":{\"name\":\"Planetario Combarranquilla\",\"@id\":\"https:\\\/\\\/tuguia.combarranquilla.co\\\/Revista\\\/#\\\/schema\\\/person\\\/dfacca4b8219e57377c45d1e37a9cc8d\"},\"headline\":\"As\u00ed se vivi\u00f3 el Eclipse Total de Luna en el Planetario Combarranquilla\",\"datePublished\":\"2025-03-17T14:21:46+00:00\",\"dateModified\":\"2025-03-17T19:33:35+00:00\",\"mainEntityOfPage\":{\"@id\":\"https:\\\/\\\/tuguia.combarranquilla.co\\\/Revista\\\/asi-se-vivio-el-eclipse-total-de-luna-en-el-planetario-combarranquilla\\\/\"},\"wordCount\":661,\"commentCount\":0,\"publisher\":{\"@id\":\"https:\\\/\\\/tuguia.combarranquilla.co\\\/Revista\\\/#organization\"},\"image\":{\"@id\":\"https:\\\/\\\/tuguia.combarranquilla.co\\\/Revista\\\/asi-se-vivio-el-eclipse-total-de-luna-en-el-planetario-combarranquilla\\\/#primaryimage\"},\"thumbnailUrl\":\"https:\\\/\\\/tuguia.combarranquilla.co\\\/Revista\\\/wp-content\\\/uploads\\\/2025\\\/03\\\/IMG_9913.jpg\",\"articleSection\":[\"CIENCIA Y CULTURA\"],\"inLanguage\":\"es-CO\",\"potentialAction\":[{\"@type\":\"CommentAction\",\"name\":\"Comment\",\"target\":[\"https:\\\/\\\/tuguia.combarranquilla.co\\\/Revista\\\/asi-se-vivio-el-eclipse-total-de-luna-en-el-planetario-combarranquilla\\\/#respond\"]}]},{\"@type\":\"WebPage\",\"@id\":\"https:\\\/\\\/tuguia.combarranquilla.co\\\/Revista\\\/asi-se-vivio-el-eclipse-total-de-luna-en-el-planetario-combarranquilla\\\/\",\"url\":\"https:\\\/\\\/tuguia.combarranquilla.co\\\/Revista\\\/asi-se-vivio-el-eclipse-total-de-luna-en-el-planetario-combarranquilla\\\/\",\"name\":\"As\u00ed se vivi\u00f3 el Eclipse Total de Luna en el Planetario Combarranquilla - Tu Gu\u00eda\",\"isPartOf\":{\"@id\":\"https:\\\/\\\/tuguia.combarranquilla.co\\\/Revista\\\/#website\"},\"primaryImageOfPage\":{\"@id\":\"https:\\\/\\\/tuguia.combarranquilla.co\\\/Revista\\\/asi-se-vivio-el-eclipse-total-de-luna-en-el-planetario-combarranquilla\\\/#primaryimage\"},\"image\":{\"@id\":\"https:\\\/\\\/tuguia.combarranquilla.co\\\/Revista\\\/asi-se-vivio-el-eclipse-total-de-luna-en-el-planetario-combarranquilla\\\/#primaryimage\"},\"thumbnailUrl\":\"https:\\\/\\\/tuguia.combarranquilla.co\\\/Revista\\\/wp-content\\\/uploads\\\/2025\\\/03\\\/IMG_9913.jpg\",\"datePublished\":\"2025-03-17T14:21:46+00:00\",\"dateModified\":\"2025-03-17T19:33:35+00:00\",\"breadcrumb\":{\"@id\":\"https:\\\/\\\/tuguia.combarranquilla.co\\\/Revista\\\/asi-se-vivio-el-eclipse-total-de-luna-en-el-planetario-combarranquilla\\\/#breadcrumb\"},\"inLanguage\":\"es-CO\",\"potentialAction\":[{\"@type\":\"ReadAction\",\"target\":[\"https:\\\/\\\/tuguia.combarranquilla.co\\\/Revista\\\/asi-se-vivio-el-eclipse-total-de-luna-en-el-planetario-combarranquilla\\\/\"]}]},{\"@type\":\"ImageObject\",\"inLanguage\":\"es-CO\",\"@id\":\"https:\\\/\\\/tuguia.combarranquilla.co\\\/Revista\\\/asi-se-vivio-el-eclipse-total-de-luna-en-el-planetario-combarranquilla\\\/#primaryimage\",\"url\":\"https:\\\/\\\/tuguia.combarranquilla.co\\\/Revista\\\/wp-content\\\/uploads\\\/2025\\\/03\\\/IMG_9913.jpg\",\"contentUrl\":\"https:\\\/\\\/tuguia.combarranquilla.co\\\/Revista\\\/wp-content\\\/uploads\\\/2025\\\/03\\\/IMG_9913.jpg\",\"width\":1200,\"height\":630},{\"@type\":\"BreadcrumbList\",\"@id\":\"https:\\\/\\\/tuguia.combarranquilla.co\\\/Revista\\\/asi-se-vivio-el-eclipse-total-de-luna-en-el-planetario-combarranquilla\\\/#breadcrumb\",\"itemListElement\":[{\"@type\":\"ListItem\",\"position\":1,\"name\":\"Inicio\",\"item\":\"https:\\\/\\\/tuguia.combarranquilla.co\\\/Revista\\\/\"},{\"@type\":\"ListItem\",\"position\":2,\"name\":\"As\u00ed se vivi\u00f3 el Eclipse Total de Luna en el Planetario Combarranquilla\"}]},{\"@type\":\"WebSite\",\"@id\":\"https:\\\/\\\/tuguia.combarranquilla.co\\\/Revista\\\/#website\",\"url\":\"https:\\\/\\\/tuguia.combarranquilla.co\\\/Revista\\\/\",\"name\":\"Tu Gu\u00eda\",\"description\":\"La revista donde lo tienes todo.\",\"publisher\":{\"@id\":\"https:\\\/\\\/tuguia.combarranquilla.co\\\/Revista\\\/#organization\"},\"alternateName\":\"Tu Gu\u00eda Combarranquilla\",\"potentialAction\":[{\"@type\":\"SearchAction\",\"target\":{\"@type\":\"EntryPoint\",\"urlTemplate\":\"https:\\\/\\\/tuguia.combarranquilla.co\\\/Revista\\\/?s={search_term_string}\"},\"query-input\":{\"@type\":\"PropertyValueSpecification\",\"valueRequired\":true,\"valueName\":\"search_term_string\"}}],\"inLanguage\":\"es-CO\"},{\"@type\":\"Organization\",\"@id\":\"https:\\\/\\\/tuguia.combarranquilla.co\\\/Revista\\\/#organization\",\"name\":\"Tu Gu\u00eda Combarranquilla\",\"url\":\"https:\\\/\\\/tuguia.combarranquilla.co\\\/Revista\\\/\",\"logo\":{\"@type\":\"ImageObject\",\"inLanguage\":\"es-CO\",\"@id\":\"https:\\\/\\\/tuguia.combarranquilla.co\\\/Revista\\\/#\\\/schema\\\/logo\\\/image\\\/\",\"url\":\"https:\\\/\\\/tuguia.combarranquilla.co\\\/Revista\\\/wp-content\\\/uploads\\\/2022\\\/02\\\/logo-guia-combarranquilla.svg\",\"contentUrl\":\"https:\\\/\\\/tuguia.combarranquilla.co\\\/Revista\\\/wp-content\\\/uploads\\\/2022\\\/02\\\/logo-guia-combarranquilla.svg\",\"caption\":\"Tu Gu\u00eda Combarranquilla\"},\"image\":{\"@id\":\"https:\\\/\\\/tuguia.combarranquilla.co\\\/Revista\\\/#\\\/schema\\\/logo\\\/image\\\/\"}},{\"@type\":\"Person\",\"@id\":\"https:\\\/\\\/tuguia.combarranquilla.co\\\/Revista\\\/#\\\/schema\\\/person\\\/dfacca4b8219e57377c45d1e37a9cc8d\",\"name\":\"Planetario Combarranquilla\",\"image\":{\"@type\":\"ImageObject\",\"inLanguage\":\"es-CO\",\"@id\":\"https:\\\/\\\/tuguia.combarranquilla.co\\\/Revista\\\/wp-content\\\/uploads\\\/2025\\\/03\\\/cropped-1@3x-96x96.png\",\"url\":\"https:\\\/\\\/tuguia.combarranquilla.co\\\/Revista\\\/wp-content\\\/uploads\\\/2025\\\/03\\\/cropped-1@3x-96x96.png\",\"contentUrl\":\"https:\\\/\\\/tuguia.combarranquilla.co\\\/Revista\\\/wp-content\\\/uploads\\\/2025\\\/03\\\/cropped-1@3x-96x96.png\",\"caption\":\"Planetario Combarranquilla\"},\"url\":\"https:\\\/\\\/tuguia.combarranquilla.co\\\/Revista\\\/author\\\/planetario\\\/\"}]}<\/script>\n<!-- \/ Yoast SEO plugin. -->","yoast_head_json":{"title":"As\u00ed se vivi\u00f3 el Eclipse Total de Luna en el Planetario Combarranquilla - Tu Gu\u00eda","robots":{"index":"index","follow":"follow","max-snippet":"max-snippet:-1","max-image-preview":"max-image-preview:large","max-video-preview":"max-video-preview:-1"},"canonical":"https:\/\/tuguia.combarranquilla.co\/Revista\/asi-se-vivio-el-eclipse-total-de-luna-en-el-planetario-combarranquilla\/","og_locale":"es_ES","og_type":"article","og_title":"As\u00ed se vivi\u00f3 el Eclipse Total de Luna en el Planetario Combarranquilla - Tu Gu\u00eda","og_description":"La madrugada del 14 de marzo estuvo cargada de expectativa en el Planetario Combarranquilla. M\u00e1s de 150 personas se dieron cita en la denominada &#8220;Terraza Astron\u00f3mica&#8221;, ubicada en el tercer piso del parqueadero de la Unidad Boston, para presenciar un evento inolvidable: un eclipse total de Luna. Desde temprano, los asistentes comenzaron a llegar, algunos [&hellip;]","og_url":"https:\/\/tuguia.combarranquilla.co\/Revista\/asi-se-vivio-el-eclipse-total-de-luna-en-el-planetario-combarranquilla\/","og_site_name":"Tu Gu\u00eda","article_published_time":"2025-03-17T14:21:46+00:00","article_modified_time":"2025-03-17T19:33:35+00:00","og_image":[{"width":1200,"height":630,"url":"https:\/\/tuguia.combarranquilla.co\/Revista\/wp-content\/uploads\/2025\/03\/IMG_9913.jpg","type":"image\/jpeg"}],"author":"Planetario Combarranquilla","twitter_card":"summary_large_image","twitter_misc":{"Escrito por":"Planetario Combarranquilla","Tiempo de lectura":"4 minutos"},"schema":{"@context":"https:\/\/schema.org","@graph":[{"@type":"Article","@id":"https:\/\/tuguia.combarranquilla.co\/Revista\/asi-se-vivio-el-eclipse-total-de-luna-en-el-planetario-combarranquilla\/#article","isPartOf":{"@id":"https:\/\/tuguia.combarranquilla.co\/Revista\/asi-se-vivio-el-eclipse-total-de-luna-en-el-planetario-combarranquilla\/"},"author":{"name":"Planetario Combarranquilla","@id":"https:\/\/tuguia.combarranquilla.co\/Revista\/#\/schema\/person\/dfacca4b8219e57377c45d1e37a9cc8d"},"headline":"As\u00ed se vivi\u00f3 el Eclipse Total de Luna en el Planetario Combarranquilla","datePublished":"2025-03-17T14:21:46+00:00","dateModified":"2025-03-17T19:33:35+00:00","mainEntityOfPage":{"@id":"https:\/\/tuguia.combarranquilla.co\/Revista\/asi-se-vivio-el-eclipse-total-de-luna-en-el-planetario-combarranquilla\/"},"wordCount":661,"commentCount":0,"publisher":{"@id":"https:\/\/tuguia.combarranquilla.co\/Revista\/#organization"},"image":{"@id":"https:\/\/tuguia.combarranquilla.co\/Revista\/asi-se-vivio-el-eclipse-total-de-luna-en-el-planetario-combarranquilla\/#primaryimage"},"thumbnailUrl":"https:\/\/tuguia.combarranquilla.co\/Revista\/wp-content\/uploads\/2025\/03\/IMG_9913.jpg","articleSection":["CIENCIA Y CULTURA"],"inLanguage":"es-CO","potentialAction":[{"@type":"CommentAction","name":"Comment","target":["https:\/\/tuguia.combarranquilla.co\/Revista\/asi-se-vivio-el-eclipse-total-de-luna-en-el-planetario-combarranquilla\/#respond"]}]},{"@type":"WebPage","@id":"https:\/\/tuguia.combarranquilla.co\/Revista\/asi-se-vivio-el-eclipse-total-de-luna-en-el-planetario-combarranquilla\/","url":"https:\/\/tuguia.combarranquilla.co\/Revista\/asi-se-vivio-el-eclipse-total-de-luna-en-el-planetario-combarranquilla\/","name":"As\u00ed se vivi\u00f3 el Eclipse Total de Luna en el Planetario Combarranquilla - Tu Gu\u00eda","isPartOf":{"@id":"https:\/\/tuguia.combarranquilla.co\/Revista\/#website"},"primaryImageOfPage":{"@id":"https:\/\/tuguia.combarranquilla.co\/Revista\/asi-se-vivio-el-eclipse-total-de-luna-en-el-planetario-combarranquilla\/#primaryimage"},"image":{"@id":"https:\/\/tuguia.combarranquilla.co\/Revista\/asi-se-vivio-el-eclipse-total-de-luna-en-el-planetario-combarranquilla\/#primaryimage"},"thumbnailUrl":"https:\/\/tuguia.combarranquilla.co\/Revista\/wp-content\/uploads\/2025\/03\/IMG_9913.jpg","datePublished":"2025-03-17T14:21:46+00:00","dateModified":"2025-03-17T19:33:35+00:00","breadcrumb":{"@id":"https:\/\/tuguia.combarranquilla.co\/Revista\/asi-se-vivio-el-eclipse-total-de-luna-en-el-planetario-combarranquilla\/#breadcrumb"},"inLanguage":"es-CO","potentialAction":[{"@type":"ReadAction","target":["https:\/\/tuguia.combarranquilla.co\/Revista\/asi-se-vivio-el-eclipse-total-de-luna-en-el-planetario-combarranquilla\/"]}]},{"@type":"ImageObject","inLanguage":"es-CO","@id":"https:\/\/tuguia.combarranquilla.co\/Revista\/asi-se-vivio-el-eclipse-total-de-luna-en-el-planetario-combarranquilla\/#primaryimage","url":"https:\/\/tuguia.combarranquilla.co\/Revista\/wp-content\/uploads\/2025\/03\/IMG_9913.jpg","contentUrl":"https:\/\/tuguia.combarranquilla.co\/Revista\/wp-content\/uploads\/2025\/03\/IMG_9913.jpg","width":1200,"height":630},{"@type":"BreadcrumbList","@id":"https:\/\/tuguia.combarranquilla.co\/Revista\/asi-se-vivio-el-eclipse-total-de-luna-en-el-planetario-combarranquilla\/#breadcrumb","itemListElement":[{"@type":"ListItem","position":1,"name":"Inicio","item":"https:\/\/tuguia.combarranquilla.co\/Revista\/"},{"@type":"ListItem","position":2,"name":"As\u00ed se vivi\u00f3 el Eclipse Total de Luna en el Planetario Combarranquilla"}]},{"@type":"WebSite","@id":"https:\/\/tuguia.combarranquilla.co\/Revista\/#website","url":"https:\/\/tuguia.combarranquilla.co\/Revista\/","name":"Tu Gu\u00eda","description":"La revista donde lo tienes todo.","publisher":{"@id":"https:\/\/tuguia.combarranquilla.co\/Revista\/#organization"},"alternateName":"Tu Gu\u00eda Combarranquilla","potentialAction":[{"@type":"SearchAction","target":{"@type":"EntryPoint","urlTemplate":"https:\/\/tuguia.combarranquilla.co\/Revista\/?s={search_term_string}"},"query-input":{"@type":"PropertyValueSpecification","valueRequired":true,"valueName":"search_term_string"}}],"inLanguage":"es-CO"},{"@type":"Organization","@id":"https:\/\/tuguia.combarranquilla.co\/Revista\/#organization","name":"Tu Gu\u00eda Combarranquilla","url":"https:\/\/tuguia.combarranquilla.co\/Revista\/","logo":{"@type":"ImageObject","inLanguage":"es-CO","@id":"https:\/\/tuguia.combarranquilla.co\/Revista\/#\/schema\/logo\/image\/","url":"https:\/\/tuguia.combarranquilla.co\/Revista\/wp-content\/uploads\/2022\/02\/logo-guia-combarranquilla.svg","contentUrl":"https:\/\/tuguia.combarranquilla.co\/Revista\/wp-content\/uploads\/2022\/02\/logo-guia-combarranquilla.svg","caption":"Tu Gu\u00eda Combarranquilla"},"image":{"@id":"https:\/\/tuguia.combarranquilla.co\/Revista\/#\/schema\/logo\/image\/"}},{"@type":"Person","@id":"https:\/\/tuguia.combarranquilla.co\/Revista\/#\/schema\/person\/dfacca4b8219e57377c45d1e37a9cc8d","name":"Planetario Combarranquilla","image":{"@type":"ImageObject","inLanguage":"es-CO","@id":"https:\/\/tuguia.combarranquilla.co\/Revista\/wp-content\/uploads\/2025\/03\/cropped-1@3x-96x96.png","url":"https:\/\/tuguia.combarranquilla.co\/Revista\/wp-content\/uploads\/2025\/03\/cropped-1@3x-96x96.png","contentUrl":"https:\/\/tuguia.combarranquilla.co\/Revista\/wp-content\/uploads\/2025\/03\/cropped-1@3x-96x96.png","caption":"Planetario Combarranquilla"},"url":"https:\/\/tuguia.combarranquilla.co\/Revista\/author\/planetario\/"}]}},"_links":{"self":[{"href":"https:\/\/tuguia.combarranquilla.co\/Revista\/wp-json\/wp\/v2\/posts\/5790","targetHints":{"allow":["GET"]}}],"collection":[{"href":"https:\/\/tuguia.combarranquilla.co\/Revista\/wp-json\/wp\/v2\/posts"}],"about":[{"href":"https:\/\/tuguia.combarranquilla.co\/Revista\/wp-json\/wp\/v2\/types\/post"}],"author":[{"embeddable":true,"href":"https:\/\/tuguia.combarranquilla.co\/Revista\/wp-json\/wp\/v2\/users\/3"}],"replies":[{"embeddable":true,"href":"https:\/\/tuguia.combarranquilla.co\/Revista\/wp-json\/wp\/v2\/comments?post=5790"}],"version-history":[{"count":7,"href":"https:\/\/tuguia.combarranquilla.co\/Revista\/wp-json\/wp\/v2\/posts\/5790\/revisions"}],"predecessor-version":[{"id":5832,"href":"https:\/\/tuguia.combarranquilla.co\/Revista\/wp-json\/wp\/v2\/posts\/5790\/revisions\/5832"}],"wp:featuredmedia":[{"embeddable":true,"href":"https:\/\/tuguia.combarranquilla.co\/Revista\/wp-json\/wp\/v2\/media\/5819"}],"wp:attachment":[{"href":"https:\/\/tuguia.combarranquilla.co\/Revista\/wp-json\/wp\/v2\/media?parent=5790"}],"wp:term":[{"taxonomy":"category","embeddable":true,"href":"https:\/\/tuguia.combarranquilla.co\/Revista\/wp-json\/wp\/v2\/categories?post=5790"},{"taxonomy":"post_tag","embeddable":true,"href":"https:\/\/tuguia.combarranquilla.co\/Revista\/wp-json\/wp\/v2\/tags?post=5790"}],"curies":[{"name":"wp","href":"https:\/\/api.w.org\/{rel}","templated":true}]}}