{"id":5868,"date":"2025-03-26T10:59:42","date_gmt":"2025-03-26T15:59:42","guid":{"rendered":"https:\/\/tuguia.combarranquilla.co\/Revista\/?p=5868"},"modified":"2025-05-15T16:52:17","modified_gmt":"2025-05-15T21:52:17","slug":"seminario-impulsa-tu-talento-de-combarranquilla-fue-todo-un-exito","status":"publish","type":"post","link":"https:\/\/tuguia.combarranquilla.co\/Revista\/seminario-impulsa-tu-talento-de-combarranquilla-fue-todo-un-exito\/","title":{"rendered":"Seminario impulsa tu talento de Combarranquilla tuvo gran aceptaci\u00f3n"},"content":{"rendered":"\n<p>El pasado jueves 21 de marzo, en la unidad Country de Combarranquilla, se realiz\u00f3 el seminario Impulsa tu talento. La idea central del evento fue identificar estrategias de upskilling y reskilling y la manera en c\u00f3mo eso influye en el bienestar laboral. Los asistentes conocieron algunos de los beneficios de la inteligencia artificial, sus fortalezas, pero teniendo en cuenta que este tipo de herramientas no reemplazar\u00e1 al ser humano.<\/p>\n\n\n<div class=\"wp-block-image\">\n<figure class=\"aligncenter size-large is-resized\"><img decoding=\"async\" width=\"1024\" height=\"768\" data-src=\"https:\/\/tuguia.combarranquilla.co\/Revista\/wp-content\/uploads\/2025\/03\/WhatsApp-Image-2025-03-25-at-4.37.54-PM-1024x768.jpeg\" alt=\"\" class=\"wp-image-5871 lazyload\" style=\"--smush-placeholder-width: 1024px; --smush-placeholder-aspect-ratio: 1024\/768;width:584px;height:auto\" data-srcset=\"https:\/\/tuguia.combarranquilla.co\/Revista\/wp-content\/uploads\/2025\/03\/WhatsApp-Image-2025-03-25-at-4.37.54-PM-1024x768.jpeg 1024w, https:\/\/tuguia.combarranquilla.co\/Revista\/wp-content\/uploads\/2025\/03\/WhatsApp-Image-2025-03-25-at-4.37.54-PM-300x225.jpeg 300w, https:\/\/tuguia.combarranquilla.co\/Revista\/wp-content\/uploads\/2025\/03\/WhatsApp-Image-2025-03-25-at-4.37.54-PM-768x576.jpeg 768w, https:\/\/tuguia.combarranquilla.co\/Revista\/wp-content\/uploads\/2025\/03\/WhatsApp-Image-2025-03-25-at-4.37.54-PM-1536x1152.jpeg 1536w, https:\/\/tuguia.combarranquilla.co\/Revista\/wp-content\/uploads\/2025\/03\/WhatsApp-Image-2025-03-25-at-4.37.54-PM-2048x1536.jpeg 2048w\" data-sizes=\"(max-width: 1024px) 100vw, 1024px\" src=\"data:image\/svg+xml;base64,PHN2ZyB3aWR0aD0iMSIgaGVpZ2h0PSIxIiB4bWxucz0iaHR0cDovL3d3dy53My5vcmcvMjAwMC9zdmciPjwvc3ZnPg==\" \/><\/figure><\/div>\n\n\n<p>Durante el seminario, se maximizaron los ejercicios de innovaci\u00f3n, creatividad, conexi\u00f3n e intuici\u00f3n. Gracias a este evento, los invitados pudieron conocer la manera en que se ha avanzado la tecnolog\u00eda y la importancia de seguir capacit\u00e1ndose. Esto, con el fin de darse cuenta de que las distancias que se encuentran entre el mundo digital y a lo que se enfrentan las personas se cierran poco a poco.<\/p>\n\n\n\n<p>Din\u00e1micas, ideas innovadoras y ejercicios para adquirir m\u00e1s conocimientos a la hora de ejecutar situaciones espec\u00edficas con sus empresas. Este fue otro de los conocimientos adquiridos durante el seminario. La actividad estuvo encabezada por la conferencista Stella Mu\u00f1oz, quien comparti\u00f3 con las empresas asistentes los diferentes m\u00e9todos para poder incentivar la creaci\u00f3n de un material distinto. Gracias a esto, pueden seguir sobresaliendo en sus funciones.<\/p>\n\n\n\n<p>El almuerzo tambi\u00e9n fue clave para que los asistentes pudieran socializar entre ellos. El compartir conocimientos entre ellos mismos puede darles una visi\u00f3n o enfoque diferente a c\u00f3mo lo estaban afrontando. Desde la Caja de Compensaci\u00f3n se seguir\u00e1n promoviendo este tipo de espacios para el enriquecimiento de ideas para sus empresas afiliadas.<\/p>\n\n\n<div class=\"wp-block-image\">\n<figure class=\"aligncenter size-large is-resized\"><img decoding=\"async\" width=\"1024\" height=\"768\" data-src=\"https:\/\/tuguia.combarranquilla.co\/Revista\/wp-content\/uploads\/2025\/03\/WhatsApp-Image-2025-03-25-at-4.37.55-PM-1024x768.jpeg\" alt=\"\" class=\"wp-image-5870 lazyload\" style=\"--smush-placeholder-width: 1024px; --smush-placeholder-aspect-ratio: 1024\/768;width:557px;height:auto\" data-srcset=\"https:\/\/tuguia.combarranquilla.co\/Revista\/wp-content\/uploads\/2025\/03\/WhatsApp-Image-2025-03-25-at-4.37.55-PM-1024x768.jpeg 1024w, https:\/\/tuguia.combarranquilla.co\/Revista\/wp-content\/uploads\/2025\/03\/WhatsApp-Image-2025-03-25-at-4.37.55-PM-300x225.jpeg 300w, https:\/\/tuguia.combarranquilla.co\/Revista\/wp-content\/uploads\/2025\/03\/WhatsApp-Image-2025-03-25-at-4.37.55-PM-768x576.jpeg 768w, https:\/\/tuguia.combarranquilla.co\/Revista\/wp-content\/uploads\/2025\/03\/WhatsApp-Image-2025-03-25-at-4.37.55-PM-1536x1152.jpeg 1536w, https:\/\/tuguia.combarranquilla.co\/Revista\/wp-content\/uploads\/2025\/03\/WhatsApp-Image-2025-03-25-at-4.37.55-PM-2048x1536.jpeg 2048w\" data-sizes=\"(max-width: 1024px) 100vw, 1024px\" src=\"data:image\/svg+xml;base64,PHN2ZyB3aWR0aD0iMSIgaGVpZ2h0PSIxIiB4bWxucz0iaHR0cDovL3d3dy53My5vcmcvMjAwMC9zdmciPjwvc3ZnPg==\" \/><\/figure><\/div>\n\n\n<p>Combarranquilla sigue creyendo que estos encuentros de empresas son provechosos para tener m\u00e1s innovaci\u00f3n de cara al futuro econ\u00f3mico del pa\u00eds. Asimismo, el gran resultado de todo esto podr\u00e1 llevar a la transformaci\u00f3n de vida de sus empleados, lo que contribuir\u00e1 a bajar los niveles de desempleo que desde hace tiempo han ido en alza.<\/p>\n","protected":false},"excerpt":{"rendered":"<p>El pasado jueves 21 de marzo, en la unidad Country de Combarranquilla, se realiz\u00f3 el seminario Impulsa tu talento. La idea central del evento fue identificar estrategias de upskilling y reskilling y la manera en c\u00f3mo eso influye en el bienestar laboral. Los asistentes conocieron algunos de los beneficios de la inteligencia artificial, sus fortalezas, [&hellip;]<\/p>\n","protected":false},"author":2,"featured_media":5869,"comment_status":"open","ping_status":"open","sticky":false,"template":"","format":"standard","meta":{"inline_featured_image":false,"footnotes":""},"categories":[6],"tags":[],"class_list":["post-5868","post","type-post","status-publish","format-standard","has-post-thumbnail","hentry","category-empleabilidad"],"yoast_head":"<!-- This site is optimized with the Yoast SEO plugin v27.4 - https:\/\/yoast.com\/product\/yoast-seo-wordpress\/ -->\n<title>Seminario impulsa tu talento de Combarranquilla tuvo gran aceptaci\u00f3n - Tu Gu\u00eda<\/title>\n<meta name=\"robots\" content=\"index, follow, max-snippet:-1, max-image-preview:large, max-video-preview:-1\" \/>\n<link rel=\"canonical\" href=\"https:\/\/tuguia.combarranquilla.co\/Revista\/seminario-impulsa-tu-talento-de-combarranquilla-fue-todo-un-exito\/\" \/>\n<meta property=\"og:locale\" content=\"es_ES\" \/>\n<meta property=\"og:type\" content=\"article\" \/>\n<meta property=\"og:title\" content=\"Seminario impulsa tu talento de Combarranquilla tuvo gran aceptaci\u00f3n - Tu Gu\u00eda\" \/>\n<meta property=\"og:description\" content=\"El pasado jueves 21 de marzo, en la unidad Country de Combarranquilla, se realiz\u00f3 el seminario Impulsa tu talento. La idea central del evento fue identificar estrategias de upskilling y reskilling y la manera en c\u00f3mo eso influye en el bienestar laboral. Los asistentes conocieron algunos de los beneficios de la inteligencia artificial, sus fortalezas, [&hellip;]\" \/>\n<meta property=\"og:url\" content=\"https:\/\/tuguia.combarranquilla.co\/Revista\/seminario-impulsa-tu-talento-de-combarranquilla-fue-todo-un-exito\/\" \/>\n<meta property=\"og:site_name\" content=\"Tu Gu\u00eda\" \/>\n<meta property=\"article:published_time\" content=\"2025-03-26T15:59:42+00:00\" \/>\n<meta property=\"article:modified_time\" content=\"2025-05-15T21:52:17+00:00\" \/>\n<meta property=\"og:image\" content=\"https:\/\/tuguia.combarranquilla.co\/Revista\/wp-content\/uploads\/2025\/03\/WhatsApp-Image-2025-03-20-at-3.10.51-PM-scaled.jpeg\" \/>\n\t<meta property=\"og:image:width\" content=\"1920\" \/>\n\t<meta property=\"og:image:height\" content=\"2560\" \/>\n\t<meta property=\"og:image:type\" content=\"image\/jpeg\" \/>\n<meta name=\"author\" content=\"Comunicaciones Combarranquilla\" \/>\n<meta name=\"twitter:card\" content=\"summary_large_image\" \/>\n<meta name=\"twitter:label1\" content=\"Escrito por\" \/>\n\t<meta name=\"twitter:data1\" content=\"Comunicaciones Combarranquilla\" \/>\n\t<meta name=\"twitter:label2\" content=\"Tiempo de lectura\" \/>\n\t<meta name=\"twitter:data2\" content=\"3 minutos\" \/>\n<script type=\"application\/ld+json\" class=\"yoast-schema-graph\">{\"@context\":\"https:\\\/\\\/schema.org\",\"@graph\":[{\"@type\":\"Article\",\"@id\":\"https:\\\/\\\/tuguia.combarranquilla.co\\\/Revista\\\/seminario-impulsa-tu-talento-de-combarranquilla-fue-todo-un-exito\\\/#article\",\"isPartOf\":{\"@id\":\"https:\\\/\\\/tuguia.combarranquilla.co\\\/Revista\\\/seminario-impulsa-tu-talento-de-combarranquilla-fue-todo-un-exito\\\/\"},\"author\":{\"name\":\"Comunicaciones Combarranquilla\",\"@id\":\"https:\\\/\\\/tuguia.combarranquilla.co\\\/Revista\\\/#\\\/schema\\\/person\\\/c2c396a77170bd1d5f8ba73294eb0d10\"},\"headline\":\"Seminario impulsa tu talento de Combarranquilla tuvo gran aceptaci\u00f3n\",\"datePublished\":\"2025-03-26T15:59:42+00:00\",\"dateModified\":\"2025-05-15T21:52:17+00:00\",\"mainEntityOfPage\":{\"@id\":\"https:\\\/\\\/tuguia.combarranquilla.co\\\/Revista\\\/seminario-impulsa-tu-talento-de-combarranquilla-fue-todo-un-exito\\\/\"},\"wordCount\":339,\"commentCount\":0,\"publisher\":{\"@id\":\"https:\\\/\\\/tuguia.combarranquilla.co\\\/Revista\\\/#organization\"},\"image\":{\"@id\":\"https:\\\/\\\/tuguia.combarranquilla.co\\\/Revista\\\/seminario-impulsa-tu-talento-de-combarranquilla-fue-todo-un-exito\\\/#primaryimage\"},\"thumbnailUrl\":\"https:\\\/\\\/tuguia.combarranquilla.co\\\/Revista\\\/wp-content\\\/uploads\\\/2025\\\/03\\\/WhatsApp-Image-2025-03-20-at-3.10.51-PM-scaled.jpeg\",\"articleSection\":[\"EMPLEABILIDAD\"],\"inLanguage\":\"es-CO\",\"potentialAction\":[{\"@type\":\"CommentAction\",\"name\":\"Comment\",\"target\":[\"https:\\\/\\\/tuguia.combarranquilla.co\\\/Revista\\\/seminario-impulsa-tu-talento-de-combarranquilla-fue-todo-un-exito\\\/#respond\"]}]},{\"@type\":\"WebPage\",\"@id\":\"https:\\\/\\\/tuguia.combarranquilla.co\\\/Revista\\\/seminario-impulsa-tu-talento-de-combarranquilla-fue-todo-un-exito\\\/\",\"url\":\"https:\\\/\\\/tuguia.combarranquilla.co\\\/Revista\\\/seminario-impulsa-tu-talento-de-combarranquilla-fue-todo-un-exito\\\/\",\"name\":\"Seminario impulsa tu talento de Combarranquilla tuvo gran aceptaci\u00f3n - Tu Gu\u00eda\",\"isPartOf\":{\"@id\":\"https:\\\/\\\/tuguia.combarranquilla.co\\\/Revista\\\/#website\"},\"primaryImageOfPage\":{\"@id\":\"https:\\\/\\\/tuguia.combarranquilla.co\\\/Revista\\\/seminario-impulsa-tu-talento-de-combarranquilla-fue-todo-un-exito\\\/#primaryimage\"},\"image\":{\"@id\":\"https:\\\/\\\/tuguia.combarranquilla.co\\\/Revista\\\/seminario-impulsa-tu-talento-de-combarranquilla-fue-todo-un-exito\\\/#primaryimage\"},\"thumbnailUrl\":\"https:\\\/\\\/tuguia.combarranquilla.co\\\/Revista\\\/wp-content\\\/uploads\\\/2025\\\/03\\\/WhatsApp-Image-2025-03-20-at-3.10.51-PM-scaled.jpeg\",\"datePublished\":\"2025-03-26T15:59:42+00:00\",\"dateModified\":\"2025-05-15T21:52:17+00:00\",\"breadcrumb\":{\"@id\":\"https:\\\/\\\/tuguia.combarranquilla.co\\\/Revista\\\/seminario-impulsa-tu-talento-de-combarranquilla-fue-todo-un-exito\\\/#breadcrumb\"},\"inLanguage\":\"es-CO\",\"potentialAction\":[{\"@type\":\"ReadAction\",\"target\":[\"https:\\\/\\\/tuguia.combarranquilla.co\\\/Revista\\\/seminario-impulsa-tu-talento-de-combarranquilla-fue-todo-un-exito\\\/\"]}]},{\"@type\":\"ImageObject\",\"inLanguage\":\"es-CO\",\"@id\":\"https:\\\/\\\/tuguia.combarranquilla.co\\\/Revista\\\/seminario-impulsa-tu-talento-de-combarranquilla-fue-todo-un-exito\\\/#primaryimage\",\"url\":\"https:\\\/\\\/tuguia.combarranquilla.co\\\/Revista\\\/wp-content\\\/uploads\\\/2025\\\/03\\\/WhatsApp-Image-2025-03-20-at-3.10.51-PM-scaled.jpeg\",\"contentUrl\":\"https:\\\/\\\/tuguia.combarranquilla.co\\\/Revista\\\/wp-content\\\/uploads\\\/2025\\\/03\\\/WhatsApp-Image-2025-03-20-at-3.10.51-PM-scaled.jpeg\",\"width\":1920,\"height\":2560},{\"@type\":\"BreadcrumbList\",\"@id\":\"https:\\\/\\\/tuguia.combarranquilla.co\\\/Revista\\\/seminario-impulsa-tu-talento-de-combarranquilla-fue-todo-un-exito\\\/#breadcrumb\",\"itemListElement\":[{\"@type\":\"ListItem\",\"position\":1,\"name\":\"Inicio\",\"item\":\"https:\\\/\\\/tuguia.combarranquilla.co\\\/Revista\\\/\"},{\"@type\":\"ListItem\",\"position\":2,\"name\":\"Seminario impulsa tu talento de Combarranquilla tuvo gran aceptaci\u00f3n\"}]},{\"@type\":\"WebSite\",\"@id\":\"https:\\\/\\\/tuguia.combarranquilla.co\\\/Revista\\\/#website\",\"url\":\"https:\\\/\\\/tuguia.combarranquilla.co\\\/Revista\\\/\",\"name\":\"Tu Gu\u00eda\",\"description\":\"La revista donde lo tienes todo.\",\"publisher\":{\"@id\":\"https:\\\/\\\/tuguia.combarranquilla.co\\\/Revista\\\/#organization\"},\"alternateName\":\"Tu Gu\u00eda Combarranquilla\",\"potentialAction\":[{\"@type\":\"SearchAction\",\"target\":{\"@type\":\"EntryPoint\",\"urlTemplate\":\"https:\\\/\\\/tuguia.combarranquilla.co\\\/Revista\\\/?s={search_term_string}\"},\"query-input\":{\"@type\":\"PropertyValueSpecification\",\"valueRequired\":true,\"valueName\":\"search_term_string\"}}],\"inLanguage\":\"es-CO\"},{\"@type\":\"Organization\",\"@id\":\"https:\\\/\\\/tuguia.combarranquilla.co\\\/Revista\\\/#organization\",\"name\":\"Tu Gu\u00eda Combarranquilla\",\"url\":\"https:\\\/\\\/tuguia.combarranquilla.co\\\/Revista\\\/\",\"logo\":{\"@type\":\"ImageObject\",\"inLanguage\":\"es-CO\",\"@id\":\"https:\\\/\\\/tuguia.combarranquilla.co\\\/Revista\\\/#\\\/schema\\\/logo\\\/image\\\/\",\"url\":\"https:\\\/\\\/tuguia.combarranquilla.co\\\/Revista\\\/wp-content\\\/uploads\\\/2022\\\/02\\\/logo-guia-combarranquilla.svg\",\"contentUrl\":\"https:\\\/\\\/tuguia.combarranquilla.co\\\/Revista\\\/wp-content\\\/uploads\\\/2022\\\/02\\\/logo-guia-combarranquilla.svg\",\"caption\":\"Tu Gu\u00eda Combarranquilla\"},\"image\":{\"@id\":\"https:\\\/\\\/tuguia.combarranquilla.co\\\/Revista\\\/#\\\/schema\\\/logo\\\/image\\\/\"}},{\"@type\":\"Person\",\"@id\":\"https:\\\/\\\/tuguia.combarranquilla.co\\\/Revista\\\/#\\\/schema\\\/person\\\/c2c396a77170bd1d5f8ba73294eb0d10\",\"name\":\"Comunicaciones Combarranquilla\",\"image\":{\"@type\":\"ImageObject\",\"inLanguage\":\"es-CO\",\"@id\":\"https:\\\/\\\/tuguia.combarranquilla.co\\\/Revista\\\/wp-content\\\/uploads\\\/2025\\\/05\\\/ABC-Al-Rojo-Logo-96x96.jpg\",\"url\":\"https:\\\/\\\/tuguia.combarranquilla.co\\\/Revista\\\/wp-content\\\/uploads\\\/2025\\\/05\\\/ABC-Al-Rojo-Logo-96x96.jpg\",\"contentUrl\":\"https:\\\/\\\/tuguia.combarranquilla.co\\\/Revista\\\/wp-content\\\/uploads\\\/2025\\\/05\\\/ABC-Al-Rojo-Logo-96x96.jpg\",\"caption\":\"Comunicaciones Combarranquilla\"},\"sameAs\":[\"https:\\\/\\\/www.combarranquilla.co\"],\"url\":\"https:\\\/\\\/tuguia.combarranquilla.co\\\/Revista\\\/author\\\/comunicaciones\\\/\"}]}<\/script>\n<!-- \/ Yoast SEO plugin. -->","yoast_head_json":{"title":"Seminario impulsa tu talento de Combarranquilla tuvo gran aceptaci\u00f3n - Tu Gu\u00eda","robots":{"index":"index","follow":"follow","max-snippet":"max-snippet:-1","max-image-preview":"max-image-preview:large","max-video-preview":"max-video-preview:-1"},"canonical":"https:\/\/tuguia.combarranquilla.co\/Revista\/seminario-impulsa-tu-talento-de-combarranquilla-fue-todo-un-exito\/","og_locale":"es_ES","og_type":"article","og_title":"Seminario impulsa tu talento de Combarranquilla tuvo gran aceptaci\u00f3n - Tu Gu\u00eda","og_description":"El pasado jueves 21 de marzo, en la unidad Country de Combarranquilla, se realiz\u00f3 el seminario Impulsa tu talento. La idea central del evento fue identificar estrategias de upskilling y reskilling y la manera en c\u00f3mo eso influye en el bienestar laboral. Los asistentes conocieron algunos de los beneficios de la inteligencia artificial, sus fortalezas, [&hellip;]","og_url":"https:\/\/tuguia.combarranquilla.co\/Revista\/seminario-impulsa-tu-talento-de-combarranquilla-fue-todo-un-exito\/","og_site_name":"Tu Gu\u00eda","article_published_time":"2025-03-26T15:59:42+00:00","article_modified_time":"2025-05-15T21:52:17+00:00","og_image":[{"width":1920,"height":2560,"url":"https:\/\/tuguia.combarranquilla.co\/Revista\/wp-content\/uploads\/2025\/03\/WhatsApp-Image-2025-03-20-at-3.10.51-PM-scaled.jpeg","type":"image\/jpeg"}],"author":"Comunicaciones Combarranquilla","twitter_card":"summary_large_image","twitter_misc":{"Escrito por":"Comunicaciones Combarranquilla","Tiempo de lectura":"3 minutos"},"schema":{"@context":"https:\/\/schema.org","@graph":[{"@type":"Article","@id":"https:\/\/tuguia.combarranquilla.co\/Revista\/seminario-impulsa-tu-talento-de-combarranquilla-fue-todo-un-exito\/#article","isPartOf":{"@id":"https:\/\/tuguia.combarranquilla.co\/Revista\/seminario-impulsa-tu-talento-de-combarranquilla-fue-todo-un-exito\/"},"author":{"name":"Comunicaciones Combarranquilla","@id":"https:\/\/tuguia.combarranquilla.co\/Revista\/#\/schema\/person\/c2c396a77170bd1d5f8ba73294eb0d10"},"headline":"Seminario impulsa tu talento de Combarranquilla tuvo gran aceptaci\u00f3n","datePublished":"2025-03-26T15:59:42+00:00","dateModified":"2025-05-15T21:52:17+00:00","mainEntityOfPage":{"@id":"https:\/\/tuguia.combarranquilla.co\/Revista\/seminario-impulsa-tu-talento-de-combarranquilla-fue-todo-un-exito\/"},"wordCount":339,"commentCount":0,"publisher":{"@id":"https:\/\/tuguia.combarranquilla.co\/Revista\/#organization"},"image":{"@id":"https:\/\/tuguia.combarranquilla.co\/Revista\/seminario-impulsa-tu-talento-de-combarranquilla-fue-todo-un-exito\/#primaryimage"},"thumbnailUrl":"https:\/\/tuguia.combarranquilla.co\/Revista\/wp-content\/uploads\/2025\/03\/WhatsApp-Image-2025-03-20-at-3.10.51-PM-scaled.jpeg","articleSection":["EMPLEABILIDAD"],"inLanguage":"es-CO","potentialAction":[{"@type":"CommentAction","name":"Comment","target":["https:\/\/tuguia.combarranquilla.co\/Revista\/seminario-impulsa-tu-talento-de-combarranquilla-fue-todo-un-exito\/#respond"]}]},{"@type":"WebPage","@id":"https:\/\/tuguia.combarranquilla.co\/Revista\/seminario-impulsa-tu-talento-de-combarranquilla-fue-todo-un-exito\/","url":"https:\/\/tuguia.combarranquilla.co\/Revista\/seminario-impulsa-tu-talento-de-combarranquilla-fue-todo-un-exito\/","name":"Seminario impulsa tu talento de Combarranquilla tuvo gran aceptaci\u00f3n - Tu Gu\u00eda","isPartOf":{"@id":"https:\/\/tuguia.combarranquilla.co\/Revista\/#website"},"primaryImageOfPage":{"@id":"https:\/\/tuguia.combarranquilla.co\/Revista\/seminario-impulsa-tu-talento-de-combarranquilla-fue-todo-un-exito\/#primaryimage"},"image":{"@id":"https:\/\/tuguia.combarranquilla.co\/Revista\/seminario-impulsa-tu-talento-de-combarranquilla-fue-todo-un-exito\/#primaryimage"},"thumbnailUrl":"https:\/\/tuguia.combarranquilla.co\/Revista\/wp-content\/uploads\/2025\/03\/WhatsApp-Image-2025-03-20-at-3.10.51-PM-scaled.jpeg","datePublished":"2025-03-26T15:59:42+00:00","dateModified":"2025-05-15T21:52:17+00:00","breadcrumb":{"@id":"https:\/\/tuguia.combarranquilla.co\/Revista\/seminario-impulsa-tu-talento-de-combarranquilla-fue-todo-un-exito\/#breadcrumb"},"inLanguage":"es-CO","potentialAction":[{"@type":"ReadAction","target":["https:\/\/tuguia.combarranquilla.co\/Revista\/seminario-impulsa-tu-talento-de-combarranquilla-fue-todo-un-exito\/"]}]},{"@type":"ImageObject","inLanguage":"es-CO","@id":"https:\/\/tuguia.combarranquilla.co\/Revista\/seminario-impulsa-tu-talento-de-combarranquilla-fue-todo-un-exito\/#primaryimage","url":"https:\/\/tuguia.combarranquilla.co\/Revista\/wp-content\/uploads\/2025\/03\/WhatsApp-Image-2025-03-20-at-3.10.51-PM-scaled.jpeg","contentUrl":"https:\/\/tuguia.combarranquilla.co\/Revista\/wp-content\/uploads\/2025\/03\/WhatsApp-Image-2025-03-20-at-3.10.51-PM-scaled.jpeg","width":1920,"height":2560},{"@type":"BreadcrumbList","@id":"https:\/\/tuguia.combarranquilla.co\/Revista\/seminario-impulsa-tu-talento-de-combarranquilla-fue-todo-un-exito\/#breadcrumb","itemListElement":[{"@type":"ListItem","position":1,"name":"Inicio","item":"https:\/\/tuguia.combarranquilla.co\/Revista\/"},{"@type":"ListItem","position":2,"name":"Seminario impulsa tu talento de Combarranquilla tuvo gran aceptaci\u00f3n"}]},{"@type":"WebSite","@id":"https:\/\/tuguia.combarranquilla.co\/Revista\/#website","url":"https:\/\/tuguia.combarranquilla.co\/Revista\/","name":"Tu Gu\u00eda","description":"La revista donde lo tienes todo.","publisher":{"@id":"https:\/\/tuguia.combarranquilla.co\/Revista\/#organization"},"alternateName":"Tu Gu\u00eda Combarranquilla","potentialAction":[{"@type":"SearchAction","target":{"@type":"EntryPoint","urlTemplate":"https:\/\/tuguia.combarranquilla.co\/Revista\/?s={search_term_string}"},"query-input":{"@type":"PropertyValueSpecification","valueRequired":true,"valueName":"search_term_string"}}],"inLanguage":"es-CO"},{"@type":"Organization","@id":"https:\/\/tuguia.combarranquilla.co\/Revista\/#organization","name":"Tu Gu\u00eda Combarranquilla","url":"https:\/\/tuguia.combarranquilla.co\/Revista\/","logo":{"@type":"ImageObject","inLanguage":"es-CO","@id":"https:\/\/tuguia.combarranquilla.co\/Revista\/#\/schema\/logo\/image\/","url":"https:\/\/tuguia.combarranquilla.co\/Revista\/wp-content\/uploads\/2022\/02\/logo-guia-combarranquilla.svg","contentUrl":"https:\/\/tuguia.combarranquilla.co\/Revista\/wp-content\/uploads\/2022\/02\/logo-guia-combarranquilla.svg","caption":"Tu Gu\u00eda Combarranquilla"},"image":{"@id":"https:\/\/tuguia.combarranquilla.co\/Revista\/#\/schema\/logo\/image\/"}},{"@type":"Person","@id":"https:\/\/tuguia.combarranquilla.co\/Revista\/#\/schema\/person\/c2c396a77170bd1d5f8ba73294eb0d10","name":"Comunicaciones Combarranquilla","image":{"@type":"ImageObject","inLanguage":"es-CO","@id":"https:\/\/tuguia.combarranquilla.co\/Revista\/wp-content\/uploads\/2025\/05\/ABC-Al-Rojo-Logo-96x96.jpg","url":"https:\/\/tuguia.combarranquilla.co\/Revista\/wp-content\/uploads\/2025\/05\/ABC-Al-Rojo-Logo-96x96.jpg","contentUrl":"https:\/\/tuguia.combarranquilla.co\/Revista\/wp-content\/uploads\/2025\/05\/ABC-Al-Rojo-Logo-96x96.jpg","caption":"Comunicaciones Combarranquilla"},"sameAs":["https:\/\/www.combarranquilla.co"],"url":"https:\/\/tuguia.combarranquilla.co\/Revista\/author\/comunicaciones\/"}]}},"_links":{"self":[{"href":"https:\/\/tuguia.combarranquilla.co\/Revista\/wp-json\/wp\/v2\/posts\/5868","targetHints":{"allow":["GET"]}}],"collection":[{"href":"https:\/\/tuguia.combarranquilla.co\/Revista\/wp-json\/wp\/v2\/posts"}],"about":[{"href":"https:\/\/tuguia.combarranquilla.co\/Revista\/wp-json\/wp\/v2\/types\/post"}],"author":[{"embeddable":true,"href":"https:\/\/tuguia.combarranquilla.co\/Revista\/wp-json\/wp\/v2\/users\/2"}],"replies":[{"embeddable":true,"href":"https:\/\/tuguia.combarranquilla.co\/Revista\/wp-json\/wp\/v2\/comments?post=5868"}],"version-history":[{"count":4,"href":"https:\/\/tuguia.combarranquilla.co\/Revista\/wp-json\/wp\/v2\/posts\/5868\/revisions"}],"predecessor-version":[{"id":6395,"href":"https:\/\/tuguia.combarranquilla.co\/Revista\/wp-json\/wp\/v2\/posts\/5868\/revisions\/6395"}],"wp:featuredmedia":[{"embeddable":true,"href":"https:\/\/tuguia.combarranquilla.co\/Revista\/wp-json\/wp\/v2\/media\/5869"}],"wp:attachment":[{"href":"https:\/\/tuguia.combarranquilla.co\/Revista\/wp-json\/wp\/v2\/media?parent=5868"}],"wp:term":[{"taxonomy":"category","embeddable":true,"href":"https:\/\/tuguia.combarranquilla.co\/Revista\/wp-json\/wp\/v2\/categories?post=5868"},{"taxonomy":"post_tag","embeddable":true,"href":"https:\/\/tuguia.combarranquilla.co\/Revista\/wp-json\/wp\/v2\/tags?post=5868"}],"curies":[{"name":"wp","href":"https:\/\/api.w.org\/{rel}","templated":true}]}}