{"id":5873,"date":"2025-03-19T10:54:21","date_gmt":"2025-03-19T15:54:21","guid":{"rendered":"https:\/\/tuguia.combarranquilla.co\/Revista\/?p=5873"},"modified":"2025-04-29T16:43:25","modified_gmt":"2025-04-29T21:43:25","slug":"en-combarranquilla-somos-ambientalmente-sostenibles","status":"publish","type":"post","link":"https:\/\/tuguia.combarranquilla.co\/Revista\/en-combarranquilla-somos-ambientalmente-sostenibles\/","title":{"rendered":"En Combarranquilla, somos ambientalmente sostenibles"},"content":{"rendered":"\n<p>Como empresa social, acogemos la sostenibilidad para promover una cultura ecol\u00f3gica que nos ayude a vivir mejor. Hoy, nos comprometemos a transformar el mundo con pr\u00e1cticas sostenibles que ofrecen innovaci\u00f3n y bienestar.<\/p>\n\n\n<div class=\"wp-block-image\">\n<figure class=\"aligncenter size-full is-resized\"><img decoding=\"async\" width=\"1024\" height=\"683\" data-src=\"https:\/\/tuguia.combarranquilla.co\/Revista\/wp-content\/uploads\/2025\/04\/unidad.jpg\" alt=\"\" class=\"wp-image-5876 lazyload\" style=\"--smush-placeholder-width: 1024px; --smush-placeholder-aspect-ratio: 1024\/683;width:592px;height:auto\" data-srcset=\"https:\/\/tuguia.combarranquilla.co\/Revista\/wp-content\/uploads\/2025\/04\/unidad.jpg 1024w, https:\/\/tuguia.combarranquilla.co\/Revista\/wp-content\/uploads\/2025\/04\/unidad-300x200.jpg 300w, https:\/\/tuguia.combarranquilla.co\/Revista\/wp-content\/uploads\/2025\/04\/unidad-768x512.jpg 768w\" data-sizes=\"(max-width: 1024px) 100vw, 1024px\" src=\"data:image\/svg+xml;base64,PHN2ZyB3aWR0aD0iMSIgaGVpZ2h0PSIxIiB4bWxucz0iaHR0cDovL3d3dy53My5vcmcvMjAwMC9zdmciPjwvc3ZnPg==\" \/><\/figure><\/div>\n\n\n<h1 class=\"wp-block-heading has-medium-font-size\"><strong>\u00bfQu\u00e9 es la sostenibilidad?<\/strong><\/h1>\n\n\n\n<p>La sostenibilidad es el equilibrio entre el cuidado del medioambiente, el desarrollo econ\u00f3mico y las necesidades de las personas. Desde Combarranquilla, hemos promovido diferentes actividades con las que buscamos proteger nuestro entorno y contrarrestar los impactos ambientales.<\/p>\n\n\n\n<h1 class=\"wp-block-heading has-medium-font-size\"><strong>\u00bfC\u00f3mo aporta Combarranquilla al medioambiente?<\/strong><\/h1>\n\n\n\n<p class=\"has-medium-font-size\"><strong>Unidades ecoamigables<\/strong><\/p>\n\n\n\n<p>Las unidades de servicio de la Caja han adoptado diferentes medidas para respetar el medio ambiente. Algunas son:<\/p>\n\n\n\n<ul class=\"wp-block-list\">\n<li>Ahorrar energ\u00eda desconectando equipos electr\u00f3nicos que no se utilicen.<\/li>\n\n\n\n<li>Mantener la temperatura de los aires acondicionados en 22 \u00b0C y apagarlos cuando es necesario.<\/li>\n\n\n\n<li>Reutilizar, reciclar y reducir desechos.<\/li>\n\n\n\n<li>Cuidar el agua cerrando el grifo de manera autom\u00e1tica.<\/li>\n\n\n\n<li>Reportar a mantenimiento cualquier fuga en tuber\u00edas.<\/li>\n<\/ul>\n\n\n\n<p>Todas estas pr\u00e1cticas son promovidas por los trabajadores, quienes reconocen la importancia de convivir en un ambiente sano.<\/p>\n\n\n\n<p class=\"has-medium-font-size\"><strong>La nutria del Zool\u00f3gico de Barranquilla<\/strong><\/p>\n\n\n<div class=\"wp-block-image\">\n<figure class=\"aligncenter size-large is-resized\"><img decoding=\"async\" width=\"1024\" height=\"683\" data-src=\"https:\/\/tuguia.combarranquilla.co\/Revista\/wp-content\/uploads\/2025\/04\/nutria-1024x683.jpg\" alt=\"\" class=\"wp-image-5877 lazyload\" style=\"--smush-placeholder-width: 1024px; --smush-placeholder-aspect-ratio: 1024\/683;width:639px;height:auto\" data-srcset=\"https:\/\/tuguia.combarranquilla.co\/Revista\/wp-content\/uploads\/2025\/04\/nutria-1024x683.jpg 1024w, https:\/\/tuguia.combarranquilla.co\/Revista\/wp-content\/uploads\/2025\/04\/nutria-300x200.jpg 300w, https:\/\/tuguia.combarranquilla.co\/Revista\/wp-content\/uploads\/2025\/04\/nutria-768x512.jpg 768w, https:\/\/tuguia.combarranquilla.co\/Revista\/wp-content\/uploads\/2025\/04\/nutria-1536x1024.jpg 1536w, https:\/\/tuguia.combarranquilla.co\/Revista\/wp-content\/uploads\/2025\/04\/nutria-2048x1366.jpg 2048w\" data-sizes=\"(max-width: 1024px) 100vw, 1024px\" src=\"data:image\/svg+xml;base64,PHN2ZyB3aWR0aD0iMSIgaGVpZ2h0PSIxIiB4bWxucz0iaHR0cDovL3d3dy53My5vcmcvMjAwMC9zdmciPjwvc3ZnPg==\" \/><\/figure><\/div>\n\n\n<p>Cada a\u00f1o, Combarranquilla promueve la preservaci\u00f3n de la nutria del Zool\u00f3gico de Barranquilla, destinando recursos para su manutenci\u00f3n y el cuidado de su h\u00e1bitat.<\/p>\n\n\n\n<p class=\"has-medium-font-size\"><strong>Objetivos de Desarrollo Sostenible (ODS)<\/strong><\/p>\n\n\n\n<p>Los servicios de la Caja han demostrado, con resultados concretos, que cumplir con los ODS es posible. Con nuestros subsidios, programas sociales, becas educativas, servicios de empleo y m\u00e1s, hemos aportado a diferentes ODS relacionados con disminuir las desigualdades, impulsar el trabajo decente, tener una educaci\u00f3n de calidad, entre otros.<\/p>\n\n\n<div class=\"wp-block-image\">\n<figure class=\"aligncenter size-large is-resized\"><img decoding=\"async\" width=\"1024\" height=\"484\" data-src=\"https:\/\/tuguia.combarranquilla.co\/Revista\/wp-content\/uploads\/2025\/04\/ODS-1024x484.png\" alt=\"\" class=\"wp-image-5878 lazyload\" style=\"--smush-placeholder-width: 1024px; --smush-placeholder-aspect-ratio: 1024\/484;width:781px;height:auto\" data-srcset=\"https:\/\/tuguia.combarranquilla.co\/Revista\/wp-content\/uploads\/2025\/04\/ODS-1024x484.png 1024w, https:\/\/tuguia.combarranquilla.co\/Revista\/wp-content\/uploads\/2025\/04\/ODS-300x142.png 300w, https:\/\/tuguia.combarranquilla.co\/Revista\/wp-content\/uploads\/2025\/04\/ODS-768x363.png 768w, https:\/\/tuguia.combarranquilla.co\/Revista\/wp-content\/uploads\/2025\/04\/ODS-1536x726.png 1536w, https:\/\/tuguia.combarranquilla.co\/Revista\/wp-content\/uploads\/2025\/04\/ODS.png 1600w\" data-sizes=\"(max-width: 1024px) 100vw, 1024px\" src=\"data:image\/svg+xml;base64,PHN2ZyB3aWR0aD0iMSIgaGVpZ2h0PSIxIiB4bWxucz0iaHR0cDovL3d3dy53My5vcmcvMjAwMC9zdmciPjwvc3ZnPg==\" \/><figcaption class=\"wp-element-caption\">https:\/\/www.un.org\/sustainabledevelopment\/es\/objetivos-de-desarrollo-sostenible\/<\/figcaption><\/figure><\/div>\n\n\n<p>Gracias a esto, nos hemos acercado a nuestra aspiraci\u00f3n del 2026: ser un referente de empresa social sostenible.<\/p>\n\n\n\n<p>Est\u00e1 en manos de cada uno de nosotros luchar por construir espacios que preserven nuestro amado planeta Tierra. Porque la sostenibilidad ambiental es un esfuerzo conjunto.<\/p>\n\n\n\n<p class=\"has-text-align-center\"><strong><em>\u00a1Todos merecemos vivir en un mundo mejor!<\/em><\/strong><\/p>\n","protected":false},"excerpt":{"rendered":"<p>Como empresa social, acogemos la sostenibilidad para promover una cultura ecol\u00f3gica que nos ayude a vivir mejor. Hoy, nos comprometemos a transformar el mundo con pr\u00e1cticas sostenibles que ofrecen innovaci\u00f3n y bienestar. \u00bfQu\u00e9 es la sostenibilidad? La sostenibilidad es el equilibrio entre el cuidado del medioambiente, el desarrollo econ\u00f3mico y las necesidades de las personas. [&hellip;]<\/p>\n","protected":false},"author":2,"featured_media":5875,"comment_status":"open","ping_status":"open","sticky":false,"template":"","format":"standard","meta":{"inline_featured_image":false,"footnotes":""},"categories":[7],"tags":[],"class_list":["post-5873","post","type-post","status-publish","format-standard","has-post-thumbnail","hentry","category-familia-combarranquilla"],"yoast_head":"<!-- This site is optimized with the Yoast SEO plugin v27.4 - https:\/\/yoast.com\/product\/yoast-seo-wordpress\/ -->\n<title>En Combarranquilla, somos ambientalmente sostenibles - Tu Gu\u00eda<\/title>\n<meta name=\"robots\" content=\"index, follow, max-snippet:-1, max-image-preview:large, max-video-preview:-1\" \/>\n<link rel=\"canonical\" href=\"https:\/\/tuguia.combarranquilla.co\/Revista\/en-combarranquilla-somos-ambientalmente-sostenibles\/\" \/>\n<meta property=\"og:locale\" content=\"es_ES\" \/>\n<meta property=\"og:type\" content=\"article\" \/>\n<meta property=\"og:title\" content=\"En Combarranquilla, somos ambientalmente sostenibles - Tu Gu\u00eda\" \/>\n<meta property=\"og:description\" content=\"Como empresa social, acogemos la sostenibilidad para promover una cultura ecol\u00f3gica que nos ayude a vivir mejor. Hoy, nos comprometemos a transformar el mundo con pr\u00e1cticas sostenibles que ofrecen innovaci\u00f3n y bienestar. \u00bfQu\u00e9 es la sostenibilidad? La sostenibilidad es el equilibrio entre el cuidado del medioambiente, el desarrollo econ\u00f3mico y las necesidades de las personas. [&hellip;]\" \/>\n<meta property=\"og:url\" content=\"https:\/\/tuguia.combarranquilla.co\/Revista\/en-combarranquilla-somos-ambientalmente-sostenibles\/\" \/>\n<meta property=\"og:site_name\" content=\"Tu Gu\u00eda\" \/>\n<meta property=\"article:published_time\" content=\"2025-03-19T15:54:21+00:00\" \/>\n<meta property=\"article:modified_time\" content=\"2025-04-29T21:43:25+00:00\" \/>\n<meta property=\"og:image\" content=\"https:\/\/tuguia.combarranquilla.co\/Revista\/wp-content\/uploads\/2025\/04\/Portada-scaled.jpg\" \/>\n\t<meta property=\"og:image:width\" content=\"2560\" \/>\n\t<meta property=\"og:image:height\" content=\"1706\" \/>\n\t<meta property=\"og:image:type\" content=\"image\/jpeg\" \/>\n<meta name=\"author\" content=\"Comunicaciones Combarranquilla\" \/>\n<meta name=\"twitter:card\" content=\"summary_large_image\" \/>\n<meta name=\"twitter:label1\" content=\"Escrito por\" \/>\n\t<meta name=\"twitter:data1\" content=\"Comunicaciones Combarranquilla\" \/>\n\t<meta name=\"twitter:label2\" content=\"Tiempo de lectura\" \/>\n\t<meta name=\"twitter:data2\" content=\"3 minutos\" \/>\n<script type=\"application\/ld+json\" class=\"yoast-schema-graph\">{\"@context\":\"https:\\\/\\\/schema.org\",\"@graph\":[{\"@type\":\"Article\",\"@id\":\"https:\\\/\\\/tuguia.combarranquilla.co\\\/Revista\\\/en-combarranquilla-somos-ambientalmente-sostenibles\\\/#article\",\"isPartOf\":{\"@id\":\"https:\\\/\\\/tuguia.combarranquilla.co\\\/Revista\\\/en-combarranquilla-somos-ambientalmente-sostenibles\\\/\"},\"author\":{\"name\":\"Comunicaciones Combarranquilla\",\"@id\":\"https:\\\/\\\/tuguia.combarranquilla.co\\\/Revista\\\/#\\\/schema\\\/person\\\/c2c396a77170bd1d5f8ba73294eb0d10\"},\"headline\":\"En Combarranquilla, somos ambientalmente sostenibles\",\"datePublished\":\"2025-03-19T15:54:21+00:00\",\"dateModified\":\"2025-04-29T21:43:25+00:00\",\"mainEntityOfPage\":{\"@id\":\"https:\\\/\\\/tuguia.combarranquilla.co\\\/Revista\\\/en-combarranquilla-somos-ambientalmente-sostenibles\\\/\"},\"wordCount\":326,\"commentCount\":0,\"publisher\":{\"@id\":\"https:\\\/\\\/tuguia.combarranquilla.co\\\/Revista\\\/#organization\"},\"image\":{\"@id\":\"https:\\\/\\\/tuguia.combarranquilla.co\\\/Revista\\\/en-combarranquilla-somos-ambientalmente-sostenibles\\\/#primaryimage\"},\"thumbnailUrl\":\"https:\\\/\\\/tuguia.combarranquilla.co\\\/Revista\\\/wp-content\\\/uploads\\\/2025\\\/04\\\/Portada-scaled.jpg\",\"articleSection\":[\"FAMILIA COMBARRANQUILLA\"],\"inLanguage\":\"es-CO\",\"potentialAction\":[{\"@type\":\"CommentAction\",\"name\":\"Comment\",\"target\":[\"https:\\\/\\\/tuguia.combarranquilla.co\\\/Revista\\\/en-combarranquilla-somos-ambientalmente-sostenibles\\\/#respond\"]}]},{\"@type\":\"WebPage\",\"@id\":\"https:\\\/\\\/tuguia.combarranquilla.co\\\/Revista\\\/en-combarranquilla-somos-ambientalmente-sostenibles\\\/\",\"url\":\"https:\\\/\\\/tuguia.combarranquilla.co\\\/Revista\\\/en-combarranquilla-somos-ambientalmente-sostenibles\\\/\",\"name\":\"En Combarranquilla, somos ambientalmente sostenibles - Tu Gu\u00eda\",\"isPartOf\":{\"@id\":\"https:\\\/\\\/tuguia.combarranquilla.co\\\/Revista\\\/#website\"},\"primaryImageOfPage\":{\"@id\":\"https:\\\/\\\/tuguia.combarranquilla.co\\\/Revista\\\/en-combarranquilla-somos-ambientalmente-sostenibles\\\/#primaryimage\"},\"image\":{\"@id\":\"https:\\\/\\\/tuguia.combarranquilla.co\\\/Revista\\\/en-combarranquilla-somos-ambientalmente-sostenibles\\\/#primaryimage\"},\"thumbnailUrl\":\"https:\\\/\\\/tuguia.combarranquilla.co\\\/Revista\\\/wp-content\\\/uploads\\\/2025\\\/04\\\/Portada-scaled.jpg\",\"datePublished\":\"2025-03-19T15:54:21+00:00\",\"dateModified\":\"2025-04-29T21:43:25+00:00\",\"breadcrumb\":{\"@id\":\"https:\\\/\\\/tuguia.combarranquilla.co\\\/Revista\\\/en-combarranquilla-somos-ambientalmente-sostenibles\\\/#breadcrumb\"},\"inLanguage\":\"es-CO\",\"potentialAction\":[{\"@type\":\"ReadAction\",\"target\":[\"https:\\\/\\\/tuguia.combarranquilla.co\\\/Revista\\\/en-combarranquilla-somos-ambientalmente-sostenibles\\\/\"]}]},{\"@type\":\"ImageObject\",\"inLanguage\":\"es-CO\",\"@id\":\"https:\\\/\\\/tuguia.combarranquilla.co\\\/Revista\\\/en-combarranquilla-somos-ambientalmente-sostenibles\\\/#primaryimage\",\"url\":\"https:\\\/\\\/tuguia.combarranquilla.co\\\/Revista\\\/wp-content\\\/uploads\\\/2025\\\/04\\\/Portada-scaled.jpg\",\"contentUrl\":\"https:\\\/\\\/tuguia.combarranquilla.co\\\/Revista\\\/wp-content\\\/uploads\\\/2025\\\/04\\\/Portada-scaled.jpg\",\"width\":2560,\"height\":1706,\"caption\":\"Imagen de referencia\"},{\"@type\":\"BreadcrumbList\",\"@id\":\"https:\\\/\\\/tuguia.combarranquilla.co\\\/Revista\\\/en-combarranquilla-somos-ambientalmente-sostenibles\\\/#breadcrumb\",\"itemListElement\":[{\"@type\":\"ListItem\",\"position\":1,\"name\":\"Inicio\",\"item\":\"https:\\\/\\\/tuguia.combarranquilla.co\\\/Revista\\\/\"},{\"@type\":\"ListItem\",\"position\":2,\"name\":\"En Combarranquilla, somos ambientalmente sostenibles\"}]},{\"@type\":\"WebSite\",\"@id\":\"https:\\\/\\\/tuguia.combarranquilla.co\\\/Revista\\\/#website\",\"url\":\"https:\\\/\\\/tuguia.combarranquilla.co\\\/Revista\\\/\",\"name\":\"Tu Gu\u00eda\",\"description\":\"La revista donde lo tienes todo.\",\"publisher\":{\"@id\":\"https:\\\/\\\/tuguia.combarranquilla.co\\\/Revista\\\/#organization\"},\"alternateName\":\"Tu Gu\u00eda Combarranquilla\",\"potentialAction\":[{\"@type\":\"SearchAction\",\"target\":{\"@type\":\"EntryPoint\",\"urlTemplate\":\"https:\\\/\\\/tuguia.combarranquilla.co\\\/Revista\\\/?s={search_term_string}\"},\"query-input\":{\"@type\":\"PropertyValueSpecification\",\"valueRequired\":true,\"valueName\":\"search_term_string\"}}],\"inLanguage\":\"es-CO\"},{\"@type\":\"Organization\",\"@id\":\"https:\\\/\\\/tuguia.combarranquilla.co\\\/Revista\\\/#organization\",\"name\":\"Tu Gu\u00eda Combarranquilla\",\"url\":\"https:\\\/\\\/tuguia.combarranquilla.co\\\/Revista\\\/\",\"logo\":{\"@type\":\"ImageObject\",\"inLanguage\":\"es-CO\",\"@id\":\"https:\\\/\\\/tuguia.combarranquilla.co\\\/Revista\\\/#\\\/schema\\\/logo\\\/image\\\/\",\"url\":\"https:\\\/\\\/tuguia.combarranquilla.co\\\/Revista\\\/wp-content\\\/uploads\\\/2022\\\/02\\\/logo-guia-combarranquilla.svg\",\"contentUrl\":\"https:\\\/\\\/tuguia.combarranquilla.co\\\/Revista\\\/wp-content\\\/uploads\\\/2022\\\/02\\\/logo-guia-combarranquilla.svg\",\"caption\":\"Tu Gu\u00eda Combarranquilla\"},\"image\":{\"@id\":\"https:\\\/\\\/tuguia.combarranquilla.co\\\/Revista\\\/#\\\/schema\\\/logo\\\/image\\\/\"}},{\"@type\":\"Person\",\"@id\":\"https:\\\/\\\/tuguia.combarranquilla.co\\\/Revista\\\/#\\\/schema\\\/person\\\/c2c396a77170bd1d5f8ba73294eb0d10\",\"name\":\"Comunicaciones Combarranquilla\",\"image\":{\"@type\":\"ImageObject\",\"inLanguage\":\"es-CO\",\"@id\":\"https:\\\/\\\/tuguia.combarranquilla.co\\\/Revista\\\/wp-content\\\/uploads\\\/2025\\\/05\\\/ABC-Al-Rojo-Logo-96x96.jpg\",\"url\":\"https:\\\/\\\/tuguia.combarranquilla.co\\\/Revista\\\/wp-content\\\/uploads\\\/2025\\\/05\\\/ABC-Al-Rojo-Logo-96x96.jpg\",\"contentUrl\":\"https:\\\/\\\/tuguia.combarranquilla.co\\\/Revista\\\/wp-content\\\/uploads\\\/2025\\\/05\\\/ABC-Al-Rojo-Logo-96x96.jpg\",\"caption\":\"Comunicaciones Combarranquilla\"},\"sameAs\":[\"https:\\\/\\\/www.combarranquilla.co\"],\"url\":\"https:\\\/\\\/tuguia.combarranquilla.co\\\/Revista\\\/author\\\/comunicaciones\\\/\"}]}<\/script>\n<!-- \/ Yoast SEO plugin. -->","yoast_head_json":{"title":"En Combarranquilla, somos ambientalmente sostenibles - Tu Gu\u00eda","robots":{"index":"index","follow":"follow","max-snippet":"max-snippet:-1","max-image-preview":"max-image-preview:large","max-video-preview":"max-video-preview:-1"},"canonical":"https:\/\/tuguia.combarranquilla.co\/Revista\/en-combarranquilla-somos-ambientalmente-sostenibles\/","og_locale":"es_ES","og_type":"article","og_title":"En Combarranquilla, somos ambientalmente sostenibles - Tu Gu\u00eda","og_description":"Como empresa social, acogemos la sostenibilidad para promover una cultura ecol\u00f3gica que nos ayude a vivir mejor. Hoy, nos comprometemos a transformar el mundo con pr\u00e1cticas sostenibles que ofrecen innovaci\u00f3n y bienestar. \u00bfQu\u00e9 es la sostenibilidad? La sostenibilidad es el equilibrio entre el cuidado del medioambiente, el desarrollo econ\u00f3mico y las necesidades de las personas. [&hellip;]","og_url":"https:\/\/tuguia.combarranquilla.co\/Revista\/en-combarranquilla-somos-ambientalmente-sostenibles\/","og_site_name":"Tu Gu\u00eda","article_published_time":"2025-03-19T15:54:21+00:00","article_modified_time":"2025-04-29T21:43:25+00:00","og_image":[{"width":2560,"height":1706,"url":"https:\/\/tuguia.combarranquilla.co\/Revista\/wp-content\/uploads\/2025\/04\/Portada-scaled.jpg","type":"image\/jpeg"}],"author":"Comunicaciones Combarranquilla","twitter_card":"summary_large_image","twitter_misc":{"Escrito por":"Comunicaciones Combarranquilla","Tiempo de lectura":"3 minutos"},"schema":{"@context":"https:\/\/schema.org","@graph":[{"@type":"Article","@id":"https:\/\/tuguia.combarranquilla.co\/Revista\/en-combarranquilla-somos-ambientalmente-sostenibles\/#article","isPartOf":{"@id":"https:\/\/tuguia.combarranquilla.co\/Revista\/en-combarranquilla-somos-ambientalmente-sostenibles\/"},"author":{"name":"Comunicaciones Combarranquilla","@id":"https:\/\/tuguia.combarranquilla.co\/Revista\/#\/schema\/person\/c2c396a77170bd1d5f8ba73294eb0d10"},"headline":"En Combarranquilla, somos ambientalmente sostenibles","datePublished":"2025-03-19T15:54:21+00:00","dateModified":"2025-04-29T21:43:25+00:00","mainEntityOfPage":{"@id":"https:\/\/tuguia.combarranquilla.co\/Revista\/en-combarranquilla-somos-ambientalmente-sostenibles\/"},"wordCount":326,"commentCount":0,"publisher":{"@id":"https:\/\/tuguia.combarranquilla.co\/Revista\/#organization"},"image":{"@id":"https:\/\/tuguia.combarranquilla.co\/Revista\/en-combarranquilla-somos-ambientalmente-sostenibles\/#primaryimage"},"thumbnailUrl":"https:\/\/tuguia.combarranquilla.co\/Revista\/wp-content\/uploads\/2025\/04\/Portada-scaled.jpg","articleSection":["FAMILIA COMBARRANQUILLA"],"inLanguage":"es-CO","potentialAction":[{"@type":"CommentAction","name":"Comment","target":["https:\/\/tuguia.combarranquilla.co\/Revista\/en-combarranquilla-somos-ambientalmente-sostenibles\/#respond"]}]},{"@type":"WebPage","@id":"https:\/\/tuguia.combarranquilla.co\/Revista\/en-combarranquilla-somos-ambientalmente-sostenibles\/","url":"https:\/\/tuguia.combarranquilla.co\/Revista\/en-combarranquilla-somos-ambientalmente-sostenibles\/","name":"En Combarranquilla, somos ambientalmente sostenibles - Tu Gu\u00eda","isPartOf":{"@id":"https:\/\/tuguia.combarranquilla.co\/Revista\/#website"},"primaryImageOfPage":{"@id":"https:\/\/tuguia.combarranquilla.co\/Revista\/en-combarranquilla-somos-ambientalmente-sostenibles\/#primaryimage"},"image":{"@id":"https:\/\/tuguia.combarranquilla.co\/Revista\/en-combarranquilla-somos-ambientalmente-sostenibles\/#primaryimage"},"thumbnailUrl":"https:\/\/tuguia.combarranquilla.co\/Revista\/wp-content\/uploads\/2025\/04\/Portada-scaled.jpg","datePublished":"2025-03-19T15:54:21+00:00","dateModified":"2025-04-29T21:43:25+00:00","breadcrumb":{"@id":"https:\/\/tuguia.combarranquilla.co\/Revista\/en-combarranquilla-somos-ambientalmente-sostenibles\/#breadcrumb"},"inLanguage":"es-CO","potentialAction":[{"@type":"ReadAction","target":["https:\/\/tuguia.combarranquilla.co\/Revista\/en-combarranquilla-somos-ambientalmente-sostenibles\/"]}]},{"@type":"ImageObject","inLanguage":"es-CO","@id":"https:\/\/tuguia.combarranquilla.co\/Revista\/en-combarranquilla-somos-ambientalmente-sostenibles\/#primaryimage","url":"https:\/\/tuguia.combarranquilla.co\/Revista\/wp-content\/uploads\/2025\/04\/Portada-scaled.jpg","contentUrl":"https:\/\/tuguia.combarranquilla.co\/Revista\/wp-content\/uploads\/2025\/04\/Portada-scaled.jpg","width":2560,"height":1706,"caption":"Imagen de referencia"},{"@type":"BreadcrumbList","@id":"https:\/\/tuguia.combarranquilla.co\/Revista\/en-combarranquilla-somos-ambientalmente-sostenibles\/#breadcrumb","itemListElement":[{"@type":"ListItem","position":1,"name":"Inicio","item":"https:\/\/tuguia.combarranquilla.co\/Revista\/"},{"@type":"ListItem","position":2,"name":"En Combarranquilla, somos ambientalmente sostenibles"}]},{"@type":"WebSite","@id":"https:\/\/tuguia.combarranquilla.co\/Revista\/#website","url":"https:\/\/tuguia.combarranquilla.co\/Revista\/","name":"Tu Gu\u00eda","description":"La revista donde lo tienes todo.","publisher":{"@id":"https:\/\/tuguia.combarranquilla.co\/Revista\/#organization"},"alternateName":"Tu Gu\u00eda Combarranquilla","potentialAction":[{"@type":"SearchAction","target":{"@type":"EntryPoint","urlTemplate":"https:\/\/tuguia.combarranquilla.co\/Revista\/?s={search_term_string}"},"query-input":{"@type":"PropertyValueSpecification","valueRequired":true,"valueName":"search_term_string"}}],"inLanguage":"es-CO"},{"@type":"Organization","@id":"https:\/\/tuguia.combarranquilla.co\/Revista\/#organization","name":"Tu Gu\u00eda Combarranquilla","url":"https:\/\/tuguia.combarranquilla.co\/Revista\/","logo":{"@type":"ImageObject","inLanguage":"es-CO","@id":"https:\/\/tuguia.combarranquilla.co\/Revista\/#\/schema\/logo\/image\/","url":"https:\/\/tuguia.combarranquilla.co\/Revista\/wp-content\/uploads\/2022\/02\/logo-guia-combarranquilla.svg","contentUrl":"https:\/\/tuguia.combarranquilla.co\/Revista\/wp-content\/uploads\/2022\/02\/logo-guia-combarranquilla.svg","caption":"Tu Gu\u00eda Combarranquilla"},"image":{"@id":"https:\/\/tuguia.combarranquilla.co\/Revista\/#\/schema\/logo\/image\/"}},{"@type":"Person","@id":"https:\/\/tuguia.combarranquilla.co\/Revista\/#\/schema\/person\/c2c396a77170bd1d5f8ba73294eb0d10","name":"Comunicaciones Combarranquilla","image":{"@type":"ImageObject","inLanguage":"es-CO","@id":"https:\/\/tuguia.combarranquilla.co\/Revista\/wp-content\/uploads\/2025\/05\/ABC-Al-Rojo-Logo-96x96.jpg","url":"https:\/\/tuguia.combarranquilla.co\/Revista\/wp-content\/uploads\/2025\/05\/ABC-Al-Rojo-Logo-96x96.jpg","contentUrl":"https:\/\/tuguia.combarranquilla.co\/Revista\/wp-content\/uploads\/2025\/05\/ABC-Al-Rojo-Logo-96x96.jpg","caption":"Comunicaciones Combarranquilla"},"sameAs":["https:\/\/www.combarranquilla.co"],"url":"https:\/\/tuguia.combarranquilla.co\/Revista\/author\/comunicaciones\/"}]}},"_links":{"self":[{"href":"https:\/\/tuguia.combarranquilla.co\/Revista\/wp-json\/wp\/v2\/posts\/5873","targetHints":{"allow":["GET"]}}],"collection":[{"href":"https:\/\/tuguia.combarranquilla.co\/Revista\/wp-json\/wp\/v2\/posts"}],"about":[{"href":"https:\/\/tuguia.combarranquilla.co\/Revista\/wp-json\/wp\/v2\/types\/post"}],"author":[{"embeddable":true,"href":"https:\/\/tuguia.combarranquilla.co\/Revista\/wp-json\/wp\/v2\/users\/2"}],"replies":[{"embeddable":true,"href":"https:\/\/tuguia.combarranquilla.co\/Revista\/wp-json\/wp\/v2\/comments?post=5873"}],"version-history":[{"count":4,"href":"https:\/\/tuguia.combarranquilla.co\/Revista\/wp-json\/wp\/v2\/posts\/5873\/revisions"}],"predecessor-version":[{"id":6070,"href":"https:\/\/tuguia.combarranquilla.co\/Revista\/wp-json\/wp\/v2\/posts\/5873\/revisions\/6070"}],"wp:featuredmedia":[{"embeddable":true,"href":"https:\/\/tuguia.combarranquilla.co\/Revista\/wp-json\/wp\/v2\/media\/5875"}],"wp:attachment":[{"href":"https:\/\/tuguia.combarranquilla.co\/Revista\/wp-json\/wp\/v2\/media?parent=5873"}],"wp:term":[{"taxonomy":"category","embeddable":true,"href":"https:\/\/tuguia.combarranquilla.co\/Revista\/wp-json\/wp\/v2\/categories?post=5873"},{"taxonomy":"post_tag","embeddable":true,"href":"https:\/\/tuguia.combarranquilla.co\/Revista\/wp-json\/wp\/v2\/tags?post=5873"}],"curies":[{"name":"wp","href":"https:\/\/api.w.org\/{rel}","templated":true}]}}