{"id":5900,"date":"2025-04-28T11:46:26","date_gmt":"2025-04-28T16:46:26","guid":{"rendered":"https:\/\/tuguia.combarranquilla.co\/Revista\/?p=5900"},"modified":"2025-07-21T11:49:29","modified_gmt":"2025-07-21T16:49:29","slug":"festininos-2025-un-dia-en-el-mundo-de-los-hermanos-grimm","status":"publish","type":"post","link":"https:\/\/tuguia.combarranquilla.co\/Revista\/festininos-2025-un-dia-en-el-mundo-de-los-hermanos-grimm\/","title":{"rendered":"Festini\u00f1os 2025: Un d\u00eda en el mundo de los Hermanos Grimm"},"content":{"rendered":"\n<p class=\"has-medium-font-size\">El 26 y 27 de abril, los ni\u00f1os de 4 a 12 a\u00f1os vivieron una experiencia m\u00e1gica en <strong>Festini\u00f1os.<\/strong> Toda la <strong>Unidad Boston de Combarranquilla<\/strong> se visti\u00f3 de fantas\u00eda y colores con las historias de los Hermanos Grimm. Desde el Centro de Convenciones hasta la cancha de f\u00fatbol, los ni\u00f1os estuvieron rodeados de globos, personajes m\u00e1gicos y actividades divertidas, que los llevaron a un mundo de ensue\u00f1o.<\/p>\n\n\n<div class=\"wp-block-image\">\n<figure class=\"aligncenter size-large is-resized\"><img decoding=\"async\" width=\"1620\" height=\"911\" data-src=\"https:\/\/tuguia.combarranquilla.co\/Revista\/wp-content\/uploads\/2025\/04\/GpfX4ZnWYAAV0kD-edited.jpg\" alt=\"\" class=\"wp-image-6013 lazyload\" style=\"--smush-placeholder-width: 1620px; --smush-placeholder-aspect-ratio: 1620\/911;width:840px;height:auto\" data-srcset=\"https:\/\/tuguia.combarranquilla.co\/Revista\/wp-content\/uploads\/2025\/04\/GpfX4ZnWYAAV0kD-edited.jpg 1620w, https:\/\/tuguia.combarranquilla.co\/Revista\/wp-content\/uploads\/2025\/04\/GpfX4ZnWYAAV0kD-edited-300x169.jpg 300w, https:\/\/tuguia.combarranquilla.co\/Revista\/wp-content\/uploads\/2025\/04\/GpfX4ZnWYAAV0kD-edited-1024x576.jpg 1024w, https:\/\/tuguia.combarranquilla.co\/Revista\/wp-content\/uploads\/2025\/04\/GpfX4ZnWYAAV0kD-edited-768x432.jpg 768w, https:\/\/tuguia.combarranquilla.co\/Revista\/wp-content\/uploads\/2025\/04\/GpfX4ZnWYAAV0kD-edited-1536x864.jpg 1536w\" data-sizes=\"(max-width: 1620px) 100vw, 1620px\" src=\"data:image\/svg+xml;base64,PHN2ZyB3aWR0aD0iMSIgaGVpZ2h0PSIxIiB4bWxucz0iaHR0cDovL3d3dy53My5vcmcvMjAwMC9zdmciPjwvc3ZnPg==\" \/><\/figure><\/div>\n\n\n<div class=\"wp-block-group is-vertical is-layout-flex wp-container-core-group-is-layout-8cf370e7 wp-block-group-is-layout-flex\">\n<p><\/p>\n\n\n\n<h2 class=\"wp-block-heading has-text-align-center\" style=\"font-size:24px\">Descubre c\u00f3mo fue vivir un d\u00eda en Festini\u00f1os<\/h2>\n\n\n\n<div class=\"wp-block-group is-vertical is-layout-flex wp-container-core-group-is-layout-8cf370e7 wp-block-group-is-layout-flex\">\n<p class=\"has-text-color has-link-color wp-elements-e72781a274bf1ead5d8f412912200211\" style=\"color:#0d573c;font-size:18px\"><strong><em>Luciana Carvajal, 7 a\u00f1os<\/em><\/strong> \ud83d\udc67\ud83c\udffb<\/p>\n\n\n\n<p class=\"has-medium-font-size\">Hoy me levant\u00e9 muy, pero muy temprano. \u00a1Festini\u00f1os por fin lleg\u00f3! Me puse mi vestido y me hice dos colitas para ir a Combarranquilla a divertirme.<\/p>\n\n\n\n<p class=\"has-medium-font-size\">Cuando llegu\u00e9,&nbsp;vi globos de colores por todas partes y una gran cartulina que dec\u00eda: \u201cCuentos de los Hermanos Grimm\u201d. \u00a1En ese momento, salt\u00e9 de la emoci\u00f3n! Luego, vi una puerta gigante y una alfombra&nbsp;roja, que me llev\u00f3 a un hermoso sal\u00f3n con luces y muchos ni\u00f1os felices. \u00a1Estaba en el Reino de los Deseos!<\/p>\n\n\n\n<p class=\"has-medium-font-size\">En ese reino, pude colorear a muchas princesas y pintar un lindo castillo con acuarelas. Tambi\u00e9n maquillaron mi carita en el Castillo de las Princesas. \u00a1Me convert\u00ed en un unicornio! Es mi animal favorito.<\/p>\n\n\n\n<p class=\"has-medium-font-size\">Todo era m\u00e1gico. Incluso hab\u00eda un&nbsp;peque\u00f1o&nbsp;bosque, con \u00e1rboles y rocas y un r\u00edo. Mientras caminaba, pude conocer a Caperucita Roja, Blanca Nieves, Gretel y al beb\u00e9 Oso. \u00a1Y le dije a Blanca Nieves que no comiera nunca esa manzana que le dio la bruja malvada!<\/p>\n\n\n\n<p class=\"has-medium-font-size\">Al viajar a otros reinos, pude escuchar historias \u00fanicas y conocer personajes risue\u00f1os y valientes, \u00a1como yo!<\/p>\n\n\n\n<p class=\"has-medium-font-size\">Aunque mi momento favorito fue conocer el laberinto y brincar y deslizarme en los inflables con otros ni\u00f1os que jugaron conmigo. Nunca me cans\u00e9 porque estaba muy feliz y quer\u00eda explorar todo.<\/p>\n\n\n\n<p class=\"has-medium-font-size\">Otra actividad que me encant\u00f3 fue la obra de teatro sobre un cofre m\u00e1gico. \u00a1Hab\u00eda un villano que quer\u00eda esconderlo! Pero todos trabajaron juntos para vencerlo. Nosotros, los ni\u00f1os, tambi\u00e9n ayudamos.<\/p>\n\n\n\n<p class=\"has-medium-font-size\">Festini\u00f1os fue especial. \u00a1El mejor D\u00eda del Ni\u00f1o que he tenido con Combarranquilla!<\/p>\n<\/div>\n<\/div>\n\n\n\n<p><\/p>\n\n\n\n<div class=\"wp-block-group is-vertical is-content-justification-center is-layout-flex wp-container-core-group-is-layout-4b2eccd6 wp-block-group-is-layout-flex\">\n<div class=\"wp-block-columns is-layout-flex wp-container-core-columns-is-layout-9d6595d7 wp-block-columns-is-layout-flex\">\n<div class=\"wp-block-column is-layout-flow wp-block-column-is-layout-flow\">\n<figure class=\"wp-block-image size-large\"><img decoding=\"async\" width=\"1024\" height=\"683\" data-src=\"https:\/\/tuguia.combarranquilla.co\/Revista\/wp-content\/uploads\/2025\/04\/GpfX4ZvWEAAr5An-1024x683.jpg\" alt=\"\" class=\"wp-image-6010 lazyload\" data-srcset=\"https:\/\/tuguia.combarranquilla.co\/Revista\/wp-content\/uploads\/2025\/04\/GpfX4ZvWEAAr5An-1024x683.jpg 1024w, https:\/\/tuguia.combarranquilla.co\/Revista\/wp-content\/uploads\/2025\/04\/GpfX4ZvWEAAr5An-300x200.jpg 300w, https:\/\/tuguia.combarranquilla.co\/Revista\/wp-content\/uploads\/2025\/04\/GpfX4ZvWEAAr5An-768x512.jpg 768w, https:\/\/tuguia.combarranquilla.co\/Revista\/wp-content\/uploads\/2025\/04\/GpfX4ZvWEAAr5An-1536x1024.jpg 1536w, https:\/\/tuguia.combarranquilla.co\/Revista\/wp-content\/uploads\/2025\/04\/GpfX4ZvWEAAr5An.jpg 1620w\" data-sizes=\"(max-width: 1024px) 100vw, 1024px\" src=\"data:image\/svg+xml;base64,PHN2ZyB3aWR0aD0iMSIgaGVpZ2h0PSIxIiB4bWxucz0iaHR0cDovL3d3dy53My5vcmcvMjAwMC9zdmciPjwvc3ZnPg==\" style=\"--smush-placeholder-width: 1024px; --smush-placeholder-aspect-ratio: 1024\/683;\" \/><\/figure>\n<\/div>\n\n\n\n<div class=\"wp-block-column is-layout-flow wp-block-column-is-layout-flow\">\n<figure class=\"wp-block-image size-large\"><img decoding=\"async\" width=\"1024\" height=\"683\" data-src=\"https:\/\/tuguia.combarranquilla.co\/Revista\/wp-content\/uploads\/2025\/04\/GpfX4ZwXEAIMKkH-1024x683.jpg\" alt=\"\" class=\"wp-image-6011 lazyload\" data-srcset=\"https:\/\/tuguia.combarranquilla.co\/Revista\/wp-content\/uploads\/2025\/04\/GpfX4ZwXEAIMKkH-1024x683.jpg 1024w, https:\/\/tuguia.combarranquilla.co\/Revista\/wp-content\/uploads\/2025\/04\/GpfX4ZwXEAIMKkH-300x200.jpg 300w, https:\/\/tuguia.combarranquilla.co\/Revista\/wp-content\/uploads\/2025\/04\/GpfX4ZwXEAIMKkH-768x512.jpg 768w, https:\/\/tuguia.combarranquilla.co\/Revista\/wp-content\/uploads\/2025\/04\/GpfX4ZwXEAIMKkH-1536x1024.jpg 1536w, https:\/\/tuguia.combarranquilla.co\/Revista\/wp-content\/uploads\/2025\/04\/GpfX4ZwXEAIMKkH.jpg 1620w\" data-sizes=\"(max-width: 1024px) 100vw, 1024px\" src=\"data:image\/svg+xml;base64,PHN2ZyB3aWR0aD0iMSIgaGVpZ2h0PSIxIiB4bWxucz0iaHR0cDovL3d3dy53My5vcmcvMjAwMC9zdmciPjwvc3ZnPg==\" style=\"--smush-placeholder-width: 1024px; --smush-placeholder-aspect-ratio: 1024\/683;\" \/><\/figure>\n<\/div>\n<\/div>\n\n\n\n<div class=\"wp-block-group is-vertical is-layout-flex wp-container-core-group-is-layout-8cf370e7 wp-block-group-is-layout-flex\">\n<div class=\"wp-block-group is-vertical is-layout-flex wp-container-core-group-is-layout-8cf370e7 wp-block-group-is-layout-flex\">\n<h2 class=\"wp-block-heading\" style=\"font-size:22px\">Mira el video completo de Festini\u00f1os<\/h2>\n<\/div>\n<\/div>\n<\/div>\n\n\n\n<figure class=\"wp-block-embed is-type-video is-provider-tiktok wp-block-embed-tiktok\"><div class=\"wp-block-embed__wrapper\">\n<blockquote class=\"tiktok-embed\" cite=\"https:\/\/www.tiktok.com\/@combarranquilla\/video\/7498100192885902597\" data-video-id=\"7498100192885902597\" data-embed-from=\"oembed\" style=\"max-width:605px; min-width:325px;\"> <section> <a target=\"_blank\" title=\"@combarranquilla\" href=\"https:\/\/www.tiktok.com\/@combarranquilla?refer=embed\">@combarranquilla<\/a> <p>Ver Festini\u00f1os con los ojos de un ni\u00f1o es simplemente m\u00e1gico \u2728 \u00bfQui\u00e9n m\u00e1s volver\u00eda a ser ni\u00f1o por un d\u00eda? <a title=\"festini\u00f1os2025\" target=\"_blank\" href=\"https:\/\/www.tiktok.com\/tag\/festini%C3%B1os2025?refer=embed\">#Festini\u00f1os2025<\/a> <a title=\"combarranquilla\" target=\"_blank\" href=\"https:\/\/www.tiktok.com\/tag\/combarranquilla?refer=embed\">#Combarranquilla<\/a> <a title=\"eventosqueconectan\" target=\"_blank\" href=\"https:\/\/www.tiktok.com\/tag\/eventosqueconectan?refer=embed\">#EventosQueConectan<\/a> <a title=\"parati\" target=\"_blank\" href=\"https:\/\/www.tiktok.com\/tag\/parati?refer=embed\">#ParaTi<\/a> <a title=\"fyp\" target=\"_blank\" href=\"https:\/\/www.tiktok.com\/tag\/fyp?refer=embed\">#FYP<\/a> <a title=\"momentosm\u00e1gicos\" target=\"_blank\" href=\"https:\/\/www.tiktok.com\/tag\/momentosm%C3%A1gicos?refer=embed\">#MomentosM\u00e1gicos<\/a> <a title=\"ni\u00f1ezfeliz\" target=\"_blank\" href=\"https:\/\/www.tiktok.com\/tag\/ni%C3%B1ezfeliz?refer=embed\">#Ni\u00f1ezFeliz<\/a> <\/p> <a target=\"_blank\" title=\"\u266c sonido original - Combarranquilla\" href=\"https:\/\/www.tiktok.com\/music\/sonido-original-7498100204261886725?refer=embed\">\u266c sonido original &#8211; Combarranquilla<\/a> <\/section> <\/blockquote> <script async src=\"https:\/\/www.tiktok.com\/embed.js\"><\/script>\n<\/div><\/figure>\n\n\n\n<p class=\"has-medium-font-size\">Cada a\u00f1o, Combarranquilla lleva a cabo Festini\u00f1os para celebrar a todos los ni\u00f1os que merecen tener un d\u00eda lleno de felicidad y diversi\u00f3n. Les ofrecemos un espacio acogedor y creativo, en el que pueden disfrutar con otros. Desde la Caja de Compensaci\u00f3n, buscamos generar bienestar a todos, y a trav\u00e9s de eventos como este, seguimos logrando nuestros objetivos.<\/p>\n\n\n\n<p class=\"has-medium-font-size\"><strong><em>\u00a1Feliz Mes del Ni\u00f1o!<\/em><\/strong><\/p>\n","protected":false},"excerpt":{"rendered":"<p>El 26 y 27 de abril, los ni\u00f1os de 4 a 12 a\u00f1os vivieron una experiencia m\u00e1gica en Festini\u00f1os. Toda la Unidad Boston de Combarranquilla se visti\u00f3 de fantas\u00eda y colores con las historias de los Hermanos Grimm. Desde el Centro de Convenciones hasta la cancha de f\u00fatbol, los ni\u00f1os estuvieron rodeados de globos, personajes [&hellip;]<\/p>\n","protected":false},"author":2,"featured_media":6009,"comment_status":"open","ping_status":"open","sticky":false,"template":"","format":"standard","meta":{"inline_featured_image":false,"footnotes":""},"categories":[7],"tags":[],"class_list":["post-5900","post","type-post","status-publish","format-standard","has-post-thumbnail","hentry","category-familia-combarranquilla"],"yoast_head":"<!-- This site is optimized with the Yoast SEO plugin v27.4 - https:\/\/yoast.com\/product\/yoast-seo-wordpress\/ -->\n<title>Festini\u00f1os 2025: Un d\u00eda en el mundo de los Hermanos Grimm - Tu Gu\u00eda<\/title>\n<meta name=\"robots\" content=\"index, follow, max-snippet:-1, max-image-preview:large, max-video-preview:-1\" \/>\n<link rel=\"canonical\" href=\"https:\/\/tuguia.combarranquilla.co\/Revista\/festininos-2025-un-dia-en-el-mundo-de-los-hermanos-grimm\/\" \/>\n<meta property=\"og:locale\" content=\"es_ES\" \/>\n<meta property=\"og:type\" content=\"article\" \/>\n<meta property=\"og:title\" content=\"Festini\u00f1os 2025: Un d\u00eda en el mundo de los Hermanos Grimm - Tu Gu\u00eda\" \/>\n<meta property=\"og:description\" content=\"El 26 y 27 de abril, los ni\u00f1os de 4 a 12 a\u00f1os vivieron una experiencia m\u00e1gica en Festini\u00f1os. Toda la Unidad Boston de Combarranquilla se visti\u00f3 de fantas\u00eda y colores con las historias de los Hermanos Grimm. Desde el Centro de Convenciones hasta la cancha de f\u00fatbol, los ni\u00f1os estuvieron rodeados de globos, personajes [&hellip;]\" \/>\n<meta property=\"og:url\" content=\"https:\/\/tuguia.combarranquilla.co\/Revista\/festininos-2025-un-dia-en-el-mundo-de-los-hermanos-grimm\/\" \/>\n<meta property=\"og:site_name\" content=\"Tu Gu\u00eda\" \/>\n<meta property=\"article:published_time\" content=\"2025-04-28T16:46:26+00:00\" \/>\n<meta property=\"article:modified_time\" content=\"2025-07-21T16:49:29+00:00\" \/>\n<meta property=\"og:image\" content=\"https:\/\/tuguia.combarranquilla.co\/Revista\/wp-content\/uploads\/2025\/04\/GpfX4ZvWIAAHSJk.jpg\" \/>\n\t<meta property=\"og:image:width\" content=\"1620\" \/>\n\t<meta property=\"og:image:height\" content=\"1080\" \/>\n\t<meta property=\"og:image:type\" content=\"image\/jpeg\" \/>\n<meta name=\"author\" content=\"Comunicaciones Combarranquilla\" \/>\n<meta name=\"twitter:card\" content=\"summary_large_image\" \/>\n<meta name=\"twitter:label1\" content=\"Escrito por\" \/>\n\t<meta name=\"twitter:data1\" content=\"Comunicaciones Combarranquilla\" \/>\n\t<meta name=\"twitter:label2\" content=\"Tiempo de lectura\" \/>\n\t<meta name=\"twitter:data2\" content=\"3 minutos\" \/>\n<script type=\"application\/ld+json\" class=\"yoast-schema-graph\">{\"@context\":\"https:\\\/\\\/schema.org\",\"@graph\":[{\"@type\":\"Article\",\"@id\":\"https:\\\/\\\/tuguia.combarranquilla.co\\\/Revista\\\/festininos-2025-un-dia-en-el-mundo-de-los-hermanos-grimm\\\/#article\",\"isPartOf\":{\"@id\":\"https:\\\/\\\/tuguia.combarranquilla.co\\\/Revista\\\/festininos-2025-un-dia-en-el-mundo-de-los-hermanos-grimm\\\/\"},\"author\":{\"name\":\"Comunicaciones Combarranquilla\",\"@id\":\"https:\\\/\\\/tuguia.combarranquilla.co\\\/Revista\\\/#\\\/schema\\\/person\\\/c2c396a77170bd1d5f8ba73294eb0d10\"},\"headline\":\"Festini\u00f1os 2025: Un d\u00eda en el mundo de los Hermanos Grimm\",\"datePublished\":\"2025-04-28T16:46:26+00:00\",\"dateModified\":\"2025-07-21T16:49:29+00:00\",\"mainEntityOfPage\":{\"@id\":\"https:\\\/\\\/tuguia.combarranquilla.co\\\/Revista\\\/festininos-2025-un-dia-en-el-mundo-de-los-hermanos-grimm\\\/\"},\"wordCount\":468,\"commentCount\":0,\"publisher\":{\"@id\":\"https:\\\/\\\/tuguia.combarranquilla.co\\\/Revista\\\/#organization\"},\"image\":{\"@id\":\"https:\\\/\\\/tuguia.combarranquilla.co\\\/Revista\\\/festininos-2025-un-dia-en-el-mundo-de-los-hermanos-grimm\\\/#primaryimage\"},\"thumbnailUrl\":\"https:\\\/\\\/tuguia.combarranquilla.co\\\/Revista\\\/wp-content\\\/uploads\\\/2025\\\/04\\\/GpfX4ZvWIAAHSJk.jpg\",\"articleSection\":[\"FAMILIA COMBARRANQUILLA\"],\"inLanguage\":\"es-CO\",\"potentialAction\":[{\"@type\":\"CommentAction\",\"name\":\"Comment\",\"target\":[\"https:\\\/\\\/tuguia.combarranquilla.co\\\/Revista\\\/festininos-2025-un-dia-en-el-mundo-de-los-hermanos-grimm\\\/#respond\"]}]},{\"@type\":\"WebPage\",\"@id\":\"https:\\\/\\\/tuguia.combarranquilla.co\\\/Revista\\\/festininos-2025-un-dia-en-el-mundo-de-los-hermanos-grimm\\\/\",\"url\":\"https:\\\/\\\/tuguia.combarranquilla.co\\\/Revista\\\/festininos-2025-un-dia-en-el-mundo-de-los-hermanos-grimm\\\/\",\"name\":\"Festini\u00f1os 2025: Un d\u00eda en el mundo de los Hermanos Grimm - Tu Gu\u00eda\",\"isPartOf\":{\"@id\":\"https:\\\/\\\/tuguia.combarranquilla.co\\\/Revista\\\/#website\"},\"primaryImageOfPage\":{\"@id\":\"https:\\\/\\\/tuguia.combarranquilla.co\\\/Revista\\\/festininos-2025-un-dia-en-el-mundo-de-los-hermanos-grimm\\\/#primaryimage\"},\"image\":{\"@id\":\"https:\\\/\\\/tuguia.combarranquilla.co\\\/Revista\\\/festininos-2025-un-dia-en-el-mundo-de-los-hermanos-grimm\\\/#primaryimage\"},\"thumbnailUrl\":\"https:\\\/\\\/tuguia.combarranquilla.co\\\/Revista\\\/wp-content\\\/uploads\\\/2025\\\/04\\\/GpfX4ZvWIAAHSJk.jpg\",\"datePublished\":\"2025-04-28T16:46:26+00:00\",\"dateModified\":\"2025-07-21T16:49:29+00:00\",\"breadcrumb\":{\"@id\":\"https:\\\/\\\/tuguia.combarranquilla.co\\\/Revista\\\/festininos-2025-un-dia-en-el-mundo-de-los-hermanos-grimm\\\/#breadcrumb\"},\"inLanguage\":\"es-CO\",\"potentialAction\":[{\"@type\":\"ReadAction\",\"target\":[\"https:\\\/\\\/tuguia.combarranquilla.co\\\/Revista\\\/festininos-2025-un-dia-en-el-mundo-de-los-hermanos-grimm\\\/\"]}]},{\"@type\":\"ImageObject\",\"inLanguage\":\"es-CO\",\"@id\":\"https:\\\/\\\/tuguia.combarranquilla.co\\\/Revista\\\/festininos-2025-un-dia-en-el-mundo-de-los-hermanos-grimm\\\/#primaryimage\",\"url\":\"https:\\\/\\\/tuguia.combarranquilla.co\\\/Revista\\\/wp-content\\\/uploads\\\/2025\\\/04\\\/GpfX4ZvWIAAHSJk.jpg\",\"contentUrl\":\"https:\\\/\\\/tuguia.combarranquilla.co\\\/Revista\\\/wp-content\\\/uploads\\\/2025\\\/04\\\/GpfX4ZvWIAAHSJk.jpg\",\"width\":1620,\"height\":1080},{\"@type\":\"BreadcrumbList\",\"@id\":\"https:\\\/\\\/tuguia.combarranquilla.co\\\/Revista\\\/festininos-2025-un-dia-en-el-mundo-de-los-hermanos-grimm\\\/#breadcrumb\",\"itemListElement\":[{\"@type\":\"ListItem\",\"position\":1,\"name\":\"Inicio\",\"item\":\"https:\\\/\\\/tuguia.combarranquilla.co\\\/Revista\\\/\"},{\"@type\":\"ListItem\",\"position\":2,\"name\":\"Festini\u00f1os 2025: Un d\u00eda en el mundo de los Hermanos Grimm\"}]},{\"@type\":\"WebSite\",\"@id\":\"https:\\\/\\\/tuguia.combarranquilla.co\\\/Revista\\\/#website\",\"url\":\"https:\\\/\\\/tuguia.combarranquilla.co\\\/Revista\\\/\",\"name\":\"Tu Gu\u00eda\",\"description\":\"La revista donde lo tienes todo.\",\"publisher\":{\"@id\":\"https:\\\/\\\/tuguia.combarranquilla.co\\\/Revista\\\/#organization\"},\"alternateName\":\"Tu Gu\u00eda Combarranquilla\",\"potentialAction\":[{\"@type\":\"SearchAction\",\"target\":{\"@type\":\"EntryPoint\",\"urlTemplate\":\"https:\\\/\\\/tuguia.combarranquilla.co\\\/Revista\\\/?s={search_term_string}\"},\"query-input\":{\"@type\":\"PropertyValueSpecification\",\"valueRequired\":true,\"valueName\":\"search_term_string\"}}],\"inLanguage\":\"es-CO\"},{\"@type\":\"Organization\",\"@id\":\"https:\\\/\\\/tuguia.combarranquilla.co\\\/Revista\\\/#organization\",\"name\":\"Tu Gu\u00eda Combarranquilla\",\"url\":\"https:\\\/\\\/tuguia.combarranquilla.co\\\/Revista\\\/\",\"logo\":{\"@type\":\"ImageObject\",\"inLanguage\":\"es-CO\",\"@id\":\"https:\\\/\\\/tuguia.combarranquilla.co\\\/Revista\\\/#\\\/schema\\\/logo\\\/image\\\/\",\"url\":\"https:\\\/\\\/tuguia.combarranquilla.co\\\/Revista\\\/wp-content\\\/uploads\\\/2022\\\/02\\\/logo-guia-combarranquilla.svg\",\"contentUrl\":\"https:\\\/\\\/tuguia.combarranquilla.co\\\/Revista\\\/wp-content\\\/uploads\\\/2022\\\/02\\\/logo-guia-combarranquilla.svg\",\"caption\":\"Tu Gu\u00eda Combarranquilla\"},\"image\":{\"@id\":\"https:\\\/\\\/tuguia.combarranquilla.co\\\/Revista\\\/#\\\/schema\\\/logo\\\/image\\\/\"}},{\"@type\":\"Person\",\"@id\":\"https:\\\/\\\/tuguia.combarranquilla.co\\\/Revista\\\/#\\\/schema\\\/person\\\/c2c396a77170bd1d5f8ba73294eb0d10\",\"name\":\"Comunicaciones Combarranquilla\",\"image\":{\"@type\":\"ImageObject\",\"inLanguage\":\"es-CO\",\"@id\":\"https:\\\/\\\/tuguia.combarranquilla.co\\\/Revista\\\/wp-content\\\/uploads\\\/2025\\\/05\\\/ABC-Al-Rojo-Logo-96x96.jpg\",\"url\":\"https:\\\/\\\/tuguia.combarranquilla.co\\\/Revista\\\/wp-content\\\/uploads\\\/2025\\\/05\\\/ABC-Al-Rojo-Logo-96x96.jpg\",\"contentUrl\":\"https:\\\/\\\/tuguia.combarranquilla.co\\\/Revista\\\/wp-content\\\/uploads\\\/2025\\\/05\\\/ABC-Al-Rojo-Logo-96x96.jpg\",\"caption\":\"Comunicaciones Combarranquilla\"},\"sameAs\":[\"https:\\\/\\\/www.combarranquilla.co\"],\"url\":\"https:\\\/\\\/tuguia.combarranquilla.co\\\/Revista\\\/author\\\/comunicaciones\\\/\"}]}<\/script>\n<!-- \/ Yoast SEO plugin. -->","yoast_head_json":{"title":"Festini\u00f1os 2025: Un d\u00eda en el mundo de los Hermanos Grimm - Tu Gu\u00eda","robots":{"index":"index","follow":"follow","max-snippet":"max-snippet:-1","max-image-preview":"max-image-preview:large","max-video-preview":"max-video-preview:-1"},"canonical":"https:\/\/tuguia.combarranquilla.co\/Revista\/festininos-2025-un-dia-en-el-mundo-de-los-hermanos-grimm\/","og_locale":"es_ES","og_type":"article","og_title":"Festini\u00f1os 2025: Un d\u00eda en el mundo de los Hermanos Grimm - Tu Gu\u00eda","og_description":"El 26 y 27 de abril, los ni\u00f1os de 4 a 12 a\u00f1os vivieron una experiencia m\u00e1gica en Festini\u00f1os. Toda la Unidad Boston de Combarranquilla se visti\u00f3 de fantas\u00eda y colores con las historias de los Hermanos Grimm. Desde el Centro de Convenciones hasta la cancha de f\u00fatbol, los ni\u00f1os estuvieron rodeados de globos, personajes [&hellip;]","og_url":"https:\/\/tuguia.combarranquilla.co\/Revista\/festininos-2025-un-dia-en-el-mundo-de-los-hermanos-grimm\/","og_site_name":"Tu Gu\u00eda","article_published_time":"2025-04-28T16:46:26+00:00","article_modified_time":"2025-07-21T16:49:29+00:00","og_image":[{"width":1620,"height":1080,"url":"https:\/\/tuguia.combarranquilla.co\/Revista\/wp-content\/uploads\/2025\/04\/GpfX4ZvWIAAHSJk.jpg","type":"image\/jpeg"}],"author":"Comunicaciones Combarranquilla","twitter_card":"summary_large_image","twitter_misc":{"Escrito por":"Comunicaciones Combarranquilla","Tiempo de lectura":"3 minutos"},"schema":{"@context":"https:\/\/schema.org","@graph":[{"@type":"Article","@id":"https:\/\/tuguia.combarranquilla.co\/Revista\/festininos-2025-un-dia-en-el-mundo-de-los-hermanos-grimm\/#article","isPartOf":{"@id":"https:\/\/tuguia.combarranquilla.co\/Revista\/festininos-2025-un-dia-en-el-mundo-de-los-hermanos-grimm\/"},"author":{"name":"Comunicaciones Combarranquilla","@id":"https:\/\/tuguia.combarranquilla.co\/Revista\/#\/schema\/person\/c2c396a77170bd1d5f8ba73294eb0d10"},"headline":"Festini\u00f1os 2025: Un d\u00eda en el mundo de los Hermanos Grimm","datePublished":"2025-04-28T16:46:26+00:00","dateModified":"2025-07-21T16:49:29+00:00","mainEntityOfPage":{"@id":"https:\/\/tuguia.combarranquilla.co\/Revista\/festininos-2025-un-dia-en-el-mundo-de-los-hermanos-grimm\/"},"wordCount":468,"commentCount":0,"publisher":{"@id":"https:\/\/tuguia.combarranquilla.co\/Revista\/#organization"},"image":{"@id":"https:\/\/tuguia.combarranquilla.co\/Revista\/festininos-2025-un-dia-en-el-mundo-de-los-hermanos-grimm\/#primaryimage"},"thumbnailUrl":"https:\/\/tuguia.combarranquilla.co\/Revista\/wp-content\/uploads\/2025\/04\/GpfX4ZvWIAAHSJk.jpg","articleSection":["FAMILIA COMBARRANQUILLA"],"inLanguage":"es-CO","potentialAction":[{"@type":"CommentAction","name":"Comment","target":["https:\/\/tuguia.combarranquilla.co\/Revista\/festininos-2025-un-dia-en-el-mundo-de-los-hermanos-grimm\/#respond"]}]},{"@type":"WebPage","@id":"https:\/\/tuguia.combarranquilla.co\/Revista\/festininos-2025-un-dia-en-el-mundo-de-los-hermanos-grimm\/","url":"https:\/\/tuguia.combarranquilla.co\/Revista\/festininos-2025-un-dia-en-el-mundo-de-los-hermanos-grimm\/","name":"Festini\u00f1os 2025: Un d\u00eda en el mundo de los Hermanos Grimm - Tu Gu\u00eda","isPartOf":{"@id":"https:\/\/tuguia.combarranquilla.co\/Revista\/#website"},"primaryImageOfPage":{"@id":"https:\/\/tuguia.combarranquilla.co\/Revista\/festininos-2025-un-dia-en-el-mundo-de-los-hermanos-grimm\/#primaryimage"},"image":{"@id":"https:\/\/tuguia.combarranquilla.co\/Revista\/festininos-2025-un-dia-en-el-mundo-de-los-hermanos-grimm\/#primaryimage"},"thumbnailUrl":"https:\/\/tuguia.combarranquilla.co\/Revista\/wp-content\/uploads\/2025\/04\/GpfX4ZvWIAAHSJk.jpg","datePublished":"2025-04-28T16:46:26+00:00","dateModified":"2025-07-21T16:49:29+00:00","breadcrumb":{"@id":"https:\/\/tuguia.combarranquilla.co\/Revista\/festininos-2025-un-dia-en-el-mundo-de-los-hermanos-grimm\/#breadcrumb"},"inLanguage":"es-CO","potentialAction":[{"@type":"ReadAction","target":["https:\/\/tuguia.combarranquilla.co\/Revista\/festininos-2025-un-dia-en-el-mundo-de-los-hermanos-grimm\/"]}]},{"@type":"ImageObject","inLanguage":"es-CO","@id":"https:\/\/tuguia.combarranquilla.co\/Revista\/festininos-2025-un-dia-en-el-mundo-de-los-hermanos-grimm\/#primaryimage","url":"https:\/\/tuguia.combarranquilla.co\/Revista\/wp-content\/uploads\/2025\/04\/GpfX4ZvWIAAHSJk.jpg","contentUrl":"https:\/\/tuguia.combarranquilla.co\/Revista\/wp-content\/uploads\/2025\/04\/GpfX4ZvWIAAHSJk.jpg","width":1620,"height":1080},{"@type":"BreadcrumbList","@id":"https:\/\/tuguia.combarranquilla.co\/Revista\/festininos-2025-un-dia-en-el-mundo-de-los-hermanos-grimm\/#breadcrumb","itemListElement":[{"@type":"ListItem","position":1,"name":"Inicio","item":"https:\/\/tuguia.combarranquilla.co\/Revista\/"},{"@type":"ListItem","position":2,"name":"Festini\u00f1os 2025: Un d\u00eda en el mundo de los Hermanos Grimm"}]},{"@type":"WebSite","@id":"https:\/\/tuguia.combarranquilla.co\/Revista\/#website","url":"https:\/\/tuguia.combarranquilla.co\/Revista\/","name":"Tu Gu\u00eda","description":"La revista donde lo tienes todo.","publisher":{"@id":"https:\/\/tuguia.combarranquilla.co\/Revista\/#organization"},"alternateName":"Tu Gu\u00eda Combarranquilla","potentialAction":[{"@type":"SearchAction","target":{"@type":"EntryPoint","urlTemplate":"https:\/\/tuguia.combarranquilla.co\/Revista\/?s={search_term_string}"},"query-input":{"@type":"PropertyValueSpecification","valueRequired":true,"valueName":"search_term_string"}}],"inLanguage":"es-CO"},{"@type":"Organization","@id":"https:\/\/tuguia.combarranquilla.co\/Revista\/#organization","name":"Tu Gu\u00eda Combarranquilla","url":"https:\/\/tuguia.combarranquilla.co\/Revista\/","logo":{"@type":"ImageObject","inLanguage":"es-CO","@id":"https:\/\/tuguia.combarranquilla.co\/Revista\/#\/schema\/logo\/image\/","url":"https:\/\/tuguia.combarranquilla.co\/Revista\/wp-content\/uploads\/2022\/02\/logo-guia-combarranquilla.svg","contentUrl":"https:\/\/tuguia.combarranquilla.co\/Revista\/wp-content\/uploads\/2022\/02\/logo-guia-combarranquilla.svg","caption":"Tu Gu\u00eda Combarranquilla"},"image":{"@id":"https:\/\/tuguia.combarranquilla.co\/Revista\/#\/schema\/logo\/image\/"}},{"@type":"Person","@id":"https:\/\/tuguia.combarranquilla.co\/Revista\/#\/schema\/person\/c2c396a77170bd1d5f8ba73294eb0d10","name":"Comunicaciones Combarranquilla","image":{"@type":"ImageObject","inLanguage":"es-CO","@id":"https:\/\/tuguia.combarranquilla.co\/Revista\/wp-content\/uploads\/2025\/05\/ABC-Al-Rojo-Logo-96x96.jpg","url":"https:\/\/tuguia.combarranquilla.co\/Revista\/wp-content\/uploads\/2025\/05\/ABC-Al-Rojo-Logo-96x96.jpg","contentUrl":"https:\/\/tuguia.combarranquilla.co\/Revista\/wp-content\/uploads\/2025\/05\/ABC-Al-Rojo-Logo-96x96.jpg","caption":"Comunicaciones Combarranquilla"},"sameAs":["https:\/\/www.combarranquilla.co"],"url":"https:\/\/tuguia.combarranquilla.co\/Revista\/author\/comunicaciones\/"}]}},"_links":{"self":[{"href":"https:\/\/tuguia.combarranquilla.co\/Revista\/wp-json\/wp\/v2\/posts\/5900","targetHints":{"allow":["GET"]}}],"collection":[{"href":"https:\/\/tuguia.combarranquilla.co\/Revista\/wp-json\/wp\/v2\/posts"}],"about":[{"href":"https:\/\/tuguia.combarranquilla.co\/Revista\/wp-json\/wp\/v2\/types\/post"}],"author":[{"embeddable":true,"href":"https:\/\/tuguia.combarranquilla.co\/Revista\/wp-json\/wp\/v2\/users\/2"}],"replies":[{"embeddable":true,"href":"https:\/\/tuguia.combarranquilla.co\/Revista\/wp-json\/wp\/v2\/comments?post=5900"}],"version-history":[{"count":32,"href":"https:\/\/tuguia.combarranquilla.co\/Revista\/wp-json\/wp\/v2\/posts\/5900\/revisions"}],"predecessor-version":[{"id":7114,"href":"https:\/\/tuguia.combarranquilla.co\/Revista\/wp-json\/wp\/v2\/posts\/5900\/revisions\/7114"}],"wp:featuredmedia":[{"embeddable":true,"href":"https:\/\/tuguia.combarranquilla.co\/Revista\/wp-json\/wp\/v2\/media\/6009"}],"wp:attachment":[{"href":"https:\/\/tuguia.combarranquilla.co\/Revista\/wp-json\/wp\/v2\/media?parent=5900"}],"wp:term":[{"taxonomy":"category","embeddable":true,"href":"https:\/\/tuguia.combarranquilla.co\/Revista\/wp-json\/wp\/v2\/categories?post=5900"},{"taxonomy":"post_tag","embeddable":true,"href":"https:\/\/tuguia.combarranquilla.co\/Revista\/wp-json\/wp\/v2\/tags?post=5900"}],"curies":[{"name":"wp","href":"https:\/\/api.w.org\/{rel}","templated":true}]}}