{"id":5915,"date":"2025-04-05T11:37:49","date_gmt":"2025-04-05T16:37:49","guid":{"rendered":"https:\/\/tuguia.combarranquilla.co\/Revista\/?p=5915"},"modified":"2025-05-08T14:29:59","modified_gmt":"2025-05-08T19:29:59","slug":"el-poder-de-la-lectura-en-bebes-y-ninos","status":"publish","type":"post","link":"https:\/\/tuguia.combarranquilla.co\/Revista\/el-poder-de-la-lectura-en-bebes-y-ninos\/","title":{"rendered":"El poder de la lectura en beb\u00e9s y ni\u00f1os"},"content":{"rendered":"\n<p><em>Un libro es un pasaporte a lugares que nunca imaginaste conocer. Si la felicidad tuviera forma, seguramente ser\u00eda la de un libro, o la de las palabras sobre las hojas que lo conforman. Porque leer es amor en acci\u00f3n.<\/em><\/p>\n\n\n\n<p>En los ni\u00f1os, la capacidad de asombro se desarrolla desde la ni\u00f1ez, y la lectura es uno de los veh\u00edculos que puede potenciar esa habilidad. Leer es un h\u00e1bito de vida que nos permite interpretar y conocer el mundo propio y el de otros. La presencia de un libro en casa es muy valiosa, especialmente para los m\u00e1s peque\u00f1os, quienes est\u00e1n comenzando a construir sus universos.<\/p>\n\n\n\n<p>Como lo afirma la investigadora Maryanne Wolf en su libro <em>Proust and The Squid<\/em>, la lectura es una pr\u00e1ctica aprendida y requiere del arduo trabajo de nuestras redes neuronales. Pero, aunque leer es un proceso complejo, puede ense\u00f1arse desde edades tempranas, y sus beneficios son extraordinarios. En este art\u00edculo, te compartimos algunos de ellos y te brindamos unas recomendaciones de la fonoaudi\u00f3loga Marjorie Rocha, que te servir\u00e1n para practicar la lectura con tus hijos.<\/p>\n\n\n<div class=\"wp-block-image\">\n<figure class=\"aligncenter size-large is-resized\"><img decoding=\"async\" width=\"1024\" height=\"682\" data-src=\"https:\/\/tuguia.combarranquilla.co\/Revista\/wp-content\/uploads\/2025\/04\/foto-libro-intro-1024x682.jpg\" alt=\"\" class=\"wp-image-5916 lazyload\" style=\"--smush-placeholder-width: 1024px; --smush-placeholder-aspect-ratio: 1024\/682;width:545px;height:auto\" data-srcset=\"https:\/\/tuguia.combarranquilla.co\/Revista\/wp-content\/uploads\/2025\/04\/foto-libro-intro-1024x682.jpg 1024w, https:\/\/tuguia.combarranquilla.co\/Revista\/wp-content\/uploads\/2025\/04\/foto-libro-intro-300x200.jpg 300w, https:\/\/tuguia.combarranquilla.co\/Revista\/wp-content\/uploads\/2025\/04\/foto-libro-intro-768x512.jpg 768w, https:\/\/tuguia.combarranquilla.co\/Revista\/wp-content\/uploads\/2025\/04\/foto-libro-intro-1536x1023.jpg 1536w, https:\/\/tuguia.combarranquilla.co\/Revista\/wp-content\/uploads\/2025\/04\/foto-libro-intro-2048x1364.jpg 2048w\" data-sizes=\"(max-width: 1024px) 100vw, 1024px\" src=\"data:image\/svg+xml;base64,PHN2ZyB3aWR0aD0iMSIgaGVpZ2h0PSIxIiB4bWxucz0iaHR0cDovL3d3dy53My5vcmcvMjAwMC9zdmciPjwvc3ZnPg==\" \/><\/figure><\/div>\n\n\n<h2 class=\"wp-block-heading has-large-font-size\">\u00bfQu\u00e9 hacen los libros?<\/h2>\n\n\n\n<h1 class=\"wp-block-heading has-medium-font-size\"><strong>Incentivan habilidades ling\u00fc\u00edsticas<\/strong><\/h1>\n\n\n\n<p>Leer es invaluable para que beb\u00e9s y ni\u00f1os est\u00e9n m\u00e1s expuestos al lenguaje. As\u00ed, por ejemplo, con historias llamativas, pueden expandir su vocabulario, enriquecer su comprensi\u00f3n de la gram\u00e1tica y desarrollar la memoria. Aunque los beb\u00e9s no sepan leer y no entiendan las palabras que dicen sus padres, pueden escuchar y sentir. Es desde ese momento que comienzan a construir significado.<\/p>\n\n\n\n<h1 class=\"wp-block-heading has-medium-font-size\"><strong>Ampl\u00edan el conocimiento<\/strong><\/h1>\n\n\n\n<p>La lectura es una herramienta que fortalece el cerebro. Neuropediatras, investigadores y escritores est\u00e1n de acuerdo con que leer ampl\u00eda la reserva cognitiva y asegura un correcto neurodesarrollo en la primera infancia. Por otro lado, mientras leen, los ni\u00f1os pueden cultivar nuevos saberes de forma menos invasiva, a diferencia de lo que sucede hoy, con las pantallas como nuestra fuente principal de informaci\u00f3n.<\/p>\n\n\n\n<h1 class=\"wp-block-heading has-medium-font-size\"><strong>Activan la creatividad<\/strong><\/h1>\n\n\n\n<p>Leer transporta a los ni\u00f1os a un mundo en el que pueden experimentar con todos sus sentidos. El cerebro es tan poderoso que puede traducir las palabras que leemos en im\u00e1genes v\u00edvidas que nos conmueven, irritan o nos llenan de alegr\u00eda. Es importante saber escoger qu\u00e9 libros leer a nuestros hijos, pero, haciendo la elecci\u00f3n correcta, no hay duda de que los ayudamos a nutrir su imaginaci\u00f3n.<\/p>\n\n\n\n<blockquote class=\"wp-block-quote is-layout-flow wp-block-quote-is-layout-flow\">\n<p><strong><em>En el papel, las cosas pueden vivir para siempre. Sobre el papel, una mariposa nunca muere<\/em><\/strong>.<\/p>\n<cite><em>Jacqueline Woodson, Ni\u00f1a morena sue\u00f1a\/Brown Girl Dreaming<\/em><\/cite><\/blockquote>\n\n\n\n<h2 class=\"wp-block-heading has-text-align-left has-large-font-size\"><strong>La voz de una profesional<\/strong><\/h2>\n\n\n\n<p>Marjorie Rocha, fonoaudi\u00f3loga, ofrece un acompa\u00f1amiento constante a ni\u00f1os que necesitan mejorar sus habilidades del lenguaje. Hoy, su voz te ayuda con algunos consejos que puedes seguir para fomentar la lectura en casa.<\/p>\n\n\n\n<figure class=\"wp-block-video\"><video controls src=\"https:\/\/tuguia.combarranquilla.co\/Revista\/wp-content\/uploads\/2025\/04\/tips-fono.mov\"><\/video><\/figure>\n\n\n\n<h1 class=\"wp-block-heading has-medium-font-size\"><strong>Libros para los m\u00e1s peque\u00f1os<\/strong><\/h1>\n\n\n\n<p>Sabemos que escoger un libro para un beb\u00e9 o un ni\u00f1o no es una tarea sencilla. Para apoyar tu b\u00fasqueda, te proporcionamos algunos t\u00edtulos imperdibles:<\/p>\n\n\n<div class=\"wp-block-image\">\n<figure class=\"aligncenter size-full\"><img decoding=\"async\" width=\"604\" height=\"368\" data-src=\"https:\/\/tuguia.combarranquilla.co\/Revista\/wp-content\/uploads\/2025\/04\/libros-para-bebes.png\" alt=\"\" class=\"wp-image-5918 lazyload\" data-srcset=\"https:\/\/tuguia.combarranquilla.co\/Revista\/wp-content\/uploads\/2025\/04\/libros-para-bebes.png 604w, https:\/\/tuguia.combarranquilla.co\/Revista\/wp-content\/uploads\/2025\/04\/libros-para-bebes-300x183.png 300w\" data-sizes=\"(max-width: 604px) 100vw, 604px\" src=\"data:image\/svg+xml;base64,PHN2ZyB3aWR0aD0iMSIgaGVpZ2h0PSIxIiB4bWxucz0iaHR0cDovL3d3dy53My5vcmcvMjAwMC9zdmciPjwvc3ZnPg==\" style=\"--smush-placeholder-width: 604px; --smush-placeholder-aspect-ratio: 604\/368;\" \/><\/figure><\/div>\n\n\n<ul class=\"wp-block-list\">\n<li><em>Babymoni <\/em>de Rocio Bonilla: Colecci\u00f3n de libros sobre Babymoni, una beb\u00e9 que quiere descubrir el mundo.<\/li>\n\n\n\n<li><em>Buenas noches, beb\u00e9<\/em> de Marion Billet: Un libro para sentir y escuchar, con melod\u00edas y texturas que relajan.<\/li>\n\n\n\n<li><em>Adivina cu\u00e1nto te quiero<\/em> de Sam McBratney: La tierna historia de dos conejos que nos ense\u00f1a cu\u00e1nto podemos amar a alguien.<\/li>\n<\/ul>\n\n\n<div class=\"wp-block-image\">\n<figure class=\"aligncenter size-full\"><img decoding=\"async\" width=\"604\" height=\"368\" data-src=\"https:\/\/tuguia.combarranquilla.co\/Revista\/wp-content\/uploads\/2025\/04\/libros-para-ninos.png\" alt=\"\" class=\"wp-image-5921 lazyload\" data-srcset=\"https:\/\/tuguia.combarranquilla.co\/Revista\/wp-content\/uploads\/2025\/04\/libros-para-ninos.png 604w, https:\/\/tuguia.combarranquilla.co\/Revista\/wp-content\/uploads\/2025\/04\/libros-para-ninos-300x183.png 300w\" data-sizes=\"(max-width: 604px) 100vw, 604px\" src=\"data:image\/svg+xml;base64,PHN2ZyB3aWR0aD0iMSIgaGVpZ2h0PSIxIiB4bWxucz0iaHR0cDovL3d3dy53My5vcmcvMjAwMC9zdmciPjwvc3ZnPg==\" style=\"--smush-placeholder-width: 604px; --smush-placeholder-aspect-ratio: 604\/368;\" \/><\/figure><\/div>\n\n\n<ul class=\"wp-block-list\">\n<li><em>Romeo nunca est\u00e1 contento<\/em> de Hiroko Ohmori: Un hur\u00f3n blanco, gru\u00f1\u00f3n y solitario decide cambiar para ser mejor.<\/li>\n\n\n\n<li><em>El le\u00f3n y los escarabajos estercoleros<\/em> de Amalia Low: La historia que nos muestra la importancia de respetar a todos los seres vivos.<\/li>\n\n\n\n<li><em>Tiempo de haikus <\/em>de J.N. Santaeul\u00e0lia, Luciano Lozano: Libro de breves poemas japoneses sobre la naturaleza y el lenguaje.<\/li>\n<\/ul>\n\n\n\n<p>Con Combarranquilla, puedes seguir disfrutando de m\u00e1s libros en las bibliotecas de nuestras unidades Boston y Calle 30. Adem\u00e1s, contamos con actividades para que tus hijos dejen volar su imaginaci\u00f3n:<\/p>\n\n\n\n<figure class=\"wp-block-gallery aligncenter has-nested-images columns-default is-cropped wp-block-gallery-1 is-layout-flex wp-block-gallery-is-layout-flex\">\n<figure class=\"wp-block-image size-large is-style-default\"><img decoding=\"async\" width=\"819\" height=\"1024\" data-id=\"5920\" data-src=\"https:\/\/tuguia.combarranquilla.co\/Revista\/wp-content\/uploads\/2025\/04\/lectura-ninos-1-819x1024.jpg\" alt=\"\" class=\"wp-image-5920 lazyload\" data-srcset=\"https:\/\/tuguia.combarranquilla.co\/Revista\/wp-content\/uploads\/2025\/04\/lectura-ninos-1-819x1024.jpg 819w, https:\/\/tuguia.combarranquilla.co\/Revista\/wp-content\/uploads\/2025\/04\/lectura-ninos-1-240x300.jpg 240w, https:\/\/tuguia.combarranquilla.co\/Revista\/wp-content\/uploads\/2025\/04\/lectura-ninos-1-768x960.jpg 768w, https:\/\/tuguia.combarranquilla.co\/Revista\/wp-content\/uploads\/2025\/04\/lectura-ninos-1-1229x1536.jpg 1229w, https:\/\/tuguia.combarranquilla.co\/Revista\/wp-content\/uploads\/2025\/04\/lectura-ninos-1-1638x2048.jpg 1638w, https:\/\/tuguia.combarranquilla.co\/Revista\/wp-content\/uploads\/2025\/04\/lectura-ninos-1-scaled.jpg 2048w\" data-sizes=\"(max-width: 819px) 100vw, 819px\" src=\"data:image\/svg+xml;base64,PHN2ZyB3aWR0aD0iMSIgaGVpZ2h0PSIxIiB4bWxucz0iaHR0cDovL3d3dy53My5vcmcvMjAwMC9zdmciPjwvc3ZnPg==\" style=\"--smush-placeholder-width: 819px; --smush-placeholder-aspect-ratio: 819\/1024;\" \/><\/figure>\n\n\n\n<figure class=\"wp-block-image size-large\"><img decoding=\"async\" width=\"800\" height=\"1000\" data-id=\"5922\" data-src=\"https:\/\/tuguia.combarranquilla.co\/Revista\/wp-content\/uploads\/2025\/04\/taller-lectura-bebes.jpg\" alt=\"\" class=\"wp-image-5922 lazyload\" data-srcset=\"https:\/\/tuguia.combarranquilla.co\/Revista\/wp-content\/uploads\/2025\/04\/taller-lectura-bebes.jpg 800w, https:\/\/tuguia.combarranquilla.co\/Revista\/wp-content\/uploads\/2025\/04\/taller-lectura-bebes-240x300.jpg 240w, https:\/\/tuguia.combarranquilla.co\/Revista\/wp-content\/uploads\/2025\/04\/taller-lectura-bebes-768x960.jpg 768w\" data-sizes=\"(max-width: 800px) 100vw, 800px\" src=\"data:image\/svg+xml;base64,PHN2ZyB3aWR0aD0iMSIgaGVpZ2h0PSIxIiB4bWxucz0iaHR0cDovL3d3dy53My5vcmcvMjAwMC9zdmciPjwvc3ZnPg==\" style=\"--smush-placeholder-width: 800px; --smush-placeholder-aspect-ratio: 800\/1000;\" \/><\/figure>\n<\/figure>\n\n\n\n<p><\/p>\n\n\n\n<p>El v\u00ednculo temprano con la lectura lleva a beb\u00e9s y ni\u00f1os a interesarse por lo que hay a su alrededor. Al leer, pueden viajar a cualquier parte y ser quienes quieran ser, mientras conocen un universo lleno de posibilidades. Los libros son, en definitiva, nuestro boleto para crecer.<\/p>\n\n\n\n<p>\u00a1No te pierdas lo que las palabras traen para ti!<\/p>\n\n\n\n<p><strong>Webgraf\u00eda<\/strong><\/p>\n\n\n\n<p>Centro Regional para el Fomento del Libro en Am\u00e9rica Latina y el Caribe, Cerlalc. (2017).<em> Beb\u00e9s lectores. \u00bfC\u00f3mo leen los que a\u00fan no leen? <\/em>CERLALC. <a href=\"https:\/\/cerlalc.org\/wp-content\/uploads\/2017\/12\/Publicaciones_Cerlalc_OPI_Dosier_Bebes_lectores_151217.pdf\">https:\/\/cerlalc.org\/wp-content\/uploads\/2017\/12\/Publicaciones_Cerlalc_OPI_Dosier_Bebes_lectores_151217.pdf<\/a><\/p>\n\n\n\n<p>Escuela de Lectores. (2022). <em>\u00bfC\u00f3mo estimular el cerebro de los ni\u00f1os?<\/em> [Infograf\u00eda]. Biblioteca Digital de Bogot\u00e1. <a href=\"https:\/\/www.bibliotecadigitaldebogota.gov.co\/resources\/3314275\/\">https:\/\/www.bibliotecadigitaldebogota.gov.co\/resources\/3314275\/<\/a><\/p>\n\n\n\n<p>L\u00f3pez, C. &amp; Santiuste, V. (2008). Aportaciones de la neurociencia al tratamiento educativo de las dificultades de lectura. <em>Revista de Psicolog\u00eda y Educaci\u00f3n. 1<\/em>(3), 57-66. <a href=\"https:\/\/biblioteca.cordoba.es\/Documentos\/lopez-escribano-aportaciones_neurociencia_RYPE.pdf\">https:\/\/biblioteca.cordoba.es\/Documentos\/lopez-escribano-aportaciones_neurociencia_RYPE.pdf<\/a><\/p>\n\n\n\n<p>Wolf, M. (2007). <em>Proust and the squid. The story and science of the reading brain.<\/em> Haper Collins Publishers.<\/p>\n\n\n\n<p><\/p>\n","protected":false},"excerpt":{"rendered":"<p>Un libro es un pasaporte a lugares que nunca imaginaste conocer. Si la felicidad tuviera forma, seguramente ser\u00eda la de un libro, o la de las palabras sobre las hojas que lo conforman. Porque leer es amor en acci\u00f3n. En los ni\u00f1os, la capacidad de asombro se desarrolla desde la ni\u00f1ez, y la lectura es [&hellip;]<\/p>\n","protected":false},"author":2,"featured_media":5924,"comment_status":"open","ping_status":"open","sticky":false,"template":"","format":"standard","meta":{"inline_featured_image":false,"footnotes":""},"categories":[4],"tags":[],"class_list":["post-5915","post","type-post","status-publish","format-standard","has-post-thumbnail","hentry","category-ciencia-y-cultura"],"yoast_head":"<!-- This site is optimized with the Yoast SEO plugin v27.4 - https:\/\/yoast.com\/product\/yoast-seo-wordpress\/ -->\n<title>El poder de la lectura en beb\u00e9s y ni\u00f1os - Tu Gu\u00eda<\/title>\n<meta name=\"robots\" content=\"index, follow, max-snippet:-1, max-image-preview:large, max-video-preview:-1\" \/>\n<link rel=\"canonical\" href=\"https:\/\/tuguia.combarranquilla.co\/Revista\/el-poder-de-la-lectura-en-bebes-y-ninos\/\" \/>\n<meta property=\"og:locale\" content=\"es_ES\" \/>\n<meta property=\"og:type\" content=\"article\" \/>\n<meta property=\"og:title\" content=\"El poder de la lectura en beb\u00e9s y ni\u00f1os - Tu Gu\u00eda\" \/>\n<meta property=\"og:description\" content=\"Un libro es un pasaporte a lugares que nunca imaginaste conocer. Si la felicidad tuviera forma, seguramente ser\u00eda la de un libro, o la de las palabras sobre las hojas que lo conforman. Porque leer es amor en acci\u00f3n. En los ni\u00f1os, la capacidad de asombro se desarrolla desde la ni\u00f1ez, y la lectura es [&hellip;]\" \/>\n<meta property=\"og:url\" content=\"https:\/\/tuguia.combarranquilla.co\/Revista\/el-poder-de-la-lectura-en-bebes-y-ninos\/\" \/>\n<meta property=\"og:site_name\" content=\"Tu Gu\u00eda\" \/>\n<meta property=\"article:published_time\" content=\"2025-04-05T16:37:49+00:00\" \/>\n<meta property=\"article:modified_time\" content=\"2025-05-08T19:29:59+00:00\" \/>\n<meta property=\"og:image\" content=\"https:\/\/tuguia.combarranquilla.co\/Revista\/wp-content\/uploads\/2025\/04\/foto-de-portada-scaled.jpg\" \/>\n\t<meta property=\"og:image:width\" content=\"2560\" \/>\n\t<meta property=\"og:image:height\" content=\"1707\" \/>\n\t<meta property=\"og:image:type\" content=\"image\/jpeg\" \/>\n<meta name=\"author\" content=\"Comunicaciones Combarranquilla\" \/>\n<meta name=\"twitter:card\" content=\"summary_large_image\" \/>\n<meta name=\"twitter:label1\" content=\"Escrito por\" \/>\n\t<meta name=\"twitter:data1\" content=\"Comunicaciones Combarranquilla\" \/>\n\t<meta name=\"twitter:label2\" content=\"Tiempo de lectura\" \/>\n\t<meta name=\"twitter:data2\" content=\"5 minutos\" \/>\n<script type=\"application\/ld+json\" class=\"yoast-schema-graph\">{\"@context\":\"https:\\\/\\\/schema.org\",\"@graph\":[{\"@type\":\"Article\",\"@id\":\"https:\\\/\\\/tuguia.combarranquilla.co\\\/Revista\\\/el-poder-de-la-lectura-en-bebes-y-ninos\\\/#article\",\"isPartOf\":{\"@id\":\"https:\\\/\\\/tuguia.combarranquilla.co\\\/Revista\\\/el-poder-de-la-lectura-en-bebes-y-ninos\\\/\"},\"author\":{\"name\":\"Comunicaciones Combarranquilla\",\"@id\":\"https:\\\/\\\/tuguia.combarranquilla.co\\\/Revista\\\/#\\\/schema\\\/person\\\/c2c396a77170bd1d5f8ba73294eb0d10\"},\"headline\":\"El poder de la lectura en beb\u00e9s y ni\u00f1os\",\"datePublished\":\"2025-04-05T16:37:49+00:00\",\"dateModified\":\"2025-05-08T19:29:59+00:00\",\"mainEntityOfPage\":{\"@id\":\"https:\\\/\\\/tuguia.combarranquilla.co\\\/Revista\\\/el-poder-de-la-lectura-en-bebes-y-ninos\\\/\"},\"wordCount\":865,\"commentCount\":0,\"publisher\":{\"@id\":\"https:\\\/\\\/tuguia.combarranquilla.co\\\/Revista\\\/#organization\"},\"image\":{\"@id\":\"https:\\\/\\\/tuguia.combarranquilla.co\\\/Revista\\\/el-poder-de-la-lectura-en-bebes-y-ninos\\\/#primaryimage\"},\"thumbnailUrl\":\"https:\\\/\\\/tuguia.combarranquilla.co\\\/Revista\\\/wp-content\\\/uploads\\\/2025\\\/04\\\/foto-de-portada-scaled.jpg\",\"articleSection\":[\"CIENCIA Y CULTURA\"],\"inLanguage\":\"es-CO\",\"potentialAction\":[{\"@type\":\"CommentAction\",\"name\":\"Comment\",\"target\":[\"https:\\\/\\\/tuguia.combarranquilla.co\\\/Revista\\\/el-poder-de-la-lectura-en-bebes-y-ninos\\\/#respond\"]}]},{\"@type\":\"WebPage\",\"@id\":\"https:\\\/\\\/tuguia.combarranquilla.co\\\/Revista\\\/el-poder-de-la-lectura-en-bebes-y-ninos\\\/\",\"url\":\"https:\\\/\\\/tuguia.combarranquilla.co\\\/Revista\\\/el-poder-de-la-lectura-en-bebes-y-ninos\\\/\",\"name\":\"El poder de la lectura en beb\u00e9s y ni\u00f1os - Tu Gu\u00eda\",\"isPartOf\":{\"@id\":\"https:\\\/\\\/tuguia.combarranquilla.co\\\/Revista\\\/#website\"},\"primaryImageOfPage\":{\"@id\":\"https:\\\/\\\/tuguia.combarranquilla.co\\\/Revista\\\/el-poder-de-la-lectura-en-bebes-y-ninos\\\/#primaryimage\"},\"image\":{\"@id\":\"https:\\\/\\\/tuguia.combarranquilla.co\\\/Revista\\\/el-poder-de-la-lectura-en-bebes-y-ninos\\\/#primaryimage\"},\"thumbnailUrl\":\"https:\\\/\\\/tuguia.combarranquilla.co\\\/Revista\\\/wp-content\\\/uploads\\\/2025\\\/04\\\/foto-de-portada-scaled.jpg\",\"datePublished\":\"2025-04-05T16:37:49+00:00\",\"dateModified\":\"2025-05-08T19:29:59+00:00\",\"breadcrumb\":{\"@id\":\"https:\\\/\\\/tuguia.combarranquilla.co\\\/Revista\\\/el-poder-de-la-lectura-en-bebes-y-ninos\\\/#breadcrumb\"},\"inLanguage\":\"es-CO\",\"potentialAction\":[{\"@type\":\"ReadAction\",\"target\":[\"https:\\\/\\\/tuguia.combarranquilla.co\\\/Revista\\\/el-poder-de-la-lectura-en-bebes-y-ninos\\\/\"]}]},{\"@type\":\"ImageObject\",\"inLanguage\":\"es-CO\",\"@id\":\"https:\\\/\\\/tuguia.combarranquilla.co\\\/Revista\\\/el-poder-de-la-lectura-en-bebes-y-ninos\\\/#primaryimage\",\"url\":\"https:\\\/\\\/tuguia.combarranquilla.co\\\/Revista\\\/wp-content\\\/uploads\\\/2025\\\/04\\\/foto-de-portada-scaled.jpg\",\"contentUrl\":\"https:\\\/\\\/tuguia.combarranquilla.co\\\/Revista\\\/wp-content\\\/uploads\\\/2025\\\/04\\\/foto-de-portada-scaled.jpg\",\"width\":2560,\"height\":1707},{\"@type\":\"BreadcrumbList\",\"@id\":\"https:\\\/\\\/tuguia.combarranquilla.co\\\/Revista\\\/el-poder-de-la-lectura-en-bebes-y-ninos\\\/#breadcrumb\",\"itemListElement\":[{\"@type\":\"ListItem\",\"position\":1,\"name\":\"Inicio\",\"item\":\"https:\\\/\\\/tuguia.combarranquilla.co\\\/Revista\\\/\"},{\"@type\":\"ListItem\",\"position\":2,\"name\":\"El poder de la lectura en beb\u00e9s y ni\u00f1os\"}]},{\"@type\":\"WebSite\",\"@id\":\"https:\\\/\\\/tuguia.combarranquilla.co\\\/Revista\\\/#website\",\"url\":\"https:\\\/\\\/tuguia.combarranquilla.co\\\/Revista\\\/\",\"name\":\"Tu Gu\u00eda\",\"description\":\"La revista donde lo tienes todo.\",\"publisher\":{\"@id\":\"https:\\\/\\\/tuguia.combarranquilla.co\\\/Revista\\\/#organization\"},\"alternateName\":\"Tu Gu\u00eda Combarranquilla\",\"potentialAction\":[{\"@type\":\"SearchAction\",\"target\":{\"@type\":\"EntryPoint\",\"urlTemplate\":\"https:\\\/\\\/tuguia.combarranquilla.co\\\/Revista\\\/?s={search_term_string}\"},\"query-input\":{\"@type\":\"PropertyValueSpecification\",\"valueRequired\":true,\"valueName\":\"search_term_string\"}}],\"inLanguage\":\"es-CO\"},{\"@type\":\"Organization\",\"@id\":\"https:\\\/\\\/tuguia.combarranquilla.co\\\/Revista\\\/#organization\",\"name\":\"Tu Gu\u00eda Combarranquilla\",\"url\":\"https:\\\/\\\/tuguia.combarranquilla.co\\\/Revista\\\/\",\"logo\":{\"@type\":\"ImageObject\",\"inLanguage\":\"es-CO\",\"@id\":\"https:\\\/\\\/tuguia.combarranquilla.co\\\/Revista\\\/#\\\/schema\\\/logo\\\/image\\\/\",\"url\":\"https:\\\/\\\/tuguia.combarranquilla.co\\\/Revista\\\/wp-content\\\/uploads\\\/2022\\\/02\\\/logo-guia-combarranquilla.svg\",\"contentUrl\":\"https:\\\/\\\/tuguia.combarranquilla.co\\\/Revista\\\/wp-content\\\/uploads\\\/2022\\\/02\\\/logo-guia-combarranquilla.svg\",\"caption\":\"Tu Gu\u00eda Combarranquilla\"},\"image\":{\"@id\":\"https:\\\/\\\/tuguia.combarranquilla.co\\\/Revista\\\/#\\\/schema\\\/logo\\\/image\\\/\"}},{\"@type\":\"Person\",\"@id\":\"https:\\\/\\\/tuguia.combarranquilla.co\\\/Revista\\\/#\\\/schema\\\/person\\\/c2c396a77170bd1d5f8ba73294eb0d10\",\"name\":\"Comunicaciones Combarranquilla\",\"image\":{\"@type\":\"ImageObject\",\"inLanguage\":\"es-CO\",\"@id\":\"https:\\\/\\\/tuguia.combarranquilla.co\\\/Revista\\\/wp-content\\\/uploads\\\/2025\\\/05\\\/ABC-Al-Rojo-Logo-96x96.jpg\",\"url\":\"https:\\\/\\\/tuguia.combarranquilla.co\\\/Revista\\\/wp-content\\\/uploads\\\/2025\\\/05\\\/ABC-Al-Rojo-Logo-96x96.jpg\",\"contentUrl\":\"https:\\\/\\\/tuguia.combarranquilla.co\\\/Revista\\\/wp-content\\\/uploads\\\/2025\\\/05\\\/ABC-Al-Rojo-Logo-96x96.jpg\",\"caption\":\"Comunicaciones Combarranquilla\"},\"sameAs\":[\"https:\\\/\\\/www.combarranquilla.co\"],\"url\":\"https:\\\/\\\/tuguia.combarranquilla.co\\\/Revista\\\/author\\\/comunicaciones\\\/\"}]}<\/script>\n<!-- \/ Yoast SEO plugin. -->","yoast_head_json":{"title":"El poder de la lectura en beb\u00e9s y ni\u00f1os - Tu Gu\u00eda","robots":{"index":"index","follow":"follow","max-snippet":"max-snippet:-1","max-image-preview":"max-image-preview:large","max-video-preview":"max-video-preview:-1"},"canonical":"https:\/\/tuguia.combarranquilla.co\/Revista\/el-poder-de-la-lectura-en-bebes-y-ninos\/","og_locale":"es_ES","og_type":"article","og_title":"El poder de la lectura en beb\u00e9s y ni\u00f1os - Tu Gu\u00eda","og_description":"Un libro es un pasaporte a lugares que nunca imaginaste conocer. Si la felicidad tuviera forma, seguramente ser\u00eda la de un libro, o la de las palabras sobre las hojas que lo conforman. Porque leer es amor en acci\u00f3n. En los ni\u00f1os, la capacidad de asombro se desarrolla desde la ni\u00f1ez, y la lectura es [&hellip;]","og_url":"https:\/\/tuguia.combarranquilla.co\/Revista\/el-poder-de-la-lectura-en-bebes-y-ninos\/","og_site_name":"Tu Gu\u00eda","article_published_time":"2025-04-05T16:37:49+00:00","article_modified_time":"2025-05-08T19:29:59+00:00","og_image":[{"width":2560,"height":1707,"url":"https:\/\/tuguia.combarranquilla.co\/Revista\/wp-content\/uploads\/2025\/04\/foto-de-portada-scaled.jpg","type":"image\/jpeg"}],"author":"Comunicaciones Combarranquilla","twitter_card":"summary_large_image","twitter_misc":{"Escrito por":"Comunicaciones Combarranquilla","Tiempo de lectura":"5 minutos"},"schema":{"@context":"https:\/\/schema.org","@graph":[{"@type":"Article","@id":"https:\/\/tuguia.combarranquilla.co\/Revista\/el-poder-de-la-lectura-en-bebes-y-ninos\/#article","isPartOf":{"@id":"https:\/\/tuguia.combarranquilla.co\/Revista\/el-poder-de-la-lectura-en-bebes-y-ninos\/"},"author":{"name":"Comunicaciones Combarranquilla","@id":"https:\/\/tuguia.combarranquilla.co\/Revista\/#\/schema\/person\/c2c396a77170bd1d5f8ba73294eb0d10"},"headline":"El poder de la lectura en beb\u00e9s y ni\u00f1os","datePublished":"2025-04-05T16:37:49+00:00","dateModified":"2025-05-08T19:29:59+00:00","mainEntityOfPage":{"@id":"https:\/\/tuguia.combarranquilla.co\/Revista\/el-poder-de-la-lectura-en-bebes-y-ninos\/"},"wordCount":865,"commentCount":0,"publisher":{"@id":"https:\/\/tuguia.combarranquilla.co\/Revista\/#organization"},"image":{"@id":"https:\/\/tuguia.combarranquilla.co\/Revista\/el-poder-de-la-lectura-en-bebes-y-ninos\/#primaryimage"},"thumbnailUrl":"https:\/\/tuguia.combarranquilla.co\/Revista\/wp-content\/uploads\/2025\/04\/foto-de-portada-scaled.jpg","articleSection":["CIENCIA Y CULTURA"],"inLanguage":"es-CO","potentialAction":[{"@type":"CommentAction","name":"Comment","target":["https:\/\/tuguia.combarranquilla.co\/Revista\/el-poder-de-la-lectura-en-bebes-y-ninos\/#respond"]}]},{"@type":"WebPage","@id":"https:\/\/tuguia.combarranquilla.co\/Revista\/el-poder-de-la-lectura-en-bebes-y-ninos\/","url":"https:\/\/tuguia.combarranquilla.co\/Revista\/el-poder-de-la-lectura-en-bebes-y-ninos\/","name":"El poder de la lectura en beb\u00e9s y ni\u00f1os - Tu Gu\u00eda","isPartOf":{"@id":"https:\/\/tuguia.combarranquilla.co\/Revista\/#website"},"primaryImageOfPage":{"@id":"https:\/\/tuguia.combarranquilla.co\/Revista\/el-poder-de-la-lectura-en-bebes-y-ninos\/#primaryimage"},"image":{"@id":"https:\/\/tuguia.combarranquilla.co\/Revista\/el-poder-de-la-lectura-en-bebes-y-ninos\/#primaryimage"},"thumbnailUrl":"https:\/\/tuguia.combarranquilla.co\/Revista\/wp-content\/uploads\/2025\/04\/foto-de-portada-scaled.jpg","datePublished":"2025-04-05T16:37:49+00:00","dateModified":"2025-05-08T19:29:59+00:00","breadcrumb":{"@id":"https:\/\/tuguia.combarranquilla.co\/Revista\/el-poder-de-la-lectura-en-bebes-y-ninos\/#breadcrumb"},"inLanguage":"es-CO","potentialAction":[{"@type":"ReadAction","target":["https:\/\/tuguia.combarranquilla.co\/Revista\/el-poder-de-la-lectura-en-bebes-y-ninos\/"]}]},{"@type":"ImageObject","inLanguage":"es-CO","@id":"https:\/\/tuguia.combarranquilla.co\/Revista\/el-poder-de-la-lectura-en-bebes-y-ninos\/#primaryimage","url":"https:\/\/tuguia.combarranquilla.co\/Revista\/wp-content\/uploads\/2025\/04\/foto-de-portada-scaled.jpg","contentUrl":"https:\/\/tuguia.combarranquilla.co\/Revista\/wp-content\/uploads\/2025\/04\/foto-de-portada-scaled.jpg","width":2560,"height":1707},{"@type":"BreadcrumbList","@id":"https:\/\/tuguia.combarranquilla.co\/Revista\/el-poder-de-la-lectura-en-bebes-y-ninos\/#breadcrumb","itemListElement":[{"@type":"ListItem","position":1,"name":"Inicio","item":"https:\/\/tuguia.combarranquilla.co\/Revista\/"},{"@type":"ListItem","position":2,"name":"El poder de la lectura en beb\u00e9s y ni\u00f1os"}]},{"@type":"WebSite","@id":"https:\/\/tuguia.combarranquilla.co\/Revista\/#website","url":"https:\/\/tuguia.combarranquilla.co\/Revista\/","name":"Tu Gu\u00eda","description":"La revista donde lo tienes todo.","publisher":{"@id":"https:\/\/tuguia.combarranquilla.co\/Revista\/#organization"},"alternateName":"Tu Gu\u00eda Combarranquilla","potentialAction":[{"@type":"SearchAction","target":{"@type":"EntryPoint","urlTemplate":"https:\/\/tuguia.combarranquilla.co\/Revista\/?s={search_term_string}"},"query-input":{"@type":"PropertyValueSpecification","valueRequired":true,"valueName":"search_term_string"}}],"inLanguage":"es-CO"},{"@type":"Organization","@id":"https:\/\/tuguia.combarranquilla.co\/Revista\/#organization","name":"Tu Gu\u00eda Combarranquilla","url":"https:\/\/tuguia.combarranquilla.co\/Revista\/","logo":{"@type":"ImageObject","inLanguage":"es-CO","@id":"https:\/\/tuguia.combarranquilla.co\/Revista\/#\/schema\/logo\/image\/","url":"https:\/\/tuguia.combarranquilla.co\/Revista\/wp-content\/uploads\/2022\/02\/logo-guia-combarranquilla.svg","contentUrl":"https:\/\/tuguia.combarranquilla.co\/Revista\/wp-content\/uploads\/2022\/02\/logo-guia-combarranquilla.svg","caption":"Tu Gu\u00eda Combarranquilla"},"image":{"@id":"https:\/\/tuguia.combarranquilla.co\/Revista\/#\/schema\/logo\/image\/"}},{"@type":"Person","@id":"https:\/\/tuguia.combarranquilla.co\/Revista\/#\/schema\/person\/c2c396a77170bd1d5f8ba73294eb0d10","name":"Comunicaciones Combarranquilla","image":{"@type":"ImageObject","inLanguage":"es-CO","@id":"https:\/\/tuguia.combarranquilla.co\/Revista\/wp-content\/uploads\/2025\/05\/ABC-Al-Rojo-Logo-96x96.jpg","url":"https:\/\/tuguia.combarranquilla.co\/Revista\/wp-content\/uploads\/2025\/05\/ABC-Al-Rojo-Logo-96x96.jpg","contentUrl":"https:\/\/tuguia.combarranquilla.co\/Revista\/wp-content\/uploads\/2025\/05\/ABC-Al-Rojo-Logo-96x96.jpg","caption":"Comunicaciones Combarranquilla"},"sameAs":["https:\/\/www.combarranquilla.co"],"url":"https:\/\/tuguia.combarranquilla.co\/Revista\/author\/comunicaciones\/"}]}},"_links":{"self":[{"href":"https:\/\/tuguia.combarranquilla.co\/Revista\/wp-json\/wp\/v2\/posts\/5915","targetHints":{"allow":["GET"]}}],"collection":[{"href":"https:\/\/tuguia.combarranquilla.co\/Revista\/wp-json\/wp\/v2\/posts"}],"about":[{"href":"https:\/\/tuguia.combarranquilla.co\/Revista\/wp-json\/wp\/v2\/types\/post"}],"author":[{"embeddable":true,"href":"https:\/\/tuguia.combarranquilla.co\/Revista\/wp-json\/wp\/v2\/users\/2"}],"replies":[{"embeddable":true,"href":"https:\/\/tuguia.combarranquilla.co\/Revista\/wp-json\/wp\/v2\/comments?post=5915"}],"version-history":[{"count":11,"href":"https:\/\/tuguia.combarranquilla.co\/Revista\/wp-json\/wp\/v2\/posts\/5915\/revisions"}],"predecessor-version":[{"id":6218,"href":"https:\/\/tuguia.combarranquilla.co\/Revista\/wp-json\/wp\/v2\/posts\/5915\/revisions\/6218"}],"wp:featuredmedia":[{"embeddable":true,"href":"https:\/\/tuguia.combarranquilla.co\/Revista\/wp-json\/wp\/v2\/media\/5924"}],"wp:attachment":[{"href":"https:\/\/tuguia.combarranquilla.co\/Revista\/wp-json\/wp\/v2\/media?parent=5915"}],"wp:term":[{"taxonomy":"category","embeddable":true,"href":"https:\/\/tuguia.combarranquilla.co\/Revista\/wp-json\/wp\/v2\/categories?post=5915"},{"taxonomy":"post_tag","embeddable":true,"href":"https:\/\/tuguia.combarranquilla.co\/Revista\/wp-json\/wp\/v2\/tags?post=5915"}],"curies":[{"name":"wp","href":"https:\/\/api.w.org\/{rel}","templated":true}]}}