{"id":5925,"date":"2025-04-01T11:51:53","date_gmt":"2025-04-01T16:51:53","guid":{"rendered":"https:\/\/tuguia.combarranquilla.co\/Revista\/?p=5925"},"modified":"2025-04-29T16:40:13","modified_gmt":"2025-04-29T21:40:13","slug":"por-que-crecemos-contigo-combarranquilla-es-tu-opcion-1-en-el-desarrollo-empresarial","status":"publish","type":"post","link":"https:\/\/tuguia.combarranquilla.co\/Revista\/por-que-crecemos-contigo-combarranquilla-es-tu-opcion-1-en-el-desarrollo-empresarial\/","title":{"rendered":"\u00bfPor qu\u00e9 Crecemos Contigo es tu opci\u00f3n #1 en el desarrollo empresarial?"},"content":{"rendered":"\n<p>El Programa de Crecemos Contigo de Combarranquilla cumpli\u00f3 tres a\u00f1os al servicio de todas las MiPymes&nbsp; en el departamento del Atl\u00e1ntico. Este proyecto busca impulsar y apoyar a las MiPymes afiliadas a la Caja de Compensaci\u00f3n. Aqu\u00ed podr\u00e1s obtener asesor\u00edas personalizadas a empresas y as\u00ed lograr el crecimiento esperado. Para ello, se realiza una ruta especializada con expertos que ayudar\u00e1n a fortalecer diferentes puntos de tu negocio. Desde la F\u00e1brica de Fomento Empresarial te brindaremos herramientas claves para que los momentos de adversidad se conviertan en oportunidades de crecimiento.<\/p>\n\n\n\n<h2 class=\"wp-block-heading has-medium-font-size\"><strong>\u00bfEn qu\u00e9 consiste la ruta de asistencia t\u00e9cnica de Crecemos Contigo?<\/strong><strong><\/strong><\/h2>\n\n\n\n<p>Lo primero que se hace es analizar el <strong>modelo de negocio de la empresa<\/strong>, posteriormente a este se dan las primeras conversaciones para mejorar la <strong>gesti\u00f3n financiera contable. <\/strong>Pasadas estas dos primeras asesor\u00edas, se llega al punto del desarrollo de una <strong>estrategia de marketing<\/strong> ideal para tu negocio. Terminadas las primeras tres estaciones, se llega al punto de la <strong>gesti\u00f3n comercial<\/strong> y despu\u00e9s se llega a la asesor\u00eda sobre <strong>compra, negociaci\u00f3n y log\u00edstica con proveedores. <\/strong>La ruta del programa culmina con asesor\u00edas en <strong>administraci\u00f3n e innovaci\u00f3n.<\/strong><strong><\/strong><\/p>\n\n\n\n<p>Cada m\u00f3dulo de asesor\u00eda tiene una duraci\u00f3n de m\u00e1ximo <strong>dos semanas<\/strong> y cada semana, el tiempo de cada espacio es de <strong>dos horas.<\/strong><strong><\/strong><\/p>\n\n\n\n<h2 class=\"wp-block-heading has-medium-font-size\"><strong>Alianzas<\/strong><strong><\/strong><\/h2>\n\n\n\n<p>En la actualidad, el Programa Crecemos Contigo tiene varias alianzas claves. <strong>Icontec<\/strong> es el aliado m\u00e1s reciente del programa. El Instituto Colombiano de Normas T\u00e9cnicas y Certificaci\u00f3n se encarga de realizar consultor\u00edas var\u00edas para las empresas afiliadas a la Caja de Compensaci\u00f3n, con el fin de certificar su calidad. Adem\u00e1s, tambi\u00e9n se encuentra <strong>PUM<\/strong>. Esta ONG se encarga de brindar consultor\u00edas y asesor\u00edas a empresas con expertos holandeses de acuerdo a las necesidades de las mismas.<\/p>\n\n\n\n<p>\u201cDesde Fomento empresarial queremos que nuestras MiPymes afiliadas encuentren en nosotros el apoyo que en muchas ocasiones no es f\u00e1cil conseguir. Somos un programa asequible, con un equipo de especialistas, que identifica los frentes que la empresa debe reforzar para alcanzar sus prop\u00f3sitos y llegar a ser empresas estables en el tiempo. De esta manera, podremos aumentar sus ventas y generar empleo\u201d, asever\u00f3 Sandra Salgado, l\u00edder de Fomento y desarrollo empresarial.<\/p>\n\n\n\n<h2 class=\"wp-block-heading has-medium-font-size\"><strong>\u00bfQui\u00e9nes hacen parte del equipo del Programa Crecemos Contigo?<\/strong><\/h2>\n\n\n\n<p><strong>Javier Hern\u00e1ndez<\/strong> es el asesor de procesos financieros. \u00c9l se encargar\u00e1 de revisar el estado financiero y los indicadores de la empresa. Te ayudar\u00e1 a determinar las metas para lograr un punto de equilibrio y an\u00e1lisis de costo.<\/p>\n\n\n\n<p><strong>Jos\u00e9 Ort\u00edz <\/strong>es el asesor de procesos de ventas y marketing. \u00c9l te ayudar\u00e1 a identificar canales m\u00e1s \u00f3ptimos para comunicar la propuesta de valor. Establecer\u00e1 junto a ti indicadores claves y su seguimiento. Finalmente, trabajar\u00e1 junto a ti para identificar el modelo de gesti\u00f3n comercial.<\/p>\n\n\n\n<p><strong>Pablo Quintero <\/strong>ser\u00e1 el asesor de procesos administrativos. Pablo ser\u00e1 el encargado de ayudarte a identificar el estado de los procesos internos de la empresa. Junto a \u00e9l tambi\u00e9n podr\u00e1s analizar la relaci\u00f3n con los proveedores e implementar\u00e1s la innovaci\u00f3n en los procesos, productos y servicios.<\/p>\n\n\n<div class=\"wp-block-image\">\n<figure class=\"aligncenter size-large is-resized\"><img decoding=\"async\" width=\"1024\" height=\"682\" data-src=\"https:\/\/tuguia.combarranquilla.co\/Revista\/wp-content\/uploads\/2025\/04\/WhatsApp-Image-2025-04-25-at-1.45.44-PM-1024x682.jpeg\" alt=\"\" class=\"wp-image-5934 lazyload\" style=\"--smush-placeholder-width: 1024px; --smush-placeholder-aspect-ratio: 1024\/682;width:568px;height:auto\" data-srcset=\"https:\/\/tuguia.combarranquilla.co\/Revista\/wp-content\/uploads\/2025\/04\/WhatsApp-Image-2025-04-25-at-1.45.44-PM-1024x682.jpeg 1024w, https:\/\/tuguia.combarranquilla.co\/Revista\/wp-content\/uploads\/2025\/04\/WhatsApp-Image-2025-04-25-at-1.45.44-PM-300x200.jpeg 300w, https:\/\/tuguia.combarranquilla.co\/Revista\/wp-content\/uploads\/2025\/04\/WhatsApp-Image-2025-04-25-at-1.45.44-PM-768x512.jpeg 768w, https:\/\/tuguia.combarranquilla.co\/Revista\/wp-content\/uploads\/2025\/04\/WhatsApp-Image-2025-04-25-at-1.45.44-PM-1536x1023.jpeg 1536w, https:\/\/tuguia.combarranquilla.co\/Revista\/wp-content\/uploads\/2025\/04\/WhatsApp-Image-2025-04-25-at-1.45.44-PM.jpeg 1600w\" data-sizes=\"(max-width: 1024px) 100vw, 1024px\" src=\"data:image\/svg+xml;base64,PHN2ZyB3aWR0aD0iMSIgaGVpZ2h0PSIxIiB4bWxucz0iaHR0cDovL3d3dy53My5vcmcvMjAwMC9zdmciPjwvc3ZnPg==\" \/><\/figure><\/div>\n\n\n<p class=\"has-medium-font-size\"><strong>Beneficios adicionales<\/strong><strong><\/strong><\/p>\n\n\n\n<ul class=\"wp-block-list\">\n<li>Podr\u00e1s disfrutar de espacios de Co-creaci\u00f3n.<\/li>\n\n\n\n<li>Ruedas de Negocios Nacionales<\/li>\n\n\n\n<li>Conferencias<\/li>\n\n\n\n<li>Masterclass<\/li>\n\n\n\n<li>Acceso a entidades p\u00fablicas y privadas.<\/li>\n<\/ul>\n\n\n<div class=\"wp-block-image\">\n<figure class=\"aligncenter size-large is-resized\"><img decoding=\"async\" width=\"1024\" height=\"682\" data-src=\"https:\/\/tuguia.combarranquilla.co\/Revista\/wp-content\/uploads\/2025\/04\/WhatsApp_Image_2025-04-22_at_2.05.38_PM_21-1024x682.jpeg\" alt=\"\" class=\"wp-image-5929 lazyload\" style=\"--smush-placeholder-width: 1024px; --smush-placeholder-aspect-ratio: 1024\/682;width:629px;height:auto\" data-srcset=\"https:\/\/tuguia.combarranquilla.co\/Revista\/wp-content\/uploads\/2025\/04\/WhatsApp_Image_2025-04-22_at_2.05.38_PM_21-1024x682.jpeg 1024w, https:\/\/tuguia.combarranquilla.co\/Revista\/wp-content\/uploads\/2025\/04\/WhatsApp_Image_2025-04-22_at_2.05.38_PM_21-300x200.jpeg 300w, https:\/\/tuguia.combarranquilla.co\/Revista\/wp-content\/uploads\/2025\/04\/WhatsApp_Image_2025-04-22_at_2.05.38_PM_21-768x512.jpeg 768w, https:\/\/tuguia.combarranquilla.co\/Revista\/wp-content\/uploads\/2025\/04\/WhatsApp_Image_2025-04-22_at_2.05.38_PM_21-1536x1023.jpeg 1536w, https:\/\/tuguia.combarranquilla.co\/Revista\/wp-content\/uploads\/2025\/04\/WhatsApp_Image_2025-04-22_at_2.05.38_PM_21.jpeg 1600w\" data-sizes=\"(max-width: 1024px) 100vw, 1024px\" src=\"data:image\/svg+xml;base64,PHN2ZyB3aWR0aD0iMSIgaGVpZ2h0PSIxIiB4bWxucz0iaHR0cDovL3d3dy53My5vcmcvMjAwMC9zdmciPjwvc3ZnPg==\" \/><\/figure><\/div>","protected":false},"excerpt":{"rendered":"<p>El Programa de Crecemos Contigo de Combarranquilla cumpli\u00f3 tres a\u00f1os al servicio de todas las MiPymes&nbsp; en el departamento del Atl\u00e1ntico. Este proyecto busca impulsar y apoyar a las MiPymes afiliadas a la Caja de Compensaci\u00f3n. Aqu\u00ed podr\u00e1s obtener asesor\u00edas personalizadas a empresas y as\u00ed lograr el crecimiento esperado. Para ello, se realiza una ruta [&hellip;]<\/p>\n","protected":false},"author":2,"featured_media":5927,"comment_status":"open","ping_status":"open","sticky":false,"template":"","format":"standard","meta":{"inline_featured_image":false,"footnotes":""},"categories":[6],"tags":[],"class_list":["post-5925","post","type-post","status-publish","format-standard","has-post-thumbnail","hentry","category-empleabilidad"],"yoast_head":"<!-- This site is optimized with the Yoast SEO plugin v27.4 - https:\/\/yoast.com\/product\/yoast-seo-wordpress\/ -->\n<title>\u00bfPor qu\u00e9 Crecemos Contigo es tu opci\u00f3n #1 en el desarrollo empresarial? - Tu Gu\u00eda<\/title>\n<meta name=\"robots\" content=\"index, follow, max-snippet:-1, max-image-preview:large, max-video-preview:-1\" \/>\n<link rel=\"canonical\" href=\"https:\/\/tuguia.combarranquilla.co\/Revista\/por-que-crecemos-contigo-combarranquilla-es-tu-opcion-1-en-el-desarrollo-empresarial\/\" \/>\n<meta property=\"og:locale\" content=\"es_ES\" \/>\n<meta property=\"og:type\" content=\"article\" \/>\n<meta property=\"og:title\" content=\"\u00bfPor qu\u00e9 Crecemos Contigo es tu opci\u00f3n #1 en el desarrollo empresarial? - Tu Gu\u00eda\" \/>\n<meta property=\"og:description\" content=\"El Programa de Crecemos Contigo de Combarranquilla cumpli\u00f3 tres a\u00f1os al servicio de todas las MiPymes&nbsp; en el departamento del Atl\u00e1ntico. Este proyecto busca impulsar y apoyar a las MiPymes afiliadas a la Caja de Compensaci\u00f3n. Aqu\u00ed podr\u00e1s obtener asesor\u00edas personalizadas a empresas y as\u00ed lograr el crecimiento esperado. Para ello, se realiza una ruta [&hellip;]\" \/>\n<meta property=\"og:url\" content=\"https:\/\/tuguia.combarranquilla.co\/Revista\/por-que-crecemos-contigo-combarranquilla-es-tu-opcion-1-en-el-desarrollo-empresarial\/\" \/>\n<meta property=\"og:site_name\" content=\"Tu Gu\u00eda\" \/>\n<meta property=\"article:published_time\" content=\"2025-04-01T16:51:53+00:00\" \/>\n<meta property=\"article:modified_time\" content=\"2025-04-29T21:40:13+00:00\" \/>\n<meta property=\"og:image\" content=\"https:\/\/tuguia.combarranquilla.co\/Revista\/wp-content\/uploads\/2025\/04\/WhatsApp_Image_2025-04-22_at_2.05.38_PM1.jpeg\" \/>\n\t<meta property=\"og:image:width\" content=\"1600\" \/>\n\t<meta property=\"og:image:height\" content=\"1066\" \/>\n\t<meta property=\"og:image:type\" content=\"image\/jpeg\" \/>\n<meta name=\"author\" content=\"Comunicaciones Combarranquilla\" \/>\n<meta name=\"twitter:card\" content=\"summary_large_image\" \/>\n<meta name=\"twitter:label1\" content=\"Escrito por\" \/>\n\t<meta name=\"twitter:data1\" content=\"Comunicaciones Combarranquilla\" \/>\n\t<meta name=\"twitter:label2\" content=\"Tiempo de lectura\" \/>\n\t<meta name=\"twitter:data2\" content=\"3 minutos\" \/>\n<script type=\"application\/ld+json\" class=\"yoast-schema-graph\">{\"@context\":\"https:\\\/\\\/schema.org\",\"@graph\":[{\"@type\":\"Article\",\"@id\":\"https:\\\/\\\/tuguia.combarranquilla.co\\\/Revista\\\/por-que-crecemos-contigo-combarranquilla-es-tu-opcion-1-en-el-desarrollo-empresarial\\\/#article\",\"isPartOf\":{\"@id\":\"https:\\\/\\\/tuguia.combarranquilla.co\\\/Revista\\\/por-que-crecemos-contigo-combarranquilla-es-tu-opcion-1-en-el-desarrollo-empresarial\\\/\"},\"author\":{\"name\":\"Comunicaciones Combarranquilla\",\"@id\":\"https:\\\/\\\/tuguia.combarranquilla.co\\\/Revista\\\/#\\\/schema\\\/person\\\/c2c396a77170bd1d5f8ba73294eb0d10\"},\"headline\":\"\u00bfPor qu\u00e9 Crecemos Contigo es tu opci\u00f3n #1 en el desarrollo empresarial?\",\"datePublished\":\"2025-04-01T16:51:53+00:00\",\"dateModified\":\"2025-04-29T21:40:13+00:00\",\"mainEntityOfPage\":{\"@id\":\"https:\\\/\\\/tuguia.combarranquilla.co\\\/Revista\\\/por-que-crecemos-contigo-combarranquilla-es-tu-opcion-1-en-el-desarrollo-empresarial\\\/\"},\"wordCount\":578,\"commentCount\":0,\"publisher\":{\"@id\":\"https:\\\/\\\/tuguia.combarranquilla.co\\\/Revista\\\/#organization\"},\"image\":{\"@id\":\"https:\\\/\\\/tuguia.combarranquilla.co\\\/Revista\\\/por-que-crecemos-contigo-combarranquilla-es-tu-opcion-1-en-el-desarrollo-empresarial\\\/#primaryimage\"},\"thumbnailUrl\":\"https:\\\/\\\/tuguia.combarranquilla.co\\\/Revista\\\/wp-content\\\/uploads\\\/2025\\\/04\\\/WhatsApp_Image_2025-04-22_at_2.05.38_PM1.jpeg\",\"articleSection\":[\"EMPLEABILIDAD\"],\"inLanguage\":\"es-CO\",\"potentialAction\":[{\"@type\":\"CommentAction\",\"name\":\"Comment\",\"target\":[\"https:\\\/\\\/tuguia.combarranquilla.co\\\/Revista\\\/por-que-crecemos-contigo-combarranquilla-es-tu-opcion-1-en-el-desarrollo-empresarial\\\/#respond\"]}]},{\"@type\":\"WebPage\",\"@id\":\"https:\\\/\\\/tuguia.combarranquilla.co\\\/Revista\\\/por-que-crecemos-contigo-combarranquilla-es-tu-opcion-1-en-el-desarrollo-empresarial\\\/\",\"url\":\"https:\\\/\\\/tuguia.combarranquilla.co\\\/Revista\\\/por-que-crecemos-contigo-combarranquilla-es-tu-opcion-1-en-el-desarrollo-empresarial\\\/\",\"name\":\"\u00bfPor qu\u00e9 Crecemos Contigo es tu opci\u00f3n #1 en el desarrollo empresarial? - Tu Gu\u00eda\",\"isPartOf\":{\"@id\":\"https:\\\/\\\/tuguia.combarranquilla.co\\\/Revista\\\/#website\"},\"primaryImageOfPage\":{\"@id\":\"https:\\\/\\\/tuguia.combarranquilla.co\\\/Revista\\\/por-que-crecemos-contigo-combarranquilla-es-tu-opcion-1-en-el-desarrollo-empresarial\\\/#primaryimage\"},\"image\":{\"@id\":\"https:\\\/\\\/tuguia.combarranquilla.co\\\/Revista\\\/por-que-crecemos-contigo-combarranquilla-es-tu-opcion-1-en-el-desarrollo-empresarial\\\/#primaryimage\"},\"thumbnailUrl\":\"https:\\\/\\\/tuguia.combarranquilla.co\\\/Revista\\\/wp-content\\\/uploads\\\/2025\\\/04\\\/WhatsApp_Image_2025-04-22_at_2.05.38_PM1.jpeg\",\"datePublished\":\"2025-04-01T16:51:53+00:00\",\"dateModified\":\"2025-04-29T21:40:13+00:00\",\"breadcrumb\":{\"@id\":\"https:\\\/\\\/tuguia.combarranquilla.co\\\/Revista\\\/por-que-crecemos-contigo-combarranquilla-es-tu-opcion-1-en-el-desarrollo-empresarial\\\/#breadcrumb\"},\"inLanguage\":\"es-CO\",\"potentialAction\":[{\"@type\":\"ReadAction\",\"target\":[\"https:\\\/\\\/tuguia.combarranquilla.co\\\/Revista\\\/por-que-crecemos-contigo-combarranquilla-es-tu-opcion-1-en-el-desarrollo-empresarial\\\/\"]}]},{\"@type\":\"ImageObject\",\"inLanguage\":\"es-CO\",\"@id\":\"https:\\\/\\\/tuguia.combarranquilla.co\\\/Revista\\\/por-que-crecemos-contigo-combarranquilla-es-tu-opcion-1-en-el-desarrollo-empresarial\\\/#primaryimage\",\"url\":\"https:\\\/\\\/tuguia.combarranquilla.co\\\/Revista\\\/wp-content\\\/uploads\\\/2025\\\/04\\\/WhatsApp_Image_2025-04-22_at_2.05.38_PM1.jpeg\",\"contentUrl\":\"https:\\\/\\\/tuguia.combarranquilla.co\\\/Revista\\\/wp-content\\\/uploads\\\/2025\\\/04\\\/WhatsApp_Image_2025-04-22_at_2.05.38_PM1.jpeg\",\"width\":1600,\"height\":1066},{\"@type\":\"BreadcrumbList\",\"@id\":\"https:\\\/\\\/tuguia.combarranquilla.co\\\/Revista\\\/por-que-crecemos-contigo-combarranquilla-es-tu-opcion-1-en-el-desarrollo-empresarial\\\/#breadcrumb\",\"itemListElement\":[{\"@type\":\"ListItem\",\"position\":1,\"name\":\"Inicio\",\"item\":\"https:\\\/\\\/tuguia.combarranquilla.co\\\/Revista\\\/\"},{\"@type\":\"ListItem\",\"position\":2,\"name\":\"\u00bfPor qu\u00e9 Crecemos Contigo es tu opci\u00f3n #1 en el desarrollo empresarial?\"}]},{\"@type\":\"WebSite\",\"@id\":\"https:\\\/\\\/tuguia.combarranquilla.co\\\/Revista\\\/#website\",\"url\":\"https:\\\/\\\/tuguia.combarranquilla.co\\\/Revista\\\/\",\"name\":\"Tu Gu\u00eda\",\"description\":\"La revista donde lo tienes todo.\",\"publisher\":{\"@id\":\"https:\\\/\\\/tuguia.combarranquilla.co\\\/Revista\\\/#organization\"},\"alternateName\":\"Tu Gu\u00eda Combarranquilla\",\"potentialAction\":[{\"@type\":\"SearchAction\",\"target\":{\"@type\":\"EntryPoint\",\"urlTemplate\":\"https:\\\/\\\/tuguia.combarranquilla.co\\\/Revista\\\/?s={search_term_string}\"},\"query-input\":{\"@type\":\"PropertyValueSpecification\",\"valueRequired\":true,\"valueName\":\"search_term_string\"}}],\"inLanguage\":\"es-CO\"},{\"@type\":\"Organization\",\"@id\":\"https:\\\/\\\/tuguia.combarranquilla.co\\\/Revista\\\/#organization\",\"name\":\"Tu Gu\u00eda Combarranquilla\",\"url\":\"https:\\\/\\\/tuguia.combarranquilla.co\\\/Revista\\\/\",\"logo\":{\"@type\":\"ImageObject\",\"inLanguage\":\"es-CO\",\"@id\":\"https:\\\/\\\/tuguia.combarranquilla.co\\\/Revista\\\/#\\\/schema\\\/logo\\\/image\\\/\",\"url\":\"https:\\\/\\\/tuguia.combarranquilla.co\\\/Revista\\\/wp-content\\\/uploads\\\/2022\\\/02\\\/logo-guia-combarranquilla.svg\",\"contentUrl\":\"https:\\\/\\\/tuguia.combarranquilla.co\\\/Revista\\\/wp-content\\\/uploads\\\/2022\\\/02\\\/logo-guia-combarranquilla.svg\",\"caption\":\"Tu Gu\u00eda Combarranquilla\"},\"image\":{\"@id\":\"https:\\\/\\\/tuguia.combarranquilla.co\\\/Revista\\\/#\\\/schema\\\/logo\\\/image\\\/\"}},{\"@type\":\"Person\",\"@id\":\"https:\\\/\\\/tuguia.combarranquilla.co\\\/Revista\\\/#\\\/schema\\\/person\\\/c2c396a77170bd1d5f8ba73294eb0d10\",\"name\":\"Comunicaciones Combarranquilla\",\"image\":{\"@type\":\"ImageObject\",\"inLanguage\":\"es-CO\",\"@id\":\"https:\\\/\\\/tuguia.combarranquilla.co\\\/Revista\\\/wp-content\\\/uploads\\\/2025\\\/05\\\/ABC-Al-Rojo-Logo-96x96.jpg\",\"url\":\"https:\\\/\\\/tuguia.combarranquilla.co\\\/Revista\\\/wp-content\\\/uploads\\\/2025\\\/05\\\/ABC-Al-Rojo-Logo-96x96.jpg\",\"contentUrl\":\"https:\\\/\\\/tuguia.combarranquilla.co\\\/Revista\\\/wp-content\\\/uploads\\\/2025\\\/05\\\/ABC-Al-Rojo-Logo-96x96.jpg\",\"caption\":\"Comunicaciones Combarranquilla\"},\"sameAs\":[\"https:\\\/\\\/www.combarranquilla.co\"],\"url\":\"https:\\\/\\\/tuguia.combarranquilla.co\\\/Revista\\\/author\\\/comunicaciones\\\/\"}]}<\/script>\n<!-- \/ Yoast SEO plugin. -->","yoast_head_json":{"title":"\u00bfPor qu\u00e9 Crecemos Contigo es tu opci\u00f3n #1 en el desarrollo empresarial? - Tu Gu\u00eda","robots":{"index":"index","follow":"follow","max-snippet":"max-snippet:-1","max-image-preview":"max-image-preview:large","max-video-preview":"max-video-preview:-1"},"canonical":"https:\/\/tuguia.combarranquilla.co\/Revista\/por-que-crecemos-contigo-combarranquilla-es-tu-opcion-1-en-el-desarrollo-empresarial\/","og_locale":"es_ES","og_type":"article","og_title":"\u00bfPor qu\u00e9 Crecemos Contigo es tu opci\u00f3n #1 en el desarrollo empresarial? - Tu Gu\u00eda","og_description":"El Programa de Crecemos Contigo de Combarranquilla cumpli\u00f3 tres a\u00f1os al servicio de todas las MiPymes&nbsp; en el departamento del Atl\u00e1ntico. Este proyecto busca impulsar y apoyar a las MiPymes afiliadas a la Caja de Compensaci\u00f3n. Aqu\u00ed podr\u00e1s obtener asesor\u00edas personalizadas a empresas y as\u00ed lograr el crecimiento esperado. Para ello, se realiza una ruta [&hellip;]","og_url":"https:\/\/tuguia.combarranquilla.co\/Revista\/por-que-crecemos-contigo-combarranquilla-es-tu-opcion-1-en-el-desarrollo-empresarial\/","og_site_name":"Tu Gu\u00eda","article_published_time":"2025-04-01T16:51:53+00:00","article_modified_time":"2025-04-29T21:40:13+00:00","og_image":[{"width":1600,"height":1066,"url":"https:\/\/tuguia.combarranquilla.co\/Revista\/wp-content\/uploads\/2025\/04\/WhatsApp_Image_2025-04-22_at_2.05.38_PM1.jpeg","type":"image\/jpeg"}],"author":"Comunicaciones Combarranquilla","twitter_card":"summary_large_image","twitter_misc":{"Escrito por":"Comunicaciones Combarranquilla","Tiempo de lectura":"3 minutos"},"schema":{"@context":"https:\/\/schema.org","@graph":[{"@type":"Article","@id":"https:\/\/tuguia.combarranquilla.co\/Revista\/por-que-crecemos-contigo-combarranquilla-es-tu-opcion-1-en-el-desarrollo-empresarial\/#article","isPartOf":{"@id":"https:\/\/tuguia.combarranquilla.co\/Revista\/por-que-crecemos-contigo-combarranquilla-es-tu-opcion-1-en-el-desarrollo-empresarial\/"},"author":{"name":"Comunicaciones Combarranquilla","@id":"https:\/\/tuguia.combarranquilla.co\/Revista\/#\/schema\/person\/c2c396a77170bd1d5f8ba73294eb0d10"},"headline":"\u00bfPor qu\u00e9 Crecemos Contigo es tu opci\u00f3n #1 en el desarrollo empresarial?","datePublished":"2025-04-01T16:51:53+00:00","dateModified":"2025-04-29T21:40:13+00:00","mainEntityOfPage":{"@id":"https:\/\/tuguia.combarranquilla.co\/Revista\/por-que-crecemos-contigo-combarranquilla-es-tu-opcion-1-en-el-desarrollo-empresarial\/"},"wordCount":578,"commentCount":0,"publisher":{"@id":"https:\/\/tuguia.combarranquilla.co\/Revista\/#organization"},"image":{"@id":"https:\/\/tuguia.combarranquilla.co\/Revista\/por-que-crecemos-contigo-combarranquilla-es-tu-opcion-1-en-el-desarrollo-empresarial\/#primaryimage"},"thumbnailUrl":"https:\/\/tuguia.combarranquilla.co\/Revista\/wp-content\/uploads\/2025\/04\/WhatsApp_Image_2025-04-22_at_2.05.38_PM1.jpeg","articleSection":["EMPLEABILIDAD"],"inLanguage":"es-CO","potentialAction":[{"@type":"CommentAction","name":"Comment","target":["https:\/\/tuguia.combarranquilla.co\/Revista\/por-que-crecemos-contigo-combarranquilla-es-tu-opcion-1-en-el-desarrollo-empresarial\/#respond"]}]},{"@type":"WebPage","@id":"https:\/\/tuguia.combarranquilla.co\/Revista\/por-que-crecemos-contigo-combarranquilla-es-tu-opcion-1-en-el-desarrollo-empresarial\/","url":"https:\/\/tuguia.combarranquilla.co\/Revista\/por-que-crecemos-contigo-combarranquilla-es-tu-opcion-1-en-el-desarrollo-empresarial\/","name":"\u00bfPor qu\u00e9 Crecemos Contigo es tu opci\u00f3n #1 en el desarrollo empresarial? - Tu Gu\u00eda","isPartOf":{"@id":"https:\/\/tuguia.combarranquilla.co\/Revista\/#website"},"primaryImageOfPage":{"@id":"https:\/\/tuguia.combarranquilla.co\/Revista\/por-que-crecemos-contigo-combarranquilla-es-tu-opcion-1-en-el-desarrollo-empresarial\/#primaryimage"},"image":{"@id":"https:\/\/tuguia.combarranquilla.co\/Revista\/por-que-crecemos-contigo-combarranquilla-es-tu-opcion-1-en-el-desarrollo-empresarial\/#primaryimage"},"thumbnailUrl":"https:\/\/tuguia.combarranquilla.co\/Revista\/wp-content\/uploads\/2025\/04\/WhatsApp_Image_2025-04-22_at_2.05.38_PM1.jpeg","datePublished":"2025-04-01T16:51:53+00:00","dateModified":"2025-04-29T21:40:13+00:00","breadcrumb":{"@id":"https:\/\/tuguia.combarranquilla.co\/Revista\/por-que-crecemos-contigo-combarranquilla-es-tu-opcion-1-en-el-desarrollo-empresarial\/#breadcrumb"},"inLanguage":"es-CO","potentialAction":[{"@type":"ReadAction","target":["https:\/\/tuguia.combarranquilla.co\/Revista\/por-que-crecemos-contigo-combarranquilla-es-tu-opcion-1-en-el-desarrollo-empresarial\/"]}]},{"@type":"ImageObject","inLanguage":"es-CO","@id":"https:\/\/tuguia.combarranquilla.co\/Revista\/por-que-crecemos-contigo-combarranquilla-es-tu-opcion-1-en-el-desarrollo-empresarial\/#primaryimage","url":"https:\/\/tuguia.combarranquilla.co\/Revista\/wp-content\/uploads\/2025\/04\/WhatsApp_Image_2025-04-22_at_2.05.38_PM1.jpeg","contentUrl":"https:\/\/tuguia.combarranquilla.co\/Revista\/wp-content\/uploads\/2025\/04\/WhatsApp_Image_2025-04-22_at_2.05.38_PM1.jpeg","width":1600,"height":1066},{"@type":"BreadcrumbList","@id":"https:\/\/tuguia.combarranquilla.co\/Revista\/por-que-crecemos-contigo-combarranquilla-es-tu-opcion-1-en-el-desarrollo-empresarial\/#breadcrumb","itemListElement":[{"@type":"ListItem","position":1,"name":"Inicio","item":"https:\/\/tuguia.combarranquilla.co\/Revista\/"},{"@type":"ListItem","position":2,"name":"\u00bfPor qu\u00e9 Crecemos Contigo es tu opci\u00f3n #1 en el desarrollo empresarial?"}]},{"@type":"WebSite","@id":"https:\/\/tuguia.combarranquilla.co\/Revista\/#website","url":"https:\/\/tuguia.combarranquilla.co\/Revista\/","name":"Tu Gu\u00eda","description":"La revista donde lo tienes todo.","publisher":{"@id":"https:\/\/tuguia.combarranquilla.co\/Revista\/#organization"},"alternateName":"Tu Gu\u00eda Combarranquilla","potentialAction":[{"@type":"SearchAction","target":{"@type":"EntryPoint","urlTemplate":"https:\/\/tuguia.combarranquilla.co\/Revista\/?s={search_term_string}"},"query-input":{"@type":"PropertyValueSpecification","valueRequired":true,"valueName":"search_term_string"}}],"inLanguage":"es-CO"},{"@type":"Organization","@id":"https:\/\/tuguia.combarranquilla.co\/Revista\/#organization","name":"Tu Gu\u00eda Combarranquilla","url":"https:\/\/tuguia.combarranquilla.co\/Revista\/","logo":{"@type":"ImageObject","inLanguage":"es-CO","@id":"https:\/\/tuguia.combarranquilla.co\/Revista\/#\/schema\/logo\/image\/","url":"https:\/\/tuguia.combarranquilla.co\/Revista\/wp-content\/uploads\/2022\/02\/logo-guia-combarranquilla.svg","contentUrl":"https:\/\/tuguia.combarranquilla.co\/Revista\/wp-content\/uploads\/2022\/02\/logo-guia-combarranquilla.svg","caption":"Tu Gu\u00eda Combarranquilla"},"image":{"@id":"https:\/\/tuguia.combarranquilla.co\/Revista\/#\/schema\/logo\/image\/"}},{"@type":"Person","@id":"https:\/\/tuguia.combarranquilla.co\/Revista\/#\/schema\/person\/c2c396a77170bd1d5f8ba73294eb0d10","name":"Comunicaciones Combarranquilla","image":{"@type":"ImageObject","inLanguage":"es-CO","@id":"https:\/\/tuguia.combarranquilla.co\/Revista\/wp-content\/uploads\/2025\/05\/ABC-Al-Rojo-Logo-96x96.jpg","url":"https:\/\/tuguia.combarranquilla.co\/Revista\/wp-content\/uploads\/2025\/05\/ABC-Al-Rojo-Logo-96x96.jpg","contentUrl":"https:\/\/tuguia.combarranquilla.co\/Revista\/wp-content\/uploads\/2025\/05\/ABC-Al-Rojo-Logo-96x96.jpg","caption":"Comunicaciones Combarranquilla"},"sameAs":["https:\/\/www.combarranquilla.co"],"url":"https:\/\/tuguia.combarranquilla.co\/Revista\/author\/comunicaciones\/"}]}},"_links":{"self":[{"href":"https:\/\/tuguia.combarranquilla.co\/Revista\/wp-json\/wp\/v2\/posts\/5925","targetHints":{"allow":["GET"]}}],"collection":[{"href":"https:\/\/tuguia.combarranquilla.co\/Revista\/wp-json\/wp\/v2\/posts"}],"about":[{"href":"https:\/\/tuguia.combarranquilla.co\/Revista\/wp-json\/wp\/v2\/types\/post"}],"author":[{"embeddable":true,"href":"https:\/\/tuguia.combarranquilla.co\/Revista\/wp-json\/wp\/v2\/users\/2"}],"replies":[{"embeddable":true,"href":"https:\/\/tuguia.combarranquilla.co\/Revista\/wp-json\/wp\/v2\/comments?post=5925"}],"version-history":[{"count":6,"href":"https:\/\/tuguia.combarranquilla.co\/Revista\/wp-json\/wp\/v2\/posts\/5925\/revisions"}],"predecessor-version":[{"id":6065,"href":"https:\/\/tuguia.combarranquilla.co\/Revista\/wp-json\/wp\/v2\/posts\/5925\/revisions\/6065"}],"wp:featuredmedia":[{"embeddable":true,"href":"https:\/\/tuguia.combarranquilla.co\/Revista\/wp-json\/wp\/v2\/media\/5927"}],"wp:attachment":[{"href":"https:\/\/tuguia.combarranquilla.co\/Revista\/wp-json\/wp\/v2\/media?parent=5925"}],"wp:term":[{"taxonomy":"category","embeddable":true,"href":"https:\/\/tuguia.combarranquilla.co\/Revista\/wp-json\/wp\/v2\/categories?post=5925"},{"taxonomy":"post_tag","embeddable":true,"href":"https:\/\/tuguia.combarranquilla.co\/Revista\/wp-json\/wp\/v2\/tags?post=5925"}],"curies":[{"name":"wp","href":"https:\/\/api.w.org\/{rel}","templated":true}]}}