{"id":5939,"date":"2025-04-22T13:57:38","date_gmt":"2025-04-22T18:57:38","guid":{"rendered":"https:\/\/tuguia.combarranquilla.co\/Revista\/?p=5939"},"modified":"2025-04-29T16:29:41","modified_gmt":"2025-04-29T21:29:41","slug":"combarranquilla-entrega-subsidio-de-vivienda-familias-dan-primer-paso-a-sus-suenos","status":"publish","type":"post","link":"https:\/\/tuguia.combarranquilla.co\/Revista\/combarranquilla-entrega-subsidio-de-vivienda-familias-dan-primer-paso-a-sus-suenos\/","title":{"rendered":"Combarranquilla entrega el Subsidio de Vivienda: Familias dan el primer paso hacia sus sue\u00f1os"},"content":{"rendered":"\n<p>El pasado mi\u00e9rcoles 16 de abril, 28 afiliados a la Caja de Compensaci\u00f3n Combarranquilla vivieron una ma\u00f1ana especial. En cabeza de <strong>la jefe de subsidio Silvia D\u00edaz<\/strong> y la<strong> profesional de subsidio de vivienda Zaray S\u00e1nchez,<\/strong> quienes se encargaron de entregar las cartas de asignaci\u00f3n a los asistentes, en una jornada marcada por el inicio de un sue\u00f1o de lograr vivienda propia y en donde <strong>cada uno de ellos cumpli\u00f3 con las pol\u00edticas para ganar el subsidio.<\/strong><\/p>\n\n\n\n<div class=\"wp-block-columns is-layout-flex wp-container-core-columns-is-layout-9d6595d7 wp-block-columns-is-layout-flex\">\n<div class=\"wp-block-column is-layout-flow wp-block-column-is-layout-flow\">\n<figure class=\"wp-block-image size-large\"><img decoding=\"async\" width=\"1536\" height=\"1536\" data-src=\"https:\/\/tuguia.combarranquilla.co\/Revista\/wp-content\/uploads\/2025\/04\/WhatsApp-Image-2025-04-25-at-2.05.33-PM-edited.jpeg\" alt=\"\" class=\"wp-image-5964 lazyload\" data-srcset=\"https:\/\/tuguia.combarranquilla.co\/Revista\/wp-content\/uploads\/2025\/04\/WhatsApp-Image-2025-04-25-at-2.05.33-PM-edited.jpeg 1536w, https:\/\/tuguia.combarranquilla.co\/Revista\/wp-content\/uploads\/2025\/04\/WhatsApp-Image-2025-04-25-at-2.05.33-PM-edited-300x300.jpeg 300w, https:\/\/tuguia.combarranquilla.co\/Revista\/wp-content\/uploads\/2025\/04\/WhatsApp-Image-2025-04-25-at-2.05.33-PM-edited-1024x1024.jpeg 1024w, https:\/\/tuguia.combarranquilla.co\/Revista\/wp-content\/uploads\/2025\/04\/WhatsApp-Image-2025-04-25-at-2.05.33-PM-edited-150x150.jpeg 150w, https:\/\/tuguia.combarranquilla.co\/Revista\/wp-content\/uploads\/2025\/04\/WhatsApp-Image-2025-04-25-at-2.05.33-PM-edited-768x768.jpeg 768w\" data-sizes=\"(max-width: 1536px) 100vw, 1536px\" src=\"data:image\/svg+xml;base64,PHN2ZyB3aWR0aD0iMSIgaGVpZ2h0PSIxIiB4bWxucz0iaHR0cDovL3d3dy53My5vcmcvMjAwMC9zdmciPjwvc3ZnPg==\" style=\"--smush-placeholder-width: 1536px; --smush-placeholder-aspect-ratio: 1536\/1536;\" \/><\/figure>\n<\/div>\n\n\n\n<div class=\"wp-block-column is-layout-flow wp-block-column-is-layout-flow\">\n<figure class=\"wp-block-image size-large\"><img decoding=\"async\" width=\"982\" height=\"982\" data-src=\"https:\/\/tuguia.combarranquilla.co\/Revista\/wp-content\/uploads\/2025\/04\/WhatsApp-Image-2025-04-25-at-2.05.31-PM-edited.jpeg\" alt=\"\" class=\"wp-image-5962 lazyload\" data-srcset=\"https:\/\/tuguia.combarranquilla.co\/Revista\/wp-content\/uploads\/2025\/04\/WhatsApp-Image-2025-04-25-at-2.05.31-PM-edited.jpeg 982w, https:\/\/tuguia.combarranquilla.co\/Revista\/wp-content\/uploads\/2025\/04\/WhatsApp-Image-2025-04-25-at-2.05.31-PM-edited-300x300.jpeg 300w, https:\/\/tuguia.combarranquilla.co\/Revista\/wp-content\/uploads\/2025\/04\/WhatsApp-Image-2025-04-25-at-2.05.31-PM-edited-150x150.jpeg 150w, https:\/\/tuguia.combarranquilla.co\/Revista\/wp-content\/uploads\/2025\/04\/WhatsApp-Image-2025-04-25-at-2.05.31-PM-edited-768x768.jpeg 768w\" data-sizes=\"(max-width: 982px) 100vw, 982px\" src=\"data:image\/svg+xml;base64,PHN2ZyB3aWR0aD0iMSIgaGVpZ2h0PSIxIiB4bWxucz0iaHR0cDovL3d3dy53My5vcmcvMjAwMC9zdmciPjwvc3ZnPg==\" style=\"--smush-placeholder-width: 982px; --smush-placeholder-aspect-ratio: 982\/982;\" \/><\/figure>\n<\/div>\n<\/div>\n\n\n\n<p>Contar con una vivienda propia es el sue\u00f1o de muchas familias en el departamento del Atl\u00e1ntico. Combarranquilla, a trav\u00e9s de este subsidio de vivienda, ofrece un apoyo econ\u00f3mico a familias que aspiran a cumplir este gran anhelo. Dicho apoyo se entrega solo en una ocasi\u00f3n a un trabajador. Este subsidio se dirige a los hogares que carecen de recursos suficientes para obtener vivienda y cuyos ingresos totales de cada mes no sean superiores a cuatro salarios m\u00ednimos legales mensuales vigentes.<\/p>\n\n\n\n<h2 class=\"wp-block-heading has-medium-font-size\"><strong>\u00bfQu\u00e9 papel juega Combarranquilla dentro del subsidio?<\/strong><strong><\/strong><\/h2>\n\n\n\n<p>La <strong>Caja de Compensaci\u00f3n Combarranquilla<\/strong> asigna un subsidio a sus afiliados a trav\u00e9s del programa FOVIS. Este es un proceso que facilita la adquisici\u00f3n de una nueva vivienda. Dicho subsidio no se puede restituir, es decir, no es un pr\u00e9stamo que el beneficiario tenga que devolver. Si la persona no est\u00e1 afiliada a Combarranquilla, el Fondo Nacional de Vivienda es el otorgante del subsidio de vivienda.<\/p>\n\n\n<div class=\"wp-block-image\">\n<figure class=\"aligncenter size-large is-resized\"><img decoding=\"async\" width=\"1024\" height=\"511\" data-src=\"https:\/\/tuguia.combarranquilla.co\/Revista\/wp-content\/uploads\/2025\/04\/image-1024x511.png\" alt=\"\" class=\"wp-image-5999 lazyload\" style=\"--smush-placeholder-width: 1024px; --smush-placeholder-aspect-ratio: 1024\/511;width:784px;height:auto\" data-srcset=\"https:\/\/tuguia.combarranquilla.co\/Revista\/wp-content\/uploads\/2025\/04\/image-1024x511.png 1024w, https:\/\/tuguia.combarranquilla.co\/Revista\/wp-content\/uploads\/2025\/04\/image-300x150.png 300w, https:\/\/tuguia.combarranquilla.co\/Revista\/wp-content\/uploads\/2025\/04\/image-768x383.png 768w, https:\/\/tuguia.combarranquilla.co\/Revista\/wp-content\/uploads\/2025\/04\/image.png 1404w\" data-sizes=\"(max-width: 1024px) 100vw, 1024px\" src=\"data:image\/svg+xml;base64,PHN2ZyB3aWR0aD0iMSIgaGVpZ2h0PSIxIiB4bWxucz0iaHR0cDovL3d3dy53My5vcmcvMjAwMC9zdmciPjwvc3ZnPg==\" \/><\/figure><\/div>\n\n\n<p>Esta es una oportunidad que otorga Combarranquilla, no solo para el apoyo econ\u00f3mico, sino para que las familias del departamento del Atl\u00e1ntico transformen sus vidas y tengan un lugar seguro para vivir. Actualmente, la postulaci\u00f3n al subsidio para el II trimestre 2025 se encuentra abierta, por lo cual la Caja convoca a todos los afiliados interesados en el subsidio familiar de vivienda <strong>a presentar los formularios debidamente diligenciados hasta el 30 de abril.<\/strong><\/p>\n\n\n\n<p>Dicha postulaci\u00f3n tambi\u00e9n se puede tramitar a trav\u00e9s de la p\u00e1gina web <a href=\"https:\/\/enlinea.combarranquilla.co\/cbq\/\">https:\/\/enlinea.combarranquilla.co\/cbq\/<\/a> o de manera presencial en las <strong>unidades Calle 30, Boston, Country, Paseo de Bol\u00edvar, BC Empresarial y Sabanalarga.<\/strong> Los afiliados que hayan participado en anteriores ocasiones deber\u00e1n manifestar por escrito su inter\u00e9s de postularse nuevamente e incluir la documentaci\u00f3n actualizada de ahorro previo, capacidad de endeudamiento, certificaci\u00f3n laboral y valor de la vivienda a la que aspiran.<\/p>\n","protected":false},"excerpt":{"rendered":"<p>El pasado mi\u00e9rcoles 16 de abril, 28 afiliados a la Caja de Compensaci\u00f3n Combarranquilla vivieron una ma\u00f1ana especial. En cabeza de la jefe de subsidio Silvia D\u00edaz y la profesional de subsidio de vivienda Zaray S\u00e1nchez, quienes se encargaron de entregar las cartas de asignaci\u00f3n a los asistentes, en una jornada marcada por el inicio [&hellip;]<\/p>\n","protected":false},"author":2,"featured_media":5967,"comment_status":"open","ping_status":"open","sticky":false,"template":"","format":"standard","meta":{"inline_featured_image":false,"footnotes":""},"categories":[2],"tags":[],"class_list":["post-5939","post","type-post","status-publish","format-standard","has-post-thumbnail","hentry","category-subsidios"],"yoast_head":"<!-- This site is optimized with the Yoast SEO plugin v27.4 - https:\/\/yoast.com\/product\/yoast-seo-wordpress\/ -->\n<title>Combarranquilla entrega el Subsidio de Vivienda: Familias dan el primer paso hacia sus sue\u00f1os - Tu Gu\u00eda<\/title>\n<meta name=\"robots\" content=\"index, follow, max-snippet:-1, max-image-preview:large, max-video-preview:-1\" \/>\n<link rel=\"canonical\" href=\"https:\/\/tuguia.combarranquilla.co\/Revista\/combarranquilla-entrega-subsidio-de-vivienda-familias-dan-primer-paso-a-sus-suenos\/\" \/>\n<meta property=\"og:locale\" content=\"es_ES\" \/>\n<meta property=\"og:type\" content=\"article\" \/>\n<meta property=\"og:title\" content=\"Combarranquilla entrega el Subsidio de Vivienda: Familias dan el primer paso hacia sus sue\u00f1os - Tu Gu\u00eda\" \/>\n<meta property=\"og:description\" content=\"El pasado mi\u00e9rcoles 16 de abril, 28 afiliados a la Caja de Compensaci\u00f3n Combarranquilla vivieron una ma\u00f1ana especial. En cabeza de la jefe de subsidio Silvia D\u00edaz y la profesional de subsidio de vivienda Zaray S\u00e1nchez, quienes se encargaron de entregar las cartas de asignaci\u00f3n a los asistentes, en una jornada marcada por el inicio [&hellip;]\" \/>\n<meta property=\"og:url\" content=\"https:\/\/tuguia.combarranquilla.co\/Revista\/combarranquilla-entrega-subsidio-de-vivienda-familias-dan-primer-paso-a-sus-suenos\/\" \/>\n<meta property=\"og:site_name\" content=\"Tu Gu\u00eda\" \/>\n<meta property=\"article:published_time\" content=\"2025-04-22T18:57:38+00:00\" \/>\n<meta property=\"article:modified_time\" content=\"2025-04-29T21:29:41+00:00\" \/>\n<meta property=\"og:image\" content=\"https:\/\/tuguia.combarranquilla.co\/Revista\/wp-content\/uploads\/2025\/04\/WhatsApp-Image-2025-04-25-at-2.05.32-PM-1.jpeg\" \/>\n\t<meta property=\"og:image:width\" content=\"1555\" \/>\n\t<meta property=\"og:image:height\" content=\"1005\" \/>\n\t<meta property=\"og:image:type\" content=\"image\/jpeg\" \/>\n<meta name=\"author\" content=\"Comunicaciones Combarranquilla\" \/>\n<meta name=\"twitter:card\" content=\"summary_large_image\" \/>\n<meta name=\"twitter:label1\" content=\"Escrito por\" \/>\n\t<meta name=\"twitter:data1\" content=\"Comunicaciones Combarranquilla\" \/>\n\t<meta name=\"twitter:label2\" content=\"Tiempo de lectura\" \/>\n\t<meta name=\"twitter:data2\" content=\"3 minutos\" \/>\n<script type=\"application\/ld+json\" class=\"yoast-schema-graph\">{\"@context\":\"https:\\\/\\\/schema.org\",\"@graph\":[{\"@type\":\"Article\",\"@id\":\"https:\\\/\\\/tuguia.combarranquilla.co\\\/Revista\\\/combarranquilla-entrega-subsidio-de-vivienda-familias-dan-primer-paso-a-sus-suenos\\\/#article\",\"isPartOf\":{\"@id\":\"https:\\\/\\\/tuguia.combarranquilla.co\\\/Revista\\\/combarranquilla-entrega-subsidio-de-vivienda-familias-dan-primer-paso-a-sus-suenos\\\/\"},\"author\":{\"name\":\"Comunicaciones Combarranquilla\",\"@id\":\"https:\\\/\\\/tuguia.combarranquilla.co\\\/Revista\\\/#\\\/schema\\\/person\\\/c2c396a77170bd1d5f8ba73294eb0d10\"},\"headline\":\"Combarranquilla entrega el Subsidio de Vivienda: Familias dan el primer paso hacia sus sue\u00f1os\",\"datePublished\":\"2025-04-22T18:57:38+00:00\",\"dateModified\":\"2025-04-29T21:29:41+00:00\",\"mainEntityOfPage\":{\"@id\":\"https:\\\/\\\/tuguia.combarranquilla.co\\\/Revista\\\/combarranquilla-entrega-subsidio-de-vivienda-familias-dan-primer-paso-a-sus-suenos\\\/\"},\"wordCount\":417,\"commentCount\":0,\"publisher\":{\"@id\":\"https:\\\/\\\/tuguia.combarranquilla.co\\\/Revista\\\/#organization\"},\"image\":{\"@id\":\"https:\\\/\\\/tuguia.combarranquilla.co\\\/Revista\\\/combarranquilla-entrega-subsidio-de-vivienda-familias-dan-primer-paso-a-sus-suenos\\\/#primaryimage\"},\"thumbnailUrl\":\"https:\\\/\\\/tuguia.combarranquilla.co\\\/Revista\\\/wp-content\\\/uploads\\\/2025\\\/04\\\/WhatsApp-Image-2025-04-25-at-2.05.32-PM-1.jpeg\",\"articleSection\":[\"SUBSIDIOS\"],\"inLanguage\":\"es-CO\",\"potentialAction\":[{\"@type\":\"CommentAction\",\"name\":\"Comment\",\"target\":[\"https:\\\/\\\/tuguia.combarranquilla.co\\\/Revista\\\/combarranquilla-entrega-subsidio-de-vivienda-familias-dan-primer-paso-a-sus-suenos\\\/#respond\"]}]},{\"@type\":\"WebPage\",\"@id\":\"https:\\\/\\\/tuguia.combarranquilla.co\\\/Revista\\\/combarranquilla-entrega-subsidio-de-vivienda-familias-dan-primer-paso-a-sus-suenos\\\/\",\"url\":\"https:\\\/\\\/tuguia.combarranquilla.co\\\/Revista\\\/combarranquilla-entrega-subsidio-de-vivienda-familias-dan-primer-paso-a-sus-suenos\\\/\",\"name\":\"Combarranquilla entrega el Subsidio de Vivienda: Familias dan el primer paso hacia sus sue\u00f1os - Tu Gu\u00eda\",\"isPartOf\":{\"@id\":\"https:\\\/\\\/tuguia.combarranquilla.co\\\/Revista\\\/#website\"},\"primaryImageOfPage\":{\"@id\":\"https:\\\/\\\/tuguia.combarranquilla.co\\\/Revista\\\/combarranquilla-entrega-subsidio-de-vivienda-familias-dan-primer-paso-a-sus-suenos\\\/#primaryimage\"},\"image\":{\"@id\":\"https:\\\/\\\/tuguia.combarranquilla.co\\\/Revista\\\/combarranquilla-entrega-subsidio-de-vivienda-familias-dan-primer-paso-a-sus-suenos\\\/#primaryimage\"},\"thumbnailUrl\":\"https:\\\/\\\/tuguia.combarranquilla.co\\\/Revista\\\/wp-content\\\/uploads\\\/2025\\\/04\\\/WhatsApp-Image-2025-04-25-at-2.05.32-PM-1.jpeg\",\"datePublished\":\"2025-04-22T18:57:38+00:00\",\"dateModified\":\"2025-04-29T21:29:41+00:00\",\"breadcrumb\":{\"@id\":\"https:\\\/\\\/tuguia.combarranquilla.co\\\/Revista\\\/combarranquilla-entrega-subsidio-de-vivienda-familias-dan-primer-paso-a-sus-suenos\\\/#breadcrumb\"},\"inLanguage\":\"es-CO\",\"potentialAction\":[{\"@type\":\"ReadAction\",\"target\":[\"https:\\\/\\\/tuguia.combarranquilla.co\\\/Revista\\\/combarranquilla-entrega-subsidio-de-vivienda-familias-dan-primer-paso-a-sus-suenos\\\/\"]}]},{\"@type\":\"ImageObject\",\"inLanguage\":\"es-CO\",\"@id\":\"https:\\\/\\\/tuguia.combarranquilla.co\\\/Revista\\\/combarranquilla-entrega-subsidio-de-vivienda-familias-dan-primer-paso-a-sus-suenos\\\/#primaryimage\",\"url\":\"https:\\\/\\\/tuguia.combarranquilla.co\\\/Revista\\\/wp-content\\\/uploads\\\/2025\\\/04\\\/WhatsApp-Image-2025-04-25-at-2.05.32-PM-1.jpeg\",\"contentUrl\":\"https:\\\/\\\/tuguia.combarranquilla.co\\\/Revista\\\/wp-content\\\/uploads\\\/2025\\\/04\\\/WhatsApp-Image-2025-04-25-at-2.05.32-PM-1.jpeg\",\"width\":1555,\"height\":1005},{\"@type\":\"BreadcrumbList\",\"@id\":\"https:\\\/\\\/tuguia.combarranquilla.co\\\/Revista\\\/combarranquilla-entrega-subsidio-de-vivienda-familias-dan-primer-paso-a-sus-suenos\\\/#breadcrumb\",\"itemListElement\":[{\"@type\":\"ListItem\",\"position\":1,\"name\":\"Inicio\",\"item\":\"https:\\\/\\\/tuguia.combarranquilla.co\\\/Revista\\\/\"},{\"@type\":\"ListItem\",\"position\":2,\"name\":\"Combarranquilla entrega el Subsidio de Vivienda: Familias dan el primer paso hacia sus sue\u00f1os\"}]},{\"@type\":\"WebSite\",\"@id\":\"https:\\\/\\\/tuguia.combarranquilla.co\\\/Revista\\\/#website\",\"url\":\"https:\\\/\\\/tuguia.combarranquilla.co\\\/Revista\\\/\",\"name\":\"Tu Gu\u00eda\",\"description\":\"La revista donde lo tienes todo.\",\"publisher\":{\"@id\":\"https:\\\/\\\/tuguia.combarranquilla.co\\\/Revista\\\/#organization\"},\"alternateName\":\"Tu Gu\u00eda Combarranquilla\",\"potentialAction\":[{\"@type\":\"SearchAction\",\"target\":{\"@type\":\"EntryPoint\",\"urlTemplate\":\"https:\\\/\\\/tuguia.combarranquilla.co\\\/Revista\\\/?s={search_term_string}\"},\"query-input\":{\"@type\":\"PropertyValueSpecification\",\"valueRequired\":true,\"valueName\":\"search_term_string\"}}],\"inLanguage\":\"es-CO\"},{\"@type\":\"Organization\",\"@id\":\"https:\\\/\\\/tuguia.combarranquilla.co\\\/Revista\\\/#organization\",\"name\":\"Tu Gu\u00eda Combarranquilla\",\"url\":\"https:\\\/\\\/tuguia.combarranquilla.co\\\/Revista\\\/\",\"logo\":{\"@type\":\"ImageObject\",\"inLanguage\":\"es-CO\",\"@id\":\"https:\\\/\\\/tuguia.combarranquilla.co\\\/Revista\\\/#\\\/schema\\\/logo\\\/image\\\/\",\"url\":\"https:\\\/\\\/tuguia.combarranquilla.co\\\/Revista\\\/wp-content\\\/uploads\\\/2022\\\/02\\\/logo-guia-combarranquilla.svg\",\"contentUrl\":\"https:\\\/\\\/tuguia.combarranquilla.co\\\/Revista\\\/wp-content\\\/uploads\\\/2022\\\/02\\\/logo-guia-combarranquilla.svg\",\"caption\":\"Tu Gu\u00eda Combarranquilla\"},\"image\":{\"@id\":\"https:\\\/\\\/tuguia.combarranquilla.co\\\/Revista\\\/#\\\/schema\\\/logo\\\/image\\\/\"}},{\"@type\":\"Person\",\"@id\":\"https:\\\/\\\/tuguia.combarranquilla.co\\\/Revista\\\/#\\\/schema\\\/person\\\/c2c396a77170bd1d5f8ba73294eb0d10\",\"name\":\"Comunicaciones Combarranquilla\",\"image\":{\"@type\":\"ImageObject\",\"inLanguage\":\"es-CO\",\"@id\":\"https:\\\/\\\/tuguia.combarranquilla.co\\\/Revista\\\/wp-content\\\/uploads\\\/2025\\\/05\\\/ABC-Al-Rojo-Logo-96x96.jpg\",\"url\":\"https:\\\/\\\/tuguia.combarranquilla.co\\\/Revista\\\/wp-content\\\/uploads\\\/2025\\\/05\\\/ABC-Al-Rojo-Logo-96x96.jpg\",\"contentUrl\":\"https:\\\/\\\/tuguia.combarranquilla.co\\\/Revista\\\/wp-content\\\/uploads\\\/2025\\\/05\\\/ABC-Al-Rojo-Logo-96x96.jpg\",\"caption\":\"Comunicaciones Combarranquilla\"},\"sameAs\":[\"https:\\\/\\\/www.combarranquilla.co\"],\"url\":\"https:\\\/\\\/tuguia.combarranquilla.co\\\/Revista\\\/author\\\/comunicaciones\\\/\"}]}<\/script>\n<!-- \/ Yoast SEO plugin. -->","yoast_head_json":{"title":"Combarranquilla entrega el Subsidio de Vivienda: Familias dan el primer paso hacia sus sue\u00f1os - Tu Gu\u00eda","robots":{"index":"index","follow":"follow","max-snippet":"max-snippet:-1","max-image-preview":"max-image-preview:large","max-video-preview":"max-video-preview:-1"},"canonical":"https:\/\/tuguia.combarranquilla.co\/Revista\/combarranquilla-entrega-subsidio-de-vivienda-familias-dan-primer-paso-a-sus-suenos\/","og_locale":"es_ES","og_type":"article","og_title":"Combarranquilla entrega el Subsidio de Vivienda: Familias dan el primer paso hacia sus sue\u00f1os - Tu Gu\u00eda","og_description":"El pasado mi\u00e9rcoles 16 de abril, 28 afiliados a la Caja de Compensaci\u00f3n Combarranquilla vivieron una ma\u00f1ana especial. En cabeza de la jefe de subsidio Silvia D\u00edaz y la profesional de subsidio de vivienda Zaray S\u00e1nchez, quienes se encargaron de entregar las cartas de asignaci\u00f3n a los asistentes, en una jornada marcada por el inicio [&hellip;]","og_url":"https:\/\/tuguia.combarranquilla.co\/Revista\/combarranquilla-entrega-subsidio-de-vivienda-familias-dan-primer-paso-a-sus-suenos\/","og_site_name":"Tu Gu\u00eda","article_published_time":"2025-04-22T18:57:38+00:00","article_modified_time":"2025-04-29T21:29:41+00:00","og_image":[{"width":1555,"height":1005,"url":"https:\/\/tuguia.combarranquilla.co\/Revista\/wp-content\/uploads\/2025\/04\/WhatsApp-Image-2025-04-25-at-2.05.32-PM-1.jpeg","type":"image\/jpeg"}],"author":"Comunicaciones Combarranquilla","twitter_card":"summary_large_image","twitter_misc":{"Escrito por":"Comunicaciones Combarranquilla","Tiempo de lectura":"3 minutos"},"schema":{"@context":"https:\/\/schema.org","@graph":[{"@type":"Article","@id":"https:\/\/tuguia.combarranquilla.co\/Revista\/combarranquilla-entrega-subsidio-de-vivienda-familias-dan-primer-paso-a-sus-suenos\/#article","isPartOf":{"@id":"https:\/\/tuguia.combarranquilla.co\/Revista\/combarranquilla-entrega-subsidio-de-vivienda-familias-dan-primer-paso-a-sus-suenos\/"},"author":{"name":"Comunicaciones Combarranquilla","@id":"https:\/\/tuguia.combarranquilla.co\/Revista\/#\/schema\/person\/c2c396a77170bd1d5f8ba73294eb0d10"},"headline":"Combarranquilla entrega el Subsidio de Vivienda: Familias dan el primer paso hacia sus sue\u00f1os","datePublished":"2025-04-22T18:57:38+00:00","dateModified":"2025-04-29T21:29:41+00:00","mainEntityOfPage":{"@id":"https:\/\/tuguia.combarranquilla.co\/Revista\/combarranquilla-entrega-subsidio-de-vivienda-familias-dan-primer-paso-a-sus-suenos\/"},"wordCount":417,"commentCount":0,"publisher":{"@id":"https:\/\/tuguia.combarranquilla.co\/Revista\/#organization"},"image":{"@id":"https:\/\/tuguia.combarranquilla.co\/Revista\/combarranquilla-entrega-subsidio-de-vivienda-familias-dan-primer-paso-a-sus-suenos\/#primaryimage"},"thumbnailUrl":"https:\/\/tuguia.combarranquilla.co\/Revista\/wp-content\/uploads\/2025\/04\/WhatsApp-Image-2025-04-25-at-2.05.32-PM-1.jpeg","articleSection":["SUBSIDIOS"],"inLanguage":"es-CO","potentialAction":[{"@type":"CommentAction","name":"Comment","target":["https:\/\/tuguia.combarranquilla.co\/Revista\/combarranquilla-entrega-subsidio-de-vivienda-familias-dan-primer-paso-a-sus-suenos\/#respond"]}]},{"@type":"WebPage","@id":"https:\/\/tuguia.combarranquilla.co\/Revista\/combarranquilla-entrega-subsidio-de-vivienda-familias-dan-primer-paso-a-sus-suenos\/","url":"https:\/\/tuguia.combarranquilla.co\/Revista\/combarranquilla-entrega-subsidio-de-vivienda-familias-dan-primer-paso-a-sus-suenos\/","name":"Combarranquilla entrega el Subsidio de Vivienda: Familias dan el primer paso hacia sus sue\u00f1os - Tu Gu\u00eda","isPartOf":{"@id":"https:\/\/tuguia.combarranquilla.co\/Revista\/#website"},"primaryImageOfPage":{"@id":"https:\/\/tuguia.combarranquilla.co\/Revista\/combarranquilla-entrega-subsidio-de-vivienda-familias-dan-primer-paso-a-sus-suenos\/#primaryimage"},"image":{"@id":"https:\/\/tuguia.combarranquilla.co\/Revista\/combarranquilla-entrega-subsidio-de-vivienda-familias-dan-primer-paso-a-sus-suenos\/#primaryimage"},"thumbnailUrl":"https:\/\/tuguia.combarranquilla.co\/Revista\/wp-content\/uploads\/2025\/04\/WhatsApp-Image-2025-04-25-at-2.05.32-PM-1.jpeg","datePublished":"2025-04-22T18:57:38+00:00","dateModified":"2025-04-29T21:29:41+00:00","breadcrumb":{"@id":"https:\/\/tuguia.combarranquilla.co\/Revista\/combarranquilla-entrega-subsidio-de-vivienda-familias-dan-primer-paso-a-sus-suenos\/#breadcrumb"},"inLanguage":"es-CO","potentialAction":[{"@type":"ReadAction","target":["https:\/\/tuguia.combarranquilla.co\/Revista\/combarranquilla-entrega-subsidio-de-vivienda-familias-dan-primer-paso-a-sus-suenos\/"]}]},{"@type":"ImageObject","inLanguage":"es-CO","@id":"https:\/\/tuguia.combarranquilla.co\/Revista\/combarranquilla-entrega-subsidio-de-vivienda-familias-dan-primer-paso-a-sus-suenos\/#primaryimage","url":"https:\/\/tuguia.combarranquilla.co\/Revista\/wp-content\/uploads\/2025\/04\/WhatsApp-Image-2025-04-25-at-2.05.32-PM-1.jpeg","contentUrl":"https:\/\/tuguia.combarranquilla.co\/Revista\/wp-content\/uploads\/2025\/04\/WhatsApp-Image-2025-04-25-at-2.05.32-PM-1.jpeg","width":1555,"height":1005},{"@type":"BreadcrumbList","@id":"https:\/\/tuguia.combarranquilla.co\/Revista\/combarranquilla-entrega-subsidio-de-vivienda-familias-dan-primer-paso-a-sus-suenos\/#breadcrumb","itemListElement":[{"@type":"ListItem","position":1,"name":"Inicio","item":"https:\/\/tuguia.combarranquilla.co\/Revista\/"},{"@type":"ListItem","position":2,"name":"Combarranquilla entrega el Subsidio de Vivienda: Familias dan el primer paso hacia sus sue\u00f1os"}]},{"@type":"WebSite","@id":"https:\/\/tuguia.combarranquilla.co\/Revista\/#website","url":"https:\/\/tuguia.combarranquilla.co\/Revista\/","name":"Tu Gu\u00eda","description":"La revista donde lo tienes todo.","publisher":{"@id":"https:\/\/tuguia.combarranquilla.co\/Revista\/#organization"},"alternateName":"Tu Gu\u00eda Combarranquilla","potentialAction":[{"@type":"SearchAction","target":{"@type":"EntryPoint","urlTemplate":"https:\/\/tuguia.combarranquilla.co\/Revista\/?s={search_term_string}"},"query-input":{"@type":"PropertyValueSpecification","valueRequired":true,"valueName":"search_term_string"}}],"inLanguage":"es-CO"},{"@type":"Organization","@id":"https:\/\/tuguia.combarranquilla.co\/Revista\/#organization","name":"Tu Gu\u00eda Combarranquilla","url":"https:\/\/tuguia.combarranquilla.co\/Revista\/","logo":{"@type":"ImageObject","inLanguage":"es-CO","@id":"https:\/\/tuguia.combarranquilla.co\/Revista\/#\/schema\/logo\/image\/","url":"https:\/\/tuguia.combarranquilla.co\/Revista\/wp-content\/uploads\/2022\/02\/logo-guia-combarranquilla.svg","contentUrl":"https:\/\/tuguia.combarranquilla.co\/Revista\/wp-content\/uploads\/2022\/02\/logo-guia-combarranquilla.svg","caption":"Tu Gu\u00eda Combarranquilla"},"image":{"@id":"https:\/\/tuguia.combarranquilla.co\/Revista\/#\/schema\/logo\/image\/"}},{"@type":"Person","@id":"https:\/\/tuguia.combarranquilla.co\/Revista\/#\/schema\/person\/c2c396a77170bd1d5f8ba73294eb0d10","name":"Comunicaciones Combarranquilla","image":{"@type":"ImageObject","inLanguage":"es-CO","@id":"https:\/\/tuguia.combarranquilla.co\/Revista\/wp-content\/uploads\/2025\/05\/ABC-Al-Rojo-Logo-96x96.jpg","url":"https:\/\/tuguia.combarranquilla.co\/Revista\/wp-content\/uploads\/2025\/05\/ABC-Al-Rojo-Logo-96x96.jpg","contentUrl":"https:\/\/tuguia.combarranquilla.co\/Revista\/wp-content\/uploads\/2025\/05\/ABC-Al-Rojo-Logo-96x96.jpg","caption":"Comunicaciones Combarranquilla"},"sameAs":["https:\/\/www.combarranquilla.co"],"url":"https:\/\/tuguia.combarranquilla.co\/Revista\/author\/comunicaciones\/"}]}},"_links":{"self":[{"href":"https:\/\/tuguia.combarranquilla.co\/Revista\/wp-json\/wp\/v2\/posts\/5939","targetHints":{"allow":["GET"]}}],"collection":[{"href":"https:\/\/tuguia.combarranquilla.co\/Revista\/wp-json\/wp\/v2\/posts"}],"about":[{"href":"https:\/\/tuguia.combarranquilla.co\/Revista\/wp-json\/wp\/v2\/types\/post"}],"author":[{"embeddable":true,"href":"https:\/\/tuguia.combarranquilla.co\/Revista\/wp-json\/wp\/v2\/users\/2"}],"replies":[{"embeddable":true,"href":"https:\/\/tuguia.combarranquilla.co\/Revista\/wp-json\/wp\/v2\/comments?post=5939"}],"version-history":[{"count":8,"href":"https:\/\/tuguia.combarranquilla.co\/Revista\/wp-json\/wp\/v2\/posts\/5939\/revisions"}],"predecessor-version":[{"id":6053,"href":"https:\/\/tuguia.combarranquilla.co\/Revista\/wp-json\/wp\/v2\/posts\/5939\/revisions\/6053"}],"wp:featuredmedia":[{"embeddable":true,"href":"https:\/\/tuguia.combarranquilla.co\/Revista\/wp-json\/wp\/v2\/media\/5967"}],"wp:attachment":[{"href":"https:\/\/tuguia.combarranquilla.co\/Revista\/wp-json\/wp\/v2\/media?parent=5939"}],"wp:term":[{"taxonomy":"category","embeddable":true,"href":"https:\/\/tuguia.combarranquilla.co\/Revista\/wp-json\/wp\/v2\/categories?post=5939"},{"taxonomy":"post_tag","embeddable":true,"href":"https:\/\/tuguia.combarranquilla.co\/Revista\/wp-json\/wp\/v2\/tags?post=5939"}],"curies":[{"name":"wp","href":"https:\/\/api.w.org\/{rel}","templated":true}]}}