{"id":5977,"date":"2025-04-11T16:49:03","date_gmt":"2025-04-11T21:49:03","guid":{"rendered":"https:\/\/tuguia.combarranquilla.co\/Revista\/?p=5977"},"modified":"2025-04-29T16:27:28","modified_gmt":"2025-04-29T21:27:28","slug":"formacion-complementaria-una-inversion-valiosa-en-el-camino-de-la-educacion","status":"publish","type":"post","link":"https:\/\/tuguia.combarranquilla.co\/Revista\/formacion-complementaria-una-inversion-valiosa-en-el-camino-de-la-educacion\/","title":{"rendered":"Formaci\u00f3n complementaria: Una inversi\u00f3n valiosa en el camino de la educaci\u00f3n"},"content":{"rendered":"\n<p>La educaci\u00f3n es un gran paso para crear oportunidades y prepararnos para la vida, pero hoy es necesario ir m\u00e1s all\u00e1 de estudiar una carrera o un t\u00e9cnico laboral. As\u00ed, la formaci\u00f3n complementaria ha surgido como una actividad necesaria para ampliar nuestros conocimientos de manera integral. A trav\u00e9s de cursos, talleres y capacitaciones, podemos equiparnos con herramientas para innovar, competir y destacar, lo cual es esencial en el mundo actual.<\/p>\n\n\n<div class=\"wp-block-image\">\n<figure class=\"aligncenter size-large is-resized\"><img decoding=\"async\" width=\"2560\" height=\"1439\" data-src=\"https:\/\/tuguia.combarranquilla.co\/Revista\/wp-content\/uploads\/2025\/04\/imagen-1-texto-intro-1-edited-scaled.jpg\" alt=\"\" class=\"wp-image-5985 lazyload\" style=\"--smush-placeholder-width: 2560px; --smush-placeholder-aspect-ratio: 2560\/1439;width:669px;height:auto\" data-srcset=\"https:\/\/tuguia.combarranquilla.co\/Revista\/wp-content\/uploads\/2025\/04\/imagen-1-texto-intro-1-edited-scaled.jpg 2560w, https:\/\/tuguia.combarranquilla.co\/Revista\/wp-content\/uploads\/2025\/04\/imagen-1-texto-intro-1-edited-300x169.jpg 300w, https:\/\/tuguia.combarranquilla.co\/Revista\/wp-content\/uploads\/2025\/04\/imagen-1-texto-intro-1-edited-1024x576.jpg 1024w, https:\/\/tuguia.combarranquilla.co\/Revista\/wp-content\/uploads\/2025\/04\/imagen-1-texto-intro-1-edited-768x432.jpg 768w, https:\/\/tuguia.combarranquilla.co\/Revista\/wp-content\/uploads\/2025\/04\/imagen-1-texto-intro-1-edited-1536x863.jpg 1536w, https:\/\/tuguia.combarranquilla.co\/Revista\/wp-content\/uploads\/2025\/04\/imagen-1-texto-intro-1-edited-2048x1151.jpg 2048w\" data-sizes=\"(max-width: 2560px) 100vw, 2560px\" src=\"data:image\/svg+xml;base64,PHN2ZyB3aWR0aD0iMSIgaGVpZ2h0PSIxIiB4bWxucz0iaHR0cDovL3d3dy53My5vcmcvMjAwMC9zdmciPjwvc3ZnPg==\" \/><\/figure><\/div>\n\n\n<p>La formaci\u00f3n complementaria es un tipo de aprendizaje que representa una oportunidad para demostrar nuestro crecimiento personal y profesional. Sus beneficios son varios:<\/p>\n\n\n\n<h2 class=\"wp-block-heading has-medium-font-size\"><strong>Profundiza un \u00e1rea espec\u00edfica de inter\u00e9s<\/strong><\/h2>\n\n\n\n<p>Con un seminario, taller o curso, puedes especializarte y afianzar tus saberes, sin necesidad de hacer una carrera completa. Por ejemplo, si estudiaste Administraci\u00f3n o solo te gustar\u00eda ahondar m\u00e1s en el mundo de las empresas, puedes tomar cursos en liderazgo o marketing digital. Esto te dar\u00e1 la oportunidad de tener las bases para, en un futuro, aplicar eficazmente tus conocimientos en tu \u00e1rea de inter\u00e9s.<\/p>\n\n\n\n<h2 class=\"wp-block-heading has-medium-font-size\"><strong>Mejora tu perfil profesional<\/strong><\/h2>\n\n\n\n<p>En el mercado laboral competitivo actual, destacan mucho m\u00e1s quienes no se quedan con lo que saben y van m\u00e1s all\u00e1. La inversi\u00f3n en formaci\u00f3n adicional muestra iniciativa, compromiso y ganas de aprender; cualidades que no pasan desapercibidas. Los diplomados, cursos y talleres son un plus en tu hoja de vida que los empleadores valoran mucho.<\/p>\n\n\n\n<h2 class=\"wp-block-heading has-medium-font-size\"><strong>Encuentra tu pasi\u00f3n<\/strong><\/h2>\n\n\n\n<p>Es muy com\u00fan que la formaci\u00f3n complementaria te abra los ojos a un nuevo camino. Si a\u00fan est\u00e1s definiendo tu vocaci\u00f3n o si quieres cambiar de rumbo profesional, la mejor opci\u00f3n es tomar un curso corto o aplicar a un diplomado. De esta forma, ahorrar\u00e1s tiempo y dinero, y tendr\u00e1s mayor claridad en tu futuro acad\u00e9mico.<\/p>\n\n\n\n<h2 class=\"wp-block-heading has-large-font-size\"><strong>Formaci\u00f3n complementaria en Combarranquilla<\/strong><\/h2>\n\n\n<div class=\"wp-block-image\">\n<figure class=\"aligncenter size-large is-resized\"><img decoding=\"async\" width=\"1528\" height=\"860\" data-src=\"https:\/\/tuguia.combarranquilla.co\/Revista\/wp-content\/uploads\/2025\/04\/imagen-2-texto-centro-formacion-edited.jpg\" alt=\"\" class=\"wp-image-5983 lazyload\" style=\"--smush-placeholder-width: 1528px; --smush-placeholder-aspect-ratio: 1528\/860;width:657px;height:auto\" data-srcset=\"https:\/\/tuguia.combarranquilla.co\/Revista\/wp-content\/uploads\/2025\/04\/imagen-2-texto-centro-formacion-edited.jpg 1528w, https:\/\/tuguia.combarranquilla.co\/Revista\/wp-content\/uploads\/2025\/04\/imagen-2-texto-centro-formacion-edited-300x169.jpg 300w, https:\/\/tuguia.combarranquilla.co\/Revista\/wp-content\/uploads\/2025\/04\/imagen-2-texto-centro-formacion-edited-1024x576.jpg 1024w, https:\/\/tuguia.combarranquilla.co\/Revista\/wp-content\/uploads\/2025\/04\/imagen-2-texto-centro-formacion-edited-768x432.jpg 768w\" data-sizes=\"(max-width: 1528px) 100vw, 1528px\" src=\"data:image\/svg+xml;base64,PHN2ZyB3aWR0aD0iMSIgaGVpZ2h0PSIxIiB4bWxucz0iaHR0cDovL3d3dy53My5vcmcvMjAwMC9zdmciPjwvc3ZnPg==\" \/><\/figure><\/div>\n\n\n<p>El Centro de Formaci\u00f3n de Combarranquilla es un espacio de propuestas educativas, que responden a las necesidades de empresas y trabajadores. En nuestro Centro, explora diferentes ofertas para alcanzar tus metas y orientar tu proyecto de vida. Puedes encontrar:<\/p>\n\n\n\n<ul class=\"wp-block-list\">\n<li><strong>Programas de formaci\u00f3n laboral<\/strong>, con diversas \u00e1reas de estudio.<\/li>\n\n\n\n<li><strong style=\"color: initial;\">Escuela de Formaci\u00f3n en TIC<\/strong><span style=\"color: initial;\">, para potenciar conocimientos inform\u00e1ticos.<\/span><\/li>\n\n\n\n<li><strong style=\"color: initial;\">Escuelas ocupacionales<\/strong><span style=\"color: initial;\">, con cursos de gastronom\u00eda y manualidades.<\/span><\/li>\n\n\n\n<li><strong style=\"color: initial;\">Seminarios y talleres<\/strong><span style=\"color: initial;\">, para mejorar competencias laborales.<\/span><\/li>\n\n\n\n<li><strong style=\"color: initial;\">Programas de extensi\u00f3n<\/strong><span style=\"color: initial;\">, con diplomados en Marketing, Alta Gerencia, Gerencia Financiera y Gerencia del Talento Humano.<\/span><\/li>\n\n\n\n<li><strong style=\"color: initial;\">Outdoor training<\/strong><span style=\"color: initial;\">, con actividades al aire libre para la formaci\u00f3n humana.<\/span><\/li>\n\n\n\n<li><strong>Capacitaci\u00f3n a la medida<\/strong>, para empresas que buscan capacitar a su personal.<\/li>\n<\/ul>\n\n\n\n<p>La inversi\u00f3n en educaci\u00f3n es una inversi\u00f3n para la vida. La formaci\u00f3n complementaria puede convertirse en una de las mejores aliadas para transformar nuestro contexto. En Combarranquilla, apuntamos a mejorar el acceso a educaci\u00f3n de calidad a trav\u00e9s de nuestro portafolio educativo.<\/p>\n\n\n\n<p>Sabemos que cada paso cuenta y estamos listos para ayudarte. Conoce m\u00e1s sobre nuestro Centro de Formaci\u00f3n en el siguiente enlace: <a href=\"https:\/\/www.combarranquilla.co\/educacion\/#tab-centro-de-formacion\">https:\/\/www.combarranquilla.co\/educacion\/#tab-centro-de-formacion<\/a>.<\/p>\n\n\n\n<figure class=\"wp-block-table is-style-stripes\"><table class=\"has-fixed-layout\"><tbody><tr><td><strong><em>Para m\u00e1s informes:<\/em><\/strong> <strong><em>L\u00ednea Verde &#8211;<\/em><\/strong><em> (605) 3225049, Opci\u00f3n 5<\/em><\/td><\/tr><\/tbody><\/table><\/figure>\n","protected":false},"excerpt":{"rendered":"<p>La educaci\u00f3n es un gran paso para crear oportunidades y prepararnos para la vida, pero hoy es necesario ir m\u00e1s all\u00e1 de estudiar una carrera o un t\u00e9cnico laboral. As\u00ed, la formaci\u00f3n complementaria ha surgido como una actividad necesaria para ampliar nuestros conocimientos de manera integral. A trav\u00e9s de cursos, talleres y capacitaciones, podemos equiparnos [&hellip;]<\/p>\n","protected":false},"author":2,"featured_media":5988,"comment_status":"open","ping_status":"open","sticky":false,"template":"","format":"standard","meta":{"inline_featured_image":false,"footnotes":""},"categories":[8],"tags":[],"class_list":["post-5977","post","type-post","status-publish","format-standard","has-post-thumbnail","hentry","category-formacion"],"yoast_head":"<!-- This site is optimized with the Yoast SEO plugin v27.4 - https:\/\/yoast.com\/product\/yoast-seo-wordpress\/ -->\n<title>Formaci\u00f3n complementaria: Una inversi\u00f3n valiosa en el camino de la educaci\u00f3n - Tu Gu\u00eda<\/title>\n<meta name=\"robots\" content=\"index, follow, max-snippet:-1, max-image-preview:large, max-video-preview:-1\" \/>\n<link rel=\"canonical\" href=\"https:\/\/tuguia.combarranquilla.co\/Revista\/formacion-complementaria-una-inversion-valiosa-en-el-camino-de-la-educacion\/\" \/>\n<meta property=\"og:locale\" content=\"es_ES\" \/>\n<meta property=\"og:type\" content=\"article\" \/>\n<meta property=\"og:title\" content=\"Formaci\u00f3n complementaria: Una inversi\u00f3n valiosa en el camino de la educaci\u00f3n - Tu Gu\u00eda\" \/>\n<meta property=\"og:description\" content=\"La educaci\u00f3n es un gran paso para crear oportunidades y prepararnos para la vida, pero hoy es necesario ir m\u00e1s all\u00e1 de estudiar una carrera o un t\u00e9cnico laboral. As\u00ed, la formaci\u00f3n complementaria ha surgido como una actividad necesaria para ampliar nuestros conocimientos de manera integral. A trav\u00e9s de cursos, talleres y capacitaciones, podemos equiparnos [&hellip;]\" \/>\n<meta property=\"og:url\" content=\"https:\/\/tuguia.combarranquilla.co\/Revista\/formacion-complementaria-una-inversion-valiosa-en-el-camino-de-la-educacion\/\" \/>\n<meta property=\"og:site_name\" content=\"Tu Gu\u00eda\" \/>\n<meta property=\"article:published_time\" content=\"2025-04-11T21:49:03+00:00\" \/>\n<meta property=\"article:modified_time\" content=\"2025-04-29T21:27:28+00:00\" \/>\n<meta property=\"og:image\" content=\"https:\/\/tuguia.combarranquilla.co\/Revista\/wp-content\/uploads\/2025\/04\/imagen-portada-scaled.jpg\" \/>\n\t<meta property=\"og:image:width\" content=\"2560\" \/>\n\t<meta property=\"og:image:height\" content=\"1592\" \/>\n\t<meta property=\"og:image:type\" content=\"image\/jpeg\" \/>\n<meta name=\"author\" content=\"Comunicaciones Combarranquilla\" \/>\n<meta name=\"twitter:card\" content=\"summary_large_image\" \/>\n<meta name=\"twitter:label1\" content=\"Escrito por\" \/>\n\t<meta name=\"twitter:data1\" content=\"Comunicaciones Combarranquilla\" \/>\n\t<meta name=\"twitter:label2\" content=\"Tiempo de lectura\" \/>\n\t<meta name=\"twitter:data2\" content=\"3 minutos\" \/>\n<script type=\"application\/ld+json\" class=\"yoast-schema-graph\">{\"@context\":\"https:\\\/\\\/schema.org\",\"@graph\":[{\"@type\":\"Article\",\"@id\":\"https:\\\/\\\/tuguia.combarranquilla.co\\\/Revista\\\/formacion-complementaria-una-inversion-valiosa-en-el-camino-de-la-educacion\\\/#article\",\"isPartOf\":{\"@id\":\"https:\\\/\\\/tuguia.combarranquilla.co\\\/Revista\\\/formacion-complementaria-una-inversion-valiosa-en-el-camino-de-la-educacion\\\/\"},\"author\":{\"name\":\"Comunicaciones Combarranquilla\",\"@id\":\"https:\\\/\\\/tuguia.combarranquilla.co\\\/Revista\\\/#\\\/schema\\\/person\\\/c2c396a77170bd1d5f8ba73294eb0d10\"},\"headline\":\"Formaci\u00f3n complementaria: Una inversi\u00f3n valiosa en el camino de la educaci\u00f3n\",\"datePublished\":\"2025-04-11T21:49:03+00:00\",\"dateModified\":\"2025-04-29T21:27:28+00:00\",\"mainEntityOfPage\":{\"@id\":\"https:\\\/\\\/tuguia.combarranquilla.co\\\/Revista\\\/formacion-complementaria-una-inversion-valiosa-en-el-camino-de-la-educacion\\\/\"},\"wordCount\":535,\"commentCount\":0,\"publisher\":{\"@id\":\"https:\\\/\\\/tuguia.combarranquilla.co\\\/Revista\\\/#organization\"},\"image\":{\"@id\":\"https:\\\/\\\/tuguia.combarranquilla.co\\\/Revista\\\/formacion-complementaria-una-inversion-valiosa-en-el-camino-de-la-educacion\\\/#primaryimage\"},\"thumbnailUrl\":\"https:\\\/\\\/tuguia.combarranquilla.co\\\/Revista\\\/wp-content\\\/uploads\\\/2025\\\/04\\\/imagen-portada-scaled.jpg\",\"articleSection\":[\"FORMACI\u00d3N\"],\"inLanguage\":\"es-CO\",\"potentialAction\":[{\"@type\":\"CommentAction\",\"name\":\"Comment\",\"target\":[\"https:\\\/\\\/tuguia.combarranquilla.co\\\/Revista\\\/formacion-complementaria-una-inversion-valiosa-en-el-camino-de-la-educacion\\\/#respond\"]}]},{\"@type\":\"WebPage\",\"@id\":\"https:\\\/\\\/tuguia.combarranquilla.co\\\/Revista\\\/formacion-complementaria-una-inversion-valiosa-en-el-camino-de-la-educacion\\\/\",\"url\":\"https:\\\/\\\/tuguia.combarranquilla.co\\\/Revista\\\/formacion-complementaria-una-inversion-valiosa-en-el-camino-de-la-educacion\\\/\",\"name\":\"Formaci\u00f3n complementaria: Una inversi\u00f3n valiosa en el camino de la educaci\u00f3n - Tu Gu\u00eda\",\"isPartOf\":{\"@id\":\"https:\\\/\\\/tuguia.combarranquilla.co\\\/Revista\\\/#website\"},\"primaryImageOfPage\":{\"@id\":\"https:\\\/\\\/tuguia.combarranquilla.co\\\/Revista\\\/formacion-complementaria-una-inversion-valiosa-en-el-camino-de-la-educacion\\\/#primaryimage\"},\"image\":{\"@id\":\"https:\\\/\\\/tuguia.combarranquilla.co\\\/Revista\\\/formacion-complementaria-una-inversion-valiosa-en-el-camino-de-la-educacion\\\/#primaryimage\"},\"thumbnailUrl\":\"https:\\\/\\\/tuguia.combarranquilla.co\\\/Revista\\\/wp-content\\\/uploads\\\/2025\\\/04\\\/imagen-portada-scaled.jpg\",\"datePublished\":\"2025-04-11T21:49:03+00:00\",\"dateModified\":\"2025-04-29T21:27:28+00:00\",\"breadcrumb\":{\"@id\":\"https:\\\/\\\/tuguia.combarranquilla.co\\\/Revista\\\/formacion-complementaria-una-inversion-valiosa-en-el-camino-de-la-educacion\\\/#breadcrumb\"},\"inLanguage\":\"es-CO\",\"potentialAction\":[{\"@type\":\"ReadAction\",\"target\":[\"https:\\\/\\\/tuguia.combarranquilla.co\\\/Revista\\\/formacion-complementaria-una-inversion-valiosa-en-el-camino-de-la-educacion\\\/\"]}]},{\"@type\":\"ImageObject\",\"inLanguage\":\"es-CO\",\"@id\":\"https:\\\/\\\/tuguia.combarranquilla.co\\\/Revista\\\/formacion-complementaria-una-inversion-valiosa-en-el-camino-de-la-educacion\\\/#primaryimage\",\"url\":\"https:\\\/\\\/tuguia.combarranquilla.co\\\/Revista\\\/wp-content\\\/uploads\\\/2025\\\/04\\\/imagen-portada-scaled.jpg\",\"contentUrl\":\"https:\\\/\\\/tuguia.combarranquilla.co\\\/Revista\\\/wp-content\\\/uploads\\\/2025\\\/04\\\/imagen-portada-scaled.jpg\",\"width\":2560,\"height\":1592},{\"@type\":\"BreadcrumbList\",\"@id\":\"https:\\\/\\\/tuguia.combarranquilla.co\\\/Revista\\\/formacion-complementaria-una-inversion-valiosa-en-el-camino-de-la-educacion\\\/#breadcrumb\",\"itemListElement\":[{\"@type\":\"ListItem\",\"position\":1,\"name\":\"Inicio\",\"item\":\"https:\\\/\\\/tuguia.combarranquilla.co\\\/Revista\\\/\"},{\"@type\":\"ListItem\",\"position\":2,\"name\":\"Formaci\u00f3n complementaria: Una inversi\u00f3n valiosa en el camino de la educaci\u00f3n\"}]},{\"@type\":\"WebSite\",\"@id\":\"https:\\\/\\\/tuguia.combarranquilla.co\\\/Revista\\\/#website\",\"url\":\"https:\\\/\\\/tuguia.combarranquilla.co\\\/Revista\\\/\",\"name\":\"Tu Gu\u00eda\",\"description\":\"La revista donde lo tienes todo.\",\"publisher\":{\"@id\":\"https:\\\/\\\/tuguia.combarranquilla.co\\\/Revista\\\/#organization\"},\"alternateName\":\"Tu Gu\u00eda Combarranquilla\",\"potentialAction\":[{\"@type\":\"SearchAction\",\"target\":{\"@type\":\"EntryPoint\",\"urlTemplate\":\"https:\\\/\\\/tuguia.combarranquilla.co\\\/Revista\\\/?s={search_term_string}\"},\"query-input\":{\"@type\":\"PropertyValueSpecification\",\"valueRequired\":true,\"valueName\":\"search_term_string\"}}],\"inLanguage\":\"es-CO\"},{\"@type\":\"Organization\",\"@id\":\"https:\\\/\\\/tuguia.combarranquilla.co\\\/Revista\\\/#organization\",\"name\":\"Tu Gu\u00eda Combarranquilla\",\"url\":\"https:\\\/\\\/tuguia.combarranquilla.co\\\/Revista\\\/\",\"logo\":{\"@type\":\"ImageObject\",\"inLanguage\":\"es-CO\",\"@id\":\"https:\\\/\\\/tuguia.combarranquilla.co\\\/Revista\\\/#\\\/schema\\\/logo\\\/image\\\/\",\"url\":\"https:\\\/\\\/tuguia.combarranquilla.co\\\/Revista\\\/wp-content\\\/uploads\\\/2022\\\/02\\\/logo-guia-combarranquilla.svg\",\"contentUrl\":\"https:\\\/\\\/tuguia.combarranquilla.co\\\/Revista\\\/wp-content\\\/uploads\\\/2022\\\/02\\\/logo-guia-combarranquilla.svg\",\"caption\":\"Tu Gu\u00eda Combarranquilla\"},\"image\":{\"@id\":\"https:\\\/\\\/tuguia.combarranquilla.co\\\/Revista\\\/#\\\/schema\\\/logo\\\/image\\\/\"}},{\"@type\":\"Person\",\"@id\":\"https:\\\/\\\/tuguia.combarranquilla.co\\\/Revista\\\/#\\\/schema\\\/person\\\/c2c396a77170bd1d5f8ba73294eb0d10\",\"name\":\"Comunicaciones Combarranquilla\",\"image\":{\"@type\":\"ImageObject\",\"inLanguage\":\"es-CO\",\"@id\":\"https:\\\/\\\/tuguia.combarranquilla.co\\\/Revista\\\/wp-content\\\/uploads\\\/2025\\\/05\\\/ABC-Al-Rojo-Logo-96x96.jpg\",\"url\":\"https:\\\/\\\/tuguia.combarranquilla.co\\\/Revista\\\/wp-content\\\/uploads\\\/2025\\\/05\\\/ABC-Al-Rojo-Logo-96x96.jpg\",\"contentUrl\":\"https:\\\/\\\/tuguia.combarranquilla.co\\\/Revista\\\/wp-content\\\/uploads\\\/2025\\\/05\\\/ABC-Al-Rojo-Logo-96x96.jpg\",\"caption\":\"Comunicaciones Combarranquilla\"},\"sameAs\":[\"https:\\\/\\\/www.combarranquilla.co\"],\"url\":\"https:\\\/\\\/tuguia.combarranquilla.co\\\/Revista\\\/author\\\/comunicaciones\\\/\"}]}<\/script>\n<!-- \/ Yoast SEO plugin. -->","yoast_head_json":{"title":"Formaci\u00f3n complementaria: Una inversi\u00f3n valiosa en el camino de la educaci\u00f3n - Tu Gu\u00eda","robots":{"index":"index","follow":"follow","max-snippet":"max-snippet:-1","max-image-preview":"max-image-preview:large","max-video-preview":"max-video-preview:-1"},"canonical":"https:\/\/tuguia.combarranquilla.co\/Revista\/formacion-complementaria-una-inversion-valiosa-en-el-camino-de-la-educacion\/","og_locale":"es_ES","og_type":"article","og_title":"Formaci\u00f3n complementaria: Una inversi\u00f3n valiosa en el camino de la educaci\u00f3n - Tu Gu\u00eda","og_description":"La educaci\u00f3n es un gran paso para crear oportunidades y prepararnos para la vida, pero hoy es necesario ir m\u00e1s all\u00e1 de estudiar una carrera o un t\u00e9cnico laboral. As\u00ed, la formaci\u00f3n complementaria ha surgido como una actividad necesaria para ampliar nuestros conocimientos de manera integral. A trav\u00e9s de cursos, talleres y capacitaciones, podemos equiparnos [&hellip;]","og_url":"https:\/\/tuguia.combarranquilla.co\/Revista\/formacion-complementaria-una-inversion-valiosa-en-el-camino-de-la-educacion\/","og_site_name":"Tu Gu\u00eda","article_published_time":"2025-04-11T21:49:03+00:00","article_modified_time":"2025-04-29T21:27:28+00:00","og_image":[{"width":2560,"height":1592,"url":"https:\/\/tuguia.combarranquilla.co\/Revista\/wp-content\/uploads\/2025\/04\/imagen-portada-scaled.jpg","type":"image\/jpeg"}],"author":"Comunicaciones Combarranquilla","twitter_card":"summary_large_image","twitter_misc":{"Escrito por":"Comunicaciones Combarranquilla","Tiempo de lectura":"3 minutos"},"schema":{"@context":"https:\/\/schema.org","@graph":[{"@type":"Article","@id":"https:\/\/tuguia.combarranquilla.co\/Revista\/formacion-complementaria-una-inversion-valiosa-en-el-camino-de-la-educacion\/#article","isPartOf":{"@id":"https:\/\/tuguia.combarranquilla.co\/Revista\/formacion-complementaria-una-inversion-valiosa-en-el-camino-de-la-educacion\/"},"author":{"name":"Comunicaciones Combarranquilla","@id":"https:\/\/tuguia.combarranquilla.co\/Revista\/#\/schema\/person\/c2c396a77170bd1d5f8ba73294eb0d10"},"headline":"Formaci\u00f3n complementaria: Una inversi\u00f3n valiosa en el camino de la educaci\u00f3n","datePublished":"2025-04-11T21:49:03+00:00","dateModified":"2025-04-29T21:27:28+00:00","mainEntityOfPage":{"@id":"https:\/\/tuguia.combarranquilla.co\/Revista\/formacion-complementaria-una-inversion-valiosa-en-el-camino-de-la-educacion\/"},"wordCount":535,"commentCount":0,"publisher":{"@id":"https:\/\/tuguia.combarranquilla.co\/Revista\/#organization"},"image":{"@id":"https:\/\/tuguia.combarranquilla.co\/Revista\/formacion-complementaria-una-inversion-valiosa-en-el-camino-de-la-educacion\/#primaryimage"},"thumbnailUrl":"https:\/\/tuguia.combarranquilla.co\/Revista\/wp-content\/uploads\/2025\/04\/imagen-portada-scaled.jpg","articleSection":["FORMACI\u00d3N"],"inLanguage":"es-CO","potentialAction":[{"@type":"CommentAction","name":"Comment","target":["https:\/\/tuguia.combarranquilla.co\/Revista\/formacion-complementaria-una-inversion-valiosa-en-el-camino-de-la-educacion\/#respond"]}]},{"@type":"WebPage","@id":"https:\/\/tuguia.combarranquilla.co\/Revista\/formacion-complementaria-una-inversion-valiosa-en-el-camino-de-la-educacion\/","url":"https:\/\/tuguia.combarranquilla.co\/Revista\/formacion-complementaria-una-inversion-valiosa-en-el-camino-de-la-educacion\/","name":"Formaci\u00f3n complementaria: Una inversi\u00f3n valiosa en el camino de la educaci\u00f3n - Tu Gu\u00eda","isPartOf":{"@id":"https:\/\/tuguia.combarranquilla.co\/Revista\/#website"},"primaryImageOfPage":{"@id":"https:\/\/tuguia.combarranquilla.co\/Revista\/formacion-complementaria-una-inversion-valiosa-en-el-camino-de-la-educacion\/#primaryimage"},"image":{"@id":"https:\/\/tuguia.combarranquilla.co\/Revista\/formacion-complementaria-una-inversion-valiosa-en-el-camino-de-la-educacion\/#primaryimage"},"thumbnailUrl":"https:\/\/tuguia.combarranquilla.co\/Revista\/wp-content\/uploads\/2025\/04\/imagen-portada-scaled.jpg","datePublished":"2025-04-11T21:49:03+00:00","dateModified":"2025-04-29T21:27:28+00:00","breadcrumb":{"@id":"https:\/\/tuguia.combarranquilla.co\/Revista\/formacion-complementaria-una-inversion-valiosa-en-el-camino-de-la-educacion\/#breadcrumb"},"inLanguage":"es-CO","potentialAction":[{"@type":"ReadAction","target":["https:\/\/tuguia.combarranquilla.co\/Revista\/formacion-complementaria-una-inversion-valiosa-en-el-camino-de-la-educacion\/"]}]},{"@type":"ImageObject","inLanguage":"es-CO","@id":"https:\/\/tuguia.combarranquilla.co\/Revista\/formacion-complementaria-una-inversion-valiosa-en-el-camino-de-la-educacion\/#primaryimage","url":"https:\/\/tuguia.combarranquilla.co\/Revista\/wp-content\/uploads\/2025\/04\/imagen-portada-scaled.jpg","contentUrl":"https:\/\/tuguia.combarranquilla.co\/Revista\/wp-content\/uploads\/2025\/04\/imagen-portada-scaled.jpg","width":2560,"height":1592},{"@type":"BreadcrumbList","@id":"https:\/\/tuguia.combarranquilla.co\/Revista\/formacion-complementaria-una-inversion-valiosa-en-el-camino-de-la-educacion\/#breadcrumb","itemListElement":[{"@type":"ListItem","position":1,"name":"Inicio","item":"https:\/\/tuguia.combarranquilla.co\/Revista\/"},{"@type":"ListItem","position":2,"name":"Formaci\u00f3n complementaria: Una inversi\u00f3n valiosa en el camino de la educaci\u00f3n"}]},{"@type":"WebSite","@id":"https:\/\/tuguia.combarranquilla.co\/Revista\/#website","url":"https:\/\/tuguia.combarranquilla.co\/Revista\/","name":"Tu Gu\u00eda","description":"La revista donde lo tienes todo.","publisher":{"@id":"https:\/\/tuguia.combarranquilla.co\/Revista\/#organization"},"alternateName":"Tu Gu\u00eda Combarranquilla","potentialAction":[{"@type":"SearchAction","target":{"@type":"EntryPoint","urlTemplate":"https:\/\/tuguia.combarranquilla.co\/Revista\/?s={search_term_string}"},"query-input":{"@type":"PropertyValueSpecification","valueRequired":true,"valueName":"search_term_string"}}],"inLanguage":"es-CO"},{"@type":"Organization","@id":"https:\/\/tuguia.combarranquilla.co\/Revista\/#organization","name":"Tu Gu\u00eda Combarranquilla","url":"https:\/\/tuguia.combarranquilla.co\/Revista\/","logo":{"@type":"ImageObject","inLanguage":"es-CO","@id":"https:\/\/tuguia.combarranquilla.co\/Revista\/#\/schema\/logo\/image\/","url":"https:\/\/tuguia.combarranquilla.co\/Revista\/wp-content\/uploads\/2022\/02\/logo-guia-combarranquilla.svg","contentUrl":"https:\/\/tuguia.combarranquilla.co\/Revista\/wp-content\/uploads\/2022\/02\/logo-guia-combarranquilla.svg","caption":"Tu Gu\u00eda Combarranquilla"},"image":{"@id":"https:\/\/tuguia.combarranquilla.co\/Revista\/#\/schema\/logo\/image\/"}},{"@type":"Person","@id":"https:\/\/tuguia.combarranquilla.co\/Revista\/#\/schema\/person\/c2c396a77170bd1d5f8ba73294eb0d10","name":"Comunicaciones Combarranquilla","image":{"@type":"ImageObject","inLanguage":"es-CO","@id":"https:\/\/tuguia.combarranquilla.co\/Revista\/wp-content\/uploads\/2025\/05\/ABC-Al-Rojo-Logo-96x96.jpg","url":"https:\/\/tuguia.combarranquilla.co\/Revista\/wp-content\/uploads\/2025\/05\/ABC-Al-Rojo-Logo-96x96.jpg","contentUrl":"https:\/\/tuguia.combarranquilla.co\/Revista\/wp-content\/uploads\/2025\/05\/ABC-Al-Rojo-Logo-96x96.jpg","caption":"Comunicaciones Combarranquilla"},"sameAs":["https:\/\/www.combarranquilla.co"],"url":"https:\/\/tuguia.combarranquilla.co\/Revista\/author\/comunicaciones\/"}]}},"_links":{"self":[{"href":"https:\/\/tuguia.combarranquilla.co\/Revista\/wp-json\/wp\/v2\/posts\/5977","targetHints":{"allow":["GET"]}}],"collection":[{"href":"https:\/\/tuguia.combarranquilla.co\/Revista\/wp-json\/wp\/v2\/posts"}],"about":[{"href":"https:\/\/tuguia.combarranquilla.co\/Revista\/wp-json\/wp\/v2\/types\/post"}],"author":[{"embeddable":true,"href":"https:\/\/tuguia.combarranquilla.co\/Revista\/wp-json\/wp\/v2\/users\/2"}],"replies":[{"embeddable":true,"href":"https:\/\/tuguia.combarranquilla.co\/Revista\/wp-json\/wp\/v2\/comments?post=5977"}],"version-history":[{"count":9,"href":"https:\/\/tuguia.combarranquilla.co\/Revista\/wp-json\/wp\/v2\/posts\/5977\/revisions"}],"predecessor-version":[{"id":6051,"href":"https:\/\/tuguia.combarranquilla.co\/Revista\/wp-json\/wp\/v2\/posts\/5977\/revisions\/6051"}],"wp:featuredmedia":[{"embeddable":true,"href":"https:\/\/tuguia.combarranquilla.co\/Revista\/wp-json\/wp\/v2\/media\/5988"}],"wp:attachment":[{"href":"https:\/\/tuguia.combarranquilla.co\/Revista\/wp-json\/wp\/v2\/media?parent=5977"}],"wp:term":[{"taxonomy":"category","embeddable":true,"href":"https:\/\/tuguia.combarranquilla.co\/Revista\/wp-json\/wp\/v2\/categories?post=5977"},{"taxonomy":"post_tag","embeddable":true,"href":"https:\/\/tuguia.combarranquilla.co\/Revista\/wp-json\/wp\/v2\/tags?post=5977"}],"curies":[{"name":"wp","href":"https:\/\/api.w.org\/{rel}","templated":true}]}}