{"id":6073,"date":"2025-05-06T08:45:09","date_gmt":"2025-05-06T13:45:09","guid":{"rendered":"https:\/\/tuguia.combarranquilla.co\/Revista\/?p=6073"},"modified":"2025-05-08T16:14:42","modified_gmt":"2025-05-08T21:14:42","slug":"combarranquilla-participa-su-gestion-2024-en-la-asamblea-ordinaria-de-afiliados-2025","status":"publish","type":"post","link":"https:\/\/tuguia.combarranquilla.co\/Revista\/combarranquilla-participa-su-gestion-2024-en-la-asamblea-ordinaria-de-afiliados-2025\/","title":{"rendered":"Combarranquilla presenta su gesti\u00f3n en la Asamblea Ordinaria de Afiliados 2025"},"content":{"rendered":"\n<div class=\"wp-block-group is-vertical is-layout-flex wp-container-core-group-is-layout-8cf370e7 wp-block-group-is-layout-flex\">\n<p class=\"has-medium-font-size\">El 5 de mayo se&nbsp;llev\u00f3&nbsp;a cabo la Asamblea Ordinaria de Afiliados 2025, donde Combarranquilla comparti\u00f3 su rendici\u00f3n de cuentas durante el 2024. La reuni\u00f3n tuvo lugar en la Unidad Country y cont\u00f3 con la presencia de casi 200 empleadores afiliados.<\/p>\n\n\n\n<p class=\"has-medium-font-size\">En la mesa principal estuvieron Jaime Tello Silva, asesor jur\u00eddico; Ernesto Herrera, director de la Caja; Ricardo Heilbron, miembro del Consejo Directivo; y Adolfo Santiago Conde, revisor fiscal.<\/p>\n<\/div>\n\n\n\n<p><\/p>\n\n\n<div class=\"wp-block-image\">\n<figure class=\"aligncenter size-large is-resized\"><img decoding=\"async\" width=\"1024\" height=\"683\" data-src=\"https:\/\/tuguia.combarranquilla.co\/Revista\/wp-content\/uploads\/2025\/05\/DSC5081-1024x683.jpg\" alt=\"\" class=\"wp-image-6201 lazyload\" style=\"--smush-placeholder-width: 1024px; --smush-placeholder-aspect-ratio: 1024\/683;width:809px;height:auto\" data-srcset=\"https:\/\/tuguia.combarranquilla.co\/Revista\/wp-content\/uploads\/2025\/05\/DSC5081-1024x683.jpg 1024w, https:\/\/tuguia.combarranquilla.co\/Revista\/wp-content\/uploads\/2025\/05\/DSC5081-300x200.jpg 300w, https:\/\/tuguia.combarranquilla.co\/Revista\/wp-content\/uploads\/2025\/05\/DSC5081-768x512.jpg 768w, https:\/\/tuguia.combarranquilla.co\/Revista\/wp-content\/uploads\/2025\/05\/DSC5081-1536x1024.jpg 1536w, https:\/\/tuguia.combarranquilla.co\/Revista\/wp-content\/uploads\/2025\/05\/DSC5081-2048x1365.jpg 2048w\" data-sizes=\"(max-width: 1024px) 100vw, 1024px\" src=\"data:image\/svg+xml;base64,PHN2ZyB3aWR0aD0iMSIgaGVpZ2h0PSIxIiB4bWxucz0iaHR0cDovL3d3dy53My5vcmcvMjAwMC9zdmciPjwvc3ZnPg==\" \/><\/figure><\/div>\n\n\n<div class=\"wp-block-group is-vertical is-layout-flex wp-container-core-group-is-layout-8cf370e7 wp-block-group-is-layout-flex\">\n<p class=\"has-medium-font-size\">El orden del d\u00eda fue el siguiente:<\/p>\n\n\n\n<div class=\"wp-block-group is-vertical is-layout-flex wp-container-core-group-is-layout-8cf370e7 wp-block-group-is-layout-flex\">\n<ol start=\"1\" class=\"wp-block-list\">\n<li class=\"has-medium-font-size\">Verificaci\u00f3n del cu\u00f3rum.<\/li>\n<\/ol>\n\n\n\n<ol start=\"2\" class=\"wp-block-list\">\n<li class=\"has-medium-font-size\">Lectura y aprobaci\u00f3n del orden del d\u00eda.<\/li>\n<\/ol>\n\n\n\n<ol start=\"3\" class=\"wp-block-list\">\n<li class=\"has-medium-font-size\">Designaci\u00f3n de la comisi\u00f3n para aprobar el acta de la Asamblea.<\/li>\n<\/ol>\n\n\n\n<ol start=\"4\" class=\"wp-block-list\">\n<li class=\"has-medium-font-size\">Informe de la comisi\u00f3n para aprobaci\u00f3n del acta anterior.<\/li>\n<\/ol>\n\n\n\n<ol start=\"5\" class=\"wp-block-list\">\n<li class=\"has-medium-font-size\">Informe del Consejo Directivo y del director.<\/li>\n<\/ol>\n\n\n\n<ol start=\"6\" class=\"wp-block-list\">\n<li class=\"has-medium-font-size\">Informe del revisor fiscal.<\/li>\n<\/ol>\n\n\n\n<ol start=\"7\" class=\"wp-block-list\">\n<li class=\"has-medium-font-size\">Consideraci\u00f3n del Balance General y de los Estados Financieros del ejercicio 2024.<\/li>\n<\/ol>\n\n\n\n<ol start=\"8\" class=\"wp-block-list\">\n<li class=\"has-medium-font-size\">Fijaci\u00f3n del monto hasta el cual puede contratar el director sin autorizaci\u00f3n del Consejo Directivo.<\/li>\n<\/ol>\n\n\n\n<ol start=\"9\" class=\"wp-block-list\">\n<li class=\"has-medium-font-size\">Proposiciones.<\/li>\n<\/ol>\n<\/div>\n<\/div>\n\n\n\n<p><\/p>\n\n\n\n<p class=\"has-medium-font-size\">Durante la Asamblea, el director destac\u00f3 que el 2024 fue un a\u00f1o marcado por desaf\u00edos a nivel del mercado laboral formal. Pero, gracias a los esfuerzos conjuntos de las empresas afiliadas y el Consejo Directivo, la Caja mostr\u00f3 un balance positivo en la operaci\u00f3n de sus servicios.<\/p>\n\n\n\n<div class=\"wp-block-columns is-layout-flex wp-container-core-columns-is-layout-9d6595d7 wp-block-columns-is-layout-flex\">\n<div class=\"wp-block-column is-layout-flow wp-block-column-is-layout-flow\">\n<figure class=\"wp-block-image size-large\"><img decoding=\"async\" width=\"1024\" height=\"683\" data-src=\"https:\/\/tuguia.combarranquilla.co\/Revista\/wp-content\/uploads\/2025\/05\/DSC5072-1024x683.jpg\" alt=\"\" class=\"wp-image-6211 lazyload\" data-srcset=\"https:\/\/tuguia.combarranquilla.co\/Revista\/wp-content\/uploads\/2025\/05\/DSC5072-1024x683.jpg 1024w, https:\/\/tuguia.combarranquilla.co\/Revista\/wp-content\/uploads\/2025\/05\/DSC5072-300x200.jpg 300w, https:\/\/tuguia.combarranquilla.co\/Revista\/wp-content\/uploads\/2025\/05\/DSC5072-768x512.jpg 768w, https:\/\/tuguia.combarranquilla.co\/Revista\/wp-content\/uploads\/2025\/05\/DSC5072-1536x1024.jpg 1536w, https:\/\/tuguia.combarranquilla.co\/Revista\/wp-content\/uploads\/2025\/05\/DSC5072-2048x1365.jpg 2048w\" data-sizes=\"(max-width: 1024px) 100vw, 1024px\" src=\"data:image\/svg+xml;base64,PHN2ZyB3aWR0aD0iMSIgaGVpZ2h0PSIxIiB4bWxucz0iaHR0cDovL3d3dy53My5vcmcvMjAwMC9zdmciPjwvc3ZnPg==\" style=\"--smush-placeholder-width: 1024px; --smush-placeholder-aspect-ratio: 1024\/683;\" \/><\/figure>\n<\/div>\n\n\n\n<div class=\"wp-block-column is-layout-flow wp-block-column-is-layout-flow\">\n<figure class=\"wp-block-image size-large\"><img decoding=\"async\" width=\"1024\" height=\"683\" data-src=\"https:\/\/tuguia.combarranquilla.co\/Revista\/wp-content\/uploads\/2025\/05\/WhatsApp-Image-2025-05-06-at-8.04.46-AM-4-1024x683.jpeg\" alt=\"\" class=\"wp-image-6174 lazyload\" data-srcset=\"https:\/\/tuguia.combarranquilla.co\/Revista\/wp-content\/uploads\/2025\/05\/WhatsApp-Image-2025-05-06-at-8.04.46-AM-4-1024x683.jpeg 1024w, https:\/\/tuguia.combarranquilla.co\/Revista\/wp-content\/uploads\/2025\/05\/WhatsApp-Image-2025-05-06-at-8.04.46-AM-4-300x200.jpeg 300w, https:\/\/tuguia.combarranquilla.co\/Revista\/wp-content\/uploads\/2025\/05\/WhatsApp-Image-2025-05-06-at-8.04.46-AM-4-768x512.jpeg 768w, https:\/\/tuguia.combarranquilla.co\/Revista\/wp-content\/uploads\/2025\/05\/WhatsApp-Image-2025-05-06-at-8.04.46-AM-4-1536x1024.jpeg 1536w, https:\/\/tuguia.combarranquilla.co\/Revista\/wp-content\/uploads\/2025\/05\/WhatsApp-Image-2025-05-06-at-8.04.46-AM-4-2048x1366.jpeg 2048w\" data-sizes=\"(max-width: 1024px) 100vw, 1024px\" src=\"data:image\/svg+xml;base64,PHN2ZyB3aWR0aD0iMSIgaGVpZ2h0PSIxIiB4bWxucz0iaHR0cDovL3d3dy53My5vcmcvMjAwMC9zdmciPjwvc3ZnPg==\" style=\"--smush-placeholder-width: 1024px; --smush-placeholder-aspect-ratio: 1024\/683;\" \/><\/figure>\n<\/div>\n<\/div>\n\n\n\n<p class=\"has-medium-font-size\">Los asistentes se mostraron satisfechos con la informaci\u00f3n presentada y resaltaron sus expectativas para el 2025 con la Caja de Compensaci\u00f3n de Barranquilla.<\/p>\n\n\n\n<h1 class=\"wp-block-heading has-large-font-size\"><strong>Conoce los resultados del informe de gesti\u00f3n presentados en la Asamblea<\/strong><\/h1>\n\n\n\n<p class=\"has-medium-font-size\">Desde Combarranquilla, buscamos construir entornos integrales a trav\u00e9s de estrategias&nbsp;que&nbsp;impulsan nuestros servicios. En 2024, la aplicaci\u00f3n de estas acciones mostr\u00f3 resultados destacables que presentamos a continuaci\u00f3n.<\/p>\n\n\n\n<h1 class=\"wp-block-heading has-medium-font-size\"><strong>Impacto social<\/strong><\/h1>\n\n\n\n<div class=\"wp-block-group is-vertical is-layout-flex wp-container-core-group-is-layout-8cf370e7 wp-block-group-is-layout-flex\">\n<ul class=\"wp-block-list has-medium-font-size\">\n<li>Aliviamos las cargas financieras de varias familias con el pago de 1.476.251 cuotas monetarias del subsidio de dinero, por un valor de $66.913 millones.<\/li>\n<\/ul>\n\n\n\n<ul class=\"wp-block-list has-medium-font-size\">\n<li>Aportamos a la formaci\u00f3n y el desarrollo profesional de 58.246 personas, con la entrega de $25.153 millones en subsidios educativos.<\/li>\n<\/ul>\n\n\n\n<ul class=\"wp-block-list has-medium-font-size\">\n<li>Apoyamos a 3.653 cesantes en su ruta de empleabilidad con la inversi\u00f3n de $15.421 millones en subsidios al desempleo.<\/li>\n<\/ul>\n\n\n\n<ul class=\"wp-block-list has-medium-font-size\">\n<li>Ayudamos a 140 familias a acceder a una vivienda digna con la entrega de $4.948 millones en subsidios de vivienda.<\/li>\n<\/ul>\n\n\n\n<ul class=\"wp-block-list has-medium-font-size\">\n<li>Asignamos $35.713 millones en subsidios en servicios sociales en las \u00e1reas de recreaci\u00f3n, deportes, educaci\u00f3n, cr\u00e9ditos, bibliotecas, ciencia y cultura, atendiendo 936.515 servicios.<\/li>\n<\/ul>\n\n\n\n<ul class=\"wp-block-list has-medium-font-size\">\n<li>Ejecutamos $4.893 millones para la atenci\u00f3n de 8.153 beneficiarios en los programas de Jornada Escolar Complementaria, Atenci\u00f3n Integral a la Primera Infancia, Adulto Mayor y Atenci\u00f3n a Personas con Discapacidad.<\/li>\n<\/ul>\n\n\n\n<ul class=\"wp-block-list has-medium-font-size\">\n<li>Ubicamos laboralmente a 3.183 personas y contribuimos a mejorar la oferta laboral de trabajadores y cesantes con capacitaciones para 9.391 personas.<\/li>\n<\/ul>\n<\/div>\n\n\n\n<p><\/p>\n\n\n\n<h1 class=\"wp-block-heading has-medium-font-size\"><strong>Gesti\u00f3n econ\u00f3mica<\/strong><\/h1>\n\n\n\n<div class=\"wp-block-group is-vertical is-layout-flex wp-container-core-group-is-layout-8cf370e7 wp-block-group-is-layout-flex\">\n<ul class=\"wp-block-list has-medium-font-size\">\n<li>Nuestro n\u00famero de afiliados increment\u00f3 en un 1,26 % respecto al 2023. Hoy, son 12.529 empleadores los que conf\u00edan en la Caja y sus servicios.<\/li>\n<\/ul>\n\n\n\n<ul class=\"wp-block-list has-medium-font-size\">\n<li>Tuvimos un crecimiento del 15,9 % en nuestros ingresos totales con respecto al 2023, pasando de $225.6161 millones a $261.553.<\/li>\n<\/ul>\n\n\n\n<ul class=\"wp-block-list has-medium-font-size\">\n<li>Nuestros activos alcanzaron la suma de $348.074 millones y los pasivos llegaron a un total de $110.426 millones,&nbsp;para un patrimonio de $237.648 millones.<\/li>\n<\/ul>\n\n\n\n<ul class=\"wp-block-list has-medium-font-size\">\n<li>La ejecuci\u00f3n de nuestro presupuesto fue del 95,2%, logrando un remanente de $27.998 millones, un EBITDA de $22.396 millones y un capital de trabajo de $78.946 millones.<\/li>\n<\/ul>\n<\/div>\n\n\n\n<p><\/p>\n\n\n\n<h1 class=\"wp-block-heading has-medium-font-size\"><strong>Inversiones<\/strong><\/h1>\n\n\n\n<div class=\"wp-block-group is-vertical is-layout-flex wp-container-core-group-is-layout-8cf370e7 wp-block-group-is-layout-flex\">\n<p class=\"has-medium-font-size\">Siguiendo nuestro plan de inversiones:<\/p>\n\n\n\n<ul class=\"wp-block-list has-medium-font-size\">\n<li>realizamos mejoras en el centro recreacional Solinilla;<\/li>\n<\/ul>\n\n\n\n<ul class=\"wp-block-list has-medium-font-size\">\n<li>mejoramos nuestros salones de eventos de la Unidad Country;<\/li>\n<\/ul>\n\n\n\n<ul class=\"wp-block-list has-medium-font-size\">\n<li>invertimos en infraestructura para la accesibilidad a nuestras unidades;<\/li>\n<\/ul>\n\n\n\n<ul class=\"wp-block-list has-medium-font-size\">\n<li>mejoramos la cancha de&nbsp;f\u00fatbol&nbsp;5 en la Unidad Boston;<\/li>\n<\/ul>\n\n\n\n<ul class=\"wp-block-list has-medium-font-size\">\n<li>ampliamos nuestro sistema el\u00e9ctrico;<\/li>\n<\/ul>\n\n\n\n<ul class=\"wp-block-list has-medium-font-size\">\n<li>invertimos en la infraestructura de las salas amigas de la familia lactante en nuestras unidades.<\/li>\n<\/ul>\n<\/div>\n\n\n\n<p><\/p>\n\n\n\n<h1 class=\"wp-block-heading has-medium-font-size\"><strong>Sostenibilidad<\/strong><\/h1>\n\n\n\n<div class=\"wp-block-group is-vertical is-layout-flex wp-container-core-group-is-layout-8cf370e7 wp-block-group-is-layout-flex\">\n<ul class=\"wp-block-list has-medium-font-size\">\n<li>Iniciamos con la medici\u00f3n de los Objetivos de Desarrollo Sostenible (ODS).<\/li>\n<\/ul>\n\n\n\n<ul class=\"wp-block-list has-medium-font-size\">\n<li>Aportamos en el logro de ODS enmarcados en la reducci\u00f3n de las desigualdades, el consumo responsable, el crecimiento econ\u00f3mico y la paz.<\/li>\n<\/ul>\n\n\n\n<ul class=\"wp-block-list has-medium-font-size\">\n<li>Renovamos los certificados de Icontec de todos nuestros procesos, bajo las normas ISO 9001-2015; la NTC 6175 para el Servicio P\u00fablico de Empleo y las NTC 5555, 5581 y 5665 para nuestro Centro de Formaci\u00f3n.<\/li>\n<\/ul>\n\n\n\n<ul class=\"wp-block-list has-medium-font-size\">\n<li>Renovamos el Sello de No Discriminaci\u00f3n del Ministerio del Interior para la Unidad Country y lo obtuvimos para la Unidad Boston.<\/li>\n<\/ul>\n<\/div>\n\n\n\n<p><\/p>\n\n\n\n<h2 class=\"wp-block-heading has-large-font-size\"><strong>Proyecciones para el 2025<\/strong><\/h2>\n\n\n\n<div class=\"wp-block-group is-vertical is-layout-flex wp-container-core-group-is-layout-8cf370e7 wp-block-group-is-layout-flex\">\n<p class=\"has-medium-font-size\">Combarranquilla busca seguir siendo un referente de empresa social sostenible en el 2025 y cumplir con su prop\u00f3sito de transformar vidas. Este a\u00f1o:<\/p>\n\n\n\n<ul class=\"wp-block-list has-medium-font-size\">\n<li>Destinaremos $6.508 millones en la finalizaci\u00f3n de las obras de las cubiertas y cancha Unidad Boston, infraestructura para la accesibilidad y salas amigas de la familia lactante, estabilizaci\u00f3n de la ladera del Centro Recreacional Solinilla y las mejoras en salones de eventos en la Unidad Country.<\/li>\n<\/ul>\n\n\n\n<ul class=\"wp-block-list has-medium-font-size\">\n<li>Iniciaremos la ejecuci\u00f3n de la rehabilitaci\u00f3n del parqueadero de la Unidad Country, mejoras en la infraestructura del Centro Recreacional Solinilla, la capitalizaci\u00f3n de Asopagos y la dotaci\u00f3n de servicios en funcionamiento.<\/li>\n<\/ul>\n\n\n\n<ul class=\"wp-block-list has-medium-font-size\">\n<li>Finalizaremos la construcci\u00f3n de 155 viviendas de inter\u00e9s social, que corresponden a la \u00faltima etapa de la Urbanizaci\u00f3n Combarranquilla.<\/li>\n<\/ul>\n\n\n\n<ul class=\"wp-block-list has-medium-font-size\">\n<li>Continuaremos con los programas de Beca Progreso, Beca Combarranquilla y Premio a la Excelencia.<\/li>\n<\/ul>\n\n\n\n<ul class=\"wp-block-list has-medium-font-size\">\n<li>Otorgaremos&nbsp;auxilios educativos por el valor de $28.437 millones, para impulsar la educaci\u00f3n de nuestros afiliados y su grupo familiar.<\/li>\n<\/ul>\n\n\n\n<ul class=\"wp-block-list has-medium-font-size\">\n<li>Finalizaremos el proceso de dise\u00f1o arquitect\u00f3nico y comenzaremos la construcci\u00f3n de la Unidad de Servicios Mallorqu\u00edn y las oficinas administrativas.<\/li>\n<\/ul>\n<\/div>\n\n\n\n<p><\/p>\n\n\n\n<p class=\"has-medium-font-size\">Creemos que las Cajas de Compensaci\u00f3n Familiar son un motor fundamental para el bienestar integral de los trabajadores. Por eso trabajamos cada d\u00eda, promoviendo el acceso equitativo a nuestros servicios y respondiendo a las necesidades de la poblaci\u00f3n.<\/p>\n","protected":false},"excerpt":{"rendered":"<p>El 5 de mayo se&nbsp;llev\u00f3&nbsp;a cabo la Asamblea Ordinaria de Afiliados 2025, donde Combarranquilla comparti\u00f3 su rendici\u00f3n de cuentas durante el 2024. La reuni\u00f3n tuvo lugar en la Unidad Country y cont\u00f3 con la presencia de casi 200 empleadores afiliados. En la mesa principal estuvieron Jaime Tello Silva, asesor jur\u00eddico; Ernesto Herrera, director de la [&hellip;]<\/p>\n","protected":false},"author":2,"featured_media":6208,"comment_status":"open","ping_status":"open","sticky":false,"template":"","format":"standard","meta":{"inline_featured_image":false,"footnotes":""},"categories":[7],"tags":[],"class_list":["post-6073","post","type-post","status-publish","format-standard","has-post-thumbnail","hentry","category-familia-combarranquilla"],"yoast_head":"<!-- This site is optimized with the Yoast SEO plugin v27.4 - https:\/\/yoast.com\/product\/yoast-seo-wordpress\/ -->\n<title>Combarranquilla presenta su gesti\u00f3n en la Asamblea Ordinaria de Afiliados 2025 - Tu Gu\u00eda<\/title>\n<meta name=\"robots\" content=\"index, follow, max-snippet:-1, max-image-preview:large, max-video-preview:-1\" \/>\n<link rel=\"canonical\" href=\"https:\/\/tuguia.combarranquilla.co\/Revista\/combarranquilla-participa-su-gestion-2024-en-la-asamblea-ordinaria-de-afiliados-2025\/\" \/>\n<meta property=\"og:locale\" content=\"es_ES\" \/>\n<meta property=\"og:type\" content=\"article\" \/>\n<meta property=\"og:title\" content=\"Combarranquilla presenta su gesti\u00f3n en la Asamblea Ordinaria de Afiliados 2025 - Tu Gu\u00eda\" \/>\n<meta property=\"og:description\" content=\"El 5 de mayo se&nbsp;llev\u00f3&nbsp;a cabo la Asamblea Ordinaria de Afiliados 2025, donde Combarranquilla comparti\u00f3 su rendici\u00f3n de cuentas durante el 2024. La reuni\u00f3n tuvo lugar en la Unidad Country y cont\u00f3 con la presencia de casi 200 empleadores afiliados. En la mesa principal estuvieron Jaime Tello Silva, asesor jur\u00eddico; Ernesto Herrera, director de la [&hellip;]\" \/>\n<meta property=\"og:url\" content=\"https:\/\/tuguia.combarranquilla.co\/Revista\/combarranquilla-participa-su-gestion-2024-en-la-asamblea-ordinaria-de-afiliados-2025\/\" \/>\n<meta property=\"og:site_name\" content=\"Tu Gu\u00eda\" \/>\n<meta property=\"article:published_time\" content=\"2025-05-06T13:45:09+00:00\" \/>\n<meta property=\"article:modified_time\" content=\"2025-05-08T21:14:42+00:00\" \/>\n<meta property=\"og:image\" content=\"https:\/\/tuguia.combarranquilla.co\/Revista\/wp-content\/uploads\/2025\/05\/DSC5093-scaled.jpg\" \/>\n\t<meta property=\"og:image:width\" content=\"2560\" \/>\n\t<meta property=\"og:image:height\" content=\"1707\" \/>\n\t<meta property=\"og:image:type\" content=\"image\/jpeg\" \/>\n<meta name=\"author\" content=\"Comunicaciones Combarranquilla\" \/>\n<meta name=\"twitter:card\" content=\"summary_large_image\" \/>\n<meta name=\"twitter:label1\" content=\"Escrito por\" \/>\n\t<meta name=\"twitter:data1\" content=\"Comunicaciones Combarranquilla\" \/>\n\t<meta name=\"twitter:label2\" content=\"Tiempo de lectura\" \/>\n\t<meta name=\"twitter:data2\" content=\"5 minutos\" \/>\n<script type=\"application\/ld+json\" class=\"yoast-schema-graph\">{\"@context\":\"https:\\\/\\\/schema.org\",\"@graph\":[{\"@type\":\"Article\",\"@id\":\"https:\\\/\\\/tuguia.combarranquilla.co\\\/Revista\\\/combarranquilla-participa-su-gestion-2024-en-la-asamblea-ordinaria-de-afiliados-2025\\\/#article\",\"isPartOf\":{\"@id\":\"https:\\\/\\\/tuguia.combarranquilla.co\\\/Revista\\\/combarranquilla-participa-su-gestion-2024-en-la-asamblea-ordinaria-de-afiliados-2025\\\/\"},\"author\":{\"name\":\"Comunicaciones Combarranquilla\",\"@id\":\"https:\\\/\\\/tuguia.combarranquilla.co\\\/Revista\\\/#\\\/schema\\\/person\\\/c2c396a77170bd1d5f8ba73294eb0d10\"},\"headline\":\"Combarranquilla presenta su gesti\u00f3n en la Asamblea Ordinaria de Afiliados 2025\",\"datePublished\":\"2025-05-06T13:45:09+00:00\",\"dateModified\":\"2025-05-08T21:14:42+00:00\",\"mainEntityOfPage\":{\"@id\":\"https:\\\/\\\/tuguia.combarranquilla.co\\\/Revista\\\/combarranquilla-participa-su-gestion-2024-en-la-asamblea-ordinaria-de-afiliados-2025\\\/\"},\"wordCount\":912,\"commentCount\":0,\"publisher\":{\"@id\":\"https:\\\/\\\/tuguia.combarranquilla.co\\\/Revista\\\/#organization\"},\"image\":{\"@id\":\"https:\\\/\\\/tuguia.combarranquilla.co\\\/Revista\\\/combarranquilla-participa-su-gestion-2024-en-la-asamblea-ordinaria-de-afiliados-2025\\\/#primaryimage\"},\"thumbnailUrl\":\"https:\\\/\\\/tuguia.combarranquilla.co\\\/Revista\\\/wp-content\\\/uploads\\\/2025\\\/05\\\/DSC5093-scaled.jpg\",\"articleSection\":[\"FAMILIA COMBARRANQUILLA\"],\"inLanguage\":\"es-CO\",\"potentialAction\":[{\"@type\":\"CommentAction\",\"name\":\"Comment\",\"target\":[\"https:\\\/\\\/tuguia.combarranquilla.co\\\/Revista\\\/combarranquilla-participa-su-gestion-2024-en-la-asamblea-ordinaria-de-afiliados-2025\\\/#respond\"]}]},{\"@type\":\"WebPage\",\"@id\":\"https:\\\/\\\/tuguia.combarranquilla.co\\\/Revista\\\/combarranquilla-participa-su-gestion-2024-en-la-asamblea-ordinaria-de-afiliados-2025\\\/\",\"url\":\"https:\\\/\\\/tuguia.combarranquilla.co\\\/Revista\\\/combarranquilla-participa-su-gestion-2024-en-la-asamblea-ordinaria-de-afiliados-2025\\\/\",\"name\":\"Combarranquilla presenta su gesti\u00f3n en la Asamblea Ordinaria de Afiliados 2025 - Tu Gu\u00eda\",\"isPartOf\":{\"@id\":\"https:\\\/\\\/tuguia.combarranquilla.co\\\/Revista\\\/#website\"},\"primaryImageOfPage\":{\"@id\":\"https:\\\/\\\/tuguia.combarranquilla.co\\\/Revista\\\/combarranquilla-participa-su-gestion-2024-en-la-asamblea-ordinaria-de-afiliados-2025\\\/#primaryimage\"},\"image\":{\"@id\":\"https:\\\/\\\/tuguia.combarranquilla.co\\\/Revista\\\/combarranquilla-participa-su-gestion-2024-en-la-asamblea-ordinaria-de-afiliados-2025\\\/#primaryimage\"},\"thumbnailUrl\":\"https:\\\/\\\/tuguia.combarranquilla.co\\\/Revista\\\/wp-content\\\/uploads\\\/2025\\\/05\\\/DSC5093-scaled.jpg\",\"datePublished\":\"2025-05-06T13:45:09+00:00\",\"dateModified\":\"2025-05-08T21:14:42+00:00\",\"breadcrumb\":{\"@id\":\"https:\\\/\\\/tuguia.combarranquilla.co\\\/Revista\\\/combarranquilla-participa-su-gestion-2024-en-la-asamblea-ordinaria-de-afiliados-2025\\\/#breadcrumb\"},\"inLanguage\":\"es-CO\",\"potentialAction\":[{\"@type\":\"ReadAction\",\"target\":[\"https:\\\/\\\/tuguia.combarranquilla.co\\\/Revista\\\/combarranquilla-participa-su-gestion-2024-en-la-asamblea-ordinaria-de-afiliados-2025\\\/\"]}]},{\"@type\":\"ImageObject\",\"inLanguage\":\"es-CO\",\"@id\":\"https:\\\/\\\/tuguia.combarranquilla.co\\\/Revista\\\/combarranquilla-participa-su-gestion-2024-en-la-asamblea-ordinaria-de-afiliados-2025\\\/#primaryimage\",\"url\":\"https:\\\/\\\/tuguia.combarranquilla.co\\\/Revista\\\/wp-content\\\/uploads\\\/2025\\\/05\\\/DSC5093-scaled.jpg\",\"contentUrl\":\"https:\\\/\\\/tuguia.combarranquilla.co\\\/Revista\\\/wp-content\\\/uploads\\\/2025\\\/05\\\/DSC5093-scaled.jpg\",\"width\":2560,\"height\":1707},{\"@type\":\"BreadcrumbList\",\"@id\":\"https:\\\/\\\/tuguia.combarranquilla.co\\\/Revista\\\/combarranquilla-participa-su-gestion-2024-en-la-asamblea-ordinaria-de-afiliados-2025\\\/#breadcrumb\",\"itemListElement\":[{\"@type\":\"ListItem\",\"position\":1,\"name\":\"Inicio\",\"item\":\"https:\\\/\\\/tuguia.combarranquilla.co\\\/Revista\\\/\"},{\"@type\":\"ListItem\",\"position\":2,\"name\":\"Combarranquilla presenta su gesti\u00f3n en la Asamblea Ordinaria de Afiliados 2025\"}]},{\"@type\":\"WebSite\",\"@id\":\"https:\\\/\\\/tuguia.combarranquilla.co\\\/Revista\\\/#website\",\"url\":\"https:\\\/\\\/tuguia.combarranquilla.co\\\/Revista\\\/\",\"name\":\"Tu Gu\u00eda\",\"description\":\"La revista donde lo tienes todo.\",\"publisher\":{\"@id\":\"https:\\\/\\\/tuguia.combarranquilla.co\\\/Revista\\\/#organization\"},\"alternateName\":\"Tu Gu\u00eda Combarranquilla\",\"potentialAction\":[{\"@type\":\"SearchAction\",\"target\":{\"@type\":\"EntryPoint\",\"urlTemplate\":\"https:\\\/\\\/tuguia.combarranquilla.co\\\/Revista\\\/?s={search_term_string}\"},\"query-input\":{\"@type\":\"PropertyValueSpecification\",\"valueRequired\":true,\"valueName\":\"search_term_string\"}}],\"inLanguage\":\"es-CO\"},{\"@type\":\"Organization\",\"@id\":\"https:\\\/\\\/tuguia.combarranquilla.co\\\/Revista\\\/#organization\",\"name\":\"Tu Gu\u00eda Combarranquilla\",\"url\":\"https:\\\/\\\/tuguia.combarranquilla.co\\\/Revista\\\/\",\"logo\":{\"@type\":\"ImageObject\",\"inLanguage\":\"es-CO\",\"@id\":\"https:\\\/\\\/tuguia.combarranquilla.co\\\/Revista\\\/#\\\/schema\\\/logo\\\/image\\\/\",\"url\":\"https:\\\/\\\/tuguia.combarranquilla.co\\\/Revista\\\/wp-content\\\/uploads\\\/2022\\\/02\\\/logo-guia-combarranquilla.svg\",\"contentUrl\":\"https:\\\/\\\/tuguia.combarranquilla.co\\\/Revista\\\/wp-content\\\/uploads\\\/2022\\\/02\\\/logo-guia-combarranquilla.svg\",\"caption\":\"Tu Gu\u00eda Combarranquilla\"},\"image\":{\"@id\":\"https:\\\/\\\/tuguia.combarranquilla.co\\\/Revista\\\/#\\\/schema\\\/logo\\\/image\\\/\"}},{\"@type\":\"Person\",\"@id\":\"https:\\\/\\\/tuguia.combarranquilla.co\\\/Revista\\\/#\\\/schema\\\/person\\\/c2c396a77170bd1d5f8ba73294eb0d10\",\"name\":\"Comunicaciones Combarranquilla\",\"image\":{\"@type\":\"ImageObject\",\"inLanguage\":\"es-CO\",\"@id\":\"https:\\\/\\\/tuguia.combarranquilla.co\\\/Revista\\\/wp-content\\\/uploads\\\/2025\\\/05\\\/ABC-Al-Rojo-Logo-96x96.jpg\",\"url\":\"https:\\\/\\\/tuguia.combarranquilla.co\\\/Revista\\\/wp-content\\\/uploads\\\/2025\\\/05\\\/ABC-Al-Rojo-Logo-96x96.jpg\",\"contentUrl\":\"https:\\\/\\\/tuguia.combarranquilla.co\\\/Revista\\\/wp-content\\\/uploads\\\/2025\\\/05\\\/ABC-Al-Rojo-Logo-96x96.jpg\",\"caption\":\"Comunicaciones Combarranquilla\"},\"sameAs\":[\"https:\\\/\\\/www.combarranquilla.co\"],\"url\":\"https:\\\/\\\/tuguia.combarranquilla.co\\\/Revista\\\/author\\\/comunicaciones\\\/\"}]}<\/script>\n<!-- \/ Yoast SEO plugin. -->","yoast_head_json":{"title":"Combarranquilla presenta su gesti\u00f3n en la Asamblea Ordinaria de Afiliados 2025 - Tu Gu\u00eda","robots":{"index":"index","follow":"follow","max-snippet":"max-snippet:-1","max-image-preview":"max-image-preview:large","max-video-preview":"max-video-preview:-1"},"canonical":"https:\/\/tuguia.combarranquilla.co\/Revista\/combarranquilla-participa-su-gestion-2024-en-la-asamblea-ordinaria-de-afiliados-2025\/","og_locale":"es_ES","og_type":"article","og_title":"Combarranquilla presenta su gesti\u00f3n en la Asamblea Ordinaria de Afiliados 2025 - Tu Gu\u00eda","og_description":"El 5 de mayo se&nbsp;llev\u00f3&nbsp;a cabo la Asamblea Ordinaria de Afiliados 2025, donde Combarranquilla comparti\u00f3 su rendici\u00f3n de cuentas durante el 2024. La reuni\u00f3n tuvo lugar en la Unidad Country y cont\u00f3 con la presencia de casi 200 empleadores afiliados. En la mesa principal estuvieron Jaime Tello Silva, asesor jur\u00eddico; Ernesto Herrera, director de la [&hellip;]","og_url":"https:\/\/tuguia.combarranquilla.co\/Revista\/combarranquilla-participa-su-gestion-2024-en-la-asamblea-ordinaria-de-afiliados-2025\/","og_site_name":"Tu Gu\u00eda","article_published_time":"2025-05-06T13:45:09+00:00","article_modified_time":"2025-05-08T21:14:42+00:00","og_image":[{"width":2560,"height":1707,"url":"https:\/\/tuguia.combarranquilla.co\/Revista\/wp-content\/uploads\/2025\/05\/DSC5093-scaled.jpg","type":"image\/jpeg"}],"author":"Comunicaciones Combarranquilla","twitter_card":"summary_large_image","twitter_misc":{"Escrito por":"Comunicaciones Combarranquilla","Tiempo de lectura":"5 minutos"},"schema":{"@context":"https:\/\/schema.org","@graph":[{"@type":"Article","@id":"https:\/\/tuguia.combarranquilla.co\/Revista\/combarranquilla-participa-su-gestion-2024-en-la-asamblea-ordinaria-de-afiliados-2025\/#article","isPartOf":{"@id":"https:\/\/tuguia.combarranquilla.co\/Revista\/combarranquilla-participa-su-gestion-2024-en-la-asamblea-ordinaria-de-afiliados-2025\/"},"author":{"name":"Comunicaciones Combarranquilla","@id":"https:\/\/tuguia.combarranquilla.co\/Revista\/#\/schema\/person\/c2c396a77170bd1d5f8ba73294eb0d10"},"headline":"Combarranquilla presenta su gesti\u00f3n en la Asamblea Ordinaria de Afiliados 2025","datePublished":"2025-05-06T13:45:09+00:00","dateModified":"2025-05-08T21:14:42+00:00","mainEntityOfPage":{"@id":"https:\/\/tuguia.combarranquilla.co\/Revista\/combarranquilla-participa-su-gestion-2024-en-la-asamblea-ordinaria-de-afiliados-2025\/"},"wordCount":912,"commentCount":0,"publisher":{"@id":"https:\/\/tuguia.combarranquilla.co\/Revista\/#organization"},"image":{"@id":"https:\/\/tuguia.combarranquilla.co\/Revista\/combarranquilla-participa-su-gestion-2024-en-la-asamblea-ordinaria-de-afiliados-2025\/#primaryimage"},"thumbnailUrl":"https:\/\/tuguia.combarranquilla.co\/Revista\/wp-content\/uploads\/2025\/05\/DSC5093-scaled.jpg","articleSection":["FAMILIA COMBARRANQUILLA"],"inLanguage":"es-CO","potentialAction":[{"@type":"CommentAction","name":"Comment","target":["https:\/\/tuguia.combarranquilla.co\/Revista\/combarranquilla-participa-su-gestion-2024-en-la-asamblea-ordinaria-de-afiliados-2025\/#respond"]}]},{"@type":"WebPage","@id":"https:\/\/tuguia.combarranquilla.co\/Revista\/combarranquilla-participa-su-gestion-2024-en-la-asamblea-ordinaria-de-afiliados-2025\/","url":"https:\/\/tuguia.combarranquilla.co\/Revista\/combarranquilla-participa-su-gestion-2024-en-la-asamblea-ordinaria-de-afiliados-2025\/","name":"Combarranquilla presenta su gesti\u00f3n en la Asamblea Ordinaria de Afiliados 2025 - Tu Gu\u00eda","isPartOf":{"@id":"https:\/\/tuguia.combarranquilla.co\/Revista\/#website"},"primaryImageOfPage":{"@id":"https:\/\/tuguia.combarranquilla.co\/Revista\/combarranquilla-participa-su-gestion-2024-en-la-asamblea-ordinaria-de-afiliados-2025\/#primaryimage"},"image":{"@id":"https:\/\/tuguia.combarranquilla.co\/Revista\/combarranquilla-participa-su-gestion-2024-en-la-asamblea-ordinaria-de-afiliados-2025\/#primaryimage"},"thumbnailUrl":"https:\/\/tuguia.combarranquilla.co\/Revista\/wp-content\/uploads\/2025\/05\/DSC5093-scaled.jpg","datePublished":"2025-05-06T13:45:09+00:00","dateModified":"2025-05-08T21:14:42+00:00","breadcrumb":{"@id":"https:\/\/tuguia.combarranquilla.co\/Revista\/combarranquilla-participa-su-gestion-2024-en-la-asamblea-ordinaria-de-afiliados-2025\/#breadcrumb"},"inLanguage":"es-CO","potentialAction":[{"@type":"ReadAction","target":["https:\/\/tuguia.combarranquilla.co\/Revista\/combarranquilla-participa-su-gestion-2024-en-la-asamblea-ordinaria-de-afiliados-2025\/"]}]},{"@type":"ImageObject","inLanguage":"es-CO","@id":"https:\/\/tuguia.combarranquilla.co\/Revista\/combarranquilla-participa-su-gestion-2024-en-la-asamblea-ordinaria-de-afiliados-2025\/#primaryimage","url":"https:\/\/tuguia.combarranquilla.co\/Revista\/wp-content\/uploads\/2025\/05\/DSC5093-scaled.jpg","contentUrl":"https:\/\/tuguia.combarranquilla.co\/Revista\/wp-content\/uploads\/2025\/05\/DSC5093-scaled.jpg","width":2560,"height":1707},{"@type":"BreadcrumbList","@id":"https:\/\/tuguia.combarranquilla.co\/Revista\/combarranquilla-participa-su-gestion-2024-en-la-asamblea-ordinaria-de-afiliados-2025\/#breadcrumb","itemListElement":[{"@type":"ListItem","position":1,"name":"Inicio","item":"https:\/\/tuguia.combarranquilla.co\/Revista\/"},{"@type":"ListItem","position":2,"name":"Combarranquilla presenta su gesti\u00f3n en la Asamblea Ordinaria de Afiliados 2025"}]},{"@type":"WebSite","@id":"https:\/\/tuguia.combarranquilla.co\/Revista\/#website","url":"https:\/\/tuguia.combarranquilla.co\/Revista\/","name":"Tu Gu\u00eda","description":"La revista donde lo tienes todo.","publisher":{"@id":"https:\/\/tuguia.combarranquilla.co\/Revista\/#organization"},"alternateName":"Tu Gu\u00eda Combarranquilla","potentialAction":[{"@type":"SearchAction","target":{"@type":"EntryPoint","urlTemplate":"https:\/\/tuguia.combarranquilla.co\/Revista\/?s={search_term_string}"},"query-input":{"@type":"PropertyValueSpecification","valueRequired":true,"valueName":"search_term_string"}}],"inLanguage":"es-CO"},{"@type":"Organization","@id":"https:\/\/tuguia.combarranquilla.co\/Revista\/#organization","name":"Tu Gu\u00eda Combarranquilla","url":"https:\/\/tuguia.combarranquilla.co\/Revista\/","logo":{"@type":"ImageObject","inLanguage":"es-CO","@id":"https:\/\/tuguia.combarranquilla.co\/Revista\/#\/schema\/logo\/image\/","url":"https:\/\/tuguia.combarranquilla.co\/Revista\/wp-content\/uploads\/2022\/02\/logo-guia-combarranquilla.svg","contentUrl":"https:\/\/tuguia.combarranquilla.co\/Revista\/wp-content\/uploads\/2022\/02\/logo-guia-combarranquilla.svg","caption":"Tu Gu\u00eda Combarranquilla"},"image":{"@id":"https:\/\/tuguia.combarranquilla.co\/Revista\/#\/schema\/logo\/image\/"}},{"@type":"Person","@id":"https:\/\/tuguia.combarranquilla.co\/Revista\/#\/schema\/person\/c2c396a77170bd1d5f8ba73294eb0d10","name":"Comunicaciones Combarranquilla","image":{"@type":"ImageObject","inLanguage":"es-CO","@id":"https:\/\/tuguia.combarranquilla.co\/Revista\/wp-content\/uploads\/2025\/05\/ABC-Al-Rojo-Logo-96x96.jpg","url":"https:\/\/tuguia.combarranquilla.co\/Revista\/wp-content\/uploads\/2025\/05\/ABC-Al-Rojo-Logo-96x96.jpg","contentUrl":"https:\/\/tuguia.combarranquilla.co\/Revista\/wp-content\/uploads\/2025\/05\/ABC-Al-Rojo-Logo-96x96.jpg","caption":"Comunicaciones Combarranquilla"},"sameAs":["https:\/\/www.combarranquilla.co"],"url":"https:\/\/tuguia.combarranquilla.co\/Revista\/author\/comunicaciones\/"}]}},"_links":{"self":[{"href":"https:\/\/tuguia.combarranquilla.co\/Revista\/wp-json\/wp\/v2\/posts\/6073","targetHints":{"allow":["GET"]}}],"collection":[{"href":"https:\/\/tuguia.combarranquilla.co\/Revista\/wp-json\/wp\/v2\/posts"}],"about":[{"href":"https:\/\/tuguia.combarranquilla.co\/Revista\/wp-json\/wp\/v2\/types\/post"}],"author":[{"embeddable":true,"href":"https:\/\/tuguia.combarranquilla.co\/Revista\/wp-json\/wp\/v2\/users\/2"}],"replies":[{"embeddable":true,"href":"https:\/\/tuguia.combarranquilla.co\/Revista\/wp-json\/wp\/v2\/comments?post=6073"}],"version-history":[{"count":47,"href":"https:\/\/tuguia.combarranquilla.co\/Revista\/wp-json\/wp\/v2\/posts\/6073\/revisions"}],"predecessor-version":[{"id":6256,"href":"https:\/\/tuguia.combarranquilla.co\/Revista\/wp-json\/wp\/v2\/posts\/6073\/revisions\/6256"}],"wp:featuredmedia":[{"embeddable":true,"href":"https:\/\/tuguia.combarranquilla.co\/Revista\/wp-json\/wp\/v2\/media\/6208"}],"wp:attachment":[{"href":"https:\/\/tuguia.combarranquilla.co\/Revista\/wp-json\/wp\/v2\/media?parent=6073"}],"wp:term":[{"taxonomy":"category","embeddable":true,"href":"https:\/\/tuguia.combarranquilla.co\/Revista\/wp-json\/wp\/v2\/categories?post=6073"},{"taxonomy":"post_tag","embeddable":true,"href":"https:\/\/tuguia.combarranquilla.co\/Revista\/wp-json\/wp\/v2\/tags?post=6073"}],"curies":[{"name":"wp","href":"https:\/\/api.w.org\/{rel}","templated":true}]}}