{"id":6086,"date":"2025-05-05T08:37:12","date_gmt":"2025-05-05T13:37:12","guid":{"rendered":"https:\/\/tuguia.combarranquilla.co\/Revista\/?p=6086"},"modified":"2025-05-12T13:59:08","modified_gmt":"2025-05-12T18:59:08","slug":"soy-pensionado-quiero-puedo-y-merezco-ser-afiliado","status":"publish","type":"post","link":"https:\/\/tuguia.combarranquilla.co\/Revista\/soy-pensionado-quiero-puedo-y-merezco-ser-afiliado\/","title":{"rendered":"Soy pensionado: Quiero, puedo y merezco ser afiliado"},"content":{"rendered":"\n<p class=\"has-medium-font-size\">En Colombia,\u00a0cuando eres pensionado, puedes disfrutar de m\u00faltiples beneficios. De acuerdo con el Decreto 867 de 2014, las personas pensionadas pueden acceder a los servicios de las\u00a0cajas\u00a0de compensaci\u00f3n familiar. Estas deben facilitar la vinculaci\u00f3n a su sistema de seguridad social, para promover el desarrollo integral de todos.<\/p>\n\n\n\n<p class=\"has-medium-font-size\">Hoy, Combarranquilla puede ser tu nueva aliada en tu camino de jubilaci\u00f3n. En la Caja, manejamos diferentes&nbsp;modalidades&nbsp;de afiliaci\u00f3n para pensionados que desean seguir recibiendo nuestros beneficios. Con\u00f3celas a continuaci\u00f3n.<\/p>\n\n\n\n<h1 class=\"wp-block-heading has-large-font-size\"><strong>Afiliaciones para pensionados<\/strong><\/h1>\n\n\n\n<p class=\"has-medium-font-size\">Estas son las modalidades de afiliaci\u00f3n:<\/p>\n\n\n\n<h2 class=\"wp-block-heading has-medium-font-size\"><strong>Fidelidad<\/strong><\/h2>\n\n\n\n<div class=\"wp-block-group is-vertical is-layout-flex wp-container-core-group-is-layout-8cf370e7 wp-block-group-is-layout-flex\">\n<p class=\"has-medium-font-size\">Los pensionados que estuvieron afiliados por m\u00e1s de 25 a\u00f1os al Sistema del Subsidio Familiar no efect\u00faan aportes.<\/p>\n\n\n\n<ul class=\"wp-block-list\">\n<li class=\"has-medium-font-size\">Categor\u00eda A para pago de servicios<\/li>\n<\/ul>\n\n\n\n<div class=\"wp-block-columns is-layout-flex wp-container-core-columns-is-layout-9d6595d7 wp-block-columns-is-layout-flex\">\n<div class=\"wp-block-column is-layout-flow wp-block-column-is-layout-flow\">\n<figure class=\"wp-block-table aligncenter is-style-regular\"><table class=\"has-background has-fixed-layout\" style=\"background-color:#d2e0ce\"><tbody><tr><td class=\"has-text-align-center\" data-align=\"center\"><strong>Beneficios que cubre<\/strong><br>Recreaci\u00f3n<br>Capacitaci\u00f3n<br>Turismo<\/td><\/tr><\/tbody><\/table><\/figure>\n<\/div>\n<\/div>\n<\/div>\n\n\n\n<h2 class=\"wp-block-heading has-medium-font-size\"><strong>Exentos de aportes<\/strong><\/h2>\n\n\n\n<div class=\"wp-block-group is-vertical is-layout-flex wp-container-core-group-is-layout-8cf370e7 wp-block-group-is-layout-flex\">\n<p class=\"has-medium-font-size\">Para pensionados que devenguen un salario interior a 1.5 SMLMV y que en su \u00faltima vinculaci\u00f3n laboral&nbsp;estuvieron afiliados&nbsp;a Combarranquilla.<\/p>\n\n\n\n<ul class=\"wp-block-list\">\n<li class=\"has-medium-font-size\">Categor\u00eda A para pago de servicios.<\/li>\n<\/ul>\n\n\n\n<div class=\"wp-block-columns is-layout-flex wp-container-core-columns-is-layout-9d6595d7 wp-block-columns-is-layout-flex\">\n<div class=\"wp-block-column is-layout-flow wp-block-column-is-layout-flow\">\n<figure class=\"wp-block-table aligncenter\"><table class=\"has-background has-fixed-layout\" style=\"background-color:#d2e0ce\"><tbody><tr><td class=\"has-text-align-center\" data-align=\"center\"><strong>Beneficios que cubre<\/strong><br>Recreaci\u00f3n<br>Deportes<br>Cultura<\/td><\/tr><\/tbody><\/table><\/figure>\n<\/div>\n<\/div>\n<\/div>\n\n\n\n<h2 class=\"wp-block-heading has-medium-font-size\"><strong>Aportes del 0,6 %<\/strong><\/h2>\n\n\n\n<div class=\"wp-block-group is-vertical is-layout-flex wp-container-core-group-is-layout-8cf370e7 wp-block-group-is-layout-flex\">\n<p class=\"has-medium-font-size\">Afiliaci\u00f3n que obtiene todo pensionado que decida dar un aporte voluntario del 0,6 % del salario pensional.<\/p>\n\n\n\n<ul class=\"wp-block-list\">\n<li class=\"has-medium-font-size\">Categor\u00edas A, B y C.<\/li>\n<\/ul>\n\n\n\n<div class=\"wp-block-columns is-layout-flex wp-container-core-columns-is-layout-9d6595d7 wp-block-columns-is-layout-flex\">\n<div class=\"wp-block-column is-layout-flow wp-block-column-is-layout-flow\">\n<figure class=\"wp-block-table aligncenter\"><table class=\"has-background has-fixed-layout\" style=\"background-color:#d2e0ce\"><tbody><tr><td class=\"has-text-align-center\" data-align=\"center\"><strong>Beneficios que cubre<\/strong><br>Afiliaci\u00f3n de beneficiarios<br>Recreaci\u00f3n<br>Capacitaci\u00f3n<br>Turismo<\/td><\/tr><\/tbody><\/table><\/figure>\n<\/div>\n<\/div>\n<\/div>\n\n\n\n<h2 class=\"wp-block-heading has-medium-font-size\"><strong>Aportes del 2 %<\/strong><\/h2>\n\n\n\n<div class=\"wp-block-group is-vertical is-layout-flex wp-container-core-group-is-layout-8cf370e7 wp-block-group-is-layout-flex\">\n<p class=\"has-medium-font-size\">Afiliaci\u00f3n que obtiene todo pensionado que decida dar un aporte voluntario del 2 % del salario pensional.<\/p>\n\n\n\n<ul class=\"wp-block-list\">\n<li class=\"has-medium-font-size\">Categor\u00edas A, B y C.<\/li>\n<\/ul>\n\n\n\n<div class=\"wp-block-columns is-layout-flex wp-container-core-columns-is-layout-9d6595d7 wp-block-columns-is-layout-flex\">\n<div class=\"wp-block-column is-layout-flow wp-block-column-is-layout-flow\">\n<figure class=\"wp-block-table aligncenter\"><table class=\"has-background has-fixed-layout\" style=\"background-color:#d2e0ce\"><tbody><tr><td class=\"has-text-align-center\" data-align=\"center\"><strong>Beneficios que cubre<\/strong><br>Afiliaci\u00f3n de beneficiarios<br>Recreaci\u00f3n<br>Deportes<br>Educaci\u00f3n<br>Capacitaci\u00f3n<br>Turismo<br>Cultura<br>Subsidio de Vivienda<\/td><\/tr><\/tbody><\/table><\/figure>\n<\/div>\n<\/div>\n<\/div>\n\n\n\n<div class=\"wp-block-group is-vertical is-layout-flex wp-container-core-group-is-layout-8cf370e7 wp-block-group-is-layout-flex\">\n<p class=\"has-medium-font-size\">Como pensionado, tienes acceso a:<\/p>\n\n\n\n<ul class=\"wp-block-list\">\n<li class=\"has-medium-font-size\">Actividades de entrenamiento f\u00edsico.<\/li>\n\n\n\n<li class=\"has-medium-font-size\">Cursos de nataci\u00f3n con personal capacitado.<\/li>\n\n\n\n<li class=\"has-medium-font-size\">Din\u00e1micas en el Centro Recreacional Solinilla.<\/li>\n\n\n\n<li class=\"has-medium-font-size\">Cursos de inform\u00e1tica, estimulaci\u00f3n cognitiva, pintura y manualidades.<\/li>\n\n\n\n<li class=\"has-medium-font-size\">Actividades de turismo social.<\/li>\n\n\n\n<li class=\"has-medium-font-size\">Tardes recreativas en nuestras unidades.<\/li>\n\n\n\n<li class=\"has-medium-font-size\">Celebraci\u00f3n de fechas especiales.<\/li>\n<\/ul>\n<\/div>\n\n\n\n<p><\/p>\n\n\n\n<h2 class=\"wp-block-heading has-medium-font-size\"><strong>\u00bfQui\u00e9nes pueden ser beneficiarios de los pensionados con aportes del 0,6 % o&nbsp;2 %?<\/strong><\/h2>\n\n\n\n<div class=\"wp-block-group is-vertical is-layout-flex wp-container-core-group-is-layout-8cf370e7 wp-block-group-is-layout-flex\">\n<ul class=\"wp-block-list has-medium-font-size\">\n<li>Hijos menores de 18 a\u00f1os.<\/li>\n<\/ul>\n\n\n\n<ul class=\"wp-block-list has-medium-font-size\">\n<li>C\u00f3nyuge o compa\u00f1ero permanente que no ostente la calidad de trabajador activo, ni registre como cotizante activo en EPS.<\/li>\n<\/ul>\n<\/div>\n\n\n\n<p><\/p>\n\n\n\n<h2 class=\"wp-block-heading has-large-font-size\"><strong>\u00bfC\u00f3mo afiliarte?<\/strong><\/h2>\n\n\n\n<p class=\"has-medium-font-size\">Pensionado, para afiliarte puedes acceder a nuestros servicios en l\u00ednea a trav\u00e9s del siguiente link: <a href=\"https:\/\/enlinea.combarranquilla.co\/ts\/prt-afiliacion.php?prmta=4\" target=\"_blank\" rel=\"noreferrer noopener\">https:\/\/enlinea.combarranquilla.co\/ts\/prt-afiliacion.php?prmta=4<\/a>; y seguir las instrucciones. Tambi\u00e9n puedes acercarte a nuestras unidades y recibir mayor orientaci\u00f3n.<\/p>\n\n\n\n<p class=\"has-medium-font-size\">Cabe destacar que la afiliaci\u00f3n como pensionado no da lugar al pago del subsidio en dinero por personas a cargo.<\/p>\n\n\n<div class=\"wp-block-image\">\n<figure class=\"aligncenter size-large is-resized\"><img decoding=\"async\" width=\"2560\" height=\"1439\" data-src=\"https:\/\/tuguia.combarranquilla.co\/Revista\/wp-content\/uploads\/2025\/05\/pareja-de-mediana-edad-que-muestra-el-pulgar-hacia-arriba-edited-scaled.jpg\" alt=\"\" class=\"wp-image-6115 lazyload\" style=\"--smush-placeholder-width: 2560px; --smush-placeholder-aspect-ratio: 2560\/1439;width:616px;height:auto\" data-srcset=\"https:\/\/tuguia.combarranquilla.co\/Revista\/wp-content\/uploads\/2025\/05\/pareja-de-mediana-edad-que-muestra-el-pulgar-hacia-arriba-edited-scaled.jpg 2560w, https:\/\/tuguia.combarranquilla.co\/Revista\/wp-content\/uploads\/2025\/05\/pareja-de-mediana-edad-que-muestra-el-pulgar-hacia-arriba-edited-300x169.jpg 300w, https:\/\/tuguia.combarranquilla.co\/Revista\/wp-content\/uploads\/2025\/05\/pareja-de-mediana-edad-que-muestra-el-pulgar-hacia-arriba-edited-1024x576.jpg 1024w, https:\/\/tuguia.combarranquilla.co\/Revista\/wp-content\/uploads\/2025\/05\/pareja-de-mediana-edad-que-muestra-el-pulgar-hacia-arriba-edited-768x432.jpg 768w, https:\/\/tuguia.combarranquilla.co\/Revista\/wp-content\/uploads\/2025\/05\/pareja-de-mediana-edad-que-muestra-el-pulgar-hacia-arriba-edited-1536x864.jpg 1536w, https:\/\/tuguia.combarranquilla.co\/Revista\/wp-content\/uploads\/2025\/05\/pareja-de-mediana-edad-que-muestra-el-pulgar-hacia-arriba-edited-2048x1152.jpg 2048w\" data-sizes=\"(max-width: 2560px) 100vw, 2560px\" src=\"data:image\/svg+xml;base64,PHN2ZyB3aWR0aD0iMSIgaGVpZ2h0PSIxIiB4bWxucz0iaHR0cDovL3d3dy53My5vcmcvMjAwMC9zdmciPjwvc3ZnPg==\" \/><\/figure><\/div>\n\n\n<p class=\"has-medium-font-size\">Ahora ya est\u00e1s listo para disfrutar de todos nuestros servicios. La edad nunca es impedimento para gozar de bienestar. Desde Combarranquilla, te apoyamos en todo momento y respondemos a tus necesidades para seguir transformando tu vida.<\/p>\n","protected":false},"excerpt":{"rendered":"<p>En Colombia,\u00a0cuando eres pensionado, puedes disfrutar de m\u00faltiples beneficios. De acuerdo con el Decreto 867 de 2014, las personas pensionadas pueden acceder a los servicios de las\u00a0cajas\u00a0de compensaci\u00f3n familiar. Estas deben facilitar la vinculaci\u00f3n a su sistema de seguridad social, para promover el desarrollo integral de todos. Hoy, Combarranquilla puede ser tu nueva aliada en [&hellip;]<\/p>\n","protected":false},"author":2,"featured_media":6099,"comment_status":"open","ping_status":"open","sticky":false,"template":"","format":"standard","meta":{"inline_featured_image":false,"footnotes":""},"categories":[2],"tags":[],"class_list":["post-6086","post","type-post","status-publish","format-standard","has-post-thumbnail","hentry","category-subsidios"],"yoast_head":"<!-- This site is optimized with the Yoast SEO plugin v27.4 - https:\/\/yoast.com\/product\/yoast-seo-wordpress\/ -->\n<title>Soy pensionado: Quiero, puedo y merezco ser afiliado - Tu Gu\u00eda<\/title>\n<meta name=\"robots\" content=\"index, follow, max-snippet:-1, max-image-preview:large, max-video-preview:-1\" \/>\n<link rel=\"canonical\" href=\"https:\/\/tuguia.combarranquilla.co\/Revista\/soy-pensionado-quiero-puedo-y-merezco-ser-afiliado\/\" \/>\n<meta property=\"og:locale\" content=\"es_ES\" \/>\n<meta property=\"og:type\" content=\"article\" \/>\n<meta property=\"og:title\" content=\"Soy pensionado: Quiero, puedo y merezco ser afiliado - Tu Gu\u00eda\" \/>\n<meta property=\"og:description\" content=\"En Colombia,\u00a0cuando eres pensionado, puedes disfrutar de m\u00faltiples beneficios. De acuerdo con el Decreto 867 de 2014, las personas pensionadas pueden acceder a los servicios de las\u00a0cajas\u00a0de compensaci\u00f3n familiar. Estas deben facilitar la vinculaci\u00f3n a su sistema de seguridad social, para promover el desarrollo integral de todos. Hoy, Combarranquilla puede ser tu nueva aliada en [&hellip;]\" \/>\n<meta property=\"og:url\" content=\"https:\/\/tuguia.combarranquilla.co\/Revista\/soy-pensionado-quiero-puedo-y-merezco-ser-afiliado\/\" \/>\n<meta property=\"og:site_name\" content=\"Tu Gu\u00eda\" \/>\n<meta property=\"article:published_time\" content=\"2025-05-05T13:37:12+00:00\" \/>\n<meta property=\"article:modified_time\" content=\"2025-05-12T18:59:08+00:00\" \/>\n<meta property=\"og:image\" content=\"https:\/\/tuguia.combarranquilla.co\/Revista\/wp-content\/uploads\/2025\/05\/socios-comerciales-jovenes-y-maduros-alegres-dando-cinco-y-celebrando-el-exito-sentados-la-mesa-con-documentos-y-tazas-de-cafe-scaled.jpg\" \/>\n\t<meta property=\"og:image:width\" content=\"2560\" \/>\n\t<meta property=\"og:image:height\" content=\"1707\" \/>\n\t<meta property=\"og:image:type\" content=\"image\/jpeg\" \/>\n<meta name=\"author\" content=\"Comunicaciones Combarranquilla\" \/>\n<meta name=\"twitter:card\" content=\"summary_large_image\" \/>\n<meta name=\"twitter:label1\" content=\"Escrito por\" \/>\n\t<meta name=\"twitter:data1\" content=\"Comunicaciones Combarranquilla\" \/>\n\t<meta name=\"twitter:label2\" content=\"Tiempo de lectura\" \/>\n\t<meta name=\"twitter:data2\" content=\"3 minutos\" \/>\n<script type=\"application\/ld+json\" class=\"yoast-schema-graph\">{\"@context\":\"https:\\\/\\\/schema.org\",\"@graph\":[{\"@type\":\"Article\",\"@id\":\"https:\\\/\\\/tuguia.combarranquilla.co\\\/Revista\\\/soy-pensionado-quiero-puedo-y-merezco-ser-afiliado\\\/#article\",\"isPartOf\":{\"@id\":\"https:\\\/\\\/tuguia.combarranquilla.co\\\/Revista\\\/soy-pensionado-quiero-puedo-y-merezco-ser-afiliado\\\/\"},\"author\":{\"name\":\"Comunicaciones Combarranquilla\",\"@id\":\"https:\\\/\\\/tuguia.combarranquilla.co\\\/Revista\\\/#\\\/schema\\\/person\\\/c2c396a77170bd1d5f8ba73294eb0d10\"},\"headline\":\"Soy pensionado: Quiero, puedo y merezco ser afiliado\",\"datePublished\":\"2025-05-05T13:37:12+00:00\",\"dateModified\":\"2025-05-12T18:59:08+00:00\",\"mainEntityOfPage\":{\"@id\":\"https:\\\/\\\/tuguia.combarranquilla.co\\\/Revista\\\/soy-pensionado-quiero-puedo-y-merezco-ser-afiliado\\\/\"},\"wordCount\":436,\"commentCount\":0,\"publisher\":{\"@id\":\"https:\\\/\\\/tuguia.combarranquilla.co\\\/Revista\\\/#organization\"},\"image\":{\"@id\":\"https:\\\/\\\/tuguia.combarranquilla.co\\\/Revista\\\/soy-pensionado-quiero-puedo-y-merezco-ser-afiliado\\\/#primaryimage\"},\"thumbnailUrl\":\"https:\\\/\\\/tuguia.combarranquilla.co\\\/Revista\\\/wp-content\\\/uploads\\\/2025\\\/05\\\/socios-comerciales-jovenes-y-maduros-alegres-dando-cinco-y-celebrando-el-exito-sentados-la-mesa-con-documentos-y-tazas-de-cafe-scaled.jpg\",\"articleSection\":[\"SUBSIDIOS\"],\"inLanguage\":\"es-CO\",\"potentialAction\":[{\"@type\":\"CommentAction\",\"name\":\"Comment\",\"target\":[\"https:\\\/\\\/tuguia.combarranquilla.co\\\/Revista\\\/soy-pensionado-quiero-puedo-y-merezco-ser-afiliado\\\/#respond\"]}]},{\"@type\":\"WebPage\",\"@id\":\"https:\\\/\\\/tuguia.combarranquilla.co\\\/Revista\\\/soy-pensionado-quiero-puedo-y-merezco-ser-afiliado\\\/\",\"url\":\"https:\\\/\\\/tuguia.combarranquilla.co\\\/Revista\\\/soy-pensionado-quiero-puedo-y-merezco-ser-afiliado\\\/\",\"name\":\"Soy pensionado: Quiero, puedo y merezco ser afiliado - Tu Gu\u00eda\",\"isPartOf\":{\"@id\":\"https:\\\/\\\/tuguia.combarranquilla.co\\\/Revista\\\/#website\"},\"primaryImageOfPage\":{\"@id\":\"https:\\\/\\\/tuguia.combarranquilla.co\\\/Revista\\\/soy-pensionado-quiero-puedo-y-merezco-ser-afiliado\\\/#primaryimage\"},\"image\":{\"@id\":\"https:\\\/\\\/tuguia.combarranquilla.co\\\/Revista\\\/soy-pensionado-quiero-puedo-y-merezco-ser-afiliado\\\/#primaryimage\"},\"thumbnailUrl\":\"https:\\\/\\\/tuguia.combarranquilla.co\\\/Revista\\\/wp-content\\\/uploads\\\/2025\\\/05\\\/socios-comerciales-jovenes-y-maduros-alegres-dando-cinco-y-celebrando-el-exito-sentados-la-mesa-con-documentos-y-tazas-de-cafe-scaled.jpg\",\"datePublished\":\"2025-05-05T13:37:12+00:00\",\"dateModified\":\"2025-05-12T18:59:08+00:00\",\"breadcrumb\":{\"@id\":\"https:\\\/\\\/tuguia.combarranquilla.co\\\/Revista\\\/soy-pensionado-quiero-puedo-y-merezco-ser-afiliado\\\/#breadcrumb\"},\"inLanguage\":\"es-CO\",\"potentialAction\":[{\"@type\":\"ReadAction\",\"target\":[\"https:\\\/\\\/tuguia.combarranquilla.co\\\/Revista\\\/soy-pensionado-quiero-puedo-y-merezco-ser-afiliado\\\/\"]}]},{\"@type\":\"ImageObject\",\"inLanguage\":\"es-CO\",\"@id\":\"https:\\\/\\\/tuguia.combarranquilla.co\\\/Revista\\\/soy-pensionado-quiero-puedo-y-merezco-ser-afiliado\\\/#primaryimage\",\"url\":\"https:\\\/\\\/tuguia.combarranquilla.co\\\/Revista\\\/wp-content\\\/uploads\\\/2025\\\/05\\\/socios-comerciales-jovenes-y-maduros-alegres-dando-cinco-y-celebrando-el-exito-sentados-la-mesa-con-documentos-y-tazas-de-cafe-scaled.jpg\",\"contentUrl\":\"https:\\\/\\\/tuguia.combarranquilla.co\\\/Revista\\\/wp-content\\\/uploads\\\/2025\\\/05\\\/socios-comerciales-jovenes-y-maduros-alegres-dando-cinco-y-celebrando-el-exito-sentados-la-mesa-con-documentos-y-tazas-de-cafe-scaled.jpg\",\"width\":2560,\"height\":1707},{\"@type\":\"BreadcrumbList\",\"@id\":\"https:\\\/\\\/tuguia.combarranquilla.co\\\/Revista\\\/soy-pensionado-quiero-puedo-y-merezco-ser-afiliado\\\/#breadcrumb\",\"itemListElement\":[{\"@type\":\"ListItem\",\"position\":1,\"name\":\"Inicio\",\"item\":\"https:\\\/\\\/tuguia.combarranquilla.co\\\/Revista\\\/\"},{\"@type\":\"ListItem\",\"position\":2,\"name\":\"Soy pensionado: Quiero, puedo y merezco ser afiliado\"}]},{\"@type\":\"WebSite\",\"@id\":\"https:\\\/\\\/tuguia.combarranquilla.co\\\/Revista\\\/#website\",\"url\":\"https:\\\/\\\/tuguia.combarranquilla.co\\\/Revista\\\/\",\"name\":\"Tu Gu\u00eda\",\"description\":\"La revista donde lo tienes todo.\",\"publisher\":{\"@id\":\"https:\\\/\\\/tuguia.combarranquilla.co\\\/Revista\\\/#organization\"},\"alternateName\":\"Tu Gu\u00eda Combarranquilla\",\"potentialAction\":[{\"@type\":\"SearchAction\",\"target\":{\"@type\":\"EntryPoint\",\"urlTemplate\":\"https:\\\/\\\/tuguia.combarranquilla.co\\\/Revista\\\/?s={search_term_string}\"},\"query-input\":{\"@type\":\"PropertyValueSpecification\",\"valueRequired\":true,\"valueName\":\"search_term_string\"}}],\"inLanguage\":\"es-CO\"},{\"@type\":\"Organization\",\"@id\":\"https:\\\/\\\/tuguia.combarranquilla.co\\\/Revista\\\/#organization\",\"name\":\"Tu Gu\u00eda Combarranquilla\",\"url\":\"https:\\\/\\\/tuguia.combarranquilla.co\\\/Revista\\\/\",\"logo\":{\"@type\":\"ImageObject\",\"inLanguage\":\"es-CO\",\"@id\":\"https:\\\/\\\/tuguia.combarranquilla.co\\\/Revista\\\/#\\\/schema\\\/logo\\\/image\\\/\",\"url\":\"https:\\\/\\\/tuguia.combarranquilla.co\\\/Revista\\\/wp-content\\\/uploads\\\/2022\\\/02\\\/logo-guia-combarranquilla.svg\",\"contentUrl\":\"https:\\\/\\\/tuguia.combarranquilla.co\\\/Revista\\\/wp-content\\\/uploads\\\/2022\\\/02\\\/logo-guia-combarranquilla.svg\",\"caption\":\"Tu Gu\u00eda Combarranquilla\"},\"image\":{\"@id\":\"https:\\\/\\\/tuguia.combarranquilla.co\\\/Revista\\\/#\\\/schema\\\/logo\\\/image\\\/\"}},{\"@type\":\"Person\",\"@id\":\"https:\\\/\\\/tuguia.combarranquilla.co\\\/Revista\\\/#\\\/schema\\\/person\\\/c2c396a77170bd1d5f8ba73294eb0d10\",\"name\":\"Comunicaciones Combarranquilla\",\"image\":{\"@type\":\"ImageObject\",\"inLanguage\":\"es-CO\",\"@id\":\"https:\\\/\\\/tuguia.combarranquilla.co\\\/Revista\\\/wp-content\\\/uploads\\\/2025\\\/05\\\/ABC-Al-Rojo-Logo-96x96.jpg\",\"url\":\"https:\\\/\\\/tuguia.combarranquilla.co\\\/Revista\\\/wp-content\\\/uploads\\\/2025\\\/05\\\/ABC-Al-Rojo-Logo-96x96.jpg\",\"contentUrl\":\"https:\\\/\\\/tuguia.combarranquilla.co\\\/Revista\\\/wp-content\\\/uploads\\\/2025\\\/05\\\/ABC-Al-Rojo-Logo-96x96.jpg\",\"caption\":\"Comunicaciones Combarranquilla\"},\"sameAs\":[\"https:\\\/\\\/www.combarranquilla.co\"],\"url\":\"https:\\\/\\\/tuguia.combarranquilla.co\\\/Revista\\\/author\\\/comunicaciones\\\/\"}]}<\/script>\n<!-- \/ Yoast SEO plugin. -->","yoast_head_json":{"title":"Soy pensionado: Quiero, puedo y merezco ser afiliado - Tu Gu\u00eda","robots":{"index":"index","follow":"follow","max-snippet":"max-snippet:-1","max-image-preview":"max-image-preview:large","max-video-preview":"max-video-preview:-1"},"canonical":"https:\/\/tuguia.combarranquilla.co\/Revista\/soy-pensionado-quiero-puedo-y-merezco-ser-afiliado\/","og_locale":"es_ES","og_type":"article","og_title":"Soy pensionado: Quiero, puedo y merezco ser afiliado - Tu Gu\u00eda","og_description":"En Colombia,\u00a0cuando eres pensionado, puedes disfrutar de m\u00faltiples beneficios. De acuerdo con el Decreto 867 de 2014, las personas pensionadas pueden acceder a los servicios de las\u00a0cajas\u00a0de compensaci\u00f3n familiar. Estas deben facilitar la vinculaci\u00f3n a su sistema de seguridad social, para promover el desarrollo integral de todos. Hoy, Combarranquilla puede ser tu nueva aliada en [&hellip;]","og_url":"https:\/\/tuguia.combarranquilla.co\/Revista\/soy-pensionado-quiero-puedo-y-merezco-ser-afiliado\/","og_site_name":"Tu Gu\u00eda","article_published_time":"2025-05-05T13:37:12+00:00","article_modified_time":"2025-05-12T18:59:08+00:00","og_image":[{"width":2560,"height":1707,"url":"https:\/\/tuguia.combarranquilla.co\/Revista\/wp-content\/uploads\/2025\/05\/socios-comerciales-jovenes-y-maduros-alegres-dando-cinco-y-celebrando-el-exito-sentados-la-mesa-con-documentos-y-tazas-de-cafe-scaled.jpg","type":"image\/jpeg"}],"author":"Comunicaciones Combarranquilla","twitter_card":"summary_large_image","twitter_misc":{"Escrito por":"Comunicaciones Combarranquilla","Tiempo de lectura":"3 minutos"},"schema":{"@context":"https:\/\/schema.org","@graph":[{"@type":"Article","@id":"https:\/\/tuguia.combarranquilla.co\/Revista\/soy-pensionado-quiero-puedo-y-merezco-ser-afiliado\/#article","isPartOf":{"@id":"https:\/\/tuguia.combarranquilla.co\/Revista\/soy-pensionado-quiero-puedo-y-merezco-ser-afiliado\/"},"author":{"name":"Comunicaciones Combarranquilla","@id":"https:\/\/tuguia.combarranquilla.co\/Revista\/#\/schema\/person\/c2c396a77170bd1d5f8ba73294eb0d10"},"headline":"Soy pensionado: Quiero, puedo y merezco ser afiliado","datePublished":"2025-05-05T13:37:12+00:00","dateModified":"2025-05-12T18:59:08+00:00","mainEntityOfPage":{"@id":"https:\/\/tuguia.combarranquilla.co\/Revista\/soy-pensionado-quiero-puedo-y-merezco-ser-afiliado\/"},"wordCount":436,"commentCount":0,"publisher":{"@id":"https:\/\/tuguia.combarranquilla.co\/Revista\/#organization"},"image":{"@id":"https:\/\/tuguia.combarranquilla.co\/Revista\/soy-pensionado-quiero-puedo-y-merezco-ser-afiliado\/#primaryimage"},"thumbnailUrl":"https:\/\/tuguia.combarranquilla.co\/Revista\/wp-content\/uploads\/2025\/05\/socios-comerciales-jovenes-y-maduros-alegres-dando-cinco-y-celebrando-el-exito-sentados-la-mesa-con-documentos-y-tazas-de-cafe-scaled.jpg","articleSection":["SUBSIDIOS"],"inLanguage":"es-CO","potentialAction":[{"@type":"CommentAction","name":"Comment","target":["https:\/\/tuguia.combarranquilla.co\/Revista\/soy-pensionado-quiero-puedo-y-merezco-ser-afiliado\/#respond"]}]},{"@type":"WebPage","@id":"https:\/\/tuguia.combarranquilla.co\/Revista\/soy-pensionado-quiero-puedo-y-merezco-ser-afiliado\/","url":"https:\/\/tuguia.combarranquilla.co\/Revista\/soy-pensionado-quiero-puedo-y-merezco-ser-afiliado\/","name":"Soy pensionado: Quiero, puedo y merezco ser afiliado - Tu Gu\u00eda","isPartOf":{"@id":"https:\/\/tuguia.combarranquilla.co\/Revista\/#website"},"primaryImageOfPage":{"@id":"https:\/\/tuguia.combarranquilla.co\/Revista\/soy-pensionado-quiero-puedo-y-merezco-ser-afiliado\/#primaryimage"},"image":{"@id":"https:\/\/tuguia.combarranquilla.co\/Revista\/soy-pensionado-quiero-puedo-y-merezco-ser-afiliado\/#primaryimage"},"thumbnailUrl":"https:\/\/tuguia.combarranquilla.co\/Revista\/wp-content\/uploads\/2025\/05\/socios-comerciales-jovenes-y-maduros-alegres-dando-cinco-y-celebrando-el-exito-sentados-la-mesa-con-documentos-y-tazas-de-cafe-scaled.jpg","datePublished":"2025-05-05T13:37:12+00:00","dateModified":"2025-05-12T18:59:08+00:00","breadcrumb":{"@id":"https:\/\/tuguia.combarranquilla.co\/Revista\/soy-pensionado-quiero-puedo-y-merezco-ser-afiliado\/#breadcrumb"},"inLanguage":"es-CO","potentialAction":[{"@type":"ReadAction","target":["https:\/\/tuguia.combarranquilla.co\/Revista\/soy-pensionado-quiero-puedo-y-merezco-ser-afiliado\/"]}]},{"@type":"ImageObject","inLanguage":"es-CO","@id":"https:\/\/tuguia.combarranquilla.co\/Revista\/soy-pensionado-quiero-puedo-y-merezco-ser-afiliado\/#primaryimage","url":"https:\/\/tuguia.combarranquilla.co\/Revista\/wp-content\/uploads\/2025\/05\/socios-comerciales-jovenes-y-maduros-alegres-dando-cinco-y-celebrando-el-exito-sentados-la-mesa-con-documentos-y-tazas-de-cafe-scaled.jpg","contentUrl":"https:\/\/tuguia.combarranquilla.co\/Revista\/wp-content\/uploads\/2025\/05\/socios-comerciales-jovenes-y-maduros-alegres-dando-cinco-y-celebrando-el-exito-sentados-la-mesa-con-documentos-y-tazas-de-cafe-scaled.jpg","width":2560,"height":1707},{"@type":"BreadcrumbList","@id":"https:\/\/tuguia.combarranquilla.co\/Revista\/soy-pensionado-quiero-puedo-y-merezco-ser-afiliado\/#breadcrumb","itemListElement":[{"@type":"ListItem","position":1,"name":"Inicio","item":"https:\/\/tuguia.combarranquilla.co\/Revista\/"},{"@type":"ListItem","position":2,"name":"Soy pensionado: Quiero, puedo y merezco ser afiliado"}]},{"@type":"WebSite","@id":"https:\/\/tuguia.combarranquilla.co\/Revista\/#website","url":"https:\/\/tuguia.combarranquilla.co\/Revista\/","name":"Tu Gu\u00eda","description":"La revista donde lo tienes todo.","publisher":{"@id":"https:\/\/tuguia.combarranquilla.co\/Revista\/#organization"},"alternateName":"Tu Gu\u00eda Combarranquilla","potentialAction":[{"@type":"SearchAction","target":{"@type":"EntryPoint","urlTemplate":"https:\/\/tuguia.combarranquilla.co\/Revista\/?s={search_term_string}"},"query-input":{"@type":"PropertyValueSpecification","valueRequired":true,"valueName":"search_term_string"}}],"inLanguage":"es-CO"},{"@type":"Organization","@id":"https:\/\/tuguia.combarranquilla.co\/Revista\/#organization","name":"Tu Gu\u00eda Combarranquilla","url":"https:\/\/tuguia.combarranquilla.co\/Revista\/","logo":{"@type":"ImageObject","inLanguage":"es-CO","@id":"https:\/\/tuguia.combarranquilla.co\/Revista\/#\/schema\/logo\/image\/","url":"https:\/\/tuguia.combarranquilla.co\/Revista\/wp-content\/uploads\/2022\/02\/logo-guia-combarranquilla.svg","contentUrl":"https:\/\/tuguia.combarranquilla.co\/Revista\/wp-content\/uploads\/2022\/02\/logo-guia-combarranquilla.svg","caption":"Tu Gu\u00eda Combarranquilla"},"image":{"@id":"https:\/\/tuguia.combarranquilla.co\/Revista\/#\/schema\/logo\/image\/"}},{"@type":"Person","@id":"https:\/\/tuguia.combarranquilla.co\/Revista\/#\/schema\/person\/c2c396a77170bd1d5f8ba73294eb0d10","name":"Comunicaciones Combarranquilla","image":{"@type":"ImageObject","inLanguage":"es-CO","@id":"https:\/\/tuguia.combarranquilla.co\/Revista\/wp-content\/uploads\/2025\/05\/ABC-Al-Rojo-Logo-96x96.jpg","url":"https:\/\/tuguia.combarranquilla.co\/Revista\/wp-content\/uploads\/2025\/05\/ABC-Al-Rojo-Logo-96x96.jpg","contentUrl":"https:\/\/tuguia.combarranquilla.co\/Revista\/wp-content\/uploads\/2025\/05\/ABC-Al-Rojo-Logo-96x96.jpg","caption":"Comunicaciones Combarranquilla"},"sameAs":["https:\/\/www.combarranquilla.co"],"url":"https:\/\/tuguia.combarranquilla.co\/Revista\/author\/comunicaciones\/"}]}},"_links":{"self":[{"href":"https:\/\/tuguia.combarranquilla.co\/Revista\/wp-json\/wp\/v2\/posts\/6086","targetHints":{"allow":["GET"]}}],"collection":[{"href":"https:\/\/tuguia.combarranquilla.co\/Revista\/wp-json\/wp\/v2\/posts"}],"about":[{"href":"https:\/\/tuguia.combarranquilla.co\/Revista\/wp-json\/wp\/v2\/types\/post"}],"author":[{"embeddable":true,"href":"https:\/\/tuguia.combarranquilla.co\/Revista\/wp-json\/wp\/v2\/users\/2"}],"replies":[{"embeddable":true,"href":"https:\/\/tuguia.combarranquilla.co\/Revista\/wp-json\/wp\/v2\/comments?post=6086"}],"version-history":[{"count":23,"href":"https:\/\/tuguia.combarranquilla.co\/Revista\/wp-json\/wp\/v2\/posts\/6086\/revisions"}],"predecessor-version":[{"id":6324,"href":"https:\/\/tuguia.combarranquilla.co\/Revista\/wp-json\/wp\/v2\/posts\/6086\/revisions\/6324"}],"wp:featuredmedia":[{"embeddable":true,"href":"https:\/\/tuguia.combarranquilla.co\/Revista\/wp-json\/wp\/v2\/media\/6099"}],"wp:attachment":[{"href":"https:\/\/tuguia.combarranquilla.co\/Revista\/wp-json\/wp\/v2\/media?parent=6086"}],"wp:term":[{"taxonomy":"category","embeddable":true,"href":"https:\/\/tuguia.combarranquilla.co\/Revista\/wp-json\/wp\/v2\/categories?post=6086"},{"taxonomy":"post_tag","embeddable":true,"href":"https:\/\/tuguia.combarranquilla.co\/Revista\/wp-json\/wp\/v2\/tags?post=6086"}],"curies":[{"name":"wp","href":"https:\/\/api.w.org\/{rel}","templated":true}]}}