{"id":6124,"date":"2025-05-05T09:51:29","date_gmt":"2025-05-05T14:51:29","guid":{"rendered":"https:\/\/tuguia.combarranquilla.co\/Revista\/?p=6124"},"modified":"2025-06-27T11:45:29","modified_gmt":"2025-06-27T16:45:29","slug":"bento-cake-la-minitarta-coreana-mas-deliciosa","status":"publish","type":"post","link":"https:\/\/tuguia.combarranquilla.co\/Revista\/bento-cake-la-minitarta-coreana-mas-deliciosa\/","title":{"rendered":"El bento cake, la minitarta coreana m\u00e1s deliciosa"},"content":{"rendered":"\n<div class=\"wp-block-media-text has-media-on-the-right is-stacked-on-mobile\"><div class=\"wp-block-media-text__content\">\n<p class=\"has-medium-font-size\">Los pasteles bento han sido tendencia en varias partes del mundo, pero muy pocos saben cu\u00e1l es su origen. Esta adorable receta lleg\u00f3 desde Corea del Sur, donde es ampliamente conocida como \ub3c4\uc2dc\ub77d \ucf00\uc774\ud06c<em> (dosirak keikeu) <\/em>o pastel para la lonchera. Como su nombre lo indica, estos pasteles son ideales para disfrutar en cualquier lugar.<\/p>\n<\/div><figure class=\"wp-block-media-text__media\"><img decoding=\"async\" width=\"1024\" height=\"1024\" data-src=\"https:\/\/tuguia.combarranquilla.co\/Revista\/wp-content\/uploads\/2025\/05\/Post-de-Instagram-Feliz-Dia-del-Nino-Infantil-Azul-Rosa-Naranja-1024x1024.jpg\" alt=\"\" class=\"wp-image-6166 size-full lazyload\" data-srcset=\"https:\/\/tuguia.combarranquilla.co\/Revista\/wp-content\/uploads\/2025\/05\/Post-de-Instagram-Feliz-Dia-del-Nino-Infantil-Azul-Rosa-Naranja-1024x1024.jpg 1024w, https:\/\/tuguia.combarranquilla.co\/Revista\/wp-content\/uploads\/2025\/05\/Post-de-Instagram-Feliz-Dia-del-Nino-Infantil-Azul-Rosa-Naranja-300x300.jpg 300w, https:\/\/tuguia.combarranquilla.co\/Revista\/wp-content\/uploads\/2025\/05\/Post-de-Instagram-Feliz-Dia-del-Nino-Infantil-Azul-Rosa-Naranja-150x150.jpg 150w, https:\/\/tuguia.combarranquilla.co\/Revista\/wp-content\/uploads\/2025\/05\/Post-de-Instagram-Feliz-Dia-del-Nino-Infantil-Azul-Rosa-Naranja-768x768.jpg 768w, https:\/\/tuguia.combarranquilla.co\/Revista\/wp-content\/uploads\/2025\/05\/Post-de-Instagram-Feliz-Dia-del-Nino-Infantil-Azul-Rosa-Naranja.jpg 1080w\" data-sizes=\"(max-width: 1024px) 100vw, 1024px\" src=\"data:image\/svg+xml;base64,PHN2ZyB3aWR0aD0iMSIgaGVpZ2h0PSIxIiB4bWxucz0iaHR0cDovL3d3dy53My5vcmcvMjAwMC9zdmciPjwvc3ZnPg==\" style=\"--smush-placeholder-width: 1024px; --smush-placeholder-aspect-ratio: 1024\/1024;\" \/><\/figure><\/div>\n\n\n\n<h1 class=\"wp-block-heading has-large-font-size\">Ingredientes<\/h1>\n\n\n\n<p class=\"has-medium-font-size\">Preparar un pastel bento es muy sencillo. Solo necesitas:<\/p>\n\n\n\n<h3 class=\"wp-block-heading has-medium-font-size\">Para el bizcocho:<\/h3>\n\n\n\n<ul class=\"wp-block-list\">\n<li class=\"has-medium-font-size\">1 huevo<\/li>\n\n\n\n<li class=\"has-medium-font-size\">1\/2 yogur natural (usar el envase como medida)<\/li>\n\n\n\n<li class=\"has-medium-font-size\">1\/2 medida del envase de aceite<\/li>\n\n\n\n<li class=\"has-medium-font-size\">1 medida del envase de harina<\/li>\n\n\n\n<li class=\"has-medium-font-size\">1\/2 medida del envase de az\u00facar<\/li>\n\n\n\n<li class=\"has-medium-font-size\">1 sobre de levadura en polvo<\/li>\n<\/ul>\n\n\n\n<h3 class=\"wp-block-heading has-medium-font-size\">Para la crema:<\/h3>\n\n\n\n<ul class=\"wp-block-list\">\n<li class=\"has-medium-font-size\">200 g de mantequilla a temperatura ambiente<\/li>\n\n\n\n<li class=\"has-medium-font-size\">200 g de az\u00facar glas<\/li>\n\n\n\n<li class=\"has-medium-font-size\">4 cucharadas de leche o nata l\u00edquida<\/li>\n<\/ul>\n\n\n\n<h3 class=\"wp-block-heading has-medium-font-size\">Opcionales para decoraci\u00f3n:<\/h3>\n\n\n\n<ul class=\"wp-block-list\">\n<li class=\"has-medium-font-size\">Colorantes en gel (para tonos suaves como rosa, lavanda o durazno)<\/li>\n\n\n\n<li class=\"has-medium-font-size\">Flores comestibles, confites o letras decorativas<\/li>\n\n\n\n<li class=\"has-medium-font-size\">Caja tipo <em>clamshell <\/em>(de hamburguesa) para presentaci\u00f3n<\/li>\n<\/ul>\n\n\n<div class=\"wp-block-image\">\n<figure class=\"aligncenter size-large is-resized\"><img decoding=\"async\" width=\"2560\" height=\"1440\" data-src=\"https:\/\/tuguia.combarranquilla.co\/Revista\/wp-content\/uploads\/2025\/05\/ingredientes-tarta-cumpleanos-1-edited-scaled.jpg\" alt=\"\" class=\"wp-image-6140 lazyload\" style=\"--smush-placeholder-width: 2560px; --smush-placeholder-aspect-ratio: 2560\/1440;width:620px;height:auto\" data-srcset=\"https:\/\/tuguia.combarranquilla.co\/Revista\/wp-content\/uploads\/2025\/05\/ingredientes-tarta-cumpleanos-1-edited-scaled.jpg 2560w, https:\/\/tuguia.combarranquilla.co\/Revista\/wp-content\/uploads\/2025\/05\/ingredientes-tarta-cumpleanos-1-edited-300x169.jpg 300w, https:\/\/tuguia.combarranquilla.co\/Revista\/wp-content\/uploads\/2025\/05\/ingredientes-tarta-cumpleanos-1-edited-1024x576.jpg 1024w, https:\/\/tuguia.combarranquilla.co\/Revista\/wp-content\/uploads\/2025\/05\/ingredientes-tarta-cumpleanos-1-edited-768x432.jpg 768w, https:\/\/tuguia.combarranquilla.co\/Revista\/wp-content\/uploads\/2025\/05\/ingredientes-tarta-cumpleanos-1-edited-1536x864.jpg 1536w, https:\/\/tuguia.combarranquilla.co\/Revista\/wp-content\/uploads\/2025\/05\/ingredientes-tarta-cumpleanos-1-edited-2048x1152.jpg 2048w\" data-sizes=\"(max-width: 2560px) 100vw, 2560px\" src=\"data:image\/svg+xml;base64,PHN2ZyB3aWR0aD0iMSIgaGVpZ2h0PSIxIiB4bWxucz0iaHR0cDovL3d3dy53My5vcmcvMjAwMC9zdmciPjwvc3ZnPg==\" \/><figcaption class=\"wp-element-caption\"><em>Imagen de referencia<\/em><\/figcaption><\/figure><\/div>\n\n\n<hr class=\"wp-block-separator has-alpha-channel-opacity\"\/>\n\n\n\n<h2 class=\"wp-block-heading has-large-font-size\">Procedimiento<\/h2>\n\n\n\n<p class=\"has-medium-font-size\">1. <strong>Prepara el bizcocho<\/strong>: Precalienta el horno a 180\u202f\u00b0C. En un bol, bate el huevo con el yogur, el aceite y el az\u00facar hasta obtener una mezcla homog\u00e9nea. Incorpora la harina y la levadura tamizadas, mezclando suavemente hasta integrar. Vierte la masa en un molde peque\u00f1o y hornea durante 20-25 minutos o hasta que al insertar un palillo, este salga limpio. Deja enfriar completamente.<\/p>\n\n\n\n<p class=\"has-medium-font-size\">2. <strong>Elabora la <em>buttercream<\/em><\/strong>: Bate la mantequilla con el az\u00facar glas hasta obtener una crema suave y esponjosa. A\u00f1ade la leche o nata l\u00edquida y contin\u00faa batiendo hasta lograr una consistencia cremosa y ligera.<\/p>\n\n\n\n<p class=\"has-medium-font-size\">3. <strong>Monta el pastel<\/strong>: Corta el bizcocho en capas finas. Coloca una capa en el fondo de la caja, unta una capa de <em>buttercream <\/em>y, si lo deseas, a\u00f1ade mermelada o frutas picadas. Repite el proceso hasta completar las capas.<\/p>\n\n\n\n<p class=\"has-medium-font-size\">4. <strong>Decora<\/strong>: Cubre el pastel con una capa fina de <em>buttercream<\/em>. Utiliza una esp\u00e1tula para alisar los bordes y la parte superior. Decora con flores comestibles, confites o letras decorativas seg\u00fan el gusto.<\/p>\n\n\n\n<p class=\"has-medium-font-size\">5. <strong>Presenta<\/strong>: Coloca el pastel montado en la caja tipo <em>clamshell <\/em>para una presentaci\u00f3n m\u00e1s atractiva. A\u00f1ade una decoraci\u00f3n personalizada si quieres regalarle el pastel a alguien.<\/p>\n\n\n<div class=\"wp-block-image\">\n<figure class=\"aligncenter size-large is-resized\"><img decoding=\"async\" width=\"2560\" height=\"1440\" data-src=\"https:\/\/tuguia.combarranquilla.co\/Revista\/wp-content\/uploads\/2025\/05\/pexels-dogu-tuncer-339534179-16140003-edited-scaled.jpg\" alt=\"\" class=\"wp-image-6139 lazyload\" style=\"--smush-placeholder-width: 2560px; --smush-placeholder-aspect-ratio: 2560\/1440;width:635px;height:auto\" data-srcset=\"https:\/\/tuguia.combarranquilla.co\/Revista\/wp-content\/uploads\/2025\/05\/pexels-dogu-tuncer-339534179-16140003-edited-scaled.jpg 2560w, https:\/\/tuguia.combarranquilla.co\/Revista\/wp-content\/uploads\/2025\/05\/pexels-dogu-tuncer-339534179-16140003-edited-300x169.jpg 300w, https:\/\/tuguia.combarranquilla.co\/Revista\/wp-content\/uploads\/2025\/05\/pexels-dogu-tuncer-339534179-16140003-edited-1024x576.jpg 1024w, https:\/\/tuguia.combarranquilla.co\/Revista\/wp-content\/uploads\/2025\/05\/pexels-dogu-tuncer-339534179-16140003-edited-768x432.jpg 768w, https:\/\/tuguia.combarranquilla.co\/Revista\/wp-content\/uploads\/2025\/05\/pexels-dogu-tuncer-339534179-16140003-edited-1536x864.jpg 1536w, https:\/\/tuguia.combarranquilla.co\/Revista\/wp-content\/uploads\/2025\/05\/pexels-dogu-tuncer-339534179-16140003-edited-2048x1152.jpg 2048w\" data-sizes=\"(max-width: 2560px) 100vw, 2560px\" src=\"data:image\/svg+xml;base64,PHN2ZyB3aWR0aD0iMSIgaGVpZ2h0PSIxIiB4bWxucz0iaHR0cDovL3d3dy53My5vcmcvMjAwMC9zdmciPjwvc3ZnPg==\" \/><figcaption class=\"wp-element-caption\"><em>Imagen de referencia<\/em><\/figcaption><\/figure><\/div>\n\n\n<hr class=\"wp-block-separator has-alpha-channel-opacity\"\/>\n\n\n\n<h2 class=\"wp-block-heading has-large-font-size\">Consejos de pastelero<\/h2>\n\n\n\n<ul class=\"wp-block-list\">\n<li class=\"has-medium-font-size\">Para un toque personalizado, escribe mensajes con glaseado o utiliza moldes para letras.<\/li>\n\n\n\n<li class=\"has-medium-font-size\">Utiliza colorantes en gel para obtener tonos suaves y evitar que la buttercream se vuelva l\u00edquida.<\/li>\n\n\n\n<li class=\"has-medium-font-size\">La crema puede te\u00f1irse de varios colores para crear efectos degradados o decoraciones detalladas.<\/li>\n\n\n\n<li class=\"has-medium-font-size\">Si deseas una textura m\u00e1s ligera, puedes optar por una crema chantilly en lugar de la <em>buttercream<\/em>.<\/li>\n<\/ul>\n\n\n<div class=\"wp-block-image\">\n<figure class=\"aligncenter size-large is-resized\"><img decoding=\"async\" width=\"2560\" height=\"1441\" data-src=\"https:\/\/tuguia.combarranquilla.co\/Revista\/wp-content\/uploads\/2025\/05\/pexels-matvalina-18054977-edited-scaled.jpg\" alt=\"\" class=\"wp-image-6141 lazyload\" style=\"--smush-placeholder-width: 2560px; --smush-placeholder-aspect-ratio: 2560\/1441;width:645px;height:auto\" data-srcset=\"https:\/\/tuguia.combarranquilla.co\/Revista\/wp-content\/uploads\/2025\/05\/pexels-matvalina-18054977-edited-scaled.jpg 2560w, https:\/\/tuguia.combarranquilla.co\/Revista\/wp-content\/uploads\/2025\/05\/pexels-matvalina-18054977-edited-300x169.jpg 300w, https:\/\/tuguia.combarranquilla.co\/Revista\/wp-content\/uploads\/2025\/05\/pexels-matvalina-18054977-edited-1024x576.jpg 1024w, https:\/\/tuguia.combarranquilla.co\/Revista\/wp-content\/uploads\/2025\/05\/pexels-matvalina-18054977-edited-768x432.jpg 768w, https:\/\/tuguia.combarranquilla.co\/Revista\/wp-content\/uploads\/2025\/05\/pexels-matvalina-18054977-edited-1536x864.jpg 1536w, https:\/\/tuguia.combarranquilla.co\/Revista\/wp-content\/uploads\/2025\/05\/pexels-matvalina-18054977-edited-2048x1153.jpg 2048w\" data-sizes=\"(max-width: 2560px) 100vw, 2560px\" src=\"data:image\/svg+xml;base64,PHN2ZyB3aWR0aD0iMSIgaGVpZ2h0PSIxIiB4bWxucz0iaHR0cDovL3d3dy53My5vcmcvMjAwMC9zdmciPjwvc3ZnPg==\" \/><figcaption class=\"wp-element-caption\"><em>Imagen de referencia<\/em><\/figcaption><\/figure><\/div>\n\n\n<p class=\"has-medium-font-size\">El pastel bento es perfecto para cualquier ocasi\u00f3n. En este Mes de la Madre, por ejemplo, puedes sorprender a tus seres queridos con esta receta pr\u00e1ctica. Lleva tu amor por la pasteler\u00eda a otro nivel y sigue esta tendencia que ha cautivado el paladar de muchos.<\/p>\n\n\n\n<p><\/p>\n\n\n\n<figure class=\"wp-block-table\"><table class=\"has-fixed-layout\"><tbody><tr><td><strong>Webgraf\u00eda<\/strong><br>Alcoceba, S. (16 de marzo de 2022).<em> &#8216;Bento cake&#8217;, la receta de la minitarta m\u00e1s vista en redes<\/em>. Hola.com. https:\/\/www.hola.com\/cocina\/noticias\/20220314206009\/bento-cakes-receta-sa\/<br>Cakes by Lynz. (9 de septiembre de 2023). <em>Korean Lunchbox Cake (\ub3c4\uc2dc\ub77d \ucf00\uc774\ud06c)<\/em>. https:\/\/sugaryums.com\/korean-lunchbox-cake\/<\/td><\/tr><\/tbody><\/table><\/figure>\n","protected":false},"excerpt":{"rendered":"<p>Los pasteles bento han sido tendencia en varias partes del mundo, pero muy pocos saben cu\u00e1l es su origen. Esta adorable receta lleg\u00f3 desde Corea del Sur, donde es ampliamente conocida como \ub3c4\uc2dc\ub77d \ucf00\uc774\ud06c (dosirak keikeu) o pastel para la lonchera. Como su nombre lo indica, estos pasteles son ideales para disfrutar en cualquier lugar. [&hellip;]<\/p>\n","protected":false},"author":2,"featured_media":6151,"comment_status":"open","ping_status":"open","sticky":false,"template":"","format":"standard","meta":{"inline_featured_image":false,"footnotes":""},"categories":[3],"tags":[],"class_list":["post-6124","post","type-post","status-publish","format-standard","has-post-thumbnail","hentry","category-mirador-gastronomico"],"yoast_head":"<!-- This site is optimized with the Yoast SEO plugin v27.4 - https:\/\/yoast.com\/product\/yoast-seo-wordpress\/ -->\n<title>El bento cake, la minitarta coreana m\u00e1s deliciosa - Tu Gu\u00eda<\/title>\n<meta name=\"robots\" content=\"index, follow, max-snippet:-1, max-image-preview:large, max-video-preview:-1\" \/>\n<link rel=\"canonical\" href=\"https:\/\/tuguia.combarranquilla.co\/Revista\/bento-cake-la-minitarta-coreana-mas-deliciosa\/\" \/>\n<meta property=\"og:locale\" content=\"es_ES\" \/>\n<meta property=\"og:type\" content=\"article\" \/>\n<meta property=\"og:title\" content=\"El bento cake, la minitarta coreana m\u00e1s deliciosa - Tu Gu\u00eda\" \/>\n<meta property=\"og:description\" content=\"Los pasteles bento han sido tendencia en varias partes del mundo, pero muy pocos saben cu\u00e1l es su origen. Esta adorable receta lleg\u00f3 desde Corea del Sur, donde es ampliamente conocida como \ub3c4\uc2dc\ub77d \ucf00\uc774\ud06c (dosirak keikeu) o pastel para la lonchera. Como su nombre lo indica, estos pasteles son ideales para disfrutar en cualquier lugar. [&hellip;]\" \/>\n<meta property=\"og:url\" content=\"https:\/\/tuguia.combarranquilla.co\/Revista\/bento-cake-la-minitarta-coreana-mas-deliciosa\/\" \/>\n<meta property=\"og:site_name\" content=\"Tu Gu\u00eda\" \/>\n<meta property=\"article:published_time\" content=\"2025-05-05T14:51:29+00:00\" \/>\n<meta property=\"article:modified_time\" content=\"2025-06-27T16:45:29+00:00\" \/>\n<meta property=\"og:image\" content=\"https:\/\/tuguia.combarranquilla.co\/Revista\/wp-content\/uploads\/2025\/05\/Beige-Orange-and-Green-Simple-School-Schedule-Desktop-Wallpaper-2-1024x576.png\" \/>\n\t<meta property=\"og:image:width\" content=\"1024\" \/>\n\t<meta property=\"og:image:height\" content=\"576\" \/>\n\t<meta property=\"og:image:type\" content=\"image\/png\" \/>\n<meta name=\"author\" content=\"Comunicaciones Combarranquilla\" \/>\n<meta name=\"twitter:card\" content=\"summary_large_image\" \/>\n<meta name=\"twitter:label1\" content=\"Escrito por\" \/>\n\t<meta name=\"twitter:data1\" content=\"Comunicaciones Combarranquilla\" \/>\n\t<meta name=\"twitter:label2\" content=\"Tiempo de lectura\" \/>\n\t<meta name=\"twitter:data2\" content=\"4 minutos\" \/>\n<script type=\"application\/ld+json\" class=\"yoast-schema-graph\">{\"@context\":\"https:\\\/\\\/schema.org\",\"@graph\":[{\"@type\":\"Article\",\"@id\":\"https:\\\/\\\/tuguia.combarranquilla.co\\\/Revista\\\/bento-cake-la-minitarta-coreana-mas-deliciosa\\\/#article\",\"isPartOf\":{\"@id\":\"https:\\\/\\\/tuguia.combarranquilla.co\\\/Revista\\\/bento-cake-la-minitarta-coreana-mas-deliciosa\\\/\"},\"author\":{\"name\":\"Comunicaciones Combarranquilla\",\"@id\":\"https:\\\/\\\/tuguia.combarranquilla.co\\\/Revista\\\/#\\\/schema\\\/person\\\/c2c396a77170bd1d5f8ba73294eb0d10\"},\"headline\":\"El bento cake, la minitarta coreana m\u00e1s deliciosa\",\"datePublished\":\"2025-05-05T14:51:29+00:00\",\"dateModified\":\"2025-06-27T16:45:29+00:00\",\"mainEntityOfPage\":{\"@id\":\"https:\\\/\\\/tuguia.combarranquilla.co\\\/Revista\\\/bento-cake-la-minitarta-coreana-mas-deliciosa\\\/\"},\"wordCount\":528,\"commentCount\":0,\"publisher\":{\"@id\":\"https:\\\/\\\/tuguia.combarranquilla.co\\\/Revista\\\/#organization\"},\"image\":{\"@id\":\"https:\\\/\\\/tuguia.combarranquilla.co\\\/Revista\\\/bento-cake-la-minitarta-coreana-mas-deliciosa\\\/#primaryimage\"},\"thumbnailUrl\":\"https:\\\/\\\/tuguia.combarranquilla.co\\\/Revista\\\/wp-content\\\/uploads\\\/2025\\\/05\\\/Beige-Orange-and-Green-Simple-School-Schedule-Desktop-Wallpaper-2.png\",\"articleSection\":[\"MIRADOR GASTRON\u00d3MICO\"],\"inLanguage\":\"es-CO\",\"potentialAction\":[{\"@type\":\"CommentAction\",\"name\":\"Comment\",\"target\":[\"https:\\\/\\\/tuguia.combarranquilla.co\\\/Revista\\\/bento-cake-la-minitarta-coreana-mas-deliciosa\\\/#respond\"]}]},{\"@type\":\"WebPage\",\"@id\":\"https:\\\/\\\/tuguia.combarranquilla.co\\\/Revista\\\/bento-cake-la-minitarta-coreana-mas-deliciosa\\\/\",\"url\":\"https:\\\/\\\/tuguia.combarranquilla.co\\\/Revista\\\/bento-cake-la-minitarta-coreana-mas-deliciosa\\\/\",\"name\":\"El bento cake, la minitarta coreana m\u00e1s deliciosa - Tu Gu\u00eda\",\"isPartOf\":{\"@id\":\"https:\\\/\\\/tuguia.combarranquilla.co\\\/Revista\\\/#website\"},\"primaryImageOfPage\":{\"@id\":\"https:\\\/\\\/tuguia.combarranquilla.co\\\/Revista\\\/bento-cake-la-minitarta-coreana-mas-deliciosa\\\/#primaryimage\"},\"image\":{\"@id\":\"https:\\\/\\\/tuguia.combarranquilla.co\\\/Revista\\\/bento-cake-la-minitarta-coreana-mas-deliciosa\\\/#primaryimage\"},\"thumbnailUrl\":\"https:\\\/\\\/tuguia.combarranquilla.co\\\/Revista\\\/wp-content\\\/uploads\\\/2025\\\/05\\\/Beige-Orange-and-Green-Simple-School-Schedule-Desktop-Wallpaper-2.png\",\"datePublished\":\"2025-05-05T14:51:29+00:00\",\"dateModified\":\"2025-06-27T16:45:29+00:00\",\"breadcrumb\":{\"@id\":\"https:\\\/\\\/tuguia.combarranquilla.co\\\/Revista\\\/bento-cake-la-minitarta-coreana-mas-deliciosa\\\/#breadcrumb\"},\"inLanguage\":\"es-CO\",\"potentialAction\":[{\"@type\":\"ReadAction\",\"target\":[\"https:\\\/\\\/tuguia.combarranquilla.co\\\/Revista\\\/bento-cake-la-minitarta-coreana-mas-deliciosa\\\/\"]}]},{\"@type\":\"ImageObject\",\"inLanguage\":\"es-CO\",\"@id\":\"https:\\\/\\\/tuguia.combarranquilla.co\\\/Revista\\\/bento-cake-la-minitarta-coreana-mas-deliciosa\\\/#primaryimage\",\"url\":\"https:\\\/\\\/tuguia.combarranquilla.co\\\/Revista\\\/wp-content\\\/uploads\\\/2025\\\/05\\\/Beige-Orange-and-Green-Simple-School-Schedule-Desktop-Wallpaper-2.png\",\"contentUrl\":\"https:\\\/\\\/tuguia.combarranquilla.co\\\/Revista\\\/wp-content\\\/uploads\\\/2025\\\/05\\\/Beige-Orange-and-Green-Simple-School-Schedule-Desktop-Wallpaper-2.png\",\"width\":1920,\"height\":1080,\"caption\":\"Imagen de referencia\"},{\"@type\":\"BreadcrumbList\",\"@id\":\"https:\\\/\\\/tuguia.combarranquilla.co\\\/Revista\\\/bento-cake-la-minitarta-coreana-mas-deliciosa\\\/#breadcrumb\",\"itemListElement\":[{\"@type\":\"ListItem\",\"position\":1,\"name\":\"Inicio\",\"item\":\"https:\\\/\\\/tuguia.combarranquilla.co\\\/Revista\\\/\"},{\"@type\":\"ListItem\",\"position\":2,\"name\":\"El bento cake, la minitarta coreana m\u00e1s deliciosa\"}]},{\"@type\":\"WebSite\",\"@id\":\"https:\\\/\\\/tuguia.combarranquilla.co\\\/Revista\\\/#website\",\"url\":\"https:\\\/\\\/tuguia.combarranquilla.co\\\/Revista\\\/\",\"name\":\"Tu Gu\u00eda\",\"description\":\"La revista donde lo tienes todo.\",\"publisher\":{\"@id\":\"https:\\\/\\\/tuguia.combarranquilla.co\\\/Revista\\\/#organization\"},\"alternateName\":\"Tu Gu\u00eda Combarranquilla\",\"potentialAction\":[{\"@type\":\"SearchAction\",\"target\":{\"@type\":\"EntryPoint\",\"urlTemplate\":\"https:\\\/\\\/tuguia.combarranquilla.co\\\/Revista\\\/?s={search_term_string}\"},\"query-input\":{\"@type\":\"PropertyValueSpecification\",\"valueRequired\":true,\"valueName\":\"search_term_string\"}}],\"inLanguage\":\"es-CO\"},{\"@type\":\"Organization\",\"@id\":\"https:\\\/\\\/tuguia.combarranquilla.co\\\/Revista\\\/#organization\",\"name\":\"Tu Gu\u00eda Combarranquilla\",\"url\":\"https:\\\/\\\/tuguia.combarranquilla.co\\\/Revista\\\/\",\"logo\":{\"@type\":\"ImageObject\",\"inLanguage\":\"es-CO\",\"@id\":\"https:\\\/\\\/tuguia.combarranquilla.co\\\/Revista\\\/#\\\/schema\\\/logo\\\/image\\\/\",\"url\":\"https:\\\/\\\/tuguia.combarranquilla.co\\\/Revista\\\/wp-content\\\/uploads\\\/2022\\\/02\\\/logo-guia-combarranquilla.svg\",\"contentUrl\":\"https:\\\/\\\/tuguia.combarranquilla.co\\\/Revista\\\/wp-content\\\/uploads\\\/2022\\\/02\\\/logo-guia-combarranquilla.svg\",\"caption\":\"Tu Gu\u00eda Combarranquilla\"},\"image\":{\"@id\":\"https:\\\/\\\/tuguia.combarranquilla.co\\\/Revista\\\/#\\\/schema\\\/logo\\\/image\\\/\"}},{\"@type\":\"Person\",\"@id\":\"https:\\\/\\\/tuguia.combarranquilla.co\\\/Revista\\\/#\\\/schema\\\/person\\\/c2c396a77170bd1d5f8ba73294eb0d10\",\"name\":\"Comunicaciones Combarranquilla\",\"image\":{\"@type\":\"ImageObject\",\"inLanguage\":\"es-CO\",\"@id\":\"https:\\\/\\\/tuguia.combarranquilla.co\\\/Revista\\\/wp-content\\\/uploads\\\/2025\\\/05\\\/ABC-Al-Rojo-Logo-96x96.jpg\",\"url\":\"https:\\\/\\\/tuguia.combarranquilla.co\\\/Revista\\\/wp-content\\\/uploads\\\/2025\\\/05\\\/ABC-Al-Rojo-Logo-96x96.jpg\",\"contentUrl\":\"https:\\\/\\\/tuguia.combarranquilla.co\\\/Revista\\\/wp-content\\\/uploads\\\/2025\\\/05\\\/ABC-Al-Rojo-Logo-96x96.jpg\",\"caption\":\"Comunicaciones Combarranquilla\"},\"sameAs\":[\"https:\\\/\\\/www.combarranquilla.co\"],\"url\":\"https:\\\/\\\/tuguia.combarranquilla.co\\\/Revista\\\/author\\\/comunicaciones\\\/\"}]}<\/script>\n<!-- \/ Yoast SEO plugin. -->","yoast_head_json":{"title":"El bento cake, la minitarta coreana m\u00e1s deliciosa - Tu Gu\u00eda","robots":{"index":"index","follow":"follow","max-snippet":"max-snippet:-1","max-image-preview":"max-image-preview:large","max-video-preview":"max-video-preview:-1"},"canonical":"https:\/\/tuguia.combarranquilla.co\/Revista\/bento-cake-la-minitarta-coreana-mas-deliciosa\/","og_locale":"es_ES","og_type":"article","og_title":"El bento cake, la minitarta coreana m\u00e1s deliciosa - Tu Gu\u00eda","og_description":"Los pasteles bento han sido tendencia en varias partes del mundo, pero muy pocos saben cu\u00e1l es su origen. Esta adorable receta lleg\u00f3 desde Corea del Sur, donde es ampliamente conocida como \ub3c4\uc2dc\ub77d \ucf00\uc774\ud06c (dosirak keikeu) o pastel para la lonchera. Como su nombre lo indica, estos pasteles son ideales para disfrutar en cualquier lugar. [&hellip;]","og_url":"https:\/\/tuguia.combarranquilla.co\/Revista\/bento-cake-la-minitarta-coreana-mas-deliciosa\/","og_site_name":"Tu Gu\u00eda","article_published_time":"2025-05-05T14:51:29+00:00","article_modified_time":"2025-06-27T16:45:29+00:00","og_image":[{"width":1024,"height":576,"url":"https:\/\/tuguia.combarranquilla.co\/Revista\/wp-content\/uploads\/2025\/05\/Beige-Orange-and-Green-Simple-School-Schedule-Desktop-Wallpaper-2-1024x576.png","type":"image\/png"}],"author":"Comunicaciones Combarranquilla","twitter_card":"summary_large_image","twitter_misc":{"Escrito por":"Comunicaciones Combarranquilla","Tiempo de lectura":"4 minutos"},"schema":{"@context":"https:\/\/schema.org","@graph":[{"@type":"Article","@id":"https:\/\/tuguia.combarranquilla.co\/Revista\/bento-cake-la-minitarta-coreana-mas-deliciosa\/#article","isPartOf":{"@id":"https:\/\/tuguia.combarranquilla.co\/Revista\/bento-cake-la-minitarta-coreana-mas-deliciosa\/"},"author":{"name":"Comunicaciones Combarranquilla","@id":"https:\/\/tuguia.combarranquilla.co\/Revista\/#\/schema\/person\/c2c396a77170bd1d5f8ba73294eb0d10"},"headline":"El bento cake, la minitarta coreana m\u00e1s deliciosa","datePublished":"2025-05-05T14:51:29+00:00","dateModified":"2025-06-27T16:45:29+00:00","mainEntityOfPage":{"@id":"https:\/\/tuguia.combarranquilla.co\/Revista\/bento-cake-la-minitarta-coreana-mas-deliciosa\/"},"wordCount":528,"commentCount":0,"publisher":{"@id":"https:\/\/tuguia.combarranquilla.co\/Revista\/#organization"},"image":{"@id":"https:\/\/tuguia.combarranquilla.co\/Revista\/bento-cake-la-minitarta-coreana-mas-deliciosa\/#primaryimage"},"thumbnailUrl":"https:\/\/tuguia.combarranquilla.co\/Revista\/wp-content\/uploads\/2025\/05\/Beige-Orange-and-Green-Simple-School-Schedule-Desktop-Wallpaper-2.png","articleSection":["MIRADOR GASTRON\u00d3MICO"],"inLanguage":"es-CO","potentialAction":[{"@type":"CommentAction","name":"Comment","target":["https:\/\/tuguia.combarranquilla.co\/Revista\/bento-cake-la-minitarta-coreana-mas-deliciosa\/#respond"]}]},{"@type":"WebPage","@id":"https:\/\/tuguia.combarranquilla.co\/Revista\/bento-cake-la-minitarta-coreana-mas-deliciosa\/","url":"https:\/\/tuguia.combarranquilla.co\/Revista\/bento-cake-la-minitarta-coreana-mas-deliciosa\/","name":"El bento cake, la minitarta coreana m\u00e1s deliciosa - Tu Gu\u00eda","isPartOf":{"@id":"https:\/\/tuguia.combarranquilla.co\/Revista\/#website"},"primaryImageOfPage":{"@id":"https:\/\/tuguia.combarranquilla.co\/Revista\/bento-cake-la-minitarta-coreana-mas-deliciosa\/#primaryimage"},"image":{"@id":"https:\/\/tuguia.combarranquilla.co\/Revista\/bento-cake-la-minitarta-coreana-mas-deliciosa\/#primaryimage"},"thumbnailUrl":"https:\/\/tuguia.combarranquilla.co\/Revista\/wp-content\/uploads\/2025\/05\/Beige-Orange-and-Green-Simple-School-Schedule-Desktop-Wallpaper-2.png","datePublished":"2025-05-05T14:51:29+00:00","dateModified":"2025-06-27T16:45:29+00:00","breadcrumb":{"@id":"https:\/\/tuguia.combarranquilla.co\/Revista\/bento-cake-la-minitarta-coreana-mas-deliciosa\/#breadcrumb"},"inLanguage":"es-CO","potentialAction":[{"@type":"ReadAction","target":["https:\/\/tuguia.combarranquilla.co\/Revista\/bento-cake-la-minitarta-coreana-mas-deliciosa\/"]}]},{"@type":"ImageObject","inLanguage":"es-CO","@id":"https:\/\/tuguia.combarranquilla.co\/Revista\/bento-cake-la-minitarta-coreana-mas-deliciosa\/#primaryimage","url":"https:\/\/tuguia.combarranquilla.co\/Revista\/wp-content\/uploads\/2025\/05\/Beige-Orange-and-Green-Simple-School-Schedule-Desktop-Wallpaper-2.png","contentUrl":"https:\/\/tuguia.combarranquilla.co\/Revista\/wp-content\/uploads\/2025\/05\/Beige-Orange-and-Green-Simple-School-Schedule-Desktop-Wallpaper-2.png","width":1920,"height":1080,"caption":"Imagen de referencia"},{"@type":"BreadcrumbList","@id":"https:\/\/tuguia.combarranquilla.co\/Revista\/bento-cake-la-minitarta-coreana-mas-deliciosa\/#breadcrumb","itemListElement":[{"@type":"ListItem","position":1,"name":"Inicio","item":"https:\/\/tuguia.combarranquilla.co\/Revista\/"},{"@type":"ListItem","position":2,"name":"El bento cake, la minitarta coreana m\u00e1s deliciosa"}]},{"@type":"WebSite","@id":"https:\/\/tuguia.combarranquilla.co\/Revista\/#website","url":"https:\/\/tuguia.combarranquilla.co\/Revista\/","name":"Tu Gu\u00eda","description":"La revista donde lo tienes todo.","publisher":{"@id":"https:\/\/tuguia.combarranquilla.co\/Revista\/#organization"},"alternateName":"Tu Gu\u00eda Combarranquilla","potentialAction":[{"@type":"SearchAction","target":{"@type":"EntryPoint","urlTemplate":"https:\/\/tuguia.combarranquilla.co\/Revista\/?s={search_term_string}"},"query-input":{"@type":"PropertyValueSpecification","valueRequired":true,"valueName":"search_term_string"}}],"inLanguage":"es-CO"},{"@type":"Organization","@id":"https:\/\/tuguia.combarranquilla.co\/Revista\/#organization","name":"Tu Gu\u00eda Combarranquilla","url":"https:\/\/tuguia.combarranquilla.co\/Revista\/","logo":{"@type":"ImageObject","inLanguage":"es-CO","@id":"https:\/\/tuguia.combarranquilla.co\/Revista\/#\/schema\/logo\/image\/","url":"https:\/\/tuguia.combarranquilla.co\/Revista\/wp-content\/uploads\/2022\/02\/logo-guia-combarranquilla.svg","contentUrl":"https:\/\/tuguia.combarranquilla.co\/Revista\/wp-content\/uploads\/2022\/02\/logo-guia-combarranquilla.svg","caption":"Tu Gu\u00eda Combarranquilla"},"image":{"@id":"https:\/\/tuguia.combarranquilla.co\/Revista\/#\/schema\/logo\/image\/"}},{"@type":"Person","@id":"https:\/\/tuguia.combarranquilla.co\/Revista\/#\/schema\/person\/c2c396a77170bd1d5f8ba73294eb0d10","name":"Comunicaciones Combarranquilla","image":{"@type":"ImageObject","inLanguage":"es-CO","@id":"https:\/\/tuguia.combarranquilla.co\/Revista\/wp-content\/uploads\/2025\/05\/ABC-Al-Rojo-Logo-96x96.jpg","url":"https:\/\/tuguia.combarranquilla.co\/Revista\/wp-content\/uploads\/2025\/05\/ABC-Al-Rojo-Logo-96x96.jpg","contentUrl":"https:\/\/tuguia.combarranquilla.co\/Revista\/wp-content\/uploads\/2025\/05\/ABC-Al-Rojo-Logo-96x96.jpg","caption":"Comunicaciones Combarranquilla"},"sameAs":["https:\/\/www.combarranquilla.co"],"url":"https:\/\/tuguia.combarranquilla.co\/Revista\/author\/comunicaciones\/"}]}},"_links":{"self":[{"href":"https:\/\/tuguia.combarranquilla.co\/Revista\/wp-json\/wp\/v2\/posts\/6124","targetHints":{"allow":["GET"]}}],"collection":[{"href":"https:\/\/tuguia.combarranquilla.co\/Revista\/wp-json\/wp\/v2\/posts"}],"about":[{"href":"https:\/\/tuguia.combarranquilla.co\/Revista\/wp-json\/wp\/v2\/types\/post"}],"author":[{"embeddable":true,"href":"https:\/\/tuguia.combarranquilla.co\/Revista\/wp-json\/wp\/v2\/users\/2"}],"replies":[{"embeddable":true,"href":"https:\/\/tuguia.combarranquilla.co\/Revista\/wp-json\/wp\/v2\/comments?post=6124"}],"version-history":[{"count":27,"href":"https:\/\/tuguia.combarranquilla.co\/Revista\/wp-json\/wp\/v2\/posts\/6124\/revisions"}],"predecessor-version":[{"id":7013,"href":"https:\/\/tuguia.combarranquilla.co\/Revista\/wp-json\/wp\/v2\/posts\/6124\/revisions\/7013"}],"wp:featuredmedia":[{"embeddable":true,"href":"https:\/\/tuguia.combarranquilla.co\/Revista\/wp-json\/wp\/v2\/media\/6151"}],"wp:attachment":[{"href":"https:\/\/tuguia.combarranquilla.co\/Revista\/wp-json\/wp\/v2\/media?parent=6124"}],"wp:term":[{"taxonomy":"category","embeddable":true,"href":"https:\/\/tuguia.combarranquilla.co\/Revista\/wp-json\/wp\/v2\/categories?post=6124"},{"taxonomy":"post_tag","embeddable":true,"href":"https:\/\/tuguia.combarranquilla.co\/Revista\/wp-json\/wp\/v2\/tags?post=6124"}],"curies":[{"name":"wp","href":"https:\/\/api.w.org\/{rel}","templated":true}]}}