{"id":6309,"date":"2025-05-14T10:06:00","date_gmt":"2025-05-14T15:06:00","guid":{"rendered":"https:\/\/tuguia.combarranquilla.co\/Revista\/?p=6309"},"modified":"2025-05-19T16:20:52","modified_gmt":"2025-05-19T21:20:52","slug":"un-mundo-sin-limites-seminario-sobre-inteligencia-artificial","status":"publish","type":"post","link":"https:\/\/tuguia.combarranquilla.co\/Revista\/un-mundo-sin-limites-seminario-sobre-inteligencia-artificial\/","title":{"rendered":"Un mundo sin l\u00edmites: seminario sobre inteligencia artificial"},"content":{"rendered":"\n<p class=\"has-medium-font-size\">En 1956, el cient\u00edfico estadounidense John McCarthy acu\u00f1\u00f3 el t\u00e9rmino \u201cinteligencia artificial\u201d (<em>artificial intelligence<\/em>) durante la Conferencia de Dartmouth, donde present\u00f3 su proyecto sobre la inteligencia artificial (IA), junto con los investigadores Marvin Minsky, Nathaniel Rochester y Claude Shannon.<\/p>\n\n\n\n<p class=\"has-medium-font-size\">McCarthy&nbsp;defini\u00f3&nbsp;la IA como<\/p>\n\n\n\n<blockquote class=\"wp-block-quote is-layout-flow wp-block-quote-is-layout-flow\">\n<p class=\"has-medium-font-size\"><em>la ciencia e ingenier\u00eda de fabricar&nbsp;m\u00e1quinas&nbsp;inteligentes, especialmente programas de computaci\u00f3n inteligentes (2007).<\/em><\/p>\n<\/blockquote>\n\n\n\n<p class=\"has-medium-font-size\">Adem\u00e1s, asegur\u00f3 que la inteligencia artificial apunta a alcanzar el desarrollo de la inteligencia humana. Se busca que tenga la capacidad de resolver problemas y alcanzar metas, tal y como los humanos. Si bien a\u00fan es incierto cu\u00e1ndo llegar\u00e1 este avance tan importante, el auge de la&nbsp;IA en la sociedad es indiscutible.<\/p>\n\n\n\n<h2 class=\"wp-block-heading has-medium-font-size\"><strong>El valor de la IA<\/strong><\/h2>\n\n\n\n<p class=\"has-medium-font-size\">La inteligencia&nbsp;artificial&nbsp;ya hace parte de nuestra vida cotidiana y nos ha&nbsp;tra\u00eddo&nbsp;muchos beneficios, como la optimizaci\u00f3n de procesos empresariales o la ciberseguridad. Su presencia en nuestro d\u00eda a d\u00eda hace cada vez m\u00e1s necesario que dediquemos nuestro tiempo a aprender sobre ella.<\/p>\n\n\n<div class=\"wp-block-image\">\n<figure class=\"aligncenter size-large is-resized\"><img decoding=\"async\" width=\"1024\" height=\"1009\" data-src=\"https:\/\/tuguia.combarranquilla.co\/Revista\/wp-content\/uploads\/2025\/05\/20201019PHT89615_original-1-1024x1009.jpg\" alt=\"\" class=\"wp-image-6342 lazyload\" style=\"--smush-placeholder-width: 1024px; --smush-placeholder-aspect-ratio: 1024\/1009;width:590px;height:auto\" data-srcset=\"https:\/\/tuguia.combarranquilla.co\/Revista\/wp-content\/uploads\/2025\/05\/20201019PHT89615_original-1-1024x1009.jpg 1024w, https:\/\/tuguia.combarranquilla.co\/Revista\/wp-content\/uploads\/2025\/05\/20201019PHT89615_original-1-300x296.jpg 300w, https:\/\/tuguia.combarranquilla.co\/Revista\/wp-content\/uploads\/2025\/05\/20201019PHT89615_original-1-768x756.jpg 768w, https:\/\/tuguia.combarranquilla.co\/Revista\/wp-content\/uploads\/2025\/05\/20201019PHT89615_original-1.jpg 1200w\" data-sizes=\"(max-width: 1024px) 100vw, 1024px\" src=\"data:image\/svg+xml;base64,PHN2ZyB3aWR0aD0iMSIgaGVpZ2h0PSIxIiB4bWxucz0iaHR0cDovL3d3dy53My5vcmcvMjAwMC9zdmciPjwvc3ZnPg==\" \/><figcaption class=\"wp-element-caption\">Tomado de https:\/\/www.europarl.europa.eu\/topics\/es\/article\/20200827STO85804\/que-es-la-inteligencia-artificial-y-como-se-usa<\/figcaption><\/figure><\/div>\n\n\n<p class=\"has-medium-font-size\">Aprender sobre la IA trae diferentes beneficios:<\/p>\n\n\n\n<ul class=\"wp-block-list\">\n<li class=\"has-medium-font-size\">Fomenta la productividad en el trabajo y en los estudios.<\/li>\n\n\n\n<li class=\"has-medium-font-size\">Aporta a la creatividad y la innovaci\u00f3n.<\/li>\n\n\n\n<li class=\"has-medium-font-size\">Nos prepara para un futuro todav\u00eda m\u00e1s digitalizado.<\/li>\n\n\n\n<li class=\"has-medium-font-size\">Mejora nuestra toma de decisiones.<\/li>\n<\/ul>\n\n\n\n<p class=\"has-medium-font-size\">Solo si nos informamos y empezamos a analizar c\u00f3mo utilizar la IA de manera correcta, podremos disfrutar realmente de aquello que nos ofrece.<\/p>\n\n\n\n<h2 class=\"wp-block-heading has-medium-font-size\"><strong>Seminario del Centro de Formaci\u00f3n Combarranquilla<\/strong><\/h2>\n\n\n\n<p class=\"has-medium-font-size\">En la actualidad, conocer sobre inteligencia artificial est\u00e1 al alcance de todos, pero es necesario tener a alguien que nos oriente para aprender m\u00e1s sobre este nuevo y novedoso recurso.<\/p>\n\n\n\n<p class=\"has-medium-font-size\">Por eso, en Combarranquilla tenemos el seminario <strong>\u201cDescubriendo el poder de la inteligencia artificial aplicada\u201d<\/strong> este mes de mayo, en la Unidad Country. Ser\u00e1 dirigido por Farid Gonz\u00e1les, productor audiovisual, publicista y dise\u00f1ador, con una s\u00f3lida trayectoria en desarrollo tecnol\u00f3gico e innovaci\u00f3n digital.<\/p>\n\n\n\n<p class=\"has-medium-font-size\">El objetivo de esta capacitaci\u00f3n es brindar una visi\u00f3n introductoria sobre la IA, sus aplicaciones pr\u00e1cticas y su impacto en distintos sectores productivos. Los temas a tratar son:<\/p>\n\n\n\n<div class=\"wp-block-group is-vertical is-layout-flex wp-container-core-group-is-layout-8cf370e7 wp-block-group-is-layout-flex\">\n<div class=\"wp-block-group is-vertical is-layout-flex wp-container-core-group-is-layout-8cf370e7 wp-block-group-is-layout-flex\">\n<ul class=\"wp-block-list has-medium-font-size\">\n<li>Fundamentos de la IA<\/li>\n<\/ul>\n\n\n\n<ul class=\"wp-block-list has-medium-font-size\">\n<li>IA para la productividad y automatizaci\u00f3n<\/li>\n<\/ul>\n\n\n\n<ul class=\"wp-block-list has-medium-font-size\">\n<li>IA en el an\u00e1lisis de datos y la toma de decisiones<\/li>\n<\/ul>\n\n\n\n<ul class=\"wp-block-list has-medium-font-size\">\n<li>IA en la seguridad digital y protecci\u00f3n de la informaci\u00f3n<\/li>\n<\/ul>\n\n\n\n<ul class=\"wp-block-list has-medium-font-size\">\n<li>IA en la experiencia del usuario y personalizaci\u00f3n<\/li>\n<\/ul>\n\n\n\n<ul class=\"wp-block-list has-medium-font-size\">\n<li>Tendencias y oportunidades de innovaci\u00f3n con IA<\/li>\n<\/ul>\n<\/div>\n<\/div>\n\n\n\n<p><\/p>\n\n\n\n<p class=\"has-medium-font-size\">Esta es una oportunidad para profundizar en temas interesantes, a la vez que seguimos nutriendo nuestra visi\u00f3n del mundo. Porque la inteligencia artificial hace parte de nuestro futuro.<\/p>\n\n\n\n<p class=\"has-text-color has-link-color has-medium-font-size wp-elements-39f92f8be72e36df5dafd8b90c00dc44\" style=\"color:#315e31\"><em><strong>Para m\u00e1s informaci\u00f3n sobre el seminario, comun\u00edcate al (605) 3225049 &#8211; Opci\u00f3n 3.<\/strong><\/em><\/p>\n\n\n\n<figure class=\"wp-block-table\"><table class=\"has-fixed-layout\"><tbody><tr><td><strong>Referencias<\/strong><br>Delgado, M. (20 de diciembre de 2023). <em>\u00bfPor qu\u00e9 es importante que sepas de Inteligencia Artificial? <\/em>National Geographic Espa\u00f1a. Recuperado el 12 de mayo de 2025 de https:\/\/www.nationalgeographic.com.es\/ciencia\/por-que-es-importante-que-sepas-inteligencia-artificial_21257<br>Parlamento Europeo. (8 de agosto de 2020).<em>&nbsp;\u00bfQu\u00e9 es la inteligencia artificial y c\u00f3mo se usa?<\/em> https:\/\/www.europarl.europa.eu\/topics\/es\/article\/20200827STO85804\/que-es-la-inteligencia-artificial-y-como-se-usa<br>McCarthy, J. (2007). <em>What is artifical intelligence? <\/em>Stanford University. https:\/\/www-formal.stanford.edu\/jmc\/whatisai.pdf<\/td><\/tr><\/tbody><\/table><\/figure>\n\n\n\n<p><\/p>\n","protected":false},"excerpt":{"rendered":"<p>En 1956, el cient\u00edfico estadounidense John McCarthy acu\u00f1\u00f3 el t\u00e9rmino \u201cinteligencia artificial\u201d (artificial intelligence) durante la Conferencia de Dartmouth, donde present\u00f3 su proyecto sobre la inteligencia artificial (IA), junto con los investigadores Marvin Minsky, Nathaniel Rochester y Claude Shannon. McCarthy&nbsp;defini\u00f3&nbsp;la IA como la ciencia e ingenier\u00eda de fabricar&nbsp;m\u00e1quinas&nbsp;inteligentes, especialmente programas de computaci\u00f3n inteligentes (2007). Adem\u00e1s, [&hellip;]<\/p>\n","protected":false},"author":2,"featured_media":6340,"comment_status":"open","ping_status":"open","sticky":false,"template":"","format":"standard","meta":{"inline_featured_image":false,"footnotes":""},"categories":[8],"tags":[],"class_list":["post-6309","post","type-post","status-publish","format-standard","has-post-thumbnail","hentry","category-formacion"],"yoast_head":"<!-- This site is optimized with the Yoast SEO plugin v27.4 - https:\/\/yoast.com\/product\/yoast-seo-wordpress\/ -->\n<title>Un mundo sin l\u00edmites: seminario sobre inteligencia artificial - Tu Gu\u00eda<\/title>\n<meta name=\"robots\" content=\"index, follow, max-snippet:-1, max-image-preview:large, max-video-preview:-1\" \/>\n<link rel=\"canonical\" href=\"https:\/\/tuguia.combarranquilla.co\/Revista\/un-mundo-sin-limites-seminario-sobre-inteligencia-artificial\/\" \/>\n<meta property=\"og:locale\" content=\"es_ES\" \/>\n<meta property=\"og:type\" content=\"article\" \/>\n<meta property=\"og:title\" content=\"Un mundo sin l\u00edmites: seminario sobre inteligencia artificial - Tu Gu\u00eda\" \/>\n<meta property=\"og:description\" content=\"En 1956, el cient\u00edfico estadounidense John McCarthy acu\u00f1\u00f3 el t\u00e9rmino \u201cinteligencia artificial\u201d (artificial intelligence) durante la Conferencia de Dartmouth, donde present\u00f3 su proyecto sobre la inteligencia artificial (IA), junto con los investigadores Marvin Minsky, Nathaniel Rochester y Claude Shannon. McCarthy&nbsp;defini\u00f3&nbsp;la IA como la ciencia e ingenier\u00eda de fabricar&nbsp;m\u00e1quinas&nbsp;inteligentes, especialmente programas de computaci\u00f3n inteligentes (2007). Adem\u00e1s, [&hellip;]\" \/>\n<meta property=\"og:url\" content=\"https:\/\/tuguia.combarranquilla.co\/Revista\/un-mundo-sin-limites-seminario-sobre-inteligencia-artificial\/\" \/>\n<meta property=\"og:site_name\" content=\"Tu Gu\u00eda\" \/>\n<meta property=\"article:published_time\" content=\"2025-05-14T15:06:00+00:00\" \/>\n<meta property=\"article:modified_time\" content=\"2025-05-19T21:20:52+00:00\" \/>\n<meta property=\"og:image\" content=\"https:\/\/tuguia.combarranquilla.co\/Revista\/wp-content\/uploads\/2025\/05\/ilustracion-del-concepto-de-ciberseguridad-scaled.jpg\" \/>\n\t<meta property=\"og:image:width\" content=\"2560\" \/>\n\t<meta property=\"og:image:height\" content=\"1752\" \/>\n\t<meta property=\"og:image:type\" content=\"image\/jpeg\" \/>\n<meta name=\"author\" content=\"Comunicaciones Combarranquilla\" \/>\n<meta name=\"twitter:card\" content=\"summary_large_image\" \/>\n<meta name=\"twitter:label1\" content=\"Escrito por\" \/>\n\t<meta name=\"twitter:data1\" content=\"Comunicaciones Combarranquilla\" \/>\n\t<meta name=\"twitter:label2\" content=\"Tiempo de lectura\" \/>\n\t<meta name=\"twitter:data2\" content=\"3 minutos\" \/>\n<script type=\"application\/ld+json\" class=\"yoast-schema-graph\">{\"@context\":\"https:\\\/\\\/schema.org\",\"@graph\":[{\"@type\":\"Article\",\"@id\":\"https:\\\/\\\/tuguia.combarranquilla.co\\\/Revista\\\/un-mundo-sin-limites-seminario-sobre-inteligencia-artificial\\\/#article\",\"isPartOf\":{\"@id\":\"https:\\\/\\\/tuguia.combarranquilla.co\\\/Revista\\\/un-mundo-sin-limites-seminario-sobre-inteligencia-artificial\\\/\"},\"author\":{\"name\":\"Comunicaciones Combarranquilla\",\"@id\":\"https:\\\/\\\/tuguia.combarranquilla.co\\\/Revista\\\/#\\\/schema\\\/person\\\/c2c396a77170bd1d5f8ba73294eb0d10\"},\"headline\":\"Un mundo sin l\u00edmites: seminario sobre inteligencia artificial\",\"datePublished\":\"2025-05-14T15:06:00+00:00\",\"dateModified\":\"2025-05-19T21:20:52+00:00\",\"mainEntityOfPage\":{\"@id\":\"https:\\\/\\\/tuguia.combarranquilla.co\\\/Revista\\\/un-mundo-sin-limites-seminario-sobre-inteligencia-artificial\\\/\"},\"wordCount\":550,\"commentCount\":0,\"publisher\":{\"@id\":\"https:\\\/\\\/tuguia.combarranquilla.co\\\/Revista\\\/#organization\"},\"image\":{\"@id\":\"https:\\\/\\\/tuguia.combarranquilla.co\\\/Revista\\\/un-mundo-sin-limites-seminario-sobre-inteligencia-artificial\\\/#primaryimage\"},\"thumbnailUrl\":\"https:\\\/\\\/tuguia.combarranquilla.co\\\/Revista\\\/wp-content\\\/uploads\\\/2025\\\/05\\\/ilustracion-del-concepto-de-ciberseguridad-scaled.jpg\",\"articleSection\":[\"FORMACI\u00d3N\"],\"inLanguage\":\"es-CO\",\"potentialAction\":[{\"@type\":\"CommentAction\",\"name\":\"Comment\",\"target\":[\"https:\\\/\\\/tuguia.combarranquilla.co\\\/Revista\\\/un-mundo-sin-limites-seminario-sobre-inteligencia-artificial\\\/#respond\"]}]},{\"@type\":\"WebPage\",\"@id\":\"https:\\\/\\\/tuguia.combarranquilla.co\\\/Revista\\\/un-mundo-sin-limites-seminario-sobre-inteligencia-artificial\\\/\",\"url\":\"https:\\\/\\\/tuguia.combarranquilla.co\\\/Revista\\\/un-mundo-sin-limites-seminario-sobre-inteligencia-artificial\\\/\",\"name\":\"Un mundo sin l\u00edmites: seminario sobre inteligencia artificial - Tu Gu\u00eda\",\"isPartOf\":{\"@id\":\"https:\\\/\\\/tuguia.combarranquilla.co\\\/Revista\\\/#website\"},\"primaryImageOfPage\":{\"@id\":\"https:\\\/\\\/tuguia.combarranquilla.co\\\/Revista\\\/un-mundo-sin-limites-seminario-sobre-inteligencia-artificial\\\/#primaryimage\"},\"image\":{\"@id\":\"https:\\\/\\\/tuguia.combarranquilla.co\\\/Revista\\\/un-mundo-sin-limites-seminario-sobre-inteligencia-artificial\\\/#primaryimage\"},\"thumbnailUrl\":\"https:\\\/\\\/tuguia.combarranquilla.co\\\/Revista\\\/wp-content\\\/uploads\\\/2025\\\/05\\\/ilustracion-del-concepto-de-ciberseguridad-scaled.jpg\",\"datePublished\":\"2025-05-14T15:06:00+00:00\",\"dateModified\":\"2025-05-19T21:20:52+00:00\",\"breadcrumb\":{\"@id\":\"https:\\\/\\\/tuguia.combarranquilla.co\\\/Revista\\\/un-mundo-sin-limites-seminario-sobre-inteligencia-artificial\\\/#breadcrumb\"},\"inLanguage\":\"es-CO\",\"potentialAction\":[{\"@type\":\"ReadAction\",\"target\":[\"https:\\\/\\\/tuguia.combarranquilla.co\\\/Revista\\\/un-mundo-sin-limites-seminario-sobre-inteligencia-artificial\\\/\"]}]},{\"@type\":\"ImageObject\",\"inLanguage\":\"es-CO\",\"@id\":\"https:\\\/\\\/tuguia.combarranquilla.co\\\/Revista\\\/un-mundo-sin-limites-seminario-sobre-inteligencia-artificial\\\/#primaryimage\",\"url\":\"https:\\\/\\\/tuguia.combarranquilla.co\\\/Revista\\\/wp-content\\\/uploads\\\/2025\\\/05\\\/ilustracion-del-concepto-de-ciberseguridad-scaled.jpg\",\"contentUrl\":\"https:\\\/\\\/tuguia.combarranquilla.co\\\/Revista\\\/wp-content\\\/uploads\\\/2025\\\/05\\\/ilustracion-del-concepto-de-ciberseguridad-scaled.jpg\",\"width\":2560,\"height\":1752},{\"@type\":\"BreadcrumbList\",\"@id\":\"https:\\\/\\\/tuguia.combarranquilla.co\\\/Revista\\\/un-mundo-sin-limites-seminario-sobre-inteligencia-artificial\\\/#breadcrumb\",\"itemListElement\":[{\"@type\":\"ListItem\",\"position\":1,\"name\":\"Inicio\",\"item\":\"https:\\\/\\\/tuguia.combarranquilla.co\\\/Revista\\\/\"},{\"@type\":\"ListItem\",\"position\":2,\"name\":\"Un mundo sin l\u00edmites: seminario sobre inteligencia artificial\"}]},{\"@type\":\"WebSite\",\"@id\":\"https:\\\/\\\/tuguia.combarranquilla.co\\\/Revista\\\/#website\",\"url\":\"https:\\\/\\\/tuguia.combarranquilla.co\\\/Revista\\\/\",\"name\":\"Tu Gu\u00eda\",\"description\":\"La revista donde lo tienes todo.\",\"publisher\":{\"@id\":\"https:\\\/\\\/tuguia.combarranquilla.co\\\/Revista\\\/#organization\"},\"alternateName\":\"Tu Gu\u00eda Combarranquilla\",\"potentialAction\":[{\"@type\":\"SearchAction\",\"target\":{\"@type\":\"EntryPoint\",\"urlTemplate\":\"https:\\\/\\\/tuguia.combarranquilla.co\\\/Revista\\\/?s={search_term_string}\"},\"query-input\":{\"@type\":\"PropertyValueSpecification\",\"valueRequired\":true,\"valueName\":\"search_term_string\"}}],\"inLanguage\":\"es-CO\"},{\"@type\":\"Organization\",\"@id\":\"https:\\\/\\\/tuguia.combarranquilla.co\\\/Revista\\\/#organization\",\"name\":\"Tu Gu\u00eda Combarranquilla\",\"url\":\"https:\\\/\\\/tuguia.combarranquilla.co\\\/Revista\\\/\",\"logo\":{\"@type\":\"ImageObject\",\"inLanguage\":\"es-CO\",\"@id\":\"https:\\\/\\\/tuguia.combarranquilla.co\\\/Revista\\\/#\\\/schema\\\/logo\\\/image\\\/\",\"url\":\"https:\\\/\\\/tuguia.combarranquilla.co\\\/Revista\\\/wp-content\\\/uploads\\\/2022\\\/02\\\/logo-guia-combarranquilla.svg\",\"contentUrl\":\"https:\\\/\\\/tuguia.combarranquilla.co\\\/Revista\\\/wp-content\\\/uploads\\\/2022\\\/02\\\/logo-guia-combarranquilla.svg\",\"caption\":\"Tu Gu\u00eda Combarranquilla\"},\"image\":{\"@id\":\"https:\\\/\\\/tuguia.combarranquilla.co\\\/Revista\\\/#\\\/schema\\\/logo\\\/image\\\/\"}},{\"@type\":\"Person\",\"@id\":\"https:\\\/\\\/tuguia.combarranquilla.co\\\/Revista\\\/#\\\/schema\\\/person\\\/c2c396a77170bd1d5f8ba73294eb0d10\",\"name\":\"Comunicaciones Combarranquilla\",\"image\":{\"@type\":\"ImageObject\",\"inLanguage\":\"es-CO\",\"@id\":\"https:\\\/\\\/tuguia.combarranquilla.co\\\/Revista\\\/wp-content\\\/uploads\\\/2025\\\/05\\\/ABC-Al-Rojo-Logo-96x96.jpg\",\"url\":\"https:\\\/\\\/tuguia.combarranquilla.co\\\/Revista\\\/wp-content\\\/uploads\\\/2025\\\/05\\\/ABC-Al-Rojo-Logo-96x96.jpg\",\"contentUrl\":\"https:\\\/\\\/tuguia.combarranquilla.co\\\/Revista\\\/wp-content\\\/uploads\\\/2025\\\/05\\\/ABC-Al-Rojo-Logo-96x96.jpg\",\"caption\":\"Comunicaciones Combarranquilla\"},\"sameAs\":[\"https:\\\/\\\/www.combarranquilla.co\"],\"url\":\"https:\\\/\\\/tuguia.combarranquilla.co\\\/Revista\\\/author\\\/comunicaciones\\\/\"}]}<\/script>\n<!-- \/ Yoast SEO plugin. -->","yoast_head_json":{"title":"Un mundo sin l\u00edmites: seminario sobre inteligencia artificial - Tu Gu\u00eda","robots":{"index":"index","follow":"follow","max-snippet":"max-snippet:-1","max-image-preview":"max-image-preview:large","max-video-preview":"max-video-preview:-1"},"canonical":"https:\/\/tuguia.combarranquilla.co\/Revista\/un-mundo-sin-limites-seminario-sobre-inteligencia-artificial\/","og_locale":"es_ES","og_type":"article","og_title":"Un mundo sin l\u00edmites: seminario sobre inteligencia artificial - Tu Gu\u00eda","og_description":"En 1956, el cient\u00edfico estadounidense John McCarthy acu\u00f1\u00f3 el t\u00e9rmino \u201cinteligencia artificial\u201d (artificial intelligence) durante la Conferencia de Dartmouth, donde present\u00f3 su proyecto sobre la inteligencia artificial (IA), junto con los investigadores Marvin Minsky, Nathaniel Rochester y Claude Shannon. McCarthy&nbsp;defini\u00f3&nbsp;la IA como la ciencia e ingenier\u00eda de fabricar&nbsp;m\u00e1quinas&nbsp;inteligentes, especialmente programas de computaci\u00f3n inteligentes (2007). Adem\u00e1s, [&hellip;]","og_url":"https:\/\/tuguia.combarranquilla.co\/Revista\/un-mundo-sin-limites-seminario-sobre-inteligencia-artificial\/","og_site_name":"Tu Gu\u00eda","article_published_time":"2025-05-14T15:06:00+00:00","article_modified_time":"2025-05-19T21:20:52+00:00","og_image":[{"width":2560,"height":1752,"url":"https:\/\/tuguia.combarranquilla.co\/Revista\/wp-content\/uploads\/2025\/05\/ilustracion-del-concepto-de-ciberseguridad-scaled.jpg","type":"image\/jpeg"}],"author":"Comunicaciones Combarranquilla","twitter_card":"summary_large_image","twitter_misc":{"Escrito por":"Comunicaciones Combarranquilla","Tiempo de lectura":"3 minutos"},"schema":{"@context":"https:\/\/schema.org","@graph":[{"@type":"Article","@id":"https:\/\/tuguia.combarranquilla.co\/Revista\/un-mundo-sin-limites-seminario-sobre-inteligencia-artificial\/#article","isPartOf":{"@id":"https:\/\/tuguia.combarranquilla.co\/Revista\/un-mundo-sin-limites-seminario-sobre-inteligencia-artificial\/"},"author":{"name":"Comunicaciones Combarranquilla","@id":"https:\/\/tuguia.combarranquilla.co\/Revista\/#\/schema\/person\/c2c396a77170bd1d5f8ba73294eb0d10"},"headline":"Un mundo sin l\u00edmites: seminario sobre inteligencia artificial","datePublished":"2025-05-14T15:06:00+00:00","dateModified":"2025-05-19T21:20:52+00:00","mainEntityOfPage":{"@id":"https:\/\/tuguia.combarranquilla.co\/Revista\/un-mundo-sin-limites-seminario-sobre-inteligencia-artificial\/"},"wordCount":550,"commentCount":0,"publisher":{"@id":"https:\/\/tuguia.combarranquilla.co\/Revista\/#organization"},"image":{"@id":"https:\/\/tuguia.combarranquilla.co\/Revista\/un-mundo-sin-limites-seminario-sobre-inteligencia-artificial\/#primaryimage"},"thumbnailUrl":"https:\/\/tuguia.combarranquilla.co\/Revista\/wp-content\/uploads\/2025\/05\/ilustracion-del-concepto-de-ciberseguridad-scaled.jpg","articleSection":["FORMACI\u00d3N"],"inLanguage":"es-CO","potentialAction":[{"@type":"CommentAction","name":"Comment","target":["https:\/\/tuguia.combarranquilla.co\/Revista\/un-mundo-sin-limites-seminario-sobre-inteligencia-artificial\/#respond"]}]},{"@type":"WebPage","@id":"https:\/\/tuguia.combarranquilla.co\/Revista\/un-mundo-sin-limites-seminario-sobre-inteligencia-artificial\/","url":"https:\/\/tuguia.combarranquilla.co\/Revista\/un-mundo-sin-limites-seminario-sobre-inteligencia-artificial\/","name":"Un mundo sin l\u00edmites: seminario sobre inteligencia artificial - Tu Gu\u00eda","isPartOf":{"@id":"https:\/\/tuguia.combarranquilla.co\/Revista\/#website"},"primaryImageOfPage":{"@id":"https:\/\/tuguia.combarranquilla.co\/Revista\/un-mundo-sin-limites-seminario-sobre-inteligencia-artificial\/#primaryimage"},"image":{"@id":"https:\/\/tuguia.combarranquilla.co\/Revista\/un-mundo-sin-limites-seminario-sobre-inteligencia-artificial\/#primaryimage"},"thumbnailUrl":"https:\/\/tuguia.combarranquilla.co\/Revista\/wp-content\/uploads\/2025\/05\/ilustracion-del-concepto-de-ciberseguridad-scaled.jpg","datePublished":"2025-05-14T15:06:00+00:00","dateModified":"2025-05-19T21:20:52+00:00","breadcrumb":{"@id":"https:\/\/tuguia.combarranquilla.co\/Revista\/un-mundo-sin-limites-seminario-sobre-inteligencia-artificial\/#breadcrumb"},"inLanguage":"es-CO","potentialAction":[{"@type":"ReadAction","target":["https:\/\/tuguia.combarranquilla.co\/Revista\/un-mundo-sin-limites-seminario-sobre-inteligencia-artificial\/"]}]},{"@type":"ImageObject","inLanguage":"es-CO","@id":"https:\/\/tuguia.combarranquilla.co\/Revista\/un-mundo-sin-limites-seminario-sobre-inteligencia-artificial\/#primaryimage","url":"https:\/\/tuguia.combarranquilla.co\/Revista\/wp-content\/uploads\/2025\/05\/ilustracion-del-concepto-de-ciberseguridad-scaled.jpg","contentUrl":"https:\/\/tuguia.combarranquilla.co\/Revista\/wp-content\/uploads\/2025\/05\/ilustracion-del-concepto-de-ciberseguridad-scaled.jpg","width":2560,"height":1752},{"@type":"BreadcrumbList","@id":"https:\/\/tuguia.combarranquilla.co\/Revista\/un-mundo-sin-limites-seminario-sobre-inteligencia-artificial\/#breadcrumb","itemListElement":[{"@type":"ListItem","position":1,"name":"Inicio","item":"https:\/\/tuguia.combarranquilla.co\/Revista\/"},{"@type":"ListItem","position":2,"name":"Un mundo sin l\u00edmites: seminario sobre inteligencia artificial"}]},{"@type":"WebSite","@id":"https:\/\/tuguia.combarranquilla.co\/Revista\/#website","url":"https:\/\/tuguia.combarranquilla.co\/Revista\/","name":"Tu Gu\u00eda","description":"La revista donde lo tienes todo.","publisher":{"@id":"https:\/\/tuguia.combarranquilla.co\/Revista\/#organization"},"alternateName":"Tu Gu\u00eda Combarranquilla","potentialAction":[{"@type":"SearchAction","target":{"@type":"EntryPoint","urlTemplate":"https:\/\/tuguia.combarranquilla.co\/Revista\/?s={search_term_string}"},"query-input":{"@type":"PropertyValueSpecification","valueRequired":true,"valueName":"search_term_string"}}],"inLanguage":"es-CO"},{"@type":"Organization","@id":"https:\/\/tuguia.combarranquilla.co\/Revista\/#organization","name":"Tu Gu\u00eda Combarranquilla","url":"https:\/\/tuguia.combarranquilla.co\/Revista\/","logo":{"@type":"ImageObject","inLanguage":"es-CO","@id":"https:\/\/tuguia.combarranquilla.co\/Revista\/#\/schema\/logo\/image\/","url":"https:\/\/tuguia.combarranquilla.co\/Revista\/wp-content\/uploads\/2022\/02\/logo-guia-combarranquilla.svg","contentUrl":"https:\/\/tuguia.combarranquilla.co\/Revista\/wp-content\/uploads\/2022\/02\/logo-guia-combarranquilla.svg","caption":"Tu Gu\u00eda Combarranquilla"},"image":{"@id":"https:\/\/tuguia.combarranquilla.co\/Revista\/#\/schema\/logo\/image\/"}},{"@type":"Person","@id":"https:\/\/tuguia.combarranquilla.co\/Revista\/#\/schema\/person\/c2c396a77170bd1d5f8ba73294eb0d10","name":"Comunicaciones Combarranquilla","image":{"@type":"ImageObject","inLanguage":"es-CO","@id":"https:\/\/tuguia.combarranquilla.co\/Revista\/wp-content\/uploads\/2025\/05\/ABC-Al-Rojo-Logo-96x96.jpg","url":"https:\/\/tuguia.combarranquilla.co\/Revista\/wp-content\/uploads\/2025\/05\/ABC-Al-Rojo-Logo-96x96.jpg","contentUrl":"https:\/\/tuguia.combarranquilla.co\/Revista\/wp-content\/uploads\/2025\/05\/ABC-Al-Rojo-Logo-96x96.jpg","caption":"Comunicaciones Combarranquilla"},"sameAs":["https:\/\/www.combarranquilla.co"],"url":"https:\/\/tuguia.combarranquilla.co\/Revista\/author\/comunicaciones\/"}]}},"_links":{"self":[{"href":"https:\/\/tuguia.combarranquilla.co\/Revista\/wp-json\/wp\/v2\/posts\/6309","targetHints":{"allow":["GET"]}}],"collection":[{"href":"https:\/\/tuguia.combarranquilla.co\/Revista\/wp-json\/wp\/v2\/posts"}],"about":[{"href":"https:\/\/tuguia.combarranquilla.co\/Revista\/wp-json\/wp\/v2\/types\/post"}],"author":[{"embeddable":true,"href":"https:\/\/tuguia.combarranquilla.co\/Revista\/wp-json\/wp\/v2\/users\/2"}],"replies":[{"embeddable":true,"href":"https:\/\/tuguia.combarranquilla.co\/Revista\/wp-json\/wp\/v2\/comments?post=6309"}],"version-history":[{"count":25,"href":"https:\/\/tuguia.combarranquilla.co\/Revista\/wp-json\/wp\/v2\/posts\/6309\/revisions"}],"predecessor-version":[{"id":6400,"href":"https:\/\/tuguia.combarranquilla.co\/Revista\/wp-json\/wp\/v2\/posts\/6309\/revisions\/6400"}],"wp:featuredmedia":[{"embeddable":true,"href":"https:\/\/tuguia.combarranquilla.co\/Revista\/wp-json\/wp\/v2\/media\/6340"}],"wp:attachment":[{"href":"https:\/\/tuguia.combarranquilla.co\/Revista\/wp-json\/wp\/v2\/media?parent=6309"}],"wp:term":[{"taxonomy":"category","embeddable":true,"href":"https:\/\/tuguia.combarranquilla.co\/Revista\/wp-json\/wp\/v2\/categories?post=6309"},{"taxonomy":"post_tag","embeddable":true,"href":"https:\/\/tuguia.combarranquilla.co\/Revista\/wp-json\/wp\/v2\/tags?post=6309"}],"curies":[{"name":"wp","href":"https:\/\/api.w.org\/{rel}","templated":true}]}}