{"id":6374,"date":"2025-05-16T08:27:32","date_gmt":"2025-05-16T13:27:32","guid":{"rendered":"https:\/\/tuguia.combarranquilla.co\/Revista\/?p=6374"},"modified":"2025-05-19T08:11:11","modified_gmt":"2025-05-19T13:11:11","slug":"12-anos-de-la-agencia-de-empleo-de-combarranquilla-jobfest-fue-todo-un-exito","status":"publish","type":"post","link":"https:\/\/tuguia.combarranquilla.co\/Revista\/12-anos-de-la-agencia-de-empleo-de-combarranquilla-jobfest-fue-todo-un-exito\/","title":{"rendered":"12 a\u00f1os de la Agencia de Empleo de Combarranquilla: JobFest fue todo un \u00e9xito"},"content":{"rendered":"\n<p class=\"has-medium-font-size\">Los d\u00edas 6 y 7 de mayo se realiz\u00f3 JobFest Combarranquilla. Este evento fue organizado por la Agencia de Empleo de la Caja de Compensaci\u00f3n y pensado para el beneficio de las empresas y los oferentes. La idea principal fue dinamizar el mercado laboral en el departamento del Atl\u00e1ntico con capacitaciones, conferencias y momentos claves para nutrir al sector empresarial con tips a la hora de contratar personal. El evento se desarroll\u00f3 en la Unidad Country de Combarranquilla.<\/p>\n\n\n\n<h2 class=\"wp-block-heading\" style=\"font-size:24px\">D\u00eda 1 del JobFest<\/h2>\n\n\n\n<p class=\"has-medium-font-size\">En el primer d\u00eda del JobFest, las empresas tuvieron dos momentos importantes. Se dio apertura con el seminario <strong>\u201cDiversidad, inclusi\u00f3n, equidad y pertinencia\u201d<\/strong>, realizado por Juan Felipe \u00c1lvarez. En su conferencia, se refiri\u00f3 a temas de inclusi\u00f3n y lo cruciales que son para el mundo laboral.<\/p>\n\n\n\n<p class=\"has-medium-font-size\">Posteriormente, las empresas asistieron a una muestra comercial de los diferentes servicios de la Agencia de Empleo de Combarranquilla. En esta muestra se incluyeron las pruebas de selecci\u00f3n del Centro de Destrezas y Habilidades de la Caja de Compensaci\u00f3n, el Outsourcing de selecci\u00f3n de personal e incluso los servicios de la F\u00e1brica de Fomento Empresarial de la organizaci\u00f3n.<\/p>\n\n\n\n<div class=\"wp-block-columns is-layout-flex wp-container-core-columns-is-layout-9d6595d7 wp-block-columns-is-layout-flex\">\n<div class=\"wp-block-column is-layout-flow wp-block-column-is-layout-flow\">\n<figure class=\"wp-block-image size-large\"><img decoding=\"async\" width=\"1200\" height=\"1200\" data-src=\"https:\/\/tuguia.combarranquilla.co\/Revista\/wp-content\/uploads\/2025\/05\/WhatsApp-Image-2025-05-15-at-3.43.55-PM-1-1-edited.jpeg\" alt=\"\" class=\"wp-image-6390 lazyload\" data-srcset=\"https:\/\/tuguia.combarranquilla.co\/Revista\/wp-content\/uploads\/2025\/05\/WhatsApp-Image-2025-05-15-at-3.43.55-PM-1-1-edited.jpeg 1200w, https:\/\/tuguia.combarranquilla.co\/Revista\/wp-content\/uploads\/2025\/05\/WhatsApp-Image-2025-05-15-at-3.43.55-PM-1-1-edited-300x300.jpeg 300w, https:\/\/tuguia.combarranquilla.co\/Revista\/wp-content\/uploads\/2025\/05\/WhatsApp-Image-2025-05-15-at-3.43.55-PM-1-1-edited-1024x1024.jpeg 1024w, https:\/\/tuguia.combarranquilla.co\/Revista\/wp-content\/uploads\/2025\/05\/WhatsApp-Image-2025-05-15-at-3.43.55-PM-1-1-edited-150x150.jpeg 150w, https:\/\/tuguia.combarranquilla.co\/Revista\/wp-content\/uploads\/2025\/05\/WhatsApp-Image-2025-05-15-at-3.43.55-PM-1-1-edited-768x768.jpeg 768w\" data-sizes=\"(max-width: 1200px) 100vw, 1200px\" src=\"data:image\/svg+xml;base64,PHN2ZyB3aWR0aD0iMSIgaGVpZ2h0PSIxIiB4bWxucz0iaHR0cDovL3d3dy53My5vcmcvMjAwMC9zdmciPjwvc3ZnPg==\" style=\"--smush-placeholder-width: 1200px; --smush-placeholder-aspect-ratio: 1200\/1200;\" \/><\/figure>\n<\/div>\n\n\n\n<div class=\"wp-block-column is-layout-flow wp-block-column-is-layout-flow\">\n<figure class=\"wp-block-image size-large\"><img decoding=\"async\" width=\"1200\" height=\"1200\" data-src=\"https:\/\/tuguia.combarranquilla.co\/Revista\/wp-content\/uploads\/2025\/05\/WhatsApp-Image-2025-05-15-at-3.43.56-PM-2-edited.jpeg\" alt=\"\" class=\"wp-image-6391 lazyload\" data-srcset=\"https:\/\/tuguia.combarranquilla.co\/Revista\/wp-content\/uploads\/2025\/05\/WhatsApp-Image-2025-05-15-at-3.43.56-PM-2-edited.jpeg 1200w, https:\/\/tuguia.combarranquilla.co\/Revista\/wp-content\/uploads\/2025\/05\/WhatsApp-Image-2025-05-15-at-3.43.56-PM-2-edited-300x300.jpeg 300w, https:\/\/tuguia.combarranquilla.co\/Revista\/wp-content\/uploads\/2025\/05\/WhatsApp-Image-2025-05-15-at-3.43.56-PM-2-edited-1024x1024.jpeg 1024w, https:\/\/tuguia.combarranquilla.co\/Revista\/wp-content\/uploads\/2025\/05\/WhatsApp-Image-2025-05-15-at-3.43.56-PM-2-edited-150x150.jpeg 150w, https:\/\/tuguia.combarranquilla.co\/Revista\/wp-content\/uploads\/2025\/05\/WhatsApp-Image-2025-05-15-at-3.43.56-PM-2-edited-768x768.jpeg 768w\" data-sizes=\"(max-width: 1200px) 100vw, 1200px\" src=\"data:image\/svg+xml;base64,PHN2ZyB3aWR0aD0iMSIgaGVpZ2h0PSIxIiB4bWxucz0iaHR0cDovL3d3dy53My5vcmcvMjAwMC9zdmciPjwvc3ZnPg==\" style=\"--smush-placeholder-width: 1200px; --smush-placeholder-aspect-ratio: 1200\/1200;\" \/><\/figure>\n<\/div>\n<\/div>\n\n\n\n<p class=\"has-medium-font-size\">En total, 39 empresas participaron de la jornada inaugural. Las mismas que luego recibieron a Claudia Palacio, quien particip\u00f3 en el primer d\u00eda con su seminario <strong>&#8220;No&nbsp;busques&nbsp;hojas de vida perfectas, busca talento real&#8221;.<\/strong> En esta charla, la conferencista inst\u00f3 a los participantes a encontrar su talento real y no dejarse llevar por lo que ven en las hojas de vida de los candidatos. Fue un momento de reflexi\u00f3n para las empresas al momento de contratar.<\/p>\n\n\n\n<h2 class=\"wp-block-heading\" style=\"font-size:24px\">D\u00eda 2 del JobFest<\/h2>\n\n\n\n<p class=\"has-medium-font-size\">En el segundo d\u00eda de JobFest, la oportunidad fue para los oferentes. <strong>&#8220;Buscadores de empleo&#8221;<\/strong>, as\u00ed se titul\u00f3 esta segunda jornada. Los oferentes tuvieron la posibilidad de presentarse a las distintas vacantes de las empresas afiliadas a Combarranquilla que ofrec\u00edan empleo a los usuarios. Entrevistas, pruebas del CDH y un espacio con Claudia Palacio los ayudaron para poder seguir inspirando con su marca personal. M\u00e1s de 500 personas se acercaron a la unidad Country para asistir a este evento.<\/p>\n\n\n\n<div class=\"wp-block-columns is-layout-flex wp-container-core-columns-is-layout-9d6595d7 wp-block-columns-is-layout-flex\">\n<div class=\"wp-block-column is-layout-flow wp-block-column-is-layout-flow\">\n<figure class=\"wp-block-image size-large\"><img decoding=\"async\" width=\"1024\" height=\"682\" data-src=\"https:\/\/tuguia.combarranquilla.co\/Revista\/wp-content\/uploads\/2025\/05\/WhatsApp-Image-2025-05-15-at-3.43.56-PM-1-1024x682.jpeg\" alt=\"\" class=\"wp-image-6385 lazyload\" data-srcset=\"https:\/\/tuguia.combarranquilla.co\/Revista\/wp-content\/uploads\/2025\/05\/WhatsApp-Image-2025-05-15-at-3.43.56-PM-1-1024x682.jpeg 1024w, https:\/\/tuguia.combarranquilla.co\/Revista\/wp-content\/uploads\/2025\/05\/WhatsApp-Image-2025-05-15-at-3.43.56-PM-1-300x200.jpeg 300w, https:\/\/tuguia.combarranquilla.co\/Revista\/wp-content\/uploads\/2025\/05\/WhatsApp-Image-2025-05-15-at-3.43.56-PM-1-768x512.jpeg 768w, https:\/\/tuguia.combarranquilla.co\/Revista\/wp-content\/uploads\/2025\/05\/WhatsApp-Image-2025-05-15-at-3.43.56-PM-1-1536x1023.jpeg 1536w, https:\/\/tuguia.combarranquilla.co\/Revista\/wp-content\/uploads\/2025\/05\/WhatsApp-Image-2025-05-15-at-3.43.56-PM-1.jpeg 1600w\" data-sizes=\"(max-width: 1024px) 100vw, 1024px\" src=\"data:image\/svg+xml;base64,PHN2ZyB3aWR0aD0iMSIgaGVpZ2h0PSIxIiB4bWxucz0iaHR0cDovL3d3dy53My5vcmcvMjAwMC9zdmciPjwvc3ZnPg==\" style=\"--smush-placeholder-width: 1024px; --smush-placeholder-aspect-ratio: 1024\/682;\" \/><\/figure>\n<\/div>\n\n\n\n<div class=\"wp-block-column is-layout-flow wp-block-column-is-layout-flow\">\n<figure class=\"wp-block-image size-large\"><img decoding=\"async\" width=\"1024\" height=\"683\" data-src=\"https:\/\/tuguia.combarranquilla.co\/Revista\/wp-content\/uploads\/2025\/05\/WhatsApp-Image-2025-05-07-at-1.40.44-PM-1-1024x683.jpg\" alt=\"\" class=\"wp-image-6386 lazyload\" data-srcset=\"https:\/\/tuguia.combarranquilla.co\/Revista\/wp-content\/uploads\/2025\/05\/WhatsApp-Image-2025-05-07-at-1.40.44-PM-1-1024x683.jpg 1024w, https:\/\/tuguia.combarranquilla.co\/Revista\/wp-content\/uploads\/2025\/05\/WhatsApp-Image-2025-05-07-at-1.40.44-PM-1-300x200.jpg 300w, https:\/\/tuguia.combarranquilla.co\/Revista\/wp-content\/uploads\/2025\/05\/WhatsApp-Image-2025-05-07-at-1.40.44-PM-1-768x512.jpg 768w, https:\/\/tuguia.combarranquilla.co\/Revista\/wp-content\/uploads\/2025\/05\/WhatsApp-Image-2025-05-07-at-1.40.44-PM-1.jpg 1280w\" data-sizes=\"(max-width: 1024px) 100vw, 1024px\" src=\"data:image\/svg+xml;base64,PHN2ZyB3aWR0aD0iMSIgaGVpZ2h0PSIxIiB4bWxucz0iaHR0cDovL3d3dy53My5vcmcvMjAwMC9zdmciPjwvc3ZnPg==\" style=\"--smush-placeholder-width: 1024px; --smush-placeholder-aspect-ratio: 1024\/683;\" \/><\/figure>\n<\/div>\n<\/div>\n\n\n\n<p class=\"has-medium-font-size\">De esta manera, la Agencia de Empleo de Combarranquilla celebr\u00f3 12 a\u00f1os de fundaci\u00f3n. Su meta es seguir transformando la vida de las personas a trav\u00e9s del empleo y propulsar el mercado laboral en el departamento del Atl\u00e1ntico y la regi\u00f3n Caribe.<\/p>\n","protected":false},"excerpt":{"rendered":"<p>Los d\u00edas 6 y 7 de mayo se realiz\u00f3 JobFest Combarranquilla. Este evento fue organizado por la Agencia de Empleo de la Caja de Compensaci\u00f3n y pensado para el beneficio de las empresas y los oferentes. La idea principal fue dinamizar el mercado laboral en el departamento del Atl\u00e1ntico con capacitaciones, conferencias y momentos claves [&hellip;]<\/p>\n","protected":false},"author":2,"featured_media":6380,"comment_status":"open","ping_status":"open","sticky":false,"template":"","format":"standard","meta":{"inline_featured_image":false,"footnotes":""},"categories":[6],"tags":[],"class_list":["post-6374","post","type-post","status-publish","format-standard","has-post-thumbnail","hentry","category-empleabilidad"],"yoast_head":"<!-- This site is optimized with the Yoast SEO plugin v27.4 - https:\/\/yoast.com\/product\/yoast-seo-wordpress\/ -->\n<title>12 a\u00f1os de la Agencia de Empleo de Combarranquilla: JobFest fue todo un \u00e9xito - Tu Gu\u00eda<\/title>\n<meta name=\"robots\" content=\"index, follow, max-snippet:-1, max-image-preview:large, max-video-preview:-1\" \/>\n<link rel=\"canonical\" href=\"https:\/\/tuguia.combarranquilla.co\/Revista\/12-anos-de-la-agencia-de-empleo-de-combarranquilla-jobfest-fue-todo-un-exito\/\" \/>\n<meta property=\"og:locale\" content=\"es_ES\" \/>\n<meta property=\"og:type\" content=\"article\" \/>\n<meta property=\"og:title\" content=\"12 a\u00f1os de la Agencia de Empleo de Combarranquilla: JobFest fue todo un \u00e9xito - Tu Gu\u00eda\" \/>\n<meta property=\"og:description\" content=\"Los d\u00edas 6 y 7 de mayo se realiz\u00f3 JobFest Combarranquilla. Este evento fue organizado por la Agencia de Empleo de la Caja de Compensaci\u00f3n y pensado para el beneficio de las empresas y los oferentes. La idea principal fue dinamizar el mercado laboral en el departamento del Atl\u00e1ntico con capacitaciones, conferencias y momentos claves [&hellip;]\" \/>\n<meta property=\"og:url\" content=\"https:\/\/tuguia.combarranquilla.co\/Revista\/12-anos-de-la-agencia-de-empleo-de-combarranquilla-jobfest-fue-todo-un-exito\/\" \/>\n<meta property=\"og:site_name\" content=\"Tu Gu\u00eda\" \/>\n<meta property=\"article:published_time\" content=\"2025-05-16T13:27:32+00:00\" \/>\n<meta property=\"article:modified_time\" content=\"2025-05-19T13:11:11+00:00\" \/>\n<meta property=\"og:image\" content=\"https:\/\/tuguia.combarranquilla.co\/Revista\/wp-content\/uploads\/2025\/05\/WhatsApp-Image-2025-05-15-at-3.43.55-PM.jpeg\" \/>\n\t<meta property=\"og:image:width\" content=\"1600\" \/>\n\t<meta property=\"og:image:height\" content=\"1066\" \/>\n\t<meta property=\"og:image:type\" content=\"image\/jpeg\" \/>\n<meta name=\"author\" content=\"Comunicaciones Combarranquilla\" \/>\n<meta name=\"twitter:card\" content=\"summary_large_image\" \/>\n<meta name=\"twitter:label1\" content=\"Escrito por\" \/>\n\t<meta name=\"twitter:data1\" content=\"Comunicaciones Combarranquilla\" \/>\n\t<meta name=\"twitter:label2\" content=\"Tiempo de lectura\" \/>\n\t<meta name=\"twitter:data2\" content=\"3 minutos\" \/>\n<script type=\"application\/ld+json\" class=\"yoast-schema-graph\">{\"@context\":\"https:\\\/\\\/schema.org\",\"@graph\":[{\"@type\":\"Article\",\"@id\":\"https:\\\/\\\/tuguia.combarranquilla.co\\\/Revista\\\/12-anos-de-la-agencia-de-empleo-de-combarranquilla-jobfest-fue-todo-un-exito\\\/#article\",\"isPartOf\":{\"@id\":\"https:\\\/\\\/tuguia.combarranquilla.co\\\/Revista\\\/12-anos-de-la-agencia-de-empleo-de-combarranquilla-jobfest-fue-todo-un-exito\\\/\"},\"author\":{\"name\":\"Comunicaciones Combarranquilla\",\"@id\":\"https:\\\/\\\/tuguia.combarranquilla.co\\\/Revista\\\/#\\\/schema\\\/person\\\/c2c396a77170bd1d5f8ba73294eb0d10\"},\"headline\":\"12 a\u00f1os de la Agencia de Empleo de Combarranquilla: JobFest fue todo un \u00e9xito\",\"datePublished\":\"2025-05-16T13:27:32+00:00\",\"dateModified\":\"2025-05-19T13:11:11+00:00\",\"mainEntityOfPage\":{\"@id\":\"https:\\\/\\\/tuguia.combarranquilla.co\\\/Revista\\\/12-anos-de-la-agencia-de-empleo-de-combarranquilla-jobfest-fue-todo-un-exito\\\/\"},\"wordCount\":420,\"commentCount\":0,\"publisher\":{\"@id\":\"https:\\\/\\\/tuguia.combarranquilla.co\\\/Revista\\\/#organization\"},\"image\":{\"@id\":\"https:\\\/\\\/tuguia.combarranquilla.co\\\/Revista\\\/12-anos-de-la-agencia-de-empleo-de-combarranquilla-jobfest-fue-todo-un-exito\\\/#primaryimage\"},\"thumbnailUrl\":\"https:\\\/\\\/tuguia.combarranquilla.co\\\/Revista\\\/wp-content\\\/uploads\\\/2025\\\/05\\\/WhatsApp-Image-2025-05-15-at-3.43.55-PM.jpeg\",\"articleSection\":[\"EMPLEABILIDAD\"],\"inLanguage\":\"es-CO\",\"potentialAction\":[{\"@type\":\"CommentAction\",\"name\":\"Comment\",\"target\":[\"https:\\\/\\\/tuguia.combarranquilla.co\\\/Revista\\\/12-anos-de-la-agencia-de-empleo-de-combarranquilla-jobfest-fue-todo-un-exito\\\/#respond\"]}]},{\"@type\":\"WebPage\",\"@id\":\"https:\\\/\\\/tuguia.combarranquilla.co\\\/Revista\\\/12-anos-de-la-agencia-de-empleo-de-combarranquilla-jobfest-fue-todo-un-exito\\\/\",\"url\":\"https:\\\/\\\/tuguia.combarranquilla.co\\\/Revista\\\/12-anos-de-la-agencia-de-empleo-de-combarranquilla-jobfest-fue-todo-un-exito\\\/\",\"name\":\"12 a\u00f1os de la Agencia de Empleo de Combarranquilla: JobFest fue todo un \u00e9xito - Tu Gu\u00eda\",\"isPartOf\":{\"@id\":\"https:\\\/\\\/tuguia.combarranquilla.co\\\/Revista\\\/#website\"},\"primaryImageOfPage\":{\"@id\":\"https:\\\/\\\/tuguia.combarranquilla.co\\\/Revista\\\/12-anos-de-la-agencia-de-empleo-de-combarranquilla-jobfest-fue-todo-un-exito\\\/#primaryimage\"},\"image\":{\"@id\":\"https:\\\/\\\/tuguia.combarranquilla.co\\\/Revista\\\/12-anos-de-la-agencia-de-empleo-de-combarranquilla-jobfest-fue-todo-un-exito\\\/#primaryimage\"},\"thumbnailUrl\":\"https:\\\/\\\/tuguia.combarranquilla.co\\\/Revista\\\/wp-content\\\/uploads\\\/2025\\\/05\\\/WhatsApp-Image-2025-05-15-at-3.43.55-PM.jpeg\",\"datePublished\":\"2025-05-16T13:27:32+00:00\",\"dateModified\":\"2025-05-19T13:11:11+00:00\",\"breadcrumb\":{\"@id\":\"https:\\\/\\\/tuguia.combarranquilla.co\\\/Revista\\\/12-anos-de-la-agencia-de-empleo-de-combarranquilla-jobfest-fue-todo-un-exito\\\/#breadcrumb\"},\"inLanguage\":\"es-CO\",\"potentialAction\":[{\"@type\":\"ReadAction\",\"target\":[\"https:\\\/\\\/tuguia.combarranquilla.co\\\/Revista\\\/12-anos-de-la-agencia-de-empleo-de-combarranquilla-jobfest-fue-todo-un-exito\\\/\"]}]},{\"@type\":\"ImageObject\",\"inLanguage\":\"es-CO\",\"@id\":\"https:\\\/\\\/tuguia.combarranquilla.co\\\/Revista\\\/12-anos-de-la-agencia-de-empleo-de-combarranquilla-jobfest-fue-todo-un-exito\\\/#primaryimage\",\"url\":\"https:\\\/\\\/tuguia.combarranquilla.co\\\/Revista\\\/wp-content\\\/uploads\\\/2025\\\/05\\\/WhatsApp-Image-2025-05-15-at-3.43.55-PM.jpeg\",\"contentUrl\":\"https:\\\/\\\/tuguia.combarranquilla.co\\\/Revista\\\/wp-content\\\/uploads\\\/2025\\\/05\\\/WhatsApp-Image-2025-05-15-at-3.43.55-PM.jpeg\",\"width\":1600,\"height\":1066},{\"@type\":\"BreadcrumbList\",\"@id\":\"https:\\\/\\\/tuguia.combarranquilla.co\\\/Revista\\\/12-anos-de-la-agencia-de-empleo-de-combarranquilla-jobfest-fue-todo-un-exito\\\/#breadcrumb\",\"itemListElement\":[{\"@type\":\"ListItem\",\"position\":1,\"name\":\"Inicio\",\"item\":\"https:\\\/\\\/tuguia.combarranquilla.co\\\/Revista\\\/\"},{\"@type\":\"ListItem\",\"position\":2,\"name\":\"12 a\u00f1os de la Agencia de Empleo de Combarranquilla: JobFest fue todo un \u00e9xito\"}]},{\"@type\":\"WebSite\",\"@id\":\"https:\\\/\\\/tuguia.combarranquilla.co\\\/Revista\\\/#website\",\"url\":\"https:\\\/\\\/tuguia.combarranquilla.co\\\/Revista\\\/\",\"name\":\"Tu Gu\u00eda\",\"description\":\"La revista donde lo tienes todo.\",\"publisher\":{\"@id\":\"https:\\\/\\\/tuguia.combarranquilla.co\\\/Revista\\\/#organization\"},\"alternateName\":\"Tu Gu\u00eda Combarranquilla\",\"potentialAction\":[{\"@type\":\"SearchAction\",\"target\":{\"@type\":\"EntryPoint\",\"urlTemplate\":\"https:\\\/\\\/tuguia.combarranquilla.co\\\/Revista\\\/?s={search_term_string}\"},\"query-input\":{\"@type\":\"PropertyValueSpecification\",\"valueRequired\":true,\"valueName\":\"search_term_string\"}}],\"inLanguage\":\"es-CO\"},{\"@type\":\"Organization\",\"@id\":\"https:\\\/\\\/tuguia.combarranquilla.co\\\/Revista\\\/#organization\",\"name\":\"Tu Gu\u00eda Combarranquilla\",\"url\":\"https:\\\/\\\/tuguia.combarranquilla.co\\\/Revista\\\/\",\"logo\":{\"@type\":\"ImageObject\",\"inLanguage\":\"es-CO\",\"@id\":\"https:\\\/\\\/tuguia.combarranquilla.co\\\/Revista\\\/#\\\/schema\\\/logo\\\/image\\\/\",\"url\":\"https:\\\/\\\/tuguia.combarranquilla.co\\\/Revista\\\/wp-content\\\/uploads\\\/2022\\\/02\\\/logo-guia-combarranquilla.svg\",\"contentUrl\":\"https:\\\/\\\/tuguia.combarranquilla.co\\\/Revista\\\/wp-content\\\/uploads\\\/2022\\\/02\\\/logo-guia-combarranquilla.svg\",\"caption\":\"Tu Gu\u00eda Combarranquilla\"},\"image\":{\"@id\":\"https:\\\/\\\/tuguia.combarranquilla.co\\\/Revista\\\/#\\\/schema\\\/logo\\\/image\\\/\"}},{\"@type\":\"Person\",\"@id\":\"https:\\\/\\\/tuguia.combarranquilla.co\\\/Revista\\\/#\\\/schema\\\/person\\\/c2c396a77170bd1d5f8ba73294eb0d10\",\"name\":\"Comunicaciones Combarranquilla\",\"image\":{\"@type\":\"ImageObject\",\"inLanguage\":\"es-CO\",\"@id\":\"https:\\\/\\\/tuguia.combarranquilla.co\\\/Revista\\\/wp-content\\\/uploads\\\/2025\\\/05\\\/ABC-Al-Rojo-Logo-96x96.jpg\",\"url\":\"https:\\\/\\\/tuguia.combarranquilla.co\\\/Revista\\\/wp-content\\\/uploads\\\/2025\\\/05\\\/ABC-Al-Rojo-Logo-96x96.jpg\",\"contentUrl\":\"https:\\\/\\\/tuguia.combarranquilla.co\\\/Revista\\\/wp-content\\\/uploads\\\/2025\\\/05\\\/ABC-Al-Rojo-Logo-96x96.jpg\",\"caption\":\"Comunicaciones Combarranquilla\"},\"sameAs\":[\"https:\\\/\\\/www.combarranquilla.co\"],\"url\":\"https:\\\/\\\/tuguia.combarranquilla.co\\\/Revista\\\/author\\\/comunicaciones\\\/\"}]}<\/script>\n<!-- \/ Yoast SEO plugin. -->","yoast_head_json":{"title":"12 a\u00f1os de la Agencia de Empleo de Combarranquilla: JobFest fue todo un \u00e9xito - Tu Gu\u00eda","robots":{"index":"index","follow":"follow","max-snippet":"max-snippet:-1","max-image-preview":"max-image-preview:large","max-video-preview":"max-video-preview:-1"},"canonical":"https:\/\/tuguia.combarranquilla.co\/Revista\/12-anos-de-la-agencia-de-empleo-de-combarranquilla-jobfest-fue-todo-un-exito\/","og_locale":"es_ES","og_type":"article","og_title":"12 a\u00f1os de la Agencia de Empleo de Combarranquilla: JobFest fue todo un \u00e9xito - Tu Gu\u00eda","og_description":"Los d\u00edas 6 y 7 de mayo se realiz\u00f3 JobFest Combarranquilla. Este evento fue organizado por la Agencia de Empleo de la Caja de Compensaci\u00f3n y pensado para el beneficio de las empresas y los oferentes. La idea principal fue dinamizar el mercado laboral en el departamento del Atl\u00e1ntico con capacitaciones, conferencias y momentos claves [&hellip;]","og_url":"https:\/\/tuguia.combarranquilla.co\/Revista\/12-anos-de-la-agencia-de-empleo-de-combarranquilla-jobfest-fue-todo-un-exito\/","og_site_name":"Tu Gu\u00eda","article_published_time":"2025-05-16T13:27:32+00:00","article_modified_time":"2025-05-19T13:11:11+00:00","og_image":[{"width":1600,"height":1066,"url":"https:\/\/tuguia.combarranquilla.co\/Revista\/wp-content\/uploads\/2025\/05\/WhatsApp-Image-2025-05-15-at-3.43.55-PM.jpeg","type":"image\/jpeg"}],"author":"Comunicaciones Combarranquilla","twitter_card":"summary_large_image","twitter_misc":{"Escrito por":"Comunicaciones Combarranquilla","Tiempo de lectura":"3 minutos"},"schema":{"@context":"https:\/\/schema.org","@graph":[{"@type":"Article","@id":"https:\/\/tuguia.combarranquilla.co\/Revista\/12-anos-de-la-agencia-de-empleo-de-combarranquilla-jobfest-fue-todo-un-exito\/#article","isPartOf":{"@id":"https:\/\/tuguia.combarranquilla.co\/Revista\/12-anos-de-la-agencia-de-empleo-de-combarranquilla-jobfest-fue-todo-un-exito\/"},"author":{"name":"Comunicaciones Combarranquilla","@id":"https:\/\/tuguia.combarranquilla.co\/Revista\/#\/schema\/person\/c2c396a77170bd1d5f8ba73294eb0d10"},"headline":"12 a\u00f1os de la Agencia de Empleo de Combarranquilla: JobFest fue todo un \u00e9xito","datePublished":"2025-05-16T13:27:32+00:00","dateModified":"2025-05-19T13:11:11+00:00","mainEntityOfPage":{"@id":"https:\/\/tuguia.combarranquilla.co\/Revista\/12-anos-de-la-agencia-de-empleo-de-combarranquilla-jobfest-fue-todo-un-exito\/"},"wordCount":420,"commentCount":0,"publisher":{"@id":"https:\/\/tuguia.combarranquilla.co\/Revista\/#organization"},"image":{"@id":"https:\/\/tuguia.combarranquilla.co\/Revista\/12-anos-de-la-agencia-de-empleo-de-combarranquilla-jobfest-fue-todo-un-exito\/#primaryimage"},"thumbnailUrl":"https:\/\/tuguia.combarranquilla.co\/Revista\/wp-content\/uploads\/2025\/05\/WhatsApp-Image-2025-05-15-at-3.43.55-PM.jpeg","articleSection":["EMPLEABILIDAD"],"inLanguage":"es-CO","potentialAction":[{"@type":"CommentAction","name":"Comment","target":["https:\/\/tuguia.combarranquilla.co\/Revista\/12-anos-de-la-agencia-de-empleo-de-combarranquilla-jobfest-fue-todo-un-exito\/#respond"]}]},{"@type":"WebPage","@id":"https:\/\/tuguia.combarranquilla.co\/Revista\/12-anos-de-la-agencia-de-empleo-de-combarranquilla-jobfest-fue-todo-un-exito\/","url":"https:\/\/tuguia.combarranquilla.co\/Revista\/12-anos-de-la-agencia-de-empleo-de-combarranquilla-jobfest-fue-todo-un-exito\/","name":"12 a\u00f1os de la Agencia de Empleo de Combarranquilla: JobFest fue todo un \u00e9xito - Tu Gu\u00eda","isPartOf":{"@id":"https:\/\/tuguia.combarranquilla.co\/Revista\/#website"},"primaryImageOfPage":{"@id":"https:\/\/tuguia.combarranquilla.co\/Revista\/12-anos-de-la-agencia-de-empleo-de-combarranquilla-jobfest-fue-todo-un-exito\/#primaryimage"},"image":{"@id":"https:\/\/tuguia.combarranquilla.co\/Revista\/12-anos-de-la-agencia-de-empleo-de-combarranquilla-jobfest-fue-todo-un-exito\/#primaryimage"},"thumbnailUrl":"https:\/\/tuguia.combarranquilla.co\/Revista\/wp-content\/uploads\/2025\/05\/WhatsApp-Image-2025-05-15-at-3.43.55-PM.jpeg","datePublished":"2025-05-16T13:27:32+00:00","dateModified":"2025-05-19T13:11:11+00:00","breadcrumb":{"@id":"https:\/\/tuguia.combarranquilla.co\/Revista\/12-anos-de-la-agencia-de-empleo-de-combarranquilla-jobfest-fue-todo-un-exito\/#breadcrumb"},"inLanguage":"es-CO","potentialAction":[{"@type":"ReadAction","target":["https:\/\/tuguia.combarranquilla.co\/Revista\/12-anos-de-la-agencia-de-empleo-de-combarranquilla-jobfest-fue-todo-un-exito\/"]}]},{"@type":"ImageObject","inLanguage":"es-CO","@id":"https:\/\/tuguia.combarranquilla.co\/Revista\/12-anos-de-la-agencia-de-empleo-de-combarranquilla-jobfest-fue-todo-un-exito\/#primaryimage","url":"https:\/\/tuguia.combarranquilla.co\/Revista\/wp-content\/uploads\/2025\/05\/WhatsApp-Image-2025-05-15-at-3.43.55-PM.jpeg","contentUrl":"https:\/\/tuguia.combarranquilla.co\/Revista\/wp-content\/uploads\/2025\/05\/WhatsApp-Image-2025-05-15-at-3.43.55-PM.jpeg","width":1600,"height":1066},{"@type":"BreadcrumbList","@id":"https:\/\/tuguia.combarranquilla.co\/Revista\/12-anos-de-la-agencia-de-empleo-de-combarranquilla-jobfest-fue-todo-un-exito\/#breadcrumb","itemListElement":[{"@type":"ListItem","position":1,"name":"Inicio","item":"https:\/\/tuguia.combarranquilla.co\/Revista\/"},{"@type":"ListItem","position":2,"name":"12 a\u00f1os de la Agencia de Empleo de Combarranquilla: JobFest fue todo un \u00e9xito"}]},{"@type":"WebSite","@id":"https:\/\/tuguia.combarranquilla.co\/Revista\/#website","url":"https:\/\/tuguia.combarranquilla.co\/Revista\/","name":"Tu Gu\u00eda","description":"La revista donde lo tienes todo.","publisher":{"@id":"https:\/\/tuguia.combarranquilla.co\/Revista\/#organization"},"alternateName":"Tu Gu\u00eda Combarranquilla","potentialAction":[{"@type":"SearchAction","target":{"@type":"EntryPoint","urlTemplate":"https:\/\/tuguia.combarranquilla.co\/Revista\/?s={search_term_string}"},"query-input":{"@type":"PropertyValueSpecification","valueRequired":true,"valueName":"search_term_string"}}],"inLanguage":"es-CO"},{"@type":"Organization","@id":"https:\/\/tuguia.combarranquilla.co\/Revista\/#organization","name":"Tu Gu\u00eda Combarranquilla","url":"https:\/\/tuguia.combarranquilla.co\/Revista\/","logo":{"@type":"ImageObject","inLanguage":"es-CO","@id":"https:\/\/tuguia.combarranquilla.co\/Revista\/#\/schema\/logo\/image\/","url":"https:\/\/tuguia.combarranquilla.co\/Revista\/wp-content\/uploads\/2022\/02\/logo-guia-combarranquilla.svg","contentUrl":"https:\/\/tuguia.combarranquilla.co\/Revista\/wp-content\/uploads\/2022\/02\/logo-guia-combarranquilla.svg","caption":"Tu Gu\u00eda Combarranquilla"},"image":{"@id":"https:\/\/tuguia.combarranquilla.co\/Revista\/#\/schema\/logo\/image\/"}},{"@type":"Person","@id":"https:\/\/tuguia.combarranquilla.co\/Revista\/#\/schema\/person\/c2c396a77170bd1d5f8ba73294eb0d10","name":"Comunicaciones Combarranquilla","image":{"@type":"ImageObject","inLanguage":"es-CO","@id":"https:\/\/tuguia.combarranquilla.co\/Revista\/wp-content\/uploads\/2025\/05\/ABC-Al-Rojo-Logo-96x96.jpg","url":"https:\/\/tuguia.combarranquilla.co\/Revista\/wp-content\/uploads\/2025\/05\/ABC-Al-Rojo-Logo-96x96.jpg","contentUrl":"https:\/\/tuguia.combarranquilla.co\/Revista\/wp-content\/uploads\/2025\/05\/ABC-Al-Rojo-Logo-96x96.jpg","caption":"Comunicaciones Combarranquilla"},"sameAs":["https:\/\/www.combarranquilla.co"],"url":"https:\/\/tuguia.combarranquilla.co\/Revista\/author\/comunicaciones\/"}]}},"_links":{"self":[{"href":"https:\/\/tuguia.combarranquilla.co\/Revista\/wp-json\/wp\/v2\/posts\/6374","targetHints":{"allow":["GET"]}}],"collection":[{"href":"https:\/\/tuguia.combarranquilla.co\/Revista\/wp-json\/wp\/v2\/posts"}],"about":[{"href":"https:\/\/tuguia.combarranquilla.co\/Revista\/wp-json\/wp\/v2\/types\/post"}],"author":[{"embeddable":true,"href":"https:\/\/tuguia.combarranquilla.co\/Revista\/wp-json\/wp\/v2\/users\/2"}],"replies":[{"embeddable":true,"href":"https:\/\/tuguia.combarranquilla.co\/Revista\/wp-json\/wp\/v2\/comments?post=6374"}],"version-history":[{"count":9,"href":"https:\/\/tuguia.combarranquilla.co\/Revista\/wp-json\/wp\/v2\/posts\/6374\/revisions"}],"predecessor-version":[{"id":6398,"href":"https:\/\/tuguia.combarranquilla.co\/Revista\/wp-json\/wp\/v2\/posts\/6374\/revisions\/6398"}],"wp:featuredmedia":[{"embeddable":true,"href":"https:\/\/tuguia.combarranquilla.co\/Revista\/wp-json\/wp\/v2\/media\/6380"}],"wp:attachment":[{"href":"https:\/\/tuguia.combarranquilla.co\/Revista\/wp-json\/wp\/v2\/media?parent=6374"}],"wp:term":[{"taxonomy":"category","embeddable":true,"href":"https:\/\/tuguia.combarranquilla.co\/Revista\/wp-json\/wp\/v2\/categories?post=6374"},{"taxonomy":"post_tag","embeddable":true,"href":"https:\/\/tuguia.combarranquilla.co\/Revista\/wp-json\/wp\/v2\/tags?post=6374"}],"curies":[{"name":"wp","href":"https:\/\/api.w.org\/{rel}","templated":true}]}}