{"id":6405,"date":"2025-05-19T15:08:20","date_gmt":"2025-05-19T20:08:20","guid":{"rendered":"https:\/\/tuguia.combarranquilla.co\/Revista\/?p=6405"},"modified":"2025-06-17T11:14:20","modified_gmt":"2025-06-17T16:14:20","slug":"estudia-con-combarranquilla-abrimos-inscripciones-para-tecnicos-laborales","status":"publish","type":"post","link":"https:\/\/tuguia.combarranquilla.co\/Revista\/estudia-con-combarranquilla-abrimos-inscripciones-para-tecnicos-laborales\/","title":{"rendered":"Estudia con Combarranquilla: abrimos inscripciones para T\u00e9cnicos Laborales hasta el 28 de julio"},"content":{"rendered":"\n<p class=\"has-medium-font-size\">La educaci\u00f3n t\u00e9cnica es el camino hacia la empleabilidad. Nos da la oportunidad de aprender y crecer, mientras nos aproximamos al mercado laboral actual.<\/p>\n\n\n\n<p class=\"has-medium-font-size\">En Combarranquilla, reconocemos la importancia que tiene la preparaci\u00f3n laboral en la calidad de vida de las personas. Por eso, desde el Centro de Formaci\u00f3n, dise\u00f1amos curr\u00edculos que apuntan al desarrollo completo de oferentes y empleadores con t\u00e9cnicos laborales.<\/p>\n\n\n\n<p class=\"has-medium-font-size\">Nuestras inscripciones est\u00e1n <strong>abiertas hasta el 28 de julio.<\/strong><\/p>\n\n\n\n<h2 class=\"wp-block-heading\" style=\"font-size:28px\"><strong>\u00bfPor qu\u00e9 estudiar un t\u00e9cnico laboral?<\/strong><\/h2>\n\n\n\n<p class=\"has-medium-font-size\">Los programas t\u00e9cnicos no solo fomentan la adquisici\u00f3n de conocimientos, sino que permiten aplicar la teor\u00eda en contextos reales y significativos. Esto es lo que hace a un gran profesional y lo prepara para proponer soluciones que impactan la sociedad.<\/p>\n\n\n\n<p class=\"has-medium-font-size\">Hay diferentes razones por las que estos programas son ideales para todos, entre ellas:<\/p>\n\n\n\n<div class=\"wp-block-columns has-background is-layout-flex wp-container-core-columns-is-layout-9d6595d7 wp-block-columns-is-layout-flex\" style=\"background-color:#badaba\">\n<div class=\"wp-block-column is-layout-flow wp-block-column-is-layout-flow\">\n<h2 class=\"wp-block-heading has-text-align-center has-medium-font-size\">Corta duraci\u00f3n<\/h2>\n\n\n\n<p class=\"has-text-align-center has-medium-font-size\">Completa tu formaci\u00f3n en un a\u00f1o o a\u00f1o y medio.<\/p>\n<\/div>\n\n\n\n<div class=\"wp-block-column is-layout-flow wp-block-column-is-layout-flow\">\n<h2 class=\"wp-block-heading has-text-align-center has-medium-font-size\">Calidad educativa<\/h2>\n\n\n\n<p class=\"has-text-align-center has-medium-font-size\">Aprende de docentes con una amplia trayectoria.<\/p>\n<\/div>\n\n\n\n<div class=\"wp-block-column is-layout-flow wp-block-column-is-layout-flow\">\n<h2 class=\"wp-block-heading has-text-align-center has-medium-font-size\">Inserci\u00f3n laboral<\/h2>\n\n\n\n<p class=\"has-text-align-center has-medium-font-size\">Encuentra oportunidades laborales para tu perfil.<\/p>\n<\/div>\n<\/div>\n\n\n\n<h2 class=\"wp-block-heading\" style=\"font-size:28px\"><strong>Carreras disponibles en el Centro de Formaci\u00f3n<\/strong><\/h2>\n\n\n<div class=\"wp-block-image\">\n<figure class=\"aligncenter size-full is-resized\"><img decoding=\"async\" width=\"1600\" height=\"900\" data-src=\"https:\/\/tuguia.combarranquilla.co\/Revista\/wp-content\/uploads\/2025\/05\/WhatsApp-Image-2025-05-19-at-2.00.31-PM-edited.jpeg\" alt=\"\" class=\"wp-image-6410 lazyload\" style=\"--smush-placeholder-width: 1600px; --smush-placeholder-aspect-ratio: 1600\/900;width:841px;height:auto\" data-srcset=\"https:\/\/tuguia.combarranquilla.co\/Revista\/wp-content\/uploads\/2025\/05\/WhatsApp-Image-2025-05-19-at-2.00.31-PM-edited.jpeg 1600w, https:\/\/tuguia.combarranquilla.co\/Revista\/wp-content\/uploads\/2025\/05\/WhatsApp-Image-2025-05-19-at-2.00.31-PM-edited-300x169.jpeg 300w, https:\/\/tuguia.combarranquilla.co\/Revista\/wp-content\/uploads\/2025\/05\/WhatsApp-Image-2025-05-19-at-2.00.31-PM-edited-1024x576.jpeg 1024w, https:\/\/tuguia.combarranquilla.co\/Revista\/wp-content\/uploads\/2025\/05\/WhatsApp-Image-2025-05-19-at-2.00.31-PM-edited-768x432.jpeg 768w, https:\/\/tuguia.combarranquilla.co\/Revista\/wp-content\/uploads\/2025\/05\/WhatsApp-Image-2025-05-19-at-2.00.31-PM-edited-1536x864.jpeg 1536w\" data-sizes=\"(max-width: 1600px) 100vw, 1600px\" src=\"data:image\/svg+xml;base64,PHN2ZyB3aWR0aD0iMSIgaGVpZ2h0PSIxIiB4bWxucz0iaHR0cDovL3d3dy53My5vcmcvMjAwMC9zdmciPjwvc3ZnPg==\" \/><\/figure><\/div>\n\n\n<p class=\"has-medium-font-size\">En el Centro de Formaci\u00f3n de Combarranquilla te ofrecemos las herramientas necesarias para que puedas potenciar tu perfil profesional y construir el futuro que sue\u00f1as. Estas son las carreras en las que puedes inscribirte:<\/p>\n\n\n\n<ul start=\"1\" class=\"wp-block-list\">\n<li class=\"has-medium-font-size\">T\u00e9cnico Laboral en Auxiliar de Soporte T\u00e9cnico en Desarrollo de Software<\/li>\n\n\n\n<li class=\"has-medium-font-size\">T\u00e9cnico Laboral en Auxiliar&nbsp;de Dise\u00f1o Gr\u00e1fico<\/li>\n\n\n\n<li class=\"has-medium-font-size\">T\u00e9cnico Laboral en Almac\u00e9n y Bodegaje<\/li>\n\n\n\n<li class=\"has-medium-font-size\">T\u00e9cnico Laboral en Auxiliar Administrativo<\/li>\n\n\n\n<li class=\"has-medium-font-size\">T\u00e9cnico Laboral en Contac Center<\/li>\n\n\n\n<li class=\"has-medium-font-size\">T\u00e9cnico Laboral en Auxiliar Contable y Financiero<\/li>\n\n\n\n<li class=\"has-medium-font-size\">T\u00e9cnico Laboral en Mercadeo y Ventas<\/li>\n\n\n\n<li class=\"has-medium-font-size\">T\u00e9cnico Laboral en Agente de Viajes<\/li>\n\n\n\n<li class=\"has-medium-font-size\">T\u00e9cnico Laboral en Auxiliar de Recursos Humanos<\/li>\n\n\n\n<li class=\"has-medium-font-size\">T\u00e9cnico Laboral Auxiliar de Cocina<\/li>\n\n\n\n<li class=\"has-medium-font-size\">T\u00e9cnico Laboral en Auxiliar de Panader\u00eda y Pasteler\u00eda<\/li>\n<\/ul>\n\n\n\n<p class=\"has-medium-font-size\">Muchos de nuestros t\u00e9cnicos laborales cuentan con un semestre para la etapa productiva en una de las siguientes modalidades: pr\u00e1ctica empresarial, proyecto de emprendimiento u homologaci\u00f3n de la pr\u00e1ctica. Esto te permitir\u00e1 explorar tus intereses y poner en pr\u00e1ctica tus saberes.<\/p>\n\n\n\n<p class=\"has-medium-font-size\">Es importante mencionar que la convocatoria para la <strong>Beca T\u00e9cnico Laboral<\/strong> est\u00e1 abierta hasta el <strong>18 de julio. <\/strong>Revisa todos los requisitos en nuestra p\u00e1gina web y no te pierdas la oportunidad de estudiar en Combarranquilla con todos tus estudios pagos.<\/p>\n\n\n\n<h2 class=\"wp-block-heading\" style=\"font-size:28px\"><strong>Inscr\u00edbete en nuestros T\u00e9cnicos Laborales<\/strong><\/h2>\n\n\n\n<p class=\"has-medium-font-size\">Como estudiante del Centro de Formaci\u00f3n, tendr\u00e1s acceso a:<\/p>\n\n\n\n<div class=\"wp-block-columns is-layout-flex wp-container-core-columns-is-layout-9d6595d7 wp-block-columns-is-layout-flex\">\n<div class=\"wp-block-column is-layout-flow wp-block-column-is-layout-flow\">\n<div class=\"wp-block-media-text is-stacked-on-mobile\" style=\"grid-template-columns:42% auto\"><figure class=\"wp-block-media-text__media\"><img decoding=\"async\" width=\"1024\" height=\"682\" data-src=\"https:\/\/tuguia.combarranquilla.co\/Revista\/wp-content\/uploads\/2025\/05\/WhatsApp-Image-2025-05-19-at-2.00.32-PM-1024x682.jpeg\" alt=\"\" class=\"wp-image-6408 size-full lazyload\" data-srcset=\"https:\/\/tuguia.combarranquilla.co\/Revista\/wp-content\/uploads\/2025\/05\/WhatsApp-Image-2025-05-19-at-2.00.32-PM-1024x682.jpeg 1024w, https:\/\/tuguia.combarranquilla.co\/Revista\/wp-content\/uploads\/2025\/05\/WhatsApp-Image-2025-05-19-at-2.00.32-PM-300x200.jpeg 300w, https:\/\/tuguia.combarranquilla.co\/Revista\/wp-content\/uploads\/2025\/05\/WhatsApp-Image-2025-05-19-at-2.00.32-PM-768x512.jpeg 768w, https:\/\/tuguia.combarranquilla.co\/Revista\/wp-content\/uploads\/2025\/05\/WhatsApp-Image-2025-05-19-at-2.00.32-PM-1536x1024.jpeg 1536w, https:\/\/tuguia.combarranquilla.co\/Revista\/wp-content\/uploads\/2025\/05\/WhatsApp-Image-2025-05-19-at-2.00.32-PM-2048x1365.jpeg 2048w\" data-sizes=\"(max-width: 1024px) 100vw, 1024px\" src=\"data:image\/svg+xml;base64,PHN2ZyB3aWR0aD0iMSIgaGVpZ2h0PSIxIiB4bWxucz0iaHR0cDovL3d3dy53My5vcmcvMjAwMC9zdmciPjwvc3ZnPg==\" style=\"--smush-placeholder-width: 1024px; --smush-placeholder-aspect-ratio: 1024\/682;\" \/><\/figure><div class=\"wp-block-media-text__content\">\n<ol class=\"wp-block-list\">\n<li class=\"has-medium-font-size\">Plataforma virtual con recursos<\/li>\n\n\n\n<li class=\"has-medium-font-size\">Procesos complementarios<\/li>\n\n\n\n<li class=\"has-medium-font-size\">Bienestar institucional<\/li>\n\n\n\n<li class=\"has-medium-font-size\">Seguro estudiantil<\/li>\n\n\n\n<li class=\"has-medium-font-size\">Derecho de certificaci\u00f3n<\/li>\n\n\n\n<li class=\"has-medium-font-size\">Encuentros con expertos<\/li>\n<\/ol>\n<\/div><\/div>\n<\/div>\n<\/div>\n\n\n\n<div class=\"wp-block-group is-vertical is-layout-flex wp-container-core-group-is-layout-8cf370e7 wp-block-group-is-layout-flex\">\n<p class=\"has-medium-font-size\">Para inscribirte, comun\u00edcate al WhatsApp de nuestros asesores y empieza a trazar tu futuro. Post\u00falate hasta el <strong>28 de julio.<\/strong><\/p>\n\n\n\n<div class=\"wp-block-group has-medium-font-size is-vertical is-content-justification-center is-layout-flex wp-container-core-group-is-layout-4b2eccd6 wp-block-group-is-layout-flex\">\n<p class=\"has-text-align-left\"><\/p>\n\n\n\n<figure class=\"wp-block-table is-style-stripes\" style=\"font-size:22px\"><table class=\"has-white-background-color has-text-color has-background has-link-color has-fixed-layout\" style=\"color:#22430f\"><tbody><tr><td class=\"has-text-align-center\" data-align=\"center\">\ud83d\udcac <strong>Omar Manjarres:<\/strong> 3173716381<br>\ud83d\udcac <strong>Linda Lizcaino:<\/strong> 3174286861<\/td><\/tr><\/tbody><\/table><\/figure>\n<\/div>\n<\/div>\n\n\n\n<p><\/p>\n\n\n\n<p class=\"has-medium-font-size\"><strong><em>\u00a1Nunca es tarde para alcanzar tus metas!<\/em><\/strong><\/p>\n","protected":false},"excerpt":{"rendered":"<p>La educaci\u00f3n t\u00e9cnica es el camino hacia la empleabilidad. Nos da la oportunidad de aprender y crecer, mientras nos aproximamos al mercado laboral actual. En Combarranquilla, reconocemos la importancia que tiene la preparaci\u00f3n laboral en la calidad de vida de las personas. Por eso, desde el Centro de Formaci\u00f3n, dise\u00f1amos curr\u00edculos que apuntan al desarrollo [&hellip;]<\/p>\n","protected":false},"author":2,"featured_media":6407,"comment_status":"open","ping_status":"open","sticky":false,"template":"","format":"standard","meta":{"inline_featured_image":false,"footnotes":""},"categories":[8],"tags":[],"class_list":["post-6405","post","type-post","status-publish","format-standard","has-post-thumbnail","hentry","category-formacion"],"yoast_head":"<!-- This site is optimized with the Yoast SEO plugin v27.4 - https:\/\/yoast.com\/product\/yoast-seo-wordpress\/ -->\n<title>Estudia con Combarranquilla: abrimos inscripciones para T\u00e9cnicos Laborales hasta el 28 de julio - Tu Gu\u00eda<\/title>\n<meta name=\"robots\" content=\"index, follow, max-snippet:-1, max-image-preview:large, max-video-preview:-1\" \/>\n<link rel=\"canonical\" href=\"https:\/\/tuguia.combarranquilla.co\/Revista\/estudia-con-combarranquilla-abrimos-inscripciones-para-tecnicos-laborales\/\" \/>\n<meta property=\"og:locale\" content=\"es_ES\" \/>\n<meta property=\"og:type\" content=\"article\" \/>\n<meta property=\"og:title\" content=\"Estudia con Combarranquilla: abrimos inscripciones para T\u00e9cnicos Laborales hasta el 28 de julio - Tu Gu\u00eda\" \/>\n<meta property=\"og:description\" content=\"La educaci\u00f3n t\u00e9cnica es el camino hacia la empleabilidad. Nos da la oportunidad de aprender y crecer, mientras nos aproximamos al mercado laboral actual. En Combarranquilla, reconocemos la importancia que tiene la preparaci\u00f3n laboral en la calidad de vida de las personas. Por eso, desde el Centro de Formaci\u00f3n, dise\u00f1amos curr\u00edculos que apuntan al desarrollo [&hellip;]\" \/>\n<meta property=\"og:url\" content=\"https:\/\/tuguia.combarranquilla.co\/Revista\/estudia-con-combarranquilla-abrimos-inscripciones-para-tecnicos-laborales\/\" \/>\n<meta property=\"og:site_name\" content=\"Tu Gu\u00eda\" \/>\n<meta property=\"article:published_time\" content=\"2025-05-19T20:08:20+00:00\" \/>\n<meta property=\"article:modified_time\" content=\"2025-06-17T16:14:20+00:00\" \/>\n<meta property=\"og:image\" content=\"https:\/\/tuguia.combarranquilla.co\/Revista\/wp-content\/uploads\/2025\/05\/WhatsApp-Image-2025-05-19-at-2.00.31-PM-1.jpeg\" \/>\n\t<meta property=\"og:image:width\" content=\"1600\" \/>\n\t<meta property=\"og:image:height\" content=\"1066\" \/>\n\t<meta property=\"og:image:type\" content=\"image\/jpeg\" \/>\n<meta name=\"author\" content=\"Comunicaciones Combarranquilla\" \/>\n<meta name=\"twitter:card\" content=\"summary_large_image\" \/>\n<meta name=\"twitter:label1\" content=\"Escrito por\" \/>\n\t<meta name=\"twitter:data1\" content=\"Comunicaciones Combarranquilla\" \/>\n\t<meta name=\"twitter:label2\" content=\"Tiempo de lectura\" \/>\n\t<meta name=\"twitter:data2\" content=\"3 minutos\" \/>\n<script type=\"application\/ld+json\" class=\"yoast-schema-graph\">{\"@context\":\"https:\\\/\\\/schema.org\",\"@graph\":[{\"@type\":\"Article\",\"@id\":\"https:\\\/\\\/tuguia.combarranquilla.co\\\/Revista\\\/estudia-con-combarranquilla-abrimos-inscripciones-para-tecnicos-laborales\\\/#article\",\"isPartOf\":{\"@id\":\"https:\\\/\\\/tuguia.combarranquilla.co\\\/Revista\\\/estudia-con-combarranquilla-abrimos-inscripciones-para-tecnicos-laborales\\\/\"},\"author\":{\"name\":\"Comunicaciones Combarranquilla\",\"@id\":\"https:\\\/\\\/tuguia.combarranquilla.co\\\/Revista\\\/#\\\/schema\\\/person\\\/c2c396a77170bd1d5f8ba73294eb0d10\"},\"headline\":\"Estudia con Combarranquilla: abrimos inscripciones para T\u00e9cnicos Laborales hasta el 28 de julio\",\"datePublished\":\"2025-05-19T20:08:20+00:00\",\"dateModified\":\"2025-06-17T16:14:20+00:00\",\"mainEntityOfPage\":{\"@id\":\"https:\\\/\\\/tuguia.combarranquilla.co\\\/Revista\\\/estudia-con-combarranquilla-abrimos-inscripciones-para-tecnicos-laborales\\\/\"},\"wordCount\":480,\"commentCount\":0,\"publisher\":{\"@id\":\"https:\\\/\\\/tuguia.combarranquilla.co\\\/Revista\\\/#organization\"},\"image\":{\"@id\":\"https:\\\/\\\/tuguia.combarranquilla.co\\\/Revista\\\/estudia-con-combarranquilla-abrimos-inscripciones-para-tecnicos-laborales\\\/#primaryimage\"},\"thumbnailUrl\":\"https:\\\/\\\/tuguia.combarranquilla.co\\\/Revista\\\/wp-content\\\/uploads\\\/2025\\\/05\\\/WhatsApp-Image-2025-05-19-at-2.00.31-PM-1.jpeg\",\"articleSection\":[\"FORMACI\u00d3N\"],\"inLanguage\":\"es-CO\",\"potentialAction\":[{\"@type\":\"CommentAction\",\"name\":\"Comment\",\"target\":[\"https:\\\/\\\/tuguia.combarranquilla.co\\\/Revista\\\/estudia-con-combarranquilla-abrimos-inscripciones-para-tecnicos-laborales\\\/#respond\"]}]},{\"@type\":\"WebPage\",\"@id\":\"https:\\\/\\\/tuguia.combarranquilla.co\\\/Revista\\\/estudia-con-combarranquilla-abrimos-inscripciones-para-tecnicos-laborales\\\/\",\"url\":\"https:\\\/\\\/tuguia.combarranquilla.co\\\/Revista\\\/estudia-con-combarranquilla-abrimos-inscripciones-para-tecnicos-laborales\\\/\",\"name\":\"Estudia con Combarranquilla: abrimos inscripciones para T\u00e9cnicos Laborales hasta el 28 de julio - Tu Gu\u00eda\",\"isPartOf\":{\"@id\":\"https:\\\/\\\/tuguia.combarranquilla.co\\\/Revista\\\/#website\"},\"primaryImageOfPage\":{\"@id\":\"https:\\\/\\\/tuguia.combarranquilla.co\\\/Revista\\\/estudia-con-combarranquilla-abrimos-inscripciones-para-tecnicos-laborales\\\/#primaryimage\"},\"image\":{\"@id\":\"https:\\\/\\\/tuguia.combarranquilla.co\\\/Revista\\\/estudia-con-combarranquilla-abrimos-inscripciones-para-tecnicos-laborales\\\/#primaryimage\"},\"thumbnailUrl\":\"https:\\\/\\\/tuguia.combarranquilla.co\\\/Revista\\\/wp-content\\\/uploads\\\/2025\\\/05\\\/WhatsApp-Image-2025-05-19-at-2.00.31-PM-1.jpeg\",\"datePublished\":\"2025-05-19T20:08:20+00:00\",\"dateModified\":\"2025-06-17T16:14:20+00:00\",\"breadcrumb\":{\"@id\":\"https:\\\/\\\/tuguia.combarranquilla.co\\\/Revista\\\/estudia-con-combarranquilla-abrimos-inscripciones-para-tecnicos-laborales\\\/#breadcrumb\"},\"inLanguage\":\"es-CO\",\"potentialAction\":[{\"@type\":\"ReadAction\",\"target\":[\"https:\\\/\\\/tuguia.combarranquilla.co\\\/Revista\\\/estudia-con-combarranquilla-abrimos-inscripciones-para-tecnicos-laborales\\\/\"]}]},{\"@type\":\"ImageObject\",\"inLanguage\":\"es-CO\",\"@id\":\"https:\\\/\\\/tuguia.combarranquilla.co\\\/Revista\\\/estudia-con-combarranquilla-abrimos-inscripciones-para-tecnicos-laborales\\\/#primaryimage\",\"url\":\"https:\\\/\\\/tuguia.combarranquilla.co\\\/Revista\\\/wp-content\\\/uploads\\\/2025\\\/05\\\/WhatsApp-Image-2025-05-19-at-2.00.31-PM-1.jpeg\",\"contentUrl\":\"https:\\\/\\\/tuguia.combarranquilla.co\\\/Revista\\\/wp-content\\\/uploads\\\/2025\\\/05\\\/WhatsApp-Image-2025-05-19-at-2.00.31-PM-1.jpeg\",\"width\":1600,\"height\":1066},{\"@type\":\"BreadcrumbList\",\"@id\":\"https:\\\/\\\/tuguia.combarranquilla.co\\\/Revista\\\/estudia-con-combarranquilla-abrimos-inscripciones-para-tecnicos-laborales\\\/#breadcrumb\",\"itemListElement\":[{\"@type\":\"ListItem\",\"position\":1,\"name\":\"Inicio\",\"item\":\"https:\\\/\\\/tuguia.combarranquilla.co\\\/Revista\\\/\"},{\"@type\":\"ListItem\",\"position\":2,\"name\":\"Estudia con Combarranquilla: abrimos inscripciones para T\u00e9cnicos Laborales hasta el 28 de julio\"}]},{\"@type\":\"WebSite\",\"@id\":\"https:\\\/\\\/tuguia.combarranquilla.co\\\/Revista\\\/#website\",\"url\":\"https:\\\/\\\/tuguia.combarranquilla.co\\\/Revista\\\/\",\"name\":\"Tu Gu\u00eda\",\"description\":\"La revista donde lo tienes todo.\",\"publisher\":{\"@id\":\"https:\\\/\\\/tuguia.combarranquilla.co\\\/Revista\\\/#organization\"},\"alternateName\":\"Tu Gu\u00eda Combarranquilla\",\"potentialAction\":[{\"@type\":\"SearchAction\",\"target\":{\"@type\":\"EntryPoint\",\"urlTemplate\":\"https:\\\/\\\/tuguia.combarranquilla.co\\\/Revista\\\/?s={search_term_string}\"},\"query-input\":{\"@type\":\"PropertyValueSpecification\",\"valueRequired\":true,\"valueName\":\"search_term_string\"}}],\"inLanguage\":\"es-CO\"},{\"@type\":\"Organization\",\"@id\":\"https:\\\/\\\/tuguia.combarranquilla.co\\\/Revista\\\/#organization\",\"name\":\"Tu Gu\u00eda Combarranquilla\",\"url\":\"https:\\\/\\\/tuguia.combarranquilla.co\\\/Revista\\\/\",\"logo\":{\"@type\":\"ImageObject\",\"inLanguage\":\"es-CO\",\"@id\":\"https:\\\/\\\/tuguia.combarranquilla.co\\\/Revista\\\/#\\\/schema\\\/logo\\\/image\\\/\",\"url\":\"https:\\\/\\\/tuguia.combarranquilla.co\\\/Revista\\\/wp-content\\\/uploads\\\/2022\\\/02\\\/logo-guia-combarranquilla.svg\",\"contentUrl\":\"https:\\\/\\\/tuguia.combarranquilla.co\\\/Revista\\\/wp-content\\\/uploads\\\/2022\\\/02\\\/logo-guia-combarranquilla.svg\",\"caption\":\"Tu Gu\u00eda Combarranquilla\"},\"image\":{\"@id\":\"https:\\\/\\\/tuguia.combarranquilla.co\\\/Revista\\\/#\\\/schema\\\/logo\\\/image\\\/\"}},{\"@type\":\"Person\",\"@id\":\"https:\\\/\\\/tuguia.combarranquilla.co\\\/Revista\\\/#\\\/schema\\\/person\\\/c2c396a77170bd1d5f8ba73294eb0d10\",\"name\":\"Comunicaciones Combarranquilla\",\"image\":{\"@type\":\"ImageObject\",\"inLanguage\":\"es-CO\",\"@id\":\"https:\\\/\\\/tuguia.combarranquilla.co\\\/Revista\\\/wp-content\\\/uploads\\\/2025\\\/05\\\/ABC-Al-Rojo-Logo-96x96.jpg\",\"url\":\"https:\\\/\\\/tuguia.combarranquilla.co\\\/Revista\\\/wp-content\\\/uploads\\\/2025\\\/05\\\/ABC-Al-Rojo-Logo-96x96.jpg\",\"contentUrl\":\"https:\\\/\\\/tuguia.combarranquilla.co\\\/Revista\\\/wp-content\\\/uploads\\\/2025\\\/05\\\/ABC-Al-Rojo-Logo-96x96.jpg\",\"caption\":\"Comunicaciones Combarranquilla\"},\"sameAs\":[\"https:\\\/\\\/www.combarranquilla.co\"],\"url\":\"https:\\\/\\\/tuguia.combarranquilla.co\\\/Revista\\\/author\\\/comunicaciones\\\/\"}]}<\/script>\n<!-- \/ Yoast SEO plugin. -->","yoast_head_json":{"title":"Estudia con Combarranquilla: abrimos inscripciones para T\u00e9cnicos Laborales hasta el 28 de julio - Tu Gu\u00eda","robots":{"index":"index","follow":"follow","max-snippet":"max-snippet:-1","max-image-preview":"max-image-preview:large","max-video-preview":"max-video-preview:-1"},"canonical":"https:\/\/tuguia.combarranquilla.co\/Revista\/estudia-con-combarranquilla-abrimos-inscripciones-para-tecnicos-laborales\/","og_locale":"es_ES","og_type":"article","og_title":"Estudia con Combarranquilla: abrimos inscripciones para T\u00e9cnicos Laborales hasta el 28 de julio - Tu Gu\u00eda","og_description":"La educaci\u00f3n t\u00e9cnica es el camino hacia la empleabilidad. Nos da la oportunidad de aprender y crecer, mientras nos aproximamos al mercado laboral actual. En Combarranquilla, reconocemos la importancia que tiene la preparaci\u00f3n laboral en la calidad de vida de las personas. Por eso, desde el Centro de Formaci\u00f3n, dise\u00f1amos curr\u00edculos que apuntan al desarrollo [&hellip;]","og_url":"https:\/\/tuguia.combarranquilla.co\/Revista\/estudia-con-combarranquilla-abrimos-inscripciones-para-tecnicos-laborales\/","og_site_name":"Tu Gu\u00eda","article_published_time":"2025-05-19T20:08:20+00:00","article_modified_time":"2025-06-17T16:14:20+00:00","og_image":[{"width":1600,"height":1066,"url":"https:\/\/tuguia.combarranquilla.co\/Revista\/wp-content\/uploads\/2025\/05\/WhatsApp-Image-2025-05-19-at-2.00.31-PM-1.jpeg","type":"image\/jpeg"}],"author":"Comunicaciones Combarranquilla","twitter_card":"summary_large_image","twitter_misc":{"Escrito por":"Comunicaciones Combarranquilla","Tiempo de lectura":"3 minutos"},"schema":{"@context":"https:\/\/schema.org","@graph":[{"@type":"Article","@id":"https:\/\/tuguia.combarranquilla.co\/Revista\/estudia-con-combarranquilla-abrimos-inscripciones-para-tecnicos-laborales\/#article","isPartOf":{"@id":"https:\/\/tuguia.combarranquilla.co\/Revista\/estudia-con-combarranquilla-abrimos-inscripciones-para-tecnicos-laborales\/"},"author":{"name":"Comunicaciones Combarranquilla","@id":"https:\/\/tuguia.combarranquilla.co\/Revista\/#\/schema\/person\/c2c396a77170bd1d5f8ba73294eb0d10"},"headline":"Estudia con Combarranquilla: abrimos inscripciones para T\u00e9cnicos Laborales hasta el 28 de julio","datePublished":"2025-05-19T20:08:20+00:00","dateModified":"2025-06-17T16:14:20+00:00","mainEntityOfPage":{"@id":"https:\/\/tuguia.combarranquilla.co\/Revista\/estudia-con-combarranquilla-abrimos-inscripciones-para-tecnicos-laborales\/"},"wordCount":480,"commentCount":0,"publisher":{"@id":"https:\/\/tuguia.combarranquilla.co\/Revista\/#organization"},"image":{"@id":"https:\/\/tuguia.combarranquilla.co\/Revista\/estudia-con-combarranquilla-abrimos-inscripciones-para-tecnicos-laborales\/#primaryimage"},"thumbnailUrl":"https:\/\/tuguia.combarranquilla.co\/Revista\/wp-content\/uploads\/2025\/05\/WhatsApp-Image-2025-05-19-at-2.00.31-PM-1.jpeg","articleSection":["FORMACI\u00d3N"],"inLanguage":"es-CO","potentialAction":[{"@type":"CommentAction","name":"Comment","target":["https:\/\/tuguia.combarranquilla.co\/Revista\/estudia-con-combarranquilla-abrimos-inscripciones-para-tecnicos-laborales\/#respond"]}]},{"@type":"WebPage","@id":"https:\/\/tuguia.combarranquilla.co\/Revista\/estudia-con-combarranquilla-abrimos-inscripciones-para-tecnicos-laborales\/","url":"https:\/\/tuguia.combarranquilla.co\/Revista\/estudia-con-combarranquilla-abrimos-inscripciones-para-tecnicos-laborales\/","name":"Estudia con Combarranquilla: abrimos inscripciones para T\u00e9cnicos Laborales hasta el 28 de julio - Tu Gu\u00eda","isPartOf":{"@id":"https:\/\/tuguia.combarranquilla.co\/Revista\/#website"},"primaryImageOfPage":{"@id":"https:\/\/tuguia.combarranquilla.co\/Revista\/estudia-con-combarranquilla-abrimos-inscripciones-para-tecnicos-laborales\/#primaryimage"},"image":{"@id":"https:\/\/tuguia.combarranquilla.co\/Revista\/estudia-con-combarranquilla-abrimos-inscripciones-para-tecnicos-laborales\/#primaryimage"},"thumbnailUrl":"https:\/\/tuguia.combarranquilla.co\/Revista\/wp-content\/uploads\/2025\/05\/WhatsApp-Image-2025-05-19-at-2.00.31-PM-1.jpeg","datePublished":"2025-05-19T20:08:20+00:00","dateModified":"2025-06-17T16:14:20+00:00","breadcrumb":{"@id":"https:\/\/tuguia.combarranquilla.co\/Revista\/estudia-con-combarranquilla-abrimos-inscripciones-para-tecnicos-laborales\/#breadcrumb"},"inLanguage":"es-CO","potentialAction":[{"@type":"ReadAction","target":["https:\/\/tuguia.combarranquilla.co\/Revista\/estudia-con-combarranquilla-abrimos-inscripciones-para-tecnicos-laborales\/"]}]},{"@type":"ImageObject","inLanguage":"es-CO","@id":"https:\/\/tuguia.combarranquilla.co\/Revista\/estudia-con-combarranquilla-abrimos-inscripciones-para-tecnicos-laborales\/#primaryimage","url":"https:\/\/tuguia.combarranquilla.co\/Revista\/wp-content\/uploads\/2025\/05\/WhatsApp-Image-2025-05-19-at-2.00.31-PM-1.jpeg","contentUrl":"https:\/\/tuguia.combarranquilla.co\/Revista\/wp-content\/uploads\/2025\/05\/WhatsApp-Image-2025-05-19-at-2.00.31-PM-1.jpeg","width":1600,"height":1066},{"@type":"BreadcrumbList","@id":"https:\/\/tuguia.combarranquilla.co\/Revista\/estudia-con-combarranquilla-abrimos-inscripciones-para-tecnicos-laborales\/#breadcrumb","itemListElement":[{"@type":"ListItem","position":1,"name":"Inicio","item":"https:\/\/tuguia.combarranquilla.co\/Revista\/"},{"@type":"ListItem","position":2,"name":"Estudia con Combarranquilla: abrimos inscripciones para T\u00e9cnicos Laborales hasta el 28 de julio"}]},{"@type":"WebSite","@id":"https:\/\/tuguia.combarranquilla.co\/Revista\/#website","url":"https:\/\/tuguia.combarranquilla.co\/Revista\/","name":"Tu Gu\u00eda","description":"La revista donde lo tienes todo.","publisher":{"@id":"https:\/\/tuguia.combarranquilla.co\/Revista\/#organization"},"alternateName":"Tu Gu\u00eda Combarranquilla","potentialAction":[{"@type":"SearchAction","target":{"@type":"EntryPoint","urlTemplate":"https:\/\/tuguia.combarranquilla.co\/Revista\/?s={search_term_string}"},"query-input":{"@type":"PropertyValueSpecification","valueRequired":true,"valueName":"search_term_string"}}],"inLanguage":"es-CO"},{"@type":"Organization","@id":"https:\/\/tuguia.combarranquilla.co\/Revista\/#organization","name":"Tu Gu\u00eda Combarranquilla","url":"https:\/\/tuguia.combarranquilla.co\/Revista\/","logo":{"@type":"ImageObject","inLanguage":"es-CO","@id":"https:\/\/tuguia.combarranquilla.co\/Revista\/#\/schema\/logo\/image\/","url":"https:\/\/tuguia.combarranquilla.co\/Revista\/wp-content\/uploads\/2022\/02\/logo-guia-combarranquilla.svg","contentUrl":"https:\/\/tuguia.combarranquilla.co\/Revista\/wp-content\/uploads\/2022\/02\/logo-guia-combarranquilla.svg","caption":"Tu Gu\u00eda Combarranquilla"},"image":{"@id":"https:\/\/tuguia.combarranquilla.co\/Revista\/#\/schema\/logo\/image\/"}},{"@type":"Person","@id":"https:\/\/tuguia.combarranquilla.co\/Revista\/#\/schema\/person\/c2c396a77170bd1d5f8ba73294eb0d10","name":"Comunicaciones Combarranquilla","image":{"@type":"ImageObject","inLanguage":"es-CO","@id":"https:\/\/tuguia.combarranquilla.co\/Revista\/wp-content\/uploads\/2025\/05\/ABC-Al-Rojo-Logo-96x96.jpg","url":"https:\/\/tuguia.combarranquilla.co\/Revista\/wp-content\/uploads\/2025\/05\/ABC-Al-Rojo-Logo-96x96.jpg","contentUrl":"https:\/\/tuguia.combarranquilla.co\/Revista\/wp-content\/uploads\/2025\/05\/ABC-Al-Rojo-Logo-96x96.jpg","caption":"Comunicaciones Combarranquilla"},"sameAs":["https:\/\/www.combarranquilla.co"],"url":"https:\/\/tuguia.combarranquilla.co\/Revista\/author\/comunicaciones\/"}]}},"_links":{"self":[{"href":"https:\/\/tuguia.combarranquilla.co\/Revista\/wp-json\/wp\/v2\/posts\/6405","targetHints":{"allow":["GET"]}}],"collection":[{"href":"https:\/\/tuguia.combarranquilla.co\/Revista\/wp-json\/wp\/v2\/posts"}],"about":[{"href":"https:\/\/tuguia.combarranquilla.co\/Revista\/wp-json\/wp\/v2\/types\/post"}],"author":[{"embeddable":true,"href":"https:\/\/tuguia.combarranquilla.co\/Revista\/wp-json\/wp\/v2\/users\/2"}],"replies":[{"embeddable":true,"href":"https:\/\/tuguia.combarranquilla.co\/Revista\/wp-json\/wp\/v2\/comments?post=6405"}],"version-history":[{"count":30,"href":"https:\/\/tuguia.combarranquilla.co\/Revista\/wp-json\/wp\/v2\/posts\/6405\/revisions"}],"predecessor-version":[{"id":6855,"href":"https:\/\/tuguia.combarranquilla.co\/Revista\/wp-json\/wp\/v2\/posts\/6405\/revisions\/6855"}],"wp:featuredmedia":[{"embeddable":true,"href":"https:\/\/tuguia.combarranquilla.co\/Revista\/wp-json\/wp\/v2\/media\/6407"}],"wp:attachment":[{"href":"https:\/\/tuguia.combarranquilla.co\/Revista\/wp-json\/wp\/v2\/media?parent=6405"}],"wp:term":[{"taxonomy":"category","embeddable":true,"href":"https:\/\/tuguia.combarranquilla.co\/Revista\/wp-json\/wp\/v2\/categories?post=6405"},{"taxonomy":"post_tag","embeddable":true,"href":"https:\/\/tuguia.combarranquilla.co\/Revista\/wp-json\/wp\/v2\/tags?post=6405"}],"curies":[{"name":"wp","href":"https:\/\/api.w.org\/{rel}","templated":true}]}}