{"id":6444,"date":"2025-05-25T10:23:00","date_gmt":"2025-05-25T15:23:00","guid":{"rendered":"https:\/\/tuguia.combarranquilla.co\/Revista\/?p=6444"},"modified":"2025-06-04T16:02:28","modified_gmt":"2025-06-04T21:02:28","slug":"planetario-combarranquilla-30-anos-de-historias","status":"publish","type":"post","link":"https:\/\/tuguia.combarranquilla.co\/Revista\/planetario-combarranquilla-30-anos-de-historias\/","title":{"rendered":"Planetario Combarranquilla, 30 a\u00f1os de historia"},"content":{"rendered":"\n<p>Desde pensar que la luna nos sigue hasta cuestionar las complejidades del firmamento, la astronom\u00eda ha contribuido a la convicci\u00f3n de encontrar nuestro lugar en el mundo. Sin embargo, para comprender el universo no solo basta con mirar al cielo: es necesario apropiarnos de la ciencia que define lo conocido y lo desconocido. Esto solo es posible cuando se abren las puertas del conocimiento, con el objetivo de volverlo accesible a la comunidad. Es a partir de esa premisa que en 1995 nace el \u00fanico planetario privado del Caribe colombiano y de Barranquilla: el Planetario Combarranquilla. Un espacio donde convergen el aprendizaje cient\u00edfico y el asombro.<\/p>\n\n\n\n<p>Era jueves 25 de mayo de 1995. Mientras la expectativa crec\u00eda, Jorge Senior Mart\u00ednez, investigador y profesor, anunciaba al p\u00fablico la inauguraci\u00f3n de un nuevo proyecto innovador, ubicado en la Unidad de Servicios Boston de Combarranquilla. Fue as\u00ed como la Caja de Compensaci\u00f3n y la Fundaci\u00f3n Amigos de la Astronom\u00eda dieron a conocer el primer escenario privado de observaci\u00f3n astron\u00f3mica en Colombia. En ese momento, el Planetario Combarranquilla se convirti\u00f3 en un legado para la ciudad bajo la direcci\u00f3n de Senior, su primer coordinador.<\/p>\n\n\n<div class=\"wp-block-image is-style-default\">\n<figure class=\"aligncenter size-large is-resized\"><img decoding=\"async\" width=\"1024\" height=\"768\" data-src=\"https:\/\/tuguia.combarranquilla.co\/Revista\/wp-content\/uploads\/2025\/05\/ANTES-PLANETARIO1-1024x768.jpg\" alt=\"\" class=\"wp-image-6460 lazyload\" style=\"--smush-placeholder-width: 1024px; --smush-placeholder-aspect-ratio: 1024\/768;width:597px;height:auto\" data-srcset=\"https:\/\/tuguia.combarranquilla.co\/Revista\/wp-content\/uploads\/2025\/05\/ANTES-PLANETARIO1-1024x768.jpg 1024w, https:\/\/tuguia.combarranquilla.co\/Revista\/wp-content\/uploads\/2025\/05\/ANTES-PLANETARIO1-300x225.jpg 300w, https:\/\/tuguia.combarranquilla.co\/Revista\/wp-content\/uploads\/2025\/05\/ANTES-PLANETARIO1-768x576.jpg 768w, https:\/\/tuguia.combarranquilla.co\/Revista\/wp-content\/uploads\/2025\/05\/ANTES-PLANETARIO1-1536x1152.jpg 1536w, https:\/\/tuguia.combarranquilla.co\/Revista\/wp-content\/uploads\/2025\/05\/ANTES-PLANETARIO1-2048x1536.jpg 2048w\" data-sizes=\"(max-width: 1024px) 100vw, 1024px\" src=\"data:image\/svg+xml;base64,PHN2ZyB3aWR0aD0iMSIgaGVpZ2h0PSIxIiB4bWxucz0iaHR0cDovL3d3dy53My5vcmcvMjAwMC9zdmciPjwvc3ZnPg==\" \/><\/figure><\/div>\n\n\n<p>El 7 de junio del mismo a\u00f1o, ni\u00f1os, j\u00f3venes y adultos tuvieron la oportunidad de conocer el Planetario. Aquel d\u00eda se realiz\u00f3 la primera funci\u00f3n abierta al p\u00fablico, marcando el inicio de una nueva etapa para la divulgaci\u00f3n cient\u00edfica en Barranquilla. El evento fue tambi\u00e9n una invitaci\u00f3n simb\u00f3lica a abrazar la ciencia, para que incluso la mirada m\u00e1s joven se llenara de curiosidad.<\/p>\n\n\n\n<p>Luego de 10 a\u00f1os en funcionamiento, en 2005, Combarranquilla asumi\u00f3 la administraci\u00f3n del Planetario y nombr\u00f3 a Orlando M\u00e9ndez Chamorro como su coordinador. En esta nueva etapa, el espacio sigui\u00f3 creciendo y moderniz\u00e1ndose para atender los intereses de la poblaci\u00f3n y acoger los avances cient\u00edficos y astron\u00f3micos. As\u00ed, en el 2014 se a\u00f1adi\u00f3 una sala interactiva con capacidad para 45 personas, con contenidos digitales y aplicaciones que explicaban fen\u00f3menos astron\u00f3micos y un proyector digital para la presentaci\u00f3n de shows.<\/p>\n\n\n\n<p>A lo largo de los a\u00f1os, miles de personas han visitado sus salas, que incluyen la Sala del Espacio, con herramientas interactivas; y la Sala Domo, un sal\u00f3n con forma de c\u00fapula donde las estrellas se sienten m\u00e1s cerca que nunca. Gracias a este enfoque l\u00fadico, la relaci\u00f3n con la ciencia se ha convertido en una experiencia trascendental y memorable para p\u00fablicos de todas las edades.<\/p>\n\n\n\n<p>Durante 30 a\u00f1os, el Planetario Combarranquilla ha construido un universo movido por la educaci\u00f3n STEM de la mano de la Red de Astronom\u00eda, la Alcald\u00eda de Barranquilla y diferentes colegios, universidades y empresas del pa\u00eds. Asimismo, personalidades como Javier Santaolalla y C\u00e9sar Ocampo Q. E. P. D., destacados divulgadores cient\u00edficos, han hecho parte de su historia, promoviendo la astronom\u00eda y la ciencia en Barranquilla.<\/p>\n\n\n<div class=\"wp-block-image\">\n<figure class=\"aligncenter size-large is-resized\"><img decoding=\"async\" width=\"1024\" height=\"768\" data-src=\"https:\/\/tuguia.combarranquilla.co\/Revista\/wp-content\/uploads\/2025\/05\/IMG_3785-1024x768.jpg\" alt=\"\" class=\"wp-image-6461 lazyload\" style=\"--smush-placeholder-width: 1024px; --smush-placeholder-aspect-ratio: 1024\/768;width:587px;height:auto\" data-srcset=\"https:\/\/tuguia.combarranquilla.co\/Revista\/wp-content\/uploads\/2025\/05\/IMG_3785-1024x768.jpg 1024w, https:\/\/tuguia.combarranquilla.co\/Revista\/wp-content\/uploads\/2025\/05\/IMG_3785-300x225.jpg 300w, https:\/\/tuguia.combarranquilla.co\/Revista\/wp-content\/uploads\/2025\/05\/IMG_3785-768x576.jpg 768w, https:\/\/tuguia.combarranquilla.co\/Revista\/wp-content\/uploads\/2025\/05\/IMG_3785-1536x1152.jpg 1536w, https:\/\/tuguia.combarranquilla.co\/Revista\/wp-content\/uploads\/2025\/05\/IMG_3785-2048x1536.jpg 2048w\" data-sizes=\"(max-width: 1024px) 100vw, 1024px\" src=\"data:image\/svg+xml;base64,PHN2ZyB3aWR0aD0iMSIgaGVpZ2h0PSIxIiB4bWxucz0iaHR0cDovL3d3dy53My5vcmcvMjAwMC9zdmciPjwvc3ZnPg==\" \/><\/figure><\/div>\n\n\n<p>Uno de los eventos m\u00e1s apreciados por los visitantes del Planetario son las jornadas de observaci\u00f3n de eclipses lunares y solares, que re\u00fanen a personas deseosas de presenciar estos fen\u00f3menos astron\u00f3micos. Es a trav\u00e9s de estos espacios de encuentro e interacci\u00f3n que se hace evidente el impacto del Planetario como potenciador del conocimiento.<\/p>\n\n\n\n<p>Democratizar la ciencia no es una tarea sencilla. Implica el esfuerzo conjunto de ciudadanos y entidades que quieren&nbsp;mejorar la calidad educativa. El Planetario Combarranquilla sigue trabajando para cumplir con ese prop\u00f3sito. De acuerdo con Ernesto Herrera, director de Combarranquilla, el Planetario naci\u00f3 como complemento del proceso de ense\u00f1anza&nbsp;en la regi\u00f3n Caribe. \u201cNi\u00f1os y j\u00f3venes de todo el Atl\u00e1ntico y departamentos de la regi\u00f3n van al Planetario para conocer c\u00f3mo evolucion\u00f3 y sigue evolucionando el universo. Buscamos que se enamoren de la ciencia\u201d, afirma.<\/p>\n\n\n<div class=\"wp-block-image\">\n<figure class=\"aligncenter size-large is-resized\"><img decoding=\"async\" width=\"1024\" height=\"838\" data-src=\"https:\/\/tuguia.combarranquilla.co\/Revista\/wp-content\/uploads\/2025\/05\/IMG_6547-1024x838.jpg\" alt=\"\" class=\"wp-image-6465 lazyload\" style=\"--smush-placeholder-width: 1024px; --smush-placeholder-aspect-ratio: 1024\/838;width:556px;height:auto\" data-srcset=\"https:\/\/tuguia.combarranquilla.co\/Revista\/wp-content\/uploads\/2025\/05\/IMG_6547-1024x838.jpg 1024w, https:\/\/tuguia.combarranquilla.co\/Revista\/wp-content\/uploads\/2025\/05\/IMG_6547-300x245.jpg 300w, https:\/\/tuguia.combarranquilla.co\/Revista\/wp-content\/uploads\/2025\/05\/IMG_6547-768x628.jpg 768w, https:\/\/tuguia.combarranquilla.co\/Revista\/wp-content\/uploads\/2025\/05\/IMG_6547-1536x1256.jpg 1536w, https:\/\/tuguia.combarranquilla.co\/Revista\/wp-content\/uploads\/2025\/05\/IMG_6547-2048x1675.jpg 2048w\" data-sizes=\"(max-width: 1024px) 100vw, 1024px\" src=\"data:image\/svg+xml;base64,PHN2ZyB3aWR0aD0iMSIgaGVpZ2h0PSIxIiB4bWxucz0iaHR0cDovL3d3dy53My5vcmcvMjAwMC9zdmciPjwvc3ZnPg==\" \/><\/figure><\/div>\n\n\n<p>El coordinador del Planetario Combarranquilla, Orlando M\u00e9ndez, tambi\u00e9n resalta el rol del Planetario como mediador entre el p\u00fablico y la ciencia. Para \u00e9l, la astronom\u00eda y la ciencia deben entenderse como saberes que hacen parte de nuestra cultura, porque la ciencia es la que genera progreso en las sociedades. \u201cSi queremos que la poblaci\u00f3n se acerque a la astronom\u00eda, hay que mostrar que la ciencia trasciende edades, geograf\u00edas y gustos\u201d.<\/p>\n\n\n\n<p>En la actualidad, el Planetario\u00a0contin\u00faa\u00a0desarrollando estrategias de apropiaci\u00f3n social del conocimiento, para aportar a la formaci\u00f3n de vocaciones cient\u00edficas. Hoy es el \u00fanico planetario de la regi\u00f3n Caribe abierto al p\u00fablico y se sigue consolidando como faro de la astronom\u00eda.<\/p>\n\n\n\n<p>Aqu\u00ed, donde miles de mentes se han maravillado, el conocimiento del universo ha cumplido un prop\u00f3sito: <strong><em>transformar vidas.<\/em><\/strong><\/p>\n","protected":false},"excerpt":{"rendered":"<p>Desde pensar que la luna nos sigue hasta cuestionar las complejidades del firmamento, la astronom\u00eda ha contribuido a la convicci\u00f3n de encontrar nuestro lugar en el mundo. Sin embargo, para comprender el universo no solo basta con mirar al cielo: es necesario apropiarnos de la ciencia que define lo conocido y lo desconocido. Esto solo [&hellip;]<\/p>\n","protected":false},"author":3,"featured_media":6641,"comment_status":"open","ping_status":"open","sticky":false,"template":"","format":"standard","meta":{"inline_featured_image":false,"footnotes":""},"categories":[4],"tags":[],"class_list":["post-6444","post","type-post","status-publish","format-standard","has-post-thumbnail","hentry","category-ciencia-y-cultura"],"yoast_head":"<!-- This site is optimized with the Yoast SEO plugin v27.4 - https:\/\/yoast.com\/product\/yoast-seo-wordpress\/ -->\n<title>Planetario Combarranquilla, 30 a\u00f1os de historia - Tu Gu\u00eda<\/title>\n<meta name=\"robots\" content=\"index, follow, max-snippet:-1, max-image-preview:large, max-video-preview:-1\" \/>\n<link rel=\"canonical\" href=\"https:\/\/tuguia.combarranquilla.co\/Revista\/planetario-combarranquilla-30-anos-de-historias\/\" \/>\n<meta property=\"og:locale\" content=\"es_ES\" \/>\n<meta property=\"og:type\" content=\"article\" \/>\n<meta property=\"og:title\" content=\"Planetario Combarranquilla, 30 a\u00f1os de historia - Tu Gu\u00eda\" \/>\n<meta property=\"og:description\" content=\"Desde pensar que la luna nos sigue hasta cuestionar las complejidades del firmamento, la astronom\u00eda ha contribuido a la convicci\u00f3n de encontrar nuestro lugar en el mundo. Sin embargo, para comprender el universo no solo basta con mirar al cielo: es necesario apropiarnos de la ciencia que define lo conocido y lo desconocido. Esto solo [&hellip;]\" \/>\n<meta property=\"og:url\" content=\"https:\/\/tuguia.combarranquilla.co\/Revista\/planetario-combarranquilla-30-anos-de-historias\/\" \/>\n<meta property=\"og:site_name\" content=\"Tu Gu\u00eda\" \/>\n<meta property=\"article:published_time\" content=\"2025-05-25T15:23:00+00:00\" \/>\n<meta property=\"article:modified_time\" content=\"2025-06-04T21:02:28+00:00\" \/>\n<meta property=\"og:image\" content=\"https:\/\/tuguia.combarranquilla.co\/Revista\/wp-content\/uploads\/2025\/05\/Revista-Combarranquilla-1024x512.png\" \/>\n\t<meta property=\"og:image:width\" content=\"1024\" \/>\n\t<meta property=\"og:image:height\" content=\"512\" \/>\n\t<meta property=\"og:image:type\" content=\"image\/png\" \/>\n<meta name=\"author\" content=\"Planetario Combarranquilla\" \/>\n<meta name=\"twitter:card\" content=\"summary_large_image\" \/>\n<meta name=\"twitter:label1\" content=\"Escrito por\" \/>\n\t<meta name=\"twitter:data1\" content=\"Planetario Combarranquilla\" \/>\n\t<meta name=\"twitter:label2\" content=\"Tiempo de lectura\" \/>\n\t<meta name=\"twitter:data2\" content=\"5 minutos\" \/>\n<script type=\"application\/ld+json\" class=\"yoast-schema-graph\">{\"@context\":\"https:\\\/\\\/schema.org\",\"@graph\":[{\"@type\":\"Article\",\"@id\":\"https:\\\/\\\/tuguia.combarranquilla.co\\\/Revista\\\/planetario-combarranquilla-30-anos-de-historias\\\/#article\",\"isPartOf\":{\"@id\":\"https:\\\/\\\/tuguia.combarranquilla.co\\\/Revista\\\/planetario-combarranquilla-30-anos-de-historias\\\/\"},\"author\":{\"name\":\"Planetario Combarranquilla\",\"@id\":\"https:\\\/\\\/tuguia.combarranquilla.co\\\/Revista\\\/#\\\/schema\\\/person\\\/dfacca4b8219e57377c45d1e37a9cc8d\"},\"headline\":\"Planetario Combarranquilla, 30 a\u00f1os de historia\",\"datePublished\":\"2025-05-25T15:23:00+00:00\",\"dateModified\":\"2025-06-04T21:02:28+00:00\",\"mainEntityOfPage\":{\"@id\":\"https:\\\/\\\/tuguia.combarranquilla.co\\\/Revista\\\/planetario-combarranquilla-30-anos-de-historias\\\/\"},\"wordCount\":810,\"commentCount\":0,\"publisher\":{\"@id\":\"https:\\\/\\\/tuguia.combarranquilla.co\\\/Revista\\\/#organization\"},\"image\":{\"@id\":\"https:\\\/\\\/tuguia.combarranquilla.co\\\/Revista\\\/planetario-combarranquilla-30-anos-de-historias\\\/#primaryimage\"},\"thumbnailUrl\":\"https:\\\/\\\/tuguia.combarranquilla.co\\\/Revista\\\/wp-content\\\/uploads\\\/2025\\\/05\\\/Revista-Combarranquilla.png\",\"articleSection\":[\"CIENCIA Y CULTURA\"],\"inLanguage\":\"es-CO\",\"potentialAction\":[{\"@type\":\"CommentAction\",\"name\":\"Comment\",\"target\":[\"https:\\\/\\\/tuguia.combarranquilla.co\\\/Revista\\\/planetario-combarranquilla-30-anos-de-historias\\\/#respond\"]}]},{\"@type\":\"WebPage\",\"@id\":\"https:\\\/\\\/tuguia.combarranquilla.co\\\/Revista\\\/planetario-combarranquilla-30-anos-de-historias\\\/\",\"url\":\"https:\\\/\\\/tuguia.combarranquilla.co\\\/Revista\\\/planetario-combarranquilla-30-anos-de-historias\\\/\",\"name\":\"Planetario Combarranquilla, 30 a\u00f1os de historia - Tu Gu\u00eda\",\"isPartOf\":{\"@id\":\"https:\\\/\\\/tuguia.combarranquilla.co\\\/Revista\\\/#website\"},\"primaryImageOfPage\":{\"@id\":\"https:\\\/\\\/tuguia.combarranquilla.co\\\/Revista\\\/planetario-combarranquilla-30-anos-de-historias\\\/#primaryimage\"},\"image\":{\"@id\":\"https:\\\/\\\/tuguia.combarranquilla.co\\\/Revista\\\/planetario-combarranquilla-30-anos-de-historias\\\/#primaryimage\"},\"thumbnailUrl\":\"https:\\\/\\\/tuguia.combarranquilla.co\\\/Revista\\\/wp-content\\\/uploads\\\/2025\\\/05\\\/Revista-Combarranquilla.png\",\"datePublished\":\"2025-05-25T15:23:00+00:00\",\"dateModified\":\"2025-06-04T21:02:28+00:00\",\"breadcrumb\":{\"@id\":\"https:\\\/\\\/tuguia.combarranquilla.co\\\/Revista\\\/planetario-combarranquilla-30-anos-de-historias\\\/#breadcrumb\"},\"inLanguage\":\"es-CO\",\"potentialAction\":[{\"@type\":\"ReadAction\",\"target\":[\"https:\\\/\\\/tuguia.combarranquilla.co\\\/Revista\\\/planetario-combarranquilla-30-anos-de-historias\\\/\"]}]},{\"@type\":\"ImageObject\",\"inLanguage\":\"es-CO\",\"@id\":\"https:\\\/\\\/tuguia.combarranquilla.co\\\/Revista\\\/planetario-combarranquilla-30-anos-de-historias\\\/#primaryimage\",\"url\":\"https:\\\/\\\/tuguia.combarranquilla.co\\\/Revista\\\/wp-content\\\/uploads\\\/2025\\\/05\\\/Revista-Combarranquilla.png\",\"contentUrl\":\"https:\\\/\\\/tuguia.combarranquilla.co\\\/Revista\\\/wp-content\\\/uploads\\\/2025\\\/05\\\/Revista-Combarranquilla.png\",\"width\":6614,\"height\":3307},{\"@type\":\"BreadcrumbList\",\"@id\":\"https:\\\/\\\/tuguia.combarranquilla.co\\\/Revista\\\/planetario-combarranquilla-30-anos-de-historias\\\/#breadcrumb\",\"itemListElement\":[{\"@type\":\"ListItem\",\"position\":1,\"name\":\"Inicio\",\"item\":\"https:\\\/\\\/tuguia.combarranquilla.co\\\/Revista\\\/\"},{\"@type\":\"ListItem\",\"position\":2,\"name\":\"Planetario Combarranquilla, 30 a\u00f1os de historia\"}]},{\"@type\":\"WebSite\",\"@id\":\"https:\\\/\\\/tuguia.combarranquilla.co\\\/Revista\\\/#website\",\"url\":\"https:\\\/\\\/tuguia.combarranquilla.co\\\/Revista\\\/\",\"name\":\"Tu Gu\u00eda\",\"description\":\"La revista donde lo tienes todo.\",\"publisher\":{\"@id\":\"https:\\\/\\\/tuguia.combarranquilla.co\\\/Revista\\\/#organization\"},\"alternateName\":\"Tu Gu\u00eda Combarranquilla\",\"potentialAction\":[{\"@type\":\"SearchAction\",\"target\":{\"@type\":\"EntryPoint\",\"urlTemplate\":\"https:\\\/\\\/tuguia.combarranquilla.co\\\/Revista\\\/?s={search_term_string}\"},\"query-input\":{\"@type\":\"PropertyValueSpecification\",\"valueRequired\":true,\"valueName\":\"search_term_string\"}}],\"inLanguage\":\"es-CO\"},{\"@type\":\"Organization\",\"@id\":\"https:\\\/\\\/tuguia.combarranquilla.co\\\/Revista\\\/#organization\",\"name\":\"Tu Gu\u00eda Combarranquilla\",\"url\":\"https:\\\/\\\/tuguia.combarranquilla.co\\\/Revista\\\/\",\"logo\":{\"@type\":\"ImageObject\",\"inLanguage\":\"es-CO\",\"@id\":\"https:\\\/\\\/tuguia.combarranquilla.co\\\/Revista\\\/#\\\/schema\\\/logo\\\/image\\\/\",\"url\":\"https:\\\/\\\/tuguia.combarranquilla.co\\\/Revista\\\/wp-content\\\/uploads\\\/2022\\\/02\\\/logo-guia-combarranquilla.svg\",\"contentUrl\":\"https:\\\/\\\/tuguia.combarranquilla.co\\\/Revista\\\/wp-content\\\/uploads\\\/2022\\\/02\\\/logo-guia-combarranquilla.svg\",\"caption\":\"Tu Gu\u00eda Combarranquilla\"},\"image\":{\"@id\":\"https:\\\/\\\/tuguia.combarranquilla.co\\\/Revista\\\/#\\\/schema\\\/logo\\\/image\\\/\"}},{\"@type\":\"Person\",\"@id\":\"https:\\\/\\\/tuguia.combarranquilla.co\\\/Revista\\\/#\\\/schema\\\/person\\\/dfacca4b8219e57377c45d1e37a9cc8d\",\"name\":\"Planetario Combarranquilla\",\"image\":{\"@type\":\"ImageObject\",\"inLanguage\":\"es-CO\",\"@id\":\"https:\\\/\\\/tuguia.combarranquilla.co\\\/Revista\\\/wp-content\\\/uploads\\\/2025\\\/03\\\/cropped-1@3x-96x96.png\",\"url\":\"https:\\\/\\\/tuguia.combarranquilla.co\\\/Revista\\\/wp-content\\\/uploads\\\/2025\\\/03\\\/cropped-1@3x-96x96.png\",\"contentUrl\":\"https:\\\/\\\/tuguia.combarranquilla.co\\\/Revista\\\/wp-content\\\/uploads\\\/2025\\\/03\\\/cropped-1@3x-96x96.png\",\"caption\":\"Planetario Combarranquilla\"},\"url\":\"https:\\\/\\\/tuguia.combarranquilla.co\\\/Revista\\\/author\\\/planetario\\\/\"}]}<\/script>\n<!-- \/ Yoast SEO plugin. -->","yoast_head_json":{"title":"Planetario Combarranquilla, 30 a\u00f1os de historia - Tu Gu\u00eda","robots":{"index":"index","follow":"follow","max-snippet":"max-snippet:-1","max-image-preview":"max-image-preview:large","max-video-preview":"max-video-preview:-1"},"canonical":"https:\/\/tuguia.combarranquilla.co\/Revista\/planetario-combarranquilla-30-anos-de-historias\/","og_locale":"es_ES","og_type":"article","og_title":"Planetario Combarranquilla, 30 a\u00f1os de historia - Tu Gu\u00eda","og_description":"Desde pensar que la luna nos sigue hasta cuestionar las complejidades del firmamento, la astronom\u00eda ha contribuido a la convicci\u00f3n de encontrar nuestro lugar en el mundo. Sin embargo, para comprender el universo no solo basta con mirar al cielo: es necesario apropiarnos de la ciencia que define lo conocido y lo desconocido. Esto solo [&hellip;]","og_url":"https:\/\/tuguia.combarranquilla.co\/Revista\/planetario-combarranquilla-30-anos-de-historias\/","og_site_name":"Tu Gu\u00eda","article_published_time":"2025-05-25T15:23:00+00:00","article_modified_time":"2025-06-04T21:02:28+00:00","og_image":[{"width":1024,"height":512,"url":"https:\/\/tuguia.combarranquilla.co\/Revista\/wp-content\/uploads\/2025\/05\/Revista-Combarranquilla-1024x512.png","type":"image\/png"}],"author":"Planetario Combarranquilla","twitter_card":"summary_large_image","twitter_misc":{"Escrito por":"Planetario Combarranquilla","Tiempo de lectura":"5 minutos"},"schema":{"@context":"https:\/\/schema.org","@graph":[{"@type":"Article","@id":"https:\/\/tuguia.combarranquilla.co\/Revista\/planetario-combarranquilla-30-anos-de-historias\/#article","isPartOf":{"@id":"https:\/\/tuguia.combarranquilla.co\/Revista\/planetario-combarranquilla-30-anos-de-historias\/"},"author":{"name":"Planetario Combarranquilla","@id":"https:\/\/tuguia.combarranquilla.co\/Revista\/#\/schema\/person\/dfacca4b8219e57377c45d1e37a9cc8d"},"headline":"Planetario Combarranquilla, 30 a\u00f1os de historia","datePublished":"2025-05-25T15:23:00+00:00","dateModified":"2025-06-04T21:02:28+00:00","mainEntityOfPage":{"@id":"https:\/\/tuguia.combarranquilla.co\/Revista\/planetario-combarranquilla-30-anos-de-historias\/"},"wordCount":810,"commentCount":0,"publisher":{"@id":"https:\/\/tuguia.combarranquilla.co\/Revista\/#organization"},"image":{"@id":"https:\/\/tuguia.combarranquilla.co\/Revista\/planetario-combarranquilla-30-anos-de-historias\/#primaryimage"},"thumbnailUrl":"https:\/\/tuguia.combarranquilla.co\/Revista\/wp-content\/uploads\/2025\/05\/Revista-Combarranquilla.png","articleSection":["CIENCIA Y CULTURA"],"inLanguage":"es-CO","potentialAction":[{"@type":"CommentAction","name":"Comment","target":["https:\/\/tuguia.combarranquilla.co\/Revista\/planetario-combarranquilla-30-anos-de-historias\/#respond"]}]},{"@type":"WebPage","@id":"https:\/\/tuguia.combarranquilla.co\/Revista\/planetario-combarranquilla-30-anos-de-historias\/","url":"https:\/\/tuguia.combarranquilla.co\/Revista\/planetario-combarranquilla-30-anos-de-historias\/","name":"Planetario Combarranquilla, 30 a\u00f1os de historia - Tu Gu\u00eda","isPartOf":{"@id":"https:\/\/tuguia.combarranquilla.co\/Revista\/#website"},"primaryImageOfPage":{"@id":"https:\/\/tuguia.combarranquilla.co\/Revista\/planetario-combarranquilla-30-anos-de-historias\/#primaryimage"},"image":{"@id":"https:\/\/tuguia.combarranquilla.co\/Revista\/planetario-combarranquilla-30-anos-de-historias\/#primaryimage"},"thumbnailUrl":"https:\/\/tuguia.combarranquilla.co\/Revista\/wp-content\/uploads\/2025\/05\/Revista-Combarranquilla.png","datePublished":"2025-05-25T15:23:00+00:00","dateModified":"2025-06-04T21:02:28+00:00","breadcrumb":{"@id":"https:\/\/tuguia.combarranquilla.co\/Revista\/planetario-combarranquilla-30-anos-de-historias\/#breadcrumb"},"inLanguage":"es-CO","potentialAction":[{"@type":"ReadAction","target":["https:\/\/tuguia.combarranquilla.co\/Revista\/planetario-combarranquilla-30-anos-de-historias\/"]}]},{"@type":"ImageObject","inLanguage":"es-CO","@id":"https:\/\/tuguia.combarranquilla.co\/Revista\/planetario-combarranquilla-30-anos-de-historias\/#primaryimage","url":"https:\/\/tuguia.combarranquilla.co\/Revista\/wp-content\/uploads\/2025\/05\/Revista-Combarranquilla.png","contentUrl":"https:\/\/tuguia.combarranquilla.co\/Revista\/wp-content\/uploads\/2025\/05\/Revista-Combarranquilla.png","width":6614,"height":3307},{"@type":"BreadcrumbList","@id":"https:\/\/tuguia.combarranquilla.co\/Revista\/planetario-combarranquilla-30-anos-de-historias\/#breadcrumb","itemListElement":[{"@type":"ListItem","position":1,"name":"Inicio","item":"https:\/\/tuguia.combarranquilla.co\/Revista\/"},{"@type":"ListItem","position":2,"name":"Planetario Combarranquilla, 30 a\u00f1os de historia"}]},{"@type":"WebSite","@id":"https:\/\/tuguia.combarranquilla.co\/Revista\/#website","url":"https:\/\/tuguia.combarranquilla.co\/Revista\/","name":"Tu Gu\u00eda","description":"La revista donde lo tienes todo.","publisher":{"@id":"https:\/\/tuguia.combarranquilla.co\/Revista\/#organization"},"alternateName":"Tu Gu\u00eda Combarranquilla","potentialAction":[{"@type":"SearchAction","target":{"@type":"EntryPoint","urlTemplate":"https:\/\/tuguia.combarranquilla.co\/Revista\/?s={search_term_string}"},"query-input":{"@type":"PropertyValueSpecification","valueRequired":true,"valueName":"search_term_string"}}],"inLanguage":"es-CO"},{"@type":"Organization","@id":"https:\/\/tuguia.combarranquilla.co\/Revista\/#organization","name":"Tu Gu\u00eda Combarranquilla","url":"https:\/\/tuguia.combarranquilla.co\/Revista\/","logo":{"@type":"ImageObject","inLanguage":"es-CO","@id":"https:\/\/tuguia.combarranquilla.co\/Revista\/#\/schema\/logo\/image\/","url":"https:\/\/tuguia.combarranquilla.co\/Revista\/wp-content\/uploads\/2022\/02\/logo-guia-combarranquilla.svg","contentUrl":"https:\/\/tuguia.combarranquilla.co\/Revista\/wp-content\/uploads\/2022\/02\/logo-guia-combarranquilla.svg","caption":"Tu Gu\u00eda Combarranquilla"},"image":{"@id":"https:\/\/tuguia.combarranquilla.co\/Revista\/#\/schema\/logo\/image\/"}},{"@type":"Person","@id":"https:\/\/tuguia.combarranquilla.co\/Revista\/#\/schema\/person\/dfacca4b8219e57377c45d1e37a9cc8d","name":"Planetario Combarranquilla","image":{"@type":"ImageObject","inLanguage":"es-CO","@id":"https:\/\/tuguia.combarranquilla.co\/Revista\/wp-content\/uploads\/2025\/03\/cropped-1@3x-96x96.png","url":"https:\/\/tuguia.combarranquilla.co\/Revista\/wp-content\/uploads\/2025\/03\/cropped-1@3x-96x96.png","contentUrl":"https:\/\/tuguia.combarranquilla.co\/Revista\/wp-content\/uploads\/2025\/03\/cropped-1@3x-96x96.png","caption":"Planetario Combarranquilla"},"url":"https:\/\/tuguia.combarranquilla.co\/Revista\/author\/planetario\/"}]}},"_links":{"self":[{"href":"https:\/\/tuguia.combarranquilla.co\/Revista\/wp-json\/wp\/v2\/posts\/6444","targetHints":{"allow":["GET"]}}],"collection":[{"href":"https:\/\/tuguia.combarranquilla.co\/Revista\/wp-json\/wp\/v2\/posts"}],"about":[{"href":"https:\/\/tuguia.combarranquilla.co\/Revista\/wp-json\/wp\/v2\/types\/post"}],"author":[{"embeddable":true,"href":"https:\/\/tuguia.combarranquilla.co\/Revista\/wp-json\/wp\/v2\/users\/3"}],"replies":[{"embeddable":true,"href":"https:\/\/tuguia.combarranquilla.co\/Revista\/wp-json\/wp\/v2\/comments?post=6444"}],"version-history":[{"count":20,"href":"https:\/\/tuguia.combarranquilla.co\/Revista\/wp-json\/wp\/v2\/posts\/6444\/revisions"}],"predecessor-version":[{"id":6636,"href":"https:\/\/tuguia.combarranquilla.co\/Revista\/wp-json\/wp\/v2\/posts\/6444\/revisions\/6636"}],"wp:featuredmedia":[{"embeddable":true,"href":"https:\/\/tuguia.combarranquilla.co\/Revista\/wp-json\/wp\/v2\/media\/6641"}],"wp:attachment":[{"href":"https:\/\/tuguia.combarranquilla.co\/Revista\/wp-json\/wp\/v2\/media?parent=6444"}],"wp:term":[{"taxonomy":"category","embeddable":true,"href":"https:\/\/tuguia.combarranquilla.co\/Revista\/wp-json\/wp\/v2\/categories?post=6444"},{"taxonomy":"post_tag","embeddable":true,"href":"https:\/\/tuguia.combarranquilla.co\/Revista\/wp-json\/wp\/v2\/tags?post=6444"}],"curies":[{"name":"wp","href":"https:\/\/api.w.org\/{rel}","templated":true}]}}