{"id":645,"date":"2022-08-25T14:19:00","date_gmt":"2022-08-25T19:19:00","guid":{"rendered":"https:\/\/tuguia.combarranquilla.co\/Revista\/?p=645"},"modified":"2022-12-02T11:29:10","modified_gmt":"2022-12-02T16:29:10","slug":"los-7-colores-del-mar","status":"publish","type":"post","link":"https:\/\/tuguia.combarranquilla.co\/Revista\/los-7-colores-del-mar\/","title":{"rendered":"El mar de los siete colores \u00a1Una experiencia para gozarla!"},"content":{"rendered":"\n<h2 class=\"wp-block-heading\">\u00a1Una aventura acu\u00e1tica!<\/h2>\n\n\n\n<p>Llegaron los meses de las vacaciones y que mejor manera de iniciarlo viajando a uno de los lugares m\u00e1s asombrosos de Colombia. <\/p>\n\n\n\n<p>El lugar indicado para hacer actividades acu\u00e1ticas, cruceros rom\u00e1nticos o yates rumba con amigos&#8230; San Andr\u00e9s nos ofrece una diversidad de experencias, donde, conocer\u00e1s el significado de cada color del mar, personas de diferentes partes del mundo y sobrotodo una exiquisita gastronom\u00eda. <\/p>\n\n\n\n<div class=\"wp-block-cover aligncenter is-light wp-duotone-ffffff-ffffff-1\" style=\"min-height:100vh;aspect-ratio:unset;\"><span aria-hidden=\"true\" class=\"wp-block-cover__background has-background-dim\" style=\"background-color:#ffffff\"><\/span><img decoding=\"async\" width=\"2000\" height=\"1600\" data-src=\"https:\/\/tuguia.combarranquilla.co\/Revista\/wp-content\/uploads\/2022\/08\/Diseno-sin-titulo.png\" class=\"wp-block-cover__image-background wp-post-image lazyload\" alt=\"\" data-object-fit=\"cover\" data-srcset=\"https:\/\/tuguia.combarranquilla.co\/Revista\/wp-content\/uploads\/2022\/08\/Diseno-sin-titulo.png 2000w, https:\/\/tuguia.combarranquilla.co\/Revista\/wp-content\/uploads\/2022\/08\/Diseno-sin-titulo-300x240.png 300w, https:\/\/tuguia.combarranquilla.co\/Revista\/wp-content\/uploads\/2022\/08\/Diseno-sin-titulo-1024x819.png 1024w, https:\/\/tuguia.combarranquilla.co\/Revista\/wp-content\/uploads\/2022\/08\/Diseno-sin-titulo-768x614.png 768w, https:\/\/tuguia.combarranquilla.co\/Revista\/wp-content\/uploads\/2022\/08\/Diseno-sin-titulo-1536x1229.png 1536w\" data-sizes=\"(max-width: 2000px) 100vw, 2000px\" src=\"data:image\/svg+xml;base64,PHN2ZyB3aWR0aD0iMSIgaGVpZ2h0PSIxIiB4bWxucz0iaHR0cDovL3d3dy53My5vcmcvMjAwMC9zdmciPjwvc3ZnPg==\" style=\"--smush-placeholder-width: 2000px; --smush-placeholder-aspect-ratio: 2000\/1600;\" \/><div class=\"wp-block-cover__inner-container is-layout-flow wp-block-cover-is-layout-flow\">\n<div class=\"wp-block-media-text alignwide is-stacked-on-mobile is-vertically-aligned-center is-image-fill\" style=\"grid-template-columns:59% auto\"><figure class=\"wp-block-media-text__media\" style=\"background-image:url(https:\/\/tuguia.combarranquilla.co\/Revista\/wp-content\/uploads\/2022\/09\/Untitled.mp4);background-position:50% 50%\"><video controls src=\"https:\/\/tuguia.combarranquilla.co\/Revista\/wp-content\/uploads\/2022\/09\/Untitled.mp4\"><\/video><\/figure><div class=\"wp-block-media-text__content\">\n<h2 class=\"has-text-color wp-block-heading\" style=\"color:#000000;font-size:32px\"><strong>\u00bfTe imaginas nadar con los peces?<\/strong><\/h2>\n\n\n\n<p class=\"has-text-color\" style=\"color:#000000;font-size:17px\">Una experiencia que puedes cumplir \u00a1Nosotros lo hacemos posible! Conoce nuestro Tour a San Andr\u00e9s&#8230; <\/p>\n\n\n\n<div class=\"wp-block-buttons is-layout-flex wp-block-buttons-is-layout-flex\"><\/div>\n<\/div><\/div>\n\n\n\n<hr class=\"wp-block-separator has-alpha-channel-opacity\"\/>\n\n\n\n<h2 class=\"wp-block-heading\" style=\"font-size:38px;line-height:1.4\">Del 24 al 28 de noviembre del 2022 | Tarifa por persona: $3.499.000<strong style=\"color: inherit; font-size: revert;\"> <\/strong><\/h2>\n\n\n\n<p class=\"has-text-align-center\"> <strong style=\"color: inherit; font-size: revert;\"><em>Incluye:<\/em><\/strong> <\/p>\n\n\n\n<div class=\"wp-block-columns is-layout-flex wp-container-core-columns-is-layout-9d6595d7 wp-block-columns-is-layout-flex\">\n<div class=\"wp-block-column is-layout-flow wp-block-column-is-layout-flow\">\n<p style=\"font-size:18px\"><p>\u2022 Tiquetes y traslado aeropuerto &#8211; hotel &#8211; aeropuerto.<br>\u2022 Alojamiento 4 noches y 5 d\u00edas en el GHL Relax<br>Hotel Sunrise.<br>\u2022 Tarjeta de ingreso a la isla e impuestos.<br>\u2022 Seguro hotelero.<br>\u2022 Alimentaci\u00f3n completa tipo buffet y snack.<br>\u2022 Crucero rumbero: fiesta blanca.<br>\u2022 Pool Party.<br>\u2022 Chiva rumbera.<br><\/p> <\/p>\n<\/div>\n\n\n\n<div class=\"wp-block-column is-layout-flow wp-block-column-is-layout-flow\">\n<p style=\"font-size:18px\"><p>\u2022 Vuelta a la isla, piscina natural de West View.<br>\u2022 Visita al hoyo solplador.<br>\u2022 Visita a Jhonny Cay &#8211; Acuario<br>\u2022 Actividades de integraci\u00f3n Black Party &#8211; Carnal<br>tropical.<br>\u2022  Tarde de compras.<br>\u2022 Asistencia m\u00e9dica y de viaje cobertura COVID.<br>\u2022 Camiseta, escarapela, cinta de identificaci\u00f3n del<br>equipaje y fotos en redes sociales durante el viaje<\/p><\/p>\n<\/div>\n<\/div>\n<\/div><\/div>\n\n\n\n<div class=\"wp-block-columns alignwide is-layout-flex wp-container-core-columns-is-layout-9d6595d7 wp-block-columns-is-layout-flex\">\n<div class=\"wp-block-column has-text-color has-background has-link-color wp-elements-4d35fc531a4e076f3c2edc30edd77209 is-layout-flow wp-block-column-is-layout-flow\" style=\"color:#000000;background-color:#003a11;padding-top:2em;padding-right:2em;padding-bottom:2em;padding-left:2em\">\n<h2 class=\"has-white-color has-text-color wp-block-heading\" id=\"single\" style=\"font-size:40px\">Importante<\/h2>\n\n\n\n<hr class=\"wp-block-separator has-text-color has-alpha-channel-opacity has-background is-style-wide\" style=\"background-color:#94c100;color:#94c100\"\/>\n\n\n\n<ul class=\"wp-block-list\">\n<li>Tarifas sujetas a cambio sin prevo aviso<\/li>\n\n\n\n<li>No incluye gastos no especiticadas como: propinas, lavanderia, minibar, dinero para gastos personales eta.<\/li>\n\n\n\n<li>Las cotizaciones no tienen m\u00e9rito de reserva.<\/li>\n\n\n\n<li>Cupos limitados<\/li>\n<\/ul>\n\n\n\n<div class=\"wp-block-buttons alignfull is-horizontal is-content-justification-center is-layout-flex wp-container-core-buttons-is-layout-499968f5 wp-block-buttons-is-layout-flex\"><\/div>\n<\/div>\n\n\n\n<div class=\"wp-block-column has-text-color has-background has-link-color wp-elements-21d1722516ee27dc4cdb61d758637fd9 is-layout-flow wp-block-column-is-layout-flow\" style=\"color:#000000;background-color:#003a11;padding-top:2em;padding-right:2em;padding-bottom:2em;padding-left:2em\">\n<h2 class=\"has-white-color has-text-color wp-block-heading\" id=\"family\" style=\"font-size:40px\">Cr\u00e9dito<\/h2>\n\n\n\n<hr class=\"wp-block-separator has-text-color has-alpha-channel-opacity has-background is-style-wide\" style=\"background-color:#94c100;color:#94c100\"\/>\n\n\n\n<ul class=\"wp-block-list\">\n<li>Nosotros te financiamos la oportunidad de vivir esta experiencia en San Andr\u00e9s<\/li>\n\n\n\n<li>Clic en los botones para contactar directamente con un asesor. <\/li>\n<\/ul>\n\n\n\n<div class=\"wp-block-buttons alignfull is-horizontal is-content-justification-center is-layout-flex wp-container-core-buttons-is-layout-499968f5 wp-block-buttons-is-layout-flex\"><\/div>\n\n\n\n<div class=\"wp-block-buttons is-layout-flex wp-block-buttons-is-layout-flex\">\n<div class=\"wp-block-button aligncenter\"><a class=\"wp-block-button__link has-black-color has-white-background-color has-text-color has-background wp-element-button\" href=\"https:\/\/wa.link\/80q7zd\" target=\"_blank\" rel=\"noreferrer noopener\">WhatsApp 1<\/a><\/div>\n\n\n\n<div class=\"wp-block-button aligncenter\"><a class=\"wp-block-button__link has-black-color has-white-background-color has-text-color has-background wp-element-button\" href=\"https:\/\/wa.link\/sc8ux4\" target=\"_blank\" rel=\"noreferrer noopener\">WhatsApp 2<\/a><\/div>\n<\/div>\n<\/div>\n\n\n\n<div class=\"wp-block-column has-text-color has-background has-link-color wp-elements-9f39c960404e451068bc7eb2d16931b0 is-layout-flow wp-block-column-is-layout-flow\" style=\"color:#000000;background-color:#003b12;padding-top:2em;padding-right:2em;padding-bottom:2em;padding-left:2em\">\n<h2 class=\"has-white-color has-text-color wp-block-heading\" id=\"patron\" style=\"font-size:40px\">M\u00e1s informes<\/h2>\n\n\n\n<hr class=\"wp-block-separator has-text-color has-alpha-channel-opacity has-background is-style-wide\" style=\"background-color:#94c100;color:#94c100\"\/>\n\n\n\n<div class=\"wp-block-buttons alignfull is-horizontal is-content-justification-center is-layout-flex wp-container-core-buttons-is-layout-499968f5 wp-block-buttons-is-layout-flex\"><\/div>\n\n\n\n<p class=\"has-text-align-center has-white-background-color has-background\"><strong>(605) 3718900 EXT. 1231 &#8211; 1233 &#8211; 1236<\/strong><\/p>\n<\/div>\n<\/div>\n","protected":false},"excerpt":{"rendered":"<p>\u00a1Una aventura acu\u00e1tica! Llegaron los meses de las vacaciones y que mejor manera de iniciarlo viajando a uno de los lugares m\u00e1s asombrosos de Colombia. El lugar indicado para hacer actividades acu\u00e1ticas, cruceros rom\u00e1nticos o yates rumba con amigos&#8230; San Andr\u00e9s nos ofrece una diversidad de experencias, donde, conocer\u00e1s el significado de cada color del [&hellip;]<\/p>\n","protected":false},"author":2,"featured_media":648,"comment_status":"open","ping_status":"open","sticky":false,"template":"","format":"standard","meta":{"inline_featured_image":false,"footnotes":""},"categories":[1],"tags":[],"class_list":["post-645","post","type-post","status-publish","format-standard","has-post-thumbnail","hentry","category-entretenimiento"],"yoast_head":"<!-- This site is optimized with the Yoast SEO plugin v27.4 - https:\/\/yoast.com\/product\/yoast-seo-wordpress\/ -->\n<title>El mar de los siete colores \u00a1Una experiencia para gozarla! - Tu Gu\u00eda<\/title>\n<meta name=\"robots\" content=\"index, follow, max-snippet:-1, max-image-preview:large, max-video-preview:-1\" \/>\n<link rel=\"canonical\" href=\"https:\/\/tuguia.combarranquilla.co\/Revista\/los-7-colores-del-mar\/\" \/>\n<meta property=\"og:locale\" content=\"es_ES\" \/>\n<meta property=\"og:type\" content=\"article\" \/>\n<meta property=\"og:title\" content=\"El mar de los siete colores \u00a1Una experiencia para gozarla! - Tu Gu\u00eda\" \/>\n<meta property=\"og:description\" content=\"\u00a1Una aventura acu\u00e1tica! Llegaron los meses de las vacaciones y que mejor manera de iniciarlo viajando a uno de los lugares m\u00e1s asombrosos de Colombia. El lugar indicado para hacer actividades acu\u00e1ticas, cruceros rom\u00e1nticos o yates rumba con amigos&#8230; San Andr\u00e9s nos ofrece una diversidad de experencias, donde, conocer\u00e1s el significado de cada color del [&hellip;]\" \/>\n<meta property=\"og:url\" content=\"https:\/\/tuguia.combarranquilla.co\/Revista\/los-7-colores-del-mar\/\" \/>\n<meta property=\"og:site_name\" content=\"Tu Gu\u00eda\" \/>\n<meta property=\"article:published_time\" content=\"2022-08-25T19:19:00+00:00\" \/>\n<meta property=\"article:modified_time\" content=\"2022-12-02T16:29:10+00:00\" \/>\n<meta property=\"og:image\" content=\"https:\/\/tuguia.combarranquilla.co\/Revista\/wp-content\/uploads\/2022\/08\/Diseno-sin-titulo-1024x819.png\" \/>\n\t<meta property=\"og:image:width\" content=\"1024\" \/>\n\t<meta property=\"og:image:height\" content=\"819\" \/>\n\t<meta property=\"og:image:type\" content=\"image\/png\" \/>\n<meta name=\"author\" content=\"Comunicaciones Combarranquilla\" \/>\n<meta name=\"twitter:card\" content=\"summary_large_image\" \/>\n<meta name=\"twitter:label1\" content=\"Escrito por\" \/>\n\t<meta name=\"twitter:data1\" content=\"Comunicaciones Combarranquilla\" \/>\n\t<meta name=\"twitter:label2\" content=\"Tiempo de lectura\" \/>\n\t<meta name=\"twitter:data2\" content=\"1 minuto\" \/>\n<script type=\"application\/ld+json\" class=\"yoast-schema-graph\">{\"@context\":\"https:\\\/\\\/schema.org\",\"@graph\":[{\"@type\":\"Article\",\"@id\":\"https:\\\/\\\/tuguia.combarranquilla.co\\\/Revista\\\/los-7-colores-del-mar\\\/#article\",\"isPartOf\":{\"@id\":\"https:\\\/\\\/tuguia.combarranquilla.co\\\/Revista\\\/los-7-colores-del-mar\\\/\"},\"author\":{\"name\":\"Comunicaciones Combarranquilla\",\"@id\":\"https:\\\/\\\/tuguia.combarranquilla.co\\\/Revista\\\/#\\\/schema\\\/person\\\/c2c396a77170bd1d5f8ba73294eb0d10\"},\"headline\":\"El mar de los siete colores \u00a1Una experiencia para gozarla!\",\"datePublished\":\"2022-08-25T19:19:00+00:00\",\"dateModified\":\"2022-12-02T16:29:10+00:00\",\"mainEntityOfPage\":{\"@id\":\"https:\\\/\\\/tuguia.combarranquilla.co\\\/Revista\\\/los-7-colores-del-mar\\\/\"},\"wordCount\":276,\"commentCount\":0,\"publisher\":{\"@id\":\"https:\\\/\\\/tuguia.combarranquilla.co\\\/Revista\\\/#organization\"},\"image\":{\"@id\":\"https:\\\/\\\/tuguia.combarranquilla.co\\\/Revista\\\/los-7-colores-del-mar\\\/#primaryimage\"},\"thumbnailUrl\":\"https:\\\/\\\/tuguia.combarranquilla.co\\\/Revista\\\/wp-content\\\/uploads\\\/2022\\\/08\\\/Diseno-sin-titulo.png\",\"articleSection\":[\"ENTRETENIMIENTO\"],\"inLanguage\":\"es-CO\",\"potentialAction\":[{\"@type\":\"CommentAction\",\"name\":\"Comment\",\"target\":[\"https:\\\/\\\/tuguia.combarranquilla.co\\\/Revista\\\/los-7-colores-del-mar\\\/#respond\"]}]},{\"@type\":\"WebPage\",\"@id\":\"https:\\\/\\\/tuguia.combarranquilla.co\\\/Revista\\\/los-7-colores-del-mar\\\/\",\"url\":\"https:\\\/\\\/tuguia.combarranquilla.co\\\/Revista\\\/los-7-colores-del-mar\\\/\",\"name\":\"El mar de los siete colores \u00a1Una experiencia para gozarla! - Tu Gu\u00eda\",\"isPartOf\":{\"@id\":\"https:\\\/\\\/tuguia.combarranquilla.co\\\/Revista\\\/#website\"},\"primaryImageOfPage\":{\"@id\":\"https:\\\/\\\/tuguia.combarranquilla.co\\\/Revista\\\/los-7-colores-del-mar\\\/#primaryimage\"},\"image\":{\"@id\":\"https:\\\/\\\/tuguia.combarranquilla.co\\\/Revista\\\/los-7-colores-del-mar\\\/#primaryimage\"},\"thumbnailUrl\":\"https:\\\/\\\/tuguia.combarranquilla.co\\\/Revista\\\/wp-content\\\/uploads\\\/2022\\\/08\\\/Diseno-sin-titulo.png\",\"datePublished\":\"2022-08-25T19:19:00+00:00\",\"dateModified\":\"2022-12-02T16:29:10+00:00\",\"breadcrumb\":{\"@id\":\"https:\\\/\\\/tuguia.combarranquilla.co\\\/Revista\\\/los-7-colores-del-mar\\\/#breadcrumb\"},\"inLanguage\":\"es-CO\",\"potentialAction\":[{\"@type\":\"ReadAction\",\"target\":[\"https:\\\/\\\/tuguia.combarranquilla.co\\\/Revista\\\/los-7-colores-del-mar\\\/\"]}]},{\"@type\":\"ImageObject\",\"inLanguage\":\"es-CO\",\"@id\":\"https:\\\/\\\/tuguia.combarranquilla.co\\\/Revista\\\/los-7-colores-del-mar\\\/#primaryimage\",\"url\":\"https:\\\/\\\/tuguia.combarranquilla.co\\\/Revista\\\/wp-content\\\/uploads\\\/2022\\\/08\\\/Diseno-sin-titulo.png\",\"contentUrl\":\"https:\\\/\\\/tuguia.combarranquilla.co\\\/Revista\\\/wp-content\\\/uploads\\\/2022\\\/08\\\/Diseno-sin-titulo.png\",\"width\":2000,\"height\":1600},{\"@type\":\"BreadcrumbList\",\"@id\":\"https:\\\/\\\/tuguia.combarranquilla.co\\\/Revista\\\/los-7-colores-del-mar\\\/#breadcrumb\",\"itemListElement\":[{\"@type\":\"ListItem\",\"position\":1,\"name\":\"Inicio\",\"item\":\"https:\\\/\\\/tuguia.combarranquilla.co\\\/Revista\\\/\"},{\"@type\":\"ListItem\",\"position\":2,\"name\":\"El mar de los siete colores \u00a1Una experiencia para gozarla!\"}]},{\"@type\":\"WebSite\",\"@id\":\"https:\\\/\\\/tuguia.combarranquilla.co\\\/Revista\\\/#website\",\"url\":\"https:\\\/\\\/tuguia.combarranquilla.co\\\/Revista\\\/\",\"name\":\"Tu Gu\u00eda\",\"description\":\"La revista donde lo tienes todo.\",\"publisher\":{\"@id\":\"https:\\\/\\\/tuguia.combarranquilla.co\\\/Revista\\\/#organization\"},\"alternateName\":\"Tu Gu\u00eda Combarranquilla\",\"potentialAction\":[{\"@type\":\"SearchAction\",\"target\":{\"@type\":\"EntryPoint\",\"urlTemplate\":\"https:\\\/\\\/tuguia.combarranquilla.co\\\/Revista\\\/?s={search_term_string}\"},\"query-input\":{\"@type\":\"PropertyValueSpecification\",\"valueRequired\":true,\"valueName\":\"search_term_string\"}}],\"inLanguage\":\"es-CO\"},{\"@type\":\"Organization\",\"@id\":\"https:\\\/\\\/tuguia.combarranquilla.co\\\/Revista\\\/#organization\",\"name\":\"Tu Gu\u00eda Combarranquilla\",\"url\":\"https:\\\/\\\/tuguia.combarranquilla.co\\\/Revista\\\/\",\"logo\":{\"@type\":\"ImageObject\",\"inLanguage\":\"es-CO\",\"@id\":\"https:\\\/\\\/tuguia.combarranquilla.co\\\/Revista\\\/#\\\/schema\\\/logo\\\/image\\\/\",\"url\":\"https:\\\/\\\/tuguia.combarranquilla.co\\\/Revista\\\/wp-content\\\/uploads\\\/2022\\\/02\\\/logo-guia-combarranquilla.svg\",\"contentUrl\":\"https:\\\/\\\/tuguia.combarranquilla.co\\\/Revista\\\/wp-content\\\/uploads\\\/2022\\\/02\\\/logo-guia-combarranquilla.svg\",\"caption\":\"Tu Gu\u00eda Combarranquilla\"},\"image\":{\"@id\":\"https:\\\/\\\/tuguia.combarranquilla.co\\\/Revista\\\/#\\\/schema\\\/logo\\\/image\\\/\"}},{\"@type\":\"Person\",\"@id\":\"https:\\\/\\\/tuguia.combarranquilla.co\\\/Revista\\\/#\\\/schema\\\/person\\\/c2c396a77170bd1d5f8ba73294eb0d10\",\"name\":\"Comunicaciones Combarranquilla\",\"image\":{\"@type\":\"ImageObject\",\"inLanguage\":\"es-CO\",\"@id\":\"https:\\\/\\\/tuguia.combarranquilla.co\\\/Revista\\\/wp-content\\\/uploads\\\/2025\\\/05\\\/ABC-Al-Rojo-Logo-96x96.jpg\",\"url\":\"https:\\\/\\\/tuguia.combarranquilla.co\\\/Revista\\\/wp-content\\\/uploads\\\/2025\\\/05\\\/ABC-Al-Rojo-Logo-96x96.jpg\",\"contentUrl\":\"https:\\\/\\\/tuguia.combarranquilla.co\\\/Revista\\\/wp-content\\\/uploads\\\/2025\\\/05\\\/ABC-Al-Rojo-Logo-96x96.jpg\",\"caption\":\"Comunicaciones Combarranquilla\"},\"sameAs\":[\"https:\\\/\\\/www.combarranquilla.co\"],\"url\":\"https:\\\/\\\/tuguia.combarranquilla.co\\\/Revista\\\/author\\\/comunicaciones\\\/\"}]}<\/script>\n<!-- \/ Yoast SEO plugin. -->","yoast_head_json":{"title":"El mar de los siete colores \u00a1Una experiencia para gozarla! - Tu Gu\u00eda","robots":{"index":"index","follow":"follow","max-snippet":"max-snippet:-1","max-image-preview":"max-image-preview:large","max-video-preview":"max-video-preview:-1"},"canonical":"https:\/\/tuguia.combarranquilla.co\/Revista\/los-7-colores-del-mar\/","og_locale":"es_ES","og_type":"article","og_title":"El mar de los siete colores \u00a1Una experiencia para gozarla! - Tu Gu\u00eda","og_description":"\u00a1Una aventura acu\u00e1tica! Llegaron los meses de las vacaciones y que mejor manera de iniciarlo viajando a uno de los lugares m\u00e1s asombrosos de Colombia. El lugar indicado para hacer actividades acu\u00e1ticas, cruceros rom\u00e1nticos o yates rumba con amigos&#8230; San Andr\u00e9s nos ofrece una diversidad de experencias, donde, conocer\u00e1s el significado de cada color del [&hellip;]","og_url":"https:\/\/tuguia.combarranquilla.co\/Revista\/los-7-colores-del-mar\/","og_site_name":"Tu Gu\u00eda","article_published_time":"2022-08-25T19:19:00+00:00","article_modified_time":"2022-12-02T16:29:10+00:00","og_image":[{"width":1024,"height":819,"url":"https:\/\/tuguia.combarranquilla.co\/Revista\/wp-content\/uploads\/2022\/08\/Diseno-sin-titulo-1024x819.png","type":"image\/png"}],"author":"Comunicaciones Combarranquilla","twitter_card":"summary_large_image","twitter_misc":{"Escrito por":"Comunicaciones Combarranquilla","Tiempo de lectura":"1 minuto"},"schema":{"@context":"https:\/\/schema.org","@graph":[{"@type":"Article","@id":"https:\/\/tuguia.combarranquilla.co\/Revista\/los-7-colores-del-mar\/#article","isPartOf":{"@id":"https:\/\/tuguia.combarranquilla.co\/Revista\/los-7-colores-del-mar\/"},"author":{"name":"Comunicaciones Combarranquilla","@id":"https:\/\/tuguia.combarranquilla.co\/Revista\/#\/schema\/person\/c2c396a77170bd1d5f8ba73294eb0d10"},"headline":"El mar de los siete colores \u00a1Una experiencia para gozarla!","datePublished":"2022-08-25T19:19:00+00:00","dateModified":"2022-12-02T16:29:10+00:00","mainEntityOfPage":{"@id":"https:\/\/tuguia.combarranquilla.co\/Revista\/los-7-colores-del-mar\/"},"wordCount":276,"commentCount":0,"publisher":{"@id":"https:\/\/tuguia.combarranquilla.co\/Revista\/#organization"},"image":{"@id":"https:\/\/tuguia.combarranquilla.co\/Revista\/los-7-colores-del-mar\/#primaryimage"},"thumbnailUrl":"https:\/\/tuguia.combarranquilla.co\/Revista\/wp-content\/uploads\/2022\/08\/Diseno-sin-titulo.png","articleSection":["ENTRETENIMIENTO"],"inLanguage":"es-CO","potentialAction":[{"@type":"CommentAction","name":"Comment","target":["https:\/\/tuguia.combarranquilla.co\/Revista\/los-7-colores-del-mar\/#respond"]}]},{"@type":"WebPage","@id":"https:\/\/tuguia.combarranquilla.co\/Revista\/los-7-colores-del-mar\/","url":"https:\/\/tuguia.combarranquilla.co\/Revista\/los-7-colores-del-mar\/","name":"El mar de los siete colores \u00a1Una experiencia para gozarla! - Tu Gu\u00eda","isPartOf":{"@id":"https:\/\/tuguia.combarranquilla.co\/Revista\/#website"},"primaryImageOfPage":{"@id":"https:\/\/tuguia.combarranquilla.co\/Revista\/los-7-colores-del-mar\/#primaryimage"},"image":{"@id":"https:\/\/tuguia.combarranquilla.co\/Revista\/los-7-colores-del-mar\/#primaryimage"},"thumbnailUrl":"https:\/\/tuguia.combarranquilla.co\/Revista\/wp-content\/uploads\/2022\/08\/Diseno-sin-titulo.png","datePublished":"2022-08-25T19:19:00+00:00","dateModified":"2022-12-02T16:29:10+00:00","breadcrumb":{"@id":"https:\/\/tuguia.combarranquilla.co\/Revista\/los-7-colores-del-mar\/#breadcrumb"},"inLanguage":"es-CO","potentialAction":[{"@type":"ReadAction","target":["https:\/\/tuguia.combarranquilla.co\/Revista\/los-7-colores-del-mar\/"]}]},{"@type":"ImageObject","inLanguage":"es-CO","@id":"https:\/\/tuguia.combarranquilla.co\/Revista\/los-7-colores-del-mar\/#primaryimage","url":"https:\/\/tuguia.combarranquilla.co\/Revista\/wp-content\/uploads\/2022\/08\/Diseno-sin-titulo.png","contentUrl":"https:\/\/tuguia.combarranquilla.co\/Revista\/wp-content\/uploads\/2022\/08\/Diseno-sin-titulo.png","width":2000,"height":1600},{"@type":"BreadcrumbList","@id":"https:\/\/tuguia.combarranquilla.co\/Revista\/los-7-colores-del-mar\/#breadcrumb","itemListElement":[{"@type":"ListItem","position":1,"name":"Inicio","item":"https:\/\/tuguia.combarranquilla.co\/Revista\/"},{"@type":"ListItem","position":2,"name":"El mar de los siete colores \u00a1Una experiencia para gozarla!"}]},{"@type":"WebSite","@id":"https:\/\/tuguia.combarranquilla.co\/Revista\/#website","url":"https:\/\/tuguia.combarranquilla.co\/Revista\/","name":"Tu Gu\u00eda","description":"La revista donde lo tienes todo.","publisher":{"@id":"https:\/\/tuguia.combarranquilla.co\/Revista\/#organization"},"alternateName":"Tu Gu\u00eda Combarranquilla","potentialAction":[{"@type":"SearchAction","target":{"@type":"EntryPoint","urlTemplate":"https:\/\/tuguia.combarranquilla.co\/Revista\/?s={search_term_string}"},"query-input":{"@type":"PropertyValueSpecification","valueRequired":true,"valueName":"search_term_string"}}],"inLanguage":"es-CO"},{"@type":"Organization","@id":"https:\/\/tuguia.combarranquilla.co\/Revista\/#organization","name":"Tu Gu\u00eda Combarranquilla","url":"https:\/\/tuguia.combarranquilla.co\/Revista\/","logo":{"@type":"ImageObject","inLanguage":"es-CO","@id":"https:\/\/tuguia.combarranquilla.co\/Revista\/#\/schema\/logo\/image\/","url":"https:\/\/tuguia.combarranquilla.co\/Revista\/wp-content\/uploads\/2022\/02\/logo-guia-combarranquilla.svg","contentUrl":"https:\/\/tuguia.combarranquilla.co\/Revista\/wp-content\/uploads\/2022\/02\/logo-guia-combarranquilla.svg","caption":"Tu Gu\u00eda Combarranquilla"},"image":{"@id":"https:\/\/tuguia.combarranquilla.co\/Revista\/#\/schema\/logo\/image\/"}},{"@type":"Person","@id":"https:\/\/tuguia.combarranquilla.co\/Revista\/#\/schema\/person\/c2c396a77170bd1d5f8ba73294eb0d10","name":"Comunicaciones Combarranquilla","image":{"@type":"ImageObject","inLanguage":"es-CO","@id":"https:\/\/tuguia.combarranquilla.co\/Revista\/wp-content\/uploads\/2025\/05\/ABC-Al-Rojo-Logo-96x96.jpg","url":"https:\/\/tuguia.combarranquilla.co\/Revista\/wp-content\/uploads\/2025\/05\/ABC-Al-Rojo-Logo-96x96.jpg","contentUrl":"https:\/\/tuguia.combarranquilla.co\/Revista\/wp-content\/uploads\/2025\/05\/ABC-Al-Rojo-Logo-96x96.jpg","caption":"Comunicaciones Combarranquilla"},"sameAs":["https:\/\/www.combarranquilla.co"],"url":"https:\/\/tuguia.combarranquilla.co\/Revista\/author\/comunicaciones\/"}]}},"_links":{"self":[{"href":"https:\/\/tuguia.combarranquilla.co\/Revista\/wp-json\/wp\/v2\/posts\/645","targetHints":{"allow":["GET"]}}],"collection":[{"href":"https:\/\/tuguia.combarranquilla.co\/Revista\/wp-json\/wp\/v2\/posts"}],"about":[{"href":"https:\/\/tuguia.combarranquilla.co\/Revista\/wp-json\/wp\/v2\/types\/post"}],"author":[{"embeddable":true,"href":"https:\/\/tuguia.combarranquilla.co\/Revista\/wp-json\/wp\/v2\/users\/2"}],"replies":[{"embeddable":true,"href":"https:\/\/tuguia.combarranquilla.co\/Revista\/wp-json\/wp\/v2\/comments?post=645"}],"version-history":[{"count":30,"href":"https:\/\/tuguia.combarranquilla.co\/Revista\/wp-json\/wp\/v2\/posts\/645\/revisions"}],"predecessor-version":[{"id":1146,"href":"https:\/\/tuguia.combarranquilla.co\/Revista\/wp-json\/wp\/v2\/posts\/645\/revisions\/1146"}],"wp:featuredmedia":[{"embeddable":true,"href":"https:\/\/tuguia.combarranquilla.co\/Revista\/wp-json\/wp\/v2\/media\/648"}],"wp:attachment":[{"href":"https:\/\/tuguia.combarranquilla.co\/Revista\/wp-json\/wp\/v2\/media?parent=645"}],"wp:term":[{"taxonomy":"category","embeddable":true,"href":"https:\/\/tuguia.combarranquilla.co\/Revista\/wp-json\/wp\/v2\/categories?post=645"},{"taxonomy":"post_tag","embeddable":true,"href":"https:\/\/tuguia.combarranquilla.co\/Revista\/wp-json\/wp\/v2\/tags?post=645"}],"curies":[{"name":"wp","href":"https:\/\/api.w.org\/{rel}","templated":true}]}}