{"id":6476,"date":"2025-06-03T07:48:58","date_gmt":"2025-06-03T12:48:58","guid":{"rendered":"https:\/\/tuguia.combarranquilla.co\/Revista\/?p=6476"},"modified":"2025-07-03T16:38:33","modified_gmt":"2025-07-03T21:38:33","slug":"conoce-el-subsidio-universitario-convocatoria-hasta-el-31-de-julio","status":"publish","type":"post","link":"https:\/\/tuguia.combarranquilla.co\/Revista\/conoce-el-subsidio-universitario-convocatoria-hasta-el-31-de-julio\/","title":{"rendered":"Conoce el subsidio universitario: convocatoria hasta el 31 de julio"},"content":{"rendered":"\n<p class=\"has-medium-font-size\"><em>Para llegar lejos se&nbsp;necesitan sue\u00f1os, visi\u00f3n y, sobre todo, apoyo. Si est\u00e1s afiliado a Combarranquilla, esta es tu oportunidad para alcanzar tus metas.<\/em><\/p>\n\n\n\n<p class=\"has-medium-font-size\">En Combarranquilla, la educaci\u00f3n es uno de los pilares m\u00e1s importantes para transformar vidas. Por eso, seguimos trabajando para acompa\u00f1ar a nuestros afiliados en cada paso de su camino.<\/p>\n\n\n\n<p class=\"has-medium-font-size\"><strong>Hasta el 31 de julio,<\/strong> estudiantes universitarios podr\u00e1n seguir apost\u00e1ndole a sus metas profesionales con nuestro subsidio educativo para educaci\u00f3n superior.<\/p>\n\n\n\n<h2 class=\"wp-block-heading\" style=\"font-size:28px\"><strong>Beneficios del subsidio<\/strong><\/h2>\n\n\n\n<p class=\"has-medium-font-size\">El subsidio universitario no es solo una ayuda econ\u00f3mica: es un reconocimiento al esfuerzo de quienes siguen apost\u00e1ndole al aprendizaje para la vida.<\/p>\n\n\n\n<p class=\"has-medium-font-size\">Los beneficios son muchos, pero entre ellos resaltan:<\/p>\n\n\n\n<div class=\"wp-block-columns is-layout-flex wp-container-core-columns-is-layout-9d6595d7 wp-block-columns-is-layout-flex\">\n<div class=\"wp-block-column is-layout-flow wp-block-column-is-layout-flow\">\n<p class=\"has-text-align-center has-background has-medium-font-size\" style=\"background-color:#4c764f\"><strong>Desarrollo humano<\/strong><\/p>\n\n\n\n<p class=\"has-text-align-center has-background has-medium-font-size\" style=\"background-color:#bbd2c7\">Impulsa tu crecimiento profesional.<\/p>\n<\/div>\n\n\n\n<div class=\"wp-block-column is-layout-flow wp-block-column-is-layout-flow\">\n<p class=\"has-text-align-center has-background has-medium-font-size\" style=\"background-color:#4c764f\"><strong>Motivaci\u00f3n<\/strong><\/p>\n\n\n\n<p class=\"has-text-align-center has-background has-medium-font-size\" style=\"background-color:#bbd2c7\">Anima a tu n\u00facleo familiar en los estudios.<\/p>\n<\/div>\n\n\n\n<div class=\"wp-block-column is-layout-flow wp-block-column-is-layout-flow\">\n<p class=\"has-text-align-center has-background has-medium-font-size\" style=\"background-color:#4c764f\"><strong>Sue\u00f1os logrados<\/strong><\/p>\n\n\n\n<p class=\"has-text-align-center has-background has-medium-font-size\" style=\"background-color:#bbd2c7\">Camina seguro hacia el futuro que quieres.<\/p>\n<\/div>\n<\/div>\n\n\n\n<p class=\"has-medium-font-size\">Con este beneficio, puedes cubrir gastos de sostenimiento, matr\u00edcula u otros costos relacionados para facilitar tus procesos acad\u00e9micos.<\/p>\n\n\n\n<h2 class=\"wp-block-heading\" style=\"font-size:28px\"><strong>Convocatoria<\/strong><\/h2>\n\n\n\n<p class=\"has-medium-font-size\">El subsidio educativo para educaci\u00f3n superior est\u00e1 dirigido al trabajador afiliado que devengue menos de cuatro (4) SMMLV, su c\u00f3nyuge y a todos sus hijos menores de 19 a\u00f1os. Adem\u00e1s, el beneficiado debe estar completando sus estudios en las instituciones de educaci\u00f3n superior del departamento del Atl\u00e1ntico en convenio. En nuestra p\u00e1gina web, podr\u00e1s conocer m\u00e1s sobre las instituciones que hacen parte de la convocatoria.<\/p>\n\n\n\n<p class=\"has-medium-font-size\">El proceso de postulaci\u00f3n beneficia a todos, ya que es totalmente en l\u00ednea. Sigue los siguientes pasos para aplicar o <strong><a href=\"https:\/\/enlinea.combarranquilla.co\/_files\/sub_manualsew.pdf\">descarga nuestra gu\u00eda visual<\/a><\/strong>:<\/p>\n\n\n\n<div class=\"wp-block-group is-vertical is-layout-flex wp-container-core-group-is-layout-8cf370e7 wp-block-group-is-layout-flex\">\n<ol start=\"1\" class=\"wp-block-list has-medium-font-size\">\n<li>Ingresa en la p\u00e1gina web&nbsp;<a href=\"https:\/\/www.combarranquilla.co\/\" target=\"_blank\" rel=\"noreferrer noopener\">www.combarranquilla.co<\/a>&nbsp;a la opci\u00f3n Servicios en L\u00ednea.<\/li>\n<\/ol>\n\n\n\n<ol start=\"2\" class=\"wp-block-list has-medium-font-size\">\n<li>Digita tu usuario y contrase\u00f1a registrados (el usuario es el n\u00famero de c\u00e9dula del trabajador afiliado).<\/li>\n<\/ol>\n\n\n\n<ol start=\"3\" class=\"wp-block-list has-medium-font-size\">\n<li>Despliega&nbsp;el men\u00fa de \u201cSubsidios\u201d en la parte izquierda de la p\u00e1gina y selecciona \u201cEducativo\u201d.<\/li>\n<\/ol>\n\n\n\n<ol start=\"4\" class=\"wp-block-list has-medium-font-size\">\n<li>Haz clic en la opci\u00f3n \u201cSolicitud en L\u00ednea\u201d.<\/li>\n<\/ol>\n\n\n\n<ol start=\"5\" class=\"wp-block-list has-medium-font-size\">\n<li>Diligencia los datos del beneficiario en su totalidad.<\/li>\n<\/ol>\n\n\n\n<ol start=\"6\" class=\"wp-block-list has-medium-font-size\">\n<li>Verifica que tu correo electr\u00f3nico est\u00e9 correcto, ya que por ese medio se comunicar\u00e1 el resultado del tr\u00e1mite.<\/li>\n<\/ol>\n\n\n\n<ol start=\"7\" class=\"wp-block-list has-medium-font-size\">\n<li>Una vez terminado el proceso de diligenciamiento del formulario, adjunta los documentos de soporte.<\/li>\n<\/ol>\n<\/div>\n\n\n\n<p><\/p>\n\n\n\n<p class=\"has-medium-font-size\">Recibir\u00e1s respuesta a tu solicitud en un m\u00e1ximo de 5 d\u00edas h\u00e1biles.<\/p>\n\n\n\n<p class=\"has-medium-font-size\"><strong>Recuerda: <\/strong>Este subsidio puede beneficiar a toda la familia inscrita del afiliado que quiera continuar sus estudios, teniendo en cuenta la edad m\u00e1xima para los hijos del afiliado.<\/p>\n\n\n\n<p class=\"has-medium-font-size\">El esfuerzo, la educaci\u00f3n y el acompa\u00f1amiento son claves para encontrar oportunidades que nutran nuestra formaci\u00f3n. Impulsar el acceso a la educaci\u00f3n superior es contribuir a una comunidad preparada.<\/p>\n\n\n\n<p class=\"has-medium-font-size\"><em><strong>\u00a1Somos el camino hacia el progreso!<\/strong><\/em><\/p>\n\n\n<div\n\t\tclass=\"free align wp-block-btn-button\"\tid='btnButton-1'\n\tdata-nonce='&quot;5acd2351b9&quot;'\n\tdata-attributes='{&quot;cPostId&quot;:6476,&quot;text&quot;:&quot;Conoce m\\u00e1s aqu\\u00ed&quot;,&quot;url&quot;:&quot;https:\\\/\\\/www.combarranquilla.co\\\/subsidios\\\/#tab-educativo&quot;,&quot;target&quot;:&quot;_blank&quot;,&quot;icon&quot;:{&quot;class&quot;:&quot;fa-solid fa-arrow-up-right-from-square&quot;},&quot;size&quot;:&quot;large&quot;,&quot;animationType&quot;:&quot;zoom-in&quot;,&quot;typography&quot;:{&quot;fontSize&quot;:20,&quot;fontWeight&quot;:600,&quot;textDecoration&quot;:&quot;none&quot;},&quot;colors&quot;:{&quot;color&quot;:&quot;#fff&quot;,&quot;bg&quot;:&quot;rgba(19, 81, 22, 1)&quot;},&quot;padding&quot;:{&quot;vertical&quot;:&quot;14px&quot;,&quot;horizontal&quot;:&quot;30px&quot;},&quot;align&quot;:&quot;&quot;,&quot;actionType&quot;:&quot;link&quot;,&quot;security&quot;:&quot;none&quot;,&quot;securityPassword&quot;:&quot;&quot;,&quot;tooltip&quot;:&quot;&quot;,&quot;tooltipPos&quot;:&quot;top&quot;,&quot;attrs&quot;:{&quot;rel&quot;:&quot;noreferrer&quot;,&quot;referrerpolicy&quot;:&quot;no-referrer&quot;},&quot;hideOn&quot;:{&quot;desktop&quot;:false,&quot;tablet&quot;:false,&quot;mobile&quot;:false},&quot;isDownload&quot;:false,&quot;downloadFileName&quot;:&quot;&quot;,&quot;isUpIcon&quot;:false,&quot;upIcon&quot;:{&quot;id&quot;:null,&quot;url&quot;:&quot;&quot;,&quot;alt&quot;:&quot;&quot;,&quot;title&quot;:&quot;&quot;},&quot;iconPos&quot;:&quot;left&quot;,&quot;type&quot;:&quot;flat&quot;,&quot;isFullWidth&quot;:false,&quot;popup&quot;:{&quot;type&quot;:&quot;image&quot;,&quot;content&quot;:&quot;&quot;,&quot;caption&quot;:&quot;&quot;,&quot;width&quot;:&quot;&quot;},&quot;animationDuration&quot;:0.40000000000000002220446049250313080847263336181640625,&quot;addID&quot;:&quot;&quot;,&quot;addCSS&quot;:&quot;&quot;,&quot;alignment&quot;:&quot;center&quot;,&quot;hovColors&quot;:{&quot;color&quot;:&quot;#fff&quot;,&quot;bg&quot;:&quot;#FF7A00&quot;},&quot;border&quot;:{&quot;radius&quot;:&quot;5px&quot;},&quot;shadow&quot;:[]}'\n\tdata-info='{&quot;userRoles&quot;:[],&quot;loginURL&quot;:&quot;https:\\\/\\\/tuguia.combarranquilla.co\\\/Revista\\\/wp-login.php&quot;}'\n\tdata-pipecheck=''\n><\/div>","protected":false},"excerpt":{"rendered":"<p>Para llegar lejos se&nbsp;necesitan sue\u00f1os, visi\u00f3n y, sobre todo, apoyo. Si est\u00e1s afiliado a Combarranquilla, esta es tu oportunidad para alcanzar tus metas. En Combarranquilla, la educaci\u00f3n es uno de los pilares m\u00e1s importantes para transformar vidas. Por eso, seguimos trabajando para acompa\u00f1ar a nuestros afiliados en cada paso de su camino. Hasta el 31 [&hellip;]<\/p>\n","protected":false},"author":2,"featured_media":6640,"comment_status":"open","ping_status":"open","sticky":false,"template":"","format":"standard","meta":{"inline_featured_image":false,"footnotes":""},"categories":[2],"tags":[],"class_list":["post-6476","post","type-post","status-publish","format-standard","has-post-thumbnail","hentry","category-subsidios"],"yoast_head":"<!-- This site is optimized with the Yoast SEO plugin v27.4 - https:\/\/yoast.com\/product\/yoast-seo-wordpress\/ -->\n<title>Conoce el subsidio universitario: convocatoria hasta el 31 de julio - Tu Gu\u00eda<\/title>\n<meta name=\"robots\" content=\"index, follow, max-snippet:-1, max-image-preview:large, max-video-preview:-1\" \/>\n<link rel=\"canonical\" href=\"https:\/\/tuguia.combarranquilla.co\/Revista\/conoce-el-subsidio-universitario-convocatoria-hasta-el-31-de-julio\/\" \/>\n<meta property=\"og:locale\" content=\"es_ES\" \/>\n<meta property=\"og:type\" content=\"article\" \/>\n<meta property=\"og:title\" content=\"Conoce el subsidio universitario: convocatoria hasta el 31 de julio - Tu Gu\u00eda\" \/>\n<meta property=\"og:description\" content=\"Para llegar lejos se&nbsp;necesitan sue\u00f1os, visi\u00f3n y, sobre todo, apoyo. Si est\u00e1s afiliado a Combarranquilla, esta es tu oportunidad para alcanzar tus metas. En Combarranquilla, la educaci\u00f3n es uno de los pilares m\u00e1s importantes para transformar vidas. Por eso, seguimos trabajando para acompa\u00f1ar a nuestros afiliados en cada paso de su camino. Hasta el 31 [&hellip;]\" \/>\n<meta property=\"og:url\" content=\"https:\/\/tuguia.combarranquilla.co\/Revista\/conoce-el-subsidio-universitario-convocatoria-hasta-el-31-de-julio\/\" \/>\n<meta property=\"og:site_name\" content=\"Tu Gu\u00eda\" \/>\n<meta property=\"article:published_time\" content=\"2025-06-03T12:48:58+00:00\" \/>\n<meta property=\"article:modified_time\" content=\"2025-07-03T21:38:33+00:00\" \/>\n<meta property=\"og:image\" content=\"https:\/\/tuguia.combarranquilla.co\/Revista\/wp-content\/uploads\/2025\/06\/5-1024x512.png\" \/>\n\t<meta property=\"og:image:width\" content=\"1024\" \/>\n\t<meta property=\"og:image:height\" content=\"512\" \/>\n\t<meta property=\"og:image:type\" content=\"image\/png\" \/>\n<meta name=\"author\" content=\"Comunicaciones Combarranquilla\" \/>\n<meta name=\"twitter:card\" content=\"summary_large_image\" \/>\n<meta name=\"twitter:label1\" content=\"Escrito por\" \/>\n\t<meta name=\"twitter:data1\" content=\"Comunicaciones Combarranquilla\" \/>\n\t<meta name=\"twitter:label2\" content=\"Tiempo de lectura\" \/>\n\t<meta name=\"twitter:data2\" content=\"3 minutos\" \/>\n<script type=\"application\/ld+json\" class=\"yoast-schema-graph\">{\"@context\":\"https:\\\/\\\/schema.org\",\"@graph\":[{\"@type\":\"Article\",\"@id\":\"https:\\\/\\\/tuguia.combarranquilla.co\\\/Revista\\\/conoce-el-subsidio-universitario-convocatoria-hasta-el-31-de-julio\\\/#article\",\"isPartOf\":{\"@id\":\"https:\\\/\\\/tuguia.combarranquilla.co\\\/Revista\\\/conoce-el-subsidio-universitario-convocatoria-hasta-el-31-de-julio\\\/\"},\"author\":{\"name\":\"Comunicaciones Combarranquilla\",\"@id\":\"https:\\\/\\\/tuguia.combarranquilla.co\\\/Revista\\\/#\\\/schema\\\/person\\\/c2c396a77170bd1d5f8ba73294eb0d10\"},\"headline\":\"Conoce el subsidio universitario: convocatoria hasta el 31 de julio\",\"datePublished\":\"2025-06-03T12:48:58+00:00\",\"dateModified\":\"2025-07-03T21:38:33+00:00\",\"mainEntityOfPage\":{\"@id\":\"https:\\\/\\\/tuguia.combarranquilla.co\\\/Revista\\\/conoce-el-subsidio-universitario-convocatoria-hasta-el-31-de-julio\\\/\"},\"wordCount\":465,\"commentCount\":0,\"publisher\":{\"@id\":\"https:\\\/\\\/tuguia.combarranquilla.co\\\/Revista\\\/#organization\"},\"image\":{\"@id\":\"https:\\\/\\\/tuguia.combarranquilla.co\\\/Revista\\\/conoce-el-subsidio-universitario-convocatoria-hasta-el-31-de-julio\\\/#primaryimage\"},\"thumbnailUrl\":\"https:\\\/\\\/tuguia.combarranquilla.co\\\/Revista\\\/wp-content\\\/uploads\\\/2025\\\/06\\\/5.png\",\"articleSection\":[\"SUBSIDIOS\"],\"inLanguage\":\"es-CO\",\"potentialAction\":[{\"@type\":\"CommentAction\",\"name\":\"Comment\",\"target\":[\"https:\\\/\\\/tuguia.combarranquilla.co\\\/Revista\\\/conoce-el-subsidio-universitario-convocatoria-hasta-el-31-de-julio\\\/#respond\"]}]},{\"@type\":\"WebPage\",\"@id\":\"https:\\\/\\\/tuguia.combarranquilla.co\\\/Revista\\\/conoce-el-subsidio-universitario-convocatoria-hasta-el-31-de-julio\\\/\",\"url\":\"https:\\\/\\\/tuguia.combarranquilla.co\\\/Revista\\\/conoce-el-subsidio-universitario-convocatoria-hasta-el-31-de-julio\\\/\",\"name\":\"Conoce el subsidio universitario: convocatoria hasta el 31 de julio - Tu Gu\u00eda\",\"isPartOf\":{\"@id\":\"https:\\\/\\\/tuguia.combarranquilla.co\\\/Revista\\\/#website\"},\"primaryImageOfPage\":{\"@id\":\"https:\\\/\\\/tuguia.combarranquilla.co\\\/Revista\\\/conoce-el-subsidio-universitario-convocatoria-hasta-el-31-de-julio\\\/#primaryimage\"},\"image\":{\"@id\":\"https:\\\/\\\/tuguia.combarranquilla.co\\\/Revista\\\/conoce-el-subsidio-universitario-convocatoria-hasta-el-31-de-julio\\\/#primaryimage\"},\"thumbnailUrl\":\"https:\\\/\\\/tuguia.combarranquilla.co\\\/Revista\\\/wp-content\\\/uploads\\\/2025\\\/06\\\/5.png\",\"datePublished\":\"2025-06-03T12:48:58+00:00\",\"dateModified\":\"2025-07-03T21:38:33+00:00\",\"breadcrumb\":{\"@id\":\"https:\\\/\\\/tuguia.combarranquilla.co\\\/Revista\\\/conoce-el-subsidio-universitario-convocatoria-hasta-el-31-de-julio\\\/#breadcrumb\"},\"inLanguage\":\"es-CO\",\"potentialAction\":[{\"@type\":\"ReadAction\",\"target\":[\"https:\\\/\\\/tuguia.combarranquilla.co\\\/Revista\\\/conoce-el-subsidio-universitario-convocatoria-hasta-el-31-de-julio\\\/\"]}]},{\"@type\":\"ImageObject\",\"inLanguage\":\"es-CO\",\"@id\":\"https:\\\/\\\/tuguia.combarranquilla.co\\\/Revista\\\/conoce-el-subsidio-universitario-convocatoria-hasta-el-31-de-julio\\\/#primaryimage\",\"url\":\"https:\\\/\\\/tuguia.combarranquilla.co\\\/Revista\\\/wp-content\\\/uploads\\\/2025\\\/06\\\/5.png\",\"contentUrl\":\"https:\\\/\\\/tuguia.combarranquilla.co\\\/Revista\\\/wp-content\\\/uploads\\\/2025\\\/06\\\/5.png\",\"width\":6614,\"height\":3307},{\"@type\":\"BreadcrumbList\",\"@id\":\"https:\\\/\\\/tuguia.combarranquilla.co\\\/Revista\\\/conoce-el-subsidio-universitario-convocatoria-hasta-el-31-de-julio\\\/#breadcrumb\",\"itemListElement\":[{\"@type\":\"ListItem\",\"position\":1,\"name\":\"Inicio\",\"item\":\"https:\\\/\\\/tuguia.combarranquilla.co\\\/Revista\\\/\"},{\"@type\":\"ListItem\",\"position\":2,\"name\":\"Conoce el subsidio universitario: convocatoria hasta el 31 de julio\"}]},{\"@type\":\"WebSite\",\"@id\":\"https:\\\/\\\/tuguia.combarranquilla.co\\\/Revista\\\/#website\",\"url\":\"https:\\\/\\\/tuguia.combarranquilla.co\\\/Revista\\\/\",\"name\":\"Tu Gu\u00eda\",\"description\":\"La revista donde lo tienes todo.\",\"publisher\":{\"@id\":\"https:\\\/\\\/tuguia.combarranquilla.co\\\/Revista\\\/#organization\"},\"alternateName\":\"Tu Gu\u00eda Combarranquilla\",\"potentialAction\":[{\"@type\":\"SearchAction\",\"target\":{\"@type\":\"EntryPoint\",\"urlTemplate\":\"https:\\\/\\\/tuguia.combarranquilla.co\\\/Revista\\\/?s={search_term_string}\"},\"query-input\":{\"@type\":\"PropertyValueSpecification\",\"valueRequired\":true,\"valueName\":\"search_term_string\"}}],\"inLanguage\":\"es-CO\"},{\"@type\":\"Organization\",\"@id\":\"https:\\\/\\\/tuguia.combarranquilla.co\\\/Revista\\\/#organization\",\"name\":\"Tu Gu\u00eda Combarranquilla\",\"url\":\"https:\\\/\\\/tuguia.combarranquilla.co\\\/Revista\\\/\",\"logo\":{\"@type\":\"ImageObject\",\"inLanguage\":\"es-CO\",\"@id\":\"https:\\\/\\\/tuguia.combarranquilla.co\\\/Revista\\\/#\\\/schema\\\/logo\\\/image\\\/\",\"url\":\"https:\\\/\\\/tuguia.combarranquilla.co\\\/Revista\\\/wp-content\\\/uploads\\\/2022\\\/02\\\/logo-guia-combarranquilla.svg\",\"contentUrl\":\"https:\\\/\\\/tuguia.combarranquilla.co\\\/Revista\\\/wp-content\\\/uploads\\\/2022\\\/02\\\/logo-guia-combarranquilla.svg\",\"caption\":\"Tu Gu\u00eda Combarranquilla\"},\"image\":{\"@id\":\"https:\\\/\\\/tuguia.combarranquilla.co\\\/Revista\\\/#\\\/schema\\\/logo\\\/image\\\/\"}},{\"@type\":\"Person\",\"@id\":\"https:\\\/\\\/tuguia.combarranquilla.co\\\/Revista\\\/#\\\/schema\\\/person\\\/c2c396a77170bd1d5f8ba73294eb0d10\",\"name\":\"Comunicaciones Combarranquilla\",\"image\":{\"@type\":\"ImageObject\",\"inLanguage\":\"es-CO\",\"@id\":\"https:\\\/\\\/tuguia.combarranquilla.co\\\/Revista\\\/wp-content\\\/uploads\\\/2025\\\/05\\\/ABC-Al-Rojo-Logo-96x96.jpg\",\"url\":\"https:\\\/\\\/tuguia.combarranquilla.co\\\/Revista\\\/wp-content\\\/uploads\\\/2025\\\/05\\\/ABC-Al-Rojo-Logo-96x96.jpg\",\"contentUrl\":\"https:\\\/\\\/tuguia.combarranquilla.co\\\/Revista\\\/wp-content\\\/uploads\\\/2025\\\/05\\\/ABC-Al-Rojo-Logo-96x96.jpg\",\"caption\":\"Comunicaciones Combarranquilla\"},\"sameAs\":[\"https:\\\/\\\/www.combarranquilla.co\"],\"url\":\"https:\\\/\\\/tuguia.combarranquilla.co\\\/Revista\\\/author\\\/comunicaciones\\\/\"}]}<\/script>\n<!-- \/ Yoast SEO plugin. -->","yoast_head_json":{"title":"Conoce el subsidio universitario: convocatoria hasta el 31 de julio - Tu Gu\u00eda","robots":{"index":"index","follow":"follow","max-snippet":"max-snippet:-1","max-image-preview":"max-image-preview:large","max-video-preview":"max-video-preview:-1"},"canonical":"https:\/\/tuguia.combarranquilla.co\/Revista\/conoce-el-subsidio-universitario-convocatoria-hasta-el-31-de-julio\/","og_locale":"es_ES","og_type":"article","og_title":"Conoce el subsidio universitario: convocatoria hasta el 31 de julio - Tu Gu\u00eda","og_description":"Para llegar lejos se&nbsp;necesitan sue\u00f1os, visi\u00f3n y, sobre todo, apoyo. Si est\u00e1s afiliado a Combarranquilla, esta es tu oportunidad para alcanzar tus metas. En Combarranquilla, la educaci\u00f3n es uno de los pilares m\u00e1s importantes para transformar vidas. Por eso, seguimos trabajando para acompa\u00f1ar a nuestros afiliados en cada paso de su camino. Hasta el 31 [&hellip;]","og_url":"https:\/\/tuguia.combarranquilla.co\/Revista\/conoce-el-subsidio-universitario-convocatoria-hasta-el-31-de-julio\/","og_site_name":"Tu Gu\u00eda","article_published_time":"2025-06-03T12:48:58+00:00","article_modified_time":"2025-07-03T21:38:33+00:00","og_image":[{"width":1024,"height":512,"url":"https:\/\/tuguia.combarranquilla.co\/Revista\/wp-content\/uploads\/2025\/06\/5-1024x512.png","type":"image\/png"}],"author":"Comunicaciones Combarranquilla","twitter_card":"summary_large_image","twitter_misc":{"Escrito por":"Comunicaciones Combarranquilla","Tiempo de lectura":"3 minutos"},"schema":{"@context":"https:\/\/schema.org","@graph":[{"@type":"Article","@id":"https:\/\/tuguia.combarranquilla.co\/Revista\/conoce-el-subsidio-universitario-convocatoria-hasta-el-31-de-julio\/#article","isPartOf":{"@id":"https:\/\/tuguia.combarranquilla.co\/Revista\/conoce-el-subsidio-universitario-convocatoria-hasta-el-31-de-julio\/"},"author":{"name":"Comunicaciones Combarranquilla","@id":"https:\/\/tuguia.combarranquilla.co\/Revista\/#\/schema\/person\/c2c396a77170bd1d5f8ba73294eb0d10"},"headline":"Conoce el subsidio universitario: convocatoria hasta el 31 de julio","datePublished":"2025-06-03T12:48:58+00:00","dateModified":"2025-07-03T21:38:33+00:00","mainEntityOfPage":{"@id":"https:\/\/tuguia.combarranquilla.co\/Revista\/conoce-el-subsidio-universitario-convocatoria-hasta-el-31-de-julio\/"},"wordCount":465,"commentCount":0,"publisher":{"@id":"https:\/\/tuguia.combarranquilla.co\/Revista\/#organization"},"image":{"@id":"https:\/\/tuguia.combarranquilla.co\/Revista\/conoce-el-subsidio-universitario-convocatoria-hasta-el-31-de-julio\/#primaryimage"},"thumbnailUrl":"https:\/\/tuguia.combarranquilla.co\/Revista\/wp-content\/uploads\/2025\/06\/5.png","articleSection":["SUBSIDIOS"],"inLanguage":"es-CO","potentialAction":[{"@type":"CommentAction","name":"Comment","target":["https:\/\/tuguia.combarranquilla.co\/Revista\/conoce-el-subsidio-universitario-convocatoria-hasta-el-31-de-julio\/#respond"]}]},{"@type":"WebPage","@id":"https:\/\/tuguia.combarranquilla.co\/Revista\/conoce-el-subsidio-universitario-convocatoria-hasta-el-31-de-julio\/","url":"https:\/\/tuguia.combarranquilla.co\/Revista\/conoce-el-subsidio-universitario-convocatoria-hasta-el-31-de-julio\/","name":"Conoce el subsidio universitario: convocatoria hasta el 31 de julio - Tu Gu\u00eda","isPartOf":{"@id":"https:\/\/tuguia.combarranquilla.co\/Revista\/#website"},"primaryImageOfPage":{"@id":"https:\/\/tuguia.combarranquilla.co\/Revista\/conoce-el-subsidio-universitario-convocatoria-hasta-el-31-de-julio\/#primaryimage"},"image":{"@id":"https:\/\/tuguia.combarranquilla.co\/Revista\/conoce-el-subsidio-universitario-convocatoria-hasta-el-31-de-julio\/#primaryimage"},"thumbnailUrl":"https:\/\/tuguia.combarranquilla.co\/Revista\/wp-content\/uploads\/2025\/06\/5.png","datePublished":"2025-06-03T12:48:58+00:00","dateModified":"2025-07-03T21:38:33+00:00","breadcrumb":{"@id":"https:\/\/tuguia.combarranquilla.co\/Revista\/conoce-el-subsidio-universitario-convocatoria-hasta-el-31-de-julio\/#breadcrumb"},"inLanguage":"es-CO","potentialAction":[{"@type":"ReadAction","target":["https:\/\/tuguia.combarranquilla.co\/Revista\/conoce-el-subsidio-universitario-convocatoria-hasta-el-31-de-julio\/"]}]},{"@type":"ImageObject","inLanguage":"es-CO","@id":"https:\/\/tuguia.combarranquilla.co\/Revista\/conoce-el-subsidio-universitario-convocatoria-hasta-el-31-de-julio\/#primaryimage","url":"https:\/\/tuguia.combarranquilla.co\/Revista\/wp-content\/uploads\/2025\/06\/5.png","contentUrl":"https:\/\/tuguia.combarranquilla.co\/Revista\/wp-content\/uploads\/2025\/06\/5.png","width":6614,"height":3307},{"@type":"BreadcrumbList","@id":"https:\/\/tuguia.combarranquilla.co\/Revista\/conoce-el-subsidio-universitario-convocatoria-hasta-el-31-de-julio\/#breadcrumb","itemListElement":[{"@type":"ListItem","position":1,"name":"Inicio","item":"https:\/\/tuguia.combarranquilla.co\/Revista\/"},{"@type":"ListItem","position":2,"name":"Conoce el subsidio universitario: convocatoria hasta el 31 de julio"}]},{"@type":"WebSite","@id":"https:\/\/tuguia.combarranquilla.co\/Revista\/#website","url":"https:\/\/tuguia.combarranquilla.co\/Revista\/","name":"Tu Gu\u00eda","description":"La revista donde lo tienes todo.","publisher":{"@id":"https:\/\/tuguia.combarranquilla.co\/Revista\/#organization"},"alternateName":"Tu Gu\u00eda Combarranquilla","potentialAction":[{"@type":"SearchAction","target":{"@type":"EntryPoint","urlTemplate":"https:\/\/tuguia.combarranquilla.co\/Revista\/?s={search_term_string}"},"query-input":{"@type":"PropertyValueSpecification","valueRequired":true,"valueName":"search_term_string"}}],"inLanguage":"es-CO"},{"@type":"Organization","@id":"https:\/\/tuguia.combarranquilla.co\/Revista\/#organization","name":"Tu Gu\u00eda Combarranquilla","url":"https:\/\/tuguia.combarranquilla.co\/Revista\/","logo":{"@type":"ImageObject","inLanguage":"es-CO","@id":"https:\/\/tuguia.combarranquilla.co\/Revista\/#\/schema\/logo\/image\/","url":"https:\/\/tuguia.combarranquilla.co\/Revista\/wp-content\/uploads\/2022\/02\/logo-guia-combarranquilla.svg","contentUrl":"https:\/\/tuguia.combarranquilla.co\/Revista\/wp-content\/uploads\/2022\/02\/logo-guia-combarranquilla.svg","caption":"Tu Gu\u00eda Combarranquilla"},"image":{"@id":"https:\/\/tuguia.combarranquilla.co\/Revista\/#\/schema\/logo\/image\/"}},{"@type":"Person","@id":"https:\/\/tuguia.combarranquilla.co\/Revista\/#\/schema\/person\/c2c396a77170bd1d5f8ba73294eb0d10","name":"Comunicaciones Combarranquilla","image":{"@type":"ImageObject","inLanguage":"es-CO","@id":"https:\/\/tuguia.combarranquilla.co\/Revista\/wp-content\/uploads\/2025\/05\/ABC-Al-Rojo-Logo-96x96.jpg","url":"https:\/\/tuguia.combarranquilla.co\/Revista\/wp-content\/uploads\/2025\/05\/ABC-Al-Rojo-Logo-96x96.jpg","contentUrl":"https:\/\/tuguia.combarranquilla.co\/Revista\/wp-content\/uploads\/2025\/05\/ABC-Al-Rojo-Logo-96x96.jpg","caption":"Comunicaciones Combarranquilla"},"sameAs":["https:\/\/www.combarranquilla.co"],"url":"https:\/\/tuguia.combarranquilla.co\/Revista\/author\/comunicaciones\/"}]}},"_links":{"self":[{"href":"https:\/\/tuguia.combarranquilla.co\/Revista\/wp-json\/wp\/v2\/posts\/6476","targetHints":{"allow":["GET"]}}],"collection":[{"href":"https:\/\/tuguia.combarranquilla.co\/Revista\/wp-json\/wp\/v2\/posts"}],"about":[{"href":"https:\/\/tuguia.combarranquilla.co\/Revista\/wp-json\/wp\/v2\/types\/post"}],"author":[{"embeddable":true,"href":"https:\/\/tuguia.combarranquilla.co\/Revista\/wp-json\/wp\/v2\/users\/2"}],"replies":[{"embeddable":true,"href":"https:\/\/tuguia.combarranquilla.co\/Revista\/wp-json\/wp\/v2\/comments?post=6476"}],"version-history":[{"count":39,"href":"https:\/\/tuguia.combarranquilla.co\/Revista\/wp-json\/wp\/v2\/posts\/6476\/revisions"}],"predecessor-version":[{"id":7084,"href":"https:\/\/tuguia.combarranquilla.co\/Revista\/wp-json\/wp\/v2\/posts\/6476\/revisions\/7084"}],"wp:featuredmedia":[{"embeddable":true,"href":"https:\/\/tuguia.combarranquilla.co\/Revista\/wp-json\/wp\/v2\/media\/6640"}],"wp:attachment":[{"href":"https:\/\/tuguia.combarranquilla.co\/Revista\/wp-json\/wp\/v2\/media?parent=6476"}],"wp:term":[{"taxonomy":"category","embeddable":true,"href":"https:\/\/tuguia.combarranquilla.co\/Revista\/wp-json\/wp\/v2\/categories?post=6476"},{"taxonomy":"post_tag","embeddable":true,"href":"https:\/\/tuguia.combarranquilla.co\/Revista\/wp-json\/wp\/v2\/tags?post=6476"}],"curies":[{"name":"wp","href":"https:\/\/api.w.org\/{rel}","templated":true}]}}