{"id":6519,"date":"2025-06-03T07:47:46","date_gmt":"2025-06-03T12:47:46","guid":{"rendered":"https:\/\/tuguia.combarranquilla.co\/Revista\/?p=6519"},"modified":"2025-06-04T15:57:01","modified_gmt":"2025-06-04T20:57:01","slug":"taller-de-galletas-una-dulce-jornada-para-estudiantes-de-programas-tecnicos-laborales","status":"publish","type":"post","link":"https:\/\/tuguia.combarranquilla.co\/Revista\/taller-de-galletas-una-dulce-jornada-para-estudiantes-de-programas-tecnicos-laborales\/","title":{"rendered":"Taller de galletas: una dulce jornada para estudiantes de Programas T\u00e9cnicos Laborales"},"content":{"rendered":"\n<p class=\"has-medium-font-size\"><em>El 23 de mayo, los estudiantes del Centro de Formaci\u00f3n disfrutaron de una tarde con aroma a galletas.&nbsp;Casi&nbsp;treinta j\u00f3venes y adultos se reunieron con la chef Isabel del Real en la Unidad Boston para aprender una dulce receta.<\/em><\/p>\n\n\n\n<p class=\"has-medium-font-size\">A las 5 de la tarde, el taller de&nbsp;galletas&nbsp;inici\u00f3 con gran expectativa. Los estudiantes se pusieron su gorro y su delantal, y escucharon atentamente las instrucciones de la chef. Luego, en parejas y grupos de tres, empezaron a preparar sus galletas.<\/p>\n\n\n\n<p class=\"has-medium-font-size\">El primer paso fue medir cada ingrediente en una balanza, comenzando con 125 g de mantequilla. Continuaron&nbsp;con&nbsp;73 g de az\u00facar&nbsp;blanca y 55 g de az\u00facar morena. Despu\u00e9s de mezclar estos ingredientes, se a\u00f1adi\u00f3 un huevo y se incorporaron 200 g de harina, 5 g de bicarbonato y 2.5 g de sal. Ahora, cada grupo ten\u00eda el objetivo de crear una mezcla uniforme. Para cumplir su tarea, se ayudaban entre ellos y le solicitaban apoyo a la chef. Ya se pod\u00eda sentir el olor de su creaci\u00f3n.<\/p>\n\n\n\n<div class=\"wp-block-columns is-layout-flex wp-container-core-columns-is-layout-9d6595d7 wp-block-columns-is-layout-flex\">\n<div class=\"wp-block-column is-layout-flow wp-block-column-is-layout-flow\">\n<figure class=\"wp-block-image size-large\"><img decoding=\"async\" width=\"1024\" height=\"683\" data-src=\"https:\/\/tuguia.combarranquilla.co\/Revista\/wp-content\/uploads\/2025\/05\/DSC_0236-1024x683.jpg\" alt=\"\" class=\"wp-image-6545 lazyload\" data-srcset=\"https:\/\/tuguia.combarranquilla.co\/Revista\/wp-content\/uploads\/2025\/05\/DSC_0236-1024x683.jpg 1024w, https:\/\/tuguia.combarranquilla.co\/Revista\/wp-content\/uploads\/2025\/05\/DSC_0236-300x200.jpg 300w, https:\/\/tuguia.combarranquilla.co\/Revista\/wp-content\/uploads\/2025\/05\/DSC_0236-768x512.jpg 768w, https:\/\/tuguia.combarranquilla.co\/Revista\/wp-content\/uploads\/2025\/05\/DSC_0236-1536x1024.jpg 1536w, https:\/\/tuguia.combarranquilla.co\/Revista\/wp-content\/uploads\/2025\/05\/DSC_0236-2048x1365.jpg 2048w\" data-sizes=\"(max-width: 1024px) 100vw, 1024px\" src=\"data:image\/svg+xml;base64,PHN2ZyB3aWR0aD0iMSIgaGVpZ2h0PSIxIiB4bWxucz0iaHR0cDovL3d3dy53My5vcmcvMjAwMC9zdmciPjwvc3ZnPg==\" style=\"--smush-placeholder-width: 1024px; --smush-placeholder-aspect-ratio: 1024\/683;\" \/><\/figure>\n<\/div>\n\n\n\n<div class=\"wp-block-column is-layout-flow wp-block-column-is-layout-flow\">\n<figure class=\"wp-block-image size-large\"><img decoding=\"async\" width=\"1024\" height=\"683\" data-src=\"https:\/\/tuguia.combarranquilla.co\/Revista\/wp-content\/uploads\/2025\/05\/DSC_0251-1024x683.jpg\" alt=\"\" class=\"wp-image-6546 lazyload\" data-srcset=\"https:\/\/tuguia.combarranquilla.co\/Revista\/wp-content\/uploads\/2025\/05\/DSC_0251-1024x683.jpg 1024w, https:\/\/tuguia.combarranquilla.co\/Revista\/wp-content\/uploads\/2025\/05\/DSC_0251-300x200.jpg 300w, https:\/\/tuguia.combarranquilla.co\/Revista\/wp-content\/uploads\/2025\/05\/DSC_0251-768x512.jpg 768w, https:\/\/tuguia.combarranquilla.co\/Revista\/wp-content\/uploads\/2025\/05\/DSC_0251-1536x1024.jpg 1536w, https:\/\/tuguia.combarranquilla.co\/Revista\/wp-content\/uploads\/2025\/05\/DSC_0251-2048x1365.jpg 2048w\" data-sizes=\"(max-width: 1024px) 100vw, 1024px\" src=\"data:image\/svg+xml;base64,PHN2ZyB3aWR0aD0iMSIgaGVpZ2h0PSIxIiB4bWxucz0iaHR0cDovL3d3dy53My5vcmcvMjAwMC9zdmciPjwvc3ZnPg==\" style=\"--smush-placeholder-width: 1024px; --smush-placeholder-aspect-ratio: 1024\/683;\" \/><\/figure>\n<\/div>\n<\/div>\n\n\n\n<p class=\"has-medium-font-size\">Cuando terminaron de amasar, a\u00f1adieron 120 g del ingrediente estrella: las chispas de chocolate. Posteriormente, cada grupo cubri\u00f3 sus bowls con film de cocina y refriger\u00f3 sus masas en la nevera.<\/p>\n\n\n\n<p class=\"has-medium-font-size\">Habiendo pasado tiempo suficiente, la chef ayud\u00f3 a los estudiantes a entregar los bowls para pasar al siguiente paso: formar bolas de masa que, m\u00e1s adelante, ser\u00edan las galletas so\u00f1adas. Los grupos organizaron las bolas en una bandeja y las llevaron hacia el horno ubicado al fondo de la cocina. Se notaba en sus ojos cu\u00e1nto deseaban probar lo que hab\u00edan hecho, pero sab\u00edan que esperar el producto final ser\u00eda a\u00fan m\u00e1s satisfactorio.<\/p>\n\n\n<div class=\"wp-block-image\">\n<figure class=\"aligncenter size-large is-resized\"><img decoding=\"async\" width=\"1024\" height=\"683\" data-src=\"https:\/\/tuguia.combarranquilla.co\/Revista\/wp-content\/uploads\/2025\/05\/DSC_0241-1024x683.jpg\" alt=\"\" class=\"wp-image-6549 lazyload\" style=\"--smush-placeholder-width: 1024px; --smush-placeholder-aspect-ratio: 1024\/683;width:714px;height:auto\" data-srcset=\"https:\/\/tuguia.combarranquilla.co\/Revista\/wp-content\/uploads\/2025\/05\/DSC_0241-1024x683.jpg 1024w, https:\/\/tuguia.combarranquilla.co\/Revista\/wp-content\/uploads\/2025\/05\/DSC_0241-300x200.jpg 300w, https:\/\/tuguia.combarranquilla.co\/Revista\/wp-content\/uploads\/2025\/05\/DSC_0241-768x512.jpg 768w, https:\/\/tuguia.combarranquilla.co\/Revista\/wp-content\/uploads\/2025\/05\/DSC_0241-1536x1024.jpg 1536w, https:\/\/tuguia.combarranquilla.co\/Revista\/wp-content\/uploads\/2025\/05\/DSC_0241-2048x1365.jpg 2048w\" data-sizes=\"(max-width: 1024px) 100vw, 1024px\" src=\"data:image\/svg+xml;base64,PHN2ZyB3aWR0aD0iMSIgaGVpZ2h0PSIxIiB4bWxucz0iaHR0cDovL3d3dy53My5vcmcvMjAwMC9zdmciPjwvc3ZnPg==\" \/><\/figure><\/div>\n\n\n<p class=\"has-medium-font-size\">Las galletas se calentaron en un horno a 205 grados cent\u00edgrados durante 15 minutos. Mientras que el tiempo pasaba, la chef entabl\u00f3 conversaci\u00f3n con los estudiantes, brindando consejos y aclarando detalles de la receta.<\/p>\n\n\n\n<p class=\"has-medium-font-size\">Transcurridos los 15 minutos, la receta ya estaba completa. El olor a galletas de chocolate llen\u00f3 de felicidad a los estudiantes, quienes estaban ansiosos por probar su creaci\u00f3n. Antes de que pudieran hacerlo, todos se unieron a la chef para la foto final con las galletas en sus manos. Al escuchar el sonido del obturador de la c\u00e1mara, cada estudiante le dio un bocado a su galleta. Incluso sin decir palabra alguna, era evidente en sus rostros cu\u00e1nto les hab\u00eda gustado.<\/p>\n\n\n\n<div class=\"wp-block-columns is-layout-flex wp-container-core-columns-is-layout-9d6595d7 wp-block-columns-is-layout-flex\">\n<div class=\"wp-block-column is-layout-flow wp-block-column-is-layout-flow\">\n<figure class=\"wp-block-image size-large\"><img decoding=\"async\" width=\"1024\" height=\"683\" data-src=\"https:\/\/tuguia.combarranquilla.co\/Revista\/wp-content\/uploads\/2025\/05\/DSC_0277-1024x683.jpg\" alt=\"\" class=\"wp-image-6547 lazyload\" data-srcset=\"https:\/\/tuguia.combarranquilla.co\/Revista\/wp-content\/uploads\/2025\/05\/DSC_0277-1024x683.jpg 1024w, https:\/\/tuguia.combarranquilla.co\/Revista\/wp-content\/uploads\/2025\/05\/DSC_0277-300x200.jpg 300w, https:\/\/tuguia.combarranquilla.co\/Revista\/wp-content\/uploads\/2025\/05\/DSC_0277-768x512.jpg 768w, https:\/\/tuguia.combarranquilla.co\/Revista\/wp-content\/uploads\/2025\/05\/DSC_0277-1536x1024.jpg 1536w, https:\/\/tuguia.combarranquilla.co\/Revista\/wp-content\/uploads\/2025\/05\/DSC_0277-2048x1365.jpg 2048w\" data-sizes=\"(max-width: 1024px) 100vw, 1024px\" src=\"data:image\/svg+xml;base64,PHN2ZyB3aWR0aD0iMSIgaGVpZ2h0PSIxIiB4bWxucz0iaHR0cDovL3d3dy53My5vcmcvMjAwMC9zdmciPjwvc3ZnPg==\" style=\"--smush-placeholder-width: 1024px; --smush-placeholder-aspect-ratio: 1024\/683;\" \/><\/figure>\n<\/div>\n\n\n\n<div class=\"wp-block-column is-layout-flow wp-block-column-is-layout-flow\">\n<figure class=\"wp-block-image size-large\"><img decoding=\"async\" width=\"1024\" height=\"683\" data-src=\"https:\/\/tuguia.combarranquilla.co\/Revista\/wp-content\/uploads\/2025\/05\/DSC_0283-1024x683.jpg\" alt=\"\" class=\"wp-image-6548 lazyload\" data-srcset=\"https:\/\/tuguia.combarranquilla.co\/Revista\/wp-content\/uploads\/2025\/05\/DSC_0283-1024x683.jpg 1024w, https:\/\/tuguia.combarranquilla.co\/Revista\/wp-content\/uploads\/2025\/05\/DSC_0283-300x200.jpg 300w, https:\/\/tuguia.combarranquilla.co\/Revista\/wp-content\/uploads\/2025\/05\/DSC_0283-768x512.jpg 768w, https:\/\/tuguia.combarranquilla.co\/Revista\/wp-content\/uploads\/2025\/05\/DSC_0283-1536x1024.jpg 1536w, https:\/\/tuguia.combarranquilla.co\/Revista\/wp-content\/uploads\/2025\/05\/DSC_0283-2048x1365.jpg 2048w\" data-sizes=\"(max-width: 1024px) 100vw, 1024px\" src=\"data:image\/svg+xml;base64,PHN2ZyB3aWR0aD0iMSIgaGVpZ2h0PSIxIiB4bWxucz0iaHR0cDovL3d3dy53My5vcmcvMjAwMC9zdmciPjwvc3ZnPg==\" style=\"--smush-placeholder-width: 1024px; --smush-placeholder-aspect-ratio: 1024\/683;\" \/><\/figure>\n<\/div>\n<\/div>\n\n\n\n<p class=\"has-medium-font-size\">La jornada termin\u00f3 con la barriga llena y el coraz\u00f3n contento. Una experiencia \u00fanica para promover el esp\u00edritu emprendedor y adquirir habilidades en pasteler\u00eda.<\/p>\n\n\n\n<blockquote class=\"wp-block-quote has-medium-font-size is-layout-flow wp-block-quote-is-layout-flow\">\n<p class=\"has-medium-font-size\"><em>Mi pasi\u00f3n es ense\u00f1ar; es algo que amo. Por eso, esta idea del taller result\u00f3 maravillosa. Fue un tiempo especial<\/em>.<\/p>\n<cite><em>Chef Isabel del Real, pastelera profesional<\/em><\/cite><\/blockquote>\n\n\n\n<p class=\"has-medium-font-size\">El \u00e1rea de Bienestar Estudiantil del Centro de Formaci\u00f3n de Combarranquilla tiene como meta que los estudiantes de programas t\u00e9cnicos adquieran nuevas experiencias que les permitan explorar sus&nbsp;intereses. En este espacio donado por la chef Isabel del Real, estudiantes de diferentes carreras t\u00e9cnicas aprendieron a potenciar su creatividad en conjunto. Con estas actividades, se busca fomentar el desarrollo personal y profesional de j\u00f3venes y adultos, para que logren una formaci\u00f3n integral.<\/p>\n","protected":false},"excerpt":{"rendered":"<p>El 23 de mayo, los estudiantes del Centro de Formaci\u00f3n disfrutaron de una tarde con aroma a galletas.&nbsp;Casi&nbsp;treinta j\u00f3venes y adultos se reunieron con la chef Isabel del Real en la Unidad Boston para aprender una dulce receta. A las 5 de la tarde, el taller de&nbsp;galletas&nbsp;inici\u00f3 con gran expectativa. Los estudiantes se pusieron su [&hellip;]<\/p>\n","protected":false},"author":2,"featured_media":6639,"comment_status":"open","ping_status":"open","sticky":false,"template":"","format":"standard","meta":{"inline_featured_image":false,"footnotes":""},"categories":[8],"tags":[],"class_list":["post-6519","post","type-post","status-publish","format-standard","has-post-thumbnail","hentry","category-formacion"],"yoast_head":"<!-- This site is optimized with the Yoast SEO plugin v27.4 - https:\/\/yoast.com\/product\/yoast-seo-wordpress\/ -->\n<title>Taller de galletas: una dulce jornada para estudiantes de Programas T\u00e9cnicos Laborales - Tu Gu\u00eda<\/title>\n<meta name=\"robots\" content=\"index, follow, max-snippet:-1, max-image-preview:large, max-video-preview:-1\" \/>\n<link rel=\"canonical\" href=\"https:\/\/tuguia.combarranquilla.co\/Revista\/taller-de-galletas-una-dulce-jornada-para-estudiantes-de-programas-tecnicos-laborales\/\" \/>\n<meta property=\"og:locale\" content=\"es_ES\" \/>\n<meta property=\"og:type\" content=\"article\" \/>\n<meta property=\"og:title\" content=\"Taller de galletas: una dulce jornada para estudiantes de Programas T\u00e9cnicos Laborales - Tu Gu\u00eda\" \/>\n<meta property=\"og:description\" content=\"El 23 de mayo, los estudiantes del Centro de Formaci\u00f3n disfrutaron de una tarde con aroma a galletas.&nbsp;Casi&nbsp;treinta j\u00f3venes y adultos se reunieron con la chef Isabel del Real en la Unidad Boston para aprender una dulce receta. A las 5 de la tarde, el taller de&nbsp;galletas&nbsp;inici\u00f3 con gran expectativa. Los estudiantes se pusieron su [&hellip;]\" \/>\n<meta property=\"og:url\" content=\"https:\/\/tuguia.combarranquilla.co\/Revista\/taller-de-galletas-una-dulce-jornada-para-estudiantes-de-programas-tecnicos-laborales\/\" \/>\n<meta property=\"og:site_name\" content=\"Tu Gu\u00eda\" \/>\n<meta property=\"article:published_time\" content=\"2025-06-03T12:47:46+00:00\" \/>\n<meta property=\"article:modified_time\" content=\"2025-06-04T20:57:01+00:00\" \/>\n<meta property=\"og:image\" content=\"https:\/\/tuguia.combarranquilla.co\/Revista\/wp-content\/uploads\/2025\/06\/4-1024x512.png\" \/>\n\t<meta property=\"og:image:width\" content=\"1024\" \/>\n\t<meta property=\"og:image:height\" content=\"512\" \/>\n\t<meta property=\"og:image:type\" content=\"image\/png\" \/>\n<meta name=\"author\" content=\"Comunicaciones Combarranquilla\" \/>\n<meta name=\"twitter:card\" content=\"summary_large_image\" \/>\n<meta name=\"twitter:label1\" content=\"Escrito por\" \/>\n\t<meta name=\"twitter:data1\" content=\"Comunicaciones Combarranquilla\" \/>\n\t<meta name=\"twitter:label2\" content=\"Tiempo de lectura\" \/>\n\t<meta name=\"twitter:data2\" content=\"4 minutos\" \/>\n<script type=\"application\/ld+json\" class=\"yoast-schema-graph\">{\"@context\":\"https:\\\/\\\/schema.org\",\"@graph\":[{\"@type\":\"Article\",\"@id\":\"https:\\\/\\\/tuguia.combarranquilla.co\\\/Revista\\\/taller-de-galletas-una-dulce-jornada-para-estudiantes-de-programas-tecnicos-laborales\\\/#article\",\"isPartOf\":{\"@id\":\"https:\\\/\\\/tuguia.combarranquilla.co\\\/Revista\\\/taller-de-galletas-una-dulce-jornada-para-estudiantes-de-programas-tecnicos-laborales\\\/\"},\"author\":{\"name\":\"Comunicaciones Combarranquilla\",\"@id\":\"https:\\\/\\\/tuguia.combarranquilla.co\\\/Revista\\\/#\\\/schema\\\/person\\\/c2c396a77170bd1d5f8ba73294eb0d10\"},\"headline\":\"Taller de galletas: una dulce jornada para estudiantes de Programas T\u00e9cnicos Laborales\",\"datePublished\":\"2025-06-03T12:47:46+00:00\",\"dateModified\":\"2025-06-04T20:57:01+00:00\",\"mainEntityOfPage\":{\"@id\":\"https:\\\/\\\/tuguia.combarranquilla.co\\\/Revista\\\/taller-de-galletas-una-dulce-jornada-para-estudiantes-de-programas-tecnicos-laborales\\\/\"},\"wordCount\":557,\"commentCount\":0,\"publisher\":{\"@id\":\"https:\\\/\\\/tuguia.combarranquilla.co\\\/Revista\\\/#organization\"},\"image\":{\"@id\":\"https:\\\/\\\/tuguia.combarranquilla.co\\\/Revista\\\/taller-de-galletas-una-dulce-jornada-para-estudiantes-de-programas-tecnicos-laborales\\\/#primaryimage\"},\"thumbnailUrl\":\"https:\\\/\\\/tuguia.combarranquilla.co\\\/Revista\\\/wp-content\\\/uploads\\\/2025\\\/06\\\/4.png\",\"articleSection\":[\"FORMACI\u00d3N\"],\"inLanguage\":\"es-CO\",\"potentialAction\":[{\"@type\":\"CommentAction\",\"name\":\"Comment\",\"target\":[\"https:\\\/\\\/tuguia.combarranquilla.co\\\/Revista\\\/taller-de-galletas-una-dulce-jornada-para-estudiantes-de-programas-tecnicos-laborales\\\/#respond\"]}]},{\"@type\":\"WebPage\",\"@id\":\"https:\\\/\\\/tuguia.combarranquilla.co\\\/Revista\\\/taller-de-galletas-una-dulce-jornada-para-estudiantes-de-programas-tecnicos-laborales\\\/\",\"url\":\"https:\\\/\\\/tuguia.combarranquilla.co\\\/Revista\\\/taller-de-galletas-una-dulce-jornada-para-estudiantes-de-programas-tecnicos-laborales\\\/\",\"name\":\"Taller de galletas: una dulce jornada para estudiantes de Programas T\u00e9cnicos Laborales - Tu Gu\u00eda\",\"isPartOf\":{\"@id\":\"https:\\\/\\\/tuguia.combarranquilla.co\\\/Revista\\\/#website\"},\"primaryImageOfPage\":{\"@id\":\"https:\\\/\\\/tuguia.combarranquilla.co\\\/Revista\\\/taller-de-galletas-una-dulce-jornada-para-estudiantes-de-programas-tecnicos-laborales\\\/#primaryimage\"},\"image\":{\"@id\":\"https:\\\/\\\/tuguia.combarranquilla.co\\\/Revista\\\/taller-de-galletas-una-dulce-jornada-para-estudiantes-de-programas-tecnicos-laborales\\\/#primaryimage\"},\"thumbnailUrl\":\"https:\\\/\\\/tuguia.combarranquilla.co\\\/Revista\\\/wp-content\\\/uploads\\\/2025\\\/06\\\/4.png\",\"datePublished\":\"2025-06-03T12:47:46+00:00\",\"dateModified\":\"2025-06-04T20:57:01+00:00\",\"breadcrumb\":{\"@id\":\"https:\\\/\\\/tuguia.combarranquilla.co\\\/Revista\\\/taller-de-galletas-una-dulce-jornada-para-estudiantes-de-programas-tecnicos-laborales\\\/#breadcrumb\"},\"inLanguage\":\"es-CO\",\"potentialAction\":[{\"@type\":\"ReadAction\",\"target\":[\"https:\\\/\\\/tuguia.combarranquilla.co\\\/Revista\\\/taller-de-galletas-una-dulce-jornada-para-estudiantes-de-programas-tecnicos-laborales\\\/\"]}]},{\"@type\":\"ImageObject\",\"inLanguage\":\"es-CO\",\"@id\":\"https:\\\/\\\/tuguia.combarranquilla.co\\\/Revista\\\/taller-de-galletas-una-dulce-jornada-para-estudiantes-de-programas-tecnicos-laborales\\\/#primaryimage\",\"url\":\"https:\\\/\\\/tuguia.combarranquilla.co\\\/Revista\\\/wp-content\\\/uploads\\\/2025\\\/06\\\/4.png\",\"contentUrl\":\"https:\\\/\\\/tuguia.combarranquilla.co\\\/Revista\\\/wp-content\\\/uploads\\\/2025\\\/06\\\/4.png\",\"width\":6614,\"height\":3307},{\"@type\":\"BreadcrumbList\",\"@id\":\"https:\\\/\\\/tuguia.combarranquilla.co\\\/Revista\\\/taller-de-galletas-una-dulce-jornada-para-estudiantes-de-programas-tecnicos-laborales\\\/#breadcrumb\",\"itemListElement\":[{\"@type\":\"ListItem\",\"position\":1,\"name\":\"Inicio\",\"item\":\"https:\\\/\\\/tuguia.combarranquilla.co\\\/Revista\\\/\"},{\"@type\":\"ListItem\",\"position\":2,\"name\":\"Taller de galletas: una dulce jornada para estudiantes de Programas T\u00e9cnicos Laborales\"}]},{\"@type\":\"WebSite\",\"@id\":\"https:\\\/\\\/tuguia.combarranquilla.co\\\/Revista\\\/#website\",\"url\":\"https:\\\/\\\/tuguia.combarranquilla.co\\\/Revista\\\/\",\"name\":\"Tu Gu\u00eda\",\"description\":\"La revista donde lo tienes todo.\",\"publisher\":{\"@id\":\"https:\\\/\\\/tuguia.combarranquilla.co\\\/Revista\\\/#organization\"},\"alternateName\":\"Tu Gu\u00eda Combarranquilla\",\"potentialAction\":[{\"@type\":\"SearchAction\",\"target\":{\"@type\":\"EntryPoint\",\"urlTemplate\":\"https:\\\/\\\/tuguia.combarranquilla.co\\\/Revista\\\/?s={search_term_string}\"},\"query-input\":{\"@type\":\"PropertyValueSpecification\",\"valueRequired\":true,\"valueName\":\"search_term_string\"}}],\"inLanguage\":\"es-CO\"},{\"@type\":\"Organization\",\"@id\":\"https:\\\/\\\/tuguia.combarranquilla.co\\\/Revista\\\/#organization\",\"name\":\"Tu Gu\u00eda Combarranquilla\",\"url\":\"https:\\\/\\\/tuguia.combarranquilla.co\\\/Revista\\\/\",\"logo\":{\"@type\":\"ImageObject\",\"inLanguage\":\"es-CO\",\"@id\":\"https:\\\/\\\/tuguia.combarranquilla.co\\\/Revista\\\/#\\\/schema\\\/logo\\\/image\\\/\",\"url\":\"https:\\\/\\\/tuguia.combarranquilla.co\\\/Revista\\\/wp-content\\\/uploads\\\/2022\\\/02\\\/logo-guia-combarranquilla.svg\",\"contentUrl\":\"https:\\\/\\\/tuguia.combarranquilla.co\\\/Revista\\\/wp-content\\\/uploads\\\/2022\\\/02\\\/logo-guia-combarranquilla.svg\",\"caption\":\"Tu Gu\u00eda Combarranquilla\"},\"image\":{\"@id\":\"https:\\\/\\\/tuguia.combarranquilla.co\\\/Revista\\\/#\\\/schema\\\/logo\\\/image\\\/\"}},{\"@type\":\"Person\",\"@id\":\"https:\\\/\\\/tuguia.combarranquilla.co\\\/Revista\\\/#\\\/schema\\\/person\\\/c2c396a77170bd1d5f8ba73294eb0d10\",\"name\":\"Comunicaciones Combarranquilla\",\"image\":{\"@type\":\"ImageObject\",\"inLanguage\":\"es-CO\",\"@id\":\"https:\\\/\\\/tuguia.combarranquilla.co\\\/Revista\\\/wp-content\\\/uploads\\\/2025\\\/05\\\/ABC-Al-Rojo-Logo-96x96.jpg\",\"url\":\"https:\\\/\\\/tuguia.combarranquilla.co\\\/Revista\\\/wp-content\\\/uploads\\\/2025\\\/05\\\/ABC-Al-Rojo-Logo-96x96.jpg\",\"contentUrl\":\"https:\\\/\\\/tuguia.combarranquilla.co\\\/Revista\\\/wp-content\\\/uploads\\\/2025\\\/05\\\/ABC-Al-Rojo-Logo-96x96.jpg\",\"caption\":\"Comunicaciones Combarranquilla\"},\"sameAs\":[\"https:\\\/\\\/www.combarranquilla.co\"],\"url\":\"https:\\\/\\\/tuguia.combarranquilla.co\\\/Revista\\\/author\\\/comunicaciones\\\/\"}]}<\/script>\n<!-- \/ Yoast SEO plugin. -->","yoast_head_json":{"title":"Taller de galletas: una dulce jornada para estudiantes de Programas T\u00e9cnicos Laborales - Tu Gu\u00eda","robots":{"index":"index","follow":"follow","max-snippet":"max-snippet:-1","max-image-preview":"max-image-preview:large","max-video-preview":"max-video-preview:-1"},"canonical":"https:\/\/tuguia.combarranquilla.co\/Revista\/taller-de-galletas-una-dulce-jornada-para-estudiantes-de-programas-tecnicos-laborales\/","og_locale":"es_ES","og_type":"article","og_title":"Taller de galletas: una dulce jornada para estudiantes de Programas T\u00e9cnicos Laborales - Tu Gu\u00eda","og_description":"El 23 de mayo, los estudiantes del Centro de Formaci\u00f3n disfrutaron de una tarde con aroma a galletas.&nbsp;Casi&nbsp;treinta j\u00f3venes y adultos se reunieron con la chef Isabel del Real en la Unidad Boston para aprender una dulce receta. A las 5 de la tarde, el taller de&nbsp;galletas&nbsp;inici\u00f3 con gran expectativa. Los estudiantes se pusieron su [&hellip;]","og_url":"https:\/\/tuguia.combarranquilla.co\/Revista\/taller-de-galletas-una-dulce-jornada-para-estudiantes-de-programas-tecnicos-laborales\/","og_site_name":"Tu Gu\u00eda","article_published_time":"2025-06-03T12:47:46+00:00","article_modified_time":"2025-06-04T20:57:01+00:00","og_image":[{"width":1024,"height":512,"url":"https:\/\/tuguia.combarranquilla.co\/Revista\/wp-content\/uploads\/2025\/06\/4-1024x512.png","type":"image\/png"}],"author":"Comunicaciones Combarranquilla","twitter_card":"summary_large_image","twitter_misc":{"Escrito por":"Comunicaciones Combarranquilla","Tiempo de lectura":"4 minutos"},"schema":{"@context":"https:\/\/schema.org","@graph":[{"@type":"Article","@id":"https:\/\/tuguia.combarranquilla.co\/Revista\/taller-de-galletas-una-dulce-jornada-para-estudiantes-de-programas-tecnicos-laborales\/#article","isPartOf":{"@id":"https:\/\/tuguia.combarranquilla.co\/Revista\/taller-de-galletas-una-dulce-jornada-para-estudiantes-de-programas-tecnicos-laborales\/"},"author":{"name":"Comunicaciones Combarranquilla","@id":"https:\/\/tuguia.combarranquilla.co\/Revista\/#\/schema\/person\/c2c396a77170bd1d5f8ba73294eb0d10"},"headline":"Taller de galletas: una dulce jornada para estudiantes de Programas T\u00e9cnicos Laborales","datePublished":"2025-06-03T12:47:46+00:00","dateModified":"2025-06-04T20:57:01+00:00","mainEntityOfPage":{"@id":"https:\/\/tuguia.combarranquilla.co\/Revista\/taller-de-galletas-una-dulce-jornada-para-estudiantes-de-programas-tecnicos-laborales\/"},"wordCount":557,"commentCount":0,"publisher":{"@id":"https:\/\/tuguia.combarranquilla.co\/Revista\/#organization"},"image":{"@id":"https:\/\/tuguia.combarranquilla.co\/Revista\/taller-de-galletas-una-dulce-jornada-para-estudiantes-de-programas-tecnicos-laborales\/#primaryimage"},"thumbnailUrl":"https:\/\/tuguia.combarranquilla.co\/Revista\/wp-content\/uploads\/2025\/06\/4.png","articleSection":["FORMACI\u00d3N"],"inLanguage":"es-CO","potentialAction":[{"@type":"CommentAction","name":"Comment","target":["https:\/\/tuguia.combarranquilla.co\/Revista\/taller-de-galletas-una-dulce-jornada-para-estudiantes-de-programas-tecnicos-laborales\/#respond"]}]},{"@type":"WebPage","@id":"https:\/\/tuguia.combarranquilla.co\/Revista\/taller-de-galletas-una-dulce-jornada-para-estudiantes-de-programas-tecnicos-laborales\/","url":"https:\/\/tuguia.combarranquilla.co\/Revista\/taller-de-galletas-una-dulce-jornada-para-estudiantes-de-programas-tecnicos-laborales\/","name":"Taller de galletas: una dulce jornada para estudiantes de Programas T\u00e9cnicos Laborales - Tu Gu\u00eda","isPartOf":{"@id":"https:\/\/tuguia.combarranquilla.co\/Revista\/#website"},"primaryImageOfPage":{"@id":"https:\/\/tuguia.combarranquilla.co\/Revista\/taller-de-galletas-una-dulce-jornada-para-estudiantes-de-programas-tecnicos-laborales\/#primaryimage"},"image":{"@id":"https:\/\/tuguia.combarranquilla.co\/Revista\/taller-de-galletas-una-dulce-jornada-para-estudiantes-de-programas-tecnicos-laborales\/#primaryimage"},"thumbnailUrl":"https:\/\/tuguia.combarranquilla.co\/Revista\/wp-content\/uploads\/2025\/06\/4.png","datePublished":"2025-06-03T12:47:46+00:00","dateModified":"2025-06-04T20:57:01+00:00","breadcrumb":{"@id":"https:\/\/tuguia.combarranquilla.co\/Revista\/taller-de-galletas-una-dulce-jornada-para-estudiantes-de-programas-tecnicos-laborales\/#breadcrumb"},"inLanguage":"es-CO","potentialAction":[{"@type":"ReadAction","target":["https:\/\/tuguia.combarranquilla.co\/Revista\/taller-de-galletas-una-dulce-jornada-para-estudiantes-de-programas-tecnicos-laborales\/"]}]},{"@type":"ImageObject","inLanguage":"es-CO","@id":"https:\/\/tuguia.combarranquilla.co\/Revista\/taller-de-galletas-una-dulce-jornada-para-estudiantes-de-programas-tecnicos-laborales\/#primaryimage","url":"https:\/\/tuguia.combarranquilla.co\/Revista\/wp-content\/uploads\/2025\/06\/4.png","contentUrl":"https:\/\/tuguia.combarranquilla.co\/Revista\/wp-content\/uploads\/2025\/06\/4.png","width":6614,"height":3307},{"@type":"BreadcrumbList","@id":"https:\/\/tuguia.combarranquilla.co\/Revista\/taller-de-galletas-una-dulce-jornada-para-estudiantes-de-programas-tecnicos-laborales\/#breadcrumb","itemListElement":[{"@type":"ListItem","position":1,"name":"Inicio","item":"https:\/\/tuguia.combarranquilla.co\/Revista\/"},{"@type":"ListItem","position":2,"name":"Taller de galletas: una dulce jornada para estudiantes de Programas T\u00e9cnicos Laborales"}]},{"@type":"WebSite","@id":"https:\/\/tuguia.combarranquilla.co\/Revista\/#website","url":"https:\/\/tuguia.combarranquilla.co\/Revista\/","name":"Tu Gu\u00eda","description":"La revista donde lo tienes todo.","publisher":{"@id":"https:\/\/tuguia.combarranquilla.co\/Revista\/#organization"},"alternateName":"Tu Gu\u00eda Combarranquilla","potentialAction":[{"@type":"SearchAction","target":{"@type":"EntryPoint","urlTemplate":"https:\/\/tuguia.combarranquilla.co\/Revista\/?s={search_term_string}"},"query-input":{"@type":"PropertyValueSpecification","valueRequired":true,"valueName":"search_term_string"}}],"inLanguage":"es-CO"},{"@type":"Organization","@id":"https:\/\/tuguia.combarranquilla.co\/Revista\/#organization","name":"Tu Gu\u00eda Combarranquilla","url":"https:\/\/tuguia.combarranquilla.co\/Revista\/","logo":{"@type":"ImageObject","inLanguage":"es-CO","@id":"https:\/\/tuguia.combarranquilla.co\/Revista\/#\/schema\/logo\/image\/","url":"https:\/\/tuguia.combarranquilla.co\/Revista\/wp-content\/uploads\/2022\/02\/logo-guia-combarranquilla.svg","contentUrl":"https:\/\/tuguia.combarranquilla.co\/Revista\/wp-content\/uploads\/2022\/02\/logo-guia-combarranquilla.svg","caption":"Tu Gu\u00eda Combarranquilla"},"image":{"@id":"https:\/\/tuguia.combarranquilla.co\/Revista\/#\/schema\/logo\/image\/"}},{"@type":"Person","@id":"https:\/\/tuguia.combarranquilla.co\/Revista\/#\/schema\/person\/c2c396a77170bd1d5f8ba73294eb0d10","name":"Comunicaciones Combarranquilla","image":{"@type":"ImageObject","inLanguage":"es-CO","@id":"https:\/\/tuguia.combarranquilla.co\/Revista\/wp-content\/uploads\/2025\/05\/ABC-Al-Rojo-Logo-96x96.jpg","url":"https:\/\/tuguia.combarranquilla.co\/Revista\/wp-content\/uploads\/2025\/05\/ABC-Al-Rojo-Logo-96x96.jpg","contentUrl":"https:\/\/tuguia.combarranquilla.co\/Revista\/wp-content\/uploads\/2025\/05\/ABC-Al-Rojo-Logo-96x96.jpg","caption":"Comunicaciones Combarranquilla"},"sameAs":["https:\/\/www.combarranquilla.co"],"url":"https:\/\/tuguia.combarranquilla.co\/Revista\/author\/comunicaciones\/"}]}},"_links":{"self":[{"href":"https:\/\/tuguia.combarranquilla.co\/Revista\/wp-json\/wp\/v2\/posts\/6519","targetHints":{"allow":["GET"]}}],"collection":[{"href":"https:\/\/tuguia.combarranquilla.co\/Revista\/wp-json\/wp\/v2\/posts"}],"about":[{"href":"https:\/\/tuguia.combarranquilla.co\/Revista\/wp-json\/wp\/v2\/types\/post"}],"author":[{"embeddable":true,"href":"https:\/\/tuguia.combarranquilla.co\/Revista\/wp-json\/wp\/v2\/users\/2"}],"replies":[{"embeddable":true,"href":"https:\/\/tuguia.combarranquilla.co\/Revista\/wp-json\/wp\/v2\/comments?post=6519"}],"version-history":[{"count":20,"href":"https:\/\/tuguia.combarranquilla.co\/Revista\/wp-json\/wp\/v2\/posts\/6519\/revisions"}],"predecessor-version":[{"id":6551,"href":"https:\/\/tuguia.combarranquilla.co\/Revista\/wp-json\/wp\/v2\/posts\/6519\/revisions\/6551"}],"wp:featuredmedia":[{"embeddable":true,"href":"https:\/\/tuguia.combarranquilla.co\/Revista\/wp-json\/wp\/v2\/media\/6639"}],"wp:attachment":[{"href":"https:\/\/tuguia.combarranquilla.co\/Revista\/wp-json\/wp\/v2\/media?parent=6519"}],"wp:term":[{"taxonomy":"category","embeddable":true,"href":"https:\/\/tuguia.combarranquilla.co\/Revista\/wp-json\/wp\/v2\/categories?post=6519"},{"taxonomy":"post_tag","embeddable":true,"href":"https:\/\/tuguia.combarranquilla.co\/Revista\/wp-json\/wp\/v2\/tags?post=6519"}],"curies":[{"name":"wp","href":"https:\/\/api.w.org\/{rel}","templated":true}]}}