{"id":6553,"date":"2025-06-05T08:17:51","date_gmt":"2025-06-05T13:17:51","guid":{"rendered":"https:\/\/tuguia.combarranquilla.co\/Revista\/?p=6553"},"modified":"2025-07-31T10:46:37","modified_gmt":"2025-07-31T15:46:37","slug":"en-el-zoologico-les-damos-una-segunda-vida-a-todos-esos-animales-que-una-vez-vivieron-en-cautiverio-una-entrevista-en-el-dia-mundial-del-medio-ambiente","status":"publish","type":"post","link":"https:\/\/tuguia.combarranquilla.co\/Revista\/en-el-zoologico-les-damos-una-segunda-vida-a-todos-esos-animales-que-una-vez-vivieron-en-cautiverio-una-entrevista-en-el-dia-mundial-del-medio-ambiente\/","title":{"rendered":"Christian Olaciregui: &#8220;En el Zool\u00f3gico, les damos una segunda vida a todos esos animales que una vez vivieron en cautiverio&#8221;"},"content":{"rendered":"\n<p><em><strong>En Combarranquilla, conmemoramos el trabajo de miles de instituciones que luchan por un&nbsp;futuro sostenible. Hoy, en el marco de esta celebraci\u00f3n, destacamos el trabajo del Zool\u00f3gico de Barranquilla como promotor de la preservaci\u00f3n de la biodiversidad, una actividad clave en el cuidado del medio ambiente.<\/strong><\/em><\/p>\n\n\n\n<p>Sobre la calle 77 entre las carreras 68 y&nbsp;70,&nbsp;se encuentra ubicado el Zool\u00f3gico de Barranquilla, un centro de conservaci\u00f3n y ciencia con m\u00e1s de 70 a\u00f1os de trayectoria.<\/p>\n\n\n\n<p>En la entrada del Zool\u00f3gico, una arquitectura particular da la bienvenida a varias personas que buscan conocer este lugar, \u00fanico en la regi\u00f3n Caribe. Pero esta visita no&nbsp;tiene&nbsp;el mismo objetivo. Mis pasos toman una ruta diferente sobre la carrera 70, donde se ubican las oficinas de la Fundaci\u00f3n Bot\u00e1nica y Zool\u00f3gica de Barranquilla.<\/p>\n\n\n\n<p>La recepci\u00f3n me recibe con varias fotos de animales del ZooBAQ, entre ellos el le\u00f3n, la guacamaya y la nutria. Admirando lo que veo a mi alrededor, espero pacientemente la hora para conocer al director del \u00e1rea de Biolog\u00eda y Conservaci\u00f3n del Zool\u00f3gico de Barranquilla, Christian Olaciregui.<\/p>\n\n\n\n<p>Alrededor de las 4:40 p. m., el director me saluda extendiendo su mano zurda, se presenta brevemente y me invita a la sala de juntas, donde tiene lugar nuestra entrevista.<\/p>\n\n\n\n<figure class=\"wp-block-image size-large\"><img decoding=\"async\" width=\"2560\" height=\"1440\" data-src=\"https:\/\/tuguia.combarranquilla.co\/Revista\/wp-content\/uploads\/2025\/06\/WhatsApp-Image-2025-05-26-at-5.24.03-PM-2-edited-scaled.jpeg\" alt=\"\" class=\"wp-image-6570 lazyload\" data-srcset=\"https:\/\/tuguia.combarranquilla.co\/Revista\/wp-content\/uploads\/2025\/06\/WhatsApp-Image-2025-05-26-at-5.24.03-PM-2-edited-scaled.jpeg 2560w, https:\/\/tuguia.combarranquilla.co\/Revista\/wp-content\/uploads\/2025\/06\/WhatsApp-Image-2025-05-26-at-5.24.03-PM-2-edited-300x169.jpeg 300w, https:\/\/tuguia.combarranquilla.co\/Revista\/wp-content\/uploads\/2025\/06\/WhatsApp-Image-2025-05-26-at-5.24.03-PM-2-edited-1024x576.jpeg 1024w, https:\/\/tuguia.combarranquilla.co\/Revista\/wp-content\/uploads\/2025\/06\/WhatsApp-Image-2025-05-26-at-5.24.03-PM-2-edited-768x432.jpeg 768w, https:\/\/tuguia.combarranquilla.co\/Revista\/wp-content\/uploads\/2025\/06\/WhatsApp-Image-2025-05-26-at-5.24.03-PM-2-edited-1536x864.jpeg 1536w, https:\/\/tuguia.combarranquilla.co\/Revista\/wp-content\/uploads\/2025\/06\/WhatsApp-Image-2025-05-26-at-5.24.03-PM-2-edited-2048x1152.jpeg 2048w\" data-sizes=\"(max-width: 2560px) 100vw, 2560px\" src=\"data:image\/svg+xml;base64,PHN2ZyB3aWR0aD0iMSIgaGVpZ2h0PSIxIiB4bWxucz0iaHR0cDovL3d3dy53My5vcmcvMjAwMC9zdmciPjwvc3ZnPg==\" style=\"--smush-placeholder-width: 2560px; --smush-placeholder-aspect-ratio: 2560\/1440;\" \/><\/figure>\n\n\n\n<hr class=\"wp-block-separator has-alpha-channel-opacity\"\/>\n\n\n\n<p><strong>En el D\u00eda Mundial del Medio Ambiente, desde Combarranquilla queremos resaltar la labor del Zool\u00f3gico. Nos complace tener este tipo de conversaciones, a trav\u00e9s de las que podemos apoyar espacios tan importantes en la ciudad. Para iniciar, \u00bfpodr\u00eda decirme brevemente qui\u00e9n es y qu\u00e9 funciones cumple en el ZooBAQ?<\/strong><\/p>\n\n\n\n<p>Brindamos estos espacios con mucho gusto. Mi nombre es Christian Olaciregui. Soy bi\u00f3logo y desde hace 14 a\u00f1os dirijo el \u00e1rea de Biolog\u00eda y Conservaci\u00f3n del Zool\u00f3gico de Barranquilla. Mis funciones son muchas, pero podr\u00eda resumirlas en tres cosas: investigaci\u00f3n, protecci\u00f3n y conservaci\u00f3n.<\/p>\n\n\n\n<p><strong>En sus palabras, \u00bfpodr\u00eda explicar cu\u00e1l es el prop\u00f3sito del Zool\u00f3gico?<\/strong><\/p>\n\n\n\n<p>El Zool\u00f3gico de Barranquilla est\u00e1 enfocado en el bienestar animal y la conservaci\u00f3n de la biodiversidad. Claramente, eso va muy de la mano con lo que se busca promover en el D\u00eda Mundial del Medio Ambiente. El bienestar y la conservaci\u00f3n de especies en la regi\u00f3n Caribe son nuestros dos pilares fundamentales. A partir de ese trabajo, buscamos generar experiencias memorables en nuestros visitantes.<\/p>\n\n\n\n<p><strong>Quisiera referirme a la descripci\u00f3n del Zool\u00f3gico como centro de ciencia. \u00bfQu\u00e9 significa esto?<\/strong><\/p>\n\n\n\n<p>Nosotros somos un centro de ciencia reconocido por el Ministerio de Ciencia, Innovaci\u00f3n y Tecnolog\u00eda desde el a\u00f1o 2022. Estamos capacitados como un sitio que genera conocimiento y que tambi\u00e9n gestiona procesos de apropiaci\u00f3n social. Y eso indica que trabajamos con y para la gente. Trabajamos con la comunidad. Actualmente, lideramos un proyecto que busca fortalecer centros de ciencia que no han sido reconocidos como tales, para que lleguen a ese estatus en el que estamos nosotros. Aqu\u00ed incluimos nuestra alianza con el Planetario Combarranquilla, mediante&nbsp;la cual&nbsp;compartimos nuestros conocimientos para impulsar su labor como centro de ciencia en el caribe colombiano.<\/p>\n\n\n\n<p><strong>Desde que conozco el Zool\u00f3gico de Barranquilla, he tenido curiosidad por saber cu\u00e1ntos animales cuidan a diario. Seguramente es una labor compleja, pero enriquecedora.<\/strong><\/p>\n\n\n\n<p>As\u00ed es. Y es una excelente palabra la que has usado: cuidar. Anteriormente, nuestra gesti\u00f3n y nuestro manejo eran referidos como un cautiverio, pero en la actualidad, reconocemos que somos una instituci\u00f3n que cuida animales. Los animales est\u00e1n bajo nuestro cuidado, no son propiedad nuestra.<\/p>\n\n\n\n<p>En el Zool\u00f3gico, tenemos alrededor de 800 animales pertenecientes a unas 110 especies. La mayor parte de ellas son end\u00e9micas, es decir, de origen colombiano. Son&nbsp;especies&nbsp;que existen naturalmente en nuestros ecosistemas, pero que por diferentes razones, quedaron fuera de su h\u00e1bitat natural. Debido a que no pudieron regresar a sus espacios por limitaciones f\u00edsicas o comportamentales, quedaron bajo cuidados humanos. En el Zool\u00f3gico se convierten en embajadores de su especie.<\/p>\n\n\n\n<p><strong>\u00bfA qu\u00e9 se refiere con que ahora estos animales pasan a ser \u201cembajadores\u201d de su especie?<\/strong>&nbsp;<\/p>\n\n\n\n<p>Un animal embajador es un miembro de una especie que, a trav\u00e9s de su historia y su agencia, fomenta la conservaci\u00f3n de la biodiversidad y concientiza sobre las pr\u00e1cticas que afectan su supervivencia.<\/p>\n\n\n\n<p><strong>Esa labor me parece muy valiosa porque nos lleva a reconocer el valor de la vida animal. Continuando con esa idea del cuidado de las especies, me gustar\u00eda&nbsp;saber,&nbsp;\u00bfqu\u00e9 actividades de preservaci\u00f3n lidera o apoya el Zool\u00f3gico de Barranquilla hoy en d\u00eda?<\/strong><\/p>\n\n\n\n<p>En este momento, tenemos tres grandes actividades de conservaci\u00f3n para especies y ecosistemas amenazados. La primera est\u00e1 relacionada con un ave, el paujil de pico azul. Esta es una especie que \u00fanicamente existe en Colombia y est\u00e1 en peligro de extinci\u00f3n, principalmente a causa de la cacer\u00eda y la p\u00e9rdida de bosques.<\/p>\n\n\n\n<p>Desde el 2018, nos dimos a la tarde de investigar esta especie en los Montes de Mar\u00eda, en los departamentos de Bol\u00edvar y Sucre, ya que en esa zona hab\u00eda registros hist\u00f3ricos de la especie. El paujil de pico azul fue registrado en la d\u00e9cada de los 60, pero no hab\u00eda evidencia de su estado en tiempos recientes. Entonces, a trav\u00e9s de actividades cient\u00edficas, comenzamos su b\u00fasqueda. Pero despu\u00e9s de cuatro a\u00f1os, no lo encontramos.<\/p>\n\n\n\n<p>Al evidenciar su ausencia, tomamos decisiones. Una de ellas fue reintroducir la especie a su h\u00e1bitat natural, y esto se logra a trav\u00e9s de la reproducci\u00f3n bajo cuidados humanos. En el Zool\u00f3gico de Barranquilla, estamos reproduciendo esta especie desde el a\u00f1o 2023. Estamos pensando en un futuro crear un proyecto que tenga este enfoque.<\/p>\n\n\n\n<p>Por otro lado, en el marco de este programa en los Montes de Mar\u00eda, tambi\u00e9n tenemos otra iniciativa en conjunto con los campesinos de la zona. Estamos compilando informaci\u00f3n sobre otras especies amenazadas, como las marimondas negras, los tit\u00edes cabeciblancos, las pavas congonas y los monos aulladores. Todas estas especies se encuentran en el Zool\u00f3gico y las tenemos bajo cuidados especiales.<\/p>\n\n\n\n<p>Adicionalmente, otro de nuestros compromisos es preservar el tit\u00ed gris. Frente a la problem\u00e1tica de extinci\u00f3n de la especie, estamos trabajando en conjunto con el Parque Nacional Natural Selva de Florencia y con entidades a nivel nacional e internacional para recuperar su h\u00e1bitat. Por un tiempo, tambi\u00e9n estuvimos haciendo una investigaci\u00f3n sobre los caimanes aguja en V\u00eda Parque Isla Salamanca, que es nuestro parque nacional m\u00e1s cercano.<\/p>\n\n\n\n<p><strong>Para fomentar la conciencia ambiental, es muy importante tener en cuenta el trabajo en equipo. En ese sentido, las alianzas del Zool\u00f3gico de Barranquilla cobran un papel central. \u00bfPodr\u00eda hablarme m\u00e1s sobre ellas?<\/strong><\/p>\n\n\n\n<p>S\u00ed, claro. A nivel interno, nosotros contamos con una direcci\u00f3n de Experiencia y Aprendizaje, en el \u00e1rea de Educaci\u00f3n. Ellos tienen diferentes programas que se hacen junto con colegios y universidades del Caribe, sobre todo los fines de semana.<\/p>\n\n\n\n<p>A nivel externo, tenemos alianzas internacionales y nacionales. Para el programa del paujil, por ejemplo, trabajamos con el Zool\u00f3gico de San Diego&nbsp;y el&nbsp;Zool\u00f3gico de Houston. Y en nuestras investigaciones en los Montes de Mar\u00eda, nos unimos a organizaciones no gubernamentales colombianas, como la Fundaci\u00f3n Herencia Ambiental Caribe y la Fundaci\u00f3n Proyecto Tit\u00ed.<\/p>\n\n\n\n<p>Nuestra labor nos ha llevado a tener convenios potentes con diversos museos y jardines bot\u00e1nicos. Y, por supuesto, para cuidar estos animales tenemos alianzas con las autoridades ambientales, porque los animales son de ellas. Las&nbsp;autoridades&nbsp;los entregan y nosotros, en calidad de cuidadores, empezamos el proceso de adaptaci\u00f3n. Todo nace de un trabajo cooperativo.<\/p>\n\n\n\n<p><strong>El Zool\u00f3gico hace parte de las memorias de muchos barranquilleros. Muchos todav\u00eda recuerdan las historias de c\u00f3mo los animales&nbsp;llegaron a Barranquilla. \u00bfLe gustar\u00eda resaltar alguna de esas historias en este espacio?<\/strong><\/p>\n\n\n\n<p>S\u00ed, completamente. Nosotros cuidamos de un jaguar hembra, cuya edad desconocemos, que estaba en una casa como mascota. A este jaguar le quitaron las garras y los colmillos, por lo que no pudo regresar a la vida silvestre. Desde hace 15 a\u00f1os, vive con nosotros. A diario, recibe su carne proporcionada en peque\u00f1as cantidades, para que pueda usar su dentadura de manera m\u00e1s eficiente. Este animal es un perfecto ejemplo de los problemas del tr\u00e1fico ilegal de especies en la regi\u00f3n Caribe y en el pa\u00eds.<\/p>\n\n\n\n<p>La otra historia que tambi\u00e9n contamos mucho es la de nuestro elefante, tenido ilegalmente por narcotraficantes. De hecho, fue incautado en el departamento del\u00a0Atl\u00e1ntico\u00a0en una finca de Repel\u00f3n, en el 91. Otra v\u00edctima importante del tr\u00e1fico ilegal. En el Zool\u00f3gico, les damos una segunda vida a todos esos animales que una vez vivieron en cautiverio.<\/p>\n\n\n\n<p><strong>Es com\u00fan escuchar que el Zool\u00f3gico quiz\u00e1s es muy peque\u00f1o para los animales. \u00bfC\u00f3mo se logra gestionar esto para que cada animal crezca sano en su espacio?<\/strong><\/p>\n\n\n\n<p>Tenemos un programa de enriquecimiento animal, que consiste en generar est\u00edmulos para que los animales puedan aprovechar mejor su espacio y para que puedan practicar sus habilidades naturales.&nbsp;Tambi\u00e9n, tenemos los programas de nutrici\u00f3n, de bioseguridad y de medicina preventiva. A trav\u00e9s de todos estos aspectos, tanto desde la biolog\u00eda como del \u00e1mbito veterinario y de la nutrici\u00f3n, podemos darles a los animales un bienestar m\u00e1s integral.<\/p>\n\n\n\n<p><strong>Para cerrar esta entrevista tan necesaria, \u00bftiene alg\u00fan mensaje que le gustar\u00eda compartir con todas las personas que conocen el Zool\u00f3gico de Barranquilla?<\/strong><\/p>\n\n\n\n<p>Claro. Son nuestros visitantes los que nos permiten seguir creciendo y cumpliendo con nuestra misi\u00f3n, gracias a los ingresos que nos aportan. Los invitamos a visitar este lugar, ya que ese es el primer paso para contribuir a la preservaci\u00f3n de nuestras especies. Hace poco le\u00ed en redes un mensaje que dec\u00eda: \u201cLa mayor amenaza para nuestro planeta es pensar que alguien m\u00e1s puede salvarlo\u201d. Si podemos hacer algo por nuestra biodiversidad, debemos intentarlo y no esperar a que sea muy tarde.<\/p>\n\n\n\n<p><strong>Le agradezco este espacio. Desde Combarranquilla, continuamos contribuyendo a la visibilizaci\u00f3n del Zool\u00f3gico de Barranquilla, un espacio donde las segundas oportunidades son posibles.<\/strong><\/p>\n\n\n\n<p>Muchas gracias a ustedes. Esperamos que sea de gran provecho.<\/p>\n\n\n\n<hr class=\"wp-block-separator has-alpha-channel-opacity\"\/>\n\n\n\n<p>Luego de tan sentida entrevista, camin\u00e9 entre plantas y sonidos de animales que me hicieron reflexionar sobre el valor de lo que nos rodea. Cuando ya estaba cerca del port\u00f3n que desped\u00eda mi presencia, no pude evitar pensar que deb\u00eda regresar pronto. El Zool\u00f3gico de Barranquilla es, sin dudas, un lugar memorable.<\/p>\n","protected":false},"excerpt":{"rendered":"<p>En Combarranquilla, conmemoramos el trabajo de miles de instituciones que luchan por un&nbsp;futuro sostenible. Hoy, en el marco de esta celebraci\u00f3n, destacamos el trabajo del Zool\u00f3gico de Barranquilla como promotor de la preservaci\u00f3n de la biodiversidad, una actividad clave en el cuidado del medio ambiente. Sobre la calle 77 entre las carreras 68 y&nbsp;70,&nbsp;se encuentra [&hellip;]<\/p>\n","protected":false},"author":2,"featured_media":6642,"comment_status":"open","ping_status":"open","sticky":false,"template":"","format":"standard","meta":{"inline_featured_image":false,"footnotes":""},"categories":[7],"tags":[],"class_list":["post-6553","post","type-post","status-publish","format-standard","has-post-thumbnail","hentry","category-familia-combarranquilla"],"yoast_head":"<!-- This site is optimized with the Yoast SEO plugin v27.4 - https:\/\/yoast.com\/product\/yoast-seo-wordpress\/ -->\n<title>Christian Olaciregui: &quot;En el Zool\u00f3gico, les damos una segunda vida a todos esos animales que una vez vivieron en cautiverio&quot; - Tu Gu\u00eda<\/title>\n<meta name=\"robots\" content=\"index, follow, max-snippet:-1, max-image-preview:large, max-video-preview:-1\" \/>\n<link rel=\"canonical\" href=\"https:\/\/tuguia.combarranquilla.co\/Revista\/en-el-zoologico-les-damos-una-segunda-vida-a-todos-esos-animales-que-una-vez-vivieron-en-cautiverio-una-entrevista-en-el-dia-mundial-del-medio-ambiente\/\" \/>\n<meta property=\"og:locale\" content=\"es_ES\" \/>\n<meta property=\"og:type\" content=\"article\" \/>\n<meta property=\"og:title\" content=\"Christian Olaciregui: &quot;En el Zool\u00f3gico, les damos una segunda vida a todos esos animales que una vez vivieron en cautiverio&quot; - Tu Gu\u00eda\" \/>\n<meta property=\"og:description\" content=\"En Combarranquilla, conmemoramos el trabajo de miles de instituciones que luchan por un&nbsp;futuro sostenible. Hoy, en el marco de esta celebraci\u00f3n, destacamos el trabajo del Zool\u00f3gico de Barranquilla como promotor de la preservaci\u00f3n de la biodiversidad, una actividad clave en el cuidado del medio ambiente. Sobre la calle 77 entre las carreras 68 y&nbsp;70,&nbsp;se encuentra [&hellip;]\" \/>\n<meta property=\"og:url\" content=\"https:\/\/tuguia.combarranquilla.co\/Revista\/en-el-zoologico-les-damos-una-segunda-vida-a-todos-esos-animales-que-una-vez-vivieron-en-cautiverio-una-entrevista-en-el-dia-mundial-del-medio-ambiente\/\" \/>\n<meta property=\"og:site_name\" content=\"Tu Gu\u00eda\" \/>\n<meta property=\"article:published_time\" content=\"2025-06-05T13:17:51+00:00\" \/>\n<meta property=\"article:modified_time\" content=\"2025-07-31T15:46:37+00:00\" \/>\n<meta property=\"og:image\" content=\"https:\/\/tuguia.combarranquilla.co\/Revista\/wp-content\/uploads\/2025\/06\/Revista-Combarranquilla-1024x512.png\" \/>\n\t<meta property=\"og:image:width\" content=\"1024\" \/>\n\t<meta property=\"og:image:height\" content=\"512\" \/>\n\t<meta property=\"og:image:type\" content=\"image\/png\" \/>\n<meta name=\"author\" content=\"Comunicaciones Combarranquilla\" \/>\n<meta name=\"twitter:card\" content=\"summary_large_image\" \/>\n<meta name=\"twitter:label1\" content=\"Escrito por\" \/>\n\t<meta name=\"twitter:data1\" content=\"Comunicaciones Combarranquilla\" \/>\n\t<meta name=\"twitter:label2\" content=\"Tiempo de lectura\" \/>\n\t<meta name=\"twitter:data2\" content=\"9 minutos\" \/>\n<script type=\"application\/ld+json\" class=\"yoast-schema-graph\">{\"@context\":\"https:\\\/\\\/schema.org\",\"@graph\":[{\"@type\":\"Article\",\"@id\":\"https:\\\/\\\/tuguia.combarranquilla.co\\\/Revista\\\/en-el-zoologico-les-damos-una-segunda-vida-a-todos-esos-animales-que-una-vez-vivieron-en-cautiverio-una-entrevista-en-el-dia-mundial-del-medio-ambiente\\\/#article\",\"isPartOf\":{\"@id\":\"https:\\\/\\\/tuguia.combarranquilla.co\\\/Revista\\\/en-el-zoologico-les-damos-una-segunda-vida-a-todos-esos-animales-que-una-vez-vivieron-en-cautiverio-una-entrevista-en-el-dia-mundial-del-medio-ambiente\\\/\"},\"author\":{\"name\":\"Comunicaciones Combarranquilla\",\"@id\":\"https:\\\/\\\/tuguia.combarranquilla.co\\\/Revista\\\/#\\\/schema\\\/person\\\/c2c396a77170bd1d5f8ba73294eb0d10\"},\"headline\":\"Christian Olaciregui: &#8220;En el Zool\u00f3gico, les damos una segunda vida a todos esos animales que una vez vivieron en cautiverio&#8221;\",\"datePublished\":\"2025-06-05T13:17:51+00:00\",\"dateModified\":\"2025-07-31T15:46:37+00:00\",\"mainEntityOfPage\":{\"@id\":\"https:\\\/\\\/tuguia.combarranquilla.co\\\/Revista\\\/en-el-zoologico-les-damos-una-segunda-vida-a-todos-esos-animales-que-una-vez-vivieron-en-cautiverio-una-entrevista-en-el-dia-mundial-del-medio-ambiente\\\/\"},\"wordCount\":1847,\"commentCount\":0,\"publisher\":{\"@id\":\"https:\\\/\\\/tuguia.combarranquilla.co\\\/Revista\\\/#organization\"},\"image\":{\"@id\":\"https:\\\/\\\/tuguia.combarranquilla.co\\\/Revista\\\/en-el-zoologico-les-damos-una-segunda-vida-a-todos-esos-animales-que-una-vez-vivieron-en-cautiverio-una-entrevista-en-el-dia-mundial-del-medio-ambiente\\\/#primaryimage\"},\"thumbnailUrl\":\"https:\\\/\\\/tuguia.combarranquilla.co\\\/Revista\\\/wp-content\\\/uploads\\\/2025\\\/06\\\/Revista-Combarranquilla.png\",\"articleSection\":[\"FAMILIA COMBARRANQUILLA\"],\"inLanguage\":\"es-CO\",\"potentialAction\":[{\"@type\":\"CommentAction\",\"name\":\"Comment\",\"target\":[\"https:\\\/\\\/tuguia.combarranquilla.co\\\/Revista\\\/en-el-zoologico-les-damos-una-segunda-vida-a-todos-esos-animales-que-una-vez-vivieron-en-cautiverio-una-entrevista-en-el-dia-mundial-del-medio-ambiente\\\/#respond\"]}]},{\"@type\":\"WebPage\",\"@id\":\"https:\\\/\\\/tuguia.combarranquilla.co\\\/Revista\\\/en-el-zoologico-les-damos-una-segunda-vida-a-todos-esos-animales-que-una-vez-vivieron-en-cautiverio-una-entrevista-en-el-dia-mundial-del-medio-ambiente\\\/\",\"url\":\"https:\\\/\\\/tuguia.combarranquilla.co\\\/Revista\\\/en-el-zoologico-les-damos-una-segunda-vida-a-todos-esos-animales-que-una-vez-vivieron-en-cautiverio-una-entrevista-en-el-dia-mundial-del-medio-ambiente\\\/\",\"name\":\"Christian Olaciregui: \\\"En el Zool\u00f3gico, les damos una segunda vida a todos esos animales que una vez vivieron en cautiverio\\\" - Tu Gu\u00eda\",\"isPartOf\":{\"@id\":\"https:\\\/\\\/tuguia.combarranquilla.co\\\/Revista\\\/#website\"},\"primaryImageOfPage\":{\"@id\":\"https:\\\/\\\/tuguia.combarranquilla.co\\\/Revista\\\/en-el-zoologico-les-damos-una-segunda-vida-a-todos-esos-animales-que-una-vez-vivieron-en-cautiverio-una-entrevista-en-el-dia-mundial-del-medio-ambiente\\\/#primaryimage\"},\"image\":{\"@id\":\"https:\\\/\\\/tuguia.combarranquilla.co\\\/Revista\\\/en-el-zoologico-les-damos-una-segunda-vida-a-todos-esos-animales-que-una-vez-vivieron-en-cautiverio-una-entrevista-en-el-dia-mundial-del-medio-ambiente\\\/#primaryimage\"},\"thumbnailUrl\":\"https:\\\/\\\/tuguia.combarranquilla.co\\\/Revista\\\/wp-content\\\/uploads\\\/2025\\\/06\\\/Revista-Combarranquilla.png\",\"datePublished\":\"2025-06-05T13:17:51+00:00\",\"dateModified\":\"2025-07-31T15:46:37+00:00\",\"breadcrumb\":{\"@id\":\"https:\\\/\\\/tuguia.combarranquilla.co\\\/Revista\\\/en-el-zoologico-les-damos-una-segunda-vida-a-todos-esos-animales-que-una-vez-vivieron-en-cautiverio-una-entrevista-en-el-dia-mundial-del-medio-ambiente\\\/#breadcrumb\"},\"inLanguage\":\"es-CO\",\"potentialAction\":[{\"@type\":\"ReadAction\",\"target\":[\"https:\\\/\\\/tuguia.combarranquilla.co\\\/Revista\\\/en-el-zoologico-les-damos-una-segunda-vida-a-todos-esos-animales-que-una-vez-vivieron-en-cautiverio-una-entrevista-en-el-dia-mundial-del-medio-ambiente\\\/\"]}]},{\"@type\":\"ImageObject\",\"inLanguage\":\"es-CO\",\"@id\":\"https:\\\/\\\/tuguia.combarranquilla.co\\\/Revista\\\/en-el-zoologico-les-damos-una-segunda-vida-a-todos-esos-animales-que-una-vez-vivieron-en-cautiverio-una-entrevista-en-el-dia-mundial-del-medio-ambiente\\\/#primaryimage\",\"url\":\"https:\\\/\\\/tuguia.combarranquilla.co\\\/Revista\\\/wp-content\\\/uploads\\\/2025\\\/06\\\/Revista-Combarranquilla.png\",\"contentUrl\":\"https:\\\/\\\/tuguia.combarranquilla.co\\\/Revista\\\/wp-content\\\/uploads\\\/2025\\\/06\\\/Revista-Combarranquilla.png\",\"width\":7087,\"height\":3543},{\"@type\":\"BreadcrumbList\",\"@id\":\"https:\\\/\\\/tuguia.combarranquilla.co\\\/Revista\\\/en-el-zoologico-les-damos-una-segunda-vida-a-todos-esos-animales-que-una-vez-vivieron-en-cautiverio-una-entrevista-en-el-dia-mundial-del-medio-ambiente\\\/#breadcrumb\",\"itemListElement\":[{\"@type\":\"ListItem\",\"position\":1,\"name\":\"Inicio\",\"item\":\"https:\\\/\\\/tuguia.combarranquilla.co\\\/Revista\\\/\"},{\"@type\":\"ListItem\",\"position\":2,\"name\":\"Christian Olaciregui: &#8220;En el Zool\u00f3gico, les damos una segunda vida a todos esos animales que una vez vivieron en cautiverio&#8221;\"}]},{\"@type\":\"WebSite\",\"@id\":\"https:\\\/\\\/tuguia.combarranquilla.co\\\/Revista\\\/#website\",\"url\":\"https:\\\/\\\/tuguia.combarranquilla.co\\\/Revista\\\/\",\"name\":\"Tu Gu\u00eda\",\"description\":\"La revista donde lo tienes todo.\",\"publisher\":{\"@id\":\"https:\\\/\\\/tuguia.combarranquilla.co\\\/Revista\\\/#organization\"},\"alternateName\":\"Tu Gu\u00eda Combarranquilla\",\"potentialAction\":[{\"@type\":\"SearchAction\",\"target\":{\"@type\":\"EntryPoint\",\"urlTemplate\":\"https:\\\/\\\/tuguia.combarranquilla.co\\\/Revista\\\/?s={search_term_string}\"},\"query-input\":{\"@type\":\"PropertyValueSpecification\",\"valueRequired\":true,\"valueName\":\"search_term_string\"}}],\"inLanguage\":\"es-CO\"},{\"@type\":\"Organization\",\"@id\":\"https:\\\/\\\/tuguia.combarranquilla.co\\\/Revista\\\/#organization\",\"name\":\"Tu Gu\u00eda Combarranquilla\",\"url\":\"https:\\\/\\\/tuguia.combarranquilla.co\\\/Revista\\\/\",\"logo\":{\"@type\":\"ImageObject\",\"inLanguage\":\"es-CO\",\"@id\":\"https:\\\/\\\/tuguia.combarranquilla.co\\\/Revista\\\/#\\\/schema\\\/logo\\\/image\\\/\",\"url\":\"https:\\\/\\\/tuguia.combarranquilla.co\\\/Revista\\\/wp-content\\\/uploads\\\/2022\\\/02\\\/logo-guia-combarranquilla.svg\",\"contentUrl\":\"https:\\\/\\\/tuguia.combarranquilla.co\\\/Revista\\\/wp-content\\\/uploads\\\/2022\\\/02\\\/logo-guia-combarranquilla.svg\",\"caption\":\"Tu Gu\u00eda Combarranquilla\"},\"image\":{\"@id\":\"https:\\\/\\\/tuguia.combarranquilla.co\\\/Revista\\\/#\\\/schema\\\/logo\\\/image\\\/\"}},{\"@type\":\"Person\",\"@id\":\"https:\\\/\\\/tuguia.combarranquilla.co\\\/Revista\\\/#\\\/schema\\\/person\\\/c2c396a77170bd1d5f8ba73294eb0d10\",\"name\":\"Comunicaciones Combarranquilla\",\"image\":{\"@type\":\"ImageObject\",\"inLanguage\":\"es-CO\",\"@id\":\"https:\\\/\\\/tuguia.combarranquilla.co\\\/Revista\\\/wp-content\\\/uploads\\\/2025\\\/05\\\/ABC-Al-Rojo-Logo-96x96.jpg\",\"url\":\"https:\\\/\\\/tuguia.combarranquilla.co\\\/Revista\\\/wp-content\\\/uploads\\\/2025\\\/05\\\/ABC-Al-Rojo-Logo-96x96.jpg\",\"contentUrl\":\"https:\\\/\\\/tuguia.combarranquilla.co\\\/Revista\\\/wp-content\\\/uploads\\\/2025\\\/05\\\/ABC-Al-Rojo-Logo-96x96.jpg\",\"caption\":\"Comunicaciones Combarranquilla\"},\"sameAs\":[\"https:\\\/\\\/www.combarranquilla.co\"],\"url\":\"https:\\\/\\\/tuguia.combarranquilla.co\\\/Revista\\\/author\\\/comunicaciones\\\/\"}]}<\/script>\n<!-- \/ Yoast SEO plugin. -->","yoast_head_json":{"title":"Christian Olaciregui: \"En el Zool\u00f3gico, les damos una segunda vida a todos esos animales que una vez vivieron en cautiverio\" - Tu Gu\u00eda","robots":{"index":"index","follow":"follow","max-snippet":"max-snippet:-1","max-image-preview":"max-image-preview:large","max-video-preview":"max-video-preview:-1"},"canonical":"https:\/\/tuguia.combarranquilla.co\/Revista\/en-el-zoologico-les-damos-una-segunda-vida-a-todos-esos-animales-que-una-vez-vivieron-en-cautiverio-una-entrevista-en-el-dia-mundial-del-medio-ambiente\/","og_locale":"es_ES","og_type":"article","og_title":"Christian Olaciregui: \"En el Zool\u00f3gico, les damos una segunda vida a todos esos animales que una vez vivieron en cautiverio\" - Tu Gu\u00eda","og_description":"En Combarranquilla, conmemoramos el trabajo de miles de instituciones que luchan por un&nbsp;futuro sostenible. Hoy, en el marco de esta celebraci\u00f3n, destacamos el trabajo del Zool\u00f3gico de Barranquilla como promotor de la preservaci\u00f3n de la biodiversidad, una actividad clave en el cuidado del medio ambiente. Sobre la calle 77 entre las carreras 68 y&nbsp;70,&nbsp;se encuentra [&hellip;]","og_url":"https:\/\/tuguia.combarranquilla.co\/Revista\/en-el-zoologico-les-damos-una-segunda-vida-a-todos-esos-animales-que-una-vez-vivieron-en-cautiverio-una-entrevista-en-el-dia-mundial-del-medio-ambiente\/","og_site_name":"Tu Gu\u00eda","article_published_time":"2025-06-05T13:17:51+00:00","article_modified_time":"2025-07-31T15:46:37+00:00","og_image":[{"width":1024,"height":512,"url":"https:\/\/tuguia.combarranquilla.co\/Revista\/wp-content\/uploads\/2025\/06\/Revista-Combarranquilla-1024x512.png","type":"image\/png"}],"author":"Comunicaciones Combarranquilla","twitter_card":"summary_large_image","twitter_misc":{"Escrito por":"Comunicaciones Combarranquilla","Tiempo de lectura":"9 minutos"},"schema":{"@context":"https:\/\/schema.org","@graph":[{"@type":"Article","@id":"https:\/\/tuguia.combarranquilla.co\/Revista\/en-el-zoologico-les-damos-una-segunda-vida-a-todos-esos-animales-que-una-vez-vivieron-en-cautiverio-una-entrevista-en-el-dia-mundial-del-medio-ambiente\/#article","isPartOf":{"@id":"https:\/\/tuguia.combarranquilla.co\/Revista\/en-el-zoologico-les-damos-una-segunda-vida-a-todos-esos-animales-que-una-vez-vivieron-en-cautiverio-una-entrevista-en-el-dia-mundial-del-medio-ambiente\/"},"author":{"name":"Comunicaciones Combarranquilla","@id":"https:\/\/tuguia.combarranquilla.co\/Revista\/#\/schema\/person\/c2c396a77170bd1d5f8ba73294eb0d10"},"headline":"Christian Olaciregui: &#8220;En el Zool\u00f3gico, les damos una segunda vida a todos esos animales que una vez vivieron en cautiverio&#8221;","datePublished":"2025-06-05T13:17:51+00:00","dateModified":"2025-07-31T15:46:37+00:00","mainEntityOfPage":{"@id":"https:\/\/tuguia.combarranquilla.co\/Revista\/en-el-zoologico-les-damos-una-segunda-vida-a-todos-esos-animales-que-una-vez-vivieron-en-cautiverio-una-entrevista-en-el-dia-mundial-del-medio-ambiente\/"},"wordCount":1847,"commentCount":0,"publisher":{"@id":"https:\/\/tuguia.combarranquilla.co\/Revista\/#organization"},"image":{"@id":"https:\/\/tuguia.combarranquilla.co\/Revista\/en-el-zoologico-les-damos-una-segunda-vida-a-todos-esos-animales-que-una-vez-vivieron-en-cautiverio-una-entrevista-en-el-dia-mundial-del-medio-ambiente\/#primaryimage"},"thumbnailUrl":"https:\/\/tuguia.combarranquilla.co\/Revista\/wp-content\/uploads\/2025\/06\/Revista-Combarranquilla.png","articleSection":["FAMILIA COMBARRANQUILLA"],"inLanguage":"es-CO","potentialAction":[{"@type":"CommentAction","name":"Comment","target":["https:\/\/tuguia.combarranquilla.co\/Revista\/en-el-zoologico-les-damos-una-segunda-vida-a-todos-esos-animales-que-una-vez-vivieron-en-cautiverio-una-entrevista-en-el-dia-mundial-del-medio-ambiente\/#respond"]}]},{"@type":"WebPage","@id":"https:\/\/tuguia.combarranquilla.co\/Revista\/en-el-zoologico-les-damos-una-segunda-vida-a-todos-esos-animales-que-una-vez-vivieron-en-cautiverio-una-entrevista-en-el-dia-mundial-del-medio-ambiente\/","url":"https:\/\/tuguia.combarranquilla.co\/Revista\/en-el-zoologico-les-damos-una-segunda-vida-a-todos-esos-animales-que-una-vez-vivieron-en-cautiverio-una-entrevista-en-el-dia-mundial-del-medio-ambiente\/","name":"Christian Olaciregui: \"En el Zool\u00f3gico, les damos una segunda vida a todos esos animales que una vez vivieron en cautiverio\" - Tu Gu\u00eda","isPartOf":{"@id":"https:\/\/tuguia.combarranquilla.co\/Revista\/#website"},"primaryImageOfPage":{"@id":"https:\/\/tuguia.combarranquilla.co\/Revista\/en-el-zoologico-les-damos-una-segunda-vida-a-todos-esos-animales-que-una-vez-vivieron-en-cautiverio-una-entrevista-en-el-dia-mundial-del-medio-ambiente\/#primaryimage"},"image":{"@id":"https:\/\/tuguia.combarranquilla.co\/Revista\/en-el-zoologico-les-damos-una-segunda-vida-a-todos-esos-animales-que-una-vez-vivieron-en-cautiverio-una-entrevista-en-el-dia-mundial-del-medio-ambiente\/#primaryimage"},"thumbnailUrl":"https:\/\/tuguia.combarranquilla.co\/Revista\/wp-content\/uploads\/2025\/06\/Revista-Combarranquilla.png","datePublished":"2025-06-05T13:17:51+00:00","dateModified":"2025-07-31T15:46:37+00:00","breadcrumb":{"@id":"https:\/\/tuguia.combarranquilla.co\/Revista\/en-el-zoologico-les-damos-una-segunda-vida-a-todos-esos-animales-que-una-vez-vivieron-en-cautiverio-una-entrevista-en-el-dia-mundial-del-medio-ambiente\/#breadcrumb"},"inLanguage":"es-CO","potentialAction":[{"@type":"ReadAction","target":["https:\/\/tuguia.combarranquilla.co\/Revista\/en-el-zoologico-les-damos-una-segunda-vida-a-todos-esos-animales-que-una-vez-vivieron-en-cautiverio-una-entrevista-en-el-dia-mundial-del-medio-ambiente\/"]}]},{"@type":"ImageObject","inLanguage":"es-CO","@id":"https:\/\/tuguia.combarranquilla.co\/Revista\/en-el-zoologico-les-damos-una-segunda-vida-a-todos-esos-animales-que-una-vez-vivieron-en-cautiverio-una-entrevista-en-el-dia-mundial-del-medio-ambiente\/#primaryimage","url":"https:\/\/tuguia.combarranquilla.co\/Revista\/wp-content\/uploads\/2025\/06\/Revista-Combarranquilla.png","contentUrl":"https:\/\/tuguia.combarranquilla.co\/Revista\/wp-content\/uploads\/2025\/06\/Revista-Combarranquilla.png","width":7087,"height":3543},{"@type":"BreadcrumbList","@id":"https:\/\/tuguia.combarranquilla.co\/Revista\/en-el-zoologico-les-damos-una-segunda-vida-a-todos-esos-animales-que-una-vez-vivieron-en-cautiverio-una-entrevista-en-el-dia-mundial-del-medio-ambiente\/#breadcrumb","itemListElement":[{"@type":"ListItem","position":1,"name":"Inicio","item":"https:\/\/tuguia.combarranquilla.co\/Revista\/"},{"@type":"ListItem","position":2,"name":"Christian Olaciregui: &#8220;En el Zool\u00f3gico, les damos una segunda vida a todos esos animales que una vez vivieron en cautiverio&#8221;"}]},{"@type":"WebSite","@id":"https:\/\/tuguia.combarranquilla.co\/Revista\/#website","url":"https:\/\/tuguia.combarranquilla.co\/Revista\/","name":"Tu Gu\u00eda","description":"La revista donde lo tienes todo.","publisher":{"@id":"https:\/\/tuguia.combarranquilla.co\/Revista\/#organization"},"alternateName":"Tu Gu\u00eda Combarranquilla","potentialAction":[{"@type":"SearchAction","target":{"@type":"EntryPoint","urlTemplate":"https:\/\/tuguia.combarranquilla.co\/Revista\/?s={search_term_string}"},"query-input":{"@type":"PropertyValueSpecification","valueRequired":true,"valueName":"search_term_string"}}],"inLanguage":"es-CO"},{"@type":"Organization","@id":"https:\/\/tuguia.combarranquilla.co\/Revista\/#organization","name":"Tu Gu\u00eda Combarranquilla","url":"https:\/\/tuguia.combarranquilla.co\/Revista\/","logo":{"@type":"ImageObject","inLanguage":"es-CO","@id":"https:\/\/tuguia.combarranquilla.co\/Revista\/#\/schema\/logo\/image\/","url":"https:\/\/tuguia.combarranquilla.co\/Revista\/wp-content\/uploads\/2022\/02\/logo-guia-combarranquilla.svg","contentUrl":"https:\/\/tuguia.combarranquilla.co\/Revista\/wp-content\/uploads\/2022\/02\/logo-guia-combarranquilla.svg","caption":"Tu Gu\u00eda Combarranquilla"},"image":{"@id":"https:\/\/tuguia.combarranquilla.co\/Revista\/#\/schema\/logo\/image\/"}},{"@type":"Person","@id":"https:\/\/tuguia.combarranquilla.co\/Revista\/#\/schema\/person\/c2c396a77170bd1d5f8ba73294eb0d10","name":"Comunicaciones Combarranquilla","image":{"@type":"ImageObject","inLanguage":"es-CO","@id":"https:\/\/tuguia.combarranquilla.co\/Revista\/wp-content\/uploads\/2025\/05\/ABC-Al-Rojo-Logo-96x96.jpg","url":"https:\/\/tuguia.combarranquilla.co\/Revista\/wp-content\/uploads\/2025\/05\/ABC-Al-Rojo-Logo-96x96.jpg","contentUrl":"https:\/\/tuguia.combarranquilla.co\/Revista\/wp-content\/uploads\/2025\/05\/ABC-Al-Rojo-Logo-96x96.jpg","caption":"Comunicaciones Combarranquilla"},"sameAs":["https:\/\/www.combarranquilla.co"],"url":"https:\/\/tuguia.combarranquilla.co\/Revista\/author\/comunicaciones\/"}]}},"_links":{"self":[{"href":"https:\/\/tuguia.combarranquilla.co\/Revista\/wp-json\/wp\/v2\/posts\/6553","targetHints":{"allow":["GET"]}}],"collection":[{"href":"https:\/\/tuguia.combarranquilla.co\/Revista\/wp-json\/wp\/v2\/posts"}],"about":[{"href":"https:\/\/tuguia.combarranquilla.co\/Revista\/wp-json\/wp\/v2\/types\/post"}],"author":[{"embeddable":true,"href":"https:\/\/tuguia.combarranquilla.co\/Revista\/wp-json\/wp\/v2\/users\/2"}],"replies":[{"embeddable":true,"href":"https:\/\/tuguia.combarranquilla.co\/Revista\/wp-json\/wp\/v2\/comments?post=6553"}],"version-history":[{"count":30,"href":"https:\/\/tuguia.combarranquilla.co\/Revista\/wp-json\/wp\/v2\/posts\/6553\/revisions"}],"predecessor-version":[{"id":7291,"href":"https:\/\/tuguia.combarranquilla.co\/Revista\/wp-json\/wp\/v2\/posts\/6553\/revisions\/7291"}],"wp:featuredmedia":[{"embeddable":true,"href":"https:\/\/tuguia.combarranquilla.co\/Revista\/wp-json\/wp\/v2\/media\/6642"}],"wp:attachment":[{"href":"https:\/\/tuguia.combarranquilla.co\/Revista\/wp-json\/wp\/v2\/media?parent=6553"}],"wp:term":[{"taxonomy":"category","embeddable":true,"href":"https:\/\/tuguia.combarranquilla.co\/Revista\/wp-json\/wp\/v2\/categories?post=6553"},{"taxonomy":"post_tag","embeddable":true,"href":"https:\/\/tuguia.combarranquilla.co\/Revista\/wp-json\/wp\/v2\/tags?post=6553"}],"curies":[{"name":"wp","href":"https:\/\/api.w.org\/{rel}","templated":true}]}}