{"id":6654,"date":"2025-06-12T09:28:10","date_gmt":"2025-06-12T14:28:10","guid":{"rendered":"https:\/\/tuguia.combarranquilla.co\/Revista\/?p=6654"},"modified":"2025-06-13T09:18:04","modified_gmt":"2025-06-13T14:18:04","slug":"mimas-desde-el-planetario-combarranquilla-para-el-caribe","status":"publish","type":"post","link":"https:\/\/tuguia.combarranquilla.co\/Revista\/mimas-desde-el-planetario-combarranquilla-para-el-caribe\/","title":{"rendered":"MIMAS: Desde el Planetario Combarranquilla para el Caribe"},"content":{"rendered":"\n<p class=\"has-medium-font-size\"><strong><em>En marzo de este a\u00f1o, astr\u00f3nomos de la NASA afirmaron que un total de 274 lunas orbitan Saturno. Mimas, una luna helada, es el sat\u00e9lite m\u00e1s interno del planeta de los anillos; y es tambi\u00e9n el nombre del nuevo lanzamiento del Planetario Combarranquilla.<\/em><\/strong><\/p>\n\n\n<div class=\"wp-block-image\">\n<figure class=\"aligncenter size-large is-resized\"><img decoding=\"async\" width=\"1024\" height=\"683\" data-src=\"https:\/\/tuguia.combarranquilla.co\/Revista\/wp-content\/uploads\/2025\/06\/DSC_0741-1-1024x683.jpg\" alt=\"\" class=\"wp-image-6734 lazyload\" style=\"--smush-placeholder-width: 1024px; --smush-placeholder-aspect-ratio: 1024\/683;width:762px;height:auto\" data-srcset=\"https:\/\/tuguia.combarranquilla.co\/Revista\/wp-content\/uploads\/2025\/06\/DSC_0741-1-1024x683.jpg 1024w, https:\/\/tuguia.combarranquilla.co\/Revista\/wp-content\/uploads\/2025\/06\/DSC_0741-1-300x200.jpg 300w, https:\/\/tuguia.combarranquilla.co\/Revista\/wp-content\/uploads\/2025\/06\/DSC_0741-1-768x512.jpg 768w, https:\/\/tuguia.combarranquilla.co\/Revista\/wp-content\/uploads\/2025\/06\/DSC_0741-1-1536x1024.jpg 1536w, https:\/\/tuguia.combarranquilla.co\/Revista\/wp-content\/uploads\/2025\/06\/DSC_0741-1-2048x1365.jpg 2048w\" data-sizes=\"(max-width: 1024px) 100vw, 1024px\" src=\"data:image\/svg+xml;base64,PHN2ZyB3aWR0aD0iMSIgaGVpZ2h0PSIxIiB4bWxucz0iaHR0cDovL3d3dy53My5vcmcvMjAwMC9zdmciPjwvc3ZnPg==\" \/><\/figure><\/div>\n\n\n<p class=\"has-medium-font-size\">La Muestra Interactiva M\u00f3vil de Astronom\u00eda, MIMAS, es un planetario m\u00f3vil que empez\u00f3 a tomar forma gracias a la Ruta Entrecruxes, una iniciativa que tiene como objetivo fortalecer los centros de ciencia del Caribe colombiano. A trav\u00e9s de la operaci\u00f3n del Zool\u00f3gico de Barranquilla y la Universidad Sim\u00f3n Bol\u00edvar, el Planetario Combarranquilla inici\u00f3 una ruta de intervenci\u00f3n con mentor\u00edas y financiamiento, que lo llev\u00f3 a hacer de MIMAS una idea visible y tangible.<\/p>\n\n\n\n<p class=\"has-medium-font-size\">A simple vista, MIMAS es un domo inflable port\u00e1til de 5 metros de di\u00e1metro, pero su interior esconde un universo por explorar. \u201cEst\u00e1 compuesto por un sistema de proyecci\u00f3n digital y, adem\u00e1s, incluye una muestra interactiva conformada por m\u00f3dulos\u201d, explica Orlando M\u00e9ndez, coordinador del Planetario. \u201cEstos m\u00f3dulos est\u00e1n enmarcados en diferentes ejes tem\u00e1ticos que son: Ciencias de la Tierra, Clima y Medioambiente, y el sistema Sol-Tierra-Luna; todos van dentro de las Maletas de la Ciencia\u201d, a\u00f1ade.<\/p>\n\n\n\n<div class=\"wp-block-columns is-layout-flex wp-container-core-columns-is-layout-9d6595d7 wp-block-columns-is-layout-flex\">\n<div class=\"wp-block-column is-layout-flow wp-block-column-is-layout-flow\"><div class=\"wp-block-image\">\n<figure class=\"aligncenter size-large is-resized\"><img decoding=\"async\" width=\"1024\" height=\"683\" data-src=\"https:\/\/tuguia.combarranquilla.co\/Revista\/wp-content\/uploads\/2025\/06\/DSC_0746-1024x683.jpg\" alt=\"\" class=\"wp-image-6724 lazyload\" style=\"--smush-placeholder-width: 1024px; --smush-placeholder-aspect-ratio: 1024\/683;width:789px;height:auto\" data-srcset=\"https:\/\/tuguia.combarranquilla.co\/Revista\/wp-content\/uploads\/2025\/06\/DSC_0746-1024x683.jpg 1024w, https:\/\/tuguia.combarranquilla.co\/Revista\/wp-content\/uploads\/2025\/06\/DSC_0746-300x200.jpg 300w, https:\/\/tuguia.combarranquilla.co\/Revista\/wp-content\/uploads\/2025\/06\/DSC_0746-768x512.jpg 768w, https:\/\/tuguia.combarranquilla.co\/Revista\/wp-content\/uploads\/2025\/06\/DSC_0746-1536x1024.jpg 1536w, https:\/\/tuguia.combarranquilla.co\/Revista\/wp-content\/uploads\/2025\/06\/DSC_0746-2048x1365.jpg 2048w\" data-sizes=\"(max-width: 1024px) 100vw, 1024px\" src=\"data:image\/svg+xml;base64,PHN2ZyB3aWR0aD0iMSIgaGVpZ2h0PSIxIiB4bWxucz0iaHR0cDovL3d3dy53My5vcmcvMjAwMC9zdmciPjwvc3ZnPg==\" \/><\/figure><\/div><\/div>\n<\/div>\n\n\n\n<p class=\"has-medium-font-size\">El prop\u00f3sito de este planetario m\u00f3vil es llegar a diferentes lugares del Caribe y educar sobre ciencia, mediante la l\u00fadica. Inicialmente, la propuesta se implementar\u00e1 en el Atl\u00e1ntico y beneficiar\u00e1 a&nbsp;cuatro instituciones educativas: tres departamentales y una distrital. Contar\u00e1 con m\u00e1s de&nbsp;1.200 estudiantes participantes, incluyendo 120 j\u00f3venes en talleres de coheter\u00eda y 40 estudiantes formados como mediadores. \u201cFacilitamos este espacio a las instituciones para despertar vocaciones cient\u00edficas y animarlas a disfrutar de las salas permanentes del Planetario\u201d, menciona Orlando.<\/p>\n\n\n\n<p class=\"has-medium-font-size\">Ingresar al domo es estar bajo el mismo cielo que cubre el mundo. Al tratarse de una proyecci\u00f3n fulldome inmersiva, MIMAS demuestra que es posible estar m\u00e1s cerca de las estrellas. As\u00ed, la experiencia MIMAS es un viaje con equipaje incorporado, que te prepara para comprender el cosmos.<\/p>\n\n\n\n<div class=\"wp-block-columns is-layout-flex wp-container-core-columns-is-layout-9d6595d7 wp-block-columns-is-layout-flex\">\n<div class=\"wp-block-column is-layout-flow wp-block-column-is-layout-flow\">\n<figure class=\"wp-block-image size-large\"><img decoding=\"async\" width=\"1126\" height=\"751\" data-src=\"https:\/\/tuguia.combarranquilla.co\/Revista\/wp-content\/uploads\/2025\/06\/WhatsApp-Image-2025-06-11-at-3.44.52-PM-1-edited.jpeg\" alt=\"\" class=\"wp-image-6669 lazyload\" data-srcset=\"https:\/\/tuguia.combarranquilla.co\/Revista\/wp-content\/uploads\/2025\/06\/WhatsApp-Image-2025-06-11-at-3.44.52-PM-1-edited.jpeg 1126w, https:\/\/tuguia.combarranquilla.co\/Revista\/wp-content\/uploads\/2025\/06\/WhatsApp-Image-2025-06-11-at-3.44.52-PM-1-edited-300x200.jpeg 300w, https:\/\/tuguia.combarranquilla.co\/Revista\/wp-content\/uploads\/2025\/06\/WhatsApp-Image-2025-06-11-at-3.44.52-PM-1-edited-1024x683.jpeg 1024w, https:\/\/tuguia.combarranquilla.co\/Revista\/wp-content\/uploads\/2025\/06\/WhatsApp-Image-2025-06-11-at-3.44.52-PM-1-edited-768x512.jpeg 768w\" data-sizes=\"(max-width: 1126px) 100vw, 1126px\" src=\"data:image\/svg+xml;base64,PHN2ZyB3aWR0aD0iMSIgaGVpZ2h0PSIxIiB4bWxucz0iaHR0cDovL3d3dy53My5vcmcvMjAwMC9zdmciPjwvc3ZnPg==\" style=\"--smush-placeholder-width: 1126px; --smush-placeholder-aspect-ratio: 1126\/751;\" \/><\/figure>\n<\/div>\n\n\n\n<div class=\"wp-block-column is-layout-flow wp-block-column-is-layout-flow\">\n<figure class=\"wp-block-image size-large\"><img decoding=\"async\" width=\"1170\" height=\"780\" data-src=\"https:\/\/tuguia.combarranquilla.co\/Revista\/wp-content\/uploads\/2025\/06\/WhatsApp-Image-2025-06-11-at-3.44.52-PM-4-edited.jpeg\" alt=\"\" class=\"wp-image-6671 lazyload\" data-srcset=\"https:\/\/tuguia.combarranquilla.co\/Revista\/wp-content\/uploads\/2025\/06\/WhatsApp-Image-2025-06-11-at-3.44.52-PM-4-edited.jpeg 1170w, https:\/\/tuguia.combarranquilla.co\/Revista\/wp-content\/uploads\/2025\/06\/WhatsApp-Image-2025-06-11-at-3.44.52-PM-4-edited-300x200.jpeg 300w, https:\/\/tuguia.combarranquilla.co\/Revista\/wp-content\/uploads\/2025\/06\/WhatsApp-Image-2025-06-11-at-3.44.52-PM-4-edited-1024x683.jpeg 1024w, https:\/\/tuguia.combarranquilla.co\/Revista\/wp-content\/uploads\/2025\/06\/WhatsApp-Image-2025-06-11-at-3.44.52-PM-4-edited-768x512.jpeg 768w\" data-sizes=\"(max-width: 1170px) 100vw, 1170px\" src=\"data:image\/svg+xml;base64,PHN2ZyB3aWR0aD0iMSIgaGVpZ2h0PSIxIiB4bWxucz0iaHR0cDovL3d3dy53My5vcmcvMjAwMC9zdmciPjwvc3ZnPg==\" style=\"--smush-placeholder-width: 1170px; --smush-placeholder-aspect-ratio: 1170\/780;\" \/><\/figure>\n<\/div>\n<\/div>\n\n\n\n<p class=\"has-medium-font-size\">Con este proyecto, el Planetario Combarranquilla quiere seguir expandi\u00e9ndose y democratizar el saber cient\u00edfico. \u201cAs\u00ed como Mimas es una luna de Saturno, nuestro planetario m\u00f3vil MIMAS es el sat\u00e9lite del Planetario Combarranquilla, que va a orbitar la regi\u00f3n Caribe\u201d.<\/p>\n\n\n\n<p class=\"has-medium-font-size\">La visi\u00f3n es clara: crear v\u00ednculos entre la ciencia y la sociedad para transformar vidas. El Caribe colombiano ya est\u00e1 listo para este gran despegue que impulsar\u00e1 la astronom\u00eda a todos los rincones de la costa.<\/p>\n","protected":false},"excerpt":{"rendered":"<p>En marzo de este a\u00f1o, astr\u00f3nomos de la NASA afirmaron que un total de 274 lunas orbitan Saturno. Mimas, una luna helada, es el sat\u00e9lite m\u00e1s interno del planeta de los anillos; y es tambi\u00e9n el nombre del nuevo lanzamiento del Planetario Combarranquilla. La Muestra Interactiva M\u00f3vil de Astronom\u00eda, MIMAS, es un planetario m\u00f3vil que [&hellip;]<\/p>\n","protected":false},"author":3,"featured_media":6729,"comment_status":"open","ping_status":"open","sticky":false,"template":"","format":"standard","meta":{"inline_featured_image":false,"footnotes":""},"categories":[4],"tags":[],"class_list":["post-6654","post","type-post","status-publish","format-standard","has-post-thumbnail","hentry","category-ciencia-y-cultura"],"yoast_head":"<!-- This site is optimized with the Yoast SEO plugin v27.4 - https:\/\/yoast.com\/product\/yoast-seo-wordpress\/ -->\n<title>MIMAS: Desde el Planetario Combarranquilla para el Caribe - Tu Gu\u00eda<\/title>\n<meta name=\"robots\" content=\"index, follow, max-snippet:-1, max-image-preview:large, max-video-preview:-1\" \/>\n<link rel=\"canonical\" href=\"https:\/\/tuguia.combarranquilla.co\/Revista\/mimas-desde-el-planetario-combarranquilla-para-el-caribe\/\" \/>\n<meta property=\"og:locale\" content=\"es_ES\" \/>\n<meta property=\"og:type\" content=\"article\" \/>\n<meta property=\"og:title\" content=\"MIMAS: Desde el Planetario Combarranquilla para el Caribe - Tu Gu\u00eda\" \/>\n<meta property=\"og:description\" content=\"En marzo de este a\u00f1o, astr\u00f3nomos de la NASA afirmaron que un total de 274 lunas orbitan Saturno. Mimas, una luna helada, es el sat\u00e9lite m\u00e1s interno del planeta de los anillos; y es tambi\u00e9n el nombre del nuevo lanzamiento del Planetario Combarranquilla. La Muestra Interactiva M\u00f3vil de Astronom\u00eda, MIMAS, es un planetario m\u00f3vil que [&hellip;]\" \/>\n<meta property=\"og:url\" content=\"https:\/\/tuguia.combarranquilla.co\/Revista\/mimas-desde-el-planetario-combarranquilla-para-el-caribe\/\" \/>\n<meta property=\"og:site_name\" content=\"Tu Gu\u00eda\" \/>\n<meta property=\"article:published_time\" content=\"2025-06-12T14:28:10+00:00\" \/>\n<meta property=\"article:modified_time\" content=\"2025-06-13T14:18:04+00:00\" \/>\n<meta property=\"og:image\" content=\"https:\/\/tuguia.combarranquilla.co\/Revista\/wp-content\/uploads\/2025\/06\/DSC_0700-scaled.jpg\" \/>\n\t<meta property=\"og:image:width\" content=\"2560\" \/>\n\t<meta property=\"og:image:height\" content=\"1707\" \/>\n\t<meta property=\"og:image:type\" content=\"image\/jpeg\" \/>\n<meta name=\"author\" content=\"Planetario Combarranquilla\" \/>\n<meta name=\"twitter:card\" content=\"summary_large_image\" \/>\n<meta name=\"twitter:label1\" content=\"Escrito por\" \/>\n\t<meta name=\"twitter:data1\" content=\"Planetario Combarranquilla\" \/>\n\t<meta name=\"twitter:label2\" content=\"Tiempo de lectura\" \/>\n\t<meta name=\"twitter:data2\" content=\"3 minutos\" \/>\n<script type=\"application\/ld+json\" class=\"yoast-schema-graph\">{\"@context\":\"https:\\\/\\\/schema.org\",\"@graph\":[{\"@type\":\"Article\",\"@id\":\"https:\\\/\\\/tuguia.combarranquilla.co\\\/Revista\\\/mimas-desde-el-planetario-combarranquilla-para-el-caribe\\\/#article\",\"isPartOf\":{\"@id\":\"https:\\\/\\\/tuguia.combarranquilla.co\\\/Revista\\\/mimas-desde-el-planetario-combarranquilla-para-el-caribe\\\/\"},\"author\":{\"name\":\"Planetario Combarranquilla\",\"@id\":\"https:\\\/\\\/tuguia.combarranquilla.co\\\/Revista\\\/#\\\/schema\\\/person\\\/dfacca4b8219e57377c45d1e37a9cc8d\"},\"headline\":\"MIMAS: Desde el Planetario Combarranquilla para el Caribe\",\"datePublished\":\"2025-06-12T14:28:10+00:00\",\"dateModified\":\"2025-06-13T14:18:04+00:00\",\"mainEntityOfPage\":{\"@id\":\"https:\\\/\\\/tuguia.combarranquilla.co\\\/Revista\\\/mimas-desde-el-planetario-combarranquilla-para-el-caribe\\\/\"},\"wordCount\":444,\"commentCount\":0,\"publisher\":{\"@id\":\"https:\\\/\\\/tuguia.combarranquilla.co\\\/Revista\\\/#organization\"},\"image\":{\"@id\":\"https:\\\/\\\/tuguia.combarranquilla.co\\\/Revista\\\/mimas-desde-el-planetario-combarranquilla-para-el-caribe\\\/#primaryimage\"},\"thumbnailUrl\":\"https:\\\/\\\/tuguia.combarranquilla.co\\\/Revista\\\/wp-content\\\/uploads\\\/2025\\\/06\\\/DSC_0700-scaled.jpg\",\"articleSection\":[\"CIENCIA Y CULTURA\"],\"inLanguage\":\"es-CO\",\"potentialAction\":[{\"@type\":\"CommentAction\",\"name\":\"Comment\",\"target\":[\"https:\\\/\\\/tuguia.combarranquilla.co\\\/Revista\\\/mimas-desde-el-planetario-combarranquilla-para-el-caribe\\\/#respond\"]}]},{\"@type\":\"WebPage\",\"@id\":\"https:\\\/\\\/tuguia.combarranquilla.co\\\/Revista\\\/mimas-desde-el-planetario-combarranquilla-para-el-caribe\\\/\",\"url\":\"https:\\\/\\\/tuguia.combarranquilla.co\\\/Revista\\\/mimas-desde-el-planetario-combarranquilla-para-el-caribe\\\/\",\"name\":\"MIMAS: Desde el Planetario Combarranquilla para el Caribe - Tu Gu\u00eda\",\"isPartOf\":{\"@id\":\"https:\\\/\\\/tuguia.combarranquilla.co\\\/Revista\\\/#website\"},\"primaryImageOfPage\":{\"@id\":\"https:\\\/\\\/tuguia.combarranquilla.co\\\/Revista\\\/mimas-desde-el-planetario-combarranquilla-para-el-caribe\\\/#primaryimage\"},\"image\":{\"@id\":\"https:\\\/\\\/tuguia.combarranquilla.co\\\/Revista\\\/mimas-desde-el-planetario-combarranquilla-para-el-caribe\\\/#primaryimage\"},\"thumbnailUrl\":\"https:\\\/\\\/tuguia.combarranquilla.co\\\/Revista\\\/wp-content\\\/uploads\\\/2025\\\/06\\\/DSC_0700-scaled.jpg\",\"datePublished\":\"2025-06-12T14:28:10+00:00\",\"dateModified\":\"2025-06-13T14:18:04+00:00\",\"breadcrumb\":{\"@id\":\"https:\\\/\\\/tuguia.combarranquilla.co\\\/Revista\\\/mimas-desde-el-planetario-combarranquilla-para-el-caribe\\\/#breadcrumb\"},\"inLanguage\":\"es-CO\",\"potentialAction\":[{\"@type\":\"ReadAction\",\"target\":[\"https:\\\/\\\/tuguia.combarranquilla.co\\\/Revista\\\/mimas-desde-el-planetario-combarranquilla-para-el-caribe\\\/\"]}]},{\"@type\":\"ImageObject\",\"inLanguage\":\"es-CO\",\"@id\":\"https:\\\/\\\/tuguia.combarranquilla.co\\\/Revista\\\/mimas-desde-el-planetario-combarranquilla-para-el-caribe\\\/#primaryimage\",\"url\":\"https:\\\/\\\/tuguia.combarranquilla.co\\\/Revista\\\/wp-content\\\/uploads\\\/2025\\\/06\\\/DSC_0700-scaled.jpg\",\"contentUrl\":\"https:\\\/\\\/tuguia.combarranquilla.co\\\/Revista\\\/wp-content\\\/uploads\\\/2025\\\/06\\\/DSC_0700-scaled.jpg\",\"width\":2560,\"height\":1707},{\"@type\":\"BreadcrumbList\",\"@id\":\"https:\\\/\\\/tuguia.combarranquilla.co\\\/Revista\\\/mimas-desde-el-planetario-combarranquilla-para-el-caribe\\\/#breadcrumb\",\"itemListElement\":[{\"@type\":\"ListItem\",\"position\":1,\"name\":\"Inicio\",\"item\":\"https:\\\/\\\/tuguia.combarranquilla.co\\\/Revista\\\/\"},{\"@type\":\"ListItem\",\"position\":2,\"name\":\"MIMAS: Desde el Planetario Combarranquilla para el Caribe\"}]},{\"@type\":\"WebSite\",\"@id\":\"https:\\\/\\\/tuguia.combarranquilla.co\\\/Revista\\\/#website\",\"url\":\"https:\\\/\\\/tuguia.combarranquilla.co\\\/Revista\\\/\",\"name\":\"Tu Gu\u00eda\",\"description\":\"La revista donde lo tienes todo.\",\"publisher\":{\"@id\":\"https:\\\/\\\/tuguia.combarranquilla.co\\\/Revista\\\/#organization\"},\"alternateName\":\"Tu Gu\u00eda Combarranquilla\",\"potentialAction\":[{\"@type\":\"SearchAction\",\"target\":{\"@type\":\"EntryPoint\",\"urlTemplate\":\"https:\\\/\\\/tuguia.combarranquilla.co\\\/Revista\\\/?s={search_term_string}\"},\"query-input\":{\"@type\":\"PropertyValueSpecification\",\"valueRequired\":true,\"valueName\":\"search_term_string\"}}],\"inLanguage\":\"es-CO\"},{\"@type\":\"Organization\",\"@id\":\"https:\\\/\\\/tuguia.combarranquilla.co\\\/Revista\\\/#organization\",\"name\":\"Tu Gu\u00eda Combarranquilla\",\"url\":\"https:\\\/\\\/tuguia.combarranquilla.co\\\/Revista\\\/\",\"logo\":{\"@type\":\"ImageObject\",\"inLanguage\":\"es-CO\",\"@id\":\"https:\\\/\\\/tuguia.combarranquilla.co\\\/Revista\\\/#\\\/schema\\\/logo\\\/image\\\/\",\"url\":\"https:\\\/\\\/tuguia.combarranquilla.co\\\/Revista\\\/wp-content\\\/uploads\\\/2022\\\/02\\\/logo-guia-combarranquilla.svg\",\"contentUrl\":\"https:\\\/\\\/tuguia.combarranquilla.co\\\/Revista\\\/wp-content\\\/uploads\\\/2022\\\/02\\\/logo-guia-combarranquilla.svg\",\"caption\":\"Tu Gu\u00eda Combarranquilla\"},\"image\":{\"@id\":\"https:\\\/\\\/tuguia.combarranquilla.co\\\/Revista\\\/#\\\/schema\\\/logo\\\/image\\\/\"}},{\"@type\":\"Person\",\"@id\":\"https:\\\/\\\/tuguia.combarranquilla.co\\\/Revista\\\/#\\\/schema\\\/person\\\/dfacca4b8219e57377c45d1e37a9cc8d\",\"name\":\"Planetario Combarranquilla\",\"image\":{\"@type\":\"ImageObject\",\"inLanguage\":\"es-CO\",\"@id\":\"https:\\\/\\\/tuguia.combarranquilla.co\\\/Revista\\\/wp-content\\\/uploads\\\/2025\\\/03\\\/cropped-1@3x-96x96.png\",\"url\":\"https:\\\/\\\/tuguia.combarranquilla.co\\\/Revista\\\/wp-content\\\/uploads\\\/2025\\\/03\\\/cropped-1@3x-96x96.png\",\"contentUrl\":\"https:\\\/\\\/tuguia.combarranquilla.co\\\/Revista\\\/wp-content\\\/uploads\\\/2025\\\/03\\\/cropped-1@3x-96x96.png\",\"caption\":\"Planetario Combarranquilla\"},\"url\":\"https:\\\/\\\/tuguia.combarranquilla.co\\\/Revista\\\/author\\\/planetario\\\/\"}]}<\/script>\n<!-- \/ Yoast SEO plugin. -->","yoast_head_json":{"title":"MIMAS: Desde el Planetario Combarranquilla para el Caribe - Tu Gu\u00eda","robots":{"index":"index","follow":"follow","max-snippet":"max-snippet:-1","max-image-preview":"max-image-preview:large","max-video-preview":"max-video-preview:-1"},"canonical":"https:\/\/tuguia.combarranquilla.co\/Revista\/mimas-desde-el-planetario-combarranquilla-para-el-caribe\/","og_locale":"es_ES","og_type":"article","og_title":"MIMAS: Desde el Planetario Combarranquilla para el Caribe - Tu Gu\u00eda","og_description":"En marzo de este a\u00f1o, astr\u00f3nomos de la NASA afirmaron que un total de 274 lunas orbitan Saturno. Mimas, una luna helada, es el sat\u00e9lite m\u00e1s interno del planeta de los anillos; y es tambi\u00e9n el nombre del nuevo lanzamiento del Planetario Combarranquilla. La Muestra Interactiva M\u00f3vil de Astronom\u00eda, MIMAS, es un planetario m\u00f3vil que [&hellip;]","og_url":"https:\/\/tuguia.combarranquilla.co\/Revista\/mimas-desde-el-planetario-combarranquilla-para-el-caribe\/","og_site_name":"Tu Gu\u00eda","article_published_time":"2025-06-12T14:28:10+00:00","article_modified_time":"2025-06-13T14:18:04+00:00","og_image":[{"width":2560,"height":1707,"url":"https:\/\/tuguia.combarranquilla.co\/Revista\/wp-content\/uploads\/2025\/06\/DSC_0700-scaled.jpg","type":"image\/jpeg"}],"author":"Planetario Combarranquilla","twitter_card":"summary_large_image","twitter_misc":{"Escrito por":"Planetario Combarranquilla","Tiempo de lectura":"3 minutos"},"schema":{"@context":"https:\/\/schema.org","@graph":[{"@type":"Article","@id":"https:\/\/tuguia.combarranquilla.co\/Revista\/mimas-desde-el-planetario-combarranquilla-para-el-caribe\/#article","isPartOf":{"@id":"https:\/\/tuguia.combarranquilla.co\/Revista\/mimas-desde-el-planetario-combarranquilla-para-el-caribe\/"},"author":{"name":"Planetario Combarranquilla","@id":"https:\/\/tuguia.combarranquilla.co\/Revista\/#\/schema\/person\/dfacca4b8219e57377c45d1e37a9cc8d"},"headline":"MIMAS: Desde el Planetario Combarranquilla para el Caribe","datePublished":"2025-06-12T14:28:10+00:00","dateModified":"2025-06-13T14:18:04+00:00","mainEntityOfPage":{"@id":"https:\/\/tuguia.combarranquilla.co\/Revista\/mimas-desde-el-planetario-combarranquilla-para-el-caribe\/"},"wordCount":444,"commentCount":0,"publisher":{"@id":"https:\/\/tuguia.combarranquilla.co\/Revista\/#organization"},"image":{"@id":"https:\/\/tuguia.combarranquilla.co\/Revista\/mimas-desde-el-planetario-combarranquilla-para-el-caribe\/#primaryimage"},"thumbnailUrl":"https:\/\/tuguia.combarranquilla.co\/Revista\/wp-content\/uploads\/2025\/06\/DSC_0700-scaled.jpg","articleSection":["CIENCIA Y CULTURA"],"inLanguage":"es-CO","potentialAction":[{"@type":"CommentAction","name":"Comment","target":["https:\/\/tuguia.combarranquilla.co\/Revista\/mimas-desde-el-planetario-combarranquilla-para-el-caribe\/#respond"]}]},{"@type":"WebPage","@id":"https:\/\/tuguia.combarranquilla.co\/Revista\/mimas-desde-el-planetario-combarranquilla-para-el-caribe\/","url":"https:\/\/tuguia.combarranquilla.co\/Revista\/mimas-desde-el-planetario-combarranquilla-para-el-caribe\/","name":"MIMAS: Desde el Planetario Combarranquilla para el Caribe - Tu Gu\u00eda","isPartOf":{"@id":"https:\/\/tuguia.combarranquilla.co\/Revista\/#website"},"primaryImageOfPage":{"@id":"https:\/\/tuguia.combarranquilla.co\/Revista\/mimas-desde-el-planetario-combarranquilla-para-el-caribe\/#primaryimage"},"image":{"@id":"https:\/\/tuguia.combarranquilla.co\/Revista\/mimas-desde-el-planetario-combarranquilla-para-el-caribe\/#primaryimage"},"thumbnailUrl":"https:\/\/tuguia.combarranquilla.co\/Revista\/wp-content\/uploads\/2025\/06\/DSC_0700-scaled.jpg","datePublished":"2025-06-12T14:28:10+00:00","dateModified":"2025-06-13T14:18:04+00:00","breadcrumb":{"@id":"https:\/\/tuguia.combarranquilla.co\/Revista\/mimas-desde-el-planetario-combarranquilla-para-el-caribe\/#breadcrumb"},"inLanguage":"es-CO","potentialAction":[{"@type":"ReadAction","target":["https:\/\/tuguia.combarranquilla.co\/Revista\/mimas-desde-el-planetario-combarranquilla-para-el-caribe\/"]}]},{"@type":"ImageObject","inLanguage":"es-CO","@id":"https:\/\/tuguia.combarranquilla.co\/Revista\/mimas-desde-el-planetario-combarranquilla-para-el-caribe\/#primaryimage","url":"https:\/\/tuguia.combarranquilla.co\/Revista\/wp-content\/uploads\/2025\/06\/DSC_0700-scaled.jpg","contentUrl":"https:\/\/tuguia.combarranquilla.co\/Revista\/wp-content\/uploads\/2025\/06\/DSC_0700-scaled.jpg","width":2560,"height":1707},{"@type":"BreadcrumbList","@id":"https:\/\/tuguia.combarranquilla.co\/Revista\/mimas-desde-el-planetario-combarranquilla-para-el-caribe\/#breadcrumb","itemListElement":[{"@type":"ListItem","position":1,"name":"Inicio","item":"https:\/\/tuguia.combarranquilla.co\/Revista\/"},{"@type":"ListItem","position":2,"name":"MIMAS: Desde el Planetario Combarranquilla para el Caribe"}]},{"@type":"WebSite","@id":"https:\/\/tuguia.combarranquilla.co\/Revista\/#website","url":"https:\/\/tuguia.combarranquilla.co\/Revista\/","name":"Tu Gu\u00eda","description":"La revista donde lo tienes todo.","publisher":{"@id":"https:\/\/tuguia.combarranquilla.co\/Revista\/#organization"},"alternateName":"Tu Gu\u00eda Combarranquilla","potentialAction":[{"@type":"SearchAction","target":{"@type":"EntryPoint","urlTemplate":"https:\/\/tuguia.combarranquilla.co\/Revista\/?s={search_term_string}"},"query-input":{"@type":"PropertyValueSpecification","valueRequired":true,"valueName":"search_term_string"}}],"inLanguage":"es-CO"},{"@type":"Organization","@id":"https:\/\/tuguia.combarranquilla.co\/Revista\/#organization","name":"Tu Gu\u00eda Combarranquilla","url":"https:\/\/tuguia.combarranquilla.co\/Revista\/","logo":{"@type":"ImageObject","inLanguage":"es-CO","@id":"https:\/\/tuguia.combarranquilla.co\/Revista\/#\/schema\/logo\/image\/","url":"https:\/\/tuguia.combarranquilla.co\/Revista\/wp-content\/uploads\/2022\/02\/logo-guia-combarranquilla.svg","contentUrl":"https:\/\/tuguia.combarranquilla.co\/Revista\/wp-content\/uploads\/2022\/02\/logo-guia-combarranquilla.svg","caption":"Tu Gu\u00eda Combarranquilla"},"image":{"@id":"https:\/\/tuguia.combarranquilla.co\/Revista\/#\/schema\/logo\/image\/"}},{"@type":"Person","@id":"https:\/\/tuguia.combarranquilla.co\/Revista\/#\/schema\/person\/dfacca4b8219e57377c45d1e37a9cc8d","name":"Planetario Combarranquilla","image":{"@type":"ImageObject","inLanguage":"es-CO","@id":"https:\/\/tuguia.combarranquilla.co\/Revista\/wp-content\/uploads\/2025\/03\/cropped-1@3x-96x96.png","url":"https:\/\/tuguia.combarranquilla.co\/Revista\/wp-content\/uploads\/2025\/03\/cropped-1@3x-96x96.png","contentUrl":"https:\/\/tuguia.combarranquilla.co\/Revista\/wp-content\/uploads\/2025\/03\/cropped-1@3x-96x96.png","caption":"Planetario Combarranquilla"},"url":"https:\/\/tuguia.combarranquilla.co\/Revista\/author\/planetario\/"}]}},"_links":{"self":[{"href":"https:\/\/tuguia.combarranquilla.co\/Revista\/wp-json\/wp\/v2\/posts\/6654","targetHints":{"allow":["GET"]}}],"collection":[{"href":"https:\/\/tuguia.combarranquilla.co\/Revista\/wp-json\/wp\/v2\/posts"}],"about":[{"href":"https:\/\/tuguia.combarranquilla.co\/Revista\/wp-json\/wp\/v2\/types\/post"}],"author":[{"embeddable":true,"href":"https:\/\/tuguia.combarranquilla.co\/Revista\/wp-json\/wp\/v2\/users\/3"}],"replies":[{"embeddable":true,"href":"https:\/\/tuguia.combarranquilla.co\/Revista\/wp-json\/wp\/v2\/comments?post=6654"}],"version-history":[{"count":14,"href":"https:\/\/tuguia.combarranquilla.co\/Revista\/wp-json\/wp\/v2\/posts\/6654\/revisions"}],"predecessor-version":[{"id":6741,"href":"https:\/\/tuguia.combarranquilla.co\/Revista\/wp-json\/wp\/v2\/posts\/6654\/revisions\/6741"}],"wp:featuredmedia":[{"embeddable":true,"href":"https:\/\/tuguia.combarranquilla.co\/Revista\/wp-json\/wp\/v2\/media\/6729"}],"wp:attachment":[{"href":"https:\/\/tuguia.combarranquilla.co\/Revista\/wp-json\/wp\/v2\/media?parent=6654"}],"wp:term":[{"taxonomy":"category","embeddable":true,"href":"https:\/\/tuguia.combarranquilla.co\/Revista\/wp-json\/wp\/v2\/categories?post=6654"},{"taxonomy":"post_tag","embeddable":true,"href":"https:\/\/tuguia.combarranquilla.co\/Revista\/wp-json\/wp\/v2\/tags?post=6654"}],"curies":[{"name":"wp","href":"https:\/\/api.w.org\/{rel}","templated":true}]}}