{"id":6684,"date":"2025-06-12T09:52:35","date_gmt":"2025-06-12T14:52:35","guid":{"rendered":"https:\/\/tuguia.combarranquilla.co\/Revista\/?p=6684"},"modified":"2025-06-17T08:41:43","modified_gmt":"2025-06-17T13:41:43","slug":"si-yo-amo-yo-cuido-kelly-machado-y-marjorie-rocha-area-de-bienestar-del-colegio-boston-internacional","status":"publish","type":"post","link":"https:\/\/tuguia.combarranquilla.co\/Revista\/si-yo-amo-yo-cuido-kelly-machado-y-marjorie-rocha-area-de-bienestar-del-colegio-boston-internacional\/","title":{"rendered":"&#8220;Si yo amo, yo cuido&#8221;: Kelly Machado y Marjorie Rocha, \u00e1rea de Bienestar del Colegio Boston Internacional"},"content":{"rendered":"\n<p>Kelly Machado y Marjorie Rocha trabajan en el Boston International School desde hace varios a\u00f1os como enfermera y fonoaudi\u00f3loga, respectivamente. A lo largo de su trayectoria, han brindado su asistencia y sus conocimientos a la poblaci\u00f3n m\u00e1s vulnerable: los ni\u00f1os.<\/p>\n\n\n\n<p>Como profesionales en el \u00e1rea de Bienestar de una instituci\u00f3n educativa, Kelly y Marjorie reconocen la importancia de generar ambientes sanos en los hogares. Entre los temas relacionados con el bienestar de los ni\u00f1os, hay uno que ambas destacan por su impacto en la poblaci\u00f3n educativa: la nutrici\u00f3n infantil.<\/p>\n\n\n\n<h2 class=\"wp-block-heading has-medium-font-size\"><strong>El colegio como aliado de las familias<\/strong><\/h2>\n\n\n\n<p>El equipo de Bienestar del Colegio Boston Internacional se ha consolidado como&nbsp;un complemento al trabajo que realizan los pediatras y nutri\u00f3logos. Junto con la fonoaudi\u00f3loga Marjorie, Kelly tiene el prop\u00f3sito de orientar a los padres de familia o cuidadores, para que&nbsp;comprendan la relevancia de la nutrici\u00f3n. Pero resalta que el colegio solo puede ser un apoyo. \u201cLa nutrici\u00f3n como tal comienza desde casa, donde los m\u00e1s peque\u00f1os tienen la oportunidad de explorar sus gustos y relacionarse mejor con la comida\u201d, comenta.<\/p>\n\n\n\n<p>La alimentaci\u00f3n es fundamental para el crecimiento de los ni\u00f1os, especialmente cuando est\u00e1n en etapa escolar. Marjorie afirma que \u201ca trav\u00e9s de una nutrici\u00f3n balanceada, el ni\u00f1o comienza a potenciar sus condiciones cerebrales, que est\u00e1n en constante desarrollo. Esto tambi\u00e9n enriquece el acto comunicativo\u201d.<\/p>\n\n\n<div class=\"wp-block-image\">\n<figure class=\"aligncenter is-resized\"><img decoding=\"async\" data-src=\"https:\/\/redboston.edu.co\/wp-content\/uploads\/2023\/07\/photo-sede-preschool-2.webp\" alt=\"Preschool - Boston International School\" style=\"width:791px;height:auto\" src=\"data:image\/svg+xml;base64,PHN2ZyB3aWR0aD0iMSIgaGVpZ2h0PSIxIiB4bWxucz0iaHR0cDovL3d3dy53My5vcmcvMjAwMC9zdmciPjwvc3ZnPg==\" class=\"lazyload\" \/><figcaption class=\"wp-element-caption\">Tomado de https:\/\/redboston.edu.co\/preschool-es\/<\/figcaption><\/figure><\/div>\n\n\n<p>En el entorno escolar, es muy com\u00fan encontrar ni\u00f1os y adolescentes con s\u00edntomas de alguna enfermedad viral. Kelly insiste en que la alimentaci\u00f3n saludable puede marcar una diferencia clave en este tipo de situaciones. \u201cUna nutrici\u00f3n sana permite que el sistema inmunol\u00f3gico se fortalezca. Creamos defensas para poder contrarrestar cualquier virus\u201d, a\u00f1ade.<\/p>\n\n\n\n<p>El equipo de Bienestar del Colegio Boston busca ser una herramienta educativa que fomenta el compromiso de las&nbsp;familias&nbsp;con los h\u00e1bitos saludables. Desde enfermer\u00eda, Kelly ha sido testigo del aumento de las enfermedades y las dificultades en el aprendizaje. Por eso trabaja de la mano de la fonoaudi\u00f3loga para mitigar los efectos de una alimentaci\u00f3n desequilibrada.<\/p>\n\n\n\n<p>En su rol como fonoaudi\u00f3loga, Marjorie refuerza la importancia de la articulaci\u00f3n y la masticaci\u00f3n en su plan de acci\u00f3n. \u201cTodo tiene una base fisiol\u00f3gica y nutricional desde el embarazo; por eso todo comienza en casa\u201d, complementa.<\/p>\n\n\n\n<h2 class=\"wp-block-heading has-medium-font-size\"><strong>Consecuencias de una mala nutrici\u00f3n<\/strong><\/h2>\n\n\n\n<p><em>\u2014\u00bfDesayunaste hoy?<\/em><\/p>\n\n\n\n<p><em>\u2014No&#8230; Mis papitos no pudieron hacerme el desayuno.<\/em><\/p>\n\n\n\n<p>Como enfermera escolar, Kelly&nbsp;ha escuchado este tipo de respuestas en repetidas ocasiones. Es una realidad que afecta no solo la salud f\u00edsica del ni\u00f1o, sino tambi\u00e9n su rendimiento acad\u00e9mico y su estabilidad emocional.<\/p>\n\n\n\n<p>La preocupaci\u00f3n por el aumento de enfermedades relacionadas con una alimentaci\u00f3n inadecuada crece cada d\u00eda. Entre las principales consecuencias. Kelly nombra las siguientes:<\/p>\n\n\n\n<div class=\"wp-block-media-text is-stacked-on-mobile\" style=\"grid-template-columns:48% auto\"><figure class=\"wp-block-media-text__media\"><img decoding=\"async\" width=\"1024\" height=\"683\" data-src=\"https:\/\/tuguia.combarranquilla.co\/Revista\/wp-content\/uploads\/2025\/06\/la-nina-no-quiere-comer-verduras-1-1024x683.jpg\" alt=\"\" class=\"wp-image-6694 size-full lazyload\" data-srcset=\"https:\/\/tuguia.combarranquilla.co\/Revista\/wp-content\/uploads\/2025\/06\/la-nina-no-quiere-comer-verduras-1-1024x683.jpg 1024w, https:\/\/tuguia.combarranquilla.co\/Revista\/wp-content\/uploads\/2025\/06\/la-nina-no-quiere-comer-verduras-1-300x200.jpg 300w, https:\/\/tuguia.combarranquilla.co\/Revista\/wp-content\/uploads\/2025\/06\/la-nina-no-quiere-comer-verduras-1-768x512.jpg 768w, https:\/\/tuguia.combarranquilla.co\/Revista\/wp-content\/uploads\/2025\/06\/la-nina-no-quiere-comer-verduras-1-1536x1024.jpg 1536w, https:\/\/tuguia.combarranquilla.co\/Revista\/wp-content\/uploads\/2025\/06\/la-nina-no-quiere-comer-verduras-1-2048x1366.jpg 2048w\" data-sizes=\"(max-width: 1024px) 100vw, 1024px\" src=\"data:image\/svg+xml;base64,PHN2ZyB3aWR0aD0iMSIgaGVpZ2h0PSIxIiB4bWxucz0iaHR0cDovL3d3dy53My5vcmcvMjAwMC9zdmciPjwvc3ZnPg==\" style=\"--smush-placeholder-width: 1024px; --smush-placeholder-aspect-ratio: 1024\/683;\" \/><\/figure><div class=\"wp-block-media-text__content\">\n<ul class=\"wp-block-list\">\n<li>Diabetes<\/li>\n\n\n\n<li>Obesidad<\/li>\n\n\n\n<li>Depresi\u00f3n<\/li>\n\n\n\n<li>D\u00e9ficit en los huesos<\/li>\n\n\n\n<li>Mal desarrollo mental<\/li>\n\n\n\n<li>Anemia<\/li>\n<\/ul>\n<\/div><\/div>\n\n\n\n<p><\/p>\n\n\n\n<p>Sin embargo, estas afecciones pueden prevenirse. Desde Bienestar, tanto Kelly como Marjorie se han dedicado a desarrollar estrategias concretas para contrarrestar h\u00e1bitos poco saludables en el hogar.<\/p>\n\n\n\n<h2 class=\"wp-block-heading has-medium-font-size\"><strong>Herramientas para mejorar la nutrici\u00f3n: el Plan Casero<\/strong><\/h2>\n\n\n\n<p>Entre las estrategias que implementan la enfermera y la fonoaudi\u00f3loga del Colegio Boston Internacional, destaca el Plan Casero, dirigido a los padres de familia y cuidadores de los estudiantes. \u201cEsta iniciativa nace de la necesidad de nosotras como equipo de Bienestar fusionarnos con los padres o la persona que est\u00e9 a cargo del ni\u00f1o en casa\u201d, explica Marjorie. El Plan Casero es una v\u00eda de actividades donde se concientiza sobre la importancia de los alimentos en la vida del ni\u00f1o y del joven.<\/p>\n\n\n\n<p>La salud y el bienestar de los ni\u00f1os se construyen todos los d\u00edas, desde casa, desde que se prepara la lonchera en las ma\u00f1anas hasta la cena que se comparte por las tardes. En este contexto, el Plan Casero es un gran recurso, puesto que&nbsp;especifica&nbsp;lo que puede hacerse en casa para hacer llamativo el proceso de alimentaci\u00f3n en los m\u00e1s j\u00f3venes. En el documento tambi\u00e9n se a\u00f1aden&nbsp;enlaces&nbsp;de publicaciones de neuropsic\u00f3logos y m\u00e9dicos pediatras que refuerzan el&nbsp;planteamiento&nbsp;del plan.<\/p>\n\n\n\n<h2 class=\"wp-block-heading has-medium-font-size\"><strong>Recomendaciones para padres<\/strong><\/h2>\n\n\n\n<p>En la actualidad, estamos en una contracultura en la alimentaci\u00f3n. El consumismo y la publicidad generalmente van en contra de lo que buscan promover los profesionales de la salud. Por esa raz\u00f3n, adem\u00e1s del Plan Casero, Kelly y Marjorie nos comparten otras recomendaciones:<\/p>\n\n\n\n<div class=\"wp-block-group is-vertical is-layout-flex wp-container-core-group-is-layout-8cf370e7 wp-block-group-is-layout-flex\">\n<ol start=\"1\" class=\"wp-block-list\">\n<li>Cocina con tu hijo: expl\u00edcale la importancia de cada alimento y degusta con \u00e9l, ya que los ni\u00f1os aprenden haciendo.<\/li>\n<\/ol>\n\n\n\n<ol start=\"2\" class=\"wp-block-list\">\n<li>A\u00f1ade colores y variedad: utiliza frutas, vegetales, alimentos ricos en prote\u00ednas y productos l\u00e1cteos.<\/li>\n<\/ol>\n\n\n\n<ol start=\"3\" class=\"wp-block-list\">\n<li>Reduce el&nbsp;az\u00facar&nbsp;y las grasas: al preparar la lonchera de tus hijos, evita empacar mecatos o golosinas.<\/li>\n<\/ol>\n\n\n\n<ol start=\"4\" class=\"wp-block-list\">\n<li>Lleva un control: las citas con nutricionistas son un recurso importante para el desarrollo de tu hijo.<\/li>\n<\/ol>\n<\/div>\n\n\n\n<p><\/p>\n\n\n<div class=\"wp-block-image\">\n<figure class=\"aligncenter size-large is-resized\"><img decoding=\"async\" width=\"1024\" height=\"684\" data-src=\"https:\/\/tuguia.combarranquilla.co\/Revista\/wp-content\/uploads\/2025\/06\/feliz-familia-negra-con-madre-sirviendo-nino-con-copos-de-maiz-1024x684.jpg\" alt=\"\" class=\"wp-image-6695 lazyload\" style=\"--smush-placeholder-width: 1024px; --smush-placeholder-aspect-ratio: 1024\/684;width:653px;height:auto\" data-srcset=\"https:\/\/tuguia.combarranquilla.co\/Revista\/wp-content\/uploads\/2025\/06\/feliz-familia-negra-con-madre-sirviendo-nino-con-copos-de-maiz-1024x684.jpg 1024w, https:\/\/tuguia.combarranquilla.co\/Revista\/wp-content\/uploads\/2025\/06\/feliz-familia-negra-con-madre-sirviendo-nino-con-copos-de-maiz-300x200.jpg 300w, https:\/\/tuguia.combarranquilla.co\/Revista\/wp-content\/uploads\/2025\/06\/feliz-familia-negra-con-madre-sirviendo-nino-con-copos-de-maiz-768x513.jpg 768w, https:\/\/tuguia.combarranquilla.co\/Revista\/wp-content\/uploads\/2025\/06\/feliz-familia-negra-con-madre-sirviendo-nino-con-copos-de-maiz-1536x1025.jpg 1536w, https:\/\/tuguia.combarranquilla.co\/Revista\/wp-content\/uploads\/2025\/06\/feliz-familia-negra-con-madre-sirviendo-nino-con-copos-de-maiz-2048x1367.jpg 2048w\" data-sizes=\"(max-width: 1024px) 100vw, 1024px\" src=\"data:image\/svg+xml;base64,PHN2ZyB3aWR0aD0iMSIgaGVpZ2h0PSIxIiB4bWxucz0iaHR0cDovL3d3dy53My5vcmcvMjAwMC9zdmciPjwvc3ZnPg==\" \/><\/figure><\/div>\n\n\n<p>\u201cQueremos llevar a las familias a que tengan otra mirada de la salud y la alimentaci\u00f3n de sus ni\u00f1os\u201d;&nbsp;ese es el mensaje que la enfermera y la fonoaudi\u00f3loga del Colegio Boston siempre comparten a trav\u00e9s de su trabajo.<\/p>\n\n\n\n<p>Generar bienestar en los ni\u00f1os solo es posible si existe un trabajo conjunto. En el Colegio Boston, la uni\u00f3n de&nbsp;coordinadores, directivos y cuerpo docente ha creado una comunidad que impulsa la salud. Comprometidas con esta visi\u00f3n, Kelly Machado y Marjorie Rocha esperan seguir fortaleciendo los lazos que permiten cuidar, acompa\u00f1ar y educar a los estudiantes en su etapa de crecimiento. Porque si yo amo, yo cuido.<\/p>\n","protected":false},"excerpt":{"rendered":"<p>Kelly Machado y Marjorie Rocha trabajan en el Boston International School desde hace varios a\u00f1os como enfermera y fonoaudi\u00f3loga, respectivamente. A lo largo de su trayectoria, han brindado su asistencia y sus conocimientos a la poblaci\u00f3n m\u00e1s vulnerable: los ni\u00f1os. Como profesionales en el \u00e1rea de Bienestar de una instituci\u00f3n educativa, Kelly y Marjorie reconocen [&hellip;]<\/p>\n","protected":false},"author":2,"featured_media":6690,"comment_status":"open","ping_status":"open","sticky":false,"template":"","format":"standard","meta":{"inline_featured_image":false,"footnotes":""},"categories":[5],"tags":[],"class_list":["post-6684","post","type-post","status-publish","format-standard","has-post-thumbnail","hentry","category-vida-saludable"],"yoast_head":"<!-- This site is optimized with the Yoast SEO plugin v27.4 - https:\/\/yoast.com\/product\/yoast-seo-wordpress\/ -->\n<title>&quot;Si yo amo, yo cuido&quot;: Kelly Machado y Marjorie Rocha, \u00e1rea de Bienestar del Colegio Boston Internacional - Tu Gu\u00eda<\/title>\n<meta name=\"robots\" content=\"index, follow, max-snippet:-1, max-image-preview:large, max-video-preview:-1\" \/>\n<link rel=\"canonical\" href=\"https:\/\/tuguia.combarranquilla.co\/Revista\/si-yo-amo-yo-cuido-kelly-machado-y-marjorie-rocha-area-de-bienestar-del-colegio-boston-internacional\/\" \/>\n<meta property=\"og:locale\" content=\"es_ES\" \/>\n<meta property=\"og:type\" content=\"article\" \/>\n<meta property=\"og:title\" content=\"&quot;Si yo amo, yo cuido&quot;: Kelly Machado y Marjorie Rocha, \u00e1rea de Bienestar del Colegio Boston Internacional - Tu Gu\u00eda\" \/>\n<meta property=\"og:description\" content=\"Kelly Machado y Marjorie Rocha trabajan en el Boston International School desde hace varios a\u00f1os como enfermera y fonoaudi\u00f3loga, respectivamente. A lo largo de su trayectoria, han brindado su asistencia y sus conocimientos a la poblaci\u00f3n m\u00e1s vulnerable: los ni\u00f1os. Como profesionales en el \u00e1rea de Bienestar de una instituci\u00f3n educativa, Kelly y Marjorie reconocen [&hellip;]\" \/>\n<meta property=\"og:url\" content=\"https:\/\/tuguia.combarranquilla.co\/Revista\/si-yo-amo-yo-cuido-kelly-machado-y-marjorie-rocha-area-de-bienestar-del-colegio-boston-internacional\/\" \/>\n<meta property=\"og:site_name\" content=\"Tu Gu\u00eda\" \/>\n<meta property=\"article:published_time\" content=\"2025-06-12T14:52:35+00:00\" \/>\n<meta property=\"article:modified_time\" content=\"2025-06-17T13:41:43+00:00\" \/>\n<meta property=\"og:image\" content=\"https:\/\/tuguia.combarranquilla.co\/Revista\/wp-content\/uploads\/2025\/06\/8-scaled.jpg\" \/>\n\t<meta property=\"og:image:width\" content=\"2560\" \/>\n\t<meta property=\"og:image:height\" content=\"1280\" \/>\n\t<meta property=\"og:image:type\" content=\"image\/jpeg\" \/>\n<meta name=\"author\" content=\"Comunicaciones Combarranquilla\" \/>\n<meta name=\"twitter:card\" content=\"summary_large_image\" \/>\n<meta name=\"twitter:label1\" content=\"Escrito por\" \/>\n\t<meta name=\"twitter:data1\" content=\"Comunicaciones Combarranquilla\" \/>\n\t<meta name=\"twitter:label2\" content=\"Tiempo de lectura\" \/>\n\t<meta name=\"twitter:data2\" content=\"5 minutos\" \/>\n<script type=\"application\/ld+json\" class=\"yoast-schema-graph\">{\"@context\":\"https:\\\/\\\/schema.org\",\"@graph\":[{\"@type\":\"Article\",\"@id\":\"https:\\\/\\\/tuguia.combarranquilla.co\\\/Revista\\\/si-yo-amo-yo-cuido-kelly-machado-y-marjorie-rocha-area-de-bienestar-del-colegio-boston-internacional\\\/#article\",\"isPartOf\":{\"@id\":\"https:\\\/\\\/tuguia.combarranquilla.co\\\/Revista\\\/si-yo-amo-yo-cuido-kelly-machado-y-marjorie-rocha-area-de-bienestar-del-colegio-boston-internacional\\\/\"},\"author\":{\"name\":\"Comunicaciones Combarranquilla\",\"@id\":\"https:\\\/\\\/tuguia.combarranquilla.co\\\/Revista\\\/#\\\/schema\\\/person\\\/c2c396a77170bd1d5f8ba73294eb0d10\"},\"headline\":\"&#8220;Si yo amo, yo cuido&#8221;: Kelly Machado y Marjorie Rocha, \u00e1rea de Bienestar del Colegio Boston Internacional\",\"datePublished\":\"2025-06-12T14:52:35+00:00\",\"dateModified\":\"2025-06-17T13:41:43+00:00\",\"mainEntityOfPage\":{\"@id\":\"https:\\\/\\\/tuguia.combarranquilla.co\\\/Revista\\\/si-yo-amo-yo-cuido-kelly-machado-y-marjorie-rocha-area-de-bienestar-del-colegio-boston-internacional\\\/\"},\"wordCount\":996,\"commentCount\":0,\"publisher\":{\"@id\":\"https:\\\/\\\/tuguia.combarranquilla.co\\\/Revista\\\/#organization\"},\"image\":{\"@id\":\"https:\\\/\\\/tuguia.combarranquilla.co\\\/Revista\\\/si-yo-amo-yo-cuido-kelly-machado-y-marjorie-rocha-area-de-bienestar-del-colegio-boston-internacional\\\/#primaryimage\"},\"thumbnailUrl\":\"https:\\\/\\\/tuguia.combarranquilla.co\\\/Revista\\\/wp-content\\\/uploads\\\/2025\\\/06\\\/8-scaled.jpg\",\"articleSection\":[\"VIDA SALUDABLE\"],\"inLanguage\":\"es-CO\",\"potentialAction\":[{\"@type\":\"CommentAction\",\"name\":\"Comment\",\"target\":[\"https:\\\/\\\/tuguia.combarranquilla.co\\\/Revista\\\/si-yo-amo-yo-cuido-kelly-machado-y-marjorie-rocha-area-de-bienestar-del-colegio-boston-internacional\\\/#respond\"]}]},{\"@type\":\"WebPage\",\"@id\":\"https:\\\/\\\/tuguia.combarranquilla.co\\\/Revista\\\/si-yo-amo-yo-cuido-kelly-machado-y-marjorie-rocha-area-de-bienestar-del-colegio-boston-internacional\\\/\",\"url\":\"https:\\\/\\\/tuguia.combarranquilla.co\\\/Revista\\\/si-yo-amo-yo-cuido-kelly-machado-y-marjorie-rocha-area-de-bienestar-del-colegio-boston-internacional\\\/\",\"name\":\"\\\"Si yo amo, yo cuido\\\": Kelly Machado y Marjorie Rocha, \u00e1rea de Bienestar del Colegio Boston Internacional - Tu Gu\u00eda\",\"isPartOf\":{\"@id\":\"https:\\\/\\\/tuguia.combarranquilla.co\\\/Revista\\\/#website\"},\"primaryImageOfPage\":{\"@id\":\"https:\\\/\\\/tuguia.combarranquilla.co\\\/Revista\\\/si-yo-amo-yo-cuido-kelly-machado-y-marjorie-rocha-area-de-bienestar-del-colegio-boston-internacional\\\/#primaryimage\"},\"image\":{\"@id\":\"https:\\\/\\\/tuguia.combarranquilla.co\\\/Revista\\\/si-yo-amo-yo-cuido-kelly-machado-y-marjorie-rocha-area-de-bienestar-del-colegio-boston-internacional\\\/#primaryimage\"},\"thumbnailUrl\":\"https:\\\/\\\/tuguia.combarranquilla.co\\\/Revista\\\/wp-content\\\/uploads\\\/2025\\\/06\\\/8-scaled.jpg\",\"datePublished\":\"2025-06-12T14:52:35+00:00\",\"dateModified\":\"2025-06-17T13:41:43+00:00\",\"breadcrumb\":{\"@id\":\"https:\\\/\\\/tuguia.combarranquilla.co\\\/Revista\\\/si-yo-amo-yo-cuido-kelly-machado-y-marjorie-rocha-area-de-bienestar-del-colegio-boston-internacional\\\/#breadcrumb\"},\"inLanguage\":\"es-CO\",\"potentialAction\":[{\"@type\":\"ReadAction\",\"target\":[\"https:\\\/\\\/tuguia.combarranquilla.co\\\/Revista\\\/si-yo-amo-yo-cuido-kelly-machado-y-marjorie-rocha-area-de-bienestar-del-colegio-boston-internacional\\\/\"]}]},{\"@type\":\"ImageObject\",\"inLanguage\":\"es-CO\",\"@id\":\"https:\\\/\\\/tuguia.combarranquilla.co\\\/Revista\\\/si-yo-amo-yo-cuido-kelly-machado-y-marjorie-rocha-area-de-bienestar-del-colegio-boston-internacional\\\/#primaryimage\",\"url\":\"https:\\\/\\\/tuguia.combarranquilla.co\\\/Revista\\\/wp-content\\\/uploads\\\/2025\\\/06\\\/8-scaled.jpg\",\"contentUrl\":\"https:\\\/\\\/tuguia.combarranquilla.co\\\/Revista\\\/wp-content\\\/uploads\\\/2025\\\/06\\\/8-scaled.jpg\",\"width\":2560,\"height\":1280,\"caption\":\"En la foto: Kelly Machado (a la izquierda) y Marjorie Rocha (a la derecha).\"},{\"@type\":\"BreadcrumbList\",\"@id\":\"https:\\\/\\\/tuguia.combarranquilla.co\\\/Revista\\\/si-yo-amo-yo-cuido-kelly-machado-y-marjorie-rocha-area-de-bienestar-del-colegio-boston-internacional\\\/#breadcrumb\",\"itemListElement\":[{\"@type\":\"ListItem\",\"position\":1,\"name\":\"Inicio\",\"item\":\"https:\\\/\\\/tuguia.combarranquilla.co\\\/Revista\\\/\"},{\"@type\":\"ListItem\",\"position\":2,\"name\":\"&#8220;Si yo amo, yo cuido&#8221;: Kelly Machado y Marjorie Rocha, \u00e1rea de Bienestar del Colegio Boston Internacional\"}]},{\"@type\":\"WebSite\",\"@id\":\"https:\\\/\\\/tuguia.combarranquilla.co\\\/Revista\\\/#website\",\"url\":\"https:\\\/\\\/tuguia.combarranquilla.co\\\/Revista\\\/\",\"name\":\"Tu Gu\u00eda\",\"description\":\"La revista donde lo tienes todo.\",\"publisher\":{\"@id\":\"https:\\\/\\\/tuguia.combarranquilla.co\\\/Revista\\\/#organization\"},\"alternateName\":\"Tu Gu\u00eda Combarranquilla\",\"potentialAction\":[{\"@type\":\"SearchAction\",\"target\":{\"@type\":\"EntryPoint\",\"urlTemplate\":\"https:\\\/\\\/tuguia.combarranquilla.co\\\/Revista\\\/?s={search_term_string}\"},\"query-input\":{\"@type\":\"PropertyValueSpecification\",\"valueRequired\":true,\"valueName\":\"search_term_string\"}}],\"inLanguage\":\"es-CO\"},{\"@type\":\"Organization\",\"@id\":\"https:\\\/\\\/tuguia.combarranquilla.co\\\/Revista\\\/#organization\",\"name\":\"Tu Gu\u00eda Combarranquilla\",\"url\":\"https:\\\/\\\/tuguia.combarranquilla.co\\\/Revista\\\/\",\"logo\":{\"@type\":\"ImageObject\",\"inLanguage\":\"es-CO\",\"@id\":\"https:\\\/\\\/tuguia.combarranquilla.co\\\/Revista\\\/#\\\/schema\\\/logo\\\/image\\\/\",\"url\":\"https:\\\/\\\/tuguia.combarranquilla.co\\\/Revista\\\/wp-content\\\/uploads\\\/2022\\\/02\\\/logo-guia-combarranquilla.svg\",\"contentUrl\":\"https:\\\/\\\/tuguia.combarranquilla.co\\\/Revista\\\/wp-content\\\/uploads\\\/2022\\\/02\\\/logo-guia-combarranquilla.svg\",\"caption\":\"Tu Gu\u00eda Combarranquilla\"},\"image\":{\"@id\":\"https:\\\/\\\/tuguia.combarranquilla.co\\\/Revista\\\/#\\\/schema\\\/logo\\\/image\\\/\"}},{\"@type\":\"Person\",\"@id\":\"https:\\\/\\\/tuguia.combarranquilla.co\\\/Revista\\\/#\\\/schema\\\/person\\\/c2c396a77170bd1d5f8ba73294eb0d10\",\"name\":\"Comunicaciones Combarranquilla\",\"image\":{\"@type\":\"ImageObject\",\"inLanguage\":\"es-CO\",\"@id\":\"https:\\\/\\\/tuguia.combarranquilla.co\\\/Revista\\\/wp-content\\\/uploads\\\/2025\\\/05\\\/ABC-Al-Rojo-Logo-96x96.jpg\",\"url\":\"https:\\\/\\\/tuguia.combarranquilla.co\\\/Revista\\\/wp-content\\\/uploads\\\/2025\\\/05\\\/ABC-Al-Rojo-Logo-96x96.jpg\",\"contentUrl\":\"https:\\\/\\\/tuguia.combarranquilla.co\\\/Revista\\\/wp-content\\\/uploads\\\/2025\\\/05\\\/ABC-Al-Rojo-Logo-96x96.jpg\",\"caption\":\"Comunicaciones Combarranquilla\"},\"sameAs\":[\"https:\\\/\\\/www.combarranquilla.co\"],\"url\":\"https:\\\/\\\/tuguia.combarranquilla.co\\\/Revista\\\/author\\\/comunicaciones\\\/\"}]}<\/script>\n<!-- \/ Yoast SEO plugin. -->","yoast_head_json":{"title":"\"Si yo amo, yo cuido\": Kelly Machado y Marjorie Rocha, \u00e1rea de Bienestar del Colegio Boston Internacional - Tu Gu\u00eda","robots":{"index":"index","follow":"follow","max-snippet":"max-snippet:-1","max-image-preview":"max-image-preview:large","max-video-preview":"max-video-preview:-1"},"canonical":"https:\/\/tuguia.combarranquilla.co\/Revista\/si-yo-amo-yo-cuido-kelly-machado-y-marjorie-rocha-area-de-bienestar-del-colegio-boston-internacional\/","og_locale":"es_ES","og_type":"article","og_title":"\"Si yo amo, yo cuido\": Kelly Machado y Marjorie Rocha, \u00e1rea de Bienestar del Colegio Boston Internacional - Tu Gu\u00eda","og_description":"Kelly Machado y Marjorie Rocha trabajan en el Boston International School desde hace varios a\u00f1os como enfermera y fonoaudi\u00f3loga, respectivamente. A lo largo de su trayectoria, han brindado su asistencia y sus conocimientos a la poblaci\u00f3n m\u00e1s vulnerable: los ni\u00f1os. Como profesionales en el \u00e1rea de Bienestar de una instituci\u00f3n educativa, Kelly y Marjorie reconocen [&hellip;]","og_url":"https:\/\/tuguia.combarranquilla.co\/Revista\/si-yo-amo-yo-cuido-kelly-machado-y-marjorie-rocha-area-de-bienestar-del-colegio-boston-internacional\/","og_site_name":"Tu Gu\u00eda","article_published_time":"2025-06-12T14:52:35+00:00","article_modified_time":"2025-06-17T13:41:43+00:00","og_image":[{"width":2560,"height":1280,"url":"https:\/\/tuguia.combarranquilla.co\/Revista\/wp-content\/uploads\/2025\/06\/8-scaled.jpg","type":"image\/jpeg"}],"author":"Comunicaciones Combarranquilla","twitter_card":"summary_large_image","twitter_misc":{"Escrito por":"Comunicaciones Combarranquilla","Tiempo de lectura":"5 minutos"},"schema":{"@context":"https:\/\/schema.org","@graph":[{"@type":"Article","@id":"https:\/\/tuguia.combarranquilla.co\/Revista\/si-yo-amo-yo-cuido-kelly-machado-y-marjorie-rocha-area-de-bienestar-del-colegio-boston-internacional\/#article","isPartOf":{"@id":"https:\/\/tuguia.combarranquilla.co\/Revista\/si-yo-amo-yo-cuido-kelly-machado-y-marjorie-rocha-area-de-bienestar-del-colegio-boston-internacional\/"},"author":{"name":"Comunicaciones Combarranquilla","@id":"https:\/\/tuguia.combarranquilla.co\/Revista\/#\/schema\/person\/c2c396a77170bd1d5f8ba73294eb0d10"},"headline":"&#8220;Si yo amo, yo cuido&#8221;: Kelly Machado y Marjorie Rocha, \u00e1rea de Bienestar del Colegio Boston Internacional","datePublished":"2025-06-12T14:52:35+00:00","dateModified":"2025-06-17T13:41:43+00:00","mainEntityOfPage":{"@id":"https:\/\/tuguia.combarranquilla.co\/Revista\/si-yo-amo-yo-cuido-kelly-machado-y-marjorie-rocha-area-de-bienestar-del-colegio-boston-internacional\/"},"wordCount":996,"commentCount":0,"publisher":{"@id":"https:\/\/tuguia.combarranquilla.co\/Revista\/#organization"},"image":{"@id":"https:\/\/tuguia.combarranquilla.co\/Revista\/si-yo-amo-yo-cuido-kelly-machado-y-marjorie-rocha-area-de-bienestar-del-colegio-boston-internacional\/#primaryimage"},"thumbnailUrl":"https:\/\/tuguia.combarranquilla.co\/Revista\/wp-content\/uploads\/2025\/06\/8-scaled.jpg","articleSection":["VIDA SALUDABLE"],"inLanguage":"es-CO","potentialAction":[{"@type":"CommentAction","name":"Comment","target":["https:\/\/tuguia.combarranquilla.co\/Revista\/si-yo-amo-yo-cuido-kelly-machado-y-marjorie-rocha-area-de-bienestar-del-colegio-boston-internacional\/#respond"]}]},{"@type":"WebPage","@id":"https:\/\/tuguia.combarranquilla.co\/Revista\/si-yo-amo-yo-cuido-kelly-machado-y-marjorie-rocha-area-de-bienestar-del-colegio-boston-internacional\/","url":"https:\/\/tuguia.combarranquilla.co\/Revista\/si-yo-amo-yo-cuido-kelly-machado-y-marjorie-rocha-area-de-bienestar-del-colegio-boston-internacional\/","name":"\"Si yo amo, yo cuido\": Kelly Machado y Marjorie Rocha, \u00e1rea de Bienestar del Colegio Boston Internacional - Tu Gu\u00eda","isPartOf":{"@id":"https:\/\/tuguia.combarranquilla.co\/Revista\/#website"},"primaryImageOfPage":{"@id":"https:\/\/tuguia.combarranquilla.co\/Revista\/si-yo-amo-yo-cuido-kelly-machado-y-marjorie-rocha-area-de-bienestar-del-colegio-boston-internacional\/#primaryimage"},"image":{"@id":"https:\/\/tuguia.combarranquilla.co\/Revista\/si-yo-amo-yo-cuido-kelly-machado-y-marjorie-rocha-area-de-bienestar-del-colegio-boston-internacional\/#primaryimage"},"thumbnailUrl":"https:\/\/tuguia.combarranquilla.co\/Revista\/wp-content\/uploads\/2025\/06\/8-scaled.jpg","datePublished":"2025-06-12T14:52:35+00:00","dateModified":"2025-06-17T13:41:43+00:00","breadcrumb":{"@id":"https:\/\/tuguia.combarranquilla.co\/Revista\/si-yo-amo-yo-cuido-kelly-machado-y-marjorie-rocha-area-de-bienestar-del-colegio-boston-internacional\/#breadcrumb"},"inLanguage":"es-CO","potentialAction":[{"@type":"ReadAction","target":["https:\/\/tuguia.combarranquilla.co\/Revista\/si-yo-amo-yo-cuido-kelly-machado-y-marjorie-rocha-area-de-bienestar-del-colegio-boston-internacional\/"]}]},{"@type":"ImageObject","inLanguage":"es-CO","@id":"https:\/\/tuguia.combarranquilla.co\/Revista\/si-yo-amo-yo-cuido-kelly-machado-y-marjorie-rocha-area-de-bienestar-del-colegio-boston-internacional\/#primaryimage","url":"https:\/\/tuguia.combarranquilla.co\/Revista\/wp-content\/uploads\/2025\/06\/8-scaled.jpg","contentUrl":"https:\/\/tuguia.combarranquilla.co\/Revista\/wp-content\/uploads\/2025\/06\/8-scaled.jpg","width":2560,"height":1280,"caption":"En la foto: Kelly Machado (a la izquierda) y Marjorie Rocha (a la derecha)."},{"@type":"BreadcrumbList","@id":"https:\/\/tuguia.combarranquilla.co\/Revista\/si-yo-amo-yo-cuido-kelly-machado-y-marjorie-rocha-area-de-bienestar-del-colegio-boston-internacional\/#breadcrumb","itemListElement":[{"@type":"ListItem","position":1,"name":"Inicio","item":"https:\/\/tuguia.combarranquilla.co\/Revista\/"},{"@type":"ListItem","position":2,"name":"&#8220;Si yo amo, yo cuido&#8221;: Kelly Machado y Marjorie Rocha, \u00e1rea de Bienestar del Colegio Boston Internacional"}]},{"@type":"WebSite","@id":"https:\/\/tuguia.combarranquilla.co\/Revista\/#website","url":"https:\/\/tuguia.combarranquilla.co\/Revista\/","name":"Tu Gu\u00eda","description":"La revista donde lo tienes todo.","publisher":{"@id":"https:\/\/tuguia.combarranquilla.co\/Revista\/#organization"},"alternateName":"Tu Gu\u00eda Combarranquilla","potentialAction":[{"@type":"SearchAction","target":{"@type":"EntryPoint","urlTemplate":"https:\/\/tuguia.combarranquilla.co\/Revista\/?s={search_term_string}"},"query-input":{"@type":"PropertyValueSpecification","valueRequired":true,"valueName":"search_term_string"}}],"inLanguage":"es-CO"},{"@type":"Organization","@id":"https:\/\/tuguia.combarranquilla.co\/Revista\/#organization","name":"Tu Gu\u00eda Combarranquilla","url":"https:\/\/tuguia.combarranquilla.co\/Revista\/","logo":{"@type":"ImageObject","inLanguage":"es-CO","@id":"https:\/\/tuguia.combarranquilla.co\/Revista\/#\/schema\/logo\/image\/","url":"https:\/\/tuguia.combarranquilla.co\/Revista\/wp-content\/uploads\/2022\/02\/logo-guia-combarranquilla.svg","contentUrl":"https:\/\/tuguia.combarranquilla.co\/Revista\/wp-content\/uploads\/2022\/02\/logo-guia-combarranquilla.svg","caption":"Tu Gu\u00eda Combarranquilla"},"image":{"@id":"https:\/\/tuguia.combarranquilla.co\/Revista\/#\/schema\/logo\/image\/"}},{"@type":"Person","@id":"https:\/\/tuguia.combarranquilla.co\/Revista\/#\/schema\/person\/c2c396a77170bd1d5f8ba73294eb0d10","name":"Comunicaciones Combarranquilla","image":{"@type":"ImageObject","inLanguage":"es-CO","@id":"https:\/\/tuguia.combarranquilla.co\/Revista\/wp-content\/uploads\/2025\/05\/ABC-Al-Rojo-Logo-96x96.jpg","url":"https:\/\/tuguia.combarranquilla.co\/Revista\/wp-content\/uploads\/2025\/05\/ABC-Al-Rojo-Logo-96x96.jpg","contentUrl":"https:\/\/tuguia.combarranquilla.co\/Revista\/wp-content\/uploads\/2025\/05\/ABC-Al-Rojo-Logo-96x96.jpg","caption":"Comunicaciones Combarranquilla"},"sameAs":["https:\/\/www.combarranquilla.co"],"url":"https:\/\/tuguia.combarranquilla.co\/Revista\/author\/comunicaciones\/"}]}},"_links":{"self":[{"href":"https:\/\/tuguia.combarranquilla.co\/Revista\/wp-json\/wp\/v2\/posts\/6684","targetHints":{"allow":["GET"]}}],"collection":[{"href":"https:\/\/tuguia.combarranquilla.co\/Revista\/wp-json\/wp\/v2\/posts"}],"about":[{"href":"https:\/\/tuguia.combarranquilla.co\/Revista\/wp-json\/wp\/v2\/types\/post"}],"author":[{"embeddable":true,"href":"https:\/\/tuguia.combarranquilla.co\/Revista\/wp-json\/wp\/v2\/users\/2"}],"replies":[{"embeddable":true,"href":"https:\/\/tuguia.combarranquilla.co\/Revista\/wp-json\/wp\/v2\/comments?post=6684"}],"version-history":[{"count":25,"href":"https:\/\/tuguia.combarranquilla.co\/Revista\/wp-json\/wp\/v2\/posts\/6684\/revisions"}],"predecessor-version":[{"id":6848,"href":"https:\/\/tuguia.combarranquilla.co\/Revista\/wp-json\/wp\/v2\/posts\/6684\/revisions\/6848"}],"wp:featuredmedia":[{"embeddable":true,"href":"https:\/\/tuguia.combarranquilla.co\/Revista\/wp-json\/wp\/v2\/media\/6690"}],"wp:attachment":[{"href":"https:\/\/tuguia.combarranquilla.co\/Revista\/wp-json\/wp\/v2\/media?parent=6684"}],"wp:term":[{"taxonomy":"category","embeddable":true,"href":"https:\/\/tuguia.combarranquilla.co\/Revista\/wp-json\/wp\/v2\/categories?post=6684"},{"taxonomy":"post_tag","embeddable":true,"href":"https:\/\/tuguia.combarranquilla.co\/Revista\/wp-json\/wp\/v2\/tags?post=6684"}],"curies":[{"name":"wp","href":"https:\/\/api.w.org\/{rel}","templated":true}]}}