{"id":6750,"date":"2025-07-01T11:19:00","date_gmt":"2025-07-01T16:19:00","guid":{"rendered":"https:\/\/tuguia.combarranquilla.co\/Revista\/?p=6750"},"modified":"2025-07-09T15:51:57","modified_gmt":"2025-07-09T20:51:57","slug":"lee-con-combarranquilla-los-recomendados-del-bibliotecario-2","status":"publish","type":"post","link":"https:\/\/tuguia.combarranquilla.co\/Revista\/lee-con-combarranquilla-los-recomendados-del-bibliotecario-2\/","title":{"rendered":"Lee con Combarranquilla: Los recomendados del bibliotecario para el mes de julio"},"content":{"rendered":"\n<p style=\"font-size:17px\">En Combarranquilla, puedes disfrutar de la lectura en cualquier lugar en el que est\u00e9s con Yo Leo Online. Esta es una biblioteca global con acceso digital a libros literarios, acad\u00e9micos y de inter\u00e9s general.<\/p>\n\n\n\n<p>Yo Leo Online cuenta con un cat\u00e1logo amplio de editoriales reconocidas, como Cabaret Voltaire, Calixta Editores, Himpar Editores y muchas m\u00e1s. Asimismo, nombres como Annie Ernaux, Gabriel Garc\u00eda M\u00e1rquez y Mariana Henr\u00edquez hacen parte de los autores que nutren esta biblioteca electr\u00f3nica.<\/p>\n\n\n\n<p>Como afiliado a Combarranquilla, el acceso es completamente gratuito siguiendo estos pasos:<\/p>\n\n\n\n<ol class=\"wp-block-list\">\n<li>Visita la p\u00e1gina web <a href=\"https:\/\/www.combarranquilla.co\" target=\"_blank\" rel=\"noreferrer noopener\">www.combarranquilla.co<\/a> y haz clic en la opci\u00f3n &#8220;Servicios en L\u00ednea&#8221;.<\/li>\n\n\n\n<li>Digita tu usuario y contrase\u00f1a registrados (el usuario es el n\u00famero de c\u00e9dula del trabajador afiliado).<\/li>\n\n\n\n<li>En el men\u00fa de la parte izquierda de la p\u00e1gina, selecciona &#8220;Biblioteca&#8221;.<\/li>\n\n\n\n<li>Haz clic en la opci\u00f3n \u201cBiblioteca en L\u00ednea\u201d.<\/li>\n<\/ol>\n\n\n\n<p>Con Yo Leo Online, tienes m\u00e1s de 60.000 libros preparados para ser le\u00eddos. Para apoyar la b\u00fasqueda de tu pr\u00f3xima lectura, el bibliotecario de Combarranquilla realiz\u00f3 una cuidadosa selecci\u00f3n de t\u00edtulos que puedes leer. \u00a1Con\u00f3cela!<\/p>\n\n\n\n<h2 class=\"wp-block-heading has-medium-font-size\">Literatura infantil y juvenil<\/h2>\n\n\n\n<div class=\"wp-block-media-text is-stacked-on-mobile\" style=\"grid-template-columns:32% auto\"><figure class=\"wp-block-media-text__media\"><img decoding=\"async\" width=\"500\" height=\"500\" data-src=\"https:\/\/tuguia.combarranquilla.co\/Revista\/wp-content\/uploads\/2025\/06\/1.png\" alt=\"\" class=\"wp-image-6751 size-full lazyload\" data-srcset=\"https:\/\/tuguia.combarranquilla.co\/Revista\/wp-content\/uploads\/2025\/06\/1.png 500w, https:\/\/tuguia.combarranquilla.co\/Revista\/wp-content\/uploads\/2025\/06\/1-300x300.png 300w, https:\/\/tuguia.combarranquilla.co\/Revista\/wp-content\/uploads\/2025\/06\/1-150x150.png 150w\" data-sizes=\"(max-width: 500px) 100vw, 500px\" src=\"data:image\/svg+xml;base64,PHN2ZyB3aWR0aD0iMSIgaGVpZ2h0PSIxIiB4bWxucz0iaHR0cDovL3d3dy53My5vcmcvMjAwMC9zdmciPjwvc3ZnPg==\" style=\"--smush-placeholder-width: 500px; --smush-placeholder-aspect-ratio: 500\/500;\" \/><\/figure><div class=\"wp-block-media-text__content\">\n<p class=\"has-background\" style=\"background-color:#71a46d\"><strong>Colecci\u00f3n <em>Valentina<\/em><\/strong><\/p>\n\n\n\n<div class=\"wp-block-group is-vertical is-layout-flex wp-container-core-group-is-layout-8cf370e7 wp-block-group-is-layout-flex\">\n<p><em>Autor: Giuditta Campello&nbsp;| Editorial: Shackleton Books<\/em><\/p>\n<\/div>\n\n\n\n<p>Nuevas aventuras esperan a Valentina en mundos llenos de historias m\u00e1gicas con dragones, brujas y animales. Una colecci\u00f3n de libros para ni\u00f1os, que fomenta el respeto a la diversidad.<\/p>\n<\/div><\/div>\n\n\n\n<div class=\"wp-block-media-text has-media-on-the-right is-stacked-on-mobile\" style=\"grid-template-columns:auto 32%\"><div class=\"wp-block-media-text__content\">\n<p class=\"has-background\" style=\"background-color:#71a46d\"><strong>El ni\u00f1o que hizo realidad sus sue\u00f1os<\/strong><\/p>\n\n\n\n<p><em>Autor: Helen Rutter | Editorial: Pijama Books<\/em><\/p>\n\n\n\n<p>Archie Crumb lo est\u00e1 pasando mal. Lo molestan en la escuela y su casa ha estado triste desde que su padre se fue. Pero un d\u00eda se golpea la cabeza y ve literalmente una estrella: su jugador de f\u00fatbol favorito est\u00e1 de pie frente a \u00e9l, concedi\u00e9ndole nueve deseos. \u00bfConseguir\u00e1 Archie ser feliz por fin?&nbsp;<\/p>\n<\/div><figure class=\"wp-block-media-text__media\"><img decoding=\"async\" width=\"500\" height=\"500\" data-src=\"https:\/\/tuguia.combarranquilla.co\/Revista\/wp-content\/uploads\/2025\/06\/3-3.png\" alt=\"\" class=\"wp-image-6754 size-full lazyload\" data-srcset=\"https:\/\/tuguia.combarranquilla.co\/Revista\/wp-content\/uploads\/2025\/06\/3-3.png 500w, https:\/\/tuguia.combarranquilla.co\/Revista\/wp-content\/uploads\/2025\/06\/3-3-300x300.png 300w, https:\/\/tuguia.combarranquilla.co\/Revista\/wp-content\/uploads\/2025\/06\/3-3-150x150.png 150w\" data-sizes=\"(max-width: 500px) 100vw, 500px\" src=\"data:image\/svg+xml;base64,PHN2ZyB3aWR0aD0iMSIgaGVpZ2h0PSIxIiB4bWxucz0iaHR0cDovL3d3dy53My5vcmcvMjAwMC9zdmciPjwvc3ZnPg==\" style=\"--smush-placeholder-width: 500px; --smush-placeholder-aspect-ratio: 500\/500;\" \/><\/figure><\/div>\n\n\n\n<div class=\"wp-block-media-text is-stacked-on-mobile\" style=\"grid-template-columns:32% auto\"><figure class=\"wp-block-media-text__media\"><img decoding=\"async\" width=\"500\" height=\"500\" data-src=\"https:\/\/tuguia.combarranquilla.co\/Revista\/wp-content\/uploads\/2025\/06\/2-1.png\" alt=\"\" class=\"wp-image-6755 size-full lazyload\" data-srcset=\"https:\/\/tuguia.combarranquilla.co\/Revista\/wp-content\/uploads\/2025\/06\/2-1.png 500w, https:\/\/tuguia.combarranquilla.co\/Revista\/wp-content\/uploads\/2025\/06\/2-1-300x300.png 300w, https:\/\/tuguia.combarranquilla.co\/Revista\/wp-content\/uploads\/2025\/06\/2-1-150x150.png 150w\" data-sizes=\"(max-width: 500px) 100vw, 500px\" src=\"data:image\/svg+xml;base64,PHN2ZyB3aWR0aD0iMSIgaGVpZ2h0PSIxIiB4bWxucz0iaHR0cDovL3d3dy53My5vcmcvMjAwMC9zdmciPjwvc3ZnPg==\" style=\"--smush-placeholder-width: 500px; --smush-placeholder-aspect-ratio: 500\/500;\" \/><\/figure><div class=\"wp-block-media-text__content\">\n<p class=\"has-background\" style=\"background-color:#71a46d\"><strong>Flores blancas para pap\u00e1<\/strong><\/p>\n\n\n\n<p><em>Autor:\u202fBeatriz Helena Robledo&nbsp;| Editorial: SM<\/em><\/p>\n\n\n\n<p>Magdalena es una joven sensible y rebelde. Un d\u00eda, decide emprender un largo viaje para acompa\u00f1ar a su abuelo, quien est\u00e1 a punto de morir. Este viaje la llevar\u00e1 a&nbsp;reflexionar sobre su pasado, lleno de misterios sobre la vida de su padre.<\/p>\n<\/div><\/div>\n\n\n\n<div class=\"wp-block-media-text has-media-on-the-right is-stacked-on-mobile\" style=\"grid-template-columns:auto 32%\"><div class=\"wp-block-media-text__content\">\n<p class=\"has-background\" style=\"background-color:#71a46d\"><strong>En busca de la verdad desnuda<\/strong><\/p>\n\n\n\n<p><em>Autor:\u202fCorine Schimith Carreira&nbsp;| Editorial: Next Door Publishers S.L.<\/em><\/p>\n\n\n\n<p>Este libro es una verdadera delicia capaz de hacerte llorar al mismo tiempo que sueltas una carcajada. Nos muestra la vida de una mujer que lucha por descubrir su verdadera esencia, superar el bullying que sufri\u00f3 de ni\u00f1a y liberarse de la idealizaci\u00f3n (errada) que ha creado de s\u00ed misma.<\/p>\n<\/div><figure class=\"wp-block-media-text__media\"><img decoding=\"async\" width=\"500\" height=\"500\" data-src=\"https:\/\/tuguia.combarranquilla.co\/Revista\/wp-content\/uploads\/2025\/06\/4-1.png\" alt=\"\" class=\"wp-image-6756 size-full lazyload\" data-srcset=\"https:\/\/tuguia.combarranquilla.co\/Revista\/wp-content\/uploads\/2025\/06\/4-1.png 500w, https:\/\/tuguia.combarranquilla.co\/Revista\/wp-content\/uploads\/2025\/06\/4-1-300x300.png 300w, https:\/\/tuguia.combarranquilla.co\/Revista\/wp-content\/uploads\/2025\/06\/4-1-150x150.png 150w\" data-sizes=\"(max-width: 500px) 100vw, 500px\" src=\"data:image\/svg+xml;base64,PHN2ZyB3aWR0aD0iMSIgaGVpZ2h0PSIxIiB4bWxucz0iaHR0cDovL3d3dy53My5vcmcvMjAwMC9zdmciPjwvc3ZnPg==\" style=\"--smush-placeholder-width: 500px; --smush-placeholder-aspect-ratio: 500\/500;\" \/><\/figure><\/div>\n\n\n\n<h2 class=\"wp-block-heading has-medium-font-size\">Biograf\u00eda y generalidades<\/h2>\n\n\n\n<div class=\"wp-block-media-text is-stacked-on-mobile\" style=\"grid-template-columns:32% auto\"><figure class=\"wp-block-media-text__media\"><img decoding=\"async\" width=\"500\" height=\"500\" data-src=\"https:\/\/tuguia.combarranquilla.co\/Revista\/wp-content\/uploads\/2025\/06\/5-1.png\" alt=\"\" class=\"wp-image-6757 size-full lazyload\" data-srcset=\"https:\/\/tuguia.combarranquilla.co\/Revista\/wp-content\/uploads\/2025\/06\/5-1.png 500w, https:\/\/tuguia.combarranquilla.co\/Revista\/wp-content\/uploads\/2025\/06\/5-1-300x300.png 300w, https:\/\/tuguia.combarranquilla.co\/Revista\/wp-content\/uploads\/2025\/06\/5-1-150x150.png 150w\" data-sizes=\"(max-width: 500px) 100vw, 500px\" src=\"data:image\/svg+xml;base64,PHN2ZyB3aWR0aD0iMSIgaGVpZ2h0PSIxIiB4bWxucz0iaHR0cDovL3d3dy53My5vcmcvMjAwMC9zdmciPjwvc3ZnPg==\" style=\"--smush-placeholder-width: 500px; --smush-placeholder-aspect-ratio: 500\/500;\" \/><\/figure><div class=\"wp-block-media-text__content\">\n<p class=\"has-background\" style=\"background-color:#71a46d\"><strong>El libro de oro de Messi<\/strong><\/p>\n\n\n\n<p><em>Autor: An\u00edbal Litvin&nbsp;| Editorial: VR Editoras<\/em><\/p>\n\n\n\n<p>Este es un libro cargado de pasi\u00f3n, porque celebra al gran genio del f\u00fatbol mundial. Conoce m\u00e1s sobre datos curiosos, goles, an\u00e9cdotas, r\u00e9cords, cantos y todo lo asombroso que rodea al mejor jugador de f\u00fatbol del mundo.<\/p>\n<\/div><\/div>\n\n\n\n<div class=\"wp-block-media-text has-media-on-the-right is-stacked-on-mobile\" style=\"grid-template-columns:auto 32%\"><div class=\"wp-block-media-text__content\">\n<p class=\"has-background\" style=\"background-color:#71a46d\"><strong>La vida que nos queda<\/strong><\/p>\n\n\n\n<p><em>Autor: Matteo B. Bianchi&nbsp;| Editorial: Gatopardo Ediciones<\/em><\/p>\n\n\n\n<p>\u00bfQu\u00e9 sucede a los padres, hijos, amigos y amantes de aquellos que renuncian a la vida? Un testimonio sobre la p\u00e9rdida y la culpa m\u00e1s inexpresable. Este es un libro que&nbsp;toma apuntes, primero de memoria y luego por escrito, para dar forma al dolor.<\/p>\n<\/div><figure class=\"wp-block-media-text__media\"><img decoding=\"async\" width=\"500\" height=\"500\" data-src=\"https:\/\/tuguia.combarranquilla.co\/Revista\/wp-content\/uploads\/2025\/06\/6.png\" alt=\"\" class=\"wp-image-6758 size-full lazyload\" data-srcset=\"https:\/\/tuguia.combarranquilla.co\/Revista\/wp-content\/uploads\/2025\/06\/6.png 500w, https:\/\/tuguia.combarranquilla.co\/Revista\/wp-content\/uploads\/2025\/06\/6-300x300.png 300w, https:\/\/tuguia.combarranquilla.co\/Revista\/wp-content\/uploads\/2025\/06\/6-150x150.png 150w\" data-sizes=\"(max-width: 500px) 100vw, 500px\" src=\"data:image\/svg+xml;base64,PHN2ZyB3aWR0aD0iMSIgaGVpZ2h0PSIxIiB4bWxucz0iaHR0cDovL3d3dy53My5vcmcvMjAwMC9zdmciPjwvc3ZnPg==\" style=\"--smush-placeholder-width: 500px; --smush-placeholder-aspect-ratio: 500\/500;\" \/><\/figure><\/div>\n\n\n\n<div class=\"wp-block-media-text is-stacked-on-mobile\" style=\"grid-template-columns:32% auto\"><figure class=\"wp-block-media-text__media\"><img decoding=\"async\" width=\"500\" height=\"500\" data-src=\"https:\/\/tuguia.combarranquilla.co\/Revista\/wp-content\/uploads\/2025\/06\/7.png\" alt=\"\" class=\"wp-image-6759 size-full lazyload\" data-srcset=\"https:\/\/tuguia.combarranquilla.co\/Revista\/wp-content\/uploads\/2025\/06\/7.png 500w, https:\/\/tuguia.combarranquilla.co\/Revista\/wp-content\/uploads\/2025\/06\/7-300x300.png 300w, https:\/\/tuguia.combarranquilla.co\/Revista\/wp-content\/uploads\/2025\/06\/7-150x150.png 150w\" data-sizes=\"(max-width: 500px) 100vw, 500px\" src=\"data:image\/svg+xml;base64,PHN2ZyB3aWR0aD0iMSIgaGVpZ2h0PSIxIiB4bWxucz0iaHR0cDovL3d3dy53My5vcmcvMjAwMC9zdmciPjwvc3ZnPg==\" style=\"--smush-placeholder-width: 500px; --smush-placeholder-aspect-ratio: 500\/500;\" \/><\/figure><div class=\"wp-block-media-text__content\">\n<p class=\"has-background\" style=\"background-color:#71a46d\"><strong>Predicciones 2025<\/strong><\/p>\n\n\n\n<p><em>Autor:\u202fGaba Robin&nbsp;| Editorial: VR Editoras<\/em><\/p>\n\n\n\n<p>El a\u00f1o 2025 estar\u00e1 marcado por los movimientos de Urano, Neptuno, Plut\u00f3n, Saturno y J\u00fapiter. Se mover\u00e1n jerarqu\u00edas en el cielo, que nos traer\u00e1n un nuevo fuego desconocido por todos. Pero no todos estamos preparados para ser parte de este cambio de la humanidad. Con esta gu\u00eda signo por signo, tendr\u00e1s las claves para atravesar una nueva era.<\/p>\n<\/div><\/div>\n\n\n\n<p><\/p>\n\n\n\n<h2 class=\"wp-block-heading has-medium-font-size\">Arte<\/h2>\n\n\n\n<div class=\"wp-block-media-text has-media-on-the-right is-stacked-on-mobile\" style=\"grid-template-columns:auto 32%\"><div class=\"wp-block-media-text__content\">\n<p class=\"has-background\" style=\"background-color:#71a46d\"><strong>Fot\u00f3grafos que s\u00ed venden<\/strong><\/p>\n\n\n\n<p><em>Autor: Rafa Rodero&nbsp;| Editorial: Jdej Editores<\/em><\/p>\n\n\n\n<p>Descubre 30 formas de vivir la fotograf\u00eda a trav\u00e9s del lente de exitosos&nbsp;fot\u00f3grafos&nbsp;y vide\u00f3grafos profesionales, procedentes de 10 pa\u00edses.&nbsp;Accede a 429 a\u00f1os de experiencia que han marcado la historia de la fotograf\u00eda.<\/p>\n<\/div><figure class=\"wp-block-media-text__media\"><img decoding=\"async\" width=\"500\" height=\"500\" data-src=\"https:\/\/tuguia.combarranquilla.co\/Revista\/wp-content\/uploads\/2025\/06\/10.png\" alt=\"\" class=\"wp-image-6760 size-full lazyload\" data-srcset=\"https:\/\/tuguia.combarranquilla.co\/Revista\/wp-content\/uploads\/2025\/06\/10.png 500w, https:\/\/tuguia.combarranquilla.co\/Revista\/wp-content\/uploads\/2025\/06\/10-300x300.png 300w, https:\/\/tuguia.combarranquilla.co\/Revista\/wp-content\/uploads\/2025\/06\/10-150x150.png 150w\" data-sizes=\"(max-width: 500px) 100vw, 500px\" src=\"data:image\/svg+xml;base64,PHN2ZyB3aWR0aD0iMSIgaGVpZ2h0PSIxIiB4bWxucz0iaHR0cDovL3d3dy53My5vcmcvMjAwMC9zdmciPjwvc3ZnPg==\" style=\"--smush-placeholder-width: 500px; --smush-placeholder-aspect-ratio: 500\/500;\" \/><\/figure><\/div>\n\n\n\n<h2 class=\"wp-block-heading has-medium-font-size\"><strong>Salud y bienestar<\/strong><\/h2>\n\n\n\n<div class=\"wp-block-media-text is-stacked-on-mobile\" style=\"grid-template-columns:32% auto\"><figure class=\"wp-block-media-text__media\"><img decoding=\"async\" width=\"500\" height=\"500\" data-src=\"https:\/\/tuguia.combarranquilla.co\/Revista\/wp-content\/uploads\/2025\/06\/12.png\" alt=\"\" class=\"wp-image-6761 size-full lazyload\" data-srcset=\"https:\/\/tuguia.combarranquilla.co\/Revista\/wp-content\/uploads\/2025\/06\/12.png 500w, https:\/\/tuguia.combarranquilla.co\/Revista\/wp-content\/uploads\/2025\/06\/12-300x300.png 300w, https:\/\/tuguia.combarranquilla.co\/Revista\/wp-content\/uploads\/2025\/06\/12-150x150.png 150w\" data-sizes=\"(max-width: 500px) 100vw, 500px\" src=\"data:image\/svg+xml;base64,PHN2ZyB3aWR0aD0iMSIgaGVpZ2h0PSIxIiB4bWxucz0iaHR0cDovL3d3dy53My5vcmcvMjAwMC9zdmciPjwvc3ZnPg==\" style=\"--smush-placeholder-width: 500px; --smush-placeholder-aspect-ratio: 500\/500;\" \/><\/figure><div class=\"wp-block-media-text__content\">\n<p class=\"has-background\" style=\"background-color:#71a46d\"><strong>Solo necesito que me aceptes<\/strong><\/p>\n\n\n\n<p><em>Autor:\u202fAbigail Huertas&nbsp;| Editorial: RBA Libros<\/em><\/p>\n\n\n\n<p>A trav\u00e9s de las historias de Mario, Jon\u00e1s y Diana entenderemos c\u00f3mo abordar, desde la psiquiatr\u00eda infanto-juvenil, aquellos problemas que hacen sufrir a nuestros adolescentes.<\/p>\n<\/div><\/div>\n\n\n\n<div class=\"wp-block-media-text has-media-on-the-right is-stacked-on-mobile\" style=\"grid-template-columns:auto 32%\"><div class=\"wp-block-media-text__content\">\n<p class=\"has-background\" style=\"background-color:#71a46d\"><strong>Cuando el coraz\u00f3n llora<\/strong><\/p>\n\n\n\n<p><em>Autor:\u202fTamara Gorro&nbsp;| Editorial: HarperCollins<\/em><\/p>\n\n\n\n<p>Abrir la mochila del pasado es de valientes. Eso hace Tamara Gorro en este libro, donde nos comparte experiencias que vivi\u00f3 cuando era ni\u00f1a. Con estas palabras, espera curar sus heridas y sentirse en paz con el presente.<\/p>\n<\/div><figure class=\"wp-block-media-text__media\"><img decoding=\"async\" width=\"500\" height=\"500\" data-src=\"https:\/\/tuguia.combarranquilla.co\/Revista\/wp-content\/uploads\/2025\/06\/11.png\" alt=\"\" class=\"wp-image-6762 size-full lazyload\" data-srcset=\"https:\/\/tuguia.combarranquilla.co\/Revista\/wp-content\/uploads\/2025\/06\/11.png 500w, https:\/\/tuguia.combarranquilla.co\/Revista\/wp-content\/uploads\/2025\/06\/11-300x300.png 300w, https:\/\/tuguia.combarranquilla.co\/Revista\/wp-content\/uploads\/2025\/06\/11-150x150.png 150w\" data-sizes=\"(max-width: 500px) 100vw, 500px\" src=\"data:image\/svg+xml;base64,PHN2ZyB3aWR0aD0iMSIgaGVpZ2h0PSIxIiB4bWxucz0iaHR0cDovL3d3dy53My5vcmcvMjAwMC9zdmciPjwvc3ZnPg==\" style=\"--smush-placeholder-width: 500px; --smush-placeholder-aspect-ratio: 500\/500;\" \/><\/figure><\/div>\n\n\n\n<div class=\"wp-block-media-text is-stacked-on-mobile\" style=\"grid-template-columns:32% auto\"><figure class=\"wp-block-media-text__media\"><img decoding=\"async\" width=\"500\" height=\"500\" data-src=\"https:\/\/tuguia.combarranquilla.co\/Revista\/wp-content\/uploads\/2025\/06\/8.png\" alt=\"\" class=\"wp-image-6763 size-full lazyload\" data-srcset=\"https:\/\/tuguia.combarranquilla.co\/Revista\/wp-content\/uploads\/2025\/06\/8.png 500w, https:\/\/tuguia.combarranquilla.co\/Revista\/wp-content\/uploads\/2025\/06\/8-300x300.png 300w, https:\/\/tuguia.combarranquilla.co\/Revista\/wp-content\/uploads\/2025\/06\/8-150x150.png 150w\" data-sizes=\"(max-width: 500px) 100vw, 500px\" src=\"data:image\/svg+xml;base64,PHN2ZyB3aWR0aD0iMSIgaGVpZ2h0PSIxIiB4bWxucz0iaHR0cDovL3d3dy53My5vcmcvMjAwMC9zdmciPjwvc3ZnPg==\" style=\"--smush-placeholder-width: 500px; --smush-placeholder-aspect-ratio: 500\/500;\" \/><\/figure><div class=\"wp-block-media-text__content\">\n<p class=\"has-background\" style=\"background-color:#71a46d\"><strong>El poder dentro de ti<\/strong><\/p>\n\n\n\n<p><em>Autor:\u202fBlanca De La Rosa&nbsp;| Editorial: Angels Fortune<\/em><\/p>\n\n\n\n<p>Dentro de cada uno de nosotros, hay un pozo de fuerza sin explotar. Este libro explora el viaje del alma y la b\u00fasqueda de un prop\u00f3sito, haciendo hincapi\u00e9 en la paciencia y el progreso gradual.<\/p>\n<\/div><\/div>\n\n\n\n<div class=\"wp-block-media-text has-media-on-the-right is-stacked-on-mobile\" style=\"grid-template-columns:auto 32%\"><div class=\"wp-block-media-text__content\">\n<p class=\"has-background\" style=\"background-color:#71a46d\"><strong>Delincuencia juvenil<\/strong><\/p>\n\n\n\n<p><em>Autor:\u202fJorge Valencia-Corominas&nbsp;| Editorial: Fondo Editorial Universidad de Lima<\/em><\/p>\n\n\n\n<p>Para entender la delincuencia juvenil y encontrar estrategias preventivas, fue necesario investigar su evoluci\u00f3n, los modelos de tratamiento, el marco legal internacional y nacional, y los factores predictores del comportamiento criminal juvenil. Encontrar\u00e1s eso y m\u00e1s en este libro revelador.<\/p>\n<\/div><figure class=\"wp-block-media-text__media\"><img decoding=\"async\" width=\"500\" height=\"500\" data-src=\"https:\/\/tuguia.combarranquilla.co\/Revista\/wp-content\/uploads\/2025\/06\/9.png\" alt=\"\" class=\"wp-image-6764 size-full lazyload\" data-srcset=\"https:\/\/tuguia.combarranquilla.co\/Revista\/wp-content\/uploads\/2025\/06\/9.png 500w, https:\/\/tuguia.combarranquilla.co\/Revista\/wp-content\/uploads\/2025\/06\/9-300x300.png 300w, https:\/\/tuguia.combarranquilla.co\/Revista\/wp-content\/uploads\/2025\/06\/9-150x150.png 150w\" data-sizes=\"(max-width: 500px) 100vw, 500px\" src=\"data:image\/svg+xml;base64,PHN2ZyB3aWR0aD0iMSIgaGVpZ2h0PSIxIiB4bWxucz0iaHR0cDovL3d3dy53My5vcmcvMjAwMC9zdmciPjwvc3ZnPg==\" style=\"--smush-placeholder-width: 500px; --smush-placeholder-aspect-ratio: 500\/500;\" \/><\/figure><\/div>\n\n\n\n<p><\/p>\n\n\n\n<p>Recomendar libros es la labor m\u00e1s poderosa para incentivar la lectura en la comunidad. Combarranquilla ofrece un universo que te llevar\u00e1 a viajar entre palabras. Sigue nutriendo tu mente mientras lees con nosotros.<\/p>\n","protected":false},"excerpt":{"rendered":"<p>En Combarranquilla, puedes disfrutar de la lectura en cualquier lugar en el que est\u00e9s con Yo Leo Online. Esta es una biblioteca global con acceso digital a libros literarios, acad\u00e9micos y de inter\u00e9s general. Yo Leo Online cuenta con un cat\u00e1logo amplio de editoriales reconocidas, como Cabaret Voltaire, Calixta Editores, Himpar Editores y muchas m\u00e1s. [&hellip;]<\/p>\n","protected":false},"author":2,"featured_media":6780,"comment_status":"open","ping_status":"open","sticky":false,"template":"","format":"standard","meta":{"inline_featured_image":false,"footnotes":""},"categories":[4],"tags":[],"class_list":["post-6750","post","type-post","status-publish","format-standard","has-post-thumbnail","hentry","category-ciencia-y-cultura"],"yoast_head":"<!-- This site is optimized with the Yoast SEO plugin v27.4 - https:\/\/yoast.com\/product\/yoast-seo-wordpress\/ -->\n<title>Lee con Combarranquilla: Los recomendados del bibliotecario para el mes de julio - Tu Gu\u00eda<\/title>\n<meta name=\"robots\" content=\"index, follow, max-snippet:-1, max-image-preview:large, max-video-preview:-1\" \/>\n<link rel=\"canonical\" href=\"https:\/\/tuguia.combarranquilla.co\/Revista\/lee-con-combarranquilla-los-recomendados-del-bibliotecario-2\/\" \/>\n<meta property=\"og:locale\" content=\"es_ES\" \/>\n<meta property=\"og:type\" content=\"article\" \/>\n<meta property=\"og:title\" content=\"Lee con Combarranquilla: Los recomendados del bibliotecario para el mes de julio - Tu Gu\u00eda\" \/>\n<meta property=\"og:description\" content=\"En Combarranquilla, puedes disfrutar de la lectura en cualquier lugar en el que est\u00e9s con Yo Leo Online. Esta es una biblioteca global con acceso digital a libros literarios, acad\u00e9micos y de inter\u00e9s general. Yo Leo Online cuenta con un cat\u00e1logo amplio de editoriales reconocidas, como Cabaret Voltaire, Calixta Editores, Himpar Editores y muchas m\u00e1s. [&hellip;]\" \/>\n<meta property=\"og:url\" content=\"https:\/\/tuguia.combarranquilla.co\/Revista\/lee-con-combarranquilla-los-recomendados-del-bibliotecario-2\/\" \/>\n<meta property=\"og:site_name\" content=\"Tu Gu\u00eda\" \/>\n<meta property=\"article:published_time\" content=\"2025-07-01T16:19:00+00:00\" \/>\n<meta property=\"article:modified_time\" content=\"2025-07-09T20:51:57+00:00\" \/>\n<meta property=\"og:image\" content=\"https:\/\/tuguia.combarranquilla.co\/Revista\/wp-content\/uploads\/2025\/06\/Revista-Combarranquilla-1-scaled.jpg\" \/>\n\t<meta property=\"og:image:width\" content=\"2560\" \/>\n\t<meta property=\"og:image:height\" content=\"1280\" \/>\n\t<meta property=\"og:image:type\" content=\"image\/jpeg\" \/>\n<meta name=\"author\" content=\"Comunicaciones Combarranquilla\" \/>\n<meta name=\"twitter:card\" content=\"summary_large_image\" \/>\n<meta name=\"twitter:label1\" content=\"Escrito por\" \/>\n\t<meta name=\"twitter:data1\" content=\"Comunicaciones Combarranquilla\" \/>\n\t<meta name=\"twitter:label2\" content=\"Tiempo de lectura\" \/>\n\t<meta name=\"twitter:data2\" content=\"7 minutos\" \/>\n<script type=\"application\/ld+json\" class=\"yoast-schema-graph\">{\"@context\":\"https:\\\/\\\/schema.org\",\"@graph\":[{\"@type\":\"Article\",\"@id\":\"https:\\\/\\\/tuguia.combarranquilla.co\\\/Revista\\\/lee-con-combarranquilla-los-recomendados-del-bibliotecario-2\\\/#article\",\"isPartOf\":{\"@id\":\"https:\\\/\\\/tuguia.combarranquilla.co\\\/Revista\\\/lee-con-combarranquilla-los-recomendados-del-bibliotecario-2\\\/\"},\"author\":{\"name\":\"Comunicaciones Combarranquilla\",\"@id\":\"https:\\\/\\\/tuguia.combarranquilla.co\\\/Revista\\\/#\\\/schema\\\/person\\\/c2c396a77170bd1d5f8ba73294eb0d10\"},\"headline\":\"Lee con Combarranquilla: Los recomendados del bibliotecario para el mes de julio\",\"datePublished\":\"2025-07-01T16:19:00+00:00\",\"dateModified\":\"2025-07-09T20:51:57+00:00\",\"mainEntityOfPage\":{\"@id\":\"https:\\\/\\\/tuguia.combarranquilla.co\\\/Revista\\\/lee-con-combarranquilla-los-recomendados-del-bibliotecario-2\\\/\"},\"wordCount\":941,\"commentCount\":0,\"publisher\":{\"@id\":\"https:\\\/\\\/tuguia.combarranquilla.co\\\/Revista\\\/#organization\"},\"image\":{\"@id\":\"https:\\\/\\\/tuguia.combarranquilla.co\\\/Revista\\\/lee-con-combarranquilla-los-recomendados-del-bibliotecario-2\\\/#primaryimage\"},\"thumbnailUrl\":\"https:\\\/\\\/tuguia.combarranquilla.co\\\/Revista\\\/wp-content\\\/uploads\\\/2025\\\/06\\\/Revista-Combarranquilla-1-scaled.jpg\",\"articleSection\":[\"CIENCIA Y CULTURA\"],\"inLanguage\":\"es-CO\",\"potentialAction\":[{\"@type\":\"CommentAction\",\"name\":\"Comment\",\"target\":[\"https:\\\/\\\/tuguia.combarranquilla.co\\\/Revista\\\/lee-con-combarranquilla-los-recomendados-del-bibliotecario-2\\\/#respond\"]}]},{\"@type\":\"WebPage\",\"@id\":\"https:\\\/\\\/tuguia.combarranquilla.co\\\/Revista\\\/lee-con-combarranquilla-los-recomendados-del-bibliotecario-2\\\/\",\"url\":\"https:\\\/\\\/tuguia.combarranquilla.co\\\/Revista\\\/lee-con-combarranquilla-los-recomendados-del-bibliotecario-2\\\/\",\"name\":\"Lee con Combarranquilla: Los recomendados del bibliotecario para el mes de julio - Tu Gu\u00eda\",\"isPartOf\":{\"@id\":\"https:\\\/\\\/tuguia.combarranquilla.co\\\/Revista\\\/#website\"},\"primaryImageOfPage\":{\"@id\":\"https:\\\/\\\/tuguia.combarranquilla.co\\\/Revista\\\/lee-con-combarranquilla-los-recomendados-del-bibliotecario-2\\\/#primaryimage\"},\"image\":{\"@id\":\"https:\\\/\\\/tuguia.combarranquilla.co\\\/Revista\\\/lee-con-combarranquilla-los-recomendados-del-bibliotecario-2\\\/#primaryimage\"},\"thumbnailUrl\":\"https:\\\/\\\/tuguia.combarranquilla.co\\\/Revista\\\/wp-content\\\/uploads\\\/2025\\\/06\\\/Revista-Combarranquilla-1-scaled.jpg\",\"datePublished\":\"2025-07-01T16:19:00+00:00\",\"dateModified\":\"2025-07-09T20:51:57+00:00\",\"breadcrumb\":{\"@id\":\"https:\\\/\\\/tuguia.combarranquilla.co\\\/Revista\\\/lee-con-combarranquilla-los-recomendados-del-bibliotecario-2\\\/#breadcrumb\"},\"inLanguage\":\"es-CO\",\"potentialAction\":[{\"@type\":\"ReadAction\",\"target\":[\"https:\\\/\\\/tuguia.combarranquilla.co\\\/Revista\\\/lee-con-combarranquilla-los-recomendados-del-bibliotecario-2\\\/\"]}]},{\"@type\":\"ImageObject\",\"inLanguage\":\"es-CO\",\"@id\":\"https:\\\/\\\/tuguia.combarranquilla.co\\\/Revista\\\/lee-con-combarranquilla-los-recomendados-del-bibliotecario-2\\\/#primaryimage\",\"url\":\"https:\\\/\\\/tuguia.combarranquilla.co\\\/Revista\\\/wp-content\\\/uploads\\\/2025\\\/06\\\/Revista-Combarranquilla-1-scaled.jpg\",\"contentUrl\":\"https:\\\/\\\/tuguia.combarranquilla.co\\\/Revista\\\/wp-content\\\/uploads\\\/2025\\\/06\\\/Revista-Combarranquilla-1-scaled.jpg\",\"width\":2560,\"height\":1280},{\"@type\":\"BreadcrumbList\",\"@id\":\"https:\\\/\\\/tuguia.combarranquilla.co\\\/Revista\\\/lee-con-combarranquilla-los-recomendados-del-bibliotecario-2\\\/#breadcrumb\",\"itemListElement\":[{\"@type\":\"ListItem\",\"position\":1,\"name\":\"Inicio\",\"item\":\"https:\\\/\\\/tuguia.combarranquilla.co\\\/Revista\\\/\"},{\"@type\":\"ListItem\",\"position\":2,\"name\":\"Lee con Combarranquilla: Los recomendados del bibliotecario para el mes de julio\"}]},{\"@type\":\"WebSite\",\"@id\":\"https:\\\/\\\/tuguia.combarranquilla.co\\\/Revista\\\/#website\",\"url\":\"https:\\\/\\\/tuguia.combarranquilla.co\\\/Revista\\\/\",\"name\":\"Tu Gu\u00eda\",\"description\":\"La revista donde lo tienes todo.\",\"publisher\":{\"@id\":\"https:\\\/\\\/tuguia.combarranquilla.co\\\/Revista\\\/#organization\"},\"alternateName\":\"Tu Gu\u00eda Combarranquilla\",\"potentialAction\":[{\"@type\":\"SearchAction\",\"target\":{\"@type\":\"EntryPoint\",\"urlTemplate\":\"https:\\\/\\\/tuguia.combarranquilla.co\\\/Revista\\\/?s={search_term_string}\"},\"query-input\":{\"@type\":\"PropertyValueSpecification\",\"valueRequired\":true,\"valueName\":\"search_term_string\"}}],\"inLanguage\":\"es-CO\"},{\"@type\":\"Organization\",\"@id\":\"https:\\\/\\\/tuguia.combarranquilla.co\\\/Revista\\\/#organization\",\"name\":\"Tu Gu\u00eda Combarranquilla\",\"url\":\"https:\\\/\\\/tuguia.combarranquilla.co\\\/Revista\\\/\",\"logo\":{\"@type\":\"ImageObject\",\"inLanguage\":\"es-CO\",\"@id\":\"https:\\\/\\\/tuguia.combarranquilla.co\\\/Revista\\\/#\\\/schema\\\/logo\\\/image\\\/\",\"url\":\"https:\\\/\\\/tuguia.combarranquilla.co\\\/Revista\\\/wp-content\\\/uploads\\\/2022\\\/02\\\/logo-guia-combarranquilla.svg\",\"contentUrl\":\"https:\\\/\\\/tuguia.combarranquilla.co\\\/Revista\\\/wp-content\\\/uploads\\\/2022\\\/02\\\/logo-guia-combarranquilla.svg\",\"caption\":\"Tu Gu\u00eda Combarranquilla\"},\"image\":{\"@id\":\"https:\\\/\\\/tuguia.combarranquilla.co\\\/Revista\\\/#\\\/schema\\\/logo\\\/image\\\/\"}},{\"@type\":\"Person\",\"@id\":\"https:\\\/\\\/tuguia.combarranquilla.co\\\/Revista\\\/#\\\/schema\\\/person\\\/c2c396a77170bd1d5f8ba73294eb0d10\",\"name\":\"Comunicaciones Combarranquilla\",\"image\":{\"@type\":\"ImageObject\",\"inLanguage\":\"es-CO\",\"@id\":\"https:\\\/\\\/tuguia.combarranquilla.co\\\/Revista\\\/wp-content\\\/uploads\\\/2025\\\/05\\\/ABC-Al-Rojo-Logo-96x96.jpg\",\"url\":\"https:\\\/\\\/tuguia.combarranquilla.co\\\/Revista\\\/wp-content\\\/uploads\\\/2025\\\/05\\\/ABC-Al-Rojo-Logo-96x96.jpg\",\"contentUrl\":\"https:\\\/\\\/tuguia.combarranquilla.co\\\/Revista\\\/wp-content\\\/uploads\\\/2025\\\/05\\\/ABC-Al-Rojo-Logo-96x96.jpg\",\"caption\":\"Comunicaciones Combarranquilla\"},\"sameAs\":[\"https:\\\/\\\/www.combarranquilla.co\"],\"url\":\"https:\\\/\\\/tuguia.combarranquilla.co\\\/Revista\\\/author\\\/comunicaciones\\\/\"}]}<\/script>\n<!-- \/ Yoast SEO plugin. -->","yoast_head_json":{"title":"Lee con Combarranquilla: Los recomendados del bibliotecario para el mes de julio - Tu Gu\u00eda","robots":{"index":"index","follow":"follow","max-snippet":"max-snippet:-1","max-image-preview":"max-image-preview:large","max-video-preview":"max-video-preview:-1"},"canonical":"https:\/\/tuguia.combarranquilla.co\/Revista\/lee-con-combarranquilla-los-recomendados-del-bibliotecario-2\/","og_locale":"es_ES","og_type":"article","og_title":"Lee con Combarranquilla: Los recomendados del bibliotecario para el mes de julio - Tu Gu\u00eda","og_description":"En Combarranquilla, puedes disfrutar de la lectura en cualquier lugar en el que est\u00e9s con Yo Leo Online. Esta es una biblioteca global con acceso digital a libros literarios, acad\u00e9micos y de inter\u00e9s general. Yo Leo Online cuenta con un cat\u00e1logo amplio de editoriales reconocidas, como Cabaret Voltaire, Calixta Editores, Himpar Editores y muchas m\u00e1s. [&hellip;]","og_url":"https:\/\/tuguia.combarranquilla.co\/Revista\/lee-con-combarranquilla-los-recomendados-del-bibliotecario-2\/","og_site_name":"Tu Gu\u00eda","article_published_time":"2025-07-01T16:19:00+00:00","article_modified_time":"2025-07-09T20:51:57+00:00","og_image":[{"width":2560,"height":1280,"url":"https:\/\/tuguia.combarranquilla.co\/Revista\/wp-content\/uploads\/2025\/06\/Revista-Combarranquilla-1-scaled.jpg","type":"image\/jpeg"}],"author":"Comunicaciones Combarranquilla","twitter_card":"summary_large_image","twitter_misc":{"Escrito por":"Comunicaciones Combarranquilla","Tiempo de lectura":"7 minutos"},"schema":{"@context":"https:\/\/schema.org","@graph":[{"@type":"Article","@id":"https:\/\/tuguia.combarranquilla.co\/Revista\/lee-con-combarranquilla-los-recomendados-del-bibliotecario-2\/#article","isPartOf":{"@id":"https:\/\/tuguia.combarranquilla.co\/Revista\/lee-con-combarranquilla-los-recomendados-del-bibliotecario-2\/"},"author":{"name":"Comunicaciones Combarranquilla","@id":"https:\/\/tuguia.combarranquilla.co\/Revista\/#\/schema\/person\/c2c396a77170bd1d5f8ba73294eb0d10"},"headline":"Lee con Combarranquilla: Los recomendados del bibliotecario para el mes de julio","datePublished":"2025-07-01T16:19:00+00:00","dateModified":"2025-07-09T20:51:57+00:00","mainEntityOfPage":{"@id":"https:\/\/tuguia.combarranquilla.co\/Revista\/lee-con-combarranquilla-los-recomendados-del-bibliotecario-2\/"},"wordCount":941,"commentCount":0,"publisher":{"@id":"https:\/\/tuguia.combarranquilla.co\/Revista\/#organization"},"image":{"@id":"https:\/\/tuguia.combarranquilla.co\/Revista\/lee-con-combarranquilla-los-recomendados-del-bibliotecario-2\/#primaryimage"},"thumbnailUrl":"https:\/\/tuguia.combarranquilla.co\/Revista\/wp-content\/uploads\/2025\/06\/Revista-Combarranquilla-1-scaled.jpg","articleSection":["CIENCIA Y CULTURA"],"inLanguage":"es-CO","potentialAction":[{"@type":"CommentAction","name":"Comment","target":["https:\/\/tuguia.combarranquilla.co\/Revista\/lee-con-combarranquilla-los-recomendados-del-bibliotecario-2\/#respond"]}]},{"@type":"WebPage","@id":"https:\/\/tuguia.combarranquilla.co\/Revista\/lee-con-combarranquilla-los-recomendados-del-bibliotecario-2\/","url":"https:\/\/tuguia.combarranquilla.co\/Revista\/lee-con-combarranquilla-los-recomendados-del-bibliotecario-2\/","name":"Lee con Combarranquilla: Los recomendados del bibliotecario para el mes de julio - Tu Gu\u00eda","isPartOf":{"@id":"https:\/\/tuguia.combarranquilla.co\/Revista\/#website"},"primaryImageOfPage":{"@id":"https:\/\/tuguia.combarranquilla.co\/Revista\/lee-con-combarranquilla-los-recomendados-del-bibliotecario-2\/#primaryimage"},"image":{"@id":"https:\/\/tuguia.combarranquilla.co\/Revista\/lee-con-combarranquilla-los-recomendados-del-bibliotecario-2\/#primaryimage"},"thumbnailUrl":"https:\/\/tuguia.combarranquilla.co\/Revista\/wp-content\/uploads\/2025\/06\/Revista-Combarranquilla-1-scaled.jpg","datePublished":"2025-07-01T16:19:00+00:00","dateModified":"2025-07-09T20:51:57+00:00","breadcrumb":{"@id":"https:\/\/tuguia.combarranquilla.co\/Revista\/lee-con-combarranquilla-los-recomendados-del-bibliotecario-2\/#breadcrumb"},"inLanguage":"es-CO","potentialAction":[{"@type":"ReadAction","target":["https:\/\/tuguia.combarranquilla.co\/Revista\/lee-con-combarranquilla-los-recomendados-del-bibliotecario-2\/"]}]},{"@type":"ImageObject","inLanguage":"es-CO","@id":"https:\/\/tuguia.combarranquilla.co\/Revista\/lee-con-combarranquilla-los-recomendados-del-bibliotecario-2\/#primaryimage","url":"https:\/\/tuguia.combarranquilla.co\/Revista\/wp-content\/uploads\/2025\/06\/Revista-Combarranquilla-1-scaled.jpg","contentUrl":"https:\/\/tuguia.combarranquilla.co\/Revista\/wp-content\/uploads\/2025\/06\/Revista-Combarranquilla-1-scaled.jpg","width":2560,"height":1280},{"@type":"BreadcrumbList","@id":"https:\/\/tuguia.combarranquilla.co\/Revista\/lee-con-combarranquilla-los-recomendados-del-bibliotecario-2\/#breadcrumb","itemListElement":[{"@type":"ListItem","position":1,"name":"Inicio","item":"https:\/\/tuguia.combarranquilla.co\/Revista\/"},{"@type":"ListItem","position":2,"name":"Lee con Combarranquilla: Los recomendados del bibliotecario para el mes de julio"}]},{"@type":"WebSite","@id":"https:\/\/tuguia.combarranquilla.co\/Revista\/#website","url":"https:\/\/tuguia.combarranquilla.co\/Revista\/","name":"Tu Gu\u00eda","description":"La revista donde lo tienes todo.","publisher":{"@id":"https:\/\/tuguia.combarranquilla.co\/Revista\/#organization"},"alternateName":"Tu Gu\u00eda Combarranquilla","potentialAction":[{"@type":"SearchAction","target":{"@type":"EntryPoint","urlTemplate":"https:\/\/tuguia.combarranquilla.co\/Revista\/?s={search_term_string}"},"query-input":{"@type":"PropertyValueSpecification","valueRequired":true,"valueName":"search_term_string"}}],"inLanguage":"es-CO"},{"@type":"Organization","@id":"https:\/\/tuguia.combarranquilla.co\/Revista\/#organization","name":"Tu Gu\u00eda Combarranquilla","url":"https:\/\/tuguia.combarranquilla.co\/Revista\/","logo":{"@type":"ImageObject","inLanguage":"es-CO","@id":"https:\/\/tuguia.combarranquilla.co\/Revista\/#\/schema\/logo\/image\/","url":"https:\/\/tuguia.combarranquilla.co\/Revista\/wp-content\/uploads\/2022\/02\/logo-guia-combarranquilla.svg","contentUrl":"https:\/\/tuguia.combarranquilla.co\/Revista\/wp-content\/uploads\/2022\/02\/logo-guia-combarranquilla.svg","caption":"Tu Gu\u00eda Combarranquilla"},"image":{"@id":"https:\/\/tuguia.combarranquilla.co\/Revista\/#\/schema\/logo\/image\/"}},{"@type":"Person","@id":"https:\/\/tuguia.combarranquilla.co\/Revista\/#\/schema\/person\/c2c396a77170bd1d5f8ba73294eb0d10","name":"Comunicaciones Combarranquilla","image":{"@type":"ImageObject","inLanguage":"es-CO","@id":"https:\/\/tuguia.combarranquilla.co\/Revista\/wp-content\/uploads\/2025\/05\/ABC-Al-Rojo-Logo-96x96.jpg","url":"https:\/\/tuguia.combarranquilla.co\/Revista\/wp-content\/uploads\/2025\/05\/ABC-Al-Rojo-Logo-96x96.jpg","contentUrl":"https:\/\/tuguia.combarranquilla.co\/Revista\/wp-content\/uploads\/2025\/05\/ABC-Al-Rojo-Logo-96x96.jpg","caption":"Comunicaciones Combarranquilla"},"sameAs":["https:\/\/www.combarranquilla.co"],"url":"https:\/\/tuguia.combarranquilla.co\/Revista\/author\/comunicaciones\/"}]}},"_links":{"self":[{"href":"https:\/\/tuguia.combarranquilla.co\/Revista\/wp-json\/wp\/v2\/posts\/6750","targetHints":{"allow":["GET"]}}],"collection":[{"href":"https:\/\/tuguia.combarranquilla.co\/Revista\/wp-json\/wp\/v2\/posts"}],"about":[{"href":"https:\/\/tuguia.combarranquilla.co\/Revista\/wp-json\/wp\/v2\/types\/post"}],"author":[{"embeddable":true,"href":"https:\/\/tuguia.combarranquilla.co\/Revista\/wp-json\/wp\/v2\/users\/2"}],"replies":[{"embeddable":true,"href":"https:\/\/tuguia.combarranquilla.co\/Revista\/wp-json\/wp\/v2\/comments?post=6750"}],"version-history":[{"count":25,"href":"https:\/\/tuguia.combarranquilla.co\/Revista\/wp-json\/wp\/v2\/posts\/6750\/revisions"}],"predecessor-version":[{"id":7104,"href":"https:\/\/tuguia.combarranquilla.co\/Revista\/wp-json\/wp\/v2\/posts\/6750\/revisions\/7104"}],"wp:featuredmedia":[{"embeddable":true,"href":"https:\/\/tuguia.combarranquilla.co\/Revista\/wp-json\/wp\/v2\/media\/6780"}],"wp:attachment":[{"href":"https:\/\/tuguia.combarranquilla.co\/Revista\/wp-json\/wp\/v2\/media?parent=6750"}],"wp:term":[{"taxonomy":"category","embeddable":true,"href":"https:\/\/tuguia.combarranquilla.co\/Revista\/wp-json\/wp\/v2\/categories?post=6750"},{"taxonomy":"post_tag","embeddable":true,"href":"https:\/\/tuguia.combarranquilla.co\/Revista\/wp-json\/wp\/v2\/tags?post=6750"}],"curies":[{"name":"wp","href":"https:\/\/api.w.org\/{rel}","templated":true}]}}