{"id":6790,"date":"2025-06-16T13:28:50","date_gmt":"2025-06-16T18:28:50","guid":{"rendered":"https:\/\/tuguia.combarranquilla.co\/Revista\/?p=6790"},"modified":"2025-06-17T08:28:36","modified_gmt":"2025-06-17T13:28:36","slug":"carta-a-mi-padre-la-escritora-cartagenera-angela-sierra-bustillo-escribe-un-relato-para-el-corazon","status":"publish","type":"post","link":"https:\/\/tuguia.combarranquilla.co\/Revista\/carta-a-mi-padre-la-escritora-cartagenera-angela-sierra-bustillo-escribe-un-relato-para-el-corazon\/","title":{"rendered":"Carta a mi padre: la escritora cartagenera \u00c1ngela Sierra comparte un relato para el coraz\u00f3n"},"content":{"rendered":"\n<p>\u00c1ngela Mar\u00eda Sierra Bustillo naci\u00f3 en Cartagena en 1977. Actualmente, se dedica al mundo de la abogac\u00eda como l\u00edder de diferentes proyectos legales. Desde muy joven, las letras hicieron parte de su camino, pero no fueron protagonistas hasta hace algunos a\u00f1os. Luego de la p\u00e9rdida de su esposo Alberto, la literatura volvi\u00f3 a abrazar su mirada y Sierra Bustillo encontr\u00f3 en la escritura un refugio en el que pod\u00eda exponer su coraz\u00f3n a otros.<\/p>\n\n\n\n<p>As\u00ed fue como naci\u00f3 la idea de escribir un libro, en el que podr\u00eda compartir su alma con aquellos que est\u00e1n atravesando la p\u00e9rdida de su m\u00e1s grande amor. <em>Florecer en la viudez<\/em> (2025) es una obra publicada por Editorial Letrame, que se centra en la intimidad del duelo y en el acompa\u00f1amiento de la mente quebrantada. En su libro, Sierra Bustillo hace un recuento de ese evento tan significativo que la llev\u00f3 a reencontrarse consigo misma: el fallecimiento de su pareja.<\/p>\n\n\n\n<p>El 14 de junio, la Librer\u00eda Nacional present\u00f3 <em>Florecer en la viudez<\/em> en su sede ubicada en el centro comercial Buenavista. Un evento que cont\u00f3 con la presencia de la autora, la psic\u00f3loga Martha Fl\u00f3rez, y lectores sensibles en quienes reson\u00f3 el contenido del libro.<\/p>\n\n\n\n<p><em>Florecer en la viudez <\/em>puede encontrarse en varias librer\u00edas f\u00edsicas y digitales, y ha sido ampliamente acogido por j\u00f3venes y adultos en busca de sanaci\u00f3n.<\/p>\n\n\n\n<h2 class=\"wp-block-heading has-medium-font-size\">Especial D\u00eda del Padre<\/h2>\n\n\n\n<p>El D\u00eda del Padre es una celebraci\u00f3n que, en Colombia, se celebra el tercer domingo del mes de junio. Para conmemorar esta fecha tan especial, la escritora \u00c1ngela Sierra redact\u00f3, para la revista <em>Tu Gu\u00eda<\/em>, una carta dirigida a su padre, en la que comparte un recuerdo que atesora hasta el d\u00eda de hoy.<\/p>\n\n\n\n<hr class=\"wp-block-separator has-alpha-channel-opacity\"\/>\n\n\n\n<p style=\"font-size:15px\">Por <em>\u00c1ngela Mar\u00eda Sierra Bustillo<\/em><\/p>\n\n\n\n<div style=\"position: relative; width: 100%; height: 0; padding-top: 132.2807%;\n padding-bottom: 0; box-shadow: 0 2px 8px 0 rgba(63,69,81,0.16); margin-top: 1.6em; margin-bottom: 0.9em; overflow: hidden;\n border-radius: 8px; will-change: transform;\">\n  <iframe style=\"position: absolute; width: 100%; height: 100%; top: 0; left: 0; border: none; padding: 0;margin: 0;\"\n    data-src=\"https:\/\/www.canva.com\/design\/DAGqhhE3pOQ\/yGMMbYIAACJzKptMIRCm1g\/view?embed\" allowfullscreen=\"allowfullscreen\" allow=\"fullscreen\" src=\"data:image\/svg+xml;base64,PHN2ZyB3aWR0aD0iMSIgaGVpZ2h0PSIxIiB4bWxucz0iaHR0cDovL3d3dy53My5vcmcvMjAwMC9zdmciPjwvc3ZnPg==\" class=\"lazyload\" data-load-mode=\"1\">\n  <\/iframe>\n<\/div>\n<a href=\"https:&#x2F;&#x2F;www.canva.com&#x2F;design&#x2F;DAGqhhE3pOQ&#x2F;yGMMbYIAACJzKptMIRCm1g&#x2F;view?utm_content=DAGqhhE3pOQ&amp;utm_campaign=designshare&amp;utm_medium=embeds&amp;utm_source=link\" target=\"_blank\" rel=\"noopener\">\n","protected":false},"excerpt":{"rendered":"<p>\u00c1ngela Mar\u00eda Sierra Bustillo naci\u00f3 en Cartagena en 1977. Actualmente, se dedica al mundo de la abogac\u00eda como l\u00edder de diferentes proyectos legales. Desde muy joven, las letras hicieron parte de su camino, pero no fueron protagonistas hasta hace algunos a\u00f1os. Luego de la p\u00e9rdida de su esposo Alberto, la literatura volvi\u00f3 a abrazar su [&hellip;]<\/p>\n","protected":false},"author":2,"featured_media":6842,"comment_status":"open","ping_status":"open","sticky":false,"template":"","format":"standard","meta":{"inline_featured_image":false,"footnotes":""},"categories":[1],"tags":[],"class_list":["post-6790","post","type-post","status-publish","format-standard","has-post-thumbnail","hentry","category-entretenimiento"],"yoast_head":"<!-- This site is optimized with the Yoast SEO plugin v27.4 - https:\/\/yoast.com\/product\/yoast-seo-wordpress\/ -->\n<title>Carta a mi padre: la escritora cartagenera \u00c1ngela Sierra comparte un relato para el coraz\u00f3n - Tu Gu\u00eda<\/title>\n<meta name=\"robots\" content=\"index, follow, max-snippet:-1, max-image-preview:large, max-video-preview:-1\" \/>\n<link rel=\"canonical\" href=\"https:\/\/tuguia.combarranquilla.co\/Revista\/carta-a-mi-padre-la-escritora-cartagenera-angela-sierra-bustillo-escribe-un-relato-para-el-corazon\/\" \/>\n<meta property=\"og:locale\" content=\"es_ES\" \/>\n<meta property=\"og:type\" content=\"article\" \/>\n<meta property=\"og:title\" content=\"Carta a mi padre: la escritora cartagenera \u00c1ngela Sierra comparte un relato para el coraz\u00f3n - Tu Gu\u00eda\" \/>\n<meta property=\"og:description\" content=\"\u00c1ngela Mar\u00eda Sierra Bustillo naci\u00f3 en Cartagena en 1977. Actualmente, se dedica al mundo de la abogac\u00eda como l\u00edder de diferentes proyectos legales. Desde muy joven, las letras hicieron parte de su camino, pero no fueron protagonistas hasta hace algunos a\u00f1os. Luego de la p\u00e9rdida de su esposo Alberto, la literatura volvi\u00f3 a abrazar su [&hellip;]\" \/>\n<meta property=\"og:url\" content=\"https:\/\/tuguia.combarranquilla.co\/Revista\/carta-a-mi-padre-la-escritora-cartagenera-angela-sierra-bustillo-escribe-un-relato-para-el-corazon\/\" \/>\n<meta property=\"og:site_name\" content=\"Tu Gu\u00eda\" \/>\n<meta property=\"article:published_time\" content=\"2025-06-16T18:28:50+00:00\" \/>\n<meta property=\"article:modified_time\" content=\"2025-06-17T13:28:36+00:00\" \/>\n<meta property=\"og:image\" content=\"https:\/\/tuguia.combarranquilla.co\/Revista\/wp-content\/uploads\/2025\/06\/Revista-Combarranquilla-4-1024x512.png\" \/>\n\t<meta property=\"og:image:width\" content=\"1024\" \/>\n\t<meta property=\"og:image:height\" content=\"512\" \/>\n\t<meta property=\"og:image:type\" content=\"image\/png\" \/>\n<meta name=\"author\" content=\"Comunicaciones Combarranquilla\" \/>\n<meta name=\"twitter:card\" content=\"summary_large_image\" \/>\n<meta name=\"twitter:label1\" content=\"Escrito por\" \/>\n\t<meta name=\"twitter:data1\" content=\"Comunicaciones Combarranquilla\" \/>\n\t<meta name=\"twitter:label2\" content=\"Tiempo de lectura\" \/>\n\t<meta name=\"twitter:data2\" content=\"2 minutos\" \/>\n<script type=\"application\/ld+json\" class=\"yoast-schema-graph\">{\"@context\":\"https:\\\/\\\/schema.org\",\"@graph\":[{\"@type\":\"Article\",\"@id\":\"https:\\\/\\\/tuguia.combarranquilla.co\\\/Revista\\\/carta-a-mi-padre-la-escritora-cartagenera-angela-sierra-bustillo-escribe-un-relato-para-el-corazon\\\/#article\",\"isPartOf\":{\"@id\":\"https:\\\/\\\/tuguia.combarranquilla.co\\\/Revista\\\/carta-a-mi-padre-la-escritora-cartagenera-angela-sierra-bustillo-escribe-un-relato-para-el-corazon\\\/\"},\"author\":{\"name\":\"Comunicaciones Combarranquilla\",\"@id\":\"https:\\\/\\\/tuguia.combarranquilla.co\\\/Revista\\\/#\\\/schema\\\/person\\\/c2c396a77170bd1d5f8ba73294eb0d10\"},\"headline\":\"Carta a mi padre: la escritora cartagenera \u00c1ngela Sierra comparte un relato para el coraz\u00f3n\",\"datePublished\":\"2025-06-16T18:28:50+00:00\",\"dateModified\":\"2025-06-17T13:28:36+00:00\",\"mainEntityOfPage\":{\"@id\":\"https:\\\/\\\/tuguia.combarranquilla.co\\\/Revista\\\/carta-a-mi-padre-la-escritora-cartagenera-angela-sierra-bustillo-escribe-un-relato-para-el-corazon\\\/\"},\"wordCount\":327,\"commentCount\":0,\"publisher\":{\"@id\":\"https:\\\/\\\/tuguia.combarranquilla.co\\\/Revista\\\/#organization\"},\"image\":{\"@id\":\"https:\\\/\\\/tuguia.combarranquilla.co\\\/Revista\\\/carta-a-mi-padre-la-escritora-cartagenera-angela-sierra-bustillo-escribe-un-relato-para-el-corazon\\\/#primaryimage\"},\"thumbnailUrl\":\"https:\\\/\\\/tuguia.combarranquilla.co\\\/Revista\\\/wp-content\\\/uploads\\\/2025\\\/06\\\/Revista-Combarranquilla-4.png\",\"articleSection\":[\"ENTRETENIMIENTO\"],\"inLanguage\":\"es-CO\",\"potentialAction\":[{\"@type\":\"CommentAction\",\"name\":\"Comment\",\"target\":[\"https:\\\/\\\/tuguia.combarranquilla.co\\\/Revista\\\/carta-a-mi-padre-la-escritora-cartagenera-angela-sierra-bustillo-escribe-un-relato-para-el-corazon\\\/#respond\"]}]},{\"@type\":\"WebPage\",\"@id\":\"https:\\\/\\\/tuguia.combarranquilla.co\\\/Revista\\\/carta-a-mi-padre-la-escritora-cartagenera-angela-sierra-bustillo-escribe-un-relato-para-el-corazon\\\/\",\"url\":\"https:\\\/\\\/tuguia.combarranquilla.co\\\/Revista\\\/carta-a-mi-padre-la-escritora-cartagenera-angela-sierra-bustillo-escribe-un-relato-para-el-corazon\\\/\",\"name\":\"Carta a mi padre: la escritora cartagenera \u00c1ngela Sierra comparte un relato para el coraz\u00f3n - Tu Gu\u00eda\",\"isPartOf\":{\"@id\":\"https:\\\/\\\/tuguia.combarranquilla.co\\\/Revista\\\/#website\"},\"primaryImageOfPage\":{\"@id\":\"https:\\\/\\\/tuguia.combarranquilla.co\\\/Revista\\\/carta-a-mi-padre-la-escritora-cartagenera-angela-sierra-bustillo-escribe-un-relato-para-el-corazon\\\/#primaryimage\"},\"image\":{\"@id\":\"https:\\\/\\\/tuguia.combarranquilla.co\\\/Revista\\\/carta-a-mi-padre-la-escritora-cartagenera-angela-sierra-bustillo-escribe-un-relato-para-el-corazon\\\/#primaryimage\"},\"thumbnailUrl\":\"https:\\\/\\\/tuguia.combarranquilla.co\\\/Revista\\\/wp-content\\\/uploads\\\/2025\\\/06\\\/Revista-Combarranquilla-4.png\",\"datePublished\":\"2025-06-16T18:28:50+00:00\",\"dateModified\":\"2025-06-17T13:28:36+00:00\",\"breadcrumb\":{\"@id\":\"https:\\\/\\\/tuguia.combarranquilla.co\\\/Revista\\\/carta-a-mi-padre-la-escritora-cartagenera-angela-sierra-bustillo-escribe-un-relato-para-el-corazon\\\/#breadcrumb\"},\"inLanguage\":\"es-CO\",\"potentialAction\":[{\"@type\":\"ReadAction\",\"target\":[\"https:\\\/\\\/tuguia.combarranquilla.co\\\/Revista\\\/carta-a-mi-padre-la-escritora-cartagenera-angela-sierra-bustillo-escribe-un-relato-para-el-corazon\\\/\"]}]},{\"@type\":\"ImageObject\",\"inLanguage\":\"es-CO\",\"@id\":\"https:\\\/\\\/tuguia.combarranquilla.co\\\/Revista\\\/carta-a-mi-padre-la-escritora-cartagenera-angela-sierra-bustillo-escribe-un-relato-para-el-corazon\\\/#primaryimage\",\"url\":\"https:\\\/\\\/tuguia.combarranquilla.co\\\/Revista\\\/wp-content\\\/uploads\\\/2025\\\/06\\\/Revista-Combarranquilla-4.png\",\"contentUrl\":\"https:\\\/\\\/tuguia.combarranquilla.co\\\/Revista\\\/wp-content\\\/uploads\\\/2025\\\/06\\\/Revista-Combarranquilla-4.png\",\"width\":3780,\"height\":1890},{\"@type\":\"BreadcrumbList\",\"@id\":\"https:\\\/\\\/tuguia.combarranquilla.co\\\/Revista\\\/carta-a-mi-padre-la-escritora-cartagenera-angela-sierra-bustillo-escribe-un-relato-para-el-corazon\\\/#breadcrumb\",\"itemListElement\":[{\"@type\":\"ListItem\",\"position\":1,\"name\":\"Inicio\",\"item\":\"https:\\\/\\\/tuguia.combarranquilla.co\\\/Revista\\\/\"},{\"@type\":\"ListItem\",\"position\":2,\"name\":\"Carta a mi padre: la escritora cartagenera \u00c1ngela Sierra comparte un relato para el coraz\u00f3n\"}]},{\"@type\":\"WebSite\",\"@id\":\"https:\\\/\\\/tuguia.combarranquilla.co\\\/Revista\\\/#website\",\"url\":\"https:\\\/\\\/tuguia.combarranquilla.co\\\/Revista\\\/\",\"name\":\"Tu Gu\u00eda\",\"description\":\"La revista donde lo tienes todo.\",\"publisher\":{\"@id\":\"https:\\\/\\\/tuguia.combarranquilla.co\\\/Revista\\\/#organization\"},\"alternateName\":\"Tu Gu\u00eda Combarranquilla\",\"potentialAction\":[{\"@type\":\"SearchAction\",\"target\":{\"@type\":\"EntryPoint\",\"urlTemplate\":\"https:\\\/\\\/tuguia.combarranquilla.co\\\/Revista\\\/?s={search_term_string}\"},\"query-input\":{\"@type\":\"PropertyValueSpecification\",\"valueRequired\":true,\"valueName\":\"search_term_string\"}}],\"inLanguage\":\"es-CO\"},{\"@type\":\"Organization\",\"@id\":\"https:\\\/\\\/tuguia.combarranquilla.co\\\/Revista\\\/#organization\",\"name\":\"Tu Gu\u00eda Combarranquilla\",\"url\":\"https:\\\/\\\/tuguia.combarranquilla.co\\\/Revista\\\/\",\"logo\":{\"@type\":\"ImageObject\",\"inLanguage\":\"es-CO\",\"@id\":\"https:\\\/\\\/tuguia.combarranquilla.co\\\/Revista\\\/#\\\/schema\\\/logo\\\/image\\\/\",\"url\":\"https:\\\/\\\/tuguia.combarranquilla.co\\\/Revista\\\/wp-content\\\/uploads\\\/2022\\\/02\\\/logo-guia-combarranquilla.svg\",\"contentUrl\":\"https:\\\/\\\/tuguia.combarranquilla.co\\\/Revista\\\/wp-content\\\/uploads\\\/2022\\\/02\\\/logo-guia-combarranquilla.svg\",\"caption\":\"Tu Gu\u00eda Combarranquilla\"},\"image\":{\"@id\":\"https:\\\/\\\/tuguia.combarranquilla.co\\\/Revista\\\/#\\\/schema\\\/logo\\\/image\\\/\"}},{\"@type\":\"Person\",\"@id\":\"https:\\\/\\\/tuguia.combarranquilla.co\\\/Revista\\\/#\\\/schema\\\/person\\\/c2c396a77170bd1d5f8ba73294eb0d10\",\"name\":\"Comunicaciones Combarranquilla\",\"image\":{\"@type\":\"ImageObject\",\"inLanguage\":\"es-CO\",\"@id\":\"https:\\\/\\\/tuguia.combarranquilla.co\\\/Revista\\\/wp-content\\\/uploads\\\/2025\\\/05\\\/ABC-Al-Rojo-Logo-96x96.jpg\",\"url\":\"https:\\\/\\\/tuguia.combarranquilla.co\\\/Revista\\\/wp-content\\\/uploads\\\/2025\\\/05\\\/ABC-Al-Rojo-Logo-96x96.jpg\",\"contentUrl\":\"https:\\\/\\\/tuguia.combarranquilla.co\\\/Revista\\\/wp-content\\\/uploads\\\/2025\\\/05\\\/ABC-Al-Rojo-Logo-96x96.jpg\",\"caption\":\"Comunicaciones Combarranquilla\"},\"sameAs\":[\"https:\\\/\\\/www.combarranquilla.co\"],\"url\":\"https:\\\/\\\/tuguia.combarranquilla.co\\\/Revista\\\/author\\\/comunicaciones\\\/\"}]}<\/script>\n<!-- \/ Yoast SEO plugin. -->","yoast_head_json":{"title":"Carta a mi padre: la escritora cartagenera \u00c1ngela Sierra comparte un relato para el coraz\u00f3n - Tu Gu\u00eda","robots":{"index":"index","follow":"follow","max-snippet":"max-snippet:-1","max-image-preview":"max-image-preview:large","max-video-preview":"max-video-preview:-1"},"canonical":"https:\/\/tuguia.combarranquilla.co\/Revista\/carta-a-mi-padre-la-escritora-cartagenera-angela-sierra-bustillo-escribe-un-relato-para-el-corazon\/","og_locale":"es_ES","og_type":"article","og_title":"Carta a mi padre: la escritora cartagenera \u00c1ngela Sierra comparte un relato para el coraz\u00f3n - Tu Gu\u00eda","og_description":"\u00c1ngela Mar\u00eda Sierra Bustillo naci\u00f3 en Cartagena en 1977. Actualmente, se dedica al mundo de la abogac\u00eda como l\u00edder de diferentes proyectos legales. Desde muy joven, las letras hicieron parte de su camino, pero no fueron protagonistas hasta hace algunos a\u00f1os. Luego de la p\u00e9rdida de su esposo Alberto, la literatura volvi\u00f3 a abrazar su [&hellip;]","og_url":"https:\/\/tuguia.combarranquilla.co\/Revista\/carta-a-mi-padre-la-escritora-cartagenera-angela-sierra-bustillo-escribe-un-relato-para-el-corazon\/","og_site_name":"Tu Gu\u00eda","article_published_time":"2025-06-16T18:28:50+00:00","article_modified_time":"2025-06-17T13:28:36+00:00","og_image":[{"width":1024,"height":512,"url":"https:\/\/tuguia.combarranquilla.co\/Revista\/wp-content\/uploads\/2025\/06\/Revista-Combarranquilla-4-1024x512.png","type":"image\/png"}],"author":"Comunicaciones Combarranquilla","twitter_card":"summary_large_image","twitter_misc":{"Escrito por":"Comunicaciones Combarranquilla","Tiempo de lectura":"2 minutos"},"schema":{"@context":"https:\/\/schema.org","@graph":[{"@type":"Article","@id":"https:\/\/tuguia.combarranquilla.co\/Revista\/carta-a-mi-padre-la-escritora-cartagenera-angela-sierra-bustillo-escribe-un-relato-para-el-corazon\/#article","isPartOf":{"@id":"https:\/\/tuguia.combarranquilla.co\/Revista\/carta-a-mi-padre-la-escritora-cartagenera-angela-sierra-bustillo-escribe-un-relato-para-el-corazon\/"},"author":{"name":"Comunicaciones Combarranquilla","@id":"https:\/\/tuguia.combarranquilla.co\/Revista\/#\/schema\/person\/c2c396a77170bd1d5f8ba73294eb0d10"},"headline":"Carta a mi padre: la escritora cartagenera \u00c1ngela Sierra comparte un relato para el coraz\u00f3n","datePublished":"2025-06-16T18:28:50+00:00","dateModified":"2025-06-17T13:28:36+00:00","mainEntityOfPage":{"@id":"https:\/\/tuguia.combarranquilla.co\/Revista\/carta-a-mi-padre-la-escritora-cartagenera-angela-sierra-bustillo-escribe-un-relato-para-el-corazon\/"},"wordCount":327,"commentCount":0,"publisher":{"@id":"https:\/\/tuguia.combarranquilla.co\/Revista\/#organization"},"image":{"@id":"https:\/\/tuguia.combarranquilla.co\/Revista\/carta-a-mi-padre-la-escritora-cartagenera-angela-sierra-bustillo-escribe-un-relato-para-el-corazon\/#primaryimage"},"thumbnailUrl":"https:\/\/tuguia.combarranquilla.co\/Revista\/wp-content\/uploads\/2025\/06\/Revista-Combarranquilla-4.png","articleSection":["ENTRETENIMIENTO"],"inLanguage":"es-CO","potentialAction":[{"@type":"CommentAction","name":"Comment","target":["https:\/\/tuguia.combarranquilla.co\/Revista\/carta-a-mi-padre-la-escritora-cartagenera-angela-sierra-bustillo-escribe-un-relato-para-el-corazon\/#respond"]}]},{"@type":"WebPage","@id":"https:\/\/tuguia.combarranquilla.co\/Revista\/carta-a-mi-padre-la-escritora-cartagenera-angela-sierra-bustillo-escribe-un-relato-para-el-corazon\/","url":"https:\/\/tuguia.combarranquilla.co\/Revista\/carta-a-mi-padre-la-escritora-cartagenera-angela-sierra-bustillo-escribe-un-relato-para-el-corazon\/","name":"Carta a mi padre: la escritora cartagenera \u00c1ngela Sierra comparte un relato para el coraz\u00f3n - Tu Gu\u00eda","isPartOf":{"@id":"https:\/\/tuguia.combarranquilla.co\/Revista\/#website"},"primaryImageOfPage":{"@id":"https:\/\/tuguia.combarranquilla.co\/Revista\/carta-a-mi-padre-la-escritora-cartagenera-angela-sierra-bustillo-escribe-un-relato-para-el-corazon\/#primaryimage"},"image":{"@id":"https:\/\/tuguia.combarranquilla.co\/Revista\/carta-a-mi-padre-la-escritora-cartagenera-angela-sierra-bustillo-escribe-un-relato-para-el-corazon\/#primaryimage"},"thumbnailUrl":"https:\/\/tuguia.combarranquilla.co\/Revista\/wp-content\/uploads\/2025\/06\/Revista-Combarranquilla-4.png","datePublished":"2025-06-16T18:28:50+00:00","dateModified":"2025-06-17T13:28:36+00:00","breadcrumb":{"@id":"https:\/\/tuguia.combarranquilla.co\/Revista\/carta-a-mi-padre-la-escritora-cartagenera-angela-sierra-bustillo-escribe-un-relato-para-el-corazon\/#breadcrumb"},"inLanguage":"es-CO","potentialAction":[{"@type":"ReadAction","target":["https:\/\/tuguia.combarranquilla.co\/Revista\/carta-a-mi-padre-la-escritora-cartagenera-angela-sierra-bustillo-escribe-un-relato-para-el-corazon\/"]}]},{"@type":"ImageObject","inLanguage":"es-CO","@id":"https:\/\/tuguia.combarranquilla.co\/Revista\/carta-a-mi-padre-la-escritora-cartagenera-angela-sierra-bustillo-escribe-un-relato-para-el-corazon\/#primaryimage","url":"https:\/\/tuguia.combarranquilla.co\/Revista\/wp-content\/uploads\/2025\/06\/Revista-Combarranquilla-4.png","contentUrl":"https:\/\/tuguia.combarranquilla.co\/Revista\/wp-content\/uploads\/2025\/06\/Revista-Combarranquilla-4.png","width":3780,"height":1890},{"@type":"BreadcrumbList","@id":"https:\/\/tuguia.combarranquilla.co\/Revista\/carta-a-mi-padre-la-escritora-cartagenera-angela-sierra-bustillo-escribe-un-relato-para-el-corazon\/#breadcrumb","itemListElement":[{"@type":"ListItem","position":1,"name":"Inicio","item":"https:\/\/tuguia.combarranquilla.co\/Revista\/"},{"@type":"ListItem","position":2,"name":"Carta a mi padre: la escritora cartagenera \u00c1ngela Sierra comparte un relato para el coraz\u00f3n"}]},{"@type":"WebSite","@id":"https:\/\/tuguia.combarranquilla.co\/Revista\/#website","url":"https:\/\/tuguia.combarranquilla.co\/Revista\/","name":"Tu Gu\u00eda","description":"La revista donde lo tienes todo.","publisher":{"@id":"https:\/\/tuguia.combarranquilla.co\/Revista\/#organization"},"alternateName":"Tu Gu\u00eda Combarranquilla","potentialAction":[{"@type":"SearchAction","target":{"@type":"EntryPoint","urlTemplate":"https:\/\/tuguia.combarranquilla.co\/Revista\/?s={search_term_string}"},"query-input":{"@type":"PropertyValueSpecification","valueRequired":true,"valueName":"search_term_string"}}],"inLanguage":"es-CO"},{"@type":"Organization","@id":"https:\/\/tuguia.combarranquilla.co\/Revista\/#organization","name":"Tu Gu\u00eda Combarranquilla","url":"https:\/\/tuguia.combarranquilla.co\/Revista\/","logo":{"@type":"ImageObject","inLanguage":"es-CO","@id":"https:\/\/tuguia.combarranquilla.co\/Revista\/#\/schema\/logo\/image\/","url":"https:\/\/tuguia.combarranquilla.co\/Revista\/wp-content\/uploads\/2022\/02\/logo-guia-combarranquilla.svg","contentUrl":"https:\/\/tuguia.combarranquilla.co\/Revista\/wp-content\/uploads\/2022\/02\/logo-guia-combarranquilla.svg","caption":"Tu Gu\u00eda Combarranquilla"},"image":{"@id":"https:\/\/tuguia.combarranquilla.co\/Revista\/#\/schema\/logo\/image\/"}},{"@type":"Person","@id":"https:\/\/tuguia.combarranquilla.co\/Revista\/#\/schema\/person\/c2c396a77170bd1d5f8ba73294eb0d10","name":"Comunicaciones Combarranquilla","image":{"@type":"ImageObject","inLanguage":"es-CO","@id":"https:\/\/tuguia.combarranquilla.co\/Revista\/wp-content\/uploads\/2025\/05\/ABC-Al-Rojo-Logo-96x96.jpg","url":"https:\/\/tuguia.combarranquilla.co\/Revista\/wp-content\/uploads\/2025\/05\/ABC-Al-Rojo-Logo-96x96.jpg","contentUrl":"https:\/\/tuguia.combarranquilla.co\/Revista\/wp-content\/uploads\/2025\/05\/ABC-Al-Rojo-Logo-96x96.jpg","caption":"Comunicaciones Combarranquilla"},"sameAs":["https:\/\/www.combarranquilla.co"],"url":"https:\/\/tuguia.combarranquilla.co\/Revista\/author\/comunicaciones\/"}]}},"_links":{"self":[{"href":"https:\/\/tuguia.combarranquilla.co\/Revista\/wp-json\/wp\/v2\/posts\/6790","targetHints":{"allow":["GET"]}}],"collection":[{"href":"https:\/\/tuguia.combarranquilla.co\/Revista\/wp-json\/wp\/v2\/posts"}],"about":[{"href":"https:\/\/tuguia.combarranquilla.co\/Revista\/wp-json\/wp\/v2\/types\/post"}],"author":[{"embeddable":true,"href":"https:\/\/tuguia.combarranquilla.co\/Revista\/wp-json\/wp\/v2\/users\/2"}],"replies":[{"embeddable":true,"href":"https:\/\/tuguia.combarranquilla.co\/Revista\/wp-json\/wp\/v2\/comments?post=6790"}],"version-history":[{"count":22,"href":"https:\/\/tuguia.combarranquilla.co\/Revista\/wp-json\/wp\/v2\/posts\/6790\/revisions"}],"predecessor-version":[{"id":6845,"href":"https:\/\/tuguia.combarranquilla.co\/Revista\/wp-json\/wp\/v2\/posts\/6790\/revisions\/6845"}],"wp:featuredmedia":[{"embeddable":true,"href":"https:\/\/tuguia.combarranquilla.co\/Revista\/wp-json\/wp\/v2\/media\/6842"}],"wp:attachment":[{"href":"https:\/\/tuguia.combarranquilla.co\/Revista\/wp-json\/wp\/v2\/media?parent=6790"}],"wp:term":[{"taxonomy":"category","embeddable":true,"href":"https:\/\/tuguia.combarranquilla.co\/Revista\/wp-json\/wp\/v2\/categories?post=6790"},{"taxonomy":"post_tag","embeddable":true,"href":"https:\/\/tuguia.combarranquilla.co\/Revista\/wp-json\/wp\/v2\/tags?post=6790"}],"curies":[{"name":"wp","href":"https:\/\/api.w.org\/{rel}","templated":true}]}}