{"id":6805,"date":"2025-06-16T13:28:08","date_gmt":"2025-06-16T18:28:08","guid":{"rendered":"https:\/\/tuguia.combarranquilla.co\/Revista\/?p=6805"},"modified":"2025-06-20T15:42:05","modified_gmt":"2025-06-20T20:42:05","slug":"carta-a-mis-hijos-ernesto-carlos-bustillo-rojas-educador-y-escritor-en-el-dia-del-padre","status":"publish","type":"post","link":"https:\/\/tuguia.combarranquilla.co\/Revista\/carta-a-mis-hijos-ernesto-carlos-bustillo-rojas-educador-y-escritor-en-el-dia-del-padre\/","title":{"rendered":"Carta a mis hijos: Ernesto Bustillo, educador y escritor, en el D\u00eda del Padre"},"content":{"rendered":"\n<p>Ernesto Carlos Bustillo Rojas es un ingeniero industrial y escritor multifac\u00e9tico, originario de Cartagena. Fue actor y guionista teatral en el Colegio Fern\u00e1ndez Baena, ganando varios premios intercolegiales. A sus 25 a\u00f1os, public\u00f3 su primera novela, <em>Sue\u00f1os de poder.<\/em><\/p>\n\n\n\n<p>En 1992, Bustillo Rojas fund\u00f3 la Escuela T\u00e9cnica del Cesar, ESETEC, donde demostr\u00f3 su pasi\u00f3n por la educaci\u00f3n. ESETEC ofrece programas t\u00e9cnicos laborales aprobados por el Ministerio de Educaci\u00f3n Nacional, a trav\u00e9s de la Secretar\u00eda de Educacion Municipal de Valledupar. Hoy, los hijos de Ernesto son quienes administran la instituci\u00f3n.<\/p>\n\n\n\n<p>Actualmente, luego de haberse retirado del mundo laboral, Bustillo Rojas dedica su tiempo a la escritura. Su mayor deseo es triunfar como escritor para la televisi\u00f3n en el g\u00e9nero de la ciencia ficci\u00f3n.<\/p>\n\n\n\n<h2 class=\"wp-block-heading has-medium-font-size\">Especial D\u00eda del Padre<\/h2>\n\n\n\n<p>Para conmemorar el D\u00eda del Padre, Ernesto Bustillo escribi\u00f3 una sentida carta que dedica a sus hijos, quienes lo han apoyado desde que tiene memoria. En la revista <em>Tu Gu\u00eda<\/em> la compartimos para inspirar a aquellos padres que hoy ven a sus hijos triunfar en la vida.<\/p>\n\n\n\n<hr class=\"wp-block-separator has-alpha-channel-opacity\"\/>\n\n\n\n<p style=\"font-size:16px\">Por <em>Ernesto Bustillo Rojas<\/em><\/p>\n\n\n\n<div style=\"position: relative; width: 100%; height: 0; padding-top: 132.2807%;\n padding-bottom: 0; box-shadow: 0 2px 8px 0 rgba(63,69,81,0.16); margin-top: 1.6em; margin-bottom: 0.9em; overflow: hidden;\n border-radius: 8px; will-change: transform;\">\n  <iframe style=\"position: absolute; width: 100%; height: 100%; top: 0; left: 0; border: none; padding: 0;margin: 0;\"\n    data-src=\"https:\/\/www.canva.com\/design\/DAGqhswS4DI\/9txpUf4_3i9lzAEWBVlC9w\/view?embed\" allowfullscreen=\"allowfullscreen\" allow=\"fullscreen\" src=\"data:image\/svg+xml;base64,PHN2ZyB3aWR0aD0iMSIgaGVpZ2h0PSIxIiB4bWxucz0iaHR0cDovL3d3dy53My5vcmcvMjAwMC9zdmciPjwvc3ZnPg==\" class=\"lazyload\" data-load-mode=\"1\">\n  <\/iframe>\n<\/div>\n<a href=\"https:&#x2F;&#x2F;www.canva.com&#x2F;design&#x2F;DAGqhswS4DI&#x2F;9txpUf4_3i9lzAEWBVlC9w&#x2F;view?utm_content=DAGqhswS4DI&amp;utm_campaign=designshare&amp;utm_medium=embeds&amp;utm_source=link\" target=\"_blank\" rel=\"noopener\">\n","protected":false},"excerpt":{"rendered":"<p>Ernesto Carlos Bustillo Rojas es un ingeniero industrial y escritor multifac\u00e9tico, originario de Cartagena. Fue actor y guionista teatral en el Colegio Fern\u00e1ndez Baena, ganando varios premios intercolegiales. A sus 25 a\u00f1os, public\u00f3 su primera novela, Sue\u00f1os de poder. En 1992, Bustillo Rojas fund\u00f3 la Escuela T\u00e9cnica del Cesar, ESETEC, donde demostr\u00f3 su pasi\u00f3n por [&hellip;]<\/p>\n","protected":false},"author":2,"featured_media":6830,"comment_status":"open","ping_status":"open","sticky":false,"template":"","format":"standard","meta":{"inline_featured_image":false,"footnotes":""},"categories":[1],"tags":[],"class_list":["post-6805","post","type-post","status-publish","format-standard","has-post-thumbnail","hentry","category-entretenimiento"],"yoast_head":"<!-- This site is optimized with the Yoast SEO plugin v27.4 - https:\/\/yoast.com\/product\/yoast-seo-wordpress\/ -->\n<title>Carta a mis hijos: Ernesto Bustillo, educador y escritor, en el D\u00eda del Padre - Tu Gu\u00eda<\/title>\n<meta name=\"robots\" content=\"index, follow, max-snippet:-1, max-image-preview:large, max-video-preview:-1\" \/>\n<link rel=\"canonical\" href=\"https:\/\/tuguia.combarranquilla.co\/Revista\/carta-a-mis-hijos-ernesto-carlos-bustillo-rojas-educador-y-escritor-en-el-dia-del-padre\/\" \/>\n<meta property=\"og:locale\" content=\"es_ES\" \/>\n<meta property=\"og:type\" content=\"article\" \/>\n<meta property=\"og:title\" content=\"Carta a mis hijos: Ernesto Bustillo, educador y escritor, en el D\u00eda del Padre - Tu Gu\u00eda\" \/>\n<meta property=\"og:description\" content=\"Ernesto Carlos Bustillo Rojas es un ingeniero industrial y escritor multifac\u00e9tico, originario de Cartagena. Fue actor y guionista teatral en el Colegio Fern\u00e1ndez Baena, ganando varios premios intercolegiales. A sus 25 a\u00f1os, public\u00f3 su primera novela, Sue\u00f1os de poder. En 1992, Bustillo Rojas fund\u00f3 la Escuela T\u00e9cnica del Cesar, ESETEC, donde demostr\u00f3 su pasi\u00f3n por [&hellip;]\" \/>\n<meta property=\"og:url\" content=\"https:\/\/tuguia.combarranquilla.co\/Revista\/carta-a-mis-hijos-ernesto-carlos-bustillo-rojas-educador-y-escritor-en-el-dia-del-padre\/\" \/>\n<meta property=\"og:site_name\" content=\"Tu Gu\u00eda\" \/>\n<meta property=\"article:published_time\" content=\"2025-06-16T18:28:08+00:00\" \/>\n<meta property=\"article:modified_time\" content=\"2025-06-20T20:42:05+00:00\" \/>\n<meta property=\"og:image\" content=\"https:\/\/tuguia.combarranquilla.co\/Revista\/wp-content\/uploads\/2025\/06\/Revista-Combarranquilla-2-1024x512.png\" \/>\n\t<meta property=\"og:image:width\" content=\"1024\" \/>\n\t<meta property=\"og:image:height\" content=\"512\" \/>\n\t<meta property=\"og:image:type\" content=\"image\/png\" \/>\n<meta name=\"author\" content=\"Comunicaciones Combarranquilla\" \/>\n<meta name=\"twitter:card\" content=\"summary_large_image\" \/>\n<meta name=\"twitter:label1\" content=\"Escrito por\" \/>\n\t<meta name=\"twitter:data1\" content=\"Comunicaciones Combarranquilla\" \/>\n\t<meta name=\"twitter:label2\" content=\"Tiempo de lectura\" \/>\n\t<meta name=\"twitter:data2\" content=\"2 minutos\" \/>\n<script type=\"application\/ld+json\" class=\"yoast-schema-graph\">{\"@context\":\"https:\\\/\\\/schema.org\",\"@graph\":[{\"@type\":\"Article\",\"@id\":\"https:\\\/\\\/tuguia.combarranquilla.co\\\/Revista\\\/carta-a-mis-hijos-ernesto-carlos-bustillo-rojas-educador-y-escritor-en-el-dia-del-padre\\\/#article\",\"isPartOf\":{\"@id\":\"https:\\\/\\\/tuguia.combarranquilla.co\\\/Revista\\\/carta-a-mis-hijos-ernesto-carlos-bustillo-rojas-educador-y-escritor-en-el-dia-del-padre\\\/\"},\"author\":{\"name\":\"Comunicaciones Combarranquilla\",\"@id\":\"https:\\\/\\\/tuguia.combarranquilla.co\\\/Revista\\\/#\\\/schema\\\/person\\\/c2c396a77170bd1d5f8ba73294eb0d10\"},\"headline\":\"Carta a mis hijos: Ernesto Bustillo, educador y escritor, en el D\u00eda del Padre\",\"datePublished\":\"2025-06-16T18:28:08+00:00\",\"dateModified\":\"2025-06-20T20:42:05+00:00\",\"mainEntityOfPage\":{\"@id\":\"https:\\\/\\\/tuguia.combarranquilla.co\\\/Revista\\\/carta-a-mis-hijos-ernesto-carlos-bustillo-rojas-educador-y-escritor-en-el-dia-del-padre\\\/\"},\"wordCount\":208,\"commentCount\":0,\"publisher\":{\"@id\":\"https:\\\/\\\/tuguia.combarranquilla.co\\\/Revista\\\/#organization\"},\"image\":{\"@id\":\"https:\\\/\\\/tuguia.combarranquilla.co\\\/Revista\\\/carta-a-mis-hijos-ernesto-carlos-bustillo-rojas-educador-y-escritor-en-el-dia-del-padre\\\/#primaryimage\"},\"thumbnailUrl\":\"https:\\\/\\\/tuguia.combarranquilla.co\\\/Revista\\\/wp-content\\\/uploads\\\/2025\\\/06\\\/Revista-Combarranquilla-2.png\",\"articleSection\":[\"ENTRETENIMIENTO\"],\"inLanguage\":\"es-CO\",\"potentialAction\":[{\"@type\":\"CommentAction\",\"name\":\"Comment\",\"target\":[\"https:\\\/\\\/tuguia.combarranquilla.co\\\/Revista\\\/carta-a-mis-hijos-ernesto-carlos-bustillo-rojas-educador-y-escritor-en-el-dia-del-padre\\\/#respond\"]}]},{\"@type\":\"WebPage\",\"@id\":\"https:\\\/\\\/tuguia.combarranquilla.co\\\/Revista\\\/carta-a-mis-hijos-ernesto-carlos-bustillo-rojas-educador-y-escritor-en-el-dia-del-padre\\\/\",\"url\":\"https:\\\/\\\/tuguia.combarranquilla.co\\\/Revista\\\/carta-a-mis-hijos-ernesto-carlos-bustillo-rojas-educador-y-escritor-en-el-dia-del-padre\\\/\",\"name\":\"Carta a mis hijos: Ernesto Bustillo, educador y escritor, en el D\u00eda del Padre - Tu Gu\u00eda\",\"isPartOf\":{\"@id\":\"https:\\\/\\\/tuguia.combarranquilla.co\\\/Revista\\\/#website\"},\"primaryImageOfPage\":{\"@id\":\"https:\\\/\\\/tuguia.combarranquilla.co\\\/Revista\\\/carta-a-mis-hijos-ernesto-carlos-bustillo-rojas-educador-y-escritor-en-el-dia-del-padre\\\/#primaryimage\"},\"image\":{\"@id\":\"https:\\\/\\\/tuguia.combarranquilla.co\\\/Revista\\\/carta-a-mis-hijos-ernesto-carlos-bustillo-rojas-educador-y-escritor-en-el-dia-del-padre\\\/#primaryimage\"},\"thumbnailUrl\":\"https:\\\/\\\/tuguia.combarranquilla.co\\\/Revista\\\/wp-content\\\/uploads\\\/2025\\\/06\\\/Revista-Combarranquilla-2.png\",\"datePublished\":\"2025-06-16T18:28:08+00:00\",\"dateModified\":\"2025-06-20T20:42:05+00:00\",\"breadcrumb\":{\"@id\":\"https:\\\/\\\/tuguia.combarranquilla.co\\\/Revista\\\/carta-a-mis-hijos-ernesto-carlos-bustillo-rojas-educador-y-escritor-en-el-dia-del-padre\\\/#breadcrumb\"},\"inLanguage\":\"es-CO\",\"potentialAction\":[{\"@type\":\"ReadAction\",\"target\":[\"https:\\\/\\\/tuguia.combarranquilla.co\\\/Revista\\\/carta-a-mis-hijos-ernesto-carlos-bustillo-rojas-educador-y-escritor-en-el-dia-del-padre\\\/\"]}]},{\"@type\":\"ImageObject\",\"inLanguage\":\"es-CO\",\"@id\":\"https:\\\/\\\/tuguia.combarranquilla.co\\\/Revista\\\/carta-a-mis-hijos-ernesto-carlos-bustillo-rojas-educador-y-escritor-en-el-dia-del-padre\\\/#primaryimage\",\"url\":\"https:\\\/\\\/tuguia.combarranquilla.co\\\/Revista\\\/wp-content\\\/uploads\\\/2025\\\/06\\\/Revista-Combarranquilla-2.png\",\"contentUrl\":\"https:\\\/\\\/tuguia.combarranquilla.co\\\/Revista\\\/wp-content\\\/uploads\\\/2025\\\/06\\\/Revista-Combarranquilla-2.png\",\"width\":3780,\"height\":1890},{\"@type\":\"BreadcrumbList\",\"@id\":\"https:\\\/\\\/tuguia.combarranquilla.co\\\/Revista\\\/carta-a-mis-hijos-ernesto-carlos-bustillo-rojas-educador-y-escritor-en-el-dia-del-padre\\\/#breadcrumb\",\"itemListElement\":[{\"@type\":\"ListItem\",\"position\":1,\"name\":\"Inicio\",\"item\":\"https:\\\/\\\/tuguia.combarranquilla.co\\\/Revista\\\/\"},{\"@type\":\"ListItem\",\"position\":2,\"name\":\"Carta a mis hijos: Ernesto Bustillo, educador y escritor, en el D\u00eda del Padre\"}]},{\"@type\":\"WebSite\",\"@id\":\"https:\\\/\\\/tuguia.combarranquilla.co\\\/Revista\\\/#website\",\"url\":\"https:\\\/\\\/tuguia.combarranquilla.co\\\/Revista\\\/\",\"name\":\"Tu Gu\u00eda\",\"description\":\"La revista donde lo tienes todo.\",\"publisher\":{\"@id\":\"https:\\\/\\\/tuguia.combarranquilla.co\\\/Revista\\\/#organization\"},\"alternateName\":\"Tu Gu\u00eda Combarranquilla\",\"potentialAction\":[{\"@type\":\"SearchAction\",\"target\":{\"@type\":\"EntryPoint\",\"urlTemplate\":\"https:\\\/\\\/tuguia.combarranquilla.co\\\/Revista\\\/?s={search_term_string}\"},\"query-input\":{\"@type\":\"PropertyValueSpecification\",\"valueRequired\":true,\"valueName\":\"search_term_string\"}}],\"inLanguage\":\"es-CO\"},{\"@type\":\"Organization\",\"@id\":\"https:\\\/\\\/tuguia.combarranquilla.co\\\/Revista\\\/#organization\",\"name\":\"Tu Gu\u00eda Combarranquilla\",\"url\":\"https:\\\/\\\/tuguia.combarranquilla.co\\\/Revista\\\/\",\"logo\":{\"@type\":\"ImageObject\",\"inLanguage\":\"es-CO\",\"@id\":\"https:\\\/\\\/tuguia.combarranquilla.co\\\/Revista\\\/#\\\/schema\\\/logo\\\/image\\\/\",\"url\":\"https:\\\/\\\/tuguia.combarranquilla.co\\\/Revista\\\/wp-content\\\/uploads\\\/2022\\\/02\\\/logo-guia-combarranquilla.svg\",\"contentUrl\":\"https:\\\/\\\/tuguia.combarranquilla.co\\\/Revista\\\/wp-content\\\/uploads\\\/2022\\\/02\\\/logo-guia-combarranquilla.svg\",\"caption\":\"Tu Gu\u00eda Combarranquilla\"},\"image\":{\"@id\":\"https:\\\/\\\/tuguia.combarranquilla.co\\\/Revista\\\/#\\\/schema\\\/logo\\\/image\\\/\"}},{\"@type\":\"Person\",\"@id\":\"https:\\\/\\\/tuguia.combarranquilla.co\\\/Revista\\\/#\\\/schema\\\/person\\\/c2c396a77170bd1d5f8ba73294eb0d10\",\"name\":\"Comunicaciones Combarranquilla\",\"image\":{\"@type\":\"ImageObject\",\"inLanguage\":\"es-CO\",\"@id\":\"https:\\\/\\\/tuguia.combarranquilla.co\\\/Revista\\\/wp-content\\\/uploads\\\/2025\\\/05\\\/ABC-Al-Rojo-Logo-96x96.jpg\",\"url\":\"https:\\\/\\\/tuguia.combarranquilla.co\\\/Revista\\\/wp-content\\\/uploads\\\/2025\\\/05\\\/ABC-Al-Rojo-Logo-96x96.jpg\",\"contentUrl\":\"https:\\\/\\\/tuguia.combarranquilla.co\\\/Revista\\\/wp-content\\\/uploads\\\/2025\\\/05\\\/ABC-Al-Rojo-Logo-96x96.jpg\",\"caption\":\"Comunicaciones Combarranquilla\"},\"sameAs\":[\"https:\\\/\\\/www.combarranquilla.co\"],\"url\":\"https:\\\/\\\/tuguia.combarranquilla.co\\\/Revista\\\/author\\\/comunicaciones\\\/\"}]}<\/script>\n<!-- \/ Yoast SEO plugin. -->","yoast_head_json":{"title":"Carta a mis hijos: Ernesto Bustillo, educador y escritor, en el D\u00eda del Padre - Tu Gu\u00eda","robots":{"index":"index","follow":"follow","max-snippet":"max-snippet:-1","max-image-preview":"max-image-preview:large","max-video-preview":"max-video-preview:-1"},"canonical":"https:\/\/tuguia.combarranquilla.co\/Revista\/carta-a-mis-hijos-ernesto-carlos-bustillo-rojas-educador-y-escritor-en-el-dia-del-padre\/","og_locale":"es_ES","og_type":"article","og_title":"Carta a mis hijos: Ernesto Bustillo, educador y escritor, en el D\u00eda del Padre - Tu Gu\u00eda","og_description":"Ernesto Carlos Bustillo Rojas es un ingeniero industrial y escritor multifac\u00e9tico, originario de Cartagena. Fue actor y guionista teatral en el Colegio Fern\u00e1ndez Baena, ganando varios premios intercolegiales. A sus 25 a\u00f1os, public\u00f3 su primera novela, Sue\u00f1os de poder. En 1992, Bustillo Rojas fund\u00f3 la Escuela T\u00e9cnica del Cesar, ESETEC, donde demostr\u00f3 su pasi\u00f3n por [&hellip;]","og_url":"https:\/\/tuguia.combarranquilla.co\/Revista\/carta-a-mis-hijos-ernesto-carlos-bustillo-rojas-educador-y-escritor-en-el-dia-del-padre\/","og_site_name":"Tu Gu\u00eda","article_published_time":"2025-06-16T18:28:08+00:00","article_modified_time":"2025-06-20T20:42:05+00:00","og_image":[{"width":1024,"height":512,"url":"https:\/\/tuguia.combarranquilla.co\/Revista\/wp-content\/uploads\/2025\/06\/Revista-Combarranquilla-2-1024x512.png","type":"image\/png"}],"author":"Comunicaciones Combarranquilla","twitter_card":"summary_large_image","twitter_misc":{"Escrito por":"Comunicaciones Combarranquilla","Tiempo de lectura":"2 minutos"},"schema":{"@context":"https:\/\/schema.org","@graph":[{"@type":"Article","@id":"https:\/\/tuguia.combarranquilla.co\/Revista\/carta-a-mis-hijos-ernesto-carlos-bustillo-rojas-educador-y-escritor-en-el-dia-del-padre\/#article","isPartOf":{"@id":"https:\/\/tuguia.combarranquilla.co\/Revista\/carta-a-mis-hijos-ernesto-carlos-bustillo-rojas-educador-y-escritor-en-el-dia-del-padre\/"},"author":{"name":"Comunicaciones Combarranquilla","@id":"https:\/\/tuguia.combarranquilla.co\/Revista\/#\/schema\/person\/c2c396a77170bd1d5f8ba73294eb0d10"},"headline":"Carta a mis hijos: Ernesto Bustillo, educador y escritor, en el D\u00eda del Padre","datePublished":"2025-06-16T18:28:08+00:00","dateModified":"2025-06-20T20:42:05+00:00","mainEntityOfPage":{"@id":"https:\/\/tuguia.combarranquilla.co\/Revista\/carta-a-mis-hijos-ernesto-carlos-bustillo-rojas-educador-y-escritor-en-el-dia-del-padre\/"},"wordCount":208,"commentCount":0,"publisher":{"@id":"https:\/\/tuguia.combarranquilla.co\/Revista\/#organization"},"image":{"@id":"https:\/\/tuguia.combarranquilla.co\/Revista\/carta-a-mis-hijos-ernesto-carlos-bustillo-rojas-educador-y-escritor-en-el-dia-del-padre\/#primaryimage"},"thumbnailUrl":"https:\/\/tuguia.combarranquilla.co\/Revista\/wp-content\/uploads\/2025\/06\/Revista-Combarranquilla-2.png","articleSection":["ENTRETENIMIENTO"],"inLanguage":"es-CO","potentialAction":[{"@type":"CommentAction","name":"Comment","target":["https:\/\/tuguia.combarranquilla.co\/Revista\/carta-a-mis-hijos-ernesto-carlos-bustillo-rojas-educador-y-escritor-en-el-dia-del-padre\/#respond"]}]},{"@type":"WebPage","@id":"https:\/\/tuguia.combarranquilla.co\/Revista\/carta-a-mis-hijos-ernesto-carlos-bustillo-rojas-educador-y-escritor-en-el-dia-del-padre\/","url":"https:\/\/tuguia.combarranquilla.co\/Revista\/carta-a-mis-hijos-ernesto-carlos-bustillo-rojas-educador-y-escritor-en-el-dia-del-padre\/","name":"Carta a mis hijos: Ernesto Bustillo, educador y escritor, en el D\u00eda del Padre - Tu Gu\u00eda","isPartOf":{"@id":"https:\/\/tuguia.combarranquilla.co\/Revista\/#website"},"primaryImageOfPage":{"@id":"https:\/\/tuguia.combarranquilla.co\/Revista\/carta-a-mis-hijos-ernesto-carlos-bustillo-rojas-educador-y-escritor-en-el-dia-del-padre\/#primaryimage"},"image":{"@id":"https:\/\/tuguia.combarranquilla.co\/Revista\/carta-a-mis-hijos-ernesto-carlos-bustillo-rojas-educador-y-escritor-en-el-dia-del-padre\/#primaryimage"},"thumbnailUrl":"https:\/\/tuguia.combarranquilla.co\/Revista\/wp-content\/uploads\/2025\/06\/Revista-Combarranquilla-2.png","datePublished":"2025-06-16T18:28:08+00:00","dateModified":"2025-06-20T20:42:05+00:00","breadcrumb":{"@id":"https:\/\/tuguia.combarranquilla.co\/Revista\/carta-a-mis-hijos-ernesto-carlos-bustillo-rojas-educador-y-escritor-en-el-dia-del-padre\/#breadcrumb"},"inLanguage":"es-CO","potentialAction":[{"@type":"ReadAction","target":["https:\/\/tuguia.combarranquilla.co\/Revista\/carta-a-mis-hijos-ernesto-carlos-bustillo-rojas-educador-y-escritor-en-el-dia-del-padre\/"]}]},{"@type":"ImageObject","inLanguage":"es-CO","@id":"https:\/\/tuguia.combarranquilla.co\/Revista\/carta-a-mis-hijos-ernesto-carlos-bustillo-rojas-educador-y-escritor-en-el-dia-del-padre\/#primaryimage","url":"https:\/\/tuguia.combarranquilla.co\/Revista\/wp-content\/uploads\/2025\/06\/Revista-Combarranquilla-2.png","contentUrl":"https:\/\/tuguia.combarranquilla.co\/Revista\/wp-content\/uploads\/2025\/06\/Revista-Combarranquilla-2.png","width":3780,"height":1890},{"@type":"BreadcrumbList","@id":"https:\/\/tuguia.combarranquilla.co\/Revista\/carta-a-mis-hijos-ernesto-carlos-bustillo-rojas-educador-y-escritor-en-el-dia-del-padre\/#breadcrumb","itemListElement":[{"@type":"ListItem","position":1,"name":"Inicio","item":"https:\/\/tuguia.combarranquilla.co\/Revista\/"},{"@type":"ListItem","position":2,"name":"Carta a mis hijos: Ernesto Bustillo, educador y escritor, en el D\u00eda del Padre"}]},{"@type":"WebSite","@id":"https:\/\/tuguia.combarranquilla.co\/Revista\/#website","url":"https:\/\/tuguia.combarranquilla.co\/Revista\/","name":"Tu Gu\u00eda","description":"La revista donde lo tienes todo.","publisher":{"@id":"https:\/\/tuguia.combarranquilla.co\/Revista\/#organization"},"alternateName":"Tu Gu\u00eda Combarranquilla","potentialAction":[{"@type":"SearchAction","target":{"@type":"EntryPoint","urlTemplate":"https:\/\/tuguia.combarranquilla.co\/Revista\/?s={search_term_string}"},"query-input":{"@type":"PropertyValueSpecification","valueRequired":true,"valueName":"search_term_string"}}],"inLanguage":"es-CO"},{"@type":"Organization","@id":"https:\/\/tuguia.combarranquilla.co\/Revista\/#organization","name":"Tu Gu\u00eda Combarranquilla","url":"https:\/\/tuguia.combarranquilla.co\/Revista\/","logo":{"@type":"ImageObject","inLanguage":"es-CO","@id":"https:\/\/tuguia.combarranquilla.co\/Revista\/#\/schema\/logo\/image\/","url":"https:\/\/tuguia.combarranquilla.co\/Revista\/wp-content\/uploads\/2022\/02\/logo-guia-combarranquilla.svg","contentUrl":"https:\/\/tuguia.combarranquilla.co\/Revista\/wp-content\/uploads\/2022\/02\/logo-guia-combarranquilla.svg","caption":"Tu Gu\u00eda Combarranquilla"},"image":{"@id":"https:\/\/tuguia.combarranquilla.co\/Revista\/#\/schema\/logo\/image\/"}},{"@type":"Person","@id":"https:\/\/tuguia.combarranquilla.co\/Revista\/#\/schema\/person\/c2c396a77170bd1d5f8ba73294eb0d10","name":"Comunicaciones Combarranquilla","image":{"@type":"ImageObject","inLanguage":"es-CO","@id":"https:\/\/tuguia.combarranquilla.co\/Revista\/wp-content\/uploads\/2025\/05\/ABC-Al-Rojo-Logo-96x96.jpg","url":"https:\/\/tuguia.combarranquilla.co\/Revista\/wp-content\/uploads\/2025\/05\/ABC-Al-Rojo-Logo-96x96.jpg","contentUrl":"https:\/\/tuguia.combarranquilla.co\/Revista\/wp-content\/uploads\/2025\/05\/ABC-Al-Rojo-Logo-96x96.jpg","caption":"Comunicaciones Combarranquilla"},"sameAs":["https:\/\/www.combarranquilla.co"],"url":"https:\/\/tuguia.combarranquilla.co\/Revista\/author\/comunicaciones\/"}]}},"_links":{"self":[{"href":"https:\/\/tuguia.combarranquilla.co\/Revista\/wp-json\/wp\/v2\/posts\/6805","targetHints":{"allow":["GET"]}}],"collection":[{"href":"https:\/\/tuguia.combarranquilla.co\/Revista\/wp-json\/wp\/v2\/posts"}],"about":[{"href":"https:\/\/tuguia.combarranquilla.co\/Revista\/wp-json\/wp\/v2\/types\/post"}],"author":[{"embeddable":true,"href":"https:\/\/tuguia.combarranquilla.co\/Revista\/wp-json\/wp\/v2\/users\/2"}],"replies":[{"embeddable":true,"href":"https:\/\/tuguia.combarranquilla.co\/Revista\/wp-json\/wp\/v2\/comments?post=6805"}],"version-history":[{"count":10,"href":"https:\/\/tuguia.combarranquilla.co\/Revista\/wp-json\/wp\/v2\/posts\/6805\/revisions"}],"predecessor-version":[{"id":6882,"href":"https:\/\/tuguia.combarranquilla.co\/Revista\/wp-json\/wp\/v2\/posts\/6805\/revisions\/6882"}],"wp:featuredmedia":[{"embeddable":true,"href":"https:\/\/tuguia.combarranquilla.co\/Revista\/wp-json\/wp\/v2\/media\/6830"}],"wp:attachment":[{"href":"https:\/\/tuguia.combarranquilla.co\/Revista\/wp-json\/wp\/v2\/media?parent=6805"}],"wp:term":[{"taxonomy":"category","embeddable":true,"href":"https:\/\/tuguia.combarranquilla.co\/Revista\/wp-json\/wp\/v2\/categories?post=6805"},{"taxonomy":"post_tag","embeddable":true,"href":"https:\/\/tuguia.combarranquilla.co\/Revista\/wp-json\/wp\/v2\/tags?post=6805"}],"curies":[{"name":"wp","href":"https:\/\/api.w.org\/{rel}","templated":true}]}}