{"id":6819,"date":"2025-07-01T11:21:00","date_gmt":"2025-07-01T16:21:00","guid":{"rendered":"https:\/\/tuguia.combarranquilla.co\/Revista\/?p=6819"},"modified":"2025-11-25T09:05:16","modified_gmt":"2025-11-25T14:05:16","slug":"mimas-ya-despego-el-evento-de-lanzamiento-fue-un-dia-memorable","status":"publish","type":"post","link":"https:\/\/tuguia.combarranquilla.co\/Revista\/mimas-ya-despego-el-evento-de-lanzamiento-fue-un-dia-memorable\/","title":{"rendered":"\u00a1MIMAS ya despeg\u00f3! El evento de lanzamiento fue un d\u00eda memorable"},"content":{"rendered":"\n<p><em>El centro de convenciones de la Unidad Boston de Combarranquilla recibi\u00f3 a m\u00e1s de 50 invitados que tuvieron la oportunidad de conocer MIMAS, la Muestra Interactiva M\u00f3vil de Astronom\u00eda que viajar\u00e1 por todo el Caribe colombiano.<\/em><\/p>\n\n\n\n<p>A las 4:00 p. m. del 12 de junio, la nueva luna del Planetario Combarranquilla comenz\u00f3 a orbitar m\u00e1s cerca que nunca. MIMAS se present\u00f3 como un novedoso planetario m\u00f3vil que llevar\u00eda a ni\u00f1os,&nbsp;j\u00f3venes&nbsp;y adultos a observar el cielo de cerca. Este proyecto hace parte de la Ruta Entrecruxes, que resalta los centros de ciencia no reconocidos en la regi\u00f3n Caribe. <\/p>\n\n\n\n<p>En el evento, Ernesto D\u00edaz Granados, director de Combarranquilla, habl\u00f3 sobre la labor de MIMAS, su impacto futuro y su crecimiento desde la Ruta Entrecruxes. \u201cCuando conocimos la Ruta Entrecruxes y la posibilidad de participar en ella, decidimos apostarle a MIMAS, pues Combarranquilla ha venido trabajando hace m\u00e1s de 30 a\u00f1os en difundir la ciencia a trav\u00e9s de nuestro Planetario y de Imagenia. Vimos la oportunidad para poder llevar, con MIMAS, este conocimiento a todos los rincones del departamento del Atl\u00e1ntico y del Caribe\u201d, coment\u00f3.<\/p>\n\n\n\n<div class=\"wp-block-columns is-layout-flex wp-container-core-columns-is-layout-9d6595d7 wp-block-columns-is-layout-flex\">\n<div class=\"wp-block-column is-layout-flow wp-block-column-is-layout-flow\">\n<figure class=\"wp-block-image size-large\"><img decoding=\"async\" width=\"1024\" height=\"681\" data-src=\"https:\/\/tuguia.combarranquilla.co\/Revista\/wp-content\/uploads\/2025\/06\/RIC1104-01.jpeg-1024x681.jpg\" alt=\"\" class=\"wp-image-6885 lazyload\" data-srcset=\"https:\/\/tuguia.combarranquilla.co\/Revista\/wp-content\/uploads\/2025\/06\/RIC1104-01.jpeg-1024x681.jpg 1024w, https:\/\/tuguia.combarranquilla.co\/Revista\/wp-content\/uploads\/2025\/06\/RIC1104-01.jpeg-300x200.jpg 300w, https:\/\/tuguia.combarranquilla.co\/Revista\/wp-content\/uploads\/2025\/06\/RIC1104-01.jpeg-768x511.jpg 768w, https:\/\/tuguia.combarranquilla.co\/Revista\/wp-content\/uploads\/2025\/06\/RIC1104-01.jpeg-1536x1022.jpg 1536w, https:\/\/tuguia.combarranquilla.co\/Revista\/wp-content\/uploads\/2025\/06\/RIC1104-01.jpeg-2048x1363.jpg 2048w\" data-sizes=\"(max-width: 1024px) 100vw, 1024px\" src=\"data:image\/svg+xml;base64,PHN2ZyB3aWR0aD0iMSIgaGVpZ2h0PSIxIiB4bWxucz0iaHR0cDovL3d3dy53My5vcmcvMjAwMC9zdmciPjwvc3ZnPg==\" style=\"--smush-placeholder-width: 1024px; --smush-placeholder-aspect-ratio: 1024\/681;\" \/><\/figure>\n<\/div>\n\n\n\n<div class=\"wp-block-column is-layout-flow wp-block-column-is-layout-flow\">\n<figure class=\"wp-block-image size-large\"><img decoding=\"async\" width=\"1024\" height=\"681\" data-src=\"https:\/\/tuguia.combarranquilla.co\/Revista\/wp-content\/uploads\/2025\/06\/RIC1192-01.jpeg-1024x681.jpg\" alt=\"\" class=\"wp-image-6886 lazyload\" data-srcset=\"https:\/\/tuguia.combarranquilla.co\/Revista\/wp-content\/uploads\/2025\/06\/RIC1192-01.jpeg-1024x681.jpg 1024w, https:\/\/tuguia.combarranquilla.co\/Revista\/wp-content\/uploads\/2025\/06\/RIC1192-01.jpeg-300x200.jpg 300w, https:\/\/tuguia.combarranquilla.co\/Revista\/wp-content\/uploads\/2025\/06\/RIC1192-01.jpeg-768x511.jpg 768w, https:\/\/tuguia.combarranquilla.co\/Revista\/wp-content\/uploads\/2025\/06\/RIC1192-01.jpeg-1536x1022.jpg 1536w, https:\/\/tuguia.combarranquilla.co\/Revista\/wp-content\/uploads\/2025\/06\/RIC1192-01.jpeg-2048x1363.jpg 2048w\" data-sizes=\"(max-width: 1024px) 100vw, 1024px\" src=\"data:image\/svg+xml;base64,PHN2ZyB3aWR0aD0iMSIgaGVpZ2h0PSIxIiB4bWxucz0iaHR0cDovL3d3dy53My5vcmcvMjAwMC9zdmciPjwvc3ZnPg==\" style=\"--smush-placeholder-width: 1024px; --smush-placeholder-aspect-ratio: 1024\/681;\" \/><\/figure>\n<\/div>\n<\/div>\n\n\n\n<p>Este innovador planetario m\u00f3vil trae una experiencia inmersiva que incluye una pantalla de proyecci\u00f3n con&nbsp;audiovisuales fulldome que simulan el firmamento. A esta interacci\u00f3n se le suman unos m\u00f3dulos&nbsp;con actividades para aprender sobre las Ciencias de la Tierra, Clima y Medioambiente, y el sistema Sol-Tierra-Luna.<\/p>\n\n\n\n<p>Durante el lanzamiento de MIMAS, los asistentes tuvieron la oportunidad de ver de cerca el gran domo que, minutos despu\u00e9s, cubrir\u00eda sus ojos. Porque antes de finalizar el evento, todos hicieron parte de un recorrido en el interior del planetario m\u00f3vil. Con una capacidad para 15 personas, MIMAS recibi\u00f3 a todos los invitados que se animaron a conocer las estrellas.<\/p>\n\n\n<div class=\"wp-block-image\">\n<figure class=\"aligncenter size-large is-resized\"><img decoding=\"async\" width=\"1024\" height=\"681\" data-src=\"https:\/\/tuguia.combarranquilla.co\/Revista\/wp-content\/uploads\/2025\/06\/RIC1407-01.jpeg-1024x681.jpg\" alt=\"\" class=\"wp-image-6887 lazyload\" style=\"--smush-placeholder-width: 1024px; --smush-placeholder-aspect-ratio: 1024\/681;width:660px;height:auto\" data-srcset=\"https:\/\/tuguia.combarranquilla.co\/Revista\/wp-content\/uploads\/2025\/06\/RIC1407-01.jpeg-1024x681.jpg 1024w, https:\/\/tuguia.combarranquilla.co\/Revista\/wp-content\/uploads\/2025\/06\/RIC1407-01.jpeg-300x200.jpg 300w, https:\/\/tuguia.combarranquilla.co\/Revista\/wp-content\/uploads\/2025\/06\/RIC1407-01.jpeg-768x511.jpg 768w, https:\/\/tuguia.combarranquilla.co\/Revista\/wp-content\/uploads\/2025\/06\/RIC1407-01.jpeg-1536x1022.jpg 1536w, https:\/\/tuguia.combarranquilla.co\/Revista\/wp-content\/uploads\/2025\/06\/RIC1407-01.jpeg-2048x1363.jpg 2048w\" data-sizes=\"(max-width: 1024px) 100vw, 1024px\" src=\"data:image\/svg+xml;base64,PHN2ZyB3aWR0aD0iMSIgaGVpZ2h0PSIxIiB4bWxucz0iaHR0cDovL3d3dy53My5vcmcvMjAwMC9zdmciPjwvc3ZnPg==\" \/><\/figure><\/div>\n\n\n<p>\u201cEsta experiencia en MIMAS ha sido maravillosa&#8230; Tenemos, en este caso, un tipo de domo m\u00f3vil interactivo, con im\u00e1genes de alta calidad, con historias que nos hacen emocionar y aprender mucho sobre aquello que a\u00fan desconocemos de la astronom\u00eda\u201d, coment\u00f3 Jos\u00e9 Daniel Soto, docente del Departamento de Ingenier\u00eda El\u00e9ctrica de la Universidad del Norte.<\/p>\n\n\n\n<p>\u201cRealmente es incre\u00edble e impactante conocer un poco m\u00e1s sobre el sistema solar&#8230; La tecnolog\u00eda que tienen y lo que han desplegado en torno a MIMAS hace que las personas se interesen mucho m\u00e1s en la astronom\u00eda y en conocer los planetas\u201d, a\u00f1adi\u00f3 Adriana Arango, Directora del Departamento de Ingenier\u00eda Electr\u00f3nica y de Electr\u00f3nica de la Universidad del Norte.<\/p>\n\n\n\n<p>Entre miradas y voces llenas de emoci\u00f3n, el lanzamiento de MIMAS se convirti\u00f3 en una noche inolvidable para muchos. Este proyecto demuestra la importancia de difundir el conocimiento y de seguir transformando vidas mediante la ciencia y el saber.<\/p>\n\n\n\n<div class=\"wp-block-columns is-layout-flex wp-container-core-columns-is-layout-9d6595d7 wp-block-columns-is-layout-flex\">\n<div class=\"wp-block-column is-layout-flow wp-block-column-is-layout-flow\">\n<figure class=\"wp-block-image size-large\"><img decoding=\"async\" width=\"1024\" height=\"681\" data-src=\"https:\/\/tuguia.combarranquilla.co\/Revista\/wp-content\/uploads\/2025\/06\/RIC1174-01.jpeg-1024x681.jpg\" alt=\"\" class=\"wp-image-6888 lazyload\" data-srcset=\"https:\/\/tuguia.combarranquilla.co\/Revista\/wp-content\/uploads\/2025\/06\/RIC1174-01.jpeg-1024x681.jpg 1024w, https:\/\/tuguia.combarranquilla.co\/Revista\/wp-content\/uploads\/2025\/06\/RIC1174-01.jpeg-300x200.jpg 300w, https:\/\/tuguia.combarranquilla.co\/Revista\/wp-content\/uploads\/2025\/06\/RIC1174-01.jpeg-768x511.jpg 768w, https:\/\/tuguia.combarranquilla.co\/Revista\/wp-content\/uploads\/2025\/06\/RIC1174-01.jpeg-1536x1022.jpg 1536w, https:\/\/tuguia.combarranquilla.co\/Revista\/wp-content\/uploads\/2025\/06\/RIC1174-01.jpeg-2048x1363.jpg 2048w\" data-sizes=\"(max-width: 1024px) 100vw, 1024px\" src=\"data:image\/svg+xml;base64,PHN2ZyB3aWR0aD0iMSIgaGVpZ2h0PSIxIiB4bWxucz0iaHR0cDovL3d3dy53My5vcmcvMjAwMC9zdmciPjwvc3ZnPg==\" style=\"--smush-placeholder-width: 1024px; --smush-placeholder-aspect-ratio: 1024\/681;\" \/><\/figure>\n<\/div>\n\n\n\n<div class=\"wp-block-column is-layout-flow wp-block-column-is-layout-flow\">\n<figure class=\"wp-block-image size-large\"><img decoding=\"async\" width=\"1024\" height=\"681\" data-src=\"https:\/\/tuguia.combarranquilla.co\/Revista\/wp-content\/uploads\/2025\/06\/RIC1308-01.jpeg-1024x681.jpg\" alt=\"\" class=\"wp-image-6889 lazyload\" data-srcset=\"https:\/\/tuguia.combarranquilla.co\/Revista\/wp-content\/uploads\/2025\/06\/RIC1308-01.jpeg-1024x681.jpg 1024w, https:\/\/tuguia.combarranquilla.co\/Revista\/wp-content\/uploads\/2025\/06\/RIC1308-01.jpeg-300x200.jpg 300w, https:\/\/tuguia.combarranquilla.co\/Revista\/wp-content\/uploads\/2025\/06\/RIC1308-01.jpeg-768x511.jpg 768w, https:\/\/tuguia.combarranquilla.co\/Revista\/wp-content\/uploads\/2025\/06\/RIC1308-01.jpeg-1536x1022.jpg 1536w, https:\/\/tuguia.combarranquilla.co\/Revista\/wp-content\/uploads\/2025\/06\/RIC1308-01.jpeg-2048x1363.jpg 2048w\" data-sizes=\"(max-width: 1024px) 100vw, 1024px\" src=\"data:image\/svg+xml;base64,PHN2ZyB3aWR0aD0iMSIgaGVpZ2h0PSIxIiB4bWxucz0iaHR0cDovL3d3dy53My5vcmcvMjAwMC9zdmciPjwvc3ZnPg==\" style=\"--smush-placeholder-width: 1024px; --smush-placeholder-aspect-ratio: 1024\/681;\" \/><\/figure>\n<\/div>\n<\/div>\n\n\n\n<p>Gracias a un esfuerzo conjunto, toda la regi\u00f3n Caribe&nbsp;conocer\u00e1&nbsp;una nueva forma de acercarse al cosmos y de valorar nuestro lugar en la Tierra. \u201cA trav\u00e9s de MIMAS&nbsp;queremos inspirar nuevas vocaciones cient\u00edficas y conectar a la sociedad\u201d, afirma Orlando M\u00e9ndez, coordinador del Planetario Combarranquilla.<\/p>\n\n\n\n<p>El Planetario Combarranquilla&nbsp;contin\u00faa&nbsp;trabajando por democratizar el conocimiento y despertar la curiosidad. Cuando todos apuntamos a un mismo prop\u00f3sito, es posible transformar vidas. Con MIMAS, podemos alcanzar el cielo y seguir progresando en la regi\u00f3n Caribe.<\/p>\n","protected":false},"excerpt":{"rendered":"<p>El centro de convenciones de la Unidad Boston de Combarranquilla recibi\u00f3 a m\u00e1s de 50 invitados que tuvieron la oportunidad de conocer MIMAS, la Muestra Interactiva M\u00f3vil de Astronom\u00eda que viajar\u00e1 por todo el Caribe colombiano. A las 4:00 p. m. del 12 de junio, la nueva luna del Planetario Combarranquilla comenz\u00f3 a orbitar m\u00e1s [&hellip;]<\/p>\n","protected":false},"author":2,"featured_media":6836,"comment_status":"open","ping_status":"open","sticky":false,"template":"","format":"standard","meta":{"inline_featured_image":false,"footnotes":""},"categories":[4],"tags":[],"class_list":["post-6819","post","type-post","status-publish","format-standard","has-post-thumbnail","hentry","category-ciencia-y-cultura"],"yoast_head":"<!-- This site is optimized with the Yoast SEO plugin v27.4 - https:\/\/yoast.com\/product\/yoast-seo-wordpress\/ -->\n<title>\u00a1MIMAS ya despeg\u00f3! El evento de lanzamiento fue un d\u00eda memorable - Tu Gu\u00eda<\/title>\n<meta name=\"robots\" content=\"index, follow, max-snippet:-1, max-image-preview:large, max-video-preview:-1\" \/>\n<link rel=\"canonical\" href=\"https:\/\/tuguia.combarranquilla.co\/Revista\/mimas-ya-despego-el-evento-de-lanzamiento-fue-un-dia-memorable\/\" \/>\n<meta property=\"og:locale\" content=\"es_ES\" \/>\n<meta property=\"og:type\" content=\"article\" \/>\n<meta property=\"og:title\" content=\"\u00a1MIMAS ya despeg\u00f3! El evento de lanzamiento fue un d\u00eda memorable - Tu Gu\u00eda\" \/>\n<meta property=\"og:description\" content=\"El centro de convenciones de la Unidad Boston de Combarranquilla recibi\u00f3 a m\u00e1s de 50 invitados que tuvieron la oportunidad de conocer MIMAS, la Muestra Interactiva M\u00f3vil de Astronom\u00eda que viajar\u00e1 por todo el Caribe colombiano. A las 4:00 p. m. del 12 de junio, la nueva luna del Planetario Combarranquilla comenz\u00f3 a orbitar m\u00e1s [&hellip;]\" \/>\n<meta property=\"og:url\" content=\"https:\/\/tuguia.combarranquilla.co\/Revista\/mimas-ya-despego-el-evento-de-lanzamiento-fue-un-dia-memorable\/\" \/>\n<meta property=\"og:site_name\" content=\"Tu Gu\u00eda\" \/>\n<meta property=\"article:published_time\" content=\"2025-07-01T16:21:00+00:00\" \/>\n<meta property=\"article:modified_time\" content=\"2025-11-25T14:05:16+00:00\" \/>\n<meta property=\"og:image\" content=\"https:\/\/tuguia.combarranquilla.co\/Revista\/wp-content\/uploads\/2025\/06\/Revista-Combarranquilla-1-2-1024x512.png\" \/>\n\t<meta property=\"og:image:width\" content=\"1024\" \/>\n\t<meta property=\"og:image:height\" content=\"512\" \/>\n\t<meta property=\"og:image:type\" content=\"image\/png\" \/>\n<meta name=\"author\" content=\"Comunicaciones Combarranquilla\" \/>\n<meta name=\"twitter:card\" content=\"summary_large_image\" \/>\n<meta name=\"twitter:label1\" content=\"Escrito por\" \/>\n\t<meta name=\"twitter:data1\" content=\"Comunicaciones Combarranquilla\" \/>\n\t<meta name=\"twitter:label2\" content=\"Tiempo de lectura\" \/>\n\t<meta name=\"twitter:data2\" content=\"4 minutos\" \/>\n<script type=\"application\/ld+json\" class=\"yoast-schema-graph\">{\"@context\":\"https:\\\/\\\/schema.org\",\"@graph\":[{\"@type\":\"Article\",\"@id\":\"https:\\\/\\\/tuguia.combarranquilla.co\\\/Revista\\\/mimas-ya-despego-el-evento-de-lanzamiento-fue-un-dia-memorable\\\/#article\",\"isPartOf\":{\"@id\":\"https:\\\/\\\/tuguia.combarranquilla.co\\\/Revista\\\/mimas-ya-despego-el-evento-de-lanzamiento-fue-un-dia-memorable\\\/\"},\"author\":{\"name\":\"Comunicaciones Combarranquilla\",\"@id\":\"https:\\\/\\\/tuguia.combarranquilla.co\\\/Revista\\\/#\\\/schema\\\/person\\\/c2c396a77170bd1d5f8ba73294eb0d10\"},\"headline\":\"\u00a1MIMAS ya despeg\u00f3! El evento de lanzamiento fue un d\u00eda memorable\",\"datePublished\":\"2025-07-01T16:21:00+00:00\",\"dateModified\":\"2025-11-25T14:05:16+00:00\",\"mainEntityOfPage\":{\"@id\":\"https:\\\/\\\/tuguia.combarranquilla.co\\\/Revista\\\/mimas-ya-despego-el-evento-de-lanzamiento-fue-un-dia-memorable\\\/\"},\"wordCount\":585,\"commentCount\":0,\"publisher\":{\"@id\":\"https:\\\/\\\/tuguia.combarranquilla.co\\\/Revista\\\/#organization\"},\"image\":{\"@id\":\"https:\\\/\\\/tuguia.combarranquilla.co\\\/Revista\\\/mimas-ya-despego-el-evento-de-lanzamiento-fue-un-dia-memorable\\\/#primaryimage\"},\"thumbnailUrl\":\"https:\\\/\\\/tuguia.combarranquilla.co\\\/Revista\\\/wp-content\\\/uploads\\\/2025\\\/06\\\/Revista-Combarranquilla-1-2.png\",\"articleSection\":[\"CIENCIA Y CULTURA\"],\"inLanguage\":\"es-CO\",\"potentialAction\":[{\"@type\":\"CommentAction\",\"name\":\"Comment\",\"target\":[\"https:\\\/\\\/tuguia.combarranquilla.co\\\/Revista\\\/mimas-ya-despego-el-evento-de-lanzamiento-fue-un-dia-memorable\\\/#respond\"]}]},{\"@type\":\"WebPage\",\"@id\":\"https:\\\/\\\/tuguia.combarranquilla.co\\\/Revista\\\/mimas-ya-despego-el-evento-de-lanzamiento-fue-un-dia-memorable\\\/\",\"url\":\"https:\\\/\\\/tuguia.combarranquilla.co\\\/Revista\\\/mimas-ya-despego-el-evento-de-lanzamiento-fue-un-dia-memorable\\\/\",\"name\":\"\u00a1MIMAS ya despeg\u00f3! El evento de lanzamiento fue un d\u00eda memorable - Tu Gu\u00eda\",\"isPartOf\":{\"@id\":\"https:\\\/\\\/tuguia.combarranquilla.co\\\/Revista\\\/#website\"},\"primaryImageOfPage\":{\"@id\":\"https:\\\/\\\/tuguia.combarranquilla.co\\\/Revista\\\/mimas-ya-despego-el-evento-de-lanzamiento-fue-un-dia-memorable\\\/#primaryimage\"},\"image\":{\"@id\":\"https:\\\/\\\/tuguia.combarranquilla.co\\\/Revista\\\/mimas-ya-despego-el-evento-de-lanzamiento-fue-un-dia-memorable\\\/#primaryimage\"},\"thumbnailUrl\":\"https:\\\/\\\/tuguia.combarranquilla.co\\\/Revista\\\/wp-content\\\/uploads\\\/2025\\\/06\\\/Revista-Combarranquilla-1-2.png\",\"datePublished\":\"2025-07-01T16:21:00+00:00\",\"dateModified\":\"2025-11-25T14:05:16+00:00\",\"breadcrumb\":{\"@id\":\"https:\\\/\\\/tuguia.combarranquilla.co\\\/Revista\\\/mimas-ya-despego-el-evento-de-lanzamiento-fue-un-dia-memorable\\\/#breadcrumb\"},\"inLanguage\":\"es-CO\",\"potentialAction\":[{\"@type\":\"ReadAction\",\"target\":[\"https:\\\/\\\/tuguia.combarranquilla.co\\\/Revista\\\/mimas-ya-despego-el-evento-de-lanzamiento-fue-un-dia-memorable\\\/\"]}]},{\"@type\":\"ImageObject\",\"inLanguage\":\"es-CO\",\"@id\":\"https:\\\/\\\/tuguia.combarranquilla.co\\\/Revista\\\/mimas-ya-despego-el-evento-de-lanzamiento-fue-un-dia-memorable\\\/#primaryimage\",\"url\":\"https:\\\/\\\/tuguia.combarranquilla.co\\\/Revista\\\/wp-content\\\/uploads\\\/2025\\\/06\\\/Revista-Combarranquilla-1-2.png\",\"contentUrl\":\"https:\\\/\\\/tuguia.combarranquilla.co\\\/Revista\\\/wp-content\\\/uploads\\\/2025\\\/06\\\/Revista-Combarranquilla-1-2.png\",\"width\":3780,\"height\":1890},{\"@type\":\"BreadcrumbList\",\"@id\":\"https:\\\/\\\/tuguia.combarranquilla.co\\\/Revista\\\/mimas-ya-despego-el-evento-de-lanzamiento-fue-un-dia-memorable\\\/#breadcrumb\",\"itemListElement\":[{\"@type\":\"ListItem\",\"position\":1,\"name\":\"Inicio\",\"item\":\"https:\\\/\\\/tuguia.combarranquilla.co\\\/Revista\\\/\"},{\"@type\":\"ListItem\",\"position\":2,\"name\":\"\u00a1MIMAS ya despeg\u00f3! El evento de lanzamiento fue un d\u00eda memorable\"}]},{\"@type\":\"WebSite\",\"@id\":\"https:\\\/\\\/tuguia.combarranquilla.co\\\/Revista\\\/#website\",\"url\":\"https:\\\/\\\/tuguia.combarranquilla.co\\\/Revista\\\/\",\"name\":\"Tu Gu\u00eda\",\"description\":\"La revista donde lo tienes todo.\",\"publisher\":{\"@id\":\"https:\\\/\\\/tuguia.combarranquilla.co\\\/Revista\\\/#organization\"},\"alternateName\":\"Tu Gu\u00eda Combarranquilla\",\"potentialAction\":[{\"@type\":\"SearchAction\",\"target\":{\"@type\":\"EntryPoint\",\"urlTemplate\":\"https:\\\/\\\/tuguia.combarranquilla.co\\\/Revista\\\/?s={search_term_string}\"},\"query-input\":{\"@type\":\"PropertyValueSpecification\",\"valueRequired\":true,\"valueName\":\"search_term_string\"}}],\"inLanguage\":\"es-CO\"},{\"@type\":\"Organization\",\"@id\":\"https:\\\/\\\/tuguia.combarranquilla.co\\\/Revista\\\/#organization\",\"name\":\"Tu Gu\u00eda Combarranquilla\",\"url\":\"https:\\\/\\\/tuguia.combarranquilla.co\\\/Revista\\\/\",\"logo\":{\"@type\":\"ImageObject\",\"inLanguage\":\"es-CO\",\"@id\":\"https:\\\/\\\/tuguia.combarranquilla.co\\\/Revista\\\/#\\\/schema\\\/logo\\\/image\\\/\",\"url\":\"https:\\\/\\\/tuguia.combarranquilla.co\\\/Revista\\\/wp-content\\\/uploads\\\/2022\\\/02\\\/logo-guia-combarranquilla.svg\",\"contentUrl\":\"https:\\\/\\\/tuguia.combarranquilla.co\\\/Revista\\\/wp-content\\\/uploads\\\/2022\\\/02\\\/logo-guia-combarranquilla.svg\",\"caption\":\"Tu Gu\u00eda Combarranquilla\"},\"image\":{\"@id\":\"https:\\\/\\\/tuguia.combarranquilla.co\\\/Revista\\\/#\\\/schema\\\/logo\\\/image\\\/\"}},{\"@type\":\"Person\",\"@id\":\"https:\\\/\\\/tuguia.combarranquilla.co\\\/Revista\\\/#\\\/schema\\\/person\\\/c2c396a77170bd1d5f8ba73294eb0d10\",\"name\":\"Comunicaciones Combarranquilla\",\"image\":{\"@type\":\"ImageObject\",\"inLanguage\":\"es-CO\",\"@id\":\"https:\\\/\\\/tuguia.combarranquilla.co\\\/Revista\\\/wp-content\\\/uploads\\\/2025\\\/05\\\/ABC-Al-Rojo-Logo-96x96.jpg\",\"url\":\"https:\\\/\\\/tuguia.combarranquilla.co\\\/Revista\\\/wp-content\\\/uploads\\\/2025\\\/05\\\/ABC-Al-Rojo-Logo-96x96.jpg\",\"contentUrl\":\"https:\\\/\\\/tuguia.combarranquilla.co\\\/Revista\\\/wp-content\\\/uploads\\\/2025\\\/05\\\/ABC-Al-Rojo-Logo-96x96.jpg\",\"caption\":\"Comunicaciones Combarranquilla\"},\"sameAs\":[\"https:\\\/\\\/www.combarranquilla.co\"],\"url\":\"https:\\\/\\\/tuguia.combarranquilla.co\\\/Revista\\\/author\\\/comunicaciones\\\/\"}]}<\/script>\n<!-- \/ Yoast SEO plugin. -->","yoast_head_json":{"title":"\u00a1MIMAS ya despeg\u00f3! El evento de lanzamiento fue un d\u00eda memorable - Tu Gu\u00eda","robots":{"index":"index","follow":"follow","max-snippet":"max-snippet:-1","max-image-preview":"max-image-preview:large","max-video-preview":"max-video-preview:-1"},"canonical":"https:\/\/tuguia.combarranquilla.co\/Revista\/mimas-ya-despego-el-evento-de-lanzamiento-fue-un-dia-memorable\/","og_locale":"es_ES","og_type":"article","og_title":"\u00a1MIMAS ya despeg\u00f3! El evento de lanzamiento fue un d\u00eda memorable - Tu Gu\u00eda","og_description":"El centro de convenciones de la Unidad Boston de Combarranquilla recibi\u00f3 a m\u00e1s de 50 invitados que tuvieron la oportunidad de conocer MIMAS, la Muestra Interactiva M\u00f3vil de Astronom\u00eda que viajar\u00e1 por todo el Caribe colombiano. A las 4:00 p. m. del 12 de junio, la nueva luna del Planetario Combarranquilla comenz\u00f3 a orbitar m\u00e1s [&hellip;]","og_url":"https:\/\/tuguia.combarranquilla.co\/Revista\/mimas-ya-despego-el-evento-de-lanzamiento-fue-un-dia-memorable\/","og_site_name":"Tu Gu\u00eda","article_published_time":"2025-07-01T16:21:00+00:00","article_modified_time":"2025-11-25T14:05:16+00:00","og_image":[{"width":1024,"height":512,"url":"https:\/\/tuguia.combarranquilla.co\/Revista\/wp-content\/uploads\/2025\/06\/Revista-Combarranquilla-1-2-1024x512.png","type":"image\/png"}],"author":"Comunicaciones Combarranquilla","twitter_card":"summary_large_image","twitter_misc":{"Escrito por":"Comunicaciones Combarranquilla","Tiempo de lectura":"4 minutos"},"schema":{"@context":"https:\/\/schema.org","@graph":[{"@type":"Article","@id":"https:\/\/tuguia.combarranquilla.co\/Revista\/mimas-ya-despego-el-evento-de-lanzamiento-fue-un-dia-memorable\/#article","isPartOf":{"@id":"https:\/\/tuguia.combarranquilla.co\/Revista\/mimas-ya-despego-el-evento-de-lanzamiento-fue-un-dia-memorable\/"},"author":{"name":"Comunicaciones Combarranquilla","@id":"https:\/\/tuguia.combarranquilla.co\/Revista\/#\/schema\/person\/c2c396a77170bd1d5f8ba73294eb0d10"},"headline":"\u00a1MIMAS ya despeg\u00f3! El evento de lanzamiento fue un d\u00eda memorable","datePublished":"2025-07-01T16:21:00+00:00","dateModified":"2025-11-25T14:05:16+00:00","mainEntityOfPage":{"@id":"https:\/\/tuguia.combarranquilla.co\/Revista\/mimas-ya-despego-el-evento-de-lanzamiento-fue-un-dia-memorable\/"},"wordCount":585,"commentCount":0,"publisher":{"@id":"https:\/\/tuguia.combarranquilla.co\/Revista\/#organization"},"image":{"@id":"https:\/\/tuguia.combarranquilla.co\/Revista\/mimas-ya-despego-el-evento-de-lanzamiento-fue-un-dia-memorable\/#primaryimage"},"thumbnailUrl":"https:\/\/tuguia.combarranquilla.co\/Revista\/wp-content\/uploads\/2025\/06\/Revista-Combarranquilla-1-2.png","articleSection":["CIENCIA Y CULTURA"],"inLanguage":"es-CO","potentialAction":[{"@type":"CommentAction","name":"Comment","target":["https:\/\/tuguia.combarranquilla.co\/Revista\/mimas-ya-despego-el-evento-de-lanzamiento-fue-un-dia-memorable\/#respond"]}]},{"@type":"WebPage","@id":"https:\/\/tuguia.combarranquilla.co\/Revista\/mimas-ya-despego-el-evento-de-lanzamiento-fue-un-dia-memorable\/","url":"https:\/\/tuguia.combarranquilla.co\/Revista\/mimas-ya-despego-el-evento-de-lanzamiento-fue-un-dia-memorable\/","name":"\u00a1MIMAS ya despeg\u00f3! El evento de lanzamiento fue un d\u00eda memorable - Tu Gu\u00eda","isPartOf":{"@id":"https:\/\/tuguia.combarranquilla.co\/Revista\/#website"},"primaryImageOfPage":{"@id":"https:\/\/tuguia.combarranquilla.co\/Revista\/mimas-ya-despego-el-evento-de-lanzamiento-fue-un-dia-memorable\/#primaryimage"},"image":{"@id":"https:\/\/tuguia.combarranquilla.co\/Revista\/mimas-ya-despego-el-evento-de-lanzamiento-fue-un-dia-memorable\/#primaryimage"},"thumbnailUrl":"https:\/\/tuguia.combarranquilla.co\/Revista\/wp-content\/uploads\/2025\/06\/Revista-Combarranquilla-1-2.png","datePublished":"2025-07-01T16:21:00+00:00","dateModified":"2025-11-25T14:05:16+00:00","breadcrumb":{"@id":"https:\/\/tuguia.combarranquilla.co\/Revista\/mimas-ya-despego-el-evento-de-lanzamiento-fue-un-dia-memorable\/#breadcrumb"},"inLanguage":"es-CO","potentialAction":[{"@type":"ReadAction","target":["https:\/\/tuguia.combarranquilla.co\/Revista\/mimas-ya-despego-el-evento-de-lanzamiento-fue-un-dia-memorable\/"]}]},{"@type":"ImageObject","inLanguage":"es-CO","@id":"https:\/\/tuguia.combarranquilla.co\/Revista\/mimas-ya-despego-el-evento-de-lanzamiento-fue-un-dia-memorable\/#primaryimage","url":"https:\/\/tuguia.combarranquilla.co\/Revista\/wp-content\/uploads\/2025\/06\/Revista-Combarranquilla-1-2.png","contentUrl":"https:\/\/tuguia.combarranquilla.co\/Revista\/wp-content\/uploads\/2025\/06\/Revista-Combarranquilla-1-2.png","width":3780,"height":1890},{"@type":"BreadcrumbList","@id":"https:\/\/tuguia.combarranquilla.co\/Revista\/mimas-ya-despego-el-evento-de-lanzamiento-fue-un-dia-memorable\/#breadcrumb","itemListElement":[{"@type":"ListItem","position":1,"name":"Inicio","item":"https:\/\/tuguia.combarranquilla.co\/Revista\/"},{"@type":"ListItem","position":2,"name":"\u00a1MIMAS ya despeg\u00f3! El evento de lanzamiento fue un d\u00eda memorable"}]},{"@type":"WebSite","@id":"https:\/\/tuguia.combarranquilla.co\/Revista\/#website","url":"https:\/\/tuguia.combarranquilla.co\/Revista\/","name":"Tu Gu\u00eda","description":"La revista donde lo tienes todo.","publisher":{"@id":"https:\/\/tuguia.combarranquilla.co\/Revista\/#organization"},"alternateName":"Tu Gu\u00eda Combarranquilla","potentialAction":[{"@type":"SearchAction","target":{"@type":"EntryPoint","urlTemplate":"https:\/\/tuguia.combarranquilla.co\/Revista\/?s={search_term_string}"},"query-input":{"@type":"PropertyValueSpecification","valueRequired":true,"valueName":"search_term_string"}}],"inLanguage":"es-CO"},{"@type":"Organization","@id":"https:\/\/tuguia.combarranquilla.co\/Revista\/#organization","name":"Tu Gu\u00eda Combarranquilla","url":"https:\/\/tuguia.combarranquilla.co\/Revista\/","logo":{"@type":"ImageObject","inLanguage":"es-CO","@id":"https:\/\/tuguia.combarranquilla.co\/Revista\/#\/schema\/logo\/image\/","url":"https:\/\/tuguia.combarranquilla.co\/Revista\/wp-content\/uploads\/2022\/02\/logo-guia-combarranquilla.svg","contentUrl":"https:\/\/tuguia.combarranquilla.co\/Revista\/wp-content\/uploads\/2022\/02\/logo-guia-combarranquilla.svg","caption":"Tu Gu\u00eda Combarranquilla"},"image":{"@id":"https:\/\/tuguia.combarranquilla.co\/Revista\/#\/schema\/logo\/image\/"}},{"@type":"Person","@id":"https:\/\/tuguia.combarranquilla.co\/Revista\/#\/schema\/person\/c2c396a77170bd1d5f8ba73294eb0d10","name":"Comunicaciones Combarranquilla","image":{"@type":"ImageObject","inLanguage":"es-CO","@id":"https:\/\/tuguia.combarranquilla.co\/Revista\/wp-content\/uploads\/2025\/05\/ABC-Al-Rojo-Logo-96x96.jpg","url":"https:\/\/tuguia.combarranquilla.co\/Revista\/wp-content\/uploads\/2025\/05\/ABC-Al-Rojo-Logo-96x96.jpg","contentUrl":"https:\/\/tuguia.combarranquilla.co\/Revista\/wp-content\/uploads\/2025\/05\/ABC-Al-Rojo-Logo-96x96.jpg","caption":"Comunicaciones Combarranquilla"},"sameAs":["https:\/\/www.combarranquilla.co"],"url":"https:\/\/tuguia.combarranquilla.co\/Revista\/author\/comunicaciones\/"}]}},"_links":{"self":[{"href":"https:\/\/tuguia.combarranquilla.co\/Revista\/wp-json\/wp\/v2\/posts\/6819","targetHints":{"allow":["GET"]}}],"collection":[{"href":"https:\/\/tuguia.combarranquilla.co\/Revista\/wp-json\/wp\/v2\/posts"}],"about":[{"href":"https:\/\/tuguia.combarranquilla.co\/Revista\/wp-json\/wp\/v2\/types\/post"}],"author":[{"embeddable":true,"href":"https:\/\/tuguia.combarranquilla.co\/Revista\/wp-json\/wp\/v2\/users\/2"}],"replies":[{"embeddable":true,"href":"https:\/\/tuguia.combarranquilla.co\/Revista\/wp-json\/wp\/v2\/comments?post=6819"}],"version-history":[{"count":10,"href":"https:\/\/tuguia.combarranquilla.co\/Revista\/wp-json\/wp\/v2\/posts\/6819\/revisions"}],"predecessor-version":[{"id":8169,"href":"https:\/\/tuguia.combarranquilla.co\/Revista\/wp-json\/wp\/v2\/posts\/6819\/revisions\/8169"}],"wp:featuredmedia":[{"embeddable":true,"href":"https:\/\/tuguia.combarranquilla.co\/Revista\/wp-json\/wp\/v2\/media\/6836"}],"wp:attachment":[{"href":"https:\/\/tuguia.combarranquilla.co\/Revista\/wp-json\/wp\/v2\/media?parent=6819"}],"wp:term":[{"taxonomy":"category","embeddable":true,"href":"https:\/\/tuguia.combarranquilla.co\/Revista\/wp-json\/wp\/v2\/categories?post=6819"},{"taxonomy":"post_tag","embeddable":true,"href":"https:\/\/tuguia.combarranquilla.co\/Revista\/wp-json\/wp\/v2\/tags?post=6819"}],"curies":[{"name":"wp","href":"https:\/\/api.w.org\/{rel}","templated":true}]}}