{"id":6856,"date":"2025-06-20T16:06:45","date_gmt":"2025-06-20T21:06:45","guid":{"rendered":"https:\/\/tuguia.combarranquilla.co\/Revista\/?p=6856"},"modified":"2025-07-16T10:12:57","modified_gmt":"2025-07-16T15:12:57","slug":"el-programa-jec-llega-a-piojo-para-impulsar-el-bienestar-de-los-ninos","status":"publish","type":"post","link":"https:\/\/tuguia.combarranquilla.co\/Revista\/el-programa-jec-llega-a-piojo-para-impulsar-el-bienestar-de-los-ninos\/","title":{"rendered":"El programa JEC llega a Pioj\u00f3 para impulsar el bienestar de los ni\u00f1os"},"content":{"rendered":"\n<p class=\"has-medium-font-size\"><em>El programa Jornada Escolar Complementaria (JEC) lleg\u00f3 hasta el municipio m\u00e1s alto del Atl\u00e1ntico con Combarranquilla. Su objetivo: compartir con los ni\u00f1os, ni\u00f1as y j\u00f3venes de la Instituci\u00f3n Educativa San Antonio de Pioj\u00f3.<\/em><\/p>\n\n\n\n<p class=\"has-medium-font-size\">Con sus ojos puestos en la infancia y la adolescencia, el programa JEC se encarga de llevar conocimiento, cultura y oportunidades a los territorios rurales del departamento del Atl\u00e1ntico. Arte, m\u00fasica, biling\u00fcismo y medio ambiente son algunas de las tem\u00e1ticas desde las que se contribuye a mejorar las condiciones de vida de la comunidad.<\/p>\n\n\n\n<p class=\"has-medium-font-size\">Gracias a los esfuerzos del programa JEC, la comunidad de Pioj\u00f3 se siente escuchada y respaldada. Esta iniciativa toma forma a partir de los aportes que se hacen a la Caja de Compensaci\u00f3n de Barranquilla.<\/p>\n\n\n\n<p class=\"has-medium-font-size\">Desde el programa se aportan recursos culturales que llevan a los ni\u00f1os y j\u00f3venes de las instituciones educativas a tener un mejor futuro. Por su parte, desde Combarranquilla, la premisa no cambia: el prop\u00f3sito es seguir transformando vidas en Barranquilla y el departamento del Atl\u00e1ntico.<\/p>\n\n\n\n<div class=\"wp-block-columns is-layout-flex wp-container-core-columns-is-layout-9d6595d7 wp-block-columns-is-layout-flex\">\n<div class=\"wp-block-column is-layout-flow wp-block-column-is-layout-flow\">\n<figure class=\"wp-block-image size-large\"><img decoding=\"async\" width=\"1024\" height=\"684\" data-src=\"https:\/\/tuguia.combarranquilla.co\/Revista\/wp-content\/uploads\/2025\/06\/DSC00109-1-1024x684.jpg\" alt=\"\" class=\"wp-image-6946 lazyload\" data-srcset=\"https:\/\/tuguia.combarranquilla.co\/Revista\/wp-content\/uploads\/2025\/06\/DSC00109-1-1024x684.jpg 1024w, https:\/\/tuguia.combarranquilla.co\/Revista\/wp-content\/uploads\/2025\/06\/DSC00109-1-300x200.jpg 300w, https:\/\/tuguia.combarranquilla.co\/Revista\/wp-content\/uploads\/2025\/06\/DSC00109-1-768x513.jpg 768w, https:\/\/tuguia.combarranquilla.co\/Revista\/wp-content\/uploads\/2025\/06\/DSC00109-1-1536x1026.jpg 1536w, https:\/\/tuguia.combarranquilla.co\/Revista\/wp-content\/uploads\/2025\/06\/DSC00109-1-2048x1368.jpg 2048w\" data-sizes=\"(max-width: 1024px) 100vw, 1024px\" src=\"data:image\/svg+xml;base64,PHN2ZyB3aWR0aD0iMSIgaGVpZ2h0PSIxIiB4bWxucz0iaHR0cDovL3d3dy53My5vcmcvMjAwMC9zdmciPjwvc3ZnPg==\" style=\"--smush-placeholder-width: 1024px; --smush-placeholder-aspect-ratio: 1024\/684;\" \/><\/figure>\n<\/div>\n\n\n\n<div class=\"wp-block-column is-layout-flow wp-block-column-is-layout-flow\">\n<figure class=\"wp-block-image size-large\"><img decoding=\"async\" width=\"1024\" height=\"684\" data-src=\"https:\/\/tuguia.combarranquilla.co\/Revista\/wp-content\/uploads\/2025\/06\/DSC00136-1-1024x684.jpg\" alt=\"\" class=\"wp-image-6947 lazyload\" data-srcset=\"https:\/\/tuguia.combarranquilla.co\/Revista\/wp-content\/uploads\/2025\/06\/DSC00136-1-1024x684.jpg 1024w, https:\/\/tuguia.combarranquilla.co\/Revista\/wp-content\/uploads\/2025\/06\/DSC00136-1-300x200.jpg 300w, https:\/\/tuguia.combarranquilla.co\/Revista\/wp-content\/uploads\/2025\/06\/DSC00136-1-768x513.jpg 768w, https:\/\/tuguia.combarranquilla.co\/Revista\/wp-content\/uploads\/2025\/06\/DSC00136-1-1536x1026.jpg 1536w, https:\/\/tuguia.combarranquilla.co\/Revista\/wp-content\/uploads\/2025\/06\/DSC00136-1-2048x1368.jpg 2048w\" data-sizes=\"(max-width: 1024px) 100vw, 1024px\" src=\"data:image\/svg+xml;base64,PHN2ZyB3aWR0aD0iMSIgaGVpZ2h0PSIxIiB4bWxucz0iaHR0cDovL3d3dy53My5vcmcvMjAwMC9zdmciPjwvc3ZnPg==\" style=\"--smush-placeholder-width: 1024px; --smush-placeholder-aspect-ratio: 1024\/684;\" \/><\/figure>\n<\/div>\n<\/div>\n\n\n\n<p class=\"has-medium-font-size\">La organizaci\u00f3n cree en la educaci\u00f3n como un motor de cambio, as\u00ed lo comparti\u00f3 Jos\u00e9 Gonz\u00e1lez,&nbsp;rector de la Instituci\u00f3n Educativa San Antonio de Pioj\u00f3. \u201cPara nosotros, pertenecer a Combarranquilla ha tenido un gran impacto, ya que muchas entidades p\u00fablicas del estado han tenido en cuenta a nuestros muchachos, donde muestran a ellos ejerciendo todo lo que les ha ense\u00f1ado la Caja de Compensaci\u00f3n en estas actividades\u201d, declar\u00f3.<\/p>\n\n\n\n<p class=\"has-medium-font-size\">Para impulsar el progreso de la sociedad, Combarranquilla seguir\u00e1 llevando educaci\u00f3n y oportunidades a todos los rincones del departamento. Invertir en educaci\u00f3n representa una inversi\u00f3n en el futuro de quienes ser\u00e1n veh\u00edculo de transformaci\u00f3n.<\/p>\n\n\n\n<p class=\"has-medium-font-size\">El programa de Jornada Escolar Complementaria seguir\u00e1 insistiendo en acompa\u00f1ar a las comunidades, apoyar a los ni\u00f1os y velar por su sano desarrollo y aprendizaje. Avanzar con la comunidad es nuestro gran objetivo.<\/p>\n","protected":false},"excerpt":{"rendered":"<p>El programa Jornada Escolar Complementaria (JEC) lleg\u00f3 hasta el municipio m\u00e1s alto del Atl\u00e1ntico con Combarranquilla. Su objetivo: compartir con los ni\u00f1os, ni\u00f1as y j\u00f3venes de la Instituci\u00f3n Educativa San Antonio de Pioj\u00f3. Con sus ojos puestos en la infancia y la adolescencia, el programa JEC se encarga de llevar conocimiento, cultura y oportunidades a [&hellip;]<\/p>\n","protected":false},"author":2,"featured_media":6940,"comment_status":"open","ping_status":"open","sticky":false,"template":"","format":"standard","meta":{"inline_featured_image":false,"footnotes":""},"categories":[7],"tags":[],"class_list":["post-6856","post","type-post","status-publish","format-standard","has-post-thumbnail","hentry","category-familia-combarranquilla"],"yoast_head":"<!-- This site is optimized with the Yoast SEO plugin v27.4 - https:\/\/yoast.com\/product\/yoast-seo-wordpress\/ -->\n<title>El programa JEC llega a Pioj\u00f3 para impulsar el bienestar de los ni\u00f1os - Tu Gu\u00eda<\/title>\n<meta name=\"robots\" content=\"index, follow, max-snippet:-1, max-image-preview:large, max-video-preview:-1\" \/>\n<link rel=\"canonical\" href=\"https:\/\/tuguia.combarranquilla.co\/Revista\/el-programa-jec-llega-a-piojo-para-impulsar-el-bienestar-de-los-ninos\/\" \/>\n<meta property=\"og:locale\" content=\"es_ES\" \/>\n<meta property=\"og:type\" content=\"article\" \/>\n<meta property=\"og:title\" content=\"El programa JEC llega a Pioj\u00f3 para impulsar el bienestar de los ni\u00f1os - Tu Gu\u00eda\" \/>\n<meta property=\"og:description\" content=\"El programa Jornada Escolar Complementaria (JEC) lleg\u00f3 hasta el municipio m\u00e1s alto del Atl\u00e1ntico con Combarranquilla. Su objetivo: compartir con los ni\u00f1os, ni\u00f1as y j\u00f3venes de la Instituci\u00f3n Educativa San Antonio de Pioj\u00f3. Con sus ojos puestos en la infancia y la adolescencia, el programa JEC se encarga de llevar conocimiento, cultura y oportunidades a [&hellip;]\" \/>\n<meta property=\"og:url\" content=\"https:\/\/tuguia.combarranquilla.co\/Revista\/el-programa-jec-llega-a-piojo-para-impulsar-el-bienestar-de-los-ninos\/\" \/>\n<meta property=\"og:site_name\" content=\"Tu Gu\u00eda\" \/>\n<meta property=\"article:published_time\" content=\"2025-06-20T21:06:45+00:00\" \/>\n<meta property=\"article:modified_time\" content=\"2025-07-16T15:12:57+00:00\" \/>\n<meta property=\"og:image\" content=\"https:\/\/tuguia.combarranquilla.co\/Revista\/wp-content\/uploads\/2025\/06\/Revista-Combarranquilla-6-1024x512.png\" \/>\n\t<meta property=\"og:image:width\" content=\"1024\" \/>\n\t<meta property=\"og:image:height\" content=\"512\" \/>\n\t<meta property=\"og:image:type\" content=\"image\/png\" \/>\n<meta name=\"author\" content=\"Comunicaciones Combarranquilla\" \/>\n<meta name=\"twitter:card\" content=\"summary_large_image\" \/>\n<meta name=\"twitter:label1\" content=\"Escrito por\" \/>\n\t<meta name=\"twitter:data1\" content=\"Comunicaciones Combarranquilla\" \/>\n\t<meta name=\"twitter:label2\" content=\"Tiempo de lectura\" \/>\n\t<meta name=\"twitter:data2\" content=\"2 minutos\" \/>\n<script type=\"application\/ld+json\" class=\"yoast-schema-graph\">{\"@context\":\"https:\\\/\\\/schema.org\",\"@graph\":[{\"@type\":\"Article\",\"@id\":\"https:\\\/\\\/tuguia.combarranquilla.co\\\/Revista\\\/el-programa-jec-llega-a-piojo-para-impulsar-el-bienestar-de-los-ninos\\\/#article\",\"isPartOf\":{\"@id\":\"https:\\\/\\\/tuguia.combarranquilla.co\\\/Revista\\\/el-programa-jec-llega-a-piojo-para-impulsar-el-bienestar-de-los-ninos\\\/\"},\"author\":{\"name\":\"Comunicaciones Combarranquilla\",\"@id\":\"https:\\\/\\\/tuguia.combarranquilla.co\\\/Revista\\\/#\\\/schema\\\/person\\\/c2c396a77170bd1d5f8ba73294eb0d10\"},\"headline\":\"El programa JEC llega a Pioj\u00f3 para impulsar el bienestar de los ni\u00f1os\",\"datePublished\":\"2025-06-20T21:06:45+00:00\",\"dateModified\":\"2025-07-16T15:12:57+00:00\",\"mainEntityOfPage\":{\"@id\":\"https:\\\/\\\/tuguia.combarranquilla.co\\\/Revista\\\/el-programa-jec-llega-a-piojo-para-impulsar-el-bienestar-de-los-ninos\\\/\"},\"wordCount\":347,\"commentCount\":0,\"publisher\":{\"@id\":\"https:\\\/\\\/tuguia.combarranquilla.co\\\/Revista\\\/#organization\"},\"image\":{\"@id\":\"https:\\\/\\\/tuguia.combarranquilla.co\\\/Revista\\\/el-programa-jec-llega-a-piojo-para-impulsar-el-bienestar-de-los-ninos\\\/#primaryimage\"},\"thumbnailUrl\":\"https:\\\/\\\/tuguia.combarranquilla.co\\\/Revista\\\/wp-content\\\/uploads\\\/2025\\\/06\\\/Revista-Combarranquilla-6-scaled.png\",\"articleSection\":[\"FAMILIA COMBARRANQUILLA\"],\"inLanguage\":\"es-CO\",\"potentialAction\":[{\"@type\":\"CommentAction\",\"name\":\"Comment\",\"target\":[\"https:\\\/\\\/tuguia.combarranquilla.co\\\/Revista\\\/el-programa-jec-llega-a-piojo-para-impulsar-el-bienestar-de-los-ninos\\\/#respond\"]}]},{\"@type\":\"WebPage\",\"@id\":\"https:\\\/\\\/tuguia.combarranquilla.co\\\/Revista\\\/el-programa-jec-llega-a-piojo-para-impulsar-el-bienestar-de-los-ninos\\\/\",\"url\":\"https:\\\/\\\/tuguia.combarranquilla.co\\\/Revista\\\/el-programa-jec-llega-a-piojo-para-impulsar-el-bienestar-de-los-ninos\\\/\",\"name\":\"El programa JEC llega a Pioj\u00f3 para impulsar el bienestar de los ni\u00f1os - Tu Gu\u00eda\",\"isPartOf\":{\"@id\":\"https:\\\/\\\/tuguia.combarranquilla.co\\\/Revista\\\/#website\"},\"primaryImageOfPage\":{\"@id\":\"https:\\\/\\\/tuguia.combarranquilla.co\\\/Revista\\\/el-programa-jec-llega-a-piojo-para-impulsar-el-bienestar-de-los-ninos\\\/#primaryimage\"},\"image\":{\"@id\":\"https:\\\/\\\/tuguia.combarranquilla.co\\\/Revista\\\/el-programa-jec-llega-a-piojo-para-impulsar-el-bienestar-de-los-ninos\\\/#primaryimage\"},\"thumbnailUrl\":\"https:\\\/\\\/tuguia.combarranquilla.co\\\/Revista\\\/wp-content\\\/uploads\\\/2025\\\/06\\\/Revista-Combarranquilla-6-scaled.png\",\"datePublished\":\"2025-06-20T21:06:45+00:00\",\"dateModified\":\"2025-07-16T15:12:57+00:00\",\"breadcrumb\":{\"@id\":\"https:\\\/\\\/tuguia.combarranquilla.co\\\/Revista\\\/el-programa-jec-llega-a-piojo-para-impulsar-el-bienestar-de-los-ninos\\\/#breadcrumb\"},\"inLanguage\":\"es-CO\",\"potentialAction\":[{\"@type\":\"ReadAction\",\"target\":[\"https:\\\/\\\/tuguia.combarranquilla.co\\\/Revista\\\/el-programa-jec-llega-a-piojo-para-impulsar-el-bienestar-de-los-ninos\\\/\"]}]},{\"@type\":\"ImageObject\",\"inLanguage\":\"es-CO\",\"@id\":\"https:\\\/\\\/tuguia.combarranquilla.co\\\/Revista\\\/el-programa-jec-llega-a-piojo-para-impulsar-el-bienestar-de-los-ninos\\\/#primaryimage\",\"url\":\"https:\\\/\\\/tuguia.combarranquilla.co\\\/Revista\\\/wp-content\\\/uploads\\\/2025\\\/06\\\/Revista-Combarranquilla-6-scaled.png\",\"contentUrl\":\"https:\\\/\\\/tuguia.combarranquilla.co\\\/Revista\\\/wp-content\\\/uploads\\\/2025\\\/06\\\/Revista-Combarranquilla-6-scaled.png\",\"width\":2560,\"height\":1280},{\"@type\":\"BreadcrumbList\",\"@id\":\"https:\\\/\\\/tuguia.combarranquilla.co\\\/Revista\\\/el-programa-jec-llega-a-piojo-para-impulsar-el-bienestar-de-los-ninos\\\/#breadcrumb\",\"itemListElement\":[{\"@type\":\"ListItem\",\"position\":1,\"name\":\"Inicio\",\"item\":\"https:\\\/\\\/tuguia.combarranquilla.co\\\/Revista\\\/\"},{\"@type\":\"ListItem\",\"position\":2,\"name\":\"El programa JEC llega a Pioj\u00f3 para impulsar el bienestar de los ni\u00f1os\"}]},{\"@type\":\"WebSite\",\"@id\":\"https:\\\/\\\/tuguia.combarranquilla.co\\\/Revista\\\/#website\",\"url\":\"https:\\\/\\\/tuguia.combarranquilla.co\\\/Revista\\\/\",\"name\":\"Tu Gu\u00eda\",\"description\":\"La revista donde lo tienes todo.\",\"publisher\":{\"@id\":\"https:\\\/\\\/tuguia.combarranquilla.co\\\/Revista\\\/#organization\"},\"alternateName\":\"Tu Gu\u00eda Combarranquilla\",\"potentialAction\":[{\"@type\":\"SearchAction\",\"target\":{\"@type\":\"EntryPoint\",\"urlTemplate\":\"https:\\\/\\\/tuguia.combarranquilla.co\\\/Revista\\\/?s={search_term_string}\"},\"query-input\":{\"@type\":\"PropertyValueSpecification\",\"valueRequired\":true,\"valueName\":\"search_term_string\"}}],\"inLanguage\":\"es-CO\"},{\"@type\":\"Organization\",\"@id\":\"https:\\\/\\\/tuguia.combarranquilla.co\\\/Revista\\\/#organization\",\"name\":\"Tu Gu\u00eda Combarranquilla\",\"url\":\"https:\\\/\\\/tuguia.combarranquilla.co\\\/Revista\\\/\",\"logo\":{\"@type\":\"ImageObject\",\"inLanguage\":\"es-CO\",\"@id\":\"https:\\\/\\\/tuguia.combarranquilla.co\\\/Revista\\\/#\\\/schema\\\/logo\\\/image\\\/\",\"url\":\"https:\\\/\\\/tuguia.combarranquilla.co\\\/Revista\\\/wp-content\\\/uploads\\\/2022\\\/02\\\/logo-guia-combarranquilla.svg\",\"contentUrl\":\"https:\\\/\\\/tuguia.combarranquilla.co\\\/Revista\\\/wp-content\\\/uploads\\\/2022\\\/02\\\/logo-guia-combarranquilla.svg\",\"caption\":\"Tu Gu\u00eda Combarranquilla\"},\"image\":{\"@id\":\"https:\\\/\\\/tuguia.combarranquilla.co\\\/Revista\\\/#\\\/schema\\\/logo\\\/image\\\/\"}},{\"@type\":\"Person\",\"@id\":\"https:\\\/\\\/tuguia.combarranquilla.co\\\/Revista\\\/#\\\/schema\\\/person\\\/c2c396a77170bd1d5f8ba73294eb0d10\",\"name\":\"Comunicaciones Combarranquilla\",\"image\":{\"@type\":\"ImageObject\",\"inLanguage\":\"es-CO\",\"@id\":\"https:\\\/\\\/tuguia.combarranquilla.co\\\/Revista\\\/wp-content\\\/uploads\\\/2025\\\/05\\\/ABC-Al-Rojo-Logo-96x96.jpg\",\"url\":\"https:\\\/\\\/tuguia.combarranquilla.co\\\/Revista\\\/wp-content\\\/uploads\\\/2025\\\/05\\\/ABC-Al-Rojo-Logo-96x96.jpg\",\"contentUrl\":\"https:\\\/\\\/tuguia.combarranquilla.co\\\/Revista\\\/wp-content\\\/uploads\\\/2025\\\/05\\\/ABC-Al-Rojo-Logo-96x96.jpg\",\"caption\":\"Comunicaciones Combarranquilla\"},\"sameAs\":[\"https:\\\/\\\/www.combarranquilla.co\"],\"url\":\"https:\\\/\\\/tuguia.combarranquilla.co\\\/Revista\\\/author\\\/comunicaciones\\\/\"}]}<\/script>\n<!-- \/ Yoast SEO plugin. -->","yoast_head_json":{"title":"El programa JEC llega a Pioj\u00f3 para impulsar el bienestar de los ni\u00f1os - Tu Gu\u00eda","robots":{"index":"index","follow":"follow","max-snippet":"max-snippet:-1","max-image-preview":"max-image-preview:large","max-video-preview":"max-video-preview:-1"},"canonical":"https:\/\/tuguia.combarranquilla.co\/Revista\/el-programa-jec-llega-a-piojo-para-impulsar-el-bienestar-de-los-ninos\/","og_locale":"es_ES","og_type":"article","og_title":"El programa JEC llega a Pioj\u00f3 para impulsar el bienestar de los ni\u00f1os - Tu Gu\u00eda","og_description":"El programa Jornada Escolar Complementaria (JEC) lleg\u00f3 hasta el municipio m\u00e1s alto del Atl\u00e1ntico con Combarranquilla. Su objetivo: compartir con los ni\u00f1os, ni\u00f1as y j\u00f3venes de la Instituci\u00f3n Educativa San Antonio de Pioj\u00f3. Con sus ojos puestos en la infancia y la adolescencia, el programa JEC se encarga de llevar conocimiento, cultura y oportunidades a [&hellip;]","og_url":"https:\/\/tuguia.combarranquilla.co\/Revista\/el-programa-jec-llega-a-piojo-para-impulsar-el-bienestar-de-los-ninos\/","og_site_name":"Tu Gu\u00eda","article_published_time":"2025-06-20T21:06:45+00:00","article_modified_time":"2025-07-16T15:12:57+00:00","og_image":[{"width":1024,"height":512,"url":"https:\/\/tuguia.combarranquilla.co\/Revista\/wp-content\/uploads\/2025\/06\/Revista-Combarranquilla-6-1024x512.png","type":"image\/png"}],"author":"Comunicaciones Combarranquilla","twitter_card":"summary_large_image","twitter_misc":{"Escrito por":"Comunicaciones Combarranquilla","Tiempo de lectura":"2 minutos"},"schema":{"@context":"https:\/\/schema.org","@graph":[{"@type":"Article","@id":"https:\/\/tuguia.combarranquilla.co\/Revista\/el-programa-jec-llega-a-piojo-para-impulsar-el-bienestar-de-los-ninos\/#article","isPartOf":{"@id":"https:\/\/tuguia.combarranquilla.co\/Revista\/el-programa-jec-llega-a-piojo-para-impulsar-el-bienestar-de-los-ninos\/"},"author":{"name":"Comunicaciones Combarranquilla","@id":"https:\/\/tuguia.combarranquilla.co\/Revista\/#\/schema\/person\/c2c396a77170bd1d5f8ba73294eb0d10"},"headline":"El programa JEC llega a Pioj\u00f3 para impulsar el bienestar de los ni\u00f1os","datePublished":"2025-06-20T21:06:45+00:00","dateModified":"2025-07-16T15:12:57+00:00","mainEntityOfPage":{"@id":"https:\/\/tuguia.combarranquilla.co\/Revista\/el-programa-jec-llega-a-piojo-para-impulsar-el-bienestar-de-los-ninos\/"},"wordCount":347,"commentCount":0,"publisher":{"@id":"https:\/\/tuguia.combarranquilla.co\/Revista\/#organization"},"image":{"@id":"https:\/\/tuguia.combarranquilla.co\/Revista\/el-programa-jec-llega-a-piojo-para-impulsar-el-bienestar-de-los-ninos\/#primaryimage"},"thumbnailUrl":"https:\/\/tuguia.combarranquilla.co\/Revista\/wp-content\/uploads\/2025\/06\/Revista-Combarranquilla-6-scaled.png","articleSection":["FAMILIA COMBARRANQUILLA"],"inLanguage":"es-CO","potentialAction":[{"@type":"CommentAction","name":"Comment","target":["https:\/\/tuguia.combarranquilla.co\/Revista\/el-programa-jec-llega-a-piojo-para-impulsar-el-bienestar-de-los-ninos\/#respond"]}]},{"@type":"WebPage","@id":"https:\/\/tuguia.combarranquilla.co\/Revista\/el-programa-jec-llega-a-piojo-para-impulsar-el-bienestar-de-los-ninos\/","url":"https:\/\/tuguia.combarranquilla.co\/Revista\/el-programa-jec-llega-a-piojo-para-impulsar-el-bienestar-de-los-ninos\/","name":"El programa JEC llega a Pioj\u00f3 para impulsar el bienestar de los ni\u00f1os - Tu Gu\u00eda","isPartOf":{"@id":"https:\/\/tuguia.combarranquilla.co\/Revista\/#website"},"primaryImageOfPage":{"@id":"https:\/\/tuguia.combarranquilla.co\/Revista\/el-programa-jec-llega-a-piojo-para-impulsar-el-bienestar-de-los-ninos\/#primaryimage"},"image":{"@id":"https:\/\/tuguia.combarranquilla.co\/Revista\/el-programa-jec-llega-a-piojo-para-impulsar-el-bienestar-de-los-ninos\/#primaryimage"},"thumbnailUrl":"https:\/\/tuguia.combarranquilla.co\/Revista\/wp-content\/uploads\/2025\/06\/Revista-Combarranquilla-6-scaled.png","datePublished":"2025-06-20T21:06:45+00:00","dateModified":"2025-07-16T15:12:57+00:00","breadcrumb":{"@id":"https:\/\/tuguia.combarranquilla.co\/Revista\/el-programa-jec-llega-a-piojo-para-impulsar-el-bienestar-de-los-ninos\/#breadcrumb"},"inLanguage":"es-CO","potentialAction":[{"@type":"ReadAction","target":["https:\/\/tuguia.combarranquilla.co\/Revista\/el-programa-jec-llega-a-piojo-para-impulsar-el-bienestar-de-los-ninos\/"]}]},{"@type":"ImageObject","inLanguage":"es-CO","@id":"https:\/\/tuguia.combarranquilla.co\/Revista\/el-programa-jec-llega-a-piojo-para-impulsar-el-bienestar-de-los-ninos\/#primaryimage","url":"https:\/\/tuguia.combarranquilla.co\/Revista\/wp-content\/uploads\/2025\/06\/Revista-Combarranquilla-6-scaled.png","contentUrl":"https:\/\/tuguia.combarranquilla.co\/Revista\/wp-content\/uploads\/2025\/06\/Revista-Combarranquilla-6-scaled.png","width":2560,"height":1280},{"@type":"BreadcrumbList","@id":"https:\/\/tuguia.combarranquilla.co\/Revista\/el-programa-jec-llega-a-piojo-para-impulsar-el-bienestar-de-los-ninos\/#breadcrumb","itemListElement":[{"@type":"ListItem","position":1,"name":"Inicio","item":"https:\/\/tuguia.combarranquilla.co\/Revista\/"},{"@type":"ListItem","position":2,"name":"El programa JEC llega a Pioj\u00f3 para impulsar el bienestar de los ni\u00f1os"}]},{"@type":"WebSite","@id":"https:\/\/tuguia.combarranquilla.co\/Revista\/#website","url":"https:\/\/tuguia.combarranquilla.co\/Revista\/","name":"Tu Gu\u00eda","description":"La revista donde lo tienes todo.","publisher":{"@id":"https:\/\/tuguia.combarranquilla.co\/Revista\/#organization"},"alternateName":"Tu Gu\u00eda Combarranquilla","potentialAction":[{"@type":"SearchAction","target":{"@type":"EntryPoint","urlTemplate":"https:\/\/tuguia.combarranquilla.co\/Revista\/?s={search_term_string}"},"query-input":{"@type":"PropertyValueSpecification","valueRequired":true,"valueName":"search_term_string"}}],"inLanguage":"es-CO"},{"@type":"Organization","@id":"https:\/\/tuguia.combarranquilla.co\/Revista\/#organization","name":"Tu Gu\u00eda Combarranquilla","url":"https:\/\/tuguia.combarranquilla.co\/Revista\/","logo":{"@type":"ImageObject","inLanguage":"es-CO","@id":"https:\/\/tuguia.combarranquilla.co\/Revista\/#\/schema\/logo\/image\/","url":"https:\/\/tuguia.combarranquilla.co\/Revista\/wp-content\/uploads\/2022\/02\/logo-guia-combarranquilla.svg","contentUrl":"https:\/\/tuguia.combarranquilla.co\/Revista\/wp-content\/uploads\/2022\/02\/logo-guia-combarranquilla.svg","caption":"Tu Gu\u00eda Combarranquilla"},"image":{"@id":"https:\/\/tuguia.combarranquilla.co\/Revista\/#\/schema\/logo\/image\/"}},{"@type":"Person","@id":"https:\/\/tuguia.combarranquilla.co\/Revista\/#\/schema\/person\/c2c396a77170bd1d5f8ba73294eb0d10","name":"Comunicaciones Combarranquilla","image":{"@type":"ImageObject","inLanguage":"es-CO","@id":"https:\/\/tuguia.combarranquilla.co\/Revista\/wp-content\/uploads\/2025\/05\/ABC-Al-Rojo-Logo-96x96.jpg","url":"https:\/\/tuguia.combarranquilla.co\/Revista\/wp-content\/uploads\/2025\/05\/ABC-Al-Rojo-Logo-96x96.jpg","contentUrl":"https:\/\/tuguia.combarranquilla.co\/Revista\/wp-content\/uploads\/2025\/05\/ABC-Al-Rojo-Logo-96x96.jpg","caption":"Comunicaciones Combarranquilla"},"sameAs":["https:\/\/www.combarranquilla.co"],"url":"https:\/\/tuguia.combarranquilla.co\/Revista\/author\/comunicaciones\/"}]}},"_links":{"self":[{"href":"https:\/\/tuguia.combarranquilla.co\/Revista\/wp-json\/wp\/v2\/posts\/6856","targetHints":{"allow":["GET"]}}],"collection":[{"href":"https:\/\/tuguia.combarranquilla.co\/Revista\/wp-json\/wp\/v2\/posts"}],"about":[{"href":"https:\/\/tuguia.combarranquilla.co\/Revista\/wp-json\/wp\/v2\/types\/post"}],"author":[{"embeddable":true,"href":"https:\/\/tuguia.combarranquilla.co\/Revista\/wp-json\/wp\/v2\/users\/2"}],"replies":[{"embeddable":true,"href":"https:\/\/tuguia.combarranquilla.co\/Revista\/wp-json\/wp\/v2\/comments?post=6856"}],"version-history":[{"count":10,"href":"https:\/\/tuguia.combarranquilla.co\/Revista\/wp-json\/wp\/v2\/posts\/6856\/revisions"}],"predecessor-version":[{"id":6948,"href":"https:\/\/tuguia.combarranquilla.co\/Revista\/wp-json\/wp\/v2\/posts\/6856\/revisions\/6948"}],"wp:featuredmedia":[{"embeddable":true,"href":"https:\/\/tuguia.combarranquilla.co\/Revista\/wp-json\/wp\/v2\/media\/6940"}],"wp:attachment":[{"href":"https:\/\/tuguia.combarranquilla.co\/Revista\/wp-json\/wp\/v2\/media?parent=6856"}],"wp:term":[{"taxonomy":"category","embeddable":true,"href":"https:\/\/tuguia.combarranquilla.co\/Revista\/wp-json\/wp\/v2\/categories?post=6856"},{"taxonomy":"post_tag","embeddable":true,"href":"https:\/\/tuguia.combarranquilla.co\/Revista\/wp-json\/wp\/v2\/tags?post=6856"}],"curies":[{"name":"wp","href":"https:\/\/api.w.org\/{rel}","templated":true}]}}