{"id":6891,"date":"2025-07-01T11:18:53","date_gmt":"2025-07-01T16:18:53","guid":{"rendered":"https:\/\/tuguia.combarranquilla.co\/Revista\/?p=6891"},"modified":"2025-07-01T14:44:04","modified_gmt":"2025-07-01T19:44:04","slug":"si-yo-pude-ustedes-tambien-pueden-la-historia-de-transformacion-de-jose-bayona-pvc-del-caribe","status":"publish","type":"post","link":"https:\/\/tuguia.combarranquilla.co\/Revista\/si-yo-pude-ustedes-tambien-pueden-la-historia-de-transformacion-de-jose-bayona-pvc-del-caribe\/","title":{"rendered":"&#8220;Si yo pude, ustedes tambi\u00e9n pueden&#8221;: La historia de transformaci\u00f3n de Jos\u00e9 Bayona (PVC del Caribe)"},"content":{"rendered":"\n<p><em>Como conductor de PVC del Caribe, Jos\u00e9 Bayona siempre supo que deb\u00eda ir m\u00e1s all\u00e1. Quer\u00eda llegar lejos dentro de la empresa, por eso nunca dej\u00f3 de esforzarse. Su historia se remonta a hace 5 a\u00f1os, cuando asumi\u00f3 la labor de transportar mercanc\u00eda y apoyar log\u00edstica.<\/em><\/p>\n\n\n\n<p>Sentado en el asiento delantero de \u201cEl Mounstrico\u201d, Jos\u00e9 recorr\u00eda largas distancias para llevar materiales de construcci\u00f3n a las mejores manos. Pero tiempo despu\u00e9s naci\u00f3 en \u00e9l otro sue\u00f1o: seguir estudiando para avanzar en su profesi\u00f3n.<\/p>\n\n\n\n<p>Fue as\u00ed como comenz\u00f3 a explorar las posibilidades que ten\u00eda, dej\u00e1ndose guiar por su pasi\u00f3n: el bienestar en el trabajo. De esta forma, se fij\u00f3 como meta cursar un t\u00e9cnico laboral que le permitiera adquirir m\u00e1s experiencia en esa \u00e1rea. Sin embargo, siempre se preguntaba c\u00f3mo financiar\u00eda sus estudios, ya que no contaba con los recursos econ\u00f3micos necesarios.<\/p>\n\n\n\n<p>Tiempo despu\u00e9s, frente a sus ojos se pos\u00f3 la oportunidad esperada. Gracias a que la empresa PVC del Caribe se encontraba afiliada a Combarranquilla, a Jos\u00e9 le informaron que pod\u00eda solicitar un cr\u00e9dito por libranza. Movido por su amor hacia la educaci\u00f3n, destin\u00f3 este cr\u00e9dito para cubrir una carrera tecnol\u00f3gica en<em> Gesti\u00f3n de seguridad, salud en el trabajo y medio ambiente<\/em> en la Corporaci\u00f3n Tecnol\u00f3gica Indoam\u00e9rica.<\/p>\n\n\n<div class=\"wp-block-image\">\n<figure class=\"aligncenter size-full is-resized\"><img decoding=\"async\" width=\"498\" height=\"332\" data-src=\"https:\/\/tuguia.combarranquilla.co\/Revista\/wp-content\/uploads\/2025\/06\/WhatsApp-Image-2025-.jpg\" alt=\"\" class=\"wp-image-6897 lazyload\" style=\"--smush-placeholder-width: 498px; --smush-placeholder-aspect-ratio: 498\/332;width:522px;height:auto\" data-srcset=\"https:\/\/tuguia.combarranquilla.co\/Revista\/wp-content\/uploads\/2025\/06\/WhatsApp-Image-2025-.jpg 498w, https:\/\/tuguia.combarranquilla.co\/Revista\/wp-content\/uploads\/2025\/06\/WhatsApp-Image-2025--300x200.jpg 300w\" data-sizes=\"(max-width: 498px) 100vw, 498px\" src=\"data:image\/svg+xml;base64,PHN2ZyB3aWR0aD0iMSIgaGVpZ2h0PSIxIiB4bWxucz0iaHR0cDovL3d3dy53My5vcmcvMjAwMC9zdmciPjwvc3ZnPg==\" \/><\/figure><\/div>\n\n\n<p>Con el apoyo financiero de Combarranquilla, Jos\u00e9 inici\u00f3 sus estudios con mucha expectativa. En casa, tambi\u00e9n contaba con el apoyo de su hija, quien siempre lo motivaba a perseverar. Fue as\u00ed como dedic\u00f3 todo su tiempo al trabajo y a seguir logrando sus sue\u00f1os a trav\u00e9s de la educaci\u00f3n.<\/p>\n\n\n\n<p>Sin embargo, inesperadamente, una fuerte noticia llam\u00f3 a su puerta: su hija hab\u00eda fallecido. El sol se escondi\u00f3 detr\u00e1s de los ojos de Jos\u00e9, quien nunca pens\u00f3 despedir a su hija tan pronto. La noticia fue un golpe duro, pero su \u00e1ngel lo segu\u00eda cuidando y sab\u00eda que deb\u00eda continuar por ella y por \u00e9l mismo.<\/p>\n\n\n\n<p>Despu\u00e9s de su licencia por luto, a Jos\u00e9 le informaron desde la empresa que su&nbsp;experticia en el campo y su T\u00e9cnico Laboral por Competencias en Seguridad Ocupacional lo hac\u00edan candidato a un nuevo puesto: coordinador de Mejora Continua. Esto sorprendi\u00f3 sobremanera a Jos\u00e9, quien recibi\u00f3 el ascenso un mes despu\u00e9s de perder a su hija.<\/p>\n\n\n\n<div class=\"wp-block-columns is-layout-flex wp-container-core-columns-is-layout-9d6595d7 wp-block-columns-is-layout-flex\">\n<div class=\"wp-block-column is-layout-flow wp-block-column-is-layout-flow\"><div class=\"wp-block-image\">\n<figure class=\"aligncenter size-large is-resized\"><img decoding=\"async\" width=\"768\" height=\"1024\" data-src=\"https:\/\/tuguia.combarranquilla.co\/Revista\/wp-content\/uploads\/2025\/06\/WhatsApp-Image-2025-04-02-at-10.29.09-AM-1-768x1024.jpeg\" alt=\"\" class=\"wp-image-6894 lazyload\" style=\"--smush-placeholder-width: 768px; --smush-placeholder-aspect-ratio: 768\/1024;width:321px;height:auto\" data-srcset=\"https:\/\/tuguia.combarranquilla.co\/Revista\/wp-content\/uploads\/2025\/06\/WhatsApp-Image-2025-04-02-at-10.29.09-AM-1-768x1024.jpeg 768w, https:\/\/tuguia.combarranquilla.co\/Revista\/wp-content\/uploads\/2025\/06\/WhatsApp-Image-2025-04-02-at-10.29.09-AM-1-225x300.jpeg 225w, https:\/\/tuguia.combarranquilla.co\/Revista\/wp-content\/uploads\/2025\/06\/WhatsApp-Image-2025-04-02-at-10.29.09-AM-1.jpeg 960w\" data-sizes=\"(max-width: 768px) 100vw, 768px\" src=\"data:image\/svg+xml;base64,PHN2ZyB3aWR0aD0iMSIgaGVpZ2h0PSIxIiB4bWxucz0iaHR0cDovL3d3dy53My5vcmcvMjAwMC9zdmciPjwvc3ZnPg==\" \/><\/figure><\/div><\/div>\n<\/div>\n\n\n\n<p>Jos\u00e9 Bayona lleva 5 a\u00f1os laborando en PVC del Caribe y agradece a Combarranquilla su apoyo con la l\u00ednea de cr\u00e9ditos educativos. A pesar de no tener los recursos suficientes, encontr\u00f3 una alternativa r\u00e1pida y eficiente que lo llev\u00f3 a creer m\u00e1s en \u00e9l mismo y en sus capacidades.<\/p>\n\n\n\n<p>Hoy, siempre se detiene a decirles a sus compa\u00f1eros de trabajo que si&nbsp;\u00e9l&nbsp;lo logr\u00f3, ellos tambi\u00e9n pueden hacerlo. Para Jos\u00e9, el esfuerzo y la dedicaci\u00f3n pueden mover monta\u00f1as en un mundo donde pocos son los que lo hacen.<\/p>\n\n\n\n<p>En Combarranquilla, reconocemos que la educaci\u00f3n es una herramienta para construir un futuro mejor. Por eso, nuestros cr\u00e9ditos, subsidios y otros beneficios est\u00e1n a disposici\u00f3n de nuestros afiliados, para que sigan transformando sus vidas.<\/p>\n\n\n<div class=\"wp-block-image\">\n<figure class=\"aligncenter size-large is-resized\"><img decoding=\"async\" width=\"1024\" height=\"768\" data-src=\"https:\/\/tuguia.combarranquilla.co\/Revista\/wp-content\/uploads\/2025\/06\/WhatsApp-Image-2025-04-02-at-9.56.12-AM-1024x768.jpeg\" alt=\"\" class=\"wp-image-6898 lazyload\" style=\"--smush-placeholder-width: 1024px; --smush-placeholder-aspect-ratio: 1024\/768;width:541px;height:auto\" data-srcset=\"https:\/\/tuguia.combarranquilla.co\/Revista\/wp-content\/uploads\/2025\/06\/WhatsApp-Image-2025-04-02-at-9.56.12-AM-1024x768.jpeg 1024w, https:\/\/tuguia.combarranquilla.co\/Revista\/wp-content\/uploads\/2025\/06\/WhatsApp-Image-2025-04-02-at-9.56.12-AM-300x225.jpeg 300w, https:\/\/tuguia.combarranquilla.co\/Revista\/wp-content\/uploads\/2025\/06\/WhatsApp-Image-2025-04-02-at-9.56.12-AM-768x576.jpeg 768w, https:\/\/tuguia.combarranquilla.co\/Revista\/wp-content\/uploads\/2025\/06\/WhatsApp-Image-2025-04-02-at-9.56.12-AM-1536x1152.jpeg 1536w, https:\/\/tuguia.combarranquilla.co\/Revista\/wp-content\/uploads\/2025\/06\/WhatsApp-Image-2025-04-02-at-9.56.12-AM.jpeg 1600w\" data-sizes=\"(max-width: 1024px) 100vw, 1024px\" src=\"data:image\/svg+xml;base64,PHN2ZyB3aWR0aD0iMSIgaGVpZ2h0PSIxIiB4bWxucz0iaHR0cDovL3d3dy53My5vcmcvMjAwMC9zdmciPjwvc3ZnPg==\" \/><\/figure><\/div>","protected":false},"excerpt":{"rendered":"<p>Como conductor de PVC del Caribe, Jos\u00e9 Bayona siempre supo que deb\u00eda ir m\u00e1s all\u00e1. Quer\u00eda llegar lejos dentro de la empresa, por eso nunca dej\u00f3 de esforzarse. Su historia se remonta a hace 5 a\u00f1os, cuando asumi\u00f3 la labor de transportar mercanc\u00eda y apoyar log\u00edstica. Sentado en el asiento delantero de \u201cEl Mounstrico\u201d, Jos\u00e9 [&hellip;]<\/p>\n","protected":false},"author":2,"featured_media":6900,"comment_status":"open","ping_status":"open","sticky":false,"template":"","format":"standard","meta":{"inline_featured_image":false,"footnotes":""},"categories":[7],"tags":[],"class_list":["post-6891","post","type-post","status-publish","format-standard","has-post-thumbnail","hentry","category-familia-combarranquilla"],"yoast_head":"<!-- This site is optimized with the Yoast SEO plugin v27.4 - https:\/\/yoast.com\/product\/yoast-seo-wordpress\/ -->\n<title>&quot;Si yo pude, ustedes tambi\u00e9n pueden&quot;: La historia de transformaci\u00f3n de Jos\u00e9 Bayona (PVC del Caribe) - Tu Gu\u00eda<\/title>\n<meta name=\"robots\" content=\"index, follow, max-snippet:-1, max-image-preview:large, max-video-preview:-1\" \/>\n<link rel=\"canonical\" href=\"https:\/\/tuguia.combarranquilla.co\/Revista\/si-yo-pude-ustedes-tambien-pueden-la-historia-de-transformacion-de-jose-bayona-pvc-del-caribe\/\" \/>\n<meta property=\"og:locale\" content=\"es_ES\" \/>\n<meta property=\"og:type\" content=\"article\" \/>\n<meta property=\"og:title\" content=\"&quot;Si yo pude, ustedes tambi\u00e9n pueden&quot;: La historia de transformaci\u00f3n de Jos\u00e9 Bayona (PVC del Caribe) - Tu Gu\u00eda\" \/>\n<meta property=\"og:description\" content=\"Como conductor de PVC del Caribe, Jos\u00e9 Bayona siempre supo que deb\u00eda ir m\u00e1s all\u00e1. Quer\u00eda llegar lejos dentro de la empresa, por eso nunca dej\u00f3 de esforzarse. Su historia se remonta a hace 5 a\u00f1os, cuando asumi\u00f3 la labor de transportar mercanc\u00eda y apoyar log\u00edstica. Sentado en el asiento delantero de \u201cEl Mounstrico\u201d, Jos\u00e9 [&hellip;]\" \/>\n<meta property=\"og:url\" content=\"https:\/\/tuguia.combarranquilla.co\/Revista\/si-yo-pude-ustedes-tambien-pueden-la-historia-de-transformacion-de-jose-bayona-pvc-del-caribe\/\" \/>\n<meta property=\"og:site_name\" content=\"Tu Gu\u00eda\" \/>\n<meta property=\"article:published_time\" content=\"2025-07-01T16:18:53+00:00\" \/>\n<meta property=\"article:modified_time\" content=\"2025-07-01T19:44:04+00:00\" \/>\n<meta property=\"og:image\" content=\"https:\/\/tuguia.combarranquilla.co\/Revista\/wp-content\/uploads\/2025\/07\/Revista-Combarranquilla-1024x512.png\" \/>\n\t<meta property=\"og:image:width\" content=\"1024\" \/>\n\t<meta property=\"og:image:height\" content=\"512\" \/>\n\t<meta property=\"og:image:type\" content=\"image\/png\" \/>\n<meta name=\"author\" content=\"Comunicaciones Combarranquilla\" \/>\n<meta name=\"twitter:card\" content=\"summary_large_image\" \/>\n<meta name=\"twitter:label1\" content=\"Escrito por\" \/>\n\t<meta name=\"twitter:data1\" content=\"Comunicaciones Combarranquilla\" \/>\n\t<meta name=\"twitter:label2\" content=\"Tiempo de lectura\" \/>\n\t<meta name=\"twitter:data2\" content=\"4 minutos\" \/>\n<script type=\"application\/ld+json\" class=\"yoast-schema-graph\">{\"@context\":\"https:\\\/\\\/schema.org\",\"@graph\":[{\"@type\":\"Article\",\"@id\":\"https:\\\/\\\/tuguia.combarranquilla.co\\\/Revista\\\/si-yo-pude-ustedes-tambien-pueden-la-historia-de-transformacion-de-jose-bayona-pvc-del-caribe\\\/#article\",\"isPartOf\":{\"@id\":\"https:\\\/\\\/tuguia.combarranquilla.co\\\/Revista\\\/si-yo-pude-ustedes-tambien-pueden-la-historia-de-transformacion-de-jose-bayona-pvc-del-caribe\\\/\"},\"author\":{\"name\":\"Comunicaciones Combarranquilla\",\"@id\":\"https:\\\/\\\/tuguia.combarranquilla.co\\\/Revista\\\/#\\\/schema\\\/person\\\/c2c396a77170bd1d5f8ba73294eb0d10\"},\"headline\":\"&#8220;Si yo pude, ustedes tambi\u00e9n pueden&#8221;: La historia de transformaci\u00f3n de Jos\u00e9 Bayona (PVC del Caribe)\",\"datePublished\":\"2025-07-01T16:18:53+00:00\",\"dateModified\":\"2025-07-01T19:44:04+00:00\",\"mainEntityOfPage\":{\"@id\":\"https:\\\/\\\/tuguia.combarranquilla.co\\\/Revista\\\/si-yo-pude-ustedes-tambien-pueden-la-historia-de-transformacion-de-jose-bayona-pvc-del-caribe\\\/\"},\"wordCount\":564,\"commentCount\":0,\"publisher\":{\"@id\":\"https:\\\/\\\/tuguia.combarranquilla.co\\\/Revista\\\/#organization\"},\"image\":{\"@id\":\"https:\\\/\\\/tuguia.combarranquilla.co\\\/Revista\\\/si-yo-pude-ustedes-tambien-pueden-la-historia-de-transformacion-de-jose-bayona-pvc-del-caribe\\\/#primaryimage\"},\"thumbnailUrl\":\"https:\\\/\\\/tuguia.combarranquilla.co\\\/Revista\\\/wp-content\\\/uploads\\\/2025\\\/07\\\/Revista-Combarranquilla-scaled.png\",\"articleSection\":[\"FAMILIA COMBARRANQUILLA\"],\"inLanguage\":\"es-CO\",\"potentialAction\":[{\"@type\":\"CommentAction\",\"name\":\"Comment\",\"target\":[\"https:\\\/\\\/tuguia.combarranquilla.co\\\/Revista\\\/si-yo-pude-ustedes-tambien-pueden-la-historia-de-transformacion-de-jose-bayona-pvc-del-caribe\\\/#respond\"]}]},{\"@type\":\"WebPage\",\"@id\":\"https:\\\/\\\/tuguia.combarranquilla.co\\\/Revista\\\/si-yo-pude-ustedes-tambien-pueden-la-historia-de-transformacion-de-jose-bayona-pvc-del-caribe\\\/\",\"url\":\"https:\\\/\\\/tuguia.combarranquilla.co\\\/Revista\\\/si-yo-pude-ustedes-tambien-pueden-la-historia-de-transformacion-de-jose-bayona-pvc-del-caribe\\\/\",\"name\":\"\\\"Si yo pude, ustedes tambi\u00e9n pueden\\\": La historia de transformaci\u00f3n de Jos\u00e9 Bayona (PVC del Caribe) - Tu Gu\u00eda\",\"isPartOf\":{\"@id\":\"https:\\\/\\\/tuguia.combarranquilla.co\\\/Revista\\\/#website\"},\"primaryImageOfPage\":{\"@id\":\"https:\\\/\\\/tuguia.combarranquilla.co\\\/Revista\\\/si-yo-pude-ustedes-tambien-pueden-la-historia-de-transformacion-de-jose-bayona-pvc-del-caribe\\\/#primaryimage\"},\"image\":{\"@id\":\"https:\\\/\\\/tuguia.combarranquilla.co\\\/Revista\\\/si-yo-pude-ustedes-tambien-pueden-la-historia-de-transformacion-de-jose-bayona-pvc-del-caribe\\\/#primaryimage\"},\"thumbnailUrl\":\"https:\\\/\\\/tuguia.combarranquilla.co\\\/Revista\\\/wp-content\\\/uploads\\\/2025\\\/07\\\/Revista-Combarranquilla-scaled.png\",\"datePublished\":\"2025-07-01T16:18:53+00:00\",\"dateModified\":\"2025-07-01T19:44:04+00:00\",\"breadcrumb\":{\"@id\":\"https:\\\/\\\/tuguia.combarranquilla.co\\\/Revista\\\/si-yo-pude-ustedes-tambien-pueden-la-historia-de-transformacion-de-jose-bayona-pvc-del-caribe\\\/#breadcrumb\"},\"inLanguage\":\"es-CO\",\"potentialAction\":[{\"@type\":\"ReadAction\",\"target\":[\"https:\\\/\\\/tuguia.combarranquilla.co\\\/Revista\\\/si-yo-pude-ustedes-tambien-pueden-la-historia-de-transformacion-de-jose-bayona-pvc-del-caribe\\\/\"]}]},{\"@type\":\"ImageObject\",\"inLanguage\":\"es-CO\",\"@id\":\"https:\\\/\\\/tuguia.combarranquilla.co\\\/Revista\\\/si-yo-pude-ustedes-tambien-pueden-la-historia-de-transformacion-de-jose-bayona-pvc-del-caribe\\\/#primaryimage\",\"url\":\"https:\\\/\\\/tuguia.combarranquilla.co\\\/Revista\\\/wp-content\\\/uploads\\\/2025\\\/07\\\/Revista-Combarranquilla-scaled.png\",\"contentUrl\":\"https:\\\/\\\/tuguia.combarranquilla.co\\\/Revista\\\/wp-content\\\/uploads\\\/2025\\\/07\\\/Revista-Combarranquilla-scaled.png\",\"width\":2560,\"height\":1280},{\"@type\":\"BreadcrumbList\",\"@id\":\"https:\\\/\\\/tuguia.combarranquilla.co\\\/Revista\\\/si-yo-pude-ustedes-tambien-pueden-la-historia-de-transformacion-de-jose-bayona-pvc-del-caribe\\\/#breadcrumb\",\"itemListElement\":[{\"@type\":\"ListItem\",\"position\":1,\"name\":\"Inicio\",\"item\":\"https:\\\/\\\/tuguia.combarranquilla.co\\\/Revista\\\/\"},{\"@type\":\"ListItem\",\"position\":2,\"name\":\"&#8220;Si yo pude, ustedes tambi\u00e9n pueden&#8221;: La historia de transformaci\u00f3n de Jos\u00e9 Bayona (PVC del Caribe)\"}]},{\"@type\":\"WebSite\",\"@id\":\"https:\\\/\\\/tuguia.combarranquilla.co\\\/Revista\\\/#website\",\"url\":\"https:\\\/\\\/tuguia.combarranquilla.co\\\/Revista\\\/\",\"name\":\"Tu Gu\u00eda\",\"description\":\"La revista donde lo tienes todo.\",\"publisher\":{\"@id\":\"https:\\\/\\\/tuguia.combarranquilla.co\\\/Revista\\\/#organization\"},\"alternateName\":\"Tu Gu\u00eda Combarranquilla\",\"potentialAction\":[{\"@type\":\"SearchAction\",\"target\":{\"@type\":\"EntryPoint\",\"urlTemplate\":\"https:\\\/\\\/tuguia.combarranquilla.co\\\/Revista\\\/?s={search_term_string}\"},\"query-input\":{\"@type\":\"PropertyValueSpecification\",\"valueRequired\":true,\"valueName\":\"search_term_string\"}}],\"inLanguage\":\"es-CO\"},{\"@type\":\"Organization\",\"@id\":\"https:\\\/\\\/tuguia.combarranquilla.co\\\/Revista\\\/#organization\",\"name\":\"Tu Gu\u00eda Combarranquilla\",\"url\":\"https:\\\/\\\/tuguia.combarranquilla.co\\\/Revista\\\/\",\"logo\":{\"@type\":\"ImageObject\",\"inLanguage\":\"es-CO\",\"@id\":\"https:\\\/\\\/tuguia.combarranquilla.co\\\/Revista\\\/#\\\/schema\\\/logo\\\/image\\\/\",\"url\":\"https:\\\/\\\/tuguia.combarranquilla.co\\\/Revista\\\/wp-content\\\/uploads\\\/2022\\\/02\\\/logo-guia-combarranquilla.svg\",\"contentUrl\":\"https:\\\/\\\/tuguia.combarranquilla.co\\\/Revista\\\/wp-content\\\/uploads\\\/2022\\\/02\\\/logo-guia-combarranquilla.svg\",\"caption\":\"Tu Gu\u00eda Combarranquilla\"},\"image\":{\"@id\":\"https:\\\/\\\/tuguia.combarranquilla.co\\\/Revista\\\/#\\\/schema\\\/logo\\\/image\\\/\"}},{\"@type\":\"Person\",\"@id\":\"https:\\\/\\\/tuguia.combarranquilla.co\\\/Revista\\\/#\\\/schema\\\/person\\\/c2c396a77170bd1d5f8ba73294eb0d10\",\"name\":\"Comunicaciones Combarranquilla\",\"image\":{\"@type\":\"ImageObject\",\"inLanguage\":\"es-CO\",\"@id\":\"https:\\\/\\\/tuguia.combarranquilla.co\\\/Revista\\\/wp-content\\\/uploads\\\/2025\\\/05\\\/ABC-Al-Rojo-Logo-96x96.jpg\",\"url\":\"https:\\\/\\\/tuguia.combarranquilla.co\\\/Revista\\\/wp-content\\\/uploads\\\/2025\\\/05\\\/ABC-Al-Rojo-Logo-96x96.jpg\",\"contentUrl\":\"https:\\\/\\\/tuguia.combarranquilla.co\\\/Revista\\\/wp-content\\\/uploads\\\/2025\\\/05\\\/ABC-Al-Rojo-Logo-96x96.jpg\",\"caption\":\"Comunicaciones Combarranquilla\"},\"sameAs\":[\"https:\\\/\\\/www.combarranquilla.co\"],\"url\":\"https:\\\/\\\/tuguia.combarranquilla.co\\\/Revista\\\/author\\\/comunicaciones\\\/\"}]}<\/script>\n<!-- \/ Yoast SEO plugin. -->","yoast_head_json":{"title":"\"Si yo pude, ustedes tambi\u00e9n pueden\": La historia de transformaci\u00f3n de Jos\u00e9 Bayona (PVC del Caribe) - Tu Gu\u00eda","robots":{"index":"index","follow":"follow","max-snippet":"max-snippet:-1","max-image-preview":"max-image-preview:large","max-video-preview":"max-video-preview:-1"},"canonical":"https:\/\/tuguia.combarranquilla.co\/Revista\/si-yo-pude-ustedes-tambien-pueden-la-historia-de-transformacion-de-jose-bayona-pvc-del-caribe\/","og_locale":"es_ES","og_type":"article","og_title":"\"Si yo pude, ustedes tambi\u00e9n pueden\": La historia de transformaci\u00f3n de Jos\u00e9 Bayona (PVC del Caribe) - Tu Gu\u00eda","og_description":"Como conductor de PVC del Caribe, Jos\u00e9 Bayona siempre supo que deb\u00eda ir m\u00e1s all\u00e1. Quer\u00eda llegar lejos dentro de la empresa, por eso nunca dej\u00f3 de esforzarse. Su historia se remonta a hace 5 a\u00f1os, cuando asumi\u00f3 la labor de transportar mercanc\u00eda y apoyar log\u00edstica. Sentado en el asiento delantero de \u201cEl Mounstrico\u201d, Jos\u00e9 [&hellip;]","og_url":"https:\/\/tuguia.combarranquilla.co\/Revista\/si-yo-pude-ustedes-tambien-pueden-la-historia-de-transformacion-de-jose-bayona-pvc-del-caribe\/","og_site_name":"Tu Gu\u00eda","article_published_time":"2025-07-01T16:18:53+00:00","article_modified_time":"2025-07-01T19:44:04+00:00","og_image":[{"width":1024,"height":512,"url":"https:\/\/tuguia.combarranquilla.co\/Revista\/wp-content\/uploads\/2025\/07\/Revista-Combarranquilla-1024x512.png","type":"image\/png"}],"author":"Comunicaciones Combarranquilla","twitter_card":"summary_large_image","twitter_misc":{"Escrito por":"Comunicaciones Combarranquilla","Tiempo de lectura":"4 minutos"},"schema":{"@context":"https:\/\/schema.org","@graph":[{"@type":"Article","@id":"https:\/\/tuguia.combarranquilla.co\/Revista\/si-yo-pude-ustedes-tambien-pueden-la-historia-de-transformacion-de-jose-bayona-pvc-del-caribe\/#article","isPartOf":{"@id":"https:\/\/tuguia.combarranquilla.co\/Revista\/si-yo-pude-ustedes-tambien-pueden-la-historia-de-transformacion-de-jose-bayona-pvc-del-caribe\/"},"author":{"name":"Comunicaciones Combarranquilla","@id":"https:\/\/tuguia.combarranquilla.co\/Revista\/#\/schema\/person\/c2c396a77170bd1d5f8ba73294eb0d10"},"headline":"&#8220;Si yo pude, ustedes tambi\u00e9n pueden&#8221;: La historia de transformaci\u00f3n de Jos\u00e9 Bayona (PVC del Caribe)","datePublished":"2025-07-01T16:18:53+00:00","dateModified":"2025-07-01T19:44:04+00:00","mainEntityOfPage":{"@id":"https:\/\/tuguia.combarranquilla.co\/Revista\/si-yo-pude-ustedes-tambien-pueden-la-historia-de-transformacion-de-jose-bayona-pvc-del-caribe\/"},"wordCount":564,"commentCount":0,"publisher":{"@id":"https:\/\/tuguia.combarranquilla.co\/Revista\/#organization"},"image":{"@id":"https:\/\/tuguia.combarranquilla.co\/Revista\/si-yo-pude-ustedes-tambien-pueden-la-historia-de-transformacion-de-jose-bayona-pvc-del-caribe\/#primaryimage"},"thumbnailUrl":"https:\/\/tuguia.combarranquilla.co\/Revista\/wp-content\/uploads\/2025\/07\/Revista-Combarranquilla-scaled.png","articleSection":["FAMILIA COMBARRANQUILLA"],"inLanguage":"es-CO","potentialAction":[{"@type":"CommentAction","name":"Comment","target":["https:\/\/tuguia.combarranquilla.co\/Revista\/si-yo-pude-ustedes-tambien-pueden-la-historia-de-transformacion-de-jose-bayona-pvc-del-caribe\/#respond"]}]},{"@type":"WebPage","@id":"https:\/\/tuguia.combarranquilla.co\/Revista\/si-yo-pude-ustedes-tambien-pueden-la-historia-de-transformacion-de-jose-bayona-pvc-del-caribe\/","url":"https:\/\/tuguia.combarranquilla.co\/Revista\/si-yo-pude-ustedes-tambien-pueden-la-historia-de-transformacion-de-jose-bayona-pvc-del-caribe\/","name":"\"Si yo pude, ustedes tambi\u00e9n pueden\": La historia de transformaci\u00f3n de Jos\u00e9 Bayona (PVC del Caribe) - Tu Gu\u00eda","isPartOf":{"@id":"https:\/\/tuguia.combarranquilla.co\/Revista\/#website"},"primaryImageOfPage":{"@id":"https:\/\/tuguia.combarranquilla.co\/Revista\/si-yo-pude-ustedes-tambien-pueden-la-historia-de-transformacion-de-jose-bayona-pvc-del-caribe\/#primaryimage"},"image":{"@id":"https:\/\/tuguia.combarranquilla.co\/Revista\/si-yo-pude-ustedes-tambien-pueden-la-historia-de-transformacion-de-jose-bayona-pvc-del-caribe\/#primaryimage"},"thumbnailUrl":"https:\/\/tuguia.combarranquilla.co\/Revista\/wp-content\/uploads\/2025\/07\/Revista-Combarranquilla-scaled.png","datePublished":"2025-07-01T16:18:53+00:00","dateModified":"2025-07-01T19:44:04+00:00","breadcrumb":{"@id":"https:\/\/tuguia.combarranquilla.co\/Revista\/si-yo-pude-ustedes-tambien-pueden-la-historia-de-transformacion-de-jose-bayona-pvc-del-caribe\/#breadcrumb"},"inLanguage":"es-CO","potentialAction":[{"@type":"ReadAction","target":["https:\/\/tuguia.combarranquilla.co\/Revista\/si-yo-pude-ustedes-tambien-pueden-la-historia-de-transformacion-de-jose-bayona-pvc-del-caribe\/"]}]},{"@type":"ImageObject","inLanguage":"es-CO","@id":"https:\/\/tuguia.combarranquilla.co\/Revista\/si-yo-pude-ustedes-tambien-pueden-la-historia-de-transformacion-de-jose-bayona-pvc-del-caribe\/#primaryimage","url":"https:\/\/tuguia.combarranquilla.co\/Revista\/wp-content\/uploads\/2025\/07\/Revista-Combarranquilla-scaled.png","contentUrl":"https:\/\/tuguia.combarranquilla.co\/Revista\/wp-content\/uploads\/2025\/07\/Revista-Combarranquilla-scaled.png","width":2560,"height":1280},{"@type":"BreadcrumbList","@id":"https:\/\/tuguia.combarranquilla.co\/Revista\/si-yo-pude-ustedes-tambien-pueden-la-historia-de-transformacion-de-jose-bayona-pvc-del-caribe\/#breadcrumb","itemListElement":[{"@type":"ListItem","position":1,"name":"Inicio","item":"https:\/\/tuguia.combarranquilla.co\/Revista\/"},{"@type":"ListItem","position":2,"name":"&#8220;Si yo pude, ustedes tambi\u00e9n pueden&#8221;: La historia de transformaci\u00f3n de Jos\u00e9 Bayona (PVC del Caribe)"}]},{"@type":"WebSite","@id":"https:\/\/tuguia.combarranquilla.co\/Revista\/#website","url":"https:\/\/tuguia.combarranquilla.co\/Revista\/","name":"Tu Gu\u00eda","description":"La revista donde lo tienes todo.","publisher":{"@id":"https:\/\/tuguia.combarranquilla.co\/Revista\/#organization"},"alternateName":"Tu Gu\u00eda Combarranquilla","potentialAction":[{"@type":"SearchAction","target":{"@type":"EntryPoint","urlTemplate":"https:\/\/tuguia.combarranquilla.co\/Revista\/?s={search_term_string}"},"query-input":{"@type":"PropertyValueSpecification","valueRequired":true,"valueName":"search_term_string"}}],"inLanguage":"es-CO"},{"@type":"Organization","@id":"https:\/\/tuguia.combarranquilla.co\/Revista\/#organization","name":"Tu Gu\u00eda Combarranquilla","url":"https:\/\/tuguia.combarranquilla.co\/Revista\/","logo":{"@type":"ImageObject","inLanguage":"es-CO","@id":"https:\/\/tuguia.combarranquilla.co\/Revista\/#\/schema\/logo\/image\/","url":"https:\/\/tuguia.combarranquilla.co\/Revista\/wp-content\/uploads\/2022\/02\/logo-guia-combarranquilla.svg","contentUrl":"https:\/\/tuguia.combarranquilla.co\/Revista\/wp-content\/uploads\/2022\/02\/logo-guia-combarranquilla.svg","caption":"Tu Gu\u00eda Combarranquilla"},"image":{"@id":"https:\/\/tuguia.combarranquilla.co\/Revista\/#\/schema\/logo\/image\/"}},{"@type":"Person","@id":"https:\/\/tuguia.combarranquilla.co\/Revista\/#\/schema\/person\/c2c396a77170bd1d5f8ba73294eb0d10","name":"Comunicaciones Combarranquilla","image":{"@type":"ImageObject","inLanguage":"es-CO","@id":"https:\/\/tuguia.combarranquilla.co\/Revista\/wp-content\/uploads\/2025\/05\/ABC-Al-Rojo-Logo-96x96.jpg","url":"https:\/\/tuguia.combarranquilla.co\/Revista\/wp-content\/uploads\/2025\/05\/ABC-Al-Rojo-Logo-96x96.jpg","contentUrl":"https:\/\/tuguia.combarranquilla.co\/Revista\/wp-content\/uploads\/2025\/05\/ABC-Al-Rojo-Logo-96x96.jpg","caption":"Comunicaciones Combarranquilla"},"sameAs":["https:\/\/www.combarranquilla.co"],"url":"https:\/\/tuguia.combarranquilla.co\/Revista\/author\/comunicaciones\/"}]}},"_links":{"self":[{"href":"https:\/\/tuguia.combarranquilla.co\/Revista\/wp-json\/wp\/v2\/posts\/6891","targetHints":{"allow":["GET"]}}],"collection":[{"href":"https:\/\/tuguia.combarranquilla.co\/Revista\/wp-json\/wp\/v2\/posts"}],"about":[{"href":"https:\/\/tuguia.combarranquilla.co\/Revista\/wp-json\/wp\/v2\/types\/post"}],"author":[{"embeddable":true,"href":"https:\/\/tuguia.combarranquilla.co\/Revista\/wp-json\/wp\/v2\/users\/2"}],"replies":[{"embeddable":true,"href":"https:\/\/tuguia.combarranquilla.co\/Revista\/wp-json\/wp\/v2\/comments?post=6891"}],"version-history":[{"count":6,"href":"https:\/\/tuguia.combarranquilla.co\/Revista\/wp-json\/wp\/v2\/posts\/6891\/revisions"}],"predecessor-version":[{"id":7052,"href":"https:\/\/tuguia.combarranquilla.co\/Revista\/wp-json\/wp\/v2\/posts\/6891\/revisions\/7052"}],"wp:featuredmedia":[{"embeddable":true,"href":"https:\/\/tuguia.combarranquilla.co\/Revista\/wp-json\/wp\/v2\/media\/6900"}],"wp:attachment":[{"href":"https:\/\/tuguia.combarranquilla.co\/Revista\/wp-json\/wp\/v2\/media?parent=6891"}],"wp:term":[{"taxonomy":"category","embeddable":true,"href":"https:\/\/tuguia.combarranquilla.co\/Revista\/wp-json\/wp\/v2\/categories?post=6891"},{"taxonomy":"post_tag","embeddable":true,"href":"https:\/\/tuguia.combarranquilla.co\/Revista\/wp-json\/wp\/v2\/tags?post=6891"}],"curies":[{"name":"wp","href":"https:\/\/api.w.org\/{rel}","templated":true}]}}