{"id":692,"date":"2022-09-01T16:00:12","date_gmt":"2022-09-01T21:00:12","guid":{"rendered":"https:\/\/tuguia.combarranquilla.co\/Revista\/?p=692"},"modified":"2022-09-06T10:18:58","modified_gmt":"2022-09-06T15:18:58","slug":"un-vuelo-hacia-tu-infancia","status":"publish","type":"post","link":"https:\/\/tuguia.combarranquilla.co\/Revista\/un-vuelo-hacia-tu-infancia\/","title":{"rendered":"Un vuelo hac\u00eda tu infancia"},"content":{"rendered":"\n<h2 class=\"has-black-color has-text-color has-x-large-font-size wp-block-heading\">Hab\u00eda una vez, hace unos a\u00f1os&#8230;<\/h2>\n\n\n\n<p class=\"has-black-color has-text-color\">Cada etapa de la vida es totalmente asombrosa, pero la etapa de la ni\u00f1ez y adolescencia es una de las m\u00e1s divertidas, jugando y riendo con amigos y familiares \u00bfTe imaginas volver a ese momento tan ic\u00f3nico? En Combarranquilla te ofrecemos actividades donde podr\u00e1s sacar tu ni\u00f1o interior. <\/p>\n\n\n\n<figure class=\"wp-block-video\"><video autoplay controls loop src=\"https:\/\/tuguia.combarranquilla.co\/Revista\/wp-content\/uploads\/2022\/09\/Untitled-1.mp4\"><\/video><\/figure>\n\n\n\n<p>Este s\u00e1bado 04 de septiembre podr\u00e1s disfrutar en Solinilla una tarde m\u00e1gica, llena de risas con tus personas favoritas. <\/p>\n\n\n\n<p><strong>\u00a1Festival de la Cometa!<\/strong> <\/p>\n\n\n\n<p>Entradas: <\/p>\n\n\n\n<ul class=\"wp-block-list\"><li>Categor\u00eda A. $2.600<\/li><li>Categor\u00eda B. $4.400 <\/li><li>Categor\u00eda C. $8.700<\/li><\/ul>\n\n\n\n<p>El valor de la entrada a Solinilla no incluye la cometa, puedes llevar la tuya o comprar una artesanal dentro del Centro Recreacional. <\/p>\n\n\n\n<p><em><strong>\u00a1Un domingo de piscinas, cometas y experiencias \u00fanicas! <\/strong><\/em><\/p>\n","protected":false},"excerpt":{"rendered":"<p>Hab\u00eda una vez, hace unos a\u00f1os&#8230; Cada etapa de la vida es totalmente asombrosa, pero la etapa de la ni\u00f1ez y adolescencia es una de las m\u00e1s divertidas, jugando y riendo con amigos y familiares \u00bfTe imaginas volver a ese momento tan ic\u00f3nico? En Combarranquilla te ofrecemos actividades donde podr\u00e1s sacar tu ni\u00f1o interior. Este [&hellip;]<\/p>\n","protected":false},"author":2,"featured_media":693,"comment_status":"open","ping_status":"open","sticky":false,"template":"","format":"standard","meta":{"inline_featured_image":false,"footnotes":""},"categories":[1],"tags":[],"class_list":["post-692","post","type-post","status-publish","format-standard","has-post-thumbnail","hentry","category-entretenimiento"],"yoast_head":"<!-- This site is optimized with the Yoast SEO plugin v27.4 - https:\/\/yoast.com\/product\/yoast-seo-wordpress\/ -->\n<title>Un vuelo hac\u00eda tu infancia - Tu Gu\u00eda<\/title>\n<meta name=\"robots\" content=\"index, follow, max-snippet:-1, max-image-preview:large, max-video-preview:-1\" \/>\n<link rel=\"canonical\" href=\"https:\/\/tuguia.combarranquilla.co\/Revista\/un-vuelo-hacia-tu-infancia\/\" \/>\n<meta property=\"og:locale\" content=\"es_ES\" \/>\n<meta property=\"og:type\" content=\"article\" \/>\n<meta property=\"og:title\" content=\"Un vuelo hac\u00eda tu infancia - Tu Gu\u00eda\" \/>\n<meta property=\"og:description\" content=\"Hab\u00eda una vez, hace unos a\u00f1os&#8230; Cada etapa de la vida es totalmente asombrosa, pero la etapa de la ni\u00f1ez y adolescencia es una de las m\u00e1s divertidas, jugando y riendo con amigos y familiares \u00bfTe imaginas volver a ese momento tan ic\u00f3nico? En Combarranquilla te ofrecemos actividades donde podr\u00e1s sacar tu ni\u00f1o interior. Este [&hellip;]\" \/>\n<meta property=\"og:url\" content=\"https:\/\/tuguia.combarranquilla.co\/Revista\/un-vuelo-hacia-tu-infancia\/\" \/>\n<meta property=\"og:site_name\" content=\"Tu Gu\u00eda\" \/>\n<meta property=\"article:published_time\" content=\"2022-09-01T21:00:12+00:00\" \/>\n<meta property=\"article:modified_time\" content=\"2022-09-06T15:18:58+00:00\" \/>\n<meta property=\"og:image\" content=\"https:\/\/tuguia.combarranquilla.co\/Revista\/wp-content\/uploads\/2022\/09\/pexels-quang-nguyen-vinh-11334403-scaled.jpg\" \/>\n\t<meta property=\"og:image:width\" content=\"2560\" \/>\n\t<meta property=\"og:image:height\" content=\"1708\" \/>\n\t<meta property=\"og:image:type\" content=\"image\/jpeg\" \/>\n<meta name=\"author\" content=\"Comunicaciones Combarranquilla\" \/>\n<meta name=\"twitter:card\" content=\"summary_large_image\" \/>\n<meta name=\"twitter:label1\" content=\"Escrito por\" \/>\n\t<meta name=\"twitter:data1\" content=\"Comunicaciones Combarranquilla\" \/>\n\t<meta name=\"twitter:label2\" content=\"Tiempo de lectura\" \/>\n\t<meta name=\"twitter:data2\" content=\"1 minuto\" \/>\n<script type=\"application\/ld+json\" class=\"yoast-schema-graph\">{\"@context\":\"https:\\\/\\\/schema.org\",\"@graph\":[{\"@type\":\"Article\",\"@id\":\"https:\\\/\\\/tuguia.combarranquilla.co\\\/Revista\\\/un-vuelo-hacia-tu-infancia\\\/#article\",\"isPartOf\":{\"@id\":\"https:\\\/\\\/tuguia.combarranquilla.co\\\/Revista\\\/un-vuelo-hacia-tu-infancia\\\/\"},\"author\":{\"name\":\"Comunicaciones Combarranquilla\",\"@id\":\"https:\\\/\\\/tuguia.combarranquilla.co\\\/Revista\\\/#\\\/schema\\\/person\\\/c2c396a77170bd1d5f8ba73294eb0d10\"},\"headline\":\"Un vuelo hac\u00eda tu infancia\",\"datePublished\":\"2022-09-01T21:00:12+00:00\",\"dateModified\":\"2022-09-06T15:18:58+00:00\",\"mainEntityOfPage\":{\"@id\":\"https:\\\/\\\/tuguia.combarranquilla.co\\\/Revista\\\/un-vuelo-hacia-tu-infancia\\\/\"},\"wordCount\":133,\"commentCount\":0,\"publisher\":{\"@id\":\"https:\\\/\\\/tuguia.combarranquilla.co\\\/Revista\\\/#organization\"},\"image\":{\"@id\":\"https:\\\/\\\/tuguia.combarranquilla.co\\\/Revista\\\/un-vuelo-hacia-tu-infancia\\\/#primaryimage\"},\"thumbnailUrl\":\"https:\\\/\\\/tuguia.combarranquilla.co\\\/Revista\\\/wp-content\\\/uploads\\\/2022\\\/09\\\/pexels-quang-nguyen-vinh-11334403-scaled.jpg\",\"articleSection\":[\"ENTRETENIMIENTO\"],\"inLanguage\":\"es-CO\",\"potentialAction\":[{\"@type\":\"CommentAction\",\"name\":\"Comment\",\"target\":[\"https:\\\/\\\/tuguia.combarranquilla.co\\\/Revista\\\/un-vuelo-hacia-tu-infancia\\\/#respond\"]}]},{\"@type\":\"WebPage\",\"@id\":\"https:\\\/\\\/tuguia.combarranquilla.co\\\/Revista\\\/un-vuelo-hacia-tu-infancia\\\/\",\"url\":\"https:\\\/\\\/tuguia.combarranquilla.co\\\/Revista\\\/un-vuelo-hacia-tu-infancia\\\/\",\"name\":\"Un vuelo hac\u00eda tu infancia - Tu Gu\u00eda\",\"isPartOf\":{\"@id\":\"https:\\\/\\\/tuguia.combarranquilla.co\\\/Revista\\\/#website\"},\"primaryImageOfPage\":{\"@id\":\"https:\\\/\\\/tuguia.combarranquilla.co\\\/Revista\\\/un-vuelo-hacia-tu-infancia\\\/#primaryimage\"},\"image\":{\"@id\":\"https:\\\/\\\/tuguia.combarranquilla.co\\\/Revista\\\/un-vuelo-hacia-tu-infancia\\\/#primaryimage\"},\"thumbnailUrl\":\"https:\\\/\\\/tuguia.combarranquilla.co\\\/Revista\\\/wp-content\\\/uploads\\\/2022\\\/09\\\/pexels-quang-nguyen-vinh-11334403-scaled.jpg\",\"datePublished\":\"2022-09-01T21:00:12+00:00\",\"dateModified\":\"2022-09-06T15:18:58+00:00\",\"breadcrumb\":{\"@id\":\"https:\\\/\\\/tuguia.combarranquilla.co\\\/Revista\\\/un-vuelo-hacia-tu-infancia\\\/#breadcrumb\"},\"inLanguage\":\"es-CO\",\"potentialAction\":[{\"@type\":\"ReadAction\",\"target\":[\"https:\\\/\\\/tuguia.combarranquilla.co\\\/Revista\\\/un-vuelo-hacia-tu-infancia\\\/\"]}]},{\"@type\":\"ImageObject\",\"inLanguage\":\"es-CO\",\"@id\":\"https:\\\/\\\/tuguia.combarranquilla.co\\\/Revista\\\/un-vuelo-hacia-tu-infancia\\\/#primaryimage\",\"url\":\"https:\\\/\\\/tuguia.combarranquilla.co\\\/Revista\\\/wp-content\\\/uploads\\\/2022\\\/09\\\/pexels-quang-nguyen-vinh-11334403-scaled.jpg\",\"contentUrl\":\"https:\\\/\\\/tuguia.combarranquilla.co\\\/Revista\\\/wp-content\\\/uploads\\\/2022\\\/09\\\/pexels-quang-nguyen-vinh-11334403-scaled.jpg\",\"width\":2560,\"height\":1708},{\"@type\":\"BreadcrumbList\",\"@id\":\"https:\\\/\\\/tuguia.combarranquilla.co\\\/Revista\\\/un-vuelo-hacia-tu-infancia\\\/#breadcrumb\",\"itemListElement\":[{\"@type\":\"ListItem\",\"position\":1,\"name\":\"Inicio\",\"item\":\"https:\\\/\\\/tuguia.combarranquilla.co\\\/Revista\\\/\"},{\"@type\":\"ListItem\",\"position\":2,\"name\":\"Un vuelo hac\u00eda tu infancia\"}]},{\"@type\":\"WebSite\",\"@id\":\"https:\\\/\\\/tuguia.combarranquilla.co\\\/Revista\\\/#website\",\"url\":\"https:\\\/\\\/tuguia.combarranquilla.co\\\/Revista\\\/\",\"name\":\"Tu Gu\u00eda\",\"description\":\"La revista donde lo tienes todo.\",\"publisher\":{\"@id\":\"https:\\\/\\\/tuguia.combarranquilla.co\\\/Revista\\\/#organization\"},\"alternateName\":\"Tu Gu\u00eda Combarranquilla\",\"potentialAction\":[{\"@type\":\"SearchAction\",\"target\":{\"@type\":\"EntryPoint\",\"urlTemplate\":\"https:\\\/\\\/tuguia.combarranquilla.co\\\/Revista\\\/?s={search_term_string}\"},\"query-input\":{\"@type\":\"PropertyValueSpecification\",\"valueRequired\":true,\"valueName\":\"search_term_string\"}}],\"inLanguage\":\"es-CO\"},{\"@type\":\"Organization\",\"@id\":\"https:\\\/\\\/tuguia.combarranquilla.co\\\/Revista\\\/#organization\",\"name\":\"Tu Gu\u00eda Combarranquilla\",\"url\":\"https:\\\/\\\/tuguia.combarranquilla.co\\\/Revista\\\/\",\"logo\":{\"@type\":\"ImageObject\",\"inLanguage\":\"es-CO\",\"@id\":\"https:\\\/\\\/tuguia.combarranquilla.co\\\/Revista\\\/#\\\/schema\\\/logo\\\/image\\\/\",\"url\":\"https:\\\/\\\/tuguia.combarranquilla.co\\\/Revista\\\/wp-content\\\/uploads\\\/2022\\\/02\\\/logo-guia-combarranquilla.svg\",\"contentUrl\":\"https:\\\/\\\/tuguia.combarranquilla.co\\\/Revista\\\/wp-content\\\/uploads\\\/2022\\\/02\\\/logo-guia-combarranquilla.svg\",\"caption\":\"Tu Gu\u00eda Combarranquilla\"},\"image\":{\"@id\":\"https:\\\/\\\/tuguia.combarranquilla.co\\\/Revista\\\/#\\\/schema\\\/logo\\\/image\\\/\"}},{\"@type\":\"Person\",\"@id\":\"https:\\\/\\\/tuguia.combarranquilla.co\\\/Revista\\\/#\\\/schema\\\/person\\\/c2c396a77170bd1d5f8ba73294eb0d10\",\"name\":\"Comunicaciones Combarranquilla\",\"image\":{\"@type\":\"ImageObject\",\"inLanguage\":\"es-CO\",\"@id\":\"https:\\\/\\\/tuguia.combarranquilla.co\\\/Revista\\\/wp-content\\\/uploads\\\/2025\\\/05\\\/ABC-Al-Rojo-Logo-96x96.jpg\",\"url\":\"https:\\\/\\\/tuguia.combarranquilla.co\\\/Revista\\\/wp-content\\\/uploads\\\/2025\\\/05\\\/ABC-Al-Rojo-Logo-96x96.jpg\",\"contentUrl\":\"https:\\\/\\\/tuguia.combarranquilla.co\\\/Revista\\\/wp-content\\\/uploads\\\/2025\\\/05\\\/ABC-Al-Rojo-Logo-96x96.jpg\",\"caption\":\"Comunicaciones Combarranquilla\"},\"sameAs\":[\"https:\\\/\\\/www.combarranquilla.co\"],\"url\":\"https:\\\/\\\/tuguia.combarranquilla.co\\\/Revista\\\/author\\\/comunicaciones\\\/\"}]}<\/script>\n<!-- \/ Yoast SEO plugin. -->","yoast_head_json":{"title":"Un vuelo hac\u00eda tu infancia - Tu Gu\u00eda","robots":{"index":"index","follow":"follow","max-snippet":"max-snippet:-1","max-image-preview":"max-image-preview:large","max-video-preview":"max-video-preview:-1"},"canonical":"https:\/\/tuguia.combarranquilla.co\/Revista\/un-vuelo-hacia-tu-infancia\/","og_locale":"es_ES","og_type":"article","og_title":"Un vuelo hac\u00eda tu infancia - Tu Gu\u00eda","og_description":"Hab\u00eda una vez, hace unos a\u00f1os&#8230; Cada etapa de la vida es totalmente asombrosa, pero la etapa de la ni\u00f1ez y adolescencia es una de las m\u00e1s divertidas, jugando y riendo con amigos y familiares \u00bfTe imaginas volver a ese momento tan ic\u00f3nico? En Combarranquilla te ofrecemos actividades donde podr\u00e1s sacar tu ni\u00f1o interior. Este [&hellip;]","og_url":"https:\/\/tuguia.combarranquilla.co\/Revista\/un-vuelo-hacia-tu-infancia\/","og_site_name":"Tu Gu\u00eda","article_published_time":"2022-09-01T21:00:12+00:00","article_modified_time":"2022-09-06T15:18:58+00:00","og_image":[{"width":2560,"height":1708,"url":"https:\/\/tuguia.combarranquilla.co\/Revista\/wp-content\/uploads\/2022\/09\/pexels-quang-nguyen-vinh-11334403-scaled.jpg","type":"image\/jpeg"}],"author":"Comunicaciones Combarranquilla","twitter_card":"summary_large_image","twitter_misc":{"Escrito por":"Comunicaciones Combarranquilla","Tiempo de lectura":"1 minuto"},"schema":{"@context":"https:\/\/schema.org","@graph":[{"@type":"Article","@id":"https:\/\/tuguia.combarranquilla.co\/Revista\/un-vuelo-hacia-tu-infancia\/#article","isPartOf":{"@id":"https:\/\/tuguia.combarranquilla.co\/Revista\/un-vuelo-hacia-tu-infancia\/"},"author":{"name":"Comunicaciones Combarranquilla","@id":"https:\/\/tuguia.combarranquilla.co\/Revista\/#\/schema\/person\/c2c396a77170bd1d5f8ba73294eb0d10"},"headline":"Un vuelo hac\u00eda tu infancia","datePublished":"2022-09-01T21:00:12+00:00","dateModified":"2022-09-06T15:18:58+00:00","mainEntityOfPage":{"@id":"https:\/\/tuguia.combarranquilla.co\/Revista\/un-vuelo-hacia-tu-infancia\/"},"wordCount":133,"commentCount":0,"publisher":{"@id":"https:\/\/tuguia.combarranquilla.co\/Revista\/#organization"},"image":{"@id":"https:\/\/tuguia.combarranquilla.co\/Revista\/un-vuelo-hacia-tu-infancia\/#primaryimage"},"thumbnailUrl":"https:\/\/tuguia.combarranquilla.co\/Revista\/wp-content\/uploads\/2022\/09\/pexels-quang-nguyen-vinh-11334403-scaled.jpg","articleSection":["ENTRETENIMIENTO"],"inLanguage":"es-CO","potentialAction":[{"@type":"CommentAction","name":"Comment","target":["https:\/\/tuguia.combarranquilla.co\/Revista\/un-vuelo-hacia-tu-infancia\/#respond"]}]},{"@type":"WebPage","@id":"https:\/\/tuguia.combarranquilla.co\/Revista\/un-vuelo-hacia-tu-infancia\/","url":"https:\/\/tuguia.combarranquilla.co\/Revista\/un-vuelo-hacia-tu-infancia\/","name":"Un vuelo hac\u00eda tu infancia - Tu Gu\u00eda","isPartOf":{"@id":"https:\/\/tuguia.combarranquilla.co\/Revista\/#website"},"primaryImageOfPage":{"@id":"https:\/\/tuguia.combarranquilla.co\/Revista\/un-vuelo-hacia-tu-infancia\/#primaryimage"},"image":{"@id":"https:\/\/tuguia.combarranquilla.co\/Revista\/un-vuelo-hacia-tu-infancia\/#primaryimage"},"thumbnailUrl":"https:\/\/tuguia.combarranquilla.co\/Revista\/wp-content\/uploads\/2022\/09\/pexels-quang-nguyen-vinh-11334403-scaled.jpg","datePublished":"2022-09-01T21:00:12+00:00","dateModified":"2022-09-06T15:18:58+00:00","breadcrumb":{"@id":"https:\/\/tuguia.combarranquilla.co\/Revista\/un-vuelo-hacia-tu-infancia\/#breadcrumb"},"inLanguage":"es-CO","potentialAction":[{"@type":"ReadAction","target":["https:\/\/tuguia.combarranquilla.co\/Revista\/un-vuelo-hacia-tu-infancia\/"]}]},{"@type":"ImageObject","inLanguage":"es-CO","@id":"https:\/\/tuguia.combarranquilla.co\/Revista\/un-vuelo-hacia-tu-infancia\/#primaryimage","url":"https:\/\/tuguia.combarranquilla.co\/Revista\/wp-content\/uploads\/2022\/09\/pexels-quang-nguyen-vinh-11334403-scaled.jpg","contentUrl":"https:\/\/tuguia.combarranquilla.co\/Revista\/wp-content\/uploads\/2022\/09\/pexels-quang-nguyen-vinh-11334403-scaled.jpg","width":2560,"height":1708},{"@type":"BreadcrumbList","@id":"https:\/\/tuguia.combarranquilla.co\/Revista\/un-vuelo-hacia-tu-infancia\/#breadcrumb","itemListElement":[{"@type":"ListItem","position":1,"name":"Inicio","item":"https:\/\/tuguia.combarranquilla.co\/Revista\/"},{"@type":"ListItem","position":2,"name":"Un vuelo hac\u00eda tu infancia"}]},{"@type":"WebSite","@id":"https:\/\/tuguia.combarranquilla.co\/Revista\/#website","url":"https:\/\/tuguia.combarranquilla.co\/Revista\/","name":"Tu Gu\u00eda","description":"La revista donde lo tienes todo.","publisher":{"@id":"https:\/\/tuguia.combarranquilla.co\/Revista\/#organization"},"alternateName":"Tu Gu\u00eda Combarranquilla","potentialAction":[{"@type":"SearchAction","target":{"@type":"EntryPoint","urlTemplate":"https:\/\/tuguia.combarranquilla.co\/Revista\/?s={search_term_string}"},"query-input":{"@type":"PropertyValueSpecification","valueRequired":true,"valueName":"search_term_string"}}],"inLanguage":"es-CO"},{"@type":"Organization","@id":"https:\/\/tuguia.combarranquilla.co\/Revista\/#organization","name":"Tu Gu\u00eda Combarranquilla","url":"https:\/\/tuguia.combarranquilla.co\/Revista\/","logo":{"@type":"ImageObject","inLanguage":"es-CO","@id":"https:\/\/tuguia.combarranquilla.co\/Revista\/#\/schema\/logo\/image\/","url":"https:\/\/tuguia.combarranquilla.co\/Revista\/wp-content\/uploads\/2022\/02\/logo-guia-combarranquilla.svg","contentUrl":"https:\/\/tuguia.combarranquilla.co\/Revista\/wp-content\/uploads\/2022\/02\/logo-guia-combarranquilla.svg","caption":"Tu Gu\u00eda Combarranquilla"},"image":{"@id":"https:\/\/tuguia.combarranquilla.co\/Revista\/#\/schema\/logo\/image\/"}},{"@type":"Person","@id":"https:\/\/tuguia.combarranquilla.co\/Revista\/#\/schema\/person\/c2c396a77170bd1d5f8ba73294eb0d10","name":"Comunicaciones Combarranquilla","image":{"@type":"ImageObject","inLanguage":"es-CO","@id":"https:\/\/tuguia.combarranquilla.co\/Revista\/wp-content\/uploads\/2025\/05\/ABC-Al-Rojo-Logo-96x96.jpg","url":"https:\/\/tuguia.combarranquilla.co\/Revista\/wp-content\/uploads\/2025\/05\/ABC-Al-Rojo-Logo-96x96.jpg","contentUrl":"https:\/\/tuguia.combarranquilla.co\/Revista\/wp-content\/uploads\/2025\/05\/ABC-Al-Rojo-Logo-96x96.jpg","caption":"Comunicaciones Combarranquilla"},"sameAs":["https:\/\/www.combarranquilla.co"],"url":"https:\/\/tuguia.combarranquilla.co\/Revista\/author\/comunicaciones\/"}]}},"_links":{"self":[{"href":"https:\/\/tuguia.combarranquilla.co\/Revista\/wp-json\/wp\/v2\/posts\/692","targetHints":{"allow":["GET"]}}],"collection":[{"href":"https:\/\/tuguia.combarranquilla.co\/Revista\/wp-json\/wp\/v2\/posts"}],"about":[{"href":"https:\/\/tuguia.combarranquilla.co\/Revista\/wp-json\/wp\/v2\/types\/post"}],"author":[{"embeddable":true,"href":"https:\/\/tuguia.combarranquilla.co\/Revista\/wp-json\/wp\/v2\/users\/2"}],"replies":[{"embeddable":true,"href":"https:\/\/tuguia.combarranquilla.co\/Revista\/wp-json\/wp\/v2\/comments?post=692"}],"version-history":[{"count":11,"href":"https:\/\/tuguia.combarranquilla.co\/Revista\/wp-json\/wp\/v2\/posts\/692\/revisions"}],"predecessor-version":[{"id":715,"href":"https:\/\/tuguia.combarranquilla.co\/Revista\/wp-json\/wp\/v2\/posts\/692\/revisions\/715"}],"wp:featuredmedia":[{"embeddable":true,"href":"https:\/\/tuguia.combarranquilla.co\/Revista\/wp-json\/wp\/v2\/media\/693"}],"wp:attachment":[{"href":"https:\/\/tuguia.combarranquilla.co\/Revista\/wp-json\/wp\/v2\/media?parent=692"}],"wp:term":[{"taxonomy":"category","embeddable":true,"href":"https:\/\/tuguia.combarranquilla.co\/Revista\/wp-json\/wp\/v2\/categories?post=692"},{"taxonomy":"post_tag","embeddable":true,"href":"https:\/\/tuguia.combarranquilla.co\/Revista\/wp-json\/wp\/v2\/tags?post=692"}],"curies":[{"name":"wp","href":"https:\/\/api.w.org\/{rel}","templated":true}]}}