{"id":6924,"date":"2025-07-01T11:19:41","date_gmt":"2025-07-01T16:19:41","guid":{"rendered":"https:\/\/tuguia.combarranquilla.co\/Revista\/?p=6924"},"modified":"2025-09-16T08:49:05","modified_gmt":"2025-09-16T13:49:05","slug":"buritaca-y-rio-don-diego-el-doble-tesoro-de-santa-marta-en-un-dia","status":"publish","type":"post","link":"https:\/\/tuguia.combarranquilla.co\/Revista\/buritaca-y-rio-don-diego-el-doble-tesoro-de-santa-marta-en-un-dia\/","title":{"rendered":"Buritaca y r\u00edo Don Diego: el doble tesoro de Santa Marta en un d\u00eda"},"content":{"rendered":"\n<p class=\"has-medium-font-size\">Santa Marta es una ciudad con destinos por explorar. M\u00e1s all\u00e1 de sus playas conocidas, hay lugares que invitan a mirar con otros ojos y a dejarse sorprender. Uno de ellos es Buritaca, un pueblo costero cuyo r\u00edo desemboca en el mar Caribe.<\/p>\n\n\n\n<h2 class=\"wp-block-heading has-medium-font-size\"><strong>Buritaca: donde el r\u00edo toca el mar<\/strong><\/h2>\n\n\n\n<p class=\"has-medium-font-size\">Buritaca es un peque\u00f1o corregimiento ubicado en la zona costera de Magdalena. Su atractivo principal est\u00e1 en el encuentro de agua dulce y salada: de un lado, el r\u00edo baja con corriente suave; del otro, puede observarse el Caribe abierto.<\/p>\n\n\n\n<p class=\"has-medium-font-size\">A pocos kil\u00f3metros de Buritaca, habitan comunidades ind\u00edgenas de la Sierra, como los Kogui, que bajan de&nbsp;las monta\u00f1as&nbsp;a intercambiar productos o a vender artesan\u00edas. Aqu\u00ed se juntan el Caribe, la monta\u00f1a y una historia de saberes ancestrales.<\/p>\n\n\n\n<h2 class=\"wp-block-heading has-medium-font-size\"><strong>R\u00edo Don Diego: una caminata ecol\u00f3gica<\/strong><\/h2>\n\n\n\n<p class=\"has-medium-font-size\">Mientras caminas en Buritaca, puedes f\u00e1cilmente llegar al r\u00edo Don Diego.&nbsp;Aunque no es tan conocido como otros r\u00edos de la regi\u00f3n, el Don Diego tiene una importancia ecol\u00f3gica y cultural profunda. A lo largo del trayecto, las brisas relajantes envuelven a cualquiera.<\/p>\n\n\n\n<p class=\"has-medium-font-size\">El r\u00edo Don Diego nace en la Sierra Nevada y conserva gran parte de su entorno natural. Al llegar al punto de descanso, hay espacio para ba\u00f1arse, tomarse fotograf\u00edas o simplemente reconectar con la naturaleza.<\/p>\n\n\n\n<h2 class=\"wp-block-heading has-text-align-center has-text-color has-link-color wp-elements-edd6bfc3eccf30da9b7df01ae7fbfaad\" style=\"color:#185311;font-size:28px\"><strong>Pasad\u00eda&nbsp;con Combarranquilla<\/strong><\/h2>\n\n\n\n<p class=\"has-medium-font-size\">El <em>21 de septiembre,<\/em> Combarranquilla te llevar\u00e1 a conocer Buritaca y el r\u00edo Don Diego. Esta es una invitaci\u00f3n a reconocer que, a veces, el mejor paisaje est\u00e1 justo bajo nuestros ojos, donde el r\u00edo se detiene, el mar habla&nbsp;y el cuerpo respira.<\/p>\n\n\n\n<p class=\"has-medium-font-size\">Conoce qu\u00e9 incluye este plan y el&nbsp;itinerario&nbsp;del que podr\u00e1s disfrutar.<\/p>\n\n\n\n<div class=\"wp-block-columns is-layout-flex wp-container-core-columns-is-layout-9d6595d7 wp-block-columns-is-layout-flex\">\n<div class=\"wp-block-column is-layout-flow wp-block-column-is-layout-flow\">\n<figure class=\"wp-block-image size-large\"><img decoding=\"async\" width=\"819\" height=\"1024\" data-src=\"https:\/\/tuguia.combarranquilla.co\/Revista\/wp-content\/uploads\/2025\/07\/AMOR-Y-AMISTAD-EN-BURITACA-819x1024.jpg\" alt=\"\" class=\"wp-image-6930 lazyload\" data-srcset=\"https:\/\/tuguia.combarranquilla.co\/Revista\/wp-content\/uploads\/2025\/07\/AMOR-Y-AMISTAD-EN-BURITACA-819x1024.jpg 819w, https:\/\/tuguia.combarranquilla.co\/Revista\/wp-content\/uploads\/2025\/07\/AMOR-Y-AMISTAD-EN-BURITACA-240x300.jpg 240w, https:\/\/tuguia.combarranquilla.co\/Revista\/wp-content\/uploads\/2025\/07\/AMOR-Y-AMISTAD-EN-BURITACA-768x960.jpg 768w, https:\/\/tuguia.combarranquilla.co\/Revista\/wp-content\/uploads\/2025\/07\/AMOR-Y-AMISTAD-EN-BURITACA-1229x1536.jpg 1229w, https:\/\/tuguia.combarranquilla.co\/Revista\/wp-content\/uploads\/2025\/07\/AMOR-Y-AMISTAD-EN-BURITACA-1638x2048.jpg 1638w, https:\/\/tuguia.combarranquilla.co\/Revista\/wp-content\/uploads\/2025\/07\/AMOR-Y-AMISTAD-EN-BURITACA-scaled.jpg 2048w\" data-sizes=\"(max-width: 819px) 100vw, 819px\" src=\"data:image\/svg+xml;base64,PHN2ZyB3aWR0aD0iMSIgaGVpZ2h0PSIxIiB4bWxucz0iaHR0cDovL3d3dy53My5vcmcvMjAwMC9zdmciPjwvc3ZnPg==\" style=\"--smush-placeholder-width: 819px; --smush-placeholder-aspect-ratio: 819\/1024;\" \/><\/figure>\n<\/div>\n\n\n\n<div class=\"wp-block-column is-layout-flow wp-block-column-is-layout-flow\">\n<figure class=\"wp-block-image size-large\"><img decoding=\"async\" width=\"820\" height=\"1024\" data-src=\"https:\/\/tuguia.combarranquilla.co\/Revista\/wp-content\/uploads\/2025\/07\/526654456_1152755996884989_2532622768249583995_n-820x1024.jpg\" alt=\"\" class=\"wp-image-7435 lazyload\" data-srcset=\"https:\/\/tuguia.combarranquilla.co\/Revista\/wp-content\/uploads\/2025\/07\/526654456_1152755996884989_2532622768249583995_n-820x1024.jpg 820w, https:\/\/tuguia.combarranquilla.co\/Revista\/wp-content\/uploads\/2025\/07\/526654456_1152755996884989_2532622768249583995_n-240x300.jpg 240w, https:\/\/tuguia.combarranquilla.co\/Revista\/wp-content\/uploads\/2025\/07\/526654456_1152755996884989_2532622768249583995_n-768x960.jpg 768w, https:\/\/tuguia.combarranquilla.co\/Revista\/wp-content\/uploads\/2025\/07\/526654456_1152755996884989_2532622768249583995_n-1229x1536.jpg 1229w, https:\/\/tuguia.combarranquilla.co\/Revista\/wp-content\/uploads\/2025\/07\/526654456_1152755996884989_2532622768249583995_n.jpg 1639w\" data-sizes=\"(max-width: 820px) 100vw, 820px\" src=\"data:image\/svg+xml;base64,PHN2ZyB3aWR0aD0iMSIgaGVpZ2h0PSIxIiB4bWxucz0iaHR0cDovL3d3dy53My5vcmcvMjAwMC9zdmciPjwvc3ZnPg==\" style=\"--smush-placeholder-width: 820px; --smush-placeholder-aspect-ratio: 820\/1024;\" \/><\/figure>\n<\/div>\n<\/div>\n\n\n\n<p class=\"has-medium-font-size\">Te recomendamos:<\/p>\n\n\n\n<div class=\"wp-block-group is-vertical is-layout-flex wp-container-core-group-is-layout-8cf370e7 wp-block-group-is-layout-flex\">\n<ul class=\"wp-block-list has-medium-font-size\">\n<li>Usar&nbsp;ropa ligera y c\u00f3moda.<\/li>\n<\/ul>\n\n\n\n<ul class=\"wp-block-list has-medium-font-size\">\n<li>Llevar traje de ba\u00f1o y toalla.<\/li>\n<\/ul>\n\n\n\n<ul class=\"wp-block-list has-medium-font-size\">\n<li>No llevar envases de vidrio.<\/li>\n<\/ul>\n\n\n\n<ul class=\"wp-block-list has-medium-font-size\">\n<li>Utilizar bloqueador solar.<\/li>\n<\/ul>\n\n\n\n<ul class=\"wp-block-list has-medium-font-size\">\n<li>Respetar los senderos naturales.<\/li>\n<\/ul>\n<\/div>\n\n\n\n<p><\/p>\n\n\n\n<p class=\"has-medium-font-size\">Los paisajes colombianos nos dan la oportunidad de apreciar lo propio. Este recorrido, que comienza en Buritaca y se adentra hasta el r\u00edo Don Diego, ser\u00e1 una experiencia inolvidable. Quien busca paz y calidad, las encuentra&nbsp;con este pasad\u00eda. \u00bfQu\u00e9 esperas para volver a sentir?<\/p>\n","protected":false},"excerpt":{"rendered":"<p>Santa Marta es una ciudad con destinos por explorar. M\u00e1s all\u00e1 de sus playas conocidas, hay lugares que invitan a mirar con otros ojos y a dejarse sorprender. Uno de ellos es Buritaca, un pueblo costero cuyo r\u00edo desemboca en el mar Caribe. Buritaca: donde el r\u00edo toca el mar Buritaca es un peque\u00f1o corregimiento [&hellip;]<\/p>\n","protected":false},"author":2,"featured_media":6926,"comment_status":"open","ping_status":"open","sticky":false,"template":"","format":"standard","meta":{"inline_featured_image":false,"footnotes":""},"categories":[1],"tags":[],"class_list":["post-6924","post","type-post","status-publish","format-standard","has-post-thumbnail","hentry","category-entretenimiento"],"yoast_head":"<!-- This site is optimized with the Yoast SEO plugin v27.4 - https:\/\/yoast.com\/product\/yoast-seo-wordpress\/ -->\n<title>Buritaca y r\u00edo Don Diego: el doble tesoro de Santa Marta en un d\u00eda - Tu Gu\u00eda<\/title>\n<meta name=\"robots\" content=\"index, follow, max-snippet:-1, max-image-preview:large, max-video-preview:-1\" \/>\n<link rel=\"canonical\" href=\"https:\/\/tuguia.combarranquilla.co\/Revista\/buritaca-y-rio-don-diego-el-doble-tesoro-de-santa-marta-en-un-dia\/\" \/>\n<meta property=\"og:locale\" content=\"es_ES\" \/>\n<meta property=\"og:type\" content=\"article\" \/>\n<meta property=\"og:title\" content=\"Buritaca y r\u00edo Don Diego: el doble tesoro de Santa Marta en un d\u00eda - Tu Gu\u00eda\" \/>\n<meta property=\"og:description\" content=\"Santa Marta es una ciudad con destinos por explorar. M\u00e1s all\u00e1 de sus playas conocidas, hay lugares que invitan a mirar con otros ojos y a dejarse sorprender. Uno de ellos es Buritaca, un pueblo costero cuyo r\u00edo desemboca en el mar Caribe. Buritaca: donde el r\u00edo toca el mar Buritaca es un peque\u00f1o corregimiento [&hellip;]\" \/>\n<meta property=\"og:url\" content=\"https:\/\/tuguia.combarranquilla.co\/Revista\/buritaca-y-rio-don-diego-el-doble-tesoro-de-santa-marta-en-un-dia\/\" \/>\n<meta property=\"og:site_name\" content=\"Tu Gu\u00eda\" \/>\n<meta property=\"article:published_time\" content=\"2025-07-01T16:19:41+00:00\" \/>\n<meta property=\"article:modified_time\" content=\"2025-09-16T13:49:05+00:00\" \/>\n<meta property=\"og:image\" content=\"https:\/\/tuguia.combarranquilla.co\/Revista\/wp-content\/uploads\/2025\/07\/Revista-Combarranquilla-2-1024x512.png\" \/>\n\t<meta property=\"og:image:width\" content=\"1024\" \/>\n\t<meta property=\"og:image:height\" content=\"512\" \/>\n\t<meta property=\"og:image:type\" content=\"image\/png\" \/>\n<meta name=\"author\" content=\"Comunicaciones Combarranquilla\" \/>\n<meta name=\"twitter:card\" content=\"summary_large_image\" \/>\n<meta name=\"twitter:label1\" content=\"Escrito por\" \/>\n\t<meta name=\"twitter:data1\" content=\"Comunicaciones Combarranquilla\" \/>\n\t<meta name=\"twitter:label2\" content=\"Tiempo de lectura\" \/>\n\t<meta name=\"twitter:data2\" content=\"3 minutos\" \/>\n<script type=\"application\/ld+json\" class=\"yoast-schema-graph\">{\"@context\":\"https:\\\/\\\/schema.org\",\"@graph\":[{\"@type\":\"Article\",\"@id\":\"https:\\\/\\\/tuguia.combarranquilla.co\\\/Revista\\\/buritaca-y-rio-don-diego-el-doble-tesoro-de-santa-marta-en-un-dia\\\/#article\",\"isPartOf\":{\"@id\":\"https:\\\/\\\/tuguia.combarranquilla.co\\\/Revista\\\/buritaca-y-rio-don-diego-el-doble-tesoro-de-santa-marta-en-un-dia\\\/\"},\"author\":{\"name\":\"Comunicaciones Combarranquilla\",\"@id\":\"https:\\\/\\\/tuguia.combarranquilla.co\\\/Revista\\\/#\\\/schema\\\/person\\\/c2c396a77170bd1d5f8ba73294eb0d10\"},\"headline\":\"Buritaca y r\u00edo Don Diego: el doble tesoro de Santa Marta en un d\u00eda\",\"datePublished\":\"2025-07-01T16:19:41+00:00\",\"dateModified\":\"2025-09-16T13:49:05+00:00\",\"mainEntityOfPage\":{\"@id\":\"https:\\\/\\\/tuguia.combarranquilla.co\\\/Revista\\\/buritaca-y-rio-don-diego-el-doble-tesoro-de-santa-marta-en-un-dia\\\/\"},\"wordCount\":395,\"commentCount\":0,\"publisher\":{\"@id\":\"https:\\\/\\\/tuguia.combarranquilla.co\\\/Revista\\\/#organization\"},\"image\":{\"@id\":\"https:\\\/\\\/tuguia.combarranquilla.co\\\/Revista\\\/buritaca-y-rio-don-diego-el-doble-tesoro-de-santa-marta-en-un-dia\\\/#primaryimage\"},\"thumbnailUrl\":\"https:\\\/\\\/tuguia.combarranquilla.co\\\/Revista\\\/wp-content\\\/uploads\\\/2025\\\/07\\\/Revista-Combarranquilla-2-scaled.png\",\"articleSection\":[\"ENTRETENIMIENTO\"],\"inLanguage\":\"es-CO\",\"potentialAction\":[{\"@type\":\"CommentAction\",\"name\":\"Comment\",\"target\":[\"https:\\\/\\\/tuguia.combarranquilla.co\\\/Revista\\\/buritaca-y-rio-don-diego-el-doble-tesoro-de-santa-marta-en-un-dia\\\/#respond\"]}]},{\"@type\":\"WebPage\",\"@id\":\"https:\\\/\\\/tuguia.combarranquilla.co\\\/Revista\\\/buritaca-y-rio-don-diego-el-doble-tesoro-de-santa-marta-en-un-dia\\\/\",\"url\":\"https:\\\/\\\/tuguia.combarranquilla.co\\\/Revista\\\/buritaca-y-rio-don-diego-el-doble-tesoro-de-santa-marta-en-un-dia\\\/\",\"name\":\"Buritaca y r\u00edo Don Diego: el doble tesoro de Santa Marta en un d\u00eda - Tu Gu\u00eda\",\"isPartOf\":{\"@id\":\"https:\\\/\\\/tuguia.combarranquilla.co\\\/Revista\\\/#website\"},\"primaryImageOfPage\":{\"@id\":\"https:\\\/\\\/tuguia.combarranquilla.co\\\/Revista\\\/buritaca-y-rio-don-diego-el-doble-tesoro-de-santa-marta-en-un-dia\\\/#primaryimage\"},\"image\":{\"@id\":\"https:\\\/\\\/tuguia.combarranquilla.co\\\/Revista\\\/buritaca-y-rio-don-diego-el-doble-tesoro-de-santa-marta-en-un-dia\\\/#primaryimage\"},\"thumbnailUrl\":\"https:\\\/\\\/tuguia.combarranquilla.co\\\/Revista\\\/wp-content\\\/uploads\\\/2025\\\/07\\\/Revista-Combarranquilla-2-scaled.png\",\"datePublished\":\"2025-07-01T16:19:41+00:00\",\"dateModified\":\"2025-09-16T13:49:05+00:00\",\"breadcrumb\":{\"@id\":\"https:\\\/\\\/tuguia.combarranquilla.co\\\/Revista\\\/buritaca-y-rio-don-diego-el-doble-tesoro-de-santa-marta-en-un-dia\\\/#breadcrumb\"},\"inLanguage\":\"es-CO\",\"potentialAction\":[{\"@type\":\"ReadAction\",\"target\":[\"https:\\\/\\\/tuguia.combarranquilla.co\\\/Revista\\\/buritaca-y-rio-don-diego-el-doble-tesoro-de-santa-marta-en-un-dia\\\/\"]}]},{\"@type\":\"ImageObject\",\"inLanguage\":\"es-CO\",\"@id\":\"https:\\\/\\\/tuguia.combarranquilla.co\\\/Revista\\\/buritaca-y-rio-don-diego-el-doble-tesoro-de-santa-marta-en-un-dia\\\/#primaryimage\",\"url\":\"https:\\\/\\\/tuguia.combarranquilla.co\\\/Revista\\\/wp-content\\\/uploads\\\/2025\\\/07\\\/Revista-Combarranquilla-2-scaled.png\",\"contentUrl\":\"https:\\\/\\\/tuguia.combarranquilla.co\\\/Revista\\\/wp-content\\\/uploads\\\/2025\\\/07\\\/Revista-Combarranquilla-2-scaled.png\",\"width\":2560,\"height\":1280},{\"@type\":\"BreadcrumbList\",\"@id\":\"https:\\\/\\\/tuguia.combarranquilla.co\\\/Revista\\\/buritaca-y-rio-don-diego-el-doble-tesoro-de-santa-marta-en-un-dia\\\/#breadcrumb\",\"itemListElement\":[{\"@type\":\"ListItem\",\"position\":1,\"name\":\"Inicio\",\"item\":\"https:\\\/\\\/tuguia.combarranquilla.co\\\/Revista\\\/\"},{\"@type\":\"ListItem\",\"position\":2,\"name\":\"Buritaca y r\u00edo Don Diego: el doble tesoro de Santa Marta en un d\u00eda\"}]},{\"@type\":\"WebSite\",\"@id\":\"https:\\\/\\\/tuguia.combarranquilla.co\\\/Revista\\\/#website\",\"url\":\"https:\\\/\\\/tuguia.combarranquilla.co\\\/Revista\\\/\",\"name\":\"Tu Gu\u00eda\",\"description\":\"La revista donde lo tienes todo.\",\"publisher\":{\"@id\":\"https:\\\/\\\/tuguia.combarranquilla.co\\\/Revista\\\/#organization\"},\"alternateName\":\"Tu Gu\u00eda Combarranquilla\",\"potentialAction\":[{\"@type\":\"SearchAction\",\"target\":{\"@type\":\"EntryPoint\",\"urlTemplate\":\"https:\\\/\\\/tuguia.combarranquilla.co\\\/Revista\\\/?s={search_term_string}\"},\"query-input\":{\"@type\":\"PropertyValueSpecification\",\"valueRequired\":true,\"valueName\":\"search_term_string\"}}],\"inLanguage\":\"es-CO\"},{\"@type\":\"Organization\",\"@id\":\"https:\\\/\\\/tuguia.combarranquilla.co\\\/Revista\\\/#organization\",\"name\":\"Tu Gu\u00eda Combarranquilla\",\"url\":\"https:\\\/\\\/tuguia.combarranquilla.co\\\/Revista\\\/\",\"logo\":{\"@type\":\"ImageObject\",\"inLanguage\":\"es-CO\",\"@id\":\"https:\\\/\\\/tuguia.combarranquilla.co\\\/Revista\\\/#\\\/schema\\\/logo\\\/image\\\/\",\"url\":\"https:\\\/\\\/tuguia.combarranquilla.co\\\/Revista\\\/wp-content\\\/uploads\\\/2022\\\/02\\\/logo-guia-combarranquilla.svg\",\"contentUrl\":\"https:\\\/\\\/tuguia.combarranquilla.co\\\/Revista\\\/wp-content\\\/uploads\\\/2022\\\/02\\\/logo-guia-combarranquilla.svg\",\"caption\":\"Tu Gu\u00eda Combarranquilla\"},\"image\":{\"@id\":\"https:\\\/\\\/tuguia.combarranquilla.co\\\/Revista\\\/#\\\/schema\\\/logo\\\/image\\\/\"}},{\"@type\":\"Person\",\"@id\":\"https:\\\/\\\/tuguia.combarranquilla.co\\\/Revista\\\/#\\\/schema\\\/person\\\/c2c396a77170bd1d5f8ba73294eb0d10\",\"name\":\"Comunicaciones Combarranquilla\",\"image\":{\"@type\":\"ImageObject\",\"inLanguage\":\"es-CO\",\"@id\":\"https:\\\/\\\/tuguia.combarranquilla.co\\\/Revista\\\/wp-content\\\/uploads\\\/2025\\\/05\\\/ABC-Al-Rojo-Logo-96x96.jpg\",\"url\":\"https:\\\/\\\/tuguia.combarranquilla.co\\\/Revista\\\/wp-content\\\/uploads\\\/2025\\\/05\\\/ABC-Al-Rojo-Logo-96x96.jpg\",\"contentUrl\":\"https:\\\/\\\/tuguia.combarranquilla.co\\\/Revista\\\/wp-content\\\/uploads\\\/2025\\\/05\\\/ABC-Al-Rojo-Logo-96x96.jpg\",\"caption\":\"Comunicaciones Combarranquilla\"},\"sameAs\":[\"https:\\\/\\\/www.combarranquilla.co\"],\"url\":\"https:\\\/\\\/tuguia.combarranquilla.co\\\/Revista\\\/author\\\/comunicaciones\\\/\"}]}<\/script>\n<!-- \/ Yoast SEO plugin. -->","yoast_head_json":{"title":"Buritaca y r\u00edo Don Diego: el doble tesoro de Santa Marta en un d\u00eda - Tu Gu\u00eda","robots":{"index":"index","follow":"follow","max-snippet":"max-snippet:-1","max-image-preview":"max-image-preview:large","max-video-preview":"max-video-preview:-1"},"canonical":"https:\/\/tuguia.combarranquilla.co\/Revista\/buritaca-y-rio-don-diego-el-doble-tesoro-de-santa-marta-en-un-dia\/","og_locale":"es_ES","og_type":"article","og_title":"Buritaca y r\u00edo Don Diego: el doble tesoro de Santa Marta en un d\u00eda - Tu Gu\u00eda","og_description":"Santa Marta es una ciudad con destinos por explorar. M\u00e1s all\u00e1 de sus playas conocidas, hay lugares que invitan a mirar con otros ojos y a dejarse sorprender. Uno de ellos es Buritaca, un pueblo costero cuyo r\u00edo desemboca en el mar Caribe. Buritaca: donde el r\u00edo toca el mar Buritaca es un peque\u00f1o corregimiento [&hellip;]","og_url":"https:\/\/tuguia.combarranquilla.co\/Revista\/buritaca-y-rio-don-diego-el-doble-tesoro-de-santa-marta-en-un-dia\/","og_site_name":"Tu Gu\u00eda","article_published_time":"2025-07-01T16:19:41+00:00","article_modified_time":"2025-09-16T13:49:05+00:00","og_image":[{"width":1024,"height":512,"url":"https:\/\/tuguia.combarranquilla.co\/Revista\/wp-content\/uploads\/2025\/07\/Revista-Combarranquilla-2-1024x512.png","type":"image\/png"}],"author":"Comunicaciones Combarranquilla","twitter_card":"summary_large_image","twitter_misc":{"Escrito por":"Comunicaciones Combarranquilla","Tiempo de lectura":"3 minutos"},"schema":{"@context":"https:\/\/schema.org","@graph":[{"@type":"Article","@id":"https:\/\/tuguia.combarranquilla.co\/Revista\/buritaca-y-rio-don-diego-el-doble-tesoro-de-santa-marta-en-un-dia\/#article","isPartOf":{"@id":"https:\/\/tuguia.combarranquilla.co\/Revista\/buritaca-y-rio-don-diego-el-doble-tesoro-de-santa-marta-en-un-dia\/"},"author":{"name":"Comunicaciones Combarranquilla","@id":"https:\/\/tuguia.combarranquilla.co\/Revista\/#\/schema\/person\/c2c396a77170bd1d5f8ba73294eb0d10"},"headline":"Buritaca y r\u00edo Don Diego: el doble tesoro de Santa Marta en un d\u00eda","datePublished":"2025-07-01T16:19:41+00:00","dateModified":"2025-09-16T13:49:05+00:00","mainEntityOfPage":{"@id":"https:\/\/tuguia.combarranquilla.co\/Revista\/buritaca-y-rio-don-diego-el-doble-tesoro-de-santa-marta-en-un-dia\/"},"wordCount":395,"commentCount":0,"publisher":{"@id":"https:\/\/tuguia.combarranquilla.co\/Revista\/#organization"},"image":{"@id":"https:\/\/tuguia.combarranquilla.co\/Revista\/buritaca-y-rio-don-diego-el-doble-tesoro-de-santa-marta-en-un-dia\/#primaryimage"},"thumbnailUrl":"https:\/\/tuguia.combarranquilla.co\/Revista\/wp-content\/uploads\/2025\/07\/Revista-Combarranquilla-2-scaled.png","articleSection":["ENTRETENIMIENTO"],"inLanguage":"es-CO","potentialAction":[{"@type":"CommentAction","name":"Comment","target":["https:\/\/tuguia.combarranquilla.co\/Revista\/buritaca-y-rio-don-diego-el-doble-tesoro-de-santa-marta-en-un-dia\/#respond"]}]},{"@type":"WebPage","@id":"https:\/\/tuguia.combarranquilla.co\/Revista\/buritaca-y-rio-don-diego-el-doble-tesoro-de-santa-marta-en-un-dia\/","url":"https:\/\/tuguia.combarranquilla.co\/Revista\/buritaca-y-rio-don-diego-el-doble-tesoro-de-santa-marta-en-un-dia\/","name":"Buritaca y r\u00edo Don Diego: el doble tesoro de Santa Marta en un d\u00eda - Tu Gu\u00eda","isPartOf":{"@id":"https:\/\/tuguia.combarranquilla.co\/Revista\/#website"},"primaryImageOfPage":{"@id":"https:\/\/tuguia.combarranquilla.co\/Revista\/buritaca-y-rio-don-diego-el-doble-tesoro-de-santa-marta-en-un-dia\/#primaryimage"},"image":{"@id":"https:\/\/tuguia.combarranquilla.co\/Revista\/buritaca-y-rio-don-diego-el-doble-tesoro-de-santa-marta-en-un-dia\/#primaryimage"},"thumbnailUrl":"https:\/\/tuguia.combarranquilla.co\/Revista\/wp-content\/uploads\/2025\/07\/Revista-Combarranquilla-2-scaled.png","datePublished":"2025-07-01T16:19:41+00:00","dateModified":"2025-09-16T13:49:05+00:00","breadcrumb":{"@id":"https:\/\/tuguia.combarranquilla.co\/Revista\/buritaca-y-rio-don-diego-el-doble-tesoro-de-santa-marta-en-un-dia\/#breadcrumb"},"inLanguage":"es-CO","potentialAction":[{"@type":"ReadAction","target":["https:\/\/tuguia.combarranquilla.co\/Revista\/buritaca-y-rio-don-diego-el-doble-tesoro-de-santa-marta-en-un-dia\/"]}]},{"@type":"ImageObject","inLanguage":"es-CO","@id":"https:\/\/tuguia.combarranquilla.co\/Revista\/buritaca-y-rio-don-diego-el-doble-tesoro-de-santa-marta-en-un-dia\/#primaryimage","url":"https:\/\/tuguia.combarranquilla.co\/Revista\/wp-content\/uploads\/2025\/07\/Revista-Combarranquilla-2-scaled.png","contentUrl":"https:\/\/tuguia.combarranquilla.co\/Revista\/wp-content\/uploads\/2025\/07\/Revista-Combarranquilla-2-scaled.png","width":2560,"height":1280},{"@type":"BreadcrumbList","@id":"https:\/\/tuguia.combarranquilla.co\/Revista\/buritaca-y-rio-don-diego-el-doble-tesoro-de-santa-marta-en-un-dia\/#breadcrumb","itemListElement":[{"@type":"ListItem","position":1,"name":"Inicio","item":"https:\/\/tuguia.combarranquilla.co\/Revista\/"},{"@type":"ListItem","position":2,"name":"Buritaca y r\u00edo Don Diego: el doble tesoro de Santa Marta en un d\u00eda"}]},{"@type":"WebSite","@id":"https:\/\/tuguia.combarranquilla.co\/Revista\/#website","url":"https:\/\/tuguia.combarranquilla.co\/Revista\/","name":"Tu Gu\u00eda","description":"La revista donde lo tienes todo.","publisher":{"@id":"https:\/\/tuguia.combarranquilla.co\/Revista\/#organization"},"alternateName":"Tu Gu\u00eda Combarranquilla","potentialAction":[{"@type":"SearchAction","target":{"@type":"EntryPoint","urlTemplate":"https:\/\/tuguia.combarranquilla.co\/Revista\/?s={search_term_string}"},"query-input":{"@type":"PropertyValueSpecification","valueRequired":true,"valueName":"search_term_string"}}],"inLanguage":"es-CO"},{"@type":"Organization","@id":"https:\/\/tuguia.combarranquilla.co\/Revista\/#organization","name":"Tu Gu\u00eda Combarranquilla","url":"https:\/\/tuguia.combarranquilla.co\/Revista\/","logo":{"@type":"ImageObject","inLanguage":"es-CO","@id":"https:\/\/tuguia.combarranquilla.co\/Revista\/#\/schema\/logo\/image\/","url":"https:\/\/tuguia.combarranquilla.co\/Revista\/wp-content\/uploads\/2022\/02\/logo-guia-combarranquilla.svg","contentUrl":"https:\/\/tuguia.combarranquilla.co\/Revista\/wp-content\/uploads\/2022\/02\/logo-guia-combarranquilla.svg","caption":"Tu Gu\u00eda Combarranquilla"},"image":{"@id":"https:\/\/tuguia.combarranquilla.co\/Revista\/#\/schema\/logo\/image\/"}},{"@type":"Person","@id":"https:\/\/tuguia.combarranquilla.co\/Revista\/#\/schema\/person\/c2c396a77170bd1d5f8ba73294eb0d10","name":"Comunicaciones Combarranquilla","image":{"@type":"ImageObject","inLanguage":"es-CO","@id":"https:\/\/tuguia.combarranquilla.co\/Revista\/wp-content\/uploads\/2025\/05\/ABC-Al-Rojo-Logo-96x96.jpg","url":"https:\/\/tuguia.combarranquilla.co\/Revista\/wp-content\/uploads\/2025\/05\/ABC-Al-Rojo-Logo-96x96.jpg","contentUrl":"https:\/\/tuguia.combarranquilla.co\/Revista\/wp-content\/uploads\/2025\/05\/ABC-Al-Rojo-Logo-96x96.jpg","caption":"Comunicaciones Combarranquilla"},"sameAs":["https:\/\/www.combarranquilla.co"],"url":"https:\/\/tuguia.combarranquilla.co\/Revista\/author\/comunicaciones\/"}]}},"_links":{"self":[{"href":"https:\/\/tuguia.combarranquilla.co\/Revista\/wp-json\/wp\/v2\/posts\/6924","targetHints":{"allow":["GET"]}}],"collection":[{"href":"https:\/\/tuguia.combarranquilla.co\/Revista\/wp-json\/wp\/v2\/posts"}],"about":[{"href":"https:\/\/tuguia.combarranquilla.co\/Revista\/wp-json\/wp\/v2\/types\/post"}],"author":[{"embeddable":true,"href":"https:\/\/tuguia.combarranquilla.co\/Revista\/wp-json\/wp\/v2\/users\/2"}],"replies":[{"embeddable":true,"href":"https:\/\/tuguia.combarranquilla.co\/Revista\/wp-json\/wp\/v2\/comments?post=6924"}],"version-history":[{"count":13,"href":"https:\/\/tuguia.combarranquilla.co\/Revista\/wp-json\/wp\/v2\/posts\/6924\/revisions"}],"predecessor-version":[{"id":7705,"href":"https:\/\/tuguia.combarranquilla.co\/Revista\/wp-json\/wp\/v2\/posts\/6924\/revisions\/7705"}],"wp:featuredmedia":[{"embeddable":true,"href":"https:\/\/tuguia.combarranquilla.co\/Revista\/wp-json\/wp\/v2\/media\/6926"}],"wp:attachment":[{"href":"https:\/\/tuguia.combarranquilla.co\/Revista\/wp-json\/wp\/v2\/media?parent=6924"}],"wp:term":[{"taxonomy":"category","embeddable":true,"href":"https:\/\/tuguia.combarranquilla.co\/Revista\/wp-json\/wp\/v2\/categories?post=6924"},{"taxonomy":"post_tag","embeddable":true,"href":"https:\/\/tuguia.combarranquilla.co\/Revista\/wp-json\/wp\/v2\/tags?post=6924"}],"curies":[{"name":"wp","href":"https:\/\/api.w.org\/{rel}","templated":true}]}}