{"id":6968,"date":"2025-07-01T11:19:12","date_gmt":"2025-07-01T16:19:12","guid":{"rendered":"https:\/\/tuguia.combarranquilla.co\/Revista\/?p=6968"},"modified":"2025-07-01T15:53:44","modified_gmt":"2025-07-01T20:53:44","slug":"214-estudiantes-del-centro-de-formacion-combarranquilla-recibieron-sus-certificados-de-los-programas-tecnicos-laborales","status":"publish","type":"post","link":"https:\/\/tuguia.combarranquilla.co\/Revista\/214-estudiantes-del-centro-de-formacion-combarranquilla-recibieron-sus-certificados-de-los-programas-tecnicos-laborales\/","title":{"rendered":"214 estudiantes del Centro de Formaci\u00f3n Combarranquilla se certificaron en Programas T\u00e9cnicos Laborales"},"content":{"rendered":"\n<p><em><strong>La <\/strong><\/em><strong><em>Unidad Boston de Combarranquilla recibi\u00f3 a 214 graduandos en la ceremonia de certificaci\u00f3n de T\u00e9cnicos Laborales. <\/em><\/strong><em><strong>Un evento que marc\u00f3 el inicio de una nueva etapa llena de futuros prometedores.<\/strong><\/em><\/p>\n\n\n\n<p>En la tarde del 25 de junio, 214 estudiantes del Centro de Formaci\u00f3n Combarranquilla recibieron sus t\u00edtulos como T\u00e9cnicos Laborales por Competencia en los siguientes programas:<\/p>\n\n\n\n<div class=\"wp-block-group is-vertical is-layout-flex wp-container-core-group-is-layout-8cf370e7 wp-block-group-is-layout-flex\">\n<ul class=\"wp-block-list\">\n<li>Auxiliar de Aduanas<\/li>\n<\/ul>\n\n\n\n<ul class=\"wp-block-list\">\n<li>Auxiliar Agente de Viajes<\/li>\n<\/ul>\n\n\n\n<ul class=\"wp-block-list\">\n<li>Auxiliar en Almac\u00e9n y Bodegaje<\/li>\n<\/ul>\n\n\n\n<ul class=\"wp-block-list\">\n<li>Auxiliar de Cocina<\/li>\n<\/ul>\n\n\n\n<ul class=\"wp-block-list\">\n<li>Contact Center<\/li>\n<\/ul>\n\n\n\n<ul class=\"wp-block-list\">\n<li>Auxiliar Contable y Financiero<\/li>\n<\/ul>\n\n\n\n<ul class=\"wp-block-list\">\n<li>Auxiliar Administrativo<\/li>\n<\/ul>\n\n\n\n<ul class=\"wp-block-list\">\n<li>Auxiliar en Mercadeo y Ventas<\/li>\n<\/ul>\n\n\n\n<ul class=\"wp-block-list\">\n<li>Auxiliar de Recursos Humanos<\/li>\n<\/ul>\n\n\n\n<ul class=\"wp-block-list\">\n<li>Auxiliar en Panader\u00eda y Pasteler\u00eda<\/li>\n<\/ul>\n<\/div>\n\n\n\n<p><\/p>\n\n\n<div class=\"wp-block-image\">\n<figure class=\"aligncenter size-large is-resized\"><img decoding=\"async\" width=\"2560\" height=\"1439\" data-src=\"https:\/\/tuguia.combarranquilla.co\/Revista\/wp-content\/uploads\/2025\/06\/DSC9878-edited-scaled.jpg\" alt=\"\" class=\"wp-image-6971 lazyload\" style=\"--smush-placeholder-width: 2560px; --smush-placeholder-aspect-ratio: 2560\/1439;width:708px;height:auto\" data-srcset=\"https:\/\/tuguia.combarranquilla.co\/Revista\/wp-content\/uploads\/2025\/06\/DSC9878-edited-scaled.jpg 2560w, https:\/\/tuguia.combarranquilla.co\/Revista\/wp-content\/uploads\/2025\/06\/DSC9878-edited-300x169.jpg 300w, https:\/\/tuguia.combarranquilla.co\/Revista\/wp-content\/uploads\/2025\/06\/DSC9878-edited-1024x576.jpg 1024w, https:\/\/tuguia.combarranquilla.co\/Revista\/wp-content\/uploads\/2025\/06\/DSC9878-edited-768x432.jpg 768w, https:\/\/tuguia.combarranquilla.co\/Revista\/wp-content\/uploads\/2025\/06\/DSC9878-edited-1536x863.jpg 1536w, https:\/\/tuguia.combarranquilla.co\/Revista\/wp-content\/uploads\/2025\/06\/DSC9878-edited-2048x1151.jpg 2048w\" data-sizes=\"(max-width: 2560px) 100vw, 2560px\" src=\"data:image\/svg+xml;base64,PHN2ZyB3aWR0aD0iMSIgaGVpZ2h0PSIxIiB4bWxucz0iaHR0cDovL3d3dy53My5vcmcvMjAwMC9zdmciPjwvc3ZnPg==\" \/><\/figure><\/div>\n\n\n<p>La ceremonia se llev\u00f3 a cabo en un ambiente de celebraci\u00f3n y orgullo. Familiares, docentes y directivos de Combarranquilla se reunieron para acompa\u00f1ar a los nuevos t\u00e9cnicos en un momento que fue el s\u00edmbolo de nuevas oportunidades.<\/p>\n\n\n\n<p>El acto inici\u00f3 con la entonaci\u00f3n del himno nacional de Colombia y el himno de Barranquilla, y continu\u00f3 con palabras del Dr. Ernesto Herrera Diazgranados, director de Combarranquilla. En su discurso, Herrera&nbsp;destac\u00f3 el impacto social del proceso formativo de los estudiantes. &#8220;Nos llena de orgullo saber que muchos de nuestros egresados est\u00e1n afuera logrando sus sue\u00f1os y transformando las vidas de sus familias&#8221;, expres\u00f3 en su intervenci\u00f3n.<\/p>\n\n\n\n<div class=\"wp-block-columns is-layout-flex wp-container-core-columns-is-layout-9d6595d7 wp-block-columns-is-layout-flex\">\n<div class=\"wp-block-column is-layout-flow wp-block-column-is-layout-flow\"><div class=\"wp-block-image\">\n<figure class=\"aligncenter size-large is-resized\"><img decoding=\"async\" width=\"2560\" height=\"2560\" data-src=\"https:\/\/tuguia.combarranquilla.co\/Revista\/wp-content\/uploads\/2025\/06\/DSC9907-1-edited-scaled.jpg\" alt=\"\" class=\"wp-image-6978 lazyload\" style=\"--smush-placeholder-width: 2560px; --smush-placeholder-aspect-ratio: 2560\/2560;width:381px;height:auto\" data-srcset=\"https:\/\/tuguia.combarranquilla.co\/Revista\/wp-content\/uploads\/2025\/06\/DSC9907-1-edited-scaled.jpg 2560w, https:\/\/tuguia.combarranquilla.co\/Revista\/wp-content\/uploads\/2025\/06\/DSC9907-1-edited-300x300.jpg 300w, https:\/\/tuguia.combarranquilla.co\/Revista\/wp-content\/uploads\/2025\/06\/DSC9907-1-edited-1024x1024.jpg 1024w, https:\/\/tuguia.combarranquilla.co\/Revista\/wp-content\/uploads\/2025\/06\/DSC9907-1-edited-150x150.jpg 150w, https:\/\/tuguia.combarranquilla.co\/Revista\/wp-content\/uploads\/2025\/06\/DSC9907-1-edited-768x768.jpg 768w, https:\/\/tuguia.combarranquilla.co\/Revista\/wp-content\/uploads\/2025\/06\/DSC9907-1-edited-1536x1536.jpg 1536w, https:\/\/tuguia.combarranquilla.co\/Revista\/wp-content\/uploads\/2025\/06\/DSC9907-1-edited-2048x2048.jpg 2048w\" data-sizes=\"(max-width: 2560px) 100vw, 2560px\" src=\"data:image\/svg+xml;base64,PHN2ZyB3aWR0aD0iMSIgaGVpZ2h0PSIxIiB4bWxucz0iaHR0cDovL3d3dy53My5vcmcvMjAwMC9zdmciPjwvc3ZnPg==\" \/><\/figure><\/div><\/div>\n\n\n\n<div class=\"wp-block-column is-layout-flow wp-block-column-is-layout-flow\"><div class=\"wp-block-image\">\n<figure class=\"aligncenter size-large is-resized\"><img decoding=\"async\" width=\"2560\" height=\"2560\" data-src=\"https:\/\/tuguia.combarranquilla.co\/Revista\/wp-content\/uploads\/2025\/06\/DSC9913-2-edited-scaled.jpg\" alt=\"\" class=\"wp-image-6977 lazyload\" style=\"--smush-placeholder-width: 2560px; --smush-placeholder-aspect-ratio: 2560\/2560;width:381px\" data-srcset=\"https:\/\/tuguia.combarranquilla.co\/Revista\/wp-content\/uploads\/2025\/06\/DSC9913-2-edited-scaled.jpg 2560w, https:\/\/tuguia.combarranquilla.co\/Revista\/wp-content\/uploads\/2025\/06\/DSC9913-2-edited-300x300.jpg 300w, https:\/\/tuguia.combarranquilla.co\/Revista\/wp-content\/uploads\/2025\/06\/DSC9913-2-edited-1024x1024.jpg 1024w, https:\/\/tuguia.combarranquilla.co\/Revista\/wp-content\/uploads\/2025\/06\/DSC9913-2-edited-150x150.jpg 150w, https:\/\/tuguia.combarranquilla.co\/Revista\/wp-content\/uploads\/2025\/06\/DSC9913-2-edited-768x768.jpg 768w, https:\/\/tuguia.combarranquilla.co\/Revista\/wp-content\/uploads\/2025\/06\/DSC9913-2-edited-1536x1536.jpg 1536w, https:\/\/tuguia.combarranquilla.co\/Revista\/wp-content\/uploads\/2025\/06\/DSC9913-2-edited-2048x2048.jpg 2048w\" data-sizes=\"(max-width: 2560px) 100vw, 2560px\" src=\"data:image\/svg+xml;base64,PHN2ZyB3aWR0aD0iMSIgaGVpZ2h0PSIxIiB4bWxucz0iaHR0cDovL3d3dy53My5vcmcvMjAwMC9zdmciPjwvc3ZnPg==\" \/><\/figure><\/div><\/div>\n<\/div>\n\n\n\n<p>Uno de los momentos m\u00e1s emotivos estuvo a cargo de la estudiante Sara Alejandra Rojas Arrieta, del T\u00e9cnico en Auxiliar Administrativo, quien comparti\u00f3 un mensaje con los presentes: &#8220;El Centro de Formaci\u00f3n fue una gu\u00eda, un respaldo, un espacio de oportunidades reales, donde fuimos valorados, escuchados y acompa\u00f1ados. Combarranquilla nos ofreci\u00f3 una educaci\u00f3n t\u00e9cnica con sentido, visi\u00f3n y prop\u00f3sito. Aqu\u00ed se nos form\u00f3 para el trabajo, pero tambi\u00e9n para la vida&#8221;.<\/p>\n\n\n\n<p>La jornada continu\u00f3 con la lectura de los certificados y su entrega oficial de acuerdo a los programas mencionados. Adem\u00e1s, hubo\u00a0un especial reconocimiento a los estudiantes m\u00e1s destacados por su excelencia acad\u00e9mica y desempe\u00f1o en su etapa productiva. La alegr\u00eda pod\u00eda verse en sus ojos, que sonre\u00edan al recibir sus diplomas.<\/p>\n\n\n<div class=\"wp-block-image\">\n<figure class=\"aligncenter size-large is-resized\"><img decoding=\"async\" width=\"1024\" height=\"683\" data-src=\"https:\/\/tuguia.combarranquilla.co\/Revista\/wp-content\/uploads\/2025\/06\/DSC0033-1024x683.jpg\" alt=\"\" class=\"wp-image-6979 lazyload\" style=\"--smush-placeholder-width: 1024px; --smush-placeholder-aspect-ratio: 1024\/683;width:729px;height:auto\" data-srcset=\"https:\/\/tuguia.combarranquilla.co\/Revista\/wp-content\/uploads\/2025\/06\/DSC0033-1024x683.jpg 1024w, https:\/\/tuguia.combarranquilla.co\/Revista\/wp-content\/uploads\/2025\/06\/DSC0033-300x200.jpg 300w, https:\/\/tuguia.combarranquilla.co\/Revista\/wp-content\/uploads\/2025\/06\/DSC0033-768x512.jpg 768w, https:\/\/tuguia.combarranquilla.co\/Revista\/wp-content\/uploads\/2025\/06\/DSC0033-1536x1024.jpg 1536w, https:\/\/tuguia.combarranquilla.co\/Revista\/wp-content\/uploads\/2025\/06\/DSC0033-2048x1365.jpg 2048w\" data-sizes=\"(max-width: 1024px) 100vw, 1024px\" src=\"data:image\/svg+xml;base64,PHN2ZyB3aWR0aD0iMSIgaGVpZ2h0PSIxIiB4bWxucz0iaHR0cDovL3d3dy53My5vcmcvMjAwMC9zdmciPjwvc3ZnPg==\" \/><\/figure><\/div>\n\n\n<p>El evento concluy\u00f3 con un brindis a cargo de la directora del Centro de Formaci\u00f3n, Sandra P\u00e1ez Gonz\u00e1lez, quien reiter\u00f3 el compromiso de la instituci\u00f3n con la formaci\u00f3n integral y el acompa\u00f1amiento permanente a sus egresados.<\/p>\n\n\n\n<p>Esta ceremonia no solo certific\u00f3 aprendizajes, sino que tambi\u00e9n celebr\u00f3 el poder transformador de la educaci\u00f3n t\u00e9cnica con sentido social. Trabajar por un futuro mejor es una labor conjunta que se construye con paciencia, confianza y bienestar.<\/p>\n","protected":false},"excerpt":{"rendered":"<p>La Unidad Boston de Combarranquilla recibi\u00f3 a 214 graduandos en la ceremonia de certificaci\u00f3n de T\u00e9cnicos Laborales. Un evento que marc\u00f3 el inicio de una nueva etapa llena de futuros prometedores. En la tarde del 25 de junio, 214 estudiantes del Centro de Formaci\u00f3n Combarranquilla recibieron sus t\u00edtulos como T\u00e9cnicos Laborales por Competencia en los [&hellip;]<\/p>\n","protected":false},"author":2,"featured_media":6969,"comment_status":"open","ping_status":"open","sticky":false,"template":"","format":"standard","meta":{"inline_featured_image":false,"footnotes":""},"categories":[8],"tags":[],"class_list":["post-6968","post","type-post","status-publish","format-standard","has-post-thumbnail","hentry","category-formacion"],"yoast_head":"<!-- This site is optimized with the Yoast SEO plugin v27.4 - https:\/\/yoast.com\/product\/yoast-seo-wordpress\/ -->\n<title>214 estudiantes del Centro de Formaci\u00f3n Combarranquilla se certificaron en Programas T\u00e9cnicos Laborales - Tu Gu\u00eda<\/title>\n<meta name=\"robots\" content=\"index, follow, max-snippet:-1, max-image-preview:large, max-video-preview:-1\" \/>\n<link rel=\"canonical\" href=\"https:\/\/tuguia.combarranquilla.co\/Revista\/214-estudiantes-del-centro-de-formacion-combarranquilla-recibieron-sus-certificados-de-los-programas-tecnicos-laborales\/\" \/>\n<meta property=\"og:locale\" content=\"es_ES\" \/>\n<meta property=\"og:type\" content=\"article\" \/>\n<meta property=\"og:title\" content=\"214 estudiantes del Centro de Formaci\u00f3n Combarranquilla se certificaron en Programas T\u00e9cnicos Laborales - Tu Gu\u00eda\" \/>\n<meta property=\"og:description\" content=\"La Unidad Boston de Combarranquilla recibi\u00f3 a 214 graduandos en la ceremonia de certificaci\u00f3n de T\u00e9cnicos Laborales. Un evento que marc\u00f3 el inicio de una nueva etapa llena de futuros prometedores. En la tarde del 25 de junio, 214 estudiantes del Centro de Formaci\u00f3n Combarranquilla recibieron sus t\u00edtulos como T\u00e9cnicos Laborales por Competencia en los [&hellip;]\" \/>\n<meta property=\"og:url\" content=\"https:\/\/tuguia.combarranquilla.co\/Revista\/214-estudiantes-del-centro-de-formacion-combarranquilla-recibieron-sus-certificados-de-los-programas-tecnicos-laborales\/\" \/>\n<meta property=\"og:site_name\" content=\"Tu Gu\u00eda\" \/>\n<meta property=\"article:published_time\" content=\"2025-07-01T16:19:12+00:00\" \/>\n<meta property=\"article:modified_time\" content=\"2025-07-01T20:53:44+00:00\" \/>\n<meta property=\"og:image\" content=\"https:\/\/tuguia.combarranquilla.co\/Revista\/wp-content\/uploads\/2025\/06\/Revista-Combarranquilla-7-1024x512.png\" \/>\n\t<meta property=\"og:image:width\" content=\"1024\" \/>\n\t<meta property=\"og:image:height\" content=\"512\" \/>\n\t<meta property=\"og:image:type\" content=\"image\/png\" \/>\n<meta name=\"author\" content=\"Comunicaciones Combarranquilla\" \/>\n<meta name=\"twitter:card\" content=\"summary_large_image\" \/>\n<meta name=\"twitter:label1\" content=\"Escrito por\" \/>\n\t<meta name=\"twitter:data1\" content=\"Comunicaciones Combarranquilla\" \/>\n\t<meta name=\"twitter:label2\" content=\"Tiempo de lectura\" \/>\n\t<meta name=\"twitter:data2\" content=\"3 minutos\" \/>\n<script type=\"application\/ld+json\" class=\"yoast-schema-graph\">{\"@context\":\"https:\\\/\\\/schema.org\",\"@graph\":[{\"@type\":\"Article\",\"@id\":\"https:\\\/\\\/tuguia.combarranquilla.co\\\/Revista\\\/214-estudiantes-del-centro-de-formacion-combarranquilla-recibieron-sus-certificados-de-los-programas-tecnicos-laborales\\\/#article\",\"isPartOf\":{\"@id\":\"https:\\\/\\\/tuguia.combarranquilla.co\\\/Revista\\\/214-estudiantes-del-centro-de-formacion-combarranquilla-recibieron-sus-certificados-de-los-programas-tecnicos-laborales\\\/\"},\"author\":{\"name\":\"Comunicaciones Combarranquilla\",\"@id\":\"https:\\\/\\\/tuguia.combarranquilla.co\\\/Revista\\\/#\\\/schema\\\/person\\\/c2c396a77170bd1d5f8ba73294eb0d10\"},\"headline\":\"214 estudiantes del Centro de Formaci\u00f3n Combarranquilla se certificaron en Programas T\u00e9cnicos Laborales\",\"datePublished\":\"2025-07-01T16:19:12+00:00\",\"dateModified\":\"2025-07-01T20:53:44+00:00\",\"mainEntityOfPage\":{\"@id\":\"https:\\\/\\\/tuguia.combarranquilla.co\\\/Revista\\\/214-estudiantes-del-centro-de-formacion-combarranquilla-recibieron-sus-certificados-de-los-programas-tecnicos-laborales\\\/\"},\"wordCount\":449,\"commentCount\":0,\"publisher\":{\"@id\":\"https:\\\/\\\/tuguia.combarranquilla.co\\\/Revista\\\/#organization\"},\"image\":{\"@id\":\"https:\\\/\\\/tuguia.combarranquilla.co\\\/Revista\\\/214-estudiantes-del-centro-de-formacion-combarranquilla-recibieron-sus-certificados-de-los-programas-tecnicos-laborales\\\/#primaryimage\"},\"thumbnailUrl\":\"https:\\\/\\\/tuguia.combarranquilla.co\\\/Revista\\\/wp-content\\\/uploads\\\/2025\\\/06\\\/Revista-Combarranquilla-7-scaled.png\",\"articleSection\":[\"FORMACI\u00d3N\"],\"inLanguage\":\"es-CO\",\"potentialAction\":[{\"@type\":\"CommentAction\",\"name\":\"Comment\",\"target\":[\"https:\\\/\\\/tuguia.combarranquilla.co\\\/Revista\\\/214-estudiantes-del-centro-de-formacion-combarranquilla-recibieron-sus-certificados-de-los-programas-tecnicos-laborales\\\/#respond\"]}]},{\"@type\":\"WebPage\",\"@id\":\"https:\\\/\\\/tuguia.combarranquilla.co\\\/Revista\\\/214-estudiantes-del-centro-de-formacion-combarranquilla-recibieron-sus-certificados-de-los-programas-tecnicos-laborales\\\/\",\"url\":\"https:\\\/\\\/tuguia.combarranquilla.co\\\/Revista\\\/214-estudiantes-del-centro-de-formacion-combarranquilla-recibieron-sus-certificados-de-los-programas-tecnicos-laborales\\\/\",\"name\":\"214 estudiantes del Centro de Formaci\u00f3n Combarranquilla se certificaron en Programas T\u00e9cnicos Laborales - Tu Gu\u00eda\",\"isPartOf\":{\"@id\":\"https:\\\/\\\/tuguia.combarranquilla.co\\\/Revista\\\/#website\"},\"primaryImageOfPage\":{\"@id\":\"https:\\\/\\\/tuguia.combarranquilla.co\\\/Revista\\\/214-estudiantes-del-centro-de-formacion-combarranquilla-recibieron-sus-certificados-de-los-programas-tecnicos-laborales\\\/#primaryimage\"},\"image\":{\"@id\":\"https:\\\/\\\/tuguia.combarranquilla.co\\\/Revista\\\/214-estudiantes-del-centro-de-formacion-combarranquilla-recibieron-sus-certificados-de-los-programas-tecnicos-laborales\\\/#primaryimage\"},\"thumbnailUrl\":\"https:\\\/\\\/tuguia.combarranquilla.co\\\/Revista\\\/wp-content\\\/uploads\\\/2025\\\/06\\\/Revista-Combarranquilla-7-scaled.png\",\"datePublished\":\"2025-07-01T16:19:12+00:00\",\"dateModified\":\"2025-07-01T20:53:44+00:00\",\"breadcrumb\":{\"@id\":\"https:\\\/\\\/tuguia.combarranquilla.co\\\/Revista\\\/214-estudiantes-del-centro-de-formacion-combarranquilla-recibieron-sus-certificados-de-los-programas-tecnicos-laborales\\\/#breadcrumb\"},\"inLanguage\":\"es-CO\",\"potentialAction\":[{\"@type\":\"ReadAction\",\"target\":[\"https:\\\/\\\/tuguia.combarranquilla.co\\\/Revista\\\/214-estudiantes-del-centro-de-formacion-combarranquilla-recibieron-sus-certificados-de-los-programas-tecnicos-laborales\\\/\"]}]},{\"@type\":\"ImageObject\",\"inLanguage\":\"es-CO\",\"@id\":\"https:\\\/\\\/tuguia.combarranquilla.co\\\/Revista\\\/214-estudiantes-del-centro-de-formacion-combarranquilla-recibieron-sus-certificados-de-los-programas-tecnicos-laborales\\\/#primaryimage\",\"url\":\"https:\\\/\\\/tuguia.combarranquilla.co\\\/Revista\\\/wp-content\\\/uploads\\\/2025\\\/06\\\/Revista-Combarranquilla-7-scaled.png\",\"contentUrl\":\"https:\\\/\\\/tuguia.combarranquilla.co\\\/Revista\\\/wp-content\\\/uploads\\\/2025\\\/06\\\/Revista-Combarranquilla-7-scaled.png\",\"width\":2560,\"height\":1280},{\"@type\":\"BreadcrumbList\",\"@id\":\"https:\\\/\\\/tuguia.combarranquilla.co\\\/Revista\\\/214-estudiantes-del-centro-de-formacion-combarranquilla-recibieron-sus-certificados-de-los-programas-tecnicos-laborales\\\/#breadcrumb\",\"itemListElement\":[{\"@type\":\"ListItem\",\"position\":1,\"name\":\"Inicio\",\"item\":\"https:\\\/\\\/tuguia.combarranquilla.co\\\/Revista\\\/\"},{\"@type\":\"ListItem\",\"position\":2,\"name\":\"214 estudiantes del Centro de Formaci\u00f3n Combarranquilla se certificaron en Programas T\u00e9cnicos Laborales\"}]},{\"@type\":\"WebSite\",\"@id\":\"https:\\\/\\\/tuguia.combarranquilla.co\\\/Revista\\\/#website\",\"url\":\"https:\\\/\\\/tuguia.combarranquilla.co\\\/Revista\\\/\",\"name\":\"Tu Gu\u00eda\",\"description\":\"La revista donde lo tienes todo.\",\"publisher\":{\"@id\":\"https:\\\/\\\/tuguia.combarranquilla.co\\\/Revista\\\/#organization\"},\"alternateName\":\"Tu Gu\u00eda Combarranquilla\",\"potentialAction\":[{\"@type\":\"SearchAction\",\"target\":{\"@type\":\"EntryPoint\",\"urlTemplate\":\"https:\\\/\\\/tuguia.combarranquilla.co\\\/Revista\\\/?s={search_term_string}\"},\"query-input\":{\"@type\":\"PropertyValueSpecification\",\"valueRequired\":true,\"valueName\":\"search_term_string\"}}],\"inLanguage\":\"es-CO\"},{\"@type\":\"Organization\",\"@id\":\"https:\\\/\\\/tuguia.combarranquilla.co\\\/Revista\\\/#organization\",\"name\":\"Tu Gu\u00eda Combarranquilla\",\"url\":\"https:\\\/\\\/tuguia.combarranquilla.co\\\/Revista\\\/\",\"logo\":{\"@type\":\"ImageObject\",\"inLanguage\":\"es-CO\",\"@id\":\"https:\\\/\\\/tuguia.combarranquilla.co\\\/Revista\\\/#\\\/schema\\\/logo\\\/image\\\/\",\"url\":\"https:\\\/\\\/tuguia.combarranquilla.co\\\/Revista\\\/wp-content\\\/uploads\\\/2022\\\/02\\\/logo-guia-combarranquilla.svg\",\"contentUrl\":\"https:\\\/\\\/tuguia.combarranquilla.co\\\/Revista\\\/wp-content\\\/uploads\\\/2022\\\/02\\\/logo-guia-combarranquilla.svg\",\"caption\":\"Tu Gu\u00eda Combarranquilla\"},\"image\":{\"@id\":\"https:\\\/\\\/tuguia.combarranquilla.co\\\/Revista\\\/#\\\/schema\\\/logo\\\/image\\\/\"}},{\"@type\":\"Person\",\"@id\":\"https:\\\/\\\/tuguia.combarranquilla.co\\\/Revista\\\/#\\\/schema\\\/person\\\/c2c396a77170bd1d5f8ba73294eb0d10\",\"name\":\"Comunicaciones Combarranquilla\",\"image\":{\"@type\":\"ImageObject\",\"inLanguage\":\"es-CO\",\"@id\":\"https:\\\/\\\/tuguia.combarranquilla.co\\\/Revista\\\/wp-content\\\/uploads\\\/2025\\\/05\\\/ABC-Al-Rojo-Logo-96x96.jpg\",\"url\":\"https:\\\/\\\/tuguia.combarranquilla.co\\\/Revista\\\/wp-content\\\/uploads\\\/2025\\\/05\\\/ABC-Al-Rojo-Logo-96x96.jpg\",\"contentUrl\":\"https:\\\/\\\/tuguia.combarranquilla.co\\\/Revista\\\/wp-content\\\/uploads\\\/2025\\\/05\\\/ABC-Al-Rojo-Logo-96x96.jpg\",\"caption\":\"Comunicaciones Combarranquilla\"},\"sameAs\":[\"https:\\\/\\\/www.combarranquilla.co\"],\"url\":\"https:\\\/\\\/tuguia.combarranquilla.co\\\/Revista\\\/author\\\/comunicaciones\\\/\"}]}<\/script>\n<!-- \/ Yoast SEO plugin. -->","yoast_head_json":{"title":"214 estudiantes del Centro de Formaci\u00f3n Combarranquilla se certificaron en Programas T\u00e9cnicos Laborales - Tu Gu\u00eda","robots":{"index":"index","follow":"follow","max-snippet":"max-snippet:-1","max-image-preview":"max-image-preview:large","max-video-preview":"max-video-preview:-1"},"canonical":"https:\/\/tuguia.combarranquilla.co\/Revista\/214-estudiantes-del-centro-de-formacion-combarranquilla-recibieron-sus-certificados-de-los-programas-tecnicos-laborales\/","og_locale":"es_ES","og_type":"article","og_title":"214 estudiantes del Centro de Formaci\u00f3n Combarranquilla se certificaron en Programas T\u00e9cnicos Laborales - Tu Gu\u00eda","og_description":"La Unidad Boston de Combarranquilla recibi\u00f3 a 214 graduandos en la ceremonia de certificaci\u00f3n de T\u00e9cnicos Laborales. Un evento que marc\u00f3 el inicio de una nueva etapa llena de futuros prometedores. En la tarde del 25 de junio, 214 estudiantes del Centro de Formaci\u00f3n Combarranquilla recibieron sus t\u00edtulos como T\u00e9cnicos Laborales por Competencia en los [&hellip;]","og_url":"https:\/\/tuguia.combarranquilla.co\/Revista\/214-estudiantes-del-centro-de-formacion-combarranquilla-recibieron-sus-certificados-de-los-programas-tecnicos-laborales\/","og_site_name":"Tu Gu\u00eda","article_published_time":"2025-07-01T16:19:12+00:00","article_modified_time":"2025-07-01T20:53:44+00:00","og_image":[{"width":1024,"height":512,"url":"https:\/\/tuguia.combarranquilla.co\/Revista\/wp-content\/uploads\/2025\/06\/Revista-Combarranquilla-7-1024x512.png","type":"image\/png"}],"author":"Comunicaciones Combarranquilla","twitter_card":"summary_large_image","twitter_misc":{"Escrito por":"Comunicaciones Combarranquilla","Tiempo de lectura":"3 minutos"},"schema":{"@context":"https:\/\/schema.org","@graph":[{"@type":"Article","@id":"https:\/\/tuguia.combarranquilla.co\/Revista\/214-estudiantes-del-centro-de-formacion-combarranquilla-recibieron-sus-certificados-de-los-programas-tecnicos-laborales\/#article","isPartOf":{"@id":"https:\/\/tuguia.combarranquilla.co\/Revista\/214-estudiantes-del-centro-de-formacion-combarranquilla-recibieron-sus-certificados-de-los-programas-tecnicos-laborales\/"},"author":{"name":"Comunicaciones Combarranquilla","@id":"https:\/\/tuguia.combarranquilla.co\/Revista\/#\/schema\/person\/c2c396a77170bd1d5f8ba73294eb0d10"},"headline":"214 estudiantes del Centro de Formaci\u00f3n Combarranquilla se certificaron en Programas T\u00e9cnicos Laborales","datePublished":"2025-07-01T16:19:12+00:00","dateModified":"2025-07-01T20:53:44+00:00","mainEntityOfPage":{"@id":"https:\/\/tuguia.combarranquilla.co\/Revista\/214-estudiantes-del-centro-de-formacion-combarranquilla-recibieron-sus-certificados-de-los-programas-tecnicos-laborales\/"},"wordCount":449,"commentCount":0,"publisher":{"@id":"https:\/\/tuguia.combarranquilla.co\/Revista\/#organization"},"image":{"@id":"https:\/\/tuguia.combarranquilla.co\/Revista\/214-estudiantes-del-centro-de-formacion-combarranquilla-recibieron-sus-certificados-de-los-programas-tecnicos-laborales\/#primaryimage"},"thumbnailUrl":"https:\/\/tuguia.combarranquilla.co\/Revista\/wp-content\/uploads\/2025\/06\/Revista-Combarranquilla-7-scaled.png","articleSection":["FORMACI\u00d3N"],"inLanguage":"es-CO","potentialAction":[{"@type":"CommentAction","name":"Comment","target":["https:\/\/tuguia.combarranquilla.co\/Revista\/214-estudiantes-del-centro-de-formacion-combarranquilla-recibieron-sus-certificados-de-los-programas-tecnicos-laborales\/#respond"]}]},{"@type":"WebPage","@id":"https:\/\/tuguia.combarranquilla.co\/Revista\/214-estudiantes-del-centro-de-formacion-combarranquilla-recibieron-sus-certificados-de-los-programas-tecnicos-laborales\/","url":"https:\/\/tuguia.combarranquilla.co\/Revista\/214-estudiantes-del-centro-de-formacion-combarranquilla-recibieron-sus-certificados-de-los-programas-tecnicos-laborales\/","name":"214 estudiantes del Centro de Formaci\u00f3n Combarranquilla se certificaron en Programas T\u00e9cnicos Laborales - Tu Gu\u00eda","isPartOf":{"@id":"https:\/\/tuguia.combarranquilla.co\/Revista\/#website"},"primaryImageOfPage":{"@id":"https:\/\/tuguia.combarranquilla.co\/Revista\/214-estudiantes-del-centro-de-formacion-combarranquilla-recibieron-sus-certificados-de-los-programas-tecnicos-laborales\/#primaryimage"},"image":{"@id":"https:\/\/tuguia.combarranquilla.co\/Revista\/214-estudiantes-del-centro-de-formacion-combarranquilla-recibieron-sus-certificados-de-los-programas-tecnicos-laborales\/#primaryimage"},"thumbnailUrl":"https:\/\/tuguia.combarranquilla.co\/Revista\/wp-content\/uploads\/2025\/06\/Revista-Combarranquilla-7-scaled.png","datePublished":"2025-07-01T16:19:12+00:00","dateModified":"2025-07-01T20:53:44+00:00","breadcrumb":{"@id":"https:\/\/tuguia.combarranquilla.co\/Revista\/214-estudiantes-del-centro-de-formacion-combarranquilla-recibieron-sus-certificados-de-los-programas-tecnicos-laborales\/#breadcrumb"},"inLanguage":"es-CO","potentialAction":[{"@type":"ReadAction","target":["https:\/\/tuguia.combarranquilla.co\/Revista\/214-estudiantes-del-centro-de-formacion-combarranquilla-recibieron-sus-certificados-de-los-programas-tecnicos-laborales\/"]}]},{"@type":"ImageObject","inLanguage":"es-CO","@id":"https:\/\/tuguia.combarranquilla.co\/Revista\/214-estudiantes-del-centro-de-formacion-combarranquilla-recibieron-sus-certificados-de-los-programas-tecnicos-laborales\/#primaryimage","url":"https:\/\/tuguia.combarranquilla.co\/Revista\/wp-content\/uploads\/2025\/06\/Revista-Combarranquilla-7-scaled.png","contentUrl":"https:\/\/tuguia.combarranquilla.co\/Revista\/wp-content\/uploads\/2025\/06\/Revista-Combarranquilla-7-scaled.png","width":2560,"height":1280},{"@type":"BreadcrumbList","@id":"https:\/\/tuguia.combarranquilla.co\/Revista\/214-estudiantes-del-centro-de-formacion-combarranquilla-recibieron-sus-certificados-de-los-programas-tecnicos-laborales\/#breadcrumb","itemListElement":[{"@type":"ListItem","position":1,"name":"Inicio","item":"https:\/\/tuguia.combarranquilla.co\/Revista\/"},{"@type":"ListItem","position":2,"name":"214 estudiantes del Centro de Formaci\u00f3n Combarranquilla se certificaron en Programas T\u00e9cnicos Laborales"}]},{"@type":"WebSite","@id":"https:\/\/tuguia.combarranquilla.co\/Revista\/#website","url":"https:\/\/tuguia.combarranquilla.co\/Revista\/","name":"Tu Gu\u00eda","description":"La revista donde lo tienes todo.","publisher":{"@id":"https:\/\/tuguia.combarranquilla.co\/Revista\/#organization"},"alternateName":"Tu Gu\u00eda Combarranquilla","potentialAction":[{"@type":"SearchAction","target":{"@type":"EntryPoint","urlTemplate":"https:\/\/tuguia.combarranquilla.co\/Revista\/?s={search_term_string}"},"query-input":{"@type":"PropertyValueSpecification","valueRequired":true,"valueName":"search_term_string"}}],"inLanguage":"es-CO"},{"@type":"Organization","@id":"https:\/\/tuguia.combarranquilla.co\/Revista\/#organization","name":"Tu Gu\u00eda Combarranquilla","url":"https:\/\/tuguia.combarranquilla.co\/Revista\/","logo":{"@type":"ImageObject","inLanguage":"es-CO","@id":"https:\/\/tuguia.combarranquilla.co\/Revista\/#\/schema\/logo\/image\/","url":"https:\/\/tuguia.combarranquilla.co\/Revista\/wp-content\/uploads\/2022\/02\/logo-guia-combarranquilla.svg","contentUrl":"https:\/\/tuguia.combarranquilla.co\/Revista\/wp-content\/uploads\/2022\/02\/logo-guia-combarranquilla.svg","caption":"Tu Gu\u00eda Combarranquilla"},"image":{"@id":"https:\/\/tuguia.combarranquilla.co\/Revista\/#\/schema\/logo\/image\/"}},{"@type":"Person","@id":"https:\/\/tuguia.combarranquilla.co\/Revista\/#\/schema\/person\/c2c396a77170bd1d5f8ba73294eb0d10","name":"Comunicaciones Combarranquilla","image":{"@type":"ImageObject","inLanguage":"es-CO","@id":"https:\/\/tuguia.combarranquilla.co\/Revista\/wp-content\/uploads\/2025\/05\/ABC-Al-Rojo-Logo-96x96.jpg","url":"https:\/\/tuguia.combarranquilla.co\/Revista\/wp-content\/uploads\/2025\/05\/ABC-Al-Rojo-Logo-96x96.jpg","contentUrl":"https:\/\/tuguia.combarranquilla.co\/Revista\/wp-content\/uploads\/2025\/05\/ABC-Al-Rojo-Logo-96x96.jpg","caption":"Comunicaciones Combarranquilla"},"sameAs":["https:\/\/www.combarranquilla.co"],"url":"https:\/\/tuguia.combarranquilla.co\/Revista\/author\/comunicaciones\/"}]}},"_links":{"self":[{"href":"https:\/\/tuguia.combarranquilla.co\/Revista\/wp-json\/wp\/v2\/posts\/6968","targetHints":{"allow":["GET"]}}],"collection":[{"href":"https:\/\/tuguia.combarranquilla.co\/Revista\/wp-json\/wp\/v2\/posts"}],"about":[{"href":"https:\/\/tuguia.combarranquilla.co\/Revista\/wp-json\/wp\/v2\/types\/post"}],"author":[{"embeddable":true,"href":"https:\/\/tuguia.combarranquilla.co\/Revista\/wp-json\/wp\/v2\/users\/2"}],"replies":[{"embeddable":true,"href":"https:\/\/tuguia.combarranquilla.co\/Revista\/wp-json\/wp\/v2\/comments?post=6968"}],"version-history":[{"count":13,"href":"https:\/\/tuguia.combarranquilla.co\/Revista\/wp-json\/wp\/v2\/posts\/6968\/revisions"}],"predecessor-version":[{"id":7060,"href":"https:\/\/tuguia.combarranquilla.co\/Revista\/wp-json\/wp\/v2\/posts\/6968\/revisions\/7060"}],"wp:featuredmedia":[{"embeddable":true,"href":"https:\/\/tuguia.combarranquilla.co\/Revista\/wp-json\/wp\/v2\/media\/6969"}],"wp:attachment":[{"href":"https:\/\/tuguia.combarranquilla.co\/Revista\/wp-json\/wp\/v2\/media?parent=6968"}],"wp:term":[{"taxonomy":"category","embeddable":true,"href":"https:\/\/tuguia.combarranquilla.co\/Revista\/wp-json\/wp\/v2\/categories?post=6968"},{"taxonomy":"post_tag","embeddable":true,"href":"https:\/\/tuguia.combarranquilla.co\/Revista\/wp-json\/wp\/v2\/tags?post=6968"}],"curies":[{"name":"wp","href":"https:\/\/api.w.org\/{rel}","templated":true}]}}