{"id":7176,"date":"2025-08-01T09:04:38","date_gmt":"2025-08-01T14:04:38","guid":{"rendered":"https:\/\/tuguia.combarranquilla.co\/Revista\/?p=7176"},"modified":"2025-08-01T09:04:41","modified_gmt":"2025-08-01T14:04:41","slug":"combarranquilla-y-colsanitas-se-unen-por-el-bienestar-del-atlantico","status":"publish","type":"post","link":"https:\/\/tuguia.combarranquilla.co\/Revista\/combarranquilla-y-colsanitas-se-unen-por-el-bienestar-del-atlantico\/","title":{"rendered":"Combarranquilla y Colsanitas se unen por el bienestar del Atl\u00e1ntico"},"content":{"rendered":"\n<p><em>Para ambas empresas, todo lo bueno comienza por CO.<\/em><\/p>\n\n\n\n<p>En un esfuerzo por contribuir al cuidado integral de la poblaci\u00f3n del Atl\u00e1ntico, Combarranquilla y Colsanitas se han unido en una alianza estrat\u00e9gica que busca redefinir y ampliar el acceso a la salud en el departamento.<\/p>\n\n\n\n<p>Movidas por la confianza, la conexi\u00f3n y el compromiso, Combarranquilla y Colsanitas se han propuesto una meta conjunta: garantizar servicios de salud eficientes y centrados en la persona. La iniciativa tiene un alcance que podr\u00e1 beneficiar a m\u00e1s de 180.000 afiliados y cerca de 12.000 empresas que forman parte del ecosistema empresarial afiliado a Combarranquilla.<\/p>\n\n\n\n<p>Gracias a este v\u00ednculo, las empresas afiliadas, los trabajadores y sus familias podr\u00e1n adquirir productos de calidad con tarifas asequibles. Entre los beneficios puntuales se encuentran chequeos m\u00e9dicos y&nbsp;servicios de salud mental. Estos responden a las necesidades de planes complementarios y de medicina prepagada que existen en la actualidad.<\/p>\n\n\n\n<div class=\"wp-block-columns is-layout-flex wp-container-core-columns-is-layout-9d6595d7 wp-block-columns-is-layout-flex\">\n<div class=\"wp-block-column is-layout-flow wp-block-column-is-layout-flow\">\n<figure class=\"wp-block-image size-large\"><img decoding=\"async\" width=\"1024\" height=\"683\" data-src=\"https:\/\/tuguia.combarranquilla.co\/Revista\/wp-content\/uploads\/2025\/07\/WhatsApp-Image-2025-07-23-at-3.02.02-PM-1024x683.jpeg\" alt=\"\" class=\"wp-image-7178 lazyload\" data-srcset=\"https:\/\/tuguia.combarranquilla.co\/Revista\/wp-content\/uploads\/2025\/07\/WhatsApp-Image-2025-07-23-at-3.02.02-PM-1024x683.jpeg 1024w, https:\/\/tuguia.combarranquilla.co\/Revista\/wp-content\/uploads\/2025\/07\/WhatsApp-Image-2025-07-23-at-3.02.02-PM-300x200.jpeg 300w, https:\/\/tuguia.combarranquilla.co\/Revista\/wp-content\/uploads\/2025\/07\/WhatsApp-Image-2025-07-23-at-3.02.02-PM-768x512.jpeg 768w, https:\/\/tuguia.combarranquilla.co\/Revista\/wp-content\/uploads\/2025\/07\/WhatsApp-Image-2025-07-23-at-3.02.02-PM-1536x1024.jpeg 1536w, https:\/\/tuguia.combarranquilla.co\/Revista\/wp-content\/uploads\/2025\/07\/WhatsApp-Image-2025-07-23-at-3.02.02-PM-2048x1366.jpeg 2048w\" data-sizes=\"(max-width: 1024px) 100vw, 1024px\" src=\"data:image\/svg+xml;base64,PHN2ZyB3aWR0aD0iMSIgaGVpZ2h0PSIxIiB4bWxucz0iaHR0cDovL3d3dy53My5vcmcvMjAwMC9zdmciPjwvc3ZnPg==\" style=\"--smush-placeholder-width: 1024px; --smush-placeholder-aspect-ratio: 1024\/683;\" \/><\/figure>\n<\/div>\n\n\n\n<div class=\"wp-block-column is-layout-flow wp-block-column-is-layout-flow\">\n<figure class=\"wp-block-image size-large\"><img decoding=\"async\" width=\"1024\" height=\"683\" data-src=\"https:\/\/tuguia.combarranquilla.co\/Revista\/wp-content\/uploads\/2025\/07\/WhatsApp-Image-2025-07-23-at-3.02.01-PM-1024x683.jpeg\" alt=\"\" class=\"wp-image-7179 lazyload\" data-srcset=\"https:\/\/tuguia.combarranquilla.co\/Revista\/wp-content\/uploads\/2025\/07\/WhatsApp-Image-2025-07-23-at-3.02.01-PM-1024x683.jpeg 1024w, https:\/\/tuguia.combarranquilla.co\/Revista\/wp-content\/uploads\/2025\/07\/WhatsApp-Image-2025-07-23-at-3.02.01-PM-300x200.jpeg 300w, https:\/\/tuguia.combarranquilla.co\/Revista\/wp-content\/uploads\/2025\/07\/WhatsApp-Image-2025-07-23-at-3.02.01-PM-768x512.jpeg 768w, https:\/\/tuguia.combarranquilla.co\/Revista\/wp-content\/uploads\/2025\/07\/WhatsApp-Image-2025-07-23-at-3.02.01-PM-1536x1024.jpeg 1536w, https:\/\/tuguia.combarranquilla.co\/Revista\/wp-content\/uploads\/2025\/07\/WhatsApp-Image-2025-07-23-at-3.02.01-PM-2048x1366.jpeg 2048w\" data-sizes=\"(max-width: 1024px) 100vw, 1024px\" src=\"data:image\/svg+xml;base64,PHN2ZyB3aWR0aD0iMSIgaGVpZ2h0PSIxIiB4bWxucz0iaHR0cDovL3d3dy53My5vcmcvMjAwMC9zdmciPjwvc3ZnPg==\" style=\"--smush-placeholder-width: 1024px; --smush-placeholder-aspect-ratio: 1024\/683;\" \/><\/figure>\n<\/div>\n<\/div>\n\n\n\n<p>La alianza entre Combarranquilla y Colsanitas se oficializ\u00f3 el 23 de julio, en un evento que cont\u00f3 con la presencia de&nbsp;Maria Rosa Lacouture, gerente de Colsanitas, y empresas afiliadas a la Caja de Compensaci\u00f3n. Durante el acto, se afirm\u00f3 la importancia de trabajar por y para la salud de la poblaci\u00f3n.<\/p>\n\n\n\n<p>\u201cNuestro prop\u00f3sito es cuidar y estar para las personas en todas las etapas de sus vidas. Con esta alianza podemos generar mayor bienestar y cuidar m\u00e1s de los trabajadores afiliados a Combarranquilla\u201d, mencion\u00f3 Maria Rosa Lacouture.<\/p>\n\n\n\n<p>Con este avance, ambas entidades afirman su prop\u00f3sito de construir espacios que ofrezcan un abordaje integral de la salud. Desde Combarranquilla, se espera seguir creando oportunidades de colaboraci\u00f3n que promuevan la transformaci\u00f3n de vidas.<\/p>\n\n\n\n<p>\u201cLa alianza con Colsanitas traer\u00e1 grandes beneficios a los afiliados de Combarranquilla. Podr\u00e1n obtener servicios de salud con tarifas econ\u00f3micas, gracias a planes especiales que se han dise\u00f1ado para ellos. Seguimos transformando&nbsp;vidas,&nbsp;promoviendo el bienestar\u201d, a\u00f1adi\u00f3 Ernesto D\u00edaz Granados, director de Combarranquilla.<\/p>\n","protected":false},"excerpt":{"rendered":"<p>Para ambas empresas, todo lo bueno comienza por CO. En un esfuerzo por contribuir al cuidado integral de la poblaci\u00f3n del Atl\u00e1ntico, Combarranquilla y Colsanitas se han unido en una alianza estrat\u00e9gica que busca redefinir y ampliar el acceso a la salud en el departamento. Movidas por la confianza, la conexi\u00f3n y el compromiso, Combarranquilla [&hellip;]<\/p>\n","protected":false},"author":2,"featured_media":7181,"comment_status":"open","ping_status":"open","sticky":false,"template":"","format":"standard","meta":{"inline_featured_image":false,"footnotes":""},"categories":[7],"tags":[],"class_list":["post-7176","post","type-post","status-publish","format-standard","has-post-thumbnail","hentry","category-familia-combarranquilla"],"yoast_head":"<!-- This site is optimized with the Yoast SEO plugin v27.4 - https:\/\/yoast.com\/product\/yoast-seo-wordpress\/ -->\n<title>Combarranquilla y Colsanitas se unen por el bienestar del Atl\u00e1ntico - Tu Gu\u00eda<\/title>\n<meta name=\"robots\" content=\"index, follow, max-snippet:-1, max-image-preview:large, max-video-preview:-1\" \/>\n<link rel=\"canonical\" href=\"https:\/\/tuguia.combarranquilla.co\/Revista\/combarranquilla-y-colsanitas-se-unen-por-el-bienestar-del-atlantico\/\" \/>\n<meta property=\"og:locale\" content=\"es_ES\" \/>\n<meta property=\"og:type\" content=\"article\" \/>\n<meta property=\"og:title\" content=\"Combarranquilla y Colsanitas se unen por el bienestar del Atl\u00e1ntico - Tu Gu\u00eda\" \/>\n<meta property=\"og:description\" content=\"Para ambas empresas, todo lo bueno comienza por CO. En un esfuerzo por contribuir al cuidado integral de la poblaci\u00f3n del Atl\u00e1ntico, Combarranquilla y Colsanitas se han unido en una alianza estrat\u00e9gica que busca redefinir y ampliar el acceso a la salud en el departamento. Movidas por la confianza, la conexi\u00f3n y el compromiso, Combarranquilla [&hellip;]\" \/>\n<meta property=\"og:url\" content=\"https:\/\/tuguia.combarranquilla.co\/Revista\/combarranquilla-y-colsanitas-se-unen-por-el-bienestar-del-atlantico\/\" \/>\n<meta property=\"og:site_name\" content=\"Tu Gu\u00eda\" \/>\n<meta property=\"article:published_time\" content=\"2025-08-01T14:04:38+00:00\" \/>\n<meta property=\"article:modified_time\" content=\"2025-08-01T14:04:41+00:00\" \/>\n<meta property=\"og:image\" content=\"https:\/\/tuguia.combarranquilla.co\/Revista\/wp-content\/uploads\/2025\/07\/Revista-Combarranquilla-5-1024x512.png\" \/>\n\t<meta property=\"og:image:width\" content=\"1024\" \/>\n\t<meta property=\"og:image:height\" content=\"512\" \/>\n\t<meta property=\"og:image:type\" content=\"image\/png\" \/>\n<meta name=\"author\" content=\"Comunicaciones Combarranquilla\" \/>\n<meta name=\"twitter:card\" content=\"summary_large_image\" \/>\n<meta name=\"twitter:label1\" content=\"Escrito por\" \/>\n\t<meta name=\"twitter:data1\" content=\"Comunicaciones Combarranquilla\" \/>\n\t<meta name=\"twitter:label2\" content=\"Tiempo de lectura\" \/>\n\t<meta name=\"twitter:data2\" content=\"3 minutos\" \/>\n<script type=\"application\/ld+json\" class=\"yoast-schema-graph\">{\"@context\":\"https:\\\/\\\/schema.org\",\"@graph\":[{\"@type\":\"Article\",\"@id\":\"https:\\\/\\\/tuguia.combarranquilla.co\\\/Revista\\\/combarranquilla-y-colsanitas-se-unen-por-el-bienestar-del-atlantico\\\/#article\",\"isPartOf\":{\"@id\":\"https:\\\/\\\/tuguia.combarranquilla.co\\\/Revista\\\/combarranquilla-y-colsanitas-se-unen-por-el-bienestar-del-atlantico\\\/\"},\"author\":{\"name\":\"Comunicaciones Combarranquilla\",\"@id\":\"https:\\\/\\\/tuguia.combarranquilla.co\\\/Revista\\\/#\\\/schema\\\/person\\\/c2c396a77170bd1d5f8ba73294eb0d10\"},\"headline\":\"Combarranquilla y Colsanitas se unen por el bienestar del Atl\u00e1ntico\",\"datePublished\":\"2025-08-01T14:04:38+00:00\",\"dateModified\":\"2025-08-01T14:04:41+00:00\",\"mainEntityOfPage\":{\"@id\":\"https:\\\/\\\/tuguia.combarranquilla.co\\\/Revista\\\/combarranquilla-y-colsanitas-se-unen-por-el-bienestar-del-atlantico\\\/\"},\"wordCount\":347,\"commentCount\":0,\"publisher\":{\"@id\":\"https:\\\/\\\/tuguia.combarranquilla.co\\\/Revista\\\/#organization\"},\"image\":{\"@id\":\"https:\\\/\\\/tuguia.combarranquilla.co\\\/Revista\\\/combarranquilla-y-colsanitas-se-unen-por-el-bienestar-del-atlantico\\\/#primaryimage\"},\"thumbnailUrl\":\"https:\\\/\\\/tuguia.combarranquilla.co\\\/Revista\\\/wp-content\\\/uploads\\\/2025\\\/07\\\/Revista-Combarranquilla-5-scaled.png\",\"articleSection\":[\"FAMILIA COMBARRANQUILLA\"],\"inLanguage\":\"es-CO\",\"potentialAction\":[{\"@type\":\"CommentAction\",\"name\":\"Comment\",\"target\":[\"https:\\\/\\\/tuguia.combarranquilla.co\\\/Revista\\\/combarranquilla-y-colsanitas-se-unen-por-el-bienestar-del-atlantico\\\/#respond\"]}]},{\"@type\":\"WebPage\",\"@id\":\"https:\\\/\\\/tuguia.combarranquilla.co\\\/Revista\\\/combarranquilla-y-colsanitas-se-unen-por-el-bienestar-del-atlantico\\\/\",\"url\":\"https:\\\/\\\/tuguia.combarranquilla.co\\\/Revista\\\/combarranquilla-y-colsanitas-se-unen-por-el-bienestar-del-atlantico\\\/\",\"name\":\"Combarranquilla y Colsanitas se unen por el bienestar del Atl\u00e1ntico - Tu Gu\u00eda\",\"isPartOf\":{\"@id\":\"https:\\\/\\\/tuguia.combarranquilla.co\\\/Revista\\\/#website\"},\"primaryImageOfPage\":{\"@id\":\"https:\\\/\\\/tuguia.combarranquilla.co\\\/Revista\\\/combarranquilla-y-colsanitas-se-unen-por-el-bienestar-del-atlantico\\\/#primaryimage\"},\"image\":{\"@id\":\"https:\\\/\\\/tuguia.combarranquilla.co\\\/Revista\\\/combarranquilla-y-colsanitas-se-unen-por-el-bienestar-del-atlantico\\\/#primaryimage\"},\"thumbnailUrl\":\"https:\\\/\\\/tuguia.combarranquilla.co\\\/Revista\\\/wp-content\\\/uploads\\\/2025\\\/07\\\/Revista-Combarranquilla-5-scaled.png\",\"datePublished\":\"2025-08-01T14:04:38+00:00\",\"dateModified\":\"2025-08-01T14:04:41+00:00\",\"breadcrumb\":{\"@id\":\"https:\\\/\\\/tuguia.combarranquilla.co\\\/Revista\\\/combarranquilla-y-colsanitas-se-unen-por-el-bienestar-del-atlantico\\\/#breadcrumb\"},\"inLanguage\":\"es-CO\",\"potentialAction\":[{\"@type\":\"ReadAction\",\"target\":[\"https:\\\/\\\/tuguia.combarranquilla.co\\\/Revista\\\/combarranquilla-y-colsanitas-se-unen-por-el-bienestar-del-atlantico\\\/\"]}]},{\"@type\":\"ImageObject\",\"inLanguage\":\"es-CO\",\"@id\":\"https:\\\/\\\/tuguia.combarranquilla.co\\\/Revista\\\/combarranquilla-y-colsanitas-se-unen-por-el-bienestar-del-atlantico\\\/#primaryimage\",\"url\":\"https:\\\/\\\/tuguia.combarranquilla.co\\\/Revista\\\/wp-content\\\/uploads\\\/2025\\\/07\\\/Revista-Combarranquilla-5-scaled.png\",\"contentUrl\":\"https:\\\/\\\/tuguia.combarranquilla.co\\\/Revista\\\/wp-content\\\/uploads\\\/2025\\\/07\\\/Revista-Combarranquilla-5-scaled.png\",\"width\":2560,\"height\":1280},{\"@type\":\"BreadcrumbList\",\"@id\":\"https:\\\/\\\/tuguia.combarranquilla.co\\\/Revista\\\/combarranquilla-y-colsanitas-se-unen-por-el-bienestar-del-atlantico\\\/#breadcrumb\",\"itemListElement\":[{\"@type\":\"ListItem\",\"position\":1,\"name\":\"Inicio\",\"item\":\"https:\\\/\\\/tuguia.combarranquilla.co\\\/Revista\\\/\"},{\"@type\":\"ListItem\",\"position\":2,\"name\":\"Combarranquilla y Colsanitas se unen por el bienestar del Atl\u00e1ntico\"}]},{\"@type\":\"WebSite\",\"@id\":\"https:\\\/\\\/tuguia.combarranquilla.co\\\/Revista\\\/#website\",\"url\":\"https:\\\/\\\/tuguia.combarranquilla.co\\\/Revista\\\/\",\"name\":\"Tu Gu\u00eda\",\"description\":\"La revista donde lo tienes todo.\",\"publisher\":{\"@id\":\"https:\\\/\\\/tuguia.combarranquilla.co\\\/Revista\\\/#organization\"},\"alternateName\":\"Tu Gu\u00eda Combarranquilla\",\"potentialAction\":[{\"@type\":\"SearchAction\",\"target\":{\"@type\":\"EntryPoint\",\"urlTemplate\":\"https:\\\/\\\/tuguia.combarranquilla.co\\\/Revista\\\/?s={search_term_string}\"},\"query-input\":{\"@type\":\"PropertyValueSpecification\",\"valueRequired\":true,\"valueName\":\"search_term_string\"}}],\"inLanguage\":\"es-CO\"},{\"@type\":\"Organization\",\"@id\":\"https:\\\/\\\/tuguia.combarranquilla.co\\\/Revista\\\/#organization\",\"name\":\"Tu Gu\u00eda Combarranquilla\",\"url\":\"https:\\\/\\\/tuguia.combarranquilla.co\\\/Revista\\\/\",\"logo\":{\"@type\":\"ImageObject\",\"inLanguage\":\"es-CO\",\"@id\":\"https:\\\/\\\/tuguia.combarranquilla.co\\\/Revista\\\/#\\\/schema\\\/logo\\\/image\\\/\",\"url\":\"https:\\\/\\\/tuguia.combarranquilla.co\\\/Revista\\\/wp-content\\\/uploads\\\/2022\\\/02\\\/logo-guia-combarranquilla.svg\",\"contentUrl\":\"https:\\\/\\\/tuguia.combarranquilla.co\\\/Revista\\\/wp-content\\\/uploads\\\/2022\\\/02\\\/logo-guia-combarranquilla.svg\",\"caption\":\"Tu Gu\u00eda Combarranquilla\"},\"image\":{\"@id\":\"https:\\\/\\\/tuguia.combarranquilla.co\\\/Revista\\\/#\\\/schema\\\/logo\\\/image\\\/\"}},{\"@type\":\"Person\",\"@id\":\"https:\\\/\\\/tuguia.combarranquilla.co\\\/Revista\\\/#\\\/schema\\\/person\\\/c2c396a77170bd1d5f8ba73294eb0d10\",\"name\":\"Comunicaciones Combarranquilla\",\"image\":{\"@type\":\"ImageObject\",\"inLanguage\":\"es-CO\",\"@id\":\"https:\\\/\\\/tuguia.combarranquilla.co\\\/Revista\\\/wp-content\\\/uploads\\\/2025\\\/05\\\/ABC-Al-Rojo-Logo-96x96.jpg\",\"url\":\"https:\\\/\\\/tuguia.combarranquilla.co\\\/Revista\\\/wp-content\\\/uploads\\\/2025\\\/05\\\/ABC-Al-Rojo-Logo-96x96.jpg\",\"contentUrl\":\"https:\\\/\\\/tuguia.combarranquilla.co\\\/Revista\\\/wp-content\\\/uploads\\\/2025\\\/05\\\/ABC-Al-Rojo-Logo-96x96.jpg\",\"caption\":\"Comunicaciones Combarranquilla\"},\"sameAs\":[\"https:\\\/\\\/www.combarranquilla.co\"],\"url\":\"https:\\\/\\\/tuguia.combarranquilla.co\\\/Revista\\\/author\\\/comunicaciones\\\/\"}]}<\/script>\n<!-- \/ Yoast SEO plugin. -->","yoast_head_json":{"title":"Combarranquilla y Colsanitas se unen por el bienestar del Atl\u00e1ntico - Tu Gu\u00eda","robots":{"index":"index","follow":"follow","max-snippet":"max-snippet:-1","max-image-preview":"max-image-preview:large","max-video-preview":"max-video-preview:-1"},"canonical":"https:\/\/tuguia.combarranquilla.co\/Revista\/combarranquilla-y-colsanitas-se-unen-por-el-bienestar-del-atlantico\/","og_locale":"es_ES","og_type":"article","og_title":"Combarranquilla y Colsanitas se unen por el bienestar del Atl\u00e1ntico - Tu Gu\u00eda","og_description":"Para ambas empresas, todo lo bueno comienza por CO. En un esfuerzo por contribuir al cuidado integral de la poblaci\u00f3n del Atl\u00e1ntico, Combarranquilla y Colsanitas se han unido en una alianza estrat\u00e9gica que busca redefinir y ampliar el acceso a la salud en el departamento. Movidas por la confianza, la conexi\u00f3n y el compromiso, Combarranquilla [&hellip;]","og_url":"https:\/\/tuguia.combarranquilla.co\/Revista\/combarranquilla-y-colsanitas-se-unen-por-el-bienestar-del-atlantico\/","og_site_name":"Tu Gu\u00eda","article_published_time":"2025-08-01T14:04:38+00:00","article_modified_time":"2025-08-01T14:04:41+00:00","og_image":[{"width":1024,"height":512,"url":"https:\/\/tuguia.combarranquilla.co\/Revista\/wp-content\/uploads\/2025\/07\/Revista-Combarranquilla-5-1024x512.png","type":"image\/png"}],"author":"Comunicaciones Combarranquilla","twitter_card":"summary_large_image","twitter_misc":{"Escrito por":"Comunicaciones Combarranquilla","Tiempo de lectura":"3 minutos"},"schema":{"@context":"https:\/\/schema.org","@graph":[{"@type":"Article","@id":"https:\/\/tuguia.combarranquilla.co\/Revista\/combarranquilla-y-colsanitas-se-unen-por-el-bienestar-del-atlantico\/#article","isPartOf":{"@id":"https:\/\/tuguia.combarranquilla.co\/Revista\/combarranquilla-y-colsanitas-se-unen-por-el-bienestar-del-atlantico\/"},"author":{"name":"Comunicaciones Combarranquilla","@id":"https:\/\/tuguia.combarranquilla.co\/Revista\/#\/schema\/person\/c2c396a77170bd1d5f8ba73294eb0d10"},"headline":"Combarranquilla y Colsanitas se unen por el bienestar del Atl\u00e1ntico","datePublished":"2025-08-01T14:04:38+00:00","dateModified":"2025-08-01T14:04:41+00:00","mainEntityOfPage":{"@id":"https:\/\/tuguia.combarranquilla.co\/Revista\/combarranquilla-y-colsanitas-se-unen-por-el-bienestar-del-atlantico\/"},"wordCount":347,"commentCount":0,"publisher":{"@id":"https:\/\/tuguia.combarranquilla.co\/Revista\/#organization"},"image":{"@id":"https:\/\/tuguia.combarranquilla.co\/Revista\/combarranquilla-y-colsanitas-se-unen-por-el-bienestar-del-atlantico\/#primaryimage"},"thumbnailUrl":"https:\/\/tuguia.combarranquilla.co\/Revista\/wp-content\/uploads\/2025\/07\/Revista-Combarranquilla-5-scaled.png","articleSection":["FAMILIA COMBARRANQUILLA"],"inLanguage":"es-CO","potentialAction":[{"@type":"CommentAction","name":"Comment","target":["https:\/\/tuguia.combarranquilla.co\/Revista\/combarranquilla-y-colsanitas-se-unen-por-el-bienestar-del-atlantico\/#respond"]}]},{"@type":"WebPage","@id":"https:\/\/tuguia.combarranquilla.co\/Revista\/combarranquilla-y-colsanitas-se-unen-por-el-bienestar-del-atlantico\/","url":"https:\/\/tuguia.combarranquilla.co\/Revista\/combarranquilla-y-colsanitas-se-unen-por-el-bienestar-del-atlantico\/","name":"Combarranquilla y Colsanitas se unen por el bienestar del Atl\u00e1ntico - Tu Gu\u00eda","isPartOf":{"@id":"https:\/\/tuguia.combarranquilla.co\/Revista\/#website"},"primaryImageOfPage":{"@id":"https:\/\/tuguia.combarranquilla.co\/Revista\/combarranquilla-y-colsanitas-se-unen-por-el-bienestar-del-atlantico\/#primaryimage"},"image":{"@id":"https:\/\/tuguia.combarranquilla.co\/Revista\/combarranquilla-y-colsanitas-se-unen-por-el-bienestar-del-atlantico\/#primaryimage"},"thumbnailUrl":"https:\/\/tuguia.combarranquilla.co\/Revista\/wp-content\/uploads\/2025\/07\/Revista-Combarranquilla-5-scaled.png","datePublished":"2025-08-01T14:04:38+00:00","dateModified":"2025-08-01T14:04:41+00:00","breadcrumb":{"@id":"https:\/\/tuguia.combarranquilla.co\/Revista\/combarranquilla-y-colsanitas-se-unen-por-el-bienestar-del-atlantico\/#breadcrumb"},"inLanguage":"es-CO","potentialAction":[{"@type":"ReadAction","target":["https:\/\/tuguia.combarranquilla.co\/Revista\/combarranquilla-y-colsanitas-se-unen-por-el-bienestar-del-atlantico\/"]}]},{"@type":"ImageObject","inLanguage":"es-CO","@id":"https:\/\/tuguia.combarranquilla.co\/Revista\/combarranquilla-y-colsanitas-se-unen-por-el-bienestar-del-atlantico\/#primaryimage","url":"https:\/\/tuguia.combarranquilla.co\/Revista\/wp-content\/uploads\/2025\/07\/Revista-Combarranquilla-5-scaled.png","contentUrl":"https:\/\/tuguia.combarranquilla.co\/Revista\/wp-content\/uploads\/2025\/07\/Revista-Combarranquilla-5-scaled.png","width":2560,"height":1280},{"@type":"BreadcrumbList","@id":"https:\/\/tuguia.combarranquilla.co\/Revista\/combarranquilla-y-colsanitas-se-unen-por-el-bienestar-del-atlantico\/#breadcrumb","itemListElement":[{"@type":"ListItem","position":1,"name":"Inicio","item":"https:\/\/tuguia.combarranquilla.co\/Revista\/"},{"@type":"ListItem","position":2,"name":"Combarranquilla y Colsanitas se unen por el bienestar del Atl\u00e1ntico"}]},{"@type":"WebSite","@id":"https:\/\/tuguia.combarranquilla.co\/Revista\/#website","url":"https:\/\/tuguia.combarranquilla.co\/Revista\/","name":"Tu Gu\u00eda","description":"La revista donde lo tienes todo.","publisher":{"@id":"https:\/\/tuguia.combarranquilla.co\/Revista\/#organization"},"alternateName":"Tu Gu\u00eda Combarranquilla","potentialAction":[{"@type":"SearchAction","target":{"@type":"EntryPoint","urlTemplate":"https:\/\/tuguia.combarranquilla.co\/Revista\/?s={search_term_string}"},"query-input":{"@type":"PropertyValueSpecification","valueRequired":true,"valueName":"search_term_string"}}],"inLanguage":"es-CO"},{"@type":"Organization","@id":"https:\/\/tuguia.combarranquilla.co\/Revista\/#organization","name":"Tu Gu\u00eda Combarranquilla","url":"https:\/\/tuguia.combarranquilla.co\/Revista\/","logo":{"@type":"ImageObject","inLanguage":"es-CO","@id":"https:\/\/tuguia.combarranquilla.co\/Revista\/#\/schema\/logo\/image\/","url":"https:\/\/tuguia.combarranquilla.co\/Revista\/wp-content\/uploads\/2022\/02\/logo-guia-combarranquilla.svg","contentUrl":"https:\/\/tuguia.combarranquilla.co\/Revista\/wp-content\/uploads\/2022\/02\/logo-guia-combarranquilla.svg","caption":"Tu Gu\u00eda Combarranquilla"},"image":{"@id":"https:\/\/tuguia.combarranquilla.co\/Revista\/#\/schema\/logo\/image\/"}},{"@type":"Person","@id":"https:\/\/tuguia.combarranquilla.co\/Revista\/#\/schema\/person\/c2c396a77170bd1d5f8ba73294eb0d10","name":"Comunicaciones Combarranquilla","image":{"@type":"ImageObject","inLanguage":"es-CO","@id":"https:\/\/tuguia.combarranquilla.co\/Revista\/wp-content\/uploads\/2025\/05\/ABC-Al-Rojo-Logo-96x96.jpg","url":"https:\/\/tuguia.combarranquilla.co\/Revista\/wp-content\/uploads\/2025\/05\/ABC-Al-Rojo-Logo-96x96.jpg","contentUrl":"https:\/\/tuguia.combarranquilla.co\/Revista\/wp-content\/uploads\/2025\/05\/ABC-Al-Rojo-Logo-96x96.jpg","caption":"Comunicaciones Combarranquilla"},"sameAs":["https:\/\/www.combarranquilla.co"],"url":"https:\/\/tuguia.combarranquilla.co\/Revista\/author\/comunicaciones\/"}]}},"_links":{"self":[{"href":"https:\/\/tuguia.combarranquilla.co\/Revista\/wp-json\/wp\/v2\/posts\/7176","targetHints":{"allow":["GET"]}}],"collection":[{"href":"https:\/\/tuguia.combarranquilla.co\/Revista\/wp-json\/wp\/v2\/posts"}],"about":[{"href":"https:\/\/tuguia.combarranquilla.co\/Revista\/wp-json\/wp\/v2\/types\/post"}],"author":[{"embeddable":true,"href":"https:\/\/tuguia.combarranquilla.co\/Revista\/wp-json\/wp\/v2\/users\/2"}],"replies":[{"embeddable":true,"href":"https:\/\/tuguia.combarranquilla.co\/Revista\/wp-json\/wp\/v2\/comments?post=7176"}],"version-history":[{"count":4,"href":"https:\/\/tuguia.combarranquilla.co\/Revista\/wp-json\/wp\/v2\/posts\/7176\/revisions"}],"predecessor-version":[{"id":7347,"href":"https:\/\/tuguia.combarranquilla.co\/Revista\/wp-json\/wp\/v2\/posts\/7176\/revisions\/7347"}],"wp:featuredmedia":[{"embeddable":true,"href":"https:\/\/tuguia.combarranquilla.co\/Revista\/wp-json\/wp\/v2\/media\/7181"}],"wp:attachment":[{"href":"https:\/\/tuguia.combarranquilla.co\/Revista\/wp-json\/wp\/v2\/media?parent=7176"}],"wp:term":[{"taxonomy":"category","embeddable":true,"href":"https:\/\/tuguia.combarranquilla.co\/Revista\/wp-json\/wp\/v2\/categories?post=7176"},{"taxonomy":"post_tag","embeddable":true,"href":"https:\/\/tuguia.combarranquilla.co\/Revista\/wp-json\/wp\/v2\/tags?post=7176"}],"curies":[{"name":"wp","href":"https:\/\/api.w.org\/{rel}","templated":true}]}}