{"id":725,"date":"2022-09-08T13:25:08","date_gmt":"2022-09-08T18:25:08","guid":{"rendered":"https:\/\/tuguia.combarranquilla.co\/Revista\/?p=725"},"modified":"2022-09-08T13:27:18","modified_gmt":"2022-09-08T18:27:18","slug":"grupo-de-danza-fusion-dorada-ganadoras-del-encuentro-cultural-adulto-mayor","status":"publish","type":"post","link":"https:\/\/tuguia.combarranquilla.co\/Revista\/grupo-de-danza-fusion-dorada-ganadoras-del-encuentro-cultural-adulto-mayor\/","title":{"rendered":"Grupo de danza Fusi\u00f3n Dorada ganadoras del    encuentro cultural Adulto Mayor"},"content":{"rendered":"\n<p class=\"has-text-align-left\">El pasado 29 de agosto se llev\u00f3 a cabo el encuentro cultural Adulto Mayor en Comfenalco Cartagena y nuestro grupo Fusi\u00f3n Dorada particip\u00f3 con su danza: Popurr\u00ed Fusi\u00f3n Dorada.<\/p>\n\n\n\n<p>El evento se realiz\u00f3 en el marco de la celebraci\u00f3n del d\u00eda del adulto mayor conforme a la Ley 271 de 1996 donde se establece el \u201cD\u00eda Nacional de las Personas de la Tercera Edad y del Pensionado\u201d, dando paso al <strong>\u201c<em>V ENCUENTRO CULTURAL DEL ADULTO MAYOR\u201d<\/em><\/strong>.<\/p>\n\n\n\n<p>La actividad se llev\u00f3 a cabo de manera presencial y virtual para los grupos a los cuales se les dificultaba el traslado hacia la ciudad de Cartagena. El grupo de adulto mayor de Combarranquilla particip\u00f3 bajo la modalidad virtual en a categor\u00eda baile grupal resaltando  las habilidades art\u00edsticas que caracterizan a sus integrantes. <\/p>\n\n\n<div class=\"wp-block-image\">\n<figure class=\"aligncenter size-large\"><img decoding=\"async\" width=\"1024\" height=\"473\" data-src=\"https:\/\/tuguia.combarranquilla.co\/Revista\/wp-content\/uploads\/2022\/09\/20220805_164245-1024x473.jpg\" alt=\"\" class=\"wp-image-750 lazyload\" data-srcset=\"https:\/\/tuguia.combarranquilla.co\/Revista\/wp-content\/uploads\/2022\/09\/20220805_164245-1024x473.jpg 1024w, https:\/\/tuguia.combarranquilla.co\/Revista\/wp-content\/uploads\/2022\/09\/20220805_164245-300x139.jpg 300w, https:\/\/tuguia.combarranquilla.co\/Revista\/wp-content\/uploads\/2022\/09\/20220805_164245-768x355.jpg 768w, https:\/\/tuguia.combarranquilla.co\/Revista\/wp-content\/uploads\/2022\/09\/20220805_164245-1536x710.jpg 1536w, https:\/\/tuguia.combarranquilla.co\/Revista\/wp-content\/uploads\/2022\/09\/20220805_164245-2048x946.jpg 2048w\" data-sizes=\"(max-width: 1024px) 100vw, 1024px\" src=\"data:image\/svg+xml;base64,PHN2ZyB3aWR0aD0iMSIgaGVpZ2h0PSIxIiB4bWxucz0iaHR0cDovL3d3dy53My5vcmcvMjAwMC9zdmciPjwvc3ZnPg==\" style=\"--smush-placeholder-width: 1024px; --smush-placeholder-aspect-ratio: 1024\/473;\" \/><figcaption><strong><em>Participantes:<\/em><\/strong> <em>Adela Pimienta, Cecilia M\u00e1rquez de Conde, Evelia Dolores Maury de Solano, Evelyn&nbsp;Mar\u00eda Barios De La Rosa, Gloria&nbsp;Mar\u00eda Ch\u00e1vez de Escorcia, Hilda Rosa Cueto de Orozco, Ivon Yesenia D\u00edaz Cera, Judit Otero de&nbsp;S\u00e1nchez, Nelly Cecilia L\u00f3pez Robledo, Sonny Esther Barandica Ariza y Virginia Elvira Antequera Santana<\/em><\/figcaption><\/figure><\/div>\n\n\n<figure class=\"wp-block-video\"><\/figure>\n","protected":false},"excerpt":{"rendered":"<p>El pasado 29 de agosto se llev\u00f3 a cabo el encuentro cultural Adulto Mayor en Comfenalco Cartagena y nuestro grupo Fusi\u00f3n Dorada particip\u00f3 con su danza: Popurr\u00ed Fusi\u00f3n Dorada. El evento se realiz\u00f3 en el marco de la celebraci\u00f3n del d\u00eda del adulto mayor conforme a la Ley 271 de 1996 donde se establece el [&hellip;]<\/p>\n","protected":false},"author":2,"featured_media":750,"comment_status":"open","ping_status":"open","sticky":false,"template":"","format":"standard","meta":{"inline_featured_image":false,"footnotes":""},"categories":[7],"tags":[],"class_list":["post-725","post","type-post","status-publish","format-standard","has-post-thumbnail","hentry","category-familia-combarranquilla"],"yoast_head":"<!-- This site is optimized with the Yoast SEO plugin v27.4 - https:\/\/yoast.com\/product\/yoast-seo-wordpress\/ -->\n<title>Grupo de danza Fusi\u00f3n Dorada ganadoras del  encuentro cultural Adulto Mayor - Tu Gu\u00eda<\/title>\n<meta name=\"robots\" content=\"index, follow, max-snippet:-1, max-image-preview:large, max-video-preview:-1\" \/>\n<link rel=\"canonical\" href=\"https:\/\/tuguia.combarranquilla.co\/Revista\/grupo-de-danza-fusion-dorada-ganadoras-del-encuentro-cultural-adulto-mayor\/\" \/>\n<meta property=\"og:locale\" content=\"es_ES\" \/>\n<meta property=\"og:type\" content=\"article\" \/>\n<meta property=\"og:title\" content=\"Grupo de danza Fusi\u00f3n Dorada ganadoras del  encuentro cultural Adulto Mayor - Tu Gu\u00eda\" \/>\n<meta property=\"og:description\" content=\"El pasado 29 de agosto se llev\u00f3 a cabo el encuentro cultural Adulto Mayor en Comfenalco Cartagena y nuestro grupo Fusi\u00f3n Dorada particip\u00f3 con su danza: Popurr\u00ed Fusi\u00f3n Dorada. El evento se realiz\u00f3 en el marco de la celebraci\u00f3n del d\u00eda del adulto mayor conforme a la Ley 271 de 1996 donde se establece el [&hellip;]\" \/>\n<meta property=\"og:url\" content=\"https:\/\/tuguia.combarranquilla.co\/Revista\/grupo-de-danza-fusion-dorada-ganadoras-del-encuentro-cultural-adulto-mayor\/\" \/>\n<meta property=\"og:site_name\" content=\"Tu Gu\u00eda\" \/>\n<meta property=\"article:published_time\" content=\"2022-09-08T18:25:08+00:00\" \/>\n<meta property=\"article:modified_time\" content=\"2022-09-08T18:27:18+00:00\" \/>\n<meta property=\"og:image\" content=\"https:\/\/tuguia.combarranquilla.co\/Revista\/wp-content\/uploads\/2022\/09\/20220805_164245-scaled.jpg\" \/>\n\t<meta property=\"og:image:width\" content=\"2560\" \/>\n\t<meta property=\"og:image:height\" content=\"1183\" \/>\n\t<meta property=\"og:image:type\" content=\"image\/jpeg\" \/>\n<meta name=\"author\" content=\"Comunicaciones Combarranquilla\" \/>\n<meta name=\"twitter:card\" content=\"summary_large_image\" \/>\n<meta name=\"twitter:label1\" content=\"Escrito por\" \/>\n\t<meta name=\"twitter:data1\" content=\"Comunicaciones Combarranquilla\" \/>\n\t<meta name=\"twitter:label2\" content=\"Tiempo de lectura\" \/>\n\t<meta name=\"twitter:data2\" content=\"1 minuto\" \/>\n<script type=\"application\/ld+json\" class=\"yoast-schema-graph\">{\"@context\":\"https:\\\/\\\/schema.org\",\"@graph\":[{\"@type\":\"Article\",\"@id\":\"https:\\\/\\\/tuguia.combarranquilla.co\\\/Revista\\\/grupo-de-danza-fusion-dorada-ganadoras-del-encuentro-cultural-adulto-mayor\\\/#article\",\"isPartOf\":{\"@id\":\"https:\\\/\\\/tuguia.combarranquilla.co\\\/Revista\\\/grupo-de-danza-fusion-dorada-ganadoras-del-encuentro-cultural-adulto-mayor\\\/\"},\"author\":{\"name\":\"Comunicaciones Combarranquilla\",\"@id\":\"https:\\\/\\\/tuguia.combarranquilla.co\\\/Revista\\\/#\\\/schema\\\/person\\\/c2c396a77170bd1d5f8ba73294eb0d10\"},\"headline\":\"Grupo de danza Fusi\u00f3n Dorada ganadoras del encuentro cultural Adulto Mayor\",\"datePublished\":\"2022-09-08T18:25:08+00:00\",\"dateModified\":\"2022-09-08T18:27:18+00:00\",\"mainEntityOfPage\":{\"@id\":\"https:\\\/\\\/tuguia.combarranquilla.co\\\/Revista\\\/grupo-de-danza-fusion-dorada-ganadoras-del-encuentro-cultural-adulto-mayor\\\/\"},\"wordCount\":204,\"commentCount\":0,\"publisher\":{\"@id\":\"https:\\\/\\\/tuguia.combarranquilla.co\\\/Revista\\\/#organization\"},\"image\":{\"@id\":\"https:\\\/\\\/tuguia.combarranquilla.co\\\/Revista\\\/grupo-de-danza-fusion-dorada-ganadoras-del-encuentro-cultural-adulto-mayor\\\/#primaryimage\"},\"thumbnailUrl\":\"https:\\\/\\\/tuguia.combarranquilla.co\\\/Revista\\\/wp-content\\\/uploads\\\/2022\\\/09\\\/20220805_164245-scaled.jpg\",\"articleSection\":[\"FAMILIA COMBARRANQUILLA\"],\"inLanguage\":\"es-CO\",\"potentialAction\":[{\"@type\":\"CommentAction\",\"name\":\"Comment\",\"target\":[\"https:\\\/\\\/tuguia.combarranquilla.co\\\/Revista\\\/grupo-de-danza-fusion-dorada-ganadoras-del-encuentro-cultural-adulto-mayor\\\/#respond\"]}]},{\"@type\":\"WebPage\",\"@id\":\"https:\\\/\\\/tuguia.combarranquilla.co\\\/Revista\\\/grupo-de-danza-fusion-dorada-ganadoras-del-encuentro-cultural-adulto-mayor\\\/\",\"url\":\"https:\\\/\\\/tuguia.combarranquilla.co\\\/Revista\\\/grupo-de-danza-fusion-dorada-ganadoras-del-encuentro-cultural-adulto-mayor\\\/\",\"name\":\"Grupo de danza Fusi\u00f3n Dorada ganadoras del encuentro cultural Adulto Mayor - Tu Gu\u00eda\",\"isPartOf\":{\"@id\":\"https:\\\/\\\/tuguia.combarranquilla.co\\\/Revista\\\/#website\"},\"primaryImageOfPage\":{\"@id\":\"https:\\\/\\\/tuguia.combarranquilla.co\\\/Revista\\\/grupo-de-danza-fusion-dorada-ganadoras-del-encuentro-cultural-adulto-mayor\\\/#primaryimage\"},\"image\":{\"@id\":\"https:\\\/\\\/tuguia.combarranquilla.co\\\/Revista\\\/grupo-de-danza-fusion-dorada-ganadoras-del-encuentro-cultural-adulto-mayor\\\/#primaryimage\"},\"thumbnailUrl\":\"https:\\\/\\\/tuguia.combarranquilla.co\\\/Revista\\\/wp-content\\\/uploads\\\/2022\\\/09\\\/20220805_164245-scaled.jpg\",\"datePublished\":\"2022-09-08T18:25:08+00:00\",\"dateModified\":\"2022-09-08T18:27:18+00:00\",\"breadcrumb\":{\"@id\":\"https:\\\/\\\/tuguia.combarranquilla.co\\\/Revista\\\/grupo-de-danza-fusion-dorada-ganadoras-del-encuentro-cultural-adulto-mayor\\\/#breadcrumb\"},\"inLanguage\":\"es-CO\",\"potentialAction\":[{\"@type\":\"ReadAction\",\"target\":[\"https:\\\/\\\/tuguia.combarranquilla.co\\\/Revista\\\/grupo-de-danza-fusion-dorada-ganadoras-del-encuentro-cultural-adulto-mayor\\\/\"]}]},{\"@type\":\"ImageObject\",\"inLanguage\":\"es-CO\",\"@id\":\"https:\\\/\\\/tuguia.combarranquilla.co\\\/Revista\\\/grupo-de-danza-fusion-dorada-ganadoras-del-encuentro-cultural-adulto-mayor\\\/#primaryimage\",\"url\":\"https:\\\/\\\/tuguia.combarranquilla.co\\\/Revista\\\/wp-content\\\/uploads\\\/2022\\\/09\\\/20220805_164245-scaled.jpg\",\"contentUrl\":\"https:\\\/\\\/tuguia.combarranquilla.co\\\/Revista\\\/wp-content\\\/uploads\\\/2022\\\/09\\\/20220805_164245-scaled.jpg\",\"width\":2560,\"height\":1183},{\"@type\":\"BreadcrumbList\",\"@id\":\"https:\\\/\\\/tuguia.combarranquilla.co\\\/Revista\\\/grupo-de-danza-fusion-dorada-ganadoras-del-encuentro-cultural-adulto-mayor\\\/#breadcrumb\",\"itemListElement\":[{\"@type\":\"ListItem\",\"position\":1,\"name\":\"Inicio\",\"item\":\"https:\\\/\\\/tuguia.combarranquilla.co\\\/Revista\\\/\"},{\"@type\":\"ListItem\",\"position\":2,\"name\":\"Grupo de danza Fusi\u00f3n Dorada ganadoras del encuentro cultural Adulto Mayor\"}]},{\"@type\":\"WebSite\",\"@id\":\"https:\\\/\\\/tuguia.combarranquilla.co\\\/Revista\\\/#website\",\"url\":\"https:\\\/\\\/tuguia.combarranquilla.co\\\/Revista\\\/\",\"name\":\"Tu Gu\u00eda\",\"description\":\"La revista donde lo tienes todo.\",\"publisher\":{\"@id\":\"https:\\\/\\\/tuguia.combarranquilla.co\\\/Revista\\\/#organization\"},\"alternateName\":\"Tu Gu\u00eda Combarranquilla\",\"potentialAction\":[{\"@type\":\"SearchAction\",\"target\":{\"@type\":\"EntryPoint\",\"urlTemplate\":\"https:\\\/\\\/tuguia.combarranquilla.co\\\/Revista\\\/?s={search_term_string}\"},\"query-input\":{\"@type\":\"PropertyValueSpecification\",\"valueRequired\":true,\"valueName\":\"search_term_string\"}}],\"inLanguage\":\"es-CO\"},{\"@type\":\"Organization\",\"@id\":\"https:\\\/\\\/tuguia.combarranquilla.co\\\/Revista\\\/#organization\",\"name\":\"Tu Gu\u00eda Combarranquilla\",\"url\":\"https:\\\/\\\/tuguia.combarranquilla.co\\\/Revista\\\/\",\"logo\":{\"@type\":\"ImageObject\",\"inLanguage\":\"es-CO\",\"@id\":\"https:\\\/\\\/tuguia.combarranquilla.co\\\/Revista\\\/#\\\/schema\\\/logo\\\/image\\\/\",\"url\":\"https:\\\/\\\/tuguia.combarranquilla.co\\\/Revista\\\/wp-content\\\/uploads\\\/2022\\\/02\\\/logo-guia-combarranquilla.svg\",\"contentUrl\":\"https:\\\/\\\/tuguia.combarranquilla.co\\\/Revista\\\/wp-content\\\/uploads\\\/2022\\\/02\\\/logo-guia-combarranquilla.svg\",\"caption\":\"Tu Gu\u00eda Combarranquilla\"},\"image\":{\"@id\":\"https:\\\/\\\/tuguia.combarranquilla.co\\\/Revista\\\/#\\\/schema\\\/logo\\\/image\\\/\"}},{\"@type\":\"Person\",\"@id\":\"https:\\\/\\\/tuguia.combarranquilla.co\\\/Revista\\\/#\\\/schema\\\/person\\\/c2c396a77170bd1d5f8ba73294eb0d10\",\"name\":\"Comunicaciones Combarranquilla\",\"image\":{\"@type\":\"ImageObject\",\"inLanguage\":\"es-CO\",\"@id\":\"https:\\\/\\\/tuguia.combarranquilla.co\\\/Revista\\\/wp-content\\\/uploads\\\/2025\\\/05\\\/ABC-Al-Rojo-Logo-96x96.jpg\",\"url\":\"https:\\\/\\\/tuguia.combarranquilla.co\\\/Revista\\\/wp-content\\\/uploads\\\/2025\\\/05\\\/ABC-Al-Rojo-Logo-96x96.jpg\",\"contentUrl\":\"https:\\\/\\\/tuguia.combarranquilla.co\\\/Revista\\\/wp-content\\\/uploads\\\/2025\\\/05\\\/ABC-Al-Rojo-Logo-96x96.jpg\",\"caption\":\"Comunicaciones Combarranquilla\"},\"sameAs\":[\"https:\\\/\\\/www.combarranquilla.co\"],\"url\":\"https:\\\/\\\/tuguia.combarranquilla.co\\\/Revista\\\/author\\\/comunicaciones\\\/\"}]}<\/script>\n<!-- \/ Yoast SEO plugin. -->","yoast_head_json":{"title":"Grupo de danza Fusi\u00f3n Dorada ganadoras del  encuentro cultural Adulto Mayor - Tu Gu\u00eda","robots":{"index":"index","follow":"follow","max-snippet":"max-snippet:-1","max-image-preview":"max-image-preview:large","max-video-preview":"max-video-preview:-1"},"canonical":"https:\/\/tuguia.combarranquilla.co\/Revista\/grupo-de-danza-fusion-dorada-ganadoras-del-encuentro-cultural-adulto-mayor\/","og_locale":"es_ES","og_type":"article","og_title":"Grupo de danza Fusi\u00f3n Dorada ganadoras del  encuentro cultural Adulto Mayor - Tu Gu\u00eda","og_description":"El pasado 29 de agosto se llev\u00f3 a cabo el encuentro cultural Adulto Mayor en Comfenalco Cartagena y nuestro grupo Fusi\u00f3n Dorada particip\u00f3 con su danza: Popurr\u00ed Fusi\u00f3n Dorada. El evento se realiz\u00f3 en el marco de la celebraci\u00f3n del d\u00eda del adulto mayor conforme a la Ley 271 de 1996 donde se establece el [&hellip;]","og_url":"https:\/\/tuguia.combarranquilla.co\/Revista\/grupo-de-danza-fusion-dorada-ganadoras-del-encuentro-cultural-adulto-mayor\/","og_site_name":"Tu Gu\u00eda","article_published_time":"2022-09-08T18:25:08+00:00","article_modified_time":"2022-09-08T18:27:18+00:00","og_image":[{"width":2560,"height":1183,"url":"https:\/\/tuguia.combarranquilla.co\/Revista\/wp-content\/uploads\/2022\/09\/20220805_164245-scaled.jpg","type":"image\/jpeg"}],"author":"Comunicaciones Combarranquilla","twitter_card":"summary_large_image","twitter_misc":{"Escrito por":"Comunicaciones Combarranquilla","Tiempo de lectura":"1 minuto"},"schema":{"@context":"https:\/\/schema.org","@graph":[{"@type":"Article","@id":"https:\/\/tuguia.combarranquilla.co\/Revista\/grupo-de-danza-fusion-dorada-ganadoras-del-encuentro-cultural-adulto-mayor\/#article","isPartOf":{"@id":"https:\/\/tuguia.combarranquilla.co\/Revista\/grupo-de-danza-fusion-dorada-ganadoras-del-encuentro-cultural-adulto-mayor\/"},"author":{"name":"Comunicaciones Combarranquilla","@id":"https:\/\/tuguia.combarranquilla.co\/Revista\/#\/schema\/person\/c2c396a77170bd1d5f8ba73294eb0d10"},"headline":"Grupo de danza Fusi\u00f3n Dorada ganadoras del encuentro cultural Adulto Mayor","datePublished":"2022-09-08T18:25:08+00:00","dateModified":"2022-09-08T18:27:18+00:00","mainEntityOfPage":{"@id":"https:\/\/tuguia.combarranquilla.co\/Revista\/grupo-de-danza-fusion-dorada-ganadoras-del-encuentro-cultural-adulto-mayor\/"},"wordCount":204,"commentCount":0,"publisher":{"@id":"https:\/\/tuguia.combarranquilla.co\/Revista\/#organization"},"image":{"@id":"https:\/\/tuguia.combarranquilla.co\/Revista\/grupo-de-danza-fusion-dorada-ganadoras-del-encuentro-cultural-adulto-mayor\/#primaryimage"},"thumbnailUrl":"https:\/\/tuguia.combarranquilla.co\/Revista\/wp-content\/uploads\/2022\/09\/20220805_164245-scaled.jpg","articleSection":["FAMILIA COMBARRANQUILLA"],"inLanguage":"es-CO","potentialAction":[{"@type":"CommentAction","name":"Comment","target":["https:\/\/tuguia.combarranquilla.co\/Revista\/grupo-de-danza-fusion-dorada-ganadoras-del-encuentro-cultural-adulto-mayor\/#respond"]}]},{"@type":"WebPage","@id":"https:\/\/tuguia.combarranquilla.co\/Revista\/grupo-de-danza-fusion-dorada-ganadoras-del-encuentro-cultural-adulto-mayor\/","url":"https:\/\/tuguia.combarranquilla.co\/Revista\/grupo-de-danza-fusion-dorada-ganadoras-del-encuentro-cultural-adulto-mayor\/","name":"Grupo de danza Fusi\u00f3n Dorada ganadoras del encuentro cultural Adulto Mayor - Tu Gu\u00eda","isPartOf":{"@id":"https:\/\/tuguia.combarranquilla.co\/Revista\/#website"},"primaryImageOfPage":{"@id":"https:\/\/tuguia.combarranquilla.co\/Revista\/grupo-de-danza-fusion-dorada-ganadoras-del-encuentro-cultural-adulto-mayor\/#primaryimage"},"image":{"@id":"https:\/\/tuguia.combarranquilla.co\/Revista\/grupo-de-danza-fusion-dorada-ganadoras-del-encuentro-cultural-adulto-mayor\/#primaryimage"},"thumbnailUrl":"https:\/\/tuguia.combarranquilla.co\/Revista\/wp-content\/uploads\/2022\/09\/20220805_164245-scaled.jpg","datePublished":"2022-09-08T18:25:08+00:00","dateModified":"2022-09-08T18:27:18+00:00","breadcrumb":{"@id":"https:\/\/tuguia.combarranquilla.co\/Revista\/grupo-de-danza-fusion-dorada-ganadoras-del-encuentro-cultural-adulto-mayor\/#breadcrumb"},"inLanguage":"es-CO","potentialAction":[{"@type":"ReadAction","target":["https:\/\/tuguia.combarranquilla.co\/Revista\/grupo-de-danza-fusion-dorada-ganadoras-del-encuentro-cultural-adulto-mayor\/"]}]},{"@type":"ImageObject","inLanguage":"es-CO","@id":"https:\/\/tuguia.combarranquilla.co\/Revista\/grupo-de-danza-fusion-dorada-ganadoras-del-encuentro-cultural-adulto-mayor\/#primaryimage","url":"https:\/\/tuguia.combarranquilla.co\/Revista\/wp-content\/uploads\/2022\/09\/20220805_164245-scaled.jpg","contentUrl":"https:\/\/tuguia.combarranquilla.co\/Revista\/wp-content\/uploads\/2022\/09\/20220805_164245-scaled.jpg","width":2560,"height":1183},{"@type":"BreadcrumbList","@id":"https:\/\/tuguia.combarranquilla.co\/Revista\/grupo-de-danza-fusion-dorada-ganadoras-del-encuentro-cultural-adulto-mayor\/#breadcrumb","itemListElement":[{"@type":"ListItem","position":1,"name":"Inicio","item":"https:\/\/tuguia.combarranquilla.co\/Revista\/"},{"@type":"ListItem","position":2,"name":"Grupo de danza Fusi\u00f3n Dorada ganadoras del encuentro cultural Adulto Mayor"}]},{"@type":"WebSite","@id":"https:\/\/tuguia.combarranquilla.co\/Revista\/#website","url":"https:\/\/tuguia.combarranquilla.co\/Revista\/","name":"Tu Gu\u00eda","description":"La revista donde lo tienes todo.","publisher":{"@id":"https:\/\/tuguia.combarranquilla.co\/Revista\/#organization"},"alternateName":"Tu Gu\u00eda Combarranquilla","potentialAction":[{"@type":"SearchAction","target":{"@type":"EntryPoint","urlTemplate":"https:\/\/tuguia.combarranquilla.co\/Revista\/?s={search_term_string}"},"query-input":{"@type":"PropertyValueSpecification","valueRequired":true,"valueName":"search_term_string"}}],"inLanguage":"es-CO"},{"@type":"Organization","@id":"https:\/\/tuguia.combarranquilla.co\/Revista\/#organization","name":"Tu Gu\u00eda Combarranquilla","url":"https:\/\/tuguia.combarranquilla.co\/Revista\/","logo":{"@type":"ImageObject","inLanguage":"es-CO","@id":"https:\/\/tuguia.combarranquilla.co\/Revista\/#\/schema\/logo\/image\/","url":"https:\/\/tuguia.combarranquilla.co\/Revista\/wp-content\/uploads\/2022\/02\/logo-guia-combarranquilla.svg","contentUrl":"https:\/\/tuguia.combarranquilla.co\/Revista\/wp-content\/uploads\/2022\/02\/logo-guia-combarranquilla.svg","caption":"Tu Gu\u00eda Combarranquilla"},"image":{"@id":"https:\/\/tuguia.combarranquilla.co\/Revista\/#\/schema\/logo\/image\/"}},{"@type":"Person","@id":"https:\/\/tuguia.combarranquilla.co\/Revista\/#\/schema\/person\/c2c396a77170bd1d5f8ba73294eb0d10","name":"Comunicaciones Combarranquilla","image":{"@type":"ImageObject","inLanguage":"es-CO","@id":"https:\/\/tuguia.combarranquilla.co\/Revista\/wp-content\/uploads\/2025\/05\/ABC-Al-Rojo-Logo-96x96.jpg","url":"https:\/\/tuguia.combarranquilla.co\/Revista\/wp-content\/uploads\/2025\/05\/ABC-Al-Rojo-Logo-96x96.jpg","contentUrl":"https:\/\/tuguia.combarranquilla.co\/Revista\/wp-content\/uploads\/2025\/05\/ABC-Al-Rojo-Logo-96x96.jpg","caption":"Comunicaciones Combarranquilla"},"sameAs":["https:\/\/www.combarranquilla.co"],"url":"https:\/\/tuguia.combarranquilla.co\/Revista\/author\/comunicaciones\/"}]}},"_links":{"self":[{"href":"https:\/\/tuguia.combarranquilla.co\/Revista\/wp-json\/wp\/v2\/posts\/725","targetHints":{"allow":["GET"]}}],"collection":[{"href":"https:\/\/tuguia.combarranquilla.co\/Revista\/wp-json\/wp\/v2\/posts"}],"about":[{"href":"https:\/\/tuguia.combarranquilla.co\/Revista\/wp-json\/wp\/v2\/types\/post"}],"author":[{"embeddable":true,"href":"https:\/\/tuguia.combarranquilla.co\/Revista\/wp-json\/wp\/v2\/users\/2"}],"replies":[{"embeddable":true,"href":"https:\/\/tuguia.combarranquilla.co\/Revista\/wp-json\/wp\/v2\/comments?post=725"}],"version-history":[{"count":4,"href":"https:\/\/tuguia.combarranquilla.co\/Revista\/wp-json\/wp\/v2\/posts\/725\/revisions"}],"predecessor-version":[{"id":753,"href":"https:\/\/tuguia.combarranquilla.co\/Revista\/wp-json\/wp\/v2\/posts\/725\/revisions\/753"}],"wp:featuredmedia":[{"embeddable":true,"href":"https:\/\/tuguia.combarranquilla.co\/Revista\/wp-json\/wp\/v2\/media\/750"}],"wp:attachment":[{"href":"https:\/\/tuguia.combarranquilla.co\/Revista\/wp-json\/wp\/v2\/media?parent=725"}],"wp:term":[{"taxonomy":"category","embeddable":true,"href":"https:\/\/tuguia.combarranquilla.co\/Revista\/wp-json\/wp\/v2\/categories?post=725"},{"taxonomy":"post_tag","embeddable":true,"href":"https:\/\/tuguia.combarranquilla.co\/Revista\/wp-json\/wp\/v2\/tags?post=725"}],"curies":[{"name":"wp","href":"https:\/\/api.w.org\/{rel}","templated":true}]}}