{"id":728,"date":"2022-09-07T16:39:30","date_gmt":"2022-09-07T21:39:30","guid":{"rendered":"https:\/\/tuguia.combarranquilla.co\/Revista\/?p=728"},"modified":"2022-09-27T14:53:35","modified_gmt":"2022-09-27T19:53:35","slug":"el-nuevo-aliado-efectivo-de-las-mipymes-crecemos-contigo","status":"publish","type":"post","link":"https:\/\/tuguia.combarranquilla.co\/Revista\/el-nuevo-aliado-efectivo-de-las-mipymes-crecemos-contigo\/","title":{"rendered":"El nuevo aliado efectivo de las MiPymes: Crecemos Contigo."},"content":{"rendered":"\n<p> A trav\u00e9s de asesor\u00edas y capacitaciones contribuyen al desarrollo, consolidaci\u00f3n y escalamiento de las organizaciones.<\/p>\n\n\n\n<div class=\"wp-block-media-text alignwide has-media-on-the-right is-stacked-on-mobile is-vertically-aligned-center has-background\" style=\"background-color:#f1f5c7\"><figure class=\"wp-block-media-text__media\"><img decoding=\"async\" width=\"1024\" height=\"768\" data-src=\"https:\/\/tuguia.combarranquilla.co\/Revista\/wp-content\/uploads\/2022\/09\/2022.-LANZAMIENTO-DEL-PROGRAMA-CRECEMOS-CONTIGO-1-1024x768.jpg\" alt=\"\" class=\"wp-image-732 size-full lazyload\" data-srcset=\"https:\/\/tuguia.combarranquilla.co\/Revista\/wp-content\/uploads\/2022\/09\/2022.-LANZAMIENTO-DEL-PROGRAMA-CRECEMOS-CONTIGO-1-1024x768.jpg 1024w, https:\/\/tuguia.combarranquilla.co\/Revista\/wp-content\/uploads\/2022\/09\/2022.-LANZAMIENTO-DEL-PROGRAMA-CRECEMOS-CONTIGO-1-300x225.jpg 300w, https:\/\/tuguia.combarranquilla.co\/Revista\/wp-content\/uploads\/2022\/09\/2022.-LANZAMIENTO-DEL-PROGRAMA-CRECEMOS-CONTIGO-1-768x576.jpg 768w, https:\/\/tuguia.combarranquilla.co\/Revista\/wp-content\/uploads\/2022\/09\/2022.-LANZAMIENTO-DEL-PROGRAMA-CRECEMOS-CONTIGO-1-1536x1152.jpg 1536w, https:\/\/tuguia.combarranquilla.co\/Revista\/wp-content\/uploads\/2022\/09\/2022.-LANZAMIENTO-DEL-PROGRAMA-CRECEMOS-CONTIGO-1-2048x1536.jpg 2048w\" data-sizes=\"(max-width: 1024px) 100vw, 1024px\" src=\"data:image\/svg+xml;base64,PHN2ZyB3aWR0aD0iMSIgaGVpZ2h0PSIxIiB4bWxucz0iaHR0cDovL3d3dy53My5vcmcvMjAwMC9zdmciPjwvc3ZnPg==\" style=\"--smush-placeholder-width: 1024px; --smush-placeholder-aspect-ratio: 1024\/768;\" \/><\/figure><div class=\"wp-block-media-text__content\">\n<div class=\"wp-block-group\" style=\"padding-top:2em;padding-right:2em;padding-bottom:2em;padding-left:2em\"><div class=\"wp-block-group__inner-container is-layout-flow wp-block-group-is-layout-flow\">\n<p style=\"font-size:36px;line-height:1.2\"><strong>Este Programa busca impulsar y fortalecer a las MiPymes afiliadas.<\/strong><\/p>\n\n\n\n<p class=\"has-extra-small-font-size\">\u2013 Yira Reales, Jefe de SPE.<\/p>\n<\/div><\/div>\n<\/div><\/div>\n\n\n\n<div class=\"wp-block-media-text alignwide is-stacked-on-mobile is-vertically-aligned-center has-background\" style=\"background-color:#fffdea\"><figure class=\"wp-block-media-text__media\"><img decoding=\"async\" width=\"1024\" height=\"768\" data-src=\"https:\/\/tuguia.combarranquilla.co\/Revista\/wp-content\/uploads\/2022\/09\/2022.-LANZAMIENTO-DEL-PROGRAMA-CRECEMOS-CONTIGO-1-1-1024x768.jpg\" alt=\"\" class=\"wp-image-734 size-full lazyload\" data-srcset=\"https:\/\/tuguia.combarranquilla.co\/Revista\/wp-content\/uploads\/2022\/09\/2022.-LANZAMIENTO-DEL-PROGRAMA-CRECEMOS-CONTIGO-1-1-1024x768.jpg 1024w, https:\/\/tuguia.combarranquilla.co\/Revista\/wp-content\/uploads\/2022\/09\/2022.-LANZAMIENTO-DEL-PROGRAMA-CRECEMOS-CONTIGO-1-1-300x225.jpg 300w, https:\/\/tuguia.combarranquilla.co\/Revista\/wp-content\/uploads\/2022\/09\/2022.-LANZAMIENTO-DEL-PROGRAMA-CRECEMOS-CONTIGO-1-1-768x576.jpg 768w, https:\/\/tuguia.combarranquilla.co\/Revista\/wp-content\/uploads\/2022\/09\/2022.-LANZAMIENTO-DEL-PROGRAMA-CRECEMOS-CONTIGO-1-1-1536x1152.jpg 1536w, https:\/\/tuguia.combarranquilla.co\/Revista\/wp-content\/uploads\/2022\/09\/2022.-LANZAMIENTO-DEL-PROGRAMA-CRECEMOS-CONTIGO-1-1-2048x1536.jpg 2048w\" data-sizes=\"(max-width: 1024px) 100vw, 1024px\" src=\"data:image\/svg+xml;base64,PHN2ZyB3aWR0aD0iMSIgaGVpZ2h0PSIxIiB4bWxucz0iaHR0cDovL3d3dy53My5vcmcvMjAwMC9zdmciPjwvc3ZnPg==\" style=\"--smush-placeholder-width: 1024px; --smush-placeholder-aspect-ratio: 1024\/768;\" \/><\/figure><div class=\"wp-block-media-text__content\">\n<div class=\"wp-block-group\" style=\"padding-top:2em;padding-right:2em;padding-bottom:2em;padding-left:2em\"><div class=\"wp-block-group__inner-container is-layout-flow wp-block-group-is-layout-flow\">\n<p class=\"has-text-align-left\" style=\"font-size:36px;line-height:1.2\"><strong>Promover mejores pr\u00e1cticas empresariales y generar un modelo de atenci\u00f3n integral.<\/strong><\/p>\n\n\n\n<p class=\"has-extra-small-font-size\">\u2013 Sandra Salgado, L\u00edder del Programa.<\/p>\n<\/div><\/div>\n<\/div><\/div>\n\n\n\n<h2 class=\"wp-block-heading\">\u00bfCu\u00e1les son los beneficios?<\/h2>\n\n\n\n<ul class=\"wp-block-list\"><li>Bono como parte de pago para una consultor\u00eda.<\/li><li>Asesor\u00eda especializada y personalizada con expertos en finanzas, marketing, log\u00edstica y mucho m\u00e1s.<\/li><li>Seguimiento por parte del equipo del programa durante 1 a\u00f1o.<\/li><li>Capacitaciones gratuitas a la medida y en temas de inter\u00e9s general.<\/li><li>Crecimiento de su MiPyme.<\/li><li>Espacios de relacionamiento empresarial.<\/li><li>Acercamiento con entidades privadas y estatales en el entorno de emprendimiento y propulsores empresariales.<\/li><\/ul>\n\n\n\n<figure class=\"wp-block-embed is-type-video is-provider-youtube wp-block-embed-youtube wp-embed-aspect-16-9 wp-has-aspect-ratio\"><div class=\"wp-block-embed__wrapper\">\n<iframe title=\"LANZAMIENTO CRECEMOS CONTIGO1\" width=\"640\" height=\"360\" data-src=\"https:\/\/www.youtube.com\/embed\/BSc5wSso4gE?feature=oembed\" frameborder=\"0\" allow=\"accelerometer; autoplay; clipboard-write; encrypted-media; gyroscope; picture-in-picture; web-share\" referrerpolicy=\"strict-origin-when-cross-origin\" allowfullscreen src=\"data:image\/svg+xml;base64,PHN2ZyB3aWR0aD0iMSIgaGVpZ2h0PSIxIiB4bWxucz0iaHR0cDovL3d3dy53My5vcmcvMjAwMC9zdmciPjwvc3ZnPg==\" class=\"lazyload\" data-load-mode=\"1\"><\/iframe>\n<\/div><\/figure>\n\n\n\n<h2 class=\"wp-block-heading\">\u00bfCu\u00e1les son los requisitos para inscribirse?<\/h2>\n\n\n\n<ol class=\"wp-block-list\" type=\"1\"><li>Estar clasificada como MiPymes de acuerdo con el decreto 957 del&nbsp;05 de junio&nbsp;de 2019.&nbsp;<\/li><li>Ser una empresa afiliada a Combarranquilla.<\/li><li>Garantizar la continuidad de su n\u00f3mina y estar al d\u00eda en el pago de sus obligaciones parafiscales y aportes al Sistema de Seguridad Social Integral.<\/li><\/ol>\n\n\n\n<h2 class=\"wp-block-heading\">\u00bfQu\u00e9 documentos se deben entregar?<\/h2>\n\n\n\n<ul class=\"wp-block-list\"><li>Formato de caracterizaci\u00f3n de empresa.&nbsp;<\/li><li>Certificado de existencia y representaci\u00f3n legal no mayor a 30 d\u00edas.&nbsp;<\/li><li>Rut.&nbsp;<\/li><li>Copia de la c\u00e9dula del representante legal.<\/li><li>Planilla pagada&nbsp;de seguridad social y parafiscales del mes vencido.<\/li><\/ul>\n\n\n\n<figure class=\"wp-block-image size-large\"><img decoding=\"async\" width=\"1024\" height=\"575\" data-src=\"https:\/\/tuguia.combarranquilla.co\/Revista\/wp-content\/uploads\/2022\/09\/Captura-de-pantalla-2022-09-07-163302-1024x575.jpg\" alt=\"\" class=\"wp-image-738 lazyload\" data-srcset=\"https:\/\/tuguia.combarranquilla.co\/Revista\/wp-content\/uploads\/2022\/09\/Captura-de-pantalla-2022-09-07-163302-1024x575.jpg 1024w, https:\/\/tuguia.combarranquilla.co\/Revista\/wp-content\/uploads\/2022\/09\/Captura-de-pantalla-2022-09-07-163302-300x169.jpg 300w, https:\/\/tuguia.combarranquilla.co\/Revista\/wp-content\/uploads\/2022\/09\/Captura-de-pantalla-2022-09-07-163302-768x432.jpg 768w, https:\/\/tuguia.combarranquilla.co\/Revista\/wp-content\/uploads\/2022\/09\/Captura-de-pantalla-2022-09-07-163302.jpg 1034w\" data-sizes=\"(max-width: 1024px) 100vw, 1024px\" src=\"data:image\/svg+xml;base64,PHN2ZyB3aWR0aD0iMSIgaGVpZ2h0PSIxIiB4bWxucz0iaHR0cDovL3d3dy53My5vcmcvMjAwMC9zdmciPjwvc3ZnPg==\" style=\"--smush-placeholder-width: 1024px; --smush-placeholder-aspect-ratio: 1024\/575;\" \/><\/figure>\n\n\n\n<p class=\"has-text-align-center\"><strong>\u00a1Inscr\u00edbete aqu\u00ed! <a rel=\"noreferrer noopener\" href=\"https:\/\/bit.ly\/3x6qTIV\" target=\"_blank\">https:\/\/bit.ly\/3x6qTIV<\/a> <\/strong><\/p>\n","protected":false},"excerpt":{"rendered":"<p>A trav\u00e9s de asesor\u00edas y capacitaciones contribuyen al desarrollo, consolidaci\u00f3n y escalamiento de las organizaciones. \u00bfCu\u00e1les son los beneficios? Bono como parte de pago para una consultor\u00eda. Asesor\u00eda especializada y personalizada con expertos en finanzas, marketing, log\u00edstica y mucho m\u00e1s. Seguimiento por parte del equipo del programa durante 1 a\u00f1o. Capacitaciones gratuitas a la medida [&hellip;]<\/p>\n","protected":false},"author":2,"featured_media":850,"comment_status":"open","ping_status":"open","sticky":false,"template":"","format":"standard","meta":{"inline_featured_image":false,"footnotes":""},"categories":[6],"tags":[],"class_list":["post-728","post","type-post","status-publish","format-standard","has-post-thumbnail","hentry","category-empleabilidad"],"yoast_head":"<!-- This site is optimized with the Yoast SEO plugin v27.4 - https:\/\/yoast.com\/product\/yoast-seo-wordpress\/ -->\n<title>El nuevo aliado efectivo de las MiPymes: Crecemos Contigo. - Tu Gu\u00eda<\/title>\n<meta name=\"robots\" content=\"index, follow, max-snippet:-1, max-image-preview:large, max-video-preview:-1\" \/>\n<link rel=\"canonical\" href=\"https:\/\/tuguia.combarranquilla.co\/Revista\/el-nuevo-aliado-efectivo-de-las-mipymes-crecemos-contigo\/\" \/>\n<meta property=\"og:locale\" content=\"es_ES\" \/>\n<meta property=\"og:type\" content=\"article\" \/>\n<meta property=\"og:title\" content=\"El nuevo aliado efectivo de las MiPymes: Crecemos Contigo. - Tu Gu\u00eda\" \/>\n<meta property=\"og:description\" content=\"A trav\u00e9s de asesor\u00edas y capacitaciones contribuyen al desarrollo, consolidaci\u00f3n y escalamiento de las organizaciones. \u00bfCu\u00e1les son los beneficios? Bono como parte de pago para una consultor\u00eda. Asesor\u00eda especializada y personalizada con expertos en finanzas, marketing, log\u00edstica y mucho m\u00e1s. Seguimiento por parte del equipo del programa durante 1 a\u00f1o. Capacitaciones gratuitas a la medida [&hellip;]\" \/>\n<meta property=\"og:url\" content=\"https:\/\/tuguia.combarranquilla.co\/Revista\/el-nuevo-aliado-efectivo-de-las-mipymes-crecemos-contigo\/\" \/>\n<meta property=\"og:site_name\" content=\"Tu Gu\u00eda\" \/>\n<meta property=\"article:published_time\" content=\"2022-09-07T21:39:30+00:00\" \/>\n<meta property=\"article:modified_time\" content=\"2022-09-27T19:53:35+00:00\" \/>\n<meta property=\"og:image\" content=\"https:\/\/tuguia.combarranquilla.co\/Revista\/wp-content\/uploads\/2022\/09\/IMG_0549-scaled.jpeg\" \/>\n\t<meta property=\"og:image:width\" content=\"2560\" \/>\n\t<meta property=\"og:image:height\" content=\"1920\" \/>\n\t<meta property=\"og:image:type\" content=\"image\/jpeg\" \/>\n<meta name=\"author\" content=\"Comunicaciones Combarranquilla\" \/>\n<meta name=\"twitter:card\" content=\"summary_large_image\" \/>\n<meta name=\"twitter:label1\" content=\"Escrito por\" \/>\n\t<meta name=\"twitter:data1\" content=\"Comunicaciones Combarranquilla\" \/>\n\t<meta name=\"twitter:label2\" content=\"Tiempo de lectura\" \/>\n\t<meta name=\"twitter:data2\" content=\"1 minuto\" \/>\n<script type=\"application\/ld+json\" class=\"yoast-schema-graph\">{\"@context\":\"https:\\\/\\\/schema.org\",\"@graph\":[{\"@type\":\"Article\",\"@id\":\"https:\\\/\\\/tuguia.combarranquilla.co\\\/Revista\\\/el-nuevo-aliado-efectivo-de-las-mipymes-crecemos-contigo\\\/#article\",\"isPartOf\":{\"@id\":\"https:\\\/\\\/tuguia.combarranquilla.co\\\/Revista\\\/el-nuevo-aliado-efectivo-de-las-mipymes-crecemos-contigo\\\/\"},\"author\":{\"name\":\"Comunicaciones Combarranquilla\",\"@id\":\"https:\\\/\\\/tuguia.combarranquilla.co\\\/Revista\\\/#\\\/schema\\\/person\\\/c2c396a77170bd1d5f8ba73294eb0d10\"},\"headline\":\"El nuevo aliado efectivo de las MiPymes: Crecemos Contigo.\",\"datePublished\":\"2022-09-07T21:39:30+00:00\",\"dateModified\":\"2022-09-27T19:53:35+00:00\",\"mainEntityOfPage\":{\"@id\":\"https:\\\/\\\/tuguia.combarranquilla.co\\\/Revista\\\/el-nuevo-aliado-efectivo-de-las-mipymes-crecemos-contigo\\\/\"},\"wordCount\":254,\"commentCount\":0,\"publisher\":{\"@id\":\"https:\\\/\\\/tuguia.combarranquilla.co\\\/Revista\\\/#organization\"},\"image\":{\"@id\":\"https:\\\/\\\/tuguia.combarranquilla.co\\\/Revista\\\/el-nuevo-aliado-efectivo-de-las-mipymes-crecemos-contigo\\\/#primaryimage\"},\"thumbnailUrl\":\"https:\\\/\\\/tuguia.combarranquilla.co\\\/Revista\\\/wp-content\\\/uploads\\\/2022\\\/09\\\/IMG_0549-scaled.jpeg\",\"articleSection\":[\"EMPLEABILIDAD\"],\"inLanguage\":\"es-CO\",\"potentialAction\":[{\"@type\":\"CommentAction\",\"name\":\"Comment\",\"target\":[\"https:\\\/\\\/tuguia.combarranquilla.co\\\/Revista\\\/el-nuevo-aliado-efectivo-de-las-mipymes-crecemos-contigo\\\/#respond\"]}]},{\"@type\":\"WebPage\",\"@id\":\"https:\\\/\\\/tuguia.combarranquilla.co\\\/Revista\\\/el-nuevo-aliado-efectivo-de-las-mipymes-crecemos-contigo\\\/\",\"url\":\"https:\\\/\\\/tuguia.combarranquilla.co\\\/Revista\\\/el-nuevo-aliado-efectivo-de-las-mipymes-crecemos-contigo\\\/\",\"name\":\"El nuevo aliado efectivo de las MiPymes: Crecemos Contigo. - Tu Gu\u00eda\",\"isPartOf\":{\"@id\":\"https:\\\/\\\/tuguia.combarranquilla.co\\\/Revista\\\/#website\"},\"primaryImageOfPage\":{\"@id\":\"https:\\\/\\\/tuguia.combarranquilla.co\\\/Revista\\\/el-nuevo-aliado-efectivo-de-las-mipymes-crecemos-contigo\\\/#primaryimage\"},\"image\":{\"@id\":\"https:\\\/\\\/tuguia.combarranquilla.co\\\/Revista\\\/el-nuevo-aliado-efectivo-de-las-mipymes-crecemos-contigo\\\/#primaryimage\"},\"thumbnailUrl\":\"https:\\\/\\\/tuguia.combarranquilla.co\\\/Revista\\\/wp-content\\\/uploads\\\/2022\\\/09\\\/IMG_0549-scaled.jpeg\",\"datePublished\":\"2022-09-07T21:39:30+00:00\",\"dateModified\":\"2022-09-27T19:53:35+00:00\",\"breadcrumb\":{\"@id\":\"https:\\\/\\\/tuguia.combarranquilla.co\\\/Revista\\\/el-nuevo-aliado-efectivo-de-las-mipymes-crecemos-contigo\\\/#breadcrumb\"},\"inLanguage\":\"es-CO\",\"potentialAction\":[{\"@type\":\"ReadAction\",\"target\":[\"https:\\\/\\\/tuguia.combarranquilla.co\\\/Revista\\\/el-nuevo-aliado-efectivo-de-las-mipymes-crecemos-contigo\\\/\"]}]},{\"@type\":\"ImageObject\",\"inLanguage\":\"es-CO\",\"@id\":\"https:\\\/\\\/tuguia.combarranquilla.co\\\/Revista\\\/el-nuevo-aliado-efectivo-de-las-mipymes-crecemos-contigo\\\/#primaryimage\",\"url\":\"https:\\\/\\\/tuguia.combarranquilla.co\\\/Revista\\\/wp-content\\\/uploads\\\/2022\\\/09\\\/IMG_0549-scaled.jpeg\",\"contentUrl\":\"https:\\\/\\\/tuguia.combarranquilla.co\\\/Revista\\\/wp-content\\\/uploads\\\/2022\\\/09\\\/IMG_0549-scaled.jpeg\",\"width\":2560,\"height\":1920},{\"@type\":\"BreadcrumbList\",\"@id\":\"https:\\\/\\\/tuguia.combarranquilla.co\\\/Revista\\\/el-nuevo-aliado-efectivo-de-las-mipymes-crecemos-contigo\\\/#breadcrumb\",\"itemListElement\":[{\"@type\":\"ListItem\",\"position\":1,\"name\":\"Inicio\",\"item\":\"https:\\\/\\\/tuguia.combarranquilla.co\\\/Revista\\\/\"},{\"@type\":\"ListItem\",\"position\":2,\"name\":\"El nuevo aliado efectivo de las MiPymes: Crecemos Contigo.\"}]},{\"@type\":\"WebSite\",\"@id\":\"https:\\\/\\\/tuguia.combarranquilla.co\\\/Revista\\\/#website\",\"url\":\"https:\\\/\\\/tuguia.combarranquilla.co\\\/Revista\\\/\",\"name\":\"Tu Gu\u00eda\",\"description\":\"La revista donde lo tienes todo.\",\"publisher\":{\"@id\":\"https:\\\/\\\/tuguia.combarranquilla.co\\\/Revista\\\/#organization\"},\"alternateName\":\"Tu Gu\u00eda Combarranquilla\",\"potentialAction\":[{\"@type\":\"SearchAction\",\"target\":{\"@type\":\"EntryPoint\",\"urlTemplate\":\"https:\\\/\\\/tuguia.combarranquilla.co\\\/Revista\\\/?s={search_term_string}\"},\"query-input\":{\"@type\":\"PropertyValueSpecification\",\"valueRequired\":true,\"valueName\":\"search_term_string\"}}],\"inLanguage\":\"es-CO\"},{\"@type\":\"Organization\",\"@id\":\"https:\\\/\\\/tuguia.combarranquilla.co\\\/Revista\\\/#organization\",\"name\":\"Tu Gu\u00eda Combarranquilla\",\"url\":\"https:\\\/\\\/tuguia.combarranquilla.co\\\/Revista\\\/\",\"logo\":{\"@type\":\"ImageObject\",\"inLanguage\":\"es-CO\",\"@id\":\"https:\\\/\\\/tuguia.combarranquilla.co\\\/Revista\\\/#\\\/schema\\\/logo\\\/image\\\/\",\"url\":\"https:\\\/\\\/tuguia.combarranquilla.co\\\/Revista\\\/wp-content\\\/uploads\\\/2022\\\/02\\\/logo-guia-combarranquilla.svg\",\"contentUrl\":\"https:\\\/\\\/tuguia.combarranquilla.co\\\/Revista\\\/wp-content\\\/uploads\\\/2022\\\/02\\\/logo-guia-combarranquilla.svg\",\"caption\":\"Tu Gu\u00eda Combarranquilla\"},\"image\":{\"@id\":\"https:\\\/\\\/tuguia.combarranquilla.co\\\/Revista\\\/#\\\/schema\\\/logo\\\/image\\\/\"}},{\"@type\":\"Person\",\"@id\":\"https:\\\/\\\/tuguia.combarranquilla.co\\\/Revista\\\/#\\\/schema\\\/person\\\/c2c396a77170bd1d5f8ba73294eb0d10\",\"name\":\"Comunicaciones Combarranquilla\",\"image\":{\"@type\":\"ImageObject\",\"inLanguage\":\"es-CO\",\"@id\":\"https:\\\/\\\/tuguia.combarranquilla.co\\\/Revista\\\/wp-content\\\/uploads\\\/2025\\\/05\\\/ABC-Al-Rojo-Logo-96x96.jpg\",\"url\":\"https:\\\/\\\/tuguia.combarranquilla.co\\\/Revista\\\/wp-content\\\/uploads\\\/2025\\\/05\\\/ABC-Al-Rojo-Logo-96x96.jpg\",\"contentUrl\":\"https:\\\/\\\/tuguia.combarranquilla.co\\\/Revista\\\/wp-content\\\/uploads\\\/2025\\\/05\\\/ABC-Al-Rojo-Logo-96x96.jpg\",\"caption\":\"Comunicaciones Combarranquilla\"},\"sameAs\":[\"https:\\\/\\\/www.combarranquilla.co\"],\"url\":\"https:\\\/\\\/tuguia.combarranquilla.co\\\/Revista\\\/author\\\/comunicaciones\\\/\"}]}<\/script>\n<!-- \/ Yoast SEO plugin. -->","yoast_head_json":{"title":"El nuevo aliado efectivo de las MiPymes: Crecemos Contigo. - Tu Gu\u00eda","robots":{"index":"index","follow":"follow","max-snippet":"max-snippet:-1","max-image-preview":"max-image-preview:large","max-video-preview":"max-video-preview:-1"},"canonical":"https:\/\/tuguia.combarranquilla.co\/Revista\/el-nuevo-aliado-efectivo-de-las-mipymes-crecemos-contigo\/","og_locale":"es_ES","og_type":"article","og_title":"El nuevo aliado efectivo de las MiPymes: Crecemos Contigo. - Tu Gu\u00eda","og_description":"A trav\u00e9s de asesor\u00edas y capacitaciones contribuyen al desarrollo, consolidaci\u00f3n y escalamiento de las organizaciones. \u00bfCu\u00e1les son los beneficios? Bono como parte de pago para una consultor\u00eda. Asesor\u00eda especializada y personalizada con expertos en finanzas, marketing, log\u00edstica y mucho m\u00e1s. Seguimiento por parte del equipo del programa durante 1 a\u00f1o. Capacitaciones gratuitas a la medida [&hellip;]","og_url":"https:\/\/tuguia.combarranquilla.co\/Revista\/el-nuevo-aliado-efectivo-de-las-mipymes-crecemos-contigo\/","og_site_name":"Tu Gu\u00eda","article_published_time":"2022-09-07T21:39:30+00:00","article_modified_time":"2022-09-27T19:53:35+00:00","og_image":[{"width":2560,"height":1920,"url":"https:\/\/tuguia.combarranquilla.co\/Revista\/wp-content\/uploads\/2022\/09\/IMG_0549-scaled.jpeg","type":"image\/jpeg"}],"author":"Comunicaciones Combarranquilla","twitter_card":"summary_large_image","twitter_misc":{"Escrito por":"Comunicaciones Combarranquilla","Tiempo de lectura":"1 minuto"},"schema":{"@context":"https:\/\/schema.org","@graph":[{"@type":"Article","@id":"https:\/\/tuguia.combarranquilla.co\/Revista\/el-nuevo-aliado-efectivo-de-las-mipymes-crecemos-contigo\/#article","isPartOf":{"@id":"https:\/\/tuguia.combarranquilla.co\/Revista\/el-nuevo-aliado-efectivo-de-las-mipymes-crecemos-contigo\/"},"author":{"name":"Comunicaciones Combarranquilla","@id":"https:\/\/tuguia.combarranquilla.co\/Revista\/#\/schema\/person\/c2c396a77170bd1d5f8ba73294eb0d10"},"headline":"El nuevo aliado efectivo de las MiPymes: Crecemos Contigo.","datePublished":"2022-09-07T21:39:30+00:00","dateModified":"2022-09-27T19:53:35+00:00","mainEntityOfPage":{"@id":"https:\/\/tuguia.combarranquilla.co\/Revista\/el-nuevo-aliado-efectivo-de-las-mipymes-crecemos-contigo\/"},"wordCount":254,"commentCount":0,"publisher":{"@id":"https:\/\/tuguia.combarranquilla.co\/Revista\/#organization"},"image":{"@id":"https:\/\/tuguia.combarranquilla.co\/Revista\/el-nuevo-aliado-efectivo-de-las-mipymes-crecemos-contigo\/#primaryimage"},"thumbnailUrl":"https:\/\/tuguia.combarranquilla.co\/Revista\/wp-content\/uploads\/2022\/09\/IMG_0549-scaled.jpeg","articleSection":["EMPLEABILIDAD"],"inLanguage":"es-CO","potentialAction":[{"@type":"CommentAction","name":"Comment","target":["https:\/\/tuguia.combarranquilla.co\/Revista\/el-nuevo-aliado-efectivo-de-las-mipymes-crecemos-contigo\/#respond"]}]},{"@type":"WebPage","@id":"https:\/\/tuguia.combarranquilla.co\/Revista\/el-nuevo-aliado-efectivo-de-las-mipymes-crecemos-contigo\/","url":"https:\/\/tuguia.combarranquilla.co\/Revista\/el-nuevo-aliado-efectivo-de-las-mipymes-crecemos-contigo\/","name":"El nuevo aliado efectivo de las MiPymes: Crecemos Contigo. - Tu Gu\u00eda","isPartOf":{"@id":"https:\/\/tuguia.combarranquilla.co\/Revista\/#website"},"primaryImageOfPage":{"@id":"https:\/\/tuguia.combarranquilla.co\/Revista\/el-nuevo-aliado-efectivo-de-las-mipymes-crecemos-contigo\/#primaryimage"},"image":{"@id":"https:\/\/tuguia.combarranquilla.co\/Revista\/el-nuevo-aliado-efectivo-de-las-mipymes-crecemos-contigo\/#primaryimage"},"thumbnailUrl":"https:\/\/tuguia.combarranquilla.co\/Revista\/wp-content\/uploads\/2022\/09\/IMG_0549-scaled.jpeg","datePublished":"2022-09-07T21:39:30+00:00","dateModified":"2022-09-27T19:53:35+00:00","breadcrumb":{"@id":"https:\/\/tuguia.combarranquilla.co\/Revista\/el-nuevo-aliado-efectivo-de-las-mipymes-crecemos-contigo\/#breadcrumb"},"inLanguage":"es-CO","potentialAction":[{"@type":"ReadAction","target":["https:\/\/tuguia.combarranquilla.co\/Revista\/el-nuevo-aliado-efectivo-de-las-mipymes-crecemos-contigo\/"]}]},{"@type":"ImageObject","inLanguage":"es-CO","@id":"https:\/\/tuguia.combarranquilla.co\/Revista\/el-nuevo-aliado-efectivo-de-las-mipymes-crecemos-contigo\/#primaryimage","url":"https:\/\/tuguia.combarranquilla.co\/Revista\/wp-content\/uploads\/2022\/09\/IMG_0549-scaled.jpeg","contentUrl":"https:\/\/tuguia.combarranquilla.co\/Revista\/wp-content\/uploads\/2022\/09\/IMG_0549-scaled.jpeg","width":2560,"height":1920},{"@type":"BreadcrumbList","@id":"https:\/\/tuguia.combarranquilla.co\/Revista\/el-nuevo-aliado-efectivo-de-las-mipymes-crecemos-contigo\/#breadcrumb","itemListElement":[{"@type":"ListItem","position":1,"name":"Inicio","item":"https:\/\/tuguia.combarranquilla.co\/Revista\/"},{"@type":"ListItem","position":2,"name":"El nuevo aliado efectivo de las MiPymes: Crecemos Contigo."}]},{"@type":"WebSite","@id":"https:\/\/tuguia.combarranquilla.co\/Revista\/#website","url":"https:\/\/tuguia.combarranquilla.co\/Revista\/","name":"Tu Gu\u00eda","description":"La revista donde lo tienes todo.","publisher":{"@id":"https:\/\/tuguia.combarranquilla.co\/Revista\/#organization"},"alternateName":"Tu Gu\u00eda Combarranquilla","potentialAction":[{"@type":"SearchAction","target":{"@type":"EntryPoint","urlTemplate":"https:\/\/tuguia.combarranquilla.co\/Revista\/?s={search_term_string}"},"query-input":{"@type":"PropertyValueSpecification","valueRequired":true,"valueName":"search_term_string"}}],"inLanguage":"es-CO"},{"@type":"Organization","@id":"https:\/\/tuguia.combarranquilla.co\/Revista\/#organization","name":"Tu Gu\u00eda Combarranquilla","url":"https:\/\/tuguia.combarranquilla.co\/Revista\/","logo":{"@type":"ImageObject","inLanguage":"es-CO","@id":"https:\/\/tuguia.combarranquilla.co\/Revista\/#\/schema\/logo\/image\/","url":"https:\/\/tuguia.combarranquilla.co\/Revista\/wp-content\/uploads\/2022\/02\/logo-guia-combarranquilla.svg","contentUrl":"https:\/\/tuguia.combarranquilla.co\/Revista\/wp-content\/uploads\/2022\/02\/logo-guia-combarranquilla.svg","caption":"Tu Gu\u00eda Combarranquilla"},"image":{"@id":"https:\/\/tuguia.combarranquilla.co\/Revista\/#\/schema\/logo\/image\/"}},{"@type":"Person","@id":"https:\/\/tuguia.combarranquilla.co\/Revista\/#\/schema\/person\/c2c396a77170bd1d5f8ba73294eb0d10","name":"Comunicaciones Combarranquilla","image":{"@type":"ImageObject","inLanguage":"es-CO","@id":"https:\/\/tuguia.combarranquilla.co\/Revista\/wp-content\/uploads\/2025\/05\/ABC-Al-Rojo-Logo-96x96.jpg","url":"https:\/\/tuguia.combarranquilla.co\/Revista\/wp-content\/uploads\/2025\/05\/ABC-Al-Rojo-Logo-96x96.jpg","contentUrl":"https:\/\/tuguia.combarranquilla.co\/Revista\/wp-content\/uploads\/2025\/05\/ABC-Al-Rojo-Logo-96x96.jpg","caption":"Comunicaciones Combarranquilla"},"sameAs":["https:\/\/www.combarranquilla.co"],"url":"https:\/\/tuguia.combarranquilla.co\/Revista\/author\/comunicaciones\/"}]}},"_links":{"self":[{"href":"https:\/\/tuguia.combarranquilla.co\/Revista\/wp-json\/wp\/v2\/posts\/728","targetHints":{"allow":["GET"]}}],"collection":[{"href":"https:\/\/tuguia.combarranquilla.co\/Revista\/wp-json\/wp\/v2\/posts"}],"about":[{"href":"https:\/\/tuguia.combarranquilla.co\/Revista\/wp-json\/wp\/v2\/types\/post"}],"author":[{"embeddable":true,"href":"https:\/\/tuguia.combarranquilla.co\/Revista\/wp-json\/wp\/v2\/users\/2"}],"replies":[{"embeddable":true,"href":"https:\/\/tuguia.combarranquilla.co\/Revista\/wp-json\/wp\/v2\/comments?post=728"}],"version-history":[{"count":9,"href":"https:\/\/tuguia.combarranquilla.co\/Revista\/wp-json\/wp\/v2\/posts\/728\/revisions"}],"predecessor-version":[{"id":806,"href":"https:\/\/tuguia.combarranquilla.co\/Revista\/wp-json\/wp\/v2\/posts\/728\/revisions\/806"}],"wp:featuredmedia":[{"embeddable":true,"href":"https:\/\/tuguia.combarranquilla.co\/Revista\/wp-json\/wp\/v2\/media\/850"}],"wp:attachment":[{"href":"https:\/\/tuguia.combarranquilla.co\/Revista\/wp-json\/wp\/v2\/media?parent=728"}],"wp:term":[{"taxonomy":"category","embeddable":true,"href":"https:\/\/tuguia.combarranquilla.co\/Revista\/wp-json\/wp\/v2\/categories?post=728"},{"taxonomy":"post_tag","embeddable":true,"href":"https:\/\/tuguia.combarranquilla.co\/Revista\/wp-json\/wp\/v2\/tags?post=728"}],"curies":[{"name":"wp","href":"https:\/\/api.w.org\/{rel}","templated":true}]}}