{"id":7286,"date":"2025-08-01T09:04:23","date_gmt":"2025-08-01T14:04:23","guid":{"rendered":"https:\/\/tuguia.combarranquilla.co\/Revista\/?p=7286"},"modified":"2025-08-05T14:57:15","modified_gmt":"2025-08-05T19:57:15","slug":"el-mundo-de-la-pasteleria-en-combarranquilla-una-entrevista-con-la-chef-isabel-del-real","status":"publish","type":"post","link":"https:\/\/tuguia.combarranquilla.co\/Revista\/el-mundo-de-la-pasteleria-en-combarranquilla-una-entrevista-con-la-chef-isabel-del-real\/","title":{"rendered":"El mundo de la\u00a0pasteler\u00eda\u00a0en Combarranquilla: una entrevista con la chef Isabel Del Real"},"content":{"rendered":"\n<p><em><strong>Isabel Del Real ha ido de pa\u00eds en pa\u00eds recogiendo ingredientes: en Colombia naci\u00f3 su pasi\u00f3n, en Malasia se expandi\u00f3, en <em>Argentina se form\u00f3<\/em> y en Francia refin\u00f3 sus conocimientos. Para ella la pasteler\u00eda es inspirar. Es una forma de vivir.<\/strong><\/em><\/p>\n\n\n\n<p>Con la mirada iluminada y un saludo corto, pero amable,&nbsp;me recibe la chef Isabel Del Real en la cocina de la Unidad Boston de Combarranquilla. Hoy es un d\u00eda diferente, ya que no viene a dictar clases, sino a hablar sobre ella, sobre sus vivencias, sobre su pasi\u00f3n.<\/p>\n\n\n\n<p>Su historia no comenz\u00f3 en una gran cocina ni en una escuela reconocida. Empez\u00f3 en casa, cuando de manera emp\u00edrica experimentaba con diferentes preparaciones dulces. \u201cVer la alegr\u00eda de mi familia al recibir algo hecho por&nbsp;m\u00ed&nbsp;fue una gran motivaci\u00f3n\u201d, comenta mientras se acomoda su uniforme y sonr\u00ede.<\/p>\n\n\n\n<p>Desde 1998, Del Real ha construido su identidad en el mundo gastron\u00f3mico. Inicialmente, tuvo dos restaurantes, lo que le permiti\u00f3 fortalecer sus saberes. Pero su sue\u00f1o no se consolid\u00f3 hasta que viaj\u00f3 a Mendoza, Argentina. Esta experiencia la llev\u00f3 a estudiar en el Instituto de Alta Gastronom\u00eda Arrayanes, donde descubri\u00f3 la cocina desde otra perspectiva.&nbsp;\u201cEn Colombia, en ese momento, no tuve la posibilidad de tener la formaci\u00f3n que hab\u00eda previsto.&nbsp;En Argentina, encontr\u00e9 la oportunidad de desarrollarme como profesional en la cocina\u201d, a\u00f1ade.<\/p>\n\n\n\n<p>Mientras estudiaba en Mendoza, Del Real vio de cerca lo que se convertir\u00eda en su vocaci\u00f3n: la ense\u00f1anza. \u201cCada vez que observaba a mi profesora dar clase, pensaba: \u2018Yo&nbsp;quiero ser como ella\u2019. Supe que quer\u00eda compartir lo que sab\u00eda\u201d, dice mientras mira al horizonte, con mucho orgullo. Y la oportunidad de ense\u00f1ar no tard\u00f3 en llegar, puesto que fue en Argentina donde inici\u00f3 su labor como docente. Esta experiencia tambi\u00e9n se vio enriquecida por su trabajo en el Hotel InterContinental y en la pasteler\u00eda Via Civit, ambos establecimientos ubicados en Mendoza.<\/p>\n\n\n<div class=\"wp-block-image\">\n<figure class=\"aligncenter size-large is-resized\"><img decoding=\"async\" width=\"1024\" height=\"683\" data-src=\"https:\/\/tuguia.combarranquilla.co\/Revista\/wp-content\/uploads\/2025\/07\/image00002-1024x683.jpeg\" alt=\"\" class=\"wp-image-7292 lazyload\" style=\"--smush-placeholder-width: 1024px; --smush-placeholder-aspect-ratio: 1024\/683;width:650px\" data-srcset=\"https:\/\/tuguia.combarranquilla.co\/Revista\/wp-content\/uploads\/2025\/07\/image00002-1024x683.jpeg 1024w, https:\/\/tuguia.combarranquilla.co\/Revista\/wp-content\/uploads\/2025\/07\/image00002-300x200.jpeg 300w, https:\/\/tuguia.combarranquilla.co\/Revista\/wp-content\/uploads\/2025\/07\/image00002-768x512.jpeg 768w, https:\/\/tuguia.combarranquilla.co\/Revista\/wp-content\/uploads\/2025\/07\/image00002-1536x1024.jpeg 1536w, https:\/\/tuguia.combarranquilla.co\/Revista\/wp-content\/uploads\/2025\/07\/image00002.jpeg 1620w\" data-sizes=\"(max-width: 1024px) 100vw, 1024px\" src=\"data:image\/svg+xml;base64,PHN2ZyB3aWR0aD0iMSIgaGVpZ2h0PSIxIiB4bWxucz0iaHR0cDovL3d3dy53My5vcmcvMjAwMC9zdmciPjwvc3ZnPg==\" \/><\/figure><\/div>\n\n\n<p>Antes de continuar hablando sobre su vida en el presente, Del Real menciona que hace varios a\u00f1os estuvo en Malasia. &#8220;Decid\u00ed viajar a Malasia en el a\u00f1o 2007, no por turismo, sino por hambre de aprendizaje. Pude conocer otra cultura y nutrir mis conocimientos junto con un profesor pastelero, quien me\u00a0inculc\u00f3\u00a0el arte de la decoraci\u00f3n\u201d. Es una experiencia que no olvida; en Malasia aprendi\u00f3 a apasionarse por los detalles.<\/p>\n\n\n\n<p>Par\u00eds, Francia, fue otro de sus destinos culinarios y acad\u00e9micos. La capital francesa la llev\u00f3 a conocer su amplia tradici\u00f3n repostera mediante cursos en escuelas como Le Cordon Bleu y Len\u00f4tre. Qued\u00f3 tan enamorada de los dulces franceses que se propuso cada a\u00f1o viajar a Francia para inspirarse y actualizar sus recetas.<\/p>\n\n\n\n<p>Su ritual en <em>l&#8217;Hexagone<\/em>&nbsp;incluye conocer las mejores pasteler\u00edas y conversar con quienes entienden el postre como parte de la vida diaria. \u201cRecorrer las calles de Par\u00eds y probar reposter\u00eda de lujo en lugares como Ladur\u00e9e siempre me hace mucha ilusi\u00f3n. Comer una torta de chocolate, un flan, un \u00e9clair: todo es exquisito\u201d, se\u00f1ala a la vez que mueve sus piernas como si estuviera <em>dans les rues de Paris.<\/em><\/p>\n\n\n\n<p>Pero fue el mismo destino quien se encarg\u00f3 de traer a Del Real a casa. Cuando termin\u00f3 sus estudios en Argentina en el a\u00f1o 2013, regres\u00f3 a Barranquilla y retom\u00f3 su rol como docente, trabajando en el SENA. Y un d\u00eda cualquiera del a\u00f1o 2016, recibi\u00f3 una agradable noticia: hab\u00eda sido contratada por Combarranquilla para dar clases de pasteler\u00eda y&nbsp;reposter\u00eda&nbsp;a los estudiantes de Cocina del Centro de Formaci\u00f3n.<\/p>\n\n\n<div class=\"wp-block-image\">\n<figure class=\"aligncenter size-large is-resized\"><img decoding=\"async\" width=\"1024\" height=\"683\" data-src=\"https:\/\/tuguia.combarranquilla.co\/Revista\/wp-content\/uploads\/2025\/07\/image00005-1024x683.jpeg\" alt=\"\" class=\"wp-image-7293 lazyload\" style=\"--smush-placeholder-width: 1024px; --smush-placeholder-aspect-ratio: 1024\/683;width:650px\" data-srcset=\"https:\/\/tuguia.combarranquilla.co\/Revista\/wp-content\/uploads\/2025\/07\/image00005-1024x683.jpeg 1024w, https:\/\/tuguia.combarranquilla.co\/Revista\/wp-content\/uploads\/2025\/07\/image00005-300x200.jpeg 300w, https:\/\/tuguia.combarranquilla.co\/Revista\/wp-content\/uploads\/2025\/07\/image00005-768x512.jpeg 768w, https:\/\/tuguia.combarranquilla.co\/Revista\/wp-content\/uploads\/2025\/07\/image00005-1536x1024.jpeg 1536w, https:\/\/tuguia.combarranquilla.co\/Revista\/wp-content\/uploads\/2025\/07\/image00005.jpeg 1620w\" data-sizes=\"(max-width: 1024px) 100vw, 1024px\" src=\"data:image\/svg+xml;base64,PHN2ZyB3aWR0aD0iMSIgaGVpZ2h0PSIxIiB4bWxucz0iaHR0cDovL3d3dy53My5vcmcvMjAwMC9zdmciPjwvc3ZnPg==\" \/><\/figure><\/div>\n\n\n<p>Tan solo hace un a\u00f1o y medio comenz\u00f3 su historia a tiempo completo. En 2024, paso a ser docente titular del Programa T\u00e9cnico Laboral en Auxiliar de Panader\u00eda y Pasteler\u00eda. \u201cSiempre inicio mis clases con un recorrido por lo que significa este oficio. No se trata solo de crear algo bonito. Se trata de una responsabilidad\u201d, explica luego de acomodarse un poco en su silla.<\/p>\n\n\n\n<p>Hoy en d\u00eda, la chef sigue complementando sus saberes con cursos de pasteler\u00eda alternativa. Estudi\u00f3 un diplomado con una universidad de Estados Unidos y ha comenzado a experimentar con recetas funcionales para todo p\u00fablico. \u201cLa pasteler\u00eda no puede quedarse solo en lo tradicional. Hay que pensar en el bienestar, en un postre que pueda cuidar\u201d. As\u00ed, busca que sus preparaciones sean innovadoras y saludables.<\/p>\n\n\n\n<p>A lo largo de los a\u00f1os, Isabel Del Real ha aprendido a confiar en su oficio. Desde siempre, ha admirado a figuras como Pierre Herm\u00e9, por su creatividad y por el respeto que demuestra por cada ingrediente. Del Real quiere sembrar algo importante a&nbsp;trav\u00e9s&nbsp;de sus ense\u00f1anzas, tal y como lo hizo Herm\u00e9. \u201cQuiero que me recuerden por el detalle, por el alma que le pongo a lo que hago. Como docente, quiero que digan: \u2018Ella crey\u00f3 en m\u00ed\u2019. Hay que ense\u00f1ar a creer y a dar con amor\u201d, a\u00f1ade con suavidad.<\/p>\n\n\n\n<p>Cuando la entrevista llega a su fin, Del Real se despide con dulzura. Agradece espacios como este, porque le demuestran que realmente est\u00e1 haciendo las cosas bien. Yo me despido de ella con mucho entusiasmo, esperando llegar a mi puesto de trabajo para escribir su hermosa historia.<\/p>\n","protected":false},"excerpt":{"rendered":"<p>Isabel Del Real ha ido de pa\u00eds en pa\u00eds recogiendo ingredientes: en Colombia naci\u00f3 su pasi\u00f3n, en Malasia se expandi\u00f3, en Argentina se form\u00f3 y en Francia refin\u00f3 sus conocimientos. Para ella la pasteler\u00eda es inspirar. Es una forma de vivir. Con la mirada iluminada y un saludo corto, pero amable,&nbsp;me recibe la chef Isabel [&hellip;]<\/p>\n","protected":false},"author":2,"featured_media":7287,"comment_status":"open","ping_status":"open","sticky":false,"template":"","format":"standard","meta":{"inline_featured_image":false,"footnotes":""},"categories":[8],"tags":[],"class_list":["post-7286","post","type-post","status-publish","format-standard","has-post-thumbnail","hentry","category-formacion"],"yoast_head":"<!-- This site is optimized with the Yoast SEO plugin v27.4 - https:\/\/yoast.com\/product\/yoast-seo-wordpress\/ -->\n<title>El mundo de la\u00a0pasteler\u00eda\u00a0en Combarranquilla: una entrevista con la chef Isabel Del Real - Tu Gu\u00eda<\/title>\n<meta name=\"robots\" content=\"index, follow, max-snippet:-1, max-image-preview:large, max-video-preview:-1\" \/>\n<link rel=\"canonical\" href=\"https:\/\/tuguia.combarranquilla.co\/Revista\/el-mundo-de-la-pasteleria-en-combarranquilla-una-entrevista-con-la-chef-isabel-del-real\/\" \/>\n<meta property=\"og:locale\" content=\"es_ES\" \/>\n<meta property=\"og:type\" content=\"article\" \/>\n<meta property=\"og:title\" content=\"El mundo de la\u00a0pasteler\u00eda\u00a0en Combarranquilla: una entrevista con la chef Isabel Del Real - Tu Gu\u00eda\" \/>\n<meta property=\"og:description\" content=\"Isabel Del Real ha ido de pa\u00eds en pa\u00eds recogiendo ingredientes: en Colombia naci\u00f3 su pasi\u00f3n, en Malasia se expandi\u00f3, en Argentina se form\u00f3 y en Francia refin\u00f3 sus conocimientos. Para ella la pasteler\u00eda es inspirar. Es una forma de vivir. Con la mirada iluminada y un saludo corto, pero amable,&nbsp;me recibe la chef Isabel [&hellip;]\" \/>\n<meta property=\"og:url\" content=\"https:\/\/tuguia.combarranquilla.co\/Revista\/el-mundo-de-la-pasteleria-en-combarranquilla-una-entrevista-con-la-chef-isabel-del-real\/\" \/>\n<meta property=\"og:site_name\" content=\"Tu Gu\u00eda\" \/>\n<meta property=\"article:published_time\" content=\"2025-08-01T14:04:23+00:00\" \/>\n<meta property=\"article:modified_time\" content=\"2025-08-05T19:57:15+00:00\" \/>\n<meta property=\"og:image\" content=\"https:\/\/tuguia.combarranquilla.co\/Revista\/wp-content\/uploads\/2025\/07\/Revista-Combarranquilla-6-1024x512.png\" \/>\n\t<meta property=\"og:image:width\" content=\"1024\" \/>\n\t<meta property=\"og:image:height\" content=\"512\" \/>\n\t<meta property=\"og:image:type\" content=\"image\/png\" \/>\n<meta name=\"author\" content=\"Comunicaciones Combarranquilla\" \/>\n<meta name=\"twitter:card\" content=\"summary_large_image\" \/>\n<meta name=\"twitter:label1\" content=\"Escrito por\" \/>\n\t<meta name=\"twitter:data1\" content=\"Comunicaciones Combarranquilla\" \/>\n\t<meta name=\"twitter:label2\" content=\"Tiempo de lectura\" \/>\n\t<meta name=\"twitter:data2\" content=\"5 minutos\" \/>\n<script type=\"application\/ld+json\" class=\"yoast-schema-graph\">{\"@context\":\"https:\\\/\\\/schema.org\",\"@graph\":[{\"@type\":\"Article\",\"@id\":\"https:\\\/\\\/tuguia.combarranquilla.co\\\/Revista\\\/el-mundo-de-la-pasteleria-en-combarranquilla-una-entrevista-con-la-chef-isabel-del-real\\\/#article\",\"isPartOf\":{\"@id\":\"https:\\\/\\\/tuguia.combarranquilla.co\\\/Revista\\\/el-mundo-de-la-pasteleria-en-combarranquilla-una-entrevista-con-la-chef-isabel-del-real\\\/\"},\"author\":{\"name\":\"Comunicaciones Combarranquilla\",\"@id\":\"https:\\\/\\\/tuguia.combarranquilla.co\\\/Revista\\\/#\\\/schema\\\/person\\\/c2c396a77170bd1d5f8ba73294eb0d10\"},\"headline\":\"El mundo de la\u00a0pasteler\u00eda\u00a0en Combarranquilla: una entrevista con la chef Isabel Del Real\",\"datePublished\":\"2025-08-01T14:04:23+00:00\",\"dateModified\":\"2025-08-05T19:57:15+00:00\",\"mainEntityOfPage\":{\"@id\":\"https:\\\/\\\/tuguia.combarranquilla.co\\\/Revista\\\/el-mundo-de-la-pasteleria-en-combarranquilla-una-entrevista-con-la-chef-isabel-del-real\\\/\"},\"wordCount\":927,\"commentCount\":0,\"publisher\":{\"@id\":\"https:\\\/\\\/tuguia.combarranquilla.co\\\/Revista\\\/#organization\"},\"image\":{\"@id\":\"https:\\\/\\\/tuguia.combarranquilla.co\\\/Revista\\\/el-mundo-de-la-pasteleria-en-combarranquilla-una-entrevista-con-la-chef-isabel-del-real\\\/#primaryimage\"},\"thumbnailUrl\":\"https:\\\/\\\/tuguia.combarranquilla.co\\\/Revista\\\/wp-content\\\/uploads\\\/2025\\\/07\\\/Revista-Combarranquilla-6-scaled.png\",\"articleSection\":[\"FORMACI\u00d3N\"],\"inLanguage\":\"es-CO\",\"potentialAction\":[{\"@type\":\"CommentAction\",\"name\":\"Comment\",\"target\":[\"https:\\\/\\\/tuguia.combarranquilla.co\\\/Revista\\\/el-mundo-de-la-pasteleria-en-combarranquilla-una-entrevista-con-la-chef-isabel-del-real\\\/#respond\"]}]},{\"@type\":\"WebPage\",\"@id\":\"https:\\\/\\\/tuguia.combarranquilla.co\\\/Revista\\\/el-mundo-de-la-pasteleria-en-combarranquilla-una-entrevista-con-la-chef-isabel-del-real\\\/\",\"url\":\"https:\\\/\\\/tuguia.combarranquilla.co\\\/Revista\\\/el-mundo-de-la-pasteleria-en-combarranquilla-una-entrevista-con-la-chef-isabel-del-real\\\/\",\"name\":\"El mundo de la\u00a0pasteler\u00eda\u00a0en Combarranquilla: una entrevista con la chef Isabel Del Real - Tu Gu\u00eda\",\"isPartOf\":{\"@id\":\"https:\\\/\\\/tuguia.combarranquilla.co\\\/Revista\\\/#website\"},\"primaryImageOfPage\":{\"@id\":\"https:\\\/\\\/tuguia.combarranquilla.co\\\/Revista\\\/el-mundo-de-la-pasteleria-en-combarranquilla-una-entrevista-con-la-chef-isabel-del-real\\\/#primaryimage\"},\"image\":{\"@id\":\"https:\\\/\\\/tuguia.combarranquilla.co\\\/Revista\\\/el-mundo-de-la-pasteleria-en-combarranquilla-una-entrevista-con-la-chef-isabel-del-real\\\/#primaryimage\"},\"thumbnailUrl\":\"https:\\\/\\\/tuguia.combarranquilla.co\\\/Revista\\\/wp-content\\\/uploads\\\/2025\\\/07\\\/Revista-Combarranquilla-6-scaled.png\",\"datePublished\":\"2025-08-01T14:04:23+00:00\",\"dateModified\":\"2025-08-05T19:57:15+00:00\",\"breadcrumb\":{\"@id\":\"https:\\\/\\\/tuguia.combarranquilla.co\\\/Revista\\\/el-mundo-de-la-pasteleria-en-combarranquilla-una-entrevista-con-la-chef-isabel-del-real\\\/#breadcrumb\"},\"inLanguage\":\"es-CO\",\"potentialAction\":[{\"@type\":\"ReadAction\",\"target\":[\"https:\\\/\\\/tuguia.combarranquilla.co\\\/Revista\\\/el-mundo-de-la-pasteleria-en-combarranquilla-una-entrevista-con-la-chef-isabel-del-real\\\/\"]}]},{\"@type\":\"ImageObject\",\"inLanguage\":\"es-CO\",\"@id\":\"https:\\\/\\\/tuguia.combarranquilla.co\\\/Revista\\\/el-mundo-de-la-pasteleria-en-combarranquilla-una-entrevista-con-la-chef-isabel-del-real\\\/#primaryimage\",\"url\":\"https:\\\/\\\/tuguia.combarranquilla.co\\\/Revista\\\/wp-content\\\/uploads\\\/2025\\\/07\\\/Revista-Combarranquilla-6-scaled.png\",\"contentUrl\":\"https:\\\/\\\/tuguia.combarranquilla.co\\\/Revista\\\/wp-content\\\/uploads\\\/2025\\\/07\\\/Revista-Combarranquilla-6-scaled.png\",\"width\":2560,\"height\":1280},{\"@type\":\"BreadcrumbList\",\"@id\":\"https:\\\/\\\/tuguia.combarranquilla.co\\\/Revista\\\/el-mundo-de-la-pasteleria-en-combarranquilla-una-entrevista-con-la-chef-isabel-del-real\\\/#breadcrumb\",\"itemListElement\":[{\"@type\":\"ListItem\",\"position\":1,\"name\":\"Inicio\",\"item\":\"https:\\\/\\\/tuguia.combarranquilla.co\\\/Revista\\\/\"},{\"@type\":\"ListItem\",\"position\":2,\"name\":\"El mundo de la\u00a0pasteler\u00eda\u00a0en Combarranquilla: una entrevista con la chef Isabel Del Real\"}]},{\"@type\":\"WebSite\",\"@id\":\"https:\\\/\\\/tuguia.combarranquilla.co\\\/Revista\\\/#website\",\"url\":\"https:\\\/\\\/tuguia.combarranquilla.co\\\/Revista\\\/\",\"name\":\"Tu Gu\u00eda\",\"description\":\"La revista donde lo tienes todo.\",\"publisher\":{\"@id\":\"https:\\\/\\\/tuguia.combarranquilla.co\\\/Revista\\\/#organization\"},\"alternateName\":\"Tu Gu\u00eda Combarranquilla\",\"potentialAction\":[{\"@type\":\"SearchAction\",\"target\":{\"@type\":\"EntryPoint\",\"urlTemplate\":\"https:\\\/\\\/tuguia.combarranquilla.co\\\/Revista\\\/?s={search_term_string}\"},\"query-input\":{\"@type\":\"PropertyValueSpecification\",\"valueRequired\":true,\"valueName\":\"search_term_string\"}}],\"inLanguage\":\"es-CO\"},{\"@type\":\"Organization\",\"@id\":\"https:\\\/\\\/tuguia.combarranquilla.co\\\/Revista\\\/#organization\",\"name\":\"Tu Gu\u00eda Combarranquilla\",\"url\":\"https:\\\/\\\/tuguia.combarranquilla.co\\\/Revista\\\/\",\"logo\":{\"@type\":\"ImageObject\",\"inLanguage\":\"es-CO\",\"@id\":\"https:\\\/\\\/tuguia.combarranquilla.co\\\/Revista\\\/#\\\/schema\\\/logo\\\/image\\\/\",\"url\":\"https:\\\/\\\/tuguia.combarranquilla.co\\\/Revista\\\/wp-content\\\/uploads\\\/2022\\\/02\\\/logo-guia-combarranquilla.svg\",\"contentUrl\":\"https:\\\/\\\/tuguia.combarranquilla.co\\\/Revista\\\/wp-content\\\/uploads\\\/2022\\\/02\\\/logo-guia-combarranquilla.svg\",\"caption\":\"Tu Gu\u00eda Combarranquilla\"},\"image\":{\"@id\":\"https:\\\/\\\/tuguia.combarranquilla.co\\\/Revista\\\/#\\\/schema\\\/logo\\\/image\\\/\"}},{\"@type\":\"Person\",\"@id\":\"https:\\\/\\\/tuguia.combarranquilla.co\\\/Revista\\\/#\\\/schema\\\/person\\\/c2c396a77170bd1d5f8ba73294eb0d10\",\"name\":\"Comunicaciones Combarranquilla\",\"image\":{\"@type\":\"ImageObject\",\"inLanguage\":\"es-CO\",\"@id\":\"https:\\\/\\\/tuguia.combarranquilla.co\\\/Revista\\\/wp-content\\\/uploads\\\/2025\\\/05\\\/ABC-Al-Rojo-Logo-96x96.jpg\",\"url\":\"https:\\\/\\\/tuguia.combarranquilla.co\\\/Revista\\\/wp-content\\\/uploads\\\/2025\\\/05\\\/ABC-Al-Rojo-Logo-96x96.jpg\",\"contentUrl\":\"https:\\\/\\\/tuguia.combarranquilla.co\\\/Revista\\\/wp-content\\\/uploads\\\/2025\\\/05\\\/ABC-Al-Rojo-Logo-96x96.jpg\",\"caption\":\"Comunicaciones Combarranquilla\"},\"sameAs\":[\"https:\\\/\\\/www.combarranquilla.co\"],\"url\":\"https:\\\/\\\/tuguia.combarranquilla.co\\\/Revista\\\/author\\\/comunicaciones\\\/\"}]}<\/script>\n<!-- \/ Yoast SEO plugin. -->","yoast_head_json":{"title":"El mundo de la\u00a0pasteler\u00eda\u00a0en Combarranquilla: una entrevista con la chef Isabel Del Real - Tu Gu\u00eda","robots":{"index":"index","follow":"follow","max-snippet":"max-snippet:-1","max-image-preview":"max-image-preview:large","max-video-preview":"max-video-preview:-1"},"canonical":"https:\/\/tuguia.combarranquilla.co\/Revista\/el-mundo-de-la-pasteleria-en-combarranquilla-una-entrevista-con-la-chef-isabel-del-real\/","og_locale":"es_ES","og_type":"article","og_title":"El mundo de la\u00a0pasteler\u00eda\u00a0en Combarranquilla: una entrevista con la chef Isabel Del Real - Tu Gu\u00eda","og_description":"Isabel Del Real ha ido de pa\u00eds en pa\u00eds recogiendo ingredientes: en Colombia naci\u00f3 su pasi\u00f3n, en Malasia se expandi\u00f3, en Argentina se form\u00f3 y en Francia refin\u00f3 sus conocimientos. Para ella la pasteler\u00eda es inspirar. Es una forma de vivir. Con la mirada iluminada y un saludo corto, pero amable,&nbsp;me recibe la chef Isabel [&hellip;]","og_url":"https:\/\/tuguia.combarranquilla.co\/Revista\/el-mundo-de-la-pasteleria-en-combarranquilla-una-entrevista-con-la-chef-isabel-del-real\/","og_site_name":"Tu Gu\u00eda","article_published_time":"2025-08-01T14:04:23+00:00","article_modified_time":"2025-08-05T19:57:15+00:00","og_image":[{"width":1024,"height":512,"url":"https:\/\/tuguia.combarranquilla.co\/Revista\/wp-content\/uploads\/2025\/07\/Revista-Combarranquilla-6-1024x512.png","type":"image\/png"}],"author":"Comunicaciones Combarranquilla","twitter_card":"summary_large_image","twitter_misc":{"Escrito por":"Comunicaciones Combarranquilla","Tiempo de lectura":"5 minutos"},"schema":{"@context":"https:\/\/schema.org","@graph":[{"@type":"Article","@id":"https:\/\/tuguia.combarranquilla.co\/Revista\/el-mundo-de-la-pasteleria-en-combarranquilla-una-entrevista-con-la-chef-isabel-del-real\/#article","isPartOf":{"@id":"https:\/\/tuguia.combarranquilla.co\/Revista\/el-mundo-de-la-pasteleria-en-combarranquilla-una-entrevista-con-la-chef-isabel-del-real\/"},"author":{"name":"Comunicaciones Combarranquilla","@id":"https:\/\/tuguia.combarranquilla.co\/Revista\/#\/schema\/person\/c2c396a77170bd1d5f8ba73294eb0d10"},"headline":"El mundo de la\u00a0pasteler\u00eda\u00a0en Combarranquilla: una entrevista con la chef Isabel Del Real","datePublished":"2025-08-01T14:04:23+00:00","dateModified":"2025-08-05T19:57:15+00:00","mainEntityOfPage":{"@id":"https:\/\/tuguia.combarranquilla.co\/Revista\/el-mundo-de-la-pasteleria-en-combarranquilla-una-entrevista-con-la-chef-isabel-del-real\/"},"wordCount":927,"commentCount":0,"publisher":{"@id":"https:\/\/tuguia.combarranquilla.co\/Revista\/#organization"},"image":{"@id":"https:\/\/tuguia.combarranquilla.co\/Revista\/el-mundo-de-la-pasteleria-en-combarranquilla-una-entrevista-con-la-chef-isabel-del-real\/#primaryimage"},"thumbnailUrl":"https:\/\/tuguia.combarranquilla.co\/Revista\/wp-content\/uploads\/2025\/07\/Revista-Combarranquilla-6-scaled.png","articleSection":["FORMACI\u00d3N"],"inLanguage":"es-CO","potentialAction":[{"@type":"CommentAction","name":"Comment","target":["https:\/\/tuguia.combarranquilla.co\/Revista\/el-mundo-de-la-pasteleria-en-combarranquilla-una-entrevista-con-la-chef-isabel-del-real\/#respond"]}]},{"@type":"WebPage","@id":"https:\/\/tuguia.combarranquilla.co\/Revista\/el-mundo-de-la-pasteleria-en-combarranquilla-una-entrevista-con-la-chef-isabel-del-real\/","url":"https:\/\/tuguia.combarranquilla.co\/Revista\/el-mundo-de-la-pasteleria-en-combarranquilla-una-entrevista-con-la-chef-isabel-del-real\/","name":"El mundo de la\u00a0pasteler\u00eda\u00a0en Combarranquilla: una entrevista con la chef Isabel Del Real - Tu Gu\u00eda","isPartOf":{"@id":"https:\/\/tuguia.combarranquilla.co\/Revista\/#website"},"primaryImageOfPage":{"@id":"https:\/\/tuguia.combarranquilla.co\/Revista\/el-mundo-de-la-pasteleria-en-combarranquilla-una-entrevista-con-la-chef-isabel-del-real\/#primaryimage"},"image":{"@id":"https:\/\/tuguia.combarranquilla.co\/Revista\/el-mundo-de-la-pasteleria-en-combarranquilla-una-entrevista-con-la-chef-isabel-del-real\/#primaryimage"},"thumbnailUrl":"https:\/\/tuguia.combarranquilla.co\/Revista\/wp-content\/uploads\/2025\/07\/Revista-Combarranquilla-6-scaled.png","datePublished":"2025-08-01T14:04:23+00:00","dateModified":"2025-08-05T19:57:15+00:00","breadcrumb":{"@id":"https:\/\/tuguia.combarranquilla.co\/Revista\/el-mundo-de-la-pasteleria-en-combarranquilla-una-entrevista-con-la-chef-isabel-del-real\/#breadcrumb"},"inLanguage":"es-CO","potentialAction":[{"@type":"ReadAction","target":["https:\/\/tuguia.combarranquilla.co\/Revista\/el-mundo-de-la-pasteleria-en-combarranquilla-una-entrevista-con-la-chef-isabel-del-real\/"]}]},{"@type":"ImageObject","inLanguage":"es-CO","@id":"https:\/\/tuguia.combarranquilla.co\/Revista\/el-mundo-de-la-pasteleria-en-combarranquilla-una-entrevista-con-la-chef-isabel-del-real\/#primaryimage","url":"https:\/\/tuguia.combarranquilla.co\/Revista\/wp-content\/uploads\/2025\/07\/Revista-Combarranquilla-6-scaled.png","contentUrl":"https:\/\/tuguia.combarranquilla.co\/Revista\/wp-content\/uploads\/2025\/07\/Revista-Combarranquilla-6-scaled.png","width":2560,"height":1280},{"@type":"BreadcrumbList","@id":"https:\/\/tuguia.combarranquilla.co\/Revista\/el-mundo-de-la-pasteleria-en-combarranquilla-una-entrevista-con-la-chef-isabel-del-real\/#breadcrumb","itemListElement":[{"@type":"ListItem","position":1,"name":"Inicio","item":"https:\/\/tuguia.combarranquilla.co\/Revista\/"},{"@type":"ListItem","position":2,"name":"El mundo de la\u00a0pasteler\u00eda\u00a0en Combarranquilla: una entrevista con la chef Isabel Del Real"}]},{"@type":"WebSite","@id":"https:\/\/tuguia.combarranquilla.co\/Revista\/#website","url":"https:\/\/tuguia.combarranquilla.co\/Revista\/","name":"Tu Gu\u00eda","description":"La revista donde lo tienes todo.","publisher":{"@id":"https:\/\/tuguia.combarranquilla.co\/Revista\/#organization"},"alternateName":"Tu Gu\u00eda Combarranquilla","potentialAction":[{"@type":"SearchAction","target":{"@type":"EntryPoint","urlTemplate":"https:\/\/tuguia.combarranquilla.co\/Revista\/?s={search_term_string}"},"query-input":{"@type":"PropertyValueSpecification","valueRequired":true,"valueName":"search_term_string"}}],"inLanguage":"es-CO"},{"@type":"Organization","@id":"https:\/\/tuguia.combarranquilla.co\/Revista\/#organization","name":"Tu Gu\u00eda Combarranquilla","url":"https:\/\/tuguia.combarranquilla.co\/Revista\/","logo":{"@type":"ImageObject","inLanguage":"es-CO","@id":"https:\/\/tuguia.combarranquilla.co\/Revista\/#\/schema\/logo\/image\/","url":"https:\/\/tuguia.combarranquilla.co\/Revista\/wp-content\/uploads\/2022\/02\/logo-guia-combarranquilla.svg","contentUrl":"https:\/\/tuguia.combarranquilla.co\/Revista\/wp-content\/uploads\/2022\/02\/logo-guia-combarranquilla.svg","caption":"Tu Gu\u00eda Combarranquilla"},"image":{"@id":"https:\/\/tuguia.combarranquilla.co\/Revista\/#\/schema\/logo\/image\/"}},{"@type":"Person","@id":"https:\/\/tuguia.combarranquilla.co\/Revista\/#\/schema\/person\/c2c396a77170bd1d5f8ba73294eb0d10","name":"Comunicaciones Combarranquilla","image":{"@type":"ImageObject","inLanguage":"es-CO","@id":"https:\/\/tuguia.combarranquilla.co\/Revista\/wp-content\/uploads\/2025\/05\/ABC-Al-Rojo-Logo-96x96.jpg","url":"https:\/\/tuguia.combarranquilla.co\/Revista\/wp-content\/uploads\/2025\/05\/ABC-Al-Rojo-Logo-96x96.jpg","contentUrl":"https:\/\/tuguia.combarranquilla.co\/Revista\/wp-content\/uploads\/2025\/05\/ABC-Al-Rojo-Logo-96x96.jpg","caption":"Comunicaciones Combarranquilla"},"sameAs":["https:\/\/www.combarranquilla.co"],"url":"https:\/\/tuguia.combarranquilla.co\/Revista\/author\/comunicaciones\/"}]}},"_links":{"self":[{"href":"https:\/\/tuguia.combarranquilla.co\/Revista\/wp-json\/wp\/v2\/posts\/7286","targetHints":{"allow":["GET"]}}],"collection":[{"href":"https:\/\/tuguia.combarranquilla.co\/Revista\/wp-json\/wp\/v2\/posts"}],"about":[{"href":"https:\/\/tuguia.combarranquilla.co\/Revista\/wp-json\/wp\/v2\/types\/post"}],"author":[{"embeddable":true,"href":"https:\/\/tuguia.combarranquilla.co\/Revista\/wp-json\/wp\/v2\/users\/2"}],"replies":[{"embeddable":true,"href":"https:\/\/tuguia.combarranquilla.co\/Revista\/wp-json\/wp\/v2\/comments?post=7286"}],"version-history":[{"count":22,"href":"https:\/\/tuguia.combarranquilla.co\/Revista\/wp-json\/wp\/v2\/posts\/7286\/revisions"}],"predecessor-version":[{"id":7373,"href":"https:\/\/tuguia.combarranquilla.co\/Revista\/wp-json\/wp\/v2\/posts\/7286\/revisions\/7373"}],"wp:featuredmedia":[{"embeddable":true,"href":"https:\/\/tuguia.combarranquilla.co\/Revista\/wp-json\/wp\/v2\/media\/7287"}],"wp:attachment":[{"href":"https:\/\/tuguia.combarranquilla.co\/Revista\/wp-json\/wp\/v2\/media?parent=7286"}],"wp:term":[{"taxonomy":"category","embeddable":true,"href":"https:\/\/tuguia.combarranquilla.co\/Revista\/wp-json\/wp\/v2\/categories?post=7286"},{"taxonomy":"post_tag","embeddable":true,"href":"https:\/\/tuguia.combarranquilla.co\/Revista\/wp-json\/wp\/v2\/tags?post=7286"}],"curies":[{"name":"wp","href":"https:\/\/api.w.org\/{rel}","templated":true}]}}