{"id":7383,"date":"2025-08-12T08:06:10","date_gmt":"2025-08-12T13:06:10","guid":{"rendered":"https:\/\/tuguia.combarranquilla.co\/Revista\/?p=7383"},"modified":"2025-08-12T16:32:07","modified_gmt":"2025-08-12T21:32:07","slug":"recrear-es-realmente-un-arte-liney-gonzales-en-el-marco-del-dia-del-recreador","status":"publish","type":"post","link":"https:\/\/tuguia.combarranquilla.co\/Revista\/recrear-es-realmente-un-arte-liney-gonzales-en-el-marco-del-dia-del-recreador\/","title":{"rendered":"\u201cRecrear es realmente un arte\u201d: Liney Gonz\u00e1lez en el marco del D\u00eda del Recreador"},"content":{"rendered":"\n<p>La Unidad Boston de Combarranquilla guarda varios tesoros. Uno de ellos es la oficina de los recreadores, llena de fotograf\u00edas, disfraces y muchos colores. Est\u00e1 ubicada frente al gimnasio y es el hogar de quienes le dan alma a los eventos de la Caja de Compensaci\u00f3n.<\/p>\n\n\n\n<p>Al&nbsp;llegar,&nbsp;me recibe Liney Gonz\u00e1lez, quien comenz\u00f3 a interesarse por el mundo de la recreaci\u00f3n hace m\u00e1s de 10 a\u00f1os. Nos sentamos a conversar un poco sobre ella, mientras la tarde se va despertando.<\/p>\n\n\n\n<hr class=\"wp-block-separator has-alpha-channel-opacity\"\/>\n\n\n\n<p><strong>Ser recreadora&nbsp;definitivamente&nbsp;es un trabajo \u00fanico y especial. Me gustar\u00eda saber, \u00bfc\u00f3mo lleg\u00f3 a ti esta pasi\u00f3n por la recreaci\u00f3n? \u00bfQu\u00e9 te motiv\u00f3 a ser recreacionista?<\/strong><\/p>\n\n\n\n<p>La verdad, comenc\u00e9 a transitar este camino desde los 17 a\u00f1os. Cuando estaba en el colegio, quer\u00eda adquirir conocimientos distintos y buscar alguna fuente de nuevos aprendizajes. As\u00ed, tuve la oportunidad de capacitarme como recreadora en una empresa. Despu\u00e9s de graduarme, a mis 18 a\u00f1os, me enter\u00e9 de que Combarranquilla estaba solicitando recreacionistas. Ingres\u00e9 mi hoja de vida al Centro de Empleo y al poco tiempo me llamaron.<\/p>\n\n\n\n<p>Aqu\u00ed, he sido capaz de explotar talentos que no sab\u00eda que ten\u00eda;&nbsp;entre esos, la actuaci\u00f3n. En el grupo de Recrear, generalmente creamos obras de teatro para diferentes eventos y eso es algo que me encanta. Pero mi compromiso como estudiante sigue, ya que en la actualidad estoy estudiando un pregrado en Derecho.<\/p>\n\n\n\n<p><strong>Me imagino lo dif\u00edcil que puede llegar a ser&#8230; Pero volveremos a eso. Hablando de lo que hacen en el \u00e1rea de recreaci\u00f3n, \u00bfc\u00f3mo es un d\u00eda t\u00edpico de los recreacionistas de Combarranquilla?<\/strong><\/p>\n\n\n\n<p>Un d\u00eda t\u00edpico&#8230; Bueno, por ejemplo, en la semana, puede ser que el lunes comience a trabajar a las 8 a. m. y al d\u00eda siguiente a las 6 a. m. Las&nbsp;actividades&nbsp;que hacemos pueden variar. Hay veces que vamos&nbsp;a dirigir pausas activas en diferentes empresas. Otras veces, estamos en la Unidad Boston organizando y planificando toda la ruta de un evento durante la semana. Entre los eventos que cubrimos se encuentran el D\u00eda de las Madres, D\u00eda del Padre, D\u00eda del Ni\u00f1o y todos los que est\u00e9n previstos en la temporada. Como recreadores, tratamos de transmitir nuestra energ\u00eda y entusiasmo a todo el que nos ve.<\/p>\n\n\n\n<p><strong>Un d\u00eda bastante movido. \u00bfY tienes&nbsp;alg\u00fan&nbsp;evento que te haya marcado en este trayecto como recreadora?<\/strong><\/p>\n\n\n\n<p>Diciembre es mi mes favorito. Siempre me emocionan las obras de teatro que hacemos para las familias de afiliados, que hablan de la uni\u00f3n familiar. Adem\u00e1s, durante ese mes hacemos parte de los \u201cFamily Days\u201d de las empresas. Son espacios muy significativos donde podemos sentir c\u00f3mo todos, desde los pap\u00e1s hasta los ni\u00f1os,&nbsp;conectan con lo que estamos haciendo. Esa \u00e9poca me gusta much\u00edsimo.<\/p>\n\n\n\n<div class=\"wp-block-columns is-layout-flex wp-container-core-columns-is-layout-9d6595d7 wp-block-columns-is-layout-flex\">\n<div class=\"wp-block-column is-layout-flow wp-block-column-is-layout-flow\">\n<figure class=\"wp-block-image size-large\"><img decoding=\"async\" width=\"1024\" height=\"683\" data-src=\"https:\/\/tuguia.combarranquilla.co\/Revista\/wp-content\/uploads\/2025\/08\/DSC_0052-1024x683.jpg\" alt=\"\" class=\"wp-image-7386 lazyload\" data-srcset=\"https:\/\/tuguia.combarranquilla.co\/Revista\/wp-content\/uploads\/2025\/08\/DSC_0052-1024x683.jpg 1024w, https:\/\/tuguia.combarranquilla.co\/Revista\/wp-content\/uploads\/2025\/08\/DSC_0052-300x200.jpg 300w, https:\/\/tuguia.combarranquilla.co\/Revista\/wp-content\/uploads\/2025\/08\/DSC_0052-768x512.jpg 768w, https:\/\/tuguia.combarranquilla.co\/Revista\/wp-content\/uploads\/2025\/08\/DSC_0052-1536x1024.jpg 1536w, https:\/\/tuguia.combarranquilla.co\/Revista\/wp-content\/uploads\/2025\/08\/DSC_0052-2048x1365.jpg 2048w\" data-sizes=\"(max-width: 1024px) 100vw, 1024px\" src=\"data:image\/svg+xml;base64,PHN2ZyB3aWR0aD0iMSIgaGVpZ2h0PSIxIiB4bWxucz0iaHR0cDovL3d3dy53My5vcmcvMjAwMC9zdmciPjwvc3ZnPg==\" style=\"--smush-placeholder-width: 1024px; --smush-placeholder-aspect-ratio: 1024\/683;\" \/><\/figure>\n<\/div>\n\n\n\n<div class=\"wp-block-column is-layout-flow wp-block-column-is-layout-flow\">\n<figure class=\"wp-block-image size-large\"><img decoding=\"async\" width=\"1024\" height=\"683\" data-src=\"https:\/\/tuguia.combarranquilla.co\/Revista\/wp-content\/uploads\/2025\/08\/DSC_0079-1024x683.jpg\" alt=\"\" class=\"wp-image-7387 lazyload\" data-srcset=\"https:\/\/tuguia.combarranquilla.co\/Revista\/wp-content\/uploads\/2025\/08\/DSC_0079-1024x683.jpg 1024w, https:\/\/tuguia.combarranquilla.co\/Revista\/wp-content\/uploads\/2025\/08\/DSC_0079-300x200.jpg 300w, https:\/\/tuguia.combarranquilla.co\/Revista\/wp-content\/uploads\/2025\/08\/DSC_0079-768x512.jpg 768w, https:\/\/tuguia.combarranquilla.co\/Revista\/wp-content\/uploads\/2025\/08\/DSC_0079-1536x1024.jpg 1536w, https:\/\/tuguia.combarranquilla.co\/Revista\/wp-content\/uploads\/2025\/08\/DSC_0079-2048x1365.jpg 2048w\" data-sizes=\"(max-width: 1024px) 100vw, 1024px\" src=\"data:image\/svg+xml;base64,PHN2ZyB3aWR0aD0iMSIgaGVpZ2h0PSIxIiB4bWxucz0iaHR0cDovL3d3dy53My5vcmcvMjAwMC9zdmciPjwvc3ZnPg==\" style=\"--smush-placeholder-width: 1024px; --smush-placeholder-aspect-ratio: 1024\/683;\" \/><\/figure>\n<\/div>\n<\/div>\n\n\n\n<p><strong>\u00bfQu\u00e9 consideras que debe tener una persona que se quiere dedicar a la recreaci\u00f3n?<\/strong><\/p>\n\n\n\n<p>La pena no debe estar en la ecuaci\u00f3n. Debe ser espont\u00e1nea e intentar hacer re\u00edr a los dem\u00e1s\u00a0para que todos sean felices. Un recreador tambi\u00e9n necesita paciencia, porque puede enfrentarse tanto a un p\u00fablico activo como a uno pasivo. Debemos adaptarnos a cualquier situaci\u00f3n, ser muy recursivos y saber improvisar ante cualquier novedad.<\/p>\n\n\n\n<p>No es f\u00e1cil&nbsp;construir&nbsp;un ambiente de cercan\u00eda en los eventos que dise\u00f1amos, pero siempre los sacamos adelante con empat\u00eda, entrega y amor. Recuerdo que hace algunos a\u00f1os tuve mi primer evento de adulto mayor en un hogar geri\u00e1trico. Lleg\u00f3 un momento en el que me puse totalmente en blanco, porque hab\u00eda personas en silla de ruedas que quer\u00eda incluir en mis actividades. Pero entend\u00ed que eso no era una limitaci\u00f3n, sino una oportunidad de innovar para brindarles un momento agradable. Me prepar\u00e9 y pude motivarlos a levantar sus manos, a mover los hombros o la cabeza y a cantar. Fue un espacio de conexi\u00f3n e integraci\u00f3n que me ayud\u00f3 a querer seguir&nbsp;esforz\u00e1ndome&nbsp;en mi profesi\u00f3n.<\/p>\n\n\n\n<p><strong>Es muy hermoso eso que has dicho. Recrear es para todos. Ahora, regresando a esa otra faceta que mencionaste antes, a tu rol como estudiante, quisiera saber, \u00bfc\u00f3mo balanceas esos dos mundos: tus estudios y tu trabajo?<\/strong><\/p>\n\n\n\n<p>Es complejo. Ha sido complejo, porque tengo doble responsabilidad: la de cumplir con mis funciones como recreacionista y la de ser una estudiante universitaria para alcanzar mis metas. Y s\u00ed, hubo momentos en los que pens\u00e9 en tirar la toalla, pero mis compa\u00f1eros y la empresa siempre me apoyaron y me impulsaron a no rendirme. Combarranquilla ha sido una gran ayuda en mi proyecto acad\u00e9mico. Siempre me ha dado la flexibilidad&nbsp;que necesito para poder avanzar.<\/p>\n\n\n\n<p><strong>Eso es digno de admirar. Para finalizar esta corta entrevista, como bien sabemos, hoy es el D\u00eda del Recreacionista en Colombia. \u00bfQu\u00e9 mensaje quisieras darles&nbsp;a las&nbsp;personas que<\/strong> <strong>tal vez solo ven la superficie y no conocen todo lo que hay&nbsp;detr\u00e1s&nbsp;de su alegr\u00eda que dan en cada evento?<\/strong><\/p>\n\n\n\n<p>Hay una canci\u00f3n de H\u00e9ctor Lavoe con la que a veces me identifico, que se llama <em>El cantante <\/em>y dice: \u201cNadie me pregunta si sufro o si lloro\u201d. Llegan \u00e9pocas en las&nbsp;que,&nbsp;como cualquier ser humano, tenemos dificultades a nivel personal. Aun as\u00ed, sabemos que las personas merecen tener la felicidad que esperan recibir de nosotros. Sin importar qu\u00e9 aflicci\u00f3n est\u00e1 dentro de nosotros, entendemos que hay un tiempo para todo.<\/p>\n\n\n\n<p>El recreador es quien le otorga la magia a cualquier evento, aunque sea&nbsp;peque\u00f1o&nbsp;o grande, o&nbsp;tenga un&nbsp;p\u00fablico&nbsp;reducido o amplio. Considero que somos una pieza fundamental, porque esto, m\u00e1s all\u00e1 de ser un trabajo, es un arte que merece ser reconocido.<\/p>\n\n\n\n<p><strong>Totalmente, y te agradezco por este espacio, porque tus palabras son muy valiosas.<\/strong><\/p>\n\n\n\n<p>Gracias a ti por esto. Me hace sentir especial en mi cargo como recreadora.<\/p>\n\n\n\n<hr class=\"wp-block-separator has-alpha-channel-opacity\"\/>\n\n\n\n<p>La entrevista termina con una despedida c\u00e1lida y dos voces que dicen \u201cHasta luego\u201d, mientras que una se aleja por un camino que seguramente volver\u00e1 a visitar.<\/p>\n\n\n\n<p>En el D\u00eda del Recreador, celebramos a esas personas que transforman cualquier momento en una experiencia memorable. Con su creatividad, crean lazos de alegr\u00eda que permanecen en el tiempo.<\/p>\n\n\n\n<p class=\"has-text-align-center\"><strong><em>\u00a1Feliz d\u00eda, recreacionista!<\/em><\/strong><\/p>\n","protected":false},"excerpt":{"rendered":"<p>La Unidad Boston de Combarranquilla guarda varios tesoros. Uno de ellos es la oficina de los recreadores, llena de fotograf\u00edas, disfraces y muchos colores. Est\u00e1 ubicada frente al gimnasio y es el hogar de quienes le dan alma a los eventos de la Caja de Compensaci\u00f3n. Al&nbsp;llegar,&nbsp;me recibe Liney Gonz\u00e1lez, quien comenz\u00f3 a interesarse por [&hellip;]<\/p>\n","protected":false},"author":2,"featured_media":7390,"comment_status":"open","ping_status":"open","sticky":false,"template":"","format":"standard","meta":{"inline_featured_image":false,"footnotes":""},"categories":[1],"tags":[],"class_list":["post-7383","post","type-post","status-publish","format-standard","has-post-thumbnail","hentry","category-entretenimiento"],"yoast_head":"<!-- This site is optimized with the Yoast SEO plugin v27.4 - https:\/\/yoast.com\/product\/yoast-seo-wordpress\/ -->\n<title>\u201cRecrear es realmente un arte\u201d: Liney Gonz\u00e1lez en el marco del D\u00eda del Recreador - Tu Gu\u00eda<\/title>\n<meta name=\"robots\" content=\"index, follow, max-snippet:-1, max-image-preview:large, max-video-preview:-1\" \/>\n<link rel=\"canonical\" href=\"https:\/\/tuguia.combarranquilla.co\/Revista\/recrear-es-realmente-un-arte-liney-gonzales-en-el-marco-del-dia-del-recreador\/\" \/>\n<meta property=\"og:locale\" content=\"es_ES\" \/>\n<meta property=\"og:type\" content=\"article\" \/>\n<meta property=\"og:title\" content=\"\u201cRecrear es realmente un arte\u201d: Liney Gonz\u00e1lez en el marco del D\u00eda del Recreador - Tu Gu\u00eda\" \/>\n<meta property=\"og:description\" content=\"La Unidad Boston de Combarranquilla guarda varios tesoros. Uno de ellos es la oficina de los recreadores, llena de fotograf\u00edas, disfraces y muchos colores. Est\u00e1 ubicada frente al gimnasio y es el hogar de quienes le dan alma a los eventos de la Caja de Compensaci\u00f3n. Al&nbsp;llegar,&nbsp;me recibe Liney Gonz\u00e1lez, quien comenz\u00f3 a interesarse por [&hellip;]\" \/>\n<meta property=\"og:url\" content=\"https:\/\/tuguia.combarranquilla.co\/Revista\/recrear-es-realmente-un-arte-liney-gonzales-en-el-marco-del-dia-del-recreador\/\" \/>\n<meta property=\"og:site_name\" content=\"Tu Gu\u00eda\" \/>\n<meta property=\"article:published_time\" content=\"2025-08-12T13:06:10+00:00\" \/>\n<meta property=\"article:modified_time\" content=\"2025-08-12T21:32:07+00:00\" \/>\n<meta property=\"og:image\" content=\"https:\/\/tuguia.combarranquilla.co\/Revista\/wp-content\/uploads\/2025\/08\/Revista-Combarranquilla-1-scaled.jpg\" \/>\n\t<meta property=\"og:image:width\" content=\"2560\" \/>\n\t<meta property=\"og:image:height\" content=\"1280\" \/>\n\t<meta property=\"og:image:type\" content=\"image\/jpeg\" \/>\n<meta name=\"author\" content=\"Comunicaciones Combarranquilla\" \/>\n<meta name=\"twitter:card\" content=\"summary_large_image\" \/>\n<meta name=\"twitter:label1\" content=\"Escrito por\" \/>\n\t<meta name=\"twitter:data1\" content=\"Comunicaciones Combarranquilla\" \/>\n\t<meta name=\"twitter:label2\" content=\"Tiempo de lectura\" \/>\n\t<meta name=\"twitter:data2\" content=\"6 minutos\" \/>\n<script type=\"application\/ld+json\" class=\"yoast-schema-graph\">{\"@context\":\"https:\\\/\\\/schema.org\",\"@graph\":[{\"@type\":\"Article\",\"@id\":\"https:\\\/\\\/tuguia.combarranquilla.co\\\/Revista\\\/recrear-es-realmente-un-arte-liney-gonzales-en-el-marco-del-dia-del-recreador\\\/#article\",\"isPartOf\":{\"@id\":\"https:\\\/\\\/tuguia.combarranquilla.co\\\/Revista\\\/recrear-es-realmente-un-arte-liney-gonzales-en-el-marco-del-dia-del-recreador\\\/\"},\"author\":{\"name\":\"Comunicaciones Combarranquilla\",\"@id\":\"https:\\\/\\\/tuguia.combarranquilla.co\\\/Revista\\\/#\\\/schema\\\/person\\\/c2c396a77170bd1d5f8ba73294eb0d10\"},\"headline\":\"\u201cRecrear es realmente un arte\u201d: Liney Gonz\u00e1lez en el marco del D\u00eda del Recreador\",\"datePublished\":\"2025-08-12T13:06:10+00:00\",\"dateModified\":\"2025-08-12T21:32:07+00:00\",\"mainEntityOfPage\":{\"@id\":\"https:\\\/\\\/tuguia.combarranquilla.co\\\/Revista\\\/recrear-es-realmente-un-arte-liney-gonzales-en-el-marco-del-dia-del-recreador\\\/\"},\"wordCount\":1117,\"commentCount\":0,\"publisher\":{\"@id\":\"https:\\\/\\\/tuguia.combarranquilla.co\\\/Revista\\\/#organization\"},\"image\":{\"@id\":\"https:\\\/\\\/tuguia.combarranquilla.co\\\/Revista\\\/recrear-es-realmente-un-arte-liney-gonzales-en-el-marco-del-dia-del-recreador\\\/#primaryimage\"},\"thumbnailUrl\":\"https:\\\/\\\/tuguia.combarranquilla.co\\\/Revista\\\/wp-content\\\/uploads\\\/2025\\\/08\\\/Revista-Combarranquilla-1-scaled.jpg\",\"articleSection\":[\"ENTRETENIMIENTO\"],\"inLanguage\":\"es-CO\",\"potentialAction\":[{\"@type\":\"CommentAction\",\"name\":\"Comment\",\"target\":[\"https:\\\/\\\/tuguia.combarranquilla.co\\\/Revista\\\/recrear-es-realmente-un-arte-liney-gonzales-en-el-marco-del-dia-del-recreador\\\/#respond\"]}]},{\"@type\":\"WebPage\",\"@id\":\"https:\\\/\\\/tuguia.combarranquilla.co\\\/Revista\\\/recrear-es-realmente-un-arte-liney-gonzales-en-el-marco-del-dia-del-recreador\\\/\",\"url\":\"https:\\\/\\\/tuguia.combarranquilla.co\\\/Revista\\\/recrear-es-realmente-un-arte-liney-gonzales-en-el-marco-del-dia-del-recreador\\\/\",\"name\":\"\u201cRecrear es realmente un arte\u201d: Liney Gonz\u00e1lez en el marco del D\u00eda del Recreador - Tu Gu\u00eda\",\"isPartOf\":{\"@id\":\"https:\\\/\\\/tuguia.combarranquilla.co\\\/Revista\\\/#website\"},\"primaryImageOfPage\":{\"@id\":\"https:\\\/\\\/tuguia.combarranquilla.co\\\/Revista\\\/recrear-es-realmente-un-arte-liney-gonzales-en-el-marco-del-dia-del-recreador\\\/#primaryimage\"},\"image\":{\"@id\":\"https:\\\/\\\/tuguia.combarranquilla.co\\\/Revista\\\/recrear-es-realmente-un-arte-liney-gonzales-en-el-marco-del-dia-del-recreador\\\/#primaryimage\"},\"thumbnailUrl\":\"https:\\\/\\\/tuguia.combarranquilla.co\\\/Revista\\\/wp-content\\\/uploads\\\/2025\\\/08\\\/Revista-Combarranquilla-1-scaled.jpg\",\"datePublished\":\"2025-08-12T13:06:10+00:00\",\"dateModified\":\"2025-08-12T21:32:07+00:00\",\"breadcrumb\":{\"@id\":\"https:\\\/\\\/tuguia.combarranquilla.co\\\/Revista\\\/recrear-es-realmente-un-arte-liney-gonzales-en-el-marco-del-dia-del-recreador\\\/#breadcrumb\"},\"inLanguage\":\"es-CO\",\"potentialAction\":[{\"@type\":\"ReadAction\",\"target\":[\"https:\\\/\\\/tuguia.combarranquilla.co\\\/Revista\\\/recrear-es-realmente-un-arte-liney-gonzales-en-el-marco-del-dia-del-recreador\\\/\"]}]},{\"@type\":\"ImageObject\",\"inLanguage\":\"es-CO\",\"@id\":\"https:\\\/\\\/tuguia.combarranquilla.co\\\/Revista\\\/recrear-es-realmente-un-arte-liney-gonzales-en-el-marco-del-dia-del-recreador\\\/#primaryimage\",\"url\":\"https:\\\/\\\/tuguia.combarranquilla.co\\\/Revista\\\/wp-content\\\/uploads\\\/2025\\\/08\\\/Revista-Combarranquilla-1-scaled.jpg\",\"contentUrl\":\"https:\\\/\\\/tuguia.combarranquilla.co\\\/Revista\\\/wp-content\\\/uploads\\\/2025\\\/08\\\/Revista-Combarranquilla-1-scaled.jpg\",\"width\":2560,\"height\":1280},{\"@type\":\"BreadcrumbList\",\"@id\":\"https:\\\/\\\/tuguia.combarranquilla.co\\\/Revista\\\/recrear-es-realmente-un-arte-liney-gonzales-en-el-marco-del-dia-del-recreador\\\/#breadcrumb\",\"itemListElement\":[{\"@type\":\"ListItem\",\"position\":1,\"name\":\"Inicio\",\"item\":\"https:\\\/\\\/tuguia.combarranquilla.co\\\/Revista\\\/\"},{\"@type\":\"ListItem\",\"position\":2,\"name\":\"\u201cRecrear es realmente un arte\u201d: Liney Gonz\u00e1lez en el marco del D\u00eda del Recreador\"}]},{\"@type\":\"WebSite\",\"@id\":\"https:\\\/\\\/tuguia.combarranquilla.co\\\/Revista\\\/#website\",\"url\":\"https:\\\/\\\/tuguia.combarranquilla.co\\\/Revista\\\/\",\"name\":\"Tu Gu\u00eda\",\"description\":\"La revista donde lo tienes todo.\",\"publisher\":{\"@id\":\"https:\\\/\\\/tuguia.combarranquilla.co\\\/Revista\\\/#organization\"},\"alternateName\":\"Tu Gu\u00eda Combarranquilla\",\"potentialAction\":[{\"@type\":\"SearchAction\",\"target\":{\"@type\":\"EntryPoint\",\"urlTemplate\":\"https:\\\/\\\/tuguia.combarranquilla.co\\\/Revista\\\/?s={search_term_string}\"},\"query-input\":{\"@type\":\"PropertyValueSpecification\",\"valueRequired\":true,\"valueName\":\"search_term_string\"}}],\"inLanguage\":\"es-CO\"},{\"@type\":\"Organization\",\"@id\":\"https:\\\/\\\/tuguia.combarranquilla.co\\\/Revista\\\/#organization\",\"name\":\"Tu Gu\u00eda Combarranquilla\",\"url\":\"https:\\\/\\\/tuguia.combarranquilla.co\\\/Revista\\\/\",\"logo\":{\"@type\":\"ImageObject\",\"inLanguage\":\"es-CO\",\"@id\":\"https:\\\/\\\/tuguia.combarranquilla.co\\\/Revista\\\/#\\\/schema\\\/logo\\\/image\\\/\",\"url\":\"https:\\\/\\\/tuguia.combarranquilla.co\\\/Revista\\\/wp-content\\\/uploads\\\/2022\\\/02\\\/logo-guia-combarranquilla.svg\",\"contentUrl\":\"https:\\\/\\\/tuguia.combarranquilla.co\\\/Revista\\\/wp-content\\\/uploads\\\/2022\\\/02\\\/logo-guia-combarranquilla.svg\",\"caption\":\"Tu Gu\u00eda Combarranquilla\"},\"image\":{\"@id\":\"https:\\\/\\\/tuguia.combarranquilla.co\\\/Revista\\\/#\\\/schema\\\/logo\\\/image\\\/\"}},{\"@type\":\"Person\",\"@id\":\"https:\\\/\\\/tuguia.combarranquilla.co\\\/Revista\\\/#\\\/schema\\\/person\\\/c2c396a77170bd1d5f8ba73294eb0d10\",\"name\":\"Comunicaciones Combarranquilla\",\"image\":{\"@type\":\"ImageObject\",\"inLanguage\":\"es-CO\",\"@id\":\"https:\\\/\\\/tuguia.combarranquilla.co\\\/Revista\\\/wp-content\\\/uploads\\\/2025\\\/05\\\/ABC-Al-Rojo-Logo-96x96.jpg\",\"url\":\"https:\\\/\\\/tuguia.combarranquilla.co\\\/Revista\\\/wp-content\\\/uploads\\\/2025\\\/05\\\/ABC-Al-Rojo-Logo-96x96.jpg\",\"contentUrl\":\"https:\\\/\\\/tuguia.combarranquilla.co\\\/Revista\\\/wp-content\\\/uploads\\\/2025\\\/05\\\/ABC-Al-Rojo-Logo-96x96.jpg\",\"caption\":\"Comunicaciones Combarranquilla\"},\"sameAs\":[\"https:\\\/\\\/www.combarranquilla.co\"],\"url\":\"https:\\\/\\\/tuguia.combarranquilla.co\\\/Revista\\\/author\\\/comunicaciones\\\/\"}]}<\/script>\n<!-- \/ Yoast SEO plugin. -->","yoast_head_json":{"title":"\u201cRecrear es realmente un arte\u201d: Liney Gonz\u00e1lez en el marco del D\u00eda del Recreador - Tu Gu\u00eda","robots":{"index":"index","follow":"follow","max-snippet":"max-snippet:-1","max-image-preview":"max-image-preview:large","max-video-preview":"max-video-preview:-1"},"canonical":"https:\/\/tuguia.combarranquilla.co\/Revista\/recrear-es-realmente-un-arte-liney-gonzales-en-el-marco-del-dia-del-recreador\/","og_locale":"es_ES","og_type":"article","og_title":"\u201cRecrear es realmente un arte\u201d: Liney Gonz\u00e1lez en el marco del D\u00eda del Recreador - Tu Gu\u00eda","og_description":"La Unidad Boston de Combarranquilla guarda varios tesoros. Uno de ellos es la oficina de los recreadores, llena de fotograf\u00edas, disfraces y muchos colores. Est\u00e1 ubicada frente al gimnasio y es el hogar de quienes le dan alma a los eventos de la Caja de Compensaci\u00f3n. Al&nbsp;llegar,&nbsp;me recibe Liney Gonz\u00e1lez, quien comenz\u00f3 a interesarse por [&hellip;]","og_url":"https:\/\/tuguia.combarranquilla.co\/Revista\/recrear-es-realmente-un-arte-liney-gonzales-en-el-marco-del-dia-del-recreador\/","og_site_name":"Tu Gu\u00eda","article_published_time":"2025-08-12T13:06:10+00:00","article_modified_time":"2025-08-12T21:32:07+00:00","og_image":[{"width":2560,"height":1280,"url":"https:\/\/tuguia.combarranquilla.co\/Revista\/wp-content\/uploads\/2025\/08\/Revista-Combarranquilla-1-scaled.jpg","type":"image\/jpeg"}],"author":"Comunicaciones Combarranquilla","twitter_card":"summary_large_image","twitter_misc":{"Escrito por":"Comunicaciones Combarranquilla","Tiempo de lectura":"6 minutos"},"schema":{"@context":"https:\/\/schema.org","@graph":[{"@type":"Article","@id":"https:\/\/tuguia.combarranquilla.co\/Revista\/recrear-es-realmente-un-arte-liney-gonzales-en-el-marco-del-dia-del-recreador\/#article","isPartOf":{"@id":"https:\/\/tuguia.combarranquilla.co\/Revista\/recrear-es-realmente-un-arte-liney-gonzales-en-el-marco-del-dia-del-recreador\/"},"author":{"name":"Comunicaciones Combarranquilla","@id":"https:\/\/tuguia.combarranquilla.co\/Revista\/#\/schema\/person\/c2c396a77170bd1d5f8ba73294eb0d10"},"headline":"\u201cRecrear es realmente un arte\u201d: Liney Gonz\u00e1lez en el marco del D\u00eda del Recreador","datePublished":"2025-08-12T13:06:10+00:00","dateModified":"2025-08-12T21:32:07+00:00","mainEntityOfPage":{"@id":"https:\/\/tuguia.combarranquilla.co\/Revista\/recrear-es-realmente-un-arte-liney-gonzales-en-el-marco-del-dia-del-recreador\/"},"wordCount":1117,"commentCount":0,"publisher":{"@id":"https:\/\/tuguia.combarranquilla.co\/Revista\/#organization"},"image":{"@id":"https:\/\/tuguia.combarranquilla.co\/Revista\/recrear-es-realmente-un-arte-liney-gonzales-en-el-marco-del-dia-del-recreador\/#primaryimage"},"thumbnailUrl":"https:\/\/tuguia.combarranquilla.co\/Revista\/wp-content\/uploads\/2025\/08\/Revista-Combarranquilla-1-scaled.jpg","articleSection":["ENTRETENIMIENTO"],"inLanguage":"es-CO","potentialAction":[{"@type":"CommentAction","name":"Comment","target":["https:\/\/tuguia.combarranquilla.co\/Revista\/recrear-es-realmente-un-arte-liney-gonzales-en-el-marco-del-dia-del-recreador\/#respond"]}]},{"@type":"WebPage","@id":"https:\/\/tuguia.combarranquilla.co\/Revista\/recrear-es-realmente-un-arte-liney-gonzales-en-el-marco-del-dia-del-recreador\/","url":"https:\/\/tuguia.combarranquilla.co\/Revista\/recrear-es-realmente-un-arte-liney-gonzales-en-el-marco-del-dia-del-recreador\/","name":"\u201cRecrear es realmente un arte\u201d: Liney Gonz\u00e1lez en el marco del D\u00eda del Recreador - Tu Gu\u00eda","isPartOf":{"@id":"https:\/\/tuguia.combarranquilla.co\/Revista\/#website"},"primaryImageOfPage":{"@id":"https:\/\/tuguia.combarranquilla.co\/Revista\/recrear-es-realmente-un-arte-liney-gonzales-en-el-marco-del-dia-del-recreador\/#primaryimage"},"image":{"@id":"https:\/\/tuguia.combarranquilla.co\/Revista\/recrear-es-realmente-un-arte-liney-gonzales-en-el-marco-del-dia-del-recreador\/#primaryimage"},"thumbnailUrl":"https:\/\/tuguia.combarranquilla.co\/Revista\/wp-content\/uploads\/2025\/08\/Revista-Combarranquilla-1-scaled.jpg","datePublished":"2025-08-12T13:06:10+00:00","dateModified":"2025-08-12T21:32:07+00:00","breadcrumb":{"@id":"https:\/\/tuguia.combarranquilla.co\/Revista\/recrear-es-realmente-un-arte-liney-gonzales-en-el-marco-del-dia-del-recreador\/#breadcrumb"},"inLanguage":"es-CO","potentialAction":[{"@type":"ReadAction","target":["https:\/\/tuguia.combarranquilla.co\/Revista\/recrear-es-realmente-un-arte-liney-gonzales-en-el-marco-del-dia-del-recreador\/"]}]},{"@type":"ImageObject","inLanguage":"es-CO","@id":"https:\/\/tuguia.combarranquilla.co\/Revista\/recrear-es-realmente-un-arte-liney-gonzales-en-el-marco-del-dia-del-recreador\/#primaryimage","url":"https:\/\/tuguia.combarranquilla.co\/Revista\/wp-content\/uploads\/2025\/08\/Revista-Combarranquilla-1-scaled.jpg","contentUrl":"https:\/\/tuguia.combarranquilla.co\/Revista\/wp-content\/uploads\/2025\/08\/Revista-Combarranquilla-1-scaled.jpg","width":2560,"height":1280},{"@type":"BreadcrumbList","@id":"https:\/\/tuguia.combarranquilla.co\/Revista\/recrear-es-realmente-un-arte-liney-gonzales-en-el-marco-del-dia-del-recreador\/#breadcrumb","itemListElement":[{"@type":"ListItem","position":1,"name":"Inicio","item":"https:\/\/tuguia.combarranquilla.co\/Revista\/"},{"@type":"ListItem","position":2,"name":"\u201cRecrear es realmente un arte\u201d: Liney Gonz\u00e1lez en el marco del D\u00eda del Recreador"}]},{"@type":"WebSite","@id":"https:\/\/tuguia.combarranquilla.co\/Revista\/#website","url":"https:\/\/tuguia.combarranquilla.co\/Revista\/","name":"Tu Gu\u00eda","description":"La revista donde lo tienes todo.","publisher":{"@id":"https:\/\/tuguia.combarranquilla.co\/Revista\/#organization"},"alternateName":"Tu Gu\u00eda Combarranquilla","potentialAction":[{"@type":"SearchAction","target":{"@type":"EntryPoint","urlTemplate":"https:\/\/tuguia.combarranquilla.co\/Revista\/?s={search_term_string}"},"query-input":{"@type":"PropertyValueSpecification","valueRequired":true,"valueName":"search_term_string"}}],"inLanguage":"es-CO"},{"@type":"Organization","@id":"https:\/\/tuguia.combarranquilla.co\/Revista\/#organization","name":"Tu Gu\u00eda Combarranquilla","url":"https:\/\/tuguia.combarranquilla.co\/Revista\/","logo":{"@type":"ImageObject","inLanguage":"es-CO","@id":"https:\/\/tuguia.combarranquilla.co\/Revista\/#\/schema\/logo\/image\/","url":"https:\/\/tuguia.combarranquilla.co\/Revista\/wp-content\/uploads\/2022\/02\/logo-guia-combarranquilla.svg","contentUrl":"https:\/\/tuguia.combarranquilla.co\/Revista\/wp-content\/uploads\/2022\/02\/logo-guia-combarranquilla.svg","caption":"Tu Gu\u00eda Combarranquilla"},"image":{"@id":"https:\/\/tuguia.combarranquilla.co\/Revista\/#\/schema\/logo\/image\/"}},{"@type":"Person","@id":"https:\/\/tuguia.combarranquilla.co\/Revista\/#\/schema\/person\/c2c396a77170bd1d5f8ba73294eb0d10","name":"Comunicaciones Combarranquilla","image":{"@type":"ImageObject","inLanguage":"es-CO","@id":"https:\/\/tuguia.combarranquilla.co\/Revista\/wp-content\/uploads\/2025\/05\/ABC-Al-Rojo-Logo-96x96.jpg","url":"https:\/\/tuguia.combarranquilla.co\/Revista\/wp-content\/uploads\/2025\/05\/ABC-Al-Rojo-Logo-96x96.jpg","contentUrl":"https:\/\/tuguia.combarranquilla.co\/Revista\/wp-content\/uploads\/2025\/05\/ABC-Al-Rojo-Logo-96x96.jpg","caption":"Comunicaciones Combarranquilla"},"sameAs":["https:\/\/www.combarranquilla.co"],"url":"https:\/\/tuguia.combarranquilla.co\/Revista\/author\/comunicaciones\/"}]}},"_links":{"self":[{"href":"https:\/\/tuguia.combarranquilla.co\/Revista\/wp-json\/wp\/v2\/posts\/7383","targetHints":{"allow":["GET"]}}],"collection":[{"href":"https:\/\/tuguia.combarranquilla.co\/Revista\/wp-json\/wp\/v2\/posts"}],"about":[{"href":"https:\/\/tuguia.combarranquilla.co\/Revista\/wp-json\/wp\/v2\/types\/post"}],"author":[{"embeddable":true,"href":"https:\/\/tuguia.combarranquilla.co\/Revista\/wp-json\/wp\/v2\/users\/2"}],"replies":[{"embeddable":true,"href":"https:\/\/tuguia.combarranquilla.co\/Revista\/wp-json\/wp\/v2\/comments?post=7383"}],"version-history":[{"count":13,"href":"https:\/\/tuguia.combarranquilla.co\/Revista\/wp-json\/wp\/v2\/posts\/7383\/revisions"}],"predecessor-version":[{"id":7403,"href":"https:\/\/tuguia.combarranquilla.co\/Revista\/wp-json\/wp\/v2\/posts\/7383\/revisions\/7403"}],"wp:featuredmedia":[{"embeddable":true,"href":"https:\/\/tuguia.combarranquilla.co\/Revista\/wp-json\/wp\/v2\/media\/7390"}],"wp:attachment":[{"href":"https:\/\/tuguia.combarranquilla.co\/Revista\/wp-json\/wp\/v2\/media?parent=7383"}],"wp:term":[{"taxonomy":"category","embeddable":true,"href":"https:\/\/tuguia.combarranquilla.co\/Revista\/wp-json\/wp\/v2\/categories?post=7383"},{"taxonomy":"post_tag","embeddable":true,"href":"https:\/\/tuguia.combarranquilla.co\/Revista\/wp-json\/wp\/v2\/tags?post=7383"}],"curies":[{"name":"wp","href":"https:\/\/api.w.org\/{rel}","templated":true}]}}