{"id":7404,"date":"2025-08-13T11:04:13","date_gmt":"2025-08-13T16:04:13","guid":{"rendered":"https:\/\/tuguia.combarranquilla.co\/Revista\/?p=7404"},"modified":"2025-08-19T14:22:10","modified_gmt":"2025-08-19T19:22:10","slug":"cronica-recorriendo-25-mil-anos-de-diversidad-cultural-en-el-museo-mapuka","status":"publish","type":"post","link":"https:\/\/tuguia.combarranquilla.co\/Revista\/cronica-recorriendo-25-mil-anos-de-diversidad-cultural-en-el-museo-mapuka\/","title":{"rendered":"Recorriendo 25 mil a\u00f1os de diversidad cultural en el Museo Mapuka \u00a0"},"content":{"rendered":"\n<p><em><strong>Nuestra idea del Caribe colombiano tiende a parecerse a la t\u00edpica postal en la que se retratan playas, palmeras y arena. Pero al estudiar la historia de esta regi\u00f3n, nos damos cuenta de lo poco que esa imagen retrata.<\/strong><\/em><\/p>\n\n\n\n<p>Mi visita al Museo Mapuka de la Universidad del Norte me permiti\u00f3 acercarme m\u00e1s a esa cultura diversa que caracteriza a Colombia y a la regi\u00f3n Caribe. Al cruzar sus puertas, sent\u00ed c\u00f3mo las palabras y la arqueolog\u00eda exhibida me llevaban por un viaje en el tiempo. Uno en el que descubrir\u00eda la profundidad y complejidad de los pueblos que habitaron la zona hace m\u00e1s de 25 mil a\u00f1os.<\/p>\n\n\n\n<h2 class=\"wp-block-heading has-medium-font-size\"><strong>Los or\u00edgenes: primeros pobladores<\/strong><\/h2>\n\n\n\n<p>En mi primera parada, me encuentro frente a un dibujo de un mastodonte. A su alrededor, puedo ver sus restos, adem\u00e1s de herramientas talladas que permitieron a los primeros pobladores cazar estas especies de la megafauna. El mastodonte ahora parece mirarme desde mi celular al escanear el c\u00f3digo QR de realidad aumentada. Comparar su tama\u00f1o con el de un humano me resulta fascinante.<\/p>\n\n\n\n<h2 class=\"wp-block-heading has-medium-font-size\"><strong>San Jacinto: la tecnolog\u00eda alfarera<\/strong>&nbsp;<\/h2>\n\n\n\n<p>Caminando hacia la siguiente vitrina, llego a la historia de San Jacinto, en Bol\u00edvar. En este lugar, la invenci\u00f3n de la alfarer\u00eda transform\u00f3 la vida de los primeros pobladores.<\/p>\n\n\n\n<p>Me detengo frente a un asa de vasija con forma de animal. As\u00ed como&nbsp;esta,&nbsp;hay muchas otras que representan la biodiversidad del bosque seco tropical. Las mujeres tuvieron un gran papel en la transmisi\u00f3n de este conocimiento, plasmando su cosmovisi\u00f3n en la cer\u00e1mica. No solo implementaron el fuego para crear piezas, sino tambi\u00e9n para construir identidad.<\/p>\n\n\n\n<h2 class=\"wp-block-heading has-medium-font-size\"><strong>Malambo: aldeas, yuca y murci\u00e9lagos<\/strong>&nbsp;<\/h2>\n\n\n\n<p>Hace&nbsp;unos&nbsp;3 mil a\u00f1os, en lo que hoy conocemos como Malambo, los grupos humanos comenzaron a consolidarse en aldeas. La agricultura y la domesticaci\u00f3n de las&nbsp;plantas&nbsp;permitieron una vida m\u00e1s estable.&nbsp;<\/p>\n\n\n\n<p>Puedo notar que entre las piezas en esta vitrina destacan vasijas decoradas en formas de animales acu\u00e1ticos, seguramente del Bajo Magdalena. Tambi\u00e9n hay una figura de murci\u00e9lago que me resulta muy interesante. Est\u00e1 vinculada con cultos religiosos prehisp\u00e1nicos, puesto que el murci\u00e9lago era considerado un animal sagrado.<\/p>\n\n\n\n<div class=\"wp-block-columns is-layout-flex wp-container-core-columns-is-layout-9d6595d7 wp-block-columns-is-layout-flex\">\n<div class=\"wp-block-column is-layout-flow wp-block-column-is-layout-flow\">\n<figure class=\"wp-block-image size-large\"><img decoding=\"async\" width=\"768\" height=\"1024\" data-src=\"https:\/\/tuguia.combarranquilla.co\/Revista\/wp-content\/uploads\/2025\/08\/processed-EA1B3F90-BBE8-44BB-8CCB-5EF5D99C88A3-768x1024.jpeg\" alt=\"\" class=\"wp-image-7408 lazyload\" data-srcset=\"https:\/\/tuguia.combarranquilla.co\/Revista\/wp-content\/uploads\/2025\/08\/processed-EA1B3F90-BBE8-44BB-8CCB-5EF5D99C88A3-768x1023.jpeg 768w, https:\/\/tuguia.combarranquilla.co\/Revista\/wp-content\/uploads\/2025\/08\/processed-EA1B3F90-BBE8-44BB-8CCB-5EF5D99C88A3-225x300.jpeg 225w, https:\/\/tuguia.combarranquilla.co\/Revista\/wp-content\/uploads\/2025\/08\/processed-EA1B3F90-BBE8-44BB-8CCB-5EF5D99C88A3-1153x1536.jpeg 1153w, https:\/\/tuguia.combarranquilla.co\/Revista\/wp-content\/uploads\/2025\/08\/processed-EA1B3F90-BBE8-44BB-8CCB-5EF5D99C88A3-1537x2048.jpeg 1537w, https:\/\/tuguia.combarranquilla.co\/Revista\/wp-content\/uploads\/2025\/08\/processed-EA1B3F90-BBE8-44BB-8CCB-5EF5D99C88A3.jpeg 1816w\" data-sizes=\"(max-width: 768px) 100vw, 768px\" src=\"data:image\/svg+xml;base64,PHN2ZyB3aWR0aD0iMSIgaGVpZ2h0PSIxIiB4bWxucz0iaHR0cDovL3d3dy53My5vcmcvMjAwMC9zdmciPjwvc3ZnPg==\" style=\"--smush-placeholder-width: 768px; --smush-placeholder-aspect-ratio: 768\/1024;\" \/><\/figure>\n<\/div>\n\n\n\n<div class=\"wp-block-column is-layout-flow wp-block-column-is-layout-flow\">\n<figure class=\"wp-block-image size-large\"><img decoding=\"async\" width=\"768\" height=\"1024\" data-src=\"https:\/\/tuguia.combarranquilla.co\/Revista\/wp-content\/uploads\/2025\/08\/processed-0A81E3AA-74CC-442E-B06B-78B3F5519CEA-768x1024.jpeg\" alt=\"\" class=\"wp-image-7409 lazyload\" data-srcset=\"https:\/\/tuguia.combarranquilla.co\/Revista\/wp-content\/uploads\/2025\/08\/processed-0A81E3AA-74CC-442E-B06B-78B3F5519CEA-768x1023.jpeg 768w, https:\/\/tuguia.combarranquilla.co\/Revista\/wp-content\/uploads\/2025\/08\/processed-0A81E3AA-74CC-442E-B06B-78B3F5519CEA-225x300.jpeg 225w, https:\/\/tuguia.combarranquilla.co\/Revista\/wp-content\/uploads\/2025\/08\/processed-0A81E3AA-74CC-442E-B06B-78B3F5519CEA-1153x1536.jpeg 1153w, https:\/\/tuguia.combarranquilla.co\/Revista\/wp-content\/uploads\/2025\/08\/processed-0A81E3AA-74CC-442E-B06B-78B3F5519CEA-1537x2048.jpeg 1537w, https:\/\/tuguia.combarranquilla.co\/Revista\/wp-content\/uploads\/2025\/08\/processed-0A81E3AA-74CC-442E-B06B-78B3F5519CEA.jpeg 1816w\" data-sizes=\"(max-width: 768px) 100vw, 768px\" src=\"data:image\/svg+xml;base64,PHN2ZyB3aWR0aD0iMSIgaGVpZ2h0PSIxIiB4bWxucz0iaHR0cDovL3d3dy53My5vcmcvMjAwMC9zdmciPjwvc3ZnPg==\" style=\"--smush-placeholder-width: 768px; --smush-placeholder-aspect-ratio: 768\/1024;\" \/><\/figure>\n<\/div>\n<\/div>\n\n\n\n<h2 class=\"wp-block-heading has-medium-font-size\"><strong>Los taironas: arquitectos de la Sierra Nevada<\/strong>&nbsp;<\/h2>\n\n\n\n<p>La siguiente vitrina me lleva a la imponente Sierra Nevada de Santa Marta, hogar ancestral de los taironas.&nbsp;Me asombra saber que este grupo ind\u00edgena se adapt\u00f3 a la topograf\u00eda de la sierra. Tuvieron que dise\u00f1ar plataformas, muros de contenci\u00f3n y canales de agua para poder asentarse en este espacio.<\/p>\n\n\n\n<p>Y no puedo ignorar la&nbsp;orfebrer\u00eda&nbsp;que se exhibe en esta vitrina: piezas&nbsp;hechas en oro, acompa\u00f1adas de cer\u00e1micas en tonos oscuros y cremas. Todo demuestra una red de relaciones sociales y espirituales que sigue en nuestro ADN.<\/p>\n\n\n\n<h2 class=\"wp-block-heading has-medium-font-size\"><strong>Los zen\u00faes: ingenieros del agua<\/strong><\/h2>\n\n\n\n<p>He descendido a la Depresi\u00f3n Momposina, donde los zen\u00faes construyeron un sistema de camellones y canales para controlar las inundaciones. Transformaron&nbsp;este paisaje tan inc\u00f3modo con una ingenier\u00eda hidr\u00e1ulica incomparable.&nbsp;<\/p>\n\n\n\n<p>Las piezas fabricadas no se quedan atr\u00e1s: las copas rituales, los rodillos, revelan&nbsp;no solo funcionalidad, sino una est\u00e9tica simb\u00f3lica y ancestral. Su legado vive hasta hoy en piezas como el sombrero&nbsp;vueltiao.&nbsp;<\/p>\n\n\n\n<h2 class=\"wp-block-heading has-medium-font-size\"><strong>Los malib\u00faes: navegantes del Magdalena<\/strong>&nbsp;<\/h2>\n\n\n\n<p>La vitrina dedicada a los malib\u00faes me lleva al r\u00edo Magdalena, en el que el lenguaje del agua se integra con el de la tierra. Las vasijas oscuras, los silbatos zoomorfos y los diferentes tipos de collares hechos con moluscos hablan de una cultura en tr\u00e1nsito, en movimiento. Un tejido de comercio, viajes y tradici\u00f3n.&nbsp;<\/p>\n\n\n\n<h2 class=\"wp-block-heading has-medium-font-size\"><strong>La invasi\u00f3n<\/strong>&nbsp;<\/h2>\n\n\n\n<p>Finalmente, me encuentro frente a una vitrina llamativa, con vasijas de loza, rosarios cat\u00f3licos y&nbsp;azulejos&nbsp;decorativos. Pero entre los artefactos exhibidos, se esconde una historia de dolor y esclavitud. S\u00ed, estoy frente a los restos de la conquista europea, un periodo marcado por el control y la violencia. Un periodo que nos ense\u00f1a cu\u00e1nto debemos apreciar la historia de nuestros ancestros, quienes fueron los primeros en habitar la regi\u00f3n.<\/p>\n\n\n<div class=\"wp-block-image\">\n<figure class=\"aligncenter size-large is-resized\"><img decoding=\"async\" width=\"1816\" height=\"1361\" data-src=\"https:\/\/tuguia.combarranquilla.co\/Revista\/wp-content\/uploads\/2025\/08\/processed-48E7C7CF-770A-4570-B116-3E48F3C31D55-edited.jpeg\" alt=\"\" class=\"wp-image-7412 lazyload\" style=\"--smush-placeholder-width: 1816px; --smush-placeholder-aspect-ratio: 1816\/1361;width:676px;height:auto\" data-srcset=\"https:\/\/tuguia.combarranquilla.co\/Revista\/wp-content\/uploads\/2025\/08\/processed-48E7C7CF-770A-4570-B116-3E48F3C31D55-edited.jpeg 1816w, https:\/\/tuguia.combarranquilla.co\/Revista\/wp-content\/uploads\/2025\/08\/processed-48E7C7CF-770A-4570-B116-3E48F3C31D55-edited-300x225.jpeg 300w, https:\/\/tuguia.combarranquilla.co\/Revista\/wp-content\/uploads\/2025\/08\/processed-48E7C7CF-770A-4570-B116-3E48F3C31D55-edited-1024x767.jpeg 1024w, https:\/\/tuguia.combarranquilla.co\/Revista\/wp-content\/uploads\/2025\/08\/processed-48E7C7CF-770A-4570-B116-3E48F3C31D55-edited-768x576.jpeg 768w, https:\/\/tuguia.combarranquilla.co\/Revista\/wp-content\/uploads\/2025\/08\/processed-48E7C7CF-770A-4570-B116-3E48F3C31D55-edited-1536x1151.jpeg 1536w\" data-sizes=\"(max-width: 1816px) 100vw, 1816px\" src=\"data:image\/svg+xml;base64,PHN2ZyB3aWR0aD0iMSIgaGVpZ2h0PSIxIiB4bWxucz0iaHR0cDovL3d3dy53My5vcmcvMjAwMC9zdmciPjwvc3ZnPg==\" \/><\/figure><\/div>\n\n\n<p>El pasado sigue vivo en el registro arqueol\u00f3gico y en toda Colombia. Es nuestra responsabilidad proteger esta diversidad milenaria que nos recuerda que esta tierra est\u00e1 moldeada por m\u00faltiples historias.<\/p>\n\n\n\n<p>El Museo Mapuka no exhibe objetos: recupera la memoria y nos invita a&nbsp;mirar&nbsp;el pasado con nuevos ojos, a reconocer el valor de la cultura ind\u00edgena. Es un recorrido imprescindible para quienes queremos entender de d\u00f3nde venimos y hacia d\u00f3nde vamos.&nbsp;<\/p>\n","protected":false},"excerpt":{"rendered":"<p>Nuestra idea del Caribe colombiano tiende a parecerse a la t\u00edpica postal en la que se retratan playas, palmeras y arena. Pero al estudiar la historia de esta regi\u00f3n, nos damos cuenta de lo poco que esa imagen retrata. Mi visita al Museo Mapuka de la Universidad del Norte me permiti\u00f3 acercarme m\u00e1s a esa [&hellip;]<\/p>\n","protected":false},"author":2,"featured_media":7414,"comment_status":"open","ping_status":"open","sticky":false,"template":"","format":"standard","meta":{"inline_featured_image":false,"footnotes":""},"categories":[1],"tags":[],"class_list":["post-7404","post","type-post","status-publish","format-standard","has-post-thumbnail","hentry","category-entretenimiento"],"yoast_head":"<!-- This site is optimized with the Yoast SEO plugin v27.4 - https:\/\/yoast.com\/product\/yoast-seo-wordpress\/ -->\n<title>Recorriendo 25 mil a\u00f1os de diversidad cultural en el Museo Mapuka \u00a0 - Tu Gu\u00eda<\/title>\n<meta name=\"robots\" content=\"index, follow, max-snippet:-1, max-image-preview:large, max-video-preview:-1\" \/>\n<link rel=\"canonical\" href=\"https:\/\/tuguia.combarranquilla.co\/Revista\/cronica-recorriendo-25-mil-anos-de-diversidad-cultural-en-el-museo-mapuka\/\" \/>\n<meta property=\"og:locale\" content=\"es_ES\" \/>\n<meta property=\"og:type\" content=\"article\" \/>\n<meta property=\"og:title\" content=\"Recorriendo 25 mil a\u00f1os de diversidad cultural en el Museo Mapuka \u00a0 - Tu Gu\u00eda\" \/>\n<meta property=\"og:description\" content=\"Nuestra idea del Caribe colombiano tiende a parecerse a la t\u00edpica postal en la que se retratan playas, palmeras y arena. Pero al estudiar la historia de esta regi\u00f3n, nos damos cuenta de lo poco que esa imagen retrata. Mi visita al Museo Mapuka de la Universidad del Norte me permiti\u00f3 acercarme m\u00e1s a esa [&hellip;]\" \/>\n<meta property=\"og:url\" content=\"https:\/\/tuguia.combarranquilla.co\/Revista\/cronica-recorriendo-25-mil-anos-de-diversidad-cultural-en-el-museo-mapuka\/\" \/>\n<meta property=\"og:site_name\" content=\"Tu Gu\u00eda\" \/>\n<meta property=\"article:published_time\" content=\"2025-08-13T16:04:13+00:00\" \/>\n<meta property=\"article:modified_time\" content=\"2025-08-19T19:22:10+00:00\" \/>\n<meta property=\"og:image\" content=\"https:\/\/tuguia.combarranquilla.co\/Revista\/wp-content\/uploads\/2025\/08\/Revista-Combarranquilla-3-1024x512.png\" \/>\n\t<meta property=\"og:image:width\" content=\"1024\" \/>\n\t<meta property=\"og:image:height\" content=\"512\" \/>\n\t<meta property=\"og:image:type\" content=\"image\/png\" \/>\n<meta name=\"author\" content=\"Comunicaciones Combarranquilla\" \/>\n<meta name=\"twitter:card\" content=\"summary_large_image\" \/>\n<meta name=\"twitter:label1\" content=\"Escrito por\" \/>\n\t<meta name=\"twitter:data1\" content=\"Comunicaciones Combarranquilla\" \/>\n\t<meta name=\"twitter:label2\" content=\"Tiempo de lectura\" \/>\n\t<meta name=\"twitter:data2\" content=\"5 minutos\" \/>\n<script type=\"application\/ld+json\" class=\"yoast-schema-graph\">{\"@context\":\"https:\\\/\\\/schema.org\",\"@graph\":[{\"@type\":\"Article\",\"@id\":\"https:\\\/\\\/tuguia.combarranquilla.co\\\/Revista\\\/cronica-recorriendo-25-mil-anos-de-diversidad-cultural-en-el-museo-mapuka\\\/#article\",\"isPartOf\":{\"@id\":\"https:\\\/\\\/tuguia.combarranquilla.co\\\/Revista\\\/cronica-recorriendo-25-mil-anos-de-diversidad-cultural-en-el-museo-mapuka\\\/\"},\"author\":{\"name\":\"Comunicaciones Combarranquilla\",\"@id\":\"https:\\\/\\\/tuguia.combarranquilla.co\\\/Revista\\\/#\\\/schema\\\/person\\\/c2c396a77170bd1d5f8ba73294eb0d10\"},\"headline\":\"Recorriendo 25 mil a\u00f1os de diversidad cultural en el Museo Mapuka \u00a0\",\"datePublished\":\"2025-08-13T16:04:13+00:00\",\"dateModified\":\"2025-08-19T19:22:10+00:00\",\"mainEntityOfPage\":{\"@id\":\"https:\\\/\\\/tuguia.combarranquilla.co\\\/Revista\\\/cronica-recorriendo-25-mil-anos-de-diversidad-cultural-en-el-museo-mapuka\\\/\"},\"wordCount\":815,\"commentCount\":0,\"publisher\":{\"@id\":\"https:\\\/\\\/tuguia.combarranquilla.co\\\/Revista\\\/#organization\"},\"image\":{\"@id\":\"https:\\\/\\\/tuguia.combarranquilla.co\\\/Revista\\\/cronica-recorriendo-25-mil-anos-de-diversidad-cultural-en-el-museo-mapuka\\\/#primaryimage\"},\"thumbnailUrl\":\"https:\\\/\\\/tuguia.combarranquilla.co\\\/Revista\\\/wp-content\\\/uploads\\\/2025\\\/08\\\/Revista-Combarranquilla-3-scaled.png\",\"articleSection\":[\"ENTRETENIMIENTO\"],\"inLanguage\":\"es-CO\",\"potentialAction\":[{\"@type\":\"CommentAction\",\"name\":\"Comment\",\"target\":[\"https:\\\/\\\/tuguia.combarranquilla.co\\\/Revista\\\/cronica-recorriendo-25-mil-anos-de-diversidad-cultural-en-el-museo-mapuka\\\/#respond\"]}]},{\"@type\":\"WebPage\",\"@id\":\"https:\\\/\\\/tuguia.combarranquilla.co\\\/Revista\\\/cronica-recorriendo-25-mil-anos-de-diversidad-cultural-en-el-museo-mapuka\\\/\",\"url\":\"https:\\\/\\\/tuguia.combarranquilla.co\\\/Revista\\\/cronica-recorriendo-25-mil-anos-de-diversidad-cultural-en-el-museo-mapuka\\\/\",\"name\":\"Recorriendo 25 mil a\u00f1os de diversidad cultural en el Museo Mapuka \u00a0 - Tu Gu\u00eda\",\"isPartOf\":{\"@id\":\"https:\\\/\\\/tuguia.combarranquilla.co\\\/Revista\\\/#website\"},\"primaryImageOfPage\":{\"@id\":\"https:\\\/\\\/tuguia.combarranquilla.co\\\/Revista\\\/cronica-recorriendo-25-mil-anos-de-diversidad-cultural-en-el-museo-mapuka\\\/#primaryimage\"},\"image\":{\"@id\":\"https:\\\/\\\/tuguia.combarranquilla.co\\\/Revista\\\/cronica-recorriendo-25-mil-anos-de-diversidad-cultural-en-el-museo-mapuka\\\/#primaryimage\"},\"thumbnailUrl\":\"https:\\\/\\\/tuguia.combarranquilla.co\\\/Revista\\\/wp-content\\\/uploads\\\/2025\\\/08\\\/Revista-Combarranquilla-3-scaled.png\",\"datePublished\":\"2025-08-13T16:04:13+00:00\",\"dateModified\":\"2025-08-19T19:22:10+00:00\",\"breadcrumb\":{\"@id\":\"https:\\\/\\\/tuguia.combarranquilla.co\\\/Revista\\\/cronica-recorriendo-25-mil-anos-de-diversidad-cultural-en-el-museo-mapuka\\\/#breadcrumb\"},\"inLanguage\":\"es-CO\",\"potentialAction\":[{\"@type\":\"ReadAction\",\"target\":[\"https:\\\/\\\/tuguia.combarranquilla.co\\\/Revista\\\/cronica-recorriendo-25-mil-anos-de-diversidad-cultural-en-el-museo-mapuka\\\/\"]}]},{\"@type\":\"ImageObject\",\"inLanguage\":\"es-CO\",\"@id\":\"https:\\\/\\\/tuguia.combarranquilla.co\\\/Revista\\\/cronica-recorriendo-25-mil-anos-de-diversidad-cultural-en-el-museo-mapuka\\\/#primaryimage\",\"url\":\"https:\\\/\\\/tuguia.combarranquilla.co\\\/Revista\\\/wp-content\\\/uploads\\\/2025\\\/08\\\/Revista-Combarranquilla-3-scaled.png\",\"contentUrl\":\"https:\\\/\\\/tuguia.combarranquilla.co\\\/Revista\\\/wp-content\\\/uploads\\\/2025\\\/08\\\/Revista-Combarranquilla-3-scaled.png\",\"width\":2560,\"height\":1280},{\"@type\":\"BreadcrumbList\",\"@id\":\"https:\\\/\\\/tuguia.combarranquilla.co\\\/Revista\\\/cronica-recorriendo-25-mil-anos-de-diversidad-cultural-en-el-museo-mapuka\\\/#breadcrumb\",\"itemListElement\":[{\"@type\":\"ListItem\",\"position\":1,\"name\":\"Inicio\",\"item\":\"https:\\\/\\\/tuguia.combarranquilla.co\\\/Revista\\\/\"},{\"@type\":\"ListItem\",\"position\":2,\"name\":\"Recorriendo 25 mil a\u00f1os de diversidad cultural en el Museo Mapuka \u00a0\"}]},{\"@type\":\"WebSite\",\"@id\":\"https:\\\/\\\/tuguia.combarranquilla.co\\\/Revista\\\/#website\",\"url\":\"https:\\\/\\\/tuguia.combarranquilla.co\\\/Revista\\\/\",\"name\":\"Tu Gu\u00eda\",\"description\":\"La revista donde lo tienes todo.\",\"publisher\":{\"@id\":\"https:\\\/\\\/tuguia.combarranquilla.co\\\/Revista\\\/#organization\"},\"alternateName\":\"Tu Gu\u00eda Combarranquilla\",\"potentialAction\":[{\"@type\":\"SearchAction\",\"target\":{\"@type\":\"EntryPoint\",\"urlTemplate\":\"https:\\\/\\\/tuguia.combarranquilla.co\\\/Revista\\\/?s={search_term_string}\"},\"query-input\":{\"@type\":\"PropertyValueSpecification\",\"valueRequired\":true,\"valueName\":\"search_term_string\"}}],\"inLanguage\":\"es-CO\"},{\"@type\":\"Organization\",\"@id\":\"https:\\\/\\\/tuguia.combarranquilla.co\\\/Revista\\\/#organization\",\"name\":\"Tu Gu\u00eda Combarranquilla\",\"url\":\"https:\\\/\\\/tuguia.combarranquilla.co\\\/Revista\\\/\",\"logo\":{\"@type\":\"ImageObject\",\"inLanguage\":\"es-CO\",\"@id\":\"https:\\\/\\\/tuguia.combarranquilla.co\\\/Revista\\\/#\\\/schema\\\/logo\\\/image\\\/\",\"url\":\"https:\\\/\\\/tuguia.combarranquilla.co\\\/Revista\\\/wp-content\\\/uploads\\\/2022\\\/02\\\/logo-guia-combarranquilla.svg\",\"contentUrl\":\"https:\\\/\\\/tuguia.combarranquilla.co\\\/Revista\\\/wp-content\\\/uploads\\\/2022\\\/02\\\/logo-guia-combarranquilla.svg\",\"caption\":\"Tu Gu\u00eda Combarranquilla\"},\"image\":{\"@id\":\"https:\\\/\\\/tuguia.combarranquilla.co\\\/Revista\\\/#\\\/schema\\\/logo\\\/image\\\/\"}},{\"@type\":\"Person\",\"@id\":\"https:\\\/\\\/tuguia.combarranquilla.co\\\/Revista\\\/#\\\/schema\\\/person\\\/c2c396a77170bd1d5f8ba73294eb0d10\",\"name\":\"Comunicaciones Combarranquilla\",\"image\":{\"@type\":\"ImageObject\",\"inLanguage\":\"es-CO\",\"@id\":\"https:\\\/\\\/tuguia.combarranquilla.co\\\/Revista\\\/wp-content\\\/uploads\\\/2025\\\/05\\\/ABC-Al-Rojo-Logo-96x96.jpg\",\"url\":\"https:\\\/\\\/tuguia.combarranquilla.co\\\/Revista\\\/wp-content\\\/uploads\\\/2025\\\/05\\\/ABC-Al-Rojo-Logo-96x96.jpg\",\"contentUrl\":\"https:\\\/\\\/tuguia.combarranquilla.co\\\/Revista\\\/wp-content\\\/uploads\\\/2025\\\/05\\\/ABC-Al-Rojo-Logo-96x96.jpg\",\"caption\":\"Comunicaciones Combarranquilla\"},\"sameAs\":[\"https:\\\/\\\/www.combarranquilla.co\"],\"url\":\"https:\\\/\\\/tuguia.combarranquilla.co\\\/Revista\\\/author\\\/comunicaciones\\\/\"}]}<\/script>\n<!-- \/ Yoast SEO plugin. -->","yoast_head_json":{"title":"Recorriendo 25 mil a\u00f1os de diversidad cultural en el Museo Mapuka \u00a0 - Tu Gu\u00eda","robots":{"index":"index","follow":"follow","max-snippet":"max-snippet:-1","max-image-preview":"max-image-preview:large","max-video-preview":"max-video-preview:-1"},"canonical":"https:\/\/tuguia.combarranquilla.co\/Revista\/cronica-recorriendo-25-mil-anos-de-diversidad-cultural-en-el-museo-mapuka\/","og_locale":"es_ES","og_type":"article","og_title":"Recorriendo 25 mil a\u00f1os de diversidad cultural en el Museo Mapuka \u00a0 - Tu Gu\u00eda","og_description":"Nuestra idea del Caribe colombiano tiende a parecerse a la t\u00edpica postal en la que se retratan playas, palmeras y arena. Pero al estudiar la historia de esta regi\u00f3n, nos damos cuenta de lo poco que esa imagen retrata. Mi visita al Museo Mapuka de la Universidad del Norte me permiti\u00f3 acercarme m\u00e1s a esa [&hellip;]","og_url":"https:\/\/tuguia.combarranquilla.co\/Revista\/cronica-recorriendo-25-mil-anos-de-diversidad-cultural-en-el-museo-mapuka\/","og_site_name":"Tu Gu\u00eda","article_published_time":"2025-08-13T16:04:13+00:00","article_modified_time":"2025-08-19T19:22:10+00:00","og_image":[{"width":1024,"height":512,"url":"https:\/\/tuguia.combarranquilla.co\/Revista\/wp-content\/uploads\/2025\/08\/Revista-Combarranquilla-3-1024x512.png","type":"image\/png"}],"author":"Comunicaciones Combarranquilla","twitter_card":"summary_large_image","twitter_misc":{"Escrito por":"Comunicaciones Combarranquilla","Tiempo de lectura":"5 minutos"},"schema":{"@context":"https:\/\/schema.org","@graph":[{"@type":"Article","@id":"https:\/\/tuguia.combarranquilla.co\/Revista\/cronica-recorriendo-25-mil-anos-de-diversidad-cultural-en-el-museo-mapuka\/#article","isPartOf":{"@id":"https:\/\/tuguia.combarranquilla.co\/Revista\/cronica-recorriendo-25-mil-anos-de-diversidad-cultural-en-el-museo-mapuka\/"},"author":{"name":"Comunicaciones Combarranquilla","@id":"https:\/\/tuguia.combarranquilla.co\/Revista\/#\/schema\/person\/c2c396a77170bd1d5f8ba73294eb0d10"},"headline":"Recorriendo 25 mil a\u00f1os de diversidad cultural en el Museo Mapuka \u00a0","datePublished":"2025-08-13T16:04:13+00:00","dateModified":"2025-08-19T19:22:10+00:00","mainEntityOfPage":{"@id":"https:\/\/tuguia.combarranquilla.co\/Revista\/cronica-recorriendo-25-mil-anos-de-diversidad-cultural-en-el-museo-mapuka\/"},"wordCount":815,"commentCount":0,"publisher":{"@id":"https:\/\/tuguia.combarranquilla.co\/Revista\/#organization"},"image":{"@id":"https:\/\/tuguia.combarranquilla.co\/Revista\/cronica-recorriendo-25-mil-anos-de-diversidad-cultural-en-el-museo-mapuka\/#primaryimage"},"thumbnailUrl":"https:\/\/tuguia.combarranquilla.co\/Revista\/wp-content\/uploads\/2025\/08\/Revista-Combarranquilla-3-scaled.png","articleSection":["ENTRETENIMIENTO"],"inLanguage":"es-CO","potentialAction":[{"@type":"CommentAction","name":"Comment","target":["https:\/\/tuguia.combarranquilla.co\/Revista\/cronica-recorriendo-25-mil-anos-de-diversidad-cultural-en-el-museo-mapuka\/#respond"]}]},{"@type":"WebPage","@id":"https:\/\/tuguia.combarranquilla.co\/Revista\/cronica-recorriendo-25-mil-anos-de-diversidad-cultural-en-el-museo-mapuka\/","url":"https:\/\/tuguia.combarranquilla.co\/Revista\/cronica-recorriendo-25-mil-anos-de-diversidad-cultural-en-el-museo-mapuka\/","name":"Recorriendo 25 mil a\u00f1os de diversidad cultural en el Museo Mapuka \u00a0 - Tu Gu\u00eda","isPartOf":{"@id":"https:\/\/tuguia.combarranquilla.co\/Revista\/#website"},"primaryImageOfPage":{"@id":"https:\/\/tuguia.combarranquilla.co\/Revista\/cronica-recorriendo-25-mil-anos-de-diversidad-cultural-en-el-museo-mapuka\/#primaryimage"},"image":{"@id":"https:\/\/tuguia.combarranquilla.co\/Revista\/cronica-recorriendo-25-mil-anos-de-diversidad-cultural-en-el-museo-mapuka\/#primaryimage"},"thumbnailUrl":"https:\/\/tuguia.combarranquilla.co\/Revista\/wp-content\/uploads\/2025\/08\/Revista-Combarranquilla-3-scaled.png","datePublished":"2025-08-13T16:04:13+00:00","dateModified":"2025-08-19T19:22:10+00:00","breadcrumb":{"@id":"https:\/\/tuguia.combarranquilla.co\/Revista\/cronica-recorriendo-25-mil-anos-de-diversidad-cultural-en-el-museo-mapuka\/#breadcrumb"},"inLanguage":"es-CO","potentialAction":[{"@type":"ReadAction","target":["https:\/\/tuguia.combarranquilla.co\/Revista\/cronica-recorriendo-25-mil-anos-de-diversidad-cultural-en-el-museo-mapuka\/"]}]},{"@type":"ImageObject","inLanguage":"es-CO","@id":"https:\/\/tuguia.combarranquilla.co\/Revista\/cronica-recorriendo-25-mil-anos-de-diversidad-cultural-en-el-museo-mapuka\/#primaryimage","url":"https:\/\/tuguia.combarranquilla.co\/Revista\/wp-content\/uploads\/2025\/08\/Revista-Combarranquilla-3-scaled.png","contentUrl":"https:\/\/tuguia.combarranquilla.co\/Revista\/wp-content\/uploads\/2025\/08\/Revista-Combarranquilla-3-scaled.png","width":2560,"height":1280},{"@type":"BreadcrumbList","@id":"https:\/\/tuguia.combarranquilla.co\/Revista\/cronica-recorriendo-25-mil-anos-de-diversidad-cultural-en-el-museo-mapuka\/#breadcrumb","itemListElement":[{"@type":"ListItem","position":1,"name":"Inicio","item":"https:\/\/tuguia.combarranquilla.co\/Revista\/"},{"@type":"ListItem","position":2,"name":"Recorriendo 25 mil a\u00f1os de diversidad cultural en el Museo Mapuka \u00a0"}]},{"@type":"WebSite","@id":"https:\/\/tuguia.combarranquilla.co\/Revista\/#website","url":"https:\/\/tuguia.combarranquilla.co\/Revista\/","name":"Tu Gu\u00eda","description":"La revista donde lo tienes todo.","publisher":{"@id":"https:\/\/tuguia.combarranquilla.co\/Revista\/#organization"},"alternateName":"Tu Gu\u00eda Combarranquilla","potentialAction":[{"@type":"SearchAction","target":{"@type":"EntryPoint","urlTemplate":"https:\/\/tuguia.combarranquilla.co\/Revista\/?s={search_term_string}"},"query-input":{"@type":"PropertyValueSpecification","valueRequired":true,"valueName":"search_term_string"}}],"inLanguage":"es-CO"},{"@type":"Organization","@id":"https:\/\/tuguia.combarranquilla.co\/Revista\/#organization","name":"Tu Gu\u00eda Combarranquilla","url":"https:\/\/tuguia.combarranquilla.co\/Revista\/","logo":{"@type":"ImageObject","inLanguage":"es-CO","@id":"https:\/\/tuguia.combarranquilla.co\/Revista\/#\/schema\/logo\/image\/","url":"https:\/\/tuguia.combarranquilla.co\/Revista\/wp-content\/uploads\/2022\/02\/logo-guia-combarranquilla.svg","contentUrl":"https:\/\/tuguia.combarranquilla.co\/Revista\/wp-content\/uploads\/2022\/02\/logo-guia-combarranquilla.svg","caption":"Tu Gu\u00eda Combarranquilla"},"image":{"@id":"https:\/\/tuguia.combarranquilla.co\/Revista\/#\/schema\/logo\/image\/"}},{"@type":"Person","@id":"https:\/\/tuguia.combarranquilla.co\/Revista\/#\/schema\/person\/c2c396a77170bd1d5f8ba73294eb0d10","name":"Comunicaciones Combarranquilla","image":{"@type":"ImageObject","inLanguage":"es-CO","@id":"https:\/\/tuguia.combarranquilla.co\/Revista\/wp-content\/uploads\/2025\/05\/ABC-Al-Rojo-Logo-96x96.jpg","url":"https:\/\/tuguia.combarranquilla.co\/Revista\/wp-content\/uploads\/2025\/05\/ABC-Al-Rojo-Logo-96x96.jpg","contentUrl":"https:\/\/tuguia.combarranquilla.co\/Revista\/wp-content\/uploads\/2025\/05\/ABC-Al-Rojo-Logo-96x96.jpg","caption":"Comunicaciones Combarranquilla"},"sameAs":["https:\/\/www.combarranquilla.co"],"url":"https:\/\/tuguia.combarranquilla.co\/Revista\/author\/comunicaciones\/"}]}},"_links":{"self":[{"href":"https:\/\/tuguia.combarranquilla.co\/Revista\/wp-json\/wp\/v2\/posts\/7404","targetHints":{"allow":["GET"]}}],"collection":[{"href":"https:\/\/tuguia.combarranquilla.co\/Revista\/wp-json\/wp\/v2\/posts"}],"about":[{"href":"https:\/\/tuguia.combarranquilla.co\/Revista\/wp-json\/wp\/v2\/types\/post"}],"author":[{"embeddable":true,"href":"https:\/\/tuguia.combarranquilla.co\/Revista\/wp-json\/wp\/v2\/users\/2"}],"replies":[{"embeddable":true,"href":"https:\/\/tuguia.combarranquilla.co\/Revista\/wp-json\/wp\/v2\/comments?post=7404"}],"version-history":[{"count":23,"href":"https:\/\/tuguia.combarranquilla.co\/Revista\/wp-json\/wp\/v2\/posts\/7404\/revisions"}],"predecessor-version":[{"id":7480,"href":"https:\/\/tuguia.combarranquilla.co\/Revista\/wp-json\/wp\/v2\/posts\/7404\/revisions\/7480"}],"wp:featuredmedia":[{"embeddable":true,"href":"https:\/\/tuguia.combarranquilla.co\/Revista\/wp-json\/wp\/v2\/media\/7414"}],"wp:attachment":[{"href":"https:\/\/tuguia.combarranquilla.co\/Revista\/wp-json\/wp\/v2\/media?parent=7404"}],"wp:term":[{"taxonomy":"category","embeddable":true,"href":"https:\/\/tuguia.combarranquilla.co\/Revista\/wp-json\/wp\/v2\/categories?post=7404"},{"taxonomy":"post_tag","embeddable":true,"href":"https:\/\/tuguia.combarranquilla.co\/Revista\/wp-json\/wp\/v2\/tags?post=7404"}],"curies":[{"name":"wp","href":"https:\/\/api.w.org\/{rel}","templated":true}]}}