{"id":7439,"date":"2025-08-19T13:36:14","date_gmt":"2025-08-19T18:36:14","guid":{"rendered":"https:\/\/tuguia.combarranquilla.co\/Revista\/?p=7439"},"modified":"2025-09-17T11:25:10","modified_gmt":"2025-09-17T16:25:10","slug":"hubble-y-webb-los-grandes-fotografos-del-cosmos","status":"publish","type":"post","link":"https:\/\/tuguia.combarranquilla.co\/Revista\/hubble-y-webb-los-grandes-fotografos-del-cosmos\/","title":{"rendered":"Hubble y Webb, los grandes fot\u00f3grafos del cosmos"},"content":{"rendered":"\n<p><strong>Por: Dayana Dom\u00ednguez<\/strong><\/p>\n\n\n\n<p>Desde que el ser humano invent\u00f3 la fotograf\u00eda, hemos buscado congelar momentos para recordar, emocionar y entender el mundo que nos rodea. Pero, \u00bfqu\u00e9 pasa cuando el lente no apunta a una persona o a un paisaje, sino al universo entero? El 19 de agosto es el D\u00eda Internacional de la Fotograf\u00eda, y desde el Planetario Combarranquilla celebramos no solo a quienes capturan instantes en la Tierra, sino tambi\u00e9n a los grandes fot\u00f3grafos del cielo: los telescopios espaciales Hubble y James Webb.<\/p>\n\n\n\n<h3 class=\"wp-block-heading\"><strong>Telescopio Hubble<\/strong><\/h3>\n\n\n<div class=\"wp-block-image\">\n<figure class=\"alignleft size-large is-resized\"><img decoding=\"async\" width=\"1024\" height=\"683\" data-src=\"https:\/\/tuguia.combarranquilla.co\/Revista\/wp-content\/uploads\/2025\/08\/pixar-hubble-3-1024x683.png\" alt=\"\" class=\"wp-image-7452 lazyload\" style=\"--smush-placeholder-width: 1024px; --smush-placeholder-aspect-ratio: 1024\/683;width:550px\" data-srcset=\"https:\/\/tuguia.combarranquilla.co\/Revista\/wp-content\/uploads\/2025\/08\/pixar-hubble-3-1024x683.png 1024w, https:\/\/tuguia.combarranquilla.co\/Revista\/wp-content\/uploads\/2025\/08\/pixar-hubble-3-300x200.png 300w, https:\/\/tuguia.combarranquilla.co\/Revista\/wp-content\/uploads\/2025\/08\/pixar-hubble-3-768x512.png 768w, https:\/\/tuguia.combarranquilla.co\/Revista\/wp-content\/uploads\/2025\/08\/pixar-hubble-3.png 1536w\" data-sizes=\"(max-width: 1024px) 100vw, 1024px\" src=\"data:image\/svg+xml;base64,PHN2ZyB3aWR0aD0iMSIgaGVpZ2h0PSIxIiB4bWxucz0iaHR0cDovL3d3dy53My5vcmcvMjAwMC9zdmciPjwvc3ZnPg==\" \/><\/figure><\/div>\n\n\n<p>Desde su lanzamiento en 1990, el telescopio espacial Hubble se ha convertido en uno de los fot\u00f3grafos m\u00e1s c\u00e9lebres de todos los tiempos. Orbitando la Tierra a m\u00e1s de 500 km de altitud, el Hubble ha capturado im\u00e1genes que no solo son cient\u00edficamente importantes, sino que tambi\u00e9n tienen un toque de arte y emoci\u00f3n. Sus fotograf\u00edas nos han revelado la belleza del cosmos: desde nebulosas multicolores y galaxias en colisi\u00f3n hasta los tenues rayos de luz de estrellas moribundas.<\/p>\n\n\n\n<p>Estas capturas del universo han transformado nuestra comprensi\u00f3n del espacio, mostr\u00e1ndonos que no es un lugar oscuro y vac\u00edo, sino un escenario lleno de color, energ\u00eda y movimiento.<\/p>\n\n\n\n<p>El Hubble toma sus \u201cfotograf\u00edas\u201d a trav\u00e9s de una combinaci\u00f3n de filtros que capturan diferentes longitudes de onda de luz, desde el ultravioleta hasta el infrarrojo cercano. Luego, los datos se procesan para formar im\u00e1genes que, adem\u00e1s de cient\u00edficas, son est\u00e9ticamente impactantes. Estas composiciones han inspirado tanto a astr\u00f3nomos como a artistas, y muchas de ellas han dado la vuelta al mundo, como la famosa \u201cPilares de la creaci\u00f3n\u201d en la Nebulosa del \u00c1guila. El Hubble ha producido m\u00e1s de un mill\u00f3n de observaciones con las que nos ha ense\u00f1ado a mirar el cielo con nuevos ojos.<\/p>\n\n\n\n<p>Aunque inicialmente se estimaba que tendr\u00eda una vida \u00fatil de 15 a\u00f1os, el Hubble resiste, este a\u00f1o celebr\u00f3 sus 35 a\u00f1os en \u00f3rbita, y gracias a varias misiones de servicio se espera que cumpla una d\u00e9cada m\u00e1s develando los secretos del universo.<\/p>\n\n\n\n<h3 class=\"wp-block-heading\"><strong>Telescopio&nbsp;James Webb<\/strong><\/h3>\n\n\n<div class=\"wp-block-image\">\n<figure class=\"alignleft size-large is-resized\"><img decoding=\"async\" width=\"1024\" height=\"683\" data-src=\"https:\/\/tuguia.combarranquilla.co\/Revista\/wp-content\/uploads\/2025\/08\/pixar-webb-2-1024x683.png\" alt=\"\" class=\"wp-image-7453 lazyload\" style=\"--smush-placeholder-width: 1024px; --smush-placeholder-aspect-ratio: 1024\/683;width:550px\" data-srcset=\"https:\/\/tuguia.combarranquilla.co\/Revista\/wp-content\/uploads\/2025\/08\/pixar-webb-2-1024x683.png 1024w, https:\/\/tuguia.combarranquilla.co\/Revista\/wp-content\/uploads\/2025\/08\/pixar-webb-2-300x200.png 300w, https:\/\/tuguia.combarranquilla.co\/Revista\/wp-content\/uploads\/2025\/08\/pixar-webb-2-768x512.png 768w, https:\/\/tuguia.combarranquilla.co\/Revista\/wp-content\/uploads\/2025\/08\/pixar-webb-2.png 1536w\" data-sizes=\"(max-width: 1024px) 100vw, 1024px\" src=\"data:image\/svg+xml;base64,PHN2ZyB3aWR0aD0iMSIgaGVpZ2h0PSIxIiB4bWxucz0iaHR0cDovL3d3dy53My5vcmcvMjAwMC9zdmciPjwvc3ZnPg==\" \/><\/figure><\/div>\n\n\n<p>Lanzado en diciembre de 2021 y operativo desde 2022, el telescopio espacial James Webb (JWST) es el sucesor del Hubble, una evoluci\u00f3n radical en la manera de fotografiar el universo.<\/p>\n\n\n\n<p>Webb es un fot\u00f3grafo especializado en el infrarrojo, una regi\u00f3n del espectro electromagn\u00e9tico invisible para el ojo humano, pero clave para observar las regiones m\u00e1s fr\u00edas y antiguas del universo. Gracias a su espejo dorado de 6.5 metros y a su ubicaci\u00f3n a 1.5 millones de kil\u00f3metros de la Tierra, el James Webb puede captar luz que ha viajado por m\u00e1s de 13 mil millones de a\u00f1os: las primeras estrellas, galaxias reci\u00e9n nacidas y exoplanetas lejanos.<\/p>\n\n\n\n<p>Las im\u00e1genes del Webb combinan detalle, profundidad y una nueva paleta de colores que revela estructuras escondidas detr\u00e1s del polvo. Sus fotograf\u00edas no s\u00f3lo son descubrimientos, tambi\u00e9n obras de arte visuales.<\/p>\n\n\n\n<p>Adem\u00e1s, Webb no solo observa, tambi\u00e9n &#8220;retrata&#8221; atm\u00f3sferas de planetas fuera del sistema solar, analizando su luz para buscar agua, carbono o incluso posibles signos de vida. Es el primer fot\u00f3grafo que puede ayudarnos a encontrar nuevos mundos habitables.<\/p>\n\n\n\n<p>El James Webb ha llegado para redefinir los l\u00edmites de la astrofotograf\u00eda. Si el Hubble fue el ojo que nos enamor\u00f3 del universo, el Webb es el que nos revela sus secretos m\u00e1s \u00edntimos.<\/p>\n\n\n\n<h3 class=\"wp-block-heading\">Un legado visual para la humanidad<\/h3>\n\n\n\n<p>Gracias al Hubble y al James Webb, hoy podemos mirar el universo como nunca antes: con ojos que atraviesan el tiempo y el espacio, revel\u00e1ndonos paisajes c\u00f3smicos que parecen pinturas celestiales. Sus im\u00e1genes son mucho m\u00e1s que datos cient\u00edficos: son postales de nuestra historia universal, recuerdos del pasado remoto y visiones de lo que a\u00fan nos queda por descubrir.<\/p>\n\n\n\n<p><\/p>\n","protected":false},"excerpt":{"rendered":"<p>Por: Dayana Dom\u00ednguez Desde que el ser humano invent\u00f3 la fotograf\u00eda, hemos buscado congelar momentos para recordar, emocionar y entender el mundo que nos rodea. Pero, \u00bfqu\u00e9 pasa cuando el lente no apunta a una persona o a un paisaje, sino al universo entero? El 19 de agosto es el D\u00eda Internacional de la Fotograf\u00eda, [&hellip;]<\/p>\n","protected":false},"author":3,"featured_media":7464,"comment_status":"open","ping_status":"open","sticky":false,"template":"","format":"standard","meta":{"inline_featured_image":false,"footnotes":""},"categories":[4],"tags":[51],"class_list":["post-7439","post","type-post","status-publish","format-standard","has-post-thumbnail","hentry","category-ciencia-y-cultura","tag-ciencia"],"yoast_head":"<!-- This site is optimized with the Yoast SEO plugin v27.4 - https:\/\/yoast.com\/product\/yoast-seo-wordpress\/ -->\n<title>Hubble y Webb, los grandes fot\u00f3grafos del cosmos - Tu Gu\u00eda<\/title>\n<meta name=\"robots\" content=\"index, follow, max-snippet:-1, max-image-preview:large, max-video-preview:-1\" \/>\n<link rel=\"canonical\" href=\"https:\/\/tuguia.combarranquilla.co\/Revista\/hubble-y-webb-los-grandes-fotografos-del-cosmos\/\" \/>\n<meta property=\"og:locale\" content=\"es_ES\" \/>\n<meta property=\"og:type\" content=\"article\" \/>\n<meta property=\"og:title\" content=\"Hubble y Webb, los grandes fot\u00f3grafos del cosmos - Tu Gu\u00eda\" \/>\n<meta property=\"og:description\" content=\"Por: Dayana Dom\u00ednguez Desde que el ser humano invent\u00f3 la fotograf\u00eda, hemos buscado congelar momentos para recordar, emocionar y entender el mundo que nos rodea. Pero, \u00bfqu\u00e9 pasa cuando el lente no apunta a una persona o a un paisaje, sino al universo entero? El 19 de agosto es el D\u00eda Internacional de la Fotograf\u00eda, [&hellip;]\" \/>\n<meta property=\"og:url\" content=\"https:\/\/tuguia.combarranquilla.co\/Revista\/hubble-y-webb-los-grandes-fotografos-del-cosmos\/\" \/>\n<meta property=\"og:site_name\" content=\"Tu Gu\u00eda\" \/>\n<meta property=\"article:published_time\" content=\"2025-08-19T18:36:14+00:00\" \/>\n<meta property=\"article:modified_time\" content=\"2025-09-17T16:25:10+00:00\" \/>\n<meta property=\"og:image\" content=\"https:\/\/tuguia.combarranquilla.co\/Revista\/wp-content\/uploads\/2025\/08\/Revista-Combarranquilla-1-1-scaled.jpg\" \/>\n\t<meta property=\"og:image:width\" content=\"2560\" \/>\n\t<meta property=\"og:image:height\" content=\"1280\" \/>\n\t<meta property=\"og:image:type\" content=\"image\/jpeg\" \/>\n<meta name=\"author\" content=\"Planetario Combarranquilla\" \/>\n<meta name=\"twitter:card\" content=\"summary_large_image\" \/>\n<meta name=\"twitter:label1\" content=\"Escrito por\" \/>\n\t<meta name=\"twitter:data1\" content=\"Planetario Combarranquilla\" \/>\n\t<meta name=\"twitter:label2\" content=\"Tiempo de lectura\" \/>\n\t<meta name=\"twitter:data2\" content=\"4 minutos\" \/>\n<script type=\"application\/ld+json\" class=\"yoast-schema-graph\">{\"@context\":\"https:\\\/\\\/schema.org\",\"@graph\":[{\"@type\":\"Article\",\"@id\":\"https:\\\/\\\/tuguia.combarranquilla.co\\\/Revista\\\/hubble-y-webb-los-grandes-fotografos-del-cosmos\\\/#article\",\"isPartOf\":{\"@id\":\"https:\\\/\\\/tuguia.combarranquilla.co\\\/Revista\\\/hubble-y-webb-los-grandes-fotografos-del-cosmos\\\/\"},\"author\":{\"name\":\"Planetario Combarranquilla\",\"@id\":\"https:\\\/\\\/tuguia.combarranquilla.co\\\/Revista\\\/#\\\/schema\\\/person\\\/dfacca4b8219e57377c45d1e37a9cc8d\"},\"headline\":\"Hubble y Webb, los grandes fot\u00f3grafos del cosmos\",\"datePublished\":\"2025-08-19T18:36:14+00:00\",\"dateModified\":\"2025-09-17T16:25:10+00:00\",\"mainEntityOfPage\":{\"@id\":\"https:\\\/\\\/tuguia.combarranquilla.co\\\/Revista\\\/hubble-y-webb-los-grandes-fotografos-del-cosmos\\\/\"},\"wordCount\":678,\"commentCount\":0,\"publisher\":{\"@id\":\"https:\\\/\\\/tuguia.combarranquilla.co\\\/Revista\\\/#organization\"},\"image\":{\"@id\":\"https:\\\/\\\/tuguia.combarranquilla.co\\\/Revista\\\/hubble-y-webb-los-grandes-fotografos-del-cosmos\\\/#primaryimage\"},\"thumbnailUrl\":\"https:\\\/\\\/tuguia.combarranquilla.co\\\/Revista\\\/wp-content\\\/uploads\\\/2025\\\/08\\\/Revista-Combarranquilla-1-1-scaled.jpg\",\"keywords\":[\"ciencia\"],\"articleSection\":[\"CIENCIA Y CULTURA\"],\"inLanguage\":\"es-CO\",\"potentialAction\":[{\"@type\":\"CommentAction\",\"name\":\"Comment\",\"target\":[\"https:\\\/\\\/tuguia.combarranquilla.co\\\/Revista\\\/hubble-y-webb-los-grandes-fotografos-del-cosmos\\\/#respond\"]}]},{\"@type\":\"WebPage\",\"@id\":\"https:\\\/\\\/tuguia.combarranquilla.co\\\/Revista\\\/hubble-y-webb-los-grandes-fotografos-del-cosmos\\\/\",\"url\":\"https:\\\/\\\/tuguia.combarranquilla.co\\\/Revista\\\/hubble-y-webb-los-grandes-fotografos-del-cosmos\\\/\",\"name\":\"Hubble y Webb, los grandes fot\u00f3grafos del cosmos - Tu Gu\u00eda\",\"isPartOf\":{\"@id\":\"https:\\\/\\\/tuguia.combarranquilla.co\\\/Revista\\\/#website\"},\"primaryImageOfPage\":{\"@id\":\"https:\\\/\\\/tuguia.combarranquilla.co\\\/Revista\\\/hubble-y-webb-los-grandes-fotografos-del-cosmos\\\/#primaryimage\"},\"image\":{\"@id\":\"https:\\\/\\\/tuguia.combarranquilla.co\\\/Revista\\\/hubble-y-webb-los-grandes-fotografos-del-cosmos\\\/#primaryimage\"},\"thumbnailUrl\":\"https:\\\/\\\/tuguia.combarranquilla.co\\\/Revista\\\/wp-content\\\/uploads\\\/2025\\\/08\\\/Revista-Combarranquilla-1-1-scaled.jpg\",\"datePublished\":\"2025-08-19T18:36:14+00:00\",\"dateModified\":\"2025-09-17T16:25:10+00:00\",\"breadcrumb\":{\"@id\":\"https:\\\/\\\/tuguia.combarranquilla.co\\\/Revista\\\/hubble-y-webb-los-grandes-fotografos-del-cosmos\\\/#breadcrumb\"},\"inLanguage\":\"es-CO\",\"potentialAction\":[{\"@type\":\"ReadAction\",\"target\":[\"https:\\\/\\\/tuguia.combarranquilla.co\\\/Revista\\\/hubble-y-webb-los-grandes-fotografos-del-cosmos\\\/\"]}]},{\"@type\":\"ImageObject\",\"inLanguage\":\"es-CO\",\"@id\":\"https:\\\/\\\/tuguia.combarranquilla.co\\\/Revista\\\/hubble-y-webb-los-grandes-fotografos-del-cosmos\\\/#primaryimage\",\"url\":\"https:\\\/\\\/tuguia.combarranquilla.co\\\/Revista\\\/wp-content\\\/uploads\\\/2025\\\/08\\\/Revista-Combarranquilla-1-1-scaled.jpg\",\"contentUrl\":\"https:\\\/\\\/tuguia.combarranquilla.co\\\/Revista\\\/wp-content\\\/uploads\\\/2025\\\/08\\\/Revista-Combarranquilla-1-1-scaled.jpg\",\"width\":2560,\"height\":1280},{\"@type\":\"BreadcrumbList\",\"@id\":\"https:\\\/\\\/tuguia.combarranquilla.co\\\/Revista\\\/hubble-y-webb-los-grandes-fotografos-del-cosmos\\\/#breadcrumb\",\"itemListElement\":[{\"@type\":\"ListItem\",\"position\":1,\"name\":\"Inicio\",\"item\":\"https:\\\/\\\/tuguia.combarranquilla.co\\\/Revista\\\/\"},{\"@type\":\"ListItem\",\"position\":2,\"name\":\"Hubble y Webb, los grandes fot\u00f3grafos del cosmos\"}]},{\"@type\":\"WebSite\",\"@id\":\"https:\\\/\\\/tuguia.combarranquilla.co\\\/Revista\\\/#website\",\"url\":\"https:\\\/\\\/tuguia.combarranquilla.co\\\/Revista\\\/\",\"name\":\"Tu Gu\u00eda\",\"description\":\"La revista donde lo tienes todo.\",\"publisher\":{\"@id\":\"https:\\\/\\\/tuguia.combarranquilla.co\\\/Revista\\\/#organization\"},\"alternateName\":\"Tu Gu\u00eda Combarranquilla\",\"potentialAction\":[{\"@type\":\"SearchAction\",\"target\":{\"@type\":\"EntryPoint\",\"urlTemplate\":\"https:\\\/\\\/tuguia.combarranquilla.co\\\/Revista\\\/?s={search_term_string}\"},\"query-input\":{\"@type\":\"PropertyValueSpecification\",\"valueRequired\":true,\"valueName\":\"search_term_string\"}}],\"inLanguage\":\"es-CO\"},{\"@type\":\"Organization\",\"@id\":\"https:\\\/\\\/tuguia.combarranquilla.co\\\/Revista\\\/#organization\",\"name\":\"Tu Gu\u00eda Combarranquilla\",\"url\":\"https:\\\/\\\/tuguia.combarranquilla.co\\\/Revista\\\/\",\"logo\":{\"@type\":\"ImageObject\",\"inLanguage\":\"es-CO\",\"@id\":\"https:\\\/\\\/tuguia.combarranquilla.co\\\/Revista\\\/#\\\/schema\\\/logo\\\/image\\\/\",\"url\":\"https:\\\/\\\/tuguia.combarranquilla.co\\\/Revista\\\/wp-content\\\/uploads\\\/2022\\\/02\\\/logo-guia-combarranquilla.svg\",\"contentUrl\":\"https:\\\/\\\/tuguia.combarranquilla.co\\\/Revista\\\/wp-content\\\/uploads\\\/2022\\\/02\\\/logo-guia-combarranquilla.svg\",\"caption\":\"Tu Gu\u00eda Combarranquilla\"},\"image\":{\"@id\":\"https:\\\/\\\/tuguia.combarranquilla.co\\\/Revista\\\/#\\\/schema\\\/logo\\\/image\\\/\"}},{\"@type\":\"Person\",\"@id\":\"https:\\\/\\\/tuguia.combarranquilla.co\\\/Revista\\\/#\\\/schema\\\/person\\\/dfacca4b8219e57377c45d1e37a9cc8d\",\"name\":\"Planetario Combarranquilla\",\"image\":{\"@type\":\"ImageObject\",\"inLanguage\":\"es-CO\",\"@id\":\"https:\\\/\\\/tuguia.combarranquilla.co\\\/Revista\\\/wp-content\\\/uploads\\\/2025\\\/03\\\/cropped-1@3x-96x96.png\",\"url\":\"https:\\\/\\\/tuguia.combarranquilla.co\\\/Revista\\\/wp-content\\\/uploads\\\/2025\\\/03\\\/cropped-1@3x-96x96.png\",\"contentUrl\":\"https:\\\/\\\/tuguia.combarranquilla.co\\\/Revista\\\/wp-content\\\/uploads\\\/2025\\\/03\\\/cropped-1@3x-96x96.png\",\"caption\":\"Planetario Combarranquilla\"},\"url\":\"https:\\\/\\\/tuguia.combarranquilla.co\\\/Revista\\\/author\\\/planetario\\\/\"}]}<\/script>\n<!-- \/ Yoast SEO plugin. -->","yoast_head_json":{"title":"Hubble y Webb, los grandes fot\u00f3grafos del cosmos - Tu Gu\u00eda","robots":{"index":"index","follow":"follow","max-snippet":"max-snippet:-1","max-image-preview":"max-image-preview:large","max-video-preview":"max-video-preview:-1"},"canonical":"https:\/\/tuguia.combarranquilla.co\/Revista\/hubble-y-webb-los-grandes-fotografos-del-cosmos\/","og_locale":"es_ES","og_type":"article","og_title":"Hubble y Webb, los grandes fot\u00f3grafos del cosmos - Tu Gu\u00eda","og_description":"Por: Dayana Dom\u00ednguez Desde que el ser humano invent\u00f3 la fotograf\u00eda, hemos buscado congelar momentos para recordar, emocionar y entender el mundo que nos rodea. Pero, \u00bfqu\u00e9 pasa cuando el lente no apunta a una persona o a un paisaje, sino al universo entero? El 19 de agosto es el D\u00eda Internacional de la Fotograf\u00eda, [&hellip;]","og_url":"https:\/\/tuguia.combarranquilla.co\/Revista\/hubble-y-webb-los-grandes-fotografos-del-cosmos\/","og_site_name":"Tu Gu\u00eda","article_published_time":"2025-08-19T18:36:14+00:00","article_modified_time":"2025-09-17T16:25:10+00:00","og_image":[{"width":2560,"height":1280,"url":"https:\/\/tuguia.combarranquilla.co\/Revista\/wp-content\/uploads\/2025\/08\/Revista-Combarranquilla-1-1-scaled.jpg","type":"image\/jpeg"}],"author":"Planetario Combarranquilla","twitter_card":"summary_large_image","twitter_misc":{"Escrito por":"Planetario Combarranquilla","Tiempo de lectura":"4 minutos"},"schema":{"@context":"https:\/\/schema.org","@graph":[{"@type":"Article","@id":"https:\/\/tuguia.combarranquilla.co\/Revista\/hubble-y-webb-los-grandes-fotografos-del-cosmos\/#article","isPartOf":{"@id":"https:\/\/tuguia.combarranquilla.co\/Revista\/hubble-y-webb-los-grandes-fotografos-del-cosmos\/"},"author":{"name":"Planetario Combarranquilla","@id":"https:\/\/tuguia.combarranquilla.co\/Revista\/#\/schema\/person\/dfacca4b8219e57377c45d1e37a9cc8d"},"headline":"Hubble y Webb, los grandes fot\u00f3grafos del cosmos","datePublished":"2025-08-19T18:36:14+00:00","dateModified":"2025-09-17T16:25:10+00:00","mainEntityOfPage":{"@id":"https:\/\/tuguia.combarranquilla.co\/Revista\/hubble-y-webb-los-grandes-fotografos-del-cosmos\/"},"wordCount":678,"commentCount":0,"publisher":{"@id":"https:\/\/tuguia.combarranquilla.co\/Revista\/#organization"},"image":{"@id":"https:\/\/tuguia.combarranquilla.co\/Revista\/hubble-y-webb-los-grandes-fotografos-del-cosmos\/#primaryimage"},"thumbnailUrl":"https:\/\/tuguia.combarranquilla.co\/Revista\/wp-content\/uploads\/2025\/08\/Revista-Combarranquilla-1-1-scaled.jpg","keywords":["ciencia"],"articleSection":["CIENCIA Y CULTURA"],"inLanguage":"es-CO","potentialAction":[{"@type":"CommentAction","name":"Comment","target":["https:\/\/tuguia.combarranquilla.co\/Revista\/hubble-y-webb-los-grandes-fotografos-del-cosmos\/#respond"]}]},{"@type":"WebPage","@id":"https:\/\/tuguia.combarranquilla.co\/Revista\/hubble-y-webb-los-grandes-fotografos-del-cosmos\/","url":"https:\/\/tuguia.combarranquilla.co\/Revista\/hubble-y-webb-los-grandes-fotografos-del-cosmos\/","name":"Hubble y Webb, los grandes fot\u00f3grafos del cosmos - Tu Gu\u00eda","isPartOf":{"@id":"https:\/\/tuguia.combarranquilla.co\/Revista\/#website"},"primaryImageOfPage":{"@id":"https:\/\/tuguia.combarranquilla.co\/Revista\/hubble-y-webb-los-grandes-fotografos-del-cosmos\/#primaryimage"},"image":{"@id":"https:\/\/tuguia.combarranquilla.co\/Revista\/hubble-y-webb-los-grandes-fotografos-del-cosmos\/#primaryimage"},"thumbnailUrl":"https:\/\/tuguia.combarranquilla.co\/Revista\/wp-content\/uploads\/2025\/08\/Revista-Combarranquilla-1-1-scaled.jpg","datePublished":"2025-08-19T18:36:14+00:00","dateModified":"2025-09-17T16:25:10+00:00","breadcrumb":{"@id":"https:\/\/tuguia.combarranquilla.co\/Revista\/hubble-y-webb-los-grandes-fotografos-del-cosmos\/#breadcrumb"},"inLanguage":"es-CO","potentialAction":[{"@type":"ReadAction","target":["https:\/\/tuguia.combarranquilla.co\/Revista\/hubble-y-webb-los-grandes-fotografos-del-cosmos\/"]}]},{"@type":"ImageObject","inLanguage":"es-CO","@id":"https:\/\/tuguia.combarranquilla.co\/Revista\/hubble-y-webb-los-grandes-fotografos-del-cosmos\/#primaryimage","url":"https:\/\/tuguia.combarranquilla.co\/Revista\/wp-content\/uploads\/2025\/08\/Revista-Combarranquilla-1-1-scaled.jpg","contentUrl":"https:\/\/tuguia.combarranquilla.co\/Revista\/wp-content\/uploads\/2025\/08\/Revista-Combarranquilla-1-1-scaled.jpg","width":2560,"height":1280},{"@type":"BreadcrumbList","@id":"https:\/\/tuguia.combarranquilla.co\/Revista\/hubble-y-webb-los-grandes-fotografos-del-cosmos\/#breadcrumb","itemListElement":[{"@type":"ListItem","position":1,"name":"Inicio","item":"https:\/\/tuguia.combarranquilla.co\/Revista\/"},{"@type":"ListItem","position":2,"name":"Hubble y Webb, los grandes fot\u00f3grafos del cosmos"}]},{"@type":"WebSite","@id":"https:\/\/tuguia.combarranquilla.co\/Revista\/#website","url":"https:\/\/tuguia.combarranquilla.co\/Revista\/","name":"Tu Gu\u00eda","description":"La revista donde lo tienes todo.","publisher":{"@id":"https:\/\/tuguia.combarranquilla.co\/Revista\/#organization"},"alternateName":"Tu Gu\u00eda Combarranquilla","potentialAction":[{"@type":"SearchAction","target":{"@type":"EntryPoint","urlTemplate":"https:\/\/tuguia.combarranquilla.co\/Revista\/?s={search_term_string}"},"query-input":{"@type":"PropertyValueSpecification","valueRequired":true,"valueName":"search_term_string"}}],"inLanguage":"es-CO"},{"@type":"Organization","@id":"https:\/\/tuguia.combarranquilla.co\/Revista\/#organization","name":"Tu Gu\u00eda Combarranquilla","url":"https:\/\/tuguia.combarranquilla.co\/Revista\/","logo":{"@type":"ImageObject","inLanguage":"es-CO","@id":"https:\/\/tuguia.combarranquilla.co\/Revista\/#\/schema\/logo\/image\/","url":"https:\/\/tuguia.combarranquilla.co\/Revista\/wp-content\/uploads\/2022\/02\/logo-guia-combarranquilla.svg","contentUrl":"https:\/\/tuguia.combarranquilla.co\/Revista\/wp-content\/uploads\/2022\/02\/logo-guia-combarranquilla.svg","caption":"Tu Gu\u00eda Combarranquilla"},"image":{"@id":"https:\/\/tuguia.combarranquilla.co\/Revista\/#\/schema\/logo\/image\/"}},{"@type":"Person","@id":"https:\/\/tuguia.combarranquilla.co\/Revista\/#\/schema\/person\/dfacca4b8219e57377c45d1e37a9cc8d","name":"Planetario Combarranquilla","image":{"@type":"ImageObject","inLanguage":"es-CO","@id":"https:\/\/tuguia.combarranquilla.co\/Revista\/wp-content\/uploads\/2025\/03\/cropped-1@3x-96x96.png","url":"https:\/\/tuguia.combarranquilla.co\/Revista\/wp-content\/uploads\/2025\/03\/cropped-1@3x-96x96.png","contentUrl":"https:\/\/tuguia.combarranquilla.co\/Revista\/wp-content\/uploads\/2025\/03\/cropped-1@3x-96x96.png","caption":"Planetario Combarranquilla"},"url":"https:\/\/tuguia.combarranquilla.co\/Revista\/author\/planetario\/"}]}},"_links":{"self":[{"href":"https:\/\/tuguia.combarranquilla.co\/Revista\/wp-json\/wp\/v2\/posts\/7439","targetHints":{"allow":["GET"]}}],"collection":[{"href":"https:\/\/tuguia.combarranquilla.co\/Revista\/wp-json\/wp\/v2\/posts"}],"about":[{"href":"https:\/\/tuguia.combarranquilla.co\/Revista\/wp-json\/wp\/v2\/types\/post"}],"author":[{"embeddable":true,"href":"https:\/\/tuguia.combarranquilla.co\/Revista\/wp-json\/wp\/v2\/users\/3"}],"replies":[{"embeddable":true,"href":"https:\/\/tuguia.combarranquilla.co\/Revista\/wp-json\/wp\/v2\/comments?post=7439"}],"version-history":[{"count":24,"href":"https:\/\/tuguia.combarranquilla.co\/Revista\/wp-json\/wp\/v2\/posts\/7439\/revisions"}],"predecessor-version":[{"id":7712,"href":"https:\/\/tuguia.combarranquilla.co\/Revista\/wp-json\/wp\/v2\/posts\/7439\/revisions\/7712"}],"wp:featuredmedia":[{"embeddable":true,"href":"https:\/\/tuguia.combarranquilla.co\/Revista\/wp-json\/wp\/v2\/media\/7464"}],"wp:attachment":[{"href":"https:\/\/tuguia.combarranquilla.co\/Revista\/wp-json\/wp\/v2\/media?parent=7439"}],"wp:term":[{"taxonomy":"category","embeddable":true,"href":"https:\/\/tuguia.combarranquilla.co\/Revista\/wp-json\/wp\/v2\/categories?post=7439"},{"taxonomy":"post_tag","embeddable":true,"href":"https:\/\/tuguia.combarranquilla.co\/Revista\/wp-json\/wp\/v2\/tags?post=7439"}],"curies":[{"name":"wp","href":"https:\/\/api.w.org\/{rel}","templated":true}]}}