{"id":7488,"date":"2025-09-01T07:57:09","date_gmt":"2025-09-01T12:57:09","guid":{"rendered":"https:\/\/tuguia.combarranquilla.co\/Revista\/?p=7488"},"modified":"2025-10-23T14:02:38","modified_gmt":"2025-10-23T19:02:38","slug":"15-anos-de-la-beca-progreso-glennys-parra-y-su-vie-globale-un-testimonio-unico","status":"publish","type":"post","link":"https:\/\/tuguia.combarranquilla.co\/Revista\/15-anos-de-la-beca-progreso-glennys-parra-y-su-vie-globale-un-testimonio-unico\/","title":{"rendered":"15 a\u00f1os de la Beca Progreso: Glennys Parra y su vie globale, un testimonio \u00fanico"},"content":{"rendered":"\n<p><em><strong>Estudiar gratis s\u00ed es posible. Para Glennys Parra, la Beca Progreso fue la puerta que la guio hacia el mundo.<\/strong><\/em><\/p>\n\n\n\n<p>Desde el <strong>15 de septiembre hasta el 21 de noviembre<\/strong>, estar\u00e1 abierta la convocatoria de <strong><a href=\"https:\/\/www.combarranquilla.co\/subsidios\/#panel\">Beca Progreso<\/a><\/strong> para estudiar un pregrado en la Universidad del Norte con el 100 % de la matr\u00edcula cubierta, incluyendo la segunda lengua. Aplica para todos los pregrados, excepto Medicina.<\/p>\n\n\n\n<p>Para postularse, el beneficiario debe:<\/p>\n\n\n\n<ul class=\"wp-block-list\">\n<li>Ser hijo de trabajador afiliado que devengue menos de cuatro (4) salarios m\u00ednimos.&nbsp;<\/li>\n\n\n\n<li>Ser menor de 19 a\u00f1os.&nbsp;<\/li>\n\n\n\n<li>Haberse graduado o ser candidato a grado de bachiller en el mismo periodo de la convocatoria.&nbsp;<\/li>\n\n\n\n<li>Estar inscrito y ser admitido en la Universidad del Norte para estudios de pregrado.<\/li>\n\n\n\n<li>Contar con una copia del resultado de las pruebas ICFES (m\u00ednimo 60 %).<\/li>\n\n\n\n<li>Tener el certificado de sus calificaciones definitivas de los grados d\u00e9cimo (10\u00b0) y und\u00e9cimo (11\u00b0) con notas B\u00e1sicas, Sobresalientes y Excelentes.<\/li>\n<\/ul>\n\n\n\n<p><\/p>\n\n\n\n<p style=\"font-size:15px\"><em><strong>Descarga <a href=\"https:\/\/www.combarranquilla.co\/wp-content\/themes\/combarranquilla\/pdf\/subsidio\/se_frm_bppe.pdf\">aqu\u00ed<\/a> el formulario de inscripci\u00f3n.<\/strong><\/em><\/p>\n\n\n\n<p>Durante 15 a\u00f1os, esta beca ha transformado las vidas de 149 beneficiarios que hoy tienen acceso a una educaci\u00f3n de calidad. Para conmemorar este evento tan especial, resaltamos el testimonio de Glennys Parra, becaria del 2011 con una historia de vida indescriptible. Conoce c\u00f3mo la beca lleg\u00f3 a sus manos y d\u00f3nde se encuentra en la actualidad.<\/p>\n\n\n\n<hr class=\"wp-block-separator has-alpha-channel-opacity\"\/>\n\n\n\n<p>\u2014Les tengo una pregunta. \u00bfCu\u00e1les son sus sue\u00f1os? \u2014dijo la profesora mientras sus estudiantes se imaginaban su futuro ante ellos.&nbsp;<\/p>\n\n\n\n<p>Glennys levant\u00f3 su mano.&nbsp;<\/p>\n\n\n\n<p>\u2014Yo quiero estudiar en Francia y trabajar all\u00e1. Me gustar\u00eda quedarme y tener mi propia casa antes de cumplir treinta a\u00f1os.<\/p>\n\n\n\n<div style=\"position: relative; width: 100%; height: 0; padding-top: 141.4286%;\n padding-bottom: 0; box-shadow: 0 2px 8px 0 rgba(63,69,81,0.16); margin-top: 1.6em; margin-bottom: 0.9em; overflow: hidden;\n border-radius: 8px; will-change: transform;\">\n  <iframe style=\"position: absolute; width: 100%; height: 100%; top: 0; left: 0; border: none; padding: 0;margin: 0;\"\n    data-src=\"https:\/\/www.canva.com\/design\/DAGxG2COrxI\/JqaAmmracIlX_m06zcdwXw\/view?embed\" allowfullscreen=\"allowfullscreen\" allow=\"fullscreen\" src=\"data:image\/svg+xml;base64,PHN2ZyB3aWR0aD0iMSIgaGVpZ2h0PSIxIiB4bWxucz0iaHR0cDovL3d3dy53My5vcmcvMjAwMC9zdmciPjwvc3ZnPg==\" class=\"lazyload\" data-load-mode=\"1\">\n  <\/iframe>\n<\/div>\n","protected":false},"excerpt":{"rendered":"<p>Estudiar gratis s\u00ed es posible. Para Glennys Parra, la Beca Progreso fue la puerta que la guio hacia el mundo. Desde el 15 de septiembre hasta el 21 de noviembre, estar\u00e1 abierta la convocatoria de Beca Progreso para estudiar un pregrado en la Universidad del Norte con el 100 % de la matr\u00edcula cubierta, incluyendo [&hellip;]<\/p>\n","protected":false},"author":2,"featured_media":7609,"comment_status":"open","ping_status":"open","sticky":false,"template":"","format":"standard","meta":{"inline_featured_image":false,"footnotes":""},"categories":[2],"tags":[],"class_list":["post-7488","post","type-post","status-publish","format-standard","has-post-thumbnail","hentry","category-subsidios"],"yoast_head":"<!-- This site is optimized with the Yoast SEO plugin v27.4 - https:\/\/yoast.com\/product\/yoast-seo-wordpress\/ -->\n<title>15 a\u00f1os de la Beca Progreso: Glennys Parra y su vie globale, un testimonio \u00fanico - Tu Gu\u00eda<\/title>\n<meta name=\"description\" content=\"Estudiar gratis es posible, gracias a la Beca Progreso. Accede al pregrado de tus sue\u00f1os en la Universidad del Norte y transforma tu vida.\" \/>\n<meta name=\"robots\" content=\"index, follow, max-snippet:-1, max-image-preview:large, max-video-preview:-1\" \/>\n<link rel=\"canonical\" href=\"https:\/\/tuguia.combarranquilla.co\/Revista\/15-anos-de-la-beca-progreso-glennys-parra-y-su-vie-globale-un-testimonio-unico\/\" \/>\n<meta property=\"og:locale\" content=\"es_ES\" \/>\n<meta property=\"og:type\" content=\"article\" \/>\n<meta property=\"og:title\" content=\"15 a\u00f1os de la Beca Progreso: Glennys Parra y su vie globale, un testimonio \u00fanico - Tu Gu\u00eda\" \/>\n<meta property=\"og:description\" content=\"Estudiar gratis es posible, gracias a la Beca Progreso. Accede al pregrado de tus sue\u00f1os en la Universidad del Norte y transforma tu vida.\" \/>\n<meta property=\"og:url\" content=\"https:\/\/tuguia.combarranquilla.co\/Revista\/15-anos-de-la-beca-progreso-glennys-parra-y-su-vie-globale-un-testimonio-unico\/\" \/>\n<meta property=\"og:site_name\" content=\"Tu Gu\u00eda\" \/>\n<meta property=\"article:published_time\" content=\"2025-09-01T12:57:09+00:00\" \/>\n<meta property=\"article:modified_time\" content=\"2025-10-23T19:02:38+00:00\" \/>\n<meta property=\"og:image\" content=\"https:\/\/tuguia.combarranquilla.co\/Revista\/wp-content\/uploads\/2025\/09\/35-scaled.jpg\" \/>\n\t<meta property=\"og:image:width\" content=\"2560\" \/>\n\t<meta property=\"og:image:height\" content=\"1280\" \/>\n\t<meta property=\"og:image:type\" content=\"image\/jpeg\" \/>\n<meta name=\"author\" content=\"Comunicaciones Combarranquilla\" \/>\n<meta name=\"twitter:card\" content=\"summary_large_image\" \/>\n<meta name=\"twitter:label1\" content=\"Escrito por\" \/>\n\t<meta name=\"twitter:data1\" content=\"Comunicaciones Combarranquilla\" \/>\n\t<meta name=\"twitter:label2\" content=\"Tiempo de lectura\" \/>\n\t<meta name=\"twitter:data2\" content=\"1 minuto\" \/>\n<script type=\"application\/ld+json\" class=\"yoast-schema-graph\">{\"@context\":\"https:\\\/\\\/schema.org\",\"@graph\":[{\"@type\":\"Article\",\"@id\":\"https:\\\/\\\/tuguia.combarranquilla.co\\\/Revista\\\/15-anos-de-la-beca-progreso-glennys-parra-y-su-vie-globale-un-testimonio-unico\\\/#article\",\"isPartOf\":{\"@id\":\"https:\\\/\\\/tuguia.combarranquilla.co\\\/Revista\\\/15-anos-de-la-beca-progreso-glennys-parra-y-su-vie-globale-un-testimonio-unico\\\/\"},\"author\":{\"name\":\"Comunicaciones Combarranquilla\",\"@id\":\"https:\\\/\\\/tuguia.combarranquilla.co\\\/Revista\\\/#\\\/schema\\\/person\\\/c2c396a77170bd1d5f8ba73294eb0d10\"},\"headline\":\"15 a\u00f1os de la Beca Progreso: Glennys Parra y su vie globale, un testimonio \u00fanico\",\"datePublished\":\"2025-09-01T12:57:09+00:00\",\"dateModified\":\"2025-10-23T19:02:38+00:00\",\"mainEntityOfPage\":{\"@id\":\"https:\\\/\\\/tuguia.combarranquilla.co\\\/Revista\\\/15-anos-de-la-beca-progreso-glennys-parra-y-su-vie-globale-un-testimonio-unico\\\/\"},\"wordCount\":283,\"commentCount\":0,\"publisher\":{\"@id\":\"https:\\\/\\\/tuguia.combarranquilla.co\\\/Revista\\\/#organization\"},\"image\":{\"@id\":\"https:\\\/\\\/tuguia.combarranquilla.co\\\/Revista\\\/15-anos-de-la-beca-progreso-glennys-parra-y-su-vie-globale-un-testimonio-unico\\\/#primaryimage\"},\"thumbnailUrl\":\"https:\\\/\\\/tuguia.combarranquilla.co\\\/Revista\\\/wp-content\\\/uploads\\\/2025\\\/09\\\/35-scaled.jpg\",\"articleSection\":[\"SUBSIDIOS\"],\"inLanguage\":\"es-CO\",\"potentialAction\":[{\"@type\":\"CommentAction\",\"name\":\"Comment\",\"target\":[\"https:\\\/\\\/tuguia.combarranquilla.co\\\/Revista\\\/15-anos-de-la-beca-progreso-glennys-parra-y-su-vie-globale-un-testimonio-unico\\\/#respond\"]}]},{\"@type\":\"WebPage\",\"@id\":\"https:\\\/\\\/tuguia.combarranquilla.co\\\/Revista\\\/15-anos-de-la-beca-progreso-glennys-parra-y-su-vie-globale-un-testimonio-unico\\\/\",\"url\":\"https:\\\/\\\/tuguia.combarranquilla.co\\\/Revista\\\/15-anos-de-la-beca-progreso-glennys-parra-y-su-vie-globale-un-testimonio-unico\\\/\",\"name\":\"15 a\u00f1os de la Beca Progreso: Glennys Parra y su vie globale, un testimonio \u00fanico - Tu Gu\u00eda\",\"isPartOf\":{\"@id\":\"https:\\\/\\\/tuguia.combarranquilla.co\\\/Revista\\\/#website\"},\"primaryImageOfPage\":{\"@id\":\"https:\\\/\\\/tuguia.combarranquilla.co\\\/Revista\\\/15-anos-de-la-beca-progreso-glennys-parra-y-su-vie-globale-un-testimonio-unico\\\/#primaryimage\"},\"image\":{\"@id\":\"https:\\\/\\\/tuguia.combarranquilla.co\\\/Revista\\\/15-anos-de-la-beca-progreso-glennys-parra-y-su-vie-globale-un-testimonio-unico\\\/#primaryimage\"},\"thumbnailUrl\":\"https:\\\/\\\/tuguia.combarranquilla.co\\\/Revista\\\/wp-content\\\/uploads\\\/2025\\\/09\\\/35-scaled.jpg\",\"datePublished\":\"2025-09-01T12:57:09+00:00\",\"dateModified\":\"2025-10-23T19:02:38+00:00\",\"description\":\"Estudiar gratis es posible, gracias a la Beca Progreso. Accede al pregrado de tus sue\u00f1os en la Universidad del Norte y transforma tu vida.\",\"breadcrumb\":{\"@id\":\"https:\\\/\\\/tuguia.combarranquilla.co\\\/Revista\\\/15-anos-de-la-beca-progreso-glennys-parra-y-su-vie-globale-un-testimonio-unico\\\/#breadcrumb\"},\"inLanguage\":\"es-CO\",\"potentialAction\":[{\"@type\":\"ReadAction\",\"target\":[\"https:\\\/\\\/tuguia.combarranquilla.co\\\/Revista\\\/15-anos-de-la-beca-progreso-glennys-parra-y-su-vie-globale-un-testimonio-unico\\\/\"]}]},{\"@type\":\"ImageObject\",\"inLanguage\":\"es-CO\",\"@id\":\"https:\\\/\\\/tuguia.combarranquilla.co\\\/Revista\\\/15-anos-de-la-beca-progreso-glennys-parra-y-su-vie-globale-un-testimonio-unico\\\/#primaryimage\",\"url\":\"https:\\\/\\\/tuguia.combarranquilla.co\\\/Revista\\\/wp-content\\\/uploads\\\/2025\\\/09\\\/35-scaled.jpg\",\"contentUrl\":\"https:\\\/\\\/tuguia.combarranquilla.co\\\/Revista\\\/wp-content\\\/uploads\\\/2025\\\/09\\\/35-scaled.jpg\",\"width\":2560,\"height\":1280},{\"@type\":\"BreadcrumbList\",\"@id\":\"https:\\\/\\\/tuguia.combarranquilla.co\\\/Revista\\\/15-anos-de-la-beca-progreso-glennys-parra-y-su-vie-globale-un-testimonio-unico\\\/#breadcrumb\",\"itemListElement\":[{\"@type\":\"ListItem\",\"position\":1,\"name\":\"Inicio\",\"item\":\"https:\\\/\\\/tuguia.combarranquilla.co\\\/Revista\\\/\"},{\"@type\":\"ListItem\",\"position\":2,\"name\":\"15 a\u00f1os de la Beca Progreso: Glennys Parra y su vie globale, un testimonio \u00fanico\"}]},{\"@type\":\"WebSite\",\"@id\":\"https:\\\/\\\/tuguia.combarranquilla.co\\\/Revista\\\/#website\",\"url\":\"https:\\\/\\\/tuguia.combarranquilla.co\\\/Revista\\\/\",\"name\":\"Tu Gu\u00eda\",\"description\":\"La revista donde lo tienes todo.\",\"publisher\":{\"@id\":\"https:\\\/\\\/tuguia.combarranquilla.co\\\/Revista\\\/#organization\"},\"alternateName\":\"Tu Gu\u00eda Combarranquilla\",\"potentialAction\":[{\"@type\":\"SearchAction\",\"target\":{\"@type\":\"EntryPoint\",\"urlTemplate\":\"https:\\\/\\\/tuguia.combarranquilla.co\\\/Revista\\\/?s={search_term_string}\"},\"query-input\":{\"@type\":\"PropertyValueSpecification\",\"valueRequired\":true,\"valueName\":\"search_term_string\"}}],\"inLanguage\":\"es-CO\"},{\"@type\":\"Organization\",\"@id\":\"https:\\\/\\\/tuguia.combarranquilla.co\\\/Revista\\\/#organization\",\"name\":\"Tu Gu\u00eda Combarranquilla\",\"url\":\"https:\\\/\\\/tuguia.combarranquilla.co\\\/Revista\\\/\",\"logo\":{\"@type\":\"ImageObject\",\"inLanguage\":\"es-CO\",\"@id\":\"https:\\\/\\\/tuguia.combarranquilla.co\\\/Revista\\\/#\\\/schema\\\/logo\\\/image\\\/\",\"url\":\"https:\\\/\\\/tuguia.combarranquilla.co\\\/Revista\\\/wp-content\\\/uploads\\\/2022\\\/02\\\/logo-guia-combarranquilla.svg\",\"contentUrl\":\"https:\\\/\\\/tuguia.combarranquilla.co\\\/Revista\\\/wp-content\\\/uploads\\\/2022\\\/02\\\/logo-guia-combarranquilla.svg\",\"caption\":\"Tu Gu\u00eda Combarranquilla\"},\"image\":{\"@id\":\"https:\\\/\\\/tuguia.combarranquilla.co\\\/Revista\\\/#\\\/schema\\\/logo\\\/image\\\/\"}},{\"@type\":\"Person\",\"@id\":\"https:\\\/\\\/tuguia.combarranquilla.co\\\/Revista\\\/#\\\/schema\\\/person\\\/c2c396a77170bd1d5f8ba73294eb0d10\",\"name\":\"Comunicaciones Combarranquilla\",\"image\":{\"@type\":\"ImageObject\",\"inLanguage\":\"es-CO\",\"@id\":\"https:\\\/\\\/tuguia.combarranquilla.co\\\/Revista\\\/wp-content\\\/uploads\\\/2025\\\/05\\\/ABC-Al-Rojo-Logo-96x96.jpg\",\"url\":\"https:\\\/\\\/tuguia.combarranquilla.co\\\/Revista\\\/wp-content\\\/uploads\\\/2025\\\/05\\\/ABC-Al-Rojo-Logo-96x96.jpg\",\"contentUrl\":\"https:\\\/\\\/tuguia.combarranquilla.co\\\/Revista\\\/wp-content\\\/uploads\\\/2025\\\/05\\\/ABC-Al-Rojo-Logo-96x96.jpg\",\"caption\":\"Comunicaciones Combarranquilla\"},\"sameAs\":[\"https:\\\/\\\/www.combarranquilla.co\"],\"url\":\"https:\\\/\\\/tuguia.combarranquilla.co\\\/Revista\\\/author\\\/comunicaciones\\\/\"}]}<\/script>\n<!-- \/ Yoast SEO plugin. -->","yoast_head_json":{"title":"15 a\u00f1os de la Beca Progreso: Glennys Parra y su vie globale, un testimonio \u00fanico - Tu Gu\u00eda","description":"Estudiar gratis es posible, gracias a la Beca Progreso. Accede al pregrado de tus sue\u00f1os en la Universidad del Norte y transforma tu vida.","robots":{"index":"index","follow":"follow","max-snippet":"max-snippet:-1","max-image-preview":"max-image-preview:large","max-video-preview":"max-video-preview:-1"},"canonical":"https:\/\/tuguia.combarranquilla.co\/Revista\/15-anos-de-la-beca-progreso-glennys-parra-y-su-vie-globale-un-testimonio-unico\/","og_locale":"es_ES","og_type":"article","og_title":"15 a\u00f1os de la Beca Progreso: Glennys Parra y su vie globale, un testimonio \u00fanico - Tu Gu\u00eda","og_description":"Estudiar gratis es posible, gracias a la Beca Progreso. Accede al pregrado de tus sue\u00f1os en la Universidad del Norte y transforma tu vida.","og_url":"https:\/\/tuguia.combarranquilla.co\/Revista\/15-anos-de-la-beca-progreso-glennys-parra-y-su-vie-globale-un-testimonio-unico\/","og_site_name":"Tu Gu\u00eda","article_published_time":"2025-09-01T12:57:09+00:00","article_modified_time":"2025-10-23T19:02:38+00:00","og_image":[{"width":2560,"height":1280,"url":"https:\/\/tuguia.combarranquilla.co\/Revista\/wp-content\/uploads\/2025\/09\/35-scaled.jpg","type":"image\/jpeg"}],"author":"Comunicaciones Combarranquilla","twitter_card":"summary_large_image","twitter_misc":{"Escrito por":"Comunicaciones Combarranquilla","Tiempo de lectura":"1 minuto"},"schema":{"@context":"https:\/\/schema.org","@graph":[{"@type":"Article","@id":"https:\/\/tuguia.combarranquilla.co\/Revista\/15-anos-de-la-beca-progreso-glennys-parra-y-su-vie-globale-un-testimonio-unico\/#article","isPartOf":{"@id":"https:\/\/tuguia.combarranquilla.co\/Revista\/15-anos-de-la-beca-progreso-glennys-parra-y-su-vie-globale-un-testimonio-unico\/"},"author":{"name":"Comunicaciones Combarranquilla","@id":"https:\/\/tuguia.combarranquilla.co\/Revista\/#\/schema\/person\/c2c396a77170bd1d5f8ba73294eb0d10"},"headline":"15 a\u00f1os de la Beca Progreso: Glennys Parra y su vie globale, un testimonio \u00fanico","datePublished":"2025-09-01T12:57:09+00:00","dateModified":"2025-10-23T19:02:38+00:00","mainEntityOfPage":{"@id":"https:\/\/tuguia.combarranquilla.co\/Revista\/15-anos-de-la-beca-progreso-glennys-parra-y-su-vie-globale-un-testimonio-unico\/"},"wordCount":283,"commentCount":0,"publisher":{"@id":"https:\/\/tuguia.combarranquilla.co\/Revista\/#organization"},"image":{"@id":"https:\/\/tuguia.combarranquilla.co\/Revista\/15-anos-de-la-beca-progreso-glennys-parra-y-su-vie-globale-un-testimonio-unico\/#primaryimage"},"thumbnailUrl":"https:\/\/tuguia.combarranquilla.co\/Revista\/wp-content\/uploads\/2025\/09\/35-scaled.jpg","articleSection":["SUBSIDIOS"],"inLanguage":"es-CO","potentialAction":[{"@type":"CommentAction","name":"Comment","target":["https:\/\/tuguia.combarranquilla.co\/Revista\/15-anos-de-la-beca-progreso-glennys-parra-y-su-vie-globale-un-testimonio-unico\/#respond"]}]},{"@type":"WebPage","@id":"https:\/\/tuguia.combarranquilla.co\/Revista\/15-anos-de-la-beca-progreso-glennys-parra-y-su-vie-globale-un-testimonio-unico\/","url":"https:\/\/tuguia.combarranquilla.co\/Revista\/15-anos-de-la-beca-progreso-glennys-parra-y-su-vie-globale-un-testimonio-unico\/","name":"15 a\u00f1os de la Beca Progreso: Glennys Parra y su vie globale, un testimonio \u00fanico - Tu Gu\u00eda","isPartOf":{"@id":"https:\/\/tuguia.combarranquilla.co\/Revista\/#website"},"primaryImageOfPage":{"@id":"https:\/\/tuguia.combarranquilla.co\/Revista\/15-anos-de-la-beca-progreso-glennys-parra-y-su-vie-globale-un-testimonio-unico\/#primaryimage"},"image":{"@id":"https:\/\/tuguia.combarranquilla.co\/Revista\/15-anos-de-la-beca-progreso-glennys-parra-y-su-vie-globale-un-testimonio-unico\/#primaryimage"},"thumbnailUrl":"https:\/\/tuguia.combarranquilla.co\/Revista\/wp-content\/uploads\/2025\/09\/35-scaled.jpg","datePublished":"2025-09-01T12:57:09+00:00","dateModified":"2025-10-23T19:02:38+00:00","description":"Estudiar gratis es posible, gracias a la Beca Progreso. Accede al pregrado de tus sue\u00f1os en la Universidad del Norte y transforma tu vida.","breadcrumb":{"@id":"https:\/\/tuguia.combarranquilla.co\/Revista\/15-anos-de-la-beca-progreso-glennys-parra-y-su-vie-globale-un-testimonio-unico\/#breadcrumb"},"inLanguage":"es-CO","potentialAction":[{"@type":"ReadAction","target":["https:\/\/tuguia.combarranquilla.co\/Revista\/15-anos-de-la-beca-progreso-glennys-parra-y-su-vie-globale-un-testimonio-unico\/"]}]},{"@type":"ImageObject","inLanguage":"es-CO","@id":"https:\/\/tuguia.combarranquilla.co\/Revista\/15-anos-de-la-beca-progreso-glennys-parra-y-su-vie-globale-un-testimonio-unico\/#primaryimage","url":"https:\/\/tuguia.combarranquilla.co\/Revista\/wp-content\/uploads\/2025\/09\/35-scaled.jpg","contentUrl":"https:\/\/tuguia.combarranquilla.co\/Revista\/wp-content\/uploads\/2025\/09\/35-scaled.jpg","width":2560,"height":1280},{"@type":"BreadcrumbList","@id":"https:\/\/tuguia.combarranquilla.co\/Revista\/15-anos-de-la-beca-progreso-glennys-parra-y-su-vie-globale-un-testimonio-unico\/#breadcrumb","itemListElement":[{"@type":"ListItem","position":1,"name":"Inicio","item":"https:\/\/tuguia.combarranquilla.co\/Revista\/"},{"@type":"ListItem","position":2,"name":"15 a\u00f1os de la Beca Progreso: Glennys Parra y su vie globale, un testimonio \u00fanico"}]},{"@type":"WebSite","@id":"https:\/\/tuguia.combarranquilla.co\/Revista\/#website","url":"https:\/\/tuguia.combarranquilla.co\/Revista\/","name":"Tu Gu\u00eda","description":"La revista donde lo tienes todo.","publisher":{"@id":"https:\/\/tuguia.combarranquilla.co\/Revista\/#organization"},"alternateName":"Tu Gu\u00eda Combarranquilla","potentialAction":[{"@type":"SearchAction","target":{"@type":"EntryPoint","urlTemplate":"https:\/\/tuguia.combarranquilla.co\/Revista\/?s={search_term_string}"},"query-input":{"@type":"PropertyValueSpecification","valueRequired":true,"valueName":"search_term_string"}}],"inLanguage":"es-CO"},{"@type":"Organization","@id":"https:\/\/tuguia.combarranquilla.co\/Revista\/#organization","name":"Tu Gu\u00eda Combarranquilla","url":"https:\/\/tuguia.combarranquilla.co\/Revista\/","logo":{"@type":"ImageObject","inLanguage":"es-CO","@id":"https:\/\/tuguia.combarranquilla.co\/Revista\/#\/schema\/logo\/image\/","url":"https:\/\/tuguia.combarranquilla.co\/Revista\/wp-content\/uploads\/2022\/02\/logo-guia-combarranquilla.svg","contentUrl":"https:\/\/tuguia.combarranquilla.co\/Revista\/wp-content\/uploads\/2022\/02\/logo-guia-combarranquilla.svg","caption":"Tu Gu\u00eda Combarranquilla"},"image":{"@id":"https:\/\/tuguia.combarranquilla.co\/Revista\/#\/schema\/logo\/image\/"}},{"@type":"Person","@id":"https:\/\/tuguia.combarranquilla.co\/Revista\/#\/schema\/person\/c2c396a77170bd1d5f8ba73294eb0d10","name":"Comunicaciones Combarranquilla","image":{"@type":"ImageObject","inLanguage":"es-CO","@id":"https:\/\/tuguia.combarranquilla.co\/Revista\/wp-content\/uploads\/2025\/05\/ABC-Al-Rojo-Logo-96x96.jpg","url":"https:\/\/tuguia.combarranquilla.co\/Revista\/wp-content\/uploads\/2025\/05\/ABC-Al-Rojo-Logo-96x96.jpg","contentUrl":"https:\/\/tuguia.combarranquilla.co\/Revista\/wp-content\/uploads\/2025\/05\/ABC-Al-Rojo-Logo-96x96.jpg","caption":"Comunicaciones Combarranquilla"},"sameAs":["https:\/\/www.combarranquilla.co"],"url":"https:\/\/tuguia.combarranquilla.co\/Revista\/author\/comunicaciones\/"}]}},"_links":{"self":[{"href":"https:\/\/tuguia.combarranquilla.co\/Revista\/wp-json\/wp\/v2\/posts\/7488","targetHints":{"allow":["GET"]}}],"collection":[{"href":"https:\/\/tuguia.combarranquilla.co\/Revista\/wp-json\/wp\/v2\/posts"}],"about":[{"href":"https:\/\/tuguia.combarranquilla.co\/Revista\/wp-json\/wp\/v2\/types\/post"}],"author":[{"embeddable":true,"href":"https:\/\/tuguia.combarranquilla.co\/Revista\/wp-json\/wp\/v2\/users\/2"}],"replies":[{"embeddable":true,"href":"https:\/\/tuguia.combarranquilla.co\/Revista\/wp-json\/wp\/v2\/comments?post=7488"}],"version-history":[{"count":16,"href":"https:\/\/tuguia.combarranquilla.co\/Revista\/wp-json\/wp\/v2\/posts\/7488\/revisions"}],"predecessor-version":[{"id":7972,"href":"https:\/\/tuguia.combarranquilla.co\/Revista\/wp-json\/wp\/v2\/posts\/7488\/revisions\/7972"}],"wp:featuredmedia":[{"embeddable":true,"href":"https:\/\/tuguia.combarranquilla.co\/Revista\/wp-json\/wp\/v2\/media\/7609"}],"wp:attachment":[{"href":"https:\/\/tuguia.combarranquilla.co\/Revista\/wp-json\/wp\/v2\/media?parent=7488"}],"wp:term":[{"taxonomy":"category","embeddable":true,"href":"https:\/\/tuguia.combarranquilla.co\/Revista\/wp-json\/wp\/v2\/categories?post=7488"},{"taxonomy":"post_tag","embeddable":true,"href":"https:\/\/tuguia.combarranquilla.co\/Revista\/wp-json\/wp\/v2\/tags?post=7488"}],"curies":[{"name":"wp","href":"https:\/\/api.w.org\/{rel}","templated":true}]}}