{"id":7497,"date":"2025-09-01T07:56:33","date_gmt":"2025-09-01T12:56:33","guid":{"rendered":"https:\/\/tuguia.combarranquilla.co\/Revista\/?p=7497"},"modified":"2025-09-04T15:00:11","modified_gmt":"2025-09-04T20:00:11","slug":"amor-y-amistad-disfruta-con-tus-seres-queridos-en-combarranquilla","status":"publish","type":"post","link":"https:\/\/tuguia.combarranquilla.co\/Revista\/amor-y-amistad-disfruta-con-tus-seres-queridos-en-combarranquilla\/","title":{"rendered":"Amor y Amistad: disfruta con tus seres queridos en Combarranquilla"},"content":{"rendered":"\n<p>La historia de Amor y Amistad en Colombia se remonta a 1969, a\u00f1o en el que se consolid\u00f3 la festividad. Anteriormente, se segu\u00eda la tradici\u00f3n de celebrar el D\u00eda de San Valent\u00edn el 14 de febrero; pero con un contexto&nbsp;influenciado&nbsp;por los cambios en el mercado, se decidi\u00f3 trasladar la fecha al tercer s\u00e1bado del mes de septiembre.&nbsp;<\/p>\n\n\n\n<p>Hasta 1969, en el mes en el que hoy se conmemora el amor y la&nbsp;amistad,&nbsp;no hab\u00eda un evento o celebraci\u00f3n que beneficiara econ\u00f3micamente a los comerciantes. Esta nueva fecha cobr\u00f3, entonces, un gran valor. No solo permiti\u00f3 un mayor apoyo a los comercios, sino que tambi\u00e9n cre\u00f3 un espacio para compartir con nuestros seres queridos.&nbsp;<\/p>\n\n\n\n<p>En Combarranquilla, sabemos que estar juntos es lo que nos hace m\u00e1s fuertes. Por eso, te invitamos a disfrutar de nuestras instalaciones para celebrar con toda tu familia y amigos durante este mes.&nbsp;<\/p>\n\n\n\n<h2 class=\"wp-block-heading\" style=\"font-size:26px\"><strong>Sol y arena<\/strong><\/h2>\n\n\n<div class=\"wp-block-image\">\n<figure class=\"aligncenter size-large is-resized\"><img decoding=\"async\" width=\"1024\" height=\"682\" data-src=\"https:\/\/tuguia.combarranquilla.co\/Revista\/wp-content\/uploads\/2025\/08\/WhatsApp-Image-2024-01-03-at-2.41.15-PM-1024x682.jpeg\" alt=\"\" class=\"wp-image-7504 lazyload\" style=\"--smush-placeholder-width: 1024px; --smush-placeholder-aspect-ratio: 1024\/682;width:670px\" data-srcset=\"https:\/\/tuguia.combarranquilla.co\/Revista\/wp-content\/uploads\/2025\/08\/WhatsApp-Image-2024-01-03-at-2.41.15-PM-1024x682.jpeg 1024w, https:\/\/tuguia.combarranquilla.co\/Revista\/wp-content\/uploads\/2025\/08\/WhatsApp-Image-2024-01-03-at-2.41.15-PM-300x200.jpeg 300w, https:\/\/tuguia.combarranquilla.co\/Revista\/wp-content\/uploads\/2025\/08\/WhatsApp-Image-2024-01-03-at-2.41.15-PM-768x512.jpeg 768w, https:\/\/tuguia.combarranquilla.co\/Revista\/wp-content\/uploads\/2025\/08\/WhatsApp-Image-2024-01-03-at-2.41.15-PM-1536x1023.jpeg 1536w, https:\/\/tuguia.combarranquilla.co\/Revista\/wp-content\/uploads\/2025\/08\/WhatsApp-Image-2024-01-03-at-2.41.15-PM.jpeg 1600w\" data-sizes=\"(max-width: 1024px) 100vw, 1024px\" src=\"data:image\/svg+xml;base64,PHN2ZyB3aWR0aD0iMSIgaGVpZ2h0PSIxIiB4bWxucz0iaHR0cDovL3d3dy53My5vcmcvMjAwMC9zdmciPjwvc3ZnPg==\" \/><\/figure><\/div>\n\n\n<p>Las piscinas de las unidades Country y Boston te esperan para sumergirte entre corazones de agua y burbujas de amor. Pasa tus d\u00edas bajo el sol, mientras compartes con pasi\u00f3n.<\/p>\n\n\n\n<p>Solinilla tambi\u00e9n se convierte en el destino ideal para construir experiencias con tus seres queridos. La vista al mar y las brisas del Caribe te llevar\u00e1n a vivir momentos de paz y alegr\u00eda.&nbsp;T\u00fa&nbsp;eliges si vas por un d\u00eda o te alojas en nuestras caba\u00f1as para crear m\u00e1s recuerdos.&nbsp;<\/p>\n\n\n\n<p><strong>Caba\u00f1a<\/strong>:<\/p>\n\n\n\n<figure class=\"wp-block-table is-style-stripes\"><table class=\"has-background has-fixed-layout\" style=\"background-color:#9fc8a1\"><tbody><tr><td>Cat. A&nbsp;<\/td><td>Cat. B<\/td><td>Cat. C<\/td><td>No afil.<\/td><\/tr><tr><td>$234.400&nbsp;<\/td><td>$262.500&nbsp;<\/td><td>$329.800&nbsp;<\/td><td>$469.300&nbsp;<\/td><\/tr><\/tbody><\/table><\/figure>\n\n\n\n<p><strong>Habitaci\u00f3n<\/strong>:<\/p>\n\n\n\n<figure class=\"wp-block-table is-style-stripes\"><table class=\"has-background has-fixed-layout\" style=\"background-color:#9fc8a1\"><tbody><tr><td>Cat. A&nbsp;<\/td><td>Cat. B&nbsp;<\/td><td>Cat. C&nbsp;<\/td><td>No afil.&nbsp;<\/td><\/tr><tr><td>$158.900&nbsp;<\/td><td>$179.100&nbsp;<\/td><td>$252.600&nbsp;<\/td><td>$359.800&nbsp;<\/td><\/tr><\/tbody><\/table><\/figure>\n\n\n\n<p><\/p>\n\n\n\n<hr class=\"wp-block-separator has-alpha-channel-opacity\"\/>\n\n\n\n<h2 class=\"wp-block-heading\" style=\"font-size:26px\"><strong>Turismo<\/strong><\/h2>\n\n\n<div class=\"wp-block-image\">\n<figure class=\"aligncenter size-large is-resized\"><img decoding=\"async\" width=\"1024\" height=\"663\" data-src=\"https:\/\/tuguia.combarranquilla.co\/Revista\/wp-content\/uploads\/2025\/08\/equipo-de-viajero-de-vista-superior-1024x663.jpg\" alt=\"\" class=\"wp-image-7575 lazyload\" style=\"--smush-placeholder-width: 1024px; --smush-placeholder-aspect-ratio: 1024\/663;width:670px\" data-srcset=\"https:\/\/tuguia.combarranquilla.co\/Revista\/wp-content\/uploads\/2025\/08\/equipo-de-viajero-de-vista-superior-1024x663.jpg 1024w, https:\/\/tuguia.combarranquilla.co\/Revista\/wp-content\/uploads\/2025\/08\/equipo-de-viajero-de-vista-superior-300x194.jpg 300w, https:\/\/tuguia.combarranquilla.co\/Revista\/wp-content\/uploads\/2025\/08\/equipo-de-viajero-de-vista-superior-768x498.jpg 768w, https:\/\/tuguia.combarranquilla.co\/Revista\/wp-content\/uploads\/2025\/08\/equipo-de-viajero-de-vista-superior-1536x995.jpg 1536w, https:\/\/tuguia.combarranquilla.co\/Revista\/wp-content\/uploads\/2025\/08\/equipo-de-viajero-de-vista-superior-2048x1327.jpg 2048w\" data-sizes=\"(max-width: 1024px) 100vw, 1024px\" src=\"data:image\/svg+xml;base64,PHN2ZyB3aWR0aD0iMSIgaGVpZ2h0PSIxIiB4bWxucz0iaHR0cDovL3d3dy53My5vcmcvMjAwMC9zdmciPjwvc3ZnPg==\" \/><\/figure><\/div>\n\n\n<p>El 21 de septiembre, te espera un ambiente de paz y relajaci\u00f3n en Buritaca. Disfruta de paisajes inolvidables mientras creas recuerdos en familia.<\/p>\n\n\n\n<p id=\"block-a0d5a616-9cb4-4387-a1e6-2edf364d9249\">Conoce m\u00e1s en el siguiente enlace:&nbsp;<\/p>\n\n\n<div\n\t\tclass=\"free align wp-block-btn-button\"\tid='btnButton-1'\n\tdata-nonce='&quot;5acd2351b9&quot;'\n\tdata-attributes='{&quot;cPostId&quot;:7497,&quot;text&quot;:&quot;Lee m\\u00e1s&quot;,&quot;url&quot;:&quot;https:\\\/\\\/tuguia.combarranquilla.co\\\/Revista\\\/?p=6924&quot;,&quot;target&quot;:&quot;_blank&quot;,&quot;icon&quot;:{&quot;class&quot;:&quot;fa-solid fa-arrow-up-right-from-square&quot;},&quot;alignment&quot;:&quot;left&quot;,&quot;colors&quot;:{&quot;color&quot;:&quot;#fff&quot;,&quot;bg&quot;:&quot;rgba(37, 98, 56, 1)&quot;},&quot;align&quot;:&quot;&quot;,&quot;actionType&quot;:&quot;link&quot;,&quot;security&quot;:&quot;none&quot;,&quot;securityPassword&quot;:&quot;&quot;,&quot;tooltip&quot;:&quot;&quot;,&quot;tooltipPos&quot;:&quot;top&quot;,&quot;attrs&quot;:{&quot;rel&quot;:&quot;noreferrer&quot;,&quot;referrerpolicy&quot;:&quot;no-referrer&quot;},&quot;hideOn&quot;:{&quot;desktop&quot;:false,&quot;tablet&quot;:false,&quot;mobile&quot;:false},&quot;isDownload&quot;:false,&quot;downloadFileName&quot;:&quot;&quot;,&quot;isUpIcon&quot;:false,&quot;upIcon&quot;:{&quot;id&quot;:null,&quot;url&quot;:&quot;&quot;,&quot;alt&quot;:&quot;&quot;,&quot;title&quot;:&quot;&quot;},&quot;iconPos&quot;:&quot;left&quot;,&quot;type&quot;:&quot;flat&quot;,&quot;isFullWidth&quot;:false,&quot;size&quot;:&quot;medium&quot;,&quot;popup&quot;:{&quot;type&quot;:&quot;image&quot;,&quot;content&quot;:&quot;&quot;,&quot;caption&quot;:&quot;&quot;,&quot;width&quot;:&quot;&quot;},&quot;animationType&quot;:&quot;&quot;,&quot;animationDuration&quot;:0.40000000000000002220446049250313080847263336181640625,&quot;addID&quot;:&quot;&quot;,&quot;addCSS&quot;:&quot;&quot;,&quot;typography&quot;:{&quot;fontSize&quot;:{&quot;desktop&quot;:&quot;16px&quot;},&quot;fontWeight&quot;:600,&quot;textDecoration&quot;:&quot;none&quot;},&quot;hovColors&quot;:{&quot;color&quot;:&quot;#fff&quot;,&quot;bg&quot;:&quot;#FF7A00&quot;},&quot;padding&quot;:{&quot;vertical&quot;:&quot;12px&quot;,&quot;horizontal&quot;:&quot;24px&quot;},&quot;border&quot;:{&quot;radius&quot;:&quot;5px&quot;},&quot;shadow&quot;:[]}'\n\tdata-info='{&quot;userRoles&quot;:[],&quot;loginURL&quot;:&quot;https:\\\/\\\/tuguia.combarranquilla.co\\\/Revista\\\/wp-login.php&quot;}'\n\tdata-pipecheck=''\n><\/div>\n\n\n<p><\/p>\n\n\n\n<hr class=\"wp-block-separator has-alpha-channel-opacity\"\/>\n\n\n\n<h2 class=\"wp-block-heading\" style=\"font-size:26px\"><strong>Gastronom\u00eda<\/strong><\/h2>\n\n\n<div class=\"wp-block-image\">\n<figure class=\"aligncenter size-large is-resized\"><img decoding=\"async\" width=\"1024\" height=\"683\" data-src=\"https:\/\/tuguia.combarranquilla.co\/Revista\/wp-content\/uploads\/2025\/08\/DSC_0317-1-1024x683.jpg\" alt=\"\" class=\"wp-image-7507 lazyload\" style=\"--smush-placeholder-width: 1024px; --smush-placeholder-aspect-ratio: 1024\/683;width:670px\" data-srcset=\"https:\/\/tuguia.combarranquilla.co\/Revista\/wp-content\/uploads\/2025\/08\/DSC_0317-1-1024x683.jpg 1024w, https:\/\/tuguia.combarranquilla.co\/Revista\/wp-content\/uploads\/2025\/08\/DSC_0317-1-300x200.jpg 300w, https:\/\/tuguia.combarranquilla.co\/Revista\/wp-content\/uploads\/2025\/08\/DSC_0317-1-768x512.jpg 768w, https:\/\/tuguia.combarranquilla.co\/Revista\/wp-content\/uploads\/2025\/08\/DSC_0317-1-1536x1024.jpg 1536w, https:\/\/tuguia.combarranquilla.co\/Revista\/wp-content\/uploads\/2025\/08\/DSC_0317-1-2048x1365.jpg 2048w\" data-sizes=\"(max-width: 1024px) 100vw, 1024px\" src=\"data:image\/svg+xml;base64,PHN2ZyB3aWR0aD0iMSIgaGVpZ2h0PSIxIiB4bWxucz0iaHR0cDovL3d3dy53My5vcmcvMjAwMC9zdmciPjwvc3ZnPg==\" \/><\/figure><\/div>\n\n\n<p class=\"has-medium-font-size\"><strong>Pastas y vinos<\/strong><\/p>\n\n\n\n<p>Los jueves de Pastas &amp; Vinos en el restaurante Mirador del R\u00edo pueden ser el plan perfecto si buscas un lugar rom\u00e1ntico, con sabores para deleitarte. Viaja a Italia sin salir de la ciudad.&nbsp;<\/p>\n\n\n\n<p>Conoce m\u00e1s en el siguiente enlace:&nbsp;<\/p>\n\n\n<div\n\t\tclass=\"free align wp-block-btn-button\"\tid='btnButton-2'\n\tdata-nonce='&quot;5acd2351b9&quot;'\n\tdata-attributes='{&quot;cPostId&quot;:7497,&quot;text&quot;:&quot;Lee m\\u00e1s&quot;,&quot;url&quot;:&quot;https:\\\/\\\/tuguia.combarranquilla.co\\\/Revista\\\/?p=7174&quot;,&quot;target&quot;:&quot;_blank&quot;,&quot;icon&quot;:{&quot;class&quot;:&quot;fa-solid fa-arrow-up-right-from-square&quot;},&quot;alignment&quot;:&quot;left&quot;,&quot;colors&quot;:{&quot;color&quot;:&quot;#fff&quot;,&quot;bg&quot;:&quot;rgba(37, 98, 56, 1)&quot;},&quot;align&quot;:&quot;&quot;,&quot;actionType&quot;:&quot;link&quot;,&quot;security&quot;:&quot;none&quot;,&quot;securityPassword&quot;:&quot;&quot;,&quot;tooltip&quot;:&quot;&quot;,&quot;tooltipPos&quot;:&quot;top&quot;,&quot;attrs&quot;:{&quot;rel&quot;:&quot;noreferrer&quot;,&quot;referrerpolicy&quot;:&quot;no-referrer&quot;},&quot;hideOn&quot;:{&quot;desktop&quot;:false,&quot;tablet&quot;:false,&quot;mobile&quot;:false},&quot;isDownload&quot;:false,&quot;downloadFileName&quot;:&quot;&quot;,&quot;isUpIcon&quot;:false,&quot;upIcon&quot;:{&quot;id&quot;:null,&quot;url&quot;:&quot;&quot;,&quot;alt&quot;:&quot;&quot;,&quot;title&quot;:&quot;&quot;},&quot;iconPos&quot;:&quot;left&quot;,&quot;type&quot;:&quot;flat&quot;,&quot;isFullWidth&quot;:false,&quot;size&quot;:&quot;medium&quot;,&quot;popup&quot;:{&quot;type&quot;:&quot;image&quot;,&quot;content&quot;:&quot;&quot;,&quot;caption&quot;:&quot;&quot;,&quot;width&quot;:&quot;&quot;},&quot;animationType&quot;:&quot;&quot;,&quot;animationDuration&quot;:0.40000000000000002220446049250313080847263336181640625,&quot;addID&quot;:&quot;&quot;,&quot;addCSS&quot;:&quot;&quot;,&quot;typography&quot;:{&quot;fontSize&quot;:{&quot;desktop&quot;:&quot;16px&quot;},&quot;fontWeight&quot;:600,&quot;textDecoration&quot;:&quot;none&quot;},&quot;hovColors&quot;:{&quot;color&quot;:&quot;#fff&quot;,&quot;bg&quot;:&quot;#FF7A00&quot;},&quot;padding&quot;:{&quot;vertical&quot;:&quot;12px&quot;,&quot;horizontal&quot;:&quot;24px&quot;},&quot;border&quot;:{&quot;radius&quot;:&quot;5px&quot;},&quot;shadow&quot;:[]}'\n\tdata-info='{&quot;userRoles&quot;:[],&quot;loginURL&quot;:&quot;https:\\\/\\\/tuguia.combarranquilla.co\\\/Revista\\\/wp-login.php&quot;}'\n\tdata-pipecheck=''\n><\/div>\n\n\n<p><\/p>\n\n\n\n<p class=\"has-medium-font-size\"><strong>Cena rom\u00e1ntica<\/strong><\/p>\n\n\n\n<p>Y ahora, este mes de septiembre, podr\u00e1s tener una cena rom\u00e1nica adquiriendo los planes que te ofrecemos. En el restaurante Mirador del R\u00edo, te recibir\u00e1n con p\u00e9talos de rosas sobre tu mesa y una experiencia gastron\u00f3mica \u00fanica.&nbsp;<\/p>\n\n\n\n<p>Conoce m\u00e1s en el siguiente enlace: &nbsp;<\/p>\n\n\n<div\n\t\tclass=\"free align wp-block-btn-button\"\tid='btnButton-3'\n\tdata-nonce='&quot;5acd2351b9&quot;'\n\tdata-attributes='{&quot;cPostId&quot;:7497,&quot;text&quot;:&quot;Lee m\\u00e1s&quot;,&quot;url&quot;:&quot;https:\\\/\\\/tuguia.combarranquilla.co\\\/Revista\\\/?p=7493&quot;,&quot;target&quot;:&quot;_blank&quot;,&quot;icon&quot;:{&quot;class&quot;:&quot;fa-solid fa-arrow-up-right-from-square&quot;},&quot;alignment&quot;:&quot;left&quot;,&quot;colors&quot;:{&quot;color&quot;:&quot;#fff&quot;,&quot;bg&quot;:&quot;rgba(37, 98, 56, 1)&quot;},&quot;align&quot;:&quot;&quot;,&quot;actionType&quot;:&quot;link&quot;,&quot;security&quot;:&quot;none&quot;,&quot;securityPassword&quot;:&quot;&quot;,&quot;tooltip&quot;:&quot;&quot;,&quot;tooltipPos&quot;:&quot;top&quot;,&quot;attrs&quot;:{&quot;rel&quot;:&quot;noreferrer&quot;,&quot;referrerpolicy&quot;:&quot;no-referrer&quot;},&quot;hideOn&quot;:{&quot;desktop&quot;:false,&quot;tablet&quot;:false,&quot;mobile&quot;:false},&quot;isDownload&quot;:false,&quot;downloadFileName&quot;:&quot;&quot;,&quot;isUpIcon&quot;:false,&quot;upIcon&quot;:{&quot;id&quot;:null,&quot;url&quot;:&quot;&quot;,&quot;alt&quot;:&quot;&quot;,&quot;title&quot;:&quot;&quot;},&quot;iconPos&quot;:&quot;left&quot;,&quot;type&quot;:&quot;flat&quot;,&quot;isFullWidth&quot;:false,&quot;size&quot;:&quot;medium&quot;,&quot;popup&quot;:{&quot;type&quot;:&quot;image&quot;,&quot;content&quot;:&quot;&quot;,&quot;caption&quot;:&quot;&quot;,&quot;width&quot;:&quot;&quot;},&quot;animationType&quot;:&quot;&quot;,&quot;animationDuration&quot;:0.40000000000000002220446049250313080847263336181640625,&quot;addID&quot;:&quot;&quot;,&quot;addCSS&quot;:&quot;&quot;,&quot;typography&quot;:{&quot;fontSize&quot;:{&quot;desktop&quot;:&quot;16px&quot;},&quot;fontWeight&quot;:600,&quot;textDecoration&quot;:&quot;none&quot;},&quot;hovColors&quot;:{&quot;color&quot;:&quot;#fff&quot;,&quot;bg&quot;:&quot;#FF7A00&quot;},&quot;padding&quot;:{&quot;vertical&quot;:&quot;12px&quot;,&quot;horizontal&quot;:&quot;24px&quot;},&quot;border&quot;:{&quot;radius&quot;:&quot;5px&quot;},&quot;shadow&quot;:[]}'\n\tdata-info='{&quot;userRoles&quot;:[],&quot;loginURL&quot;:&quot;https:\\\/\\\/tuguia.combarranquilla.co\\\/Revista\\\/wp-login.php&quot;}'\n\tdata-pipecheck=''\n><\/div>\n\n\n<p><\/p>\n\n\n\n<p class=\"has-medium-font-size\"><strong>2&#215;1 Bar Mirador<\/strong><\/p>\n\n\n\n<p>El Bar Mirador tambi\u00e9n debe ser parte de tu itinerario. Celebra bailando y brindando, con m\u00fasica en vivo, c\u00f3cteles 2&#215;1 y deliciosas picadas. Explora nuevos sabores de 5:00 p.m. a 9:00 p.m.<\/p>\n\n\n\n<hr class=\"wp-block-separator has-alpha-channel-opacity\"\/>\n\n\n\n<h2 class=\"wp-block-heading\" style=\"font-size:26px\"><strong>Pasi\u00f3n por la selecci\u00f3n<\/strong><\/h2>\n\n\n<div class=\"wp-block-image\">\n<figure class=\"aligncenter size-large is-resized\"><img decoding=\"async\" width=\"1024\" height=\"683\" data-src=\"https:\/\/tuguia.combarranquilla.co\/Revista\/wp-content\/uploads\/2025\/08\/bodegon-de-la-seleccion-de-futbol-de-colombia-1024x683.jpg\" alt=\"\" class=\"wp-image-7572 lazyload\" style=\"--smush-placeholder-width: 1024px; --smush-placeholder-aspect-ratio: 1024\/683;width:670px\" data-srcset=\"https:\/\/tuguia.combarranquilla.co\/Revista\/wp-content\/uploads\/2025\/08\/bodegon-de-la-seleccion-de-futbol-de-colombia-1024x683.jpg 1024w, https:\/\/tuguia.combarranquilla.co\/Revista\/wp-content\/uploads\/2025\/08\/bodegon-de-la-seleccion-de-futbol-de-colombia-300x200.jpg 300w, https:\/\/tuguia.combarranquilla.co\/Revista\/wp-content\/uploads\/2025\/08\/bodegon-de-la-seleccion-de-futbol-de-colombia-768x512.jpg 768w, https:\/\/tuguia.combarranquilla.co\/Revista\/wp-content\/uploads\/2025\/08\/bodegon-de-la-seleccion-de-futbol-de-colombia-1536x1024.jpg 1536w, https:\/\/tuguia.combarranquilla.co\/Revista\/wp-content\/uploads\/2025\/08\/bodegon-de-la-seleccion-de-futbol-de-colombia-2048x1365.jpg 2048w\" data-sizes=\"(max-width: 1024px) 100vw, 1024px\" src=\"data:image\/svg+xml;base64,PHN2ZyB3aWR0aD0iMSIgaGVpZ2h0PSIxIiB4bWxucz0iaHR0cDovL3d3dy53My5vcmcvMjAwMC9zdmciPjwvc3ZnPg==\" \/><\/figure><\/div>\n\n\n<p>Vive la experiencia del f\u00fatbol en el Bar Mirador de la Unidad Country. Con una amplia carta de licores, comida con sabores para deleitarse y el mejor ambiente futbolero.<\/p>\n\n\n\n<ul class=\"wp-block-list\">\n<li><strong>Jueves 4 de septiembre<\/strong> &#8211; Colombia vs. Bolivia<\/li>\n\n\n\n<li><strong>Martes 9 de septiembre<\/strong> &#8211; Colombia vs. Venezuela<\/li>\n<\/ul>\n\n\n\n<p>Abriremos nuestras puertas a partir de las 6:00 p.m.<\/p>\n\n\n\n<hr class=\"wp-block-separator has-alpha-channel-opacity\"\/>\n\n\n\n<h2 class=\"wp-block-heading\" style=\"font-size:26px\"><strong>Relajaci\u00f3n total<\/strong><\/h2>\n\n\n<div class=\"wp-block-image\">\n<figure class=\"aligncenter size-large is-resized\"><img decoding=\"async\" width=\"1024\" height=\"683\" data-src=\"https:\/\/tuguia.combarranquilla.co\/Revista\/wp-content\/uploads\/2025\/08\/image00012-1024x683.jpeg\" alt=\"\" class=\"wp-image-7505 lazyload\" style=\"--smush-placeholder-width: 1024px; --smush-placeholder-aspect-ratio: 1024\/683;width:670px\" data-srcset=\"https:\/\/tuguia.combarranquilla.co\/Revista\/wp-content\/uploads\/2025\/08\/image00012-1024x683.jpeg 1024w, https:\/\/tuguia.combarranquilla.co\/Revista\/wp-content\/uploads\/2025\/08\/image00012-300x200.jpeg 300w, https:\/\/tuguia.combarranquilla.co\/Revista\/wp-content\/uploads\/2025\/08\/image00012-768x512.jpeg 768w, https:\/\/tuguia.combarranquilla.co\/Revista\/wp-content\/uploads\/2025\/08\/image00012-1536x1024.jpeg 1536w, https:\/\/tuguia.combarranquilla.co\/Revista\/wp-content\/uploads\/2025\/08\/image00012.jpeg 1620w\" data-sizes=\"(max-width: 1024px) 100vw, 1024px\" src=\"data:image\/svg+xml;base64,PHN2ZyB3aWR0aD0iMSIgaGVpZ2h0PSIxIiB4bWxucz0iaHR0cDovL3d3dy53My5vcmcvMjAwMC9zdmciPjwvc3ZnPg==\" \/><\/figure><\/div>\n\n\n<p>El spa de Combarranquilla, ubicado en la Unidad Country, viene cargado con novedades. Lleva a tu pareja o a tus amigos a un plan para consentir tu piel.<\/p>\n\n\n\n<p><strong>Plan Parejas:&nbsp;<\/strong><\/p>\n\n\n\n<div class=\"wp-block-group is-vertical is-layout-flex wp-container-core-group-is-layout-8cf370e7 wp-block-group-is-layout-flex\">\n<ul class=\"wp-block-list\">\n<li>Masaje total&nbsp;<\/li>\n<\/ul>\n\n\n\n<ul class=\"wp-block-list\">\n<li>Piedras volc\u00e1nicas&nbsp;<\/li>\n<\/ul>\n\n\n\n<ul class=\"wp-block-list\">\n<li>Maderoterapia&nbsp;<\/li>\n<\/ul>\n\n\n\n<ul class=\"wp-block-list\">\n<li>Masaje facial&nbsp;<\/li>\n<\/ul>\n<\/div>\n\n\n\n<p><\/p>\n\n\n\n<figure class=\"wp-block-table is-style-stripes\"><table class=\"has-background has-fixed-layout\" style=\"background-color:#9fc8a1\"><tbody><tr><td>Cat. A&nbsp;<\/td><td>Cat. B&nbsp;<\/td><td>Cat. C&nbsp;<\/td><td>No afil.&nbsp;<\/td><\/tr><tr><td>$70.000&nbsp;<\/td><td>$80.000&nbsp;<\/td><td>$105.200&nbsp;<\/td><td>$142.700&nbsp;<\/td><\/tr><\/tbody><\/table><\/figure>\n\n\n\n<p><em>Obsequio: t\u00e9 de frutas<\/em>&nbsp;<\/p>\n\n\n\n<p><strong>Paquete 2:<\/strong><\/p>\n\n\n\n<div class=\"wp-block-group is-vertical is-layout-flex wp-container-core-group-is-layout-8cf370e7 wp-block-group-is-layout-flex\">\n<ul class=\"wp-block-list\">\n<li>Masaje de espalda&nbsp;<\/li>\n<\/ul>\n\n\n\n<ul class=\"wp-block-list\">\n<li>Sauna o turco&nbsp;<\/li>\n<\/ul>\n\n\n\n<ul class=\"wp-block-list\">\n<li>Velo de col\u00e1geno facial&nbsp;<\/li>\n<\/ul>\n<\/div>\n\n\n\n<p><\/p>\n\n\n\n<figure class=\"wp-block-table is-style-stripes\"><table class=\"has-background has-fixed-layout\" style=\"background-color:#9fc8a1\"><tbody><tr><td>Cat. A&nbsp;<\/td><td>Cat. B&nbsp;<\/td><td>Cat. C&nbsp;<\/td><td>No afil.&nbsp;<\/td><\/tr><tr><td>$78.200&nbsp;<\/td><td>$89.300&nbsp;<\/td><td>$117.500&nbsp;<\/td><td>$159.500&nbsp;<\/td><\/tr><\/tbody><\/table><\/figure>\n\n\n\n<p><em>Obsequio: ensalada de frutas&nbsp;<\/em><\/p>\n\n\n\n<p><strong>Plan Amigas:&nbsp;<\/strong><\/p>\n\n\n\n<div class=\"wp-block-group is-vertical is-layout-flex wp-container-core-group-is-layout-8cf370e7 wp-block-group-is-layout-flex\">\n<ul class=\"wp-block-list\">\n<li>Masaje de espalda&nbsp;<\/li>\n<\/ul>\n\n\n\n<ul class=\"wp-block-list\">\n<li>Depilaci\u00f3n de cejas&nbsp;<\/li>\n<\/ul>\n\n\n\n<ul class=\"wp-block-list\">\n<li>Depilaci\u00f3n de axilas&nbsp;<\/li>\n<\/ul>\n<\/div>\n\n\n\n<p><\/p>\n\n\n\n<figure class=\"wp-block-table is-style-stripes\"><table class=\"has-background has-fixed-layout\" style=\"background-color:#9fc8a1\"><tbody><tr><td>Cat. A&nbsp;<\/td><td>Cat. B&nbsp;<\/td><td>Cat. C&nbsp;<\/td><td>No afil.&nbsp;<\/td><\/tr><tr><td>$72.300&nbsp;<\/td><td>$82.600&nbsp;<\/td><td>$108.700&nbsp;<\/td><td>$147.500&nbsp;<\/td><\/tr><\/tbody><\/table><\/figure>\n\n\n\n<p><em>Obsequio: t\u00e9 de frutas<\/em><\/p>\n\n\n\n<p><\/p>\n\n\n\n<p>En septiembre, las novedades son muchas. Comienza a escribir historias de amor y amistad con tu pareja, familia y amigos. Celebra su&nbsp;compa\u00f1\u00eda&nbsp;todos los d\u00edas. Porque la vida es mejor cuando estamos juntos.&nbsp;<\/p>\n","protected":false},"excerpt":{"rendered":"<p>La historia de Amor y Amistad en Colombia se remonta a 1969, a\u00f1o en el que se consolid\u00f3 la festividad. Anteriormente, se segu\u00eda la tradici\u00f3n de celebrar el D\u00eda de San Valent\u00edn el 14 de febrero; pero con un contexto&nbsp;influenciado&nbsp;por los cambios en el mercado, se decidi\u00f3 trasladar la fecha al tercer s\u00e1bado del mes [&hellip;]<\/p>\n","protected":false},"author":2,"featured_media":7611,"comment_status":"open","ping_status":"open","sticky":false,"template":"","format":"standard","meta":{"inline_featured_image":false,"footnotes":""},"categories":[1],"tags":[],"class_list":["post-7497","post","type-post","status-publish","format-standard","has-post-thumbnail","hentry","category-entretenimiento"],"yoast_head":"<!-- This site is optimized with the Yoast SEO plugin v27.4 - https:\/\/yoast.com\/product\/yoast-seo-wordpress\/ -->\n<title>Amor y Amistad: disfruta con tus seres queridos en Combarranquilla - Tu Gu\u00eda<\/title>\n<meta name=\"robots\" content=\"index, follow, max-snippet:-1, max-image-preview:large, max-video-preview:-1\" \/>\n<link rel=\"canonical\" href=\"https:\/\/tuguia.combarranquilla.co\/Revista\/amor-y-amistad-disfruta-con-tus-seres-queridos-en-combarranquilla\/\" \/>\n<meta property=\"og:locale\" content=\"es_ES\" \/>\n<meta property=\"og:type\" content=\"article\" \/>\n<meta property=\"og:title\" content=\"Amor y Amistad: disfruta con tus seres queridos en Combarranquilla - Tu Gu\u00eda\" \/>\n<meta property=\"og:description\" content=\"La historia de Amor y Amistad en Colombia se remonta a 1969, a\u00f1o en el que se consolid\u00f3 la festividad. Anteriormente, se segu\u00eda la tradici\u00f3n de celebrar el D\u00eda de San Valent\u00edn el 14 de febrero; pero con un contexto&nbsp;influenciado&nbsp;por los cambios en el mercado, se decidi\u00f3 trasladar la fecha al tercer s\u00e1bado del mes [&hellip;]\" \/>\n<meta property=\"og:url\" content=\"https:\/\/tuguia.combarranquilla.co\/Revista\/amor-y-amistad-disfruta-con-tus-seres-queridos-en-combarranquilla\/\" \/>\n<meta property=\"og:site_name\" content=\"Tu Gu\u00eda\" \/>\n<meta property=\"article:published_time\" content=\"2025-09-01T12:56:33+00:00\" \/>\n<meta property=\"article:modified_time\" content=\"2025-09-04T20:00:11+00:00\" \/>\n<meta property=\"og:image\" content=\"https:\/\/tuguia.combarranquilla.co\/Revista\/wp-content\/uploads\/2025\/09\/38-scaled.jpg\" \/>\n\t<meta property=\"og:image:width\" content=\"2560\" \/>\n\t<meta property=\"og:image:height\" content=\"1280\" \/>\n\t<meta property=\"og:image:type\" content=\"image\/jpeg\" \/>\n<meta name=\"author\" content=\"Comunicaciones Combarranquilla\" \/>\n<meta name=\"twitter:card\" content=\"summary_large_image\" \/>\n<meta name=\"twitter:label1\" content=\"Escrito por\" \/>\n\t<meta name=\"twitter:data1\" content=\"Comunicaciones Combarranquilla\" \/>\n\t<meta name=\"twitter:label2\" content=\"Tiempo de lectura\" \/>\n\t<meta name=\"twitter:data2\" content=\"5 minutos\" \/>\n<script type=\"application\/ld+json\" class=\"yoast-schema-graph\">{\"@context\":\"https:\\\/\\\/schema.org\",\"@graph\":[{\"@type\":\"Article\",\"@id\":\"https:\\\/\\\/tuguia.combarranquilla.co\\\/Revista\\\/amor-y-amistad-disfruta-con-tus-seres-queridos-en-combarranquilla\\\/#article\",\"isPartOf\":{\"@id\":\"https:\\\/\\\/tuguia.combarranquilla.co\\\/Revista\\\/amor-y-amistad-disfruta-con-tus-seres-queridos-en-combarranquilla\\\/\"},\"author\":{\"name\":\"Comunicaciones Combarranquilla\",\"@id\":\"https:\\\/\\\/tuguia.combarranquilla.co\\\/Revista\\\/#\\\/schema\\\/person\\\/c2c396a77170bd1d5f8ba73294eb0d10\"},\"headline\":\"Amor y Amistad: disfruta con tus seres queridos en Combarranquilla\",\"datePublished\":\"2025-09-01T12:56:33+00:00\",\"dateModified\":\"2025-09-04T20:00:11+00:00\",\"mainEntityOfPage\":{\"@id\":\"https:\\\/\\\/tuguia.combarranquilla.co\\\/Revista\\\/amor-y-amistad-disfruta-con-tus-seres-queridos-en-combarranquilla\\\/\"},\"wordCount\":714,\"commentCount\":0,\"publisher\":{\"@id\":\"https:\\\/\\\/tuguia.combarranquilla.co\\\/Revista\\\/#organization\"},\"image\":{\"@id\":\"https:\\\/\\\/tuguia.combarranquilla.co\\\/Revista\\\/amor-y-amistad-disfruta-con-tus-seres-queridos-en-combarranquilla\\\/#primaryimage\"},\"thumbnailUrl\":\"https:\\\/\\\/tuguia.combarranquilla.co\\\/Revista\\\/wp-content\\\/uploads\\\/2025\\\/09\\\/38-scaled.jpg\",\"articleSection\":[\"ENTRETENIMIENTO\"],\"inLanguage\":\"es-CO\",\"potentialAction\":[{\"@type\":\"CommentAction\",\"name\":\"Comment\",\"target\":[\"https:\\\/\\\/tuguia.combarranquilla.co\\\/Revista\\\/amor-y-amistad-disfruta-con-tus-seres-queridos-en-combarranquilla\\\/#respond\"]}]},{\"@type\":\"WebPage\",\"@id\":\"https:\\\/\\\/tuguia.combarranquilla.co\\\/Revista\\\/amor-y-amistad-disfruta-con-tus-seres-queridos-en-combarranquilla\\\/\",\"url\":\"https:\\\/\\\/tuguia.combarranquilla.co\\\/Revista\\\/amor-y-amistad-disfruta-con-tus-seres-queridos-en-combarranquilla\\\/\",\"name\":\"Amor y Amistad: disfruta con tus seres queridos en Combarranquilla - Tu Gu\u00eda\",\"isPartOf\":{\"@id\":\"https:\\\/\\\/tuguia.combarranquilla.co\\\/Revista\\\/#website\"},\"primaryImageOfPage\":{\"@id\":\"https:\\\/\\\/tuguia.combarranquilla.co\\\/Revista\\\/amor-y-amistad-disfruta-con-tus-seres-queridos-en-combarranquilla\\\/#primaryimage\"},\"image\":{\"@id\":\"https:\\\/\\\/tuguia.combarranquilla.co\\\/Revista\\\/amor-y-amistad-disfruta-con-tus-seres-queridos-en-combarranquilla\\\/#primaryimage\"},\"thumbnailUrl\":\"https:\\\/\\\/tuguia.combarranquilla.co\\\/Revista\\\/wp-content\\\/uploads\\\/2025\\\/09\\\/38-scaled.jpg\",\"datePublished\":\"2025-09-01T12:56:33+00:00\",\"dateModified\":\"2025-09-04T20:00:11+00:00\",\"breadcrumb\":{\"@id\":\"https:\\\/\\\/tuguia.combarranquilla.co\\\/Revista\\\/amor-y-amistad-disfruta-con-tus-seres-queridos-en-combarranquilla\\\/#breadcrumb\"},\"inLanguage\":\"es-CO\",\"potentialAction\":[{\"@type\":\"ReadAction\",\"target\":[\"https:\\\/\\\/tuguia.combarranquilla.co\\\/Revista\\\/amor-y-amistad-disfruta-con-tus-seres-queridos-en-combarranquilla\\\/\"]}]},{\"@type\":\"ImageObject\",\"inLanguage\":\"es-CO\",\"@id\":\"https:\\\/\\\/tuguia.combarranquilla.co\\\/Revista\\\/amor-y-amistad-disfruta-con-tus-seres-queridos-en-combarranquilla\\\/#primaryimage\",\"url\":\"https:\\\/\\\/tuguia.combarranquilla.co\\\/Revista\\\/wp-content\\\/uploads\\\/2025\\\/09\\\/38-scaled.jpg\",\"contentUrl\":\"https:\\\/\\\/tuguia.combarranquilla.co\\\/Revista\\\/wp-content\\\/uploads\\\/2025\\\/09\\\/38-scaled.jpg\",\"width\":2560,\"height\":1280},{\"@type\":\"BreadcrumbList\",\"@id\":\"https:\\\/\\\/tuguia.combarranquilla.co\\\/Revista\\\/amor-y-amistad-disfruta-con-tus-seres-queridos-en-combarranquilla\\\/#breadcrumb\",\"itemListElement\":[{\"@type\":\"ListItem\",\"position\":1,\"name\":\"Inicio\",\"item\":\"https:\\\/\\\/tuguia.combarranquilla.co\\\/Revista\\\/\"},{\"@type\":\"ListItem\",\"position\":2,\"name\":\"Amor y Amistad: disfruta con tus seres queridos en Combarranquilla\"}]},{\"@type\":\"WebSite\",\"@id\":\"https:\\\/\\\/tuguia.combarranquilla.co\\\/Revista\\\/#website\",\"url\":\"https:\\\/\\\/tuguia.combarranquilla.co\\\/Revista\\\/\",\"name\":\"Tu Gu\u00eda\",\"description\":\"La revista donde lo tienes todo.\",\"publisher\":{\"@id\":\"https:\\\/\\\/tuguia.combarranquilla.co\\\/Revista\\\/#organization\"},\"alternateName\":\"Tu Gu\u00eda Combarranquilla\",\"potentialAction\":[{\"@type\":\"SearchAction\",\"target\":{\"@type\":\"EntryPoint\",\"urlTemplate\":\"https:\\\/\\\/tuguia.combarranquilla.co\\\/Revista\\\/?s={search_term_string}\"},\"query-input\":{\"@type\":\"PropertyValueSpecification\",\"valueRequired\":true,\"valueName\":\"search_term_string\"}}],\"inLanguage\":\"es-CO\"},{\"@type\":\"Organization\",\"@id\":\"https:\\\/\\\/tuguia.combarranquilla.co\\\/Revista\\\/#organization\",\"name\":\"Tu Gu\u00eda Combarranquilla\",\"url\":\"https:\\\/\\\/tuguia.combarranquilla.co\\\/Revista\\\/\",\"logo\":{\"@type\":\"ImageObject\",\"inLanguage\":\"es-CO\",\"@id\":\"https:\\\/\\\/tuguia.combarranquilla.co\\\/Revista\\\/#\\\/schema\\\/logo\\\/image\\\/\",\"url\":\"https:\\\/\\\/tuguia.combarranquilla.co\\\/Revista\\\/wp-content\\\/uploads\\\/2022\\\/02\\\/logo-guia-combarranquilla.svg\",\"contentUrl\":\"https:\\\/\\\/tuguia.combarranquilla.co\\\/Revista\\\/wp-content\\\/uploads\\\/2022\\\/02\\\/logo-guia-combarranquilla.svg\",\"caption\":\"Tu Gu\u00eda Combarranquilla\"},\"image\":{\"@id\":\"https:\\\/\\\/tuguia.combarranquilla.co\\\/Revista\\\/#\\\/schema\\\/logo\\\/image\\\/\"}},{\"@type\":\"Person\",\"@id\":\"https:\\\/\\\/tuguia.combarranquilla.co\\\/Revista\\\/#\\\/schema\\\/person\\\/c2c396a77170bd1d5f8ba73294eb0d10\",\"name\":\"Comunicaciones Combarranquilla\",\"image\":{\"@type\":\"ImageObject\",\"inLanguage\":\"es-CO\",\"@id\":\"https:\\\/\\\/tuguia.combarranquilla.co\\\/Revista\\\/wp-content\\\/uploads\\\/2025\\\/05\\\/ABC-Al-Rojo-Logo-96x96.jpg\",\"url\":\"https:\\\/\\\/tuguia.combarranquilla.co\\\/Revista\\\/wp-content\\\/uploads\\\/2025\\\/05\\\/ABC-Al-Rojo-Logo-96x96.jpg\",\"contentUrl\":\"https:\\\/\\\/tuguia.combarranquilla.co\\\/Revista\\\/wp-content\\\/uploads\\\/2025\\\/05\\\/ABC-Al-Rojo-Logo-96x96.jpg\",\"caption\":\"Comunicaciones Combarranquilla\"},\"sameAs\":[\"https:\\\/\\\/www.combarranquilla.co\"],\"url\":\"https:\\\/\\\/tuguia.combarranquilla.co\\\/Revista\\\/author\\\/comunicaciones\\\/\"}]}<\/script>\n<!-- \/ Yoast SEO plugin. -->","yoast_head_json":{"title":"Amor y Amistad: disfruta con tus seres queridos en Combarranquilla - Tu Gu\u00eda","robots":{"index":"index","follow":"follow","max-snippet":"max-snippet:-1","max-image-preview":"max-image-preview:large","max-video-preview":"max-video-preview:-1"},"canonical":"https:\/\/tuguia.combarranquilla.co\/Revista\/amor-y-amistad-disfruta-con-tus-seres-queridos-en-combarranquilla\/","og_locale":"es_ES","og_type":"article","og_title":"Amor y Amistad: disfruta con tus seres queridos en Combarranquilla - Tu Gu\u00eda","og_description":"La historia de Amor y Amistad en Colombia se remonta a 1969, a\u00f1o en el que se consolid\u00f3 la festividad. Anteriormente, se segu\u00eda la tradici\u00f3n de celebrar el D\u00eda de San Valent\u00edn el 14 de febrero; pero con un contexto&nbsp;influenciado&nbsp;por los cambios en el mercado, se decidi\u00f3 trasladar la fecha al tercer s\u00e1bado del mes [&hellip;]","og_url":"https:\/\/tuguia.combarranquilla.co\/Revista\/amor-y-amistad-disfruta-con-tus-seres-queridos-en-combarranquilla\/","og_site_name":"Tu Gu\u00eda","article_published_time":"2025-09-01T12:56:33+00:00","article_modified_time":"2025-09-04T20:00:11+00:00","og_image":[{"width":2560,"height":1280,"url":"https:\/\/tuguia.combarranquilla.co\/Revista\/wp-content\/uploads\/2025\/09\/38-scaled.jpg","type":"image\/jpeg"}],"author":"Comunicaciones Combarranquilla","twitter_card":"summary_large_image","twitter_misc":{"Escrito por":"Comunicaciones Combarranquilla","Tiempo de lectura":"5 minutos"},"schema":{"@context":"https:\/\/schema.org","@graph":[{"@type":"Article","@id":"https:\/\/tuguia.combarranquilla.co\/Revista\/amor-y-amistad-disfruta-con-tus-seres-queridos-en-combarranquilla\/#article","isPartOf":{"@id":"https:\/\/tuguia.combarranquilla.co\/Revista\/amor-y-amistad-disfruta-con-tus-seres-queridos-en-combarranquilla\/"},"author":{"name":"Comunicaciones Combarranquilla","@id":"https:\/\/tuguia.combarranquilla.co\/Revista\/#\/schema\/person\/c2c396a77170bd1d5f8ba73294eb0d10"},"headline":"Amor y Amistad: disfruta con tus seres queridos en Combarranquilla","datePublished":"2025-09-01T12:56:33+00:00","dateModified":"2025-09-04T20:00:11+00:00","mainEntityOfPage":{"@id":"https:\/\/tuguia.combarranquilla.co\/Revista\/amor-y-amistad-disfruta-con-tus-seres-queridos-en-combarranquilla\/"},"wordCount":714,"commentCount":0,"publisher":{"@id":"https:\/\/tuguia.combarranquilla.co\/Revista\/#organization"},"image":{"@id":"https:\/\/tuguia.combarranquilla.co\/Revista\/amor-y-amistad-disfruta-con-tus-seres-queridos-en-combarranquilla\/#primaryimage"},"thumbnailUrl":"https:\/\/tuguia.combarranquilla.co\/Revista\/wp-content\/uploads\/2025\/09\/38-scaled.jpg","articleSection":["ENTRETENIMIENTO"],"inLanguage":"es-CO","potentialAction":[{"@type":"CommentAction","name":"Comment","target":["https:\/\/tuguia.combarranquilla.co\/Revista\/amor-y-amistad-disfruta-con-tus-seres-queridos-en-combarranquilla\/#respond"]}]},{"@type":"WebPage","@id":"https:\/\/tuguia.combarranquilla.co\/Revista\/amor-y-amistad-disfruta-con-tus-seres-queridos-en-combarranquilla\/","url":"https:\/\/tuguia.combarranquilla.co\/Revista\/amor-y-amistad-disfruta-con-tus-seres-queridos-en-combarranquilla\/","name":"Amor y Amistad: disfruta con tus seres queridos en Combarranquilla - Tu Gu\u00eda","isPartOf":{"@id":"https:\/\/tuguia.combarranquilla.co\/Revista\/#website"},"primaryImageOfPage":{"@id":"https:\/\/tuguia.combarranquilla.co\/Revista\/amor-y-amistad-disfruta-con-tus-seres-queridos-en-combarranquilla\/#primaryimage"},"image":{"@id":"https:\/\/tuguia.combarranquilla.co\/Revista\/amor-y-amistad-disfruta-con-tus-seres-queridos-en-combarranquilla\/#primaryimage"},"thumbnailUrl":"https:\/\/tuguia.combarranquilla.co\/Revista\/wp-content\/uploads\/2025\/09\/38-scaled.jpg","datePublished":"2025-09-01T12:56:33+00:00","dateModified":"2025-09-04T20:00:11+00:00","breadcrumb":{"@id":"https:\/\/tuguia.combarranquilla.co\/Revista\/amor-y-amistad-disfruta-con-tus-seres-queridos-en-combarranquilla\/#breadcrumb"},"inLanguage":"es-CO","potentialAction":[{"@type":"ReadAction","target":["https:\/\/tuguia.combarranquilla.co\/Revista\/amor-y-amistad-disfruta-con-tus-seres-queridos-en-combarranquilla\/"]}]},{"@type":"ImageObject","inLanguage":"es-CO","@id":"https:\/\/tuguia.combarranquilla.co\/Revista\/amor-y-amistad-disfruta-con-tus-seres-queridos-en-combarranquilla\/#primaryimage","url":"https:\/\/tuguia.combarranquilla.co\/Revista\/wp-content\/uploads\/2025\/09\/38-scaled.jpg","contentUrl":"https:\/\/tuguia.combarranquilla.co\/Revista\/wp-content\/uploads\/2025\/09\/38-scaled.jpg","width":2560,"height":1280},{"@type":"BreadcrumbList","@id":"https:\/\/tuguia.combarranquilla.co\/Revista\/amor-y-amistad-disfruta-con-tus-seres-queridos-en-combarranquilla\/#breadcrumb","itemListElement":[{"@type":"ListItem","position":1,"name":"Inicio","item":"https:\/\/tuguia.combarranquilla.co\/Revista\/"},{"@type":"ListItem","position":2,"name":"Amor y Amistad: disfruta con tus seres queridos en Combarranquilla"}]},{"@type":"WebSite","@id":"https:\/\/tuguia.combarranquilla.co\/Revista\/#website","url":"https:\/\/tuguia.combarranquilla.co\/Revista\/","name":"Tu Gu\u00eda","description":"La revista donde lo tienes todo.","publisher":{"@id":"https:\/\/tuguia.combarranquilla.co\/Revista\/#organization"},"alternateName":"Tu Gu\u00eda Combarranquilla","potentialAction":[{"@type":"SearchAction","target":{"@type":"EntryPoint","urlTemplate":"https:\/\/tuguia.combarranquilla.co\/Revista\/?s={search_term_string}"},"query-input":{"@type":"PropertyValueSpecification","valueRequired":true,"valueName":"search_term_string"}}],"inLanguage":"es-CO"},{"@type":"Organization","@id":"https:\/\/tuguia.combarranquilla.co\/Revista\/#organization","name":"Tu Gu\u00eda Combarranquilla","url":"https:\/\/tuguia.combarranquilla.co\/Revista\/","logo":{"@type":"ImageObject","inLanguage":"es-CO","@id":"https:\/\/tuguia.combarranquilla.co\/Revista\/#\/schema\/logo\/image\/","url":"https:\/\/tuguia.combarranquilla.co\/Revista\/wp-content\/uploads\/2022\/02\/logo-guia-combarranquilla.svg","contentUrl":"https:\/\/tuguia.combarranquilla.co\/Revista\/wp-content\/uploads\/2022\/02\/logo-guia-combarranquilla.svg","caption":"Tu Gu\u00eda Combarranquilla"},"image":{"@id":"https:\/\/tuguia.combarranquilla.co\/Revista\/#\/schema\/logo\/image\/"}},{"@type":"Person","@id":"https:\/\/tuguia.combarranquilla.co\/Revista\/#\/schema\/person\/c2c396a77170bd1d5f8ba73294eb0d10","name":"Comunicaciones Combarranquilla","image":{"@type":"ImageObject","inLanguage":"es-CO","@id":"https:\/\/tuguia.combarranquilla.co\/Revista\/wp-content\/uploads\/2025\/05\/ABC-Al-Rojo-Logo-96x96.jpg","url":"https:\/\/tuguia.combarranquilla.co\/Revista\/wp-content\/uploads\/2025\/05\/ABC-Al-Rojo-Logo-96x96.jpg","contentUrl":"https:\/\/tuguia.combarranquilla.co\/Revista\/wp-content\/uploads\/2025\/05\/ABC-Al-Rojo-Logo-96x96.jpg","caption":"Comunicaciones Combarranquilla"},"sameAs":["https:\/\/www.combarranquilla.co"],"url":"https:\/\/tuguia.combarranquilla.co\/Revista\/author\/comunicaciones\/"}]}},"_links":{"self":[{"href":"https:\/\/tuguia.combarranquilla.co\/Revista\/wp-json\/wp\/v2\/posts\/7497","targetHints":{"allow":["GET"]}}],"collection":[{"href":"https:\/\/tuguia.combarranquilla.co\/Revista\/wp-json\/wp\/v2\/posts"}],"about":[{"href":"https:\/\/tuguia.combarranquilla.co\/Revista\/wp-json\/wp\/v2\/types\/post"}],"author":[{"embeddable":true,"href":"https:\/\/tuguia.combarranquilla.co\/Revista\/wp-json\/wp\/v2\/users\/2"}],"replies":[{"embeddable":true,"href":"https:\/\/tuguia.combarranquilla.co\/Revista\/wp-json\/wp\/v2\/comments?post=7497"}],"version-history":[{"count":21,"href":"https:\/\/tuguia.combarranquilla.co\/Revista\/wp-json\/wp\/v2\/posts\/7497\/revisions"}],"predecessor-version":[{"id":7617,"href":"https:\/\/tuguia.combarranquilla.co\/Revista\/wp-json\/wp\/v2\/posts\/7497\/revisions\/7617"}],"wp:featuredmedia":[{"embeddable":true,"href":"https:\/\/tuguia.combarranquilla.co\/Revista\/wp-json\/wp\/v2\/media\/7611"}],"wp:attachment":[{"href":"https:\/\/tuguia.combarranquilla.co\/Revista\/wp-json\/wp\/v2\/media?parent=7497"}],"wp:term":[{"taxonomy":"category","embeddable":true,"href":"https:\/\/tuguia.combarranquilla.co\/Revista\/wp-json\/wp\/v2\/categories?post=7497"},{"taxonomy":"post_tag","embeddable":true,"href":"https:\/\/tuguia.combarranquilla.co\/Revista\/wp-json\/wp\/v2\/tags?post=7497"}],"curies":[{"name":"wp","href":"https:\/\/api.w.org\/{rel}","templated":true}]}}