{"id":7514,"date":"2025-10-01T12:00:21","date_gmt":"2025-10-01T17:00:21","guid":{"rendered":"https:\/\/tuguia.combarranquilla.co\/Revista\/?p=7514"},"modified":"2025-10-14T08:43:15","modified_gmt":"2025-10-14T13:43:15","slug":"el-aroma-a-libros-se-vuelve-a-sentir-en-la-unidad-boston","status":"publish","type":"post","link":"https:\/\/tuguia.combarranquilla.co\/Revista\/el-aroma-a-libros-se-vuelve-a-sentir-en-la-unidad-boston\/","title":{"rendered":"El aroma a libros se vuelve a sentir en la Unidad Boston"},"content":{"rendered":"\n<p><em><strong>La biblioteca de la Unidad Boston comienza a escribir su siguiente cap\u00edtulo lleno de emociones y experiencias.<\/strong><\/em><\/p>\n\n\n\n<p>Desde el 25 de junio de 2024, las palabras en la Unidad Boston permanecieron en silencio, esperando su reencuentro con los lectores. El 11 de octubre, celebramos la reapertura de la biblioteca. Un espacio donde podemos encontrarnos entre libros y viajar entre mundos.&nbsp;<\/p>\n\n\n\n<p>La magia de los libros se vive en familia y pr\u00f3ximamente podr\u00e1s vivir un momento especial con tu familia.<\/p>\n\n\n\n<p>Este mes, tambi\u00e9n podr\u00e1s disfrutar de varios cursos organizados por la biblioteca de la Unidad Boston. Ni\u00f1os, ni\u00f1as y j\u00f3venes tendr\u00e1n la oportunidad de explorar sus talentos y divertirse leyendo.<\/p>\n\n\n\n<div class=\"wp-block-columns is-layout-flex wp-container-core-columns-is-layout-9d6595d7 wp-block-columns-is-layout-flex\">\n<div class=\"wp-block-column is-layout-flow wp-block-column-is-layout-flow\">\n<figure class=\"wp-block-image size-large\"><img decoding=\"async\" width=\"1024\" height=\"768\" data-src=\"https:\/\/tuguia.combarranquilla.co\/Revista\/wp-content\/uploads\/2025\/10\/WhatsApp-Image-2025-10-09-at-4.01.36-PM-1-1024x768.jpeg\" alt=\"\" class=\"wp-image-7930 lazyload\" data-srcset=\"https:\/\/tuguia.combarranquilla.co\/Revista\/wp-content\/uploads\/2025\/10\/WhatsApp-Image-2025-10-09-at-4.01.36-PM-1-1024x768.jpeg 1024w, https:\/\/tuguia.combarranquilla.co\/Revista\/wp-content\/uploads\/2025\/10\/WhatsApp-Image-2025-10-09-at-4.01.36-PM-1-300x225.jpeg 300w, https:\/\/tuguia.combarranquilla.co\/Revista\/wp-content\/uploads\/2025\/10\/WhatsApp-Image-2025-10-09-at-4.01.36-PM-1-768x576.jpeg 768w, https:\/\/tuguia.combarranquilla.co\/Revista\/wp-content\/uploads\/2025\/10\/WhatsApp-Image-2025-10-09-at-4.01.36-PM-1.jpeg 1280w\" data-sizes=\"(max-width: 1024px) 100vw, 1024px\" src=\"data:image\/svg+xml;base64,PHN2ZyB3aWR0aD0iMSIgaGVpZ2h0PSIxIiB4bWxucz0iaHR0cDovL3d3dy53My5vcmcvMjAwMC9zdmciPjwvc3ZnPg==\" style=\"--smush-placeholder-width: 1024px; --smush-placeholder-aspect-ratio: 1024\/768;\" \/><\/figure>\n<\/div>\n\n\n\n<div class=\"wp-block-column is-layout-flow wp-block-column-is-layout-flow\">\n<figure class=\"wp-block-image size-large\"><img decoding=\"async\" width=\"1024\" height=\"768\" data-src=\"https:\/\/tuguia.combarranquilla.co\/Revista\/wp-content\/uploads\/2025\/10\/WhatsApp-Image-2025-10-09-at-4.01.36-PM-1024x768.jpeg\" alt=\"\" class=\"wp-image-7931 lazyload\" data-srcset=\"https:\/\/tuguia.combarranquilla.co\/Revista\/wp-content\/uploads\/2025\/10\/WhatsApp-Image-2025-10-09-at-4.01.36-PM-1024x768.jpeg 1024w, https:\/\/tuguia.combarranquilla.co\/Revista\/wp-content\/uploads\/2025\/10\/WhatsApp-Image-2025-10-09-at-4.01.36-PM-300x225.jpeg 300w, https:\/\/tuguia.combarranquilla.co\/Revista\/wp-content\/uploads\/2025\/10\/WhatsApp-Image-2025-10-09-at-4.01.36-PM-768x576.jpeg 768w, https:\/\/tuguia.combarranquilla.co\/Revista\/wp-content\/uploads\/2025\/10\/WhatsApp-Image-2025-10-09-at-4.01.36-PM.jpeg 1280w\" data-sizes=\"(max-width: 1024px) 100vw, 1024px\" src=\"data:image\/svg+xml;base64,PHN2ZyB3aWR0aD0iMSIgaGVpZ2h0PSIxIiB4bWxucz0iaHR0cDovL3d3dy53My5vcmcvMjAwMC9zdmciPjwvc3ZnPg==\" style=\"--smush-placeholder-width: 1024px; --smush-placeholder-aspect-ratio: 1024\/768;\" \/><\/figure>\n<\/div>\n<\/div>\n\n\n\n<h2 class=\"wp-block-heading\" style=\"font-size:24px\">S\u00e1bado familiar<\/h2>\n\n\n\n<p>Conmemoramos la reapertura de la biblioteca con actividades para grandes y peque\u00f1os. Vis\u00edtanos el s\u00e1bado 11 de octubre de 8:30 a.m. a 12:00 m. y vive la magia de los libros con nosotros.<\/p>\n\n\n\n<p>Disfruta de:<\/p>\n\n\n\n<ul class=\"wp-block-list\">\n<li>Lectura de cuentos<\/li>\n\n\n\n<li>Taller de origami<\/li>\n\n\n\n<li>Taller de manualidad<\/li>\n\n\n\n<li>Pintucaritas<\/li>\n<\/ul>\n\n\n\n<p><\/p>\n\n\n\n<p style=\"font-size:14px\"><em>Esta es una actividad abierta al p\u00fablico.<\/em><\/p>\n\n\n\n<p>Los lectores son los que transforman a las bibliotecas en un lugar para construir comunidades. La lectura es una herramienta que ense\u00f1a y despierta ideas. Es el faro que nos lleva a conocernos y conocer a otros.&nbsp;<\/p>\n","protected":false},"excerpt":{"rendered":"<p>La biblioteca de la Unidad Boston comienza a escribir su siguiente cap\u00edtulo lleno de emociones y experiencias. Desde el 25 de junio de 2024, las palabras en la Unidad Boston permanecieron en silencio, esperando su reencuentro con los lectores. El 11 de octubre, celebramos la reapertura de la biblioteca. Un espacio donde podemos encontrarnos entre [&hellip;]<\/p>\n","protected":false},"author":2,"featured_media":7892,"comment_status":"open","ping_status":"open","sticky":false,"template":"","format":"standard","meta":{"inline_featured_image":false,"footnotes":""},"categories":[4],"tags":[],"class_list":["post-7514","post","type-post","status-publish","format-standard","has-post-thumbnail","hentry","category-ciencia-y-cultura"],"yoast_head":"<!-- This site is optimized with the Yoast SEO plugin v27.4 - https:\/\/yoast.com\/product\/yoast-seo-wordpress\/ -->\n<title>El aroma a libros se vuelve a sentir en la Unidad Boston - Tu Gu\u00eda<\/title>\n<meta name=\"robots\" content=\"index, follow, max-snippet:-1, max-image-preview:large, max-video-preview:-1\" \/>\n<link rel=\"canonical\" href=\"https:\/\/tuguia.combarranquilla.co\/Revista\/el-aroma-a-libros-se-vuelve-a-sentir-en-la-unidad-boston\/\" \/>\n<meta property=\"og:locale\" content=\"es_ES\" \/>\n<meta property=\"og:type\" content=\"article\" \/>\n<meta property=\"og:title\" content=\"El aroma a libros se vuelve a sentir en la Unidad Boston - Tu Gu\u00eda\" \/>\n<meta property=\"og:description\" content=\"La biblioteca de la Unidad Boston comienza a escribir su siguiente cap\u00edtulo lleno de emociones y experiencias. Desde el 25 de junio de 2024, las palabras en la Unidad Boston permanecieron en silencio, esperando su reencuentro con los lectores. El 11 de octubre, celebramos la reapertura de la biblioteca. Un espacio donde podemos encontrarnos entre [&hellip;]\" \/>\n<meta property=\"og:url\" content=\"https:\/\/tuguia.combarranquilla.co\/Revista\/el-aroma-a-libros-se-vuelve-a-sentir-en-la-unidad-boston\/\" \/>\n<meta property=\"og:site_name\" content=\"Tu Gu\u00eda\" \/>\n<meta property=\"article:published_time\" content=\"2025-10-01T17:00:21+00:00\" \/>\n<meta property=\"article:modified_time\" content=\"2025-10-14T13:43:15+00:00\" \/>\n<meta property=\"og:image\" content=\"https:\/\/tuguia.combarranquilla.co\/Revista\/wp-content\/uploads\/2025\/10\/Revista-Combarranquilla-1-2-scaled.jpg\" \/>\n\t<meta property=\"og:image:width\" content=\"2560\" \/>\n\t<meta property=\"og:image:height\" content=\"1280\" \/>\n\t<meta property=\"og:image:type\" content=\"image\/jpeg\" \/>\n<meta name=\"author\" content=\"Comunicaciones Combarranquilla\" \/>\n<meta name=\"twitter:card\" content=\"summary_large_image\" \/>\n<meta name=\"twitter:label1\" content=\"Escrito por\" \/>\n\t<meta name=\"twitter:data1\" content=\"Comunicaciones Combarranquilla\" \/>\n\t<meta name=\"twitter:label2\" content=\"Tiempo de lectura\" \/>\n\t<meta name=\"twitter:data2\" content=\"2 minutos\" \/>\n<script type=\"application\/ld+json\" class=\"yoast-schema-graph\">{\"@context\":\"https:\\\/\\\/schema.org\",\"@graph\":[{\"@type\":\"Article\",\"@id\":\"https:\\\/\\\/tuguia.combarranquilla.co\\\/Revista\\\/el-aroma-a-libros-se-vuelve-a-sentir-en-la-unidad-boston\\\/#article\",\"isPartOf\":{\"@id\":\"https:\\\/\\\/tuguia.combarranquilla.co\\\/Revista\\\/el-aroma-a-libros-se-vuelve-a-sentir-en-la-unidad-boston\\\/\"},\"author\":{\"name\":\"Comunicaciones Combarranquilla\",\"@id\":\"https:\\\/\\\/tuguia.combarranquilla.co\\\/Revista\\\/#\\\/schema\\\/person\\\/c2c396a77170bd1d5f8ba73294eb0d10\"},\"headline\":\"El aroma a libros se vuelve a sentir en la Unidad Boston\",\"datePublished\":\"2025-10-01T17:00:21+00:00\",\"dateModified\":\"2025-10-14T13:43:15+00:00\",\"mainEntityOfPage\":{\"@id\":\"https:\\\/\\\/tuguia.combarranquilla.co\\\/Revista\\\/el-aroma-a-libros-se-vuelve-a-sentir-en-la-unidad-boston\\\/\"},\"wordCount\":224,\"commentCount\":0,\"publisher\":{\"@id\":\"https:\\\/\\\/tuguia.combarranquilla.co\\\/Revista\\\/#organization\"},\"image\":{\"@id\":\"https:\\\/\\\/tuguia.combarranquilla.co\\\/Revista\\\/el-aroma-a-libros-se-vuelve-a-sentir-en-la-unidad-boston\\\/#primaryimage\"},\"thumbnailUrl\":\"https:\\\/\\\/tuguia.combarranquilla.co\\\/Revista\\\/wp-content\\\/uploads\\\/2025\\\/10\\\/Revista-Combarranquilla-1-2-scaled.jpg\",\"articleSection\":[\"CIENCIA Y CULTURA\"],\"inLanguage\":\"es-CO\",\"potentialAction\":[{\"@type\":\"CommentAction\",\"name\":\"Comment\",\"target\":[\"https:\\\/\\\/tuguia.combarranquilla.co\\\/Revista\\\/el-aroma-a-libros-se-vuelve-a-sentir-en-la-unidad-boston\\\/#respond\"]}]},{\"@type\":\"WebPage\",\"@id\":\"https:\\\/\\\/tuguia.combarranquilla.co\\\/Revista\\\/el-aroma-a-libros-se-vuelve-a-sentir-en-la-unidad-boston\\\/\",\"url\":\"https:\\\/\\\/tuguia.combarranquilla.co\\\/Revista\\\/el-aroma-a-libros-se-vuelve-a-sentir-en-la-unidad-boston\\\/\",\"name\":\"El aroma a libros se vuelve a sentir en la Unidad Boston - Tu Gu\u00eda\",\"isPartOf\":{\"@id\":\"https:\\\/\\\/tuguia.combarranquilla.co\\\/Revista\\\/#website\"},\"primaryImageOfPage\":{\"@id\":\"https:\\\/\\\/tuguia.combarranquilla.co\\\/Revista\\\/el-aroma-a-libros-se-vuelve-a-sentir-en-la-unidad-boston\\\/#primaryimage\"},\"image\":{\"@id\":\"https:\\\/\\\/tuguia.combarranquilla.co\\\/Revista\\\/el-aroma-a-libros-se-vuelve-a-sentir-en-la-unidad-boston\\\/#primaryimage\"},\"thumbnailUrl\":\"https:\\\/\\\/tuguia.combarranquilla.co\\\/Revista\\\/wp-content\\\/uploads\\\/2025\\\/10\\\/Revista-Combarranquilla-1-2-scaled.jpg\",\"datePublished\":\"2025-10-01T17:00:21+00:00\",\"dateModified\":\"2025-10-14T13:43:15+00:00\",\"breadcrumb\":{\"@id\":\"https:\\\/\\\/tuguia.combarranquilla.co\\\/Revista\\\/el-aroma-a-libros-se-vuelve-a-sentir-en-la-unidad-boston\\\/#breadcrumb\"},\"inLanguage\":\"es-CO\",\"potentialAction\":[{\"@type\":\"ReadAction\",\"target\":[\"https:\\\/\\\/tuguia.combarranquilla.co\\\/Revista\\\/el-aroma-a-libros-se-vuelve-a-sentir-en-la-unidad-boston\\\/\"]}]},{\"@type\":\"ImageObject\",\"inLanguage\":\"es-CO\",\"@id\":\"https:\\\/\\\/tuguia.combarranquilla.co\\\/Revista\\\/el-aroma-a-libros-se-vuelve-a-sentir-en-la-unidad-boston\\\/#primaryimage\",\"url\":\"https:\\\/\\\/tuguia.combarranquilla.co\\\/Revista\\\/wp-content\\\/uploads\\\/2025\\\/10\\\/Revista-Combarranquilla-1-2-scaled.jpg\",\"contentUrl\":\"https:\\\/\\\/tuguia.combarranquilla.co\\\/Revista\\\/wp-content\\\/uploads\\\/2025\\\/10\\\/Revista-Combarranquilla-1-2-scaled.jpg\",\"width\":2560,\"height\":1280},{\"@type\":\"BreadcrumbList\",\"@id\":\"https:\\\/\\\/tuguia.combarranquilla.co\\\/Revista\\\/el-aroma-a-libros-se-vuelve-a-sentir-en-la-unidad-boston\\\/#breadcrumb\",\"itemListElement\":[{\"@type\":\"ListItem\",\"position\":1,\"name\":\"Inicio\",\"item\":\"https:\\\/\\\/tuguia.combarranquilla.co\\\/Revista\\\/\"},{\"@type\":\"ListItem\",\"position\":2,\"name\":\"El aroma a libros se vuelve a sentir en la Unidad Boston\"}]},{\"@type\":\"WebSite\",\"@id\":\"https:\\\/\\\/tuguia.combarranquilla.co\\\/Revista\\\/#website\",\"url\":\"https:\\\/\\\/tuguia.combarranquilla.co\\\/Revista\\\/\",\"name\":\"Tu Gu\u00eda\",\"description\":\"La revista donde lo tienes todo.\",\"publisher\":{\"@id\":\"https:\\\/\\\/tuguia.combarranquilla.co\\\/Revista\\\/#organization\"},\"alternateName\":\"Tu Gu\u00eda Combarranquilla\",\"potentialAction\":[{\"@type\":\"SearchAction\",\"target\":{\"@type\":\"EntryPoint\",\"urlTemplate\":\"https:\\\/\\\/tuguia.combarranquilla.co\\\/Revista\\\/?s={search_term_string}\"},\"query-input\":{\"@type\":\"PropertyValueSpecification\",\"valueRequired\":true,\"valueName\":\"search_term_string\"}}],\"inLanguage\":\"es-CO\"},{\"@type\":\"Organization\",\"@id\":\"https:\\\/\\\/tuguia.combarranquilla.co\\\/Revista\\\/#organization\",\"name\":\"Tu Gu\u00eda Combarranquilla\",\"url\":\"https:\\\/\\\/tuguia.combarranquilla.co\\\/Revista\\\/\",\"logo\":{\"@type\":\"ImageObject\",\"inLanguage\":\"es-CO\",\"@id\":\"https:\\\/\\\/tuguia.combarranquilla.co\\\/Revista\\\/#\\\/schema\\\/logo\\\/image\\\/\",\"url\":\"https:\\\/\\\/tuguia.combarranquilla.co\\\/Revista\\\/wp-content\\\/uploads\\\/2022\\\/02\\\/logo-guia-combarranquilla.svg\",\"contentUrl\":\"https:\\\/\\\/tuguia.combarranquilla.co\\\/Revista\\\/wp-content\\\/uploads\\\/2022\\\/02\\\/logo-guia-combarranquilla.svg\",\"caption\":\"Tu Gu\u00eda Combarranquilla\"},\"image\":{\"@id\":\"https:\\\/\\\/tuguia.combarranquilla.co\\\/Revista\\\/#\\\/schema\\\/logo\\\/image\\\/\"}},{\"@type\":\"Person\",\"@id\":\"https:\\\/\\\/tuguia.combarranquilla.co\\\/Revista\\\/#\\\/schema\\\/person\\\/c2c396a77170bd1d5f8ba73294eb0d10\",\"name\":\"Comunicaciones Combarranquilla\",\"image\":{\"@type\":\"ImageObject\",\"inLanguage\":\"es-CO\",\"@id\":\"https:\\\/\\\/tuguia.combarranquilla.co\\\/Revista\\\/wp-content\\\/uploads\\\/2025\\\/05\\\/ABC-Al-Rojo-Logo-96x96.jpg\",\"url\":\"https:\\\/\\\/tuguia.combarranquilla.co\\\/Revista\\\/wp-content\\\/uploads\\\/2025\\\/05\\\/ABC-Al-Rojo-Logo-96x96.jpg\",\"contentUrl\":\"https:\\\/\\\/tuguia.combarranquilla.co\\\/Revista\\\/wp-content\\\/uploads\\\/2025\\\/05\\\/ABC-Al-Rojo-Logo-96x96.jpg\",\"caption\":\"Comunicaciones Combarranquilla\"},\"sameAs\":[\"https:\\\/\\\/www.combarranquilla.co\"],\"url\":\"https:\\\/\\\/tuguia.combarranquilla.co\\\/Revista\\\/author\\\/comunicaciones\\\/\"}]}<\/script>\n<!-- \/ Yoast SEO plugin. -->","yoast_head_json":{"title":"El aroma a libros se vuelve a sentir en la Unidad Boston - Tu Gu\u00eda","robots":{"index":"index","follow":"follow","max-snippet":"max-snippet:-1","max-image-preview":"max-image-preview:large","max-video-preview":"max-video-preview:-1"},"canonical":"https:\/\/tuguia.combarranquilla.co\/Revista\/el-aroma-a-libros-se-vuelve-a-sentir-en-la-unidad-boston\/","og_locale":"es_ES","og_type":"article","og_title":"El aroma a libros se vuelve a sentir en la Unidad Boston - Tu Gu\u00eda","og_description":"La biblioteca de la Unidad Boston comienza a escribir su siguiente cap\u00edtulo lleno de emociones y experiencias. Desde el 25 de junio de 2024, las palabras en la Unidad Boston permanecieron en silencio, esperando su reencuentro con los lectores. El 11 de octubre, celebramos la reapertura de la biblioteca. Un espacio donde podemos encontrarnos entre [&hellip;]","og_url":"https:\/\/tuguia.combarranquilla.co\/Revista\/el-aroma-a-libros-se-vuelve-a-sentir-en-la-unidad-boston\/","og_site_name":"Tu Gu\u00eda","article_published_time":"2025-10-01T17:00:21+00:00","article_modified_time":"2025-10-14T13:43:15+00:00","og_image":[{"width":2560,"height":1280,"url":"https:\/\/tuguia.combarranquilla.co\/Revista\/wp-content\/uploads\/2025\/10\/Revista-Combarranquilla-1-2-scaled.jpg","type":"image\/jpeg"}],"author":"Comunicaciones Combarranquilla","twitter_card":"summary_large_image","twitter_misc":{"Escrito por":"Comunicaciones Combarranquilla","Tiempo de lectura":"2 minutos"},"schema":{"@context":"https:\/\/schema.org","@graph":[{"@type":"Article","@id":"https:\/\/tuguia.combarranquilla.co\/Revista\/el-aroma-a-libros-se-vuelve-a-sentir-en-la-unidad-boston\/#article","isPartOf":{"@id":"https:\/\/tuguia.combarranquilla.co\/Revista\/el-aroma-a-libros-se-vuelve-a-sentir-en-la-unidad-boston\/"},"author":{"name":"Comunicaciones Combarranquilla","@id":"https:\/\/tuguia.combarranquilla.co\/Revista\/#\/schema\/person\/c2c396a77170bd1d5f8ba73294eb0d10"},"headline":"El aroma a libros se vuelve a sentir en la Unidad Boston","datePublished":"2025-10-01T17:00:21+00:00","dateModified":"2025-10-14T13:43:15+00:00","mainEntityOfPage":{"@id":"https:\/\/tuguia.combarranquilla.co\/Revista\/el-aroma-a-libros-se-vuelve-a-sentir-en-la-unidad-boston\/"},"wordCount":224,"commentCount":0,"publisher":{"@id":"https:\/\/tuguia.combarranquilla.co\/Revista\/#organization"},"image":{"@id":"https:\/\/tuguia.combarranquilla.co\/Revista\/el-aroma-a-libros-se-vuelve-a-sentir-en-la-unidad-boston\/#primaryimage"},"thumbnailUrl":"https:\/\/tuguia.combarranquilla.co\/Revista\/wp-content\/uploads\/2025\/10\/Revista-Combarranquilla-1-2-scaled.jpg","articleSection":["CIENCIA Y CULTURA"],"inLanguage":"es-CO","potentialAction":[{"@type":"CommentAction","name":"Comment","target":["https:\/\/tuguia.combarranquilla.co\/Revista\/el-aroma-a-libros-se-vuelve-a-sentir-en-la-unidad-boston\/#respond"]}]},{"@type":"WebPage","@id":"https:\/\/tuguia.combarranquilla.co\/Revista\/el-aroma-a-libros-se-vuelve-a-sentir-en-la-unidad-boston\/","url":"https:\/\/tuguia.combarranquilla.co\/Revista\/el-aroma-a-libros-se-vuelve-a-sentir-en-la-unidad-boston\/","name":"El aroma a libros se vuelve a sentir en la Unidad Boston - Tu Gu\u00eda","isPartOf":{"@id":"https:\/\/tuguia.combarranquilla.co\/Revista\/#website"},"primaryImageOfPage":{"@id":"https:\/\/tuguia.combarranquilla.co\/Revista\/el-aroma-a-libros-se-vuelve-a-sentir-en-la-unidad-boston\/#primaryimage"},"image":{"@id":"https:\/\/tuguia.combarranquilla.co\/Revista\/el-aroma-a-libros-se-vuelve-a-sentir-en-la-unidad-boston\/#primaryimage"},"thumbnailUrl":"https:\/\/tuguia.combarranquilla.co\/Revista\/wp-content\/uploads\/2025\/10\/Revista-Combarranquilla-1-2-scaled.jpg","datePublished":"2025-10-01T17:00:21+00:00","dateModified":"2025-10-14T13:43:15+00:00","breadcrumb":{"@id":"https:\/\/tuguia.combarranquilla.co\/Revista\/el-aroma-a-libros-se-vuelve-a-sentir-en-la-unidad-boston\/#breadcrumb"},"inLanguage":"es-CO","potentialAction":[{"@type":"ReadAction","target":["https:\/\/tuguia.combarranquilla.co\/Revista\/el-aroma-a-libros-se-vuelve-a-sentir-en-la-unidad-boston\/"]}]},{"@type":"ImageObject","inLanguage":"es-CO","@id":"https:\/\/tuguia.combarranquilla.co\/Revista\/el-aroma-a-libros-se-vuelve-a-sentir-en-la-unidad-boston\/#primaryimage","url":"https:\/\/tuguia.combarranquilla.co\/Revista\/wp-content\/uploads\/2025\/10\/Revista-Combarranquilla-1-2-scaled.jpg","contentUrl":"https:\/\/tuguia.combarranquilla.co\/Revista\/wp-content\/uploads\/2025\/10\/Revista-Combarranquilla-1-2-scaled.jpg","width":2560,"height":1280},{"@type":"BreadcrumbList","@id":"https:\/\/tuguia.combarranquilla.co\/Revista\/el-aroma-a-libros-se-vuelve-a-sentir-en-la-unidad-boston\/#breadcrumb","itemListElement":[{"@type":"ListItem","position":1,"name":"Inicio","item":"https:\/\/tuguia.combarranquilla.co\/Revista\/"},{"@type":"ListItem","position":2,"name":"El aroma a libros se vuelve a sentir en la Unidad Boston"}]},{"@type":"WebSite","@id":"https:\/\/tuguia.combarranquilla.co\/Revista\/#website","url":"https:\/\/tuguia.combarranquilla.co\/Revista\/","name":"Tu Gu\u00eda","description":"La revista donde lo tienes todo.","publisher":{"@id":"https:\/\/tuguia.combarranquilla.co\/Revista\/#organization"},"alternateName":"Tu Gu\u00eda Combarranquilla","potentialAction":[{"@type":"SearchAction","target":{"@type":"EntryPoint","urlTemplate":"https:\/\/tuguia.combarranquilla.co\/Revista\/?s={search_term_string}"},"query-input":{"@type":"PropertyValueSpecification","valueRequired":true,"valueName":"search_term_string"}}],"inLanguage":"es-CO"},{"@type":"Organization","@id":"https:\/\/tuguia.combarranquilla.co\/Revista\/#organization","name":"Tu Gu\u00eda Combarranquilla","url":"https:\/\/tuguia.combarranquilla.co\/Revista\/","logo":{"@type":"ImageObject","inLanguage":"es-CO","@id":"https:\/\/tuguia.combarranquilla.co\/Revista\/#\/schema\/logo\/image\/","url":"https:\/\/tuguia.combarranquilla.co\/Revista\/wp-content\/uploads\/2022\/02\/logo-guia-combarranquilla.svg","contentUrl":"https:\/\/tuguia.combarranquilla.co\/Revista\/wp-content\/uploads\/2022\/02\/logo-guia-combarranquilla.svg","caption":"Tu Gu\u00eda Combarranquilla"},"image":{"@id":"https:\/\/tuguia.combarranquilla.co\/Revista\/#\/schema\/logo\/image\/"}},{"@type":"Person","@id":"https:\/\/tuguia.combarranquilla.co\/Revista\/#\/schema\/person\/c2c396a77170bd1d5f8ba73294eb0d10","name":"Comunicaciones Combarranquilla","image":{"@type":"ImageObject","inLanguage":"es-CO","@id":"https:\/\/tuguia.combarranquilla.co\/Revista\/wp-content\/uploads\/2025\/05\/ABC-Al-Rojo-Logo-96x96.jpg","url":"https:\/\/tuguia.combarranquilla.co\/Revista\/wp-content\/uploads\/2025\/05\/ABC-Al-Rojo-Logo-96x96.jpg","contentUrl":"https:\/\/tuguia.combarranquilla.co\/Revista\/wp-content\/uploads\/2025\/05\/ABC-Al-Rojo-Logo-96x96.jpg","caption":"Comunicaciones Combarranquilla"},"sameAs":["https:\/\/www.combarranquilla.co"],"url":"https:\/\/tuguia.combarranquilla.co\/Revista\/author\/comunicaciones\/"}]}},"_links":{"self":[{"href":"https:\/\/tuguia.combarranquilla.co\/Revista\/wp-json\/wp\/v2\/posts\/7514","targetHints":{"allow":["GET"]}}],"collection":[{"href":"https:\/\/tuguia.combarranquilla.co\/Revista\/wp-json\/wp\/v2\/posts"}],"about":[{"href":"https:\/\/tuguia.combarranquilla.co\/Revista\/wp-json\/wp\/v2\/types\/post"}],"author":[{"embeddable":true,"href":"https:\/\/tuguia.combarranquilla.co\/Revista\/wp-json\/wp\/v2\/users\/2"}],"replies":[{"embeddable":true,"href":"https:\/\/tuguia.combarranquilla.co\/Revista\/wp-json\/wp\/v2\/comments?post=7514"}],"version-history":[{"count":26,"href":"https:\/\/tuguia.combarranquilla.co\/Revista\/wp-json\/wp\/v2\/posts\/7514\/revisions"}],"predecessor-version":[{"id":7942,"href":"https:\/\/tuguia.combarranquilla.co\/Revista\/wp-json\/wp\/v2\/posts\/7514\/revisions\/7942"}],"wp:featuredmedia":[{"embeddable":true,"href":"https:\/\/tuguia.combarranquilla.co\/Revista\/wp-json\/wp\/v2\/media\/7892"}],"wp:attachment":[{"href":"https:\/\/tuguia.combarranquilla.co\/Revista\/wp-json\/wp\/v2\/media?parent=7514"}],"wp:term":[{"taxonomy":"category","embeddable":true,"href":"https:\/\/tuguia.combarranquilla.co\/Revista\/wp-json\/wp\/v2\/categories?post=7514"},{"taxonomy":"post_tag","embeddable":true,"href":"https:\/\/tuguia.combarranquilla.co\/Revista\/wp-json\/wp\/v2\/tags?post=7514"}],"curies":[{"name":"wp","href":"https:\/\/api.w.org\/{rel}","templated":true}]}}