{"id":7539,"date":"2025-09-01T07:55:52","date_gmt":"2025-09-01T12:55:52","guid":{"rendered":"https:\/\/tuguia.combarranquilla.co\/Revista\/?p=7539"},"modified":"2025-09-18T10:53:50","modified_gmt":"2025-09-18T15:53:50","slug":"en-el-gimnasio-me-encontre-otra-vez-la-historia-de-fanny-perez-como-pensionada-en-combarranquilla","status":"publish","type":"post","link":"https:\/\/tuguia.combarranquilla.co\/Revista\/en-el-gimnasio-me-encontre-otra-vez-la-historia-de-fanny-perez-como-pensionada-en-combarranquilla\/","title":{"rendered":"&#8220;En el gimnasio me encontr\u00e9 otra vez&#8221;: La historia de Fanny P\u00e9rez como pensionada en Combarranquilla"},"content":{"rendered":"\n<p><strong><em>En marzo de este a\u00f1o, Fanny P\u00e9rez culmin\u00f3 una etapa de su camino: su vida laboral. Tras 14 a\u00f1os en el Zool\u00f3gico de Barranquilla, lleg\u00f3 su momento de concentrarse en ella misma.<\/em><\/strong>&nbsp;<\/p>\n\n\n\n<p>Fanny es contadora p\u00fablica y especialista en tributaria. Alcanz\u00f3 su edad de pensi\u00f3n mientras trabajaba en&nbsp;la Fundaci\u00f3n Bot\u00e1nica y Zool\u00f3gica de Barranquilla. Al cumplir su tiempo como colaboradora, la&nbsp;empresa le permiti\u00f3 quedarse cinco a\u00f1os m\u00e1s en su cargo. &nbsp;<\/p>\n\n\n\n<p>Continu\u00f3 trabajando, como si la rutina no hubiera cambiado luego de su jubilaci\u00f3n. Pero una separaci\u00f3n inesperada en su hogar comenz\u00f3 a transformar su vida. En ese momento, el duelo se volvi\u00f3 palpable. \u201cLa verdad es que hab\u00eda&nbsp;invertido&nbsp;todo el tiempo de mi vida en sacar adelante mi hogar y en darles a mis hijos lo que necesitaran. Me puse a reflexionar y pens\u00e9 que tal vez no hab\u00eda hecho algo por m\u00ed\u201d, confiesa.&nbsp;<\/p>\n\n\n<div class=\"wp-block-image\">\n<figure class=\"aligncenter size-large is-resized\"><img decoding=\"async\" width=\"1024\" height=\"724\" data-src=\"https:\/\/tuguia.combarranquilla.co\/Revista\/wp-content\/uploads\/2025\/08\/image00018-1024x724.jpeg\" alt=\"\" class=\"wp-image-7543 lazyload\" style=\"--smush-placeholder-width: 1024px; --smush-placeholder-aspect-ratio: 1024\/724;width:694px;height:auto\" data-srcset=\"https:\/\/tuguia.combarranquilla.co\/Revista\/wp-content\/uploads\/2025\/08\/image00018-1024x724.jpeg 1024w, https:\/\/tuguia.combarranquilla.co\/Revista\/wp-content\/uploads\/2025\/08\/image00018-300x212.jpeg 300w, https:\/\/tuguia.combarranquilla.co\/Revista\/wp-content\/uploads\/2025\/08\/image00018-768x543.jpeg 768w, https:\/\/tuguia.combarranquilla.co\/Revista\/wp-content\/uploads\/2025\/08\/image00018.jpeg 1528w\" data-sizes=\"(max-width: 1024px) 100vw, 1024px\" src=\"data:image\/svg+xml;base64,PHN2ZyB3aWR0aD0iMSIgaGVpZ2h0PSIxIiB4bWxucz0iaHR0cDovL3d3dy53My5vcmcvMjAwMC9zdmciPjwvc3ZnPg==\" \/><\/figure><\/div>\n\n\n<p>Esa etapa de su historia hizo que Fanny comenzar\u00e1 a enfocarse m\u00e1s en su coraz\u00f3n. Fue entonces cuando el gimnasio apareci\u00f3 como un punto de apoyo, un lugar que se convirti\u00f3 en su compa\u00f1\u00eda. \u201cEl\u00a0gimnasio\u00a0fue mi manera de aferrarme a algo que me\u00a0motivaba\u00a0a ser. Yo me hab\u00eda perdido en mi interior, pero en el gimnasio me encontr\u00e9 otra vez\u201d.\u00a0<\/p>\n\n\n\n<p>Despu\u00e9s de trabajar durante los cinco a\u00f1os que se extendi\u00f3 su trabajo, el momento de cerrar ese cap\u00edtulo de su vida lleg\u00f3. Fanny lo hizo con serenidad, sabiendo que recibi\u00f3 lo que necesitaba y dej\u00f3 una huella imborrable. As\u00ed, su meta se hizo m\u00e1s clara: seguir creciendo como persona.&nbsp;<\/p>\n\n\n\n<p>El gimnasio nunca se fue de su lado. Hasta el d\u00eda de hoy, Fanny asiste todos los d\u00edas a la Unidad Country para encontrarse con Juan, su entrenador, quien la ayuda con sus rutinas diarias. La experiencia ha sido tan transformadora que ha notado cambios no solo f\u00edsicos, sino tambi\u00e9n emocionales. El espacio de m\u00e1quinas y rutinas pronto se transform\u00f3 en un jard\u00edn interior. \u201cPara m\u00ed fue como un renacer. Como cuando t\u00fa tienes una semillita que ya estaba seca, que se estaba muriendo, y empiezas a echarle ag\u00fcita.&nbsp;Me empec\u00e9 a llenar con&nbsp;ag\u00fcita de las rumbas, del cardio, de las pesas y empec\u00e9 a florecer. Hoy en d\u00eda me siento orgullosa con lo que veo en el espejo\u201d, dice sonriente.<\/p>\n\n\n\n<div class=\"wp-block-columns is-layout-flex wp-container-core-columns-is-layout-9d6595d7 wp-block-columns-is-layout-flex\">\n<div class=\"wp-block-column is-layout-flow wp-block-column-is-layout-flow\"><div class=\"wp-block-image\">\n<figure class=\"aligncenter size-large is-resized\"><img decoding=\"async\" width=\"924\" height=\"924\" data-src=\"https:\/\/tuguia.combarranquilla.co\/Revista\/wp-content\/uploads\/2025\/08\/WhatsApp-Image-2025-08-20-at-5.20.22-PM-1-edited.jpeg\" alt=\"\" class=\"wp-image-7548 lazyload\" style=\"--smush-placeholder-width: 924px; --smush-placeholder-aspect-ratio: 924\/924;width:440px;height:auto\" data-srcset=\"https:\/\/tuguia.combarranquilla.co\/Revista\/wp-content\/uploads\/2025\/08\/WhatsApp-Image-2025-08-20-at-5.20.22-PM-1-edited.jpeg 924w, https:\/\/tuguia.combarranquilla.co\/Revista\/wp-content\/uploads\/2025\/08\/WhatsApp-Image-2025-08-20-at-5.20.22-PM-1-edited-300x300.jpeg 300w, https:\/\/tuguia.combarranquilla.co\/Revista\/wp-content\/uploads\/2025\/08\/WhatsApp-Image-2025-08-20-at-5.20.22-PM-1-edited-150x150.jpeg 150w, https:\/\/tuguia.combarranquilla.co\/Revista\/wp-content\/uploads\/2025\/08\/WhatsApp-Image-2025-08-20-at-5.20.22-PM-1-edited-768x768.jpeg 768w\" data-sizes=\"(max-width: 924px) 100vw, 924px\" src=\"data:image\/svg+xml;base64,PHN2ZyB3aWR0aD0iMSIgaGVpZ2h0PSIxIiB4bWxucz0iaHR0cDovL3d3dy53My5vcmcvMjAwMC9zdmciPjwvc3ZnPg==\" \/><\/figure><\/div><\/div>\n<\/div>\n\n\n\n<p>Aunque actualmente Fanny vive en Puerto Colombia, nunca duda en tomar un bus hacia Barranquilla para entrenar. Siempre le preguntan por qu\u00e9 ir tan lejos solo para unas horas de gimnasio. Ella solo responde con alegr\u00eda: \u201cEl gimnasio es mi vida ahora.\u201d&nbsp;<\/p>\n\n\n\n<p>Y es que para Fanny, la jubilaci\u00f3n no es sin\u00f3nimo de final, sino de b\u00fasqueda. Muchas personas viven la pensi\u00f3n como un duelo, como un periodo para sobrepensar en lo&nbsp;que&nbsp;se pudo o no haber hecho. Pero las oportunidades para modificar esa perspectiva son muchas. Ser pensionado es el momento para sentirse vital y saludable.<\/p>\n\n\n\n<p>Convencida de la importancia de los h\u00e1bitos saludables, Fanny insiste en que no deben ser un asunto de la edad, sino de toda la vida. \u201cLos h\u00e1bitos saludables hay que mantenerlos no solamente cuando se llega a cierta edad, sino desde el comienzo. Yo dir\u00eda que desde el nacimiento uno debe inculcar en cada hijo o en cada persona buenos h\u00e1bitos, para mejorar su calidad de vida\u201d, afirma.<\/p>\n\n\n<div class=\"wp-block-image\">\n<figure class=\"aligncenter size-large is-resized\"><img decoding=\"async\" width=\"1024\" height=\"683\" data-src=\"https:\/\/tuguia.combarranquilla.co\/Revista\/wp-content\/uploads\/2025\/08\/image00001-1024x683.jpeg\" alt=\"\" class=\"wp-image-7545 lazyload\" style=\"--smush-placeholder-width: 1024px; --smush-placeholder-aspect-ratio: 1024\/683;width:718px;height:auto\" data-srcset=\"https:\/\/tuguia.combarranquilla.co\/Revista\/wp-content\/uploads\/2025\/08\/image00001-1024x683.jpeg 1024w, https:\/\/tuguia.combarranquilla.co\/Revista\/wp-content\/uploads\/2025\/08\/image00001-300x200.jpeg 300w, https:\/\/tuguia.combarranquilla.co\/Revista\/wp-content\/uploads\/2025\/08\/image00001-768x512.jpeg 768w, https:\/\/tuguia.combarranquilla.co\/Revista\/wp-content\/uploads\/2025\/08\/image00001-1536x1024.jpeg 1536w, https:\/\/tuguia.combarranquilla.co\/Revista\/wp-content\/uploads\/2025\/08\/image00001.jpeg 1620w\" data-sizes=\"(max-width: 1024px) 100vw, 1024px\" src=\"data:image\/svg+xml;base64,PHN2ZyB3aWR0aD0iMSIgaGVpZ2h0PSIxIiB4bWxucz0iaHR0cDovL3d3dy53My5vcmcvMjAwMC9zdmciPjwvc3ZnPg==\" \/><\/figure><\/div>\n\n\n<p>Por eso invita a todos los pensionados a buscar espacios como las cajas de compensaci\u00f3n, donde hay vida m\u00e1s all\u00e1 de las paredes del hogar. \u201cYo siempre me pregunt\u00e9: \u00bfqu\u00e9 voy a hacer cuando salga pensionada? Porque para m\u00ed las paredes limitan. En Combarranquilla encontr\u00e9 cientos de actividades, entre ellas capacitaciones, planes de gimnasio, eventos de recreaci\u00f3n y m\u00e1s. La realidad es que la edad es un n\u00famero, la vitalidad la ponemos nosotros\u201d, a\u00f1ade.&nbsp;<\/p>\n\n\n\n<p>En el presente, Fanny sigue floreciendo entre rutinas de cardio y risas compartidas. Su historia no es la de un cierre, sino la de una semilla que, tras a\u00f1os de espera, finalmente prosper\u00f3.<\/p>\n","protected":false},"excerpt":{"rendered":"<p>En marzo de este a\u00f1o, Fanny P\u00e9rez culmin\u00f3 una etapa de su camino: su vida laboral. Tras 14 a\u00f1os en el Zool\u00f3gico de Barranquilla, lleg\u00f3 su momento de concentrarse en ella misma.&nbsp; Fanny es contadora p\u00fablica y especialista en tributaria. Alcanz\u00f3 su edad de pensi\u00f3n mientras trabajaba en&nbsp;la Fundaci\u00f3n Bot\u00e1nica y Zool\u00f3gica de Barranquilla. Al [&hellip;]<\/p>\n","protected":false},"author":2,"featured_media":7551,"comment_status":"open","ping_status":"open","sticky":false,"template":"","format":"standard","meta":{"inline_featured_image":false,"footnotes":""},"categories":[5],"tags":[],"class_list":["post-7539","post","type-post","status-publish","format-standard","has-post-thumbnail","hentry","category-vida-saludable"],"yoast_head":"<!-- This site is optimized with the Yoast SEO plugin v27.4 - https:\/\/yoast.com\/product\/yoast-seo-wordpress\/ -->\n<title>&quot;En el gimnasio me encontr\u00e9 otra vez&quot;: La historia de Fanny P\u00e9rez como pensionada en Combarranquilla - Tu Gu\u00eda<\/title>\n<meta name=\"robots\" content=\"index, follow, max-snippet:-1, max-image-preview:large, max-video-preview:-1\" \/>\n<link rel=\"canonical\" href=\"https:\/\/tuguia.combarranquilla.co\/Revista\/en-el-gimnasio-me-encontre-otra-vez-la-historia-de-fanny-perez-como-pensionada-en-combarranquilla\/\" \/>\n<meta property=\"og:locale\" content=\"es_ES\" \/>\n<meta property=\"og:type\" content=\"article\" \/>\n<meta property=\"og:title\" content=\"&quot;En el gimnasio me encontr\u00e9 otra vez&quot;: La historia de Fanny P\u00e9rez como pensionada en Combarranquilla - Tu Gu\u00eda\" \/>\n<meta property=\"og:description\" content=\"En marzo de este a\u00f1o, Fanny P\u00e9rez culmin\u00f3 una etapa de su camino: su vida laboral. Tras 14 a\u00f1os en el Zool\u00f3gico de Barranquilla, lleg\u00f3 su momento de concentrarse en ella misma.&nbsp; Fanny es contadora p\u00fablica y especialista en tributaria. Alcanz\u00f3 su edad de pensi\u00f3n mientras trabajaba en&nbsp;la Fundaci\u00f3n Bot\u00e1nica y Zool\u00f3gica de Barranquilla. Al [&hellip;]\" \/>\n<meta property=\"og:url\" content=\"https:\/\/tuguia.combarranquilla.co\/Revista\/en-el-gimnasio-me-encontre-otra-vez-la-historia-de-fanny-perez-como-pensionada-en-combarranquilla\/\" \/>\n<meta property=\"og:site_name\" content=\"Tu Gu\u00eda\" \/>\n<meta property=\"article:published_time\" content=\"2025-09-01T12:55:52+00:00\" \/>\n<meta property=\"article:modified_time\" content=\"2025-09-18T15:53:50+00:00\" \/>\n<meta property=\"og:image\" content=\"https:\/\/tuguia.combarranquilla.co\/Revista\/wp-content\/uploads\/2025\/08\/Revista-Combarranquilla-5-1024x512.png\" \/>\n\t<meta property=\"og:image:width\" content=\"1024\" \/>\n\t<meta property=\"og:image:height\" content=\"512\" \/>\n\t<meta property=\"og:image:type\" content=\"image\/png\" \/>\n<meta name=\"author\" content=\"Comunicaciones Combarranquilla\" \/>\n<meta name=\"twitter:card\" content=\"summary_large_image\" \/>\n<meta name=\"twitter:label1\" content=\"Escrito por\" \/>\n\t<meta name=\"twitter:data1\" content=\"Comunicaciones Combarranquilla\" \/>\n\t<meta name=\"twitter:label2\" content=\"Tiempo de lectura\" \/>\n\t<meta name=\"twitter:data2\" content=\"1 minuto\" \/>\n<script type=\"application\/ld+json\" class=\"yoast-schema-graph\">{\"@context\":\"https:\\\/\\\/schema.org\",\"@graph\":[{\"@type\":\"Article\",\"@id\":\"https:\\\/\\\/tuguia.combarranquilla.co\\\/Revista\\\/en-el-gimnasio-me-encontre-otra-vez-la-historia-de-fanny-perez-como-pensionada-en-combarranquilla\\\/#article\",\"isPartOf\":{\"@id\":\"https:\\\/\\\/tuguia.combarranquilla.co\\\/Revista\\\/en-el-gimnasio-me-encontre-otra-vez-la-historia-de-fanny-perez-como-pensionada-en-combarranquilla\\\/\"},\"author\":{\"name\":\"Comunicaciones Combarranquilla\",\"@id\":\"https:\\\/\\\/tuguia.combarranquilla.co\\\/Revista\\\/#\\\/schema\\\/person\\\/c2c396a77170bd1d5f8ba73294eb0d10\"},\"headline\":\"&#8220;En el gimnasio me encontr\u00e9 otra vez&#8221;: La historia de Fanny P\u00e9rez como pensionada en Combarranquilla\",\"datePublished\":\"2025-09-01T12:55:52+00:00\",\"dateModified\":\"2025-09-18T15:53:50+00:00\",\"mainEntityOfPage\":{\"@id\":\"https:\\\/\\\/tuguia.combarranquilla.co\\\/Revista\\\/en-el-gimnasio-me-encontre-otra-vez-la-historia-de-fanny-perez-como-pensionada-en-combarranquilla\\\/\"},\"wordCount\":732,\"commentCount\":0,\"publisher\":{\"@id\":\"https:\\\/\\\/tuguia.combarranquilla.co\\\/Revista\\\/#organization\"},\"image\":{\"@id\":\"https:\\\/\\\/tuguia.combarranquilla.co\\\/Revista\\\/en-el-gimnasio-me-encontre-otra-vez-la-historia-de-fanny-perez-como-pensionada-en-combarranquilla\\\/#primaryimage\"},\"thumbnailUrl\":\"https:\\\/\\\/tuguia.combarranquilla.co\\\/Revista\\\/wp-content\\\/uploads\\\/2025\\\/08\\\/Revista-Combarranquilla-5-scaled.png\",\"articleSection\":[\"VIDA SALUDABLE\"],\"inLanguage\":\"es-CO\",\"potentialAction\":[{\"@type\":\"CommentAction\",\"name\":\"Comment\",\"target\":[\"https:\\\/\\\/tuguia.combarranquilla.co\\\/Revista\\\/en-el-gimnasio-me-encontre-otra-vez-la-historia-de-fanny-perez-como-pensionada-en-combarranquilla\\\/#respond\"]}]},{\"@type\":\"WebPage\",\"@id\":\"https:\\\/\\\/tuguia.combarranquilla.co\\\/Revista\\\/en-el-gimnasio-me-encontre-otra-vez-la-historia-de-fanny-perez-como-pensionada-en-combarranquilla\\\/\",\"url\":\"https:\\\/\\\/tuguia.combarranquilla.co\\\/Revista\\\/en-el-gimnasio-me-encontre-otra-vez-la-historia-de-fanny-perez-como-pensionada-en-combarranquilla\\\/\",\"name\":\"\\\"En el gimnasio me encontr\u00e9 otra vez\\\": La historia de Fanny P\u00e9rez como pensionada en Combarranquilla - Tu Gu\u00eda\",\"isPartOf\":{\"@id\":\"https:\\\/\\\/tuguia.combarranquilla.co\\\/Revista\\\/#website\"},\"primaryImageOfPage\":{\"@id\":\"https:\\\/\\\/tuguia.combarranquilla.co\\\/Revista\\\/en-el-gimnasio-me-encontre-otra-vez-la-historia-de-fanny-perez-como-pensionada-en-combarranquilla\\\/#primaryimage\"},\"image\":{\"@id\":\"https:\\\/\\\/tuguia.combarranquilla.co\\\/Revista\\\/en-el-gimnasio-me-encontre-otra-vez-la-historia-de-fanny-perez-como-pensionada-en-combarranquilla\\\/#primaryimage\"},\"thumbnailUrl\":\"https:\\\/\\\/tuguia.combarranquilla.co\\\/Revista\\\/wp-content\\\/uploads\\\/2025\\\/08\\\/Revista-Combarranquilla-5-scaled.png\",\"datePublished\":\"2025-09-01T12:55:52+00:00\",\"dateModified\":\"2025-09-18T15:53:50+00:00\",\"breadcrumb\":{\"@id\":\"https:\\\/\\\/tuguia.combarranquilla.co\\\/Revista\\\/en-el-gimnasio-me-encontre-otra-vez-la-historia-de-fanny-perez-como-pensionada-en-combarranquilla\\\/#breadcrumb\"},\"inLanguage\":\"es-CO\",\"potentialAction\":[{\"@type\":\"ReadAction\",\"target\":[\"https:\\\/\\\/tuguia.combarranquilla.co\\\/Revista\\\/en-el-gimnasio-me-encontre-otra-vez-la-historia-de-fanny-perez-como-pensionada-en-combarranquilla\\\/\"]}]},{\"@type\":\"ImageObject\",\"inLanguage\":\"es-CO\",\"@id\":\"https:\\\/\\\/tuguia.combarranquilla.co\\\/Revista\\\/en-el-gimnasio-me-encontre-otra-vez-la-historia-de-fanny-perez-como-pensionada-en-combarranquilla\\\/#primaryimage\",\"url\":\"https:\\\/\\\/tuguia.combarranquilla.co\\\/Revista\\\/wp-content\\\/uploads\\\/2025\\\/08\\\/Revista-Combarranquilla-5-scaled.png\",\"contentUrl\":\"https:\\\/\\\/tuguia.combarranquilla.co\\\/Revista\\\/wp-content\\\/uploads\\\/2025\\\/08\\\/Revista-Combarranquilla-5-scaled.png\",\"width\":2560,\"height\":1280},{\"@type\":\"BreadcrumbList\",\"@id\":\"https:\\\/\\\/tuguia.combarranquilla.co\\\/Revista\\\/en-el-gimnasio-me-encontre-otra-vez-la-historia-de-fanny-perez-como-pensionada-en-combarranquilla\\\/#breadcrumb\",\"itemListElement\":[{\"@type\":\"ListItem\",\"position\":1,\"name\":\"Inicio\",\"item\":\"https:\\\/\\\/tuguia.combarranquilla.co\\\/Revista\\\/\"},{\"@type\":\"ListItem\",\"position\":2,\"name\":\"&#8220;En el gimnasio me encontr\u00e9 otra vez&#8221;: La historia de Fanny P\u00e9rez como pensionada en Combarranquilla\"}]},{\"@type\":\"WebSite\",\"@id\":\"https:\\\/\\\/tuguia.combarranquilla.co\\\/Revista\\\/#website\",\"url\":\"https:\\\/\\\/tuguia.combarranquilla.co\\\/Revista\\\/\",\"name\":\"Tu Gu\u00eda\",\"description\":\"La revista donde lo tienes todo.\",\"publisher\":{\"@id\":\"https:\\\/\\\/tuguia.combarranquilla.co\\\/Revista\\\/#organization\"},\"alternateName\":\"Tu Gu\u00eda Combarranquilla\",\"potentialAction\":[{\"@type\":\"SearchAction\",\"target\":{\"@type\":\"EntryPoint\",\"urlTemplate\":\"https:\\\/\\\/tuguia.combarranquilla.co\\\/Revista\\\/?s={search_term_string}\"},\"query-input\":{\"@type\":\"PropertyValueSpecification\",\"valueRequired\":true,\"valueName\":\"search_term_string\"}}],\"inLanguage\":\"es-CO\"},{\"@type\":\"Organization\",\"@id\":\"https:\\\/\\\/tuguia.combarranquilla.co\\\/Revista\\\/#organization\",\"name\":\"Tu Gu\u00eda Combarranquilla\",\"url\":\"https:\\\/\\\/tuguia.combarranquilla.co\\\/Revista\\\/\",\"logo\":{\"@type\":\"ImageObject\",\"inLanguage\":\"es-CO\",\"@id\":\"https:\\\/\\\/tuguia.combarranquilla.co\\\/Revista\\\/#\\\/schema\\\/logo\\\/image\\\/\",\"url\":\"https:\\\/\\\/tuguia.combarranquilla.co\\\/Revista\\\/wp-content\\\/uploads\\\/2022\\\/02\\\/logo-guia-combarranquilla.svg\",\"contentUrl\":\"https:\\\/\\\/tuguia.combarranquilla.co\\\/Revista\\\/wp-content\\\/uploads\\\/2022\\\/02\\\/logo-guia-combarranquilla.svg\",\"caption\":\"Tu Gu\u00eda Combarranquilla\"},\"image\":{\"@id\":\"https:\\\/\\\/tuguia.combarranquilla.co\\\/Revista\\\/#\\\/schema\\\/logo\\\/image\\\/\"}},{\"@type\":\"Person\",\"@id\":\"https:\\\/\\\/tuguia.combarranquilla.co\\\/Revista\\\/#\\\/schema\\\/person\\\/c2c396a77170bd1d5f8ba73294eb0d10\",\"name\":\"Comunicaciones Combarranquilla\",\"image\":{\"@type\":\"ImageObject\",\"inLanguage\":\"es-CO\",\"@id\":\"https:\\\/\\\/tuguia.combarranquilla.co\\\/Revista\\\/wp-content\\\/uploads\\\/2025\\\/05\\\/ABC-Al-Rojo-Logo-96x96.jpg\",\"url\":\"https:\\\/\\\/tuguia.combarranquilla.co\\\/Revista\\\/wp-content\\\/uploads\\\/2025\\\/05\\\/ABC-Al-Rojo-Logo-96x96.jpg\",\"contentUrl\":\"https:\\\/\\\/tuguia.combarranquilla.co\\\/Revista\\\/wp-content\\\/uploads\\\/2025\\\/05\\\/ABC-Al-Rojo-Logo-96x96.jpg\",\"caption\":\"Comunicaciones Combarranquilla\"},\"sameAs\":[\"https:\\\/\\\/www.combarranquilla.co\"],\"url\":\"https:\\\/\\\/tuguia.combarranquilla.co\\\/Revista\\\/author\\\/comunicaciones\\\/\"}]}<\/script>\n<!-- \/ Yoast SEO plugin. -->","yoast_head_json":{"title":"\"En el gimnasio me encontr\u00e9 otra vez\": La historia de Fanny P\u00e9rez como pensionada en Combarranquilla - Tu Gu\u00eda","robots":{"index":"index","follow":"follow","max-snippet":"max-snippet:-1","max-image-preview":"max-image-preview:large","max-video-preview":"max-video-preview:-1"},"canonical":"https:\/\/tuguia.combarranquilla.co\/Revista\/en-el-gimnasio-me-encontre-otra-vez-la-historia-de-fanny-perez-como-pensionada-en-combarranquilla\/","og_locale":"es_ES","og_type":"article","og_title":"\"En el gimnasio me encontr\u00e9 otra vez\": La historia de Fanny P\u00e9rez como pensionada en Combarranquilla - Tu Gu\u00eda","og_description":"En marzo de este a\u00f1o, Fanny P\u00e9rez culmin\u00f3 una etapa de su camino: su vida laboral. Tras 14 a\u00f1os en el Zool\u00f3gico de Barranquilla, lleg\u00f3 su momento de concentrarse en ella misma.&nbsp; Fanny es contadora p\u00fablica y especialista en tributaria. Alcanz\u00f3 su edad de pensi\u00f3n mientras trabajaba en&nbsp;la Fundaci\u00f3n Bot\u00e1nica y Zool\u00f3gica de Barranquilla. Al [&hellip;]","og_url":"https:\/\/tuguia.combarranquilla.co\/Revista\/en-el-gimnasio-me-encontre-otra-vez-la-historia-de-fanny-perez-como-pensionada-en-combarranquilla\/","og_site_name":"Tu Gu\u00eda","article_published_time":"2025-09-01T12:55:52+00:00","article_modified_time":"2025-09-18T15:53:50+00:00","og_image":[{"width":1024,"height":512,"url":"https:\/\/tuguia.combarranquilla.co\/Revista\/wp-content\/uploads\/2025\/08\/Revista-Combarranquilla-5-1024x512.png","type":"image\/png"}],"author":"Comunicaciones Combarranquilla","twitter_card":"summary_large_image","twitter_misc":{"Escrito por":"Comunicaciones Combarranquilla","Tiempo de lectura":"1 minuto"},"schema":{"@context":"https:\/\/schema.org","@graph":[{"@type":"Article","@id":"https:\/\/tuguia.combarranquilla.co\/Revista\/en-el-gimnasio-me-encontre-otra-vez-la-historia-de-fanny-perez-como-pensionada-en-combarranquilla\/#article","isPartOf":{"@id":"https:\/\/tuguia.combarranquilla.co\/Revista\/en-el-gimnasio-me-encontre-otra-vez-la-historia-de-fanny-perez-como-pensionada-en-combarranquilla\/"},"author":{"name":"Comunicaciones Combarranquilla","@id":"https:\/\/tuguia.combarranquilla.co\/Revista\/#\/schema\/person\/c2c396a77170bd1d5f8ba73294eb0d10"},"headline":"&#8220;En el gimnasio me encontr\u00e9 otra vez&#8221;: La historia de Fanny P\u00e9rez como pensionada en Combarranquilla","datePublished":"2025-09-01T12:55:52+00:00","dateModified":"2025-09-18T15:53:50+00:00","mainEntityOfPage":{"@id":"https:\/\/tuguia.combarranquilla.co\/Revista\/en-el-gimnasio-me-encontre-otra-vez-la-historia-de-fanny-perez-como-pensionada-en-combarranquilla\/"},"wordCount":732,"commentCount":0,"publisher":{"@id":"https:\/\/tuguia.combarranquilla.co\/Revista\/#organization"},"image":{"@id":"https:\/\/tuguia.combarranquilla.co\/Revista\/en-el-gimnasio-me-encontre-otra-vez-la-historia-de-fanny-perez-como-pensionada-en-combarranquilla\/#primaryimage"},"thumbnailUrl":"https:\/\/tuguia.combarranquilla.co\/Revista\/wp-content\/uploads\/2025\/08\/Revista-Combarranquilla-5-scaled.png","articleSection":["VIDA SALUDABLE"],"inLanguage":"es-CO","potentialAction":[{"@type":"CommentAction","name":"Comment","target":["https:\/\/tuguia.combarranquilla.co\/Revista\/en-el-gimnasio-me-encontre-otra-vez-la-historia-de-fanny-perez-como-pensionada-en-combarranquilla\/#respond"]}]},{"@type":"WebPage","@id":"https:\/\/tuguia.combarranquilla.co\/Revista\/en-el-gimnasio-me-encontre-otra-vez-la-historia-de-fanny-perez-como-pensionada-en-combarranquilla\/","url":"https:\/\/tuguia.combarranquilla.co\/Revista\/en-el-gimnasio-me-encontre-otra-vez-la-historia-de-fanny-perez-como-pensionada-en-combarranquilla\/","name":"\"En el gimnasio me encontr\u00e9 otra vez\": La historia de Fanny P\u00e9rez como pensionada en Combarranquilla - Tu Gu\u00eda","isPartOf":{"@id":"https:\/\/tuguia.combarranquilla.co\/Revista\/#website"},"primaryImageOfPage":{"@id":"https:\/\/tuguia.combarranquilla.co\/Revista\/en-el-gimnasio-me-encontre-otra-vez-la-historia-de-fanny-perez-como-pensionada-en-combarranquilla\/#primaryimage"},"image":{"@id":"https:\/\/tuguia.combarranquilla.co\/Revista\/en-el-gimnasio-me-encontre-otra-vez-la-historia-de-fanny-perez-como-pensionada-en-combarranquilla\/#primaryimage"},"thumbnailUrl":"https:\/\/tuguia.combarranquilla.co\/Revista\/wp-content\/uploads\/2025\/08\/Revista-Combarranquilla-5-scaled.png","datePublished":"2025-09-01T12:55:52+00:00","dateModified":"2025-09-18T15:53:50+00:00","breadcrumb":{"@id":"https:\/\/tuguia.combarranquilla.co\/Revista\/en-el-gimnasio-me-encontre-otra-vez-la-historia-de-fanny-perez-como-pensionada-en-combarranquilla\/#breadcrumb"},"inLanguage":"es-CO","potentialAction":[{"@type":"ReadAction","target":["https:\/\/tuguia.combarranquilla.co\/Revista\/en-el-gimnasio-me-encontre-otra-vez-la-historia-de-fanny-perez-como-pensionada-en-combarranquilla\/"]}]},{"@type":"ImageObject","inLanguage":"es-CO","@id":"https:\/\/tuguia.combarranquilla.co\/Revista\/en-el-gimnasio-me-encontre-otra-vez-la-historia-de-fanny-perez-como-pensionada-en-combarranquilla\/#primaryimage","url":"https:\/\/tuguia.combarranquilla.co\/Revista\/wp-content\/uploads\/2025\/08\/Revista-Combarranquilla-5-scaled.png","contentUrl":"https:\/\/tuguia.combarranquilla.co\/Revista\/wp-content\/uploads\/2025\/08\/Revista-Combarranquilla-5-scaled.png","width":2560,"height":1280},{"@type":"BreadcrumbList","@id":"https:\/\/tuguia.combarranquilla.co\/Revista\/en-el-gimnasio-me-encontre-otra-vez-la-historia-de-fanny-perez-como-pensionada-en-combarranquilla\/#breadcrumb","itemListElement":[{"@type":"ListItem","position":1,"name":"Inicio","item":"https:\/\/tuguia.combarranquilla.co\/Revista\/"},{"@type":"ListItem","position":2,"name":"&#8220;En el gimnasio me encontr\u00e9 otra vez&#8221;: La historia de Fanny P\u00e9rez como pensionada en Combarranquilla"}]},{"@type":"WebSite","@id":"https:\/\/tuguia.combarranquilla.co\/Revista\/#website","url":"https:\/\/tuguia.combarranquilla.co\/Revista\/","name":"Tu Gu\u00eda","description":"La revista donde lo tienes todo.","publisher":{"@id":"https:\/\/tuguia.combarranquilla.co\/Revista\/#organization"},"alternateName":"Tu Gu\u00eda Combarranquilla","potentialAction":[{"@type":"SearchAction","target":{"@type":"EntryPoint","urlTemplate":"https:\/\/tuguia.combarranquilla.co\/Revista\/?s={search_term_string}"},"query-input":{"@type":"PropertyValueSpecification","valueRequired":true,"valueName":"search_term_string"}}],"inLanguage":"es-CO"},{"@type":"Organization","@id":"https:\/\/tuguia.combarranquilla.co\/Revista\/#organization","name":"Tu Gu\u00eda Combarranquilla","url":"https:\/\/tuguia.combarranquilla.co\/Revista\/","logo":{"@type":"ImageObject","inLanguage":"es-CO","@id":"https:\/\/tuguia.combarranquilla.co\/Revista\/#\/schema\/logo\/image\/","url":"https:\/\/tuguia.combarranquilla.co\/Revista\/wp-content\/uploads\/2022\/02\/logo-guia-combarranquilla.svg","contentUrl":"https:\/\/tuguia.combarranquilla.co\/Revista\/wp-content\/uploads\/2022\/02\/logo-guia-combarranquilla.svg","caption":"Tu Gu\u00eda Combarranquilla"},"image":{"@id":"https:\/\/tuguia.combarranquilla.co\/Revista\/#\/schema\/logo\/image\/"}},{"@type":"Person","@id":"https:\/\/tuguia.combarranquilla.co\/Revista\/#\/schema\/person\/c2c396a77170bd1d5f8ba73294eb0d10","name":"Comunicaciones Combarranquilla","image":{"@type":"ImageObject","inLanguage":"es-CO","@id":"https:\/\/tuguia.combarranquilla.co\/Revista\/wp-content\/uploads\/2025\/05\/ABC-Al-Rojo-Logo-96x96.jpg","url":"https:\/\/tuguia.combarranquilla.co\/Revista\/wp-content\/uploads\/2025\/05\/ABC-Al-Rojo-Logo-96x96.jpg","contentUrl":"https:\/\/tuguia.combarranquilla.co\/Revista\/wp-content\/uploads\/2025\/05\/ABC-Al-Rojo-Logo-96x96.jpg","caption":"Comunicaciones Combarranquilla"},"sameAs":["https:\/\/www.combarranquilla.co"],"url":"https:\/\/tuguia.combarranquilla.co\/Revista\/author\/comunicaciones\/"}]}},"_links":{"self":[{"href":"https:\/\/tuguia.combarranquilla.co\/Revista\/wp-json\/wp\/v2\/posts\/7539","targetHints":{"allow":["GET"]}}],"collection":[{"href":"https:\/\/tuguia.combarranquilla.co\/Revista\/wp-json\/wp\/v2\/posts"}],"about":[{"href":"https:\/\/tuguia.combarranquilla.co\/Revista\/wp-json\/wp\/v2\/types\/post"}],"author":[{"embeddable":true,"href":"https:\/\/tuguia.combarranquilla.co\/Revista\/wp-json\/wp\/v2\/users\/2"}],"replies":[{"embeddable":true,"href":"https:\/\/tuguia.combarranquilla.co\/Revista\/wp-json\/wp\/v2\/comments?post=7539"}],"version-history":[{"count":19,"href":"https:\/\/tuguia.combarranquilla.co\/Revista\/wp-json\/wp\/v2\/posts\/7539\/revisions"}],"predecessor-version":[{"id":7759,"href":"https:\/\/tuguia.combarranquilla.co\/Revista\/wp-json\/wp\/v2\/posts\/7539\/revisions\/7759"}],"wp:featuredmedia":[{"embeddable":true,"href":"https:\/\/tuguia.combarranquilla.co\/Revista\/wp-json\/wp\/v2\/media\/7551"}],"wp:attachment":[{"href":"https:\/\/tuguia.combarranquilla.co\/Revista\/wp-json\/wp\/v2\/media?parent=7539"}],"wp:term":[{"taxonomy":"category","embeddable":true,"href":"https:\/\/tuguia.combarranquilla.co\/Revista\/wp-json\/wp\/v2\/categories?post=7539"},{"taxonomy":"post_tag","embeddable":true,"href":"https:\/\/tuguia.combarranquilla.co\/Revista\/wp-json\/wp\/v2\/tags?post=7539"}],"curies":[{"name":"wp","href":"https:\/\/api.w.org\/{rel}","templated":true}]}}