{"id":7557,"date":"2025-09-01T07:55:07","date_gmt":"2025-09-01T12:55:07","guid":{"rendered":"https:\/\/tuguia.combarranquilla.co\/Revista\/?p=7557"},"modified":"2026-01-15T10:23:56","modified_gmt":"2026-01-15T15:23:56","slug":"dias-de-experiencias-y-aprendizajes-con-el-programa-jornada-escolar-complementaria-jec","status":"publish","type":"post","link":"https:\/\/tuguia.combarranquilla.co\/Revista\/dias-de-experiencias-y-aprendizajes-con-el-programa-jornada-escolar-complementaria-jec\/","title":{"rendered":"D\u00edas de experiencias y aprendizajes con nuestros programas sociales"},"content":{"rendered":"\n<p>El programa JEC nace en Combarranquilla con el objetivo de fortalecer la permanencia en el sistema educativo y brindar a los estudiantes espacios de aprendizaje m\u00e1s all\u00e1 de las aulas. Es una iniciativa social que enriquece la formaci\u00f3n acad\u00e9mica con experiencias art\u00edsticas, deportivas, medioambientales y tecnol\u00f3gicas.&nbsp;<\/p>\n\n\n\n<p>La propuesta comprende una variada oferta de actividades que despiertan talentos y motivaciones en diferentes \u00e1reas:&nbsp;<\/p>\n\n\n\n<div class=\"wp-block-group is-vertical is-layout-flex wp-container-core-group-is-layout-8cf370e7 wp-block-group-is-layout-flex\">\n<ul class=\"wp-block-list\">\n<li><strong>Formaci\u00f3n art\u00edstica y cultural:<\/strong> danza folcl\u00f3rica, clases de baile, manualidades y m\u00fasica tradicional.\u00a0<\/li>\n<\/ul>\n\n\n\n<ul class=\"wp-block-list\">\n<li><strong>Exploraci\u00f3n cient\u00edfica y tecnol\u00f3gica:<\/strong> talleres te\u00f3ricos y pr\u00e1cticos sobre ciencia y rob\u00f3tica divertida.\u00a0<\/li>\n<\/ul>\n\n\n\n<ul class=\"wp-block-list\">\n<li><strong>Biling\u00fcismo:<\/strong> aprendizaje b\u00e1sico del ingl\u00e9s como segunda lengua.\u00a0<\/li>\n<\/ul>\n\n\n\n<ul class=\"wp-block-list\">\n<li><strong>Formaci\u00f3n deportiva:<\/strong> actividades de acondicionamiento f\u00edsico, como atletismo y f\u00fatbol.\u00a0<\/li>\n<\/ul>\n\n\n\n<ul class=\"wp-block-list\">\n<li><strong>Creaci\u00f3n literaria:<\/strong> escritura de diferentes g\u00e9neros literarios.\u00a0<\/li>\n<\/ul>\n<\/div>\n\n\n\n<p><\/p>\n\n\n\n<div class=\"wp-block-columns is-layout-flex wp-container-core-columns-is-layout-9d6595d7 wp-block-columns-is-layout-flex\">\n<div class=\"wp-block-column is-layout-flow wp-block-column-is-layout-flow\">\n<figure class=\"wp-block-image size-large\"><img decoding=\"async\" width=\"1024\" height=\"683\" data-src=\"https:\/\/tuguia.combarranquilla.co\/Revista\/wp-content\/uploads\/2025\/08\/DSC_0723-1024x683.jpg\" alt=\"\" class=\"wp-image-7567 lazyload\" data-srcset=\"https:\/\/tuguia.combarranquilla.co\/Revista\/wp-content\/uploads\/2025\/08\/DSC_0723-1024x683.jpg 1024w, https:\/\/tuguia.combarranquilla.co\/Revista\/wp-content\/uploads\/2025\/08\/DSC_0723-300x200.jpg 300w, https:\/\/tuguia.combarranquilla.co\/Revista\/wp-content\/uploads\/2025\/08\/DSC_0723-768x512.jpg 768w, https:\/\/tuguia.combarranquilla.co\/Revista\/wp-content\/uploads\/2025\/08\/DSC_0723-1536x1024.jpg 1536w, https:\/\/tuguia.combarranquilla.co\/Revista\/wp-content\/uploads\/2025\/08\/DSC_0723-2048x1365.jpg 2048w\" data-sizes=\"(max-width: 1024px) 100vw, 1024px\" src=\"data:image\/svg+xml;base64,PHN2ZyB3aWR0aD0iMSIgaGVpZ2h0PSIxIiB4bWxucz0iaHR0cDovL3d3dy53My5vcmcvMjAwMC9zdmciPjwvc3ZnPg==\" style=\"--smush-placeholder-width: 1024px; --smush-placeholder-aspect-ratio: 1024\/683;\" \/><\/figure>\n<\/div>\n\n\n\n<div class=\"wp-block-column is-layout-flow wp-block-column-is-layout-flow\">\n<figure class=\"wp-block-image size-large\"><img decoding=\"async\" width=\"1024\" height=\"683\" data-src=\"https:\/\/tuguia.combarranquilla.co\/Revista\/wp-content\/uploads\/2025\/08\/DSC_0737-1024x683.jpg\" alt=\"\" class=\"wp-image-7566 lazyload\" data-srcset=\"https:\/\/tuguia.combarranquilla.co\/Revista\/wp-content\/uploads\/2025\/08\/DSC_0737-1024x683.jpg 1024w, https:\/\/tuguia.combarranquilla.co\/Revista\/wp-content\/uploads\/2025\/08\/DSC_0737-300x200.jpg 300w, https:\/\/tuguia.combarranquilla.co\/Revista\/wp-content\/uploads\/2025\/08\/DSC_0737-768x512.jpg 768w, https:\/\/tuguia.combarranquilla.co\/Revista\/wp-content\/uploads\/2025\/08\/DSC_0737-1536x1024.jpg 1536w, https:\/\/tuguia.combarranquilla.co\/Revista\/wp-content\/uploads\/2025\/08\/DSC_0737-2048x1365.jpg 2048w\" data-sizes=\"(max-width: 1024px) 100vw, 1024px\" src=\"data:image\/svg+xml;base64,PHN2ZyB3aWR0aD0iMSIgaGVpZ2h0PSIxIiB4bWxucz0iaHR0cDovL3d3dy53My5vcmcvMjAwMC9zdmciPjwvc3ZnPg==\" style=\"--smush-placeholder-width: 1024px; --smush-placeholder-aspect-ratio: 1024\/683;\" \/><\/figure>\n<\/div>\n<\/div>\n\n\n\n<h2 class=\"wp-block-heading has-medium-font-size\"><strong>Atenci\u00f3n Integral a la Primera Infancia (AIPI)<\/strong>&nbsp;<\/h2>\n\n\n\n<p>El programa AIPI se suma al programa JEC para fortalecer el desarrollo de los m\u00e1s peque\u00f1os, a trav\u00e9s de tres l\u00edneas de acci\u00f3n:&nbsp;<\/p>\n\n\n\n<div class=\"wp-block-group is-vertical is-layout-flex wp-container-core-group-is-layout-8cf370e7 wp-block-group-is-layout-flex\">\n<ol start=\"1\" class=\"wp-block-list\">\n<li><strong>Atenci\u00f3n psicosocial:<\/strong> dirigida a ni\u00f1os de prejard\u00edn, jard\u00edn y transici\u00f3n. Busca garantizar la adaptaci\u00f3n al entorno escolar y familiar.\u00a0<\/li>\n<\/ol>\n\n\n\n<ol start=\"2\" class=\"wp-block-list\">\n<li><strong>Atenci\u00f3n pedag\u00f3gica:<\/strong> se desarrolla mediante actividades rectoras y proyectos como \u201cMis primeros pasos literarios\u201d, \u201cDescubro jugando\u201d, \u201cPeque\u00f1os artistas en acci\u00f3n\u201d y \u201cPeque\u00f1os guardianes del planeta\u201d.\u00a0<\/li>\n<\/ol>\n\n\n\n<ol start=\"3\" class=\"wp-block-list\">\n<li><strong>Atenci\u00f3n nutricional:<\/strong> incluye el seguimiento peri\u00f3dico al peso y la talla de los beneficiarios, para prevenir la malnutrici\u00f3n y promover h\u00e1bitos alimenticios adecuados.<\/li>\n<\/ol>\n<\/div>\n\n\n\n<p><\/p>\n\n\n\n<p>A trav\u00e9s de estos programas sociales, Combarranquilla reafirma su compromiso con la educaci\u00f3n de calidad. Estos recursos son herramientas esenciales que contribuyen a la formaci\u00f3n de una sociedad m\u00e1s justa y equitativa. Se les dan oportunidades de bienestar integral a los&nbsp;ni\u00f1os, ni\u00f1as&nbsp;y j\u00f3venes de la regi\u00f3n.&nbsp;<\/p>\n","protected":false},"excerpt":{"rendered":"<p>El programa JEC nace en Combarranquilla con el objetivo de fortalecer la permanencia en el sistema educativo y brindar a los estudiantes espacios de aprendizaje m\u00e1s all\u00e1 de las aulas. Es una iniciativa social que enriquece la formaci\u00f3n acad\u00e9mica con experiencias art\u00edsticas, deportivas, medioambientales y tecnol\u00f3gicas.&nbsp; La propuesta comprende una variada oferta de actividades que [&hellip;]<\/p>\n","protected":false},"author":2,"featured_media":7558,"comment_status":"open","ping_status":"open","sticky":false,"template":"","format":"standard","meta":{"inline_featured_image":false,"footnotes":""},"categories":[8],"tags":[],"class_list":["post-7557","post","type-post","status-publish","format-standard","has-post-thumbnail","hentry","category-formacion"],"yoast_head":"<!-- This site is optimized with the Yoast SEO plugin v27.4 - https:\/\/yoast.com\/product\/yoast-seo-wordpress\/ -->\n<title>D\u00edas de experiencias y aprendizajes con nuestros programas sociales - Tu Gu\u00eda<\/title>\n<meta name=\"robots\" content=\"index, follow, max-snippet:-1, max-image-preview:large, max-video-preview:-1\" \/>\n<link rel=\"canonical\" href=\"https:\/\/tuguia.combarranquilla.co\/Revista\/dias-de-experiencias-y-aprendizajes-con-el-programa-jornada-escolar-complementaria-jec\/\" \/>\n<meta property=\"og:locale\" content=\"es_ES\" \/>\n<meta property=\"og:type\" content=\"article\" \/>\n<meta property=\"og:title\" content=\"D\u00edas de experiencias y aprendizajes con nuestros programas sociales - Tu Gu\u00eda\" \/>\n<meta property=\"og:description\" content=\"El programa JEC nace en Combarranquilla con el objetivo de fortalecer la permanencia en el sistema educativo y brindar a los estudiantes espacios de aprendizaje m\u00e1s all\u00e1 de las aulas. Es una iniciativa social que enriquece la formaci\u00f3n acad\u00e9mica con experiencias art\u00edsticas, deportivas, medioambientales y tecnol\u00f3gicas.&nbsp; La propuesta comprende una variada oferta de actividades que [&hellip;]\" \/>\n<meta property=\"og:url\" content=\"https:\/\/tuguia.combarranquilla.co\/Revista\/dias-de-experiencias-y-aprendizajes-con-el-programa-jornada-escolar-complementaria-jec\/\" \/>\n<meta property=\"og:site_name\" content=\"Tu Gu\u00eda\" \/>\n<meta property=\"article:published_time\" content=\"2025-09-01T12:55:07+00:00\" \/>\n<meta property=\"article:modified_time\" content=\"2026-01-15T15:23:56+00:00\" \/>\n<meta property=\"og:image\" content=\"https:\/\/tuguia.combarranquilla.co\/Revista\/wp-content\/uploads\/2025\/08\/Revista-Combarranquilla-7-1024x512.png\" \/>\n\t<meta property=\"og:image:width\" content=\"1024\" \/>\n\t<meta property=\"og:image:height\" content=\"512\" \/>\n\t<meta property=\"og:image:type\" content=\"image\/png\" \/>\n<meta name=\"author\" content=\"Comunicaciones Combarranquilla\" \/>\n<meta name=\"twitter:card\" content=\"summary_large_image\" \/>\n<meta name=\"twitter:label1\" content=\"Escrito por\" \/>\n\t<meta name=\"twitter:data1\" content=\"Comunicaciones Combarranquilla\" \/>\n\t<meta name=\"twitter:label2\" content=\"Tiempo de lectura\" \/>\n\t<meta name=\"twitter:data2\" content=\"2 minutos\" \/>\n<script type=\"application\/ld+json\" class=\"yoast-schema-graph\">{\"@context\":\"https:\\\/\\\/schema.org\",\"@graph\":[{\"@type\":\"Article\",\"@id\":\"https:\\\/\\\/tuguia.combarranquilla.co\\\/Revista\\\/dias-de-experiencias-y-aprendizajes-con-el-programa-jornada-escolar-complementaria-jec\\\/#article\",\"isPartOf\":{\"@id\":\"https:\\\/\\\/tuguia.combarranquilla.co\\\/Revista\\\/dias-de-experiencias-y-aprendizajes-con-el-programa-jornada-escolar-complementaria-jec\\\/\"},\"author\":{\"name\":\"Comunicaciones Combarranquilla\",\"@id\":\"https:\\\/\\\/tuguia.combarranquilla.co\\\/Revista\\\/#\\\/schema\\\/person\\\/c2c396a77170bd1d5f8ba73294eb0d10\"},\"headline\":\"D\u00edas de experiencias y aprendizajes con nuestros programas sociales\",\"datePublished\":\"2025-09-01T12:55:07+00:00\",\"dateModified\":\"2026-01-15T15:23:56+00:00\",\"mainEntityOfPage\":{\"@id\":\"https:\\\/\\\/tuguia.combarranquilla.co\\\/Revista\\\/dias-de-experiencias-y-aprendizajes-con-el-programa-jornada-escolar-complementaria-jec\\\/\"},\"wordCount\":327,\"commentCount\":0,\"publisher\":{\"@id\":\"https:\\\/\\\/tuguia.combarranquilla.co\\\/Revista\\\/#organization\"},\"image\":{\"@id\":\"https:\\\/\\\/tuguia.combarranquilla.co\\\/Revista\\\/dias-de-experiencias-y-aprendizajes-con-el-programa-jornada-escolar-complementaria-jec\\\/#primaryimage\"},\"thumbnailUrl\":\"https:\\\/\\\/tuguia.combarranquilla.co\\\/Revista\\\/wp-content\\\/uploads\\\/2025\\\/08\\\/Revista-Combarranquilla-7-scaled.png\",\"articleSection\":[\"FORMACI\u00d3N\"],\"inLanguage\":\"es-CO\",\"potentialAction\":[{\"@type\":\"CommentAction\",\"name\":\"Comment\",\"target\":[\"https:\\\/\\\/tuguia.combarranquilla.co\\\/Revista\\\/dias-de-experiencias-y-aprendizajes-con-el-programa-jornada-escolar-complementaria-jec\\\/#respond\"]}]},{\"@type\":\"WebPage\",\"@id\":\"https:\\\/\\\/tuguia.combarranquilla.co\\\/Revista\\\/dias-de-experiencias-y-aprendizajes-con-el-programa-jornada-escolar-complementaria-jec\\\/\",\"url\":\"https:\\\/\\\/tuguia.combarranquilla.co\\\/Revista\\\/dias-de-experiencias-y-aprendizajes-con-el-programa-jornada-escolar-complementaria-jec\\\/\",\"name\":\"D\u00edas de experiencias y aprendizajes con nuestros programas sociales - Tu Gu\u00eda\",\"isPartOf\":{\"@id\":\"https:\\\/\\\/tuguia.combarranquilla.co\\\/Revista\\\/#website\"},\"primaryImageOfPage\":{\"@id\":\"https:\\\/\\\/tuguia.combarranquilla.co\\\/Revista\\\/dias-de-experiencias-y-aprendizajes-con-el-programa-jornada-escolar-complementaria-jec\\\/#primaryimage\"},\"image\":{\"@id\":\"https:\\\/\\\/tuguia.combarranquilla.co\\\/Revista\\\/dias-de-experiencias-y-aprendizajes-con-el-programa-jornada-escolar-complementaria-jec\\\/#primaryimage\"},\"thumbnailUrl\":\"https:\\\/\\\/tuguia.combarranquilla.co\\\/Revista\\\/wp-content\\\/uploads\\\/2025\\\/08\\\/Revista-Combarranquilla-7-scaled.png\",\"datePublished\":\"2025-09-01T12:55:07+00:00\",\"dateModified\":\"2026-01-15T15:23:56+00:00\",\"breadcrumb\":{\"@id\":\"https:\\\/\\\/tuguia.combarranquilla.co\\\/Revista\\\/dias-de-experiencias-y-aprendizajes-con-el-programa-jornada-escolar-complementaria-jec\\\/#breadcrumb\"},\"inLanguage\":\"es-CO\",\"potentialAction\":[{\"@type\":\"ReadAction\",\"target\":[\"https:\\\/\\\/tuguia.combarranquilla.co\\\/Revista\\\/dias-de-experiencias-y-aprendizajes-con-el-programa-jornada-escolar-complementaria-jec\\\/\"]}]},{\"@type\":\"ImageObject\",\"inLanguage\":\"es-CO\",\"@id\":\"https:\\\/\\\/tuguia.combarranquilla.co\\\/Revista\\\/dias-de-experiencias-y-aprendizajes-con-el-programa-jornada-escolar-complementaria-jec\\\/#primaryimage\",\"url\":\"https:\\\/\\\/tuguia.combarranquilla.co\\\/Revista\\\/wp-content\\\/uploads\\\/2025\\\/08\\\/Revista-Combarranquilla-7-scaled.png\",\"contentUrl\":\"https:\\\/\\\/tuguia.combarranquilla.co\\\/Revista\\\/wp-content\\\/uploads\\\/2025\\\/08\\\/Revista-Combarranquilla-7-scaled.png\",\"width\":2560,\"height\":1280},{\"@type\":\"BreadcrumbList\",\"@id\":\"https:\\\/\\\/tuguia.combarranquilla.co\\\/Revista\\\/dias-de-experiencias-y-aprendizajes-con-el-programa-jornada-escolar-complementaria-jec\\\/#breadcrumb\",\"itemListElement\":[{\"@type\":\"ListItem\",\"position\":1,\"name\":\"Inicio\",\"item\":\"https:\\\/\\\/tuguia.combarranquilla.co\\\/Revista\\\/\"},{\"@type\":\"ListItem\",\"position\":2,\"name\":\"D\u00edas de experiencias y aprendizajes con nuestros programas sociales\"}]},{\"@type\":\"WebSite\",\"@id\":\"https:\\\/\\\/tuguia.combarranquilla.co\\\/Revista\\\/#website\",\"url\":\"https:\\\/\\\/tuguia.combarranquilla.co\\\/Revista\\\/\",\"name\":\"Tu Gu\u00eda\",\"description\":\"La revista donde lo tienes todo.\",\"publisher\":{\"@id\":\"https:\\\/\\\/tuguia.combarranquilla.co\\\/Revista\\\/#organization\"},\"alternateName\":\"Tu Gu\u00eda Combarranquilla\",\"potentialAction\":[{\"@type\":\"SearchAction\",\"target\":{\"@type\":\"EntryPoint\",\"urlTemplate\":\"https:\\\/\\\/tuguia.combarranquilla.co\\\/Revista\\\/?s={search_term_string}\"},\"query-input\":{\"@type\":\"PropertyValueSpecification\",\"valueRequired\":true,\"valueName\":\"search_term_string\"}}],\"inLanguage\":\"es-CO\"},{\"@type\":\"Organization\",\"@id\":\"https:\\\/\\\/tuguia.combarranquilla.co\\\/Revista\\\/#organization\",\"name\":\"Tu Gu\u00eda Combarranquilla\",\"url\":\"https:\\\/\\\/tuguia.combarranquilla.co\\\/Revista\\\/\",\"logo\":{\"@type\":\"ImageObject\",\"inLanguage\":\"es-CO\",\"@id\":\"https:\\\/\\\/tuguia.combarranquilla.co\\\/Revista\\\/#\\\/schema\\\/logo\\\/image\\\/\",\"url\":\"https:\\\/\\\/tuguia.combarranquilla.co\\\/Revista\\\/wp-content\\\/uploads\\\/2022\\\/02\\\/logo-guia-combarranquilla.svg\",\"contentUrl\":\"https:\\\/\\\/tuguia.combarranquilla.co\\\/Revista\\\/wp-content\\\/uploads\\\/2022\\\/02\\\/logo-guia-combarranquilla.svg\",\"caption\":\"Tu Gu\u00eda Combarranquilla\"},\"image\":{\"@id\":\"https:\\\/\\\/tuguia.combarranquilla.co\\\/Revista\\\/#\\\/schema\\\/logo\\\/image\\\/\"}},{\"@type\":\"Person\",\"@id\":\"https:\\\/\\\/tuguia.combarranquilla.co\\\/Revista\\\/#\\\/schema\\\/person\\\/c2c396a77170bd1d5f8ba73294eb0d10\",\"name\":\"Comunicaciones Combarranquilla\",\"image\":{\"@type\":\"ImageObject\",\"inLanguage\":\"es-CO\",\"@id\":\"https:\\\/\\\/tuguia.combarranquilla.co\\\/Revista\\\/wp-content\\\/uploads\\\/2025\\\/05\\\/ABC-Al-Rojo-Logo-96x96.jpg\",\"url\":\"https:\\\/\\\/tuguia.combarranquilla.co\\\/Revista\\\/wp-content\\\/uploads\\\/2025\\\/05\\\/ABC-Al-Rojo-Logo-96x96.jpg\",\"contentUrl\":\"https:\\\/\\\/tuguia.combarranquilla.co\\\/Revista\\\/wp-content\\\/uploads\\\/2025\\\/05\\\/ABC-Al-Rojo-Logo-96x96.jpg\",\"caption\":\"Comunicaciones Combarranquilla\"},\"sameAs\":[\"https:\\\/\\\/www.combarranquilla.co\"],\"url\":\"https:\\\/\\\/tuguia.combarranquilla.co\\\/Revista\\\/author\\\/comunicaciones\\\/\"}]}<\/script>\n<!-- \/ Yoast SEO plugin. -->","yoast_head_json":{"title":"D\u00edas de experiencias y aprendizajes con nuestros programas sociales - Tu Gu\u00eda","robots":{"index":"index","follow":"follow","max-snippet":"max-snippet:-1","max-image-preview":"max-image-preview:large","max-video-preview":"max-video-preview:-1"},"canonical":"https:\/\/tuguia.combarranquilla.co\/Revista\/dias-de-experiencias-y-aprendizajes-con-el-programa-jornada-escolar-complementaria-jec\/","og_locale":"es_ES","og_type":"article","og_title":"D\u00edas de experiencias y aprendizajes con nuestros programas sociales - Tu Gu\u00eda","og_description":"El programa JEC nace en Combarranquilla con el objetivo de fortalecer la permanencia en el sistema educativo y brindar a los estudiantes espacios de aprendizaje m\u00e1s all\u00e1 de las aulas. Es una iniciativa social que enriquece la formaci\u00f3n acad\u00e9mica con experiencias art\u00edsticas, deportivas, medioambientales y tecnol\u00f3gicas.&nbsp; La propuesta comprende una variada oferta de actividades que [&hellip;]","og_url":"https:\/\/tuguia.combarranquilla.co\/Revista\/dias-de-experiencias-y-aprendizajes-con-el-programa-jornada-escolar-complementaria-jec\/","og_site_name":"Tu Gu\u00eda","article_published_time":"2025-09-01T12:55:07+00:00","article_modified_time":"2026-01-15T15:23:56+00:00","og_image":[{"width":1024,"height":512,"url":"https:\/\/tuguia.combarranquilla.co\/Revista\/wp-content\/uploads\/2025\/08\/Revista-Combarranquilla-7-1024x512.png","type":"image\/png"}],"author":"Comunicaciones Combarranquilla","twitter_card":"summary_large_image","twitter_misc":{"Escrito por":"Comunicaciones Combarranquilla","Tiempo de lectura":"2 minutos"},"schema":{"@context":"https:\/\/schema.org","@graph":[{"@type":"Article","@id":"https:\/\/tuguia.combarranquilla.co\/Revista\/dias-de-experiencias-y-aprendizajes-con-el-programa-jornada-escolar-complementaria-jec\/#article","isPartOf":{"@id":"https:\/\/tuguia.combarranquilla.co\/Revista\/dias-de-experiencias-y-aprendizajes-con-el-programa-jornada-escolar-complementaria-jec\/"},"author":{"name":"Comunicaciones Combarranquilla","@id":"https:\/\/tuguia.combarranquilla.co\/Revista\/#\/schema\/person\/c2c396a77170bd1d5f8ba73294eb0d10"},"headline":"D\u00edas de experiencias y aprendizajes con nuestros programas sociales","datePublished":"2025-09-01T12:55:07+00:00","dateModified":"2026-01-15T15:23:56+00:00","mainEntityOfPage":{"@id":"https:\/\/tuguia.combarranquilla.co\/Revista\/dias-de-experiencias-y-aprendizajes-con-el-programa-jornada-escolar-complementaria-jec\/"},"wordCount":327,"commentCount":0,"publisher":{"@id":"https:\/\/tuguia.combarranquilla.co\/Revista\/#organization"},"image":{"@id":"https:\/\/tuguia.combarranquilla.co\/Revista\/dias-de-experiencias-y-aprendizajes-con-el-programa-jornada-escolar-complementaria-jec\/#primaryimage"},"thumbnailUrl":"https:\/\/tuguia.combarranquilla.co\/Revista\/wp-content\/uploads\/2025\/08\/Revista-Combarranquilla-7-scaled.png","articleSection":["FORMACI\u00d3N"],"inLanguage":"es-CO","potentialAction":[{"@type":"CommentAction","name":"Comment","target":["https:\/\/tuguia.combarranquilla.co\/Revista\/dias-de-experiencias-y-aprendizajes-con-el-programa-jornada-escolar-complementaria-jec\/#respond"]}]},{"@type":"WebPage","@id":"https:\/\/tuguia.combarranquilla.co\/Revista\/dias-de-experiencias-y-aprendizajes-con-el-programa-jornada-escolar-complementaria-jec\/","url":"https:\/\/tuguia.combarranquilla.co\/Revista\/dias-de-experiencias-y-aprendizajes-con-el-programa-jornada-escolar-complementaria-jec\/","name":"D\u00edas de experiencias y aprendizajes con nuestros programas sociales - Tu Gu\u00eda","isPartOf":{"@id":"https:\/\/tuguia.combarranquilla.co\/Revista\/#website"},"primaryImageOfPage":{"@id":"https:\/\/tuguia.combarranquilla.co\/Revista\/dias-de-experiencias-y-aprendizajes-con-el-programa-jornada-escolar-complementaria-jec\/#primaryimage"},"image":{"@id":"https:\/\/tuguia.combarranquilla.co\/Revista\/dias-de-experiencias-y-aprendizajes-con-el-programa-jornada-escolar-complementaria-jec\/#primaryimage"},"thumbnailUrl":"https:\/\/tuguia.combarranquilla.co\/Revista\/wp-content\/uploads\/2025\/08\/Revista-Combarranquilla-7-scaled.png","datePublished":"2025-09-01T12:55:07+00:00","dateModified":"2026-01-15T15:23:56+00:00","breadcrumb":{"@id":"https:\/\/tuguia.combarranquilla.co\/Revista\/dias-de-experiencias-y-aprendizajes-con-el-programa-jornada-escolar-complementaria-jec\/#breadcrumb"},"inLanguage":"es-CO","potentialAction":[{"@type":"ReadAction","target":["https:\/\/tuguia.combarranquilla.co\/Revista\/dias-de-experiencias-y-aprendizajes-con-el-programa-jornada-escolar-complementaria-jec\/"]}]},{"@type":"ImageObject","inLanguage":"es-CO","@id":"https:\/\/tuguia.combarranquilla.co\/Revista\/dias-de-experiencias-y-aprendizajes-con-el-programa-jornada-escolar-complementaria-jec\/#primaryimage","url":"https:\/\/tuguia.combarranquilla.co\/Revista\/wp-content\/uploads\/2025\/08\/Revista-Combarranquilla-7-scaled.png","contentUrl":"https:\/\/tuguia.combarranquilla.co\/Revista\/wp-content\/uploads\/2025\/08\/Revista-Combarranquilla-7-scaled.png","width":2560,"height":1280},{"@type":"BreadcrumbList","@id":"https:\/\/tuguia.combarranquilla.co\/Revista\/dias-de-experiencias-y-aprendizajes-con-el-programa-jornada-escolar-complementaria-jec\/#breadcrumb","itemListElement":[{"@type":"ListItem","position":1,"name":"Inicio","item":"https:\/\/tuguia.combarranquilla.co\/Revista\/"},{"@type":"ListItem","position":2,"name":"D\u00edas de experiencias y aprendizajes con nuestros programas sociales"}]},{"@type":"WebSite","@id":"https:\/\/tuguia.combarranquilla.co\/Revista\/#website","url":"https:\/\/tuguia.combarranquilla.co\/Revista\/","name":"Tu Gu\u00eda","description":"La revista donde lo tienes todo.","publisher":{"@id":"https:\/\/tuguia.combarranquilla.co\/Revista\/#organization"},"alternateName":"Tu Gu\u00eda Combarranquilla","potentialAction":[{"@type":"SearchAction","target":{"@type":"EntryPoint","urlTemplate":"https:\/\/tuguia.combarranquilla.co\/Revista\/?s={search_term_string}"},"query-input":{"@type":"PropertyValueSpecification","valueRequired":true,"valueName":"search_term_string"}}],"inLanguage":"es-CO"},{"@type":"Organization","@id":"https:\/\/tuguia.combarranquilla.co\/Revista\/#organization","name":"Tu Gu\u00eda Combarranquilla","url":"https:\/\/tuguia.combarranquilla.co\/Revista\/","logo":{"@type":"ImageObject","inLanguage":"es-CO","@id":"https:\/\/tuguia.combarranquilla.co\/Revista\/#\/schema\/logo\/image\/","url":"https:\/\/tuguia.combarranquilla.co\/Revista\/wp-content\/uploads\/2022\/02\/logo-guia-combarranquilla.svg","contentUrl":"https:\/\/tuguia.combarranquilla.co\/Revista\/wp-content\/uploads\/2022\/02\/logo-guia-combarranquilla.svg","caption":"Tu Gu\u00eda Combarranquilla"},"image":{"@id":"https:\/\/tuguia.combarranquilla.co\/Revista\/#\/schema\/logo\/image\/"}},{"@type":"Person","@id":"https:\/\/tuguia.combarranquilla.co\/Revista\/#\/schema\/person\/c2c396a77170bd1d5f8ba73294eb0d10","name":"Comunicaciones Combarranquilla","image":{"@type":"ImageObject","inLanguage":"es-CO","@id":"https:\/\/tuguia.combarranquilla.co\/Revista\/wp-content\/uploads\/2025\/05\/ABC-Al-Rojo-Logo-96x96.jpg","url":"https:\/\/tuguia.combarranquilla.co\/Revista\/wp-content\/uploads\/2025\/05\/ABC-Al-Rojo-Logo-96x96.jpg","contentUrl":"https:\/\/tuguia.combarranquilla.co\/Revista\/wp-content\/uploads\/2025\/05\/ABC-Al-Rojo-Logo-96x96.jpg","caption":"Comunicaciones Combarranquilla"},"sameAs":["https:\/\/www.combarranquilla.co"],"url":"https:\/\/tuguia.combarranquilla.co\/Revista\/author\/comunicaciones\/"}]}},"_links":{"self":[{"href":"https:\/\/tuguia.combarranquilla.co\/Revista\/wp-json\/wp\/v2\/posts\/7557","targetHints":{"allow":["GET"]}}],"collection":[{"href":"https:\/\/tuguia.combarranquilla.co\/Revista\/wp-json\/wp\/v2\/posts"}],"about":[{"href":"https:\/\/tuguia.combarranquilla.co\/Revista\/wp-json\/wp\/v2\/types\/post"}],"author":[{"embeddable":true,"href":"https:\/\/tuguia.combarranquilla.co\/Revista\/wp-json\/wp\/v2\/users\/2"}],"replies":[{"embeddable":true,"href":"https:\/\/tuguia.combarranquilla.co\/Revista\/wp-json\/wp\/v2\/comments?post=7557"}],"version-history":[{"count":5,"href":"https:\/\/tuguia.combarranquilla.co\/Revista\/wp-json\/wp\/v2\/posts\/7557\/revisions"}],"predecessor-version":[{"id":8513,"href":"https:\/\/tuguia.combarranquilla.co\/Revista\/wp-json\/wp\/v2\/posts\/7557\/revisions\/8513"}],"wp:featuredmedia":[{"embeddable":true,"href":"https:\/\/tuguia.combarranquilla.co\/Revista\/wp-json\/wp\/v2\/media\/7558"}],"wp:attachment":[{"href":"https:\/\/tuguia.combarranquilla.co\/Revista\/wp-json\/wp\/v2\/media?parent=7557"}],"wp:term":[{"taxonomy":"category","embeddable":true,"href":"https:\/\/tuguia.combarranquilla.co\/Revista\/wp-json\/wp\/v2\/categories?post=7557"},{"taxonomy":"post_tag","embeddable":true,"href":"https:\/\/tuguia.combarranquilla.co\/Revista\/wp-json\/wp\/v2\/tags?post=7557"}],"curies":[{"name":"wp","href":"https:\/\/api.w.org\/{rel}","templated":true}]}}