{"id":7560,"date":"2025-09-01T07:56:54","date_gmt":"2025-09-01T12:56:54","guid":{"rendered":"https:\/\/tuguia.combarranquilla.co\/Revista\/?p=7560"},"modified":"2025-09-23T08:03:44","modified_gmt":"2025-09-23T13:03:44","slug":"la-lengua-de-senas-un-puente-para-la-inclusion-laboral","status":"publish","type":"post","link":"https:\/\/tuguia.combarranquilla.co\/Revista\/la-lengua-de-senas-un-puente-para-la-inclusion-laboral\/","title":{"rendered":"La lengua de se\u00f1as: un puente hacia la inclusi\u00f3n laboral"},"content":{"rendered":"\n<p><em>Cada 23 de septiembre se conmemora el D\u00eda Internacional de las Lenguas de Se\u00f1as, una fecha que busca visibilizar la importancia de la comunicaci\u00f3n inclusiva. Para conocer m\u00e1s sobre esta labor, conversamos con Jainner Bol\u00edvar Moya, int\u00e9rprete y consultor con m\u00e1s de dos d\u00e9cadas de experiencia en inclusi\u00f3n laboral para personas con discapacidad.<\/em><\/p>\n\n\n\n<p>Al preguntar por su trayectoria, Jainner comenta que su inter\u00e9s por la lengua de se\u00f1as naci\u00f3 en 1998. \u201cUnos amigos quisieron ense\u00f1arnos lenguas de se\u00f1as. Yo soy testigo de Jehov\u00e1 y mis amigos tambi\u00e9n lo eran. El plan ense\u00f1arles sobre la Biblia a las personas sordas que viv\u00edan en la comunidad, en un pueblo de La Guajira\u201d.<\/p>\n\n\n\n<p>A\u00f1os despu\u00e9s, decidi\u00f3 profesionalizarse. \u201cEmpec\u00e9 a trabajar como int\u00e9rprete y viaj\u00e9 a Bogot\u00e1 para capacitarme. Con el apoyo de la Universidad del Atl\u00e1ntico, el Ministerio de Educaci\u00f3n y el INSOR, hice un diplomado y a todos los participantes obtuvimos una cualificaci\u00f3n para int\u00e9rpretes de lengua de se\u00f1as en toda la costa\u201d.<\/p>\n\n\n\n<h2 class=\"wp-block-heading has-medium-font-size\"><strong>Experiencias y desaf\u00edos<\/strong><strong><\/strong><\/h2>\n\n\n\n<p>Jainner recuerda una experiencia que le abri\u00f3 nuevas puertas. \u201cTrabajando con una fundaci\u00f3n, me enviaron a hacer un servicio de interpretaci\u00f3n a la alcald\u00eda y despu\u00e9s ya no llamaban m\u00e1s a la fundaci\u00f3n, sino que se comunicaban directamente conmigo\u201d, dice mientras sonr\u00ede.<\/p>\n\n\n\n<p>Sin embargo, tambi\u00e9n ha enfrentado retos importantes durante su vida laboral. \u201cUno de los desaf\u00edos es no sentirse competente. Lo fui superando poco a poco, con la experiencia\u201d. Otro reto para \u00e9l ha sido la contrataci\u00f3n de int\u00e9rpretes. \u201cComo a veces contaba con contratos tercerizados, los tiempos eran complicados. Normalmente, comenzaba en febrero, pero los chicos sordos lo hac\u00edan en enero, entonces ten\u00edan hasta tres semanas solos\u2026\u201d.<\/p>\n\n\n\n<p>A pesar de los obst\u00e1culos, Jainner ha continuado su camino como conocedor de la lengua de se\u00f1as. Y tiene sus ojos fijos en la meta: aportar un poco a la inclusi\u00f3n en el pa\u00eds.<\/p>\n\n\n\n<h2 class=\"wp-block-heading has-medium-font-size\"><strong>Un puente de comunicaci\u00f3n<\/strong><strong><\/strong><\/h2>\n\n\n\n<p>El rol de un int\u00e9rprete tambi\u00e9n se articula con el trabajo en inclusi\u00f3n laboral en Barranquilla. \u201cLa agencia de empleo tiene muchos programas sociales, entre ellos el programa de inclusi\u00f3n para personal con alg\u00fan tipo de discapacidad. Hacemos visitas a las empresas y con la psic\u00f3loga que est\u00e1 a cargo vamos a las empresas a capacitarlas. Cuando se hacen convocatorias para personas con discapacidad auditiva, es cuando m\u00e1s se requieren mis servicios\u201d.<\/p>\n\n\n\n<p>A pesar de los avances, Jainner se\u00f1ala que falta mucho por hacer en la atenci\u00f3n a la comunidad sorda en espacios p\u00fablicos. \u201cFalta mucho todav\u00eda&#8230; Yo animo a las empresas de toda clase a que capaciten, as\u00ed sea de manera sencilla, a los trabajadores en la lengua de se\u00f1as. \u00bfPor qu\u00e9 no pensar tambi\u00e9n en lengua de se\u00f1as? Si queremos brindar un buen servicio, debemos pensar en todos, sin discriminar&#8221;.<\/p>\n\n\n\n<h2 class=\"wp-block-heading has-medium-font-size\"><strong>Mensaje en el D\u00eda de las Lenguas de Se\u00f1as<\/strong><\/h2>\n\n\n\n<p>Para Jainner, la lengua de se\u00f1as significa aceptaci\u00f3n, pluralidad y comunicaci\u00f3n. Es una forma de conectar sin discriminar. La lengua de se\u00f1as colombiana no es un idioma b\u00e1sico. Es un idioma completo, con su gram\u00e1tica, su sintaxis. Aprenderla es sembrarle una sonrisa en el rostro de quien creci\u00f3 utiliz\u00e1ndola o la aprendi\u00f3 en el camino. Aprenderla es crecer como sociedad.<\/p>\n","protected":false},"excerpt":{"rendered":"<p>Cada 23 de septiembre se conmemora el D\u00eda Internacional de las Lenguas de Se\u00f1as, una fecha que busca visibilizar la importancia de la comunicaci\u00f3n inclusiva. Para conocer m\u00e1s sobre esta labor, conversamos con Jainner Bol\u00edvar Moya, int\u00e9rprete y consultor con m\u00e1s de dos d\u00e9cadas de experiencia en inclusi\u00f3n laboral para personas con discapacidad. Al preguntar [&hellip;]<\/p>\n","protected":false},"author":2,"featured_media":7610,"comment_status":"open","ping_status":"open","sticky":false,"template":"","format":"standard","meta":{"inline_featured_image":false,"footnotes":""},"categories":[6],"tags":[],"class_list":["post-7560","post","type-post","status-publish","format-standard","has-post-thumbnail","hentry","category-empleabilidad"],"yoast_head":"<!-- This site is optimized with the Yoast SEO plugin v27.4 - https:\/\/yoast.com\/product\/yoast-seo-wordpress\/ -->\n<title>La lengua de se\u00f1as: un puente hacia la inclusi\u00f3n laboral - Tu Gu\u00eda<\/title>\n<meta name=\"robots\" content=\"index, follow, max-snippet:-1, max-image-preview:large, max-video-preview:-1\" \/>\n<link rel=\"canonical\" href=\"https:\/\/tuguia.combarranquilla.co\/Revista\/la-lengua-de-senas-un-puente-para-la-inclusion-laboral\/\" \/>\n<meta property=\"og:locale\" content=\"es_ES\" \/>\n<meta property=\"og:type\" content=\"article\" \/>\n<meta property=\"og:title\" content=\"La lengua de se\u00f1as: un puente hacia la inclusi\u00f3n laboral - Tu Gu\u00eda\" \/>\n<meta property=\"og:description\" content=\"Cada 23 de septiembre se conmemora el D\u00eda Internacional de las Lenguas de Se\u00f1as, una fecha que busca visibilizar la importancia de la comunicaci\u00f3n inclusiva. Para conocer m\u00e1s sobre esta labor, conversamos con Jainner Bol\u00edvar Moya, int\u00e9rprete y consultor con m\u00e1s de dos d\u00e9cadas de experiencia en inclusi\u00f3n laboral para personas con discapacidad. Al preguntar [&hellip;]\" \/>\n<meta property=\"og:url\" content=\"https:\/\/tuguia.combarranquilla.co\/Revista\/la-lengua-de-senas-un-puente-para-la-inclusion-laboral\/\" \/>\n<meta property=\"og:site_name\" content=\"Tu Gu\u00eda\" \/>\n<meta property=\"article:published_time\" content=\"2025-09-01T12:56:54+00:00\" \/>\n<meta property=\"article:modified_time\" content=\"2025-09-23T13:03:44+00:00\" \/>\n<meta property=\"og:image\" content=\"https:\/\/tuguia.combarranquilla.co\/Revista\/wp-content\/uploads\/2025\/09\/43-scaled.jpg\" \/>\n\t<meta property=\"og:image:width\" content=\"2560\" \/>\n\t<meta property=\"og:image:height\" content=\"1280\" \/>\n\t<meta property=\"og:image:type\" content=\"image\/jpeg\" \/>\n<meta name=\"author\" content=\"Comunicaciones Combarranquilla\" \/>\n<meta name=\"twitter:card\" content=\"summary_large_image\" \/>\n<meta name=\"twitter:label1\" content=\"Escrito por\" \/>\n\t<meta name=\"twitter:data1\" content=\"Comunicaciones Combarranquilla\" \/>\n\t<meta name=\"twitter:label2\" content=\"Tiempo de lectura\" \/>\n\t<meta name=\"twitter:data2\" content=\"3 minutos\" \/>\n<script type=\"application\/ld+json\" class=\"yoast-schema-graph\">{\"@context\":\"https:\\\/\\\/schema.org\",\"@graph\":[{\"@type\":\"Article\",\"@id\":\"https:\\\/\\\/tuguia.combarranquilla.co\\\/Revista\\\/la-lengua-de-senas-un-puente-para-la-inclusion-laboral\\\/#article\",\"isPartOf\":{\"@id\":\"https:\\\/\\\/tuguia.combarranquilla.co\\\/Revista\\\/la-lengua-de-senas-un-puente-para-la-inclusion-laboral\\\/\"},\"author\":{\"name\":\"Comunicaciones Combarranquilla\",\"@id\":\"https:\\\/\\\/tuguia.combarranquilla.co\\\/Revista\\\/#\\\/schema\\\/person\\\/c2c396a77170bd1d5f8ba73294eb0d10\"},\"headline\":\"La lengua de se\u00f1as: un puente hacia la inclusi\u00f3n laboral\",\"datePublished\":\"2025-09-01T12:56:54+00:00\",\"dateModified\":\"2025-09-23T13:03:44+00:00\",\"mainEntityOfPage\":{\"@id\":\"https:\\\/\\\/tuguia.combarranquilla.co\\\/Revista\\\/la-lengua-de-senas-un-puente-para-la-inclusion-laboral\\\/\"},\"wordCount\":598,\"commentCount\":0,\"publisher\":{\"@id\":\"https:\\\/\\\/tuguia.combarranquilla.co\\\/Revista\\\/#organization\"},\"image\":{\"@id\":\"https:\\\/\\\/tuguia.combarranquilla.co\\\/Revista\\\/la-lengua-de-senas-un-puente-para-la-inclusion-laboral\\\/#primaryimage\"},\"thumbnailUrl\":\"https:\\\/\\\/tuguia.combarranquilla.co\\\/Revista\\\/wp-content\\\/uploads\\\/2025\\\/09\\\/43-scaled.jpg\",\"articleSection\":[\"EMPLEABILIDAD\"],\"inLanguage\":\"es-CO\",\"potentialAction\":[{\"@type\":\"CommentAction\",\"name\":\"Comment\",\"target\":[\"https:\\\/\\\/tuguia.combarranquilla.co\\\/Revista\\\/la-lengua-de-senas-un-puente-para-la-inclusion-laboral\\\/#respond\"]}]},{\"@type\":\"WebPage\",\"@id\":\"https:\\\/\\\/tuguia.combarranquilla.co\\\/Revista\\\/la-lengua-de-senas-un-puente-para-la-inclusion-laboral\\\/\",\"url\":\"https:\\\/\\\/tuguia.combarranquilla.co\\\/Revista\\\/la-lengua-de-senas-un-puente-para-la-inclusion-laboral\\\/\",\"name\":\"La lengua de se\u00f1as: un puente hacia la inclusi\u00f3n laboral - Tu Gu\u00eda\",\"isPartOf\":{\"@id\":\"https:\\\/\\\/tuguia.combarranquilla.co\\\/Revista\\\/#website\"},\"primaryImageOfPage\":{\"@id\":\"https:\\\/\\\/tuguia.combarranquilla.co\\\/Revista\\\/la-lengua-de-senas-un-puente-para-la-inclusion-laboral\\\/#primaryimage\"},\"image\":{\"@id\":\"https:\\\/\\\/tuguia.combarranquilla.co\\\/Revista\\\/la-lengua-de-senas-un-puente-para-la-inclusion-laboral\\\/#primaryimage\"},\"thumbnailUrl\":\"https:\\\/\\\/tuguia.combarranquilla.co\\\/Revista\\\/wp-content\\\/uploads\\\/2025\\\/09\\\/43-scaled.jpg\",\"datePublished\":\"2025-09-01T12:56:54+00:00\",\"dateModified\":\"2025-09-23T13:03:44+00:00\",\"breadcrumb\":{\"@id\":\"https:\\\/\\\/tuguia.combarranquilla.co\\\/Revista\\\/la-lengua-de-senas-un-puente-para-la-inclusion-laboral\\\/#breadcrumb\"},\"inLanguage\":\"es-CO\",\"potentialAction\":[{\"@type\":\"ReadAction\",\"target\":[\"https:\\\/\\\/tuguia.combarranquilla.co\\\/Revista\\\/la-lengua-de-senas-un-puente-para-la-inclusion-laboral\\\/\"]}]},{\"@type\":\"ImageObject\",\"inLanguage\":\"es-CO\",\"@id\":\"https:\\\/\\\/tuguia.combarranquilla.co\\\/Revista\\\/la-lengua-de-senas-un-puente-para-la-inclusion-laboral\\\/#primaryimage\",\"url\":\"https:\\\/\\\/tuguia.combarranquilla.co\\\/Revista\\\/wp-content\\\/uploads\\\/2025\\\/09\\\/43-scaled.jpg\",\"contentUrl\":\"https:\\\/\\\/tuguia.combarranquilla.co\\\/Revista\\\/wp-content\\\/uploads\\\/2025\\\/09\\\/43-scaled.jpg\",\"width\":2560,\"height\":1280},{\"@type\":\"BreadcrumbList\",\"@id\":\"https:\\\/\\\/tuguia.combarranquilla.co\\\/Revista\\\/la-lengua-de-senas-un-puente-para-la-inclusion-laboral\\\/#breadcrumb\",\"itemListElement\":[{\"@type\":\"ListItem\",\"position\":1,\"name\":\"Inicio\",\"item\":\"https:\\\/\\\/tuguia.combarranquilla.co\\\/Revista\\\/\"},{\"@type\":\"ListItem\",\"position\":2,\"name\":\"La lengua de se\u00f1as: un puente hacia la inclusi\u00f3n laboral\"}]},{\"@type\":\"WebSite\",\"@id\":\"https:\\\/\\\/tuguia.combarranquilla.co\\\/Revista\\\/#website\",\"url\":\"https:\\\/\\\/tuguia.combarranquilla.co\\\/Revista\\\/\",\"name\":\"Tu Gu\u00eda\",\"description\":\"La revista donde lo tienes todo.\",\"publisher\":{\"@id\":\"https:\\\/\\\/tuguia.combarranquilla.co\\\/Revista\\\/#organization\"},\"alternateName\":\"Tu Gu\u00eda Combarranquilla\",\"potentialAction\":[{\"@type\":\"SearchAction\",\"target\":{\"@type\":\"EntryPoint\",\"urlTemplate\":\"https:\\\/\\\/tuguia.combarranquilla.co\\\/Revista\\\/?s={search_term_string}\"},\"query-input\":{\"@type\":\"PropertyValueSpecification\",\"valueRequired\":true,\"valueName\":\"search_term_string\"}}],\"inLanguage\":\"es-CO\"},{\"@type\":\"Organization\",\"@id\":\"https:\\\/\\\/tuguia.combarranquilla.co\\\/Revista\\\/#organization\",\"name\":\"Tu Gu\u00eda Combarranquilla\",\"url\":\"https:\\\/\\\/tuguia.combarranquilla.co\\\/Revista\\\/\",\"logo\":{\"@type\":\"ImageObject\",\"inLanguage\":\"es-CO\",\"@id\":\"https:\\\/\\\/tuguia.combarranquilla.co\\\/Revista\\\/#\\\/schema\\\/logo\\\/image\\\/\",\"url\":\"https:\\\/\\\/tuguia.combarranquilla.co\\\/Revista\\\/wp-content\\\/uploads\\\/2022\\\/02\\\/logo-guia-combarranquilla.svg\",\"contentUrl\":\"https:\\\/\\\/tuguia.combarranquilla.co\\\/Revista\\\/wp-content\\\/uploads\\\/2022\\\/02\\\/logo-guia-combarranquilla.svg\",\"caption\":\"Tu Gu\u00eda Combarranquilla\"},\"image\":{\"@id\":\"https:\\\/\\\/tuguia.combarranquilla.co\\\/Revista\\\/#\\\/schema\\\/logo\\\/image\\\/\"}},{\"@type\":\"Person\",\"@id\":\"https:\\\/\\\/tuguia.combarranquilla.co\\\/Revista\\\/#\\\/schema\\\/person\\\/c2c396a77170bd1d5f8ba73294eb0d10\",\"name\":\"Comunicaciones Combarranquilla\",\"image\":{\"@type\":\"ImageObject\",\"inLanguage\":\"es-CO\",\"@id\":\"https:\\\/\\\/tuguia.combarranquilla.co\\\/Revista\\\/wp-content\\\/uploads\\\/2025\\\/05\\\/ABC-Al-Rojo-Logo-96x96.jpg\",\"url\":\"https:\\\/\\\/tuguia.combarranquilla.co\\\/Revista\\\/wp-content\\\/uploads\\\/2025\\\/05\\\/ABC-Al-Rojo-Logo-96x96.jpg\",\"contentUrl\":\"https:\\\/\\\/tuguia.combarranquilla.co\\\/Revista\\\/wp-content\\\/uploads\\\/2025\\\/05\\\/ABC-Al-Rojo-Logo-96x96.jpg\",\"caption\":\"Comunicaciones Combarranquilla\"},\"sameAs\":[\"https:\\\/\\\/www.combarranquilla.co\"],\"url\":\"https:\\\/\\\/tuguia.combarranquilla.co\\\/Revista\\\/author\\\/comunicaciones\\\/\"}]}<\/script>\n<!-- \/ Yoast SEO plugin. -->","yoast_head_json":{"title":"La lengua de se\u00f1as: un puente hacia la inclusi\u00f3n laboral - Tu Gu\u00eda","robots":{"index":"index","follow":"follow","max-snippet":"max-snippet:-1","max-image-preview":"max-image-preview:large","max-video-preview":"max-video-preview:-1"},"canonical":"https:\/\/tuguia.combarranquilla.co\/Revista\/la-lengua-de-senas-un-puente-para-la-inclusion-laboral\/","og_locale":"es_ES","og_type":"article","og_title":"La lengua de se\u00f1as: un puente hacia la inclusi\u00f3n laboral - Tu Gu\u00eda","og_description":"Cada 23 de septiembre se conmemora el D\u00eda Internacional de las Lenguas de Se\u00f1as, una fecha que busca visibilizar la importancia de la comunicaci\u00f3n inclusiva. Para conocer m\u00e1s sobre esta labor, conversamos con Jainner Bol\u00edvar Moya, int\u00e9rprete y consultor con m\u00e1s de dos d\u00e9cadas de experiencia en inclusi\u00f3n laboral para personas con discapacidad. Al preguntar [&hellip;]","og_url":"https:\/\/tuguia.combarranquilla.co\/Revista\/la-lengua-de-senas-un-puente-para-la-inclusion-laboral\/","og_site_name":"Tu Gu\u00eda","article_published_time":"2025-09-01T12:56:54+00:00","article_modified_time":"2025-09-23T13:03:44+00:00","og_image":[{"width":2560,"height":1280,"url":"https:\/\/tuguia.combarranquilla.co\/Revista\/wp-content\/uploads\/2025\/09\/43-scaled.jpg","type":"image\/jpeg"}],"author":"Comunicaciones Combarranquilla","twitter_card":"summary_large_image","twitter_misc":{"Escrito por":"Comunicaciones Combarranquilla","Tiempo de lectura":"3 minutos"},"schema":{"@context":"https:\/\/schema.org","@graph":[{"@type":"Article","@id":"https:\/\/tuguia.combarranquilla.co\/Revista\/la-lengua-de-senas-un-puente-para-la-inclusion-laboral\/#article","isPartOf":{"@id":"https:\/\/tuguia.combarranquilla.co\/Revista\/la-lengua-de-senas-un-puente-para-la-inclusion-laboral\/"},"author":{"name":"Comunicaciones Combarranquilla","@id":"https:\/\/tuguia.combarranquilla.co\/Revista\/#\/schema\/person\/c2c396a77170bd1d5f8ba73294eb0d10"},"headline":"La lengua de se\u00f1as: un puente hacia la inclusi\u00f3n laboral","datePublished":"2025-09-01T12:56:54+00:00","dateModified":"2025-09-23T13:03:44+00:00","mainEntityOfPage":{"@id":"https:\/\/tuguia.combarranquilla.co\/Revista\/la-lengua-de-senas-un-puente-para-la-inclusion-laboral\/"},"wordCount":598,"commentCount":0,"publisher":{"@id":"https:\/\/tuguia.combarranquilla.co\/Revista\/#organization"},"image":{"@id":"https:\/\/tuguia.combarranquilla.co\/Revista\/la-lengua-de-senas-un-puente-para-la-inclusion-laboral\/#primaryimage"},"thumbnailUrl":"https:\/\/tuguia.combarranquilla.co\/Revista\/wp-content\/uploads\/2025\/09\/43-scaled.jpg","articleSection":["EMPLEABILIDAD"],"inLanguage":"es-CO","potentialAction":[{"@type":"CommentAction","name":"Comment","target":["https:\/\/tuguia.combarranquilla.co\/Revista\/la-lengua-de-senas-un-puente-para-la-inclusion-laboral\/#respond"]}]},{"@type":"WebPage","@id":"https:\/\/tuguia.combarranquilla.co\/Revista\/la-lengua-de-senas-un-puente-para-la-inclusion-laboral\/","url":"https:\/\/tuguia.combarranquilla.co\/Revista\/la-lengua-de-senas-un-puente-para-la-inclusion-laboral\/","name":"La lengua de se\u00f1as: un puente hacia la inclusi\u00f3n laboral - Tu Gu\u00eda","isPartOf":{"@id":"https:\/\/tuguia.combarranquilla.co\/Revista\/#website"},"primaryImageOfPage":{"@id":"https:\/\/tuguia.combarranquilla.co\/Revista\/la-lengua-de-senas-un-puente-para-la-inclusion-laboral\/#primaryimage"},"image":{"@id":"https:\/\/tuguia.combarranquilla.co\/Revista\/la-lengua-de-senas-un-puente-para-la-inclusion-laboral\/#primaryimage"},"thumbnailUrl":"https:\/\/tuguia.combarranquilla.co\/Revista\/wp-content\/uploads\/2025\/09\/43-scaled.jpg","datePublished":"2025-09-01T12:56:54+00:00","dateModified":"2025-09-23T13:03:44+00:00","breadcrumb":{"@id":"https:\/\/tuguia.combarranquilla.co\/Revista\/la-lengua-de-senas-un-puente-para-la-inclusion-laboral\/#breadcrumb"},"inLanguage":"es-CO","potentialAction":[{"@type":"ReadAction","target":["https:\/\/tuguia.combarranquilla.co\/Revista\/la-lengua-de-senas-un-puente-para-la-inclusion-laboral\/"]}]},{"@type":"ImageObject","inLanguage":"es-CO","@id":"https:\/\/tuguia.combarranquilla.co\/Revista\/la-lengua-de-senas-un-puente-para-la-inclusion-laboral\/#primaryimage","url":"https:\/\/tuguia.combarranquilla.co\/Revista\/wp-content\/uploads\/2025\/09\/43-scaled.jpg","contentUrl":"https:\/\/tuguia.combarranquilla.co\/Revista\/wp-content\/uploads\/2025\/09\/43-scaled.jpg","width":2560,"height":1280},{"@type":"BreadcrumbList","@id":"https:\/\/tuguia.combarranquilla.co\/Revista\/la-lengua-de-senas-un-puente-para-la-inclusion-laboral\/#breadcrumb","itemListElement":[{"@type":"ListItem","position":1,"name":"Inicio","item":"https:\/\/tuguia.combarranquilla.co\/Revista\/"},{"@type":"ListItem","position":2,"name":"La lengua de se\u00f1as: un puente hacia la inclusi\u00f3n laboral"}]},{"@type":"WebSite","@id":"https:\/\/tuguia.combarranquilla.co\/Revista\/#website","url":"https:\/\/tuguia.combarranquilla.co\/Revista\/","name":"Tu Gu\u00eda","description":"La revista donde lo tienes todo.","publisher":{"@id":"https:\/\/tuguia.combarranquilla.co\/Revista\/#organization"},"alternateName":"Tu Gu\u00eda Combarranquilla","potentialAction":[{"@type":"SearchAction","target":{"@type":"EntryPoint","urlTemplate":"https:\/\/tuguia.combarranquilla.co\/Revista\/?s={search_term_string}"},"query-input":{"@type":"PropertyValueSpecification","valueRequired":true,"valueName":"search_term_string"}}],"inLanguage":"es-CO"},{"@type":"Organization","@id":"https:\/\/tuguia.combarranquilla.co\/Revista\/#organization","name":"Tu Gu\u00eda Combarranquilla","url":"https:\/\/tuguia.combarranquilla.co\/Revista\/","logo":{"@type":"ImageObject","inLanguage":"es-CO","@id":"https:\/\/tuguia.combarranquilla.co\/Revista\/#\/schema\/logo\/image\/","url":"https:\/\/tuguia.combarranquilla.co\/Revista\/wp-content\/uploads\/2022\/02\/logo-guia-combarranquilla.svg","contentUrl":"https:\/\/tuguia.combarranquilla.co\/Revista\/wp-content\/uploads\/2022\/02\/logo-guia-combarranquilla.svg","caption":"Tu Gu\u00eda Combarranquilla"},"image":{"@id":"https:\/\/tuguia.combarranquilla.co\/Revista\/#\/schema\/logo\/image\/"}},{"@type":"Person","@id":"https:\/\/tuguia.combarranquilla.co\/Revista\/#\/schema\/person\/c2c396a77170bd1d5f8ba73294eb0d10","name":"Comunicaciones Combarranquilla","image":{"@type":"ImageObject","inLanguage":"es-CO","@id":"https:\/\/tuguia.combarranquilla.co\/Revista\/wp-content\/uploads\/2025\/05\/ABC-Al-Rojo-Logo-96x96.jpg","url":"https:\/\/tuguia.combarranquilla.co\/Revista\/wp-content\/uploads\/2025\/05\/ABC-Al-Rojo-Logo-96x96.jpg","contentUrl":"https:\/\/tuguia.combarranquilla.co\/Revista\/wp-content\/uploads\/2025\/05\/ABC-Al-Rojo-Logo-96x96.jpg","caption":"Comunicaciones Combarranquilla"},"sameAs":["https:\/\/www.combarranquilla.co"],"url":"https:\/\/tuguia.combarranquilla.co\/Revista\/author\/comunicaciones\/"}]}},"_links":{"self":[{"href":"https:\/\/tuguia.combarranquilla.co\/Revista\/wp-json\/wp\/v2\/posts\/7560","targetHints":{"allow":["GET"]}}],"collection":[{"href":"https:\/\/tuguia.combarranquilla.co\/Revista\/wp-json\/wp\/v2\/posts"}],"about":[{"href":"https:\/\/tuguia.combarranquilla.co\/Revista\/wp-json\/wp\/v2\/types\/post"}],"author":[{"embeddable":true,"href":"https:\/\/tuguia.combarranquilla.co\/Revista\/wp-json\/wp\/v2\/users\/2"}],"replies":[{"embeddable":true,"href":"https:\/\/tuguia.combarranquilla.co\/Revista\/wp-json\/wp\/v2\/comments?post=7560"}],"version-history":[{"count":7,"href":"https:\/\/tuguia.combarranquilla.co\/Revista\/wp-json\/wp\/v2\/posts\/7560\/revisions"}],"predecessor-version":[{"id":7773,"href":"https:\/\/tuguia.combarranquilla.co\/Revista\/wp-json\/wp\/v2\/posts\/7560\/revisions\/7773"}],"wp:featuredmedia":[{"embeddable":true,"href":"https:\/\/tuguia.combarranquilla.co\/Revista\/wp-json\/wp\/v2\/media\/7610"}],"wp:attachment":[{"href":"https:\/\/tuguia.combarranquilla.co\/Revista\/wp-json\/wp\/v2\/media?parent=7560"}],"wp:term":[{"taxonomy":"category","embeddable":true,"href":"https:\/\/tuguia.combarranquilla.co\/Revista\/wp-json\/wp\/v2\/categories?post=7560"},{"taxonomy":"post_tag","embeddable":true,"href":"https:\/\/tuguia.combarranquilla.co\/Revista\/wp-json\/wp\/v2\/tags?post=7560"}],"curies":[{"name":"wp","href":"https:\/\/api.w.org\/{rel}","templated":true}]}}