{"id":763,"date":"2022-08-09T15:09:00","date_gmt":"2022-08-09T20:09:00","guid":{"rendered":"https:\/\/tuguia.combarranquilla.co\/Revista\/?p=763"},"modified":"2022-12-02T11:24:55","modified_gmt":"2022-12-02T16:24:55","slug":"amor-por-la-ciencia-a-traves-de-los-anos","status":"publish","type":"post","link":"https:\/\/tuguia.combarranquilla.co\/Revista\/amor-por-la-ciencia-a-traves-de-los-anos\/","title":{"rendered":"Amor por la ciencia a trav\u00e9s de los a\u00f1os"},"content":{"rendered":"\n<p>Los centros de ciencia son un medio y espacio de comunicaci\u00f3n y de educaci\u00f3n. Son un lugar de encuentro entre el p\u00fablico y los objetos, donde se dan procesos de construcci\u00f3n de sentido hac\u00eda lo expuesto. Un viaje por el conocimiento donde se busca que ni\u00f1os, ni\u00f1as, j\u00f3venes, maestros y p\u00fablico en general tengan una experiencia que les permita sorprenderse, emocionarse, agradarse, inquietarse a trav\u00e9s de los actividades y salas de exposici\u00f3n.<\/p>\n\n\n\n<p>Combarranquilla cuenta con su propio centro de ciencia llamado Imagenia; el cual es un ejemplo de lo anteriormente mencionado. <\/p>\n\n\n<div class=\"wp-block-image\">\n<figure class=\"aligncenter size-large is-resized\"><img decoding=\"async\" data-src=\"https:\/\/tuguia.combarranquilla.co\/Revista\/wp-content\/uploads\/2022\/09\/GridArt_20220716_145438261-1024x1024.jpg\" alt=\"\" class=\"wp-image-800 lazyload\" width=\"632\" height=\"632\" data-srcset=\"https:\/\/tuguia.combarranquilla.co\/Revista\/wp-content\/uploads\/2022\/09\/GridArt_20220716_145438261-1024x1024.jpg 1024w, https:\/\/tuguia.combarranquilla.co\/Revista\/wp-content\/uploads\/2022\/09\/GridArt_20220716_145438261-300x300.jpg 300w, https:\/\/tuguia.combarranquilla.co\/Revista\/wp-content\/uploads\/2022\/09\/GridArt_20220716_145438261-150x150.jpg 150w, https:\/\/tuguia.combarranquilla.co\/Revista\/wp-content\/uploads\/2022\/09\/GridArt_20220716_145438261-768x768.jpg 768w, https:\/\/tuguia.combarranquilla.co\/Revista\/wp-content\/uploads\/2022\/09\/GridArt_20220716_145438261-1536x1536.jpg 1536w, https:\/\/tuguia.combarranquilla.co\/Revista\/wp-content\/uploads\/2022\/09\/GridArt_20220716_145438261-2048x2048.jpg 2048w\" data-sizes=\"(max-width: 632px) 100vw, 632px\" src=\"data:image\/svg+xml;base64,PHN2ZyB3aWR0aD0iMSIgaGVpZ2h0PSIxIiB4bWxucz0iaHR0cDovL3d3dy53My5vcmcvMjAwMC9zdmciPjwvc3ZnPg==\" style=\"--smush-placeholder-width: 632px; --smush-placeholder-aspect-ratio: 632\/632;\" \/><figcaption class=\"wp-element-caption\"><strong><em>Valeria&nbsp;Isabel Del Castillo Caballero<\/em>. La misma persona en a\u00f1os diferentes.<\/strong><\/figcaption><\/figure><\/div>\n\n\n<p>Esta foto nos muestra c\u00f3mo a pesar del paso del tiempo, la experiencia de disfrutar de la ciencias sigue siendo la misma.<\/p>\n\n\n\n<p><\/p>\n\n\n\n<p>En <em>Imagenia<\/em> &nbsp;encontrar\u00e1s un espacio compuesto por 4 salas tem\u00e1ticas, donde aprender\u00e1n de manera divertida temas relacionados con el clima, las tecnolog\u00edas de informaci\u00f3n y comunicaci\u00f3n y sobre fen\u00f3menos de la naturaleza presentes en nuestra vida diaria. <\/p>\n\n\n\n<p>Los montajes interactivos, personajes y escenograf\u00eda hacen de&nbsp;<em>Imagenia<\/em> el lugar propicio para el aprendizaje bien sea en colectivo familiar o escolar.<\/p>\n\n\n\n<p><\/p>\n\n\n\n<p class=\"has-text-align-center\">\u00a1Te esperamos!<\/p>\n\n\n\n<p><\/p>\n\n\n\n<p><\/p>\n","protected":false},"excerpt":{"rendered":"<p>Los centros de ciencia son un medio y espacio de comunicaci\u00f3n y de educaci\u00f3n. Son un lugar de encuentro entre el p\u00fablico y los objetos, donde se dan procesos de construcci\u00f3n de sentido hac\u00eda lo expuesto. Un viaje por el conocimiento donde se busca que ni\u00f1os, ni\u00f1as, j\u00f3venes, maestros y p\u00fablico en general tengan una [&hellip;]<\/p>\n","protected":false},"author":2,"featured_media":814,"comment_status":"open","ping_status":"open","sticky":false,"template":"","format":"standard","meta":{"inline_featured_image":false,"footnotes":""},"categories":[4],"tags":[],"class_list":["post-763","post","type-post","status-publish","format-standard","has-post-thumbnail","hentry","category-ciencia-y-cultura"],"yoast_head":"<!-- This site is optimized with the Yoast SEO plugin v27.4 - https:\/\/yoast.com\/product\/yoast-seo-wordpress\/ -->\n<title>Amor por la ciencia a trav\u00e9s de los a\u00f1os - Tu Gu\u00eda<\/title>\n<meta name=\"robots\" content=\"index, follow, max-snippet:-1, max-image-preview:large, max-video-preview:-1\" \/>\n<link rel=\"canonical\" href=\"https:\/\/tuguia.combarranquilla.co\/Revista\/amor-por-la-ciencia-a-traves-de-los-anos\/\" \/>\n<meta property=\"og:locale\" content=\"es_ES\" \/>\n<meta property=\"og:type\" content=\"article\" \/>\n<meta property=\"og:title\" content=\"Amor por la ciencia a trav\u00e9s de los a\u00f1os - Tu Gu\u00eda\" \/>\n<meta property=\"og:description\" content=\"Los centros de ciencia son un medio y espacio de comunicaci\u00f3n y de educaci\u00f3n. Son un lugar de encuentro entre el p\u00fablico y los objetos, donde se dan procesos de construcci\u00f3n de sentido hac\u00eda lo expuesto. Un viaje por el conocimiento donde se busca que ni\u00f1os, ni\u00f1as, j\u00f3venes, maestros y p\u00fablico en general tengan una [&hellip;]\" \/>\n<meta property=\"og:url\" content=\"https:\/\/tuguia.combarranquilla.co\/Revista\/amor-por-la-ciencia-a-traves-de-los-anos\/\" \/>\n<meta property=\"og:site_name\" content=\"Tu Gu\u00eda\" \/>\n<meta property=\"article:published_time\" content=\"2022-08-09T20:09:00+00:00\" \/>\n<meta property=\"article:modified_time\" content=\"2022-12-02T16:24:55+00:00\" \/>\n<meta property=\"og:image\" content=\"https:\/\/tuguia.combarranquilla.co\/Revista\/wp-content\/uploads\/2022\/09\/image_6487327-scaled.jpg\" \/>\n\t<meta property=\"og:image:width\" content=\"2560\" \/>\n\t<meta property=\"og:image:height\" content=\"1103\" \/>\n\t<meta property=\"og:image:type\" content=\"image\/jpeg\" \/>\n<meta name=\"author\" content=\"Comunicaciones Combarranquilla\" \/>\n<meta name=\"twitter:card\" content=\"summary_large_image\" \/>\n<meta name=\"twitter:label1\" content=\"Escrito por\" \/>\n\t<meta name=\"twitter:data1\" content=\"Comunicaciones Combarranquilla\" \/>\n\t<meta name=\"twitter:label2\" content=\"Tiempo de lectura\" \/>\n\t<meta name=\"twitter:data2\" content=\"1 minuto\" \/>\n<script type=\"application\/ld+json\" class=\"yoast-schema-graph\">{\"@context\":\"https:\\\/\\\/schema.org\",\"@graph\":[{\"@type\":\"Article\",\"@id\":\"https:\\\/\\\/tuguia.combarranquilla.co\\\/Revista\\\/amor-por-la-ciencia-a-traves-de-los-anos\\\/#article\",\"isPartOf\":{\"@id\":\"https:\\\/\\\/tuguia.combarranquilla.co\\\/Revista\\\/amor-por-la-ciencia-a-traves-de-los-anos\\\/\"},\"author\":{\"name\":\"Comunicaciones Combarranquilla\",\"@id\":\"https:\\\/\\\/tuguia.combarranquilla.co\\\/Revista\\\/#\\\/schema\\\/person\\\/c2c396a77170bd1d5f8ba73294eb0d10\"},\"headline\":\"Amor por la ciencia a trav\u00e9s de los a\u00f1os\",\"datePublished\":\"2022-08-09T20:09:00+00:00\",\"dateModified\":\"2022-12-02T16:24:55+00:00\",\"mainEntityOfPage\":{\"@id\":\"https:\\\/\\\/tuguia.combarranquilla.co\\\/Revista\\\/amor-por-la-ciencia-a-traves-de-los-anos\\\/\"},\"wordCount\":219,\"commentCount\":0,\"publisher\":{\"@id\":\"https:\\\/\\\/tuguia.combarranquilla.co\\\/Revista\\\/#organization\"},\"image\":{\"@id\":\"https:\\\/\\\/tuguia.combarranquilla.co\\\/Revista\\\/amor-por-la-ciencia-a-traves-de-los-anos\\\/#primaryimage\"},\"thumbnailUrl\":\"https:\\\/\\\/tuguia.combarranquilla.co\\\/Revista\\\/wp-content\\\/uploads\\\/2022\\\/09\\\/image_6487327-scaled.jpg\",\"articleSection\":[\"CIENCIA Y CULTURA\"],\"inLanguage\":\"es-CO\",\"potentialAction\":[{\"@type\":\"CommentAction\",\"name\":\"Comment\",\"target\":[\"https:\\\/\\\/tuguia.combarranquilla.co\\\/Revista\\\/amor-por-la-ciencia-a-traves-de-los-anos\\\/#respond\"]}]},{\"@type\":\"WebPage\",\"@id\":\"https:\\\/\\\/tuguia.combarranquilla.co\\\/Revista\\\/amor-por-la-ciencia-a-traves-de-los-anos\\\/\",\"url\":\"https:\\\/\\\/tuguia.combarranquilla.co\\\/Revista\\\/amor-por-la-ciencia-a-traves-de-los-anos\\\/\",\"name\":\"Amor por la ciencia a trav\u00e9s de los a\u00f1os - Tu Gu\u00eda\",\"isPartOf\":{\"@id\":\"https:\\\/\\\/tuguia.combarranquilla.co\\\/Revista\\\/#website\"},\"primaryImageOfPage\":{\"@id\":\"https:\\\/\\\/tuguia.combarranquilla.co\\\/Revista\\\/amor-por-la-ciencia-a-traves-de-los-anos\\\/#primaryimage\"},\"image\":{\"@id\":\"https:\\\/\\\/tuguia.combarranquilla.co\\\/Revista\\\/amor-por-la-ciencia-a-traves-de-los-anos\\\/#primaryimage\"},\"thumbnailUrl\":\"https:\\\/\\\/tuguia.combarranquilla.co\\\/Revista\\\/wp-content\\\/uploads\\\/2022\\\/09\\\/image_6487327-scaled.jpg\",\"datePublished\":\"2022-08-09T20:09:00+00:00\",\"dateModified\":\"2022-12-02T16:24:55+00:00\",\"breadcrumb\":{\"@id\":\"https:\\\/\\\/tuguia.combarranquilla.co\\\/Revista\\\/amor-por-la-ciencia-a-traves-de-los-anos\\\/#breadcrumb\"},\"inLanguage\":\"es-CO\",\"potentialAction\":[{\"@type\":\"ReadAction\",\"target\":[\"https:\\\/\\\/tuguia.combarranquilla.co\\\/Revista\\\/amor-por-la-ciencia-a-traves-de-los-anos\\\/\"]}]},{\"@type\":\"ImageObject\",\"inLanguage\":\"es-CO\",\"@id\":\"https:\\\/\\\/tuguia.combarranquilla.co\\\/Revista\\\/amor-por-la-ciencia-a-traves-de-los-anos\\\/#primaryimage\",\"url\":\"https:\\\/\\\/tuguia.combarranquilla.co\\\/Revista\\\/wp-content\\\/uploads\\\/2022\\\/09\\\/image_6487327-scaled.jpg\",\"contentUrl\":\"https:\\\/\\\/tuguia.combarranquilla.co\\\/Revista\\\/wp-content\\\/uploads\\\/2022\\\/09\\\/image_6487327-scaled.jpg\",\"width\":2560,\"height\":1103},{\"@type\":\"BreadcrumbList\",\"@id\":\"https:\\\/\\\/tuguia.combarranquilla.co\\\/Revista\\\/amor-por-la-ciencia-a-traves-de-los-anos\\\/#breadcrumb\",\"itemListElement\":[{\"@type\":\"ListItem\",\"position\":1,\"name\":\"Inicio\",\"item\":\"https:\\\/\\\/tuguia.combarranquilla.co\\\/Revista\\\/\"},{\"@type\":\"ListItem\",\"position\":2,\"name\":\"Amor por la ciencia a trav\u00e9s de los a\u00f1os\"}]},{\"@type\":\"WebSite\",\"@id\":\"https:\\\/\\\/tuguia.combarranquilla.co\\\/Revista\\\/#website\",\"url\":\"https:\\\/\\\/tuguia.combarranquilla.co\\\/Revista\\\/\",\"name\":\"Tu Gu\u00eda\",\"description\":\"La revista donde lo tienes todo.\",\"publisher\":{\"@id\":\"https:\\\/\\\/tuguia.combarranquilla.co\\\/Revista\\\/#organization\"},\"alternateName\":\"Tu Gu\u00eda Combarranquilla\",\"potentialAction\":[{\"@type\":\"SearchAction\",\"target\":{\"@type\":\"EntryPoint\",\"urlTemplate\":\"https:\\\/\\\/tuguia.combarranquilla.co\\\/Revista\\\/?s={search_term_string}\"},\"query-input\":{\"@type\":\"PropertyValueSpecification\",\"valueRequired\":true,\"valueName\":\"search_term_string\"}}],\"inLanguage\":\"es-CO\"},{\"@type\":\"Organization\",\"@id\":\"https:\\\/\\\/tuguia.combarranquilla.co\\\/Revista\\\/#organization\",\"name\":\"Tu Gu\u00eda Combarranquilla\",\"url\":\"https:\\\/\\\/tuguia.combarranquilla.co\\\/Revista\\\/\",\"logo\":{\"@type\":\"ImageObject\",\"inLanguage\":\"es-CO\",\"@id\":\"https:\\\/\\\/tuguia.combarranquilla.co\\\/Revista\\\/#\\\/schema\\\/logo\\\/image\\\/\",\"url\":\"https:\\\/\\\/tuguia.combarranquilla.co\\\/Revista\\\/wp-content\\\/uploads\\\/2022\\\/02\\\/logo-guia-combarranquilla.svg\",\"contentUrl\":\"https:\\\/\\\/tuguia.combarranquilla.co\\\/Revista\\\/wp-content\\\/uploads\\\/2022\\\/02\\\/logo-guia-combarranquilla.svg\",\"caption\":\"Tu Gu\u00eda Combarranquilla\"},\"image\":{\"@id\":\"https:\\\/\\\/tuguia.combarranquilla.co\\\/Revista\\\/#\\\/schema\\\/logo\\\/image\\\/\"}},{\"@type\":\"Person\",\"@id\":\"https:\\\/\\\/tuguia.combarranquilla.co\\\/Revista\\\/#\\\/schema\\\/person\\\/c2c396a77170bd1d5f8ba73294eb0d10\",\"name\":\"Comunicaciones Combarranquilla\",\"image\":{\"@type\":\"ImageObject\",\"inLanguage\":\"es-CO\",\"@id\":\"https:\\\/\\\/tuguia.combarranquilla.co\\\/Revista\\\/wp-content\\\/uploads\\\/2025\\\/05\\\/ABC-Al-Rojo-Logo-96x96.jpg\",\"url\":\"https:\\\/\\\/tuguia.combarranquilla.co\\\/Revista\\\/wp-content\\\/uploads\\\/2025\\\/05\\\/ABC-Al-Rojo-Logo-96x96.jpg\",\"contentUrl\":\"https:\\\/\\\/tuguia.combarranquilla.co\\\/Revista\\\/wp-content\\\/uploads\\\/2025\\\/05\\\/ABC-Al-Rojo-Logo-96x96.jpg\",\"caption\":\"Comunicaciones Combarranquilla\"},\"sameAs\":[\"https:\\\/\\\/www.combarranquilla.co\"],\"url\":\"https:\\\/\\\/tuguia.combarranquilla.co\\\/Revista\\\/author\\\/comunicaciones\\\/\"}]}<\/script>\n<!-- \/ Yoast SEO plugin. -->","yoast_head_json":{"title":"Amor por la ciencia a trav\u00e9s de los a\u00f1os - Tu Gu\u00eda","robots":{"index":"index","follow":"follow","max-snippet":"max-snippet:-1","max-image-preview":"max-image-preview:large","max-video-preview":"max-video-preview:-1"},"canonical":"https:\/\/tuguia.combarranquilla.co\/Revista\/amor-por-la-ciencia-a-traves-de-los-anos\/","og_locale":"es_ES","og_type":"article","og_title":"Amor por la ciencia a trav\u00e9s de los a\u00f1os - Tu Gu\u00eda","og_description":"Los centros de ciencia son un medio y espacio de comunicaci\u00f3n y de educaci\u00f3n. Son un lugar de encuentro entre el p\u00fablico y los objetos, donde se dan procesos de construcci\u00f3n de sentido hac\u00eda lo expuesto. Un viaje por el conocimiento donde se busca que ni\u00f1os, ni\u00f1as, j\u00f3venes, maestros y p\u00fablico en general tengan una [&hellip;]","og_url":"https:\/\/tuguia.combarranquilla.co\/Revista\/amor-por-la-ciencia-a-traves-de-los-anos\/","og_site_name":"Tu Gu\u00eda","article_published_time":"2022-08-09T20:09:00+00:00","article_modified_time":"2022-12-02T16:24:55+00:00","og_image":[{"width":2560,"height":1103,"url":"https:\/\/tuguia.combarranquilla.co\/Revista\/wp-content\/uploads\/2022\/09\/image_6487327-scaled.jpg","type":"image\/jpeg"}],"author":"Comunicaciones Combarranquilla","twitter_card":"summary_large_image","twitter_misc":{"Escrito por":"Comunicaciones Combarranquilla","Tiempo de lectura":"1 minuto"},"schema":{"@context":"https:\/\/schema.org","@graph":[{"@type":"Article","@id":"https:\/\/tuguia.combarranquilla.co\/Revista\/amor-por-la-ciencia-a-traves-de-los-anos\/#article","isPartOf":{"@id":"https:\/\/tuguia.combarranquilla.co\/Revista\/amor-por-la-ciencia-a-traves-de-los-anos\/"},"author":{"name":"Comunicaciones Combarranquilla","@id":"https:\/\/tuguia.combarranquilla.co\/Revista\/#\/schema\/person\/c2c396a77170bd1d5f8ba73294eb0d10"},"headline":"Amor por la ciencia a trav\u00e9s de los a\u00f1os","datePublished":"2022-08-09T20:09:00+00:00","dateModified":"2022-12-02T16:24:55+00:00","mainEntityOfPage":{"@id":"https:\/\/tuguia.combarranquilla.co\/Revista\/amor-por-la-ciencia-a-traves-de-los-anos\/"},"wordCount":219,"commentCount":0,"publisher":{"@id":"https:\/\/tuguia.combarranquilla.co\/Revista\/#organization"},"image":{"@id":"https:\/\/tuguia.combarranquilla.co\/Revista\/amor-por-la-ciencia-a-traves-de-los-anos\/#primaryimage"},"thumbnailUrl":"https:\/\/tuguia.combarranquilla.co\/Revista\/wp-content\/uploads\/2022\/09\/image_6487327-scaled.jpg","articleSection":["CIENCIA Y CULTURA"],"inLanguage":"es-CO","potentialAction":[{"@type":"CommentAction","name":"Comment","target":["https:\/\/tuguia.combarranquilla.co\/Revista\/amor-por-la-ciencia-a-traves-de-los-anos\/#respond"]}]},{"@type":"WebPage","@id":"https:\/\/tuguia.combarranquilla.co\/Revista\/amor-por-la-ciencia-a-traves-de-los-anos\/","url":"https:\/\/tuguia.combarranquilla.co\/Revista\/amor-por-la-ciencia-a-traves-de-los-anos\/","name":"Amor por la ciencia a trav\u00e9s de los a\u00f1os - Tu Gu\u00eda","isPartOf":{"@id":"https:\/\/tuguia.combarranquilla.co\/Revista\/#website"},"primaryImageOfPage":{"@id":"https:\/\/tuguia.combarranquilla.co\/Revista\/amor-por-la-ciencia-a-traves-de-los-anos\/#primaryimage"},"image":{"@id":"https:\/\/tuguia.combarranquilla.co\/Revista\/amor-por-la-ciencia-a-traves-de-los-anos\/#primaryimage"},"thumbnailUrl":"https:\/\/tuguia.combarranquilla.co\/Revista\/wp-content\/uploads\/2022\/09\/image_6487327-scaled.jpg","datePublished":"2022-08-09T20:09:00+00:00","dateModified":"2022-12-02T16:24:55+00:00","breadcrumb":{"@id":"https:\/\/tuguia.combarranquilla.co\/Revista\/amor-por-la-ciencia-a-traves-de-los-anos\/#breadcrumb"},"inLanguage":"es-CO","potentialAction":[{"@type":"ReadAction","target":["https:\/\/tuguia.combarranquilla.co\/Revista\/amor-por-la-ciencia-a-traves-de-los-anos\/"]}]},{"@type":"ImageObject","inLanguage":"es-CO","@id":"https:\/\/tuguia.combarranquilla.co\/Revista\/amor-por-la-ciencia-a-traves-de-los-anos\/#primaryimage","url":"https:\/\/tuguia.combarranquilla.co\/Revista\/wp-content\/uploads\/2022\/09\/image_6487327-scaled.jpg","contentUrl":"https:\/\/tuguia.combarranquilla.co\/Revista\/wp-content\/uploads\/2022\/09\/image_6487327-scaled.jpg","width":2560,"height":1103},{"@type":"BreadcrumbList","@id":"https:\/\/tuguia.combarranquilla.co\/Revista\/amor-por-la-ciencia-a-traves-de-los-anos\/#breadcrumb","itemListElement":[{"@type":"ListItem","position":1,"name":"Inicio","item":"https:\/\/tuguia.combarranquilla.co\/Revista\/"},{"@type":"ListItem","position":2,"name":"Amor por la ciencia a trav\u00e9s de los a\u00f1os"}]},{"@type":"WebSite","@id":"https:\/\/tuguia.combarranquilla.co\/Revista\/#website","url":"https:\/\/tuguia.combarranquilla.co\/Revista\/","name":"Tu Gu\u00eda","description":"La revista donde lo tienes todo.","publisher":{"@id":"https:\/\/tuguia.combarranquilla.co\/Revista\/#organization"},"alternateName":"Tu Gu\u00eda Combarranquilla","potentialAction":[{"@type":"SearchAction","target":{"@type":"EntryPoint","urlTemplate":"https:\/\/tuguia.combarranquilla.co\/Revista\/?s={search_term_string}"},"query-input":{"@type":"PropertyValueSpecification","valueRequired":true,"valueName":"search_term_string"}}],"inLanguage":"es-CO"},{"@type":"Organization","@id":"https:\/\/tuguia.combarranquilla.co\/Revista\/#organization","name":"Tu Gu\u00eda Combarranquilla","url":"https:\/\/tuguia.combarranquilla.co\/Revista\/","logo":{"@type":"ImageObject","inLanguage":"es-CO","@id":"https:\/\/tuguia.combarranquilla.co\/Revista\/#\/schema\/logo\/image\/","url":"https:\/\/tuguia.combarranquilla.co\/Revista\/wp-content\/uploads\/2022\/02\/logo-guia-combarranquilla.svg","contentUrl":"https:\/\/tuguia.combarranquilla.co\/Revista\/wp-content\/uploads\/2022\/02\/logo-guia-combarranquilla.svg","caption":"Tu Gu\u00eda Combarranquilla"},"image":{"@id":"https:\/\/tuguia.combarranquilla.co\/Revista\/#\/schema\/logo\/image\/"}},{"@type":"Person","@id":"https:\/\/tuguia.combarranquilla.co\/Revista\/#\/schema\/person\/c2c396a77170bd1d5f8ba73294eb0d10","name":"Comunicaciones Combarranquilla","image":{"@type":"ImageObject","inLanguage":"es-CO","@id":"https:\/\/tuguia.combarranquilla.co\/Revista\/wp-content\/uploads\/2025\/05\/ABC-Al-Rojo-Logo-96x96.jpg","url":"https:\/\/tuguia.combarranquilla.co\/Revista\/wp-content\/uploads\/2025\/05\/ABC-Al-Rojo-Logo-96x96.jpg","contentUrl":"https:\/\/tuguia.combarranquilla.co\/Revista\/wp-content\/uploads\/2025\/05\/ABC-Al-Rojo-Logo-96x96.jpg","caption":"Comunicaciones Combarranquilla"},"sameAs":["https:\/\/www.combarranquilla.co"],"url":"https:\/\/tuguia.combarranquilla.co\/Revista\/author\/comunicaciones\/"}]}},"_links":{"self":[{"href":"https:\/\/tuguia.combarranquilla.co\/Revista\/wp-json\/wp\/v2\/posts\/763","targetHints":{"allow":["GET"]}}],"collection":[{"href":"https:\/\/tuguia.combarranquilla.co\/Revista\/wp-json\/wp\/v2\/posts"}],"about":[{"href":"https:\/\/tuguia.combarranquilla.co\/Revista\/wp-json\/wp\/v2\/types\/post"}],"author":[{"embeddable":true,"href":"https:\/\/tuguia.combarranquilla.co\/Revista\/wp-json\/wp\/v2\/users\/2"}],"replies":[{"embeddable":true,"href":"https:\/\/tuguia.combarranquilla.co\/Revista\/wp-json\/wp\/v2\/comments?post=763"}],"version-history":[{"count":7,"href":"https:\/\/tuguia.combarranquilla.co\/Revista\/wp-json\/wp\/v2\/posts\/763\/revisions"}],"predecessor-version":[{"id":1144,"href":"https:\/\/tuguia.combarranquilla.co\/Revista\/wp-json\/wp\/v2\/posts\/763\/revisions\/1144"}],"wp:featuredmedia":[{"embeddable":true,"href":"https:\/\/tuguia.combarranquilla.co\/Revista\/wp-json\/wp\/v2\/media\/814"}],"wp:attachment":[{"href":"https:\/\/tuguia.combarranquilla.co\/Revista\/wp-json\/wp\/v2\/media?parent=763"}],"wp:term":[{"taxonomy":"category","embeddable":true,"href":"https:\/\/tuguia.combarranquilla.co\/Revista\/wp-json\/wp\/v2\/categories?post=763"},{"taxonomy":"post_tag","embeddable":true,"href":"https:\/\/tuguia.combarranquilla.co\/Revista\/wp-json\/wp\/v2\/tags?post=763"}],"curies":[{"name":"wp","href":"https:\/\/api.w.org\/{rel}","templated":true}]}}